{"id":10094,"date":"2016-08-30T23:15:59","date_gmt":"2016-08-30T21:15:59","guid":{"rendered":"http:\/\/www.pomniki-przyrody.pl\/?p=10094"},"modified":"2021-04-04T21:31:34","modified_gmt":"2021-04-04T19:31:34","slug":"pomniki-przyrody-w-gminie-polkowice-dolnoslaskie","status":"publish","type":"post","link":"https:\/\/www.pomniki-przyrody.pl\/?p=10094","title":{"rendered":"Pomniki przyrody w gminie Polkowice (dolno\u015bl\u0105skie)."},"content":{"rendered":"<p><span style=\"color: #ff0000;\">Edytowano 04.04.2021 r<\/span>. Gmina miejsko &#8211; wiejska Polkowice po\u0142o\u017cona jest w p\u00f3\u0142nocnej cz\u0119\u015bci wojew\u00f3dztwa dolno\u015bl\u0105skiego, w powiecie polkowickim. W zasadzie ca\u0142y teren gminy znajduje si\u0119 w zasi\u0119gu eksploatacji rud miedzi, wydobywanych i przerabianych przez KGHM Polska Mied\u017a S.A. W krajobrazie gminy wyr\u00f3\u017cnia si\u0119 silnie uprzemys\u0142owione centrum &#8211; miasto Polkowice, otoczone mozaik\u0105 las\u00f3w (40% pow. gminy) i p\u00f3l uprawnych (43% pow. gminy). Na terenie gminy istniej\u0105 zaledwie 3 pomniki przyrody o\u017cywionej: pojedynczy okaz d\u0119bu szypu\u0142kowego, podw\u00f3jna aleja d\u0119bowa o d\u0142ugo\u015bci 795 m, obejmuj\u0105ca 346 egzemplarzy (w tym 345 d\u0119b\u00f3w szypu\u0142kowych oraz 1 d\u0105b czerwony) oraz grupowy pomnik przyrody o nazwie &#8222;Zadrzewienia \u015br\u00f3dpolne Komorniki \u2013 Trzebcz&#8221;, obejmuj\u0105cy dwie remizy \u015br\u00f3dpolne z 19 okazami d\u0119b\u00f3w. To nietypowa sytuacja w wojew\u00f3dztwie dolno\u015bl\u0105skim gdzie 3 pomniki przyrody obejmuj\u0105 ochron\u0105 a\u017c 366 drzew.<\/p>\n<p>Wspomniany wy\u017cej pojedynczy okaz pomnikowego d\u0119bu ro\u015bnie w kompleksie le\u015bnym (oddz. 115 c) po\u0142o\u017conym na po\u0142udnie od wsi \u017belazny Most (ok. 1,5 km od tartaku, boiska).<\/p>\n<p>GPS N 51\u00b027\u201946.45\u201d , E 16\u00b010\u201925.44\u201d<\/p>\n<p><a href=\"https:\/\/www.pomniki-przyrody.pl\/wp-content\/uploads\/2016\/08\/DSC_6746.jpg\"><img loading=\"lazy\" decoding=\"async\" class=\"aligncenter wp-image-10100 size-full\" title=\"\u017belazny Most - pomnikowy d\u0105b\" src=\"https:\/\/www.pomniki-przyrody.pl\/wp-content\/uploads\/2016\/08\/DSC_6746.jpg\" width=\"598\" height=\"900\" srcset=\"https:\/\/www.pomniki-przyrody.pl\/wp-content\/uploads\/2016\/08\/DSC_6746.jpg 598w, https:\/\/www.pomniki-przyrody.pl\/wp-content\/uploads\/2016\/08\/DSC_6746-199x300.jpg 199w\" sizes=\"auto, (max-width: 598px) 100vw, 598px\" \/><\/a><\/p>\n<p><a href=\"https:\/\/www.pomniki-przyrody.pl\/wp-content\/uploads\/2016\/08\/pomnikowy-d\u0105b-w-gminie-Polkowice.jpg\"><img loading=\"lazy\" decoding=\"async\" class=\"aligncenter wp-image-10112 size-full\" title=\"pomnikowy d\u0105b w gminie Polkowice\" src=\"https:\/\/www.pomniki-przyrody.pl\/wp-content\/uploads\/2016\/08\/pomnikowy-d\u0105b-w-gminie-Polkowice.jpg\" width=\"598\" height=\"900\" srcset=\"https:\/\/www.pomniki-przyrody.pl\/wp-content\/uploads\/2016\/08\/pomnikowy-d\u0105b-w-gminie-Polkowice.jpg 598w, https:\/\/www.pomniki-przyrody.pl\/wp-content\/uploads\/2016\/08\/pomnikowy-d\u0105b-w-gminie-Polkowice-199x300.jpg 199w\" sizes=\"auto, (max-width: 598px) 100vw, 598px\" \/><\/a><a href=\"https:\/\/www.pomniki-przyrody.pl\/wp-content\/uploads\/2016\/08\/pomnikowy-d\u0105b-w-\u017belaznym-Mo\u015bcie.jpg\"><img loading=\"lazy\" decoding=\"async\" class=\"aligncenter wp-image-10113 size-full\" title=\"pomnikowy d\u0105b w \u017belaznym Mo\u015bcie\" src=\"https:\/\/www.pomniki-przyrody.pl\/wp-content\/uploads\/2016\/08\/pomnikowy-d\u0105b-w-\u017belaznym-Mo\u015bcie.jpg\" width=\"632\" height=\"950\" srcset=\"https:\/\/www.pomniki-przyrody.pl\/wp-content\/uploads\/2016\/08\/pomnikowy-d\u0105b-w-\u017belaznym-Mo\u015bcie.jpg 632w, https:\/\/www.pomniki-przyrody.pl\/wp-content\/uploads\/2016\/08\/pomnikowy-d\u0105b-w-\u017belaznym-Mo\u015bcie-200x300.jpg 200w\" sizes=\"auto, (max-width: 632px) 100vw, 632px\" \/><\/a><\/p>\n<p>Drzewo mierzy w obwodzie 360 cm, wysoko\u015b\u0107 d\u0119bu 23 metry, wiek wg danych Nadle\u015bnictwa Lubin 350 lat.<\/p>\n<p><a href=\"https:\/\/www.pomniki-przyrody.pl\/wp-content\/uploads\/2016\/08\/pomnikowy-d\u0105b-las-w-pobli\u017cu-\u017belaznego-Mostu.jpg\"><img loading=\"lazy\" decoding=\"async\" class=\"aligncenter wp-image-10111 size-full\" title=\"pomnikowy d\u0105b - las w pobli\u017cu \u017belaznego Mostu\" src=\"https:\/\/www.pomniki-przyrody.pl\/wp-content\/uploads\/2016\/08\/pomnikowy-d\u0105b-las-w-pobli\u017cu-\u017belaznego-Mostu.jpg\" width=\"598\" height=\"900\" srcset=\"https:\/\/www.pomniki-przyrody.pl\/wp-content\/uploads\/2016\/08\/pomnikowy-d\u0105b-las-w-pobli\u017cu-\u017belaznego-Mostu.jpg 598w, https:\/\/www.pomniki-przyrody.pl\/wp-content\/uploads\/2016\/08\/pomnikowy-d\u0105b-las-w-pobli\u017cu-\u017belaznego-Mostu-199x300.jpg 199w\" sizes=\"auto, (max-width: 598px) 100vw, 598px\" \/><\/a><a href=\"https:\/\/www.pomniki-przyrody.pl\/wp-content\/uploads\/2016\/08\/pie\u0144-pomnikowego-d\u0119bu-w-\u017belaznym-Mo\u015bcie.jpg\"><img loading=\"lazy\" decoding=\"async\" class=\"aligncenter wp-image-10108 size-full\" title=\"pie\u0144 pomnikowego d\u0119bu w \u017belaznym Mo\u015bcie\" src=\"https:\/\/www.pomniki-przyrody.pl\/wp-content\/uploads\/2016\/08\/pie\u0144-pomnikowego-d\u0119bu-w-\u017belaznym-Mo\u015bcie.jpg\" width=\"598\" height=\"900\" srcset=\"https:\/\/www.pomniki-przyrody.pl\/wp-content\/uploads\/2016\/08\/pie\u0144-pomnikowego-d\u0119bu-w-\u017belaznym-Mo\u015bcie.jpg 598w, https:\/\/www.pomniki-przyrody.pl\/wp-content\/uploads\/2016\/08\/pie\u0144-pomnikowego-d\u0119bu-w-\u017belaznym-Mo\u015bcie-199x300.jpg 199w\" sizes=\"auto, (max-width: 598px) 100vw, 598px\" \/><\/a><\/p>\n<p>Unikalna, czterorz\u0119dowa aleja z\u0142o\u017cona g\u0142\u00f3wnie z d\u0119b\u00f3w szypu\u0142kowych, znajduje si\u0119 w Nowym Dworze &#8211; formalnie jest to cz\u0119\u015b\u0107 du\u017cej wsi J\u0119drzych\u00f3w. Do alei prowadz\u0105 drogowskazy, ustawione przy g\u0142\u00f3wnych skrzy\u017cowaniach we wsi.<\/p>\n<p><a href=\"https:\/\/www.pomniki-przyrody.pl\/wp-content\/uploads\/2016\/08\/drogowskaz-do-pomnikowej-alei.jpg\"><img loading=\"lazy\" decoding=\"async\" class=\"aligncenter wp-image-10098 size-full\" title=\"drogowskaz do pomnikowej alei\" src=\"https:\/\/www.pomniki-przyrody.pl\/wp-content\/uploads\/2016\/08\/drogowskaz-do-pomnikowej-alei.jpg\" width=\"800\" height=\"551\" srcset=\"https:\/\/www.pomniki-przyrody.pl\/wp-content\/uploads\/2016\/08\/drogowskaz-do-pomnikowej-alei.jpg 800w, https:\/\/www.pomniki-przyrody.pl\/wp-content\/uploads\/2016\/08\/drogowskaz-do-pomnikowej-alei-300x207.jpg 300w, https:\/\/www.pomniki-przyrody.pl\/wp-content\/uploads\/2016\/08\/drogowskaz-do-pomnikowej-alei-768x529.jpg 768w, https:\/\/www.pomniki-przyrody.pl\/wp-content\/uploads\/2016\/08\/drogowskaz-do-pomnikowej-alei-436x300.jpg 436w\" sizes=\"auto, (max-width: 800px) 100vw, 800px\" \/><\/a><\/p>\n<p>Lokalizacj\u0119 alei najlepiej oddaje mapka, b\u0119d\u0105ca fragmentem tablicy usytuowanej na pocz\u0105tku i ko\u0144cu alei.<\/p>\n<p><a href=\"https:\/\/www.pomniki-przyrody.pl\/wp-content\/uploads\/2016\/08\/mapa-przebiegu-pomnikowej-alei.jpg\"><img loading=\"lazy\" decoding=\"async\" class=\"aligncenter wp-image-10105 size-full\" title=\"mapa przebiegu pomnikowej alei\" src=\"https:\/\/www.pomniki-przyrody.pl\/wp-content\/uploads\/2016\/08\/mapa-przebiegu-pomnikowej-alei.jpg\" width=\"900\" height=\"598\" srcset=\"https:\/\/www.pomniki-przyrody.pl\/wp-content\/uploads\/2016\/08\/mapa-przebiegu-pomnikowej-alei.jpg 900w, https:\/\/www.pomniki-przyrody.pl\/wp-content\/uploads\/2016\/08\/mapa-przebiegu-pomnikowej-alei-300x199.jpg 300w, https:\/\/www.pomniki-przyrody.pl\/wp-content\/uploads\/2016\/08\/mapa-przebiegu-pomnikowej-alei-768x510.jpg 768w, https:\/\/www.pomniki-przyrody.pl\/wp-content\/uploads\/2016\/08\/mapa-przebiegu-pomnikowej-alei-452x300.jpg 452w\" sizes=\"auto, (max-width: 900px) 100vw, 900px\" \/><\/a><\/p>\n<p>Pocz\u0105tek alei znajduje si\u0119 na skraju parku otaczaj\u0105cego pa\u0142ac w Nowym Dworze.<\/p>\n<p><a href=\"https:\/\/www.pomniki-przyrody.pl\/wp-content\/uploads\/2016\/08\/pa\u0142ac-w-Nowym-Dworze.jpg\"><img loading=\"lazy\" decoding=\"async\" class=\"aligncenter wp-image-10107 size-full\" title=\"pa\u0142ac w Nowym Dworze\" src=\"https:\/\/www.pomniki-przyrody.pl\/wp-content\/uploads\/2016\/08\/pa\u0142ac-w-Nowym-Dworze.jpg\" width=\"900\" height=\"598\" srcset=\"https:\/\/www.pomniki-przyrody.pl\/wp-content\/uploads\/2016\/08\/pa\u0142ac-w-Nowym-Dworze.jpg 900w, https:\/\/www.pomniki-przyrody.pl\/wp-content\/uploads\/2016\/08\/pa\u0142ac-w-Nowym-Dworze-300x199.jpg 300w, https:\/\/www.pomniki-przyrody.pl\/wp-content\/uploads\/2016\/08\/pa\u0142ac-w-Nowym-Dworze-768x510.jpg 768w, https:\/\/www.pomniki-przyrody.pl\/wp-content\/uploads\/2016\/08\/pa\u0142ac-w-Nowym-Dworze-452x300.jpg 452w\" sizes=\"auto, (max-width: 900px) 100vw, 900px\" \/><\/a><\/p>\n<p>Na ustawionych tablicach bardzo szczeg\u00f3\u0142owo opisano ten pomnik przyrody.<\/p>\n<p><a href=\"https:\/\/www.pomniki-przyrody.pl\/wp-content\/uploads\/2016\/08\/tablice-na-pocz\u0105tku-pomnikowej-alei.jpg\"><img loading=\"lazy\" decoding=\"async\" class=\"aligncenter wp-image-10115 size-full\" title=\"tablice na pocz\u0105tku pomnikowej alei\" src=\"https:\/\/www.pomniki-przyrody.pl\/wp-content\/uploads\/2016\/08\/tablice-na-pocz\u0105tku-pomnikowej-alei.jpg\" width=\"1000\" height=\"662\" srcset=\"https:\/\/www.pomniki-przyrody.pl\/wp-content\/uploads\/2016\/08\/tablice-na-pocz\u0105tku-pomnikowej-alei.jpg 1000w, https:\/\/www.pomniki-przyrody.pl\/wp-content\/uploads\/2016\/08\/tablice-na-pocz\u0105tku-pomnikowej-alei-300x199.jpg 300w, https:\/\/www.pomniki-przyrody.pl\/wp-content\/uploads\/2016\/08\/tablice-na-pocz\u0105tku-pomnikowej-alei-768x508.jpg 768w, https:\/\/www.pomniki-przyrody.pl\/wp-content\/uploads\/2016\/08\/tablice-na-pocz\u0105tku-pomnikowej-alei-453x300.jpg 453w\" sizes=\"auto, (max-width: 1000px) 100vw, 1000px\" \/><\/a><a href=\"https:\/\/www.pomniki-przyrody.pl\/wp-content\/uploads\/2016\/08\/tablica-przy-pomnikowej-alei.jpg\"><img loading=\"lazy\" decoding=\"async\" class=\"aligncenter wp-image-10114 size-full\" title=\"tablica przy pomnikowej alei\" src=\"https:\/\/www.pomniki-przyrody.pl\/wp-content\/uploads\/2016\/08\/tablica-przy-pomnikowej-alei.jpg\" width=\"1200\" height=\"798\" srcset=\"https:\/\/www.pomniki-przyrody.pl\/wp-content\/uploads\/2016\/08\/tablica-przy-pomnikowej-alei.jpg 1200w, https:\/\/www.pomniki-przyrody.pl\/wp-content\/uploads\/2016\/08\/tablica-przy-pomnikowej-alei-300x200.jpg 300w, https:\/\/www.pomniki-przyrody.pl\/wp-content\/uploads\/2016\/08\/tablica-przy-pomnikowej-alei-768x511.jpg 768w, https:\/\/www.pomniki-przyrody.pl\/wp-content\/uploads\/2016\/08\/tablica-przy-pomnikowej-alei-1024x681.jpg 1024w, https:\/\/www.pomniki-przyrody.pl\/wp-content\/uploads\/2016\/08\/tablica-przy-pomnikowej-alei-451x300.jpg 451w\" sizes=\"auto, (max-width: 1200px) 100vw, 1200px\" \/><\/a><a href=\"https:\/\/www.pomniki-przyrody.pl\/wp-content\/uploads\/2016\/08\/fragment-tablicy-przy-pomnikowej-alei.jpg\"><img loading=\"lazy\" decoding=\"async\" class=\"aligncenter wp-image-10103 size-full\" title=\"fragment tablicy przy pomnikowej alei\" src=\"https:\/\/www.pomniki-przyrody.pl\/wp-content\/uploads\/2016\/08\/fragment-tablicy-przy-pomnikowej-alei.jpg\" width=\"665\" height=\"1000\" srcset=\"https:\/\/www.pomniki-przyrody.pl\/wp-content\/uploads\/2016\/08\/fragment-tablicy-przy-pomnikowej-alei.jpg 665w, https:\/\/www.pomniki-przyrody.pl\/wp-content\/uploads\/2016\/08\/fragment-tablicy-przy-pomnikowej-alei-200x300.jpg 200w\" sizes=\"auto, (max-width: 665px) 100vw, 665px\" \/><\/a><a href=\"https:\/\/www.pomniki-przyrody.pl\/wp-content\/uploads\/2016\/08\/opis-pomnikowej-alei-w-J\u0119drzychowie.jpg\"><img loading=\"lazy\" decoding=\"async\" class=\"aligncenter wp-image-10106 size-full\" title=\"opis pomnikowej alei w J\u0119drzychowie\" src=\"https:\/\/www.pomniki-przyrody.pl\/wp-content\/uploads\/2016\/08\/opis-pomnikowej-alei-w-J\u0119drzychowie.jpg\" width=\"900\" height=\"598\" srcset=\"https:\/\/www.pomniki-przyrody.pl\/wp-content\/uploads\/2016\/08\/opis-pomnikowej-alei-w-J\u0119drzychowie.jpg 900w, https:\/\/www.pomniki-przyrody.pl\/wp-content\/uploads\/2016\/08\/opis-pomnikowej-alei-w-J\u0119drzychowie-300x199.jpg 300w, https:\/\/www.pomniki-przyrody.pl\/wp-content\/uploads\/2016\/08\/opis-pomnikowej-alei-w-J\u0119drzychowie-768x510.jpg 768w, https:\/\/www.pomniki-przyrody.pl\/wp-content\/uploads\/2016\/08\/opis-pomnikowej-alei-w-J\u0119drzychowie-452x300.jpg 452w\" sizes=\"auto, (max-width: 900px) 100vw, 900px\" \/><\/a><\/p>\n<p>Przedmiotem ochrony jest podw\u00f3jna, czterorz\u0119dowa aleja o d\u0142ugo\u015bci 795 m, z\u0142o\u017cona z 345 d\u0119b\u00f3w szypu\u0142kowych oraz jednego d\u0119bu czerwonego. Obw\u00f3d drzew mie\u015bci si\u0119 w przedziale 80 &#8211; 306 cm, wysoko\u015b\u0107 17 &#8211; 27 m.<\/p>\n<p><a href=\"https:\/\/www.pomniki-przyrody.pl\/wp-content\/uploads\/2016\/08\/pomnikowa-aleja-w-J\u0119drzychowie.jpg\"><img loading=\"lazy\" decoding=\"async\" class=\"aligncenter wp-image-10110 size-full\" title=\"pomnikowa aleja w J\u0119drzychowie\" src=\"https:\/\/www.pomniki-przyrody.pl\/wp-content\/uploads\/2016\/08\/pomnikowa-aleja-w-J\u0119drzychowie.jpg\" width=\"950\" height=\"629\" srcset=\"https:\/\/www.pomniki-przyrody.pl\/wp-content\/uploads\/2016\/08\/pomnikowa-aleja-w-J\u0119drzychowie.jpg 950w, https:\/\/www.pomniki-przyrody.pl\/wp-content\/uploads\/2016\/08\/pomnikowa-aleja-w-J\u0119drzychowie-300x199.jpg 300w, https:\/\/www.pomniki-przyrody.pl\/wp-content\/uploads\/2016\/08\/pomnikowa-aleja-w-J\u0119drzychowie-768x508.jpg 768w, https:\/\/www.pomniki-przyrody.pl\/wp-content\/uploads\/2016\/08\/pomnikowa-aleja-w-J\u0119drzychowie-453x300.jpg 453w\" sizes=\"auto, (max-width: 950px) 100vw, 950px\" \/><\/a><a href=\"https:\/\/www.pomniki-przyrody.pl\/wp-content\/uploads\/2016\/08\/pomnikowa-aleja-w-J\u0119drzychowie-Nowym-Dworze.jpg\"><img loading=\"lazy\" decoding=\"async\" class=\"aligncenter wp-image-10109 size-full\" title=\"pomnikowa aleja w J\u0119drzychowie - Nowym Dworze\" src=\"https:\/\/www.pomniki-przyrody.pl\/wp-content\/uploads\/2016\/08\/pomnikowa-aleja-w-J\u0119drzychowie-Nowym-Dworze.jpg\" width=\"950\" height=\"629\" srcset=\"https:\/\/www.pomniki-przyrody.pl\/wp-content\/uploads\/2016\/08\/pomnikowa-aleja-w-J\u0119drzychowie-Nowym-Dworze.jpg 950w, https:\/\/www.pomniki-przyrody.pl\/wp-content\/uploads\/2016\/08\/pomnikowa-aleja-w-J\u0119drzychowie-Nowym-Dworze-300x199.jpg 300w, https:\/\/www.pomniki-przyrody.pl\/wp-content\/uploads\/2016\/08\/pomnikowa-aleja-w-J\u0119drzychowie-Nowym-Dworze-768x508.jpg 768w, https:\/\/www.pomniki-przyrody.pl\/wp-content\/uploads\/2016\/08\/pomnikowa-aleja-w-J\u0119drzychowie-Nowym-Dworze-453x300.jpg 453w\" sizes=\"auto, (max-width: 950px) 100vw, 950px\" \/><\/a><a href=\"https:\/\/www.pomniki-przyrody.pl\/wp-content\/uploads\/2016\/08\/fragment-pomnikowej-alei-w-J\u0119drzychowie.jpg\"><img loading=\"lazy\" decoding=\"async\" class=\"aligncenter wp-image-10102 size-full\" title=\"fragment pomnikowej alei w J\u0119drzychowie\" src=\"https:\/\/www.pomniki-przyrody.pl\/wp-content\/uploads\/2016\/08\/fragment-pomnikowej-alei-w-J\u0119drzychowie.jpg\" width=\"900\" height=\"598\" srcset=\"https:\/\/www.pomniki-przyrody.pl\/wp-content\/uploads\/2016\/08\/fragment-pomnikowej-alei-w-J\u0119drzychowie.jpg 900w, https:\/\/www.pomniki-przyrody.pl\/wp-content\/uploads\/2016\/08\/fragment-pomnikowej-alei-w-J\u0119drzychowie-300x199.jpg 300w, https:\/\/www.pomniki-przyrody.pl\/wp-content\/uploads\/2016\/08\/fragment-pomnikowej-alei-w-J\u0119drzychowie-768x510.jpg 768w, https:\/\/www.pomniki-przyrody.pl\/wp-content\/uploads\/2016\/08\/fragment-pomnikowej-alei-w-J\u0119drzychowie-452x300.jpg 452w\" sizes=\"auto, (max-width: 900px) 100vw, 900px\" \/><\/a><a href=\"https:\/\/www.pomniki-przyrody.pl\/wp-content\/uploads\/2016\/08\/fragment-alei-d\u0119bowej-w-Nowym-Dworze.jpg\"><img loading=\"lazy\" decoding=\"async\" class=\"aligncenter wp-image-10101 size-full\" title=\"fragment alei d\u0119bowej w Nowym Dworze\" src=\"https:\/\/www.pomniki-przyrody.pl\/wp-content\/uploads\/2016\/08\/fragment-alei-d\u0119bowej-w-Nowym-Dworze.jpg\" width=\"900\" height=\"598\" srcset=\"https:\/\/www.pomniki-przyrody.pl\/wp-content\/uploads\/2016\/08\/fragment-alei-d\u0119bowej-w-Nowym-Dworze.jpg 900w, https:\/\/www.pomniki-przyrody.pl\/wp-content\/uploads\/2016\/08\/fragment-alei-d\u0119bowej-w-Nowym-Dworze-300x199.jpg 300w, https:\/\/www.pomniki-przyrody.pl\/wp-content\/uploads\/2016\/08\/fragment-alei-d\u0119bowej-w-Nowym-Dworze-768x510.jpg 768w, https:\/\/www.pomniki-przyrody.pl\/wp-content\/uploads\/2016\/08\/fragment-alei-d\u0119bowej-w-Nowym-Dworze-452x300.jpg 452w\" sizes=\"auto, (max-width: 900px) 100vw, 900px\" \/><\/a><a href=\"https:\/\/www.pomniki-przyrody.pl\/wp-content\/uploads\/2016\/08\/czterorz\u0119dowa-aleja-w-J\u0119drzychowie.jpg\"><img loading=\"lazy\" decoding=\"async\" class=\"aligncenter wp-image-10097 size-full\" title=\"czterorz\u0119dowa aleja w J\u0119drzychowie\" src=\"https:\/\/www.pomniki-przyrody.pl\/wp-content\/uploads\/2016\/08\/czterorz\u0119dowa-aleja-w-J\u0119drzychowie.jpg\" width=\"950\" height=\"629\" srcset=\"https:\/\/www.pomniki-przyrody.pl\/wp-content\/uploads\/2016\/08\/czterorz\u0119dowa-aleja-w-J\u0119drzychowie.jpg 950w, https:\/\/www.pomniki-przyrody.pl\/wp-content\/uploads\/2016\/08\/czterorz\u0119dowa-aleja-w-J\u0119drzychowie-300x199.jpg 300w, https:\/\/www.pomniki-przyrody.pl\/wp-content\/uploads\/2016\/08\/czterorz\u0119dowa-aleja-w-J\u0119drzychowie-768x508.jpg 768w, https:\/\/www.pomniki-przyrody.pl\/wp-content\/uploads\/2016\/08\/czterorz\u0119dowa-aleja-w-J\u0119drzychowie-453x300.jpg 453w\" sizes=\"auto, (max-width: 950px) 100vw, 950px\" \/><\/a><a href=\"https:\/\/www.pomniki-przyrody.pl\/wp-content\/uploads\/2016\/08\/aleja-d\u0119bowa-w-Nowym-Dworze.jpg\"><img loading=\"lazy\" decoding=\"async\" class=\"aligncenter wp-image-10096 size-full\" title=\"aleja d\u0119bowa w Nowym Dworze\" src=\"https:\/\/www.pomniki-przyrody.pl\/wp-content\/uploads\/2016\/08\/aleja-d\u0119bowa-w-Nowym-Dworze.jpg\" width=\"629\" height=\"814\" srcset=\"https:\/\/www.pomniki-przyrody.pl\/wp-content\/uploads\/2016\/08\/aleja-d\u0119bowa-w-Nowym-Dworze.jpg 629w, https:\/\/www.pomniki-przyrody.pl\/wp-content\/uploads\/2016\/08\/aleja-d\u0119bowa-w-Nowym-Dworze-232x300.jpg 232w\" sizes=\"auto, (max-width: 629px) 100vw, 629px\" \/><\/a><a href=\"https:\/\/www.pomniki-przyrody.pl\/wp-content\/uploads\/2016\/08\/aleja-d\u0119bowa-w-J\u0119drzychowie.jpg\"><img loading=\"lazy\" decoding=\"async\" class=\"aligncenter wp-image-10095 size-full\" title=\"aleja d\u0119bowa w J\u0119drzychowie\" src=\"https:\/\/www.pomniki-przyrody.pl\/wp-content\/uploads\/2016\/08\/aleja-d\u0119bowa-w-J\u0119drzychowie.jpg\" width=\"950\" height=\"629\" srcset=\"https:\/\/www.pomniki-przyrody.pl\/wp-content\/uploads\/2016\/08\/aleja-d\u0119bowa-w-J\u0119drzychowie.jpg 950w, https:\/\/www.pomniki-przyrody.pl\/wp-content\/uploads\/2016\/08\/aleja-d\u0119bowa-w-J\u0119drzychowie-300x199.jpg 300w, https:\/\/www.pomniki-przyrody.pl\/wp-content\/uploads\/2016\/08\/aleja-d\u0119bowa-w-J\u0119drzychowie-768x508.jpg 768w, https:\/\/www.pomniki-przyrody.pl\/wp-content\/uploads\/2016\/08\/aleja-d\u0119bowa-w-J\u0119drzychowie-453x300.jpg 453w\" sizes=\"auto, (max-width: 950px) 100vw, 950px\" \/><\/a><\/p>\n<p>Koniec alei styka si\u0119 z granic\u0105 lasu. Tu znajduje si\u0119 ambona my\u015bliwska oraz tablice informacyjne o tre\u015bci identycznej jak na pocz\u0105tku.<\/p>\n<p><a href=\"https:\/\/www.pomniki-przyrody.pl\/wp-content\/uploads\/2016\/08\/koniec-pomnikowej-alei-w-Nowym-Dworze.jpg\"><img loading=\"lazy\" decoding=\"async\" class=\"aligncenter wp-image-10104 size-full\" title=\"koniec pomnikowej alei w Nowym Dworze\" src=\"https:\/\/www.pomniki-przyrody.pl\/wp-content\/uploads\/2016\/08\/koniec-pomnikowej-alei-w-Nowym-Dworze.jpg\" width=\"661\" height=\"950\" srcset=\"https:\/\/www.pomniki-przyrody.pl\/wp-content\/uploads\/2016\/08\/koniec-pomnikowej-alei-w-Nowym-Dworze.jpg 661w, https:\/\/www.pomniki-przyrody.pl\/wp-content\/uploads\/2016\/08\/koniec-pomnikowej-alei-w-Nowym-Dworze-209x300.jpg 209w\" sizes=\"auto, (max-width: 661px) 100vw, 661px\" \/><\/a><\/p>\n<p>Trzecim pomnikiem przyrody w gminie Polkowice powo\u0142anym 27 sierpnia 2019 r. s\u0105 dwie grupy (12 + 7) okaza\u0142ych d\u0119b\u00f3w szypu\u0142kowych o nazwie &#8222;Zadrzewienia \u015br\u00f3dpolne Komorniki \u2013 Trzebcz&#8221;. W nazwie pomnika przyrody zawiera si\u0119 jego lokalizacja.\u00a0<\/p>\n<p><a href=\"https:\/\/www.pomniki-przyrody.pl\/wp-content\/uploads\/2021\/04\/tablice-w-poblizu-pomnika-przyrody.jpg\"><img loading=\"lazy\" decoding=\"async\" class=\"aligncenter wp-image-15540 size-full\" title=\"tablice w pobli\u017cu pomnika przyrody\" src=\"https:\/\/www.pomniki-przyrody.pl\/wp-content\/uploads\/2021\/04\/tablice-w-poblizu-pomnika-przyrody.jpg\" alt=\"tablice w pobli\u017cu pomnika przyrody\" width=\"1000\" height=\"665\" srcset=\"https:\/\/www.pomniki-przyrody.pl\/wp-content\/uploads\/2021\/04\/tablice-w-poblizu-pomnika-przyrody.jpg 1000w, https:\/\/www.pomniki-przyrody.pl\/wp-content\/uploads\/2021\/04\/tablice-w-poblizu-pomnika-przyrody-300x200.jpg 300w, https:\/\/www.pomniki-przyrody.pl\/wp-content\/uploads\/2021\/04\/tablice-w-poblizu-pomnika-przyrody-768x511.jpg 768w, https:\/\/www.pomniki-przyrody.pl\/wp-content\/uploads\/2021\/04\/tablice-w-poblizu-pomnika-przyrody-451x300.jpg 451w\" sizes=\"auto, (max-width: 1000px) 100vw, 1000px\" \/><\/a><a href=\"https:\/\/www.pomniki-przyrody.pl\/wp-content\/uploads\/2021\/04\/Zadrzewienia-srodpolne-grupa-drzew-nr-1.jpg\"><img loading=\"lazy\" decoding=\"async\" class=\"aligncenter wp-image-15541 size-full\" title=\"Zadrzewienia \u015br\u00f3dpolne - grupa drzew nr 1\" src=\"https:\/\/www.pomniki-przyrody.pl\/wp-content\/uploads\/2021\/04\/Zadrzewienia-srodpolne-grupa-drzew-nr-1.jpg\" alt=\"Zadrzewienia \u015br\u00f3dpolne - grupa drzew nr 1\" width=\"800\" height=\"532\" srcset=\"https:\/\/www.pomniki-przyrody.pl\/wp-content\/uploads\/2021\/04\/Zadrzewienia-srodpolne-grupa-drzew-nr-1.jpg 800w, https:\/\/www.pomniki-przyrody.pl\/wp-content\/uploads\/2021\/04\/Zadrzewienia-srodpolne-grupa-drzew-nr-1-300x200.jpg 300w, https:\/\/www.pomniki-przyrody.pl\/wp-content\/uploads\/2021\/04\/Zadrzewienia-srodpolne-grupa-drzew-nr-1-768x511.jpg 768w, https:\/\/www.pomniki-przyrody.pl\/wp-content\/uploads\/2021\/04\/Zadrzewienia-srodpolne-grupa-drzew-nr-1-451x300.jpg 451w\" sizes=\"auto, (max-width: 800px) 100vw, 800px\" \/><\/a><a href=\"https:\/\/www.pomniki-przyrody.pl\/wp-content\/uploads\/2021\/04\/Zadrzewienia-srodpolne-widok-grupy-nr-2-od-wschodu.jpg\"><img loading=\"lazy\" decoding=\"async\" class=\"aligncenter wp-image-15545 size-full\" title=\"Zadrzewienia \u015br\u00f3dpolne - widok grupy nr 2 od wschodu\" src=\"https:\/\/www.pomniki-przyrody.pl\/wp-content\/uploads\/2021\/04\/Zadrzewienia-srodpolne-widok-grupy-nr-2-od-wschodu.jpg\" alt=\"Zadrzewienia \u015br\u00f3dpolne - widok grupy nr 2 od wschodu\" width=\"800\" height=\"532\" srcset=\"https:\/\/www.pomniki-przyrody.pl\/wp-content\/uploads\/2021\/04\/Zadrzewienia-srodpolne-widok-grupy-nr-2-od-wschodu.jpg 800w, https:\/\/www.pomniki-przyrody.pl\/wp-content\/uploads\/2021\/04\/Zadrzewienia-srodpolne-widok-grupy-nr-2-od-wschodu-300x200.jpg 300w, https:\/\/www.pomniki-przyrody.pl\/wp-content\/uploads\/2021\/04\/Zadrzewienia-srodpolne-widok-grupy-nr-2-od-wschodu-768x511.jpg 768w, https:\/\/www.pomniki-przyrody.pl\/wp-content\/uploads\/2021\/04\/Zadrzewienia-srodpolne-widok-grupy-nr-2-od-wschodu-451x300.jpg 451w\" sizes=\"auto, (max-width: 800px) 100vw, 800px\" \/><\/a><\/p>\n<p>Dok\u0142adny opis oraz wi\u0119cej zdj\u0119\u0107 znajduje si\u0119 w artykule &#8222;<a href=\"https:\/\/www.pomniki-przyrody.pl\/?p=15521\"><span style=\"color: #0000ff;\">Zadrzewienia \u015br\u00f3dpolne Komorniki \u2013 Trzebcz<\/span><\/a>&#8222;.<\/p>\n","protected":false},"excerpt":{"rendered":"<p>Edytowano 04.04.2021 r. Gmina miejsko &#8211; wiejska Polkowice po\u0142o\u017cona jest w p\u00f3\u0142nocnej cz\u0119\u015bci wojew\u00f3dztwa dolno\u015bl\u0105skiego, w powiecie polkowickim. W zasadzie ca\u0142y teren gminy znajduje si\u0119 w zasi\u0119gu eksploatacji rud miedzi, wydobywanych i przerabianych przez KGHM Polska Mied\u017a S.A. W krajobrazie &hellip; <a href=\"https:\/\/www.pomniki-przyrody.pl\/?p=10094\">Czytaj dalej <span class=\"meta-nav\">&rarr;<\/span><\/a><\/p>\n","protected":false},"author":2,"featured_media":0,"comment_status":"open","ping_status":"open","sticky":false,"template":"","format":"standard","meta":{"footnotes":""},"categories":[1],"tags":[43,1398,1400,354,667,1399],"class_list":["post-10094","post","type-post","status-publish","format-standard","hentry","category-przyroda-ozywiona","tag-aleja-debowa","tag-gmina-polkowice","tag-jedrzychow","tag-nowy-dwor","tag-pomnikowy-dab","tag-zelazny-most"],"_links":{"self":[{"href":"https:\/\/www.pomniki-przyrody.pl\/index.php?rest_route=\/wp\/v2\/posts\/10094","targetHints":{"allow":["GET"]}}],"collection":[{"href":"https:\/\/www.pomniki-przyrody.pl\/index.php?rest_route=\/wp\/v2\/posts"}],"about":[{"href":"https:\/\/www.pomniki-przyrody.pl\/index.php?rest_route=\/wp\/v2\/types\/post"}],"author":[{"embeddable":true,"href":"https:\/\/www.pomniki-przyrody.pl\/index.php?rest_route=\/wp\/v2\/users\/2"}],"replies":[{"embeddable":true,"href":"https:\/\/www.pomniki-przyrody.pl\/index.php?rest_route=%2Fwp%2Fv2%2Fcomments&post=10094"}],"version-history":[{"count":7,"href":"https:\/\/www.pomniki-przyrody.pl\/index.php?rest_route=\/wp\/v2\/posts\/10094\/revisions"}],"predecessor-version":[{"id":15554,"href":"https:\/\/www.pomniki-przyrody.pl\/index.php?rest_route=\/wp\/v2\/posts\/10094\/revisions\/15554"}],"wp:attachment":[{"href":"https:\/\/www.pomniki-przyrody.pl\/index.php?rest_route=%2Fwp%2Fv2%2Fmedia&parent=10094"}],"wp:term":[{"taxonomy":"category","embeddable":true,"href":"https:\/\/www.pomniki-przyrody.pl\/index.php?rest_route=%2Fwp%2Fv2%2Fcategories&post=10094"},{"taxonomy":"post_tag","embeddable":true,"href":"https:\/\/www.pomniki-przyrody.pl\/index.php?rest_route=%2Fwp%2Fv2%2Ftags&post=10094"}],"curies":[{"name":"wp","href":"https:\/\/api.w.org\/{rel}","templated":true}]}}