{"id":10313,"date":"2016-11-11T19:28:15","date_gmt":"2016-11-11T18:28:15","guid":{"rendered":"http:\/\/www.pomniki-przyrody.pl\/?p=10313"},"modified":"2016-11-11T19:35:49","modified_gmt":"2016-11-11T18:35:49","slug":"dab-wolnosci-w-wielgomlynach-pow-radomszczanski-lodzkie","status":"publish","type":"post","link":"https:\/\/www.pomniki-przyrody.pl\/?p=10313","title":{"rendered":"&#8222;D\u0105b Wolno\u015bci&#8221; w Wielgom\u0142ynach (pow. radomszcza\u0144ski, \u0142\u00f3dzkie)."},"content":{"rendered":"<p>11 listopada 1918 r. to dzie\u0144 kt\u00f3ry dzisiaj przyjmujemy za symboliczn\u0105 dat\u0119 odzyskania niepodleg\u0142o\u015bci przez Polak\u00f3w. Dzi\u0119ki sprzyjaj\u0105cej sytuacji politycznej Polska, po 123 latach zabor\u00f3w, mog\u0142a ponownie zaistnie\u0107 na mapie Europy. Rado\u015b\u0107 zwi\u0105zana z narodzeniem II Rzeczpospolitej objawia\u0142a si\u0119 na wiele sposob\u00f3w, m.in. modne sta\u0142o si\u0119 w\u00f3wczas sadzenie d\u0119b\u00f3w, zwanych &#8222;D\u0119bami Wolno\u015bci&#8221; lub &#8222;Niepodleg\u0142o\u015bci&#8221;, jako symbolu si\u0142y i d\u0142ugowieczno\u015bci. Te znamienne drzewa sadzono r\u00f3wnie\u017c w kolejnych latach po 1918 r., a w szczeg\u00f3lno\u015bci w 1928 r. &#8211; w 10 rocznic\u0119 listopadowych wydarze\u0144. W Wielgom\u0142ynach nie posadzono jednak d\u0119bu, przy tutejszym klasztorze r\u00f3s\u0142 od stuleci wspania\u0142y okaz, godny tego by sta\u0107 si\u0119 symbolem odrodzonej Polski. 11.XI.1928 r. nazwano go uroczy\u015bcie &#8222;D\u0119bem Wolno\u015bci&#8221;, o czym \u015bwiadczy wmurowana w ogrodzenie ko\u015bcio\u0142a tablica.<\/p>\n<p><a href=\"https:\/\/www.pomniki-przyrody.pl\/wp-content\/uploads\/2016\/10\/pami\u0105tkowy-medalion-na-ogrodzeniu-ko\u015bcio\u0142a-w-Wielgom\u0142ynach.jpg\"><img loading=\"lazy\" decoding=\"async\" class=\"aligncenter wp-image-10318 size-full\" title=\"pami\u0105tkowy medalion na ogrodzeniu ko\u015bcio\u0142a w Wielgomlynach\" src=\"https:\/\/www.pomniki-przyrody.pl\/wp-content\/uploads\/2016\/10\/pami\u0105tkowy-medalion-na-ogrodzeniu-ko\u015bcio\u0142a-w-Wielgom\u0142ynach.jpg\" width=\"900\" height=\"596\" srcset=\"https:\/\/www.pomniki-przyrody.pl\/wp-content\/uploads\/2016\/10\/pami\u0105tkowy-medalion-na-ogrodzeniu-ko\u015bcio\u0142a-w-Wielgom\u0142ynach.jpg 900w, https:\/\/www.pomniki-przyrody.pl\/wp-content\/uploads\/2016\/10\/pami\u0105tkowy-medalion-na-ogrodzeniu-ko\u015bcio\u0142a-w-Wielgom\u0142ynach-300x199.jpg 300w, https:\/\/www.pomniki-przyrody.pl\/wp-content\/uploads\/2016\/10\/pami\u0105tkowy-medalion-na-ogrodzeniu-ko\u015bcio\u0142a-w-Wielgom\u0142ynach-768x509.jpg 768w, https:\/\/www.pomniki-przyrody.pl\/wp-content\/uploads\/2016\/10\/pami\u0105tkowy-medalion-na-ogrodzeniu-ko\u015bcio\u0142a-w-Wielgom\u0142ynach-453x300.jpg 453w\" sizes=\"auto, (max-width: 900px) 100vw, 900px\" \/><\/a><\/p>\n<p>Id\u0105c z rynku do pomnikowego d\u0119bu mijamy ko\u015bci\u00f3\u0142\u00a0pw. \u015bw. Stanis\u0142awa oraz zabudowania klasztoru Paulin\u00f3w.<\/p>\n<p><a href=\"https:\/\/www.pomniki-przyrody.pl\/wp-content\/uploads\/2016\/10\/ko\u015bci\u00f3\u0142-pw.-\u015bw.-Stanis\u0142awa-w-Wielgom\u0142ynach.jpg\"><img loading=\"lazy\" decoding=\"async\" class=\"aligncenter wp-image-10316 size-full\" title=\"ko\u015bci\u00f3\u0142 pw. \u015bw. Stanis\u0142awa w Wielgom\u0142ynach\" src=\"https:\/\/www.pomniki-przyrody.pl\/wp-content\/uploads\/2016\/10\/ko\u015bci\u00f3\u0142-pw.-\u015bw.-Stanis\u0142awa-w-Wielgom\u0142ynach.jpg\" width=\"900\" height=\"598\" srcset=\"https:\/\/www.pomniki-przyrody.pl\/wp-content\/uploads\/2016\/10\/ko\u015bci\u00f3\u0142-pw.-\u015bw.-Stanis\u0142awa-w-Wielgom\u0142ynach.jpg 900w, https:\/\/www.pomniki-przyrody.pl\/wp-content\/uploads\/2016\/10\/ko\u015bci\u00f3\u0142-pw.-\u015bw.-Stanis\u0142awa-w-Wielgom\u0142ynach-300x199.jpg 300w, https:\/\/www.pomniki-przyrody.pl\/wp-content\/uploads\/2016\/10\/ko\u015bci\u00f3\u0142-pw.-\u015bw.-Stanis\u0142awa-w-Wielgom\u0142ynach-768x510.jpg 768w, https:\/\/www.pomniki-przyrody.pl\/wp-content\/uploads\/2016\/10\/ko\u015bci\u00f3\u0142-pw.-\u015bw.-Stanis\u0142awa-w-Wielgom\u0142ynach-452x300.jpg 452w\" sizes=\"auto, (max-width: 900px) 100vw, 900px\" \/><\/a><a href=\"https:\/\/www.pomniki-przyrody.pl\/wp-content\/uploads\/2016\/10\/zesp\u00f3\u0142-klasztorny-paulin\u00f3w-w-Wielgom\u0142ynach.jpg\"><img loading=\"lazy\" decoding=\"async\" class=\"aligncenter wp-image-10326 size-full\" title=\"zesp\u00f3\u0142 klasztorny paulin\u00f3w w Wielgom\u0142ynach\" src=\"https:\/\/www.pomniki-przyrody.pl\/wp-content\/uploads\/2016\/10\/zesp\u00f3\u0142-klasztorny-paulin\u00f3w-w-Wielgom\u0142ynach.jpg\" width=\"900\" height=\"658\" srcset=\"https:\/\/www.pomniki-przyrody.pl\/wp-content\/uploads\/2016\/10\/zesp\u00f3\u0142-klasztorny-paulin\u00f3w-w-Wielgom\u0142ynach.jpg 900w, https:\/\/www.pomniki-przyrody.pl\/wp-content\/uploads\/2016\/10\/zesp\u00f3\u0142-klasztorny-paulin\u00f3w-w-Wielgom\u0142ynach-300x219.jpg 300w, https:\/\/www.pomniki-przyrody.pl\/wp-content\/uploads\/2016\/10\/zesp\u00f3\u0142-klasztorny-paulin\u00f3w-w-Wielgom\u0142ynach-768x561.jpg 768w, https:\/\/www.pomniki-przyrody.pl\/wp-content\/uploads\/2016\/10\/zesp\u00f3\u0142-klasztorny-paulin\u00f3w-w-Wielgom\u0142ynach-410x300.jpg 410w\" sizes=\"auto, (max-width: 900px) 100vw, 900px\" \/><\/a><\/p>\n<p>Rosn\u0105cy obok klasztoru d\u0105b szypu\u0142kowy nale\u017cy do najgrubszych przedstawicieli tego gatunku w woj. \u0142\u00f3dzkim.<\/p>\n<p>GPS N 51\u00b000\u201948.5\u201d , E 19\u00b045\u201943.1\u201d<\/p>\n<p><a href=\"https:\/\/www.pomniki-przyrody.pl\/wp-content\/uploads\/2016\/10\/otoczenie-D\u0119bu-Wolno\u015bci-w-Wielgom\u0142ynach.jpg\"><img loading=\"lazy\" decoding=\"async\" class=\"aligncenter wp-image-10317 size-full\" title=\"otoczenie D\u0119bu Wolno\u015bci w Wielgom\u0142ynach\" src=\"https:\/\/www.pomniki-przyrody.pl\/wp-content\/uploads\/2016\/10\/otoczenie-D\u0119bu-Wolno\u015bci-w-Wielgom\u0142ynach.jpg\" width=\"900\" height=\"598\" srcset=\"https:\/\/www.pomniki-przyrody.pl\/wp-content\/uploads\/2016\/10\/otoczenie-D\u0119bu-Wolno\u015bci-w-Wielgom\u0142ynach.jpg 900w, https:\/\/www.pomniki-przyrody.pl\/wp-content\/uploads\/2016\/10\/otoczenie-D\u0119bu-Wolno\u015bci-w-Wielgom\u0142ynach-300x199.jpg 300w, https:\/\/www.pomniki-przyrody.pl\/wp-content\/uploads\/2016\/10\/otoczenie-D\u0119bu-Wolno\u015bci-w-Wielgom\u0142ynach-768x510.jpg 768w, https:\/\/www.pomniki-przyrody.pl\/wp-content\/uploads\/2016\/10\/otoczenie-D\u0119bu-Wolno\u015bci-w-Wielgom\u0142ynach-452x300.jpg 452w\" sizes=\"auto, (max-width: 900px) 100vw, 900px\" \/><\/a><a href=\"https:\/\/www.pomniki-przyrody.pl\/wp-content\/uploads\/2016\/10\/D\u0105b-Wolno\u015bci-w-Wielgom\u0142ynach.jpg\"><img loading=\"lazy\" decoding=\"async\" class=\"aligncenter wp-image-10315 size-full\" title=\"D\u0105b Wolno\u015bci w Wielgom\u0142ynach\" src=\"https:\/\/www.pomniki-przyrody.pl\/wp-content\/uploads\/2016\/10\/D\u0105b-Wolno\u015bci-w-Wielgom\u0142ynach.jpg\" width=\"664\" height=\"900\" srcset=\"https:\/\/www.pomniki-przyrody.pl\/wp-content\/uploads\/2016\/10\/D\u0105b-Wolno\u015bci-w-Wielgom\u0142ynach.jpg 664w, https:\/\/www.pomniki-przyrody.pl\/wp-content\/uploads\/2016\/10\/D\u0105b-Wolno\u015bci-w-Wielgom\u0142ynach-221x300.jpg 221w\" sizes=\"auto, (max-width: 664px) 100vw, 664px\" \/><\/a><a href=\"https:\/\/www.pomniki-przyrody.pl\/wp-content\/uploads\/2016\/10\/pomnikowy-D\u0105b-Wolno\u015bci-w-Wielgom\u0142ynach.jpg\"><img loading=\"lazy\" decoding=\"async\" class=\"aligncenter wp-image-10323 size-full\" title=\"pomnikowy D\u0105b Wolno\u015bci w Wielgom\u0142ynach\" src=\"https:\/\/www.pomniki-przyrody.pl\/wp-content\/uploads\/2016\/10\/pomnikowy-D\u0105b-Wolno\u015bci-w-Wielgom\u0142ynach.jpg\" width=\"598\" height=\"900\" srcset=\"https:\/\/www.pomniki-przyrody.pl\/wp-content\/uploads\/2016\/10\/pomnikowy-D\u0105b-Wolno\u015bci-w-Wielgom\u0142ynach.jpg 598w, https:\/\/www.pomniki-przyrody.pl\/wp-content\/uploads\/2016\/10\/pomnikowy-D\u0105b-Wolno\u015bci-w-Wielgom\u0142ynach-199x300.jpg 199w\" sizes=\"auto, (max-width: 598px) 100vw, 598px\" \/><\/a><a href=\"https:\/\/www.pomniki-przyrody.pl\/wp-content\/uploads\/2016\/10\/Wielgom\u0142yny-D\u0105b-Wolno\u015bci.jpg\"><img loading=\"lazy\" decoding=\"async\" class=\"aligncenter wp-image-10325 size-full\" title=\"Wielgom\u0142yny - D\u0105b Wolno\u015bci\" src=\"https:\/\/www.pomniki-przyrody.pl\/wp-content\/uploads\/2016\/10\/Wielgom\u0142yny-D\u0105b-Wolno\u015bci.jpg\" alt=\"wielgomlyny-dab-wolnosci\" width=\"598\" height=\"900\" srcset=\"https:\/\/www.pomniki-przyrody.pl\/wp-content\/uploads\/2016\/10\/Wielgom\u0142yny-D\u0105b-Wolno\u015bci.jpg 598w, https:\/\/www.pomniki-przyrody.pl\/wp-content\/uploads\/2016\/10\/Wielgom\u0142yny-D\u0105b-Wolno\u015bci-199x300.jpg 199w\" sizes=\"auto, (max-width: 598px) 100vw, 598px\" \/><\/a><a href=\"https:\/\/www.pomniki-przyrody.pl\/wp-content\/uploads\/2016\/10\/D\u0105b-Wolno\u015bci-przy-ko\u015bciele-w-Wielgom\u0142ynach.jpg\"><img loading=\"lazy\" decoding=\"async\" class=\"aligncenter wp-image-10314 size-full\" title=\"D\u0105b Wolno\u015bci przy ko\u015bciele w Wielgom\u0142ynach\" src=\"https:\/\/www.pomniki-przyrody.pl\/wp-content\/uploads\/2016\/10\/D\u0105b-Wolno\u015bci-przy-ko\u015bciele-w-Wielgom\u0142ynach.jpg\" width=\"900\" height=\"598\" srcset=\"https:\/\/www.pomniki-przyrody.pl\/wp-content\/uploads\/2016\/10\/D\u0105b-Wolno\u015bci-przy-ko\u015bciele-w-Wielgom\u0142ynach.jpg 900w, https:\/\/www.pomniki-przyrody.pl\/wp-content\/uploads\/2016\/10\/D\u0105b-Wolno\u015bci-przy-ko\u015bciele-w-Wielgom\u0142ynach-300x199.jpg 300w, https:\/\/www.pomniki-przyrody.pl\/wp-content\/uploads\/2016\/10\/D\u0105b-Wolno\u015bci-przy-ko\u015bciele-w-Wielgom\u0142ynach-768x510.jpg 768w, https:\/\/www.pomniki-przyrody.pl\/wp-content\/uploads\/2016\/10\/D\u0105b-Wolno\u015bci-przy-ko\u015bciele-w-Wielgom\u0142ynach-452x300.jpg 452w\" sizes=\"auto, (max-width: 900px) 100vw, 900px\" \/><\/a><\/p>\n<p>Przy d\u0119bie ustawiono tablic\u0119 opisuj\u0105c\u0105 histori\u0119 drzewa oraz jego wymiary.<\/p>\n<p><a href=\"https:\/\/www.pomniki-przyrody.pl\/wp-content\/uploads\/2016\/10\/pomnik-przyrody-D\u0105b-Wolno\u015bci-w-Wielgom\u0142ynach.jpg\"><img loading=\"lazy\" decoding=\"async\" class=\"aligncenter wp-image-10322 size-full\" title=\"pomnik przyrody - D\u0105b Wolno\u015bci w Wielgom\u0142ynach\" src=\"https:\/\/www.pomniki-przyrody.pl\/wp-content\/uploads\/2016\/10\/pomnik-przyrody-D\u0105b-Wolno\u015bci-w-Wielgom\u0142ynach.jpg\" width=\"565\" height=\"850\" srcset=\"https:\/\/www.pomniki-przyrody.pl\/wp-content\/uploads\/2016\/10\/pomnik-przyrody-D\u0105b-Wolno\u015bci-w-Wielgom\u0142ynach.jpg 565w, https:\/\/www.pomniki-przyrody.pl\/wp-content\/uploads\/2016\/10\/pomnik-przyrody-D\u0105b-Wolno\u015bci-w-Wielgom\u0142ynach-199x300.jpg 199w\" sizes=\"auto, (max-width: 565px) 100vw, 565px\" \/><\/a><a href=\"https:\/\/www.pomniki-przyrody.pl\/wp-content\/uploads\/2016\/10\/tablica-przy-D\u0119bie-Wolno\u015bci-w-Wielgom\u0142ynach.jpg\"><img loading=\"lazy\" decoding=\"async\" class=\"aligncenter wp-image-10324 size-full\" title=\"tablica przy D\u0119bie Wolno\u015bci w Wielgom\u0142ynach\" src=\"https:\/\/www.pomniki-przyrody.pl\/wp-content\/uploads\/2016\/10\/tablica-przy-D\u0119bie-Wolno\u015bci-w-Wielgom\u0142ynach.jpg\" width=\"1000\" height=\"767\" srcset=\"https:\/\/www.pomniki-przyrody.pl\/wp-content\/uploads\/2016\/10\/tablica-przy-D\u0119bie-Wolno\u015bci-w-Wielgom\u0142ynach.jpg 1000w, https:\/\/www.pomniki-przyrody.pl\/wp-content\/uploads\/2016\/10\/tablica-przy-D\u0119bie-Wolno\u015bci-w-Wielgom\u0142ynach-300x230.jpg 300w, https:\/\/www.pomniki-przyrody.pl\/wp-content\/uploads\/2016\/10\/tablica-przy-D\u0119bie-Wolno\u015bci-w-Wielgom\u0142ynach-768x589.jpg 768w, https:\/\/www.pomniki-przyrody.pl\/wp-content\/uploads\/2016\/10\/tablica-przy-D\u0119bie-Wolno\u015bci-w-Wielgom\u0142ynach-391x300.jpg 391w\" sizes=\"auto, (max-width: 1000px) 100vw, 1000px\" \/><\/a><\/p>\n<p>Oficjalny obw\u00f3d pomnikowego drzewa wynosi 752 cm (790 cm mierzy na wys. 1.0 m), wysoko\u015b\u0107 24 metry, szacunkowy wiek 350 &#8211; 450 lat. Pomnikiem przyrody jest od grudnia 1987 r.<\/p>\n<p><a href=\"https:\/\/www.pomniki-przyrody.pl\/wp-content\/uploads\/2016\/10\/pie\u0144-D\u0119bu-Wolno\u015bci-w-Wielgom\u0142ynach.jpg\"><img loading=\"lazy\" decoding=\"async\" class=\"aligncenter wp-image-10319 size-full\" title=\"pie\u0144 D\u0119bu Wolno\u015bci w Wielgom\u0142ynach\" src=\"https:\/\/www.pomniki-przyrody.pl\/wp-content\/uploads\/2016\/10\/pie\u0144-D\u0119bu-Wolno\u015bci-w-Wielgom\u0142ynach.jpg\" width=\"565\" height=\"850\" srcset=\"https:\/\/www.pomniki-przyrody.pl\/wp-content\/uploads\/2016\/10\/pie\u0144-D\u0119bu-Wolno\u015bci-w-Wielgom\u0142ynach.jpg 565w, https:\/\/www.pomniki-przyrody.pl\/wp-content\/uploads\/2016\/10\/pie\u0144-D\u0119bu-Wolno\u015bci-w-Wielgom\u0142ynach-199x300.jpg 199w\" sizes=\"auto, (max-width: 565px) 100vw, 565px\" \/><\/a><a href=\"https:\/\/www.pomniki-przyrody.pl\/wp-content\/uploads\/2016\/10\/pie\u0144-pomnikowego-d\u0119bu-w-Wielgom\u0142ynach.jpg\"><img loading=\"lazy\" decoding=\"async\" class=\"aligncenter wp-image-10321 size-full\" title=\"pie\u0144 pomnikowego d\u0119bu w Wielgom\u0142ynach\" src=\"https:\/\/www.pomniki-przyrody.pl\/wp-content\/uploads\/2016\/10\/pie\u0144-pomnikowego-d\u0119bu-w-Wielgom\u0142ynach.jpg\" width=\"565\" height=\"850\" srcset=\"https:\/\/www.pomniki-przyrody.pl\/wp-content\/uploads\/2016\/10\/pie\u0144-pomnikowego-d\u0119bu-w-Wielgom\u0142ynach.jpg 565w, https:\/\/www.pomniki-przyrody.pl\/wp-content\/uploads\/2016\/10\/pie\u0144-pomnikowego-d\u0119bu-w-Wielgom\u0142ynach-199x300.jpg 199w\" sizes=\"auto, (max-width: 565px) 100vw, 565px\" \/><\/a><a href=\"https:\/\/www.pomniki-przyrody.pl\/wp-content\/uploads\/2016\/10\/pie\u0144-D\u0119bu-Wolno\u015bci.jpg\"><img loading=\"lazy\" decoding=\"async\" class=\"aligncenter wp-image-10320 size-full\" title=\"pie\u0144 D\u0119bu Wolno\u015bci\" src=\"https:\/\/www.pomniki-przyrody.pl\/wp-content\/uploads\/2016\/10\/pie\u0144-D\u0119bu-Wolno\u015bci.jpg\" width=\"565\" height=\"850\" srcset=\"https:\/\/www.pomniki-przyrody.pl\/wp-content\/uploads\/2016\/10\/pie\u0144-D\u0119bu-Wolno\u015bci.jpg 565w, https:\/\/www.pomniki-przyrody.pl\/wp-content\/uploads\/2016\/10\/pie\u0144-D\u0119bu-Wolno\u015bci-199x300.jpg 199w\" sizes=\"auto, (max-width: 565px) 100vw, 565px\" \/><\/a>W Krz\u0119towie &#8211; wsi nale\u017c\u0105cej do gminy Wielgom\u0142yny &#8211; ro\u015bnie najgrubszy w woj. \u0142\u00f3dzkim pomnikowy d\u0105b. Wi\u0119cej o nim oraz o innych pomnikowych drzewach gminy Wielgom\u0142yny w nast\u0119pnym artykule.<\/p>\n","protected":false},"excerpt":{"rendered":"<p>11 listopada 1918 r. to dzie\u0144 kt\u00f3ry dzisiaj przyjmujemy za symboliczn\u0105 dat\u0119 odzyskania niepodleg\u0142o\u015bci przez Polak\u00f3w. Dzi\u0119ki sprzyjaj\u0105cej sytuacji politycznej Polska, po 123 latach zabor\u00f3w, mog\u0142a ponownie zaistnie\u0107 na mapie Europy. Rado\u015b\u0107 zwi\u0105zana z narodzeniem II Rzeczpospolitej objawia\u0142a si\u0119 na &hellip; <a href=\"https:\/\/www.pomniki-przyrody.pl\/?p=10313\">Czytaj dalej <span class=\"meta-nav\">&rarr;<\/span><\/a><\/p>\n","protected":false},"author":2,"featured_media":0,"comment_status":"open","ping_status":"open","sticky":false,"template":"","format":"standard","meta":{"footnotes":""},"categories":[1],"tags":[1428,1427,667,1426,1401],"class_list":["post-10313","post","type-post","status-publish","format-standard","hentry","category-przyroda-ozywiona","tag-dab-wolnosci","tag-gmina-wielgomlyny","tag-pomnikowy-dab","tag-wielgomlyny","tag-lodzkie"],"_links":{"self":[{"href":"https:\/\/www.pomniki-przyrody.pl\/index.php?rest_route=\/wp\/v2\/posts\/10313","targetHints":{"allow":["GET"]}}],"collection":[{"href":"https:\/\/www.pomniki-przyrody.pl\/index.php?rest_route=\/wp\/v2\/posts"}],"about":[{"href":"https:\/\/www.pomniki-przyrody.pl\/index.php?rest_route=\/wp\/v2\/types\/post"}],"author":[{"embeddable":true,"href":"https:\/\/www.pomniki-przyrody.pl\/index.php?rest_route=\/wp\/v2\/users\/2"}],"replies":[{"embeddable":true,"href":"https:\/\/www.pomniki-przyrody.pl\/index.php?rest_route=%2Fwp%2Fv2%2Fcomments&post=10313"}],"version-history":[{"count":5,"href":"https:\/\/www.pomniki-przyrody.pl\/index.php?rest_route=\/wp\/v2\/posts\/10313\/revisions"}],"predecessor-version":[{"id":10394,"href":"https:\/\/www.pomniki-przyrody.pl\/index.php?rest_route=\/wp\/v2\/posts\/10313\/revisions\/10394"}],"wp:attachment":[{"href":"https:\/\/www.pomniki-przyrody.pl\/index.php?rest_route=%2Fwp%2Fv2%2Fmedia&parent=10313"}],"wp:term":[{"taxonomy":"category","embeddable":true,"href":"https:\/\/www.pomniki-przyrody.pl\/index.php?rest_route=%2Fwp%2Fv2%2Fcategories&post=10313"},{"taxonomy":"post_tag","embeddable":true,"href":"https:\/\/www.pomniki-przyrody.pl\/index.php?rest_route=%2Fwp%2Fv2%2Ftags&post=10313"}],"curies":[{"name":"wp","href":"https:\/\/api.w.org\/{rel}","templated":true}]}}