{"id":11127,"date":"2017-05-07T13:36:23","date_gmt":"2017-05-07T11:36:23","guid":{"rendered":"http:\/\/www.pomniki-przyrody.pl\/?p=11127"},"modified":"2017-05-07T13:36:23","modified_gmt":"2017-05-07T11:36:23","slug":"park-w-gorczynie-gm-szlichtyngowa-pow-wschowski","status":"publish","type":"post","link":"https:\/\/www.pomniki-przyrody.pl\/?p=11127","title":{"rendered":"Park w G\u00f3rczynie (gm. Szlichtyngowa, pow. wschowski)."},"content":{"rendered":"<p>Barokowy pa\u0142ac w G\u00f3rczynie (gmina Szlichtyngowa, pow. wschowski, lubuskie) z XVIII w. zosta\u0142 opuszczony po 1945 r. i po latach popadania w ruin\u0119, zosta\u0142 rozebrany w latach 70 &#8211; tych XX w. Po pa\u0142acu pozosta\u0142y zabudowania folwarczne, brama wjazdowa oraz cz\u0119\u015bciowo zaro\u015bni\u0119ty park krajobrazowy. Obecnie to za\u0142o\u017cenie parkowe posiada kszta\u0142t wyd\u0142u\u017conego prostok\u0105ta, o powierzchni prawie 6.5 ha. Po\u0142udniowy kraniec parku oddalony jest tylko 100 m od rynku w Szlichtyngowej, wzd\u0142u\u017c d\u0142u\u017cszego boku (ok. 500 m) przebiega droga nr 12 G\u0142og\u00f3w &#8211; Wschowa. Ochron\u0105 pomnikow\u0105 w parku obj\u0119to 13 egzemplarzy drzew, te najciekawsze rosn\u0105 w jego p\u00f3\u0142nocnej cz\u0119\u015bci. Tutaj znajdziemy ogromny okaz platana klonolistnego, o szeroko roz\u0142o\u017conej koronie.<\/p>\n<p><a href=\"https:\/\/www.pomniki-przyrody.pl\/wp-content\/uploads\/2017\/04\/pomnikowy-platan-na-skraju-parku-w-G\u00f3rczynie.jpg\"><img loading=\"lazy\" decoding=\"async\" class=\"aligncenter wp-image-11164 size-full\" title=\"pomnikowy platan na skraju parku w G\u00f3rczynie\" src=\"https:\/\/www.pomniki-przyrody.pl\/wp-content\/uploads\/2017\/04\/pomnikowy-platan-na-skraju-parku-w-G\u00f3rczynie.jpg\" width=\"800\" height=\"532\" srcset=\"https:\/\/www.pomniki-przyrody.pl\/wp-content\/uploads\/2017\/04\/pomnikowy-platan-na-skraju-parku-w-G\u00f3rczynie.jpg 800w, https:\/\/www.pomniki-przyrody.pl\/wp-content\/uploads\/2017\/04\/pomnikowy-platan-na-skraju-parku-w-G\u00f3rczynie-300x200.jpg 300w, https:\/\/www.pomniki-przyrody.pl\/wp-content\/uploads\/2017\/04\/pomnikowy-platan-na-skraju-parku-w-G\u00f3rczynie-768x511.jpg 768w, https:\/\/www.pomniki-przyrody.pl\/wp-content\/uploads\/2017\/04\/pomnikowy-platan-na-skraju-parku-w-G\u00f3rczynie-451x300.jpg 451w\" sizes=\"auto, (max-width: 800px) 100vw, 800px\" \/><\/a><a href=\"https:\/\/www.pomniki-przyrody.pl\/wp-content\/uploads\/2017\/04\/G\u00f3rczyna-pomnikowy-platan.jpg\"><img loading=\"lazy\" decoding=\"async\" class=\"aligncenter wp-image-11144 size-full\" title=\"G\u00f3rczyna - pomnikowy platan\" src=\"https:\/\/www.pomniki-przyrody.pl\/wp-content\/uploads\/2017\/04\/G\u00f3rczyna-pomnikowy-platan.jpg\" width=\"532\" height=\"800\" srcset=\"https:\/\/www.pomniki-przyrody.pl\/wp-content\/uploads\/2017\/04\/G\u00f3rczyna-pomnikowy-platan.jpg 532w, https:\/\/www.pomniki-przyrody.pl\/wp-content\/uploads\/2017\/04\/G\u00f3rczyna-pomnikowy-platan-200x300.jpg 200w\" sizes=\"auto, (max-width: 532px) 100vw, 532px\" \/><\/a><\/p>\n<p>Drzewo mierzy w obwodzie 480 cm, wysoko\u015b\u0107 platana ok. 20 m.<\/p>\n<p><a href=\"https:\/\/www.pomniki-przyrody.pl\/wp-content\/uploads\/2017\/04\/G\u00f3rczyna-pie\u0144-pomnikowego-platana.jpg\"><img loading=\"lazy\" decoding=\"async\" class=\"aligncenter wp-image-11134 size-full\" title=\"G\u00f3rczyna - pie\u0144 pomnikowego platana\" src=\"https:\/\/www.pomniki-przyrody.pl\/wp-content\/uploads\/2017\/04\/G\u00f3rczyna-pie\u0144-pomnikowego-platana.jpg\" width=\"532\" height=\"800\" srcset=\"https:\/\/www.pomniki-przyrody.pl\/wp-content\/uploads\/2017\/04\/G\u00f3rczyna-pie\u0144-pomnikowego-platana.jpg 532w, https:\/\/www.pomniki-przyrody.pl\/wp-content\/uploads\/2017\/04\/G\u00f3rczyna-pie\u0144-pomnikowego-platana-200x300.jpg 200w\" sizes=\"auto, (max-width: 532px) 100vw, 532px\" \/><\/a><\/p>\n<p>Obok platan ro\u015bnie pomnikowy okaz wi\u0105zu szypu\u0142kowego o obwodzie 365 cm i wysoko\u015bci 20 m.<\/p>\n<p><a href=\"https:\/\/www.pomniki-przyrody.pl\/wp-content\/uploads\/2017\/04\/G\u00f3rczyna-pomnikowy-wi\u0105z-i-platan.jpg\"><img loading=\"lazy\" decoding=\"async\" class=\"aligncenter wp-image-11143 size-full\" title=\"G\u00f3rczyna - pomnikowy wi\u0105z i platan\" src=\"https:\/\/www.pomniki-przyrody.pl\/wp-content\/uploads\/2017\/04\/G\u00f3rczyna-pomnikowy-wi\u0105z-i-platan.jpg\" width=\"532\" height=\"800\" srcset=\"https:\/\/www.pomniki-przyrody.pl\/wp-content\/uploads\/2017\/04\/G\u00f3rczyna-pomnikowy-wi\u0105z-i-platan.jpg 532w, https:\/\/www.pomniki-przyrody.pl\/wp-content\/uploads\/2017\/04\/G\u00f3rczyna-pomnikowy-wi\u0105z-i-platan-200x300.jpg 200w\" sizes=\"auto, (max-width: 532px) 100vw, 532px\" \/><\/a><\/p>\n<p><a href=\"https:\/\/www.pomniki-przyrody.pl\/wp-content\/uploads\/2017\/04\/pomnikowy-wi\u0105z-na-skraju-parku-w-G\u00f3rczynie.jpg\"><img loading=\"lazy\" decoding=\"async\" class=\"aligncenter wp-image-11165 size-full\" title=\"pomnikowy wi\u0105z na skraju parku w G\u00f3rczynie\" src=\"https:\/\/www.pomniki-przyrody.pl\/wp-content\/uploads\/2017\/04\/pomnikowy-wi\u0105z-na-skraju-parku-w-G\u00f3rczynie.jpg\" width=\"532\" height=\"800\" srcset=\"https:\/\/www.pomniki-przyrody.pl\/wp-content\/uploads\/2017\/04\/pomnikowy-wi\u0105z-na-skraju-parku-w-G\u00f3rczynie.jpg 532w, https:\/\/www.pomniki-przyrody.pl\/wp-content\/uploads\/2017\/04\/pomnikowy-wi\u0105z-na-skraju-parku-w-G\u00f3rczynie-200x300.jpg 200w\" sizes=\"auto, (max-width: 532px) 100vw, 532px\" \/><\/a><a href=\"https:\/\/www.pomniki-przyrody.pl\/wp-content\/uploads\/2017\/04\/G\u00f3rczyna-pie\u0144-pomnikowego-wi\u0105zu-i-platana.jpg\"><img loading=\"lazy\" decoding=\"async\" class=\"aligncenter wp-image-11135 size-full\" title=\"G\u00f3rczyna - pie\u0144 pomnikowego wi\u0105zu i platana\" src=\"https:\/\/www.pomniki-przyrody.pl\/wp-content\/uploads\/2017\/04\/G\u00f3rczyna-pie\u0144-pomnikowego-wi\u0105zu-i-platana.jpg\" width=\"532\" height=\"800\" srcset=\"https:\/\/www.pomniki-przyrody.pl\/wp-content\/uploads\/2017\/04\/G\u00f3rczyna-pie\u0144-pomnikowego-wi\u0105zu-i-platana.jpg 532w, https:\/\/www.pomniki-przyrody.pl\/wp-content\/uploads\/2017\/04\/G\u00f3rczyna-pie\u0144-pomnikowego-wi\u0105zu-i-platana-200x300.jpg 200w\" sizes=\"auto, (max-width: 532px) 100vw, 532px\" \/><\/a>Obok, przy alejce parkowej, ro\u015bnie pot\u0119\u017cny d\u0105b szypu\u0142kowy, o pniu poro\u015bni\u0119tym bluszczem. Prawdopodobnie drzewo to zosta\u0142o posadzone\u00a0kr\u00f3la Jana III Sobieskiego,\u00a0jesieni\u0105 w 1683 r.<\/p>\n<p><a href=\"https:\/\/www.pomniki-przyrody.pl\/wp-content\/uploads\/2017\/04\/G\u00f3rczyna-d\u0105b-Sobieskiego.jpg\"><img loading=\"lazy\" decoding=\"async\" class=\"aligncenter wp-image-11129 size-full\" title=\"G\u00f3rczyna - d\u0105b Sobieskiego\" src=\"https:\/\/www.pomniki-przyrody.pl\/wp-content\/uploads\/2017\/04\/G\u00f3rczyna-d\u0105b-Sobieskiego.jpg\" width=\"532\" height=\"800\" srcset=\"https:\/\/www.pomniki-przyrody.pl\/wp-content\/uploads\/2017\/04\/G\u00f3rczyna-d\u0105b-Sobieskiego.jpg 532w, https:\/\/www.pomniki-przyrody.pl\/wp-content\/uploads\/2017\/04\/G\u00f3rczyna-d\u0105b-Sobieskiego-200x300.jpg 200w\" sizes=\"auto, (max-width: 532px) 100vw, 532px\" \/><\/a><\/p>\n<p><a href=\"https:\/\/www.pomniki-przyrody.pl\/wp-content\/uploads\/2017\/04\/G\u00f3rczyna-pomnikowy-d\u0105b-Sobieskiego.jpg\"><img loading=\"lazy\" decoding=\"async\" class=\"aligncenter wp-image-11141 size-full\" title=\"G\u00f3rczyna - pomnikowy d\u0105b Sobieskiego\" src=\"https:\/\/www.pomniki-przyrody.pl\/wp-content\/uploads\/2017\/04\/G\u00f3rczyna-pomnikowy-d\u0105b-Sobieskiego.jpg\" width=\"532\" height=\"800\" srcset=\"https:\/\/www.pomniki-przyrody.pl\/wp-content\/uploads\/2017\/04\/G\u00f3rczyna-pomnikowy-d\u0105b-Sobieskiego.jpg 532w, https:\/\/www.pomniki-przyrody.pl\/wp-content\/uploads\/2017\/04\/G\u00f3rczyna-pomnikowy-d\u0105b-Sobieskiego-200x300.jpg 200w\" sizes=\"auto, (max-width: 532px) 100vw, 532px\" \/><\/a><\/p>\n<p><a href=\"https:\/\/www.pomniki-przyrody.pl\/wp-content\/uploads\/2017\/04\/G\u00f3rczyna-pie\u0144-d\u0119bu-Sobieskiego.jpg\"><img loading=\"lazy\" decoding=\"async\" class=\"aligncenter wp-image-11132 size-full\" title=\"G\u00f3rczyna - pie\u0144 d\u0119bu Sobieskiego\" src=\"https:\/\/www.pomniki-przyrody.pl\/wp-content\/uploads\/2017\/04\/G\u00f3rczyna-pie\u0144-d\u0119bu-Sobieskiego.jpg\" width=\"532\" height=\"800\" srcset=\"https:\/\/www.pomniki-przyrody.pl\/wp-content\/uploads\/2017\/04\/G\u00f3rczyna-pie\u0144-d\u0119bu-Sobieskiego.jpg 532w, https:\/\/www.pomniki-przyrody.pl\/wp-content\/uploads\/2017\/04\/G\u00f3rczyna-pie\u0144-d\u0119bu-Sobieskiego-200x300.jpg 200w\" sizes=\"auto, (max-width: 532px) 100vw, 532px\" \/><\/a><\/p>\n<p>Spaceruj\u0105c alejk\u0105 parkow\u0105, prowadz\u0105c\u0105 na po\u0142udnie r\u00f3wnolegle do szosy, mijamy wiele drzew poro\u015bni\u0119tych g\u0119sto bluszczem.<\/p>\n<p><a href=\"https:\/\/www.pomniki-przyrody.pl\/wp-content\/uploads\/2017\/04\/park-w-G\u00f3rczynie.jpg\"><img loading=\"lazy\" decoding=\"async\" class=\"aligncenter wp-image-11160 size-full\" title=\"park w G\u00f3rczynie\" src=\"https:\/\/www.pomniki-przyrody.pl\/wp-content\/uploads\/2017\/04\/park-w-G\u00f3rczynie.jpg\" width=\"800\" height=\"532\" srcset=\"https:\/\/www.pomniki-przyrody.pl\/wp-content\/uploads\/2017\/04\/park-w-G\u00f3rczynie.jpg 800w, https:\/\/www.pomniki-przyrody.pl\/wp-content\/uploads\/2017\/04\/park-w-G\u00f3rczynie-300x200.jpg 300w, https:\/\/www.pomniki-przyrody.pl\/wp-content\/uploads\/2017\/04\/park-w-G\u00f3rczynie-768x511.jpg 768w, https:\/\/www.pomniki-przyrody.pl\/wp-content\/uploads\/2017\/04\/park-w-G\u00f3rczynie-451x300.jpg 451w\" sizes=\"auto, (max-width: 800px) 100vw, 800px\" \/><\/a><\/p>\n<p>Po chwili odnajdziemy kolejny pomnik przyrody &#8211; wielopniowy okaz lipy drobnolistnej. Drzewo posiada pi\u0119\u0107 pni o obwodzie od 110 cm do 204 cm.<\/p>\n<p><a href=\"https:\/\/www.pomniki-przyrody.pl\/wp-content\/uploads\/2017\/04\/park-w-G\u00f3rczynie-pomnikowa-lipa-pi\u0119ciopniowa.jpg\"><img loading=\"lazy\" decoding=\"async\" class=\"aligncenter wp-image-11152 size-full\" title=\"park w G\u00f3rczynie - pomnikowa lipa pi\u0119ciopniowa\" src=\"https:\/\/www.pomniki-przyrody.pl\/wp-content\/uploads\/2017\/04\/park-w-G\u00f3rczynie-pomnikowa-lipa-pi\u0119ciopniowa.jpg\" width=\"532\" height=\"800\" srcset=\"https:\/\/www.pomniki-przyrody.pl\/wp-content\/uploads\/2017\/04\/park-w-G\u00f3rczynie-pomnikowa-lipa-pi\u0119ciopniowa.jpg 532w, https:\/\/www.pomniki-przyrody.pl\/wp-content\/uploads\/2017\/04\/park-w-G\u00f3rczynie-pomnikowa-lipa-pi\u0119ciopniowa-200x300.jpg 200w\" sizes=\"auto, (max-width: 532px) 100vw, 532px\" \/><\/a>\u00a0Nieco dalej ro\u015bnie druga pomnikowa lipa o obwodzie 320 cm.<\/p>\n<p><a href=\"https:\/\/www.pomniki-przyrody.pl\/wp-content\/uploads\/2017\/04\/G\u00f3rczyna-pomnikowa-lipa.jpg\"><img loading=\"lazy\" decoding=\"async\" class=\"aligncenter wp-image-11139 size-full\" title=\"G\u00f3rczyna - pomnikowa lipa\" src=\"https:\/\/www.pomniki-przyrody.pl\/wp-content\/uploads\/2017\/04\/G\u00f3rczyna-pomnikowa-lipa.jpg\" width=\"532\" height=\"800\" srcset=\"https:\/\/www.pomniki-przyrody.pl\/wp-content\/uploads\/2017\/04\/G\u00f3rczyna-pomnikowa-lipa.jpg 532w, https:\/\/www.pomniki-przyrody.pl\/wp-content\/uploads\/2017\/04\/G\u00f3rczyna-pomnikowa-lipa-200x300.jpg 200w\" sizes=\"auto, (max-width: 532px) 100vw, 532px\" \/><\/a><a href=\"https:\/\/www.pomniki-przyrody.pl\/wp-content\/uploads\/2017\/04\/G\u00f3rczyna-pie\u0144-pomnikowej-lipy.jpg\"><img loading=\"lazy\" decoding=\"async\" class=\"aligncenter wp-image-11136 size-full\" title=\"G\u00f3rczyna - pie\u0144 pomnikowej lipy\" src=\"https:\/\/www.pomniki-przyrody.pl\/wp-content\/uploads\/2017\/04\/G\u00f3rczyna-pie\u0144-pomnikowej-lipy.jpg\" width=\"532\" height=\"800\" srcset=\"https:\/\/www.pomniki-przyrody.pl\/wp-content\/uploads\/2017\/04\/G\u00f3rczyna-pie\u0144-pomnikowej-lipy.jpg 532w, https:\/\/www.pomniki-przyrody.pl\/wp-content\/uploads\/2017\/04\/G\u00f3rczyna-pie\u0144-pomnikowej-lipy-200x300.jpg 200w\" sizes=\"auto, (max-width: 532px) 100vw, 532px\" \/><\/a><\/p>\n<p>Przy skrzy\u017cowaniu alejek, obok boiska, ro\u015bnie kilka okaza\u0142ych grab\u00f3w pospolitych.<\/p>\n<p><a href=\"https:\/\/www.pomniki-przyrody.pl\/wp-content\/uploads\/2017\/04\/park-w-G\u00f3rczynie-pomnikowy-grab.jpg\"><img loading=\"lazy\" decoding=\"async\" class=\"aligncenter wp-image-11155 size-full\" title=\"park w G\u00f3rczynie - okaza\u0142y grab\" src=\"https:\/\/www.pomniki-przyrody.pl\/wp-content\/uploads\/2017\/04\/park-w-G\u00f3rczynie-pomnikowy-grab.jpg\" width=\"532\" height=\"800\" srcset=\"https:\/\/www.pomniki-przyrody.pl\/wp-content\/uploads\/2017\/04\/park-w-G\u00f3rczynie-pomnikowy-grab.jpg 532w, https:\/\/www.pomniki-przyrody.pl\/wp-content\/uploads\/2017\/04\/park-w-G\u00f3rczynie-pomnikowy-grab-200x300.jpg 200w\" sizes=\"auto, (max-width: 532px) 100vw, 532px\" \/><\/a><a href=\"https:\/\/www.pomniki-przyrody.pl\/wp-content\/uploads\/2017\/04\/park-w-G\u00f3rczynie-pie\u0144-pomnikowego-graba.jpg\"><img loading=\"lazy\" decoding=\"async\" class=\"aligncenter wp-image-11149 size-full\" title=\"park w G\u00f3rczynie - pie\u0144 okaza\u0142ego grabu\" src=\"https:\/\/www.pomniki-przyrody.pl\/wp-content\/uploads\/2017\/04\/park-w-G\u00f3rczynie-pie\u0144-pomnikowego-graba.jpg\" width=\"532\" height=\"800\" srcset=\"https:\/\/www.pomniki-przyrody.pl\/wp-content\/uploads\/2017\/04\/park-w-G\u00f3rczynie-pie\u0144-pomnikowego-graba.jpg 532w, https:\/\/www.pomniki-przyrody.pl\/wp-content\/uploads\/2017\/04\/park-w-G\u00f3rczynie-pie\u0144-pomnikowego-graba-200x300.jpg 200w\" sizes=\"auto, (max-width: 532px) 100vw, 532px\" \/><\/a><\/p>\n<p>Przy alejce prowadz\u0105cej od sceny, w s\u0105siedztwie dw\u00f3ch okaza\u0142ych d\u0119b\u00f3w, ro\u015bnie pomnikowy klon pospolity. Jego obw\u00f3d wynosi 320 cm, wysoko\u015b\u0107 ok. 20 m.<\/p>\n<p><a href=\"https:\/\/www.pomniki-przyrody.pl\/wp-content\/uploads\/2017\/04\/Park-w-G\u00f3rczynie-pomnikowy-klon-pospolity.jpg\"><img loading=\"lazy\" decoding=\"async\" class=\"aligncenter wp-image-11156 size-full\" title=\"Park w G\u00f3rczynie - pomnikowy klon pospolity\" src=\"https:\/\/www.pomniki-przyrody.pl\/wp-content\/uploads\/2017\/04\/Park-w-G\u00f3rczynie-pomnikowy-klon-pospolity.jpg\" width=\"532\" height=\"800\" srcset=\"https:\/\/www.pomniki-przyrody.pl\/wp-content\/uploads\/2017\/04\/Park-w-G\u00f3rczynie-pomnikowy-klon-pospolity.jpg 532w, https:\/\/www.pomniki-przyrody.pl\/wp-content\/uploads\/2017\/04\/Park-w-G\u00f3rczynie-pomnikowy-klon-pospolity-200x300.jpg 200w\" sizes=\"auto, (max-width: 532px) 100vw, 532px\" \/><\/a><a href=\"https:\/\/www.pomniki-przyrody.pl\/wp-content\/uploads\/2017\/04\/G\u00f3rczyna-dwa-pomnikowe-d\u0119by-i-klon.jpg\"><img loading=\"lazy\" decoding=\"async\" class=\"aligncenter wp-image-11130 size-full\" title=\"G\u00f3rczyna - dwa pomnikowe d\u0119by i klon\" src=\"https:\/\/www.pomniki-przyrody.pl\/wp-content\/uploads\/2017\/04\/G\u00f3rczyna-dwa-pomnikowe-d\u0119by-i-klon.jpg\" width=\"800\" height=\"532\" srcset=\"https:\/\/www.pomniki-przyrody.pl\/wp-content\/uploads\/2017\/04\/G\u00f3rczyna-dwa-pomnikowe-d\u0119by-i-klon.jpg 800w, https:\/\/www.pomniki-przyrody.pl\/wp-content\/uploads\/2017\/04\/G\u00f3rczyna-dwa-pomnikowe-d\u0119by-i-klon-300x200.jpg 300w, https:\/\/www.pomniki-przyrody.pl\/wp-content\/uploads\/2017\/04\/G\u00f3rczyna-dwa-pomnikowe-d\u0119by-i-klon-768x511.jpg 768w, https:\/\/www.pomniki-przyrody.pl\/wp-content\/uploads\/2017\/04\/G\u00f3rczyna-dwa-pomnikowe-d\u0119by-i-klon-451x300.jpg 451w\" sizes=\"auto, (max-width: 800px) 100vw, 800px\" \/><\/a><\/p>\n<p><a href=\"https:\/\/www.pomniki-przyrody.pl\/wp-content\/uploads\/2017\/04\/Park-w-G\u00f3rczynie-pie\u0144-pomnikowego-klonu.jpg\"><img loading=\"lazy\" decoding=\"async\" class=\"aligncenter wp-image-11150 size-full\" title=\"Park w G\u00f3rczynie - pie\u0144 pomnikowego klonu\" src=\"https:\/\/www.pomniki-przyrody.pl\/wp-content\/uploads\/2017\/04\/Park-w-G\u00f3rczynie-pie\u0144-pomnikowego-klonu.jpg\" width=\"532\" height=\"800\" srcset=\"https:\/\/www.pomniki-przyrody.pl\/wp-content\/uploads\/2017\/04\/Park-w-G\u00f3rczynie-pie\u0144-pomnikowego-klonu.jpg 532w, https:\/\/www.pomniki-przyrody.pl\/wp-content\/uploads\/2017\/04\/Park-w-G\u00f3rczynie-pie\u0144-pomnikowego-klonu-200x300.jpg 200w\" sizes=\"auto, (max-width: 532px) 100vw, 532px\" \/><\/a><\/p>\n<p>Cho\u0107 rejestr pomnikowych drzew w G\u00f3rczynie zawiera tylko 4 d\u0119by szypu\u0142kowe, to wok\u00f3\u0142 sceny w parku odnajdziemy kilkana\u015bcie okaz\u00f3w tego gatunku opatrzonych tabliczkami. Pomnikowe d\u0119by maj\u0105 mie\u0107 w obwodzie\u00a0495, 350, 520, 490 cm.<\/p>\n<p><a href=\"https:\/\/www.pomniki-przyrody.pl\/wp-content\/uploads\/2017\/04\/Park-podworski-w-G\u00f3rczynie.jpg\"><img loading=\"lazy\" decoding=\"async\" class=\"aligncenter wp-image-11146 size-full\" title=\"Park podworski w G\u00f3rczynie\" src=\"https:\/\/www.pomniki-przyrody.pl\/wp-content\/uploads\/2017\/04\/Park-podworski-w-G\u00f3rczynie.jpg\" width=\"800\" height=\"532\" srcset=\"https:\/\/www.pomniki-przyrody.pl\/wp-content\/uploads\/2017\/04\/Park-podworski-w-G\u00f3rczynie.jpg 800w, https:\/\/www.pomniki-przyrody.pl\/wp-content\/uploads\/2017\/04\/Park-podworski-w-G\u00f3rczynie-300x200.jpg 300w, https:\/\/www.pomniki-przyrody.pl\/wp-content\/uploads\/2017\/04\/Park-podworski-w-G\u00f3rczynie-768x511.jpg 768w, https:\/\/www.pomniki-przyrody.pl\/wp-content\/uploads\/2017\/04\/Park-podworski-w-G\u00f3rczynie-451x300.jpg 451w\" sizes=\"auto, (max-width: 800px) 100vw, 800px\" \/><\/a><\/p>\n<p><a href=\"https:\/\/www.pomniki-przyrody.pl\/wp-content\/uploads\/2017\/04\/G\u00f3rczyna-grupa-pomnikowych-d\u0119b\u00f3w.jpg\"><img loading=\"lazy\" decoding=\"async\" class=\"aligncenter wp-image-11131 size-full\" title=\"G\u00f3rczyna - grupa pomnikowych d\u0119b\u00f3w\" src=\"https:\/\/www.pomniki-przyrody.pl\/wp-content\/uploads\/2017\/04\/G\u00f3rczyna-grupa-pomnikowych-d\u0119b\u00f3w.jpg\" width=\"532\" height=\"800\" srcset=\"https:\/\/www.pomniki-przyrody.pl\/wp-content\/uploads\/2017\/04\/G\u00f3rczyna-grupa-pomnikowych-d\u0119b\u00f3w.jpg 532w, https:\/\/www.pomniki-przyrody.pl\/wp-content\/uploads\/2017\/04\/G\u00f3rczyna-grupa-pomnikowych-d\u0119b\u00f3w-200x300.jpg 200w\" sizes=\"auto, (max-width: 532px) 100vw, 532px\" \/><\/a><a href=\"https:\/\/www.pomniki-przyrody.pl\/wp-content\/uploads\/2017\/04\/fragment-parku-w-G\u00f3rczynie-z-pomnikowymi-d\u0119bami.jpg\"><img loading=\"lazy\" decoding=\"async\" class=\"aligncenter wp-image-11128 size-full\" title=\"fragment parku w G\u00f3rczynie z pomnikowymi d\u0119bami\" src=\"https:\/\/www.pomniki-przyrody.pl\/wp-content\/uploads\/2017\/04\/fragment-parku-w-G\u00f3rczynie-z-pomnikowymi-d\u0119bami.jpg\" width=\"800\" height=\"532\" srcset=\"https:\/\/www.pomniki-przyrody.pl\/wp-content\/uploads\/2017\/04\/fragment-parku-w-G\u00f3rczynie-z-pomnikowymi-d\u0119bami.jpg 800w, https:\/\/www.pomniki-przyrody.pl\/wp-content\/uploads\/2017\/04\/fragment-parku-w-G\u00f3rczynie-z-pomnikowymi-d\u0119bami-300x200.jpg 300w, https:\/\/www.pomniki-przyrody.pl\/wp-content\/uploads\/2017\/04\/fragment-parku-w-G\u00f3rczynie-z-pomnikowymi-d\u0119bami-768x511.jpg 768w, https:\/\/www.pomniki-przyrody.pl\/wp-content\/uploads\/2017\/04\/fragment-parku-w-G\u00f3rczynie-z-pomnikowymi-d\u0119bami-451x300.jpg 451w\" sizes=\"auto, (max-width: 800px) 100vw, 800px\" \/><\/a><\/p>\n<p><a href=\"https:\/\/www.pomniki-przyrody.pl\/wp-content\/uploads\/2017\/04\/G\u00f3rzczyna-pomnikowe-d\u0119by-w-parku.jpg\"><img loading=\"lazy\" decoding=\"async\" class=\"aligncenter wp-image-11145 size-full\" title=\"G\u00f3rczyna - pomnikowe d\u0119by w parku\" src=\"https:\/\/www.pomniki-przyrody.pl\/wp-content\/uploads\/2017\/04\/G\u00f3rzczyna-pomnikowe-d\u0119by-w-parku.jpg\" width=\"532\" height=\"800\" srcset=\"https:\/\/www.pomniki-przyrody.pl\/wp-content\/uploads\/2017\/04\/G\u00f3rzczyna-pomnikowe-d\u0119by-w-parku.jpg 532w, https:\/\/www.pomniki-przyrody.pl\/wp-content\/uploads\/2017\/04\/G\u00f3rzczyna-pomnikowe-d\u0119by-w-parku-200x300.jpg 200w\" sizes=\"auto, (max-width: 532px) 100vw, 532px\" \/><\/a><a href=\"https:\/\/www.pomniki-przyrody.pl\/wp-content\/uploads\/2017\/04\/G\u00f3rczyna-pnie-pomnikowych-d\u0119b\u00f3w.jpg\"><img loading=\"lazy\" decoding=\"async\" class=\"aligncenter wp-image-11138 size-full\" title=\"G\u00f3rczyna - pnie pomnikowych d\u0119b\u00f3w\" src=\"https:\/\/www.pomniki-przyrody.pl\/wp-content\/uploads\/2017\/04\/G\u00f3rczyna-pnie-pomnikowych-d\u0119b\u00f3w.jpg\" width=\"532\" height=\"800\" srcset=\"https:\/\/www.pomniki-przyrody.pl\/wp-content\/uploads\/2017\/04\/G\u00f3rczyna-pnie-pomnikowych-d\u0119b\u00f3w.jpg 532w, https:\/\/www.pomniki-przyrody.pl\/wp-content\/uploads\/2017\/04\/G\u00f3rczyna-pnie-pomnikowych-d\u0119b\u00f3w-200x300.jpg 200w\" sizes=\"auto, (max-width: 532px) 100vw, 532px\" \/><\/a><\/p>\n<p><a href=\"https:\/\/www.pomniki-przyrody.pl\/wp-content\/uploads\/2017\/04\/pomnikowe-d\u0119by-w-G\u00f3rczynie.jpg\"><img loading=\"lazy\" decoding=\"async\" class=\"aligncenter wp-image-11162 size-full\" title=\"pomnikowe d\u0119by w G\u00f3rczynie\" src=\"https:\/\/www.pomniki-przyrody.pl\/wp-content\/uploads\/2017\/04\/pomnikowe-d\u0119by-w-G\u00f3rczynie.jpg\" width=\"532\" height=\"800\" srcset=\"https:\/\/www.pomniki-przyrody.pl\/wp-content\/uploads\/2017\/04\/pomnikowe-d\u0119by-w-G\u00f3rczynie.jpg 532w, https:\/\/www.pomniki-przyrody.pl\/wp-content\/uploads\/2017\/04\/pomnikowe-d\u0119by-w-G\u00f3rczynie-200x300.jpg 200w\" sizes=\"auto, (max-width: 532px) 100vw, 532px\" \/><\/a><a href=\"https:\/\/www.pomniki-przyrody.pl\/wp-content\/uploads\/2017\/04\/G\u00f3rczyna-pnie-dw\u00f3ch-pomnikowych-d\u0119b\u00f3w.jpg\"><img loading=\"lazy\" decoding=\"async\" class=\"aligncenter wp-image-11137 size-full\" title=\"G\u00f3rczyna - pnie dw\u00f3ch pomnikowych d\u0119b\u00f3w\" src=\"https:\/\/www.pomniki-przyrody.pl\/wp-content\/uploads\/2017\/04\/G\u00f3rczyna-pnie-dw\u00f3ch-pomnikowych-d\u0119b\u00f3w.jpg\" width=\"532\" height=\"800\" srcset=\"https:\/\/www.pomniki-przyrody.pl\/wp-content\/uploads\/2017\/04\/G\u00f3rczyna-pnie-dw\u00f3ch-pomnikowych-d\u0119b\u00f3w.jpg 532w, https:\/\/www.pomniki-przyrody.pl\/wp-content\/uploads\/2017\/04\/G\u00f3rczyna-pnie-dw\u00f3ch-pomnikowych-d\u0119b\u00f3w-200x300.jpg 200w\" sizes=\"auto, (max-width: 532px) 100vw, 532px\" \/><\/a><a href=\"https:\/\/www.pomniki-przyrody.pl\/wp-content\/uploads\/2017\/04\/pie\u0144-pomnikowego-d\u0119bu.jpg\"><img loading=\"lazy\" decoding=\"async\" class=\"aligncenter wp-image-11161 size-full\" title=\"pie\u0144 pomnikowego d\u0119bu\" src=\"https:\/\/www.pomniki-przyrody.pl\/wp-content\/uploads\/2017\/04\/pie\u0144-pomnikowego-d\u0119bu.jpg\" width=\"532\" height=\"800\" srcset=\"https:\/\/www.pomniki-przyrody.pl\/wp-content\/uploads\/2017\/04\/pie\u0144-pomnikowego-d\u0119bu.jpg 532w, https:\/\/www.pomniki-przyrody.pl\/wp-content\/uploads\/2017\/04\/pie\u0144-pomnikowego-d\u0119bu-200x300.jpg 200w\" sizes=\"auto, (max-width: 532px) 100vw, 532px\" \/><\/a><a href=\"https:\/\/www.pomniki-przyrody.pl\/wp-content\/uploads\/2017\/04\/Park-w-G\u00f3rczynie-pomnikowy-d\u0105b-w-\u015brodkowej-cz\u0119\u015bci-parku.jpg\"><img loading=\"lazy\" decoding=\"async\" class=\"aligncenter wp-image-11153 size-full\" title=\"Park w G\u00f3rczynie - pomnikowy d\u0105b w \u015brodkowej cz\u0119\u015bci parku\" src=\"https:\/\/www.pomniki-przyrody.pl\/wp-content\/uploads\/2017\/04\/Park-w-G\u00f3rczynie-pomnikowy-d\u0105b-w-\u015brodkowej-cz\u0119\u015bci-parku.jpg\" width=\"532\" height=\"800\" srcset=\"https:\/\/www.pomniki-przyrody.pl\/wp-content\/uploads\/2017\/04\/Park-w-G\u00f3rczynie-pomnikowy-d\u0105b-w-\u015brodkowej-cz\u0119\u015bci-parku.jpg 532w, https:\/\/www.pomniki-przyrody.pl\/wp-content\/uploads\/2017\/04\/Park-w-G\u00f3rczynie-pomnikowy-d\u0105b-w-\u015brodkowej-cz\u0119\u015bci-parku-200x300.jpg 200w\" sizes=\"auto, (max-width: 532px) 100vw, 532px\" \/><\/a><\/p>\n<p><a href=\"https:\/\/www.pomniki-przyrody.pl\/wp-content\/uploads\/2017\/04\/Park-w-G\u00f3rczynie-pie\u0144-pomnikowego-d\u0119bu.jpg\"><img loading=\"lazy\" decoding=\"async\" class=\"aligncenter wp-image-11148 size-full\" title=\"Park w G\u00f3rczynie - pie\u0144 pomnikowego d\u0119bu\" src=\"https:\/\/www.pomniki-przyrody.pl\/wp-content\/uploads\/2017\/04\/Park-w-G\u00f3rczynie-pie\u0144-pomnikowego-d\u0119bu.jpg\" width=\"532\" height=\"800\" srcset=\"https:\/\/www.pomniki-przyrody.pl\/wp-content\/uploads\/2017\/04\/Park-w-G\u00f3rczynie-pie\u0144-pomnikowego-d\u0119bu.jpg 532w, https:\/\/www.pomniki-przyrody.pl\/wp-content\/uploads\/2017\/04\/Park-w-G\u00f3rczynie-pie\u0144-pomnikowego-d\u0119bu-200x300.jpg 200w\" sizes=\"auto, (max-width: 532px) 100vw, 532px\" \/><\/a><\/p>\n<p><a href=\"https:\/\/www.pomniki-przyrody.pl\/wp-content\/uploads\/2017\/04\/G\u00f3rczyna-pomnikowy-d\u0105b-przy-alejce-parkowej.jpg\"><img loading=\"lazy\" decoding=\"async\" class=\"aligncenter wp-image-11140 size-full\" title=\"G\u00f3rczyna - pomnikowy d\u0105b przy alejce parkowej\" src=\"https:\/\/www.pomniki-przyrody.pl\/wp-content\/uploads\/2017\/04\/G\u00f3rczyna-pomnikowy-d\u0105b-przy-alejce-parkowej.jpg\" width=\"532\" height=\"800\" srcset=\"https:\/\/www.pomniki-przyrody.pl\/wp-content\/uploads\/2017\/04\/G\u00f3rczyna-pomnikowy-d\u0105b-przy-alejce-parkowej.jpg 532w, https:\/\/www.pomniki-przyrody.pl\/wp-content\/uploads\/2017\/04\/G\u00f3rczyna-pomnikowy-d\u0105b-przy-alejce-parkowej-200x300.jpg 200w\" sizes=\"auto, (max-width: 532px) 100vw, 532px\" \/><\/a><\/p>\n<p><a href=\"https:\/\/www.pomniki-przyrody.pl\/wp-content\/uploads\/2017\/04\/Park-w-G\u00f3rczynie-pie\u0144-pomnikowego-d\u0119bu-szypu\u0142kowego.jpg\"><img loading=\"lazy\" decoding=\"async\" class=\"aligncenter wp-image-11147 size-full\" title=\"Park w G\u00f3rczynie - pie\u0144 pomnikowego d\u0119bu szypu\u0142kowego\" src=\"https:\/\/www.pomniki-przyrody.pl\/wp-content\/uploads\/2017\/04\/Park-w-G\u00f3rczynie-pie\u0144-pomnikowego-d\u0119bu-szypu\u0142kowego.jpg\" width=\"532\" height=\"800\" srcset=\"https:\/\/www.pomniki-przyrody.pl\/wp-content\/uploads\/2017\/04\/Park-w-G\u00f3rczynie-pie\u0144-pomnikowego-d\u0119bu-szypu\u0142kowego.jpg 532w, https:\/\/www.pomniki-przyrody.pl\/wp-content\/uploads\/2017\/04\/Park-w-G\u00f3rczynie-pie\u0144-pomnikowego-d\u0119bu-szypu\u0142kowego-200x300.jpg 200w\" sizes=\"auto, (max-width: 532px) 100vw, 532px\" \/><\/a><\/p>\n<p>Pomi\u0119dzy scen\u0105 a polan\u0105 parkow\u0105 ro\u015bnie pomnikowy grab o obwodzie 255 cm i wysoko\u015bci ok. 17 m.<\/p>\n<p><a href=\"https:\/\/www.pomniki-przyrody.pl\/wp-content\/uploads\/2017\/04\/park-w-G\u00f3rczynie-pomnikowy-grab-pospolity.jpg\"><img loading=\"lazy\" decoding=\"async\" class=\"aligncenter wp-image-11154 size-full\" title=\"park w G\u00f3rczynie - pomnikowy grab pospolity\" src=\"https:\/\/www.pomniki-przyrody.pl\/wp-content\/uploads\/2017\/04\/park-w-G\u00f3rczynie-pomnikowy-grab-pospolity.jpg\" width=\"532\" height=\"800\" srcset=\"https:\/\/www.pomniki-przyrody.pl\/wp-content\/uploads\/2017\/04\/park-w-G\u00f3rczynie-pomnikowy-grab-pospolity.jpg 532w, https:\/\/www.pomniki-przyrody.pl\/wp-content\/uploads\/2017\/04\/park-w-G\u00f3rczynie-pomnikowy-grab-pospolity-200x300.jpg 200w\" sizes=\"auto, (max-width: 532px) 100vw, 532px\" \/><\/a><a href=\"https:\/\/www.pomniki-przyrody.pl\/wp-content\/uploads\/2017\/04\/G\u00f3rczyna-pie\u0144-pomnikowego-graba.jpg\"><img loading=\"lazy\" decoding=\"async\" class=\"aligncenter wp-image-11133 size-full\" title=\"G\u00f3rczyna - pie\u0144 pomnikowego grabu\" src=\"https:\/\/www.pomniki-przyrody.pl\/wp-content\/uploads\/2017\/04\/G\u00f3rczyna-pie\u0144-pomnikowego-graba.jpg\" width=\"532\" height=\"800\" srcset=\"https:\/\/www.pomniki-przyrody.pl\/wp-content\/uploads\/2017\/04\/G\u00f3rczyna-pie\u0144-pomnikowego-graba.jpg 532w, https:\/\/www.pomniki-przyrody.pl\/wp-content\/uploads\/2017\/04\/G\u00f3rczyna-pie\u0144-pomnikowego-graba-200x300.jpg 200w\" sizes=\"auto, (max-width: 532px) 100vw, 532px\" \/><\/a><\/p>\n<p>Obok mocno uszkodzony klon pospolity &#8211; pomnik przyrody o obwodzie 270 cm.<\/p>\n<p><a href=\"https:\/\/www.pomniki-przyrody.pl\/wp-content\/uploads\/2017\/04\/Park-w-G\u00f3rczynie-pomnikowy-klon.jpg\"><img loading=\"lazy\" decoding=\"async\" class=\"aligncenter wp-image-11157 size-full\" title=\"Park w G\u00f3rczynie - pomnikowy klon\" src=\"https:\/\/www.pomniki-przyrody.pl\/wp-content\/uploads\/2017\/04\/Park-w-G\u00f3rczynie-pomnikowy-klon.jpg\" width=\"532\" height=\"800\" srcset=\"https:\/\/www.pomniki-przyrody.pl\/wp-content\/uploads\/2017\/04\/Park-w-G\u00f3rczynie-pomnikowy-klon.jpg 532w, https:\/\/www.pomniki-przyrody.pl\/wp-content\/uploads\/2017\/04\/Park-w-G\u00f3rczynie-pomnikowy-klon-200x300.jpg 200w\" sizes=\"auto, (max-width: 532px) 100vw, 532px\" \/><\/a><\/p>\n<p>Id\u0105c w kierunku blok\u00f3w mieszkaniowych, mijamy rosn\u0105cy obok boiska drugi pomnikowy okaz platana klonolistnego.<\/p>\n<p><a href=\"https:\/\/www.pomniki-przyrody.pl\/wp-content\/uploads\/2017\/04\/Park-w-G\u00f3rczynie-pomnikowy-platan-k.-boiska.jpg\"><img loading=\"lazy\" decoding=\"async\" class=\"aligncenter wp-image-11158 size-full\" title=\"Park w G\u00f3rczynie - pomnikowy platan k. boiska\" src=\"https:\/\/www.pomniki-przyrody.pl\/wp-content\/uploads\/2017\/04\/Park-w-G\u00f3rczynie-pomnikowy-platan-k.-boiska.jpg\" width=\"532\" height=\"800\" srcset=\"https:\/\/www.pomniki-przyrody.pl\/wp-content\/uploads\/2017\/04\/Park-w-G\u00f3rczynie-pomnikowy-platan-k.-boiska.jpg 532w, https:\/\/www.pomniki-przyrody.pl\/wp-content\/uploads\/2017\/04\/Park-w-G\u00f3rczynie-pomnikowy-platan-k.-boiska-200x300.jpg 200w\" sizes=\"auto, (max-width: 532px) 100vw, 532px\" \/><\/a><\/p>\n<p>Obw\u00f3d platana wynosi 330 cm, wysoko\u015b\u0107 drzewa ok. 20 metr\u00f3w.<\/p>\n<p><a href=\"https:\/\/www.pomniki-przyrody.pl\/wp-content\/uploads\/2017\/04\/Park-w-G\u00f3rczynie-pie\u0144-pomnikowego-platana-k.-boiska.jpg\"><img loading=\"lazy\" decoding=\"async\" class=\"aligncenter wp-image-11151 size-full\" title=\"Park w G\u00f3rczynie - pie\u0144 pomnikowego platana k. boiska\" src=\"https:\/\/www.pomniki-przyrody.pl\/wp-content\/uploads\/2017\/04\/Park-w-G\u00f3rczynie-pie\u0144-pomnikowego-platana-k.-boiska.jpg\" width=\"532\" height=\"800\" srcset=\"https:\/\/www.pomniki-przyrody.pl\/wp-content\/uploads\/2017\/04\/Park-w-G\u00f3rczynie-pie\u0144-pomnikowego-platana-k.-boiska.jpg 532w, https:\/\/www.pomniki-przyrody.pl\/wp-content\/uploads\/2017\/04\/Park-w-G\u00f3rczynie-pie\u0144-pomnikowego-platana-k.-boiska-200x300.jpg 200w\" sizes=\"auto, (max-width: 532px) 100vw, 532px\" \/><\/a><\/p>\n<p>Wracamy do p\u00f3\u0142nocnej cz\u0119\u015bci parku, tam po\u015br\u00f3d samosiejek ro\u015bnie jeszcze kilka okaza\u0142ych drzew g\u0119sto oplecionych bluszczem.<\/p>\n<p><a href=\"https:\/\/www.pomniki-przyrody.pl\/wp-content\/uploads\/2017\/04\/Park-w-G\u00f3rczynie-s\u0119dziwe-drzewa-pomi\u0119dzy-samosiejkami.jpg\"><img loading=\"lazy\" decoding=\"async\" class=\"aligncenter wp-image-11159 size-full\" title=\"Park w G\u00f3rczynie - s\u0119dziwe drzewa pomi\u0119dzy samosiejkami\" src=\"https:\/\/www.pomniki-przyrody.pl\/wp-content\/uploads\/2017\/04\/Park-w-G\u00f3rczynie-s\u0119dziwe-drzewa-pomi\u0119dzy-samosiejkami.jpg\" width=\"532\" height=\"800\" srcset=\"https:\/\/www.pomniki-przyrody.pl\/wp-content\/uploads\/2017\/04\/Park-w-G\u00f3rczynie-s\u0119dziwe-drzewa-pomi\u0119dzy-samosiejkami.jpg 532w, https:\/\/www.pomniki-przyrody.pl\/wp-content\/uploads\/2017\/04\/Park-w-G\u00f3rczynie-s\u0119dziwe-drzewa-pomi\u0119dzy-samosiejkami-200x300.jpg 200w\" sizes=\"auto, (max-width: 532px) 100vw, 532px\" \/><\/a><a href=\"https:\/\/www.pomniki-przyrody.pl\/wp-content\/uploads\/2017\/04\/G\u00f3rczyna-pomnikowy-d\u0105b-w-p\u00f3\u0142nocnym-skraju-parku.jpg\"><img loading=\"lazy\" decoding=\"async\" class=\"aligncenter wp-image-11142 size-full\" title=\"G\u00f3rczyna - pomnikowy d\u0105b w p\u00f3\u0142nocnym skraju parku\" src=\"https:\/\/www.pomniki-przyrody.pl\/wp-content\/uploads\/2017\/04\/G\u00f3rczyna-pomnikowy-d\u0105b-w-p\u00f3\u0142nocnym-skraju-parku.jpg\" width=\"532\" height=\"800\" srcset=\"https:\/\/www.pomniki-przyrody.pl\/wp-content\/uploads\/2017\/04\/G\u00f3rczyna-pomnikowy-d\u0105b-w-p\u00f3\u0142nocnym-skraju-parku.jpg 532w, https:\/\/www.pomniki-przyrody.pl\/wp-content\/uploads\/2017\/04\/G\u00f3rczyna-pomnikowy-d\u0105b-w-p\u00f3\u0142nocnym-skraju-parku-200x300.jpg 200w\" sizes=\"auto, (max-width: 532px) 100vw, 532px\" \/><\/a><\/p>\n<p>Pomnikowe drzewa rosn\u0105ce w parku w G\u00f3rczynie oraz okazy rosn\u0105ce w <a href=\"https:\/\/www.pomniki-przyrody.pl\/?p=11099\"><span style=\"color: #0000ff;\">Wyszanowie<\/span><\/a>, stanowi\u0105 komplet pomnik\u00f3w przyrody gminy Szlichtyngowa.<\/p>\n","protected":false},"excerpt":{"rendered":"<p>Barokowy pa\u0142ac w G\u00f3rczynie (gmina Szlichtyngowa, pow. wschowski, lubuskie) z XVIII w. zosta\u0142 opuszczony po 1945 r. i po latach popadania w ruin\u0119, zosta\u0142 rozebrany w latach 70 &#8211; tych XX w. Po pa\u0142acu pozosta\u0142y zabudowania folwarczne, brama wjazdowa oraz &hellip; <a href=\"https:\/\/www.pomniki-przyrody.pl\/?p=11127\">Czytaj dalej <span class=\"meta-nav\">&rarr;<\/span><\/a><\/p>\n","protected":false},"author":2,"featured_media":0,"comment_status":"open","ping_status":"open","sticky":false,"template":"","format":"standard","meta":{"footnotes":""},"categories":[1],"tags":[1525,1530,710,669,1531,318,528,384,1026],"class_list":["post-11127","post","type-post","status-publish","format-standard","hentry","category-przyroda-ozywiona","tag-gmina-szlichtyngowa","tag-gorczyna","tag-klon-pospolity","tag-lubuskie","tag-park-w-gorczynie","tag-pomnikowe-deby","tag-pomnikowe-platany","tag-pomnikowy-grab","tag-wiaz-szypulkowy"],"_links":{"self":[{"href":"https:\/\/www.pomniki-przyrody.pl\/index.php?rest_route=\/wp\/v2\/posts\/11127","targetHints":{"allow":["GET"]}}],"collection":[{"href":"https:\/\/www.pomniki-przyrody.pl\/index.php?rest_route=\/wp\/v2\/posts"}],"about":[{"href":"https:\/\/www.pomniki-przyrody.pl\/index.php?rest_route=\/wp\/v2\/types\/post"}],"author":[{"embeddable":true,"href":"https:\/\/www.pomniki-przyrody.pl\/index.php?rest_route=\/wp\/v2\/users\/2"}],"replies":[{"embeddable":true,"href":"https:\/\/www.pomniki-przyrody.pl\/index.php?rest_route=%2Fwp%2Fv2%2Fcomments&post=11127"}],"version-history":[{"count":3,"href":"https:\/\/www.pomniki-przyrody.pl\/index.php?rest_route=\/wp\/v2\/posts\/11127\/revisions"}],"predecessor-version":[{"id":11203,"href":"https:\/\/www.pomniki-przyrody.pl\/index.php?rest_route=\/wp\/v2\/posts\/11127\/revisions\/11203"}],"wp:attachment":[{"href":"https:\/\/www.pomniki-przyrody.pl\/index.php?rest_route=%2Fwp%2Fv2%2Fmedia&parent=11127"}],"wp:term":[{"taxonomy":"category","embeddable":true,"href":"https:\/\/www.pomniki-przyrody.pl\/index.php?rest_route=%2Fwp%2Fv2%2Fcategories&post=11127"},{"taxonomy":"post_tag","embeddable":true,"href":"https:\/\/www.pomniki-przyrody.pl\/index.php?rest_route=%2Fwp%2Fv2%2Ftags&post=11127"}],"curies":[{"name":"wp","href":"https:\/\/api.w.org\/{rel}","templated":true}]}}