{"id":11337,"date":"2017-06-09T04:28:05","date_gmt":"2017-06-09T02:28:05","guid":{"rendered":"http:\/\/www.pomniki-przyrody.pl\/?p=11337"},"modified":"2017-06-09T11:18:00","modified_gmt":"2017-06-09T09:18:00","slug":"dab-bezszypulkowy-klemens-przy-drodze-turawa-rzedow","status":"publish","type":"post","link":"https:\/\/www.pomniki-przyrody.pl\/?p=11337","title":{"rendered":"D\u0105b bezszypu\u0142kowy &#8222;Klemens&#8221; przy drodze Turawa &#8211; Rz\u0119d\u00f3w."},"content":{"rendered":"<p>D\u0105b <strong>bezszypu\u0142kowy<\/strong> jest jednym z trzech rodzimych gatunk\u00f3w d\u0119bu wyst\u0119puj\u0105cego na terenie Polski (obok szypu\u0142kowego i omszonego). Wyst\u0119puje w naszym kraju zdecydowanie rzadziej ni\u017c d\u0105b szypu\u0142kowy (d\u0105b omszony ro\u015bnie tylko w rezerwacie &#8222;Bielinek&#8221; w zachodniopomorskim). W por\u00f3wnaniu do d\u0119bu szypu\u0142kowego bywa nieco ni\u017cszy, \u017cyje kr\u00f3cej (do 600 lat) i nie osi\u0105ga takich rozmiar\u00f3w pnia (najgrubszy w kraju ma w obwodzie 637 cm).\u00a0<strong>Najstarszy<\/strong> polski d\u0105b bezszypu\u0142kowy ro\u015bnie w Rz\u0119dowie (gm. Turawa, opolskie), po lewej (p\u00f3\u0142nocnej) stronie drogi \u0142\u0105cz\u0105cej Turaw\u0119 z Rz\u0119dowem.<\/p>\n<p>GPS\u00a0N 50\u00b044\u203238\u2033 , E 18\u00b006\u203246\u2033<\/p>\n<p><a href=\"https:\/\/www.pomniki-przyrody.pl\/wp-content\/uploads\/2017\/05\/pomnikowy-d\u0105b-bezszypu\u0142kowy-w-Turawie.jpg\"><img loading=\"lazy\" decoding=\"async\" class=\"aligncenter wp-image-11340 size-full\" title=\"pomnikowy d\u0105b bezszypu\u0142kowy w Turawie\" src=\"https:\/\/www.pomniki-przyrody.pl\/wp-content\/uploads\/2017\/05\/pomnikowy-d\u0105b-bezszypu\u0142kowy-w-Turawie.jpg\" width=\"532\" height=\"800\" srcset=\"https:\/\/www.pomniki-przyrody.pl\/wp-content\/uploads\/2017\/05\/pomnikowy-d\u0105b-bezszypu\u0142kowy-w-Turawie.jpg 532w, https:\/\/www.pomniki-przyrody.pl\/wp-content\/uploads\/2017\/05\/pomnikowy-d\u0105b-bezszypu\u0142kowy-w-Turawie-200x300.jpg 200w\" sizes=\"auto, (max-width: 532px) 100vw, 532px\" \/><\/a><\/p>\n<p><a href=\"https:\/\/www.pomniki-przyrody.pl\/wp-content\/uploads\/2017\/05\/d\u0105b-bezszypu\u0142kowy-Klemens-w-Turawie.jpg\"><img loading=\"lazy\" decoding=\"async\" class=\"aligncenter wp-image-11338 size-full\" title=\"d\u0105b bezszypu\u0142kowy Klemens w Turawie\" src=\"https:\/\/www.pomniki-przyrody.pl\/wp-content\/uploads\/2017\/05\/d\u0105b-bezszypu\u0142kowy-Klemens-w-Turawie.jpg\" width=\"532\" height=\"800\" srcset=\"https:\/\/www.pomniki-przyrody.pl\/wp-content\/uploads\/2017\/05\/d\u0105b-bezszypu\u0142kowy-Klemens-w-Turawie.jpg 532w, https:\/\/www.pomniki-przyrody.pl\/wp-content\/uploads\/2017\/05\/d\u0105b-bezszypu\u0142kowy-Klemens-w-Turawie-200x300.jpg 200w\" sizes=\"auto, (max-width: 532px) 100vw, 532px\" \/><\/a><\/p>\n<p><a href=\"https:\/\/www.pomniki-przyrody.pl\/wp-content\/uploads\/2017\/05\/d\u0105b-Klemens-w-Turawie.jpg\"><img loading=\"lazy\" decoding=\"async\" class=\"aligncenter wp-image-11339 size-full\" title=\"d\u0105b Klemens w Turawie\" src=\"https:\/\/www.pomniki-przyrody.pl\/wp-content\/uploads\/2017\/05\/d\u0105b-Klemens-w-Turawie.jpg\" width=\"532\" height=\"800\" srcset=\"https:\/\/www.pomniki-przyrody.pl\/wp-content\/uploads\/2017\/05\/d\u0105b-Klemens-w-Turawie.jpg 532w, https:\/\/www.pomniki-przyrody.pl\/wp-content\/uploads\/2017\/05\/d\u0105b-Klemens-w-Turawie-200x300.jpg 200w\" sizes=\"auto, (max-width: 532px) 100vw, 532px\" \/><\/a><\/p>\n<p><a href=\"https:\/\/www.pomniki-przyrody.pl\/wp-content\/uploads\/2017\/05\/Turawa-d\u0105b-bezszypu\u0142kowy-Klemens.jpg\"><img loading=\"lazy\" decoding=\"async\" class=\"aligncenter wp-image-11344 size-full\" title=\"Turawa - d\u0105b bezszypu\u0142kowy Klemens\" src=\"https:\/\/www.pomniki-przyrody.pl\/wp-content\/uploads\/2017\/05\/Turawa-d\u0105b-bezszypu\u0142kowy-Klemens.jpg\" width=\"532\" height=\"800\" srcset=\"https:\/\/www.pomniki-przyrody.pl\/wp-content\/uploads\/2017\/05\/Turawa-d\u0105b-bezszypu\u0142kowy-Klemens.jpg 532w, https:\/\/www.pomniki-przyrody.pl\/wp-content\/uploads\/2017\/05\/Turawa-d\u0105b-bezszypu\u0142kowy-Klemens-200x300.jpg 200w\" sizes=\"auto, (max-width: 532px) 100vw, 532px\" \/><\/a><a href=\"https:\/\/www.pomniki-przyrody.pl\/wp-content\/uploads\/2017\/05\/Turawa-pomnikowy-d\u0105b-Klemens.jpg\"><img loading=\"lazy\" decoding=\"async\" class=\"aligncenter wp-image-11347 size-full\" title=\"Turawa - pomnikowy d\u0105b Klemens\" src=\"https:\/\/www.pomniki-przyrody.pl\/wp-content\/uploads\/2017\/05\/Turawa-pomnikowy-d\u0105b-Klemens.jpg\" width=\"532\" height=\"800\" srcset=\"https:\/\/www.pomniki-przyrody.pl\/wp-content\/uploads\/2017\/05\/Turawa-pomnikowy-d\u0105b-Klemens.jpg 532w, https:\/\/www.pomniki-przyrody.pl\/wp-content\/uploads\/2017\/05\/Turawa-pomnikowy-d\u0105b-Klemens-200x300.jpg 200w\" sizes=\"auto, (max-width: 532px) 100vw, 532px\" \/><\/a><\/p>\n<p>W 2015 r. og\u0142oszono konkurs na nazw\u0119 dla d\u0119bu, nast\u0119pnie drog\u0105 Uchwa\u0142y Rady Gminy pomnikowemu drzewu nadano imi\u0119 &#8222;Klemens&#8221;.<\/p>\n<p><a href=\"https:\/\/www.pomniki-przyrody.pl\/wp-content\/uploads\/2017\/05\/tabliczka-pomnik-przyrody-Klemens.jpg\"><img loading=\"lazy\" decoding=\"async\" class=\"aligncenter wp-image-11343 size-full\" title=\"tabliczka - pomnik przyrody Klemens\" src=\"https:\/\/www.pomniki-przyrody.pl\/wp-content\/uploads\/2017\/05\/tabliczka-pomnik-przyrody-Klemens.jpg\" width=\"800\" height=\"571\" srcset=\"https:\/\/www.pomniki-przyrody.pl\/wp-content\/uploads\/2017\/05\/tabliczka-pomnik-przyrody-Klemens.jpg 800w, https:\/\/www.pomniki-przyrody.pl\/wp-content\/uploads\/2017\/05\/tabliczka-pomnik-przyrody-Klemens-300x214.jpg 300w, https:\/\/www.pomniki-przyrody.pl\/wp-content\/uploads\/2017\/05\/tabliczka-pomnik-przyrody-Klemens-768x548.jpg 768w, https:\/\/www.pomniki-przyrody.pl\/wp-content\/uploads\/2017\/05\/tabliczka-pomnik-przyrody-Klemens-420x300.jpg 420w\" sizes=\"auto, (max-width: 800px) 100vw, 800px\" \/><\/a><\/p>\n<p>Drzewo otoczono p\u0142otem, obok ustawiono tablic\u0119 informacyjn\u0105 z opisem gatunku i parametrami drzewa.<\/p>\n<p><a href=\"https:\/\/www.pomniki-przyrody.pl\/wp-content\/uploads\/2017\/05\/tabliczka-d\u0105b-bezszypu\u0142kowy.jpg\"><img loading=\"lazy\" decoding=\"async\" class=\"aligncenter wp-image-11341 size-full\" title=\"tabliczka - d\u0105b bezszypu\u0142kowy\" src=\"https:\/\/www.pomniki-przyrody.pl\/wp-content\/uploads\/2017\/05\/tabliczka-d\u0105b-bezszypu\u0142kowy.jpg\" width=\"543\" height=\"800\" srcset=\"https:\/\/www.pomniki-przyrody.pl\/wp-content\/uploads\/2017\/05\/tabliczka-d\u0105b-bezszypu\u0142kowy.jpg 543w, https:\/\/www.pomniki-przyrody.pl\/wp-content\/uploads\/2017\/05\/tabliczka-d\u0105b-bezszypu\u0142kowy-204x300.jpg 204w\" sizes=\"auto, (max-width: 543px) 100vw, 543px\" \/><\/a><a href=\"https:\/\/www.pomniki-przyrody.pl\/wp-content\/uploads\/2017\/05\/tabliczka-pomnik-przyrody-d\u0105b-bezszypu\u0142kowy.jpg\"><img loading=\"lazy\" decoding=\"async\" class=\"aligncenter wp-image-11342 size-full\" title=\"tabliczka - pomnik przyrody d\u0105b bezszypu\u0142kowy\" src=\"https:\/\/www.pomniki-przyrody.pl\/wp-content\/uploads\/2017\/05\/tabliczka-pomnik-przyrody-d\u0105b-bezszypu\u0142kowy.jpg\" width=\"520\" height=\"750\" srcset=\"https:\/\/www.pomniki-przyrody.pl\/wp-content\/uploads\/2017\/05\/tabliczka-pomnik-przyrody-d\u0105b-bezszypu\u0142kowy.jpg 520w, https:\/\/www.pomniki-przyrody.pl\/wp-content\/uploads\/2017\/05\/tabliczka-pomnik-przyrody-d\u0105b-bezszypu\u0142kowy-208x300.jpg 208w\" sizes=\"auto, (max-width: 520px) 100vw, 520px\" \/><\/a><\/p>\n<p>Obw\u00f3d pomnikowego d\u0119bu wynosi 587 cm, wysoko\u015b\u0107 32 m, wiek (wg Pacyniaka) ponad 400 lat.<\/p>\n<p><a href=\"https:\/\/www.pomniki-przyrody.pl\/wp-content\/uploads\/2017\/05\/Turawa-pie\u0144-d\u0119bu-bezszypu\u0142kowego-Klemens.jpg\"><img loading=\"lazy\" decoding=\"async\" class=\"aligncenter wp-image-11345 size-full\" title=\"Turawa - pie\u0144 d\u0119bu bezszypu\u0142kowego Klemens\" src=\"https:\/\/www.pomniki-przyrody.pl\/wp-content\/uploads\/2017\/05\/Turawa-pie\u0144-d\u0119bu-bezszypu\u0142kowego-Klemens.jpg\" width=\"532\" height=\"800\" srcset=\"https:\/\/www.pomniki-przyrody.pl\/wp-content\/uploads\/2017\/05\/Turawa-pie\u0144-d\u0119bu-bezszypu\u0142kowego-Klemens.jpg 532w, https:\/\/www.pomniki-przyrody.pl\/wp-content\/uploads\/2017\/05\/Turawa-pie\u0144-d\u0119bu-bezszypu\u0142kowego-Klemens-200x300.jpg 200w\" sizes=\"auto, (max-width: 532px) 100vw, 532px\" \/><\/a><a href=\"https:\/\/www.pomniki-przyrody.pl\/wp-content\/uploads\/2017\/05\/Turawa-pie\u0144-pomnikowego-d\u0119bu-bezszypu\u0142kowego.jpg\"><img loading=\"lazy\" decoding=\"async\" class=\"aligncenter wp-image-11346 size-full\" title=\"Turawa - pie\u0144 pomnikowego d\u0119bu bezszypu\u0142kowego\" src=\"https:\/\/www.pomniki-przyrody.pl\/wp-content\/uploads\/2017\/05\/Turawa-pie\u0144-pomnikowego-d\u0119bu-bezszypu\u0142kowego.jpg\" width=\"532\" height=\"800\" srcset=\"https:\/\/www.pomniki-przyrody.pl\/wp-content\/uploads\/2017\/05\/Turawa-pie\u0144-pomnikowego-d\u0119bu-bezszypu\u0142kowego.jpg 532w, https:\/\/www.pomniki-przyrody.pl\/wp-content\/uploads\/2017\/05\/Turawa-pie\u0144-pomnikowego-d\u0119bu-bezszypu\u0142kowego-200x300.jpg 200w\" sizes=\"auto, (max-width: 532px) 100vw, 532px\" \/><\/a><a href=\"https:\/\/www.pomniki-przyrody.pl\/wp-content\/uploads\/2017\/05\/uszkodzenia-na-pniu-d\u0119bu-Klemens.jpg\"><img loading=\"lazy\" decoding=\"async\" class=\"aligncenter wp-image-11348 size-full\" title=\"uszkodzenia na pniu d\u0119bu Klemens\" src=\"https:\/\/www.pomniki-przyrody.pl\/wp-content\/uploads\/2017\/05\/uszkodzenia-na-pniu-d\u0119bu-Klemens.jpg\" width=\"532\" height=\"800\" srcset=\"https:\/\/www.pomniki-przyrody.pl\/wp-content\/uploads\/2017\/05\/uszkodzenia-na-pniu-d\u0119bu-Klemens.jpg 532w, https:\/\/www.pomniki-przyrody.pl\/wp-content\/uploads\/2017\/05\/uszkodzenia-na-pniu-d\u0119bu-Klemens-200x300.jpg 200w\" sizes=\"auto, (max-width: 532px) 100vw, 532px\" \/><\/a><\/p>\n","protected":false},"excerpt":{"rendered":"<p>D\u0105b bezszypu\u0142kowy jest jednym z trzech rodzimych gatunk\u00f3w d\u0119bu wyst\u0119puj\u0105cego na terenie Polski (obok szypu\u0142kowego i omszonego). Wyst\u0119puje w naszym kraju zdecydowanie rzadziej ni\u017c d\u0105b szypu\u0142kowy (d\u0105b omszony ro\u015bnie tylko w rezerwacie &#8222;Bielinek&#8221; w zachodniopomorskim). W por\u00f3wnaniu do d\u0119bu szypu\u0142kowego &hellip; <a href=\"https:\/\/www.pomniki-przyrody.pl\/?p=11337\">Czytaj dalej <span class=\"meta-nav\">&rarr;<\/span><\/a><\/p>\n","protected":false},"author":2,"featured_media":0,"comment_status":"open","ping_status":"open","sticky":false,"template":"","format":"standard","meta":{"footnotes":""},"categories":[1],"tags":[1363,1548,1546,176,667,1550,1549],"class_list":["post-11337","post","type-post","status-publish","format-standard","hentry","category-przyroda-ozywiona","tag-dab-bezszypulkowy","tag-dab-klemens","tag-gmina-turawa","tag-najstarszy-dab","tag-pomnikowy-dab","tag-rzedow","tag-turawa"],"_links":{"self":[{"href":"https:\/\/www.pomniki-przyrody.pl\/index.php?rest_route=\/wp\/v2\/posts\/11337","targetHints":{"allow":["GET"]}}],"collection":[{"href":"https:\/\/www.pomniki-przyrody.pl\/index.php?rest_route=\/wp\/v2\/posts"}],"about":[{"href":"https:\/\/www.pomniki-przyrody.pl\/index.php?rest_route=\/wp\/v2\/types\/post"}],"author":[{"embeddable":true,"href":"https:\/\/www.pomniki-przyrody.pl\/index.php?rest_route=\/wp\/v2\/users\/2"}],"replies":[{"embeddable":true,"href":"https:\/\/www.pomniki-przyrody.pl\/index.php?rest_route=%2Fwp%2Fv2%2Fcomments&post=11337"}],"version-history":[{"count":4,"href":"https:\/\/www.pomniki-przyrody.pl\/index.php?rest_route=\/wp\/v2\/posts\/11337\/revisions"}],"predecessor-version":[{"id":11413,"href":"https:\/\/www.pomniki-przyrody.pl\/index.php?rest_route=\/wp\/v2\/posts\/11337\/revisions\/11413"}],"wp:attachment":[{"href":"https:\/\/www.pomniki-przyrody.pl\/index.php?rest_route=%2Fwp%2Fv2%2Fmedia&parent=11337"}],"wp:term":[{"taxonomy":"category","embeddable":true,"href":"https:\/\/www.pomniki-przyrody.pl\/index.php?rest_route=%2Fwp%2Fv2%2Fcategories&post=11337"},{"taxonomy":"post_tag","embeddable":true,"href":"https:\/\/www.pomniki-przyrody.pl\/index.php?rest_route=%2Fwp%2Fv2%2Ftags&post=11337"}],"curies":[{"name":"wp","href":"https:\/\/api.w.org\/{rel}","templated":true}]}}