{"id":11969,"date":"2017-11-23T00:29:48","date_gmt":"2017-11-22T23:29:48","guid":{"rendered":"http:\/\/www.pomniki-przyrody.pl\/?p=11969"},"modified":"2017-11-23T00:29:48","modified_gmt":"2017-11-22T23:29:48","slug":"pomnikowa-aleja-lipowa-przy-ogrodzie-botanicznym-w-lodzi","status":"publish","type":"post","link":"https:\/\/www.pomniki-przyrody.pl\/?p=11969","title":{"rendered":"Pomnikowa aleja lipowa przy Ogrodzie Botanicznym w \u0141odzi."},"content":{"rendered":"<p>W powszechnym przekonaniu \u0141\u00f3d\u017a (i ka\u017cde du\u017ce, uprzemys\u0142owione miasto) kojarzone jest jako ostatnie miejsce dla mi\u0142o\u015bnika przyrody. Wyobra\u017ania podsuwa nam obrazy betonowej pustyni, komin\u00f3w wielkich fabryk i smr\u00f3d spalin niezliczonej ilo\u015bci przeje\u017cd\u017caj\u0105cych samochod\u00f3w. Owszem, to nieunikniony wizerunek wielkiej aglomeracji, jednak \u0141\u00f3d\u017a ma jeszcze drugie, mniej znane oblicze. W granicach administracyjnych miasta znajduje si\u0119 ogromny kompleks le\u015bny &#8222;Las \u0141agiewnicki&#8221; (zajmuj\u0105cy powierzchni\u0119 ponad 1205 ha), ponadto dwa rezerwaty przyrody, 15 u\u017cytk\u00f3w ekologicznych,\u00a0 39 park\u00f3w miejskich (z czego 12 zabytkowych), ogr\u00f3d botaniczny oraz ogr\u00f3d zoologiczny. Bogata jest r\u00f3wnie\u017c lista pomnik\u00f3w przyrody, licz\u0105ca ok. 300 pozycji. W tej liczbie przewa\u017caj\u0105c\u0105 wi\u0119kszo\u015b\u0107 maj\u0105 pojedyncze egzemplarze drzew, status pomnika przyrody posiada kilka g\u0142az\u00f3w narzutowych, Park \u0179r\u00f3dliska to powierzchniowy pomnik przyrody, opr\u00f3cz tego ochron\u0105 pomnikow\u0105 obj\u0119to dwie aleje drzew. Jedna z nich znajduje si\u0119 w zachodniej cz\u0119\u015bci miasta (dzielnica Polesie), na ko\u0144cu ul. Krzemienieckiej.<\/p>\n<p><a href=\"https:\/\/www.pomniki-przyrody.pl\/wp-content\/uploads\/2017\/11\/pocz\u0105tek-alei-lipowej-w-\u0141odzi.jpg\"><img loading=\"lazy\" decoding=\"async\" class=\"aligncenter wp-image-11988 size-full\" title=\"pocz\u0105tek alei lipowej w \u0141odzi\" src=\"https:\/\/www.pomniki-przyrody.pl\/wp-content\/uploads\/2017\/11\/pocz\u0105tek-alei-lipowej-w-\u0141odzi.jpg\" width=\"800\" height=\"532\" srcset=\"https:\/\/www.pomniki-przyrody.pl\/wp-content\/uploads\/2017\/11\/pocz\u0105tek-alei-lipowej-w-\u0141odzi.jpg 800w, https:\/\/www.pomniki-przyrody.pl\/wp-content\/uploads\/2017\/11\/pocz\u0105tek-alei-lipowej-w-\u0141odzi-300x200.jpg 300w, https:\/\/www.pomniki-przyrody.pl\/wp-content\/uploads\/2017\/11\/pocz\u0105tek-alei-lipowej-w-\u0141odzi-768x511.jpg 768w, https:\/\/www.pomniki-przyrody.pl\/wp-content\/uploads\/2017\/11\/pocz\u0105tek-alei-lipowej-w-\u0141odzi-451x300.jpg 451w\" sizes=\"auto, (max-width: 800px) 100vw, 800px\" \/><\/a><\/p>\n<p>Pocz\u0105tek alei znajduje si\u0119 tu\u017c przy skrzy\u017cowaniu ul. Krzemienieckiej z ul. Konstantynowsk\u0105; aleja biegnie r\u00f3wnolegle do drogi prowadz\u0105cej do bramy Ogrodu Botanicznego.<\/p>\n<p><a href=\"https:\/\/www.pomniki-przyrody.pl\/wp-content\/uploads\/2017\/11\/aleja-lipowa-przy-Ogrodzie-Botanicznym-w-\u0141odzi.jpg\"><img loading=\"lazy\" decoding=\"async\" class=\"aligncenter wp-image-11970 size-full\" title=\"aleja lipowa przy Ogrodzie Botanicznym w \u0141odzi\" src=\"https:\/\/www.pomniki-przyrody.pl\/wp-content\/uploads\/2017\/11\/aleja-lipowa-przy-Ogrodzie-Botanicznym-w-\u0141odzi.jpg\" width=\"800\" height=\"530\" srcset=\"https:\/\/www.pomniki-przyrody.pl\/wp-content\/uploads\/2017\/11\/aleja-lipowa-przy-Ogrodzie-Botanicznym-w-\u0141odzi.jpg 800w, https:\/\/www.pomniki-przyrody.pl\/wp-content\/uploads\/2017\/11\/aleja-lipowa-przy-Ogrodzie-Botanicznym-w-\u0141odzi-300x199.jpg 300w, https:\/\/www.pomniki-przyrody.pl\/wp-content\/uploads\/2017\/11\/aleja-lipowa-przy-Ogrodzie-Botanicznym-w-\u0141odzi-768x509.jpg 768w, https:\/\/www.pomniki-przyrody.pl\/wp-content\/uploads\/2017\/11\/aleja-lipowa-przy-Ogrodzie-Botanicznym-w-\u0141odzi-453x300.jpg 453w\" sizes=\"auto, (max-width: 800px) 100vw, 800px\" \/><\/a><a href=\"https:\/\/www.pomniki-przyrody.pl\/wp-content\/uploads\/2017\/11\/tablica-przy-pomnikowej-alei.jpg\"><img loading=\"lazy\" decoding=\"async\" class=\"aligncenter wp-image-11990 size-full\" title=\"tablica przy pomnikowej alei\" src=\"https:\/\/www.pomniki-przyrody.pl\/wp-content\/uploads\/2017\/11\/tablica-przy-pomnikowej-alei.jpg\" width=\"800\" height=\"532\" srcset=\"https:\/\/www.pomniki-przyrody.pl\/wp-content\/uploads\/2017\/11\/tablica-przy-pomnikowej-alei.jpg 800w, https:\/\/www.pomniki-przyrody.pl\/wp-content\/uploads\/2017\/11\/tablica-przy-pomnikowej-alei-300x200.jpg 300w, https:\/\/www.pomniki-przyrody.pl\/wp-content\/uploads\/2017\/11\/tablica-przy-pomnikowej-alei-768x511.jpg 768w, https:\/\/www.pomniki-przyrody.pl\/wp-content\/uploads\/2017\/11\/tablica-przy-pomnikowej-alei-451x300.jpg 451w\" sizes=\"auto, (max-width: 800px) 100vw, 800px\" \/><\/a><\/p>\n<p>D\u0142ugo\u015b\u0107 pomnikowej alei wynosi ok. 750 m, tworzy j\u0105 107 egzemplarzy drzew:\u00a065 lip drobnolistnych,\u00a041 lip srebrzystych,\u00a01 lipa krymska. Obw\u00f3d lip w alei mie\u015bci si\u0119 w granicach 75 &#8211; 280 cm, wysoko\u015b\u0107 13 &#8211; 18 m. Wiek najstarszych okaz\u00f3w ocenia si\u0119 na ok. 120 lat.<\/p>\n<p><a href=\"https:\/\/www.pomniki-przyrody.pl\/wp-content\/uploads\/2017\/11\/aleja-lipowa-w-\u0141odzi-widok-w-boku.jpg\"><img loading=\"lazy\" decoding=\"async\" class=\"aligncenter wp-image-11973 size-full\" title=\"aleja lipowa w \u0141odzi - widok w boku\" src=\"https:\/\/www.pomniki-przyrody.pl\/wp-content\/uploads\/2017\/11\/aleja-lipowa-w-\u0141odzi-widok-w-boku.jpg\" width=\"800\" height=\"532\" srcset=\"https:\/\/www.pomniki-przyrody.pl\/wp-content\/uploads\/2017\/11\/aleja-lipowa-w-\u0141odzi-widok-w-boku.jpg 800w, https:\/\/www.pomniki-przyrody.pl\/wp-content\/uploads\/2017\/11\/aleja-lipowa-w-\u0141odzi-widok-w-boku-300x200.jpg 300w, https:\/\/www.pomniki-przyrody.pl\/wp-content\/uploads\/2017\/11\/aleja-lipowa-w-\u0141odzi-widok-w-boku-768x511.jpg 768w, https:\/\/www.pomniki-przyrody.pl\/wp-content\/uploads\/2017\/11\/aleja-lipowa-w-\u0141odzi-widok-w-boku-451x300.jpg 451w\" sizes=\"auto, (max-width: 800px) 100vw, 800px\" \/><\/a><a href=\"https:\/\/www.pomniki-przyrody.pl\/wp-content\/uploads\/2017\/11\/pomnik-przyrody-aleja-lipowa-w-\u0141odzi.jpg\"><img loading=\"lazy\" decoding=\"async\" class=\"aligncenter wp-image-11989 size-full\" title=\"pomnik przyrody - aleja lipowa w \u0141odzi\" src=\"https:\/\/www.pomniki-przyrody.pl\/wp-content\/uploads\/2017\/11\/pomnik-przyrody-aleja-lipowa-w-\u0141odzi.jpg\" width=\"530\" height=\"800\" srcset=\"https:\/\/www.pomniki-przyrody.pl\/wp-content\/uploads\/2017\/11\/pomnik-przyrody-aleja-lipowa-w-\u0141odzi.jpg 530w, https:\/\/www.pomniki-przyrody.pl\/wp-content\/uploads\/2017\/11\/pomnik-przyrody-aleja-lipowa-w-\u0141odzi-199x300.jpg 199w\" sizes=\"auto, (max-width: 530px) 100vw, 530px\" \/><\/a><a href=\"https:\/\/www.pomniki-przyrody.pl\/wp-content\/uploads\/2017\/11\/aleja-lipowa-w-\u0141odzi.jpg\"><img loading=\"lazy\" decoding=\"async\" class=\"aligncenter wp-image-11974 size-full\" title=\"aleja lipowa w \u0141odzi\" src=\"https:\/\/www.pomniki-przyrody.pl\/wp-content\/uploads\/2017\/11\/aleja-lipowa-w-\u0141odzi.jpg\" width=\"800\" height=\"532\" srcset=\"https:\/\/www.pomniki-przyrody.pl\/wp-content\/uploads\/2017\/11\/aleja-lipowa-w-\u0141odzi.jpg 800w, https:\/\/www.pomniki-przyrody.pl\/wp-content\/uploads\/2017\/11\/aleja-lipowa-w-\u0141odzi-300x200.jpg 300w, https:\/\/www.pomniki-przyrody.pl\/wp-content\/uploads\/2017\/11\/aleja-lipowa-w-\u0141odzi-768x511.jpg 768w, https:\/\/www.pomniki-przyrody.pl\/wp-content\/uploads\/2017\/11\/aleja-lipowa-w-\u0141odzi-451x300.jpg 451w\" sizes=\"auto, (max-width: 800px) 100vw, 800px\" \/><\/a><\/p>\n<p><a href=\"https:\/\/www.pomniki-przyrody.pl\/wp-content\/uploads\/2017\/11\/fragment-alei-lipowej-przy-kasie-biletowej-Ogrodu-Botanicznego-w-\u0141odzi.jpg\"><img loading=\"lazy\" decoding=\"async\" class=\"aligncenter wp-image-11975 size-full\" title=\"fragment alei lipowej przy kasie biletowej Ogrodu Botanicznego w \u0141odzi\" src=\"https:\/\/www.pomniki-przyrody.pl\/wp-content\/uploads\/2017\/11\/fragment-alei-lipowej-przy-kasie-biletowej-Ogrodu-Botanicznego-w-\u0141odzi.jpg\" width=\"800\" height=\"532\" srcset=\"https:\/\/www.pomniki-przyrody.pl\/wp-content\/uploads\/2017\/11\/fragment-alei-lipowej-przy-kasie-biletowej-Ogrodu-Botanicznego-w-\u0141odzi.jpg 800w, https:\/\/www.pomniki-przyrody.pl\/wp-content\/uploads\/2017\/11\/fragment-alei-lipowej-przy-kasie-biletowej-Ogrodu-Botanicznego-w-\u0141odzi-300x200.jpg 300w, https:\/\/www.pomniki-przyrody.pl\/wp-content\/uploads\/2017\/11\/fragment-alei-lipowej-przy-kasie-biletowej-Ogrodu-Botanicznego-w-\u0141odzi-768x511.jpg 768w, https:\/\/www.pomniki-przyrody.pl\/wp-content\/uploads\/2017\/11\/fragment-alei-lipowej-przy-kasie-biletowej-Ogrodu-Botanicznego-w-\u0141odzi-451x300.jpg 451w\" sizes=\"auto, (max-width: 800px) 100vw, 800px\" \/><\/a><\/p>\n<p>Koniec alei lipowej znajduje si\u0119 ju\u017c na terenie Ogrodu Botanicznego.<\/p>\n<p><a href=\"https:\/\/www.pomniki-przyrody.pl\/wp-content\/uploads\/2017\/11\/kasa-biletowa-Ogrodu-Botanicznego-w-\u0141odzi.jpg\"><img loading=\"lazy\" decoding=\"async\" class=\"aligncenter wp-image-11978 size-full\" title=\"kasa biletowa Ogrodu Botanicznego w \u0141odzi\" src=\"https:\/\/www.pomniki-przyrody.pl\/wp-content\/uploads\/2017\/11\/kasa-biletowa-Ogrodu-Botanicznego-w-\u0141odzi.jpg\" width=\"800\" height=\"532\" srcset=\"https:\/\/www.pomniki-przyrody.pl\/wp-content\/uploads\/2017\/11\/kasa-biletowa-Ogrodu-Botanicznego-w-\u0141odzi.jpg 800w, https:\/\/www.pomniki-przyrody.pl\/wp-content\/uploads\/2017\/11\/kasa-biletowa-Ogrodu-Botanicznego-w-\u0141odzi-300x200.jpg 300w, https:\/\/www.pomniki-przyrody.pl\/wp-content\/uploads\/2017\/11\/kasa-biletowa-Ogrodu-Botanicznego-w-\u0141odzi-768x511.jpg 768w, https:\/\/www.pomniki-przyrody.pl\/wp-content\/uploads\/2017\/11\/kasa-biletowa-Ogrodu-Botanicznego-w-\u0141odzi-451x300.jpg 451w\" sizes=\"auto, (max-width: 800px) 100vw, 800px\" \/><\/a><a href=\"https:\/\/www.pomniki-przyrody.pl\/wp-content\/uploads\/2017\/11\/aleja-lipowa-w-\u0141odzi-widok-od-strony-Ogrodu-Botanicznego.jpg\"><img loading=\"lazy\" decoding=\"async\" class=\"aligncenter wp-image-11972 size-full\" title=\"aleja lipowa w \u0141odzi - widok od strony Ogrodu Botanicznego\" src=\"https:\/\/www.pomniki-przyrody.pl\/wp-content\/uploads\/2017\/11\/aleja-lipowa-w-\u0141odzi-widok-od-strony-Ogrodu-Botanicznego.jpg\" width=\"532\" height=\"800\" srcset=\"https:\/\/www.pomniki-przyrody.pl\/wp-content\/uploads\/2017\/11\/aleja-lipowa-w-\u0141odzi-widok-od-strony-Ogrodu-Botanicznego.jpg 532w, https:\/\/www.pomniki-przyrody.pl\/wp-content\/uploads\/2017\/11\/aleja-lipowa-w-\u0141odzi-widok-od-strony-Ogrodu-Botanicznego-200x300.jpg 200w\" sizes=\"auto, (max-width: 532px) 100vw, 532px\" \/><\/a><a href=\"https:\/\/www.pomniki-przyrody.pl\/wp-content\/uploads\/2017\/11\/Ogr\u00f3d-Botaniczny-w-\u0141odzi-pomnikowa-aleja-lipowa.jpg\"><img loading=\"lazy\" decoding=\"async\" class=\"aligncenter wp-image-11983 size-full\" title=\"Ogr\u00f3d Botaniczny w \u0141odzi - pomnikowa aleja lipowa\" src=\"https:\/\/www.pomniki-przyrody.pl\/wp-content\/uploads\/2017\/11\/Ogr\u00f3d-Botaniczny-w-\u0141odzi-pomnikowa-aleja-lipowa.jpg\" width=\"532\" height=\"800\" srcset=\"https:\/\/www.pomniki-przyrody.pl\/wp-content\/uploads\/2017\/11\/Ogr\u00f3d-Botaniczny-w-\u0141odzi-pomnikowa-aleja-lipowa.jpg 532w, https:\/\/www.pomniki-przyrody.pl\/wp-content\/uploads\/2017\/11\/Ogr\u00f3d-Botaniczny-w-\u0141odzi-pomnikowa-aleja-lipowa-200x300.jpg 200w\" sizes=\"auto, (max-width: 532px) 100vw, 532px\" \/><\/a><a href=\"https:\/\/www.pomniki-przyrody.pl\/wp-content\/uploads\/2017\/11\/aleja-lipowa-w-\u0141odzi-cz\u0119\u015b\u0107-le\u017c\u0105ca-w-Ogrodzie-Botanicznym.jpg\"><img loading=\"lazy\" decoding=\"async\" class=\"aligncenter wp-image-11971 size-full\" title=\"aleja lipowa w \u0141odzi - cz\u0119\u015b\u0107 le\u017c\u0105ca w Ogrodzie Botanicznym\" src=\"https:\/\/www.pomniki-przyrody.pl\/wp-content\/uploads\/2017\/11\/aleja-lipowa-w-\u0141odzi-cz\u0119\u015b\u0107-le\u017c\u0105ca-w-Ogrodzie-Botanicznym.jpg\" width=\"800\" height=\"532\" srcset=\"https:\/\/www.pomniki-przyrody.pl\/wp-content\/uploads\/2017\/11\/aleja-lipowa-w-\u0141odzi-cz\u0119\u015b\u0107-le\u017c\u0105ca-w-Ogrodzie-Botanicznym.jpg 800w, https:\/\/www.pomniki-przyrody.pl\/wp-content\/uploads\/2017\/11\/aleja-lipowa-w-\u0141odzi-cz\u0119\u015b\u0107-le\u017c\u0105ca-w-Ogrodzie-Botanicznym-300x200.jpg 300w, https:\/\/www.pomniki-przyrody.pl\/wp-content\/uploads\/2017\/11\/aleja-lipowa-w-\u0141odzi-cz\u0119\u015b\u0107-le\u017c\u0105ca-w-Ogrodzie-Botanicznym-768x511.jpg 768w, https:\/\/www.pomniki-przyrody.pl\/wp-content\/uploads\/2017\/11\/aleja-lipowa-w-\u0141odzi-cz\u0119\u015b\u0107-le\u017c\u0105ca-w-Ogrodzie-Botanicznym-451x300.jpg 451w\" sizes=\"auto, (max-width: 800px) 100vw, 800px\" \/><\/a><\/p>\n<p>Ogr\u00f3d Botaniczny w \u0141odzi to znakomite miejsce do powolnych spacer\u00f3w po\u0142\u0105czonych ze zdobywaniem wiedzy. Na 65 ha powierzchni znajdziemy zar\u00f3wno cieniste zak\u0105tki do odpoczynku (arboretum) jak i miejsca o otwartej przestrzeni.<\/p>\n<p><a href=\"https:\/\/www.pomniki-przyrody.pl\/wp-content\/uploads\/2017\/11\/plan-Ogrodu-Botanicznego-w-\u0141odzi.jpg\"><img loading=\"lazy\" decoding=\"async\" class=\"aligncenter wp-image-11987 size-full\" title=\"plan Ogrodu Botanicznego w \u0141odzi\" src=\"https:\/\/www.pomniki-przyrody.pl\/wp-content\/uploads\/2017\/11\/plan-Ogrodu-Botanicznego-w-\u0141odzi.jpg\" width=\"1000\" height=\"769\" srcset=\"https:\/\/www.pomniki-przyrody.pl\/wp-content\/uploads\/2017\/11\/plan-Ogrodu-Botanicznego-w-\u0141odzi.jpg 1000w, https:\/\/www.pomniki-przyrody.pl\/wp-content\/uploads\/2017\/11\/plan-Ogrodu-Botanicznego-w-\u0141odzi-300x231.jpg 300w, https:\/\/www.pomniki-przyrody.pl\/wp-content\/uploads\/2017\/11\/plan-Ogrodu-Botanicznego-w-\u0141odzi-768x591.jpg 768w, https:\/\/www.pomniki-przyrody.pl\/wp-content\/uploads\/2017\/11\/plan-Ogrodu-Botanicznego-w-\u0141odzi-390x300.jpg 390w\" sizes=\"auto, (max-width: 1000px) 100vw, 1000px\" \/><\/a><\/p>\n<p><a href=\"https:\/\/www.pomniki-przyrody.pl\/wp-content\/uploads\/2017\/11\/fragment-Ogrodu-Botanicznego-w-\u0141odzi.jpg\"><img loading=\"lazy\" decoding=\"async\" class=\"aligncenter wp-image-11976 size-full\" title=\"fragment Ogrodu Botanicznego w \u0141odzi\" src=\"https:\/\/www.pomniki-przyrody.pl\/wp-content\/uploads\/2017\/11\/fragment-Ogrodu-Botanicznego-w-\u0141odzi.jpg\" width=\"800\" height=\"532\" srcset=\"https:\/\/www.pomniki-przyrody.pl\/wp-content\/uploads\/2017\/11\/fragment-Ogrodu-Botanicznego-w-\u0141odzi.jpg 800w, https:\/\/www.pomniki-przyrody.pl\/wp-content\/uploads\/2017\/11\/fragment-Ogrodu-Botanicznego-w-\u0141odzi-300x200.jpg 300w, https:\/\/www.pomniki-przyrody.pl\/wp-content\/uploads\/2017\/11\/fragment-Ogrodu-Botanicznego-w-\u0141odzi-768x511.jpg 768w, https:\/\/www.pomniki-przyrody.pl\/wp-content\/uploads\/2017\/11\/fragment-Ogrodu-Botanicznego-w-\u0141odzi-451x300.jpg 451w\" sizes=\"auto, (max-width: 800px) 100vw, 800px\" \/><\/a><a href=\"https:\/\/www.pomniki-przyrody.pl\/wp-content\/uploads\/2017\/11\/\u0141\u00f3d\u017a-Ogr\u00f3d-Botaniczny.jpg\"><img loading=\"lazy\" decoding=\"async\" class=\"aligncenter wp-image-11980 size-full\" title=\"\u0141\u00f3d\u017a - Ogr\u00f3d Botaniczny\" src=\"https:\/\/www.pomniki-przyrody.pl\/wp-content\/uploads\/2017\/11\/\u0141\u00f3d\u017a-Ogr\u00f3d-Botaniczny.jpg\" width=\"800\" height=\"532\" srcset=\"https:\/\/www.pomniki-przyrody.pl\/wp-content\/uploads\/2017\/11\/\u0141\u00f3d\u017a-Ogr\u00f3d-Botaniczny.jpg 800w, https:\/\/www.pomniki-przyrody.pl\/wp-content\/uploads\/2017\/11\/\u0141\u00f3d\u017a-Ogr\u00f3d-Botaniczny-300x200.jpg 300w, https:\/\/www.pomniki-przyrody.pl\/wp-content\/uploads\/2017\/11\/\u0141\u00f3d\u017a-Ogr\u00f3d-Botaniczny-768x511.jpg 768w, https:\/\/www.pomniki-przyrody.pl\/wp-content\/uploads\/2017\/11\/\u0141\u00f3d\u017a-Ogr\u00f3d-Botaniczny-451x300.jpg 451w\" sizes=\"auto, (max-width: 800px) 100vw, 800px\" \/><\/a><a href=\"https:\/\/www.pomniki-przyrody.pl\/wp-content\/uploads\/2017\/11\/Ogr\u00f3d-Botaniczny-w-\u0141odzi-dzia\u0142-ro\u015blin-zielnych.jpg\"><img loading=\"lazy\" decoding=\"async\" class=\"aligncenter wp-image-11981 size-full\" title=\"Ogr\u00f3d Botaniczny w \u0141odzi - dzia\u0142 ro\u015blin zielnych\" src=\"https:\/\/www.pomniki-przyrody.pl\/wp-content\/uploads\/2017\/11\/Ogr\u00f3d-Botaniczny-w-\u0141odzi-dzia\u0142-ro\u015blin-zielnych.jpg\" width=\"800\" height=\"532\" srcset=\"https:\/\/www.pomniki-przyrody.pl\/wp-content\/uploads\/2017\/11\/Ogr\u00f3d-Botaniczny-w-\u0141odzi-dzia\u0142-ro\u015blin-zielnych.jpg 800w, https:\/\/www.pomniki-przyrody.pl\/wp-content\/uploads\/2017\/11\/Ogr\u00f3d-Botaniczny-w-\u0141odzi-dzia\u0142-ro\u015blin-zielnych-300x200.jpg 300w, https:\/\/www.pomniki-przyrody.pl\/wp-content\/uploads\/2017\/11\/Ogr\u00f3d-Botaniczny-w-\u0141odzi-dzia\u0142-ro\u015blin-zielnych-768x511.jpg 768w, https:\/\/www.pomniki-przyrody.pl\/wp-content\/uploads\/2017\/11\/Ogr\u00f3d-Botaniczny-w-\u0141odzi-dzia\u0142-ro\u015blin-zielnych-451x300.jpg 451w\" sizes=\"auto, (max-width: 800px) 100vw, 800px\" \/><\/a><a href=\"https:\/\/www.pomniki-przyrody.pl\/wp-content\/uploads\/2017\/11\/dzki-Ogr\u00f3d-Botaniczny-e1510862656975.jpg\"><img loading=\"lazy\" decoding=\"async\" class=\"aligncenter wp-image-11979 size-full\" title=\"\u0142\u00f3dzki Ogr\u00f3d Botaniczny\" src=\"https:\/\/www.pomniki-przyrody.pl\/wp-content\/uploads\/2017\/11\/dzki-Ogr\u00f3d-Botaniczny-e1510862656975.jpg\" width=\"800\" height=\"615\" \/><\/a><a href=\"https:\/\/www.pomniki-przyrody.pl\/wp-content\/uploads\/2017\/11\/Ogr\u00f3d-Botaniczny-w-\u0141odzi.jpg\"><img loading=\"lazy\" decoding=\"async\" class=\"aligncenter wp-image-11985 size-full\" title=\"Ogr\u00f3d Botaniczny w \u0141odzi\" src=\"https:\/\/www.pomniki-przyrody.pl\/wp-content\/uploads\/2017\/11\/Ogr\u00f3d-Botaniczny-w-\u0141odzi.jpg\" width=\"800\" height=\"532\" srcset=\"https:\/\/www.pomniki-przyrody.pl\/wp-content\/uploads\/2017\/11\/Ogr\u00f3d-Botaniczny-w-\u0141odzi.jpg 800w, https:\/\/www.pomniki-przyrody.pl\/wp-content\/uploads\/2017\/11\/Ogr\u00f3d-Botaniczny-w-\u0141odzi-300x200.jpg 300w, https:\/\/www.pomniki-przyrody.pl\/wp-content\/uploads\/2017\/11\/Ogr\u00f3d-Botaniczny-w-\u0141odzi-768x511.jpg 768w, https:\/\/www.pomniki-przyrody.pl\/wp-content\/uploads\/2017\/11\/Ogr\u00f3d-Botaniczny-w-\u0141odzi-451x300.jpg 451w\" sizes=\"auto, (max-width: 800px) 100vw, 800px\" \/><\/a><\/p>\n<p>Chyba najpi\u0119kniejszymi cz\u0119\u015bciami Ogrodu s\u0105 Alpinarium i Ogr\u00f3d Japo\u0144ski. Powierzchnie oczek wodnych urzekaj\u0105 pi\u0119knem nenufar\u00f3w.<\/p>\n<p><a href=\"https:\/\/www.pomniki-przyrody.pl\/wp-content\/uploads\/2017\/11\/Ogr\u00f3d-Japo\u0144ski-w-Ogrodzie-Botanicznym-w-\u0141odzi.jpg\"><img loading=\"lazy\" decoding=\"async\" class=\"aligncenter wp-image-11986 size-full\" title=\"Ogr\u00f3d Japo\u0144ski w Ogrodzie Botanicznym w \u0141odzi\" src=\"https:\/\/www.pomniki-przyrody.pl\/wp-content\/uploads\/2017\/11\/Ogr\u00f3d-Japo\u0144ski-w-Ogrodzie-Botanicznym-w-\u0141odzi.jpg\" width=\"800\" height=\"532\" srcset=\"https:\/\/www.pomniki-przyrody.pl\/wp-content\/uploads\/2017\/11\/Ogr\u00f3d-Japo\u0144ski-w-Ogrodzie-Botanicznym-w-\u0141odzi.jpg 800w, https:\/\/www.pomniki-przyrody.pl\/wp-content\/uploads\/2017\/11\/Ogr\u00f3d-Japo\u0144ski-w-Ogrodzie-Botanicznym-w-\u0141odzi-300x200.jpg 300w, https:\/\/www.pomniki-przyrody.pl\/wp-content\/uploads\/2017\/11\/Ogr\u00f3d-Japo\u0144ski-w-Ogrodzie-Botanicznym-w-\u0141odzi-768x511.jpg 768w, https:\/\/www.pomniki-przyrody.pl\/wp-content\/uploads\/2017\/11\/Ogr\u00f3d-Japo\u0144ski-w-Ogrodzie-Botanicznym-w-\u0141odzi-451x300.jpg 451w\" sizes=\"auto, (max-width: 800px) 100vw, 800px\" \/><\/a><a href=\"https:\/\/www.pomniki-przyrody.pl\/wp-content\/uploads\/2017\/11\/g\u0142azy-w-Ogrodzie-Botanicznym-w-\u0141odzi.jpg\"><img loading=\"lazy\" decoding=\"async\" class=\"aligncenter wp-image-11977 size-full\" title=\"g\u0142azy w Ogrodzie Botanicznym w \u0141odzi\" src=\"https:\/\/www.pomniki-przyrody.pl\/wp-content\/uploads\/2017\/11\/g\u0142azy-w-Ogrodzie-Botanicznym-w-\u0141odzi.jpg\" width=\"800\" height=\"532\" srcset=\"https:\/\/www.pomniki-przyrody.pl\/wp-content\/uploads\/2017\/11\/g\u0142azy-w-Ogrodzie-Botanicznym-w-\u0141odzi.jpg 800w, https:\/\/www.pomniki-przyrody.pl\/wp-content\/uploads\/2017\/11\/g\u0142azy-w-Ogrodzie-Botanicznym-w-\u0141odzi-300x200.jpg 300w, https:\/\/www.pomniki-przyrody.pl\/wp-content\/uploads\/2017\/11\/g\u0142azy-w-Ogrodzie-Botanicznym-w-\u0141odzi-768x511.jpg 768w, https:\/\/www.pomniki-przyrody.pl\/wp-content\/uploads\/2017\/11\/g\u0142azy-w-Ogrodzie-Botanicznym-w-\u0141odzi-451x300.jpg 451w\" sizes=\"auto, (max-width: 800px) 100vw, 800px\" \/><\/a><a href=\"https:\/\/www.pomniki-przyrody.pl\/wp-content\/uploads\/2017\/11\/Ogr\u00f3d-Botaniczny-w-\u0141odzi-lilia-wodna.jpg\"><img loading=\"lazy\" decoding=\"async\" class=\"aligncenter wp-image-11982 size-full\" title=\"Ogr\u00f3d Botaniczny w \u0141odzi - lilia wodna\" src=\"https:\/\/www.pomniki-przyrody.pl\/wp-content\/uploads\/2017\/11\/Ogr\u00f3d-Botaniczny-w-\u0141odzi-lilia-wodna.jpg\" width=\"800\" height=\"615\" srcset=\"https:\/\/www.pomniki-przyrody.pl\/wp-content\/uploads\/2017\/11\/Ogr\u00f3d-Botaniczny-w-\u0141odzi-lilia-wodna.jpg 800w, https:\/\/www.pomniki-przyrody.pl\/wp-content\/uploads\/2017\/11\/Ogr\u00f3d-Botaniczny-w-\u0141odzi-lilia-wodna-300x231.jpg 300w, https:\/\/www.pomniki-przyrody.pl\/wp-content\/uploads\/2017\/11\/Ogr\u00f3d-Botaniczny-w-\u0141odzi-lilia-wodna-768x590.jpg 768w, https:\/\/www.pomniki-przyrody.pl\/wp-content\/uploads\/2017\/11\/Ogr\u00f3d-Botaniczny-w-\u0141odzi-lilia-wodna-390x300.jpg 390w\" sizes=\"auto, (max-width: 800px) 100vw, 800px\" \/><\/a><\/p>\n<p>W \u0142\u00f3dzkim Ogrodzie Botanicznym mo\u017cna czerpa\u0107 wiedz\u0119 nie tylko na temat przyrody o\u017cywionej. Utworzono tu \u015bcie\u017ck\u0119 dydaktyczn\u0105 &#8222;Ska\u0142y Ogrodu Botanicznego&#8221;\u00a0ukazuj\u0105c\u0105 r\u00f3\u017cnorodno\u015b\u0107 ska\u0142 i minera\u0142\u00f3w.<\/p>\n<p><a href=\"https:\/\/www.pomniki-przyrody.pl\/wp-content\/uploads\/2017\/11\/tablica-\u015bciezki-dydaktycznej-w-Ogrodzie-Botanicznym-w-\u0141odzi.jpg\"><img loading=\"lazy\" decoding=\"async\" class=\"aligncenter wp-image-11991 size-full\" title=\"tablica \u015bcie\u017cki dydaktycznej w Ogrodzie Botanicznym w \u0141odzi\" src=\"https:\/\/www.pomniki-przyrody.pl\/wp-content\/uploads\/2017\/11\/tablica-\u015bciezki-dydaktycznej-w-Ogrodzie-Botanicznym-w-\u0141odzi.jpg\" width=\"1000\" height=\"823\" srcset=\"https:\/\/www.pomniki-przyrody.pl\/wp-content\/uploads\/2017\/11\/tablica-\u015bciezki-dydaktycznej-w-Ogrodzie-Botanicznym-w-\u0141odzi.jpg 1000w, https:\/\/www.pomniki-przyrody.pl\/wp-content\/uploads\/2017\/11\/tablica-\u015bciezki-dydaktycznej-w-Ogrodzie-Botanicznym-w-\u0141odzi-300x247.jpg 300w, https:\/\/www.pomniki-przyrody.pl\/wp-content\/uploads\/2017\/11\/tablica-\u015bciezki-dydaktycznej-w-Ogrodzie-Botanicznym-w-\u0141odzi-768x632.jpg 768w, https:\/\/www.pomniki-przyrody.pl\/wp-content\/uploads\/2017\/11\/tablica-\u015bciezki-dydaktycznej-w-Ogrodzie-Botanicznym-w-\u0141odzi-365x300.jpg 365w\" sizes=\"auto, (max-width: 1000px) 100vw, 1000px\" \/><\/a><a href=\"https:\/\/www.pomniki-przyrody.pl\/wp-content\/uploads\/2017\/11\/Ogr\u00f3d-Botaniczny-w-\u0141odzi-ska\u0142a-zlepie\u0144cowa.jpg\"><img loading=\"lazy\" decoding=\"async\" class=\"aligncenter wp-image-11984 size-full\" title=\"Ogr\u00f3d Botaniczny w \u0141odzi - ska\u0142a z piaskowca zlepie\u0144cowatego\" src=\"https:\/\/www.pomniki-przyrody.pl\/wp-content\/uploads\/2017\/11\/Ogr\u00f3d-Botaniczny-w-\u0141odzi-ska\u0142a-zlepie\u0144cowa.jpg\" width=\"800\" height=\"532\" srcset=\"https:\/\/www.pomniki-przyrody.pl\/wp-content\/uploads\/2017\/11\/Ogr\u00f3d-Botaniczny-w-\u0141odzi-ska\u0142a-zlepie\u0144cowa.jpg 800w, https:\/\/www.pomniki-przyrody.pl\/wp-content\/uploads\/2017\/11\/Ogr\u00f3d-Botaniczny-w-\u0141odzi-ska\u0142a-zlepie\u0144cowa-300x200.jpg 300w, https:\/\/www.pomniki-przyrody.pl\/wp-content\/uploads\/2017\/11\/Ogr\u00f3d-Botaniczny-w-\u0141odzi-ska\u0142a-zlepie\u0144cowa-768x511.jpg 768w, https:\/\/www.pomniki-przyrody.pl\/wp-content\/uploads\/2017\/11\/Ogr\u00f3d-Botaniczny-w-\u0141odzi-ska\u0142a-zlepie\u0144cowa-451x300.jpg 451w\" sizes=\"auto, (max-width: 800px) 100vw, 800px\" \/><\/a><\/p>\n","protected":false},"excerpt":{"rendered":"<p>W powszechnym przekonaniu \u0141\u00f3d\u017a (i ka\u017cde du\u017ce, uprzemys\u0142owione miasto) kojarzone jest jako ostatnie miejsce dla mi\u0142o\u015bnika przyrody. Wyobra\u017ania podsuwa nam obrazy betonowej pustyni, komin\u00f3w wielkich fabryk i smr\u00f3d spalin niezliczonej ilo\u015bci przeje\u017cd\u017caj\u0105cych samochod\u00f3w. Owszem, to nieunikniony wizerunek wielkiej aglomeracji, jednak &hellip; <a href=\"https:\/\/www.pomniki-przyrody.pl\/?p=11969\">Czytaj dalej <span class=\"meta-nav\">&rarr;<\/span><\/a><\/p>\n","protected":false},"author":2,"featured_media":0,"comment_status":"open","ping_status":"open","sticky":false,"template":"","format":"standard","meta":{"footnotes":""},"categories":[1],"tags":[181,1617,123,1611,1401],"class_list":["post-11969","post","type-post","status-publish","format-standard","hentry","category-przyroda-ozywiona","tag-aleja-lipowa","tag-ogrod-botaniczny-w-lodzi","tag-pomnikowe-lipy","tag-lodz","tag-lodzkie"],"_links":{"self":[{"href":"https:\/\/www.pomniki-przyrody.pl\/index.php?rest_route=\/wp\/v2\/posts\/11969","targetHints":{"allow":["GET"]}}],"collection":[{"href":"https:\/\/www.pomniki-przyrody.pl\/index.php?rest_route=\/wp\/v2\/posts"}],"about":[{"href":"https:\/\/www.pomniki-przyrody.pl\/index.php?rest_route=\/wp\/v2\/types\/post"}],"author":[{"embeddable":true,"href":"https:\/\/www.pomniki-przyrody.pl\/index.php?rest_route=\/wp\/v2\/users\/2"}],"replies":[{"embeddable":true,"href":"https:\/\/www.pomniki-przyrody.pl\/index.php?rest_route=%2Fwp%2Fv2%2Fcomments&post=11969"}],"version-history":[{"count":3,"href":"https:\/\/www.pomniki-przyrody.pl\/index.php?rest_route=\/wp\/v2\/posts\/11969\/revisions"}],"predecessor-version":[{"id":11997,"href":"https:\/\/www.pomniki-przyrody.pl\/index.php?rest_route=\/wp\/v2\/posts\/11969\/revisions\/11997"}],"wp:attachment":[{"href":"https:\/\/www.pomniki-przyrody.pl\/index.php?rest_route=%2Fwp%2Fv2%2Fmedia&parent=11969"}],"wp:term":[{"taxonomy":"category","embeddable":true,"href":"https:\/\/www.pomniki-przyrody.pl\/index.php?rest_route=%2Fwp%2Fv2%2Fcategories&post=11969"},{"taxonomy":"post_tag","embeddable":true,"href":"https:\/\/www.pomniki-przyrody.pl\/index.php?rest_route=%2Fwp%2Fv2%2Ftags&post=11969"}],"curies":[{"name":"wp","href":"https:\/\/api.w.org\/{rel}","templated":true}]}}