{"id":12098,"date":"2017-12-20T14:58:31","date_gmt":"2017-12-20T13:58:31","guid":{"rendered":"http:\/\/www.pomniki-przyrody.pl\/?p=12098"},"modified":"2019-04-29T22:26:44","modified_gmt":"2019-04-29T20:26:44","slug":"park-zrodliska-ii-w-lodzi","status":"publish","type":"post","link":"https:\/\/www.pomniki-przyrody.pl\/?p=12098","title":{"rendered":"Park \u0179r\u00f3dliska II w \u0141odzi."},"content":{"rendered":"<p>W ko\u0144cu lat 50. XIX w. Park \u0179r\u00f3dliska zosta\u0142 podzielony, a jego zachodni\u0105 cz\u0119\u015b\u0107 (obecnie Park \u0179r\u00f3dliska II) wydzier\u017cawiono belgijskiemu fabrykantowi Karolowi Wilhelmowi Scheiblerowi. Przemys\u0142owiec wybudowa\u0142 wkr\u00f3tce na skraju parku\u00a0fabryk\u0119, doprowadzi\u0142 lini\u0119 kolejow\u0105 oraz wzni\u00f3s\u0142 okaza\u0142\u0105 rezydencj\u0119 (obecnie Muzeum Kinematografii). W tym samym czasie\u00a0berli\u0144ska firma ogrodnicza L. Sp\u00e4tha zajmowa\u0142a si\u0119 przebudow\u0105 ogrodu &#8211; zastany naturalny starodrzew wzbogacono o gatunki egzotyczne, postawiono budowle parkowe. Dzisiaj Park \u0179r\u00f3dliska II to\u00a06,65 ha ogrodu krajobrazowego w stylu angielskim, oaza ciszy i spokoju w s\u0105siedztwie ruchliwych arterii przebiegaj\u0105cych przez centrum \u0141odzi. Teren jest ogrodzony, zamykany w porze nocnej i podobnie jak <a href=\"https:\/\/www.pomniki-przyrody.pl\/?p=12068\"><span style=\"color: #0000ff;\">Park \u0179r\u00f3dliska I<\/span><\/a> w ca\u0142o\u015bci chroniony jako pomnik przyrody.<\/p>\n<p><a href=\"https:\/\/www.pomniki-przyrody.pl\/wp-content\/uploads\/2017\/12\/tablica-przy-wej\u015bciu-do-Parku-\u0179r\u00f3dliska-II-w-\u0141odzi.jpg\"><img loading=\"lazy\" decoding=\"async\" class=\"aligncenter wp-image-12125 size-full\" title=\"tablica przy wej\u015bciu do Parku \u0179r\u00f3dliska II w \u0141odzi\" src=\"https:\/\/www.pomniki-przyrody.pl\/wp-content\/uploads\/2017\/12\/tablica-przy-wej\u015bciu-do-Parku-\u0179r\u00f3dliska-II-w-\u0141odzi.jpg\" width=\"800\" height=\"588\" srcset=\"https:\/\/www.pomniki-przyrody.pl\/wp-content\/uploads\/2017\/12\/tablica-przy-wej\u015bciu-do-Parku-\u0179r\u00f3dliska-II-w-\u0141odzi.jpg 800w, https:\/\/www.pomniki-przyrody.pl\/wp-content\/uploads\/2017\/12\/tablica-przy-wej\u015bciu-do-Parku-\u0179r\u00f3dliska-II-w-\u0141odzi-300x221.jpg 300w, https:\/\/www.pomniki-przyrody.pl\/wp-content\/uploads\/2017\/12\/tablica-przy-wej\u015bciu-do-Parku-\u0179r\u00f3dliska-II-w-\u0141odzi-768x564.jpg 768w, https:\/\/www.pomniki-przyrody.pl\/wp-content\/uploads\/2017\/12\/tablica-przy-wej\u015bciu-do-Parku-\u0179r\u00f3dliska-II-w-\u0141odzi-408x300.jpg 408w\" sizes=\"auto, (max-width: 800px) 100vw, 800px\" \/><\/a><\/p>\n<p>Wsp\u00f3lne zwiedzanie parku rozpoczniemy przy bramie znajduj\u0105cej si\u0119 obok Muzeum Kinematografii. Tu\u017c za wej\u015bciem mo\u017cemy podziwia\u0107 ogromne, licz\u0105ce sobie ponad 300 lat d\u0119by szypu\u0142kowe. Ponadto pojedyncze, jeszcze niezbyt wyro\u015bni\u0119te okazy platana klonolistnego.<\/p>\n<p><a href=\"https:\/\/www.pomniki-przyrody.pl\/wp-content\/uploads\/2017\/12\/Park-\u0179r\u00f3dliska-II-okaza\u0142e-d\u0119by-przy-g\u0142\u00f3wnej-alejce.jpg\"><img loading=\"lazy\" decoding=\"async\" class=\"aligncenter wp-image-12108 size-full\" title=\"Park \u0179r\u00f3dliska II - okaza\u0142e d\u0119by przy g\u0142\u00f3wnej alejce\" src=\"https:\/\/www.pomniki-przyrody.pl\/wp-content\/uploads\/2017\/12\/Park-\u0179r\u00f3dliska-II-okaza\u0142e-d\u0119by-przy-g\u0142\u00f3wnej-alejce.jpg\" width=\"532\" height=\"800\" srcset=\"https:\/\/www.pomniki-przyrody.pl\/wp-content\/uploads\/2017\/12\/Park-\u0179r\u00f3dliska-II-okaza\u0142e-d\u0119by-przy-g\u0142\u00f3wnej-alejce.jpg 532w, https:\/\/www.pomniki-przyrody.pl\/wp-content\/uploads\/2017\/12\/Park-\u0179r\u00f3dliska-II-okaza\u0142e-d\u0119by-przy-g\u0142\u00f3wnej-alejce-200x300.jpg 200w\" sizes=\"auto, (max-width: 532px) 100vw, 532px\" \/><\/a><a href=\"https:\/\/www.pomniki-przyrody.pl\/wp-content\/uploads\/2017\/12\/Park-\u0179r\u00f3dliska-II-pomnikowe-d\u0119by.jpg\"><img loading=\"lazy\" decoding=\"async\" class=\"aligncenter wp-image-12120 size-full\" title=\"Park \u0179r\u00f3dliska II - pomnikowe d\u0119by\" src=\"https:\/\/www.pomniki-przyrody.pl\/wp-content\/uploads\/2017\/12\/Park-\u0179r\u00f3dliska-II-pomnikowe-d\u0119by.jpg\" width=\"532\" height=\"800\" srcset=\"https:\/\/www.pomniki-przyrody.pl\/wp-content\/uploads\/2017\/12\/Park-\u0179r\u00f3dliska-II-pomnikowe-d\u0119by.jpg 532w, https:\/\/www.pomniki-przyrody.pl\/wp-content\/uploads\/2017\/12\/Park-\u0179r\u00f3dliska-II-pomnikowe-d\u0119by-200x300.jpg 200w\" sizes=\"auto, (max-width: 532px) 100vw, 532px\" \/><\/a><\/p>\n<p><a href=\"https:\/\/www.pomniki-przyrody.pl\/wp-content\/uploads\/2017\/12\/Park-\u0179r\u00f3dliska-II-pomnikowe-d\u0119by-szypu\u0142kowe.jpg\"><img loading=\"lazy\" decoding=\"async\" class=\"aligncenter wp-image-12119 size-full\" title=\"Park \u0179r\u00f3dliska II - pomnikowe d\u0119by szypu\u0142kowe\" src=\"https:\/\/www.pomniki-przyrody.pl\/wp-content\/uploads\/2017\/12\/Park-\u0179r\u00f3dliska-II-pomnikowe-d\u0119by-szypu\u0142kowe.jpg\" width=\"532\" height=\"800\" srcset=\"https:\/\/www.pomniki-przyrody.pl\/wp-content\/uploads\/2017\/12\/Park-\u0179r\u00f3dliska-II-pomnikowe-d\u0119by-szypu\u0142kowe.jpg 532w, https:\/\/www.pomniki-przyrody.pl\/wp-content\/uploads\/2017\/12\/Park-\u0179r\u00f3dliska-II-pomnikowe-d\u0119by-szypu\u0142kowe-200x300.jpg 200w\" sizes=\"auto, (max-width: 532px) 100vw, 532px\" \/><\/a><a href=\"https:\/\/www.pomniki-przyrody.pl\/wp-content\/uploads\/2017\/12\/Park-\u0179r\u00f3dliska-II-grupa-pomnikowych-d\u0119b\u00f3w.jpg\"><img loading=\"lazy\" decoding=\"async\" class=\"aligncenter wp-image-12104 size-full\" title=\"Park \u0179r\u00f3dliska II - grupa pomnikowych d\u0119b\u00f3w\" src=\"https:\/\/www.pomniki-przyrody.pl\/wp-content\/uploads\/2017\/12\/Park-\u0179r\u00f3dliska-II-grupa-pomnikowych-d\u0119b\u00f3w.jpg\" width=\"800\" height=\"532\" srcset=\"https:\/\/www.pomniki-przyrody.pl\/wp-content\/uploads\/2017\/12\/Park-\u0179r\u00f3dliska-II-grupa-pomnikowych-d\u0119b\u00f3w.jpg 800w, https:\/\/www.pomniki-przyrody.pl\/wp-content\/uploads\/2017\/12\/Park-\u0179r\u00f3dliska-II-grupa-pomnikowych-d\u0119b\u00f3w-300x200.jpg 300w, https:\/\/www.pomniki-przyrody.pl\/wp-content\/uploads\/2017\/12\/Park-\u0179r\u00f3dliska-II-grupa-pomnikowych-d\u0119b\u00f3w-768x511.jpg 768w, https:\/\/www.pomniki-przyrody.pl\/wp-content\/uploads\/2017\/12\/Park-\u0179r\u00f3dliska-II-grupa-pomnikowych-d\u0119b\u00f3w-451x300.jpg 451w\" sizes=\"auto, (max-width: 800px) 100vw, 800px\" \/><\/a><a href=\"https:\/\/www.pomniki-przyrody.pl\/wp-content\/uploads\/2017\/12\/Park-\u0179r\u00f3dliska-II-pie\u0144-ogromnego-d\u0119bu.jpg\"><img loading=\"lazy\" decoding=\"async\" class=\"aligncenter wp-image-12114 size-full\" title=\"Park \u0179r\u00f3dliska II - pie\u0144 ogromnego d\u0119bu\" src=\"https:\/\/www.pomniki-przyrody.pl\/wp-content\/uploads\/2017\/12\/Park-\u0179r\u00f3dliska-II-pie\u0144-ogromnego-d\u0119bu.jpg\" width=\"532\" height=\"800\" srcset=\"https:\/\/www.pomniki-przyrody.pl\/wp-content\/uploads\/2017\/12\/Park-\u0179r\u00f3dliska-II-pie\u0144-ogromnego-d\u0119bu.jpg 532w, https:\/\/www.pomniki-przyrody.pl\/wp-content\/uploads\/2017\/12\/Park-\u0179r\u00f3dliska-II-pie\u0144-ogromnego-d\u0119bu-200x300.jpg 200w\" sizes=\"auto, (max-width: 532px) 100vw, 532px\" \/><\/a><\/p>\n<p>Przy skrzy\u017cowaniu alejek ro\u015bnie najgrubszy okaz o obwodzie 514 cm.<\/p>\n<p><a href=\"https:\/\/www.pomniki-przyrody.pl\/wp-content\/uploads\/2017\/12\/Park-\u0179r\u00f3dliska-II-pien-okaza\u0142ego-d\u0119bu.jpg\"><img loading=\"lazy\" decoding=\"async\" class=\"aligncenter wp-image-12112 size-full\" title=\"Park \u0179r\u00f3dliska II - pie\u0144 okaza\u0142ego d\u0119bu\" src=\"https:\/\/www.pomniki-przyrody.pl\/wp-content\/uploads\/2017\/12\/Park-\u0179r\u00f3dliska-II-pien-okaza\u0142ego-d\u0119bu.jpg\" width=\"532\" height=\"800\" srcset=\"https:\/\/www.pomniki-przyrody.pl\/wp-content\/uploads\/2017\/12\/Park-\u0179r\u00f3dliska-II-pien-okaza\u0142ego-d\u0119bu.jpg 532w, https:\/\/www.pomniki-przyrody.pl\/wp-content\/uploads\/2017\/12\/Park-\u0179r\u00f3dliska-II-pien-okaza\u0142ego-d\u0119bu-200x300.jpg 200w\" sizes=\"auto, (max-width: 532px) 100vw, 532px\" \/><\/a><\/p>\n<p>Spaceruj\u0105c dalej alejk\u0105 parkow\u0105 dotrzemy do zrujnowanej groty zbudowanej z tufu wulkanicznego.<\/p>\n<p><a href=\"https:\/\/www.pomniki-przyrody.pl\/wp-content\/uploads\/2017\/12\/Park-\u0179r\u00f3dliska-II-resztki-groty-z-tufu-wulkanicznego.jpg\"><img loading=\"lazy\" decoding=\"async\" class=\"aligncenter wp-image-12121 size-full\" title=\"Park \u0179r\u00f3dliska II - resztki groty z tufu wulkanicznego\" src=\"https:\/\/www.pomniki-przyrody.pl\/wp-content\/uploads\/2017\/12\/Park-\u0179r\u00f3dliska-II-resztki-groty-z-tufu-wulkanicznego.jpg\" width=\"4512\" height=\"3000\" srcset=\"https:\/\/www.pomniki-przyrody.pl\/wp-content\/uploads\/2017\/12\/Park-\u0179r\u00f3dliska-II-resztki-groty-z-tufu-wulkanicznego.jpg 4512w, https:\/\/www.pomniki-przyrody.pl\/wp-content\/uploads\/2017\/12\/Park-\u0179r\u00f3dliska-II-resztki-groty-z-tufu-wulkanicznego-300x199.jpg 300w, https:\/\/www.pomniki-przyrody.pl\/wp-content\/uploads\/2017\/12\/Park-\u0179r\u00f3dliska-II-resztki-groty-z-tufu-wulkanicznego-768x511.jpg 768w, https:\/\/www.pomniki-przyrody.pl\/wp-content\/uploads\/2017\/12\/Park-\u0179r\u00f3dliska-II-resztki-groty-z-tufu-wulkanicznego-1024x681.jpg 1024w, https:\/\/www.pomniki-przyrody.pl\/wp-content\/uploads\/2017\/12\/Park-\u0179r\u00f3dliska-II-resztki-groty-z-tufu-wulkanicznego-451x300.jpg 451w\" sizes=\"auto, (max-width: 4512px) 100vw, 4512px\" \/><\/a><\/p>\n<p>Obok znajduje si\u0119 niewielki staw. Nad nim mocno pochylone drzewo.<\/p>\n<p><a href=\"https:\/\/www.pomniki-przyrody.pl\/wp-content\/uploads\/2017\/12\/Park-\u0179r\u00f3dliska-II-drzewo-rosn\u0105ce-nad-sadzawk\u0105.jpg\"><img loading=\"lazy\" decoding=\"async\" class=\"aligncenter wp-image-12103 size-full\" title=\"Park \u0179r\u00f3dliska II - drzewo rosn\u0105ce nad sadzawk\u0105\" src=\"https:\/\/www.pomniki-przyrody.pl\/wp-content\/uploads\/2017\/12\/Park-\u0179r\u00f3dliska-II-drzewo-rosn\u0105ce-nad-sadzawk\u0105.jpg\" width=\"532\" height=\"800\" srcset=\"https:\/\/www.pomniki-przyrody.pl\/wp-content\/uploads\/2017\/12\/Park-\u0179r\u00f3dliska-II-drzewo-rosn\u0105ce-nad-sadzawk\u0105.jpg 532w, https:\/\/www.pomniki-przyrody.pl\/wp-content\/uploads\/2017\/12\/Park-\u0179r\u00f3dliska-II-drzewo-rosn\u0105ce-nad-sadzawk\u0105-200x300.jpg 200w\" sizes=\"auto, (max-width: 532px) 100vw, 532px\" \/><\/a><\/p>\n<p>Skr\u0119caj\u0105c w lewo ujrzymy stylow\u0105 altan\u0119.<\/p>\n<p><a href=\"https:\/\/www.pomniki-przyrody.pl\/wp-content\/uploads\/2017\/12\/altana-w-Parku-\u0179r\u00f3dliska-II.jpg\"><img loading=\"lazy\" decoding=\"async\" class=\"aligncenter wp-image-12099 size-full\" title=\"altana w Parku \u0179r\u00f3dliska II\" src=\"https:\/\/www.pomniki-przyrody.pl\/wp-content\/uploads\/2017\/12\/altana-w-Parku-\u0179r\u00f3dliska-II.jpg\" width=\"532\" height=\"800\" srcset=\"https:\/\/www.pomniki-przyrody.pl\/wp-content\/uploads\/2017\/12\/altana-w-Parku-\u0179r\u00f3dliska-II.jpg 532w, https:\/\/www.pomniki-przyrody.pl\/wp-content\/uploads\/2017\/12\/altana-w-Parku-\u0179r\u00f3dliska-II-200x300.jpg 200w\" sizes=\"auto, (max-width: 532px) 100vw, 532px\" \/><\/a><\/p>\n<p>Po drodze b\u0119dziemy mija\u0107 wspania\u0142y okaz cisa. Obw\u00f3d okazu wynosi 164 cm, wysoko\u015b\u0107 13 m, wiek wg C. Pacyniaka ok. 170 lat.<\/p>\n<p><a href=\"https:\/\/www.pomniki-przyrody.pl\/wp-content\/uploads\/2017\/12\/Park-\u0179r\u00f3dliska-II-okaza\u0142y-cis.jpg\"><img loading=\"lazy\" decoding=\"async\" class=\"aligncenter wp-image-12110 size-full\" title=\"Park \u0179r\u00f3dliska II - okaza\u0142y cis\" src=\"https:\/\/www.pomniki-przyrody.pl\/wp-content\/uploads\/2017\/12\/Park-\u0179r\u00f3dliska-II-okaza\u0142y-cis.jpg\" width=\"800\" height=\"532\" srcset=\"https:\/\/www.pomniki-przyrody.pl\/wp-content\/uploads\/2017\/12\/Park-\u0179r\u00f3dliska-II-okaza\u0142y-cis.jpg 800w, https:\/\/www.pomniki-przyrody.pl\/wp-content\/uploads\/2017\/12\/Park-\u0179r\u00f3dliska-II-okaza\u0142y-cis-300x200.jpg 300w, https:\/\/www.pomniki-przyrody.pl\/wp-content\/uploads\/2017\/12\/Park-\u0179r\u00f3dliska-II-okaza\u0142y-cis-768x511.jpg 768w, https:\/\/www.pomniki-przyrody.pl\/wp-content\/uploads\/2017\/12\/Park-\u0179r\u00f3dliska-II-okaza\u0142y-cis-451x300.jpg 451w\" sizes=\"auto, (max-width: 800px) 100vw, 800px\" \/><\/a><a href=\"https:\/\/www.pomniki-przyrody.pl\/wp-content\/uploads\/2017\/12\/Park-\u0179r\u00f3dliska-II-s\u0119dziwy-cis.jpg\"><img loading=\"lazy\" decoding=\"async\" class=\"aligncenter wp-image-12122 size-full\" title=\"Park \u0179r\u00f3dliska II - s\u0119dziwy cis\" src=\"https:\/\/www.pomniki-przyrody.pl\/wp-content\/uploads\/2017\/12\/Park-\u0179r\u00f3dliska-II-s\u0119dziwy-cis.jpg\" width=\"800\" height=\"532\" srcset=\"https:\/\/www.pomniki-przyrody.pl\/wp-content\/uploads\/2017\/12\/Park-\u0179r\u00f3dliska-II-s\u0119dziwy-cis.jpg 800w, https:\/\/www.pomniki-przyrody.pl\/wp-content\/uploads\/2017\/12\/Park-\u0179r\u00f3dliska-II-s\u0119dziwy-cis-300x200.jpg 300w, https:\/\/www.pomniki-przyrody.pl\/wp-content\/uploads\/2017\/12\/Park-\u0179r\u00f3dliska-II-s\u0119dziwy-cis-768x511.jpg 768w, https:\/\/www.pomniki-przyrody.pl\/wp-content\/uploads\/2017\/12\/Park-\u0179r\u00f3dliska-II-s\u0119dziwy-cis-451x300.jpg 451w\" sizes=\"auto, (max-width: 800px) 100vw, 800px\" \/><\/a><a href=\"https:\/\/www.pomniki-przyrody.pl\/wp-content\/uploads\/2017\/12\/Park-\u0179r\u00f3dliska-II-pie\u0144-s\u0119dziwego-cisa.jpg\"><img loading=\"lazy\" decoding=\"async\" class=\"aligncenter wp-image-12117 size-full\" title=\"Park \u0179r\u00f3dliska II - pie\u0144 s\u0119dziwego cisa\" src=\"https:\/\/www.pomniki-przyrody.pl\/wp-content\/uploads\/2017\/12\/Park-\u0179r\u00f3dliska-II-pie\u0144-s\u0119dziwego-cisa.jpg\" width=\"532\" height=\"800\" srcset=\"https:\/\/www.pomniki-przyrody.pl\/wp-content\/uploads\/2017\/12\/Park-\u0179r\u00f3dliska-II-pie\u0144-s\u0119dziwego-cisa.jpg 532w, https:\/\/www.pomniki-przyrody.pl\/wp-content\/uploads\/2017\/12\/Park-\u0179r\u00f3dliska-II-pie\u0144-s\u0119dziwego-cisa-200x300.jpg 200w\" sizes=\"auto, (max-width: 532px) 100vw, 532px\" \/><\/a><\/p>\n<p>Kilkadziesi\u0105t metr\u00f3w od cisa, przy alejce prowadz\u0105cej ku wyj\u015bciu z parku, ro\u015bnie okaza\u0142y mi\u0142orz\u0105b dwuklapowy. Obw\u00f3d drzewa 314 cm, wysoko\u015b\u0107 18 m.<\/p>\n<p><a href=\"https:\/\/www.pomniki-przyrody.pl\/wp-content\/uploads\/2017\/12\/Park-\u0179r\u00f3dliska-II-okaza\u0142y-mi\u0142orz\u0105b.jpg\"><img loading=\"lazy\" decoding=\"async\" class=\"aligncenter wp-image-12111 size-full\" title=\"Park \u0179r\u00f3dliska II - okaza\u0142y mi\u0142orz\u0105b\" src=\"https:\/\/www.pomniki-przyrody.pl\/wp-content\/uploads\/2017\/12\/Park-\u0179r\u00f3dliska-II-okaza\u0142y-mi\u0142orz\u0105b.jpg\" width=\"532\" height=\"800\" srcset=\"https:\/\/www.pomniki-przyrody.pl\/wp-content\/uploads\/2017\/12\/Park-\u0179r\u00f3dliska-II-okaza\u0142y-mi\u0142orz\u0105b.jpg 532w, https:\/\/www.pomniki-przyrody.pl\/wp-content\/uploads\/2017\/12\/Park-\u0179r\u00f3dliska-II-okaza\u0142y-mi\u0142orz\u0105b-200x300.jpg 200w\" sizes=\"auto, (max-width: 532px) 100vw, 532px\" \/><\/a><a href=\"https:\/\/www.pomniki-przyrody.pl\/wp-content\/uploads\/2017\/12\/Park-\u0179r\u00f3dliska-II-pie\u0144-okaza\u0142ego-mi\u0142orz\u0119bu.jpg\"><img loading=\"lazy\" decoding=\"async\" class=\"aligncenter wp-image-12116 size-full\" title=\"Park \u0179r\u00f3dliska II - pie\u0144 okaza\u0142ego mi\u0142orz\u0119bu\" src=\"https:\/\/www.pomniki-przyrody.pl\/wp-content\/uploads\/2017\/12\/Park-\u0179r\u00f3dliska-II-pie\u0144-okaza\u0142ego-mi\u0142orz\u0119bu.jpg\" width=\"532\" height=\"800\" srcset=\"https:\/\/www.pomniki-przyrody.pl\/wp-content\/uploads\/2017\/12\/Park-\u0179r\u00f3dliska-II-pie\u0144-okaza\u0142ego-mi\u0142orz\u0119bu.jpg 532w, https:\/\/www.pomniki-przyrody.pl\/wp-content\/uploads\/2017\/12\/Park-\u0179r\u00f3dliska-II-pie\u0144-okaza\u0142ego-mi\u0142orz\u0119bu-200x300.jpg 200w\" sizes=\"auto, (max-width: 532px) 100vw, 532px\" \/><\/a><\/p>\n<p>W pobli\u017cu, przy ogrodzeniu, drzewo o wyj\u0105tkowo dziwacznym pokroju.<\/p>\n<p><a href=\"https:\/\/www.pomniki-przyrody.pl\/wp-content\/uploads\/2017\/12\/Park-\u0179r\u00f3dliska-II-drzewo-o-nietypowym-pokroju.jpg\"><img loading=\"lazy\" decoding=\"async\" class=\"aligncenter wp-image-12102 size-full\" title=\"Park \u0179r\u00f3dliska II - drzewo o nietypowym pokroju\" src=\"https:\/\/www.pomniki-przyrody.pl\/wp-content\/uploads\/2017\/12\/Park-\u0179r\u00f3dliska-II-drzewo-o-nietypowym-pokroju.jpg\" width=\"800\" height=\"532\" srcset=\"https:\/\/www.pomniki-przyrody.pl\/wp-content\/uploads\/2017\/12\/Park-\u0179r\u00f3dliska-II-drzewo-o-nietypowym-pokroju.jpg 800w, https:\/\/www.pomniki-przyrody.pl\/wp-content\/uploads\/2017\/12\/Park-\u0179r\u00f3dliska-II-drzewo-o-nietypowym-pokroju-300x200.jpg 300w, https:\/\/www.pomniki-przyrody.pl\/wp-content\/uploads\/2017\/12\/Park-\u0179r\u00f3dliska-II-drzewo-o-nietypowym-pokroju-768x511.jpg 768w, https:\/\/www.pomniki-przyrody.pl\/wp-content\/uploads\/2017\/12\/Park-\u0179r\u00f3dliska-II-drzewo-o-nietypowym-pokroju-451x300.jpg 451w\" sizes=\"auto, (max-width: 800px) 100vw, 800px\" \/><\/a><\/p>\n<p>Wracamy w okolice stawu. Tym razem warto zwr\u00f3ci\u0107 uwag\u0119 na grup\u0119 skrzyd\u0142orzech\u00f3w kaukaskich. Konary tych rzadkich drzew zabezpieczono podporami oraz odci\u0105gami linowymi.<\/p>\n<p><a href=\"https:\/\/www.pomniki-przyrody.pl\/wp-content\/uploads\/2017\/12\/Park-\u0179r\u00f3dliska-II-grupa-skrzyd\u0142orzech\u00f3w-kaukaskich.jpg\"><img loading=\"lazy\" decoding=\"async\" class=\"aligncenter wp-image-12105 size-full\" title=\"Park \u0179r\u00f3dliska II - grupa skrzyd\u0142orzech\u00f3w kaukaskich\" src=\"https:\/\/www.pomniki-przyrody.pl\/wp-content\/uploads\/2017\/12\/Park-\u0179r\u00f3dliska-II-grupa-skrzyd\u0142orzech\u00f3w-kaukaskich.jpg\" width=\"800\" height=\"532\" srcset=\"https:\/\/www.pomniki-przyrody.pl\/wp-content\/uploads\/2017\/12\/Park-\u0179r\u00f3dliska-II-grupa-skrzyd\u0142orzech\u00f3w-kaukaskich.jpg 800w, https:\/\/www.pomniki-przyrody.pl\/wp-content\/uploads\/2017\/12\/Park-\u0179r\u00f3dliska-II-grupa-skrzyd\u0142orzech\u00f3w-kaukaskich-300x200.jpg 300w, https:\/\/www.pomniki-przyrody.pl\/wp-content\/uploads\/2017\/12\/Park-\u0179r\u00f3dliska-II-grupa-skrzyd\u0142orzech\u00f3w-kaukaskich-768x511.jpg 768w, https:\/\/www.pomniki-przyrody.pl\/wp-content\/uploads\/2017\/12\/Park-\u0179r\u00f3dliska-II-grupa-skrzyd\u0142orzech\u00f3w-kaukaskich-451x300.jpg 451w\" sizes=\"auto, (max-width: 800px) 100vw, 800px\" \/><\/a><\/p>\n<p><a href=\"https:\/\/www.pomniki-przyrody.pl\/wp-content\/uploads\/2017\/12\/Park-\u0179r\u00f3dliska-II-podpory-na-konarach-skrzyd\u0142orzecha-kaukaskiego.jpg\"><img loading=\"lazy\" decoding=\"async\" class=\"aligncenter wp-image-12118 size-full\" title=\"Park \u0179r\u00f3dliska II - podpory na konarach skrzyd\u0142orzecha kaukaskiego\" src=\"https:\/\/www.pomniki-przyrody.pl\/wp-content\/uploads\/2017\/12\/Park-\u0179r\u00f3dliska-II-podpory-na-konarach-skrzyd\u0142orzecha-kaukaskiego.jpg\" width=\"800\" height=\"532\" srcset=\"https:\/\/www.pomniki-przyrody.pl\/wp-content\/uploads\/2017\/12\/Park-\u0179r\u00f3dliska-II-podpory-na-konarach-skrzyd\u0142orzecha-kaukaskiego.jpg 800w, https:\/\/www.pomniki-przyrody.pl\/wp-content\/uploads\/2017\/12\/Park-\u0179r\u00f3dliska-II-podpory-na-konarach-skrzyd\u0142orzecha-kaukaskiego-300x200.jpg 300w, https:\/\/www.pomniki-przyrody.pl\/wp-content\/uploads\/2017\/12\/Park-\u0179r\u00f3dliska-II-podpory-na-konarach-skrzyd\u0142orzecha-kaukaskiego-768x511.jpg 768w, https:\/\/www.pomniki-przyrody.pl\/wp-content\/uploads\/2017\/12\/Park-\u0179r\u00f3dliska-II-podpory-na-konarach-skrzyd\u0142orzecha-kaukaskiego-451x300.jpg 451w\" sizes=\"auto, (max-width: 800px) 100vw, 800px\" \/><\/a><\/p>\n<p>Skrzyd\u0142orzech posiada charakterystyczne owocostany o d\u0142ugo\u015bci do 40 cm.<\/p>\n<p><a href=\"https:\/\/www.pomniki-przyrody.pl\/wp-content\/uploads\/2017\/12\/owocostan-skrzyd\u0142orzecha-kaukaskiego.jpg\"><img loading=\"lazy\" decoding=\"async\" class=\"aligncenter wp-image-12100 size-full\" title=\"owocostan skrzyd\u0142orzecha kaukaskiego\" src=\"https:\/\/www.pomniki-przyrody.pl\/wp-content\/uploads\/2017\/12\/owocostan-skrzyd\u0142orzecha-kaukaskiego.jpg\" width=\"532\" height=\"800\" srcset=\"https:\/\/www.pomniki-przyrody.pl\/wp-content\/uploads\/2017\/12\/owocostan-skrzyd\u0142orzecha-kaukaskiego.jpg 532w, https:\/\/www.pomniki-przyrody.pl\/wp-content\/uploads\/2017\/12\/owocostan-skrzyd\u0142orzecha-kaukaskiego-200x300.jpg 200w\" sizes=\"auto, (max-width: 532px) 100vw, 532px\" \/><\/a>Za niewielkim pag\u00f3rkiem ro\u015bnie dorodna topola, obok poka\u017ane graby.<\/p>\n<p><a href=\"https:\/\/www.pomniki-przyrody.pl\/wp-content\/uploads\/2017\/12\/Park-\u0179r\u00f3dliska-II-okaza\u0142a-topola.jpg\"><img loading=\"lazy\" decoding=\"async\" class=\"aligncenter wp-image-12107 size-full\" title=\"Park \u0179r\u00f3dliska II - okaza\u0142a topola\" src=\"https:\/\/www.pomniki-przyrody.pl\/wp-content\/uploads\/2017\/12\/Park-\u0179r\u00f3dliska-II-okaza\u0142a-topola.jpg\" width=\"532\" height=\"800\" srcset=\"https:\/\/www.pomniki-przyrody.pl\/wp-content\/uploads\/2017\/12\/Park-\u0179r\u00f3dliska-II-okaza\u0142a-topola.jpg 532w, https:\/\/www.pomniki-przyrody.pl\/wp-content\/uploads\/2017\/12\/Park-\u0179r\u00f3dliska-II-okaza\u0142a-topola-200x300.jpg 200w\" sizes=\"auto, (max-width: 532px) 100vw, 532px\" \/><\/a><\/p>\n<p><a href=\"https:\/\/www.pomniki-przyrody.pl\/wp-content\/uploads\/2017\/12\/Park-\u0179r\u00f3dliska-II-pie\u0144-okaza\u0142ego-grabu.jpg\"><img loading=\"lazy\" decoding=\"async\" class=\"aligncenter wp-image-12115 size-full\" title=\"Park \u0179r\u00f3dliska II - pie\u0144 okaza\u0142ego grabu\" src=\"https:\/\/www.pomniki-przyrody.pl\/wp-content\/uploads\/2017\/12\/Park-\u0179r\u00f3dliska-II-pie\u0144-okaza\u0142ego-grabu.jpg\" width=\"800\" height=\"532\" srcset=\"https:\/\/www.pomniki-przyrody.pl\/wp-content\/uploads\/2017\/12\/Park-\u0179r\u00f3dliska-II-pie\u0144-okaza\u0142ego-grabu.jpg 800w, https:\/\/www.pomniki-przyrody.pl\/wp-content\/uploads\/2017\/12\/Park-\u0179r\u00f3dliska-II-pie\u0144-okaza\u0142ego-grabu-300x200.jpg 300w, https:\/\/www.pomniki-przyrody.pl\/wp-content\/uploads\/2017\/12\/Park-\u0179r\u00f3dliska-II-pie\u0144-okaza\u0142ego-grabu-768x511.jpg 768w, https:\/\/www.pomniki-przyrody.pl\/wp-content\/uploads\/2017\/12\/Park-\u0179r\u00f3dliska-II-pie\u0144-okaza\u0142ego-grabu-451x300.jpg 451w\" sizes=\"auto, (max-width: 800px) 100vw, 800px\" \/><\/a><\/p>\n<p>Na skraju tej samej polany znajduje si\u0119 para strzelistych okaz\u00f3w drzew iglastych.<\/p>\n<p><a href=\"https:\/\/www.pomniki-przyrody.pl\/wp-content\/uploads\/2017\/12\/Park-\u0179r\u00f3dliska-II-okaza\u0142e-sosny.jpg\"><img loading=\"lazy\" decoding=\"async\" class=\"aligncenter wp-image-12109 size-full\" title=\"Park \u0179r\u00f3dliska II - okaza\u0142e sosny\" src=\"https:\/\/www.pomniki-przyrody.pl\/wp-content\/uploads\/2017\/12\/Park-\u0179r\u00f3dliska-II-okaza\u0142e-sosny.jpg\" width=\"532\" height=\"800\" srcset=\"https:\/\/www.pomniki-przyrody.pl\/wp-content\/uploads\/2017\/12\/Park-\u0179r\u00f3dliska-II-okaza\u0142e-sosny.jpg 532w, https:\/\/www.pomniki-przyrody.pl\/wp-content\/uploads\/2017\/12\/Park-\u0179r\u00f3dliska-II-okaza\u0142e-sosny-200x300.jpg 200w\" sizes=\"auto, (max-width: 532px) 100vw, 532px\" \/><\/a><\/p>\n<p>Idziemy dalej wzd\u0142u\u017c drugiego stawu i po chwili skr\u0119camy w prawo (prosto dojdziemy do bramy wyj\u015bciowej). Po kilkudziesi\u0119ciu metrach ujrzymy drugi okaz mi\u0142orz\u0119bu o obwodzie 244 cm, z charakterystyczn\u0105 tabliczk\u0105 na pniu.<\/p>\n<p><a href=\"https:\/\/www.pomniki-przyrody.pl\/wp-content\/uploads\/2017\/12\/Park-\u0179r\u00f3dliska-II-mi\u0142orz\u0105b-dwuklapowy.jpg\"><img loading=\"lazy\" decoding=\"async\" class=\"aligncenter wp-image-12106 size-full\" title=\"Park \u0179r\u00f3dliska II - mi\u0142orz\u0105b dwuklapowy\" src=\"https:\/\/www.pomniki-przyrody.pl\/wp-content\/uploads\/2017\/12\/Park-\u0179r\u00f3dliska-II-mi\u0142orz\u0105b-dwuklapowy.jpg\" width=\"550\" height=\"800\" srcset=\"https:\/\/www.pomniki-przyrody.pl\/wp-content\/uploads\/2017\/12\/Park-\u0179r\u00f3dliska-II-mi\u0142orz\u0105b-dwuklapowy.jpg 550w, https:\/\/www.pomniki-przyrody.pl\/wp-content\/uploads\/2017\/12\/Park-\u0179r\u00f3dliska-II-mi\u0142orz\u0105b-dwuklapowy-206x300.jpg 206w\" sizes=\"auto, (max-width: 550px) 100vw, 550px\" \/><\/a><\/p>\n<p><a href=\"https:\/\/www.pomniki-przyrody.pl\/wp-content\/uploads\/2017\/12\/Park-\u0179r\u00f3dliska-II-pie\u0144-mi\u0142orz\u0119bu-dwuklapowego.jpg\"><img loading=\"lazy\" decoding=\"async\" class=\"aligncenter wp-image-12113 size-full\" title=\"Park \u0179r\u00f3dliska II - pie\u0144 mi\u0142orz\u0119bu dwuklapowego\" src=\"https:\/\/www.pomniki-przyrody.pl\/wp-content\/uploads\/2017\/12\/Park-\u0179r\u00f3dliska-II-pie\u0144-mi\u0142orz\u0119bu-dwuklapowego.jpg\" width=\"532\" height=\"800\" srcset=\"https:\/\/www.pomniki-przyrody.pl\/wp-content\/uploads\/2017\/12\/Park-\u0179r\u00f3dliska-II-pie\u0144-mi\u0142orz\u0119bu-dwuklapowego.jpg 532w, https:\/\/www.pomniki-przyrody.pl\/wp-content\/uploads\/2017\/12\/Park-\u0179r\u00f3dliska-II-pie\u0144-mi\u0142orz\u0119bu-dwuklapowego-200x300.jpg 200w\" sizes=\"auto, (max-width: 532px) 100vw, 532px\" \/><\/a><\/p>\n<p>Obok, ukryty w zaro\u015blach teren \u017ar\u00f3dliskowy, od kt\u00f3rego przej\u0119to nazw\u0119 parku.<\/p>\n<p><a href=\"https:\/\/www.pomniki-przyrody.pl\/wp-content\/uploads\/2017\/12\/teren-\u017ar\u00f3dliskowy-w-Parku-\u0179r\u00f3dliska-II.jpg\"><img loading=\"lazy\" decoding=\"async\" class=\"aligncenter wp-image-12126 size-full\" title=\"teren \u017ar\u00f3dliskowy w Parku \u0179r\u00f3dliska II\" src=\"https:\/\/www.pomniki-przyrody.pl\/wp-content\/uploads\/2017\/12\/teren-\u017ar\u00f3dliskowy-w-Parku-\u0179r\u00f3dliska-II.jpg\" width=\"800\" height=\"532\" srcset=\"https:\/\/www.pomniki-przyrody.pl\/wp-content\/uploads\/2017\/12\/teren-\u017ar\u00f3dliskowy-w-Parku-\u0179r\u00f3dliska-II.jpg 800w, https:\/\/www.pomniki-przyrody.pl\/wp-content\/uploads\/2017\/12\/teren-\u017ar\u00f3dliskowy-w-Parku-\u0179r\u00f3dliska-II-300x200.jpg 300w, https:\/\/www.pomniki-przyrody.pl\/wp-content\/uploads\/2017\/12\/teren-\u017ar\u00f3dliskowy-w-Parku-\u0179r\u00f3dliska-II-768x511.jpg 768w, https:\/\/www.pomniki-przyrody.pl\/wp-content\/uploads\/2017\/12\/teren-\u017ar\u00f3dliskowy-w-Parku-\u0179r\u00f3dliska-II-451x300.jpg 451w\" sizes=\"auto, (max-width: 800px) 100vw, 800px\" \/><\/a><a href=\"https:\/\/www.pomniki-przyrody.pl\/wp-content\/uploads\/2017\/12\/Park-\u0179r\u00f3dliska-II-teren-\u017ar\u00f3dliskowy.jpg\"><img loading=\"lazy\" decoding=\"async\" class=\"aligncenter wp-image-12123 size-full\" title=\"Park \u0179r\u00f3dliska II - teren \u017ar\u00f3dliskowy\" src=\"https:\/\/www.pomniki-przyrody.pl\/wp-content\/uploads\/2017\/12\/Park-\u0179r\u00f3dliska-II-teren-\u017ar\u00f3dliskowy.jpg\" width=\"800\" height=\"532\" srcset=\"https:\/\/www.pomniki-przyrody.pl\/wp-content\/uploads\/2017\/12\/Park-\u0179r\u00f3dliska-II-teren-\u017ar\u00f3dliskowy.jpg 800w, https:\/\/www.pomniki-przyrody.pl\/wp-content\/uploads\/2017\/12\/Park-\u0179r\u00f3dliska-II-teren-\u017ar\u00f3dliskowy-300x200.jpg 300w, https:\/\/www.pomniki-przyrody.pl\/wp-content\/uploads\/2017\/12\/Park-\u0179r\u00f3dliska-II-teren-\u017ar\u00f3dliskowy-768x511.jpg 768w, https:\/\/www.pomniki-przyrody.pl\/wp-content\/uploads\/2017\/12\/Park-\u0179r\u00f3dliska-II-teren-\u017ar\u00f3dliskowy-451x300.jpg 451w\" sizes=\"auto, (max-width: 800px) 100vw, 800px\" \/><\/a><\/p>\n<p>Podmok\u0142y teren do dobre miejsce dla egzotycznego cypry\u015bnika b\u0142otnego. Starsze egzemplarze wytwarzaj\u0105 charakterystyczne, wystaj\u0105ce ponad powierzchni\u0119 gruntu korzenie oddechowe.<\/p>\n<p><a href=\"https:\/\/www.pomniki-przyrody.pl\/wp-content\/uploads\/2017\/12\/Park-\u0179r\u00f3dliska-II-cypry\u015bniki-b\u0142otne.jpg\"><img loading=\"lazy\" decoding=\"async\" class=\"aligncenter wp-image-12101 size-full\" title=\"Park \u0179r\u00f3dliska II - cypry\u015bniki b\u0142otne\" src=\"https:\/\/www.pomniki-przyrody.pl\/wp-content\/uploads\/2017\/12\/Park-\u0179r\u00f3dliska-II-cypry\u015bniki-b\u0142otne.jpg\" width=\"550\" height=\"800\" srcset=\"https:\/\/www.pomniki-przyrody.pl\/wp-content\/uploads\/2017\/12\/Park-\u0179r\u00f3dliska-II-cypry\u015bniki-b\u0142otne.jpg 550w, https:\/\/www.pomniki-przyrody.pl\/wp-content\/uploads\/2017\/12\/Park-\u0179r\u00f3dliska-II-cypry\u015bniki-b\u0142otne-206x300.jpg 206w\" sizes=\"auto, (max-width: 550px) 100vw, 550px\" \/><\/a><\/p>\n<p>St\u0105d jeszcze kr\u00f3tki spacer i wracamy w okolice groty.\u00a0<a href=\"https:\/\/www.pomniki-przyrody.pl\/wp-content\/uploads\/2017\/12\/p\u00f3\u0142nocna-cz\u0119\u015b\u0107-Parku-\u0179r\u00f3dliska-II.jpg\"><img loading=\"lazy\" decoding=\"async\" class=\"aligncenter wp-image-12124 size-full\" title=\"po\u0142udniowa cz\u0119\u015b\u0107 Parku \u0179r\u00f3dliska II\" src=\"https:\/\/www.pomniki-przyrody.pl\/wp-content\/uploads\/2017\/12\/p\u00f3\u0142nocna-cz\u0119\u015b\u0107-Parku-\u0179r\u00f3dliska-II.jpg\" width=\"800\" height=\"532\" srcset=\"https:\/\/www.pomniki-przyrody.pl\/wp-content\/uploads\/2017\/12\/p\u00f3\u0142nocna-cz\u0119\u015b\u0107-Parku-\u0179r\u00f3dliska-II.jpg 800w, https:\/\/www.pomniki-przyrody.pl\/wp-content\/uploads\/2017\/12\/p\u00f3\u0142nocna-cz\u0119\u015b\u0107-Parku-\u0179r\u00f3dliska-II-300x200.jpg 300w, https:\/\/www.pomniki-przyrody.pl\/wp-content\/uploads\/2017\/12\/p\u00f3\u0142nocna-cz\u0119\u015b\u0107-Parku-\u0179r\u00f3dliska-II-768x511.jpg 768w, https:\/\/www.pomniki-przyrody.pl\/wp-content\/uploads\/2017\/12\/p\u00f3\u0142nocna-cz\u0119\u015b\u0107-Parku-\u0179r\u00f3dliska-II-451x300.jpg 451w\" sizes=\"auto, (max-width: 800px) 100vw, 800px\" \/><\/a><\/p>\n<p>W wielu miejscach Parku \u0179r\u00f3dliska II le\u017c\u0105 rozrzucone g\u0142azy narzutowe, stanowi\u0105ce razem z s\u0119dziwymi d\u0119bami i okazami drzew egzotycznych kwintesencj\u0119 ochrony tego miejsca w formie pomnika przyrody. Wi\u0119cej o g\u0142azach narzutowych w artykule &#8222;<a href=\"https:\/\/www.pomniki-przyrody.pl\/?p=12033\"><span style=\"color: #0000ff;\">Pomnikowe g\u0142azy w \u0141odzi<\/span><\/a>&#8222;.<\/p>\n","protected":false},"excerpt":{"rendered":"<p>W ko\u0144cu lat 50. XIX w. Park \u0179r\u00f3dliska zosta\u0142 podzielony, a jego zachodni\u0105 cz\u0119\u015b\u0107 (obecnie Park \u0179r\u00f3dliska II) wydzier\u017cawiono belgijskiemu fabrykantowi Karolowi Wilhelmowi Scheiblerowi. Przemys\u0142owiec wybudowa\u0142 wkr\u00f3tce na skraju parku\u00a0fabryk\u0119, doprowadzi\u0142 lini\u0119 kolejow\u0105 oraz wzni\u00f3s\u0142 okaza\u0142\u0105 rezydencj\u0119 (obecnie Muzeum Kinematografii). &hellip; <a href=\"https:\/\/www.pomniki-przyrody.pl\/?p=12098\">Czytaj dalej <span class=\"meta-nav\">&rarr;<\/span><\/a><\/p>\n","protected":false},"author":2,"featured_media":0,"comment_status":"open","ping_status":"open","sticky":false,"template":"","format":"standard","meta":{"footnotes":""},"categories":[204],"tags":[62,1625,318,708,1611,1401],"class_list":["post-12098","post","type-post","status-publish","format-standard","hentry","category-powierzchniowe-pomniki-przyrody","tag-milorzab","tag-park-zrodliska","tag-pomnikowe-deby","tag-skrzydlorzech-kaukaski","tag-lodz","tag-lodzkie"],"_links":{"self":[{"href":"https:\/\/www.pomniki-przyrody.pl\/index.php?rest_route=\/wp\/v2\/posts\/12098","targetHints":{"allow":["GET"]}}],"collection":[{"href":"https:\/\/www.pomniki-przyrody.pl\/index.php?rest_route=\/wp\/v2\/posts"}],"about":[{"href":"https:\/\/www.pomniki-przyrody.pl\/index.php?rest_route=\/wp\/v2\/types\/post"}],"author":[{"embeddable":true,"href":"https:\/\/www.pomniki-przyrody.pl\/index.php?rest_route=\/wp\/v2\/users\/2"}],"replies":[{"embeddable":true,"href":"https:\/\/www.pomniki-przyrody.pl\/index.php?rest_route=%2Fwp%2Fv2%2Fcomments&post=12098"}],"version-history":[{"count":7,"href":"https:\/\/www.pomniki-przyrody.pl\/index.php?rest_route=\/wp\/v2\/posts\/12098\/revisions"}],"predecessor-version":[{"id":13545,"href":"https:\/\/www.pomniki-przyrody.pl\/index.php?rest_route=\/wp\/v2\/posts\/12098\/revisions\/13545"}],"wp:attachment":[{"href":"https:\/\/www.pomniki-przyrody.pl\/index.php?rest_route=%2Fwp%2Fv2%2Fmedia&parent=12098"}],"wp:term":[{"taxonomy":"category","embeddable":true,"href":"https:\/\/www.pomniki-przyrody.pl\/index.php?rest_route=%2Fwp%2Fv2%2Fcategories&post=12098"},{"taxonomy":"post_tag","embeddable":true,"href":"https:\/\/www.pomniki-przyrody.pl\/index.php?rest_route=%2Fwp%2Fv2%2Ftags&post=12098"}],"curies":[{"name":"wp","href":"https:\/\/api.w.org\/{rel}","templated":true}]}}