{"id":1217,"date":"2012-07-18T20:27:35","date_gmt":"2012-07-18T20:27:35","guid":{"rendered":"http:\/\/www.pomniki-przyrody.pl\/?p=1217"},"modified":"2022-11-02T21:06:00","modified_gmt":"2022-11-02T20:06:00","slug":"morwa-biala-w-sulechowie","status":"publish","type":"post","link":"https:\/\/www.pomniki-przyrody.pl\/?p=1217","title":{"rendered":"Morwa bia\u0142a z Sulechowa."},"content":{"rendered":"<p>(<span style=\"color: #ff0000;\">Edytowano 02.11.2022 r.<\/span>) Morwa bia\u0142a, jako dziko rosn\u0105ce drzewo, wyst\u0119puje w Chinach, Japonii, Korei i Indiach. Sprowadzona do Europy we wczesnym \u015bredniowieczu, dostarcza\u0142a li\u015bci b\u0119d\u0105cych pokarmem jedwabnik\u00f3w. Dorasta do 15 m wysoko\u015bci i 300 cm obwodu, w Polsce do 23 m i ponad 400 cm obwodu. Najgrubsza morwa w Polsce ro\u015bnie w Sulechowie, na ziele\u0144cu przed wie\u017c\u0105 ci\u015bnie\u0144, u zbiegu ulic 31 Stycznia i Pozna\u0144skiej.<\/p>\n<p>GPS N 52\u00b005\u203224.1\u2033 , E 15\u00b037\u203234.1\u2033<\/p>\n<p><a href=\"https:\/\/www.pomniki-przyrody.pl\/wp-content\/uploads\/2012\/07\/najstarsza-morwa-biala-w-Polsce-latem.jpg\"><img loading=\"lazy\" decoding=\"async\" class=\"aligncenter wp-image-17170 size-full\" title=\"najstarsza morwa bia\u0142a w Polsce latem\" src=\"https:\/\/www.pomniki-przyrody.pl\/wp-content\/uploads\/2012\/07\/najstarsza-morwa-biala-w-Polsce-latem.jpg\" alt=\"najstarsza morwa bia\u0142a w Polsce latem\" width=\"532\" height=\"800\" srcset=\"https:\/\/www.pomniki-przyrody.pl\/wp-content\/uploads\/2012\/07\/najstarsza-morwa-biala-w-Polsce-latem.jpg 532w, https:\/\/www.pomniki-przyrody.pl\/wp-content\/uploads\/2012\/07\/najstarsza-morwa-biala-w-Polsce-latem-200x300.jpg 200w\" sizes=\"auto, (max-width: 532px) 100vw, 532px\" \/><\/a><a href=\"https:\/\/www.pomniki-przyrody.pl\/wp-content\/uploads\/2012\/07\/pomnik-przyrody-morwa-biala-z-Sulechowa.jpg\"><img loading=\"lazy\" decoding=\"async\" class=\"aligncenter wp-image-17174 size-full\" title=\"pomnik przyrody - morwa bia\u0142a z Sulechowa\" src=\"https:\/\/www.pomniki-przyrody.pl\/wp-content\/uploads\/2012\/07\/pomnik-przyrody-morwa-biala-z-Sulechowa.jpg\" alt=\"pomnik przyrody - morwa bia\u0142a z Sulechowa\" width=\"532\" height=\"800\" srcset=\"https:\/\/www.pomniki-przyrody.pl\/wp-content\/uploads\/2012\/07\/pomnik-przyrody-morwa-biala-z-Sulechowa.jpg 532w, https:\/\/www.pomniki-przyrody.pl\/wp-content\/uploads\/2012\/07\/pomnik-przyrody-morwa-biala-z-Sulechowa-200x300.jpg 200w\" sizes=\"auto, (max-width: 532px) 100vw, 532px\" \/><\/a><\/p>\n<p><a href=\"https:\/\/www.pomniki-przyrody.pl\/wp-content\/uploads\/2012\/07\/najstarsza-morwa-biala-w-Polsce-zima.jpg\"><img loading=\"lazy\" decoding=\"async\" class=\"aligncenter wp-image-17171 size-full\" title=\"najstarsza morwa bia\u0142a w Polsce zim\u0105\" src=\"https:\/\/www.pomniki-przyrody.pl\/wp-content\/uploads\/2012\/07\/najstarsza-morwa-biala-w-Polsce-zima.jpg\" alt=\"najstarsza morwa bia\u0142a w Polsce zim\u0105\" width=\"532\" height=\"800\" srcset=\"https:\/\/www.pomniki-przyrody.pl\/wp-content\/uploads\/2012\/07\/najstarsza-morwa-biala-w-Polsce-zima.jpg 532w, https:\/\/www.pomniki-przyrody.pl\/wp-content\/uploads\/2012\/07\/najstarsza-morwa-biala-w-Polsce-zima-200x300.jpg 200w\" sizes=\"auto, (max-width: 532px) 100vw, 532px\" \/><\/a><\/p>\n<p>Drzewo na wysoko\u015bci ok. 3 metr\u00f3w rozwidla si\u0119 na dwa przewodniki &#8211; jeden jest martwy, drugi wsparty na podporze.<\/p>\n<p><a href=\"https:\/\/www.pomniki-przyrody.pl\/wp-content\/uploads\/2012\/07\/morwa-biala-z-Sulechowa-latem.jpg\"><img loading=\"lazy\" decoding=\"async\" class=\"aligncenter wp-image-17168 size-full\" title=\"morwa bia\u0142a z Sulechowa latem\" src=\"https:\/\/www.pomniki-przyrody.pl\/wp-content\/uploads\/2012\/07\/morwa-biala-z-Sulechowa-latem.jpg\" alt=\"morwa bia\u0142a z Sulechowa latem\" width=\"532\" height=\"800\" srcset=\"https:\/\/www.pomniki-przyrody.pl\/wp-content\/uploads\/2012\/07\/morwa-biala-z-Sulechowa-latem.jpg 532w, https:\/\/www.pomniki-przyrody.pl\/wp-content\/uploads\/2012\/07\/morwa-biala-z-Sulechowa-latem-200x300.jpg 200w\" sizes=\"auto, (max-width: 532px) 100vw, 532px\" \/><\/a><\/p>\n<p><a href=\"https:\/\/www.pomniki-przyrody.pl\/wp-content\/uploads\/2012\/07\/morwa-biala-z-Sulechowa-zima.jpg\"><img loading=\"lazy\" decoding=\"async\" class=\"aligncenter wp-image-17169 size-full\" title=\"morwa bia\u0142a z Sulechowa zim\u0105\" src=\"https:\/\/www.pomniki-przyrody.pl\/wp-content\/uploads\/2012\/07\/morwa-biala-z-Sulechowa-zima.jpg\" alt=\"morwa bia\u0142a z Sulechowa zim\u0105\" width=\"532\" height=\"800\" srcset=\"https:\/\/www.pomniki-przyrody.pl\/wp-content\/uploads\/2012\/07\/morwa-biala-z-Sulechowa-zima.jpg 532w, https:\/\/www.pomniki-przyrody.pl\/wp-content\/uploads\/2012\/07\/morwa-biala-z-Sulechowa-zima-200x300.jpg 200w\" sizes=\"auto, (max-width: 532px) 100vw, 532px\" \/><\/a><\/p>\n<p><a href=\"https:\/\/www.pomniki-przyrody.pl\/wp-content\/uploads\/2012\/07\/pomnikowa-morwa-biala-z-Sulechowa.jpg\"><img loading=\"lazy\" decoding=\"async\" class=\"aligncenter wp-image-17175 size-full\" title=\"pomnikowa morwa bia\u0142a z Sulechowa\" src=\"https:\/\/www.pomniki-przyrody.pl\/wp-content\/uploads\/2012\/07\/pomnikowa-morwa-biala-z-Sulechowa.jpg\" alt=\"pomnikowa morwa bia\u0142a z Sulechowa\" width=\"532\" height=\"800\" srcset=\"https:\/\/www.pomniki-przyrody.pl\/wp-content\/uploads\/2012\/07\/pomnikowa-morwa-biala-z-Sulechowa.jpg 532w, https:\/\/www.pomniki-przyrody.pl\/wp-content\/uploads\/2012\/07\/pomnikowa-morwa-biala-z-Sulechowa-200x300.jpg 200w\" sizes=\"auto, (max-width: 532px) 100vw, 532px\" \/><\/a><\/p>\n<p>Sulechowska morwa mierzy 16 m wysoko\u015bci i liczy sobie ok. 270 lat. Obw\u00f3d pnia 440 cm czyni ten egzemplarz najgrubszym w Polsce, a pono\u0107 tak\u017ce w Europie (<span style=\"color: #ff0000;\">13.10.2018 r. Ta informacja zosta\u0142a zanegowana przez autor\u00f3w ksi\u0105\u017cki &#8222;Drzewa Polski&#8221; 2016 r.<\/span>). Wn\u0119trze pnia jest ca\u0142kowicie wypr\u00f3chnia\u0142e, w odziomku widoczny jest sporej wielko\u015bci ubytek.<\/p>\n<p><a href=\"https:\/\/www.pomniki-przyrody.pl\/wp-content\/uploads\/2012\/07\/pien-pomnikowej-morwy-z-Sulechowa.jpg\"><img loading=\"lazy\" decoding=\"async\" class=\"aligncenter wp-image-17172 size-full\" title=\"pie\u0144 pomnikowej morwy z Sulechowa\" src=\"https:\/\/www.pomniki-przyrody.pl\/wp-content\/uploads\/2012\/07\/pien-pomnikowej-morwy-z-Sulechowa.jpg\" alt=\"pie\u0144 pomnikowej morwy z Sulechowa\" width=\"532\" height=\"800\" srcset=\"https:\/\/www.pomniki-przyrody.pl\/wp-content\/uploads\/2012\/07\/pien-pomnikowej-morwy-z-Sulechowa.jpg 532w, https:\/\/www.pomniki-przyrody.pl\/wp-content\/uploads\/2012\/07\/pien-pomnikowej-morwy-z-Sulechowa-200x300.jpg 200w\" sizes=\"auto, (max-width: 532px) 100vw, 532px\" \/><\/a><a href=\"https:\/\/www.pomniki-przyrody.pl\/wp-content\/uploads\/2012\/07\/pusty-pien-morwy.jpg\"><img loading=\"lazy\" decoding=\"async\" class=\"aligncenter wp-image-17176 size-full\" title=\"pusty pie\u0144 morwy\" src=\"https:\/\/www.pomniki-przyrody.pl\/wp-content\/uploads\/2012\/07\/pusty-pien-morwy.jpg\" alt=\"pusty pie\u0144 morwy\" width=\"532\" height=\"800\" srcset=\"https:\/\/www.pomniki-przyrody.pl\/wp-content\/uploads\/2012\/07\/pusty-pien-morwy.jpg 532w, https:\/\/www.pomniki-przyrody.pl\/wp-content\/uploads\/2012\/07\/pusty-pien-morwy-200x300.jpg 200w\" sizes=\"auto, (max-width: 532px) 100vw, 532px\" \/><\/a><\/p>\n<p><a href=\"https:\/\/www.pomniki-przyrody.pl\/wp-content\/uploads\/2012\/07\/tabliczka-informacyjna-na-morwie-w-Sulechowie-1.jpg\"><img loading=\"lazy\" decoding=\"async\" class=\"aligncenter wp-image-17177 size-full\" title=\"tabliczka informacyjna na morwie w Sulechowie\" src=\"https:\/\/www.pomniki-przyrody.pl\/wp-content\/uploads\/2012\/07\/tabliczka-informacyjna-na-morwie-w-Sulechowie-1.jpg\" alt=\"tabliczka informacyjna na morwie w Sulechowie\" width=\"653\" height=\"900\" srcset=\"https:\/\/www.pomniki-przyrody.pl\/wp-content\/uploads\/2012\/07\/tabliczka-informacyjna-na-morwie-w-Sulechowie-1.jpg 653w, https:\/\/www.pomniki-przyrody.pl\/wp-content\/uploads\/2012\/07\/tabliczka-informacyjna-na-morwie-w-Sulechowie-1-218x300.jpg 218w\" sizes=\"auto, (max-width: 653px) 100vw, 653px\" \/><\/a><\/p>\n<p>Owoce morwy s\u0105 podobne do je\u017cyn; s\u0105 jadalne, s\u0142odkie ale md\u0142e.<\/p>\n<p><a href=\"https:\/\/www.pomniki-przyrody.pl\/wp-content\/uploads\/2012\/07\/liscie-i-owoce-morwy-bialej.jpg\"><img loading=\"lazy\" decoding=\"async\" class=\"aligncenter wp-image-17167 size-full\" title=\"li\u015bcie i owoce morwy bia\u0142ej\" src=\"https:\/\/www.pomniki-przyrody.pl\/wp-content\/uploads\/2012\/07\/liscie-i-owoce-morwy-bialej.jpg\" alt=\"li\u015bcie i owoce morwy bia\u0142ej\" width=\"532\" height=\"800\" srcset=\"https:\/\/www.pomniki-przyrody.pl\/wp-content\/uploads\/2012\/07\/liscie-i-owoce-morwy-bialej.jpg 532w, https:\/\/www.pomniki-przyrody.pl\/wp-content\/uploads\/2012\/07\/liscie-i-owoce-morwy-bialej-200x300.jpg 200w\" sizes=\"auto, (max-width: 532px) 100vw, 532px\" \/><\/a><\/p>\n<p><a href=\"https:\/\/www.pomniki-przyrody.pl\/wp-content\/uploads\/2012\/07\/owoce-morwy-bia\u0142ej.jpg\"><img loading=\"lazy\" decoding=\"async\" class=\"aligncenter size-large wp-image-1221\" title=\"owoce morwy bia\u0142ej\" src=\"https:\/\/www.pomniki-przyrody.pl\/wp-content\/uploads\/2012\/07\/owoce-morwy-bia\u0142ej-768x1024.jpg\" alt=\"\" width=\"584\" height=\"778\" srcset=\"https:\/\/www.pomniki-przyrody.pl\/wp-content\/uploads\/2012\/07\/owoce-morwy-bia\u0142ej-768x1024.jpg 768w, https:\/\/www.pomniki-przyrody.pl\/wp-content\/uploads\/2012\/07\/owoce-morwy-bia\u0142ej-225x300.jpg 225w, https:\/\/www.pomniki-przyrody.pl\/wp-content\/uploads\/2012\/07\/owoce-morwy-bia\u0142ej.jpg 1200w\" sizes=\"auto, (max-width: 584px) 100vw, 584px\" \/><\/a><\/p>\n<p>Opisywana morwa ro\u015bnie przed pot\u0119\u017cnym g\u0142azem narzutowym, b\u0119d\u0105cym obeliskiem po\u015bwi\u0119conym &#8222;Bohaterom walk o niepodleg\u0142o\u015b\u0107 Polski&#8221;. Inny sulechowski eratyk &#8211; pomnik przyrody, opisz\u0119 w nast\u0119pnym <a title=\"Pomnikowe g\u0142azy narzutowe w gminie Sulech\u00f3w.\" href=\"https:\/\/www.pomniki-przyrody.pl\/?p=1233\"><span style=\"color: #0000ff;\">artykule<\/span><\/a>.<\/p>\n<p><a href=\"https:\/\/www.pomniki-przyrody.pl\/wp-content\/uploads\/2012\/07\/pomnik-przy-morwie-z-Sulechowa.jpg\"><img loading=\"lazy\" decoding=\"async\" class=\"aligncenter wp-image-17173 size-full\" title=\"pomnik przy morwie z Sulechowa\" src=\"https:\/\/www.pomniki-przyrody.pl\/wp-content\/uploads\/2012\/07\/pomnik-przy-morwie-z-Sulechowa.jpg\" alt=\"pomnik przy morwie z Sulechowa\" width=\"532\" height=\"800\" srcset=\"https:\/\/www.pomniki-przyrody.pl\/wp-content\/uploads\/2012\/07\/pomnik-przy-morwie-z-Sulechowa.jpg 532w, https:\/\/www.pomniki-przyrody.pl\/wp-content\/uploads\/2012\/07\/pomnik-przy-morwie-z-Sulechowa-200x300.jpg 200w\" sizes=\"auto, (max-width: 532px) 100vw, 532px\" \/><\/a><\/p>\n","protected":false},"excerpt":{"rendered":"<p>(Edytowano 02.11.2022 r.) Morwa bia\u0142a, jako dziko rosn\u0105ce drzewo, wyst\u0119puje w Chinach, Japonii, Korei i Indiach. Sprowadzona do Europy we wczesnym \u015bredniowieczu, dostarcza\u0142a li\u015bci b\u0119d\u0105cych pokarmem jedwabnik\u00f3w. Dorasta do 15 m wysoko\u015bci i 300 cm obwodu, w Polsce do 23 &hellip; <a href=\"https:\/\/www.pomniki-przyrody.pl\/?p=1217\">Czytaj dalej <span class=\"meta-nav\">&rarr;<\/span><\/a><\/p>\n","protected":false},"author":2,"featured_media":0,"comment_status":"open","ping_status":"open","sticky":false,"template":"","format":"standard","meta":{"footnotes":""},"categories":[1],"tags":[1379,195,199,196],"class_list":["post-1217","post","type-post","status-publish","format-standard","hentry","category-przyroda-ozywiona","tag-gmina-sulechow","tag-morwa-biala","tag-najgrubsza-morwa","tag-sulechow"],"_links":{"self":[{"href":"https:\/\/www.pomniki-przyrody.pl\/index.php?rest_route=\/wp\/v2\/posts\/1217","targetHints":{"allow":["GET"]}}],"collection":[{"href":"https:\/\/www.pomniki-przyrody.pl\/index.php?rest_route=\/wp\/v2\/posts"}],"about":[{"href":"https:\/\/www.pomniki-przyrody.pl\/index.php?rest_route=\/wp\/v2\/types\/post"}],"author":[{"embeddable":true,"href":"https:\/\/www.pomniki-przyrody.pl\/index.php?rest_route=\/wp\/v2\/users\/2"}],"replies":[{"embeddable":true,"href":"https:\/\/www.pomniki-przyrody.pl\/index.php?rest_route=%2Fwp%2Fv2%2Fcomments&post=1217"}],"version-history":[{"count":3,"href":"https:\/\/www.pomniki-przyrody.pl\/index.php?rest_route=\/wp\/v2\/posts\/1217\/revisions"}],"predecessor-version":[{"id":17178,"href":"https:\/\/www.pomniki-przyrody.pl\/index.php?rest_route=\/wp\/v2\/posts\/1217\/revisions\/17178"}],"wp:attachment":[{"href":"https:\/\/www.pomniki-przyrody.pl\/index.php?rest_route=%2Fwp%2Fv2%2Fmedia&parent=1217"}],"wp:term":[{"taxonomy":"category","embeddable":true,"href":"https:\/\/www.pomniki-przyrody.pl\/index.php?rest_route=%2Fwp%2Fv2%2Fcategories&post=1217"},{"taxonomy":"post_tag","embeddable":true,"href":"https:\/\/www.pomniki-przyrody.pl\/index.php?rest_route=%2Fwp%2Fv2%2Ftags&post=1217"}],"curies":[{"name":"wp","href":"https:\/\/api.w.org\/{rel}","templated":true}]}}