{"id":12254,"date":"2018-01-17T23:39:57","date_gmt":"2018-01-17T22:39:57","guid":{"rendered":"http:\/\/www.pomniki-przyrody.pl\/?p=12254"},"modified":"2018-01-24T22:22:22","modified_gmt":"2018-01-24T21:22:22","slug":"pomniki-przyrody-w-wasoszu-pow-gorowski-dolnoslaskie","status":"publish","type":"post","link":"https:\/\/www.pomniki-przyrody.pl\/?p=12254","title":{"rendered":"Pomniki przyrody w W\u0105soszu (pow. g\u00f3rowski, dolno\u015bl\u0105skie)."},"content":{"rendered":"<p>Miasto W\u0105sosz (siedziba gminy miejsko &#8211; wiejskiej) po\u0142o\u017cone jest w p\u00f3\u0142nocnej cz\u0119\u015bci wojew\u00f3dztwa dolno\u015bl\u0105skiego, w powiecie g\u00f3rowskim. To stara osada, kt\u00f3ra prawa miejskie otrzyma\u0142a w 1290 r., dotkliwie zniszczona w 1945 r. utraci\u0142a je i ponownie odzyska\u0142a w 1984 r. Historyczna cz\u0119\u015b\u0107 miasta zosta\u0142a ulokowana w wid\u0142ach Baryczy i Orlej. Na\u00a0miejscu dawnego grodu ksi\u0105\u017c\u0119cego w XIV w. wzniesiono murowany zamek\u00a0otoczony fos\u0105 (ul. Zamkowa), wielokrotnie przebudowywany w p\u00f3\u017aniejszych latach. Ostatnia przebudowa mia\u0142a miejsce w 1924 r. i taka data widnieje na g\u0142\u00f3wnym portalu wej\u015bciowym.<\/p>\n<p><a href=\"https:\/\/www.pomniki-przyrody.pl\/wp-content\/uploads\/2018\/01\/W\u0105sosz-zamek-od-strony-parku.jpg\"><img loading=\"lazy\" decoding=\"async\" class=\"aligncenter wp-image-12276 size-full\" title=\"W\u0105sosz - zamek od strony parku\" src=\"https:\/\/www.pomniki-przyrody.pl\/wp-content\/uploads\/2018\/01\/W\u0105sosz-zamek-od-strony-parku.jpg\" width=\"800\" height=\"532\" srcset=\"https:\/\/www.pomniki-przyrody.pl\/wp-content\/uploads\/2018\/01\/W\u0105sosz-zamek-od-strony-parku.jpg 800w, https:\/\/www.pomniki-przyrody.pl\/wp-content\/uploads\/2018\/01\/W\u0105sosz-zamek-od-strony-parku-300x200.jpg 300w, https:\/\/www.pomniki-przyrody.pl\/wp-content\/uploads\/2018\/01\/W\u0105sosz-zamek-od-strony-parku-768x511.jpg 768w, https:\/\/www.pomniki-przyrody.pl\/wp-content\/uploads\/2018\/01\/W\u0105sosz-zamek-od-strony-parku-451x300.jpg 451w\" sizes=\"auto, (max-width: 800px) 100vw, 800px\" \/><\/a><a href=\"https:\/\/www.pomniki-przyrody.pl\/wp-content\/uploads\/2018\/01\/W\u0105sosz-podjazd-do-zamku.jpg\"><img loading=\"lazy\" decoding=\"async\" class=\"aligncenter wp-image-12267 size-full\" title=\"W\u0105sosz - podjazd do zamku\" src=\"https:\/\/www.pomniki-przyrody.pl\/wp-content\/uploads\/2018\/01\/W\u0105sosz-podjazd-do-zamku.jpg\" width=\"800\" height=\"532\" srcset=\"https:\/\/www.pomniki-przyrody.pl\/wp-content\/uploads\/2018\/01\/W\u0105sosz-podjazd-do-zamku.jpg 800w, https:\/\/www.pomniki-przyrody.pl\/wp-content\/uploads\/2018\/01\/W\u0105sosz-podjazd-do-zamku-300x200.jpg 300w, https:\/\/www.pomniki-przyrody.pl\/wp-content\/uploads\/2018\/01\/W\u0105sosz-podjazd-do-zamku-768x511.jpg 768w, https:\/\/www.pomniki-przyrody.pl\/wp-content\/uploads\/2018\/01\/W\u0105sosz-podjazd-do-zamku-451x300.jpg 451w\" sizes=\"auto, (max-width: 800px) 100vw, 800px\" \/><\/a><a href=\"https:\/\/www.pomniki-przyrody.pl\/wp-content\/uploads\/2018\/01\/Zamek-w-W\u0105soszu.jpg\"><img loading=\"lazy\" decoding=\"async\" class=\"aligncenter wp-image-12281 size-full\" title=\"Zamek w W\u0105soszu\" src=\"https:\/\/www.pomniki-przyrody.pl\/wp-content\/uploads\/2018\/01\/Zamek-w-W\u0105soszu.jpg\" width=\"800\" height=\"531\" srcset=\"https:\/\/www.pomniki-przyrody.pl\/wp-content\/uploads\/2018\/01\/Zamek-w-W\u0105soszu.jpg 800w, https:\/\/www.pomniki-przyrody.pl\/wp-content\/uploads\/2018\/01\/Zamek-w-W\u0105soszu-300x199.jpg 300w, https:\/\/www.pomniki-przyrody.pl\/wp-content\/uploads\/2018\/01\/Zamek-w-W\u0105soszu-768x510.jpg 768w, https:\/\/www.pomniki-przyrody.pl\/wp-content\/uploads\/2018\/01\/Zamek-w-W\u0105soszu-452x300.jpg 452w\" sizes=\"auto, (max-width: 800px) 100vw, 800px\" \/><\/a><a href=\"https:\/\/www.pomniki-przyrody.pl\/wp-content\/uploads\/2018\/01\/W\u0105sosz-portal-zamkowy.jpg\"><img loading=\"lazy\" decoding=\"async\" class=\"aligncenter wp-image-12274 size-full\" title=\"W\u0105sosz - portal zamkowy\" src=\"https:\/\/www.pomniki-przyrody.pl\/wp-content\/uploads\/2018\/01\/W\u0105sosz-portal-zamkowy.jpg\" width=\"532\" height=\"800\" srcset=\"https:\/\/www.pomniki-przyrody.pl\/wp-content\/uploads\/2018\/01\/W\u0105sosz-portal-zamkowy.jpg 532w, https:\/\/www.pomniki-przyrody.pl\/wp-content\/uploads\/2018\/01\/W\u0105sosz-portal-zamkowy-200x300.jpg 200w\" sizes=\"auto, (max-width: 532px) 100vw, 532px\" \/><\/a><\/p>\n<p>W parku zamkowym zachowa\u0142y si\u0119 nieliczne, stare egzemplarze drzew. Ochron\u0105 pomnikow\u0105 obj\u0119to okaz d\u0119bu szypu\u0142kowego, rosn\u0105cego tu\u017c za ogrodzeniem, przy ul. Parafialnej.<\/p>\n<p>GPS N 51\u00b033\u203241.6\u2033 , E 16\u00b041\u203233.5\u2033<\/p>\n<p><a href=\"https:\/\/www.pomniki-przyrody.pl\/wp-content\/uploads\/2018\/01\/pomnikowy-d\u0105b-przy-ul.-Parafialnej-w-W\u0105soszu-latem.jpg\"><img loading=\"lazy\" decoding=\"async\" class=\"aligncenter wp-image-12259 size-full\" title=\"pomnikowy d\u0105b przy ul. Parafialnej w W\u0105soszu latem\" src=\"https:\/\/www.pomniki-przyrody.pl\/wp-content\/uploads\/2018\/01\/pomnikowy-d\u0105b-przy-ul.-Parafialnej-w-W\u0105soszu-latem.jpg\" width=\"800\" height=\"532\" srcset=\"https:\/\/www.pomniki-przyrody.pl\/wp-content\/uploads\/2018\/01\/pomnikowy-d\u0105b-przy-ul.-Parafialnej-w-W\u0105soszu-latem.jpg 800w, https:\/\/www.pomniki-przyrody.pl\/wp-content\/uploads\/2018\/01\/pomnikowy-d\u0105b-przy-ul.-Parafialnej-w-W\u0105soszu-latem-300x200.jpg 300w, https:\/\/www.pomniki-przyrody.pl\/wp-content\/uploads\/2018\/01\/pomnikowy-d\u0105b-przy-ul.-Parafialnej-w-W\u0105soszu-latem-768x511.jpg 768w, https:\/\/www.pomniki-przyrody.pl\/wp-content\/uploads\/2018\/01\/pomnikowy-d\u0105b-przy-ul.-Parafialnej-w-W\u0105soszu-latem-451x300.jpg 451w\" sizes=\"auto, (max-width: 800px) 100vw, 800px\" \/><\/a><a href=\"https:\/\/www.pomniki-przyrody.pl\/wp-content\/uploads\/2018\/01\/pomnikowy-d\u0105b-przy-ul.-Parafialnej-w-W\u0105soszu.jpg\"><img loading=\"lazy\" decoding=\"async\" class=\"aligncenter wp-image-12260 size-full\" title=\"pomnikowy d\u0105b przy ul. Parafialnej w W\u0105soszu\" src=\"https:\/\/www.pomniki-przyrody.pl\/wp-content\/uploads\/2018\/01\/pomnikowy-d\u0105b-przy-ul.-Parafialnej-w-W\u0105soszu.jpg\" width=\"800\" height=\"532\" srcset=\"https:\/\/www.pomniki-przyrody.pl\/wp-content\/uploads\/2018\/01\/pomnikowy-d\u0105b-przy-ul.-Parafialnej-w-W\u0105soszu.jpg 800w, https:\/\/www.pomniki-przyrody.pl\/wp-content\/uploads\/2018\/01\/pomnikowy-d\u0105b-przy-ul.-Parafialnej-w-W\u0105soszu-300x200.jpg 300w, https:\/\/www.pomniki-przyrody.pl\/wp-content\/uploads\/2018\/01\/pomnikowy-d\u0105b-przy-ul.-Parafialnej-w-W\u0105soszu-768x511.jpg 768w, https:\/\/www.pomniki-przyrody.pl\/wp-content\/uploads\/2018\/01\/pomnikowy-d\u0105b-przy-ul.-Parafialnej-w-W\u0105soszu-451x300.jpg 451w\" sizes=\"auto, (max-width: 800px) 100vw, 800px\" \/><\/a><a href=\"https:\/\/www.pomniki-przyrody.pl\/wp-content\/uploads\/2018\/01\/pomnikowy-d\u0105b-przy-zamku-w-W\u0105soszu.jpg\"><img loading=\"lazy\" decoding=\"async\" class=\"aligncenter wp-image-12261 size-full\" title=\"pomnikowy d\u0105b przy zamku w W\u0105soszu\" src=\"https:\/\/www.pomniki-przyrody.pl\/wp-content\/uploads\/2018\/01\/pomnikowy-d\u0105b-przy-zamku-w-W\u0105soszu.jpg\" width=\"800\" height=\"532\" srcset=\"https:\/\/www.pomniki-przyrody.pl\/wp-content\/uploads\/2018\/01\/pomnikowy-d\u0105b-przy-zamku-w-W\u0105soszu.jpg 800w, https:\/\/www.pomniki-przyrody.pl\/wp-content\/uploads\/2018\/01\/pomnikowy-d\u0105b-przy-zamku-w-W\u0105soszu-300x200.jpg 300w, https:\/\/www.pomniki-przyrody.pl\/wp-content\/uploads\/2018\/01\/pomnikowy-d\u0105b-przy-zamku-w-W\u0105soszu-768x511.jpg 768w, https:\/\/www.pomniki-przyrody.pl\/wp-content\/uploads\/2018\/01\/pomnikowy-d\u0105b-przy-zamku-w-W\u0105soszu-451x300.jpg 451w\" sizes=\"auto, (max-width: 800px) 100vw, 800px\" \/><\/a><\/p>\n<p>D\u0105b mierzy w obwodzie 434 cm, wysoko\u015b\u0107 drzewa 28 metr\u00f3w, wiek (rejestr RDO\u015a) ok. 380 lat.<\/p>\n<p><a href=\"https:\/\/www.pomniki-przyrody.pl\/wp-content\/uploads\/2018\/01\/W\u0105sosz-pomnikowy-d\u0105b-na-tle-zamku.jpg\"><img loading=\"lazy\" decoding=\"async\" class=\"aligncenter wp-image-12270 size-full\" title=\"W\u0105sosz - pomnikowy d\u0105b na tle zamku\" src=\"https:\/\/www.pomniki-przyrody.pl\/wp-content\/uploads\/2018\/01\/W\u0105sosz-pomnikowy-d\u0105b-na-tle-zamku.jpg\" width=\"532\" height=\"800\" srcset=\"https:\/\/www.pomniki-przyrody.pl\/wp-content\/uploads\/2018\/01\/W\u0105sosz-pomnikowy-d\u0105b-na-tle-zamku.jpg 532w, https:\/\/www.pomniki-przyrody.pl\/wp-content\/uploads\/2018\/01\/W\u0105sosz-pomnikowy-d\u0105b-na-tle-zamku-200x300.jpg 200w\" sizes=\"auto, (max-width: 532px) 100vw, 532px\" \/><\/a><a href=\"https:\/\/www.pomniki-przyrody.pl\/wp-content\/uploads\/2018\/01\/pie\u0144-pomnikowego-d\u0119bu-rosn\u0105cego-przy-ul.-Parafialnej-w-W\u0105soszu.jpg\"><img loading=\"lazy\" decoding=\"async\" class=\"aligncenter wp-image-12257 size-full\" title=\"pie\u0144 pomnikowego d\u0119bu rosn\u0105cego przy ul. Parafialnej w W\u0105soszu\" src=\"https:\/\/www.pomniki-przyrody.pl\/wp-content\/uploads\/2018\/01\/pie\u0144-pomnikowego-d\u0119bu-rosn\u0105cego-przy-ul.-Parafialnej-w-W\u0105soszu.jpg\" width=\"532\" height=\"800\" srcset=\"https:\/\/www.pomniki-przyrody.pl\/wp-content\/uploads\/2018\/01\/pie\u0144-pomnikowego-d\u0119bu-rosn\u0105cego-przy-ul.-Parafialnej-w-W\u0105soszu.jpg 532w, https:\/\/www.pomniki-przyrody.pl\/wp-content\/uploads\/2018\/01\/pie\u0144-pomnikowego-d\u0119bu-rosn\u0105cego-przy-ul.-Parafialnej-w-W\u0105soszu-200x300.jpg 200w\" sizes=\"auto, (max-width: 532px) 100vw, 532px\" \/><\/a><\/p>\n<p>Obok zamku stoi neogotycki\u00a0 ko\u015bci\u00f3\u0142 \u015bw. J\u00f3zefa Oblubie\u0144ca NMP zbudowany w latach 1893-1894 dla katolik\u00f3w.<\/p>\n<p><a href=\"https:\/\/www.pomniki-przyrody.pl\/wp-content\/uploads\/2018\/01\/Neogotycki-ko\u015bci\u00f3\u0142-pw.-\u015bw.-J\u00f3zefa-Oblubie\u0144ca-NMP-w-W\u0105soszu.jpg\"><img loading=\"lazy\" decoding=\"async\" class=\"aligncenter wp-image-12256 size-full\" title=\"Neogotycki ko\u015bci\u00f3\u0142 pw. \u015bw. J\u00f3zefa Oblubie\u0144ca NMP w W\u0105soszu\" src=\"https:\/\/www.pomniki-przyrody.pl\/wp-content\/uploads\/2018\/01\/Neogotycki-ko\u015bci\u00f3\u0142-pw.-\u015bw.-J\u00f3zefa-Oblubie\u0144ca-NMP-w-W\u0105soszu.jpg\" width=\"532\" height=\"800\" srcset=\"https:\/\/www.pomniki-przyrody.pl\/wp-content\/uploads\/2018\/01\/Neogotycki-ko\u015bci\u00f3\u0142-pw.-\u015bw.-J\u00f3zefa-Oblubie\u0144ca-NMP-w-W\u0105soszu.jpg 532w, https:\/\/www.pomniki-przyrody.pl\/wp-content\/uploads\/2018\/01\/Neogotycki-ko\u015bci\u00f3\u0142-pw.-\u015bw.-J\u00f3zefa-Oblubie\u0144ca-NMP-w-W\u0105soszu-200x300.jpg 200w\" sizes=\"auto, (max-width: 532px) 100vw, 532px\" \/><\/a><\/p>\n<p>Starsza, gotycka \u015bwi\u0105tynia pw. Niepokalanego Serca\u00a0NMP, kt\u00f3ra do 1945 r. s\u0142u\u017cy\u0142a ewangelikom, stoi po drugiej stronie zamkowego parku, przy ul. Parafialnej. \u015aciany tej \u015bwi\u0105tyni udekorowane s\u0105 bogat\u0105 kolekcj\u0105 p\u0142yt nagrobnych i epitafijnych.<\/p>\n<p><a href=\"https:\/\/www.pomniki-przyrody.pl\/wp-content\/uploads\/2018\/01\/ko\u015bci\u00f3\u0142-pw.-Niepokalanego-Serca-NMP-w-W\u0105soszu.jpg\"><img loading=\"lazy\" decoding=\"async\" class=\"aligncenter wp-image-12255 size-full\" title=\"ko\u015bci\u00f3\u0142 pw. Niepokalanego Serca NMP w W\u0105soszu\" src=\"https:\/\/www.pomniki-przyrody.pl\/wp-content\/uploads\/2018\/01\/ko\u015bci\u00f3\u0142-pw.-Niepokalanego-Serca-NMP-w-W\u0105soszu.jpg\" width=\"560\" height=\"800\" srcset=\"https:\/\/www.pomniki-przyrody.pl\/wp-content\/uploads\/2018\/01\/ko\u015bci\u00f3\u0142-pw.-Niepokalanego-Serca-NMP-w-W\u0105soszu.jpg 560w, https:\/\/www.pomniki-przyrody.pl\/wp-content\/uploads\/2018\/01\/ko\u015bci\u00f3\u0142-pw.-Niepokalanego-Serca-NMP-w-W\u0105soszu-210x300.jpg 210w\" sizes=\"auto, (max-width: 560px) 100vw, 560px\" \/><\/a><a href=\"https:\/\/www.pomniki-przyrody.pl\/wp-content\/uploads\/2018\/01\/p\u0142yty-na-gotyckim-ko\u015bciele-w-W\u0105soszu.jpg\"><img loading=\"lazy\" decoding=\"async\" class=\"aligncenter wp-image-12258 size-full\" title=\"p\u0142yty na gotyckim ko\u015bciele w W\u0105soszu\" src=\"https:\/\/www.pomniki-przyrody.pl\/wp-content\/uploads\/2018\/01\/p\u0142yty-na-gotyckim-ko\u015bciele-w-W\u0105soszu.jpg\" width=\"800\" height=\"532\" srcset=\"https:\/\/www.pomniki-przyrody.pl\/wp-content\/uploads\/2018\/01\/p\u0142yty-na-gotyckim-ko\u015bciele-w-W\u0105soszu.jpg 800w, https:\/\/www.pomniki-przyrody.pl\/wp-content\/uploads\/2018\/01\/p\u0142yty-na-gotyckim-ko\u015bciele-w-W\u0105soszu-300x200.jpg 300w, https:\/\/www.pomniki-przyrody.pl\/wp-content\/uploads\/2018\/01\/p\u0142yty-na-gotyckim-ko\u015bciele-w-W\u0105soszu-768x511.jpg 768w, https:\/\/www.pomniki-przyrody.pl\/wp-content\/uploads\/2018\/01\/p\u0142yty-na-gotyckim-ko\u015bciele-w-W\u0105soszu-451x300.jpg 451w\" sizes=\"auto, (max-width: 800px) 100vw, 800px\" \/><\/a><\/p>\n<p>Na placu obok ko\u015bcio\u0142a ro\u015bnie ciekawy okaz d\u0119bu oplecionego bluszczem.<\/p>\n<p><a href=\"https:\/\/www.pomniki-przyrody.pl\/wp-content\/uploads\/2018\/01\/W\u0105sosz-opleciony-bluszczem-d\u0105b-rosn\u0105cy-obok-ko\u015bcio\u0142a.jpg\"><img loading=\"lazy\" decoding=\"async\" class=\"aligncenter wp-image-12265 size-full\" title=\"W\u0105sosz - opleciony bluszczem d\u0105b rosn\u0105cy obok ko\u015bcio\u0142a\" src=\"https:\/\/www.pomniki-przyrody.pl\/wp-content\/uploads\/2018\/01\/W\u0105sosz-opleciony-bluszczem-d\u0105b-rosn\u0105cy-obok-ko\u015bcio\u0142a.jpg\" width=\"549\" height=\"800\" srcset=\"https:\/\/www.pomniki-przyrody.pl\/wp-content\/uploads\/2018\/01\/W\u0105sosz-opleciony-bluszczem-d\u0105b-rosn\u0105cy-obok-ko\u015bcio\u0142a.jpg 549w, https:\/\/www.pomniki-przyrody.pl\/wp-content\/uploads\/2018\/01\/W\u0105sosz-opleciony-bluszczem-d\u0105b-rosn\u0105cy-obok-ko\u015bcio\u0142a-206x300.jpg 206w\" sizes=\"auto, (max-width: 549px) 100vw, 549px\" \/><\/a><a href=\"https:\/\/www.pomniki-przyrody.pl\/wp-content\/uploads\/2018\/01\/W\u0105sosz-opleciony-bluszczem-d\u0105b-na-tle-ko\u015bcio\u0142a.jpg\"><img loading=\"lazy\" decoding=\"async\" class=\"aligncenter wp-image-12264 size-full\" title=\"W\u0105sosz - opleciony bluszczem d\u0105b na tle ko\u015bcio\u0142a\" src=\"https:\/\/www.pomniki-przyrody.pl\/wp-content\/uploads\/2018\/01\/W\u0105sosz-opleciony-bluszczem-d\u0105b-na-tle-ko\u015bcio\u0142a.jpg\" width=\"532\" height=\"800\" srcset=\"https:\/\/www.pomniki-przyrody.pl\/wp-content\/uploads\/2018\/01\/W\u0105sosz-opleciony-bluszczem-d\u0105b-na-tle-ko\u015bcio\u0142a.jpg 532w, https:\/\/www.pomniki-przyrody.pl\/wp-content\/uploads\/2018\/01\/W\u0105sosz-opleciony-bluszczem-d\u0105b-na-tle-ko\u015bcio\u0142a-200x300.jpg 200w\" sizes=\"auto, (max-width: 532px) 100vw, 532px\" \/><\/a><\/p>\n<p>Jak wspomniano wcze\u015bniej, W\u0105sosz poni\u00f3s\u0142 du\u017ce straty w wyniku dzia\u0142a\u0144 wojennych w\u00a0 1945 r. Zniszczeniu uleg\u0142 wtedy ratusz oraz cze\u015b\u0107 kamienic w rynku. Zachowane fragmenty historycznego centrum miasta mimo tego prezentuj\u0105 si\u0119 znakomicie i warte s\u0105 zobaczenia.<\/p>\n<p><a href=\"https:\/\/www.pomniki-przyrody.pl\/wp-content\/uploads\/2018\/01\/zabytkowe-kamienice-w-rynku.jpg\"><img loading=\"lazy\" decoding=\"async\" class=\"aligncenter wp-image-12280 size-full\" title=\"zabytkowe kamienice w rynku\" src=\"https:\/\/www.pomniki-przyrody.pl\/wp-content\/uploads\/2018\/01\/zabytkowe-kamienice-w-rynku.jpg\" width=\"800\" height=\"532\" srcset=\"https:\/\/www.pomniki-przyrody.pl\/wp-content\/uploads\/2018\/01\/zabytkowe-kamienice-w-rynku.jpg 800w, https:\/\/www.pomniki-przyrody.pl\/wp-content\/uploads\/2018\/01\/zabytkowe-kamienice-w-rynku-300x200.jpg 300w, https:\/\/www.pomniki-przyrody.pl\/wp-content\/uploads\/2018\/01\/zabytkowe-kamienice-w-rynku-768x511.jpg 768w, https:\/\/www.pomniki-przyrody.pl\/wp-content\/uploads\/2018\/01\/zabytkowe-kamienice-w-rynku-451x300.jpg 451w\" sizes=\"auto, (max-width: 800px) 100vw, 800px\" \/><\/a><a href=\"https:\/\/www.pomniki-przyrody.pl\/wp-content\/uploads\/2018\/01\/rynek-w-W\u0105soszu.jpg\"><img loading=\"lazy\" decoding=\"async\" class=\"aligncenter wp-image-12262 size-full\" title=\"rynek w W\u0105soszu\" src=\"https:\/\/www.pomniki-przyrody.pl\/wp-content\/uploads\/2018\/01\/rynek-w-W\u0105soszu.jpg\" width=\"800\" height=\"532\" srcset=\"https:\/\/www.pomniki-przyrody.pl\/wp-content\/uploads\/2018\/01\/rynek-w-W\u0105soszu.jpg 800w, https:\/\/www.pomniki-przyrody.pl\/wp-content\/uploads\/2018\/01\/rynek-w-W\u0105soszu-300x200.jpg 300w, https:\/\/www.pomniki-przyrody.pl\/wp-content\/uploads\/2018\/01\/rynek-w-W\u0105soszu-768x511.jpg 768w, https:\/\/www.pomniki-przyrody.pl\/wp-content\/uploads\/2018\/01\/rynek-w-W\u0105soszu-451x300.jpg 451w\" sizes=\"auto, (max-width: 800px) 100vw, 800px\" \/><\/a><a href=\"https:\/\/www.pomniki-przyrody.pl\/wp-content\/uploads\/2018\/01\/W\u0105sosz-pomnik-w-rynku.jpg\"><img loading=\"lazy\" decoding=\"async\" class=\"aligncenter wp-image-12268 size-full\" title=\"W\u0105sosz - pomnik w rynku\" src=\"https:\/\/www.pomniki-przyrody.pl\/wp-content\/uploads\/2018\/01\/W\u0105sosz-pomnik-w-rynku.jpg\" width=\"532\" height=\"800\" srcset=\"https:\/\/www.pomniki-przyrody.pl\/wp-content\/uploads\/2018\/01\/W\u0105sosz-pomnik-w-rynku.jpg 532w, https:\/\/www.pomniki-przyrody.pl\/wp-content\/uploads\/2018\/01\/W\u0105sosz-pomnik-w-rynku-200x300.jpg 200w\" sizes=\"auto, (max-width: 532px) 100vw, 532px\" \/><\/a><a href=\"https:\/\/www.pomniki-przyrody.pl\/wp-content\/uploads\/2018\/01\/W\u0105sosz-kamienice-w-rynku.jpg\"><img loading=\"lazy\" decoding=\"async\" class=\"aligncenter wp-image-12263 size-full\" title=\"W\u0105sosz - kamienice w rynku\" src=\"https:\/\/www.pomniki-przyrody.pl\/wp-content\/uploads\/2018\/01\/W\u0105sosz-kamienice-w-rynku.jpg\" width=\"800\" height=\"532\" srcset=\"https:\/\/www.pomniki-przyrody.pl\/wp-content\/uploads\/2018\/01\/W\u0105sosz-kamienice-w-rynku.jpg 800w, https:\/\/www.pomniki-przyrody.pl\/wp-content\/uploads\/2018\/01\/W\u0105sosz-kamienice-w-rynku-300x200.jpg 300w, https:\/\/www.pomniki-przyrody.pl\/wp-content\/uploads\/2018\/01\/W\u0105sosz-kamienice-w-rynku-768x511.jpg 768w, https:\/\/www.pomniki-przyrody.pl\/wp-content\/uploads\/2018\/01\/W\u0105sosz-kamienice-w-rynku-451x300.jpg 451w\" sizes=\"auto, (max-width: 800px) 100vw, 800px\" \/><\/a><\/p>\n<p>Drugi pomnikowy d\u0105b w W\u0105soszu ro\u015bnie na terenie Szko\u0142y Podstawowej im. Boles\u0142awa Chrobrego, zlokalizowanej przy ul. Aleja Niepodleg\u0142o\u015bci 10. Drzewo ro\u015bnie w naro\u017cniku boiska szkolnego, tu\u017c za ogrodzeniem, od strony ul. Zacisze.<\/p>\n<p>GPS\u00a0N 51\u00b034\u203201.8\u2033 , E 16\u00b041\u203254.5\u2033<\/p>\n<p><a href=\"https:\/\/www.pomniki-przyrody.pl\/wp-content\/uploads\/2018\/01\/W\u0105sosz-pomnikowy-d\u0105b-widoczny-od-ul.-Zacisze.jpg\"><img loading=\"lazy\" decoding=\"async\" class=\"aligncenter wp-image-12277 size-full\" title=\"W\u0105sosz - pomnikowy d\u0105b widoczny od ul. Zacisze\" src=\"https:\/\/www.pomniki-przyrody.pl\/wp-content\/uploads\/2018\/01\/W\u0105sosz-pomnikowy-d\u0105b-widoczny-od-ul.-Zacisze.jpg\" width=\"532\" height=\"800\" srcset=\"https:\/\/www.pomniki-przyrody.pl\/wp-content\/uploads\/2018\/01\/W\u0105sosz-pomnikowy-d\u0105b-widoczny-od-ul.-Zacisze.jpg 532w, https:\/\/www.pomniki-przyrody.pl\/wp-content\/uploads\/2018\/01\/W\u0105sosz-pomnikowy-d\u0105b-widoczny-od-ul.-Zacisze-200x300.jpg 200w\" sizes=\"auto, (max-width: 532px) 100vw, 532px\" \/><\/a><a href=\"https:\/\/www.pomniki-przyrody.pl\/wp-content\/uploads\/2018\/01\/W\u0105sosz-ul.-Zacisze-pomnikowy-d\u0105b.jpg\"><img loading=\"lazy\" decoding=\"async\" class=\"aligncenter wp-image-12279 size-full\" title=\"W\u0105sosz, ul. Zacisze - pomnikowy d\u0105b\" src=\"https:\/\/www.pomniki-przyrody.pl\/wp-content\/uploads\/2018\/01\/W\u0105sosz-ul.-Zacisze-pomnikowy-d\u0105b.jpg\" width=\"576\" height=\"800\" srcset=\"https:\/\/www.pomniki-przyrody.pl\/wp-content\/uploads\/2018\/01\/W\u0105sosz-ul.-Zacisze-pomnikowy-d\u0105b.jpg 576w, https:\/\/www.pomniki-przyrody.pl\/wp-content\/uploads\/2018\/01\/W\u0105sosz-ul.-Zacisze-pomnikowy-d\u0105b-216x300.jpg 216w\" sizes=\"auto, (max-width: 576px) 100vw, 576px\" \/><\/a><a href=\"https:\/\/www.pomniki-przyrody.pl\/wp-content\/uploads\/2018\/01\/W\u0105sosz-pomnikowy-d\u0105b-w-rogu-boiska-Szko\u0142y-Podstawowej.jpg\"><img loading=\"lazy\" decoding=\"async\" class=\"aligncenter wp-image-12273 size-full\" title=\"W\u0105sosz - pomnikowy d\u0105b w rogu boiska Szko\u0142y Podstawowej\" src=\"https:\/\/www.pomniki-przyrody.pl\/wp-content\/uploads\/2018\/01\/W\u0105sosz-pomnikowy-d\u0105b-w-rogu-boiska-Szko\u0142y-Podstawowej.jpg\" width=\"532\" height=\"800\" srcset=\"https:\/\/www.pomniki-przyrody.pl\/wp-content\/uploads\/2018\/01\/W\u0105sosz-pomnikowy-d\u0105b-w-rogu-boiska-Szko\u0142y-Podstawowej.jpg 532w, https:\/\/www.pomniki-przyrody.pl\/wp-content\/uploads\/2018\/01\/W\u0105sosz-pomnikowy-d\u0105b-w-rogu-boiska-Szko\u0142y-Podstawowej-200x300.jpg 200w\" sizes=\"auto, (max-width: 532px) 100vw, 532px\" \/><\/a><a href=\"https:\/\/www.pomniki-przyrody.pl\/wp-content\/uploads\/2018\/01\/W\u0105sosz-pomnikowy-d\u0105b-w-rogu-boiska-Szko\u0142y-Podstawowej-latem.jpg\"><img loading=\"lazy\" decoding=\"async\" class=\"aligncenter wp-image-12272 size-full\" title=\"W\u0105sosz - pomnikowy d\u0105b w rogu boiska Szko\u0142y Podstawowej latem\" src=\"https:\/\/www.pomniki-przyrody.pl\/wp-content\/uploads\/2018\/01\/W\u0105sosz-pomnikowy-d\u0105b-w-rogu-boiska-Szko\u0142y-Podstawowej-latem.jpg\" width=\"800\" height=\"532\" srcset=\"https:\/\/www.pomniki-przyrody.pl\/wp-content\/uploads\/2018\/01\/W\u0105sosz-pomnikowy-d\u0105b-w-rogu-boiska-Szko\u0142y-Podstawowej-latem.jpg 800w, https:\/\/www.pomniki-przyrody.pl\/wp-content\/uploads\/2018\/01\/W\u0105sosz-pomnikowy-d\u0105b-w-rogu-boiska-Szko\u0142y-Podstawowej-latem-300x200.jpg 300w, https:\/\/www.pomniki-przyrody.pl\/wp-content\/uploads\/2018\/01\/W\u0105sosz-pomnikowy-d\u0105b-w-rogu-boiska-Szko\u0142y-Podstawowej-latem-768x511.jpg 768w, https:\/\/www.pomniki-przyrody.pl\/wp-content\/uploads\/2018\/01\/W\u0105sosz-pomnikowy-d\u0105b-w-rogu-boiska-Szko\u0142y-Podstawowej-latem-451x300.jpg 451w\" sizes=\"auto, (max-width: 800px) 100vw, 800px\" \/><\/a><a href=\"https:\/\/www.pomniki-przyrody.pl\/wp-content\/uploads\/2018\/01\/W\u0105sosz-pomnikowy-d\u0105b-w-rogu-boiska-Szko\u0142y-Podstawowej-jesieni\u0105.jpg\"><img loading=\"lazy\" decoding=\"async\" class=\"aligncenter wp-image-12271 size-full\" title=\"W\u0105sosz - pomnikowy d\u0105b w rogu boiska Szko\u0142y Podstawowej jesieni\u0105\" src=\"https:\/\/www.pomniki-przyrody.pl\/wp-content\/uploads\/2018\/01\/W\u0105sosz-pomnikowy-d\u0105b-w-rogu-boiska-Szko\u0142y-Podstawowej-jesieni\u0105.jpg\" width=\"800\" height=\"532\" srcset=\"https:\/\/www.pomniki-przyrody.pl\/wp-content\/uploads\/2018\/01\/W\u0105sosz-pomnikowy-d\u0105b-w-rogu-boiska-Szko\u0142y-Podstawowej-jesieni\u0105.jpg 800w, https:\/\/www.pomniki-przyrody.pl\/wp-content\/uploads\/2018\/01\/W\u0105sosz-pomnikowy-d\u0105b-w-rogu-boiska-Szko\u0142y-Podstawowej-jesieni\u0105-300x200.jpg 300w, https:\/\/www.pomniki-przyrody.pl\/wp-content\/uploads\/2018\/01\/W\u0105sosz-pomnikowy-d\u0105b-w-rogu-boiska-Szko\u0142y-Podstawowej-jesieni\u0105-768x511.jpg 768w, https:\/\/www.pomniki-przyrody.pl\/wp-content\/uploads\/2018\/01\/W\u0105sosz-pomnikowy-d\u0105b-w-rogu-boiska-Szko\u0142y-Podstawowej-jesieni\u0105-451x300.jpg 451w\" sizes=\"auto, (max-width: 800px) 100vw, 800px\" \/><\/a><\/p>\n<p>W wyniku og\u0142oszonego w 2006 r. szkolnego konkursu drzewo uzyska\u0142o\u00a0imi\u0119 D\u0119bos\u0142aw Chrobrek.<\/p>\n<p><a href=\"https:\/\/www.pomniki-przyrody.pl\/wp-content\/uploads\/2018\/01\/W\u0105sosz-pomnikowy-d\u0105b-na-terenie-szko\u0142y.jpg\"><img loading=\"lazy\" decoding=\"async\" class=\"aligncenter wp-image-12269 size-full\" title=\"W\u0105sosz - pomnikowy d\u0105b na terenie szko\u0142y\" src=\"https:\/\/www.pomniki-przyrody.pl\/wp-content\/uploads\/2018\/01\/W\u0105sosz-pomnikowy-d\u0105b-na-terenie-szko\u0142y.jpg\" width=\"800\" height=\"532\" srcset=\"https:\/\/www.pomniki-przyrody.pl\/wp-content\/uploads\/2018\/01\/W\u0105sosz-pomnikowy-d\u0105b-na-terenie-szko\u0142y.jpg 800w, https:\/\/www.pomniki-przyrody.pl\/wp-content\/uploads\/2018\/01\/W\u0105sosz-pomnikowy-d\u0105b-na-terenie-szko\u0142y-300x200.jpg 300w, https:\/\/www.pomniki-przyrody.pl\/wp-content\/uploads\/2018\/01\/W\u0105sosz-pomnikowy-d\u0105b-na-terenie-szko\u0142y-768x511.jpg 768w, https:\/\/www.pomniki-przyrody.pl\/wp-content\/uploads\/2018\/01\/W\u0105sosz-pomnikowy-d\u0105b-na-terenie-szko\u0142y-451x300.jpg 451w\" sizes=\"auto, (max-width: 800px) 100vw, 800px\" \/><\/a><a href=\"https:\/\/www.pomniki-przyrody.pl\/wp-content\/uploads\/2018\/01\/W\u0105sosz-tabliczka-przed-pomnikowym-d\u0119bem.jpg\"><img loading=\"lazy\" decoding=\"async\" class=\"aligncenter wp-image-12275 size-full\" title=\"W\u0105sosz - tabliczka przed pomnikowym d\u0119bem\" src=\"https:\/\/www.pomniki-przyrody.pl\/wp-content\/uploads\/2018\/01\/W\u0105sosz-tabliczka-przed-pomnikowym-d\u0119bem.jpg\" width=\"399\" height=\"600\" srcset=\"https:\/\/www.pomniki-przyrody.pl\/wp-content\/uploads\/2018\/01\/W\u0105sosz-tabliczka-przed-pomnikowym-d\u0119bem.jpg 399w, https:\/\/www.pomniki-przyrody.pl\/wp-content\/uploads\/2018\/01\/W\u0105sosz-tabliczka-przed-pomnikowym-d\u0119bem-200x300.jpg 200w\" sizes=\"auto, (max-width: 399px) 100vw, 399px\" \/><\/a><\/p>\n<p>D\u0105b mierzy w obwodzie 360 cm, wysoko\u015b\u0107 drzewa 22 m, szacowany wiek ok. 160 lat.<\/p>\n<p><a href=\"https:\/\/www.pomniki-przyrody.pl\/wp-content\/uploads\/2018\/01\/W\u0105sosz-pie\u0144-pomnikowego-d\u0119bu-rosn\u0105cego-na-terenie-szko\u0142y.jpg\"><img loading=\"lazy\" decoding=\"async\" class=\"aligncenter wp-image-12266 size-full\" title=\"W\u0105sosz - pie\u0144 pomnikowego d\u0119bu rosn\u0105cego na terenie szko\u0142y\" src=\"https:\/\/www.pomniki-przyrody.pl\/wp-content\/uploads\/2018\/01\/W\u0105sosz-pie\u0144-pomnikowego-d\u0119bu-rosn\u0105cego-na-terenie-szko\u0142y.jpg\" width=\"532\" height=\"800\" srcset=\"https:\/\/www.pomniki-przyrody.pl\/wp-content\/uploads\/2018\/01\/W\u0105sosz-pie\u0144-pomnikowego-d\u0119bu-rosn\u0105cego-na-terenie-szko\u0142y.jpg 532w, https:\/\/www.pomniki-przyrody.pl\/wp-content\/uploads\/2018\/01\/W\u0105sosz-pie\u0144-pomnikowego-d\u0119bu-rosn\u0105cego-na-terenie-szko\u0142y-200x300.jpg 200w\" sizes=\"auto, (max-width: 532px) 100vw, 532px\" \/><\/a><a href=\"https:\/\/www.pomniki-przyrody.pl\/wp-content\/uploads\/2018\/01\/W\u0105sosz-ul.-Zacisze-pie\u0144-pomnikowego-d\u0119bu.jpg\"><img loading=\"lazy\" decoding=\"async\" class=\"aligncenter wp-image-12278 size-full\" title=\"W\u0105sosz, ul. Zacisze - pie\u0144 pomnikowego d\u0119bu\" src=\"https:\/\/www.pomniki-przyrody.pl\/wp-content\/uploads\/2018\/01\/W\u0105sosz-ul.-Zacisze-pie\u0144-pomnikowego-d\u0119bu.jpg\" width=\"532\" height=\"800\" srcset=\"https:\/\/www.pomniki-przyrody.pl\/wp-content\/uploads\/2018\/01\/W\u0105sosz-ul.-Zacisze-pie\u0144-pomnikowego-d\u0119bu.jpg 532w, https:\/\/www.pomniki-przyrody.pl\/wp-content\/uploads\/2018\/01\/W\u0105sosz-ul.-Zacisze-pie\u0144-pomnikowego-d\u0119bu-200x300.jpg 200w\" sizes=\"auto, (max-width: 532px) 100vw, 532px\" \/><\/a><\/p>\n<p>W gminie miejsko &#8211; wiejskiej W\u0105sosz znajduje si\u0119 ponad 40 egzemplarzy pomnikowych drzew. Najgrubszy z nich &#8211; platan klonolistny o obwodzie 720 cm rosn\u0105cy we wsi Lechit\u00f3w, b\u0119dzie tematem kolejnego <a href=\"https:\/\/www.pomniki-przyrody.pl\/?p=12289\"><span style=\"color: #0000ff;\">artyku\u0142u<\/span><\/a>.<\/p>\n","protected":false},"excerpt":{"rendered":"<p>Miasto W\u0105sosz (siedziba gminy miejsko &#8211; wiejskiej) po\u0142o\u017cone jest w p\u00f3\u0142nocnej cz\u0119\u015bci wojew\u00f3dztwa dolno\u015bl\u0105skiego, w powiecie g\u00f3rowskim. To stara osada, kt\u00f3ra prawa miejskie otrzyma\u0142a w 1290 r., dotkliwie zniszczona w 1945 r. utraci\u0142a je i ponownie odzyska\u0142a w 1984 r. &hellip; <a href=\"https:\/\/www.pomniki-przyrody.pl\/?p=12254\">Czytaj dalej <span class=\"meta-nav\">&rarr;<\/span><\/a><\/p>\n","protected":false},"author":2,"featured_media":0,"comment_status":"open","ping_status":"open","sticky":false,"template":"","format":"standard","meta":{"footnotes":""},"categories":[1],"tags":[1483,1644,1645,318,1643,1646],"class_list":["post-12254","post","type-post","status-publish","format-standard","hentry","category-przyroda-ozywiona","tag-dolnoslaskie","tag-gmina-wasosz","tag-kosciol-w-wasoszu","tag-pomnikowe-deby","tag-wasosz","tag-zamek-w-wasoszu"],"_links":{"self":[{"href":"https:\/\/www.pomniki-przyrody.pl\/index.php?rest_route=\/wp\/v2\/posts\/12254","targetHints":{"allow":["GET"]}}],"collection":[{"href":"https:\/\/www.pomniki-przyrody.pl\/index.php?rest_route=\/wp\/v2\/posts"}],"about":[{"href":"https:\/\/www.pomniki-przyrody.pl\/index.php?rest_route=\/wp\/v2\/types\/post"}],"author":[{"embeddable":true,"href":"https:\/\/www.pomniki-przyrody.pl\/index.php?rest_route=\/wp\/v2\/users\/2"}],"replies":[{"embeddable":true,"href":"https:\/\/www.pomniki-przyrody.pl\/index.php?rest_route=%2Fwp%2Fv2%2Fcomments&post=12254"}],"version-history":[{"count":7,"href":"https:\/\/www.pomniki-przyrody.pl\/index.php?rest_route=\/wp\/v2\/posts\/12254\/revisions"}],"predecessor-version":[{"id":12347,"href":"https:\/\/www.pomniki-przyrody.pl\/index.php?rest_route=\/wp\/v2\/posts\/12254\/revisions\/12347"}],"wp:attachment":[{"href":"https:\/\/www.pomniki-przyrody.pl\/index.php?rest_route=%2Fwp%2Fv2%2Fmedia&parent=12254"}],"wp:term":[{"taxonomy":"category","embeddable":true,"href":"https:\/\/www.pomniki-przyrody.pl\/index.php?rest_route=%2Fwp%2Fv2%2Fcategories&post=12254"},{"taxonomy":"post_tag","embeddable":true,"href":"https:\/\/www.pomniki-przyrody.pl\/index.php?rest_route=%2Fwp%2Fv2%2Ftags&post=12254"}],"curies":[{"name":"wp","href":"https:\/\/api.w.org\/{rel}","templated":true}]}}