{"id":12350,"date":"2018-01-31T00:03:39","date_gmt":"2018-01-30T23:03:39","guid":{"rendered":"http:\/\/www.pomniki-przyrody.pl\/?p=12350"},"modified":"2018-01-31T00:03:39","modified_gmt":"2018-01-30T23:03:39","slug":"male-organy-mysliborskie-na-wzgorzu-rataj-gm-paszowice-dolnoslaskie","status":"publish","type":"post","link":"https:\/\/www.pomniki-przyrody.pl\/?p=12350","title":{"rendered":"Ma\u0142e Organy My\u015bliborskie na wzg\u00f3rzu Rataj (gm. Paszowice, dolno\u015bl\u0105skie)."},"content":{"rendered":"<p>W swojej d\u0142ugiej i bogatej historii geologicznej Sudety by\u0142y wielokrotnie poddawane ruchom tektonicznym, kt\u00f3rym zawsze towarzyszy\u0142y zjawiska wulkaniczne. Te najm\u0142odsze, doskonale wyr\u00f3\u017cniaj\u0105ce si\u0119 w krajobrazie dawne sto\u017cki wulkaniczne, skupione s\u0105 g\u0142\u00f3wnie na Pog\u00f3rzu Kaczawskim. Do najbardziej znanych na tym terenie przyk\u0142ad\u00f3w trzeciorz\u0119dowego wulkanizmu nale\u017c\u0105: Wilko\u0142ak, Ostrzyca, Grodziec, Czartowska Ska\u0142a. Nieco mniejsz\u0105 popularno\u015bci\u0105 ciesz\u0105 si\u0119 po\u0142o\u017cone na kraw\u0119dzi Parku Krajobrazowego Che\u0142my i sudeckiego uskoku brze\u017cnego wzg\u00f3rza: Radogost, Bazaltowa G\u00f3ra, G\u00f3rzec oraz b\u0119d\u0105cy tematem dzisiejszego artyku\u0142u Rataj. Dzia\u0142alno\u015b\u0107 kamienio\u0142omu ods\u0142oni\u0142a istniej\u0105cy na Rataju komin wulkaniczny; bazaltowe s\u0142upy o wyra\u017anej oddzielno\u015bci u\u0142o\u017cone wachlarzowato, zasugerowa\u0142y nazw\u0119 wyrobiska &#8211; &#8222;Ma\u0142e Organy My\u015bliborskie&#8221;.<\/p>\n<p><a href=\"https:\/\/www.pomniki-przyrody.pl\/wp-content\/uploads\/2018\/01\/Ma\u0142e-Organy-My\u015bliborskie.jpg\"><img loading=\"lazy\" decoding=\"async\" class=\"aligncenter wp-image-12362 size-full\" title=\"Ma\u0142e Organy My\u015bliborskie\" src=\"https:\/\/www.pomniki-przyrody.pl\/wp-content\/uploads\/2018\/01\/Ma\u0142e-Organy-My\u015bliborskie.jpg\" width=\"532\" height=\"800\" srcset=\"https:\/\/www.pomniki-przyrody.pl\/wp-content\/uploads\/2018\/01\/Ma\u0142e-Organy-My\u015bliborskie.jpg 532w, https:\/\/www.pomniki-przyrody.pl\/wp-content\/uploads\/2018\/01\/Ma\u0142e-Organy-My\u015bliborskie-200x300.jpg 200w\" sizes=\"auto, (max-width: 532px) 100vw, 532px\" \/><\/a><\/p>\n<p>Do &#8222;Ma\u0142ych Organ\u00f3w My\u015bliborskich&#8221; naj\u0142atwiej dosta\u0107 si\u0119 wytyczonymi szlakami z pobliskiego My\u015bliborza. W\u0119dr\u00f3wk\u0119 rozpoczynamy przy\u00a0Centrum Edukacji Ekologicznej i Krajoznawstwa &#8222;Salamandra&#8221; lub z po\u0142o\u017conego 200 m dalej du\u017cego, p\u0142atnego parkingu. Na pocz\u0105tku skrajem lasu, obok dw\u00f3ch pomnikowych cis\u00f3w, potem skr\u0119camy w lewo i dalej w g\u00f3r\u0119 zboczem poro\u015bni\u0119tym traw\u0105. W miejscach gdzie istniej\u0105 w\u0105tpliwo\u015bci co do przebiegu szlaku ustawiono stylowe drogowskazy.<\/p>\n<p><a href=\"https:\/\/www.pomniki-przyrody.pl\/wp-content\/uploads\/2018\/01\/w\u0119ze\u0142-szlak\u00f3w-w-My\u015bliborzu.jpg\"><img loading=\"lazy\" decoding=\"async\" class=\"aligncenter wp-image-12342 size-full\" title=\"w\u0119ze\u0142 szlak\u00f3w w My\u015bliborzu\" src=\"https:\/\/www.pomniki-przyrody.pl\/wp-content\/uploads\/2018\/01\/w\u0119ze\u0142-szlak\u00f3w-w-My\u015bliborzu.jpg\" width=\"565\" height=\"850\" srcset=\"https:\/\/www.pomniki-przyrody.pl\/wp-content\/uploads\/2018\/01\/w\u0119ze\u0142-szlak\u00f3w-w-My\u015bliborzu.jpg 565w, https:\/\/www.pomniki-przyrody.pl\/wp-content\/uploads\/2018\/01\/w\u0119ze\u0142-szlak\u00f3w-w-My\u015bliborzu-199x300.jpg 199w\" sizes=\"auto, (max-width: 565px) 100vw, 565px\" \/><\/a><\/p>\n<p><a href=\"https:\/\/www.pomniki-przyrody.pl\/wp-content\/uploads\/2018\/01\/Drogowskaz-do-Ma\u0142ych-Organ\u00f3w-My\u015bliborskich.jpg\"><img loading=\"lazy\" decoding=\"async\" class=\"aligncenter wp-image-12355 size-full\" title=\"Drogowskaz do Ma\u0142ych Organ\u00f3w My\u015bliborskich\" src=\"https:\/\/www.pomniki-przyrody.pl\/wp-content\/uploads\/2018\/01\/Drogowskaz-do-Ma\u0142ych-Organ\u00f3w-My\u015bliborskich.jpg\" width=\"700\" height=\"658\" srcset=\"https:\/\/www.pomniki-przyrody.pl\/wp-content\/uploads\/2018\/01\/Drogowskaz-do-Ma\u0142ych-Organ\u00f3w-My\u015bliborskich.jpg 700w, https:\/\/www.pomniki-przyrody.pl\/wp-content\/uploads\/2018\/01\/Drogowskaz-do-Ma\u0142ych-Organ\u00f3w-My\u015bliborskich-300x282.jpg 300w, https:\/\/www.pomniki-przyrody.pl\/wp-content\/uploads\/2018\/01\/Drogowskaz-do-Ma\u0142ych-Organ\u00f3w-My\u015bliborskich-319x300.jpg 319w\" sizes=\"auto, (max-width: 700px) 100vw, 700px\" \/><\/a><\/p>\n<p>Maszeruj\u0105c po stoku, warto si\u0119 na chwil\u0119 odwr\u00f3ci\u0107.<\/p>\n<p><a href=\"https:\/\/www.pomniki-przyrody.pl\/wp-content\/uploads\/2018\/01\/widok-ze-szlaku-prowadz\u0105cego-na-Rataj.jpg\"><img loading=\"lazy\" decoding=\"async\" class=\"aligncenter wp-image-12371 size-full\" title=\"widok ze szlaku prowadz\u0105cego na Rataj\" src=\"https:\/\/www.pomniki-przyrody.pl\/wp-content\/uploads\/2018\/01\/widok-ze-szlaku-prowadz\u0105cego-na-Rataj.jpg\" width=\"800\" height=\"532\" srcset=\"https:\/\/www.pomniki-przyrody.pl\/wp-content\/uploads\/2018\/01\/widok-ze-szlaku-prowadz\u0105cego-na-Rataj.jpg 800w, https:\/\/www.pomniki-przyrody.pl\/wp-content\/uploads\/2018\/01\/widok-ze-szlaku-prowadz\u0105cego-na-Rataj-300x200.jpg 300w, https:\/\/www.pomniki-przyrody.pl\/wp-content\/uploads\/2018\/01\/widok-ze-szlaku-prowadz\u0105cego-na-Rataj-768x511.jpg 768w, https:\/\/www.pomniki-przyrody.pl\/wp-content\/uploads\/2018\/01\/widok-ze-szlaku-prowadz\u0105cego-na-Rataj-451x300.jpg 451w\" sizes=\"auto, (max-width: 800px) 100vw, 800px\" \/><\/a>Docieramy do k\u0119py drzew, przy kt\u00f3rym ustawiono znany ju\u017c nam drogowskaz. Przy okazji mo\u017cemy zapozna\u0107 si\u0119 ze szlakami, kt\u00f3re nam towarzysz\u0105.<\/p>\n<p><a href=\"https:\/\/www.pomniki-przyrody.pl\/wp-content\/uploads\/2018\/01\/szlaki-na-wzg\u00f3rze-Rataj.jpg\"><img loading=\"lazy\" decoding=\"async\" class=\"aligncenter wp-image-12368 size-full\" title=\"szlaki na wzg\u00f3rze Rataj\" src=\"https:\/\/www.pomniki-przyrody.pl\/wp-content\/uploads\/2018\/01\/szlaki-na-wzg\u00f3rze-Rataj.jpg\" width=\"532\" height=\"800\" srcset=\"https:\/\/www.pomniki-przyrody.pl\/wp-content\/uploads\/2018\/01\/szlaki-na-wzg\u00f3rze-Rataj.jpg 532w, https:\/\/www.pomniki-przyrody.pl\/wp-content\/uploads\/2018\/01\/szlaki-na-wzg\u00f3rze-Rataj-200x300.jpg 200w\" sizes=\"auto, (max-width: 532px) 100vw, 532px\" \/><\/a><\/p>\n<p><a href=\"https:\/\/www.pomniki-przyrody.pl\/wp-content\/uploads\/2018\/01\/Drogowskaz-do-Ma\u0142ych-Organ\u00f3w-My\u015bliborskich-i-My\u015bliborza.jpg\"><img loading=\"lazy\" decoding=\"async\" class=\"aligncenter wp-image-12354 size-full\" title=\"Drogowskaz do Ma\u0142ych Organ\u00f3w My\u015bliborskich i My\u015bliborza\" src=\"https:\/\/www.pomniki-przyrody.pl\/wp-content\/uploads\/2018\/01\/Drogowskaz-do-Ma\u0142ych-Organ\u00f3w-My\u015bliborskich-i-My\u015bliborza.jpg\" width=\"532\" height=\"554\" srcset=\"https:\/\/www.pomniki-przyrody.pl\/wp-content\/uploads\/2018\/01\/Drogowskaz-do-Ma\u0142ych-Organ\u00f3w-My\u015bliborskich-i-My\u015bliborza.jpg 532w, https:\/\/www.pomniki-przyrody.pl\/wp-content\/uploads\/2018\/01\/Drogowskaz-do-Ma\u0142ych-Organ\u00f3w-My\u015bliborskich-i-My\u015bliborza-288x300.jpg 288w\" sizes=\"auto, (max-width: 532px) 100vw, 532px\" \/><\/a><\/p>\n<p>Po chwili wchodzimy w las li\u015bciasty porastaj\u0105cy wierzcho\u0142ek Rataja (350 m n.p.m.), szlak skr\u0119ca w lewo i \u0142agodnie trawersuje zbocze. Kolejny drogowskaz kieruje nas do dawnego \u0142omu bazaltu.<\/p>\n<p><a href=\"https:\/\/www.pomniki-przyrody.pl\/wp-content\/uploads\/2018\/01\/wzg\u00f3rze-Rataj-w-PK-Che\u0142my.jpg\"><img loading=\"lazy\" decoding=\"async\" class=\"aligncenter wp-image-12372 size-full\" title=\"wzg\u00f3rze Rataj w PK Che\u0142my\" src=\"https:\/\/www.pomniki-przyrody.pl\/wp-content\/uploads\/2018\/01\/wzg\u00f3rze-Rataj-w-PK-Che\u0142my.jpg\" width=\"800\" height=\"532\" srcset=\"https:\/\/www.pomniki-przyrody.pl\/wp-content\/uploads\/2018\/01\/wzg\u00f3rze-Rataj-w-PK-Che\u0142my.jpg 800w, https:\/\/www.pomniki-przyrody.pl\/wp-content\/uploads\/2018\/01\/wzg\u00f3rze-Rataj-w-PK-Che\u0142my-300x200.jpg 300w, https:\/\/www.pomniki-przyrody.pl\/wp-content\/uploads\/2018\/01\/wzg\u00f3rze-Rataj-w-PK-Che\u0142my-768x511.jpg 768w, https:\/\/www.pomniki-przyrody.pl\/wp-content\/uploads\/2018\/01\/wzg\u00f3rze-Rataj-w-PK-Che\u0142my-451x300.jpg 451w\" sizes=\"auto, (max-width: 800px) 100vw, 800px\" \/><\/a><\/p>\n<p><a href=\"https:\/\/www.pomniki-przyrody.pl\/wp-content\/uploads\/2018\/01\/dawne-wyrobisko-bazaltu-z-Ma\u0142ymi-Organami-My\u015bliborskimi.jpg\"><img loading=\"lazy\" decoding=\"async\" class=\"aligncenter wp-image-12352 size-full\" title=\"dawne wyrobisko bazaltu z Ma\u0142ymi Organami My\u015bliborskimi\" src=\"https:\/\/www.pomniki-przyrody.pl\/wp-content\/uploads\/2018\/01\/dawne-wyrobisko-bazaltu-z-Ma\u0142ymi-Organami-My\u015bliborskimi.jpg\" width=\"800\" height=\"532\" srcset=\"https:\/\/www.pomniki-przyrody.pl\/wp-content\/uploads\/2018\/01\/dawne-wyrobisko-bazaltu-z-Ma\u0142ymi-Organami-My\u015bliborskimi.jpg 800w, https:\/\/www.pomniki-przyrody.pl\/wp-content\/uploads\/2018\/01\/dawne-wyrobisko-bazaltu-z-Ma\u0142ymi-Organami-My\u015bliborskimi-300x200.jpg 300w, https:\/\/www.pomniki-przyrody.pl\/wp-content\/uploads\/2018\/01\/dawne-wyrobisko-bazaltu-z-Ma\u0142ymi-Organami-My\u015bliborskimi-768x511.jpg 768w, https:\/\/www.pomniki-przyrody.pl\/wp-content\/uploads\/2018\/01\/dawne-wyrobisko-bazaltu-z-Ma\u0142ymi-Organami-My\u015bliborskimi-451x300.jpg 451w\" sizes=\"auto, (max-width: 800px) 100vw, 800px\" \/><\/a><\/p>\n<p>Zanim rozpoczniemy podziwianie Ma\u0142ych Organ\u00f3w My\u015bliborskich warto zapozna\u0107 si\u0119 z tre\u015bci\u0105 dw\u00f3ch tablic dydaktycznych &#8211; b\u0119dziemy wiedzie\u0107 na co zwr\u00f3ci\u0107 szczeg\u00f3ln\u0105 uwag\u0119.<\/p>\n<p><a href=\"https:\/\/www.pomniki-przyrody.pl\/wp-content\/uploads\/2018\/01\/tablica-przy-Ma\u0142ych-Organach-My\u015bliborskich.jpg\"><img loading=\"lazy\" decoding=\"async\" class=\"aligncenter wp-image-12369 size-full\" title=\"tablica przy Ma\u0142ych Organach My\u015bliborskich\" src=\"https:\/\/www.pomniki-przyrody.pl\/wp-content\/uploads\/2018\/01\/tablica-przy-Ma\u0142ych-Organach-My\u015bliborskich.jpg\" width=\"800\" height=\"1203\" srcset=\"https:\/\/www.pomniki-przyrody.pl\/wp-content\/uploads\/2018\/01\/tablica-przy-Ma\u0142ych-Organach-My\u015bliborskich.jpg 800w, https:\/\/www.pomniki-przyrody.pl\/wp-content\/uploads\/2018\/01\/tablica-przy-Ma\u0142ych-Organach-My\u015bliborskich-200x300.jpg 200w, https:\/\/www.pomniki-przyrody.pl\/wp-content\/uploads\/2018\/01\/tablica-przy-Ma\u0142ych-Organach-My\u015bliborskich-768x1155.jpg 768w, https:\/\/www.pomniki-przyrody.pl\/wp-content\/uploads\/2018\/01\/tablica-przy-Ma\u0142ych-Organach-My\u015bliborskich-681x1024.jpg 681w\" sizes=\"auto, (max-width: 800px) 100vw, 800px\" \/><\/a><\/p>\n<p><a href=\"https:\/\/www.pomniki-przyrody.pl\/wp-content\/uploads\/2018\/01\/g\u00f3rna-cz\u0119\u015b\u0107-tablicy-przy-Ma\u0142ych-Organach-My\u015bliborskich.jpg\"><img loading=\"lazy\" decoding=\"async\" class=\"aligncenter wp-image-12356 size-full\" title=\"g\u00f3rna cz\u0119\u015b\u0107 tablicy przy Ma\u0142ych Organach My\u015bliborskich\" src=\"https:\/\/www.pomniki-przyrody.pl\/wp-content\/uploads\/2018\/01\/g\u00f3rna-cz\u0119\u015b\u0107-tablicy-przy-Ma\u0142ych-Organach-My\u015bliborskich.jpg\" width=\"800\" height=\"532\" srcset=\"https:\/\/www.pomniki-przyrody.pl\/wp-content\/uploads\/2018\/01\/g\u00f3rna-cz\u0119\u015b\u0107-tablicy-przy-Ma\u0142ych-Organach-My\u015bliborskich.jpg 800w, https:\/\/www.pomniki-przyrody.pl\/wp-content\/uploads\/2018\/01\/g\u00f3rna-cz\u0119\u015b\u0107-tablicy-przy-Ma\u0142ych-Organach-My\u015bliborskich-300x200.jpg 300w, https:\/\/www.pomniki-przyrody.pl\/wp-content\/uploads\/2018\/01\/g\u00f3rna-cz\u0119\u015b\u0107-tablicy-przy-Ma\u0142ych-Organach-My\u015bliborskich-768x511.jpg 768w, https:\/\/www.pomniki-przyrody.pl\/wp-content\/uploads\/2018\/01\/g\u00f3rna-cz\u0119\u015b\u0107-tablicy-przy-Ma\u0142ych-Organach-My\u015bliborskich-451x300.jpg 451w\" sizes=\"auto, (max-width: 800px) 100vw, 800px\" \/><\/a><a href=\"https:\/\/www.pomniki-przyrody.pl\/wp-content\/uploads\/2018\/01\/dolna-cz\u0119\u015b\u0107-tablicy-przy-Ma\u0142ych-Organach-My\u015bliborskich.jpg\"><img loading=\"lazy\" decoding=\"async\" class=\"aligncenter wp-image-12353 size-full\" title=\"dolna cz\u0119\u015b\u0107 tablicy przy Ma\u0142ych Organach My\u015bliborskich\" src=\"https:\/\/www.pomniki-przyrody.pl\/wp-content\/uploads\/2018\/01\/dolna-cz\u0119\u015b\u0107-tablicy-przy-Ma\u0142ych-Organach-My\u015bliborskich.jpg\" width=\"800\" height=\"532\" srcset=\"https:\/\/www.pomniki-przyrody.pl\/wp-content\/uploads\/2018\/01\/dolna-cz\u0119\u015b\u0107-tablicy-przy-Ma\u0142ych-Organach-My\u015bliborskich.jpg 800w, https:\/\/www.pomniki-przyrody.pl\/wp-content\/uploads\/2018\/01\/dolna-cz\u0119\u015b\u0107-tablicy-przy-Ma\u0142ych-Organach-My\u015bliborskich-300x200.jpg 300w, https:\/\/www.pomniki-przyrody.pl\/wp-content\/uploads\/2018\/01\/dolna-cz\u0119\u015b\u0107-tablicy-przy-Ma\u0142ych-Organach-My\u015bliborskich-768x511.jpg 768w, https:\/\/www.pomniki-przyrody.pl\/wp-content\/uploads\/2018\/01\/dolna-cz\u0119\u015b\u0107-tablicy-przy-Ma\u0142ych-Organach-My\u015bliborskich-451x300.jpg 451w\" sizes=\"auto, (max-width: 800px) 100vw, 800px\" \/><\/a><\/p>\n<p>Dzia\u0142alno\u015b\u0107 kamienio\u0142omu ods\u0142oni\u0142a \u015brodkow\u0105 cz\u0119\u015b\u0107 komina wulkanicznego, czynnego przed 15 &#8211; 18 mln lat (miocen). Wysoko\u015b\u0107 \u015bciany to 28 m. Napr\u0119\u017cenia powstaj\u0105ce podczas stygni\u0119cia lawy powoduj\u0105 powstawanie tzw. ciosu termicznego &#8211; regularnych s\u0142up\u00f3w o przekroju pi\u0119cio &#8211; lub sze\u015bciok\u0105ta i \u015brednicy do 30 cm.<\/p>\n<p><a href=\"https:\/\/www.pomniki-przyrody.pl\/wp-content\/uploads\/2018\/01\/Ma\u0142e-Organy-My\u015bliborskie-w-Che\u0142mach.jpg\"><img loading=\"lazy\" decoding=\"async\" class=\"aligncenter wp-image-12361 size-full\" title=\"Ma\u0142e Organy My\u015bliborskie w Che\u0142mach\" src=\"https:\/\/www.pomniki-przyrody.pl\/wp-content\/uploads\/2018\/01\/Ma\u0142e-Organy-My\u015bliborskie-w-Che\u0142mach.jpg\" width=\"800\" height=\"532\" srcset=\"https:\/\/www.pomniki-przyrody.pl\/wp-content\/uploads\/2018\/01\/Ma\u0142e-Organy-My\u015bliborskie-w-Che\u0142mach.jpg 800w, https:\/\/www.pomniki-przyrody.pl\/wp-content\/uploads\/2018\/01\/Ma\u0142e-Organy-My\u015bliborskie-w-Che\u0142mach-300x200.jpg 300w, https:\/\/www.pomniki-przyrody.pl\/wp-content\/uploads\/2018\/01\/Ma\u0142e-Organy-My\u015bliborskie-w-Che\u0142mach-768x511.jpg 768w, https:\/\/www.pomniki-przyrody.pl\/wp-content\/uploads\/2018\/01\/Ma\u0142e-Organy-My\u015bliborskie-w-Che\u0142mach-451x300.jpg 451w\" sizes=\"auto, (max-width: 800px) 100vw, 800px\" \/><\/a><a href=\"https:\/\/www.pomniki-przyrody.pl\/wp-content\/uploads\/2018\/01\/Ma\u0142e-Organy-My\u015bliborskie-widok-z-boku.jpg\"><img loading=\"lazy\" decoding=\"async\" class=\"aligncenter wp-image-12359 size-full\" title=\"Ma\u0142e Organy My\u015bliborskie - widok z boku\" src=\"https:\/\/www.pomniki-przyrody.pl\/wp-content\/uploads\/2018\/01\/Ma\u0142e-Organy-My\u015bliborskie-widok-z-boku.jpg\" width=\"532\" height=\"800\" srcset=\"https:\/\/www.pomniki-przyrody.pl\/wp-content\/uploads\/2018\/01\/Ma\u0142e-Organy-My\u015bliborskie-widok-z-boku.jpg 532w, https:\/\/www.pomniki-przyrody.pl\/wp-content\/uploads\/2018\/01\/Ma\u0142e-Organy-My\u015bliborskie-widok-z-boku-200x300.jpg 200w\" sizes=\"auto, (max-width: 532px) 100vw, 532px\" \/><\/a><\/p>\n<p>Pod wzgl\u0119dem petrograficznym ska\u0142y buduj\u0105ce Ma\u0142e Organy to tzw. bazanity, czyli bazalty oliwinowe z\u0142o\u017cone z augitu, oliwinu, plagioklaz\u00f3w (bytownit), tlenk\u00f3w \u017celaza.<\/p>\n<p><a href=\"https:\/\/www.pomniki-przyrody.pl\/wp-content\/uploads\/2018\/01\/Ma\u0142e-Organy-My\u015bliborskie-s\u0142upy-bazaltowe.jpg\"><img loading=\"lazy\" decoding=\"async\" class=\"aligncenter wp-image-12358 size-full\" title=\"Ma\u0142e Organy My\u015bliborskie - s\u0142upy bazaltowe\" src=\"https:\/\/www.pomniki-przyrody.pl\/wp-content\/uploads\/2018\/01\/Ma\u0142e-Organy-My\u015bliborskie-s\u0142upy-bazaltowe.jpg\" width=\"532\" height=\"800\" srcset=\"https:\/\/www.pomniki-przyrody.pl\/wp-content\/uploads\/2018\/01\/Ma\u0142e-Organy-My\u015bliborskie-s\u0142upy-bazaltowe.jpg 532w, https:\/\/www.pomniki-przyrody.pl\/wp-content\/uploads\/2018\/01\/Ma\u0142e-Organy-My\u015bliborskie-s\u0142upy-bazaltowe-200x300.jpg 200w\" sizes=\"auto, (max-width: 532px) 100vw, 532px\" \/><\/a><a href=\"https:\/\/www.pomniki-przyrody.pl\/wp-content\/uploads\/2018\/01\/Ma\u0142e-Organy-My\u015bliborskie-zbli\u017cenie-s\u0142up\u00f3w.jpg\"><img loading=\"lazy\" decoding=\"async\" class=\"aligncenter wp-image-12360 size-full\" title=\"Ma\u0142e Organy My\u015bliborskie - zbli\u017cenie s\u0142up\u00f3w\" src=\"https:\/\/www.pomniki-przyrody.pl\/wp-content\/uploads\/2018\/01\/Ma\u0142e-Organy-My\u015bliborskie-zbli\u017cenie-s\u0142up\u00f3w.jpg\" width=\"532\" height=\"800\" srcset=\"https:\/\/www.pomniki-przyrody.pl\/wp-content\/uploads\/2018\/01\/Ma\u0142e-Organy-My\u015bliborskie-zbli\u017cenie-s\u0142up\u00f3w.jpg 532w, https:\/\/www.pomniki-przyrody.pl\/wp-content\/uploads\/2018\/01\/Ma\u0142e-Organy-My\u015bliborskie-zbli\u017cenie-s\u0142up\u00f3w-200x300.jpg 200w\" sizes=\"auto, (max-width: 532px) 100vw, 532px\" \/><\/a><\/p>\n<p>Ma\u0142e Organy My\u015bliborskie chronione s\u0105 jako pomnik przyrody nieo\u017cywionej od\u00a027.02.1965 r. Nazwa Ma\u0142e Organy powsta\u0142a aby odr\u00f3\u017cni\u0107 je od <a href=\"https:\/\/www.pomniki-przyrody.pl\/?p=10\"><span style=\"color: #0000ff;\">Wielkich Organ\u00f3w Wielis\u0142awskich<\/span><\/a> &#8211; znanego pomnika przyrody po\u0142o\u017conego w pobli\u017cu \u015awierzawy, r\u00f3wnie\u017c na Pog\u00f3rzu Kaczawskim. Tre\u015b\u0107 drugiej tablicy rozwija temat przyrody o\u017cywionej wok\u00f3\u0142 geostanowiska oraz wspomina o grodzie istniej\u0105cym na szczycie Rataja, zniszczonym eksploatacj\u0105 bazaltu.<\/p>\n<p><a href=\"https:\/\/www.pomniki-przyrody.pl\/wp-content\/uploads\/2018\/01\/lewa-cz\u0119\u015b\u0107-tablicy-przy-Ma\u0142ych-Organach-My\u015bliborskich.jpg\"><img loading=\"lazy\" decoding=\"async\" class=\"aligncenter wp-image-12357 size-full\" title=\"lewa cz\u0119\u015b\u0107 tablicy przy Ma\u0142ych Organach My\u015bliborskich\" src=\"https:\/\/www.pomniki-przyrody.pl\/wp-content\/uploads\/2018\/01\/lewa-cz\u0119\u015b\u0107-tablicy-przy-Ma\u0142ych-Organach-My\u015bliborskich.jpg\" width=\"900\" height=\"598\" srcset=\"https:\/\/www.pomniki-przyrody.pl\/wp-content\/uploads\/2018\/01\/lewa-cz\u0119\u015b\u0107-tablicy-przy-Ma\u0142ych-Organach-My\u015bliborskich.jpg 900w, https:\/\/www.pomniki-przyrody.pl\/wp-content\/uploads\/2018\/01\/lewa-cz\u0119\u015b\u0107-tablicy-przy-Ma\u0142ych-Organach-My\u015bliborskich-300x199.jpg 300w, https:\/\/www.pomniki-przyrody.pl\/wp-content\/uploads\/2018\/01\/lewa-cz\u0119\u015b\u0107-tablicy-przy-Ma\u0142ych-Organach-My\u015bliborskich-768x510.jpg 768w, https:\/\/www.pomniki-przyrody.pl\/wp-content\/uploads\/2018\/01\/lewa-cz\u0119\u015b\u0107-tablicy-przy-Ma\u0142ych-Organach-My\u015bliborskich-452x300.jpg 452w\" sizes=\"auto, (max-width: 900px) 100vw, 900px\" \/><\/a><\/p>\n<p><a href=\"https:\/\/www.pomniki-przyrody.pl\/wp-content\/uploads\/2018\/01\/prawa-cz\u0119\u015b\u0107-tablicy-przy-Ma\u0142ych-Organach-My\u015bliborskich.jpg\"><img loading=\"lazy\" decoding=\"async\" class=\"aligncenter size-full wp-image-12364\" src=\"https:\/\/www.pomniki-przyrody.pl\/wp-content\/uploads\/2018\/01\/prawa-cz\u0119\u015b\u0107-tablicy-przy-Ma\u0142ych-Organach-My\u015bliborskich.jpg\" alt=\"prawa cz\u0119\u015b\u0107 tablicy przy Ma\u0142ych Organach My\u015bliborskich\" width=\"900\" height=\"598\" srcset=\"https:\/\/www.pomniki-przyrody.pl\/wp-content\/uploads\/2018\/01\/prawa-cz\u0119\u015b\u0107-tablicy-przy-Ma\u0142ych-Organach-My\u015bliborskich.jpg 900w, https:\/\/www.pomniki-przyrody.pl\/wp-content\/uploads\/2018\/01\/prawa-cz\u0119\u015b\u0107-tablicy-przy-Ma\u0142ych-Organach-My\u015bliborskich-300x199.jpg 300w, https:\/\/www.pomniki-przyrody.pl\/wp-content\/uploads\/2018\/01\/prawa-cz\u0119\u015b\u0107-tablicy-przy-Ma\u0142ych-Organach-My\u015bliborskich-768x510.jpg 768w, https:\/\/www.pomniki-przyrody.pl\/wp-content\/uploads\/2018\/01\/prawa-cz\u0119\u015b\u0107-tablicy-przy-Ma\u0142ych-Organach-My\u015bliborskich-452x300.jpg 452w\" sizes=\"auto, (max-width: 900px) 100vw, 900px\" \/><\/a><\/p>\n<p>Wspomnianych pier\u015bcieni Lieseganga nale\u017cy szuka\u0107 na od\u0142amkach skalnych w bocznej cz\u0119\u015bci kamienio\u0142omu. Ma\u0142o kt\u00f3re s\u0105 wprawdzie tak efektowne jak te ze zdj\u0119cia na tablicy, ale r\u00f3wnie ciekawe s\u0105 \u017cy\u0142kowania na przekroju s\u0142upa. Przy okazji mo\u017cemy zobaczy\u0107 \u015bci\u015ble chronione okazy paprotki zwyczajnej.<\/p>\n<p><a href=\"https:\/\/www.pomniki-przyrody.pl\/wp-content\/uploads\/2018\/01\/Rataj-boczna-\u015bciana-wyrobiska.jpg\"><img loading=\"lazy\" decoding=\"async\" class=\"aligncenter wp-image-12365 size-full\" title=\"Rataj - boczna \u015bciana wyrobiska\" src=\"https:\/\/www.pomniki-przyrody.pl\/wp-content\/uploads\/2018\/01\/Rataj-boczna-\u015bciana-wyrobiska.jpg\" width=\"800\" height=\"532\" srcset=\"https:\/\/www.pomniki-przyrody.pl\/wp-content\/uploads\/2018\/01\/Rataj-boczna-\u015bciana-wyrobiska.jpg 800w, https:\/\/www.pomniki-przyrody.pl\/wp-content\/uploads\/2018\/01\/Rataj-boczna-\u015bciana-wyrobiska-300x200.jpg 300w, https:\/\/www.pomniki-przyrody.pl\/wp-content\/uploads\/2018\/01\/Rataj-boczna-\u015bciana-wyrobiska-768x511.jpg 768w, https:\/\/www.pomniki-przyrody.pl\/wp-content\/uploads\/2018\/01\/Rataj-boczna-\u015bciana-wyrobiska-451x300.jpg 451w\" sizes=\"auto, (max-width: 800px) 100vw, 800px\" \/><\/a><a href=\"https:\/\/www.pomniki-przyrody.pl\/wp-content\/uploads\/2018\/01\/\u017cy\u0142ki-tlenk\u00f3w-\u017celaza-na-powierzchni-bazaltu.jpg\"><img loading=\"lazy\" decoding=\"async\" class=\"aligncenter wp-image-12373 size-full\" title=\"\u017cy\u0142ki tlenk\u00f3w \u017celaza na powierzchni bazaltu\" src=\"https:\/\/www.pomniki-przyrody.pl\/wp-content\/uploads\/2018\/01\/\u017cy\u0142ki-tlenk\u00f3w-\u017celaza-na-powierzchni-bazaltu.jpg\" width=\"800\" height=\"532\" srcset=\"https:\/\/www.pomniki-przyrody.pl\/wp-content\/uploads\/2018\/01\/\u017cy\u0142ki-tlenk\u00f3w-\u017celaza-na-powierzchni-bazaltu.jpg 800w, https:\/\/www.pomniki-przyrody.pl\/wp-content\/uploads\/2018\/01\/\u017cy\u0142ki-tlenk\u00f3w-\u017celaza-na-powierzchni-bazaltu-300x200.jpg 300w, https:\/\/www.pomniki-przyrody.pl\/wp-content\/uploads\/2018\/01\/\u017cy\u0142ki-tlenk\u00f3w-\u017celaza-na-powierzchni-bazaltu-768x511.jpg 768w, https:\/\/www.pomniki-przyrody.pl\/wp-content\/uploads\/2018\/01\/\u017cy\u0142ki-tlenk\u00f3w-\u017celaza-na-powierzchni-bazaltu-451x300.jpg 451w\" sizes=\"auto, (max-width: 800px) 100vw, 800px\" \/><\/a><\/p>\n<p><a href=\"https:\/\/www.pomniki-przyrody.pl\/wp-content\/uploads\/2018\/01\/paprotka-zwyczajna-w-wyrobisku-bazaltu.jpg\"><img loading=\"lazy\" decoding=\"async\" class=\"aligncenter wp-image-12363 size-full\" title=\"paprotka zwyczajna w wyrobisku bazaltu\" src=\"https:\/\/www.pomniki-przyrody.pl\/wp-content\/uploads\/2018\/01\/paprotka-zwyczajna-w-wyrobisku-bazaltu.jpg\" width=\"800\" height=\"532\" srcset=\"https:\/\/www.pomniki-przyrody.pl\/wp-content\/uploads\/2018\/01\/paprotka-zwyczajna-w-wyrobisku-bazaltu.jpg 800w, https:\/\/www.pomniki-przyrody.pl\/wp-content\/uploads\/2018\/01\/paprotka-zwyczajna-w-wyrobisku-bazaltu-300x200.jpg 300w, https:\/\/www.pomniki-przyrody.pl\/wp-content\/uploads\/2018\/01\/paprotka-zwyczajna-w-wyrobisku-bazaltu-768x511.jpg 768w, https:\/\/www.pomniki-przyrody.pl\/wp-content\/uploads\/2018\/01\/paprotka-zwyczajna-w-wyrobisku-bazaltu-451x300.jpg 451w\" sizes=\"auto, (max-width: 800px) 100vw, 800px\" \/><\/a><\/p>\n<p>Bokiem wyrobiska mo\u017cna ostro\u017cnie wdrapa\u0107 si\u0119 na szczyt Rataja, by podj\u0105\u0107 pr\u00f3b\u0119 odnalezienia pozosta\u0142o\u015bci grodziska.<\/p>\n<p><a href=\"https:\/\/www.pomniki-przyrody.pl\/wp-content\/uploads\/2018\/01\/widok-z-wierzcho\u0142ka-Rataja.jpg\"><img loading=\"lazy\" decoding=\"async\" class=\"aligncenter wp-image-12370 size-full\" title=\"widok z wierzcho\u0142ka Rataja\" src=\"https:\/\/www.pomniki-przyrody.pl\/wp-content\/uploads\/2018\/01\/widok-z-wierzcho\u0142ka-Rataja.jpg\" width=\"800\" height=\"532\" srcset=\"https:\/\/www.pomniki-przyrody.pl\/wp-content\/uploads\/2018\/01\/widok-z-wierzcho\u0142ka-Rataja.jpg 800w, https:\/\/www.pomniki-przyrody.pl\/wp-content\/uploads\/2018\/01\/widok-z-wierzcho\u0142ka-Rataja-300x200.jpg 300w, https:\/\/www.pomniki-przyrody.pl\/wp-content\/uploads\/2018\/01\/widok-z-wierzcho\u0142ka-Rataja-768x511.jpg 768w, https:\/\/www.pomniki-przyrody.pl\/wp-content\/uploads\/2018\/01\/widok-z-wierzcho\u0142ka-Rataja-451x300.jpg 451w\" sizes=\"auto, (max-width: 800px) 100vw, 800px\" \/><\/a><\/p>\n<p>Schodz\u0105c w kierunku zachodnim mo\u017cna z pewnego miejsca zaobserwowa\u0107 uk\u0142ad tutejszych s\u0142up\u00f3w: pionowy w dolnej cz\u0119\u015bci i prawie poziomy w g\u00f3rnej.<\/p>\n<p><a href=\"https:\/\/www.pomniki-przyrody.pl\/wp-content\/uploads\/2018\/01\/szczytowy-fragment-Ma\u0142ych-Organ\u00f3w.jpg\"><img loading=\"lazy\" decoding=\"async\" class=\"aligncenter wp-image-12367 size-full\" title=\"szczytowy fragment Ma\u0142ych Organ\u00f3w\" src=\"https:\/\/www.pomniki-przyrody.pl\/wp-content\/uploads\/2018\/01\/szczytowy-fragment-Ma\u0142ych-Organ\u00f3w.jpg\" width=\"800\" height=\"532\" srcset=\"https:\/\/www.pomniki-przyrody.pl\/wp-content\/uploads\/2018\/01\/szczytowy-fragment-Ma\u0142ych-Organ\u00f3w.jpg 800w, https:\/\/www.pomniki-przyrody.pl\/wp-content\/uploads\/2018\/01\/szczytowy-fragment-Ma\u0142ych-Organ\u00f3w-300x200.jpg 300w, https:\/\/www.pomniki-przyrody.pl\/wp-content\/uploads\/2018\/01\/szczytowy-fragment-Ma\u0142ych-Organ\u00f3w-768x511.jpg 768w, https:\/\/www.pomniki-przyrody.pl\/wp-content\/uploads\/2018\/01\/szczytowy-fragment-Ma\u0142ych-Organ\u00f3w-451x300.jpg 451w\" sizes=\"auto, (max-width: 800px) 100vw, 800px\" \/><\/a><a href=\"https:\/\/www.pomniki-przyrody.pl\/wp-content\/uploads\/2018\/01\/bazaltowe-s\u0142upy-na-szczycie-Rataja.jpg\"><img loading=\"lazy\" decoding=\"async\" class=\"aligncenter wp-image-12351 size-full\" title=\"bazaltowe s\u0142upy na szczycie Rataja\" src=\"https:\/\/www.pomniki-przyrody.pl\/wp-content\/uploads\/2018\/01\/bazaltowe-s\u0142upy-na-szczycie-Rataja.jpg\" width=\"532\" height=\"800\" srcset=\"https:\/\/www.pomniki-przyrody.pl\/wp-content\/uploads\/2018\/01\/bazaltowe-s\u0142upy-na-szczycie-Rataja.jpg 532w, https:\/\/www.pomniki-przyrody.pl\/wp-content\/uploads\/2018\/01\/bazaltowe-s\u0142upy-na-szczycie-Rataja-200x300.jpg 200w\" sizes=\"auto, (max-width: 532px) 100vw, 532px\" \/><\/a><\/p>\n<p>Zachodnim zboczem Rataja przebiega \u015bcie\u017cka dydaktyczna &#8222;\u015aladami Trzebowian&#8221;. Na tablicy ustawionej przy le\u015bnym dukcie znajdziemy du\u017co wi\u0119cej informacji o \u015bredniowiecznym grodzie na Rataju.<\/p>\n<p><a href=\"https:\/\/www.pomniki-przyrody.pl\/wp-content\/uploads\/2018\/01\/Rataj-tablica-\u015bcie\u017cki-dydaktycznej.jpg\"><img loading=\"lazy\" decoding=\"async\" class=\"aligncenter wp-image-12366 size-full\" title=\"Rataj - tablica \u015bcie\u017cki dydaktycznej\" src=\"https:\/\/www.pomniki-przyrody.pl\/wp-content\/uploads\/2018\/01\/Rataj-tablica-\u015bcie\u017cki-dydaktycznej.jpg\" width=\"1000\" height=\"665\" srcset=\"https:\/\/www.pomniki-przyrody.pl\/wp-content\/uploads\/2018\/01\/Rataj-tablica-\u015bcie\u017cki-dydaktycznej.jpg 1000w, https:\/\/www.pomniki-przyrody.pl\/wp-content\/uploads\/2018\/01\/Rataj-tablica-\u015bcie\u017cki-dydaktycznej-300x200.jpg 300w, https:\/\/www.pomniki-przyrody.pl\/wp-content\/uploads\/2018\/01\/Rataj-tablica-\u015bcie\u017cki-dydaktycznej-768x511.jpg 768w, https:\/\/www.pomniki-przyrody.pl\/wp-content\/uploads\/2018\/01\/Rataj-tablica-\u015bcie\u017cki-dydaktycznej-451x300.jpg 451w\" sizes=\"auto, (max-width: 1000px) 100vw, 1000px\" \/><\/a><\/p>\n","protected":false},"excerpt":{"rendered":"<p>W swojej d\u0142ugiej i bogatej historii geologicznej Sudety by\u0142y wielokrotnie poddawane ruchom tektonicznym, kt\u00f3rym zawsze towarzyszy\u0142y zjawiska wulkaniczne. Te najm\u0142odsze, doskonale wyr\u00f3\u017cniaj\u0105ce si\u0119 w krajobrazie dawne sto\u017cki wulkaniczne, skupione s\u0105 g\u0142\u00f3wnie na Pog\u00f3rzu Kaczawskim. Do najbardziej znanych na tym terenie &hellip; <a href=\"https:\/\/www.pomniki-przyrody.pl\/?p=12350\">Czytaj dalej <span class=\"meta-nav\">&rarr;<\/span><\/a><\/p>\n","protected":false},"author":2,"featured_media":0,"comment_status":"open","ping_status":"open","sticky":false,"template":"","format":"standard","meta":{"footnotes":""},"categories":[3],"tags":[13,559,1650,1649,1652,14,1651],"class_list":["post-12350","post","type-post","status-publish","format-standard","hentry","category-przyroda-nieozywiona","tag-bazalt","tag-gmina-paszowice","tag-male-organy-mysliborskie","tag-mysliborz","tag-rataj","tag-slupy-bazaltowe","tag-wulkanizm"],"_links":{"self":[{"href":"https:\/\/www.pomniki-przyrody.pl\/index.php?rest_route=\/wp\/v2\/posts\/12350","targetHints":{"allow":["GET"]}}],"collection":[{"href":"https:\/\/www.pomniki-przyrody.pl\/index.php?rest_route=\/wp\/v2\/posts"}],"about":[{"href":"https:\/\/www.pomniki-przyrody.pl\/index.php?rest_route=\/wp\/v2\/types\/post"}],"author":[{"embeddable":true,"href":"https:\/\/www.pomniki-przyrody.pl\/index.php?rest_route=\/wp\/v2\/users\/2"}],"replies":[{"embeddable":true,"href":"https:\/\/www.pomniki-przyrody.pl\/index.php?rest_route=%2Fwp%2Fv2%2Fcomments&post=12350"}],"version-history":[{"count":5,"href":"https:\/\/www.pomniki-przyrody.pl\/index.php?rest_route=\/wp\/v2\/posts\/12350\/revisions"}],"predecessor-version":[{"id":12378,"href":"https:\/\/www.pomniki-przyrody.pl\/index.php?rest_route=\/wp\/v2\/posts\/12350\/revisions\/12378"}],"wp:attachment":[{"href":"https:\/\/www.pomniki-przyrody.pl\/index.php?rest_route=%2Fwp%2Fv2%2Fmedia&parent=12350"}],"wp:term":[{"taxonomy":"category","embeddable":true,"href":"https:\/\/www.pomniki-przyrody.pl\/index.php?rest_route=%2Fwp%2Fv2%2Fcategories&post=12350"},{"taxonomy":"post_tag","embeddable":true,"href":"https:\/\/www.pomniki-przyrody.pl\/index.php?rest_route=%2Fwp%2Fv2%2Ftags&post=12350"}],"curies":[{"name":"wp","href":"https:\/\/api.w.org\/{rel}","templated":true}]}}