{"id":12681,"date":"2018-07-26T01:44:59","date_gmt":"2018-07-25T23:44:59","guid":{"rendered":"http:\/\/www.pomniki-przyrody.pl\/?p=12681"},"modified":"2018-08-13T19:02:28","modified_gmt":"2018-08-13T17:02:28","slug":"pomniki-przyrody-w-gminie-niechlow-pow-gorowski-dolnoslaskie","status":"publish","type":"post","link":"https:\/\/www.pomniki-przyrody.pl\/?p=12681","title":{"rendered":"Pomniki przyrody w gminie Niechl\u00f3w (pow. g\u00f3rowski, dolno\u015bl\u0105skie)."},"content":{"rendered":"<p>Tereny gminy wiejskiej Niechl\u00f3w po\u0142o\u017cone s\u0105\u00a0w p\u00f3\u0142nocno &#8211; zachodniej cz\u0119\u015bci wojew\u00f3dztwa dolno\u015bl\u0105skiego, w powiecie g\u00f3rowskim, w odleg\u0142o\u015bci ok. 20 km od siedziby powiatu \u2013 miasta G\u00f3ra. Po\u0142udniow\u0105 i zachodni\u0105 granic\u0119 gminy stanowi rzeka Odra, p\u00f3\u0142nocna granica gminy pokrywa si\u0119 z granic\u0105 wojew\u00f3dztwa lubuskiego. Po\u0142udniow\u0105 cze\u015b\u0107 gminy przecina leniwie p\u0142yn\u0105ca Barycz, kt\u00f3ra w pobliskim <a href=\"https:\/\/www.pomniki-przyrody.pl\/?p=11099\"><span style=\"color: #0000ff;\">Wyszanowie<\/span><\/a>\u00a0(woj. lubuskie) uchodzi do Odry.<a href=\"https:\/\/www.pomniki-przyrody.pl\/wp-content\/uploads\/2018\/06\/Barycz-w-Szaszorowicach.jpg\"><img loading=\"lazy\" decoding=\"async\" class=\"aligncenter wp-image-12683 size-full\" title=\"Barycz w Szaszorowicach\" src=\"https:\/\/www.pomniki-przyrody.pl\/wp-content\/uploads\/2018\/06\/Barycz-w-Szaszorowicach.jpg\" alt=\"\" width=\"800\" height=\"532\" srcset=\"https:\/\/www.pomniki-przyrody.pl\/wp-content\/uploads\/2018\/06\/Barycz-w-Szaszorowicach.jpg 800w, https:\/\/www.pomniki-przyrody.pl\/wp-content\/uploads\/2018\/06\/Barycz-w-Szaszorowicach-300x200.jpg 300w, https:\/\/www.pomniki-przyrody.pl\/wp-content\/uploads\/2018\/06\/Barycz-w-Szaszorowicach-768x511.jpg 768w, https:\/\/www.pomniki-przyrody.pl\/wp-content\/uploads\/2018\/06\/Barycz-w-Szaszorowicach-451x300.jpg 451w\" sizes=\"auto, (max-width: 800px) 100vw, 800px\" \/><\/a><\/p>\n<p>O walorach przyrodniczych oraz atrakcjach turystycznych okolic Niechlowa mo\u017cemy poczyta\u0107 z tablic ustawionych w kilku wsiach gminy.<\/p>\n<p><a href=\"https:\/\/www.pomniki-przyrody.pl\/wp-content\/uploads\/2018\/06\/fragment-tablicy-o-gminie-Niechl\u00f3w.jpg\"><img loading=\"lazy\" decoding=\"async\" class=\"aligncenter wp-image-12687 size-full\" title=\"fragment tablicy o gminie Niechl\u00f3w\" src=\"https:\/\/www.pomniki-przyrody.pl\/wp-content\/uploads\/2018\/06\/fragment-tablicy-o-gminie-Niechl\u00f3w.jpg\" alt=\"\" width=\"1000\" height=\"665\" srcset=\"https:\/\/www.pomniki-przyrody.pl\/wp-content\/uploads\/2018\/06\/fragment-tablicy-o-gminie-Niechl\u00f3w.jpg 1000w, https:\/\/www.pomniki-przyrody.pl\/wp-content\/uploads\/2018\/06\/fragment-tablicy-o-gminie-Niechl\u00f3w-300x200.jpg 300w, https:\/\/www.pomniki-przyrody.pl\/wp-content\/uploads\/2018\/06\/fragment-tablicy-o-gminie-Niechl\u00f3w-768x511.jpg 768w, https:\/\/www.pomniki-przyrody.pl\/wp-content\/uploads\/2018\/06\/fragment-tablicy-o-gminie-Niechl\u00f3w-451x300.jpg 451w\" sizes=\"auto, (max-width: 1000px) 100vw, 1000px\" \/><\/a><a href=\"https:\/\/www.pomniki-przyrody.pl\/wp-content\/uploads\/2018\/06\/atrakcje-gminy-Niechl\u00f3w.jpg\"><img loading=\"lazy\" decoding=\"async\" class=\"aligncenter wp-image-12682 size-full\" title=\"atrakcje gminy Niechl\u00f3w\" src=\"https:\/\/www.pomniki-przyrody.pl\/wp-content\/uploads\/2018\/06\/atrakcje-gminy-Niechl\u00f3w.jpg\" alt=\"\" width=\"1200\" height=\"798\" srcset=\"https:\/\/www.pomniki-przyrody.pl\/wp-content\/uploads\/2018\/06\/atrakcje-gminy-Niechl\u00f3w.jpg 1200w, https:\/\/www.pomniki-przyrody.pl\/wp-content\/uploads\/2018\/06\/atrakcje-gminy-Niechl\u00f3w-300x200.jpg 300w, https:\/\/www.pomniki-przyrody.pl\/wp-content\/uploads\/2018\/06\/atrakcje-gminy-Niechl\u00f3w-768x511.jpg 768w, https:\/\/www.pomniki-przyrody.pl\/wp-content\/uploads\/2018\/06\/atrakcje-gminy-Niechl\u00f3w-1024x681.jpg 1024w, https:\/\/www.pomniki-przyrody.pl\/wp-content\/uploads\/2018\/06\/atrakcje-gminy-Niechl\u00f3w-451x300.jpg 451w\" sizes=\"auto, (max-width: 1200px) 100vw, 1200px\" \/><\/a><\/p>\n<p>Niechl\u00f3w to typowa gmina rolnicza,\u00a0u\u017cytki rolne zajmuj\u0105 tu ok. 64.6% a lasy 24.3% powierzchni gminy. Ochron\u0119 pomnikow\u0105 ustanowiono dla dw\u00f3ch obiekt\u00f3w przyrody o\u017cywionej: d\u0119bu szypu\u0142kowego i sosny pospolitej, obydwa zlokalizowane s\u0105 w pobli\u017cu wsi Miech\u00f3w. \u0141atwiejszy do znalezienia (cho\u0107 nie zawsze dobrze widoczny) jest pomnikowy d\u0105b, rosn\u0105cy na \u015brodku pola uprawnego, po lewej stronie drogi gruntowej prowadz\u0105cej z Miechowa do Goli G\u00f3rowskiej, ok. 600 m na wsch\u00f3d od pa\u0142acu z Miechowie. Pole zwykle obsiane jest kukurydz\u0105, kt\u00f3ra w lecie i jesieni\u0105 skutecznie zas\u0142ania drzewo.<\/p>\n<p>GPS\u00a0\u00a0N 51\u00b039\u203227.1\u2033 , E 16\u00b025\u203239.5\u2033<\/p>\n<p><a href=\"https:\/\/www.pomniki-przyrody.pl\/wp-content\/uploads\/2018\/06\/pomnikowy-d\u0105b-w-Miechowie-latem.jpg\"><img loading=\"lazy\" decoding=\"async\" class=\"aligncenter wp-image-12700 size-full\" title=\"pomnikowy d\u0105b w Miechowie latem\" src=\"https:\/\/www.pomniki-przyrody.pl\/wp-content\/uploads\/2018\/06\/pomnikowy-d\u0105b-w-Miechowie-latem.jpg\" alt=\"\" width=\"800\" height=\"552\" srcset=\"https:\/\/www.pomniki-przyrody.pl\/wp-content\/uploads\/2018\/06\/pomnikowy-d\u0105b-w-Miechowie-latem.jpg 800w, https:\/\/www.pomniki-przyrody.pl\/wp-content\/uploads\/2018\/06\/pomnikowy-d\u0105b-w-Miechowie-latem-300x207.jpg 300w, https:\/\/www.pomniki-przyrody.pl\/wp-content\/uploads\/2018\/06\/pomnikowy-d\u0105b-w-Miechowie-latem-768x530.jpg 768w, https:\/\/www.pomniki-przyrody.pl\/wp-content\/uploads\/2018\/06\/pomnikowy-d\u0105b-w-Miechowie-latem-435x300.jpg 435w\" sizes=\"auto, (max-width: 800px) 100vw, 800px\" \/><\/a><a href=\"https:\/\/www.pomniki-przyrody.pl\/wp-content\/uploads\/2018\/06\/pomnikowy-d\u0105b-w-Miechowie-jesieni\u0105.jpg\"><img loading=\"lazy\" decoding=\"async\" class=\"aligncenter wp-image-12699 size-full\" title=\"pomnikowy d\u0105b w Miechowie jesieni\u0105\" src=\"https:\/\/www.pomniki-przyrody.pl\/wp-content\/uploads\/2018\/06\/pomnikowy-d\u0105b-w-Miechowie-jesieni\u0105.jpg\" alt=\"\" width=\"800\" height=\"532\" srcset=\"https:\/\/www.pomniki-przyrody.pl\/wp-content\/uploads\/2018\/06\/pomnikowy-d\u0105b-w-Miechowie-jesieni\u0105.jpg 800w, https:\/\/www.pomniki-przyrody.pl\/wp-content\/uploads\/2018\/06\/pomnikowy-d\u0105b-w-Miechowie-jesieni\u0105-300x200.jpg 300w, https:\/\/www.pomniki-przyrody.pl\/wp-content\/uploads\/2018\/06\/pomnikowy-d\u0105b-w-Miechowie-jesieni\u0105-768x511.jpg 768w, https:\/\/www.pomniki-przyrody.pl\/wp-content\/uploads\/2018\/06\/pomnikowy-d\u0105b-w-Miechowie-jesieni\u0105-451x300.jpg 451w\" sizes=\"auto, (max-width: 800px) 100vw, 800px\" \/><\/a><\/p>\n<p>Bli\u017csze podej\u015bcie do d\u0119bu mo\u017cliwe jest wczesn\u0105 wiosn\u0105, wtedy te\u017c mo\u017cna podziwia\u0107 ogromny pie\u0144 o obwodzie 562 cm.<\/p>\n<p><a href=\"https:\/\/www.pomniki-przyrody.pl\/wp-content\/uploads\/2018\/06\/pomnikowy-d\u0105b-w-Miechowie-wiosn\u0105.jpg\"><img loading=\"lazy\" decoding=\"async\" class=\"aligncenter wp-image-12701 size-full\" title=\"pomnikowy d\u0105b w Miechowie wiosn\u0105\" src=\"https:\/\/www.pomniki-przyrody.pl\/wp-content\/uploads\/2018\/06\/pomnikowy-d\u0105b-w-Miechowie-wiosn\u0105.jpg\" alt=\"\" width=\"800\" height=\"532\" srcset=\"https:\/\/www.pomniki-przyrody.pl\/wp-content\/uploads\/2018\/06\/pomnikowy-d\u0105b-w-Miechowie-wiosn\u0105.jpg 800w, https:\/\/www.pomniki-przyrody.pl\/wp-content\/uploads\/2018\/06\/pomnikowy-d\u0105b-w-Miechowie-wiosn\u0105-300x200.jpg 300w, https:\/\/www.pomniki-przyrody.pl\/wp-content\/uploads\/2018\/06\/pomnikowy-d\u0105b-w-Miechowie-wiosn\u0105-768x511.jpg 768w, https:\/\/www.pomniki-przyrody.pl\/wp-content\/uploads\/2018\/06\/pomnikowy-d\u0105b-w-Miechowie-wiosn\u0105-451x300.jpg 451w\" sizes=\"auto, (max-width: 800px) 100vw, 800px\" \/><\/a><a href=\"https:\/\/www.pomniki-przyrody.pl\/wp-content\/uploads\/2018\/06\/Miech\u00f3w-pomnikowy-d\u0105b.jpg\"><img loading=\"lazy\" decoding=\"async\" class=\"aligncenter wp-image-12692 size-full\" title=\"Miech\u00f3w - pomnikowy d\u0105b\" src=\"https:\/\/www.pomniki-przyrody.pl\/wp-content\/uploads\/2018\/06\/Miech\u00f3w-pomnikowy-d\u0105b.jpg\" alt=\"\" width=\"800\" height=\"532\" srcset=\"https:\/\/www.pomniki-przyrody.pl\/wp-content\/uploads\/2018\/06\/Miech\u00f3w-pomnikowy-d\u0105b.jpg 800w, https:\/\/www.pomniki-przyrody.pl\/wp-content\/uploads\/2018\/06\/Miech\u00f3w-pomnikowy-d\u0105b-300x200.jpg 300w, https:\/\/www.pomniki-przyrody.pl\/wp-content\/uploads\/2018\/06\/Miech\u00f3w-pomnikowy-d\u0105b-768x511.jpg 768w, https:\/\/www.pomniki-przyrody.pl\/wp-content\/uploads\/2018\/06\/Miech\u00f3w-pomnikowy-d\u0105b-451x300.jpg 451w\" sizes=\"auto, (max-width: 800px) 100vw, 800px\" \/><\/a><a href=\"https:\/\/www.pomniki-przyrody.pl\/wp-content\/uploads\/2018\/06\/pomnikowy-d\u0105b-w-Miechowie.jpg\"><img loading=\"lazy\" decoding=\"async\" class=\"aligncenter wp-image-12702 size-full\" title=\"pomnikowy d\u0105b w Miechowie\" src=\"https:\/\/www.pomniki-przyrody.pl\/wp-content\/uploads\/2018\/06\/pomnikowy-d\u0105b-w-Miechowie.jpg\" alt=\"\" width=\"800\" height=\"532\" srcset=\"https:\/\/www.pomniki-przyrody.pl\/wp-content\/uploads\/2018\/06\/pomnikowy-d\u0105b-w-Miechowie.jpg 800w, https:\/\/www.pomniki-przyrody.pl\/wp-content\/uploads\/2018\/06\/pomnikowy-d\u0105b-w-Miechowie-300x200.jpg 300w, https:\/\/www.pomniki-przyrody.pl\/wp-content\/uploads\/2018\/06\/pomnikowy-d\u0105b-w-Miechowie-768x511.jpg 768w, https:\/\/www.pomniki-przyrody.pl\/wp-content\/uploads\/2018\/06\/pomnikowy-d\u0105b-w-Miechowie-451x300.jpg 451w\" sizes=\"auto, (max-width: 800px) 100vw, 800px\" \/><\/a><a href=\"https:\/\/www.pomniki-przyrody.pl\/wp-content\/uploads\/2018\/06\/pie\u0144-pomnikowego-d\u0119bu-rosn\u0105cego-k.-Miechowa.jpg\"><img loading=\"lazy\" decoding=\"async\" class=\"aligncenter wp-image-12695 size-full\" title=\"pie\u0144 pomnikowego d\u0119bu rosn\u0105cego k. Miechowa\" src=\"https:\/\/www.pomniki-przyrody.pl\/wp-content\/uploads\/2018\/06\/pie\u0144-pomnikowego-d\u0119bu-rosn\u0105cego-k.-Miechowa.jpg\" alt=\"\" width=\"532\" height=\"800\" srcset=\"https:\/\/www.pomniki-przyrody.pl\/wp-content\/uploads\/2018\/06\/pie\u0144-pomnikowego-d\u0119bu-rosn\u0105cego-k.-Miechowa.jpg 532w, https:\/\/www.pomniki-przyrody.pl\/wp-content\/uploads\/2018\/06\/pie\u0144-pomnikowego-d\u0119bu-rosn\u0105cego-k.-Miechowa-200x300.jpg 200w\" sizes=\"auto, (max-width: 532px) 100vw, 532px\" \/><\/a><a href=\"https:\/\/www.pomniki-przyrody.pl\/wp-content\/uploads\/2018\/06\/pie\u0144-pomnikowego-d\u0119bu-rosn\u0105cego-na-polu-k.-Miechowa.jpg\"><img loading=\"lazy\" decoding=\"async\" class=\"aligncenter wp-image-12696 size-full\" title=\"pie\u0144 pomnikowego d\u0119bu rosn\u0105cego na polu k. Miechowa\" src=\"https:\/\/www.pomniki-przyrody.pl\/wp-content\/uploads\/2018\/06\/pie\u0144-pomnikowego-d\u0119bu-rosn\u0105cego-na-polu-k.-Miechowa.jpg\" alt=\"\" width=\"532\" height=\"800\" srcset=\"https:\/\/www.pomniki-przyrody.pl\/wp-content\/uploads\/2018\/06\/pie\u0144-pomnikowego-d\u0119bu-rosn\u0105cego-na-polu-k.-Miechowa.jpg 532w, https:\/\/www.pomniki-przyrody.pl\/wp-content\/uploads\/2018\/06\/pie\u0144-pomnikowego-d\u0119bu-rosn\u0105cego-na-polu-k.-Miechowa-200x300.jpg 200w\" sizes=\"auto, (max-width: 532px) 100vw, 532px\" \/><\/a><\/p>\n<p>W naro\u017cniku p\u00f3\u0142 w pobli\u017cu pomnikowego d\u0119bu, tu\u017c przy wspomnianej wy\u017cej drodze, le\u017cy sporej wielko\u015bci g\u0142az narzutowy. Jego wymiary oraz pochodzenie (granit skandynawski) kwalifikuj\u0105 go do obj\u0119cia ochron\u0105 pomnikow\u0105.<\/p>\n<p><a href=\"https:\/\/www.pomniki-przyrody.pl\/wp-content\/uploads\/2018\/06\/granitowy-g\u0142az-narzutowy-k.-Miechowa.jpg\"><img loading=\"lazy\" decoding=\"async\" class=\"aligncenter wp-image-12689 size-full\" title=\"granitowy g\u0142az narzutowy k. Miechowa\" src=\"https:\/\/www.pomniki-przyrody.pl\/wp-content\/uploads\/2018\/06\/granitowy-g\u0142az-narzutowy-k.-Miechowa.jpg\" alt=\"\" width=\"800\" height=\"532\" srcset=\"https:\/\/www.pomniki-przyrody.pl\/wp-content\/uploads\/2018\/06\/granitowy-g\u0142az-narzutowy-k.-Miechowa.jpg 800w, https:\/\/www.pomniki-przyrody.pl\/wp-content\/uploads\/2018\/06\/granitowy-g\u0142az-narzutowy-k.-Miechowa-300x200.jpg 300w, https:\/\/www.pomniki-przyrody.pl\/wp-content\/uploads\/2018\/06\/granitowy-g\u0142az-narzutowy-k.-Miechowa-768x511.jpg 768w, https:\/\/www.pomniki-przyrody.pl\/wp-content\/uploads\/2018\/06\/granitowy-g\u0142az-narzutowy-k.-Miechowa-451x300.jpg 451w\" sizes=\"auto, (max-width: 800px) 100vw, 800px\" \/><\/a><\/p>\n<p><a href=\"https:\/\/www.pomniki-przyrody.pl\/wp-content\/uploads\/2018\/06\/granitowy-g\u0142az-k.-Miechowa.jpg\"><img loading=\"lazy\" decoding=\"async\" class=\"aligncenter wp-image-12688 size-full\" title=\"granitowy g\u0142az k. Miechowa\" src=\"https:\/\/www.pomniki-przyrody.pl\/wp-content\/uploads\/2018\/06\/granitowy-g\u0142az-k.-Miechowa.jpg\" alt=\"\" width=\"800\" height=\"532\" srcset=\"https:\/\/www.pomniki-przyrody.pl\/wp-content\/uploads\/2018\/06\/granitowy-g\u0142az-k.-Miechowa.jpg 800w, https:\/\/www.pomniki-przyrody.pl\/wp-content\/uploads\/2018\/06\/granitowy-g\u0142az-k.-Miechowa-300x200.jpg 300w, https:\/\/www.pomniki-przyrody.pl\/wp-content\/uploads\/2018\/06\/granitowy-g\u0142az-k.-Miechowa-768x511.jpg 768w, https:\/\/www.pomniki-przyrody.pl\/wp-content\/uploads\/2018\/06\/granitowy-g\u0142az-k.-Miechowa-451x300.jpg 451w\" sizes=\"auto, (max-width: 800px) 100vw, 800px\" \/><\/a><\/p>\n<p><a href=\"https:\/\/www.pomniki-przyrody.pl\/wp-content\/uploads\/2018\/06\/eratyk-le\u017c\u0105cy-ko\u0142o-Miechowa.jpg\"><img loading=\"lazy\" decoding=\"async\" class=\"aligncenter wp-image-12686 size-full\" title=\"eratyk le\u017c\u0105cy ko\u0142o Miechowa\" src=\"https:\/\/www.pomniki-przyrody.pl\/wp-content\/uploads\/2018\/06\/eratyk-le\u017c\u0105cy-ko\u0142o-Miechowa.jpg\" alt=\"\" width=\"700\" height=\"465\" srcset=\"https:\/\/www.pomniki-przyrody.pl\/wp-content\/uploads\/2018\/06\/eratyk-le\u017c\u0105cy-ko\u0142o-Miechowa.jpg 700w, https:\/\/www.pomniki-przyrody.pl\/wp-content\/uploads\/2018\/06\/eratyk-le\u017c\u0105cy-ko\u0142o-Miechowa-300x199.jpg 300w, https:\/\/www.pomniki-przyrody.pl\/wp-content\/uploads\/2018\/06\/eratyk-le\u017c\u0105cy-ko\u0142o-Miechowa-452x300.jpg 452w\" sizes=\"auto, (max-width: 700px) 100vw, 700px\" \/><\/a><a href=\"https:\/\/www.pomniki-przyrody.pl\/wp-content\/uploads\/2018\/06\/powierzchnia-granitowego-g\u0142azu.jpg\"><img loading=\"lazy\" decoding=\"async\" class=\"aligncenter wp-image-12703 size-full\" title=\"powierzchnia granitowego g\u0142azu\" src=\"https:\/\/www.pomniki-przyrody.pl\/wp-content\/uploads\/2018\/06\/powierzchnia-granitowego-g\u0142azu.jpg\" alt=\"\" width=\"800\" height=\"532\" srcset=\"https:\/\/www.pomniki-przyrody.pl\/wp-content\/uploads\/2018\/06\/powierzchnia-granitowego-g\u0142azu.jpg 800w, https:\/\/www.pomniki-przyrody.pl\/wp-content\/uploads\/2018\/06\/powierzchnia-granitowego-g\u0142azu-300x200.jpg 300w, https:\/\/www.pomniki-przyrody.pl\/wp-content\/uploads\/2018\/06\/powierzchnia-granitowego-g\u0142azu-768x511.jpg 768w, https:\/\/www.pomniki-przyrody.pl\/wp-content\/uploads\/2018\/06\/powierzchnia-granitowego-g\u0142azu-451x300.jpg 451w\" sizes=\"auto, (max-width: 800px) 100vw, 800px\" \/><\/a><\/p>\n<p>Dok\u0142adnie 1.11 km na po\u0142udnie od pomnikowego d\u0119bu, przy le\u015bnym dukcie na skraju lasu, ro\u015bnie pomnikowa sosna pospolita.<\/p>\n<p>GPS\u00a0\u00a0N 51\u00b038\u203251.4\u2033 , E 16\u00b025\u203240.1\u2033<\/p>\n<p><a href=\"https:\/\/www.pomniki-przyrody.pl\/wp-content\/uploads\/2018\/06\/pomnikowa-sosna-rosn\u0105ca-k.-wsi-Miech\u00f3w.jpg\"><img loading=\"lazy\" decoding=\"async\" class=\"aligncenter wp-image-12698 size-full\" title=\"pomnikowa sosna rosn\u0105ca k. wsi Miech\u00f3w\" src=\"https:\/\/www.pomniki-przyrody.pl\/wp-content\/uploads\/2018\/06\/pomnikowa-sosna-rosn\u0105ca-k.-wsi-Miech\u00f3w.jpg\" alt=\"\" width=\"532\" height=\"800\" srcset=\"https:\/\/www.pomniki-przyrody.pl\/wp-content\/uploads\/2018\/06\/pomnikowa-sosna-rosn\u0105ca-k.-wsi-Miech\u00f3w.jpg 532w, https:\/\/www.pomniki-przyrody.pl\/wp-content\/uploads\/2018\/06\/pomnikowa-sosna-rosn\u0105ca-k.-wsi-Miech\u00f3w-200x300.jpg 200w\" sizes=\"auto, (max-width: 532px) 100vw, 532px\" \/><\/a><a href=\"https:\/\/www.pomniki-przyrody.pl\/wp-content\/uploads\/2018\/06\/pomnikowa-sosna-rosn\u0105ca-k.-Miechowa.jpg\"><img loading=\"lazy\" decoding=\"async\" class=\"aligncenter wp-image-12697 size-full\" title=\"pomnikowa sosna rosn\u0105ca k. Miechowa\" src=\"https:\/\/www.pomniki-przyrody.pl\/wp-content\/uploads\/2018\/06\/pomnikowa-sosna-rosn\u0105ca-k.-Miechowa.jpg\" alt=\"\" width=\"532\" height=\"800\" srcset=\"https:\/\/www.pomniki-przyrody.pl\/wp-content\/uploads\/2018\/06\/pomnikowa-sosna-rosn\u0105ca-k.-Miechowa.jpg 532w, https:\/\/www.pomniki-przyrody.pl\/wp-content\/uploads\/2018\/06\/pomnikowa-sosna-rosn\u0105ca-k.-Miechowa-200x300.jpg 200w\" sizes=\"auto, (max-width: 532px) 100vw, 532px\" \/><\/a><\/p>\n<p>Drzewo charakteryzuje si\u0119 do\u015b\u0107 nietypowym jak na sosn\u0119 pokrojem, obecny wygl\u0105d jest wynikiem obci\u0119cia jednego z dw\u00f3ch przewodnik\u00f3w\u00a0 w odziomkowej cz\u0119\u015bci. W dost\u0119pnych materia\u0142ach podawany obw\u00f3d 410 cm mierzony by\u0142 raczej wsp\u00f3lnie z nieistniej\u0105c\u0105 cz\u0119\u015bci\u0105.<\/p>\n<p><a href=\"https:\/\/www.pomniki-przyrody.pl\/wp-content\/uploads\/2018\/06\/las-k.-Miechowa-pie\u0144-pomnikowej-sosny-pospolitej.jpg\"><img loading=\"lazy\" decoding=\"async\" class=\"aligncenter wp-image-12690 size-full\" title=\"las k. Miechowa - pie\u0144 pomnikowej sosny pospolitej\" src=\"https:\/\/www.pomniki-przyrody.pl\/wp-content\/uploads\/2018\/06\/las-k.-Miechowa-pie\u0144-pomnikowej-sosny-pospolitej.jpg\" alt=\"\" width=\"532\" height=\"800\" srcset=\"https:\/\/www.pomniki-przyrody.pl\/wp-content\/uploads\/2018\/06\/las-k.-Miechowa-pie\u0144-pomnikowej-sosny-pospolitej.jpg 532w, https:\/\/www.pomniki-przyrody.pl\/wp-content\/uploads\/2018\/06\/las-k.-Miechowa-pie\u0144-pomnikowej-sosny-pospolitej-200x300.jpg 200w\" sizes=\"auto, (max-width: 532px) 100vw, 532px\" \/><\/a><a href=\"https:\/\/www.pomniki-przyrody.pl\/wp-content\/uploads\/2018\/06\/las-k.-Miechowa-pie\u0144-pomnikowej-sosny.jpg\"><img loading=\"lazy\" decoding=\"async\" class=\"aligncenter wp-image-12691 size-full\" title=\"las k. Miechowa - pie\u0144 pomnikowej sosny\" src=\"https:\/\/www.pomniki-przyrody.pl\/wp-content\/uploads\/2018\/06\/las-k.-Miechowa-pie\u0144-pomnikowej-sosny.jpg\" alt=\"\" width=\"532\" height=\"800\" srcset=\"https:\/\/www.pomniki-przyrody.pl\/wp-content\/uploads\/2018\/06\/las-k.-Miechowa-pie\u0144-pomnikowej-sosny.jpg 532w, https:\/\/www.pomniki-przyrody.pl\/wp-content\/uploads\/2018\/06\/las-k.-Miechowa-pie\u0144-pomnikowej-sosny-200x300.jpg 200w\" sizes=\"auto, (max-width: 532px) 100vw, 532px\" \/><\/a><\/p>\n<p>By\u0142ym pomnikiem przyrody jest d\u0105b szypu\u0142kowy o obwodzie 410 cm, rosn\u0105cy przy drodze Lipowiec &#8211; \u017babin, przy skrzy\u017cowaniu do G\u0142obic.<\/p>\n<p><a href=\"https:\/\/www.pomniki-przyrody.pl\/wp-content\/uploads\/2018\/06\/okazaly-d\u0105b-przy-drodze-do-\u017babina.jpg\"><img loading=\"lazy\" decoding=\"async\" class=\"aligncenter wp-image-12693 size-full\" title=\"okaza\u0142y d\u0105b przy drodze do \u017babina\" src=\"https:\/\/www.pomniki-przyrody.pl\/wp-content\/uploads\/2018\/06\/okazaly-d\u0105b-przy-drodze-do-\u017babina.jpg\" alt=\"\" width=\"556\" height=\"800\" srcset=\"https:\/\/www.pomniki-przyrody.pl\/wp-content\/uploads\/2018\/06\/okazaly-d\u0105b-przy-drodze-do-\u017babina.jpg 556w, https:\/\/www.pomniki-przyrody.pl\/wp-content\/uploads\/2018\/06\/okazaly-d\u0105b-przy-drodze-do-\u017babina-209x300.jpg 209w\" sizes=\"auto, (max-width: 556px) 100vw, 556px\" \/><\/a><a href=\"https:\/\/www.pomniki-przyrody.pl\/wp-content\/uploads\/2018\/06\/by\u0142y-pomnikowy-d\u0105b-rosn\u0105cy-pomi\u0119dzy-\u017babinem-a-Lipowcem.jpg\"><img loading=\"lazy\" decoding=\"async\" class=\"aligncenter wp-image-12684 size-full\" title=\"by\u0142y pomnikowy d\u0105b rosn\u0105cy pomi\u0119dzy \u017babinem a Lipowcem\" src=\"https:\/\/www.pomniki-przyrody.pl\/wp-content\/uploads\/2018\/06\/by\u0142y-pomnikowy-d\u0105b-rosn\u0105cy-pomi\u0119dzy-\u017babinem-a-Lipowcem.jpg\" alt=\"\" width=\"532\" height=\"800\" srcset=\"https:\/\/www.pomniki-przyrody.pl\/wp-content\/uploads\/2018\/06\/by\u0142y-pomnikowy-d\u0105b-rosn\u0105cy-pomi\u0119dzy-\u017babinem-a-Lipowcem.jpg 532w, https:\/\/www.pomniki-przyrody.pl\/wp-content\/uploads\/2018\/06\/by\u0142y-pomnikowy-d\u0105b-rosn\u0105cy-pomi\u0119dzy-\u017babinem-a-Lipowcem-200x300.jpg 200w\" sizes=\"auto, (max-width: 532px) 100vw, 532px\" \/><\/a><a href=\"https:\/\/www.pomniki-przyrody.pl\/wp-content\/uploads\/2018\/06\/pie\u0144-okaza\u0142ego-d\u0119bu-w-gminie-Nieszczyce.jpg\"><img loading=\"lazy\" decoding=\"async\" class=\"aligncenter wp-image-12694 size-full\" title=\"pie\u0144 okaza\u0142ego d\u0119bu w gminie Nieszczyce\" src=\"https:\/\/www.pomniki-przyrody.pl\/wp-content\/uploads\/2018\/06\/pie\u0144-okaza\u0142ego-d\u0119bu-w-gminie-Nieszczyce.jpg\" alt=\"\" width=\"532\" height=\"800\" srcset=\"https:\/\/www.pomniki-przyrody.pl\/wp-content\/uploads\/2018\/06\/pie\u0144-okaza\u0142ego-d\u0119bu-w-gminie-Nieszczyce.jpg 532w, https:\/\/www.pomniki-przyrody.pl\/wp-content\/uploads\/2018\/06\/pie\u0144-okaza\u0142ego-d\u0119bu-w-gminie-Nieszczyce-200x300.jpg 200w\" sizes=\"auto, (max-width: 532px) 100vw, 532px\" \/><\/a><\/p>\n","protected":false},"excerpt":{"rendered":"<p>Tereny gminy wiejskiej Niechl\u00f3w po\u0142o\u017cone s\u0105\u00a0w p\u00f3\u0142nocno &#8211; zachodniej cz\u0119\u015bci wojew\u00f3dztwa dolno\u015bl\u0105skiego, w powiecie g\u00f3rowskim, w odleg\u0142o\u015bci ok. 20 km od siedziby powiatu \u2013 miasta G\u00f3ra. Po\u0142udniow\u0105 i zachodni\u0105 granic\u0119 gminy stanowi rzeka Odra, p\u00f3\u0142nocna granica gminy pokrywa si\u0119 z &hellip; <a href=\"https:\/\/www.pomniki-przyrody.pl\/?p=12681\">Czytaj dalej <span class=\"meta-nav\">&rarr;<\/span><\/a><\/p>\n","protected":false},"author":2,"featured_media":0,"comment_status":"open","ping_status":"open","sticky":false,"template":"","format":"standard","meta":{"footnotes":""},"categories":[1],"tags":[1483,1368,1678,1679,1677,754,667],"class_list":["post-12681","post","type-post","status-publish","format-standard","hentry","category-przyroda-ozywiona","tag-dolnoslaskie","tag-dolny-slask","tag-gmina-niechlow","tag-miechow","tag-niechlow","tag-pomnikowa-sosna","tag-pomnikowy-dab"],"_links":{"self":[{"href":"https:\/\/www.pomniki-przyrody.pl\/index.php?rest_route=\/wp\/v2\/posts\/12681","targetHints":{"allow":["GET"]}}],"collection":[{"href":"https:\/\/www.pomniki-przyrody.pl\/index.php?rest_route=\/wp\/v2\/posts"}],"about":[{"href":"https:\/\/www.pomniki-przyrody.pl\/index.php?rest_route=\/wp\/v2\/types\/post"}],"author":[{"embeddable":true,"href":"https:\/\/www.pomniki-przyrody.pl\/index.php?rest_route=\/wp\/v2\/users\/2"}],"replies":[{"embeddable":true,"href":"https:\/\/www.pomniki-przyrody.pl\/index.php?rest_route=%2Fwp%2Fv2%2Fcomments&post=12681"}],"version-history":[{"count":2,"href":"https:\/\/www.pomniki-przyrody.pl\/index.php?rest_route=\/wp\/v2\/posts\/12681\/revisions"}],"predecessor-version":[{"id":12714,"href":"https:\/\/www.pomniki-przyrody.pl\/index.php?rest_route=\/wp\/v2\/posts\/12681\/revisions\/12714"}],"wp:attachment":[{"href":"https:\/\/www.pomniki-przyrody.pl\/index.php?rest_route=%2Fwp%2Fv2%2Fmedia&parent=12681"}],"wp:term":[{"taxonomy":"category","embeddable":true,"href":"https:\/\/www.pomniki-przyrody.pl\/index.php?rest_route=%2Fwp%2Fv2%2Fcategories&post=12681"},{"taxonomy":"post_tag","embeddable":true,"href":"https:\/\/www.pomniki-przyrody.pl\/index.php?rest_route=%2Fwp%2Fv2%2Ftags&post=12681"}],"curies":[{"name":"wp","href":"https:\/\/api.w.org\/{rel}","templated":true}]}}