{"id":12776,"date":"2018-09-09T17:47:36","date_gmt":"2018-09-09T15:47:36","guid":{"rendered":"http:\/\/www.pomniki-przyrody.pl\/?p=12776"},"modified":"2018-09-09T22:44:30","modified_gmt":"2018-09-09T20:44:30","slug":"pomnikowy-jesion-z-przemetu-pow-wolsztynski-wielkopolskie","status":"publish","type":"post","link":"https:\/\/www.pomniki-przyrody.pl\/?p=12776","title":{"rendered":"Pomnikowy jesion z Przem\u0119tu (pow. wolszty\u0144ski, wielkopolskie)."},"content":{"rendered":"<p>Historia osadnictwa na terenie dzisiejszego Przem\u0119tu (pow. wolszty\u0144ski, wielkopolska) si\u0119ga XII w. p.n.e. W XI w. wybudowano tu gr\u00f3d piastowski, kt\u00f3ry rozwin\u0105\u0142 si\u0119 do funkcji miasta. 3 lipca 1408 roku kr\u00f3l W\u0142adys\u0142aw II Jagie\u0142\u0142o zgodzi\u0142 si\u0119 odda\u0107 Przem\u0119t cystersom, potrzebowa\u0142 pieni\u0119dzy na zbli\u017caj\u0105c\u0105 si\u0119 wojn\u0119 z Krzy\u017cakami. D\u0142uga historia zakonnik\u00f3w w Przem\u0119cie trwa\u0142a do 1805 roku. Cystersi pozostawili po sobie zesp\u00f3\u0142 klasztorny z\u00a0XVII w., w kt\u00f3rego sk\u0142ad wchodzi m.in. monumentalny ko\u015bci\u00f3\u0142 pw. \u015bw. Jana Chrzciciela.<\/p>\n<p><a href=\"https:\/\/www.pomniki-przyrody.pl\/wp-content\/uploads\/2018\/08\/Ko\u015bci\u00f3\u0142-\u015bw.-Jana-Chrzciciela-w-Przem\u0119cie.jpg\"><img loading=\"lazy\" decoding=\"async\" class=\"aligncenter wp-image-12778 size-full\" title=\"Ko\u015bci\u00f3\u0142 \u015bw. Jana Chrzciciela w Przem\u0119cie\" src=\"https:\/\/www.pomniki-przyrody.pl\/wp-content\/uploads\/2018\/08\/Ko\u015bci\u00f3\u0142-\u015bw.-Jana-Chrzciciela-w-Przem\u0119cie.jpg\" alt=\"\" width=\"493\" height=\"800\" srcset=\"https:\/\/www.pomniki-przyrody.pl\/wp-content\/uploads\/2018\/08\/Ko\u015bci\u00f3\u0142-\u015bw.-Jana-Chrzciciela-w-Przem\u0119cie.jpg 493w, https:\/\/www.pomniki-przyrody.pl\/wp-content\/uploads\/2018\/08\/Ko\u015bci\u00f3\u0142-\u015bw.-Jana-Chrzciciela-w-Przem\u0119cie-185x300.jpg 185w\" sizes=\"auto, (max-width: 493px) 100vw, 493px\" \/><\/a><a href=\"https:\/\/www.pomniki-przyrody.pl\/wp-content\/uploads\/2018\/08\/ko\u015bci\u00f3\u0142-pocysterski-w-Przem\u0119cie.jpg\"><img loading=\"lazy\" decoding=\"async\" class=\"aligncenter wp-image-12777 size-full\" title=\"ko\u015bci\u00f3\u0142 pocysterski w Przem\u0119cie\" src=\"https:\/\/www.pomniki-przyrody.pl\/wp-content\/uploads\/2018\/08\/ko\u015bci\u00f3\u0142-pocysterski-w-Przem\u0119cie.jpg\" alt=\"\" width=\"519\" height=\"800\" srcset=\"https:\/\/www.pomniki-przyrody.pl\/wp-content\/uploads\/2018\/08\/ko\u015bci\u00f3\u0142-pocysterski-w-Przem\u0119cie.jpg 519w, https:\/\/www.pomniki-przyrody.pl\/wp-content\/uploads\/2018\/08\/ko\u015bci\u00f3\u0142-pocysterski-w-Przem\u0119cie-195x300.jpg 195w\" sizes=\"auto, (max-width: 519px) 100vw, 519px\" \/><\/a><a href=\"https:\/\/www.pomniki-przyrody.pl\/wp-content\/uploads\/2018\/08\/wn\u0119trze-ko\u015bcio\u0142a-\u015bw.-Jana-Chrzciciela-w-Przem\u0119cie.jpg\"><img loading=\"lazy\" decoding=\"async\" class=\"aligncenter wp-image-12789 size-full\" title=\"wn\u0119trze ko\u015bcio\u0142a \u015bw. Jana Chrzciciela w Przem\u0119cie\" src=\"https:\/\/www.pomniki-przyrody.pl\/wp-content\/uploads\/2018\/08\/wn\u0119trze-ko\u015bcio\u0142a-\u015bw.-Jana-Chrzciciela-w-Przem\u0119cie.jpg\" alt=\"\" width=\"532\" height=\"800\" srcset=\"https:\/\/www.pomniki-przyrody.pl\/wp-content\/uploads\/2018\/08\/wn\u0119trze-ko\u015bcio\u0142a-\u015bw.-Jana-Chrzciciela-w-Przem\u0119cie.jpg 532w, https:\/\/www.pomniki-przyrody.pl\/wp-content\/uploads\/2018\/08\/wn\u0119trze-ko\u015bcio\u0142a-\u015bw.-Jana-Chrzciciela-w-Przem\u0119cie-200x300.jpg 200w\" sizes=\"auto, (max-width: 532px) 100vw, 532px\" \/><\/a><\/p>\n<p>W pobli\u017cu ko\u015bcio\u0142a (ul. Klasztorna) znajduje si\u0119 zbudowana z g\u0142az\u00f3w narzutowych kapliczka z figurk\u0105 Matki Boskiej.<\/p>\n<p><a href=\"https:\/\/www.pomniki-przyrody.pl\/wp-content\/uploads\/2018\/08\/Przem\u0119t-kapliczka-w-zespole-pocysterskim.jpg\"><img loading=\"lazy\" decoding=\"async\" class=\"aligncenter wp-image-12783 size-full\" title=\"Przem\u0119t - kapliczka w zespole pocysterskim\" src=\"https:\/\/www.pomniki-przyrody.pl\/wp-content\/uploads\/2018\/08\/Przem\u0119t-kapliczka-w-zespole-pocysterskim.jpg\" alt=\"\" width=\"591\" height=\"800\" srcset=\"https:\/\/www.pomniki-przyrody.pl\/wp-content\/uploads\/2018\/08\/Przem\u0119t-kapliczka-w-zespole-pocysterskim.jpg 591w, https:\/\/www.pomniki-przyrody.pl\/wp-content\/uploads\/2018\/08\/Przem\u0119t-kapliczka-w-zespole-pocysterskim-222x300.jpg 222w\" sizes=\"auto, (max-width: 591px) 100vw, 591px\" \/><\/a><\/p>\n<p>Tu\u017c obok (70 m na po\u0142udnie od prezbiterium ko\u015bcio\u0142a) ro\u015bnie okaza\u0142y jesion wynios\u0142y.<\/p>\n<p>GPS\u00a0N 52\u00b000\u203234\u2033 , E 16\u00b017\u203235\u2033<\/p>\n<p><a href=\"https:\/\/www.pomniki-przyrody.pl\/wp-content\/uploads\/2018\/08\/Przem\u0119t-ul.-Klasztorna-z-pomnikowym-jesionem.jpg\"><img loading=\"lazy\" decoding=\"async\" class=\"aligncenter wp-image-12788 size-full\" title=\"Przem\u0119t - ul. Klasztorna z pomnikowym jesionem\" src=\"https:\/\/www.pomniki-przyrody.pl\/wp-content\/uploads\/2018\/08\/Przem\u0119t-ul.-Klasztorna-z-pomnikowym-jesionem.jpg\" alt=\"\" width=\"588\" height=\"800\" srcset=\"https:\/\/www.pomniki-przyrody.pl\/wp-content\/uploads\/2018\/08\/Przem\u0119t-ul.-Klasztorna-z-pomnikowym-jesionem.jpg 588w, https:\/\/www.pomniki-przyrody.pl\/wp-content\/uploads\/2018\/08\/Przem\u0119t-ul.-Klasztorna-z-pomnikowym-jesionem-221x300.jpg 221w\" sizes=\"auto, (max-width: 588px) 100vw, 588px\" \/><\/a><\/p>\n<p><a href=\"https:\/\/www.pomniki-przyrody.pl\/wp-content\/uploads\/2018\/08\/Przem\u0119t-pomnikowy-jesion.jpg\"><img loading=\"lazy\" decoding=\"async\" class=\"aligncenter wp-image-12787 size-full\" title=\"Przem\u0119t - pomnikowy jesion\" src=\"https:\/\/www.pomniki-przyrody.pl\/wp-content\/uploads\/2018\/08\/Przem\u0119t-pomnikowy-jesion.jpg\" alt=\"\" width=\"532\" height=\"800\" srcset=\"https:\/\/www.pomniki-przyrody.pl\/wp-content\/uploads\/2018\/08\/Przem\u0119t-pomnikowy-jesion.jpg 532w, https:\/\/www.pomniki-przyrody.pl\/wp-content\/uploads\/2018\/08\/Przem\u0119t-pomnikowy-jesion-200x300.jpg 200w\" sizes=\"auto, (max-width: 532px) 100vw, 532px\" \/><\/a><a href=\"https:\/\/www.pomniki-przyrody.pl\/wp-content\/uploads\/2018\/08\/pomnikowy-jesion-z-Przem\u0119tu.jpg\"><img loading=\"lazy\" decoding=\"async\" class=\"aligncenter wp-image-12780 size-full\" title=\"pomnikowy jesion z Przem\u0119tu\" src=\"https:\/\/www.pomniki-przyrody.pl\/wp-content\/uploads\/2018\/08\/pomnikowy-jesion-z-Przem\u0119tu.jpg\" alt=\"\" width=\"532\" height=\"800\" srcset=\"https:\/\/www.pomniki-przyrody.pl\/wp-content\/uploads\/2018\/08\/pomnikowy-jesion-z-Przem\u0119tu.jpg 532w, https:\/\/www.pomniki-przyrody.pl\/wp-content\/uploads\/2018\/08\/pomnikowy-jesion-z-Przem\u0119tu-200x300.jpg 200w\" sizes=\"auto, (max-width: 532px) 100vw, 532px\" \/><\/a><\/p>\n<p><a href=\"https:\/\/www.pomniki-przyrody.pl\/wp-content\/uploads\/2018\/08\/Przem\u0119t-pomnikowy-jesion-wynios\u0142y.jpg\"><img loading=\"lazy\" decoding=\"async\" class=\"aligncenter wp-image-12786 size-full\" title=\"Przem\u0119t - pomnikowy jesion wynios\u0142y\" src=\"https:\/\/www.pomniki-przyrody.pl\/wp-content\/uploads\/2018\/08\/Przem\u0119t-pomnikowy-jesion-wynios\u0142y.jpg\" alt=\"\" width=\"800\" height=\"532\" srcset=\"https:\/\/www.pomniki-przyrody.pl\/wp-content\/uploads\/2018\/08\/Przem\u0119t-pomnikowy-jesion-wynios\u0142y.jpg 800w, https:\/\/www.pomniki-przyrody.pl\/wp-content\/uploads\/2018\/08\/Przem\u0119t-pomnikowy-jesion-wynios\u0142y-300x200.jpg 300w, https:\/\/www.pomniki-przyrody.pl\/wp-content\/uploads\/2018\/08\/Przem\u0119t-pomnikowy-jesion-wynios\u0142y-768x511.jpg 768w, https:\/\/www.pomniki-przyrody.pl\/wp-content\/uploads\/2018\/08\/Przem\u0119t-pomnikowy-jesion-wynios\u0142y-451x300.jpg 451w\" sizes=\"auto, (max-width: 800px) 100vw, 800px\" \/><\/a><\/p>\n<p>Pie\u0144 tego drzewa o obwodzie 540 cm na wysoko\u015bci 2,5 m rozwidla si\u0119 na 3 g\u0142\u00f3wne przewodniki. Wysoko\u015b\u0107 drzewa &#8211; 25 m, szacunkowy wiek to 250 lat.<\/p>\n<p><a href=\"https:\/\/www.pomniki-przyrody.pl\/wp-content\/uploads\/2018\/08\/Przem\u0119t-pomnikowy-jesion-rosn\u0105cy-niedaleko-ko\u015bcio\u0142a.jpg\"><img loading=\"lazy\" decoding=\"async\" class=\"aligncenter wp-image-12785 size-full\" title=\"Przem\u0119t - pomnikowy jesion rosn\u0105cy niedaleko ko\u015bcio\u0142a\" src=\"https:\/\/www.pomniki-przyrody.pl\/wp-content\/uploads\/2018\/08\/Przem\u0119t-pomnikowy-jesion-rosn\u0105cy-niedaleko-ko\u015bcio\u0142a.jpg\" alt=\"\" width=\"532\" height=\"800\" srcset=\"https:\/\/www.pomniki-przyrody.pl\/wp-content\/uploads\/2018\/08\/Przem\u0119t-pomnikowy-jesion-rosn\u0105cy-niedaleko-ko\u015bcio\u0142a.jpg 532w, https:\/\/www.pomniki-przyrody.pl\/wp-content\/uploads\/2018\/08\/Przem\u0119t-pomnikowy-jesion-rosn\u0105cy-niedaleko-ko\u015bcio\u0142a-200x300.jpg 200w\" sizes=\"auto, (max-width: 532px) 100vw, 532px\" \/><\/a><a href=\"https:\/\/www.pomniki-przyrody.pl\/wp-content\/uploads\/2018\/08\/Przem\u0119t-pie\u0144-pomnikowego-jesionu.jpg\"><img loading=\"lazy\" decoding=\"async\" class=\"aligncenter wp-image-12784 size-full\" title=\"Przem\u0119t - pie\u0144 pomnikowego jesionu\" src=\"https:\/\/www.pomniki-przyrody.pl\/wp-content\/uploads\/2018\/08\/Przem\u0119t-pie\u0144-pomnikowego-jesionu.jpg\" alt=\"\" width=\"532\" height=\"800\" srcset=\"https:\/\/www.pomniki-przyrody.pl\/wp-content\/uploads\/2018\/08\/Przem\u0119t-pie\u0144-pomnikowego-jesionu.jpg 532w, https:\/\/www.pomniki-przyrody.pl\/wp-content\/uploads\/2018\/08\/Przem\u0119t-pie\u0144-pomnikowego-jesionu-200x300.jpg 200w\" sizes=\"auto, (max-width: 532px) 100vw, 532px\" \/><\/a><\/p>\n<p>W szpalerze drzew rosn\u0105cych przy ul. Klasztornej znajduje si\u0119 kilka innych jesion\u00f3w wynios\u0142ych, jednak \u017caden z nich nie dor\u00f3wnuje temu pomnikowemu.<\/p>\n<p><a href=\"https:\/\/www.pomniki-przyrody.pl\/wp-content\/uploads\/2018\/08\/Przem\u0119t-aleja-jesionowa-z-pomnikowym-okazem.jpg\"><img loading=\"lazy\" decoding=\"async\" class=\"aligncenter wp-image-12781 size-full\" title=\"Przem\u0119t - aleja jesionowa z pomnikowym okazem \" src=\"https:\/\/www.pomniki-przyrody.pl\/wp-content\/uploads\/2018\/08\/Przem\u0119t-aleja-jesionowa-z-pomnikowym-okazem.jpg\" alt=\" \" width=\"586\" height=\"800\" srcset=\"https:\/\/www.pomniki-przyrody.pl\/wp-content\/uploads\/2018\/08\/Przem\u0119t-aleja-jesionowa-z-pomnikowym-okazem.jpg 586w, https:\/\/www.pomniki-przyrody.pl\/wp-content\/uploads\/2018\/08\/Przem\u0119t-aleja-jesionowa-z-pomnikowym-okazem-220x300.jpg 220w\" sizes=\"auto, (max-width: 586px) 100vw, 586px\" \/><\/a><a href=\"https:\/\/www.pomniki-przyrody.pl\/wp-content\/uploads\/2018\/08\/pomnikowy-jesion-przy-ul.-Klasztornej-w-Przem\u0119cie.jpg\"><img loading=\"lazy\" decoding=\"async\" class=\"aligncenter wp-image-12779 size-full\" title=\"pomnikowy jesion przy ul. Klasztornej w Przem\u0119cie\" src=\"https:\/\/www.pomniki-przyrody.pl\/wp-content\/uploads\/2018\/08\/pomnikowy-jesion-przy-ul.-Klasztornej-w-Przem\u0119cie.jpg\" alt=\"\" width=\"572\" height=\"800\" srcset=\"https:\/\/www.pomniki-przyrody.pl\/wp-content\/uploads\/2018\/08\/pomnikowy-jesion-przy-ul.-Klasztornej-w-Przem\u0119cie.jpg 572w, https:\/\/www.pomniki-przyrody.pl\/wp-content\/uploads\/2018\/08\/pomnikowy-jesion-przy-ul.-Klasztornej-w-Przem\u0119cie-215x300.jpg 215w\" sizes=\"auto, (max-width: 572px) 100vw, 572px\" \/><\/a><\/p>\n","protected":false},"excerpt":{"rendered":"<p>Historia osadnictwa na terenie dzisiejszego Przem\u0119tu (pow. wolszty\u0144ski, wielkopolska) si\u0119ga XII w. p.n.e. W XI w. wybudowano tu gr\u00f3d piastowski, kt\u00f3ry rozwin\u0105\u0142 si\u0119 do funkcji miasta. 3 lipca 1408 roku kr\u00f3l W\u0142adys\u0142aw II Jagie\u0142\u0142o zgodzi\u0142 si\u0119 odda\u0107 Przem\u0119t cystersom, potrzebowa\u0142 &hellip; <a href=\"https:\/\/www.pomniki-przyrody.pl\/?p=12776\">Czytaj dalej <span class=\"meta-nav\">&rarr;<\/span><\/a><\/p>\n","protected":false},"author":2,"featured_media":0,"comment_status":"open","ping_status":"open","sticky":false,"template":"","format":"standard","meta":{"footnotes":""},"categories":[1],"tags":[1686,320,807,1685,530,1210,1067],"class_list":["post-12776","post","type-post","status-publish","format-standard","hentry","category-przyroda-ozywiona","tag-gmina-przemet","tag-jesion-wyniosly","tag-pomnikowy-jesion","tag-przemet","tag-szlak-cysterski","tag-wielkopolska","tag-wielkopolskie"],"_links":{"self":[{"href":"https:\/\/www.pomniki-przyrody.pl\/index.php?rest_route=\/wp\/v2\/posts\/12776","targetHints":{"allow":["GET"]}}],"collection":[{"href":"https:\/\/www.pomniki-przyrody.pl\/index.php?rest_route=\/wp\/v2\/posts"}],"about":[{"href":"https:\/\/www.pomniki-przyrody.pl\/index.php?rest_route=\/wp\/v2\/types\/post"}],"author":[{"embeddable":true,"href":"https:\/\/www.pomniki-przyrody.pl\/index.php?rest_route=\/wp\/v2\/users\/2"}],"replies":[{"embeddable":true,"href":"https:\/\/www.pomniki-przyrody.pl\/index.php?rest_route=%2Fwp%2Fv2%2Fcomments&post=12776"}],"version-history":[{"count":6,"href":"https:\/\/www.pomniki-przyrody.pl\/index.php?rest_route=\/wp\/v2\/posts\/12776\/revisions"}],"predecessor-version":[{"id":12817,"href":"https:\/\/www.pomniki-przyrody.pl\/index.php?rest_route=\/wp\/v2\/posts\/12776\/revisions\/12817"}],"wp:attachment":[{"href":"https:\/\/www.pomniki-przyrody.pl\/index.php?rest_route=%2Fwp%2Fv2%2Fmedia&parent=12776"}],"wp:term":[{"taxonomy":"category","embeddable":true,"href":"https:\/\/www.pomniki-przyrody.pl\/index.php?rest_route=%2Fwp%2Fv2%2Fcategories&post=12776"},{"taxonomy":"post_tag","embeddable":true,"href":"https:\/\/www.pomniki-przyrody.pl\/index.php?rest_route=%2Fwp%2Fv2%2Ftags&post=12776"}],"curies":[{"name":"wp","href":"https:\/\/api.w.org\/{rel}","templated":true}]}}