{"id":12824,"date":"2018-09-17T02:30:56","date_gmt":"2018-09-17T00:30:56","guid":{"rendered":"http:\/\/www.pomniki-przyrody.pl\/?p=12824"},"modified":"2022-08-17T21:05:39","modified_gmt":"2022-08-17T19:05:39","slug":"pomniki-przyrody-w-pomorsku-gm-sulechow-lubuskie","status":"publish","type":"post","link":"https:\/\/www.pomniki-przyrody.pl\/?p=12824","title":{"rendered":"Pomniki przyrody w Pomorsku (gm. Sulech\u00f3w, lubuskie)."},"content":{"rendered":"<p>(<span style=\"color: #ff0000;\">Edytowano 17.08.2022 r.<\/span>) W wojew\u00f3dztwie lubuskim istniej\u0105 cztery przeprawy promowe przez Odr\u0119: w Po\u0142\u0119cku, Brodach, Pomorsku i Milsku. O promie w Brodach wspomina\u0142em w artykule &#8222;<a href=\"https:\/\/www.pomniki-przyrody.pl\/?p=9946\"><span style=\"color: #0000ff;\">Pomnikowa topola czarna przy promie w Brodach<\/span><\/a>&#8222;. Prom w Pomorsku znajduje si\u0119 4 km na wsch\u00f3d od Brod\u00f3w, w ci\u0105gu drogi wojew\u00f3dzkiej 281.<\/p>\n<p><a href=\"https:\/\/www.pomniki-przyrody.pl\/wp-content\/uploads\/2018\/09\/przeprawa-promowa-w-Pomorsku.jpg\"><img loading=\"lazy\" decoding=\"async\" class=\"aligncenter wp-image-12850 size-full\" title=\"przeprawa promowa w Pomorsku\" src=\"https:\/\/www.pomniki-przyrody.pl\/wp-content\/uploads\/2018\/09\/przeprawa-promowa-w-Pomorsku.jpg\" alt=\"\" width=\"800\" height=\"532\" srcset=\"https:\/\/www.pomniki-przyrody.pl\/wp-content\/uploads\/2018\/09\/przeprawa-promowa-w-Pomorsku.jpg 800w, https:\/\/www.pomniki-przyrody.pl\/wp-content\/uploads\/2018\/09\/przeprawa-promowa-w-Pomorsku-300x200.jpg 300w, https:\/\/www.pomniki-przyrody.pl\/wp-content\/uploads\/2018\/09\/przeprawa-promowa-w-Pomorsku-768x511.jpg 768w, https:\/\/www.pomniki-przyrody.pl\/wp-content\/uploads\/2018\/09\/przeprawa-promowa-w-Pomorsku-451x300.jpg 451w\" sizes=\"auto, (max-width: 800px) 100vw, 800px\" \/><\/a><a href=\"https:\/\/www.pomniki-przyrody.pl\/wp-content\/uploads\/2018\/09\/Pomorsko-prom-przez-Odr\u0119.jpg\"><img loading=\"lazy\" decoding=\"async\" class=\"aligncenter wp-image-12848 size-full\" title=\"Pomorsko - prom przez Odr\u0119\" src=\"https:\/\/www.pomniki-przyrody.pl\/wp-content\/uploads\/2018\/09\/Pomorsko-prom-przez-Odr\u0119.jpg\" alt=\"\" width=\"800\" height=\"546\" srcset=\"https:\/\/www.pomniki-przyrody.pl\/wp-content\/uploads\/2018\/09\/Pomorsko-prom-przez-Odr\u0119.jpg 800w, https:\/\/www.pomniki-przyrody.pl\/wp-content\/uploads\/2018\/09\/Pomorsko-prom-przez-Odr\u0119-300x205.jpg 300w, https:\/\/www.pomniki-przyrody.pl\/wp-content\/uploads\/2018\/09\/Pomorsko-prom-przez-Odr\u0119-768x524.jpg 768w, https:\/\/www.pomniki-przyrody.pl\/wp-content\/uploads\/2018\/09\/Pomorsko-prom-przez-Odr\u0119-440x300.jpg 440w\" sizes=\"auto, (max-width: 800px) 100vw, 800px\" \/><\/a><\/p>\n<p>Ciekawym obiektem w Pomorsku jest ko\u015bci\u00f3\u0142 rzymskokatolicki (dawniej ewangelicki) pw. \u015bw. Wojciecha &#8211; budowla neogotycka z 1858 r.<\/p>\n<p><a href=\"https:\/\/www.pomniki-przyrody.pl\/wp-content\/uploads\/2018\/09\/ko\u015bci\u00f3\u0142-w-Pomorsku.jpg\"><img loading=\"lazy\" decoding=\"async\" class=\"aligncenter wp-image-12825 size-full\" title=\"ko\u015bci\u00f3\u0142 w Pomorsku\" src=\"https:\/\/www.pomniki-przyrody.pl\/wp-content\/uploads\/2018\/09\/ko\u015bci\u00f3\u0142-w-Pomorsku.jpg\" alt=\"\" width=\"532\" height=\"800\" srcset=\"https:\/\/www.pomniki-przyrody.pl\/wp-content\/uploads\/2018\/09\/ko\u015bci\u00f3\u0142-w-Pomorsku.jpg 532w, https:\/\/www.pomniki-przyrody.pl\/wp-content\/uploads\/2018\/09\/ko\u015bci\u00f3\u0142-w-Pomorsku-200x300.jpg 200w\" sizes=\"auto, (max-width: 532px) 100vw, 532px\" \/><\/a><\/p>\n<p>Starszym zabytkiem jest pa\u0142ac z XVIII w. przebudowany w 1870 r. i po II wojnie \u015bwiatowej. Obecnie mie\u015bci si\u0119 tu szko\u0142a i biblioteka.<\/p>\n<p><a href=\"https:\/\/www.pomniki-przyrody.pl\/wp-content\/uploads\/2018\/09\/pa\u0142ac-w-Pomorsku.jpg\"><img loading=\"lazy\" decoding=\"async\" class=\"aligncenter wp-image-12828 size-full\" title=\"pa\u0142ac w Pomorsku\" src=\"https:\/\/www.pomniki-przyrody.pl\/wp-content\/uploads\/2018\/09\/pa\u0142ac-w-Pomorsku.jpg\" alt=\"\" width=\"800\" height=\"532\" srcset=\"https:\/\/www.pomniki-przyrody.pl\/wp-content\/uploads\/2018\/09\/pa\u0142ac-w-Pomorsku.jpg 800w, https:\/\/www.pomniki-przyrody.pl\/wp-content\/uploads\/2018\/09\/pa\u0142ac-w-Pomorsku-300x200.jpg 300w, https:\/\/www.pomniki-przyrody.pl\/wp-content\/uploads\/2018\/09\/pa\u0142ac-w-Pomorsku-768x511.jpg 768w, https:\/\/www.pomniki-przyrody.pl\/wp-content\/uploads\/2018\/09\/pa\u0142ac-w-Pomorsku-451x300.jpg 451w\" sizes=\"auto, (max-width: 800px) 100vw, 800px\" \/><\/a><a href=\"https:\/\/www.pomniki-przyrody.pl\/wp-content\/uploads\/2018\/09\/tylna-fasada-pa\u0142acu-w-Pomorsku.jpg\"><img loading=\"lazy\" decoding=\"async\" class=\"aligncenter wp-image-12852 size-full\" title=\"tylna fasada pa\u0142acu w Pomorsku\" src=\"https:\/\/www.pomniki-przyrody.pl\/wp-content\/uploads\/2018\/09\/tylna-fasada-pa\u0142acu-w-Pomorsku.jpg\" alt=\"\" width=\"800\" height=\"532\" srcset=\"https:\/\/www.pomniki-przyrody.pl\/wp-content\/uploads\/2018\/09\/tylna-fasada-pa\u0142acu-w-Pomorsku.jpg 800w, https:\/\/www.pomniki-przyrody.pl\/wp-content\/uploads\/2018\/09\/tylna-fasada-pa\u0142acu-w-Pomorsku-300x200.jpg 300w, https:\/\/www.pomniki-przyrody.pl\/wp-content\/uploads\/2018\/09\/tylna-fasada-pa\u0142acu-w-Pomorsku-768x511.jpg 768w, https:\/\/www.pomniki-przyrody.pl\/wp-content\/uploads\/2018\/09\/tylna-fasada-pa\u0142acu-w-Pomorsku-451x300.jpg 451w\" sizes=\"auto, (max-width: 800px) 100vw, 800px\" \/><\/a><\/p>\n<p>Pa\u0142ac otacza park o powierzchni 6,9 ha za\u0142o\u017cony w ko\u0144cu XVIII w., nast\u0119pnie przekszta\u0142cony w XIX w. W drzewostanie za\u0142o\u017cenia parkowego przewa\u017caj\u0105 gatunki li\u015bciaste, do ochrony pomnikowej powo\u0142ano 3 drzewa. Najokazalszym jest d\u0105b szypu\u0142kowy o obwodzie 611 cm i wysoko\u015bci 29 m.<\/p>\n<p><a href=\"https:\/\/www.pomniki-przyrody.pl\/wp-content\/uploads\/2018\/09\/Park-w-Pomorsku-pomnikowy-dab.jpg\"><img loading=\"lazy\" decoding=\"async\" class=\"aligncenter wp-image-17008 size-full\" title=\"Park w Pomorsku - pomnikowy d\u0105b\" src=\"https:\/\/www.pomniki-przyrody.pl\/wp-content\/uploads\/2018\/09\/Park-w-Pomorsku-pomnikowy-dab.jpg\" alt=\"Park w Pomorsku - pomnikowy d\u0105b\" width=\"560\" height=\"800\" srcset=\"https:\/\/www.pomniki-przyrody.pl\/wp-content\/uploads\/2018\/09\/Park-w-Pomorsku-pomnikowy-dab.jpg 560w, https:\/\/www.pomniki-przyrody.pl\/wp-content\/uploads\/2018\/09\/Park-w-Pomorsku-pomnikowy-dab-210x300.jpg 210w\" sizes=\"auto, (max-width: 560px) 100vw, 560px\" \/><\/a><a href=\"https:\/\/www.pomniki-przyrody.pl\/wp-content\/uploads\/2018\/09\/pomnikowy-d\u0105b-przy-pa\u0142acu-w-Pomorsku.jpg\"><img loading=\"lazy\" decoding=\"async\" class=\"aligncenter wp-image-12841 size-full\" title=\"pomnikowy d\u0105b przy pa\u0142acu w Pomorsku\" src=\"https:\/\/www.pomniki-przyrody.pl\/wp-content\/uploads\/2018\/09\/pomnikowy-d\u0105b-przy-pa\u0142acu-w-Pomorsku.jpg\" alt=\"\" width=\"532\" height=\"800\" srcset=\"https:\/\/www.pomniki-przyrody.pl\/wp-content\/uploads\/2018\/09\/pomnikowy-d\u0105b-przy-pa\u0142acu-w-Pomorsku.jpg 532w, https:\/\/www.pomniki-przyrody.pl\/wp-content\/uploads\/2018\/09\/pomnikowy-d\u0105b-przy-pa\u0142acu-w-Pomorsku-200x300.jpg 200w\" sizes=\"auto, (max-width: 532px) 100vw, 532px\" \/><\/a><a href=\"https:\/\/www.pomniki-przyrody.pl\/wp-content\/uploads\/2018\/09\/park-pa\u0142acowy-w-Pomorsku-pomnikowy-d\u0105b.jpg\"><img loading=\"lazy\" decoding=\"async\" class=\"aligncenter wp-image-12836 size-full\" title=\"park pa\u0142acowy w Pomorsku - pomnikowy d\u0105b\" src=\"https:\/\/www.pomniki-przyrody.pl\/wp-content\/uploads\/2018\/09\/park-pa\u0142acowy-w-Pomorsku-pomnikowy-d\u0105b.jpg\" alt=\"\" width=\"532\" height=\"800\" srcset=\"https:\/\/www.pomniki-przyrody.pl\/wp-content\/uploads\/2018\/09\/park-pa\u0142acowy-w-Pomorsku-pomnikowy-d\u0105b.jpg 532w, https:\/\/www.pomniki-przyrody.pl\/wp-content\/uploads\/2018\/09\/park-pa\u0142acowy-w-Pomorsku-pomnikowy-d\u0105b-200x300.jpg 200w\" sizes=\"auto, (max-width: 532px) 100vw, 532px\" \/><\/a><a href=\"https:\/\/www.pomniki-przyrody.pl\/wp-content\/uploads\/2018\/09\/pomnikowy-d\u0105b-na-tle-pa\u0142acu-w-Pomorsku.jpg\"><img loading=\"lazy\" decoding=\"async\" class=\"aligncenter wp-image-12840 size-full\" title=\"pomnikowy d\u0105b na tle pa\u0142acu w Pomorsku\" src=\"https:\/\/www.pomniki-przyrody.pl\/wp-content\/uploads\/2018\/09\/pomnikowy-d\u0105b-na-tle-pa\u0142acu-w-Pomorsku.jpg\" alt=\"\" width=\"532\" height=\"800\" srcset=\"https:\/\/www.pomniki-przyrody.pl\/wp-content\/uploads\/2018\/09\/pomnikowy-d\u0105b-na-tle-pa\u0142acu-w-Pomorsku.jpg 532w, https:\/\/www.pomniki-przyrody.pl\/wp-content\/uploads\/2018\/09\/pomnikowy-d\u0105b-na-tle-pa\u0142acu-w-Pomorsku-200x300.jpg 200w\" sizes=\"auto, (max-width: 532px) 100vw, 532px\" \/><\/a><a href=\"https:\/\/www.pomniki-przyrody.pl\/wp-content\/uploads\/2018\/09\/park-pa\u0142acowy-w-Pomorsku-pie\u0144-pomnikowego-d\u0119bu.jpg\"><img loading=\"lazy\" decoding=\"async\" class=\"aligncenter wp-image-12833 size-full\" title=\"park pa\u0142acowy w Pomorsku - pie\u0144 pomnikowego d\u0119bu\" src=\"https:\/\/www.pomniki-przyrody.pl\/wp-content\/uploads\/2018\/09\/park-pa\u0142acowy-w-Pomorsku-pie\u0144-pomnikowego-d\u0119bu.jpg\" alt=\"\" width=\"532\" height=\"800\" srcset=\"https:\/\/www.pomniki-przyrody.pl\/wp-content\/uploads\/2018\/09\/park-pa\u0142acowy-w-Pomorsku-pie\u0144-pomnikowego-d\u0119bu.jpg 532w, https:\/\/www.pomniki-przyrody.pl\/wp-content\/uploads\/2018\/09\/park-pa\u0142acowy-w-Pomorsku-pie\u0144-pomnikowego-d\u0119bu-200x300.jpg 200w\" sizes=\"auto, (max-width: 532px) 100vw, 532px\" \/><\/a><\/p>\n<p>Przy cieku wodnym nale\u017cy szuka\u0107 pomnikowej olszy czarnej. Cho\u0107 jest to popularny, krajowy gatunek drzewa rosn\u0105cy na wilgotnych stanowiskach, rzadko jest obejmowany ochron\u0105 pomnikow\u0105.<\/p>\n<p><a href=\"https:\/\/www.pomniki-przyrody.pl\/wp-content\/uploads\/2018\/09\/park-pa\u0142acowy-w-Pomorsku-pomnikowa-olcha.jpg\"><img loading=\"lazy\" decoding=\"async\" class=\"aligncenter wp-image-12835 size-full\" title=\"park pa\u0142acowy w Pomorsku - pomnikowa olsza\" src=\"https:\/\/www.pomniki-przyrody.pl\/wp-content\/uploads\/2018\/09\/park-pa\u0142acowy-w-Pomorsku-pomnikowa-olcha.jpg\" alt=\"\" width=\"532\" height=\"800\" srcset=\"https:\/\/www.pomniki-przyrody.pl\/wp-content\/uploads\/2018\/09\/park-pa\u0142acowy-w-Pomorsku-pomnikowa-olcha.jpg 532w, https:\/\/www.pomniki-przyrody.pl\/wp-content\/uploads\/2018\/09\/park-pa\u0142acowy-w-Pomorsku-pomnikowa-olcha-200x300.jpg 200w\" sizes=\"auto, (max-width: 532px) 100vw, 532px\" \/><\/a><\/p>\n<p><a href=\"https:\/\/www.pomniki-przyrody.pl\/wp-content\/uploads\/2018\/09\/pomnikowa-olsza-poro\u015bni\u0119ta-bluszczem.jpg\"><img loading=\"lazy\" decoding=\"async\" class=\"aligncenter wp-image-12838 size-full\" title=\"pomnikowa olsza poro\u015bni\u0119ta bluszczem\" src=\"https:\/\/www.pomniki-przyrody.pl\/wp-content\/uploads\/2018\/09\/pomnikowa-olsza-poro\u015bni\u0119ta-bluszczem.jpg\" alt=\"\" width=\"532\" height=\"800\" srcset=\"https:\/\/www.pomniki-przyrody.pl\/wp-content\/uploads\/2018\/09\/pomnikowa-olsza-poro\u015bni\u0119ta-bluszczem.jpg 532w, https:\/\/www.pomniki-przyrody.pl\/wp-content\/uploads\/2018\/09\/pomnikowa-olsza-poro\u015bni\u0119ta-bluszczem-200x300.jpg 200w\" sizes=\"auto, (max-width: 532px) 100vw, 532px\" \/><\/a>\u00a0 Olsza mierzy w obwodzie 371 cm, wysoko\u015b\u0107 drzewa 26 metr\u00f3w.<\/p>\n<p><a href=\"https:\/\/www.pomniki-przyrody.pl\/wp-content\/uploads\/2018\/09\/tabliczka-na-pomnikowej-olszy.jpg\"><img loading=\"lazy\" decoding=\"async\" class=\"aligncenter wp-image-12851 size-full\" title=\"tabliczka na pomnikowej olszy\" src=\"https:\/\/www.pomniki-przyrody.pl\/wp-content\/uploads\/2018\/09\/tabliczka-na-pomnikowej-olszy.jpg\" alt=\"\" width=\"471\" height=\"700\" srcset=\"https:\/\/www.pomniki-przyrody.pl\/wp-content\/uploads\/2018\/09\/tabliczka-na-pomnikowej-olszy.jpg 471w, https:\/\/www.pomniki-przyrody.pl\/wp-content\/uploads\/2018\/09\/tabliczka-na-pomnikowej-olszy-202x300.jpg 202w\" sizes=\"auto, (max-width: 471px) 100vw, 471px\" \/><\/a><\/p>\n<p><a href=\"https:\/\/www.pomniki-przyrody.pl\/wp-content\/uploads\/2018\/09\/park-pa\u0142acowy-w-Pomorsku-pie\u0144-pomnikowej-olszy.jpg\"><img loading=\"lazy\" decoding=\"async\" class=\"aligncenter wp-image-12834 size-full\" title=\"park pa\u0142acowy w Pomorsku - pie\u0144 pomnikowej olszy\" src=\"https:\/\/www.pomniki-przyrody.pl\/wp-content\/uploads\/2018\/09\/park-pa\u0142acowy-w-Pomorsku-pie\u0144-pomnikowej-olszy.jpg\" alt=\"\" width=\"532\" height=\"800\" srcset=\"https:\/\/www.pomniki-przyrody.pl\/wp-content\/uploads\/2018\/09\/park-pa\u0142acowy-w-Pomorsku-pie\u0144-pomnikowej-olszy.jpg 532w, https:\/\/www.pomniki-przyrody.pl\/wp-content\/uploads\/2018\/09\/park-pa\u0142acowy-w-Pomorsku-pie\u0144-pomnikowej-olszy-200x300.jpg 200w\" sizes=\"auto, (max-width: 532px) 100vw, 532px\" \/><\/a><\/p>\n<p>Po pomnikowym \u015bwierku pozosta\u0142a tylko niewysoka karpa. <span style=\"color: #ff0000;\">Uchwa\u0142\u0105 nr 0007.304.2021 Rady Miejskiej w Sulechowie z dnia 19 stycznia 2021 r. drzewo zosta\u0142o wykre\u015blone z listy pomnik\u00f3w przyrody.<\/span><\/p>\n<p><a href=\"https:\/\/www.pomniki-przyrody.pl\/wp-content\/uploads\/2018\/09\/park-pa\u0142acowy-w-Pomorsku-karpa-po-pomnikowym-\u015bwierku.jpg\"><img loading=\"lazy\" decoding=\"async\" class=\"aligncenter wp-image-12830 size-full\" title=\"park pa\u0142acowy w Pomorsku - karpa po pomnikowym \u015bwierku\" src=\"https:\/\/www.pomniki-przyrody.pl\/wp-content\/uploads\/2018\/09\/park-pa\u0142acowy-w-Pomorsku-karpa-po-pomnikowym-\u015bwierku.jpg\" alt=\"\" width=\"532\" height=\"800\" srcset=\"https:\/\/www.pomniki-przyrody.pl\/wp-content\/uploads\/2018\/09\/park-pa\u0142acowy-w-Pomorsku-karpa-po-pomnikowym-\u015bwierku.jpg 532w, https:\/\/www.pomniki-przyrody.pl\/wp-content\/uploads\/2018\/09\/park-pa\u0142acowy-w-Pomorsku-karpa-po-pomnikowym-\u015bwierku-200x300.jpg 200w\" sizes=\"auto, (max-width: 532px) 100vw, 532px\" \/><\/a><\/p>\n<p>Na uwag\u0119 zas\u0142uguj\u0105 r\u00f3wnie\u017c: pi\u0119kny buk w odmianie czerwonolistnej oraz okaza\u0142e kasztanowce.<\/p>\n<p><a href=\"https:\/\/www.pomniki-przyrody.pl\/wp-content\/uploads\/2018\/09\/park-pa\u0142acowy-w-Pomorsku-buk-w-odmianie-czerwonolistnej.jpg\"><img loading=\"lazy\" decoding=\"async\" class=\"aligncenter wp-image-12829 size-full\" title=\"park pa\u0142acowy w Pomorsku - buk w odmianie czerwonolistnej\" src=\"https:\/\/www.pomniki-przyrody.pl\/wp-content\/uploads\/2018\/09\/park-pa\u0142acowy-w-Pomorsku-buk-w-odmianie-czerwonolistnej.jpg\" alt=\"\" width=\"532\" height=\"800\" srcset=\"https:\/\/www.pomniki-przyrody.pl\/wp-content\/uploads\/2018\/09\/park-pa\u0142acowy-w-Pomorsku-buk-w-odmianie-czerwonolistnej.jpg 532w, https:\/\/www.pomniki-przyrody.pl\/wp-content\/uploads\/2018\/09\/park-pa\u0142acowy-w-Pomorsku-buk-w-odmianie-czerwonolistnej-200x300.jpg 200w\" sizes=\"auto, (max-width: 532px) 100vw, 532px\" \/><\/a><a href=\"https:\/\/www.pomniki-przyrody.pl\/wp-content\/uploads\/2018\/09\/park-pa\u0142acowy-w-Pomorsku-kwitn\u0105cy-kasztanowiec.jpg\"><img loading=\"lazy\" decoding=\"async\" class=\"aligncenter wp-image-12831 size-full\" title=\"park pa\u0142acowy w Pomorsku - kwitn\u0105cy kasztanowiec\" src=\"https:\/\/www.pomniki-przyrody.pl\/wp-content\/uploads\/2018\/09\/park-pa\u0142acowy-w-Pomorsku-kwitn\u0105cy-kasztanowiec.jpg\" alt=\"\" width=\"532\" height=\"800\" srcset=\"https:\/\/www.pomniki-przyrody.pl\/wp-content\/uploads\/2018\/09\/park-pa\u0142acowy-w-Pomorsku-kwitn\u0105cy-kasztanowiec.jpg 532w, https:\/\/www.pomniki-przyrody.pl\/wp-content\/uploads\/2018\/09\/park-pa\u0142acowy-w-Pomorsku-kwitn\u0105cy-kasztanowiec-200x300.jpg 200w\" sizes=\"auto, (max-width: 532px) 100vw, 532px\" \/><\/a><\/p>\n<p>Grup\u0119 3 pomnikowych d\u0119b\u00f3w (jeden uschni\u0119ty) mo\u017cna odnale\u017a\u0107 na terenie le\u015bnym zlokalizowanym na p\u00f3\u0142noc od Pomorska (oddz. 313j) , na prawo od drogi Pomorsko &#8211; Brzezie.<\/p>\n<p>GPS\u00a0N 52\u00b003\u203244\u2033 , E 15\u00b028\u203244\u2033<\/p>\n<p><a href=\"https:\/\/www.pomniki-przyrody.pl\/wp-content\/uploads\/2018\/09\/Pomorsko-dwa-pomnikowe-d\u0119by.jpg\"><img loading=\"lazy\" decoding=\"async\" class=\"aligncenter wp-image-12844 size-full\" title=\"Pomorsko - dwa pomnikowe d\u0119by\" src=\"https:\/\/www.pomniki-przyrody.pl\/wp-content\/uploads\/2018\/09\/Pomorsko-dwa-pomnikowe-d\u0119by.jpg\" alt=\"\" width=\"800\" height=\"532\" srcset=\"https:\/\/www.pomniki-przyrody.pl\/wp-content\/uploads\/2018\/09\/Pomorsko-dwa-pomnikowe-d\u0119by.jpg 800w, https:\/\/www.pomniki-przyrody.pl\/wp-content\/uploads\/2018\/09\/Pomorsko-dwa-pomnikowe-d\u0119by-300x200.jpg 300w, https:\/\/www.pomniki-przyrody.pl\/wp-content\/uploads\/2018\/09\/Pomorsko-dwa-pomnikowe-d\u0119by-768x511.jpg 768w, https:\/\/www.pomniki-przyrody.pl\/wp-content\/uploads\/2018\/09\/Pomorsko-dwa-pomnikowe-d\u0119by-451x300.jpg 451w\" sizes=\"auto, (max-width: 800px) 100vw, 800px\" \/><\/a><\/p>\n<p><a href=\"https:\/\/www.pomniki-przyrody.pl\/wp-content\/uploads\/2018\/09\/Pomorsko-grupa-dw\u00f3ch-pomnikowych-d\u0119b\u00f3w.jpg\"><img loading=\"lazy\" decoding=\"async\" class=\"aligncenter wp-image-12846 size-full\" title=\"Pomorsko - grupa dw\u00f3ch pomnikowych d\u0119b\u00f3w\" src=\"https:\/\/www.pomniki-przyrody.pl\/wp-content\/uploads\/2018\/09\/Pomorsko-grupa-dw\u00f3ch-pomnikowych-d\u0119b\u00f3w.jpg\" alt=\"\" width=\"800\" height=\"532\" srcset=\"https:\/\/www.pomniki-przyrody.pl\/wp-content\/uploads\/2018\/09\/Pomorsko-grupa-dw\u00f3ch-pomnikowych-d\u0119b\u00f3w.jpg 800w, https:\/\/www.pomniki-przyrody.pl\/wp-content\/uploads\/2018\/09\/Pomorsko-grupa-dw\u00f3ch-pomnikowych-d\u0119b\u00f3w-300x200.jpg 300w, https:\/\/www.pomniki-przyrody.pl\/wp-content\/uploads\/2018\/09\/Pomorsko-grupa-dw\u00f3ch-pomnikowych-d\u0119b\u00f3w-768x511.jpg 768w, https:\/\/www.pomniki-przyrody.pl\/wp-content\/uploads\/2018\/09\/Pomorsko-grupa-dw\u00f3ch-pomnikowych-d\u0119b\u00f3w-451x300.jpg 451w\" sizes=\"auto, (max-width: 800px) 100vw, 800px\" \/><\/a><a href=\"https:\/\/www.pomniki-przyrody.pl\/wp-content\/uploads\/2018\/09\/Pomorsko-tablica-przy-pomnikowych-d\u0119bach.jpg\"><img loading=\"lazy\" decoding=\"async\" class=\"aligncenter wp-image-12849 size-full\" title=\"Pomorsko - tablica przy pomnikowych d\u0119bach\" src=\"https:\/\/www.pomniki-przyrody.pl\/wp-content\/uploads\/2018\/09\/Pomorsko-tablica-przy-pomnikowych-d\u0119bach.jpg\" alt=\"\" width=\"700\" height=\"465\" srcset=\"https:\/\/www.pomniki-przyrody.pl\/wp-content\/uploads\/2018\/09\/Pomorsko-tablica-przy-pomnikowych-d\u0119bach.jpg 700w, https:\/\/www.pomniki-przyrody.pl\/wp-content\/uploads\/2018\/09\/Pomorsko-tablica-przy-pomnikowych-d\u0119bach-300x199.jpg 300w, https:\/\/www.pomniki-przyrody.pl\/wp-content\/uploads\/2018\/09\/Pomorsko-tablica-przy-pomnikowych-d\u0119bach-452x300.jpg 452w\" sizes=\"auto, (max-width: 700px) 100vw, 700px\" \/><\/a><\/p>\n<p><a href=\"https:\/\/www.pomniki-przyrody.pl\/wp-content\/uploads\/2018\/09\/Pomorsko-grupa-pomnikowych-d\u0119b\u00f3w.jpg\"><img loading=\"lazy\" decoding=\"async\" class=\"aligncenter wp-image-12845 size-full\" title=\"Pomorsko - grupa pomnikowych d\u0119b\u00f3w\" src=\"https:\/\/www.pomniki-przyrody.pl\/wp-content\/uploads\/2018\/09\/Pomorsko-grupa-pomnikowych-d\u0119b\u00f3w.jpg\" alt=\"\" width=\"532\" height=\"800\" srcset=\"https:\/\/www.pomniki-przyrody.pl\/wp-content\/uploads\/2018\/09\/Pomorsko-grupa-pomnikowych-d\u0119b\u00f3w.jpg 532w, https:\/\/www.pomniki-przyrody.pl\/wp-content\/uploads\/2018\/09\/Pomorsko-grupa-pomnikowych-d\u0119b\u00f3w-200x300.jpg 200w\" sizes=\"auto, (max-width: 532px) 100vw, 532px\" \/><\/a><\/p>\n<p>Najgrubszy w tej grupie d\u0105b mierzy w obwodzie 620 cm, wysoko\u015b\u0107 drzewa 30 metr\u00f3w.<\/p>\n<p><a href=\"https:\/\/www.pomniki-przyrody.pl\/wp-content\/uploads\/2018\/09\/pomnikowy-d\u0105b-w-lesie-na-p\u00f3\u0142noc-od-Pomorska.jpg\"><img loading=\"lazy\" decoding=\"async\" class=\"aligncenter wp-image-12842 size-full\" title=\"pomnikowy d\u0105b w lesie na p\u00f3\u0142noc od Pomorska\" src=\"https:\/\/www.pomniki-przyrody.pl\/wp-content\/uploads\/2018\/09\/pomnikowy-d\u0105b-w-lesie-na-p\u00f3\u0142noc-od-Pomorska.jpg\" alt=\"\" width=\"532\" height=\"800\" srcset=\"https:\/\/www.pomniki-przyrody.pl\/wp-content\/uploads\/2018\/09\/pomnikowy-d\u0105b-w-lesie-na-p\u00f3\u0142noc-od-Pomorska.jpg 532w, https:\/\/www.pomniki-przyrody.pl\/wp-content\/uploads\/2018\/09\/pomnikowy-d\u0105b-w-lesie-na-p\u00f3\u0142noc-od-Pomorska-200x300.jpg 200w\" sizes=\"auto, (max-width: 532px) 100vw, 532px\" \/><\/a><a href=\"https:\/\/www.pomniki-przyrody.pl\/wp-content\/uploads\/2018\/09\/Pomorsko-drugi-z-pomnikowych-d\u0119b\u00f3w.jpg\"><img loading=\"lazy\" decoding=\"async\" class=\"aligncenter wp-image-12843 size-full\" title=\"Pomorsko - drugi z pomnikowych d\u0119b\u00f3w\" src=\"https:\/\/www.pomniki-przyrody.pl\/wp-content\/uploads\/2018\/09\/Pomorsko-drugi-z-pomnikowych-d\u0119b\u00f3w.jpg\" alt=\"\" width=\"532\" height=\"800\" srcset=\"https:\/\/www.pomniki-przyrody.pl\/wp-content\/uploads\/2018\/09\/Pomorsko-drugi-z-pomnikowych-d\u0119b\u00f3w.jpg 532w, https:\/\/www.pomniki-przyrody.pl\/wp-content\/uploads\/2018\/09\/Pomorsko-drugi-z-pomnikowych-d\u0119b\u00f3w-200x300.jpg 200w\" sizes=\"auto, (max-width: 532px) 100vw, 532px\" \/><\/a><a href=\"https:\/\/www.pomniki-przyrody.pl\/wp-content\/uploads\/2018\/09\/pie\u0144-pomnikowego-d\u0119bu.jpg\"><img loading=\"lazy\" decoding=\"async\" class=\"aligncenter wp-image-12837 size-full\" title=\"pie\u0144 pomnikowego d\u0119bu\" src=\"https:\/\/www.pomniki-przyrody.pl\/wp-content\/uploads\/2018\/09\/pie\u0144-pomnikowego-d\u0119bu.jpg\" alt=\"\" width=\"532\" height=\"800\" srcset=\"https:\/\/www.pomniki-przyrody.pl\/wp-content\/uploads\/2018\/09\/pie\u0144-pomnikowego-d\u0119bu.jpg 532w, https:\/\/www.pomniki-przyrody.pl\/wp-content\/uploads\/2018\/09\/pie\u0144-pomnikowego-d\u0119bu-200x300.jpg 200w\" sizes=\"auto, (max-width: 532px) 100vw, 532px\" \/><\/a><a href=\"https:\/\/www.pomniki-przyrody.pl\/wp-content\/uploads\/2018\/09\/las-w-pobli\u017cu-Pomorska-pie\u0144-pomnikowego-d\u0119bu.jpg\"><img loading=\"lazy\" decoding=\"async\" class=\"aligncenter wp-image-12827 size-full\" title=\"las w pobli\u017cu Pomorska - pie\u0144 pomnikowego d\u0119bu\" src=\"https:\/\/www.pomniki-przyrody.pl\/wp-content\/uploads\/2018\/09\/las-w-pobli\u017cu-Pomorska-pie\u0144-pomnikowego-d\u0119bu.jpg\" alt=\"\" width=\"532\" height=\"800\" srcset=\"https:\/\/www.pomniki-przyrody.pl\/wp-content\/uploads\/2018\/09\/las-w-pobli\u017cu-Pomorska-pie\u0144-pomnikowego-d\u0119bu.jpg 532w, https:\/\/www.pomniki-przyrody.pl\/wp-content\/uploads\/2018\/09\/las-w-pobli\u017cu-Pomorska-pie\u0144-pomnikowego-d\u0119bu-200x300.jpg 200w\" sizes=\"auto, (max-width: 532px) 100vw, 532px\" \/><\/a><\/p>\n<p>Rosn\u0105cy obok drugi pomnikowy d\u0105b mierzy w obwodzie 481, wysoko\u015b\u0107 okazu 31 metr\u00f3w.<\/p>\n<p><a href=\"https:\/\/www.pomniki-przyrody.pl\/wp-content\/uploads\/2018\/09\/pomnikowy-d\u0105b-ko\u0142o-Pomorska.jpg\"><img loading=\"lazy\" decoding=\"async\" class=\"aligncenter wp-image-12839 size-full\" title=\"pomnikowy d\u0105b ko\u0142o Pomorska\" src=\"https:\/\/www.pomniki-przyrody.pl\/wp-content\/uploads\/2018\/09\/pomnikowy-d\u0105b-ko\u0142o-Pomorska.jpg\" alt=\"pomnikowy d\u0105b ko\u0142o Pomorska\" width=\"532\" height=\"800\" srcset=\"https:\/\/www.pomniki-przyrody.pl\/wp-content\/uploads\/2018\/09\/pomnikowy-d\u0105b-ko\u0142o-Pomorska.jpg 532w, https:\/\/www.pomniki-przyrody.pl\/wp-content\/uploads\/2018\/09\/pomnikowy-d\u0105b-ko\u0142o-Pomorska-200x300.jpg 200w\" sizes=\"auto, (max-width: 532px) 100vw, 532px\" \/><\/a><a href=\"https:\/\/www.pomniki-przyrody.pl\/wp-content\/uploads\/2018\/09\/las-k.-Pomorska-pierwszy-z-pomnikowych-d\u0119b\u00f3w.jpg\"><img loading=\"lazy\" decoding=\"async\" class=\"wp-image-12826 size-full aligncenter\" title=\"las k. Pomorska - pierwszy z pomnikowych d\u0119b\u00f3w\" src=\"https:\/\/www.pomniki-przyrody.pl\/wp-content\/uploads\/2018\/09\/las-k.-Pomorska-pierwszy-z-pomnikowych-d\u0119b\u00f3w.jpg\" alt=\"las k. Pomorska - pierwszy z pomnikowych d\u0119b\u00f3w\" width=\"532\" height=\"800\" srcset=\"https:\/\/www.pomniki-przyrody.pl\/wp-content\/uploads\/2018\/09\/las-k.-Pomorska-pierwszy-z-pomnikowych-d\u0119b\u00f3w.jpg 532w, https:\/\/www.pomniki-przyrody.pl\/wp-content\/uploads\/2018\/09\/las-k.-Pomorska-pierwszy-z-pomnikowych-d\u0119b\u00f3w-200x300.jpg 200w\" sizes=\"auto, (max-width: 532px) 100vw, 532px\" \/><\/a><a href=\"https:\/\/www.pomniki-przyrody.pl\/wp-content\/uploads\/2018\/09\/Pomorsko-pierwszy-z-pomnikowych-d\u0119b\u00f3w.jpg\"><img loading=\"lazy\" decoding=\"async\" class=\"aligncenter wp-image-12847 size-full\" title=\"Pomorsko - pierwszy z pomnikowych d\u0119b\u00f3w\" src=\"https:\/\/www.pomniki-przyrody.pl\/wp-content\/uploads\/2018\/09\/Pomorsko-pierwszy-z-pomnikowych-d\u0119b\u00f3w.jpg\" alt=\"Pomorsko - pierwszy z pomnikowych d\u0119b\u00f3w\" width=\"532\" height=\"800\" srcset=\"https:\/\/www.pomniki-przyrody.pl\/wp-content\/uploads\/2018\/09\/Pomorsko-pierwszy-z-pomnikowych-d\u0119b\u00f3w.jpg 532w, https:\/\/www.pomniki-przyrody.pl\/wp-content\/uploads\/2018\/09\/Pomorsko-pierwszy-z-pomnikowych-d\u0119b\u00f3w-200x300.jpg 200w\" sizes=\"auto, (max-width: 532px) 100vw, 532px\" \/><\/a><\/p>\n<p>Rosn\u0105cy w pewnym oddaleniu od pary opisanych wy\u017cej pomnikowych d\u0119b\u00f3w trzeci egzemplarz jest ca\u0142kowicie uschni\u0119ty i pozbawiony kory. Pie\u0144 mierzy w obwodzie 478 cm, wysoko\u015b\u0107 20 metr\u00f3w.<\/p>\n<p>GPS N 52\u00b003\u203245.4\u2033 , E 15\u00b028\u203246.1\u2033<\/p>\n<p><a href=\"https:\/\/www.pomniki-przyrody.pl\/wp-content\/uploads\/2018\/09\/Pomorsko-uschniety-pomnikowy-dab.jpg\"><img loading=\"lazy\" decoding=\"async\" class=\"aligncenter wp-image-17010 size-full\" title=\"Pomorsko - uschni\u0119ty pomnikowy d\u0105b\" src=\"https:\/\/www.pomniki-przyrody.pl\/wp-content\/uploads\/2018\/09\/Pomorsko-uschniety-pomnikowy-dab.jpg\" alt=\"Pomorsko - uschni\u0119ty pomnikowy d\u0105b\" width=\"532\" height=\"800\" srcset=\"https:\/\/www.pomniki-przyrody.pl\/wp-content\/uploads\/2018\/09\/Pomorsko-uschniety-pomnikowy-dab.jpg 532w, https:\/\/www.pomniki-przyrody.pl\/wp-content\/uploads\/2018\/09\/Pomorsko-uschniety-pomnikowy-dab-200x300.jpg 200w\" sizes=\"auto, (max-width: 532px) 100vw, 532px\" \/><\/a><a href=\"https:\/\/www.pomniki-przyrody.pl\/wp-content\/uploads\/2018\/09\/uschniety-pomnikowy-dab-w-Pomorsku.jpg\"><img loading=\"lazy\" decoding=\"async\" class=\"aligncenter wp-image-17011 size-full\" title=\"uschni\u0119ty pomnikowy d\u0105b w Pomorsku\" src=\"https:\/\/www.pomniki-przyrody.pl\/wp-content\/uploads\/2018\/09\/uschniety-pomnikowy-dab-w-Pomorsku.jpg\" alt=\"uschni\u0119ty pomnikowy d\u0105b w Pomorsku\" width=\"560\" height=\"800\" srcset=\"https:\/\/www.pomniki-przyrody.pl\/wp-content\/uploads\/2018\/09\/uschniety-pomnikowy-dab-w-Pomorsku.jpg 560w, https:\/\/www.pomniki-przyrody.pl\/wp-content\/uploads\/2018\/09\/uschniety-pomnikowy-dab-w-Pomorsku-210x300.jpg 210w\" sizes=\"auto, (max-width: 560px) 100vw, 560px\" \/><\/a><a href=\"https:\/\/www.pomniki-przyrody.pl\/wp-content\/uploads\/2018\/09\/Pomorsko-pien-uschnietego-debu.jpg\"><img loading=\"lazy\" decoding=\"async\" class=\"aligncenter wp-image-17009 size-full\" title=\"Pomorsko - pie\u0144 uschni\u0119tego d\u0119bu\" src=\"https:\/\/www.pomniki-przyrody.pl\/wp-content\/uploads\/2018\/09\/Pomorsko-pien-uschnietego-debu.jpg\" alt=\"Pomorsko - pie\u0144 uschni\u0119tego d\u0119bu\" width=\"532\" height=\"800\" srcset=\"https:\/\/www.pomniki-przyrody.pl\/wp-content\/uploads\/2018\/09\/Pomorsko-pien-uschnietego-debu.jpg 532w, https:\/\/www.pomniki-przyrody.pl\/wp-content\/uploads\/2018\/09\/Pomorsko-pien-uschnietego-debu-200x300.jpg 200w\" sizes=\"auto, (max-width: 532px) 100vw, 532px\" \/><\/a>Niedaleko Pomorska ro\u015bnie s\u0142ynna sosna pospolita &#8222;Rzepicha&#8221;, uwa\u017cana za najgrubsz\u0105 w Polsce. Wi\u0119cej o niej w nast\u0119pnym <a href=\"https:\/\/www.pomniki-przyrody.pl\/?p=12858\"><span style=\"color: #0000ff;\">artykule<\/span><\/a>.<\/p>\n","protected":false},"excerpt":{"rendered":"<p>(Edytowano 17.08.2022 r.) W wojew\u00f3dztwie lubuskim istniej\u0105 cztery przeprawy promowe przez Odr\u0119: w Po\u0142\u0119cku, Brodach, Pomorsku i Milsku. O promie w Brodach wspomina\u0142em w artykule &#8222;Pomnikowa topola czarna przy promie w Brodach&#8222;. Prom w Pomorsku znajduje si\u0119 4 km na &hellip; <a href=\"https:\/\/www.pomniki-przyrody.pl\/?p=12824\">Czytaj dalej <span class=\"meta-nav\">&rarr;<\/span><\/a><\/p>\n","protected":false},"author":2,"featured_media":0,"comment_status":"open","ping_status":"open","sticky":false,"template":"","format":"standard","meta":{"footnotes":""},"categories":[1],"tags":[1379,669,1688,1687,318,1689],"class_list":["post-12824","post","type-post","status-publish","format-standard","hentry","category-przyroda-ozywiona","tag-gmina-sulechow","tag-lubuskie","tag-olsza-czarna","tag-pomnikowa-olsza","tag-pomnikowe-deby","tag-pomorsko"],"_links":{"self":[{"href":"https:\/\/www.pomniki-przyrody.pl\/index.php?rest_route=\/wp\/v2\/posts\/12824","targetHints":{"allow":["GET"]}}],"collection":[{"href":"https:\/\/www.pomniki-przyrody.pl\/index.php?rest_route=\/wp\/v2\/posts"}],"about":[{"href":"https:\/\/www.pomniki-przyrody.pl\/index.php?rest_route=\/wp\/v2\/types\/post"}],"author":[{"embeddable":true,"href":"https:\/\/www.pomniki-przyrody.pl\/index.php?rest_route=\/wp\/v2\/users\/2"}],"replies":[{"embeddable":true,"href":"https:\/\/www.pomniki-przyrody.pl\/index.php?rest_route=%2Fwp%2Fv2%2Fcomments&post=12824"}],"version-history":[{"count":7,"href":"https:\/\/www.pomniki-przyrody.pl\/index.php?rest_route=\/wp\/v2\/posts\/12824\/revisions"}],"predecessor-version":[{"id":17014,"href":"https:\/\/www.pomniki-przyrody.pl\/index.php?rest_route=\/wp\/v2\/posts\/12824\/revisions\/17014"}],"wp:attachment":[{"href":"https:\/\/www.pomniki-przyrody.pl\/index.php?rest_route=%2Fwp%2Fv2%2Fmedia&parent=12824"}],"wp:term":[{"taxonomy":"category","embeddable":true,"href":"https:\/\/www.pomniki-przyrody.pl\/index.php?rest_route=%2Fwp%2Fv2%2Fcategories&post=12824"},{"taxonomy":"post_tag","embeddable":true,"href":"https:\/\/www.pomniki-przyrody.pl\/index.php?rest_route=%2Fwp%2Fv2%2Ftags&post=12824"}],"curies":[{"name":"wp","href":"https:\/\/api.w.org\/{rel}","templated":true}]}}