{"id":13139,"date":"2018-12-17T01:15:40","date_gmt":"2018-12-17T00:15:40","guid":{"rendered":"http:\/\/www.pomniki-przyrody.pl\/?p=13139"},"modified":"2018-12-19T22:46:01","modified_gmt":"2018-12-19T21:46:01","slug":"pomnikowe-zrodla-w-gminie-wojslawice-pow-chelmski-lubelskie","status":"publish","type":"post","link":"https:\/\/www.pomniki-przyrody.pl\/?p=13139","title":{"rendered":"Pomnikowe \u017ar\u00f3d\u0142a w gminie Wojs\u0142awice (pow. che\u0142mski, lubelskie)."},"content":{"rendered":"<p>Zgodnie z Ustaw\u0105 o Ochronie Przyrody z 2004 r. ochron\u0105 pomnikow\u0105 mo\u017cna obejmowa\u0107 r\u00f3wnie\u017c <strong>\u017ar\u00f3d\u0142a<\/strong> (obok innych twor\u00f3w przyrody nieo\u017cywionej, takich jak:\u00a0wodospady, wywierzyska, ska\u0142ki, jary, g\u0142azy narzutowe oraz jaskinie). W skali kraju najwi\u0119cej pomnikowych \u017ar\u00f3de\u0142 znajduje si\u0119 na terenach wy\u017cynnych wojew\u00f3dztwa ma\u0142opolskiego, lubelskiego i \u015bwi\u0119tokrzyskiego. Pierwszy artyku\u0142 na tym blogu o ustawowo chronionych \u017ar\u00f3d\u0142ach (wprawdzie pisa\u0142em o &#8222;<span style=\"color: #0000ff;\"><a style=\"color: #0000ff;\" href=\"https:\/\/www.pomniki-przyrody.pl\/?p=5903\">Romanowskich \u0179r\u00f3d\u0142ach<\/a><\/span>&#8222;, ale to wywierzysko krasowe) po\u015bwi\u0119c\u0119 gminie Wojs\u0142awice (pow. che\u0142mski, lubelskie). Tutejsze krynice nierzadko wyp\u0142ywaj\u0105 z licznych w tym regionie w\u0105woz\u00f3w (zwanych tu debrami), \u00a0tworz\u0105cych niepowtarzalny krajobraz. Poznawanie tutejszych \u017ar\u00f3de\u0142 najlepiej rozpocz\u0105\u0107 w miejscowo\u015bci Stary Majdan. W centrum wsi (G\u00f3ra \u0141osi\u00f3w), niedaleko szosy, znajduje si\u0119 pocz\u0105tek\/koniec okr\u0119\u017cnej \u015bcie\u017cki dydaktycznej. Na kolorowej tablicy odnajdziemy map\u0119 z naniesionymi lokalizacjami pozosta\u0142ych \u017ar\u00f3de\u0142, pomnik\u00f3w przyrody o\u017cywionej oraz zabytk\u00f3w architektury.<\/p>\n<p><a href=\"https:\/\/www.pomniki-przyrody.pl\/wp-content\/uploads\/2018\/12\/tablica-Przyroda-Ziemi-Wojs\u0142awickiej.jpg\"><img loading=\"lazy\" decoding=\"async\" class=\"aligncenter wp-image-13162 size-full\" title=\"tablica - Przyroda Ziemi Wojs\u0142awickiej\" src=\"https:\/\/www.pomniki-przyrody.pl\/wp-content\/uploads\/2018\/12\/tablica-Przyroda-Ziemi-Wojs\u0142awickiej.jpg\" alt=\"\" width=\"1000\" height=\"741\" srcset=\"https:\/\/www.pomniki-przyrody.pl\/wp-content\/uploads\/2018\/12\/tablica-Przyroda-Ziemi-Wojs\u0142awickiej.jpg 1000w, https:\/\/www.pomniki-przyrody.pl\/wp-content\/uploads\/2018\/12\/tablica-Przyroda-Ziemi-Wojs\u0142awickiej-300x222.jpg 300w, https:\/\/www.pomniki-przyrody.pl\/wp-content\/uploads\/2018\/12\/tablica-Przyroda-Ziemi-Wojs\u0142awickiej-768x569.jpg 768w, https:\/\/www.pomniki-przyrody.pl\/wp-content\/uploads\/2018\/12\/tablica-Przyroda-Ziemi-Wojs\u0142awickiej-405x300.jpg 405w\" sizes=\"auto, (max-width: 1000px) 100vw, 1000px\" \/><\/a><\/p>\n<p><a href=\"https:\/\/www.pomniki-przyrody.pl\/wp-content\/uploads\/2018\/12\/mapa-gminy-Wojs\u0142awice.jpg\"><img loading=\"lazy\" decoding=\"async\" class=\"aligncenter wp-image-13143 size-full\" title=\"mapa gminy Wojs\u0142awice\" src=\"https:\/\/www.pomniki-przyrody.pl\/wp-content\/uploads\/2018\/12\/mapa-gminy-Wojs\u0142awice.jpg\" alt=\"\" width=\"1200\" height=\"854\" srcset=\"https:\/\/www.pomniki-przyrody.pl\/wp-content\/uploads\/2018\/12\/mapa-gminy-Wojs\u0142awice.jpg 1200w, https:\/\/www.pomniki-przyrody.pl\/wp-content\/uploads\/2018\/12\/mapa-gminy-Wojs\u0142awice-300x214.jpg 300w, https:\/\/www.pomniki-przyrody.pl\/wp-content\/uploads\/2018\/12\/mapa-gminy-Wojs\u0142awice-768x547.jpg 768w, https:\/\/www.pomniki-przyrody.pl\/wp-content\/uploads\/2018\/12\/mapa-gminy-Wojs\u0142awice-1024x729.jpg 1024w, https:\/\/www.pomniki-przyrody.pl\/wp-content\/uploads\/2018\/12\/mapa-gminy-Wojs\u0142awice-422x300.jpg 422w\" sizes=\"auto, (max-width: 1200px) 100vw, 1200px\" \/><\/a><\/p>\n<p>Pierwszym punktem na trasie jest jest wybijaj\u0105ce ze zbocza \u017ar\u00f3d\u0142o. Stary Majdan to miejsce zamieszkania Jakuba W\u0119drowycza &#8211; fikcyjnej postaci, g\u0142\u00f3wnego bohatera opowiada\u0144 Andrzeja Pilipiuka &#8211; egzorcysty amatora, pijaka i bimbrownika. By\u0107 mo\u017ce tutejszy zdr\u00f3j skala\u0142 swoj\u0105 skacowan\u0105 g\u0119b\u0105 lub u\u017cywa\u0142 wody do p\u0119dzenia samogonu.<\/p>\n<p><a href=\"https:\/\/www.pomniki-przyrody.pl\/wp-content\/uploads\/2018\/12\/tablica-\u0179r\u00f3d\u0142a-i-\u0179r\u00f3dliska.jpg\"><img loading=\"lazy\" decoding=\"async\" class=\"aligncenter wp-image-13163 size-full\" title=\"tablica \u0179r\u00f3d\u0142a i \u0179r\u00f3dliska\" src=\"https:\/\/www.pomniki-przyrody.pl\/wp-content\/uploads\/2018\/12\/tablica-\u0179r\u00f3d\u0142a-i-\u0179r\u00f3dliska.jpg\" alt=\"\" width=\"773\" height=\"1000\" srcset=\"https:\/\/www.pomniki-przyrody.pl\/wp-content\/uploads\/2018\/12\/tablica-\u0179r\u00f3d\u0142a-i-\u0179r\u00f3dliska.jpg 773w, https:\/\/www.pomniki-przyrody.pl\/wp-content\/uploads\/2018\/12\/tablica-\u0179r\u00f3d\u0142a-i-\u0179r\u00f3dliska-232x300.jpg 232w, https:\/\/www.pomniki-przyrody.pl\/wp-content\/uploads\/2018\/12\/tablica-\u0179r\u00f3d\u0142a-i-\u0179r\u00f3dliska-768x994.jpg 768w\" sizes=\"auto, (max-width: 773px) 100vw, 773px\" \/><\/a><\/p>\n<p><a href=\"https:\/\/www.pomniki-przyrody.pl\/wp-content\/uploads\/2018\/12\/Stary-Majdan-drogowskazy-\u015bcie\u017cki-dydaktycznej.jpg\"><img loading=\"lazy\" decoding=\"async\" class=\"aligncenter wp-image-13157 size-full\" title=\"Stary Majdan - drogowskazy \u015bcie\u017cki dydaktycznej\" src=\"https:\/\/www.pomniki-przyrody.pl\/wp-content\/uploads\/2018\/12\/Stary-Majdan-drogowskazy-\u015bcie\u017cki-dydaktycznej.jpg\" alt=\"\" width=\"616\" height=\"800\" srcset=\"https:\/\/www.pomniki-przyrody.pl\/wp-content\/uploads\/2018\/12\/Stary-Majdan-drogowskazy-\u015bcie\u017cki-dydaktycznej.jpg 616w, https:\/\/www.pomniki-przyrody.pl\/wp-content\/uploads\/2018\/12\/Stary-Majdan-drogowskazy-\u015bcie\u017cki-dydaktycznej-231x300.jpg 231w\" sizes=\"auto, (max-width: 616px) 100vw, 616px\" \/><\/a><\/p>\n<p><a href=\"https:\/\/www.pomniki-przyrody.pl\/wp-content\/uploads\/2018\/12\/Stary-Majdan-mostek-w-pobli\u017cu-\u017ar\u00f3dliska.jpg\"><img loading=\"lazy\" decoding=\"async\" class=\"aligncenter wp-image-13158 size-full\" title=\"Stary Majdan - mostek w pobli\u017cu \u017ar\u00f3dliska\" src=\"https:\/\/www.pomniki-przyrody.pl\/wp-content\/uploads\/2018\/12\/Stary-Majdan-mostek-w-pobli\u017cu-\u017ar\u00f3dliska.jpg\" alt=\"\" width=\"800\" height=\"532\" srcset=\"https:\/\/www.pomniki-przyrody.pl\/wp-content\/uploads\/2018\/12\/Stary-Majdan-mostek-w-pobli\u017cu-\u017ar\u00f3dliska.jpg 800w, https:\/\/www.pomniki-przyrody.pl\/wp-content\/uploads\/2018\/12\/Stary-Majdan-mostek-w-pobli\u017cu-\u017ar\u00f3dliska-300x200.jpg 300w, https:\/\/www.pomniki-przyrody.pl\/wp-content\/uploads\/2018\/12\/Stary-Majdan-mostek-w-pobli\u017cu-\u017ar\u00f3dliska-768x511.jpg 768w, https:\/\/www.pomniki-przyrody.pl\/wp-content\/uploads\/2018\/12\/Stary-Majdan-mostek-w-pobli\u017cu-\u017ar\u00f3dliska-451x300.jpg 451w\" sizes=\"auto, (max-width: 800px) 100vw, 800px\" \/><\/a><\/p>\n<p><a href=\"https:\/\/www.pomniki-przyrody.pl\/wp-content\/uploads\/2018\/12\/Stary-Majdan-\u017ar\u00f3d\u0142o-przy-\u015bcie\u017cce-przyrodniczej.jpg\"><img loading=\"lazy\" decoding=\"async\" class=\"aligncenter wp-image-13159 size-full\" title=\"Stary Majdan - \u017ar\u00f3d\u0142o przy \u015bcie\u017cce przyrodniczej\" src=\"https:\/\/www.pomniki-przyrody.pl\/wp-content\/uploads\/2018\/12\/Stary-Majdan-\u017ar\u00f3d\u0142o-przy-\u015bcie\u017cce-przyrodniczej.jpg\" alt=\"\" width=\"800\" height=\"532\" srcset=\"https:\/\/www.pomniki-przyrody.pl\/wp-content\/uploads\/2018\/12\/Stary-Majdan-\u017ar\u00f3d\u0142o-przy-\u015bcie\u017cce-przyrodniczej.jpg 800w, https:\/\/www.pomniki-przyrody.pl\/wp-content\/uploads\/2018\/12\/Stary-Majdan-\u017ar\u00f3d\u0142o-przy-\u015bcie\u017cce-przyrodniczej-300x200.jpg 300w, https:\/\/www.pomniki-przyrody.pl\/wp-content\/uploads\/2018\/12\/Stary-Majdan-\u017ar\u00f3d\u0142o-przy-\u015bcie\u017cce-przyrodniczej-768x511.jpg 768w, https:\/\/www.pomniki-przyrody.pl\/wp-content\/uploads\/2018\/12\/Stary-Majdan-\u017ar\u00f3d\u0142o-przy-\u015bcie\u017cce-przyrodniczej-451x300.jpg 451w\" sizes=\"auto, (max-width: 800px) 100vw, 800px\" \/><\/a><\/p>\n<p><a href=\"https:\/\/www.pomniki-przyrody.pl\/wp-content\/uploads\/2018\/12\/\u017ar\u00f3d\u0142o-w-Starym-Majdanie.jpg\"><img loading=\"lazy\" decoding=\"async\" class=\"aligncenter wp-image-13175 size-full\" title=\"\u017ar\u00f3d\u0142o w Starym Majdanie\" src=\"https:\/\/www.pomniki-przyrody.pl\/wp-content\/uploads\/2018\/12\/\u017ar\u00f3d\u0142o-w-Starym-Majdanie.jpg\" alt=\"\" width=\"532\" height=\"800\" srcset=\"https:\/\/www.pomniki-przyrody.pl\/wp-content\/uploads\/2018\/12\/\u017ar\u00f3d\u0142o-w-Starym-Majdanie.jpg 532w, https:\/\/www.pomniki-przyrody.pl\/wp-content\/uploads\/2018\/12\/\u017ar\u00f3d\u0142o-w-Starym-Majdanie-200x300.jpg 200w\" sizes=\"auto, (max-width: 532px) 100vw, 532px\" \/><\/a><a href=\"https:\/\/www.pomniki-przyrody.pl\/wp-content\/uploads\/2018\/12\/rynny-odprowadzaj\u0105ce-wod\u0119-ze-\u017ar\u00f3d\u0142a.jpg\"><img loading=\"lazy\" decoding=\"async\" class=\"aligncenter wp-image-13156 size-full\" title=\"rynny odprowadzaj\u0105ce wod\u0119 ze \u017ar\u00f3d\u0142a\" src=\"https:\/\/www.pomniki-przyrody.pl\/wp-content\/uploads\/2018\/12\/rynny-odprowadzaj\u0105ce-wod\u0119-ze-\u017ar\u00f3d\u0142a.jpg\" alt=\"\" width=\"549\" height=\"800\" srcset=\"https:\/\/www.pomniki-przyrody.pl\/wp-content\/uploads\/2018\/12\/rynny-odprowadzaj\u0105ce-wod\u0119-ze-\u017ar\u00f3d\u0142a.jpg 549w, https:\/\/www.pomniki-przyrody.pl\/wp-content\/uploads\/2018\/12\/rynny-odprowadzaj\u0105ce-wod\u0119-ze-\u017ar\u00f3d\u0142a-206x300.jpg 206w\" sizes=\"auto, (max-width: 549px) 100vw, 549px\" \/><\/a><a href=\"https:\/\/www.pomniki-przyrody.pl\/wp-content\/uploads\/2018\/12\/Stary-Majdan-\u017ar\u00f3d\u0142o.jpg\"><img loading=\"lazy\" decoding=\"async\" class=\"aligncenter wp-image-13160 size-full\" title=\"Stary Majdan - \u017ar\u00f3d\u0142o\" src=\"https:\/\/www.pomniki-przyrody.pl\/wp-content\/uploads\/2018\/12\/Stary-Majdan-\u017ar\u00f3d\u0142o.jpg\" alt=\"\" width=\"532\" height=\"800\" srcset=\"https:\/\/www.pomniki-przyrody.pl\/wp-content\/uploads\/2018\/12\/Stary-Majdan-\u017ar\u00f3d\u0142o.jpg 532w, https:\/\/www.pomniki-przyrody.pl\/wp-content\/uploads\/2018\/12\/Stary-Majdan-\u017ar\u00f3d\u0142o-200x300.jpg 200w\" sizes=\"auto, (max-width: 532px) 100vw, 532px\" \/><\/a><\/p>\n<p>Ok. 2,4 km od tego miejsca w linii prostej w kierunku wschodnim znajduje si\u0119 jedno z dw\u00f3ch \u017ar\u00f3de\u0142 w gminie Wojs\u0142awice o statusie pomnika przyrody. Nisza \u017ar\u00f3d\u0142owa\u00a0 o powierzchni 1,5 ara le\u017cy w \u015br\u00f3dpolnym w\u0105wozie, na gruntach administracyjnie nale\u017c\u0105cych do wsi Wojs\u0142awice.<\/p>\n<p>GPS\u00a0N 50\u00b054\u203226.1\u2033 , E 23\u00b031\u203236.1\u2033<\/p>\n<p><a href=\"https:\/\/www.pomniki-przyrody.pl\/wp-content\/uploads\/2018\/12\/jeden-z-wielu-w\u0105woz\u00f3w-w-okolicach-Wojs\u0142awic.jpg\"><img loading=\"lazy\" decoding=\"async\" class=\"aligncenter wp-image-13142 size-full\" title=\"jeden z wielu w\u0105woz\u00f3w w okolicach Wojs\u0142awic\" src=\"https:\/\/www.pomniki-przyrody.pl\/wp-content\/uploads\/2018\/12\/jeden-z-wielu-w\u0105woz\u00f3w-w-okolicach-Wojs\u0142awic.jpg\" alt=\"\" width=\"800\" height=\"532\" srcset=\"https:\/\/www.pomniki-przyrody.pl\/wp-content\/uploads\/2018\/12\/jeden-z-wielu-w\u0105woz\u00f3w-w-okolicach-Wojs\u0142awic.jpg 800w, https:\/\/www.pomniki-przyrody.pl\/wp-content\/uploads\/2018\/12\/jeden-z-wielu-w\u0105woz\u00f3w-w-okolicach-Wojs\u0142awic-300x200.jpg 300w, https:\/\/www.pomniki-przyrody.pl\/wp-content\/uploads\/2018\/12\/jeden-z-wielu-w\u0105woz\u00f3w-w-okolicach-Wojs\u0142awic-768x511.jpg 768w, https:\/\/www.pomniki-przyrody.pl\/wp-content\/uploads\/2018\/12\/jeden-z-wielu-w\u0105woz\u00f3w-w-okolicach-Wojs\u0142awic-451x300.jpg 451w\" sizes=\"auto, (max-width: 800px) 100vw, 800px\" \/><\/a><a href=\"https:\/\/www.pomniki-przyrody.pl\/wp-content\/uploads\/2018\/12\/pomnikowe-\u017ar\u00f3d\u0142o-w-Wojs\u0142awicach-widok-z-g\u00f3ry.jpg\"><img loading=\"lazy\" decoding=\"async\" class=\"aligncenter wp-image-13153 size-full\" title=\"pomnikowe \u017ar\u00f3d\u0142o w Wojs\u0142awicach - widok z g\u00f3ry\" src=\"https:\/\/www.pomniki-przyrody.pl\/wp-content\/uploads\/2018\/12\/pomnikowe-\u017ar\u00f3d\u0142o-w-Wojs\u0142awicach-widok-z-g\u00f3ry.jpg\" alt=\"\" width=\"532\" height=\"800\" srcset=\"https:\/\/www.pomniki-przyrody.pl\/wp-content\/uploads\/2018\/12\/pomnikowe-\u017ar\u00f3d\u0142o-w-Wojs\u0142awicach-widok-z-g\u00f3ry.jpg 532w, https:\/\/www.pomniki-przyrody.pl\/wp-content\/uploads\/2018\/12\/pomnikowe-\u017ar\u00f3d\u0142o-w-Wojs\u0142awicach-widok-z-g\u00f3ry-200x300.jpg 200w\" sizes=\"auto, (max-width: 532px) 100vw, 532px\" \/><\/a><a href=\"https:\/\/www.pomniki-przyrody.pl\/wp-content\/uploads\/2018\/12\/pomnikowe-\u017ar\u00f3d\u0142o-w-Wojs\u0142awicach.jpg\"><img loading=\"lazy\" decoding=\"async\" class=\"aligncenter wp-image-13154 size-full\" title=\"pomnikowe \u017ar\u00f3d\u0142o w Wojs\u0142awicach\" src=\"https:\/\/www.pomniki-przyrody.pl\/wp-content\/uploads\/2018\/12\/pomnikowe-\u017ar\u00f3d\u0142o-w-Wojs\u0142awicach.jpg\" alt=\"\" width=\"800\" height=\"532\" srcset=\"https:\/\/www.pomniki-przyrody.pl\/wp-content\/uploads\/2018\/12\/pomnikowe-\u017ar\u00f3d\u0142o-w-Wojs\u0142awicach.jpg 800w, https:\/\/www.pomniki-przyrody.pl\/wp-content\/uploads\/2018\/12\/pomnikowe-\u017ar\u00f3d\u0142o-w-Wojs\u0142awicach-300x200.jpg 300w, https:\/\/www.pomniki-przyrody.pl\/wp-content\/uploads\/2018\/12\/pomnikowe-\u017ar\u00f3d\u0142o-w-Wojs\u0142awicach-768x511.jpg 768w, https:\/\/www.pomniki-przyrody.pl\/wp-content\/uploads\/2018\/12\/pomnikowe-\u017ar\u00f3d\u0142o-w-Wojs\u0142awicach-451x300.jpg 451w\" sizes=\"auto, (max-width: 800px) 100vw, 800px\" \/><\/a><a href=\"https:\/\/www.pomniki-przyrody.pl\/wp-content\/uploads\/2018\/12\/Wojs\u0142awice-woda-wyp\u0142ywaj\u0105ca-z-pomnikowego-\u017ar\u00f3d\u0142a.jpg\"><img loading=\"lazy\" decoding=\"async\" class=\"aligncenter wp-image-13169 size-full\" title=\"Wojs\u0142awice - woda wyp\u0142ywaj\u0105ca z pomnikowego \u017ar\u00f3d\u0142a\" src=\"https:\/\/www.pomniki-przyrody.pl\/wp-content\/uploads\/2018\/12\/Wojs\u0142awice-woda-wyp\u0142ywaj\u0105ca-z-pomnikowego-\u017ar\u00f3d\u0142a.jpg\" alt=\"\" width=\"800\" height=\"532\" srcset=\"https:\/\/www.pomniki-przyrody.pl\/wp-content\/uploads\/2018\/12\/Wojs\u0142awice-woda-wyp\u0142ywaj\u0105ca-z-pomnikowego-\u017ar\u00f3d\u0142a.jpg 800w, https:\/\/www.pomniki-przyrody.pl\/wp-content\/uploads\/2018\/12\/Wojs\u0142awice-woda-wyp\u0142ywaj\u0105ca-z-pomnikowego-\u017ar\u00f3d\u0142a-300x200.jpg 300w, https:\/\/www.pomniki-przyrody.pl\/wp-content\/uploads\/2018\/12\/Wojs\u0142awice-woda-wyp\u0142ywaj\u0105ca-z-pomnikowego-\u017ar\u00f3d\u0142a-768x511.jpg 768w, https:\/\/www.pomniki-przyrody.pl\/wp-content\/uploads\/2018\/12\/Wojs\u0142awice-woda-wyp\u0142ywaj\u0105ca-z-pomnikowego-\u017ar\u00f3d\u0142a-451x300.jpg 451w\" sizes=\"auto, (max-width: 800px) 100vw, 800px\" \/><\/a><\/p>\n<p>Kilka metr\u00f3w od wyp\u0142ywu wody stoi podniszczona tablica.<\/p>\n<p><a href=\"https:\/\/www.pomniki-przyrody.pl\/wp-content\/uploads\/2018\/12\/Wojs\u0142awice-tablica-przy-pomnikowym-\u017ar\u00f3dle.jpg\"><img loading=\"lazy\" decoding=\"async\" class=\"aligncenter wp-image-13168 size-full\" title=\"Wojs\u0142awice - tablica przy pomnikowym \u017ar\u00f3dle\" src=\"https:\/\/www.pomniki-przyrody.pl\/wp-content\/uploads\/2018\/12\/Wojs\u0142awice-tablica-przy-pomnikowym-\u017ar\u00f3dle.jpg\" alt=\"\" width=\"800\" height=\"532\" srcset=\"https:\/\/www.pomniki-przyrody.pl\/wp-content\/uploads\/2018\/12\/Wojs\u0142awice-tablica-przy-pomnikowym-\u017ar\u00f3dle.jpg 800w, https:\/\/www.pomniki-przyrody.pl\/wp-content\/uploads\/2018\/12\/Wojs\u0142awice-tablica-przy-pomnikowym-\u017ar\u00f3dle-300x200.jpg 300w, https:\/\/www.pomniki-przyrody.pl\/wp-content\/uploads\/2018\/12\/Wojs\u0142awice-tablica-przy-pomnikowym-\u017ar\u00f3dle-768x511.jpg 768w, https:\/\/www.pomniki-przyrody.pl\/wp-content\/uploads\/2018\/12\/Wojs\u0142awice-tablica-przy-pomnikowym-\u017ar\u00f3dle-451x300.jpg 451w\" sizes=\"auto, (max-width: 800px) 100vw, 800px\" \/><\/a><a href=\"https:\/\/www.pomniki-przyrody.pl\/wp-content\/uploads\/2018\/12\/Wojs\u0142awice-zbli\u017cenie-tablicy-przy-pomnikowym-\u017ar\u00f3dle.jpg\"><img loading=\"lazy\" decoding=\"async\" class=\"aligncenter wp-image-13171 size-full\" title=\"Wojs\u0142awice - zbli\u017cenie tablicy przy pomnikowym \u017ar\u00f3dle\" src=\"https:\/\/www.pomniki-przyrody.pl\/wp-content\/uploads\/2018\/12\/Wojs\u0142awice-zbli\u017cenie-tablicy-przy-pomnikowym-\u017ar\u00f3dle.jpg\" alt=\"\" width=\"556\" height=\"900\" srcset=\"https:\/\/www.pomniki-przyrody.pl\/wp-content\/uploads\/2018\/12\/Wojs\u0142awice-zbli\u017cenie-tablicy-przy-pomnikowym-\u017ar\u00f3dle.jpg 556w, https:\/\/www.pomniki-przyrody.pl\/wp-content\/uploads\/2018\/12\/Wojs\u0142awice-zbli\u017cenie-tablicy-przy-pomnikowym-\u017ar\u00f3dle-185x300.jpg 185w\" sizes=\"auto, (max-width: 556px) 100vw, 556px\" \/><\/a><\/p>\n<p>Woda wyp\u0142ywa z kilku wysi\u0119k\u00f3w, dno niszy pokrywa kamienny rumosz.<\/p>\n<p><a href=\"https:\/\/www.pomniki-przyrody.pl\/wp-content\/uploads\/2018\/12\/Wojs\u0142awice-nisza-\u017ar\u00f3dliskowa.jpg\"><img loading=\"lazy\" decoding=\"async\" class=\"aligncenter wp-image-13165 size-full\" title=\"Wojs\u0142awice - nisza \u017ar\u00f3dliskowa\" src=\"https:\/\/www.pomniki-przyrody.pl\/wp-content\/uploads\/2018\/12\/Wojs\u0142awice-nisza-\u017ar\u00f3dliskowa.jpg\" alt=\"\" width=\"532\" height=\"800\" srcset=\"https:\/\/www.pomniki-przyrody.pl\/wp-content\/uploads\/2018\/12\/Wojs\u0142awice-nisza-\u017ar\u00f3dliskowa.jpg 532w, https:\/\/www.pomniki-przyrody.pl\/wp-content\/uploads\/2018\/12\/Wojs\u0142awice-nisza-\u017ar\u00f3dliskowa-200x300.jpg 200w\" sizes=\"auto, (max-width: 532px) 100vw, 532px\" \/><\/a><a href=\"https:\/\/www.pomniki-przyrody.pl\/wp-content\/uploads\/2018\/12\/Wojs\u0142awice-pomnikowe-\u017ar\u00f3d\u0142o.jpg\"><img loading=\"lazy\" decoding=\"async\" class=\"aligncenter wp-image-13166 size-full\" title=\"Wojs\u0142awice - pomnikowe \u017ar\u00f3d\u0142o\" src=\"https:\/\/www.pomniki-przyrody.pl\/wp-content\/uploads\/2018\/12\/Wojs\u0142awice-pomnikowe-\u017ar\u00f3d\u0142o.jpg\" alt=\"\" width=\"532\" height=\"800\" srcset=\"https:\/\/www.pomniki-przyrody.pl\/wp-content\/uploads\/2018\/12\/Wojs\u0142awice-pomnikowe-\u017ar\u00f3d\u0142o.jpg 532w, https:\/\/www.pomniki-przyrody.pl\/wp-content\/uploads\/2018\/12\/Wojs\u0142awice-pomnikowe-\u017ar\u00f3d\u0142o-200x300.jpg 200w\" sizes=\"auto, (max-width: 532px) 100vw, 532px\" \/><\/a><a href=\"https:\/\/www.pomniki-przyrody.pl\/wp-content\/uploads\/2018\/12\/Wojs\u0142awice-wysi\u0119k-wody-w-pomnikowym-\u017ar\u00f3dle.jpg\"><img loading=\"lazy\" decoding=\"async\" class=\"aligncenter wp-image-13170 size-full\" title=\"Wojs\u0142awice - wysi\u0119k wody w pomnikowym \u017ar\u00f3dle\" src=\"https:\/\/www.pomniki-przyrody.pl\/wp-content\/uploads\/2018\/12\/Wojs\u0142awice-wysi\u0119k-wody-w-pomnikowym-\u017ar\u00f3dle.jpg\" alt=\"\" width=\"800\" height=\"532\" srcset=\"https:\/\/www.pomniki-przyrody.pl\/wp-content\/uploads\/2018\/12\/Wojs\u0142awice-wysi\u0119k-wody-w-pomnikowym-\u017ar\u00f3dle.jpg 800w, https:\/\/www.pomniki-przyrody.pl\/wp-content\/uploads\/2018\/12\/Wojs\u0142awice-wysi\u0119k-wody-w-pomnikowym-\u017ar\u00f3dle-300x200.jpg 300w, https:\/\/www.pomniki-przyrody.pl\/wp-content\/uploads\/2018\/12\/Wojs\u0142awice-wysi\u0119k-wody-w-pomnikowym-\u017ar\u00f3dle-768x511.jpg 768w, https:\/\/www.pomniki-przyrody.pl\/wp-content\/uploads\/2018\/12\/Wojs\u0142awice-wysi\u0119k-wody-w-pomnikowym-\u017ar\u00f3dle-451x300.jpg 451w\" sizes=\"auto, (max-width: 800px) 100vw, 800px\" \/><\/a><\/p>\n<p>Poni\u017cej niszy ustawiono betonowy kr\u0105g u\u0142atwiaj\u0105cy pozyskiwanie wody. Dalej woda pojedyncz\u0105 strug\u0105 p\u0142ynie dnem w\u0105wozu w kierunku wschodnim, p\u00f3\u017aniej p\u00f3\u0142nocno &#8211; wschodnim, przecina ulic\u0119 Grabowieck\u0105 w Wojs\u0142awicach i wpada do strumienia, kt\u00f3rego \u017ar\u00f3d\u0142a &#8211; chronione jako drugi pomnik przyrody &#8211; zlokalizowane s\u0105 w miejscowo\u015bci Nowy Majdan. Teren \u017ar\u00f3dliskowy o powierzchni 0,64 ha znajduje si\u0119 w w\u0105wozie, na p\u00f3\u0142nocnym stoku wzniesienia o nazwie Zamczysko.<\/p>\n<p>GPS\u00a0N 50\u00b053\u203239\u2033 , E 23\u00b033\u203236\u2033<\/p>\n<p><a href=\"https:\/\/www.pomniki-przyrody.pl\/wp-content\/uploads\/2018\/12\/Nowy-Majdan-\u017ar\u00f3dlisko.jpg\"><img loading=\"lazy\" decoding=\"async\" class=\"aligncenter wp-image-13150 size-full\" title=\"Nowy Majdan - \u017ar\u00f3dlisko\" src=\"https:\/\/www.pomniki-przyrody.pl\/wp-content\/uploads\/2018\/12\/Nowy-Majdan-\u017ar\u00f3dlisko.jpg\" alt=\"\" width=\"800\" height=\"532\" srcset=\"https:\/\/www.pomniki-przyrody.pl\/wp-content\/uploads\/2018\/12\/Nowy-Majdan-\u017ar\u00f3dlisko.jpg 800w, https:\/\/www.pomniki-przyrody.pl\/wp-content\/uploads\/2018\/12\/Nowy-Majdan-\u017ar\u00f3dlisko-300x200.jpg 300w, https:\/\/www.pomniki-przyrody.pl\/wp-content\/uploads\/2018\/12\/Nowy-Majdan-\u017ar\u00f3dlisko-768x511.jpg 768w, https:\/\/www.pomniki-przyrody.pl\/wp-content\/uploads\/2018\/12\/Nowy-Majdan-\u017ar\u00f3dlisko-451x300.jpg 451w\" sizes=\"auto, (max-width: 800px) 100vw, 800px\" \/><\/a><a href=\"https:\/\/www.pomniki-przyrody.pl\/wp-content\/uploads\/2018\/12\/Nowy-Majdan-pomnikowe-\u017ar\u00f3dlisko.jpg\"><img loading=\"lazy\" decoding=\"async\" class=\"aligncenter wp-image-13144 size-full\" title=\"Nowy Majdan - pomnikowe \u017ar\u00f3dlisko\" src=\"https:\/\/www.pomniki-przyrody.pl\/wp-content\/uploads\/2018\/12\/Nowy-Majdan-pomnikowe-\u017ar\u00f3dlisko.jpg\" alt=\"\" width=\"800\" height=\"532\" srcset=\"https:\/\/www.pomniki-przyrody.pl\/wp-content\/uploads\/2018\/12\/Nowy-Majdan-pomnikowe-\u017ar\u00f3dlisko.jpg 800w, https:\/\/www.pomniki-przyrody.pl\/wp-content\/uploads\/2018\/12\/Nowy-Majdan-pomnikowe-\u017ar\u00f3dlisko-300x200.jpg 300w, https:\/\/www.pomniki-przyrody.pl\/wp-content\/uploads\/2018\/12\/Nowy-Majdan-pomnikowe-\u017ar\u00f3dlisko-768x511.jpg 768w, https:\/\/www.pomniki-przyrody.pl\/wp-content\/uploads\/2018\/12\/Nowy-Majdan-pomnikowe-\u017ar\u00f3dlisko-451x300.jpg 451w\" sizes=\"auto, (max-width: 800px) 100vw, 800px\" \/><\/a><a href=\"https:\/\/www.pomniki-przyrody.pl\/wp-content\/uploads\/2018\/12\/Nowy-Majdan-pomnikowe-\u017ar\u00f3d\u0142o.jpg\"><img loading=\"lazy\" decoding=\"async\" class=\"aligncenter wp-image-13145 size-full\" title=\"Nowy Majdan - pomnikowe \u017ar\u00f3d\u0142o\" src=\"https:\/\/www.pomniki-przyrody.pl\/wp-content\/uploads\/2018\/12\/Nowy-Majdan-pomnikowe-\u017ar\u00f3d\u0142o.jpg\" alt=\"\" width=\"800\" height=\"532\" srcset=\"https:\/\/www.pomniki-przyrody.pl\/wp-content\/uploads\/2018\/12\/Nowy-Majdan-pomnikowe-\u017ar\u00f3d\u0142o.jpg 800w, https:\/\/www.pomniki-przyrody.pl\/wp-content\/uploads\/2018\/12\/Nowy-Majdan-pomnikowe-\u017ar\u00f3d\u0142o-300x200.jpg 300w, https:\/\/www.pomniki-przyrody.pl\/wp-content\/uploads\/2018\/12\/Nowy-Majdan-pomnikowe-\u017ar\u00f3d\u0142o-768x511.jpg 768w, https:\/\/www.pomniki-przyrody.pl\/wp-content\/uploads\/2018\/12\/Nowy-Majdan-pomnikowe-\u017ar\u00f3d\u0142o-451x300.jpg 451w\" sizes=\"auto, (max-width: 800px) 100vw, 800px\" \/><\/a><\/p>\n<p>Woda wyp\u0142ywa z siedmiu obfitych \u017ar\u00f3de\u0142 oraz kilku mniejszych wysi\u0119k\u00f3w.<\/p>\n<p><a href=\"https:\/\/www.pomniki-przyrody.pl\/wp-content\/uploads\/2018\/12\/Nowy-Majdan-wysi\u0119k-wody-w-pomnikowym-\u017ar\u00f3dle.jpg\"><img loading=\"lazy\" decoding=\"async\" class=\"aligncenter wp-image-13149 size-full\" title=\"Nowy Majdan - wysi\u0119k wody w pomnikowym \u017ar\u00f3dle\" src=\"https:\/\/www.pomniki-przyrody.pl\/wp-content\/uploads\/2018\/12\/Nowy-Majdan-wysi\u0119k-wody-w-pomnikowym-\u017ar\u00f3dle.jpg\" alt=\"\" width=\"3000\" height=\"4512\" srcset=\"https:\/\/www.pomniki-przyrody.pl\/wp-content\/uploads\/2018\/12\/Nowy-Majdan-wysi\u0119k-wody-w-pomnikowym-\u017ar\u00f3dle.jpg 3000w, https:\/\/www.pomniki-przyrody.pl\/wp-content\/uploads\/2018\/12\/Nowy-Majdan-wysi\u0119k-wody-w-pomnikowym-\u017ar\u00f3dle-199x300.jpg 199w, https:\/\/www.pomniki-przyrody.pl\/wp-content\/uploads\/2018\/12\/Nowy-Majdan-wysi\u0119k-wody-w-pomnikowym-\u017ar\u00f3dle-768x1155.jpg 768w, https:\/\/www.pomniki-przyrody.pl\/wp-content\/uploads\/2018\/12\/Nowy-Majdan-wysi\u0119k-wody-w-pomnikowym-\u017ar\u00f3dle-681x1024.jpg 681w\" sizes=\"auto, (max-width: 3000px) 100vw, 3000px\" \/><\/a><a href=\"https:\/\/www.pomniki-przyrody.pl\/wp-content\/uploads\/2018\/12\/Nowy-Majdan-rura-odprowadzaj\u0105ca-wod\u0119-w-pomnikowym-\u017ar\u00f3dle.jpg\"><img loading=\"lazy\" decoding=\"async\" class=\"aligncenter wp-image-13146 size-full\" title=\"Nowy Majdan - rura odprowadzaj\u0105ca wod\u0119 w pomnikowym \u017ar\u00f3dle\" src=\"https:\/\/www.pomniki-przyrody.pl\/wp-content\/uploads\/2018\/12\/Nowy-Majdan-rura-odprowadzaj\u0105ca-wod\u0119-w-pomnikowym-\u017ar\u00f3dle.jpg\" alt=\"\" width=\"532\" height=\"800\" srcset=\"https:\/\/www.pomniki-przyrody.pl\/wp-content\/uploads\/2018\/12\/Nowy-Majdan-rura-odprowadzaj\u0105ca-wod\u0119-w-pomnikowym-\u017ar\u00f3dle.jpg 532w, https:\/\/www.pomniki-przyrody.pl\/wp-content\/uploads\/2018\/12\/Nowy-Majdan-rura-odprowadzaj\u0105ca-wod\u0119-w-pomnikowym-\u017ar\u00f3dle-200x300.jpg 200w\" sizes=\"auto, (max-width: 532px) 100vw, 532px\" \/><\/a><\/p>\n<p><a href=\"https:\/\/www.pomniki-przyrody.pl\/wp-content\/uploads\/2018\/12\/Nowy-Majdan-w\u0105w\u00f3z-z-pomnikowym-\u017ar\u00f3d\u0142em.jpg\"><img loading=\"lazy\" decoding=\"async\" class=\"aligncenter wp-image-13152 size-full\" title=\"Nowy Majdan - w\u0105w\u00f3z z pomnikowym \u017ar\u00f3d\u0142em\" src=\"https:\/\/www.pomniki-przyrody.pl\/wp-content\/uploads\/2018\/12\/Nowy-Majdan-w\u0105w\u00f3z-z-pomnikowym-\u017ar\u00f3d\u0142em.jpg\" alt=\"\" width=\"532\" height=\"800\" srcset=\"https:\/\/www.pomniki-przyrody.pl\/wp-content\/uploads\/2018\/12\/Nowy-Majdan-w\u0105w\u00f3z-z-pomnikowym-\u017ar\u00f3d\u0142em.jpg 532w, https:\/\/www.pomniki-przyrody.pl\/wp-content\/uploads\/2018\/12\/Nowy-Majdan-w\u0105w\u00f3z-z-pomnikowym-\u017ar\u00f3d\u0142em-200x300.jpg 200w\" sizes=\"auto, (max-width: 532px) 100vw, 532px\" \/><\/a><a href=\"https:\/\/www.pomniki-przyrody.pl\/wp-content\/uploads\/2018\/12\/Nowy-Majdan-w\u0105w\u00f3z-z-pomnikowym-\u017ar\u00f3dliskiem.jpg\"><img loading=\"lazy\" decoding=\"async\" class=\"aligncenter wp-image-13151 size-full\" title=\"Nowy Majdan - w\u0105w\u00f3z z pomnikowym \u017ar\u00f3dliskiem\" src=\"https:\/\/www.pomniki-przyrody.pl\/wp-content\/uploads\/2018\/12\/Nowy-Majdan-w\u0105w\u00f3z-z-pomnikowym-\u017ar\u00f3dliskiem.jpg\" alt=\"\" width=\"532\" height=\"800\" srcset=\"https:\/\/www.pomniki-przyrody.pl\/wp-content\/uploads\/2018\/12\/Nowy-Majdan-w\u0105w\u00f3z-z-pomnikowym-\u017ar\u00f3dliskiem.jpg 532w, https:\/\/www.pomniki-przyrody.pl\/wp-content\/uploads\/2018\/12\/Nowy-Majdan-w\u0105w\u00f3z-z-pomnikowym-\u017ar\u00f3dliskiem-200x300.jpg 200w\" sizes=\"auto, (max-width: 532px) 100vw, 532px\" \/><\/a><a href=\"https:\/\/www.pomniki-przyrody.pl\/wp-content\/uploads\/2018\/12\/Nowy-Majdan-wylot-w\u0105wozu-z-pomnikowym-\u017ar\u00f3d\u0142em.jpg\"><img loading=\"lazy\" decoding=\"async\" class=\"aligncenter wp-image-13148 size-full\" title=\"Nowy Majdan - wylot w\u0105wozu z pomnikowym \u017ar\u00f3d\u0142em\" src=\"https:\/\/www.pomniki-przyrody.pl\/wp-content\/uploads\/2018\/12\/Nowy-Majdan-wylot-w\u0105wozu-z-pomnikowym-\u017ar\u00f3d\u0142em.jpg\" alt=\"\" width=\"800\" height=\"532\" srcset=\"https:\/\/www.pomniki-przyrody.pl\/wp-content\/uploads\/2018\/12\/Nowy-Majdan-wylot-w\u0105wozu-z-pomnikowym-\u017ar\u00f3d\u0142em.jpg 800w, https:\/\/www.pomniki-przyrody.pl\/wp-content\/uploads\/2018\/12\/Nowy-Majdan-wylot-w\u0105wozu-z-pomnikowym-\u017ar\u00f3d\u0142em-300x200.jpg 300w, https:\/\/www.pomniki-przyrody.pl\/wp-content\/uploads\/2018\/12\/Nowy-Majdan-wylot-w\u0105wozu-z-pomnikowym-\u017ar\u00f3d\u0142em-768x511.jpg 768w, https:\/\/www.pomniki-przyrody.pl\/wp-content\/uploads\/2018\/12\/Nowy-Majdan-wylot-w\u0105wozu-z-pomnikowym-\u017ar\u00f3d\u0142em-451x300.jpg 451w\" sizes=\"auto, (max-width: 800px) 100vw, 800px\" \/><\/a><\/p>\n<p>Strumie\u0144 wyp\u0142ywaj\u0105cy z w\u0105wozu p\u0142ynie wzd\u0142u\u017c gruntowej drogi prowadz\u0105cej do budynku nr 9 (tu za spraw\u0105 bobr\u00f3w rozlewa si\u0119) i szosy. W dalszym biegu toczy swe wody wzd\u0142u\u017c ul. Grabowieckiej i 300 m przed cmentarzem w Wojs\u0142awicach wpada do Wojs\u0142awki.<\/p>\n<p><a href=\"https:\/\/www.pomniki-przyrody.pl\/wp-content\/uploads\/2018\/12\/Nowy-Majdan-strumie\u0144-100m-za-pomnikowym-\u017ar\u00f3d\u0142em.jpg\"><img loading=\"lazy\" decoding=\"async\" class=\"aligncenter wp-image-13147 size-full\" title=\"Nowy Majdan - strumie\u0144 100 m za pomnikowym \u017ar\u00f3d\u0142em\" src=\"https:\/\/www.pomniki-przyrody.pl\/wp-content\/uploads\/2018\/12\/Nowy-Majdan-strumie\u0144-100m-za-pomnikowym-\u017ar\u00f3d\u0142em.jpg\" alt=\"\" width=\"532\" height=\"800\" srcset=\"https:\/\/www.pomniki-przyrody.pl\/wp-content\/uploads\/2018\/12\/Nowy-Majdan-strumie\u0144-100m-za-pomnikowym-\u017ar\u00f3d\u0142em.jpg 532w, https:\/\/www.pomniki-przyrody.pl\/wp-content\/uploads\/2018\/12\/Nowy-Majdan-strumie\u0144-100m-za-pomnikowym-\u017ar\u00f3d\u0142em-200x300.jpg 200w\" sizes=\"auto, (max-width: 532px) 100vw, 532px\" \/><\/a><\/p>\n<p><a href=\"https:\/\/www.pomniki-przyrody.pl\/wp-content\/uploads\/2018\/12\/strumie\u0144-w-Nowym-Majdanie.jpg\"><img loading=\"lazy\" decoding=\"async\" class=\"aligncenter wp-image-13161 size-full\" title=\"strumie\u0144 w Nowym Majdanie\" src=\"https:\/\/www.pomniki-przyrody.pl\/wp-content\/uploads\/2018\/12\/strumie\u0144-w-Nowym-Majdanie.jpg\" alt=\"\" width=\"532\" height=\"800\" srcset=\"https:\/\/www.pomniki-przyrody.pl\/wp-content\/uploads\/2018\/12\/strumie\u0144-w-Nowym-Majdanie.jpg 532w, https:\/\/www.pomniki-przyrody.pl\/wp-content\/uploads\/2018\/12\/strumie\u0144-w-Nowym-Majdanie-200x300.jpg 200w\" sizes=\"auto, (max-width: 532px) 100vw, 532px\" \/><\/a><\/p>\n<p>Przy \u017ar\u00f3dle o nazwie &#8222;Ponik\u0142o&#8221; w Rozi\u0119cinie utworzono miejsce piknikowe.<\/p>\n<p><a href=\"https:\/\/www.pomniki-przyrody.pl\/wp-content\/uploads\/2018\/12\/\u017ar\u00f3d\u0142o-w-Rozi\u0119cinie.jpg\"><img loading=\"lazy\" decoding=\"async\" class=\"aligncenter wp-image-13174 size-full\" title=\"\u017ar\u00f3d\u0142o w Rozi\u0119cinie\" src=\"https:\/\/www.pomniki-przyrody.pl\/wp-content\/uploads\/2018\/12\/\u017ar\u00f3d\u0142o-w-Rozi\u0119cinie.jpg\" alt=\"\" width=\"800\" height=\"532\" srcset=\"https:\/\/www.pomniki-przyrody.pl\/wp-content\/uploads\/2018\/12\/\u017ar\u00f3d\u0142o-w-Rozi\u0119cinie.jpg 800w, https:\/\/www.pomniki-przyrody.pl\/wp-content\/uploads\/2018\/12\/\u017ar\u00f3d\u0142o-w-Rozi\u0119cinie-300x200.jpg 300w, https:\/\/www.pomniki-przyrody.pl\/wp-content\/uploads\/2018\/12\/\u017ar\u00f3d\u0142o-w-Rozi\u0119cinie-768x511.jpg 768w, https:\/\/www.pomniki-przyrody.pl\/wp-content\/uploads\/2018\/12\/\u017ar\u00f3d\u0142o-w-Rozi\u0119cinie-451x300.jpg 451w\" sizes=\"auto, (max-width: 800px) 100vw, 800px\" \/><\/a><\/p>\n<p><a href=\"https:\/\/www.pomniki-przyrody.pl\/wp-content\/uploads\/2018\/12\/rozi\u0119cin-\u017ar\u00f3d\u0142o.jpg\"><img loading=\"lazy\" decoding=\"async\" class=\"aligncenter wp-image-13155 size-full\" title=\"Rozi\u0119cin - \u017ar\u00f3d\u0142o\" src=\"https:\/\/www.pomniki-przyrody.pl\/wp-content\/uploads\/2018\/12\/rozi\u0119cin-\u017ar\u00f3d\u0142o.jpg\" alt=\"\" width=\"532\" height=\"800\" srcset=\"https:\/\/www.pomniki-przyrody.pl\/wp-content\/uploads\/2018\/12\/rozi\u0119cin-\u017ar\u00f3d\u0142o.jpg 532w, https:\/\/www.pomniki-przyrody.pl\/wp-content\/uploads\/2018\/12\/rozi\u0119cin-\u017ar\u00f3d\u0142o-200x300.jpg 200w\" sizes=\"auto, (max-width: 532px) 100vw, 532px\" \/><\/a><\/p>\n<p>Nisza \u017ar\u00f3d\u0142owa znajduje si\u0119 r\u00f3wnie\u017c przy Gospodarstwie Agroturystycznym &#8222;Agro &#8211; pszczo\u0142a&#8221;, Wojs\u0142awice, ul. Grabowiecka 113.<\/p>\n<p><a href=\"https:\/\/www.pomniki-przyrody.pl\/wp-content\/uploads\/2018\/12\/Wojs\u0142awice-\u017cr\u00f3d\u0142o-przy-Agro-Pszczole.jpg\"><img loading=\"lazy\" decoding=\"async\" class=\"aligncenter wp-image-13172 size-full\" title=\"Wojs\u0142awice - \u017ar\u00f3d\u0142o przy Agro - Pszczole\" src=\"https:\/\/www.pomniki-przyrody.pl\/wp-content\/uploads\/2018\/12\/Wojs\u0142awice-\u017cr\u00f3d\u0142o-przy-Agro-Pszczole.jpg\" alt=\"\" width=\"532\" height=\"800\" srcset=\"https:\/\/www.pomniki-przyrody.pl\/wp-content\/uploads\/2018\/12\/Wojs\u0142awice-\u017cr\u00f3d\u0142o-przy-Agro-Pszczole.jpg 532w, https:\/\/www.pomniki-przyrody.pl\/wp-content\/uploads\/2018\/12\/Wojs\u0142awice-\u017cr\u00f3d\u0142o-przy-Agro-Pszczole-200x300.jpg 200w\" sizes=\"auto, (max-width: 532px) 100vw, 532px\" \/><\/a><a href=\"https:\/\/www.pomniki-przyrody.pl\/wp-content\/uploads\/2018\/12\/Wojs\u0142awice-\u017ar\u00f3de\u0142ko-przy-Agro-Pszczole.jpg\"><img loading=\"lazy\" decoding=\"async\" class=\"aligncenter wp-image-13173 size-full\" title=\"Wojs\u0142awice - \u017ar\u00f3de\u0142ko przy Agro - Pszczole\" src=\"https:\/\/www.pomniki-przyrody.pl\/wp-content\/uploads\/2018\/12\/Wojs\u0142awice-\u017ar\u00f3de\u0142ko-przy-Agro-Pszczole.jpg\" alt=\"\" width=\"532\" height=\"800\" srcset=\"https:\/\/www.pomniki-przyrody.pl\/wp-content\/uploads\/2018\/12\/Wojs\u0142awice-\u017ar\u00f3de\u0142ko-przy-Agro-Pszczole.jpg 532w, https:\/\/www.pomniki-przyrody.pl\/wp-content\/uploads\/2018\/12\/Wojs\u0142awice-\u017ar\u00f3de\u0142ko-przy-Agro-Pszczole-200x300.jpg 200w\" sizes=\"auto, (max-width: 532px) 100vw, 532px\" \/><\/a><\/p>\n","protected":false},"excerpt":{"rendered":"<p>Zgodnie z Ustaw\u0105 o Ochronie Przyrody z 2004 r. ochron\u0105 pomnikow\u0105 mo\u017cna obejmowa\u0107 r\u00f3wnie\u017c \u017ar\u00f3d\u0142a (obok innych twor\u00f3w przyrody nieo\u017cywionej, takich jak:\u00a0wodospady, wywierzyska, ska\u0142ki, jary, g\u0142azy narzutowe oraz jaskinie). W skali kraju najwi\u0119cej pomnikowych \u017ar\u00f3de\u0142 znajduje si\u0119 na terenach wy\u017cynnych &hellip; <a href=\"https:\/\/www.pomniki-przyrody.pl\/?p=13139\">Czytaj dalej <span class=\"meta-nav\">&rarr;<\/span><\/a><\/p>\n","protected":false},"author":2,"featured_media":0,"comment_status":"open","ping_status":"open","sticky":false,"template":"","format":"standard","meta":{"footnotes":""},"categories":[3],"tags":[1696,1726,1723,1725,1724,1727,1721,1722,1728],"class_list":["post-13139","post","type-post","status-publish","format-standard","hentry","category-przyroda-nieozywiona","tag-lubelskie","tag-nowy-majdan","tag-pomnikowe-zrodla","tag-poniklo","tag-roziecin","tag-stary-majdan","tag-wojslawice","tag-zrodla","tag-zrodlo"],"_links":{"self":[{"href":"https:\/\/www.pomniki-przyrody.pl\/index.php?rest_route=\/wp\/v2\/posts\/13139","targetHints":{"allow":["GET"]}}],"collection":[{"href":"https:\/\/www.pomniki-przyrody.pl\/index.php?rest_route=\/wp\/v2\/posts"}],"about":[{"href":"https:\/\/www.pomniki-przyrody.pl\/index.php?rest_route=\/wp\/v2\/types\/post"}],"author":[{"embeddable":true,"href":"https:\/\/www.pomniki-przyrody.pl\/index.php?rest_route=\/wp\/v2\/users\/2"}],"replies":[{"embeddable":true,"href":"https:\/\/www.pomniki-przyrody.pl\/index.php?rest_route=%2Fwp%2Fv2%2Fcomments&post=13139"}],"version-history":[{"count":8,"href":"https:\/\/www.pomniki-przyrody.pl\/index.php?rest_route=\/wp\/v2\/posts\/13139\/revisions"}],"predecessor-version":[{"id":13195,"href":"https:\/\/www.pomniki-przyrody.pl\/index.php?rest_route=\/wp\/v2\/posts\/13139\/revisions\/13195"}],"wp:attachment":[{"href":"https:\/\/www.pomniki-przyrody.pl\/index.php?rest_route=%2Fwp%2Fv2%2Fmedia&parent=13139"}],"wp:term":[{"taxonomy":"category","embeddable":true,"href":"https:\/\/www.pomniki-przyrody.pl\/index.php?rest_route=%2Fwp%2Fv2%2Fcategories&post=13139"},{"taxonomy":"post_tag","embeddable":true,"href":"https:\/\/www.pomniki-przyrody.pl\/index.php?rest_route=%2Fwp%2Fv2%2Ftags&post=13139"}],"curies":[{"name":"wp","href":"https:\/\/api.w.org\/{rel}","templated":true}]}}