{"id":13204,"date":"2018-12-30T21:07:48","date_gmt":"2018-12-30T20:07:48","guid":{"rendered":"http:\/\/www.pomniki-przyrody.pl\/?p=13204"},"modified":"2018-12-30T21:11:42","modified_gmt":"2018-12-30T20:11:42","slug":"park-miejski-w-zamosciu-lubelskie","status":"publish","type":"post","link":"https:\/\/www.pomniki-przyrody.pl\/?p=13204","title":{"rendered":"Park Miejski w Zamo\u015bciu (lubelskie)."},"content":{"rendered":"<p>Po\u0142o\u017cony w po\u0142udniowej cz\u0119\u015bci wojew\u00f3dztwa lubelskiego Zamo\u015b\u0107 to jedno z najpi\u0119kniejszych miast Polski. Powsta\u0142o jako efekt realizacji wizji Jana Zamojskiego stworzenia miasta idealnego. Projekt od 1580 r. realizowa\u0142 w\u0142oski architekt Bernardo Morando w modnym w\u00f3wczas stylu renesansowym. Dzi\u015b Zamo\u015b\u0107 to drugie pod wzgl\u0119dem liczby mieszka\u0144c\u00f3w miasto Lubelszczyzny, z ogromn\u0105 ilo\u015bci\u0105 zabytk\u00f3w skupionych w centrum.<\/p>\n<p><a href=\"https:\/\/www.pomniki-przyrody.pl\/wp-content\/uploads\/2018\/12\/kamienice-i-ratusz-w-Zamo\u015bciu.jpg\"><img loading=\"lazy\" decoding=\"async\" class=\"aligncenter wp-image-13207 size-full\" title=\"kamienice i ratusz w Zamo\u015bciu\" src=\"https:\/\/www.pomniki-przyrody.pl\/wp-content\/uploads\/2018\/12\/kamienice-i-ratusz-w-Zamo\u015bciu.jpg\" alt=\"\" width=\"800\" height=\"585\" srcset=\"https:\/\/www.pomniki-przyrody.pl\/wp-content\/uploads\/2018\/12\/kamienice-i-ratusz-w-Zamo\u015bciu.jpg 800w, https:\/\/www.pomniki-przyrody.pl\/wp-content\/uploads\/2018\/12\/kamienice-i-ratusz-w-Zamo\u015bciu-300x219.jpg 300w, https:\/\/www.pomniki-przyrody.pl\/wp-content\/uploads\/2018\/12\/kamienice-i-ratusz-w-Zamo\u015bciu-768x562.jpg 768w, https:\/\/www.pomniki-przyrody.pl\/wp-content\/uploads\/2018\/12\/kamienice-i-ratusz-w-Zamo\u015bciu-410x300.jpg 410w\" sizes=\"auto, (max-width: 800px) 100vw, 800px\" \/><\/a><\/p>\n<p>Zamo\u015b\u0107 od pocz\u0105tku istnienia otoczono fortyfikacjami obejmuj\u0105cymi ceglane mury z bastionami, wa\u0142y i fosy. W kolejnych wiekach fortyfikacje wielokrotnie przebudowywano, dostosowuj\u0105c twierdz\u0119 do nowych metod prowadzenia obrony.<\/p>\n<p><a href=\"https:\/\/www.pomniki-przyrody.pl\/wp-content\/uploads\/2018\/12\/umocnienia-Twierdzy-Zamo\u015b\u0107.jpg\"><img loading=\"lazy\" decoding=\"async\" class=\"aligncenter wp-image-13230 size-full\" title=\"umocnienia Twierdzy Zamo\u015b\u0107\" src=\"https:\/\/www.pomniki-przyrody.pl\/wp-content\/uploads\/2018\/12\/umocnienia-Twierdzy-Zamo\u015b\u0107.jpg\" alt=\"\" width=\"800\" height=\"559\" srcset=\"https:\/\/www.pomniki-przyrody.pl\/wp-content\/uploads\/2018\/12\/umocnienia-Twierdzy-Zamo\u015b\u0107.jpg 800w, https:\/\/www.pomniki-przyrody.pl\/wp-content\/uploads\/2018\/12\/umocnienia-Twierdzy-Zamo\u015b\u0107-300x210.jpg 300w, https:\/\/www.pomniki-przyrody.pl\/wp-content\/uploads\/2018\/12\/umocnienia-Twierdzy-Zamo\u015b\u0107-768x537.jpg 768w, https:\/\/www.pomniki-przyrody.pl\/wp-content\/uploads\/2018\/12\/umocnienia-Twierdzy-Zamo\u015b\u0107-429x300.jpg 429w\" sizes=\"auto, (max-width: 800px) 100vw, 800px\" \/><\/a><\/p>\n<p>Post\u0119p w dziedzinie artylerii wymusi\u0142 likwidacj\u0119 twierdzy, rozbi\u00f3rk\u0119 cz\u0119\u015bci umocnie\u0144 usankcjonowa\u0142 rozkaz cara\u00a0Aleksandra II z 21 listopada 1866 r. Znaczn\u0105 cz\u0119\u015b\u0107 teren\u00f3w pofortecznych przeznaczono na tereny zielone. Park Miejski zosta\u0142\u00a0utworzony w okresie mi\u0119dzywojennym w latach 1919\u20131926 r. na miejscu Bastionu IV.<\/p>\n<p><a href=\"https:\/\/www.pomniki-przyrody.pl\/wp-content\/uploads\/2018\/12\/Park-Miejski-w-Zamo\u015bciu-pozosta\u0142o\u015bci-umocnie\u0144.jpg\"><img loading=\"lazy\" decoding=\"async\" class=\"aligncenter wp-image-13222 size-full\" title=\"Park Miejski w Zamo\u015bciu - pozosta\u0142o\u015bci umocnie\u0144\" src=\"https:\/\/www.pomniki-przyrody.pl\/wp-content\/uploads\/2018\/12\/Park-Miejski-w-Zamo\u015bciu-pozosta\u0142o\u015bci-umocnie\u0144.jpg\" alt=\"\" width=\"800\" height=\"532\" srcset=\"https:\/\/www.pomniki-przyrody.pl\/wp-content\/uploads\/2018\/12\/Park-Miejski-w-Zamo\u015bciu-pozosta\u0142o\u015bci-umocnie\u0144.jpg 800w, https:\/\/www.pomniki-przyrody.pl\/wp-content\/uploads\/2018\/12\/Park-Miejski-w-Zamo\u015bciu-pozosta\u0142o\u015bci-umocnie\u0144-300x200.jpg 300w, https:\/\/www.pomniki-przyrody.pl\/wp-content\/uploads\/2018\/12\/Park-Miejski-w-Zamo\u015bciu-pozosta\u0142o\u015bci-umocnie\u0144-768x511.jpg 768w, https:\/\/www.pomniki-przyrody.pl\/wp-content\/uploads\/2018\/12\/Park-Miejski-w-Zamo\u015bciu-pozosta\u0142o\u015bci-umocnie\u0144-451x300.jpg 451w\" sizes=\"auto, (max-width: 800px) 100vw, 800px\" \/><\/a><a href=\"https:\/\/www.pomniki-przyrody.pl\/wp-content\/uploads\/2018\/12\/Zamo\u015b\u0107-Stara-Brama-Lubelska.jpg\"><img loading=\"lazy\" decoding=\"async\" class=\"aligncenter wp-image-13235 size-full\" title=\"Zamo\u015b\u0107 - Stara Brama Lubelska\" src=\"https:\/\/www.pomniki-przyrody.pl\/wp-content\/uploads\/2018\/12\/Zamo\u015b\u0107-Stara-Brama-Lubelska.jpg\" alt=\"\" width=\"800\" height=\"532\" srcset=\"https:\/\/www.pomniki-przyrody.pl\/wp-content\/uploads\/2018\/12\/Zamo\u015b\u0107-Stara-Brama-Lubelska.jpg 800w, https:\/\/www.pomniki-przyrody.pl\/wp-content\/uploads\/2018\/12\/Zamo\u015b\u0107-Stara-Brama-Lubelska-300x200.jpg 300w, https:\/\/www.pomniki-przyrody.pl\/wp-content\/uploads\/2018\/12\/Zamo\u015b\u0107-Stara-Brama-Lubelska-768x511.jpg 768w, https:\/\/www.pomniki-przyrody.pl\/wp-content\/uploads\/2018\/12\/Zamo\u015b\u0107-Stara-Brama-Lubelska-451x300.jpg 451w\" sizes=\"auto, (max-width: 800px) 100vw, 800px\" \/><\/a><\/p>\n<p>Aktualna powierzchnia za\u0142o\u017cenia parkowego (wpisanego do rejestru zabytk\u00f3w) to ok. 11 ha, teren ograniczony jest ulicami J. Pi\u0142sudskiego (od wschodu), Akademick\u0105 i Kr\u00f3lowej Jadwigi (od po\u0142udnia), Studzienn\u0105 (od p\u00f3\u0142nocy) oraz O\u015brodkiem Sportu i Rekreacji (od zachodu). G\u0142\u00f3wne wej\u015bcie do Parku znajduje si\u0119 przy ulicy Akademickiej.<\/p>\n<p><a href=\"https:\/\/www.pomniki-przyrody.pl\/wp-content\/uploads\/2018\/12\/okolice-wej\u015bcia-g\u0142\u00f3wnego-do-Parku-Miejskiego-w-Zamo\u015bciu.jpg\"><img loading=\"lazy\" decoding=\"async\" class=\"aligncenter wp-image-13210 size-full\" title=\"okolice wej\u015bcia g\u0142\u00f3wnego do Parku Miejskiego w Zamo\u015bciu\" src=\"https:\/\/www.pomniki-przyrody.pl\/wp-content\/uploads\/2018\/12\/okolice-wej\u015bcia-g\u0142\u00f3wnego-do-Parku-Miejskiego-w-Zamo\u015bciu.jpg\" alt=\"\" width=\"800\" height=\"532\" srcset=\"https:\/\/www.pomniki-przyrody.pl\/wp-content\/uploads\/2018\/12\/okolice-wej\u015bcia-g\u0142\u00f3wnego-do-Parku-Miejskiego-w-Zamo\u015bciu.jpg 800w, https:\/\/www.pomniki-przyrody.pl\/wp-content\/uploads\/2018\/12\/okolice-wej\u015bcia-g\u0142\u00f3wnego-do-Parku-Miejskiego-w-Zamo\u015bciu-300x200.jpg 300w, https:\/\/www.pomniki-przyrody.pl\/wp-content\/uploads\/2018\/12\/okolice-wej\u015bcia-g\u0142\u00f3wnego-do-Parku-Miejskiego-w-Zamo\u015bciu-768x511.jpg 768w, https:\/\/www.pomniki-przyrody.pl\/wp-content\/uploads\/2018\/12\/okolice-wej\u015bcia-g\u0142\u00f3wnego-do-Parku-Miejskiego-w-Zamo\u015bciu-451x300.jpg 451w\" sizes=\"auto, (max-width: 800px) 100vw, 800px\" \/><\/a><\/p>\n<p>Opisywany teren zielony charakteryzuje si\u0119 zr\u00f3\u017cnicowan\u0105 rze\u017ab\u0105 terenu, do wa\u017cnych element\u00f3w kompozycyjnych nale\u017c\u0105: staw, kwiatowe partery i aleje wysadzane lipami, kasztanowcami i jesionami.<\/p>\n<p><a href=\"https:\/\/www.pomniki-przyrody.pl\/wp-content\/uploads\/2018\/12\/staw-parkowy-w-Zamo\u015bciu.jpg\"><img loading=\"lazy\" decoding=\"async\" class=\"aligncenter wp-image-13229 size-full\" title=\"staw parkowy w Zamo\u015bciu\" src=\"https:\/\/www.pomniki-przyrody.pl\/wp-content\/uploads\/2018\/12\/staw-parkowy-w-Zamo\u015bciu.jpg\" alt=\"\" width=\"800\" height=\"532\" srcset=\"https:\/\/www.pomniki-przyrody.pl\/wp-content\/uploads\/2018\/12\/staw-parkowy-w-Zamo\u015bciu.jpg 800w, https:\/\/www.pomniki-przyrody.pl\/wp-content\/uploads\/2018\/12\/staw-parkowy-w-Zamo\u015bciu-300x200.jpg 300w, https:\/\/www.pomniki-przyrody.pl\/wp-content\/uploads\/2018\/12\/staw-parkowy-w-Zamo\u015bciu-768x511.jpg 768w, https:\/\/www.pomniki-przyrody.pl\/wp-content\/uploads\/2018\/12\/staw-parkowy-w-Zamo\u015bciu-451x300.jpg 451w\" sizes=\"auto, (max-width: 800px) 100vw, 800px\" \/><\/a><a href=\"https:\/\/www.pomniki-przyrody.pl\/wp-content\/uploads\/2018\/12\/Park-Miejski-w-Zamo\u015bciu.jpg\"><img loading=\"lazy\" decoding=\"async\" class=\"aligncenter wp-image-13226 size-full\" title=\"Park Miejski w Zamo\u015bciu\" src=\"https:\/\/www.pomniki-przyrody.pl\/wp-content\/uploads\/2018\/12\/Park-Miejski-w-Zamo\u015bciu.jpg\" alt=\"\" width=\"800\" height=\"532\" srcset=\"https:\/\/www.pomniki-przyrody.pl\/wp-content\/uploads\/2018\/12\/Park-Miejski-w-Zamo\u015bciu.jpg 800w, https:\/\/www.pomniki-przyrody.pl\/wp-content\/uploads\/2018\/12\/Park-Miejski-w-Zamo\u015bciu-300x200.jpg 300w, https:\/\/www.pomniki-przyrody.pl\/wp-content\/uploads\/2018\/12\/Park-Miejski-w-Zamo\u015bciu-768x511.jpg 768w, https:\/\/www.pomniki-przyrody.pl\/wp-content\/uploads\/2018\/12\/Park-Miejski-w-Zamo\u015bciu-451x300.jpg 451w\" sizes=\"auto, (max-width: 800px) 100vw, 800px\" \/><\/a><a href=\"https:\/\/www.pomniki-przyrody.pl\/wp-content\/uploads\/2018\/12\/fragment-Parku-Miejskiego-w-Zamo\u015bciu.jpg\"><img loading=\"lazy\" decoding=\"async\" class=\"aligncenter wp-image-13206 size-full\" title=\"fragment Parku Miejskiego w Zamo\u015bciu\" src=\"https:\/\/www.pomniki-przyrody.pl\/wp-content\/uploads\/2018\/12\/fragment-Parku-Miejskiego-w-Zamo\u015bciu.jpg\" alt=\"\" width=\"800\" height=\"532\" srcset=\"https:\/\/www.pomniki-przyrody.pl\/wp-content\/uploads\/2018\/12\/fragment-Parku-Miejskiego-w-Zamo\u015bciu.jpg 800w, https:\/\/www.pomniki-przyrody.pl\/wp-content\/uploads\/2018\/12\/fragment-Parku-Miejskiego-w-Zamo\u015bciu-300x200.jpg 300w, https:\/\/www.pomniki-przyrody.pl\/wp-content\/uploads\/2018\/12\/fragment-Parku-Miejskiego-w-Zamo\u015bciu-768x511.jpg 768w, https:\/\/www.pomniki-przyrody.pl\/wp-content\/uploads\/2018\/12\/fragment-Parku-Miejskiego-w-Zamo\u015bciu-451x300.jpg 451w\" sizes=\"auto, (max-width: 800px) 100vw, 800px\" \/><\/a><a href=\"https:\/\/www.pomniki-przyrody.pl\/wp-content\/uploads\/2018\/12\/Park-Miejski-w-Zamo\u015bciu-aleja-lipowa.jpg\"><img loading=\"lazy\" decoding=\"async\" class=\"aligncenter wp-image-13212 size-full\" title=\"Park Miejski w Zamo\u015bciu - aleja lipowa\" src=\"https:\/\/www.pomniki-przyrody.pl\/wp-content\/uploads\/2018\/12\/Park-Miejski-w-Zamo\u015bciu-aleja-lipowa.jpg\" alt=\"\" width=\"800\" height=\"532\" srcset=\"https:\/\/www.pomniki-przyrody.pl\/wp-content\/uploads\/2018\/12\/Park-Miejski-w-Zamo\u015bciu-aleja-lipowa.jpg 800w, https:\/\/www.pomniki-przyrody.pl\/wp-content\/uploads\/2018\/12\/Park-Miejski-w-Zamo\u015bciu-aleja-lipowa-300x200.jpg 300w, https:\/\/www.pomniki-przyrody.pl\/wp-content\/uploads\/2018\/12\/Park-Miejski-w-Zamo\u015bciu-aleja-lipowa-768x511.jpg 768w, https:\/\/www.pomniki-przyrody.pl\/wp-content\/uploads\/2018\/12\/Park-Miejski-w-Zamo\u015bciu-aleja-lipowa-451x300.jpg 451w\" sizes=\"auto, (max-width: 800px) 100vw, 800px\" \/><\/a><\/p>\n<p>W drzewostanie parku dominuj\u0105 krajowe taksony li\u015bciaste, do ochrony pomnikowej powo\u0142ano drzewa egzotycznych gatunk\u00f3w &#8211; szpaler pi\u0119ciu orzech\u00f3w szarych i par\u0119 korkowc\u00f3w amurskich. Orzechy szare rosn\u0105 przy alejce prowadz\u0105cej wzd\u0142u\u017c stawu w po\u0142udniowej cz\u0119\u015bci parku, pierwszy egzemplarz (wyra\u017anie usychaj\u0105cy) ro\u015bnie tu\u017c przy mo\u015bcie, pozosta\u0142e cztery na zakr\u0119cie \u015bcie\u017cki. Orzech szary (<em>Juglans cinerea<\/em>) pochodzi z Ameryki P\u00f3\u0142nocnej, posiada du\u017ce li\u015bcie (do 70 cm) i zebrane w grona jadalne owoce.<\/p>\n<p><a href=\"https:\/\/www.pomniki-przyrody.pl\/wp-content\/uploads\/2018\/12\/owoce-orzecha-szarego.jpg\"><img loading=\"lazy\" decoding=\"async\" class=\"aligncenter wp-image-13211 size-full\" title=\"owoce orzecha szarego\" src=\"https:\/\/www.pomniki-przyrody.pl\/wp-content\/uploads\/2018\/12\/owoce-orzecha-szarego.jpg\" alt=\"\" width=\"532\" height=\"800\" srcset=\"https:\/\/www.pomniki-przyrody.pl\/wp-content\/uploads\/2018\/12\/owoce-orzecha-szarego.jpg 532w, https:\/\/www.pomniki-przyrody.pl\/wp-content\/uploads\/2018\/12\/owoce-orzecha-szarego-200x300.jpg 200w\" sizes=\"auto, (max-width: 532px) 100vw, 532px\" \/><\/a><\/p>\n<p><a href=\"https:\/\/www.pomniki-przyrody.pl\/wp-content\/uploads\/2018\/12\/Zamo\u015b\u0107-pomnikowy-orzech-przy-parkowym-mo\u015bcie.jpg\"><img loading=\"lazy\" decoding=\"async\" class=\"aligncenter wp-image-13233 size-full\" title=\"Zamo\u015b\u0107 - pomnikowy orzech przy parkowym mo\u015bcie\" src=\"https:\/\/www.pomniki-przyrody.pl\/wp-content\/uploads\/2018\/12\/Zamo\u015b\u0107-pomnikowy-orzech-przy-parkowym-mo\u015bcie.jpg\" alt=\"\" width=\"800\" height=\"532\" srcset=\"https:\/\/www.pomniki-przyrody.pl\/wp-content\/uploads\/2018\/12\/Zamo\u015b\u0107-pomnikowy-orzech-przy-parkowym-mo\u015bcie.jpg 800w, https:\/\/www.pomniki-przyrody.pl\/wp-content\/uploads\/2018\/12\/Zamo\u015b\u0107-pomnikowy-orzech-przy-parkowym-mo\u015bcie-300x200.jpg 300w, https:\/\/www.pomniki-przyrody.pl\/wp-content\/uploads\/2018\/12\/Zamo\u015b\u0107-pomnikowy-orzech-przy-parkowym-mo\u015bcie-768x511.jpg 768w, https:\/\/www.pomniki-przyrody.pl\/wp-content\/uploads\/2018\/12\/Zamo\u015b\u0107-pomnikowy-orzech-przy-parkowym-mo\u015bcie-451x300.jpg 451w\" sizes=\"auto, (max-width: 800px) 100vw, 800px\" \/><\/a><a href=\"https:\/\/www.pomniki-przyrody.pl\/wp-content\/uploads\/2018\/12\/Park-Miejski-w-Zamo\u015bciu-usychaj\u0105cy-pomnikowy-orzech.jpg\"><img loading=\"lazy\" decoding=\"async\" class=\"aligncenter wp-image-13225 size-full\" title=\"Park Miejski w Zamo\u015bciu - usychaj\u0105cy pomnikowy orzech\" src=\"https:\/\/www.pomniki-przyrody.pl\/wp-content\/uploads\/2018\/12\/Park-Miejski-w-Zamo\u015bciu-usychaj\u0105cy-pomnikowy-orzech.jpg\" alt=\"\" width=\"800\" height=\"532\" srcset=\"https:\/\/www.pomniki-przyrody.pl\/wp-content\/uploads\/2018\/12\/Park-Miejski-w-Zamo\u015bciu-usychaj\u0105cy-pomnikowy-orzech.jpg 800w, https:\/\/www.pomniki-przyrody.pl\/wp-content\/uploads\/2018\/12\/Park-Miejski-w-Zamo\u015bciu-usychaj\u0105cy-pomnikowy-orzech-300x200.jpg 300w, https:\/\/www.pomniki-przyrody.pl\/wp-content\/uploads\/2018\/12\/Park-Miejski-w-Zamo\u015bciu-usychaj\u0105cy-pomnikowy-orzech-768x511.jpg 768w, https:\/\/www.pomniki-przyrody.pl\/wp-content\/uploads\/2018\/12\/Park-Miejski-w-Zamo\u015bciu-usychaj\u0105cy-pomnikowy-orzech-451x300.jpg 451w\" sizes=\"auto, (max-width: 800px) 100vw, 800px\" \/><\/a><\/p>\n<p><a href=\"https:\/\/www.pomniki-przyrody.pl\/wp-content\/uploads\/2018\/12\/Zamo\u015b\u0107-pomnikowy-orzech-szary-w-Parku-Miejskim.jpg\"><img loading=\"lazy\" decoding=\"async\" class=\"aligncenter wp-image-13234 size-full\" title=\"Zamo\u015b\u0107 - pomnikowy orzech szary w Parku Miejskim\" src=\"https:\/\/www.pomniki-przyrody.pl\/wp-content\/uploads\/2018\/12\/Zamo\u015b\u0107-pomnikowy-orzech-szary-w-Parku-Miejskim.jpg\" alt=\"\" width=\"800\" height=\"532\" srcset=\"https:\/\/www.pomniki-przyrody.pl\/wp-content\/uploads\/2018\/12\/Zamo\u015b\u0107-pomnikowy-orzech-szary-w-Parku-Miejskim.jpg 800w, https:\/\/www.pomniki-przyrody.pl\/wp-content\/uploads\/2018\/12\/Zamo\u015b\u0107-pomnikowy-orzech-szary-w-Parku-Miejskim-300x200.jpg 300w, https:\/\/www.pomniki-przyrody.pl\/wp-content\/uploads\/2018\/12\/Zamo\u015b\u0107-pomnikowy-orzech-szary-w-Parku-Miejskim-768x511.jpg 768w, https:\/\/www.pomniki-przyrody.pl\/wp-content\/uploads\/2018\/12\/Zamo\u015b\u0107-pomnikowy-orzech-szary-w-Parku-Miejskim-451x300.jpg 451w\" sizes=\"auto, (max-width: 800px) 100vw, 800px\" \/><\/a><a href=\"https:\/\/www.pomniki-przyrody.pl\/wp-content\/uploads\/2018\/12\/Zamo\u015b\u0107-pie\u0144-pomnikowego-orzecha-szarego.jpg\"><img loading=\"lazy\" decoding=\"async\" class=\"aligncenter wp-image-13232 size-full\" title=\"Zamo\u015b\u0107 - pie\u0144 pomnikowego orzecha szarego\" src=\"https:\/\/www.pomniki-przyrody.pl\/wp-content\/uploads\/2018\/12\/Zamo\u015b\u0107-pie\u0144-pomnikowego-orzecha-szarego.jpg\" alt=\"\" width=\"532\" height=\"800\" srcset=\"https:\/\/www.pomniki-przyrody.pl\/wp-content\/uploads\/2018\/12\/Zamo\u015b\u0107-pie\u0144-pomnikowego-orzecha-szarego.jpg 532w, https:\/\/www.pomniki-przyrody.pl\/wp-content\/uploads\/2018\/12\/Zamo\u015b\u0107-pie\u0144-pomnikowego-orzecha-szarego-200x300.jpg 200w\" sizes=\"auto, (max-width: 532px) 100vw, 532px\" \/><\/a><\/p>\n<p>Obw\u00f3d poszczeg\u00f3lnych okaz\u00f3w mie\u015bci si\u0119 w przedziale 178 &#8211; 246 cm, wysoko\u015b\u0107 drzew 14 &#8211; 21 metr\u00f3w.<\/p>\n<p><a href=\"https:\/\/www.pomniki-przyrody.pl\/wp-content\/uploads\/2018\/12\/Zamo\u015b\u0107-fragment-parku-z-pomnikowymi-orzechami-szarymi.jpg\"><img loading=\"lazy\" decoding=\"async\" class=\"aligncenter wp-image-13231 size-full\" title=\"Zamo\u015b\u0107 - fragment parku z pomnikowymi orzechami szarymi\" src=\"https:\/\/www.pomniki-przyrody.pl\/wp-content\/uploads\/2018\/12\/Zamo\u015b\u0107-fragment-parku-z-pomnikowymi-orzechami-szarymi.jpg\" alt=\"\" width=\"800\" height=\"532\" srcset=\"https:\/\/www.pomniki-przyrody.pl\/wp-content\/uploads\/2018\/12\/Zamo\u015b\u0107-fragment-parku-z-pomnikowymi-orzechami-szarymi.jpg 800w, https:\/\/www.pomniki-przyrody.pl\/wp-content\/uploads\/2018\/12\/Zamo\u015b\u0107-fragment-parku-z-pomnikowymi-orzechami-szarymi-300x200.jpg 300w, https:\/\/www.pomniki-przyrody.pl\/wp-content\/uploads\/2018\/12\/Zamo\u015b\u0107-fragment-parku-z-pomnikowymi-orzechami-szarymi-768x511.jpg 768w, https:\/\/www.pomniki-przyrody.pl\/wp-content\/uploads\/2018\/12\/Zamo\u015b\u0107-fragment-parku-z-pomnikowymi-orzechami-szarymi-451x300.jpg 451w\" sizes=\"auto, (max-width: 800px) 100vw, 800px\" \/><\/a><\/p>\n<p><a href=\"https:\/\/www.pomniki-przyrody.pl\/wp-content\/uploads\/2018\/12\/Park-Miejski-w-Zamo\u015bciu-aleja-z-pomnikowymi-orzechami.jpg\"><img loading=\"lazy\" decoding=\"async\" class=\"aligncenter wp-image-13213 size-full\" title=\"Park Miejski w Zamo\u015bciu - aleja z pomnikowymi orzechami\" src=\"https:\/\/www.pomniki-przyrody.pl\/wp-content\/uploads\/2018\/12\/Park-Miejski-w-Zamo\u015bciu-aleja-z-pomnikowymi-orzechami.jpg\" alt=\"\" width=\"800\" height=\"590\" srcset=\"https:\/\/www.pomniki-przyrody.pl\/wp-content\/uploads\/2018\/12\/Park-Miejski-w-Zamo\u015bciu-aleja-z-pomnikowymi-orzechami.jpg 800w, https:\/\/www.pomniki-przyrody.pl\/wp-content\/uploads\/2018\/12\/Park-Miejski-w-Zamo\u015bciu-aleja-z-pomnikowymi-orzechami-300x221.jpg 300w, https:\/\/www.pomniki-przyrody.pl\/wp-content\/uploads\/2018\/12\/Park-Miejski-w-Zamo\u015bciu-aleja-z-pomnikowymi-orzechami-768x566.jpg 768w, https:\/\/www.pomniki-przyrody.pl\/wp-content\/uploads\/2018\/12\/Park-Miejski-w-Zamo\u015bciu-aleja-z-pomnikowymi-orzechami-407x300.jpg 407w\" sizes=\"auto, (max-width: 800px) 100vw, 800px\" \/><\/a><a href=\"https:\/\/www.pomniki-przyrody.pl\/wp-content\/uploads\/2018\/12\/Park-Miejski-w-Zamo\u015bciu-szpaler-pomnikowych-orzech\u00f3w.jpg\"><img loading=\"lazy\" decoding=\"async\" class=\"aligncenter wp-image-13224 size-full\" title=\"Park Miejski w Zamo\u015bciu - szpaler pomnikowych orzech\u00f3w\" src=\"https:\/\/www.pomniki-przyrody.pl\/wp-content\/uploads\/2018\/12\/Park-Miejski-w-Zamo\u015bciu-szpaler-pomnikowych-orzech\u00f3w.jpg\" alt=\"\" width=\"532\" height=\"800\" srcset=\"https:\/\/www.pomniki-przyrody.pl\/wp-content\/uploads\/2018\/12\/Park-Miejski-w-Zamo\u015bciu-szpaler-pomnikowych-orzech\u00f3w.jpg 532w, https:\/\/www.pomniki-przyrody.pl\/wp-content\/uploads\/2018\/12\/Park-Miejski-w-Zamo\u015bciu-szpaler-pomnikowych-orzech\u00f3w-200x300.jpg 200w\" sizes=\"auto, (max-width: 532px) 100vw, 532px\" \/><\/a><\/p>\n<p><a href=\"https:\/\/www.pomniki-przyrody.pl\/wp-content\/uploads\/2018\/12\/Park-Miejski-w-Zamo\u015bciu-szpaler-orzech\u00f3w-szarych.jpg\"><img loading=\"lazy\" decoding=\"async\" class=\"aligncenter wp-image-13223 size-full\" title=\"Park Miejski w Zamo\u015bciu - szpaler orzech\u00f3w szarych\" src=\"https:\/\/www.pomniki-przyrody.pl\/wp-content\/uploads\/2018\/12\/Park-Miejski-w-Zamo\u015bciu-szpaler-orzech\u00f3w-szarych.jpg\" alt=\"\" width=\"532\" height=\"800\" srcset=\"https:\/\/www.pomniki-przyrody.pl\/wp-content\/uploads\/2018\/12\/Park-Miejski-w-Zamo\u015bciu-szpaler-orzech\u00f3w-szarych.jpg 532w, https:\/\/www.pomniki-przyrody.pl\/wp-content\/uploads\/2018\/12\/Park-Miejski-w-Zamo\u015bciu-szpaler-orzech\u00f3w-szarych-200x300.jpg 200w\" sizes=\"auto, (max-width: 532px) 100vw, 532px\" \/><\/a><\/p>\n<p>&nbsp;<\/p>\n<p><a href=\"https:\/\/www.pomniki-przyrody.pl\/wp-content\/uploads\/2018\/12\/Park-Miejski-w-Zamo\u015bciu-pie\u0144-pomnikowego-orzecha.jpg\"><img loading=\"lazy\" decoding=\"async\" class=\"aligncenter wp-image-13216 size-full\" title=\"Park Miejski w Zamo\u015bciu - pie\u0144 pomnikowego orzecha\" src=\"https:\/\/www.pomniki-przyrody.pl\/wp-content\/uploads\/2018\/12\/Park-Miejski-w-Zamo\u015bciu-pie\u0144-pomnikowego-orzecha.jpg\" alt=\"\" width=\"532\" height=\"800\" srcset=\"https:\/\/www.pomniki-przyrody.pl\/wp-content\/uploads\/2018\/12\/Park-Miejski-w-Zamo\u015bciu-pie\u0144-pomnikowego-orzecha.jpg 532w, https:\/\/www.pomniki-przyrody.pl\/wp-content\/uploads\/2018\/12\/Park-Miejski-w-Zamo\u015bciu-pie\u0144-pomnikowego-orzecha-200x300.jpg 200w\" sizes=\"auto, (max-width: 532px) 100vw, 532px\" \/><\/a><a href=\"https:\/\/www.pomniki-przyrody.pl\/wp-content\/uploads\/2018\/12\/Park-Miejski-w-Zamo\u015bciu-pie\u0144-pomnikowego-orzecha-szarego.jpg\"><img loading=\"lazy\" decoding=\"async\" class=\"aligncenter wp-image-13215 size-full\" title=\"Park Miejski w Zamo\u015bciu - pie\u0144 pomnikowego orzecha szarego\" src=\"https:\/\/www.pomniki-przyrody.pl\/wp-content\/uploads\/2018\/12\/Park-Miejski-w-Zamo\u015bciu-pie\u0144-pomnikowego-orzecha-szarego.jpg\" alt=\"\" width=\"532\" height=\"800\" srcset=\"https:\/\/www.pomniki-przyrody.pl\/wp-content\/uploads\/2018\/12\/Park-Miejski-w-Zamo\u015bciu-pie\u0144-pomnikowego-orzecha-szarego.jpg 532w, https:\/\/www.pomniki-przyrody.pl\/wp-content\/uploads\/2018\/12\/Park-Miejski-w-Zamo\u015bciu-pie\u0144-pomnikowego-orzecha-szarego-200x300.jpg 200w\" sizes=\"auto, (max-width: 532px) 100vw, 532px\" \/><\/a><\/p>\n<p>Na brzegu, przy p\u00f3\u0142nocno &#8211; zachodnim naro\u017cniku stawu, rosn\u0105 dwa korkowce amurskie (<em>Phellodendron amurense<\/em>). Gatunek pochodzi ze wschodniej cz\u0119\u015bci Azji, charakteryzuje si\u0119 pierzastymi li\u015b\u0107mi,\u00a0po roztarciu pachn\u0105cymi terpentyn\u0105.<\/p>\n<p><a href=\"https:\/\/www.pomniki-przyrody.pl\/wp-content\/uploads\/2018\/12\/li\u015bcie-korkowca-amurskiego.jpg\"><img loading=\"lazy\" decoding=\"async\" class=\"aligncenter wp-image-13209 size-full\" title=\"li\u015bcie korkowca amurskiego\" src=\"https:\/\/www.pomniki-przyrody.pl\/wp-content\/uploads\/2018\/12\/li\u015bcie-korkowca-amurskiego.jpg\" alt=\"\" width=\"532\" height=\"800\" srcset=\"https:\/\/www.pomniki-przyrody.pl\/wp-content\/uploads\/2018\/12\/li\u015bcie-korkowca-amurskiego.jpg 532w, https:\/\/www.pomniki-przyrody.pl\/wp-content\/uploads\/2018\/12\/li\u015bcie-korkowca-amurskiego-200x300.jpg 200w\" sizes=\"auto, (max-width: 532px) 100vw, 532px\" \/><\/a><\/p>\n<p>Obydwa okazy posiadaj\u0105 mocno pochylone, podparte pnie o obwodach 140 i 160 cm, wysoko\u015b\u0107 drzew 11 i 14 metr\u00f3w.<\/p>\n<p><a href=\"https:\/\/www.pomniki-przyrody.pl\/wp-content\/uploads\/2018\/12\/Park-Miejski-w-Zamo\u015bciu-pomnikowy-korkowiec-amurski-I.jpg\"><img loading=\"lazy\" decoding=\"async\" class=\"aligncenter wp-image-13220 size-full\" title=\"Park Miejski w Zamo\u015bciu - pomnikowy korkowiec amurski I\" src=\"https:\/\/www.pomniki-przyrody.pl\/wp-content\/uploads\/2018\/12\/Park-Miejski-w-Zamo\u015bciu-pomnikowy-korkowiec-amurski-I.jpg\" alt=\"\" width=\"532\" height=\"800\" srcset=\"https:\/\/www.pomniki-przyrody.pl\/wp-content\/uploads\/2018\/12\/Park-Miejski-w-Zamo\u015bciu-pomnikowy-korkowiec-amurski-I.jpg 532w, https:\/\/www.pomniki-przyrody.pl\/wp-content\/uploads\/2018\/12\/Park-Miejski-w-Zamo\u015bciu-pomnikowy-korkowiec-amurski-I-200x300.jpg 200w\" sizes=\"auto, (max-width: 532px) 100vw, 532px\" \/><\/a><a href=\"https:\/\/www.pomniki-przyrody.pl\/wp-content\/uploads\/2018\/12\/korkowiec-amurski-w-Parku-Miejskim-w-Zamo\u015bciu.jpg\"><img loading=\"lazy\" decoding=\"async\" class=\"aligncenter wp-image-13208 size-full\" title=\"korkowiec amurski w Parku Miejskim w Zamo\u015bciu\" src=\"https:\/\/www.pomniki-przyrody.pl\/wp-content\/uploads\/2018\/12\/korkowiec-amurski-w-Parku-Miejskim-w-Zamo\u015bciu.jpg\" alt=\"\" width=\"532\" height=\"800\" srcset=\"https:\/\/www.pomniki-przyrody.pl\/wp-content\/uploads\/2018\/12\/korkowiec-amurski-w-Parku-Miejskim-w-Zamo\u015bciu.jpg 532w, https:\/\/www.pomniki-przyrody.pl\/wp-content\/uploads\/2018\/12\/korkowiec-amurski-w-Parku-Miejskim-w-Zamo\u015bciu-200x300.jpg 200w\" sizes=\"auto, (max-width: 532px) 100vw, 532px\" \/><\/a><a href=\"https:\/\/www.pomniki-przyrody.pl\/wp-content\/uploads\/2018\/12\/pomnik-przyrody-korkowiec-amurski.jpg\"><img loading=\"lazy\" decoding=\"async\" class=\"aligncenter wp-image-13228 size-full\" title=\"pomnik przyrody - korkowiec amurski\" src=\"https:\/\/www.pomniki-przyrody.pl\/wp-content\/uploads\/2018\/12\/pomnik-przyrody-korkowiec-amurski.jpg\" alt=\"\" width=\"532\" height=\"800\" srcset=\"https:\/\/www.pomniki-przyrody.pl\/wp-content\/uploads\/2018\/12\/pomnik-przyrody-korkowiec-amurski.jpg 532w, https:\/\/www.pomniki-przyrody.pl\/wp-content\/uploads\/2018\/12\/pomnik-przyrody-korkowiec-amurski-200x300.jpg 200w\" sizes=\"auto, (max-width: 532px) 100vw, 532px\" \/><\/a>\u00a0\u00a0<a href=\"https:\/\/www.pomniki-przyrody.pl\/wp-content\/uploads\/2018\/12\/Park-Miejski-w-Zamo\u015bciu-podpory-pomnikowego-korkowca-amurskiego.jpg\"><img loading=\"lazy\" decoding=\"async\" class=\"aligncenter size-full wp-image-13218\" src=\"https:\/\/www.pomniki-przyrody.pl\/wp-content\/uploads\/2018\/12\/Park-Miejski-w-Zamo\u015bciu-podpory-pomnikowego-korkowca-amurskiego.jpg\" alt=\"Park Miejski w Zamo\u015bciu - podpory pomnikowego korkowca amurskiego\" width=\"800\" height=\"532\" srcset=\"https:\/\/www.pomniki-przyrody.pl\/wp-content\/uploads\/2018\/12\/Park-Miejski-w-Zamo\u015bciu-podpory-pomnikowego-korkowca-amurskiego.jpg 800w, https:\/\/www.pomniki-przyrody.pl\/wp-content\/uploads\/2018\/12\/Park-Miejski-w-Zamo\u015bciu-podpory-pomnikowego-korkowca-amurskiego-300x200.jpg 300w, https:\/\/www.pomniki-przyrody.pl\/wp-content\/uploads\/2018\/12\/Park-Miejski-w-Zamo\u015bciu-podpory-pomnikowego-korkowca-amurskiego-768x511.jpg 768w, https:\/\/www.pomniki-przyrody.pl\/wp-content\/uploads\/2018\/12\/Park-Miejski-w-Zamo\u015bciu-podpory-pomnikowego-korkowca-amurskiego-451x300.jpg 451w\" sizes=\"auto, (max-width: 800px) 100vw, 800px\" \/><\/a><a href=\"https:\/\/www.pomniki-przyrody.pl\/wp-content\/uploads\/2018\/12\/podparty-konar-pomnikowego-korkowca.jpg\"><img loading=\"lazy\" decoding=\"async\" class=\"aligncenter wp-image-13227 size-full\" title=\"podparty konar pomnikowego korkowca\" src=\"https:\/\/www.pomniki-przyrody.pl\/wp-content\/uploads\/2018\/12\/podparty-konar-pomnikowego-korkowca.jpg\" alt=\"\" width=\"800\" height=\"532\" srcset=\"https:\/\/www.pomniki-przyrody.pl\/wp-content\/uploads\/2018\/12\/podparty-konar-pomnikowego-korkowca.jpg 800w, https:\/\/www.pomniki-przyrody.pl\/wp-content\/uploads\/2018\/12\/podparty-konar-pomnikowego-korkowca-300x200.jpg 300w, https:\/\/www.pomniki-przyrody.pl\/wp-content\/uploads\/2018\/12\/podparty-konar-pomnikowego-korkowca-768x511.jpg 768w, https:\/\/www.pomniki-przyrody.pl\/wp-content\/uploads\/2018\/12\/podparty-konar-pomnikowego-korkowca-451x300.jpg 451w\" sizes=\"auto, (max-width: 800px) 100vw, 800px\" \/><\/a><\/p>\n<p><a href=\"https:\/\/www.pomniki-przyrody.pl\/wp-content\/uploads\/2018\/12\/Park-Miejski-w-Zamo\u015bciu-pomnikowy-korkowiec-amurski-II.jpg\"><img loading=\"lazy\" decoding=\"async\" class=\"aligncenter wp-image-13221 size-full\" title=\"Park Miejski w Zamo\u015bciu - pomnikowy korkowiec amurski II\" src=\"https:\/\/www.pomniki-przyrody.pl\/wp-content\/uploads\/2018\/12\/Park-Miejski-w-Zamo\u015bciu-pomnikowy-korkowiec-amurski-II.jpg\" alt=\"\" width=\"800\" height=\"532\" srcset=\"https:\/\/www.pomniki-przyrody.pl\/wp-content\/uploads\/2018\/12\/Park-Miejski-w-Zamo\u015bciu-pomnikowy-korkowiec-amurski-II.jpg 800w, https:\/\/www.pomniki-przyrody.pl\/wp-content\/uploads\/2018\/12\/Park-Miejski-w-Zamo\u015bciu-pomnikowy-korkowiec-amurski-II-300x200.jpg 300w, https:\/\/www.pomniki-przyrody.pl\/wp-content\/uploads\/2018\/12\/Park-Miejski-w-Zamo\u015bciu-pomnikowy-korkowiec-amurski-II-768x511.jpg 768w, https:\/\/www.pomniki-przyrody.pl\/wp-content\/uploads\/2018\/12\/Park-Miejski-w-Zamo\u015bciu-pomnikowy-korkowiec-amurski-II-451x300.jpg 451w\" sizes=\"auto, (max-width: 800px) 100vw, 800px\" \/><\/a><a href=\"https:\/\/www.pomniki-przyrody.pl\/wp-content\/uploads\/2018\/12\/Park-Miejski-w-Zamo\u015bciu-podpora-pomnikowego-korkowca-amurskiego.jpg\"><img loading=\"lazy\" decoding=\"async\" class=\"aligncenter wp-image-13217 size-full\" title=\"Park Miejski w Zamo\u015bciu - podpora pomnikowego korkowca amurskiego\" src=\"https:\/\/www.pomniki-przyrody.pl\/wp-content\/uploads\/2018\/12\/Park-Miejski-w-Zamo\u015bciu-podpora-pomnikowego-korkowca-amurskiego.jpg\" alt=\"\" width=\"532\" height=\"800\" srcset=\"https:\/\/www.pomniki-przyrody.pl\/wp-content\/uploads\/2018\/12\/Park-Miejski-w-Zamo\u015bciu-podpora-pomnikowego-korkowca-amurskiego.jpg 532w, https:\/\/www.pomniki-przyrody.pl\/wp-content\/uploads\/2018\/12\/Park-Miejski-w-Zamo\u015bciu-podpora-pomnikowego-korkowca-amurskiego-200x300.jpg 200w\" sizes=\"auto, (max-width: 532px) 100vw, 532px\" \/><\/a><a href=\"https:\/\/www.pomniki-przyrody.pl\/wp-content\/uploads\/2018\/12\/Park-Miejski-w-Zamo\u015bciu-pomnikowe-korkowce-amurskie.jpg\"><img loading=\"lazy\" decoding=\"async\" class=\"aligncenter wp-image-13219 size-full\" title=\"Park Miejski w Zamo\u015bciu - pomnikowe korkowce amurskie\" src=\"https:\/\/www.pomniki-przyrody.pl\/wp-content\/uploads\/2018\/12\/Park-Miejski-w-Zamo\u015bciu-pomnikowe-korkowce-amurskie.jpg\" alt=\"\" width=\"532\" height=\"800\" srcset=\"https:\/\/www.pomniki-przyrody.pl\/wp-content\/uploads\/2018\/12\/Park-Miejski-w-Zamo\u015bciu-pomnikowe-korkowce-amurskie.jpg 532w, https:\/\/www.pomniki-przyrody.pl\/wp-content\/uploads\/2018\/12\/Park-Miejski-w-Zamo\u015bciu-pomnikowe-korkowce-amurskie-200x300.jpg 200w\" sizes=\"auto, (max-width: 532px) 100vw, 532px\" \/><\/a><a href=\"https:\/\/www.pomniki-przyrody.pl\/wp-content\/uploads\/2018\/12\/Park-Miejski-w-Zamo\u015bciu-pie\u0144-pomnikowego-korkowca-amurskiego-II.jpg\"><img loading=\"lazy\" decoding=\"async\" class=\"aligncenter wp-image-13214 size-full\" title=\"Park Miejski w Zamo\u015bciu - pie\u0144 pomnikowego korkowca amurskiego II\" src=\"https:\/\/www.pomniki-przyrody.pl\/wp-content\/uploads\/2018\/12\/Park-Miejski-w-Zamo\u015bciu-pie\u0144-pomnikowego-korkowca-amurskiego-II.jpg\" alt=\"\" width=\"532\" height=\"800\" srcset=\"https:\/\/www.pomniki-przyrody.pl\/wp-content\/uploads\/2018\/12\/Park-Miejski-w-Zamo\u015bciu-pie\u0144-pomnikowego-korkowca-amurskiego-II.jpg 532w, https:\/\/www.pomniki-przyrody.pl\/wp-content\/uploads\/2018\/12\/Park-Miejski-w-Zamo\u015bciu-pie\u0144-pomnikowego-korkowca-amurskiego-II-200x300.jpg 200w\" sizes=\"auto, (max-width: 532px) 100vw, 532px\" \/><\/a><\/p>\n<p>Do niedawna pomnikiem przyrody by\u0142 r\u00f3wnie\u017c\u00a0Klon zwyczajny o obwodzie pnia 298 cm, rosn\u0105cy na skraju parku\u00a0od strony ul. Akademickiej. Drzewo obumar\u0142o i decyzj\u0105 Rady Miejskiej\u00a0z dnia 25 wrze\u015bnia 2017 r. (Uchwa\u0142a nr\u00a0XXXIII\/427\/2017) utraci\u0142o ochron\u0119 pomnikow\u0105.<\/p>\n","protected":false},"excerpt":{"rendered":"<p>Po\u0142o\u017cony w po\u0142udniowej cz\u0119\u015bci wojew\u00f3dztwa lubelskiego Zamo\u015b\u0107 to jedno z najpi\u0119kniejszych miast Polski. Powsta\u0142o jako efekt realizacji wizji Jana Zamojskiego stworzenia miasta idealnego. Projekt od 1580 r. realizowa\u0142 w\u0142oski architekt Bernardo Morando w modnym w\u00f3wczas stylu renesansowym. Dzi\u015b Zamo\u015b\u0107 to &hellip; <a href=\"https:\/\/www.pomniki-przyrody.pl\/?p=13204\">Czytaj dalej <span class=\"meta-nav\">&rarr;<\/span><\/a><\/p>\n","protected":false},"author":2,"featured_media":0,"comment_status":"open","ping_status":"open","sticky":false,"template":"","format":"standard","meta":{"footnotes":""},"categories":[1],"tags":[1733,1696,1734,1732,1731],"class_list":["post-13204","post","type-post","status-publish","format-standard","hentry","category-przyroda-ozywiona","tag-korkowiec-amurski","tag-lubelskie","tag-orzech-szary","tag-park-miejski-w-zamosciu","tag-zamosc"],"_links":{"self":[{"href":"https:\/\/www.pomniki-przyrody.pl\/index.php?rest_route=\/wp\/v2\/posts\/13204","targetHints":{"allow":["GET"]}}],"collection":[{"href":"https:\/\/www.pomniki-przyrody.pl\/index.php?rest_route=\/wp\/v2\/posts"}],"about":[{"href":"https:\/\/www.pomniki-przyrody.pl\/index.php?rest_route=\/wp\/v2\/types\/post"}],"author":[{"embeddable":true,"href":"https:\/\/www.pomniki-przyrody.pl\/index.php?rest_route=\/wp\/v2\/users\/2"}],"replies":[{"embeddable":true,"href":"https:\/\/www.pomniki-przyrody.pl\/index.php?rest_route=%2Fwp%2Fv2%2Fcomments&post=13204"}],"version-history":[{"count":6,"href":"https:\/\/www.pomniki-przyrody.pl\/index.php?rest_route=\/wp\/v2\/posts\/13204\/revisions"}],"predecessor-version":[{"id":13254,"href":"https:\/\/www.pomniki-przyrody.pl\/index.php?rest_route=\/wp\/v2\/posts\/13204\/revisions\/13254"}],"wp:attachment":[{"href":"https:\/\/www.pomniki-przyrody.pl\/index.php?rest_route=%2Fwp%2Fv2%2Fmedia&parent=13204"}],"wp:term":[{"taxonomy":"category","embeddable":true,"href":"https:\/\/www.pomniki-przyrody.pl\/index.php?rest_route=%2Fwp%2Fv2%2Fcategories&post=13204"},{"taxonomy":"post_tag","embeddable":true,"href":"https:\/\/www.pomniki-przyrody.pl\/index.php?rest_route=%2Fwp%2Fv2%2Ftags&post=13204"}],"curies":[{"name":"wp","href":"https:\/\/api.w.org\/{rel}","templated":true}]}}