{"id":134,"date":"2012-01-03T23:14:20","date_gmt":"2012-01-03T23:14:20","guid":{"rendered":"http:\/\/www.pomniki-przyrody.pl\/?p=134"},"modified":"2017-04-17T12:58:42","modified_gmt":"2017-04-17T10:58:42","slug":"pomniki-przyrody-ozywionej-w-karpaczu","status":"publish","type":"post","link":"https:\/\/www.pomniki-przyrody.pl\/?p=134","title":{"rendered":"Pomniki przyrody w Karpaczu."},"content":{"rendered":"<p>Karpacz (pow. jeleniog\u00f3rski, dolno\u015bl\u0105skie) to znany o\u015brodek turystyczny w Karkonoszach, u podn\u00f3\u017ca \u015anie\u017cki. Miasto stanowi znakomity punkt wypadowy do turystyki g\u00f3rskiej i krajobrazowej. Do bogatej oferty turystycznej Karpacza do\u0142\u0105czono istniej\u0105ce w mie\u015bcie pomniki przyrody. Przy ka\u017cdym z nich ustawiono stylowy g\u0142az z wyrze\u017abion\u0105 nazw\u0105 pomnika przyrody oraz tablic\u0119 informacyjn\u0105.<\/p>\n<p><a href=\"https:\/\/www.pomniki-przyrody.pl\/wp-content\/uploads\/2012\/01\/DSC_0034.jpg\"><img loading=\"lazy\" decoding=\"async\" class=\"aligncenter size-full wp-image-11039\" src=\"https:\/\/www.pomniki-przyrody.pl\/wp-content\/uploads\/2012\/01\/DSC_0034.jpg\" alt=\"DSC_0034\" width=\"800\" height=\"532\" srcset=\"https:\/\/www.pomniki-przyrody.pl\/wp-content\/uploads\/2012\/01\/DSC_0034.jpg 800w, https:\/\/www.pomniki-przyrody.pl\/wp-content\/uploads\/2012\/01\/DSC_0034-300x200.jpg 300w, https:\/\/www.pomniki-przyrody.pl\/wp-content\/uploads\/2012\/01\/DSC_0034-768x511.jpg 768w, https:\/\/www.pomniki-przyrody.pl\/wp-content\/uploads\/2012\/01\/DSC_0034-451x300.jpg 451w\" sizes=\"auto, (max-width: 800px) 100vw, 800px\" \/><\/a><\/p>\n<p>Obowi\u0105zkowym punktem zwiedzania Karpacza jest roma\u0144ska, drewniana \u015awi\u0105tynia Wang, na terenie kt\u00f3rej znajduje si\u0119 pierwszy pomnik przyrody. 20 metr\u00f3w od wej\u015bcia<span style=\"color: #333333;\">, obok rze\u017aby \u0141azarza,<\/span>\u00a0ro\u015bnie <span style=\"color: #0000ff;\"><strong><span style=\"color: #000000;\">bluszcz pospolity<\/span><\/strong>.<\/span><\/p>\n<p><a href=\"https:\/\/www.pomniki-przyrody.pl\/wp-content\/uploads\/2012\/01\/\u015awi\u0105tynia-Wang-w-Karpaczu.jpg\"><img loading=\"lazy\" decoding=\"async\" class=\"aligncenter size-full wp-image-11071\" src=\"https:\/\/www.pomniki-przyrody.pl\/wp-content\/uploads\/2012\/01\/\u015awi\u0105tynia-Wang-w-Karpaczu.jpg\" alt=\"\u015awi\u0105tynia Wang w Karpaczu\" width=\"800\" height=\"530\" srcset=\"https:\/\/www.pomniki-przyrody.pl\/wp-content\/uploads\/2012\/01\/\u015awi\u0105tynia-Wang-w-Karpaczu.jpg 800w, https:\/\/www.pomniki-przyrody.pl\/wp-content\/uploads\/2012\/01\/\u015awi\u0105tynia-Wang-w-Karpaczu-300x199.jpg 300w, https:\/\/www.pomniki-przyrody.pl\/wp-content\/uploads\/2012\/01\/\u015awi\u0105tynia-Wang-w-Karpaczu-768x509.jpg 768w, https:\/\/www.pomniki-przyrody.pl\/wp-content\/uploads\/2012\/01\/\u015awi\u0105tynia-Wang-w-Karpaczu-453x300.jpg 453w\" sizes=\"auto, (max-width: 800px) 100vw, 800px\" \/><\/a><a href=\"https:\/\/www.pomniki-przyrody.pl\/wp-content\/uploads\/2012\/01\/pomnikowy-bluszcz-pospolity-na-terenie-\u015awi\u0105tyni-Wang.jpg\"><img loading=\"lazy\" decoding=\"async\" class=\"aligncenter size-full wp-image-11070\" src=\"https:\/\/www.pomniki-przyrody.pl\/wp-content\/uploads\/2012\/01\/pomnikowy-bluszcz-pospolity-na-terenie-\u015awi\u0105tyni-Wang.jpg\" alt=\"pomnikowy bluszcz pospolity na terenie \u015awi\u0105tyni Wang\" width=\"800\" height=\"530\" srcset=\"https:\/\/www.pomniki-przyrody.pl\/wp-content\/uploads\/2012\/01\/pomnikowy-bluszcz-pospolity-na-terenie-\u015awi\u0105tyni-Wang.jpg 800w, https:\/\/www.pomniki-przyrody.pl\/wp-content\/uploads\/2012\/01\/pomnikowy-bluszcz-pospolity-na-terenie-\u015awi\u0105tyni-Wang-300x199.jpg 300w, https:\/\/www.pomniki-przyrody.pl\/wp-content\/uploads\/2012\/01\/pomnikowy-bluszcz-pospolity-na-terenie-\u015awi\u0105tyni-Wang-768x509.jpg 768w, https:\/\/www.pomniki-przyrody.pl\/wp-content\/uploads\/2012\/01\/pomnikowy-bluszcz-pospolity-na-terenie-\u015awi\u0105tyni-Wang-453x300.jpg 453w\" sizes=\"auto, (max-width: 800px) 100vw, 800px\" \/><\/a><\/p>\n<p><span style=\"color: #0000ff;\"><a href=\"https:\/\/www.pomniki-przyrody.pl\/wp-content\/uploads\/2011\/12\/bluszcz-przy-Wangu.jpg\"><img loading=\"lazy\" decoding=\"async\" class=\"aligncenter size-large wp-image-139\" title=\"bluszcz przy Wangu\" src=\"https:\/\/www.pomniki-przyrody.pl\/wp-content\/uploads\/2011\/12\/bluszcz-przy-Wangu-1024x768.jpg\" alt=\"\" width=\"584\" height=\"438\" \/><\/a><\/span><\/p>\n<p><a href=\"https:\/\/www.pomniki-przyrody.pl\/wp-content\/uploads\/2012\/01\/pie\u0144-pomnikowego-bluszczu-rosn\u0105cego-przy-Wangu.jpg\"><img loading=\"lazy\" decoding=\"async\" class=\"aligncenter size-full wp-image-11069\" src=\"https:\/\/www.pomniki-przyrody.pl\/wp-content\/uploads\/2012\/01\/pie\u0144-pomnikowego-bluszczu-rosn\u0105cego-przy-Wangu.jpg\" alt=\"pie\u0144 pomnikowego bluszczu rosn\u0105cego przy Wangu\" width=\"530\" height=\"800\" srcset=\"https:\/\/www.pomniki-przyrody.pl\/wp-content\/uploads\/2012\/01\/pie\u0144-pomnikowego-bluszczu-rosn\u0105cego-przy-Wangu.jpg 530w, https:\/\/www.pomniki-przyrody.pl\/wp-content\/uploads\/2012\/01\/pie\u0144-pomnikowego-bluszczu-rosn\u0105cego-przy-Wangu-199x300.jpg 199w\" sizes=\"auto, (max-width: 530px) 100vw, 530px\" \/><\/a><\/p>\n<p>Mimo skromnych rozmiar\u00f3w, zosta\u0142 obj\u0119ty ochron\u0105 ze wzgl\u0119du na wysoko\u015b\u0107 po\u0142o\u017cenia ok. 840 m.n.p.m (trzecie miejsce w Polsce).<\/p>\n<p>Bardziej okaza\u0142y, pomnikowy <strong><span style=\"color: #000000;\">bluszcz<\/span><\/strong> ro\u015bnie na elewacji budynku przy ulicy My\u015bliwskiej 2.<\/p>\n<p><a href=\"https:\/\/www.pomniki-przyrody.pl\/wp-content\/uploads\/2012\/01\/DSC_0043.jpg\"><img loading=\"lazy\" decoding=\"async\" class=\"aligncenter wp-image-11042 size-full\" title=\"pomnikowy bluszcz - My\u015bliwska 2 w Karpaczu\" src=\"https:\/\/www.pomniki-przyrody.pl\/wp-content\/uploads\/2012\/01\/DSC_0043.jpg\" width=\"800\" height=\"532\" srcset=\"https:\/\/www.pomniki-przyrody.pl\/wp-content\/uploads\/2012\/01\/DSC_0043.jpg 800w, https:\/\/www.pomniki-przyrody.pl\/wp-content\/uploads\/2012\/01\/DSC_0043-300x200.jpg 300w, https:\/\/www.pomniki-przyrody.pl\/wp-content\/uploads\/2012\/01\/DSC_0043-768x511.jpg 768w, https:\/\/www.pomniki-przyrody.pl\/wp-content\/uploads\/2012\/01\/DSC_0043-451x300.jpg 451w\" sizes=\"auto, (max-width: 800px) 100vw, 800px\" \/><\/a><\/p>\n<p><a href=\"https:\/\/www.pomniki-przyrody.pl\/wp-content\/uploads\/2012\/01\/DSC_0040.jpg\"><img loading=\"lazy\" decoding=\"async\" class=\"aligncenter wp-image-11041 size-full\" title=\"pomnikowy bluszcz przy My\u015bliwskiej 2 w Karpaczu\" src=\"https:\/\/www.pomniki-przyrody.pl\/wp-content\/uploads\/2012\/01\/DSC_0040.jpg\" width=\"800\" height=\"532\" srcset=\"https:\/\/www.pomniki-przyrody.pl\/wp-content\/uploads\/2012\/01\/DSC_0040.jpg 800w, https:\/\/www.pomniki-przyrody.pl\/wp-content\/uploads\/2012\/01\/DSC_0040-300x200.jpg 300w, https:\/\/www.pomniki-przyrody.pl\/wp-content\/uploads\/2012\/01\/DSC_0040-768x511.jpg 768w, https:\/\/www.pomniki-przyrody.pl\/wp-content\/uploads\/2012\/01\/DSC_0040-451x300.jpg 451w\" sizes=\"auto, (max-width: 800px) 100vw, 800px\" \/><\/a><\/p>\n<p><a href=\"https:\/\/www.pomniki-przyrody.pl\/wp-content\/uploads\/2012\/01\/DSC_0039.jpg\"><img loading=\"lazy\" decoding=\"async\" class=\"aligncenter wp-image-11040 size-full\" title=\"pomnikowy bluszcz na elewacji domu w Karpaczu\" src=\"https:\/\/www.pomniki-przyrody.pl\/wp-content\/uploads\/2012\/01\/DSC_0039.jpg\" width=\"800\" height=\"532\" srcset=\"https:\/\/www.pomniki-przyrody.pl\/wp-content\/uploads\/2012\/01\/DSC_0039.jpg 800w, https:\/\/www.pomniki-przyrody.pl\/wp-content\/uploads\/2012\/01\/DSC_0039-300x200.jpg 300w, https:\/\/www.pomniki-przyrody.pl\/wp-content\/uploads\/2012\/01\/DSC_0039-768x511.jpg 768w, https:\/\/www.pomniki-przyrody.pl\/wp-content\/uploads\/2012\/01\/DSC_0039-451x300.jpg 451w\" sizes=\"auto, (max-width: 800px) 100vw, 800px\" \/><\/a><\/p>\n<p><a href=\"https:\/\/www.pomniki-przyrody.pl\/wp-content\/uploads\/2012\/01\/DSC_0045.jpg\"><img loading=\"lazy\" decoding=\"async\" class=\"aligncenter wp-image-11043 size-full\" title=\"bluszcz na domu przy My\u015bliwskiej 2 w Karpaczu\" src=\"https:\/\/www.pomniki-przyrody.pl\/wp-content\/uploads\/2012\/01\/DSC_0045.jpg\" width=\"800\" height=\"532\" srcset=\"https:\/\/www.pomniki-przyrody.pl\/wp-content\/uploads\/2012\/01\/DSC_0045.jpg 800w, https:\/\/www.pomniki-przyrody.pl\/wp-content\/uploads\/2012\/01\/DSC_0045-300x200.jpg 300w, https:\/\/www.pomniki-przyrody.pl\/wp-content\/uploads\/2012\/01\/DSC_0045-768x511.jpg 768w, https:\/\/www.pomniki-przyrody.pl\/wp-content\/uploads\/2012\/01\/DSC_0045-451x300.jpg 451w\" sizes=\"auto, (max-width: 800px) 100vw, 800px\" \/><\/a><\/p>\n<p>W pobli\u017cu (ok. 100 m na p\u00f3\u0142nocny &#8211; zach\u00f3d), w grupie granitowych ska\u0142ek, ro\u015bnie kolejny pomnik przyrody &#8211;\u00a0<span style=\"color: #0000ff;\"><span style=\"color: #000000;\"><strong>klon jawor<\/strong>. Drzewo ukryte jest po\u015br\u00f3d samosiejek i ze wzgl\u0119du na ogrodzone posesje, do\u015b\u0107 trudno do niego dotrze\u0107.<\/span><\/span><\/p>\n<p><a href=\"https:\/\/www.pomniki-przyrody.pl\/wp-content\/uploads\/2012\/01\/DSC_0051.jpg\"><img loading=\"lazy\" decoding=\"async\" class=\"aligncenter wp-image-11046 size-full\" title=\"Karpacz - pomnikowy klon jawor\" src=\"https:\/\/www.pomniki-przyrody.pl\/wp-content\/uploads\/2012\/01\/DSC_0051.jpg\" width=\"532\" height=\"800\" srcset=\"https:\/\/www.pomniki-przyrody.pl\/wp-content\/uploads\/2012\/01\/DSC_0051.jpg 532w, https:\/\/www.pomniki-przyrody.pl\/wp-content\/uploads\/2012\/01\/DSC_0051-200x300.jpg 200w\" sizes=\"auto, (max-width: 532px) 100vw, 532px\" \/><\/a><\/p>\n<p>Omawiany jawor nie wyr\u00f3\u017cnia si\u0119 specjalnie rozmiarami &#8211; jego obw\u00f3d wynosi 278 cm. Ciekawostk\u0105 jest to, \u017ce zdaje si\u0119 wyrasta\u0107 bezpo\u015brednio ze ska\u0142y. Pot\u0119\u017cne korzenie obejmuj\u0105 g\u0142az niczym szpony ogromnego gada.<\/p>\n<p><a href=\"https:\/\/www.pomniki-przyrody.pl\/wp-content\/uploads\/2012\/01\/DSC_0046.jpg\"><img loading=\"lazy\" decoding=\"async\" class=\"aligncenter wp-image-11044 size-full\" title=\"Karpacz - pie\u0144 pomnikowego jawora\" src=\"https:\/\/www.pomniki-przyrody.pl\/wp-content\/uploads\/2012\/01\/DSC_0046.jpg\" width=\"532\" height=\"800\" srcset=\"https:\/\/www.pomniki-przyrody.pl\/wp-content\/uploads\/2012\/01\/DSC_0046.jpg 532w, https:\/\/www.pomniki-przyrody.pl\/wp-content\/uploads\/2012\/01\/DSC_0046-200x300.jpg 200w\" sizes=\"auto, (max-width: 532px) 100vw, 532px\" \/><\/a><\/p>\n<p><a href=\"https:\/\/www.pomniki-przyrody.pl\/wp-content\/uploads\/2012\/01\/DSC_0048.jpg\"><img loading=\"lazy\" decoding=\"async\" class=\"aligncenter wp-image-11045 size-full\" title=\"korzenie pomnikowego jawora obejmuj\u0105ce ska\u0142\u0119\" src=\"https:\/\/www.pomniki-przyrody.pl\/wp-content\/uploads\/2012\/01\/DSC_0048.jpg\" width=\"532\" height=\"800\" srcset=\"https:\/\/www.pomniki-przyrody.pl\/wp-content\/uploads\/2012\/01\/DSC_0048.jpg 532w, https:\/\/www.pomniki-przyrody.pl\/wp-content\/uploads\/2012\/01\/DSC_0048-200x300.jpg 200w\" sizes=\"auto, (max-width: 532px) 100vw, 532px\" \/><\/a><\/p>\n<p><span style=\"color: #333333;\">W Karpaczu rosn\u0105 dwie pomnikowe <span style=\"color: #0000ff;\"><span style=\"color: #333333;\"><strong>lipy drobnolistne.<\/strong> Pierwsza tzw. Lipa S\u0105dowa ro\u015bnie przy g\u0142\u00f3wnej ulicy miasta &#8211; Konstytucji\u00a03 Maja, w pobli\u017cu ko\u015bcio\u0142a parafialnego. Obw\u00f3d pnia wynosi 510 cm, wiek ocenia si\u0119 na 300-350 lat.<\/span><\/span><\/span><\/p>\n<p><a href=\"https:\/\/www.pomniki-przyrody.pl\/wp-content\/uploads\/2012\/01\/DSC_0761.jpg\"><img loading=\"lazy\" decoding=\"async\" class=\"aligncenter wp-image-11047 size-full\" title=\"Lipa S\u0105dowa w Karpaczu latem\" src=\"https:\/\/www.pomniki-przyrody.pl\/wp-content\/uploads\/2012\/01\/DSC_0761.jpg\" width=\"801\" height=\"531\" srcset=\"https:\/\/www.pomniki-przyrody.pl\/wp-content\/uploads\/2012\/01\/DSC_0761.jpg 801w, https:\/\/www.pomniki-przyrody.pl\/wp-content\/uploads\/2012\/01\/DSC_0761-300x199.jpg 300w, https:\/\/www.pomniki-przyrody.pl\/wp-content\/uploads\/2012\/01\/DSC_0761-768x509.jpg 768w, https:\/\/www.pomniki-przyrody.pl\/wp-content\/uploads\/2012\/01\/DSC_0761-453x300.jpg 453w\" sizes=\"auto, (max-width: 801px) 100vw, 801px\" \/><\/a><a href=\"https:\/\/www.pomniki-przyrody.pl\/wp-content\/uploads\/2012\/01\/DSC_9977.jpg\"><img loading=\"lazy\" decoding=\"async\" class=\"aligncenter wp-image-11052 size-full\" title=\"Lipa S\u0105dowa w Karpaczu wczesn\u0105 wiosn\u0105\" src=\"https:\/\/www.pomniki-przyrody.pl\/wp-content\/uploads\/2012\/01\/DSC_9977.jpg\" width=\"800\" height=\"532\" srcset=\"https:\/\/www.pomniki-przyrody.pl\/wp-content\/uploads\/2012\/01\/DSC_9977.jpg 800w, https:\/\/www.pomniki-przyrody.pl\/wp-content\/uploads\/2012\/01\/DSC_9977-300x200.jpg 300w, https:\/\/www.pomniki-przyrody.pl\/wp-content\/uploads\/2012\/01\/DSC_9977-768x511.jpg 768w, https:\/\/www.pomniki-przyrody.pl\/wp-content\/uploads\/2012\/01\/DSC_9977-451x300.jpg 451w\" sizes=\"auto, (max-width: 800px) 100vw, 800px\" \/><\/a><a href=\"https:\/\/www.pomniki-przyrody.pl\/wp-content\/uploads\/2012\/01\/DSC_9984.jpg\"><img loading=\"lazy\" decoding=\"async\" class=\"aligncenter wp-image-11055 size-full\" title=\"Karpacz - pomnik przyrody Lipa S\u0105dowa\" src=\"https:\/\/www.pomniki-przyrody.pl\/wp-content\/uploads\/2012\/01\/DSC_9984.jpg\" width=\"532\" height=\"800\" srcset=\"https:\/\/www.pomniki-przyrody.pl\/wp-content\/uploads\/2012\/01\/DSC_9984.jpg 532w, https:\/\/www.pomniki-przyrody.pl\/wp-content\/uploads\/2012\/01\/DSC_9984-200x300.jpg 200w\" sizes=\"auto, (max-width: 532px) 100vw, 532px\" \/><\/a><a href=\"https:\/\/www.pomniki-przyrody.pl\/wp-content\/uploads\/2012\/01\/DSC_9983.jpg\"><img loading=\"lazy\" decoding=\"async\" class=\"aligncenter wp-image-11054 size-full\" title=\"Karpacz - pie\u0144 Lipy S\u0105dowej\" src=\"https:\/\/www.pomniki-przyrody.pl\/wp-content\/uploads\/2012\/01\/DSC_9983.jpg\" width=\"532\" height=\"800\" srcset=\"https:\/\/www.pomniki-przyrody.pl\/wp-content\/uploads\/2012\/01\/DSC_9983.jpg 532w, https:\/\/www.pomniki-przyrody.pl\/wp-content\/uploads\/2012\/01\/DSC_9983-200x300.jpg 200w\" sizes=\"auto, (max-width: 532px) 100vw, 532px\" \/><\/a><\/p>\n<p>Druga lipa ro\u015bnie w ogrodzie posesji przy ulicy Szkolnej 1. Obw\u00f3d pnia 462 cm, wiek ok. 350 lat (posadzona oko\u0142o 1640 roku).<\/p>\n<p><a href=\"https:\/\/www.pomniki-przyrody.pl\/wp-content\/uploads\/2012\/01\/DSC_0019.jpg\"><img loading=\"lazy\" decoding=\"async\" class=\"aligncenter wp-image-11035 size-full\" title=\"pomnikowa lipa przy ul. Szkolnej 1 w Karpaczu\" src=\"https:\/\/www.pomniki-przyrody.pl\/wp-content\/uploads\/2012\/01\/DSC_0019.jpg\" width=\"532\" height=\"800\" srcset=\"https:\/\/www.pomniki-przyrody.pl\/wp-content\/uploads\/2012\/01\/DSC_0019.jpg 532w, https:\/\/www.pomniki-przyrody.pl\/wp-content\/uploads\/2012\/01\/DSC_0019-200x300.jpg 200w\" sizes=\"auto, (max-width: 532px) 100vw, 532px\" \/><\/a><a href=\"https:\/\/www.pomniki-przyrody.pl\/wp-content\/uploads\/2012\/01\/DSC_0025.jpg\"><img loading=\"lazy\" decoding=\"async\" class=\"aligncenter wp-image-11037 size-full\" title=\"pomnikowa lipa - Karpacz ul. Szkolna 1\" src=\"https:\/\/www.pomniki-przyrody.pl\/wp-content\/uploads\/2012\/01\/DSC_0025.jpg\" width=\"532\" height=\"800\" srcset=\"https:\/\/www.pomniki-przyrody.pl\/wp-content\/uploads\/2012\/01\/DSC_0025.jpg 532w, https:\/\/www.pomniki-przyrody.pl\/wp-content\/uploads\/2012\/01\/DSC_0025-200x300.jpg 200w\" sizes=\"auto, (max-width: 532px) 100vw, 532px\" \/><\/a>W ogrodzie posesji przy ul. Zamkowej 3, przy granicy z posesj\u0105 Kamienna 4 znajduje si\u0119 \u00a0pomnikowa <strong>sosna limba <\/strong>o obwodzie 272 cm. Drzewo ro\u015bnie mi\u0119dzy pot\u0119\u017cnymi \u015bwierkami i dlatego jest trudne do wypatrzenia.<\/p>\n<p><a href=\"https:\/\/www.pomniki-przyrody.pl\/wp-content\/uploads\/2012\/01\/DSC_0006.jpg\"><img loading=\"lazy\" decoding=\"async\" class=\"aligncenter wp-image-11033 size-full\" title=\"Karpacz - pomnikowa sosna limba\" src=\"https:\/\/www.pomniki-przyrody.pl\/wp-content\/uploads\/2012\/01\/DSC_0006.jpg\" width=\"532\" height=\"800\" srcset=\"https:\/\/www.pomniki-przyrody.pl\/wp-content\/uploads\/2012\/01\/DSC_0006.jpg 532w, https:\/\/www.pomniki-przyrody.pl\/wp-content\/uploads\/2012\/01\/DSC_0006-200x300.jpg 200w\" sizes=\"auto, (max-width: 532px) 100vw, 532px\" \/><\/a><\/p>\n<p><a href=\"https:\/\/www.pomniki-przyrody.pl\/wp-content\/uploads\/2012\/01\/DSC_0009.jpg\"><img loading=\"lazy\" decoding=\"async\" class=\"aligncenter wp-image-11034 size-full\" title=\"pomnikowa sosna limba w Karpaczu\" src=\"https:\/\/www.pomniki-przyrody.pl\/wp-content\/uploads\/2012\/01\/DSC_0009.jpg\" width=\"532\" height=\"800\" srcset=\"https:\/\/www.pomniki-przyrody.pl\/wp-content\/uploads\/2012\/01\/DSC_0009.jpg 532w, https:\/\/www.pomniki-przyrody.pl\/wp-content\/uploads\/2012\/01\/DSC_0009-200x300.jpg 200w\" sizes=\"auto, (max-width: 532px) 100vw, 532px\" \/><\/a><\/p>\n<p><a href=\"https:\/\/www.pomniki-przyrody.pl\/wp-content\/uploads\/2012\/01\/DSCF6677.jpg\"><img loading=\"lazy\" decoding=\"async\" class=\"aligncenter wp-image-11056 size-full\" title=\"Karpacz - pie\u0144 pomnikowej sosny limby\" src=\"https:\/\/www.pomniki-przyrody.pl\/wp-content\/uploads\/2012\/01\/DSCF6677.jpg\" width=\"525\" height=\"700\" srcset=\"https:\/\/www.pomniki-przyrody.pl\/wp-content\/uploads\/2012\/01\/DSCF6677.jpg 525w, https:\/\/www.pomniki-przyrody.pl\/wp-content\/uploads\/2012\/01\/DSCF6677-225x300.jpg 225w\" sizes=\"auto, (max-width: 525px) 100vw, 525px\" \/><\/a><\/p>\n<p>W dolnej cz\u0119\u015bci miasta, obok marketu &#8222;Netto&#8221;, ro\u015bnie pomnikowy kasztan jadalny o obwodzie 315 cm. Drzewo posadzono ok. 1925 roku. Okaz opisa\u0142em dok\u0142adniej w artykule &#8222;<a href=\"https:\/\/www.pomniki-przyrody.pl\/?p=1756\"><span style=\"color: #0000ff;\">Pomnikowy kasztan jadalny w Karpaczu<\/span><\/a>&#8221;<\/p>\n<p><a href=\"https:\/\/www.pomniki-przyrody.pl\/wp-content\/uploads\/2012\/01\/DSC_9969.jpg\"><img loading=\"lazy\" decoding=\"async\" class=\"aligncenter wp-image-11049 size-full\" title=\"Karpacz - pomnikowy kasztan jadalny\" src=\"https:\/\/www.pomniki-przyrody.pl\/wp-content\/uploads\/2012\/01\/DSC_9969.jpg\" width=\"532\" height=\"800\" srcset=\"https:\/\/www.pomniki-przyrody.pl\/wp-content\/uploads\/2012\/01\/DSC_9969.jpg 532w, https:\/\/www.pomniki-przyrody.pl\/wp-content\/uploads\/2012\/01\/DSC_9969-200x300.jpg 200w\" sizes=\"auto, (max-width: 532px) 100vw, 532px\" \/><\/a><\/p>\n<p><a href=\"https:\/\/www.pomniki-przyrody.pl\/wp-content\/uploads\/2012\/01\/DSC_9966.jpg\"><img loading=\"lazy\" decoding=\"async\" class=\"aligncenter wp-image-11048 size-full\" title=\"Karpacz - pie\u0144 pomnikowego kasztana jadalnego\" src=\"https:\/\/www.pomniki-przyrody.pl\/wp-content\/uploads\/2012\/01\/DSC_9966.jpg\" width=\"532\" height=\"800\" srcset=\"https:\/\/www.pomniki-przyrody.pl\/wp-content\/uploads\/2012\/01\/DSC_9966.jpg 532w, https:\/\/www.pomniki-przyrody.pl\/wp-content\/uploads\/2012\/01\/DSC_9966-200x300.jpg 200w\" sizes=\"auto, (max-width: 532px) 100vw, 532px\" \/><\/a><a href=\"https:\/\/www.pomniki-przyrody.pl\/wp-content\/uploads\/2012\/01\/DSC_9970.jpg\"><img loading=\"lazy\" decoding=\"async\" class=\"aligncenter wp-image-11050 size-full\" title=\"pie\u0144 kasztana jadalnego z Karpacza\" src=\"https:\/\/www.pomniki-przyrody.pl\/wp-content\/uploads\/2012\/01\/DSC_9970.jpg\" width=\"532\" height=\"800\" srcset=\"https:\/\/www.pomniki-przyrody.pl\/wp-content\/uploads\/2012\/01\/DSC_9970.jpg 532w, https:\/\/www.pomniki-przyrody.pl\/wp-content\/uploads\/2012\/01\/DSC_9970-200x300.jpg 200w\" sizes=\"auto, (max-width: 532px) 100vw, 532px\" \/><\/a><\/p>\n<p>Pomniki przyrody nieo\u017cywionej w Karpaczu reprezentuje osobliwy tw\u00f3r geologiczny &#8211; <strong>marmit Studzienka<\/strong>.\u00a0Znajduje si\u0119 on 100 metr\u00f3w poni\u017cej mostu na \u0141omnicy przy ulicy Stra\u017cackiej. Wi\u0119cej informacji oraz zdj\u0119\u0107 w artykule &#8222;<a href=\"https:\/\/www.pomniki-przyrody.pl\/?p=855\"><span style=\"color: #0000ff;\">Marmit Studzienka w Karpaczu<\/span><\/a>&#8222;.<\/p>\n<p><a href=\"https:\/\/www.pomniki-przyrody.pl\/wp-content\/uploads\/2012\/01\/DSC_0003.jpg\"><img loading=\"lazy\" decoding=\"async\" class=\"aligncenter wp-image-11032 size-full\" title=\"Karpacz - marmit Studzienka\" src=\"https:\/\/www.pomniki-przyrody.pl\/wp-content\/uploads\/2012\/01\/DSC_0003.jpg\" width=\"532\" height=\"800\" srcset=\"https:\/\/www.pomniki-przyrody.pl\/wp-content\/uploads\/2012\/01\/DSC_0003.jpg 532w, https:\/\/www.pomniki-przyrody.pl\/wp-content\/uploads\/2012\/01\/DSC_0003-200x300.jpg 200w\" sizes=\"auto, (max-width: 532px) 100vw, 532px\" \/><\/a><\/p>\n","protected":false},"excerpt":{"rendered":"<p>Karpacz (pow. jeleniog\u00f3rski, dolno\u015bl\u0105skie) to znany o\u015brodek turystyczny w Karkonoszach, u podn\u00f3\u017ca \u015anie\u017cki. Miasto stanowi znakomity punkt wypadowy do turystyki g\u00f3rskiej i krajobrazowej. Do bogatej oferty turystycznej Karpacza do\u0142\u0105czono istniej\u0105ce w mie\u015bcie pomniki przyrody. Przy ka\u017cdym z nich ustawiono stylowy &hellip; <a href=\"https:\/\/www.pomniki-przyrody.pl\/?p=134\">Czytaj dalej <span class=\"meta-nav\">&rarr;<\/span><\/a><\/p>\n","protected":false},"author":2,"featured_media":0,"comment_status":"open","ping_status":"open","sticky":false,"template":"","format":"standard","meta":{"footnotes":""},"categories":[1],"tags":[11,21,22,123,394],"class_list":["post-134","post","type-post","status-publish","format-standard","hentry","category-przyroda-ozywiona","tag-bluszcz","tag-karpacz","tag-lipa-sadowa","tag-pomnikowe-lipy","tag-pomnikowy-bluszcz"],"_links":{"self":[{"href":"https:\/\/www.pomniki-przyrody.pl\/index.php?rest_route=\/wp\/v2\/posts\/134","targetHints":{"allow":["GET"]}}],"collection":[{"href":"https:\/\/www.pomniki-przyrody.pl\/index.php?rest_route=\/wp\/v2\/posts"}],"about":[{"href":"https:\/\/www.pomniki-przyrody.pl\/index.php?rest_route=\/wp\/v2\/types\/post"}],"author":[{"embeddable":true,"href":"https:\/\/www.pomniki-przyrody.pl\/index.php?rest_route=\/wp\/v2\/users\/2"}],"replies":[{"embeddable":true,"href":"https:\/\/www.pomniki-przyrody.pl\/index.php?rest_route=%2Fwp%2Fv2%2Fcomments&post=134"}],"version-history":[{"count":4,"href":"https:\/\/www.pomniki-przyrody.pl\/index.php?rest_route=\/wp\/v2\/posts\/134\/revisions"}],"predecessor-version":[{"id":11072,"href":"https:\/\/www.pomniki-przyrody.pl\/index.php?rest_route=\/wp\/v2\/posts\/134\/revisions\/11072"}],"wp:attachment":[{"href":"https:\/\/www.pomniki-przyrody.pl\/index.php?rest_route=%2Fwp%2Fv2%2Fmedia&parent=134"}],"wp:term":[{"taxonomy":"category","embeddable":true,"href":"https:\/\/www.pomniki-przyrody.pl\/index.php?rest_route=%2Fwp%2Fv2%2Fcategories&post=134"},{"taxonomy":"post_tag","embeddable":true,"href":"https:\/\/www.pomniki-przyrody.pl\/index.php?rest_route=%2Fwp%2Fv2%2Ftags&post=134"}],"curies":[{"name":"wp","href":"https:\/\/api.w.org\/{rel}","templated":true}]}}