{"id":13596,"date":"2019-05-12T14:13:26","date_gmt":"2019-05-12T12:13:26","guid":{"rendered":"http:\/\/www.pomniki-przyrody.pl\/?p=13596"},"modified":"2019-05-12T14:13:26","modified_gmt":"2019-05-12T12:13:26","slug":"pomnikowe-drzewa-przy-kosciele-jezusowym-w-cieszynie","status":"publish","type":"post","link":"https:\/\/www.pomniki-przyrody.pl\/?p=13596","title":{"rendered":"Pomnikowe drzewa przy Ko\u015bciele Jezusowym w Cieszynie."},"content":{"rendered":"<p>Na mocy ugody altransztadzkiej zawartej w 1707 r. pomi\u0119dzy kr\u00f3lem szwedzkim Karolem XII a cesarzem Austrii J\u00f3zefem I Habsburgiem w Altranst\u00e4dt\u00a0zwr\u00f3cono \u015bl\u0105skim protestantom 104 ko\u015bcio\u0142y (odebranych w latach 1648\u20131654) i pozwolono na budow\u0119 sze\u015bciu nowych \u015bwi\u0105ty\u0144, nazwanymi \u201eko\u015bcio\u0142ami \u0142aski\u201d.\u00a0Ko\u015bcio\u0142y w Jeleniej G\u00f3rze, Kamiennej G\u00f3rze i Miliczu zosta\u0142y przej\u0119te przez katolik\u00f3w po II wojnie \u015bwiatowej, \u015bwi\u0105tynie w \u017baganiu i Ko\u017cuchowie zosta\u0142y zburzone (ocala\u0142y tylko wie\u017ce). Jedynym &#8222;ko\u015bcio\u0142em \u0142aski&#8221; s\u0142u\u017c\u0105cym nadal ewangelikom jest\u00a0Ko\u015bci\u00f3\u0142 Jezusowy w Cieszynie, zlokalizowany przy ul. Plac Ko\u015bcielny 6. Jego budow\u0119 rozpocz\u0119to w 1710 r., 72 &#8211; metrow\u0105 wie\u017c\u0119 uko\u0144czono w 1750 r. Obecnie to najwi\u0119ksza \u015bwi\u0105tynia ewangelicka w Polsce, podczas mojego pobytu w Cieszynie w pa\u017adzierniku 2018 r. budowla by\u0142a remontowana.<\/p>\n<p><a href=\"https:\/\/www.pomniki-przyrody.pl\/wp-content\/uploads\/2019\/05\/fasada-Ko\u015bcio\u0142a-Jezusowego-w-Cieszynie.jpg\"><img loading=\"lazy\" decoding=\"async\" class=\"aligncenter wp-image-13598 size-full\" title=\"fasada Ko\u015bcio\u0142a Jezusowego w Cieszynie\" src=\"https:\/\/www.pomniki-przyrody.pl\/wp-content\/uploads\/2019\/05\/fasada-Ko\u015bcio\u0142a-Jezusowego-w-Cieszynie.jpg\" alt=\"\" width=\"532\" height=\"800\" srcset=\"https:\/\/www.pomniki-przyrody.pl\/wp-content\/uploads\/2019\/05\/fasada-Ko\u015bcio\u0142a-Jezusowego-w-Cieszynie.jpg 532w, https:\/\/www.pomniki-przyrody.pl\/wp-content\/uploads\/2019\/05\/fasada-Ko\u015bcio\u0142a-Jezusowego-w-Cieszynie-200x300.jpg 200w\" sizes=\"auto, (max-width: 532px) 100vw, 532px\" \/><\/a><\/p>\n<p>W otoczeniu ko\u015bcio\u0142a znajduje si\u0119 wiele okaza\u0142ych drzew, kilkana\u015bcie z nich uhonorowano statusem pomnika przyrody. Przy bocznym (p\u00f3\u0142nocnym) wej\u015bciu do \u015bwi\u0105tyni ro\u015bnie s\u0119dziwa lipa szerokolistna &#8211; to pierwsze drzewo uznane za pomnik przyrody w Cieszynie (w 1954 r.).<\/p>\n<p><a href=\"https:\/\/www.pomniki-przyrody.pl\/wp-content\/uploads\/2019\/05\/pomnikowa-lipa-przy-Ko\u015bciele-Jezusowym-w-Cieszynie.jpg\"><img loading=\"lazy\" decoding=\"async\" class=\"aligncenter wp-image-13625 size-full\" title=\"pomnikowa lipa przy Ko\u015bciele Jezusowym w Cieszynie\" src=\"https:\/\/www.pomniki-przyrody.pl\/wp-content\/uploads\/2019\/05\/pomnikowa-lipa-przy-Ko\u015bciele-Jezusowym-w-Cieszynie.jpg\" alt=\"\" width=\"532\" height=\"800\" srcset=\"https:\/\/www.pomniki-przyrody.pl\/wp-content\/uploads\/2019\/05\/pomnikowa-lipa-przy-Ko\u015bciele-Jezusowym-w-Cieszynie.jpg 532w, https:\/\/www.pomniki-przyrody.pl\/wp-content\/uploads\/2019\/05\/pomnikowa-lipa-przy-Ko\u015bciele-Jezusowym-w-Cieszynie-200x300.jpg 200w\" sizes=\"auto, (max-width: 532px) 100vw, 532px\" \/><\/a>\u00a0Obw\u00f3d pomnikowej lipy wynosi 407 cm, wysoko\u015b\u0107 drzewa 22 metry.<\/p>\n<p><a href=\"https:\/\/www.pomniki-przyrody.pl\/wp-content\/uploads\/2019\/05\/pie\u0144-pomnikowej-lipy-szerokolistnej-w-Cieszynie.jpg\"><img loading=\"lazy\" decoding=\"async\" class=\"aligncenter wp-image-13623 size-full\" title=\"pie\u0144 pomnikowej lipy szerokolistnej w Cieszynie\" src=\"https:\/\/www.pomniki-przyrody.pl\/wp-content\/uploads\/2019\/05\/pie\u0144-pomnikowej-lipy-szerokolistnej-w-Cieszynie.jpg\" alt=\"\" width=\"532\" height=\"800\" srcset=\"https:\/\/www.pomniki-przyrody.pl\/wp-content\/uploads\/2019\/05\/pie\u0144-pomnikowej-lipy-szerokolistnej-w-Cieszynie.jpg 532w, https:\/\/www.pomniki-przyrody.pl\/wp-content\/uploads\/2019\/05\/pie\u0144-pomnikowej-lipy-szerokolistnej-w-Cieszynie-200x300.jpg 200w\" sizes=\"auto, (max-width: 532px) 100vw, 532px\" \/><\/a><a href=\"https:\/\/www.pomniki-przyrody.pl\/wp-content\/uploads\/2019\/05\/pie\u0144-pomnikowej-lipy-rosn\u0105cej-przy-Ko\u015bciele-Jezusowym-w-Cieszynie.jpg\"><img loading=\"lazy\" decoding=\"async\" class=\"aligncenter wp-image-13622 size-full\" title=\"pie\u0144 pomnikowej lipy rosn\u0105cej przy Ko\u015bciele Jezusowym w Cieszynie\" src=\"https:\/\/www.pomniki-przyrody.pl\/wp-content\/uploads\/2019\/05\/pie\u0144-pomnikowej-lipy-rosn\u0105cej-przy-Ko\u015bciele-Jezusowym-w-Cieszynie.jpg\" alt=\"\" width=\"532\" height=\"800\" srcset=\"https:\/\/www.pomniki-przyrody.pl\/wp-content\/uploads\/2019\/05\/pie\u0144-pomnikowej-lipy-rosn\u0105cej-przy-Ko\u015bciele-Jezusowym-w-Cieszynie.jpg 532w, https:\/\/www.pomniki-przyrody.pl\/wp-content\/uploads\/2019\/05\/pie\u0144-pomnikowej-lipy-rosn\u0105cej-przy-Ko\u015bciele-Jezusowym-w-Cieszynie-200x300.jpg 200w\" sizes=\"auto, (max-width: 532px) 100vw, 532px\" \/><\/a><\/p>\n<p>Wzd\u0142u\u017c pobliskiej alei biegn\u0105cej obrze\u017cem skweru (przy budynku nr 8), rosn\u0105 trzy kasztanowce pospolite o obwodach\u00a0342, 354, 369 cm i wysoko\u015bci 22 &#8211; 24 metr\u00f3w.<\/p>\n<p><a href=\"https:\/\/www.pomniki-przyrody.pl\/wp-content\/uploads\/2019\/05\/grupa-kasztanowc\u00f3w-przy-Ko\u015bciele-Jezusowym-w-Cieszynie.jpg\"><img loading=\"lazy\" decoding=\"async\" class=\"aligncenter wp-image-13599 size-full\" title=\"grupa kasztanowc\u00f3w przy Ko\u015bciele Jezusowym w Cieszynie\" src=\"https:\/\/www.pomniki-przyrody.pl\/wp-content\/uploads\/2019\/05\/grupa-kasztanowc\u00f3w-przy-Ko\u015bciele-Jezusowym-w-Cieszynie.jpg\" alt=\"\" width=\"532\" height=\"800\" srcset=\"https:\/\/www.pomniki-przyrody.pl\/wp-content\/uploads\/2019\/05\/grupa-kasztanowc\u00f3w-przy-Ko\u015bciele-Jezusowym-w-Cieszynie.jpg 532w, https:\/\/www.pomniki-przyrody.pl\/wp-content\/uploads\/2019\/05\/grupa-kasztanowc\u00f3w-przy-Ko\u015bciele-Jezusowym-w-Cieszynie-200x300.jpg 200w\" sizes=\"auto, (max-width: 532px) 100vw, 532px\" \/><\/a><a href=\"https:\/\/www.pomniki-przyrody.pl\/wp-content\/uploads\/2019\/05\/trzy-pomnikowe-kasztanowce-przy-Ko\u015bciele-Jezusowym-w-Cieszynie.jpg\"><img loading=\"lazy\" decoding=\"async\" class=\"aligncenter wp-image-13630 size-full\" title=\"trzy pomnikowe kasztanowce przy Ko\u015bciele Jezusowym w Cieszynie\" src=\"https:\/\/www.pomniki-przyrody.pl\/wp-content\/uploads\/2019\/05\/trzy-pomnikowe-kasztanowce-przy-Ko\u015bciele-Jezusowym-w-Cieszynie.jpg\" alt=\"\" width=\"532\" height=\"800\" srcset=\"https:\/\/www.pomniki-przyrody.pl\/wp-content\/uploads\/2019\/05\/trzy-pomnikowe-kasztanowce-przy-Ko\u015bciele-Jezusowym-w-Cieszynie.jpg 532w, https:\/\/www.pomniki-przyrody.pl\/wp-content\/uploads\/2019\/05\/trzy-pomnikowe-kasztanowce-przy-Ko\u015bciele-Jezusowym-w-Cieszynie-200x300.jpg 200w\" sizes=\"auto, (max-width: 532px) 100vw, 532px\" \/><\/a><\/p>\n<p><a href=\"https:\/\/www.pomniki-przyrody.pl\/wp-content\/uploads\/2019\/05\/pomnikowe-kasztanowce-przy-Ko\u015bciele-Jezusowym-w-Cieszynie.jpg\"><img loading=\"lazy\" decoding=\"async\" class=\"aligncenter wp-image-13627 size-full\" title=\"pomnikowe kasztanowce przy Ko\u015bciele Jezusowym w Cieszynie\" src=\"https:\/\/www.pomniki-przyrody.pl\/wp-content\/uploads\/2019\/05\/pomnikowe-kasztanowce-przy-Ko\u015bciele-Jezusowym-w-Cieszynie.jpg\" alt=\"\" width=\"532\" height=\"800\" srcset=\"https:\/\/www.pomniki-przyrody.pl\/wp-content\/uploads\/2019\/05\/pomnikowe-kasztanowce-przy-Ko\u015bciele-Jezusowym-w-Cieszynie.jpg 532w, https:\/\/www.pomniki-przyrody.pl\/wp-content\/uploads\/2019\/05\/pomnikowe-kasztanowce-przy-Ko\u015bciele-Jezusowym-w-Cieszynie-200x300.jpg 200w\" sizes=\"auto, (max-width: 532px) 100vw, 532px\" \/><\/a><a href=\"https:\/\/www.pomniki-przyrody.pl\/wp-content\/uploads\/2019\/05\/pnie-pomnikowych-kasztanowc\u00f3w-przy-ko\u015bciele-ewangelickim-w-Cieszynie.jpg\"><img loading=\"lazy\" decoding=\"async\" class=\"aligncenter wp-image-13624 size-full\" title=\"pnie pomnikowych kasztanowc\u00f3w przy ko\u015bciele ewangelickim w Cieszynie\" src=\"https:\/\/www.pomniki-przyrody.pl\/wp-content\/uploads\/2019\/05\/pnie-pomnikowych-kasztanowc\u00f3w-przy-ko\u015bciele-ewangelickim-w-Cieszynie.jpg\" alt=\"\" width=\"800\" height=\"532\" srcset=\"https:\/\/www.pomniki-przyrody.pl\/wp-content\/uploads\/2019\/05\/pnie-pomnikowych-kasztanowc\u00f3w-przy-ko\u015bciele-ewangelickim-w-Cieszynie.jpg 800w, https:\/\/www.pomniki-przyrody.pl\/wp-content\/uploads\/2019\/05\/pnie-pomnikowych-kasztanowc\u00f3w-przy-ko\u015bciele-ewangelickim-w-Cieszynie-300x200.jpg 300w, https:\/\/www.pomniki-przyrody.pl\/wp-content\/uploads\/2019\/05\/pnie-pomnikowych-kasztanowc\u00f3w-przy-ko\u015bciele-ewangelickim-w-Cieszynie-768x511.jpg 768w, https:\/\/www.pomniki-przyrody.pl\/wp-content\/uploads\/2019\/05\/pnie-pomnikowych-kasztanowc\u00f3w-przy-ko\u015bciele-ewangelickim-w-Cieszynie-451x300.jpg 451w\" sizes=\"auto, (max-width: 800px) 100vw, 800px\" \/><\/a><\/p>\n<p>Po przeciwnej (po\u0142udniowej) stronie ko\u015bcio\u0142a znajduje si\u0119 teren dawnego cmentarza, kt\u00f3ry w 1905 r. zamieniono na park. Zachowany fragment nekropolii z kilkoma nagrobkami znajduje si\u0119 bli\u017cej \u015bwi\u0105tyni i zosta\u0142 odgrodzony od dost\u0119pnej cz\u0119\u015bci terenu zielonego zwanego Parkiem Ko\u015bcielnym. Dominuj\u0105cym gatunkiem w drzewostanie jego obszaru jest kasztanowiec zwyczajny, 16 najgrubszych egzemplarzy oraz 3 sosny wejmutki, 1 klon polny i 1 robinia akacjowa (\u0142\u0105cznie 21 drzew) sk\u0142adaj\u0105 si\u0119 na grupowy pomnik przyrody.<\/p>\n<p><a href=\"https:\/\/www.pomniki-przyrody.pl\/wp-content\/uploads\/2019\/05\/Pak-Ko\u015bcielny-w-Cieszynie-grupa-pomnikowych-kasztanowc\u00f3w.jpg\"><img loading=\"lazy\" decoding=\"async\" class=\"aligncenter wp-image-13601 size-full\" title=\"Pak Ko\u015bcielny w Cieszynie - grupa pomnikowych kasztanowc\u00f3w\" src=\"https:\/\/www.pomniki-przyrody.pl\/wp-content\/uploads\/2019\/05\/Pak-Ko\u015bcielny-w-Cieszynie-grupa-pomnikowych-kasztanowc\u00f3w.jpg\" alt=\"\" width=\"800\" height=\"532\" srcset=\"https:\/\/www.pomniki-przyrody.pl\/wp-content\/uploads\/2019\/05\/Pak-Ko\u015bcielny-w-Cieszynie-grupa-pomnikowych-kasztanowc\u00f3w.jpg 800w, https:\/\/www.pomniki-przyrody.pl\/wp-content\/uploads\/2019\/05\/Pak-Ko\u015bcielny-w-Cieszynie-grupa-pomnikowych-kasztanowc\u00f3w-300x200.jpg 300w, https:\/\/www.pomniki-przyrody.pl\/wp-content\/uploads\/2019\/05\/Pak-Ko\u015bcielny-w-Cieszynie-grupa-pomnikowych-kasztanowc\u00f3w-768x511.jpg 768w, https:\/\/www.pomniki-przyrody.pl\/wp-content\/uploads\/2019\/05\/Pak-Ko\u015bcielny-w-Cieszynie-grupa-pomnikowych-kasztanowc\u00f3w-451x300.jpg 451w\" sizes=\"auto, (max-width: 800px) 100vw, 800px\" \/><\/a><a href=\"https:\/\/www.pomniki-przyrody.pl\/wp-content\/uploads\/2019\/05\/kasztanowce-w-Parku-Ko\u015bcielnym-w-Cieszynie.jpg\"><img loading=\"lazy\" decoding=\"async\" class=\"aligncenter wp-image-13600 size-full\" title=\"kasztanowce w Parku Ko\u015bcielnym w Cieszynie\" src=\"https:\/\/www.pomniki-przyrody.pl\/wp-content\/uploads\/2019\/05\/kasztanowce-w-Parku-Ko\u015bcielnym-w-Cieszynie.jpg\" alt=\"\" width=\"532\" height=\"800\" srcset=\"https:\/\/www.pomniki-przyrody.pl\/wp-content\/uploads\/2019\/05\/kasztanowce-w-Parku-Ko\u015bcielnym-w-Cieszynie.jpg 532w, https:\/\/www.pomniki-przyrody.pl\/wp-content\/uploads\/2019\/05\/kasztanowce-w-Parku-Ko\u015bcielnym-w-Cieszynie-200x300.jpg 200w\" sizes=\"auto, (max-width: 532px) 100vw, 532px\" \/><\/a><a href=\"https:\/\/www.pomniki-przyrody.pl\/wp-content\/uploads\/2019\/05\/Park-Ko\u015bcielny-w-Cieszynie-pomnikowe-kasztanowce-w-jesiennym-ubarwieniu.jpg\"><img loading=\"lazy\" decoding=\"async\" class=\"aligncenter wp-image-13616 size-full\" title=\"Park Ko\u015bcielny w Cieszynie - pomnikowe kasztanowce w jesiennym ubarwieniu\" src=\"https:\/\/www.pomniki-przyrody.pl\/wp-content\/uploads\/2019\/05\/Park-Ko\u015bcielny-w-Cieszynie-pomnikowe-kasztanowce-w-jesiennym-ubarwieniu.jpg\" alt=\"\" width=\"532\" height=\"800\" srcset=\"https:\/\/www.pomniki-przyrody.pl\/wp-content\/uploads\/2019\/05\/Park-Ko\u015bcielny-w-Cieszynie-pomnikowe-kasztanowce-w-jesiennym-ubarwieniu.jpg 532w, https:\/\/www.pomniki-przyrody.pl\/wp-content\/uploads\/2019\/05\/Park-Ko\u015bcielny-w-Cieszynie-pomnikowe-kasztanowce-w-jesiennym-ubarwieniu-200x300.jpg 200w\" sizes=\"auto, (max-width: 532px) 100vw, 532px\" \/><\/a><\/p>\n<p>Kasztanowce mierz\u0105 w obwodzie\u00a0348, 358, 275, 386, 392, 312, 228, 307, 354, 382, 372, 314, 347, 310, 392, 311 cm, \u015brednia wysoko\u015b\u0107 22 metry.<\/p>\n<p><a href=\"https:\/\/www.pomniki-przyrody.pl\/wp-content\/uploads\/2019\/05\/pomnikowe-kasztanowce-bia\u0142e-w-Parku-Ko\u015bcielnym-w-Cieszynie.jpg\"><img loading=\"lazy\" decoding=\"async\" class=\"aligncenter wp-image-13626 size-full\" title=\"pomnikowe kasztanowce bia\u0142e w Parku Ko\u015bcielnym w Cieszynie\" src=\"https:\/\/www.pomniki-przyrody.pl\/wp-content\/uploads\/2019\/05\/pomnikowe-kasztanowce-bia\u0142e-w-Parku-Ko\u015bcielnym-w-Cieszynie.jpg\" alt=\"\" width=\"532\" height=\"800\" srcset=\"https:\/\/www.pomniki-przyrody.pl\/wp-content\/uploads\/2019\/05\/pomnikowe-kasztanowce-bia\u0142e-w-Parku-Ko\u015bcielnym-w-Cieszynie.jpg 532w, https:\/\/www.pomniki-przyrody.pl\/wp-content\/uploads\/2019\/05\/pomnikowe-kasztanowce-bia\u0142e-w-Parku-Ko\u015bcielnym-w-Cieszynie-200x300.jpg 200w\" sizes=\"auto, (max-width: 532px) 100vw, 532px\" \/><\/a><a href=\"https:\/\/www.pomniki-przyrody.pl\/wp-content\/uploads\/2019\/05\/pomnikowe-kasztanowce-w-Parku-Ko\u015bcielnym-w-Cieszynie.jpg\"><img loading=\"lazy\" decoding=\"async\" class=\"aligncenter wp-image-13629 size-full\" title=\"pomnikowe kasztanowce w Parku Ko\u015bcielnym w Cieszynie\" src=\"https:\/\/www.pomniki-przyrody.pl\/wp-content\/uploads\/2019\/05\/pomnikowe-kasztanowce-w-Parku-Ko\u015bcielnym-w-Cieszynie.jpg\" alt=\"\" width=\"532\" height=\"800\" srcset=\"https:\/\/www.pomniki-przyrody.pl\/wp-content\/uploads\/2019\/05\/pomnikowe-kasztanowce-w-Parku-Ko\u015bcielnym-w-Cieszynie.jpg 532w, https:\/\/www.pomniki-przyrody.pl\/wp-content\/uploads\/2019\/05\/pomnikowe-kasztanowce-w-Parku-Ko\u015bcielnym-w-Cieszynie-200x300.jpg 200w\" sizes=\"auto, (max-width: 532px) 100vw, 532px\" \/><\/a><\/p>\n<p>Najokazalsze egzemplarze rosn\u0105 w po\u0142udniowo &#8211; zachodnim naro\u017cniku parku, u zbiegu ulic Plac Ko\u015bcielny i Paw\u0142a Stalmacha.<\/p>\n<p><a href=\"https:\/\/www.pomniki-przyrody.pl\/wp-content\/uploads\/2019\/05\/pomnikowe-kasztanowce-w-naro\u017cniku-Parku-Ko\u015bcielnego-w-Cieszynie.jpg\"><img loading=\"lazy\" decoding=\"async\" class=\"aligncenter wp-image-13628 size-full\" title=\"pomnikowe kasztanowce w naro\u017cniku Parku Ko\u015bcielnego w Cieszynie\" src=\"https:\/\/www.pomniki-przyrody.pl\/wp-content\/uploads\/2019\/05\/pomnikowe-kasztanowce-w-naro\u017cniku-Parku-Ko\u015bcielnego-w-Cieszynie.jpg\" alt=\"\" width=\"532\" height=\"800\" srcset=\"https:\/\/www.pomniki-przyrody.pl\/wp-content\/uploads\/2019\/05\/pomnikowe-kasztanowce-w-naro\u017cniku-Parku-Ko\u015bcielnego-w-Cieszynie.jpg 532w, https:\/\/www.pomniki-przyrody.pl\/wp-content\/uploads\/2019\/05\/pomnikowe-kasztanowce-w-naro\u017cniku-Parku-Ko\u015bcielnego-w-Cieszynie-200x300.jpg 200w\" sizes=\"auto, (max-width: 532px) 100vw, 532px\" \/><\/a><a href=\"https:\/\/www.pomniki-przyrody.pl\/wp-content\/uploads\/2019\/05\/Park-Ko\u015bcielny-w-Cieszynie-pnie-pomnikowych-kasztanowc\u00f3w.jpg\"><img loading=\"lazy\" decoding=\"async\" class=\"aligncenter wp-image-13609 size-full\" title=\"Park Ko\u015bcielny w Cieszynie - pnie pomnikowych kasztanowc\u00f3w\" src=\"https:\/\/www.pomniki-przyrody.pl\/wp-content\/uploads\/2019\/05\/Park-Ko\u015bcielny-w-Cieszynie-pnie-pomnikowych-kasztanowc\u00f3w.jpg\" alt=\"\" width=\"800\" height=\"532\" srcset=\"https:\/\/www.pomniki-przyrody.pl\/wp-content\/uploads\/2019\/05\/Park-Ko\u015bcielny-w-Cieszynie-pnie-pomnikowych-kasztanowc\u00f3w.jpg 800w, https:\/\/www.pomniki-przyrody.pl\/wp-content\/uploads\/2019\/05\/Park-Ko\u015bcielny-w-Cieszynie-pnie-pomnikowych-kasztanowc\u00f3w-300x200.jpg 300w, https:\/\/www.pomniki-przyrody.pl\/wp-content\/uploads\/2019\/05\/Park-Ko\u015bcielny-w-Cieszynie-pnie-pomnikowych-kasztanowc\u00f3w-768x511.jpg 768w, https:\/\/www.pomniki-przyrody.pl\/wp-content\/uploads\/2019\/05\/Park-Ko\u015bcielny-w-Cieszynie-pnie-pomnikowych-kasztanowc\u00f3w-451x300.jpg 451w\" sizes=\"auto, (max-width: 800px) 100vw, 800px\" \/><\/a><a href=\"https:\/\/www.pomniki-przyrody.pl\/wp-content\/uploads\/2019\/05\/Park-Ko\u015bcielny-w-Cieszynie-pnie-kasztanowc\u00f3w.jpg\"><img loading=\"lazy\" decoding=\"async\" class=\"aligncenter wp-image-13607 size-full\" title=\"Park Ko\u015bcielny w Cieszynie - pnie kasztanowc\u00f3w\" src=\"https:\/\/www.pomniki-przyrody.pl\/wp-content\/uploads\/2019\/05\/Park-Ko\u015bcielny-w-Cieszynie-pnie-kasztanowc\u00f3w.jpg\" alt=\"\" width=\"800\" height=\"532\" srcset=\"https:\/\/www.pomniki-przyrody.pl\/wp-content\/uploads\/2019\/05\/Park-Ko\u015bcielny-w-Cieszynie-pnie-kasztanowc\u00f3w.jpg 800w, https:\/\/www.pomniki-przyrody.pl\/wp-content\/uploads\/2019\/05\/Park-Ko\u015bcielny-w-Cieszynie-pnie-kasztanowc\u00f3w-300x200.jpg 300w, https:\/\/www.pomniki-przyrody.pl\/wp-content\/uploads\/2019\/05\/Park-Ko\u015bcielny-w-Cieszynie-pnie-kasztanowc\u00f3w-768x511.jpg 768w, https:\/\/www.pomniki-przyrody.pl\/wp-content\/uploads\/2019\/05\/Park-Ko\u015bcielny-w-Cieszynie-pnie-kasztanowc\u00f3w-451x300.jpg 451w\" sizes=\"auto, (max-width: 800px) 100vw, 800px\" \/><\/a><a href=\"https:\/\/www.pomniki-przyrody.pl\/wp-content\/uploads\/2019\/05\/Park-Ko\u015bcielny-w-Cieszynie-pnie-okaza\u0142ych-kasztanowc\u00f3w.jpg\"><img loading=\"lazy\" decoding=\"async\" class=\"aligncenter wp-image-13608 size-full\" title=\"Park Ko\u015bcielny w Cieszynie - pnie okaza\u0142ych kasztanowc\u00f3w\" src=\"https:\/\/www.pomniki-przyrody.pl\/wp-content\/uploads\/2019\/05\/Park-Ko\u015bcielny-w-Cieszynie-pnie-okaza\u0142ych-kasztanowc\u00f3w.jpg\" alt=\"\" width=\"532\" height=\"800\" srcset=\"https:\/\/www.pomniki-przyrody.pl\/wp-content\/uploads\/2019\/05\/Park-Ko\u015bcielny-w-Cieszynie-pnie-okaza\u0142ych-kasztanowc\u00f3w.jpg 532w, https:\/\/www.pomniki-przyrody.pl\/wp-content\/uploads\/2019\/05\/Park-Ko\u015bcielny-w-Cieszynie-pnie-okaza\u0142ych-kasztanowc\u00f3w-200x300.jpg 200w\" sizes=\"auto, (max-width: 532px) 100vw, 532px\" \/><\/a><a href=\"https:\/\/www.pomniki-przyrody.pl\/wp-content\/uploads\/2019\/05\/Park-Ko\u015bcielny-w-Cieszynie-pie\u0144-pomnikowego-kasztanowca.jpg\"><img loading=\"lazy\" decoding=\"async\" class=\"aligncenter wp-image-13602 size-full\" title=\"Park Ko\u015bcielny w Cieszynie - pie\u0144 pomnikowego kasztanowca\" src=\"https:\/\/www.pomniki-przyrody.pl\/wp-content\/uploads\/2019\/05\/Park-Ko\u015bcielny-w-Cieszynie-pie\u0144-pomnikowego-kasztanowca.jpg\" alt=\"\" width=\"532\" height=\"800\" srcset=\"https:\/\/www.pomniki-przyrody.pl\/wp-content\/uploads\/2019\/05\/Park-Ko\u015bcielny-w-Cieszynie-pie\u0144-pomnikowego-kasztanowca.jpg 532w, https:\/\/www.pomniki-przyrody.pl\/wp-content\/uploads\/2019\/05\/Park-Ko\u015bcielny-w-Cieszynie-pie\u0144-pomnikowego-kasztanowca-200x300.jpg 200w\" sizes=\"auto, (max-width: 532px) 100vw, 532px\" \/><\/a><\/p>\n<p>Tu\u017c obok tej grupy drzew ro\u015bnie klon polny o bardzo oryginalnym pokroju. Pochylona sylwetka tego drzewa, kt\u00f3rego konary przechodz\u0105 poza ogrodzenie, zosta\u0142a ustabilizowana podpor\u0105.<\/p>\n<p><a href=\"https:\/\/www.pomniki-przyrody.pl\/wp-content\/uploads\/2019\/05\/Park-Ko\u015bcielny-w-Cieszynie-pomnikowy-klon-polny-paklon.jpg\"><img loading=\"lazy\" decoding=\"async\" class=\"aligncenter wp-image-13618 size-full\" title=\"Park Ko\u015bcielny w Cieszynie - pomnikowy klon polny (paklon)\" src=\"https:\/\/www.pomniki-przyrody.pl\/wp-content\/uploads\/2019\/05\/Park-Ko\u015bcielny-w-Cieszynie-pomnikowy-klon-polny-paklon.jpg\" alt=\"\" width=\"532\" height=\"800\" srcset=\"https:\/\/www.pomniki-przyrody.pl\/wp-content\/uploads\/2019\/05\/Park-Ko\u015bcielny-w-Cieszynie-pomnikowy-klon-polny-paklon.jpg 532w, https:\/\/www.pomniki-przyrody.pl\/wp-content\/uploads\/2019\/05\/Park-Ko\u015bcielny-w-Cieszynie-pomnikowy-klon-polny-paklon-200x300.jpg 200w\" sizes=\"auto, (max-width: 532px) 100vw, 532px\" \/><\/a><a href=\"https:\/\/www.pomniki-przyrody.pl\/wp-content\/uploads\/2019\/05\/Park-Ko\u015bcielny-w-Cieszynie-pomnikowy-klon-polny.jpg\"><img loading=\"lazy\" decoding=\"async\" class=\"aligncenter wp-image-13619 size-full\" title=\"Park Ko\u015bcielny w Cieszynie - pomnikowy klon polny\" src=\"https:\/\/www.pomniki-przyrody.pl\/wp-content\/uploads\/2019\/05\/Park-Ko\u015bcielny-w-Cieszynie-pomnikowy-klon-polny.jpg\" alt=\"\" width=\"532\" height=\"800\" srcset=\"https:\/\/www.pomniki-przyrody.pl\/wp-content\/uploads\/2019\/05\/Park-Ko\u015bcielny-w-Cieszynie-pomnikowy-klon-polny.jpg 532w, https:\/\/www.pomniki-przyrody.pl\/wp-content\/uploads\/2019\/05\/Park-Ko\u015bcielny-w-Cieszynie-pomnikowy-klon-polny-200x300.jpg 200w\" sizes=\"auto, (max-width: 532px) 100vw, 532px\" \/><\/a><\/p>\n<p><a href=\"https:\/\/www.pomniki-przyrody.pl\/wp-content\/uploads\/2019\/05\/Park-Ko\u015bcielny-w-Cieszynie-pomnikowy-paklon.jpg\"><img loading=\"lazy\" decoding=\"async\" class=\"aligncenter wp-image-13620 size-full\" title=\"Park Ko\u015bcielny w Cieszynie - pomnikowy paklon\" src=\"https:\/\/www.pomniki-przyrody.pl\/wp-content\/uploads\/2019\/05\/Park-Ko\u015bcielny-w-Cieszynie-pomnikowy-paklon.jpg\" alt=\"\" width=\"532\" height=\"800\" srcset=\"https:\/\/www.pomniki-przyrody.pl\/wp-content\/uploads\/2019\/05\/Park-Ko\u015bcielny-w-Cieszynie-pomnikowy-paklon.jpg 532w, https:\/\/www.pomniki-przyrody.pl\/wp-content\/uploads\/2019\/05\/Park-Ko\u015bcielny-w-Cieszynie-pomnikowy-paklon-200x300.jpg 200w\" sizes=\"auto, (max-width: 532px) 100vw, 532px\" \/><\/a><\/p>\n<p>Klon mierzy w obwodzie 254 cm, wysoko\u015b\u0107 okazu 14 metr\u00f3w.<\/p>\n<p><a href=\"https:\/\/www.pomniki-przyrody.pl\/wp-content\/uploads\/2019\/05\/Park-Ko\u015bcielny-w-Cieszynie-pie\u0144-pomnikowego-klonu-polnego.jpg\"><img loading=\"lazy\" decoding=\"async\" class=\"aligncenter wp-image-13603 size-full\" title=\"Park Ko\u015bcielny w Cieszynie - pie\u0144 pomnikowego klonu polnego\" src=\"https:\/\/www.pomniki-przyrody.pl\/wp-content\/uploads\/2019\/05\/Park-Ko\u015bcielny-w-Cieszynie-pie\u0144-pomnikowego-klonu-polnego.jpg\" alt=\"\" width=\"532\" height=\"800\" srcset=\"https:\/\/www.pomniki-przyrody.pl\/wp-content\/uploads\/2019\/05\/Park-Ko\u015bcielny-w-Cieszynie-pie\u0144-pomnikowego-klonu-polnego.jpg 532w, https:\/\/www.pomniki-przyrody.pl\/wp-content\/uploads\/2019\/05\/Park-Ko\u015bcielny-w-Cieszynie-pie\u0144-pomnikowego-klonu-polnego-200x300.jpg 200w\" sizes=\"auto, (max-width: 532px) 100vw, 532px\" \/><\/a><\/p>\n<p>Przy samym ogrodzeniu parku (wzd\u0142u\u017c ulicy P. Stalmacha) rosn\u0105 3 sosny wejmutki o obwodach\u00a0156, 195, 203 cm i wysoko\u015bci 20 m.<\/p>\n<p><a href=\"https:\/\/www.pomniki-przyrody.pl\/wp-content\/uploads\/2019\/05\/park-otaczaj\u0105cy-ko\u015bci\u00f3\u0142-ewangelicki-w-Cieszynie.jpg\"><img loading=\"lazy\" decoding=\"async\" class=\"aligncenter wp-image-13621 size-full\" title=\"park otaczaj\u0105cy ko\u015bci\u00f3\u0142 ewangelicki w Cieszynie\" src=\"https:\/\/www.pomniki-przyrody.pl\/wp-content\/uploads\/2019\/05\/park-otaczaj\u0105cy-ko\u015bci\u00f3\u0142-ewangelicki-w-Cieszynie.jpg\" alt=\"\" width=\"532\" height=\"800\" srcset=\"https:\/\/www.pomniki-przyrody.pl\/wp-content\/uploads\/2019\/05\/park-otaczaj\u0105cy-ko\u015bci\u00f3\u0142-ewangelicki-w-Cieszynie.jpg 532w, https:\/\/www.pomniki-przyrody.pl\/wp-content\/uploads\/2019\/05\/park-otaczaj\u0105cy-ko\u015bci\u00f3\u0142-ewangelicki-w-Cieszynie-200x300.jpg 200w\" sizes=\"auto, (max-width: 532px) 100vw, 532px\" \/><\/a><a href=\"https:\/\/www.pomniki-przyrody.pl\/wp-content\/uploads\/2019\/05\/Park-Ko\u015bcielny-w-Cieszynie-pomnikowe-sosny-wejmutki.jpg\"><img loading=\"lazy\" decoding=\"async\" class=\"aligncenter wp-image-13617 size-full\" title=\"Park Ko\u015bcielny w Cieszynie - pomnikowe sosny wejmutki\" src=\"https:\/\/www.pomniki-przyrody.pl\/wp-content\/uploads\/2019\/05\/Park-Ko\u015bcielny-w-Cieszynie-pomnikowe-sosny-wejmutki.jpg\" alt=\"\" width=\"532\" height=\"800\" srcset=\"https:\/\/www.pomniki-przyrody.pl\/wp-content\/uploads\/2019\/05\/Park-Ko\u015bcielny-w-Cieszynie-pomnikowe-sosny-wejmutki.jpg 532w, https:\/\/www.pomniki-przyrody.pl\/wp-content\/uploads\/2019\/05\/Park-Ko\u015bcielny-w-Cieszynie-pomnikowe-sosny-wejmutki-200x300.jpg 200w\" sizes=\"auto, (max-width: 532px) 100vw, 532px\" \/><\/a><\/p>\n<p><a href=\"https:\/\/www.pomniki-przyrody.pl\/wp-content\/uploads\/2019\/05\/Park-Ko\u015bcielny-w-Cieszynie-pomnikowa-sosna-wejmutka.jpg\"><img loading=\"lazy\" decoding=\"async\" class=\"aligncenter wp-image-13615 size-full\" title=\"Park Ko\u015bcielny w Cieszynie - pomnikowa sosna wejmutka\" src=\"https:\/\/www.pomniki-przyrody.pl\/wp-content\/uploads\/2019\/05\/Park-Ko\u015bcielny-w-Cieszynie-pomnikowa-sosna-wejmutka.jpg\" alt=\"\" width=\"521\" height=\"800\" srcset=\"https:\/\/www.pomniki-przyrody.pl\/wp-content\/uploads\/2019\/05\/Park-Ko\u015bcielny-w-Cieszynie-pomnikowa-sosna-wejmutka.jpg 521w, https:\/\/www.pomniki-przyrody.pl\/wp-content\/uploads\/2019\/05\/Park-Ko\u015bcielny-w-Cieszynie-pomnikowa-sosna-wejmutka-195x300.jpg 195w\" sizes=\"auto, (max-width: 521px) 100vw, 521px\" \/><\/a><\/p>\n<p><a href=\"https:\/\/www.pomniki-przyrody.pl\/wp-content\/uploads\/2019\/05\/Park-Ko\u015bcielny-w-Cieszynie-pomnikowa-sosna-wejmutka-I.jpg\"><img loading=\"lazy\" decoding=\"async\" class=\"aligncenter wp-image-13612 size-full\" title=\"Park Ko\u015bcielny w Cieszynie - pomnikowa sosna wejmutka I\" src=\"https:\/\/www.pomniki-przyrody.pl\/wp-content\/uploads\/2019\/05\/Park-Ko\u015bcielny-w-Cieszynie-pomnikowa-sosna-wejmutka-I.jpg\" alt=\"\" width=\"532\" height=\"800\" srcset=\"https:\/\/www.pomniki-przyrody.pl\/wp-content\/uploads\/2019\/05\/Park-Ko\u015bcielny-w-Cieszynie-pomnikowa-sosna-wejmutka-I.jpg 532w, https:\/\/www.pomniki-przyrody.pl\/wp-content\/uploads\/2019\/05\/Park-Ko\u015bcielny-w-Cieszynie-pomnikowa-sosna-wejmutka-I-200x300.jpg 200w\" sizes=\"auto, (max-width: 532px) 100vw, 532px\" \/><\/a><a href=\"https:\/\/www.pomniki-przyrody.pl\/wp-content\/uploads\/2019\/05\/Park-Ko\u015bcielny-w-Cieszynie-pie\u0144-pomnikowej-sosny-wejmutki-I.jpg\"><img loading=\"lazy\" decoding=\"async\" class=\"aligncenter wp-image-13605 size-full\" title=\"Park Ko\u015bcielny w Cieszynie - pie\u0144 pomnikowej sosny wejmutki I\" src=\"https:\/\/www.pomniki-przyrody.pl\/wp-content\/uploads\/2019\/05\/Park-Ko\u015bcielny-w-Cieszynie-pie\u0144-pomnikowej-sosny-wejmutki-I.jpg\" alt=\"\" width=\"532\" height=\"800\" srcset=\"https:\/\/www.pomniki-przyrody.pl\/wp-content\/uploads\/2019\/05\/Park-Ko\u015bcielny-w-Cieszynie-pie\u0144-pomnikowej-sosny-wejmutki-I.jpg 532w, https:\/\/www.pomniki-przyrody.pl\/wp-content\/uploads\/2019\/05\/Park-Ko\u015bcielny-w-Cieszynie-pie\u0144-pomnikowej-sosny-wejmutki-I-200x300.jpg 200w\" sizes=\"auto, (max-width: 532px) 100vw, 532px\" \/><\/a><a href=\"https:\/\/www.pomniki-przyrody.pl\/wp-content\/uploads\/2019\/05\/Park-Ko\u015bcielny-w-Cieszynie-pomnikowa-sosna-wejmutka-II.jpg\"><img loading=\"lazy\" decoding=\"async\" class=\"aligncenter wp-image-13613 size-full\" title=\"Park Ko\u015bcielny w Cieszynie - pomnikowa sosna wejmutka II\" src=\"https:\/\/www.pomniki-przyrody.pl\/wp-content\/uploads\/2019\/05\/Park-Ko\u015bcielny-w-Cieszynie-pomnikowa-sosna-wejmutka-II.jpg\" alt=\"\" width=\"532\" height=\"800\" srcset=\"https:\/\/www.pomniki-przyrody.pl\/wp-content\/uploads\/2019\/05\/Park-Ko\u015bcielny-w-Cieszynie-pomnikowa-sosna-wejmutka-II.jpg 532w, https:\/\/www.pomniki-przyrody.pl\/wp-content\/uploads\/2019\/05\/Park-Ko\u015bcielny-w-Cieszynie-pomnikowa-sosna-wejmutka-II-200x300.jpg 200w\" sizes=\"auto, (max-width: 532px) 100vw, 532px\" \/><\/a><a href=\"https:\/\/www.pomniki-przyrody.pl\/wp-content\/uploads\/2019\/05\/Park-Ko\u015bcielny-w-Cieszynie-pie\u0144-pomnikowej-sosny-wejmutki-II.jpg\"><img loading=\"lazy\" decoding=\"async\" class=\"aligncenter wp-image-13606 size-full\" title=\"Park Ko\u015bcielny w Cieszynie - pie\u0144 pomnikowej sosny wejmutki II\" src=\"https:\/\/www.pomniki-przyrody.pl\/wp-content\/uploads\/2019\/05\/Park-Ko\u015bcielny-w-Cieszynie-pie\u0144-pomnikowej-sosny-wejmutki-II.jpg\" alt=\"\" width=\"532\" height=\"800\" srcset=\"https:\/\/www.pomniki-przyrody.pl\/wp-content\/uploads\/2019\/05\/Park-Ko\u015bcielny-w-Cieszynie-pie\u0144-pomnikowej-sosny-wejmutki-II.jpg 532w, https:\/\/www.pomniki-przyrody.pl\/wp-content\/uploads\/2019\/05\/Park-Ko\u015bcielny-w-Cieszynie-pie\u0144-pomnikowej-sosny-wejmutki-II-200x300.jpg 200w\" sizes=\"auto, (max-width: 532px) 100vw, 532px\" \/><\/a><\/p>\n<p><a href=\"https:\/\/www.pomniki-przyrody.pl\/wp-content\/uploads\/2019\/05\/Park-Ko\u015bcielny-w-Cieszynie-pomnikowa-sosna-wejmutka-III.jpg\"><img loading=\"lazy\" decoding=\"async\" class=\"aligncenter wp-image-13614 size-full\" title=\"Park Ko\u015bcielny w Cieszynie - pomnikowa sosna wejmutka III\" src=\"https:\/\/www.pomniki-przyrody.pl\/wp-content\/uploads\/2019\/05\/Park-Ko\u015bcielny-w-Cieszynie-pomnikowa-sosna-wejmutka-III.jpg\" alt=\"\" width=\"532\" height=\"800\" srcset=\"https:\/\/www.pomniki-przyrody.pl\/wp-content\/uploads\/2019\/05\/Park-Ko\u015bcielny-w-Cieszynie-pomnikowa-sosna-wejmutka-III.jpg 532w, https:\/\/www.pomniki-przyrody.pl\/wp-content\/uploads\/2019\/05\/Park-Ko\u015bcielny-w-Cieszynie-pomnikowa-sosna-wejmutka-III-200x300.jpg 200w\" sizes=\"auto, (max-width: 532px) 100vw, 532px\" \/><\/a><\/p>\n<p>Robinia bia\u0142a posiada pie\u0144 o obwodzie 235 cm, wysoko\u015b\u0107 drzewa 20 metr\u00f3w.<\/p>\n<p><a href=\"https:\/\/www.pomniki-przyrody.pl\/wp-content\/uploads\/2019\/05\/Park-Ko\u015bcielny-w-Cieszynie-pomnikowa-robinia-bia\u0142a.jpg\"><img loading=\"lazy\" decoding=\"async\" class=\"aligncenter wp-image-13610 size-full\" title=\"Park Ko\u015bcielny w Cieszynie - pomnikowa robinia bia\u0142a\" src=\"https:\/\/www.pomniki-przyrody.pl\/wp-content\/uploads\/2019\/05\/Park-Ko\u015bcielny-w-Cieszynie-pomnikowa-robinia-bia\u0142a.jpg\" alt=\"\" width=\"532\" height=\"800\" srcset=\"https:\/\/www.pomniki-przyrody.pl\/wp-content\/uploads\/2019\/05\/Park-Ko\u015bcielny-w-Cieszynie-pomnikowa-robinia-bia\u0142a.jpg 532w, https:\/\/www.pomniki-przyrody.pl\/wp-content\/uploads\/2019\/05\/Park-Ko\u015bcielny-w-Cieszynie-pomnikowa-robinia-bia\u0142a-200x300.jpg 200w\" sizes=\"auto, (max-width: 532px) 100vw, 532px\" \/><\/a><a href=\"https:\/\/www.pomniki-przyrody.pl\/wp-content\/uploads\/2019\/05\/Park-Ko\u015bcielny-w-Cieszynie-pomnikowa-robinia.jpg\"><img loading=\"lazy\" decoding=\"async\" class=\"aligncenter wp-image-13611 size-full\" title=\"Park Ko\u015bcielny w Cieszynie - pomnikowa robinia\" src=\"https:\/\/www.pomniki-przyrody.pl\/wp-content\/uploads\/2019\/05\/Park-Ko\u015bcielny-w-Cieszynie-pomnikowa-robinia.jpg\" alt=\"\" width=\"532\" height=\"800\" srcset=\"https:\/\/www.pomniki-przyrody.pl\/wp-content\/uploads\/2019\/05\/Park-Ko\u015bcielny-w-Cieszynie-pomnikowa-robinia.jpg 532w, https:\/\/www.pomniki-przyrody.pl\/wp-content\/uploads\/2019\/05\/Park-Ko\u015bcielny-w-Cieszynie-pomnikowa-robinia-200x300.jpg 200w\" sizes=\"auto, (max-width: 532px) 100vw, 532px\" \/><\/a><a href=\"https:\/\/www.pomniki-przyrody.pl\/wp-content\/uploads\/2019\/05\/Park-Ko\u015bcielny-w-Cieszynie-pie\u0144-pomnikowej-robinii-bia\u0142ej.jpg\"><img loading=\"lazy\" decoding=\"async\" class=\"aligncenter wp-image-13604 size-full\" title=\"Park Ko\u015bcielny w Cieszynie - pie\u0144 pomnikowej robinii bia\u0142ej\" src=\"https:\/\/www.pomniki-przyrody.pl\/wp-content\/uploads\/2019\/05\/Park-Ko\u015bcielny-w-Cieszynie-pie\u0144-pomnikowej-robinii-bia\u0142ej.jpg\" alt=\"\" width=\"532\" height=\"800\" srcset=\"https:\/\/www.pomniki-przyrody.pl\/wp-content\/uploads\/2019\/05\/Park-Ko\u015bcielny-w-Cieszynie-pie\u0144-pomnikowej-robinii-bia\u0142ej.jpg 532w, https:\/\/www.pomniki-przyrody.pl\/wp-content\/uploads\/2019\/05\/Park-Ko\u015bcielny-w-Cieszynie-pie\u0144-pomnikowej-robinii-bia\u0142ej-200x300.jpg 200w\" sizes=\"auto, (max-width: 532px) 100vw, 532px\" \/><\/a><\/p>\n<p>Wspania\u0142e aleje wysadzane kasztanowcami znajduj\u0105 si\u0119 w pobliskim Parku Kasztanowym, nie osi\u0105gn\u0119\u0142y one jednak jeszcze wymiar\u00f3w pomnikowych. Pomnikiem przyrody w tym parku jest topola kanadyjska, o kt\u00f3rej napisz\u0119 w nast\u0119pnym artykule.<\/p>\n","protected":false},"excerpt":{"rendered":"<p>Na mocy ugody altransztadzkiej zawartej w 1707 r. pomi\u0119dzy kr\u00f3lem szwedzkim Karolem XII a cesarzem Austrii J\u00f3zefem I Habsburgiem w Altranst\u00e4dt\u00a0zwr\u00f3cono \u015bl\u0105skim protestantom 104 ko\u015bcio\u0142y (odebranych w latach 1648\u20131654) i pozwolono na budow\u0119 sze\u015bciu nowych \u015bwi\u0105ty\u0144, nazwanymi \u201eko\u015bcio\u0142ami \u0142aski\u201d.\u00a0Ko\u015bcio\u0142y w &hellip; <a href=\"https:\/\/www.pomniki-przyrody.pl\/?p=13596\">Czytaj dalej <span class=\"meta-nav\">&rarr;<\/span><\/a><\/p>\n","protected":false},"author":2,"featured_media":0,"comment_status":"open","ping_status":"open","sticky":false,"template":"","format":"standard","meta":{"footnotes":""},"categories":[1],"tags":[1761,1053,1767,1766,1420,863],"class_list":["post-13596","post","type-post","status-publish","format-standard","hentry","category-przyroda-ozywiona","tag-cieszyn","tag-klon-polny","tag-park-koscielny-w-cieszynie","tag-pomnikowe-kasztanowce","tag-slaskie","tag-sosna-wejmutka"],"_links":{"self":[{"href":"https:\/\/www.pomniki-przyrody.pl\/index.php?rest_route=\/wp\/v2\/posts\/13596","targetHints":{"allow":["GET"]}}],"collection":[{"href":"https:\/\/www.pomniki-przyrody.pl\/index.php?rest_route=\/wp\/v2\/posts"}],"about":[{"href":"https:\/\/www.pomniki-przyrody.pl\/index.php?rest_route=\/wp\/v2\/types\/post"}],"author":[{"embeddable":true,"href":"https:\/\/www.pomniki-przyrody.pl\/index.php?rest_route=\/wp\/v2\/users\/2"}],"replies":[{"embeddable":true,"href":"https:\/\/www.pomniki-przyrody.pl\/index.php?rest_route=%2Fwp%2Fv2%2Fcomments&post=13596"}],"version-history":[{"count":4,"href":"https:\/\/www.pomniki-przyrody.pl\/index.php?rest_route=\/wp\/v2\/posts\/13596\/revisions"}],"predecessor-version":[{"id":13635,"href":"https:\/\/www.pomniki-przyrody.pl\/index.php?rest_route=\/wp\/v2\/posts\/13596\/revisions\/13635"}],"wp:attachment":[{"href":"https:\/\/www.pomniki-przyrody.pl\/index.php?rest_route=%2Fwp%2Fv2%2Fmedia&parent=13596"}],"wp:term":[{"taxonomy":"category","embeddable":true,"href":"https:\/\/www.pomniki-przyrody.pl\/index.php?rest_route=%2Fwp%2Fv2%2Fcategories&post=13596"},{"taxonomy":"post_tag","embeddable":true,"href":"https:\/\/www.pomniki-przyrody.pl\/index.php?rest_route=%2Fwp%2Fv2%2Ftags&post=13596"}],"curies":[{"name":"wp","href":"https:\/\/api.w.org\/{rel}","templated":true}]}}