{"id":14187,"date":"2020-01-07T19:26:15","date_gmt":"2020-01-07T18:26:15","guid":{"rendered":"http:\/\/www.pomniki-przyrody.pl\/?p=14187"},"modified":"2020-01-07T19:26:15","modified_gmt":"2020-01-07T18:26:15","slug":"siedem-sowek-i-niedzwiedzia-skala-w-gorach-sowich-gm-pieszyce-dolnoslaskie","status":"publish","type":"post","link":"https:\/\/www.pomniki-przyrody.pl\/?p=14187","title":{"rendered":"Siedem S\u00f3wek i Nied\u017awiedzia Ska\u0142a w G\u00f3rach Sowich (gm. Pieszyce, dolno\u015bl\u0105skie)."},"content":{"rendered":"<p>G\u00f3ry Sowie s\u0105 cz\u0119\u015bci\u0105 Sudet\u00f3w \u015arodkowych i ci\u0105gn\u0105 si\u0119 na przestrzeni 26 km od Doliny Bystrzycy po Prze\u0142\u0119cz Srebrn\u0105. Przewa\u017caj\u0105ca cz\u0119\u015b\u0107 G\u00f3r Sowich zbudowana jest z gnejs\u00f3w i podrz\u0119dnie z migmatyt\u00f3w tworz\u0105cych tzw. kr\u0119 sowiog\u00f3rsk\u0105. W krajobrazie dominuj\u0105 sp\u0142aszczone wierzchowiny i strome, przewa\u017cnie wyr\u00f3wnane stoki. Wyst\u0119puj\u0105ce tu formy ska\u0142kowe s\u0105 rzadkie, zwykle niskie, schowane w lesie, bez fantazyjnych kszta\u0142t\u00f3w &#8211; tym samym ma\u0142o znane. Niemniej kilka z nich ustanowiono pomnikami przyrody nieo\u017cywionej: <a href=\"https:\/\/www.pomniki-przyrody.pl\/?p=3171\"><span style=\"color: #0000ff;\">S\u0119pik i Babi Kamie\u0144<\/span><\/a>, <a href=\"https:\/\/www.pomniki-przyrody.pl\/?p=4525\"><span style=\"color: #0000ff;\">Diamentowe Ska\u0142ki na Lirniku<\/span><\/a> oraz trudne do oznaczenia jednoznacznej lokalizacji ska\u0142ki w okolicach Bystrzycy G\u00f3rnej.<\/p>\n<p>W ostatnim czasie grupa chronionych ustawowo ska\u0142ek powi\u0119kszy\u0142a si\u0119 o dwa nowe obiekty. Uchwa\u0142\u0105 nr XLV\/322\/2018 Rady Miejskiej w Pieszycach z dnia 23 maja 2018 r. ochron\u0105 pomnikow\u0105 obj\u0119to Nied\u017awiedzi\u0105 Ska\u0142\u0119 i Siedem S\u00f3wek &#8211; obie zlokalizowane w masywie Wielkiej Sowy. Bardziej dost\u0119pna bo znajduj\u0105ca si\u0119 przy ucz\u0119szczanym szlaku turystycznym jest Nied\u017awiedzia Ska\u0142a.<\/p>\n<p><a href=\"https:\/\/www.pomniki-przyrody.pl\/wp-content\/uploads\/2019\/12\/Nied\u017cwiedzia-Ska\u0142a-przy-szlaku-na-Wielk\u0105-Sow\u0119.jpg\"><img loading=\"lazy\" decoding=\"async\" class=\"aligncenter wp-image-14191 size-full\" title=\"Nied\u017awiedzia Ska\u0142a przy szlaku na Wielk\u0105 Sow\u0119\" src=\"https:\/\/www.pomniki-przyrody.pl\/wp-content\/uploads\/2019\/12\/Nied\u017cwiedzia-Ska\u0142a-przy-szlaku-na-Wielk\u0105-Sow\u0119.jpg\" alt=\"Nied\u017awiedzia Ska\u0142a przy szlaku na Wielk\u0105 Sow\u0119\" width=\"800\" height=\"532\" srcset=\"https:\/\/www.pomniki-przyrody.pl\/wp-content\/uploads\/2019\/12\/Nied\u017cwiedzia-Ska\u0142a-przy-szlaku-na-Wielk\u0105-Sow\u0119.jpg 800w, https:\/\/www.pomniki-przyrody.pl\/wp-content\/uploads\/2019\/12\/Nied\u017cwiedzia-Ska\u0142a-przy-szlaku-na-Wielk\u0105-Sow\u0119-300x200.jpg 300w, https:\/\/www.pomniki-przyrody.pl\/wp-content\/uploads\/2019\/12\/Nied\u017cwiedzia-Ska\u0142a-przy-szlaku-na-Wielk\u0105-Sow\u0119-768x511.jpg 768w, https:\/\/www.pomniki-przyrody.pl\/wp-content\/uploads\/2019\/12\/Nied\u017cwiedzia-Ska\u0142a-przy-szlaku-na-Wielk\u0105-Sow\u0119-451x300.jpg 451w\" sizes=\"auto, (max-width: 800px) 100vw, 800px\" \/><\/a><a href=\"https:\/\/www.pomniki-przyrody.pl\/wp-content\/uploads\/2019\/12\/Nied\u017cwiedzia-Ska\u0142a-w-G\u00f3rach-Sowich.jpg\"><img loading=\"lazy\" decoding=\"async\" class=\"aligncenter wp-image-14192 size-full\" title=\"Nied\u017awiedzia Ska\u0142a w G\u00f3rach Sowich\" src=\"https:\/\/www.pomniki-przyrody.pl\/wp-content\/uploads\/2019\/12\/Nied\u017cwiedzia-Ska\u0142a-w-G\u00f3rach-Sowich.jpg\" alt=\"Nied\u017awiedzia Ska\u0142a w G\u00f3rach Sowich\" width=\"800\" height=\"532\" srcset=\"https:\/\/www.pomniki-przyrody.pl\/wp-content\/uploads\/2019\/12\/Nied\u017cwiedzia-Ska\u0142a-w-G\u00f3rach-Sowich.jpg 800w, https:\/\/www.pomniki-przyrody.pl\/wp-content\/uploads\/2019\/12\/Nied\u017cwiedzia-Ska\u0142a-w-G\u00f3rach-Sowich-300x200.jpg 300w, https:\/\/www.pomniki-przyrody.pl\/wp-content\/uploads\/2019\/12\/Nied\u017cwiedzia-Ska\u0142a-w-G\u00f3rach-Sowich-768x511.jpg 768w, https:\/\/www.pomniki-przyrody.pl\/wp-content\/uploads\/2019\/12\/Nied\u017cwiedzia-Ska\u0142a-w-G\u00f3rach-Sowich-451x300.jpg 451w\" sizes=\"auto, (max-width: 800px) 100vw, 800px\" \/><\/a><\/p>\n<p>Ska\u0142ka po\u0142o\u017cona jest tu\u017c przy czerwonym szlaku z Prze\u0142\u0119czy Jugowskiej na Wielk\u0105 Sow\u0119, 200 m na po\u0142udnie od kulminacji Koziej R\u00f3wni, na wysoko\u015bci ok. 920 m n.p.m.<\/p>\n<p><a href=\"https:\/\/www.pomniki-przyrody.pl\/wp-content\/uploads\/2019\/12\/Nied\u017cwiedzia-Ska\u0142a.jpg\"><img loading=\"lazy\" decoding=\"async\" class=\"aligncenter wp-image-14193 size-full\" title=\"Nied\u017awiedzia Ska\u0142a\" src=\"https:\/\/www.pomniki-przyrody.pl\/wp-content\/uploads\/2019\/12\/Nied\u017cwiedzia-Ska\u0142a.jpg\" alt=\"Nied\u017awiedzia Ska\u0142a\" width=\"800\" height=\"532\" srcset=\"https:\/\/www.pomniki-przyrody.pl\/wp-content\/uploads\/2019\/12\/Nied\u017cwiedzia-Ska\u0142a.jpg 800w, https:\/\/www.pomniki-przyrody.pl\/wp-content\/uploads\/2019\/12\/Nied\u017cwiedzia-Ska\u0142a-300x200.jpg 300w, https:\/\/www.pomniki-przyrody.pl\/wp-content\/uploads\/2019\/12\/Nied\u017cwiedzia-Ska\u0142a-768x511.jpg 768w, https:\/\/www.pomniki-przyrody.pl\/wp-content\/uploads\/2019\/12\/Nied\u017cwiedzia-Ska\u0142a-451x300.jpg 451w\" sizes=\"auto, (max-width: 800px) 100vw, 800px\" \/><\/a><a href=\"https:\/\/www.pomniki-przyrody.pl\/wp-content\/uploads\/2019\/12\/pomnik-przyrody-nieozywionej-Nied\u017cwiedzia-Ska\u0142a.jpg\"><img loading=\"lazy\" decoding=\"async\" class=\"aligncenter wp-image-14195 size-full\" title=\"pomnik przyrody nieo\u017cywionej Nied\u017awiedzia Ska\u0142a\" src=\"https:\/\/www.pomniki-przyrody.pl\/wp-content\/uploads\/2019\/12\/pomnik-przyrody-nieozywionej-Nied\u017cwiedzia-Ska\u0142a.jpg\" alt=\"pomnik przyrody nieo\u017cywionej Nied\u017awiedzia Ska\u0142a\" width=\"800\" height=\"532\" srcset=\"https:\/\/www.pomniki-przyrody.pl\/wp-content\/uploads\/2019\/12\/pomnik-przyrody-nieozywionej-Nied\u017cwiedzia-Ska\u0142a.jpg 800w, https:\/\/www.pomniki-przyrody.pl\/wp-content\/uploads\/2019\/12\/pomnik-przyrody-nieozywionej-Nied\u017cwiedzia-Ska\u0142a-300x200.jpg 300w, https:\/\/www.pomniki-przyrody.pl\/wp-content\/uploads\/2019\/12\/pomnik-przyrody-nieozywionej-Nied\u017cwiedzia-Ska\u0142a-768x511.jpg 768w, https:\/\/www.pomniki-przyrody.pl\/wp-content\/uploads\/2019\/12\/pomnik-przyrody-nieozywionej-Nied\u017cwiedzia-Ska\u0142a-451x300.jpg 451w\" sizes=\"auto, (max-width: 800px) 100vw, 800px\" \/><\/a><\/p>\n<p>Nied\u017awiedzia Ska\u0142a ma charakter asymetrycznej baszty o nieregularnym kszta\u0142cie o wymiarach 10 na 10 m i wysoko\u015bci 1,5 m od strony wierzchowiny i 5 m od strony stoku. Wok\u00f3\u0142 niej znajduje si\u0119 g\u0142azowisko utworzone przez od\u0142amki skalne o d\u0142ugo\u015bci nie przekraczaj\u0105cej metra. Zbudowana jest z gnejs\u00f3w warstewkowych. Dawniej teren wok\u00f3\u0142 ska\u0142y porasta\u0142 b\u00f3r \u015bwierkowy, obecnie jest ods\u0142oni\u0119ta.<\/p>\n<p><a href=\"https:\/\/www.pomniki-przyrody.pl\/wp-content\/uploads\/2019\/12\/pomnik-przyrody-nieo\u017cywionej-Nied\u017cwiedzia-Ska\u0142a.jpg\"><img loading=\"lazy\" decoding=\"async\" class=\"aligncenter wp-image-14196 size-full\" title=\"pomnik przyrody nieo\u017cywionej Nied\u017awiedzia Ska\u0142a\" src=\"https:\/\/www.pomniki-przyrody.pl\/wp-content\/uploads\/2019\/12\/pomnik-przyrody-nieo\u017cywionej-Nied\u017cwiedzia-Ska\u0142a.jpg\" alt=\"pomnik przyrody nieo\u017cywionej Nied\u017awiedzia Ska\u0142a\" width=\"800\" height=\"532\" srcset=\"https:\/\/www.pomniki-przyrody.pl\/wp-content\/uploads\/2019\/12\/pomnik-przyrody-nieo\u017cywionej-Nied\u017cwiedzia-Ska\u0142a.jpg 800w, https:\/\/www.pomniki-przyrody.pl\/wp-content\/uploads\/2019\/12\/pomnik-przyrody-nieo\u017cywionej-Nied\u017cwiedzia-Ska\u0142a-300x200.jpg 300w, https:\/\/www.pomniki-przyrody.pl\/wp-content\/uploads\/2019\/12\/pomnik-przyrody-nieo\u017cywionej-Nied\u017cwiedzia-Ska\u0142a-768x511.jpg 768w, https:\/\/www.pomniki-przyrody.pl\/wp-content\/uploads\/2019\/12\/pomnik-przyrody-nieo\u017cywionej-Nied\u017cwiedzia-Ska\u0142a-451x300.jpg 451w\" sizes=\"auto, (max-width: 800px) 100vw, 800px\" \/><\/a><a href=\"https:\/\/www.pomniki-przyrody.pl\/wp-content\/uploads\/2019\/12\/pomnik-przyrody-Nied\u017cwiedzia-Ska\u0142a.jpg\"><img loading=\"lazy\" decoding=\"async\" class=\"aligncenter wp-image-14194 size-full\" title=\"pomnik przyrody Nied\u017awiedzia Ska\u0142a\" src=\"https:\/\/www.pomniki-przyrody.pl\/wp-content\/uploads\/2019\/12\/pomnik-przyrody-Nied\u017cwiedzia-Ska\u0142a.jpg\" alt=\"pomnik przyrody Nied\u017awiedzia Ska\u0142a\" width=\"800\" height=\"532\" srcset=\"https:\/\/www.pomniki-przyrody.pl\/wp-content\/uploads\/2019\/12\/pomnik-przyrody-Nied\u017cwiedzia-Ska\u0142a.jpg 800w, https:\/\/www.pomniki-przyrody.pl\/wp-content\/uploads\/2019\/12\/pomnik-przyrody-Nied\u017cwiedzia-Ska\u0142a-300x200.jpg 300w, https:\/\/www.pomniki-przyrody.pl\/wp-content\/uploads\/2019\/12\/pomnik-przyrody-Nied\u017cwiedzia-Ska\u0142a-768x511.jpg 768w, https:\/\/www.pomniki-przyrody.pl\/wp-content\/uploads\/2019\/12\/pomnik-przyrody-Nied\u017cwiedzia-Ska\u0142a-451x300.jpg 451w\" sizes=\"auto, (max-width: 800px) 100vw, 800px\" \/><\/a><\/p>\n<p>Ska\u0142ka nie zosta\u0142a w \u017caden spos\u00f3b oznakowana, brakuje nawet tablicy z nazw\u0105. Elementem rozpoznawczym jest umocowana na \u015bcianie dwuj\u0119zyczna tablica po\u015bwi\u0119cona pami\u0119ci Hermanna Henkla &#8211; miejscowego, przedwojennego dzia\u0142acza turystycznego.<\/p>\n<p><a href=\"https:\/\/www.pomniki-przyrody.pl\/wp-content\/uploads\/2019\/12\/gnejsowa-Nied\u017cwiedzia-Ska\u0142a.jpg\"><img loading=\"lazy\" decoding=\"async\" class=\"aligncenter wp-image-14189 size-full\" title=\"gnejsowa Nied\u017awiedzia Ska\u0142a\" src=\"https:\/\/www.pomniki-przyrody.pl\/wp-content\/uploads\/2019\/12\/gnejsowa-Nied\u017cwiedzia-Ska\u0142a.jpg\" alt=\"gnejsowa Nied\u017awiedzia Ska\u0142a\" width=\"532\" height=\"800\" srcset=\"https:\/\/www.pomniki-przyrody.pl\/wp-content\/uploads\/2019\/12\/gnejsowa-Nied\u017cwiedzia-Ska\u0142a.jpg 532w, https:\/\/www.pomniki-przyrody.pl\/wp-content\/uploads\/2019\/12\/gnejsowa-Nied\u017cwiedzia-Ska\u0142a-200x300.jpg 200w\" sizes=\"auto, (max-width: 532px) 100vw, 532px\" \/><\/a><a href=\"https:\/\/www.pomniki-przyrody.pl\/wp-content\/uploads\/2019\/12\/Nied\u017cwiedzia-Ska\u0142a-tablica-po\u015bwi\u0119cona-Hermannowi-Henkelowi.jpg\"><img loading=\"lazy\" decoding=\"async\" class=\"aligncenter wp-image-14190 size-full\" title=\"Nied\u017awiedzia Ska\u0142a - tablica po\u015bwi\u0119cona Hermannowi Henkelowi\" src=\"https:\/\/www.pomniki-przyrody.pl\/wp-content\/uploads\/2019\/12\/Nied\u017cwiedzia-Ska\u0142a-tablica-po\u015bwi\u0119cona-Hermannowi-Henkelowi.jpg\" alt=\"Nied\u017awiedzia Ska\u0142a - tablica po\u015bwi\u0119cona Hermannowi Henkelowi\" width=\"800\" height=\"593\" srcset=\"https:\/\/www.pomniki-przyrody.pl\/wp-content\/uploads\/2019\/12\/Nied\u017cwiedzia-Ska\u0142a-tablica-po\u015bwi\u0119cona-Hermannowi-Henkelowi.jpg 800w, https:\/\/www.pomniki-przyrody.pl\/wp-content\/uploads\/2019\/12\/Nied\u017cwiedzia-Ska\u0142a-tablica-po\u015bwi\u0119cona-Hermannowi-Henkelowi-300x222.jpg 300w, https:\/\/www.pomniki-przyrody.pl\/wp-content\/uploads\/2019\/12\/Nied\u017cwiedzia-Ska\u0142a-tablica-po\u015bwi\u0119cona-Hermannowi-Henkelowi-768x569.jpg 768w, https:\/\/www.pomniki-przyrody.pl\/wp-content\/uploads\/2019\/12\/Nied\u017cwiedzia-Ska\u0142a-tablica-po\u015bwi\u0119cona-Hermannowi-Henkelowi-405x300.jpg 405w\" sizes=\"auto, (max-width: 800px) 100vw, 800px\" \/><\/a><\/p>\n<p>Siedem S\u00f3wek to grupa skalna zlokalizowana na kr\u00f3tkim, bocznym grzbiecie poni\u017cej rozdro\u017ca Starej Jod\u0142y, na zach\u00f3d od Kamionek, na wysoko\u015bci 460 &#8211; 520 m n.p.m. Ska\u0142ki o charakterze nieci\u0105g\u0142ego muru o d\u0142ugo\u015bci ok. 200 m ods\u0142aniaj\u0105 si\u0119 na p\u00f3\u0142nocnym, bardzo stromym zboczu, poro\u015bni\u0119tym lasem z przewag\u0105 buka pospolitego.<\/p>\n<p><a href=\"https:\/\/www.pomniki-przyrody.pl\/wp-content\/uploads\/2019\/12\/Siedem-S\u00f3wek-w-G\u00f3rach-Sowich.jpg\"><img loading=\"lazy\" decoding=\"async\" class=\"aligncenter wp-image-14204 size-full\" title=\"Siedem S\u00f3wek w G\u00f3rach Sowich\" src=\"https:\/\/www.pomniki-przyrody.pl\/wp-content\/uploads\/2019\/12\/Siedem-S\u00f3wek-w-G\u00f3rach-Sowich.jpg\" alt=\"Siedem S\u00f3wek w G\u00f3rach Sowich\" width=\"532\" height=\"800\" srcset=\"https:\/\/www.pomniki-przyrody.pl\/wp-content\/uploads\/2019\/12\/Siedem-S\u00f3wek-w-G\u00f3rach-Sowich.jpg 532w, https:\/\/www.pomniki-przyrody.pl\/wp-content\/uploads\/2019\/12\/Siedem-S\u00f3wek-w-G\u00f3rach-Sowich-200x300.jpg 200w\" sizes=\"auto, (max-width: 532px) 100vw, 532px\" \/><\/a><a href=\"https:\/\/www.pomniki-przyrody.pl\/wp-content\/uploads\/2019\/12\/pomnik-przyrody-Siedem-S\u00f3wek.jpg\"><img loading=\"lazy\" decoding=\"async\" class=\"aligncenter wp-image-14198 size-full\" title=\"pomnik przyrody Siedem S\u00f3wek\" src=\"https:\/\/www.pomniki-przyrody.pl\/wp-content\/uploads\/2019\/12\/pomnik-przyrody-Siedem-S\u00f3wek.jpg\" alt=\"pomnik przyrody Siedem S\u00f3wek\" width=\"800\" height=\"532\" srcset=\"https:\/\/www.pomniki-przyrody.pl\/wp-content\/uploads\/2019\/12\/pomnik-przyrody-Siedem-S\u00f3wek.jpg 800w, https:\/\/www.pomniki-przyrody.pl\/wp-content\/uploads\/2019\/12\/pomnik-przyrody-Siedem-S\u00f3wek-300x200.jpg 300w, https:\/\/www.pomniki-przyrody.pl\/wp-content\/uploads\/2019\/12\/pomnik-przyrody-Siedem-S\u00f3wek-768x511.jpg 768w, https:\/\/www.pomniki-przyrody.pl\/wp-content\/uploads\/2019\/12\/pomnik-przyrody-Siedem-S\u00f3wek-451x300.jpg 451w\" sizes=\"auto, (max-width: 800px) 100vw, 800px\" \/><\/a><a href=\"https:\/\/www.pomniki-przyrody.pl\/wp-content\/uploads\/2019\/12\/pomnik-przyrody-nieo\u017cywionej-Siedem-S\u00f3wek.jpg\"><img loading=\"lazy\" decoding=\"async\" class=\"aligncenter wp-image-14197 size-full\" title=\"pomnik przyrody nieo\u017cywionej Siedem S\u00f3wek\" src=\"https:\/\/www.pomniki-przyrody.pl\/wp-content\/uploads\/2019\/12\/pomnik-przyrody-nieo\u017cywionej-Siedem-S\u00f3wek.jpg\" alt=\"pomnik przyrody nieo\u017cywionej Siedem S\u00f3wek\" width=\"800\" height=\"532\" srcset=\"https:\/\/www.pomniki-przyrody.pl\/wp-content\/uploads\/2019\/12\/pomnik-przyrody-nieo\u017cywionej-Siedem-S\u00f3wek.jpg 800w, https:\/\/www.pomniki-przyrody.pl\/wp-content\/uploads\/2019\/12\/pomnik-przyrody-nieo\u017cywionej-Siedem-S\u00f3wek-300x200.jpg 300w, https:\/\/www.pomniki-przyrody.pl\/wp-content\/uploads\/2019\/12\/pomnik-przyrody-nieo\u017cywionej-Siedem-S\u00f3wek-768x511.jpg 768w, https:\/\/www.pomniki-przyrody.pl\/wp-content\/uploads\/2019\/12\/pomnik-przyrody-nieo\u017cywionej-Siedem-S\u00f3wek-451x300.jpg 451w\" sizes=\"auto, (max-width: 800px) 100vw, 800px\" \/><\/a><\/p>\n<p>Ska\u0142y &#8222;Siedem S\u00f3wek&#8221; znajduj\u0105 si\u0119 na trasie \u015bcie\u017cki\u00a0 przyrodniczej Lasocin &#8211; Kamionki znakowanej pomara\u0144czowym tr\u00f3jk\u0105tem. Dla zmotoryzowanych dobrym punktem wyj\u015bcia b\u0119dzie parking przy ko\u015bciele pw. Anio\u0142a Str\u00f3\u017ca w Kamionkach (obok \u015bwi\u0105tyni rosn\u0105 pi\u0119kne lipy). \u015acie\u017cka dydaktyczna trawersuje strome zbocze poni\u017cej pomnikowych ska\u0142ek.<\/p>\n<p><a href=\"https:\/\/www.pomniki-przyrody.pl\/wp-content\/uploads\/2019\/12\/tablica-na-trasie-\u015bciezki-dydakycznej.jpg\"><img loading=\"lazy\" decoding=\"async\" class=\"aligncenter wp-image-14208 size-full\" title=\"tablica na trasie \u015bcie\u017cki dydaktycznej\" src=\"https:\/\/www.pomniki-przyrody.pl\/wp-content\/uploads\/2019\/12\/tablica-na-trasie-\u015bciezki-dydakycznej.jpg\" alt=\"tablica na trasie \u015bcie\u017cki dydaktycznej\" width=\"900\" height=\"653\" srcset=\"https:\/\/www.pomniki-przyrody.pl\/wp-content\/uploads\/2019\/12\/tablica-na-trasie-\u015bciezki-dydakycznej.jpg 900w, https:\/\/www.pomniki-przyrody.pl\/wp-content\/uploads\/2019\/12\/tablica-na-trasie-\u015bciezki-dydakycznej-300x218.jpg 300w, https:\/\/www.pomniki-przyrody.pl\/wp-content\/uploads\/2019\/12\/tablica-na-trasie-\u015bciezki-dydakycznej-768x557.jpg 768w, https:\/\/www.pomniki-przyrody.pl\/wp-content\/uploads\/2019\/12\/tablica-na-trasie-\u015bciezki-dydakycznej-413x300.jpg 413w\" sizes=\"auto, (max-width: 900px) 100vw, 900px\" \/><\/a><a href=\"https:\/\/www.pomniki-przyrody.pl\/wp-content\/uploads\/2019\/12\/trasa-\u015bcie\u017cki-dydaktycznej-poni\u017cej-Siedmiu-S\u00f3wek.jpg\"><img loading=\"lazy\" decoding=\"async\" class=\"aligncenter wp-image-14209 size-full\" title=\"trasa \u015bcie\u017cki dydaktycznej poni\u017cej Siedmiu S\u00f3wek\" src=\"https:\/\/www.pomniki-przyrody.pl\/wp-content\/uploads\/2019\/12\/trasa-\u015bcie\u017cki-dydaktycznej-poni\u017cej-Siedmiu-S\u00f3wek.jpg\" alt=\"trasa \u015bcie\u017cki dydaktycznej poni\u017cej Siedmiu S\u00f3wek\" width=\"800\" height=\"532\" srcset=\"https:\/\/www.pomniki-przyrody.pl\/wp-content\/uploads\/2019\/12\/trasa-\u015bcie\u017cki-dydaktycznej-poni\u017cej-Siedmiu-S\u00f3wek.jpg 800w, https:\/\/www.pomniki-przyrody.pl\/wp-content\/uploads\/2019\/12\/trasa-\u015bcie\u017cki-dydaktycznej-poni\u017cej-Siedmiu-S\u00f3wek-300x200.jpg 300w, https:\/\/www.pomniki-przyrody.pl\/wp-content\/uploads\/2019\/12\/trasa-\u015bcie\u017cki-dydaktycznej-poni\u017cej-Siedmiu-S\u00f3wek-768x511.jpg 768w, https:\/\/www.pomniki-przyrody.pl\/wp-content\/uploads\/2019\/12\/trasa-\u015bcie\u017cki-dydaktycznej-poni\u017cej-Siedmiu-S\u00f3wek-451x300.jpg 451w\" sizes=\"auto, (max-width: 800px) 100vw, 800px\" \/><\/a><\/p>\n<p>Ochron\u0105 pomnikow\u0105 obj\u0119to wychodni\u0119 skaln\u0105 sk\u0142adaj\u0105c\u0105 si\u0119 z kolejno po sobie nast\u0119puj\u0105cych ambon i \u015bcian, wyst\u0119puj\u0105cych w dw\u00f3ch poziomach wysoko\u015bciowych: bezpo\u015brednio poni\u017cej osi grzbietu i w po\u0142owie wysoko\u015bci stoku.<\/p>\n<p><a href=\"https:\/\/www.pomniki-przyrody.pl\/wp-content\/uploads\/2019\/12\/zlepie\u0144cowe-ska\u0142y-Siedem-S\u00f3wek.jpg\"><img loading=\"lazy\" decoding=\"async\" class=\"aligncenter wp-image-14211 size-full\" title=\"zlepie\u0144cowe ska\u0142y - Siedem S\u00f3wek\" src=\"https:\/\/www.pomniki-przyrody.pl\/wp-content\/uploads\/2019\/12\/zlepie\u0144cowe-ska\u0142y-Siedem-S\u00f3wek.jpg\" alt=\"zlepie\u0144cowe ska\u0142y - Siedem S\u00f3wek\" width=\"532\" height=\"800\" srcset=\"https:\/\/www.pomniki-przyrody.pl\/wp-content\/uploads\/2019\/12\/zlepie\u0144cowe-ska\u0142y-Siedem-S\u00f3wek.jpg 532w, https:\/\/www.pomniki-przyrody.pl\/wp-content\/uploads\/2019\/12\/zlepie\u0144cowe-ska\u0142y-Siedem-S\u00f3wek-200x300.jpg 200w\" sizes=\"auto, (max-width: 532px) 100vw, 532px\" \/><\/a><a href=\"https:\/\/www.pomniki-przyrody.pl\/wp-content\/uploads\/2019\/12\/pomnikowe-ska\u0142ki-Siedem-S\u00f3wek.jpg\"><img loading=\"lazy\" decoding=\"async\" class=\"aligncenter wp-image-14200 size-full\" title=\"pomnikowe ska\u0142ki Siedem S\u00f3wek\" src=\"https:\/\/www.pomniki-przyrody.pl\/wp-content\/uploads\/2019\/12\/pomnikowe-ska\u0142ki-Siedem-S\u00f3wek.jpg\" alt=\"pomnikowe ska\u0142ki Siedem S\u00f3wek\" width=\"532\" height=\"800\" srcset=\"https:\/\/www.pomniki-przyrody.pl\/wp-content\/uploads\/2019\/12\/pomnikowe-ska\u0142ki-Siedem-S\u00f3wek.jpg 532w, https:\/\/www.pomniki-przyrody.pl\/wp-content\/uploads\/2019\/12\/pomnikowe-ska\u0142ki-Siedem-S\u00f3wek-200x300.jpg 200w\" sizes=\"auto, (max-width: 532px) 100vw, 532px\" \/><\/a><a href=\"https:\/\/www.pomniki-przyrody.pl\/wp-content\/uploads\/2019\/12\/ska\u0142ki-zlepie\u0144cowe-Siedem-S\u00f3wek.jpg\"><img loading=\"lazy\" decoding=\"async\" class=\"aligncenter wp-image-14207 size-full\" title=\"ska\u0142ki zlepie\u0144cowe Siedem S\u00f3wek\" src=\"https:\/\/www.pomniki-przyrody.pl\/wp-content\/uploads\/2019\/12\/ska\u0142ki-zlepie\u0144cowe-Siedem-S\u00f3wek.jpg\" alt=\"ska\u0142ki zlepie\u0144cowe Siedem S\u00f3wek\" width=\"800\" height=\"532\" srcset=\"https:\/\/www.pomniki-przyrody.pl\/wp-content\/uploads\/2019\/12\/ska\u0142ki-zlepie\u0144cowe-Siedem-S\u00f3wek.jpg 800w, https:\/\/www.pomniki-przyrody.pl\/wp-content\/uploads\/2019\/12\/ska\u0142ki-zlepie\u0144cowe-Siedem-S\u00f3wek-300x200.jpg 300w, https:\/\/www.pomniki-przyrody.pl\/wp-content\/uploads\/2019\/12\/ska\u0142ki-zlepie\u0144cowe-Siedem-S\u00f3wek-768x511.jpg 768w, https:\/\/www.pomniki-przyrody.pl\/wp-content\/uploads\/2019\/12\/ska\u0142ki-zlepie\u0144cowe-Siedem-S\u00f3wek-451x300.jpg 451w\" sizes=\"auto, (max-width: 800px) 100vw, 800px\" \/><\/a><a href=\"https:\/\/www.pomniki-przyrody.pl\/wp-content\/uploads\/2019\/12\/pomnikowa-ska\u0142ka-w-grupie-Siedmiu-S\u00f3wek.jpg\"><img loading=\"lazy\" decoding=\"async\" class=\"aligncenter wp-image-14199 size-full\" title=\"pomnikowa ska\u0142ka w grupie Siedmiu S\u00f3wek\" src=\"https:\/\/www.pomniki-przyrody.pl\/wp-content\/uploads\/2019\/12\/pomnikowa-ska\u0142ka-w-grupie-Siedmiu-S\u00f3wek.jpg\" alt=\"pomnikowa ska\u0142ka w grupie Siedmiu S\u00f3wek\" width=\"800\" height=\"532\" srcset=\"https:\/\/www.pomniki-przyrody.pl\/wp-content\/uploads\/2019\/12\/pomnikowa-ska\u0142ka-w-grupie-Siedmiu-S\u00f3wek.jpg 800w, https:\/\/www.pomniki-przyrody.pl\/wp-content\/uploads\/2019\/12\/pomnikowa-ska\u0142ka-w-grupie-Siedmiu-S\u00f3wek-300x200.jpg 300w, https:\/\/www.pomniki-przyrody.pl\/wp-content\/uploads\/2019\/12\/pomnikowa-ska\u0142ka-w-grupie-Siedmiu-S\u00f3wek-768x511.jpg 768w, https:\/\/www.pomniki-przyrody.pl\/wp-content\/uploads\/2019\/12\/pomnikowa-ska\u0142ka-w-grupie-Siedmiu-S\u00f3wek-451x300.jpg 451w\" sizes=\"auto, (max-width: 800px) 100vw, 800px\" \/><\/a><a href=\"https:\/\/www.pomniki-przyrody.pl\/wp-content\/uploads\/2019\/12\/Siedem-S\u00f3wek-pomnik-przyrody-nieo\u017cywionej.jpg\"><img loading=\"lazy\" decoding=\"async\" class=\"aligncenter wp-image-14201 size-full\" title=\"Siedem S\u00f3wek - pomnik przyrody nieo\u017cywionej\" src=\"https:\/\/www.pomniki-przyrody.pl\/wp-content\/uploads\/2019\/12\/Siedem-S\u00f3wek-pomnik-przyrody-nieo\u017cywionej.jpg\" alt=\"Siedem S\u00f3wek - pomnik przyrody nieo\u017cywionej\" width=\"800\" height=\"580\" srcset=\"https:\/\/www.pomniki-przyrody.pl\/wp-content\/uploads\/2019\/12\/Siedem-S\u00f3wek-pomnik-przyrody-nieo\u017cywionej.jpg 800w, https:\/\/www.pomniki-przyrody.pl\/wp-content\/uploads\/2019\/12\/Siedem-S\u00f3wek-pomnik-przyrody-nieo\u017cywionej-300x218.jpg 300w, https:\/\/www.pomniki-przyrody.pl\/wp-content\/uploads\/2019\/12\/Siedem-S\u00f3wek-pomnik-przyrody-nieo\u017cywionej-768x557.jpg 768w, https:\/\/www.pomniki-przyrody.pl\/wp-content\/uploads\/2019\/12\/Siedem-S\u00f3wek-pomnik-przyrody-nieo\u017cywionej-414x300.jpg 414w\" sizes=\"auto, (max-width: 800px) 100vw, 800px\" \/><\/a><a href=\"https:\/\/www.pomniki-przyrody.pl\/wp-content\/uploads\/2019\/12\/Siedem-S\u00f3wek-pomnik-przyrody.jpg\"><img loading=\"lazy\" decoding=\"async\" class=\"alignnone wp-image-14202 size-full\" title=\"Siedem S\u00f3wek - pomnik przyrody\" src=\"https:\/\/www.pomniki-przyrody.pl\/wp-content\/uploads\/2019\/12\/Siedem-S\u00f3wek-pomnik-przyrody.jpg\" alt=\"Siedem S\u00f3wek - pomnik przyrody\" width=\"532\" height=\"800\" srcset=\"https:\/\/www.pomniki-przyrody.pl\/wp-content\/uploads\/2019\/12\/Siedem-S\u00f3wek-pomnik-przyrody.jpg 532w, https:\/\/www.pomniki-przyrody.pl\/wp-content\/uploads\/2019\/12\/Siedem-S\u00f3wek-pomnik-przyrody-200x300.jpg 200w\" sizes=\"auto, (max-width: 532px) 100vw, 532px\" \/><\/a><a href=\"https:\/\/www.pomniki-przyrody.pl\/wp-content\/uploads\/2019\/12\/ska\u0142ka-w-grupie-Siedmiu-S\u00f3wek.jpg\"><img loading=\"lazy\" decoding=\"async\" class=\"aligncenter wp-image-14205 size-full\" title=\"ska\u0142ka w grupie Siedmiu S\u00f3wek\" src=\"https:\/\/www.pomniki-przyrody.pl\/wp-content\/uploads\/2019\/12\/ska\u0142ka-w-grupie-Siedmiu-S\u00f3wek.jpg\" alt=\"ska\u0142ka w grupie Siedmiu S\u00f3wek\" width=\"800\" height=\"532\" srcset=\"https:\/\/www.pomniki-przyrody.pl\/wp-content\/uploads\/2019\/12\/ska\u0142ka-w-grupie-Siedmiu-S\u00f3wek.jpg 800w, https:\/\/www.pomniki-przyrody.pl\/wp-content\/uploads\/2019\/12\/ska\u0142ka-w-grupie-Siedmiu-S\u00f3wek-300x200.jpg 300w, https:\/\/www.pomniki-przyrody.pl\/wp-content\/uploads\/2019\/12\/ska\u0142ka-w-grupie-Siedmiu-S\u00f3wek-768x511.jpg 768w, https:\/\/www.pomniki-przyrody.pl\/wp-content\/uploads\/2019\/12\/ska\u0142ka-w-grupie-Siedmiu-S\u00f3wek-451x300.jpg 451w\" sizes=\"auto, (max-width: 800px) 100vw, 800px\" \/><\/a><a href=\"https:\/\/www.pomniki-przyrody.pl\/wp-content\/uploads\/2019\/12\/autor-przed-grup\u0105-skalna-Siedem-S\u00f3wek.jpg\"><img loading=\"lazy\" decoding=\"async\" class=\"aligncenter wp-image-14188 size-full\" title=\"autor przed grup\u0105 skaln\u0105 Siedem S\u00f3wek\" src=\"https:\/\/www.pomniki-przyrody.pl\/wp-content\/uploads\/2019\/12\/autor-przed-grup\u0105-skalna-Siedem-S\u00f3wek.jpg\" alt=\"autor przed grup\u0105 skaln\u0105 Siedem S\u00f3wek\" width=\"800\" height=\"534\" srcset=\"https:\/\/www.pomniki-przyrody.pl\/wp-content\/uploads\/2019\/12\/autor-przed-grup\u0105-skalna-Siedem-S\u00f3wek.jpg 800w, https:\/\/www.pomniki-przyrody.pl\/wp-content\/uploads\/2019\/12\/autor-przed-grup\u0105-skalna-Siedem-S\u00f3wek-300x200.jpg 300w, https:\/\/www.pomniki-przyrody.pl\/wp-content\/uploads\/2019\/12\/autor-przed-grup\u0105-skalna-Siedem-S\u00f3wek-768x513.jpg 768w, https:\/\/www.pomniki-przyrody.pl\/wp-content\/uploads\/2019\/12\/autor-przed-grup\u0105-skalna-Siedem-S\u00f3wek-449x300.jpg 449w\" sizes=\"auto, (max-width: 800px) 100vw, 800px\" \/><\/a><a href=\"https:\/\/www.pomniki-przyrody.pl\/wp-content\/uploads\/2019\/12\/ska\u0142ka-zlepie\u0144cowa-w-grupie-Siedmiu-S\u00f3wek.jpg\"><img loading=\"lazy\" decoding=\"async\" class=\"aligncenter size-full wp-image-14206\" src=\"https:\/\/www.pomniki-przyrody.pl\/wp-content\/uploads\/2019\/12\/ska\u0142ka-zlepie\u0144cowa-w-grupie-Siedmiu-S\u00f3wek.jpg\" alt=\"ska\u0142ka zlepie\u0144cowa w grupie Siedmiu S\u00f3wek\" width=\"532\" height=\"800\" srcset=\"https:\/\/www.pomniki-przyrody.pl\/wp-content\/uploads\/2019\/12\/ska\u0142ka-zlepie\u0144cowa-w-grupie-Siedmiu-S\u00f3wek.jpg 532w, https:\/\/www.pomniki-przyrody.pl\/wp-content\/uploads\/2019\/12\/ska\u0142ka-zlepie\u0144cowa-w-grupie-Siedmiu-S\u00f3wek-200x300.jpg 200w\" sizes=\"auto, (max-width: 532px) 100vw, 532px\" \/><\/a><\/p>\n<p>Materia\u0142em buduj\u0105cym Siedem S\u00f3wek jest masywny zlepieniec dolnego karbonu (w niekt\u00f3rych opracowaniach podaje si\u0119 mylnie gnejs), o otoczakach dochodz\u0105cych do 15 cm d\u0142ugo\u015bci.<\/p>\n<p><a href=\"https:\/\/www.pomniki-przyrody.pl\/wp-content\/uploads\/2019\/12\/zlepieniec-buduj\u0105cy-Siedem-S\u00f3wek.jpg\"><img loading=\"lazy\" decoding=\"async\" class=\"aligncenter wp-image-14210 size-full\" title=\"zlepieniec buduj\u0105cy Siedem S\u00f3wek\" src=\"https:\/\/www.pomniki-przyrody.pl\/wp-content\/uploads\/2019\/12\/zlepieniec-buduj\u0105cy-Siedem-S\u00f3wek.jpg\" alt=\"zlepieniec buduj\u0105cy Siedem S\u00f3wek\" width=\"800\" height=\"532\" srcset=\"https:\/\/www.pomniki-przyrody.pl\/wp-content\/uploads\/2019\/12\/zlepieniec-buduj\u0105cy-Siedem-S\u00f3wek.jpg 800w, https:\/\/www.pomniki-przyrody.pl\/wp-content\/uploads\/2019\/12\/zlepieniec-buduj\u0105cy-Siedem-S\u00f3wek-300x200.jpg 300w, https:\/\/www.pomniki-przyrody.pl\/wp-content\/uploads\/2019\/12\/zlepieniec-buduj\u0105cy-Siedem-S\u00f3wek-768x511.jpg 768w, https:\/\/www.pomniki-przyrody.pl\/wp-content\/uploads\/2019\/12\/zlepieniec-buduj\u0105cy-Siedem-S\u00f3wek-451x300.jpg 451w\" sizes=\"auto, (max-width: 800px) 100vw, 800px\" \/><\/a><a href=\"https:\/\/www.pomniki-przyrody.pl\/wp-content\/uploads\/2019\/12\/Siedem-S\u00f3wek-zlepieniec-buduj\u0105cy-ska\u0142y.jpg\"><img loading=\"lazy\" decoding=\"async\" class=\"aligncenter wp-image-14203 size-full\" title=\"Siedem S\u00f3wek - zlepieniec buduj\u0105cy ska\u0142y\" src=\"https:\/\/www.pomniki-przyrody.pl\/wp-content\/uploads\/2019\/12\/Siedem-S\u00f3wek-zlepieniec-buduj\u0105cy-ska\u0142y.jpg\" alt=\"Siedem S\u00f3wek - zlepieniec buduj\u0105cy ska\u0142y\" width=\"800\" height=\"532\" srcset=\"https:\/\/www.pomniki-przyrody.pl\/wp-content\/uploads\/2019\/12\/Siedem-S\u00f3wek-zlepieniec-buduj\u0105cy-ska\u0142y.jpg 800w, https:\/\/www.pomniki-przyrody.pl\/wp-content\/uploads\/2019\/12\/Siedem-S\u00f3wek-zlepieniec-buduj\u0105cy-ska\u0142y-300x200.jpg 300w, https:\/\/www.pomniki-przyrody.pl\/wp-content\/uploads\/2019\/12\/Siedem-S\u00f3wek-zlepieniec-buduj\u0105cy-ska\u0142y-768x511.jpg 768w, https:\/\/www.pomniki-przyrody.pl\/wp-content\/uploads\/2019\/12\/Siedem-S\u00f3wek-zlepieniec-buduj\u0105cy-ska\u0142y-451x300.jpg 451w\" sizes=\"auto, (max-width: 800px) 100vw, 800px\" \/><\/a><\/p>\n<p>O opisanych wy\u017cej i innych sowiog\u00f3rskich ska\u0142kach mo\u017cna poczyta\u0107 w artykule Piotra Migonia &#8222;Formy ska\u0142kowe masywu Wielkiej Sowy (G\u00f3ry Sowie)&#8221;, Przyroda Sudet\u00f3w t. 7 (2004 r.), strony 205 &#8211; 212.\u00a0<\/p>\n","protected":false},"excerpt":{"rendered":"<p>G\u00f3ry Sowie s\u0105 cz\u0119\u015bci\u0105 Sudet\u00f3w \u015arodkowych i ci\u0105gn\u0105 si\u0119 na przestrzeni 26 km od Doliny Bystrzycy po Prze\u0142\u0119cz Srebrn\u0105. Przewa\u017caj\u0105ca cz\u0119\u015b\u0107 G\u00f3r Sowich zbudowana jest z gnejs\u00f3w i podrz\u0119dnie z migmatyt\u00f3w tworz\u0105cych tzw. kr\u0119 sowiog\u00f3rsk\u0105. W krajobrazie dominuj\u0105 sp\u0142aszczone wierzchowiny &hellip; <a href=\"https:\/\/www.pomniki-przyrody.pl\/?p=14187\">Czytaj dalej <span class=\"meta-nav\">&rarr;<\/span><\/a><\/p>\n","protected":false},"author":2,"featured_media":0,"comment_status":"open","ping_status":"open","sticky":false,"template":"","format":"standard","meta":{"footnotes":""},"categories":[3],"tags":[1483,1811,159,1808,1807,160,1810,1809],"class_list":["post-14187","post","type-post","status-publish","format-standard","hentry","category-przyroda-nieozywiona","tag-dolnoslaskie","tag-gmina-pieszyce","tag-gnejsy","tag-niedzwiedzia-skala","tag-siedem-sowek","tag-skalki-gnejsowe","tag-skalki-zlepiencowe","tag-zlepience"],"_links":{"self":[{"href":"https:\/\/www.pomniki-przyrody.pl\/index.php?rest_route=\/wp\/v2\/posts\/14187","targetHints":{"allow":["GET"]}}],"collection":[{"href":"https:\/\/www.pomniki-przyrody.pl\/index.php?rest_route=\/wp\/v2\/posts"}],"about":[{"href":"https:\/\/www.pomniki-przyrody.pl\/index.php?rest_route=\/wp\/v2\/types\/post"}],"author":[{"embeddable":true,"href":"https:\/\/www.pomniki-przyrody.pl\/index.php?rest_route=\/wp\/v2\/users\/2"}],"replies":[{"embeddable":true,"href":"https:\/\/www.pomniki-przyrody.pl\/index.php?rest_route=%2Fwp%2Fv2%2Fcomments&post=14187"}],"version-history":[{"count":3,"href":"https:\/\/www.pomniki-przyrody.pl\/index.php?rest_route=\/wp\/v2\/posts\/14187\/revisions"}],"predecessor-version":[{"id":14215,"href":"https:\/\/www.pomniki-przyrody.pl\/index.php?rest_route=\/wp\/v2\/posts\/14187\/revisions\/14215"}],"wp:attachment":[{"href":"https:\/\/www.pomniki-przyrody.pl\/index.php?rest_route=%2Fwp%2Fv2%2Fmedia&parent=14187"}],"wp:term":[{"taxonomy":"category","embeddable":true,"href":"https:\/\/www.pomniki-przyrody.pl\/index.php?rest_route=%2Fwp%2Fv2%2Fcategories&post=14187"},{"taxonomy":"post_tag","embeddable":true,"href":"https:\/\/www.pomniki-przyrody.pl\/index.php?rest_route=%2Fwp%2Fv2%2Ftags&post=14187"}],"curies":[{"name":"wp","href":"https:\/\/api.w.org\/{rel}","templated":true}]}}