{"id":14260,"date":"2020-01-30T22:28:37","date_gmt":"2020-01-30T21:28:37","guid":{"rendered":"http:\/\/www.pomniki-przyrody.pl\/?p=14260"},"modified":"2020-01-30T22:34:51","modified_gmt":"2020-01-30T21:34:51","slug":"pomniki-przyrody-w-szydlowcu-slaskim-gm-niemodlin-opolskie","status":"publish","type":"post","link":"https:\/\/www.pomniki-przyrody.pl\/?p=14260","title":{"rendered":"Pomniki przyrody w Szyd\u0142owcu \u015al\u0105skim (gm. Niemodlin, opolskie)."},"content":{"rendered":"<p>Szyd\u0142owiec \u015alaski o niewielka wioska oddalona o 5 km na p\u00f3\u0142noc od Niemodlina &#8211; siedziby gminy. We wsi ro\u015bnie najgrubszy i najstarszy d\u0105b szypu\u0142kowy Opolszczyzny &#8211; d\u0105b P\u00fccklera o obwodzie 914 cm, zaliczany jednocze\u015bnie do czo\u0142\u00f3wki najgrubszych d\u0119b\u00f3w w Polsce.<\/p>\n<p><a href=\"https:\/\/www.pomniki-przyrody.pl\/wp-content\/uploads\/2020\/01\/Szyd\u0142owiec-\u015al\u0105ski-d\u0105b-Puklera-w-listopadzie-2019-r..jpg\"><img loading=\"lazy\" decoding=\"async\" class=\"aligncenter wp-image-14263 size-full\" title=\"Szyd\u0142owiec \u015al\u0105ski - d\u0105b P\u00fccklera w listopadzie 2019 r.\" src=\"https:\/\/www.pomniki-przyrody.pl\/wp-content\/uploads\/2020\/01\/Szyd\u0142owiec-\u015al\u0105ski-d\u0105b-Puklera-w-listopadzie-2019-r..jpg\" alt=\"Szyd\u0142owiec \u015al\u0105ski - d\u0105b P\u00fccklera w listopadzie 2019 r.\" width=\"800\" height=\"532\" srcset=\"https:\/\/www.pomniki-przyrody.pl\/wp-content\/uploads\/2020\/01\/Szyd\u0142owiec-\u015al\u0105ski-d\u0105b-Puklera-w-listopadzie-2019-r..jpg 800w, https:\/\/www.pomniki-przyrody.pl\/wp-content\/uploads\/2020\/01\/Szyd\u0142owiec-\u015al\u0105ski-d\u0105b-Puklera-w-listopadzie-2019-r.-300x200.jpg 300w, https:\/\/www.pomniki-przyrody.pl\/wp-content\/uploads\/2020\/01\/Szyd\u0142owiec-\u015al\u0105ski-d\u0105b-Puklera-w-listopadzie-2019-r.-768x511.jpg 768w, https:\/\/www.pomniki-przyrody.pl\/wp-content\/uploads\/2020\/01\/Szyd\u0142owiec-\u015al\u0105ski-d\u0105b-Puklera-w-listopadzie-2019-r.-451x300.jpg 451w\" sizes=\"auto, (max-width: 800px) 100vw, 800px\" \/><\/a><\/p>\n<p><a href=\"https:\/\/www.pomniki-przyrody.pl\/wp-content\/uploads\/2020\/01\/Szyd\u0142owiec-\u015al\u0105ski-d\u0105b-Puklera-po-pracach-piel\u0119gnacyjnych.jpg\"><img loading=\"lazy\" decoding=\"async\" class=\"aligncenter wp-image-14262 size-full\" title=\"Szyd\u0142owiec \u015al\u0105ski - d\u0105b P\u00fccklera po pracach piel\u0119gnacyjnych\" src=\"https:\/\/www.pomniki-przyrody.pl\/wp-content\/uploads\/2020\/01\/Szyd\u0142owiec-\u015al\u0105ski-d\u0105b-Puklera-po-pracach-piel\u0119gnacyjnych.jpg\" alt=\"Szyd\u0142owiec \u015al\u0105ski - d\u0105b P\u00fccklera po pracach piel\u0119gnacyjnych\" width=\"532\" height=\"800\" srcset=\"https:\/\/www.pomniki-przyrody.pl\/wp-content\/uploads\/2020\/01\/Szyd\u0142owiec-\u015al\u0105ski-d\u0105b-Puklera-po-pracach-piel\u0119gnacyjnych.jpg 532w, https:\/\/www.pomniki-przyrody.pl\/wp-content\/uploads\/2020\/01\/Szyd\u0142owiec-\u015al\u0105ski-d\u0105b-Puklera-po-pracach-piel\u0119gnacyjnych-200x300.jpg 200w\" sizes=\"auto, (max-width: 532px) 100vw, 532px\" \/><\/a><\/p>\n<p><a href=\"https:\/\/www.pomniki-przyrody.pl\/wp-content\/uploads\/2020\/01\/d\u0105b-Puklera-listopad-2019-r..jpg\"><img loading=\"lazy\" decoding=\"async\" class=\"aligncenter wp-image-14261 size-full\" title=\"d\u0105b P\u00fccklera - listopad 2019 r.\" src=\"https:\/\/www.pomniki-przyrody.pl\/wp-content\/uploads\/2020\/01\/d\u0105b-Puklera-listopad-2019-r..jpg\" alt=\"d\u0105b P\u00fccklera - listopad 2019 r.\" width=\"532\" height=\"800\" srcset=\"https:\/\/www.pomniki-przyrody.pl\/wp-content\/uploads\/2020\/01\/d\u0105b-Puklera-listopad-2019-r..jpg 532w, https:\/\/www.pomniki-przyrody.pl\/wp-content\/uploads\/2020\/01\/d\u0105b-Puklera-listopad-2019-r.-200x300.jpg 200w\" sizes=\"auto, (max-width: 532px) 100vw, 532px\" \/><\/a><\/p>\n<p>Ten niezwyk\u0142y okaz opisywa\u0142em ju\u017c w artykule &#8222;<a href=\"https:\/\/www.pomniki-przyrody.pl\/?p=9579\"><span style=\"color: #0000ff;\">D\u0105b P\u00fccklera w Szyd\u0142owcu \u015al\u0105skim<\/span><\/a>&#8222;, dzisiejszy wpis zostanie po\u015bwi\u0119cony innym pomnikowym drzewom w tej miejscowo\u015bci. Dwa z nich &#8211; d\u0105b szypu\u0142kowy i platan &#8211; rosn\u0105 w zagajniku za ko\u015bcio\u0142em pw. Naj\u015bwi\u0119tszej Maryi Panny.<\/p>\n<p><a href=\"https:\/\/www.pomniki-przyrody.pl\/wp-content\/uploads\/2020\/01\/Szyd\u0142owiec-\u015al\u0105ski-pomnikowy-d\u0105b-i-platan.jpg\"><img loading=\"lazy\" decoding=\"async\" class=\"aligncenter wp-image-14273 size-full\" title=\"Szyd\u0142owiec \u015al\u0105ski - pomnikowy d\u0105b i platan\" src=\"https:\/\/www.pomniki-przyrody.pl\/wp-content\/uploads\/2020\/01\/Szyd\u0142owiec-\u015al\u0105ski-pomnikowy-d\u0105b-i-platan.jpg\" alt=\"Szyd\u0142owiec \u015al\u0105ski - pomnikowy d\u0105b i platan\" width=\"800\" height=\"532\" srcset=\"https:\/\/www.pomniki-przyrody.pl\/wp-content\/uploads\/2020\/01\/Szyd\u0142owiec-\u015al\u0105ski-pomnikowy-d\u0105b-i-platan.jpg 800w, https:\/\/www.pomniki-przyrody.pl\/wp-content\/uploads\/2020\/01\/Szyd\u0142owiec-\u015al\u0105ski-pomnikowy-d\u0105b-i-platan-300x200.jpg 300w, https:\/\/www.pomniki-przyrody.pl\/wp-content\/uploads\/2020\/01\/Szyd\u0142owiec-\u015al\u0105ski-pomnikowy-d\u0105b-i-platan-768x511.jpg 768w, https:\/\/www.pomniki-przyrody.pl\/wp-content\/uploads\/2020\/01\/Szyd\u0142owiec-\u015al\u0105ski-pomnikowy-d\u0105b-i-platan-451x300.jpg 451w\" sizes=\"auto, (max-width: 800px) 100vw, 800px\" \/><\/a><\/p>\n<p>Pomnikowy d\u0105b posiada charakterystyczn\u0105, pokryt\u0105 bluszczem sylwetk\u0119. W 2019 r. przeprowadzono na nim prace piel\u0119gnacyjne. Obw\u00f3d okazu wynosi 609 cm, wysoko\u015b\u0107 drzewa ok. 30 metr\u00f3w.<\/p>\n<p><a href=\"https:\/\/www.pomniki-przyrody.pl\/wp-content\/uploads\/2020\/01\/Szyd\u0142owiec-\u015al\u0105ski-pomnikowy-dab-poro\u015bni\u0119ty-bluszczem.jpg\"><img loading=\"lazy\" decoding=\"async\" class=\"aligncenter wp-image-14272 size-full\" title=\"Szyd\u0142owiec \u015al\u0105ski - pomnikowy d\u0105b poro\u015bni\u0119ty bluszczem\" src=\"https:\/\/www.pomniki-przyrody.pl\/wp-content\/uploads\/2020\/01\/Szyd\u0142owiec-\u015al\u0105ski-pomnikowy-dab-poro\u015bni\u0119ty-bluszczem.jpg\" alt=\"Szyd\u0142owiec \u015al\u0105ski - pomnikowy d\u0105b poro\u015bni\u0119ty bluszczem\" width=\"532\" height=\"800\" srcset=\"https:\/\/www.pomniki-przyrody.pl\/wp-content\/uploads\/2020\/01\/Szyd\u0142owiec-\u015al\u0105ski-pomnikowy-dab-poro\u015bni\u0119ty-bluszczem.jpg 532w, https:\/\/www.pomniki-przyrody.pl\/wp-content\/uploads\/2020\/01\/Szyd\u0142owiec-\u015al\u0105ski-pomnikowy-dab-poro\u015bni\u0119ty-bluszczem-200x300.jpg 200w\" sizes=\"auto, (max-width: 532px) 100vw, 532px\" \/><\/a><\/p>\n<p><a href=\"https:\/\/www.pomniki-przyrody.pl\/wp-content\/uploads\/2020\/01\/Szyd\u0142owiec-\u015al\u0105ski-pie\u0144-pomnikowego-d\u0119bu-poro\u015bni\u0119tego-bluszczem.jpg\"><img loading=\"lazy\" decoding=\"async\" class=\"aligncenter wp-image-14267 size-full\" title=\"Szyd\u0142owiec \u015al\u0105ski - pie\u0144 pomnikowego d\u0119bu poro\u015bni\u0119tego bluszczem\" src=\"https:\/\/www.pomniki-przyrody.pl\/wp-content\/uploads\/2020\/01\/Szyd\u0142owiec-\u015al\u0105ski-pie\u0144-pomnikowego-d\u0119bu-poro\u015bni\u0119tego-bluszczem.jpg\" alt=\"Szyd\u0142owiec \u015al\u0105ski - pie\u0144 pomnikowego d\u0119bu poro\u015bni\u0119tego bluszczem\" width=\"532\" height=\"800\" srcset=\"https:\/\/www.pomniki-przyrody.pl\/wp-content\/uploads\/2020\/01\/Szyd\u0142owiec-\u015al\u0105ski-pie\u0144-pomnikowego-d\u0119bu-poro\u015bni\u0119tego-bluszczem.jpg 532w, https:\/\/www.pomniki-przyrody.pl\/wp-content\/uploads\/2020\/01\/Szyd\u0142owiec-\u015al\u0105ski-pie\u0144-pomnikowego-d\u0119bu-poro\u015bni\u0119tego-bluszczem-200x300.jpg 200w\" sizes=\"auto, (max-width: 532px) 100vw, 532px\" \/><\/a><\/p>\n<p>Rosn\u0105cy w pobli\u017cu pomnikowy platan klonolistny mierzy w obwodzie 596 cm, wysoko\u015b\u0107 drzewa ok. 32 m. Drzewo otoczone jest p\u0142otem i stosownie oznakowane.<\/p>\n<p><a href=\"https:\/\/www.pomniki-przyrody.pl\/wp-content\/uploads\/2020\/01\/Szyd\u0142owiec-\u015al\u0105ski-pomnikowy-platan-klonolistny-o-obwodzie-596-cm.jpg\"><img loading=\"lazy\" decoding=\"async\" class=\"aligncenter wp-image-14275 size-full\" title=\"Szyd\u0142owiec \u015al\u0105ski - pomnikowy platan klonolistny o obwodzie 596 cm\" src=\"https:\/\/www.pomniki-przyrody.pl\/wp-content\/uploads\/2020\/01\/Szyd\u0142owiec-\u015al\u0105ski-pomnikowy-platan-klonolistny-o-obwodzie-596-cm.jpg\" alt=\"Szyd\u0142owiec \u015al\u0105ski - pomnikowy platan klonolistny o obwodzie 596 cm\" width=\"532\" height=\"800\" srcset=\"https:\/\/www.pomniki-przyrody.pl\/wp-content\/uploads\/2020\/01\/Szyd\u0142owiec-\u015al\u0105ski-pomnikowy-platan-klonolistny-o-obwodzie-596-cm.jpg 532w, https:\/\/www.pomniki-przyrody.pl\/wp-content\/uploads\/2020\/01\/Szyd\u0142owiec-\u015al\u0105ski-pomnikowy-platan-klonolistny-o-obwodzie-596-cm-200x300.jpg 200w\" sizes=\"auto, (max-width: 532px) 100vw, 532px\" \/><\/a><a href=\"https:\/\/www.pomniki-przyrody.pl\/wp-content\/uploads\/2020\/01\/Szyd\u0142owiec-\u015al\u0105ski-pomnikowy-platan-o-obwodzie-596-cm.jpg\"><img loading=\"lazy\" decoding=\"async\" class=\"aligncenter wp-image-14277 size-full\" title=\"Szyd\u0142owiec \u015al\u0105ski - pomnikowy platan o obwodzie 596 cm\" src=\"https:\/\/www.pomniki-przyrody.pl\/wp-content\/uploads\/2020\/01\/Szyd\u0142owiec-\u015al\u0105ski-pomnikowy-platan-o-obwodzie-596-cm.jpg\" alt=\"Szyd\u0142owiec \u015al\u0105ski - pomnikowy platan o obwodzie 596 cm\" width=\"532\" height=\"800\" srcset=\"https:\/\/www.pomniki-przyrody.pl\/wp-content\/uploads\/2020\/01\/Szyd\u0142owiec-\u015al\u0105ski-pomnikowy-platan-o-obwodzie-596-cm.jpg 532w, https:\/\/www.pomniki-przyrody.pl\/wp-content\/uploads\/2020\/01\/Szyd\u0142owiec-\u015al\u0105ski-pomnikowy-platan-o-obwodzie-596-cm-200x300.jpg 200w\" sizes=\"auto, (max-width: 532px) 100vw, 532px\" \/><\/a><a href=\"https:\/\/www.pomniki-przyrody.pl\/wp-content\/uploads\/2020\/01\/Szyd\u0142owiec-\u015al\u0105ski-pie\u0144-pomnikowego-platana-o-obwodzie-596-cm.jpg\"><img loading=\"lazy\" decoding=\"async\" class=\"aligncenter wp-image-14270 size-full\" title=\"Szyd\u0142owiec \u015al\u0105ski - pie\u0144 pomnikowego platana o obwodzie 596 cm\" src=\"https:\/\/www.pomniki-przyrody.pl\/wp-content\/uploads\/2020\/01\/Szyd\u0142owiec-\u015al\u0105ski-pie\u0144-pomnikowego-platana-o-obwodzie-596-cm.jpg\" alt=\"Szyd\u0142owiec \u015al\u0105ski - pie\u0144 pomnikowego platana o obwodzie 596 cm\" width=\"532\" height=\"800\" srcset=\"https:\/\/www.pomniki-przyrody.pl\/wp-content\/uploads\/2020\/01\/Szyd\u0142owiec-\u015al\u0105ski-pie\u0144-pomnikowego-platana-o-obwodzie-596-cm.jpg 532w, https:\/\/www.pomniki-przyrody.pl\/wp-content\/uploads\/2020\/01\/Szyd\u0142owiec-\u015al\u0105ski-pie\u0144-pomnikowego-platana-o-obwodzie-596-cm-200x300.jpg 200w\" sizes=\"auto, (max-width: 532px) 100vw, 532px\" \/><\/a><\/p>\n<p>Wracaj\u0105c w kierunku ko\u015bcio\u0142a warto zwr\u00f3ci\u0107 uwag\u0119 na rosn\u0105cy na terenie pobliskiego gospodarstwa okaza\u0142y platan. Godna polecenia jest te\u017c lipa rosn\u0105ca tu\u017c przy murze okalaj\u0105cym \u015bwi\u0105tyni\u0119, o charakterystycznych nap\u0142ywach korzeniowych.<\/p>\n<p><a href=\"https:\/\/www.pomniki-przyrody.pl\/wp-content\/uploads\/2020\/01\/Szyd\u0142owiec-\u015al\u0105ski-okaza\u0142y-platan.jpg\"><img loading=\"lazy\" decoding=\"async\" class=\"aligncenter wp-image-14265 size-full\" title=\"Szyd\u0142owiec \u015al\u0105ski - okaza\u0142y platan\" src=\"https:\/\/www.pomniki-przyrody.pl\/wp-content\/uploads\/2020\/01\/Szyd\u0142owiec-\u015al\u0105ski-okaza\u0142y-platan.jpg\" alt=\"Szyd\u0142owiec \u015al\u0105ski - okaza\u0142y platan\" width=\"800\" height=\"532\" srcset=\"https:\/\/www.pomniki-przyrody.pl\/wp-content\/uploads\/2020\/01\/Szyd\u0142owiec-\u015al\u0105ski-okaza\u0142y-platan.jpg 800w, https:\/\/www.pomniki-przyrody.pl\/wp-content\/uploads\/2020\/01\/Szyd\u0142owiec-\u015al\u0105ski-okaza\u0142y-platan-300x200.jpg 300w, https:\/\/www.pomniki-przyrody.pl\/wp-content\/uploads\/2020\/01\/Szyd\u0142owiec-\u015al\u0105ski-okaza\u0142y-platan-768x511.jpg 768w, https:\/\/www.pomniki-przyrody.pl\/wp-content\/uploads\/2020\/01\/Szyd\u0142owiec-\u015al\u0105ski-okaza\u0142y-platan-451x300.jpg 451w\" sizes=\"auto, (max-width: 800px) 100vw, 800px\" \/><\/a><a href=\"https:\/\/www.pomniki-przyrody.pl\/wp-content\/uploads\/2020\/01\/Szyd\u0142owiec-\u015al\u0105ski-s\u0119dziwa-lipa-na-terenie-ko\u015bcio\u0142a.jpg\"><img loading=\"lazy\" decoding=\"async\" class=\"aligncenter wp-image-14279 size-full\" title=\"Szyd\u0142owiec \u015al\u0105ski - s\u0119dziwa lipa na terenie ko\u015bcio\u0142a\" src=\"https:\/\/www.pomniki-przyrody.pl\/wp-content\/uploads\/2020\/01\/Szyd\u0142owiec-\u015al\u0105ski-s\u0119dziwa-lipa-na-terenie-ko\u015bcio\u0142a.jpg\" alt=\"Szyd\u0142owiec \u015al\u0105ski - s\u0119dziwa lipa na terenie ko\u015bcio\u0142a\" width=\"532\" height=\"800\" srcset=\"https:\/\/www.pomniki-przyrody.pl\/wp-content\/uploads\/2020\/01\/Szyd\u0142owiec-\u015al\u0105ski-s\u0119dziwa-lipa-na-terenie-ko\u015bcio\u0142a.jpg 532w, https:\/\/www.pomniki-przyrody.pl\/wp-content\/uploads\/2020\/01\/Szyd\u0142owiec-\u015al\u0105ski-s\u0119dziwa-lipa-na-terenie-ko\u015bcio\u0142a-200x300.jpg 200w\" sizes=\"auto, (max-width: 532px) 100vw, 532px\" \/><\/a><\/p>\n<p>Drugi pomnikowy platan klonolistny ro\u015bnie ok. 120 m na wsch\u00f3d od pierwszego, ale rozdziela je zabagniony teren wzd\u0142u\u017c przep\u0142ywaj\u0105cej obok \u015acinawy Niemodli\u0144skiej. Do pomnikowego okazu mo\u017cemy dojecha\u0107 brukowan\u0105 drog\u0105 odchodz\u0105c\u0105 od szosy prowadz\u0105cej do Rz\u0119dziwojowic.<\/p>\n<p><a href=\"https:\/\/www.pomniki-przyrody.pl\/wp-content\/uploads\/2020\/01\/Szyd\u0142owiec-\u015al\u0105ski-pomnikowy-platan-klonolistny-o-obwodzie-521-cm.jpg\"><img loading=\"lazy\" decoding=\"async\" class=\"aligncenter wp-image-14274 size-full\" title=\"Szyd\u0142owiec \u015al\u0105ski - pomnikowy platan klonolistny o obwodzie 521 cm\" src=\"https:\/\/www.pomniki-przyrody.pl\/wp-content\/uploads\/2020\/01\/Szyd\u0142owiec-\u015al\u0105ski-pomnikowy-platan-klonolistny-o-obwodzie-521-cm.jpg\" alt=\"Szyd\u0142owiec \u015al\u0105ski - pomnikowy platan klonolistny o obwodzie 521 cm\" width=\"532\" height=\"800\" srcset=\"https:\/\/www.pomniki-przyrody.pl\/wp-content\/uploads\/2020\/01\/Szyd\u0142owiec-\u015al\u0105ski-pomnikowy-platan-klonolistny-o-obwodzie-521-cm.jpg 532w, https:\/\/www.pomniki-przyrody.pl\/wp-content\/uploads\/2020\/01\/Szyd\u0142owiec-\u015al\u0105ski-pomnikowy-platan-klonolistny-o-obwodzie-521-cm-200x300.jpg 200w\" sizes=\"auto, (max-width: 532px) 100vw, 532px\" \/><\/a><a href=\"https:\/\/www.pomniki-przyrody.pl\/wp-content\/uploads\/2020\/01\/Szyd\u0142owiec-\u015al\u0105ski-pomnikowy-platan-o-obwodzie-521-cm.jpg\"><img loading=\"lazy\" decoding=\"async\" class=\"aligncenter wp-image-14276 size-full\" title=\"Szyd\u0142owiec \u015al\u0105ski - pomnikowy platan o obwodzie 521 cm\" src=\"https:\/\/www.pomniki-przyrody.pl\/wp-content\/uploads\/2020\/01\/Szyd\u0142owiec-\u015al\u0105ski-pomnikowy-platan-o-obwodzie-521-cm.jpg\" alt=\"Szyd\u0142owiec \u015al\u0105ski - pomnikowy platan o obwodzie 521 cm\" width=\"532\" height=\"800\" srcset=\"https:\/\/www.pomniki-przyrody.pl\/wp-content\/uploads\/2020\/01\/Szyd\u0142owiec-\u015al\u0105ski-pomnikowy-platan-o-obwodzie-521-cm.jpg 532w, https:\/\/www.pomniki-przyrody.pl\/wp-content\/uploads\/2020\/01\/Szyd\u0142owiec-\u015al\u0105ski-pomnikowy-platan-o-obwodzie-521-cm-200x300.jpg 200w\" sizes=\"auto, (max-width: 532px) 100vw, 532px\" \/><\/a><\/p>\n<p>Drzewo mierzy w obwodzie 521 cm, w dolnej cz\u0119\u015bci pnia widoczna jest spora dziupla.<\/p>\n<p><a href=\"https:\/\/www.pomniki-przyrody.pl\/wp-content\/uploads\/2020\/01\/Szyd\u0142owiec-\u015al\u0105ski-pie\u0144-pomnikowego-platana-o-obwodzie-521-cm.jpg\"><img loading=\"lazy\" decoding=\"async\" class=\"aligncenter wp-image-14269 size-full\" title=\"Szyd\u0142owiec \u015al\u0105ski - pie\u0144 pomnikowego platana o obwodzie 521 cm\" src=\"https:\/\/www.pomniki-przyrody.pl\/wp-content\/uploads\/2020\/01\/Szyd\u0142owiec-\u015al\u0105ski-pie\u0144-pomnikowego-platana-o-obwodzie-521-cm.jpg\" alt=\"Szyd\u0142owiec \u015al\u0105ski - pie\u0144 pomnikowego platana o obwodzie 521 cm\" width=\"532\" height=\"800\" srcset=\"https:\/\/www.pomniki-przyrody.pl\/wp-content\/uploads\/2020\/01\/Szyd\u0142owiec-\u015al\u0105ski-pie\u0144-pomnikowego-platana-o-obwodzie-521-cm.jpg 532w, https:\/\/www.pomniki-przyrody.pl\/wp-content\/uploads\/2020\/01\/Szyd\u0142owiec-\u015al\u0105ski-pie\u0144-pomnikowego-platana-o-obwodzie-521-cm-200x300.jpg 200w\" sizes=\"auto, (max-width: 532px) 100vw, 532px\" \/><\/a><\/p>\n<p><a href=\"https:\/\/www.pomniki-przyrody.pl\/wp-content\/uploads\/2020\/01\/Szyd\u0142owiec-\u015al\u0105ski-pie\u0144-pomnikowego-platana-klonolistnego-o-obwodzie-521-cm.jpg\"><img loading=\"lazy\" decoding=\"async\" class=\"aligncenter wp-image-14268 size-full\" title=\"Szyd\u0142owiec \u015al\u0105ski - pie\u0144 pomnikowego platana klonolistnego o obwodzie 521 cm\" src=\"https:\/\/www.pomniki-przyrody.pl\/wp-content\/uploads\/2020\/01\/Szyd\u0142owiec-\u015al\u0105ski-pie\u0144-pomnikowego-platana-klonolistnego-o-obwodzie-521-cm.jpg\" alt=\"Szyd\u0142owiec \u015al\u0105ski - pie\u0144 pomnikowego platana klonolistnego o obwodzie 521 cm\" width=\"532\" height=\"800\" srcset=\"https:\/\/www.pomniki-przyrody.pl\/wp-content\/uploads\/2020\/01\/Szyd\u0142owiec-\u015al\u0105ski-pie\u0144-pomnikowego-platana-klonolistnego-o-obwodzie-521-cm.jpg 532w, https:\/\/www.pomniki-przyrody.pl\/wp-content\/uploads\/2020\/01\/Szyd\u0142owiec-\u015al\u0105ski-pie\u0144-pomnikowego-platana-klonolistnego-o-obwodzie-521-cm-200x300.jpg 200w\" sizes=\"auto, (max-width: 532px) 100vw, 532px\" \/><\/a><\/p>\n<p>Pomi\u0119dzy tym platanem a brukowan\u0105 drog\u0105 ro\u015bnie ogromny (677 cm w obwodzie), ale zamieraj\u0105cy niestety egzemplarz d\u0119bu.<\/p>\n<p><a href=\"https:\/\/www.pomniki-przyrody.pl\/wp-content\/uploads\/2020\/01\/Szyd\u0142owiec-\u015al\u0105ski-okaza\u0142y-d\u0105b-o-obwodzie-677-cm.jpg\"><img loading=\"lazy\" decoding=\"async\" class=\"aligncenter wp-image-14264 size-full\" title=\"Szyd\u0142owiec \u015al\u0105ski - okaza\u0142y d\u0105b o obwodzie 677 cm\" src=\"https:\/\/www.pomniki-przyrody.pl\/wp-content\/uploads\/2020\/01\/Szyd\u0142owiec-\u015al\u0105ski-okaza\u0142y-d\u0105b-o-obwodzie-677-cm.jpg\" alt=\"Szyd\u0142owiec \u015al\u0105ski - okaza\u0142y d\u0105b o obwodzie 677 cm\" width=\"532\" height=\"800\" srcset=\"https:\/\/www.pomniki-przyrody.pl\/wp-content\/uploads\/2020\/01\/Szyd\u0142owiec-\u015al\u0105ski-okaza\u0142y-d\u0105b-o-obwodzie-677-cm.jpg 532w, https:\/\/www.pomniki-przyrody.pl\/wp-content\/uploads\/2020\/01\/Szyd\u0142owiec-\u015al\u0105ski-okaza\u0142y-d\u0105b-o-obwodzie-677-cm-200x300.jpg 200w\" sizes=\"auto, (max-width: 532px) 100vw, 532px\" \/><\/a><\/p>\n<p><a href=\"https:\/\/www.pomniki-przyrody.pl\/wp-content\/uploads\/2020\/01\/Szyd\u0142owiec-\u015al\u0105ski-pie\u0144-okaza\u0142ego-d\u0119bu-o-obwodzie-677-cm.jpg\"><img loading=\"lazy\" decoding=\"async\" class=\"aligncenter wp-image-14266 size-full\" title=\"Szyd\u0142owiec \u015al\u0105ski - pie\u0144 okaza\u0142ego d\u0119bu o obwodzie 677 cm\" src=\"https:\/\/www.pomniki-przyrody.pl\/wp-content\/uploads\/2020\/01\/Szyd\u0142owiec-\u015al\u0105ski-pie\u0144-okaza\u0142ego-d\u0119bu-o-obwodzie-677-cm.jpg\" alt=\"Szyd\u0142owiec \u015al\u0105ski - pie\u0144 okaza\u0142ego d\u0119bu o obwodzie 677 cm\" width=\"532\" height=\"800\" srcset=\"https:\/\/www.pomniki-przyrody.pl\/wp-content\/uploads\/2020\/01\/Szyd\u0142owiec-\u015al\u0105ski-pie\u0144-okaza\u0142ego-d\u0119bu-o-obwodzie-677-cm.jpg 532w, https:\/\/www.pomniki-przyrody.pl\/wp-content\/uploads\/2020\/01\/Szyd\u0142owiec-\u015al\u0105ski-pie\u0144-okaza\u0142ego-d\u0119bu-o-obwodzie-677-cm-200x300.jpg 200w\" sizes=\"auto, (max-width: 532px) 100vw, 532px\" \/><\/a><a href=\"https:\/\/www.pomniki-przyrody.pl\/wp-content\/uploads\/2020\/01\/Szyd\u0142owiec-\u015al\u0105ski-pie\u0144-s\u0119dziwego-d\u0119bu-o-obwodzie-677-cm.jpg\"><img loading=\"lazy\" decoding=\"async\" class=\"aligncenter wp-image-14271 size-full\" title=\"Szyd\u0142owiec \u015al\u0105ski - pie\u0144 s\u0119dziwego d\u0119bu o obwodzie 677 cm\" src=\"https:\/\/www.pomniki-przyrody.pl\/wp-content\/uploads\/2020\/01\/Szyd\u0142owiec-\u015al\u0105ski-pie\u0144-s\u0119dziwego-d\u0119bu-o-obwodzie-677-cm.jpg\" alt=\"Szyd\u0142owiec \u015al\u0105ski - pie\u0144 s\u0119dziwego d\u0119bu o obwodzie 677 cm\" width=\"532\" height=\"800\" srcset=\"https:\/\/www.pomniki-przyrody.pl\/wp-content\/uploads\/2020\/01\/Szyd\u0142owiec-\u015al\u0105ski-pie\u0144-s\u0119dziwego-d\u0119bu-o-obwodzie-677-cm.jpg 532w, https:\/\/www.pomniki-przyrody.pl\/wp-content\/uploads\/2020\/01\/Szyd\u0142owiec-\u015al\u0105ski-pie\u0144-s\u0119dziwego-d\u0119bu-o-obwodzie-677-cm-200x300.jpg 200w\" sizes=\"auto, (max-width: 532px) 100vw, 532px\" \/><\/a><\/p>\n<p>Pomnikowy buk powo\u0142any do ochrony ustawowej w marcu 2017 r. (\u0142\u0105cznie z dwoma opisanymi wy\u017cej platanami) uleg\u0142 niestety wichurze. Powalone drzewo le\u017cy na \u0142\u0105ce, przy brzegu przep\u0142ywaj\u0105cej obok \u015acinawy Niemodli\u0144skiej.<\/p>\n<p><a href=\"https:\/\/www.pomniki-przyrody.pl\/wp-content\/uploads\/2020\/01\/Szyd\u0142owiec-\u015al\u0105ski-powalony-pomnikowy-buk.jpg\"><img loading=\"lazy\" decoding=\"async\" class=\"aligncenter wp-image-14278 size-full\" title=\"Szyd\u0142owiec \u015al\u0105ski - powalony pomnikowy buk\" src=\"https:\/\/www.pomniki-przyrody.pl\/wp-content\/uploads\/2020\/01\/Szyd\u0142owiec-\u015al\u0105ski-powalony-pomnikowy-buk.jpg\" alt=\"Szyd\u0142owiec \u015al\u0105ski - powalony pomnikowy buk\" width=\"800\" height=\"532\" srcset=\"https:\/\/www.pomniki-przyrody.pl\/wp-content\/uploads\/2020\/01\/Szyd\u0142owiec-\u015al\u0105ski-powalony-pomnikowy-buk.jpg 800w, https:\/\/www.pomniki-przyrody.pl\/wp-content\/uploads\/2020\/01\/Szyd\u0142owiec-\u015al\u0105ski-powalony-pomnikowy-buk-300x200.jpg 300w, https:\/\/www.pomniki-przyrody.pl\/wp-content\/uploads\/2020\/01\/Szyd\u0142owiec-\u015al\u0105ski-powalony-pomnikowy-buk-768x511.jpg 768w, https:\/\/www.pomniki-przyrody.pl\/wp-content\/uploads\/2020\/01\/Szyd\u0142owiec-\u015al\u0105ski-powalony-pomnikowy-buk-451x300.jpg 451w\" sizes=\"auto, (max-width: 800px) 100vw, 800px\" \/><\/a><\/p>\n<p>Trzeci pomnikowy d\u0105b w Szyd\u0142owcu \u015al\u0105skim znajduje si\u0119 w kompleksie le\u015bnym (oddz. 44n) pomi\u0119dzy Szyd\u0142owcem \u015al. a Niemodlinem. Okaz ro\u015bnie na wschodnim kra\u0144cu lasu, przy le\u015bnej drodze.<\/p>\n<p>GPS N 50\u00b039\u203225.84\u2033, E 17\u00b036\u203255.95\u2033<\/p>\n<p><a href=\"https:\/\/www.pomniki-przyrody.pl\/wp-content\/uploads\/2016\/04\/pomnikowy-d%C4%85b-las-w-pobli%C5%BCu-Szyd%C5%82owca-%C5%9Al%C4%85skiego.jpg\" rel=\"attachment wp-att-9591\"><img loading=\"lazy\" decoding=\"async\" class=\"aligncenter wp-image-9591 size-full\" title=\"pomnikowy d\u0105b - las w pobli\u017cu Szyd\u0142owca \u015al\u0105skiego\" src=\"https:\/\/www.pomniki-przyrody.pl\/wp-content\/uploads\/2016\/04\/pomnikowy-d%C4%85b-las-w-pobli%C5%BCu-Szyd%C5%82owca-%C5%9Al%C4%85skiego.jpg\" sizes=\"auto, (max-width: 598px) 100vw, 598px\" srcset=\"https:\/\/www.pomniki-przyrody.pl\/wp-content\/uploads\/2016\/04\/pomnikowy-d\u0105b-las-w-pobli\u017cu-Szyd\u0142owca-\u015al\u0105skiego.jpg 598w, https:\/\/www.pomniki-przyrody.pl\/wp-content\/uploads\/2016\/04\/pomnikowy-d\u0105b-las-w-pobli\u017cu-Szyd\u0142owca-\u015al\u0105skiego-199x300.jpg 199w\" alt=\"\" width=\"598\" height=\"900\" \/><\/a><a href=\"https:\/\/www.pomniki-przyrody.pl\/wp-content\/uploads\/2016\/04\/pomnikowy-d%C4%85b-w-oddz.-44-ko%C5%82o-Szyd%C5%82owca-%C5%9Alaskiego.jpg\" rel=\"attachment wp-att-9594\"><img loading=\"lazy\" decoding=\"async\" class=\"aligncenter wp-image-9594 size-full\" title=\"pomnikowy d\u0105b w oddz. 44 ko\u0142o Szyd\u0142owca \u015al\u0105skiego\" src=\"https:\/\/www.pomniki-przyrody.pl\/wp-content\/uploads\/2016\/04\/pomnikowy-d%C4%85b-w-oddz.-44-ko%C5%82o-Szyd%C5%82owca-%C5%9Alaskiego.jpg\" sizes=\"auto, (max-width: 598px) 100vw, 598px\" srcset=\"https:\/\/www.pomniki-przyrody.pl\/wp-content\/uploads\/2016\/04\/pomnikowy-d\u0105b-w-oddz.-44-ko\u0142o-Szyd\u0142owca-\u015alaskiego.jpg 598w, https:\/\/www.pomniki-przyrody.pl\/wp-content\/uploads\/2016\/04\/pomnikowy-d\u0105b-w-oddz.-44-ko\u0142o-Szyd\u0142owca-\u015alaskiego-199x300.jpg 199w\" alt=\"\" width=\"598\" height=\"900\" \/><\/a><\/p>\n<p>Drzewo mierzy 640 cm w obwodzie, wysoko\u015b\u0107 d\u0119bu 21 m.<\/p>\n<p><a href=\"https:\/\/www.pomniki-przyrody.pl\/wp-content\/uploads\/2016\/04\/pie%C5%84-pomnikowego-d%C4%99bu-las-oddz.-44-w-pomi%C4%99dzy-Szyd%C5%82owcem-%C5%9Al.-a-Niemodlinem.jpg\" rel=\"attachment wp-att-9586\"><img loading=\"lazy\" decoding=\"async\" class=\"aligncenter wp-image-9586 size-full\" title=\"pie\u0144 pomnikowego d\u0119bu - las (oddz. 44) w pomi\u0119dzy Szyd\u0142owcem \u015al. a Niemodlinem\" src=\"https:\/\/www.pomniki-przyrody.pl\/wp-content\/uploads\/2016\/04\/pie%C5%84-pomnikowego-d%C4%99bu-las-oddz.-44-w-pomi%C4%99dzy-Szyd%C5%82owcem-%C5%9Al.-a-Niemodlinem.jpg\" sizes=\"auto, (max-width: 565px) 100vw, 565px\" srcset=\"https:\/\/www.pomniki-przyrody.pl\/wp-content\/uploads\/2016\/04\/pie\u0144-pomnikowego-d\u0119bu-las-oddz.-44-w-pomi\u0119dzy-Szyd\u0142owcem-\u015al.-a-Niemodlinem.jpg 565w, https:\/\/www.pomniki-przyrody.pl\/wp-content\/uploads\/2016\/04\/pie\u0144-pomnikowego-d\u0119bu-las-oddz.-44-w-pomi\u0119dzy-Szyd\u0142owcem-\u015al.-a-Niemodlinem-199x300.jpg 199w\" alt=\"\" width=\"565\" height=\"850\" \/><\/a><a href=\"https:\/\/www.pomniki-przyrody.pl\/wp-content\/uploads\/2016\/04\/pie%C5%84-pomnikowego-d%C4%99bu-rosn%C4%85cego-w-lesie-k.-%C5%9Azyd%C5%82owca-%C5%9Al%C4%85skiego.jpg\" rel=\"attachment wp-att-9589\"><img loading=\"lazy\" decoding=\"async\" class=\"aligncenter wp-image-9589 size-full\" title=\"pie\u0144 pomnikowego d\u0119bu rosn\u0105cego w lesie k. Szyd\u0142owca \u015al\u0105skiego\" src=\"https:\/\/www.pomniki-przyrody.pl\/wp-content\/uploads\/2016\/04\/pie%C5%84-pomnikowego-d%C4%99bu-rosn%C4%85cego-w-lesie-k.-%C5%9Azyd%C5%82owca-%C5%9Al%C4%85skiego.jpg\" sizes=\"auto, (max-width: 565px) 100vw, 565px\" srcset=\"https:\/\/www.pomniki-przyrody.pl\/wp-content\/uploads\/2016\/04\/pie\u0144-pomnikowego-d\u0119bu-rosn\u0105cego-w-lesie-k.-\u015azyd\u0142owca-\u015al\u0105skiego.jpg 565w, https:\/\/www.pomniki-przyrody.pl\/wp-content\/uploads\/2016\/04\/pie\u0144-pomnikowego-d\u0119bu-rosn\u0105cego-w-lesie-k.-\u015azyd\u0142owca-\u015al\u0105skiego-199x300.jpg 199w\" alt=\"\" width=\"565\" height=\"850\" \/><\/a><\/p>\n","protected":false},"excerpt":{"rendered":"<p>Szyd\u0142owiec \u015alaski o niewielka wioska oddalona o 5 km na p\u00f3\u0142noc od Niemodlina &#8211; siedziby gminy. We wsi ro\u015bnie najgrubszy i najstarszy d\u0105b szypu\u0142kowy Opolszczyzny &#8211; d\u0105b P\u00fccklera o obwodzie 914 cm, zaliczany jednocze\u015bnie do czo\u0142\u00f3wki najgrubszych d\u0119b\u00f3w w Polsce. &hellip; <a href=\"https:\/\/www.pomniki-przyrody.pl\/?p=14260\">Czytaj dalej <span class=\"meta-nav\">&rarr;<\/span><\/a><\/p>\n","protected":false},"author":2,"featured_media":0,"comment_status":"open","ping_status":"open","sticky":false,"template":"","format":"standard","meta":{"footnotes":""},"categories":[1],"tags":[1334,1333,858,318,528,1335],"class_list":["post-14260","post","type-post","status-publish","format-standard","hentry","category-przyroda-ozywiona","tag-dab-pucklera","tag-gmina-niemodlin","tag-opolskie","tag-pomnikowe-deby","tag-pomnikowe-platany","tag-szydlowiec-slaski"],"_links":{"self":[{"href":"https:\/\/www.pomniki-przyrody.pl\/index.php?rest_route=\/wp\/v2\/posts\/14260","targetHints":{"allow":["GET"]}}],"collection":[{"href":"https:\/\/www.pomniki-przyrody.pl\/index.php?rest_route=\/wp\/v2\/posts"}],"about":[{"href":"https:\/\/www.pomniki-przyrody.pl\/index.php?rest_route=\/wp\/v2\/types\/post"}],"author":[{"embeddable":true,"href":"https:\/\/www.pomniki-przyrody.pl\/index.php?rest_route=\/wp\/v2\/users\/2"}],"replies":[{"embeddable":true,"href":"https:\/\/www.pomniki-przyrody.pl\/index.php?rest_route=%2Fwp%2Fv2%2Fcomments&post=14260"}],"version-history":[{"count":5,"href":"https:\/\/www.pomniki-przyrody.pl\/index.php?rest_route=\/wp\/v2\/posts\/14260\/revisions"}],"predecessor-version":[{"id":14284,"href":"https:\/\/www.pomniki-przyrody.pl\/index.php?rest_route=\/wp\/v2\/posts\/14260\/revisions\/14284"}],"wp:attachment":[{"href":"https:\/\/www.pomniki-przyrody.pl\/index.php?rest_route=%2Fwp%2Fv2%2Fmedia&parent=14260"}],"wp:term":[{"taxonomy":"category","embeddable":true,"href":"https:\/\/www.pomniki-przyrody.pl\/index.php?rest_route=%2Fwp%2Fv2%2Fcategories&post=14260"},{"taxonomy":"post_tag","embeddable":true,"href":"https:\/\/www.pomniki-przyrody.pl\/index.php?rest_route=%2Fwp%2Fv2%2Ftags&post=14260"}],"curies":[{"name":"wp","href":"https:\/\/api.w.org\/{rel}","templated":true}]}}