{"id":14383,"date":"2020-03-01T12:31:43","date_gmt":"2020-03-01T11:31:43","guid":{"rendered":"http:\/\/www.pomniki-przyrody.pl\/?p=14383"},"modified":"2020-03-12T22:52:25","modified_gmt":"2020-03-12T21:52:25","slug":"park-w-ramultowicach-gm-kostomloty-dolnoslaskie","status":"publish","type":"post","link":"https:\/\/www.pomniki-przyrody.pl\/?p=14383","title":{"rendered":"Park w Ramu\u0142towicach (gm. Kostom\u0142oty, dolno\u015bl\u0105skie)."},"content":{"rendered":"<p>Gmina Kostom\u0142oty po\u0142o\u017cona jest w centralnej cz\u0119\u015bci wojew\u00f3dztwa dolno\u015bl\u0105skiego, w powiecie \u015bredzkim. Po\u0142udniowo &#8211; zachodni\u0105 cz\u0119\u015b\u0107 gminy przecina autostrada A-4, skomunikowana z drog\u0105 krajow\u0105 nr 5 (w\u0119ze\u0142 Kostom\u0142oty). Obszar gminy ma charakter wybitnie rolniczy, u\u017cytki rolne zajmuj\u0105 tu a\u017c 88%, tereny le\u015bne to zaledwie 4% powierzchni. W takim uk\u0142adzie najwi\u0119ksze szanse na znalezienie s\u0119dziwych drzew &#8211; potencjalnych pomnik\u00f3w przyrody &#8211; istniej\u0105 tylko w podworskich parkach. Spo\u015br\u00f3d kilku za\u0142o\u017ce\u0144 parkowych wpisanych do rejestru zabytk\u00f3w w dw\u00f3ch wsiach: Ramu\u0142towice i <a href=\"https:\/\/www.pomniki-przyrody.pl\/?p=14417\"><span style=\"color: #0000ff;\">Sikorzyce<\/span><\/a> znajduje si\u0119 starodrzew z pomnikowymi okazami.<\/p>\n<p>W Ramu\u0142towicach znajduj\u0105 si\u0119 dwa zabytkowe parki: pierwszy pochodz\u0105cy z lat 1820 &#8211; 1850 przylega\u0142 do nieistniej\u0105cego, neogotyckiego pa\u0142acu oraz m\u0142odsze za\u0142o\u017cenie z lat 1870 &#8211; 1880 w dawnym przysi\u00f3\u0142ku Ilnica. Pomnikowe drzewa znajduj\u0105 si\u0119 w tym drugim, zlokalizowanym naprzeciw ko\u015bcio\u0142a pw. \u015bw. Anny. Teren parku jest cz\u0119\u015bciowo zagospodarowany, w ramach prac rewitalizacyjnych ustawiono altan\u0119, wykonano plac zabaw z si\u0142owni\u0105.<\/p>\n<p><a href=\"https:\/\/www.pomniki-przyrody.pl\/wp-content\/uploads\/2020\/02\/altana-w-parku-w-Ramu\u0142towicach.jpg\"><img loading=\"lazy\" decoding=\"async\" class=\"aligncenter wp-image-14384 size-full\" title=\"altana w parku w Ramu\u0142towicach\" src=\"https:\/\/www.pomniki-przyrody.pl\/wp-content\/uploads\/2020\/02\/altana-w-parku-w-Ramu\u0142towicach.jpg\" alt=\"altana w parku w Ramu\u0142towicach\" width=\"800\" height=\"532\" srcset=\"https:\/\/www.pomniki-przyrody.pl\/wp-content\/uploads\/2020\/02\/altana-w-parku-w-Ramu\u0142towicach.jpg 800w, https:\/\/www.pomniki-przyrody.pl\/wp-content\/uploads\/2020\/02\/altana-w-parku-w-Ramu\u0142towicach-300x200.jpg 300w, https:\/\/www.pomniki-przyrody.pl\/wp-content\/uploads\/2020\/02\/altana-w-parku-w-Ramu\u0142towicach-768x511.jpg 768w, https:\/\/www.pomniki-przyrody.pl\/wp-content\/uploads\/2020\/02\/altana-w-parku-w-Ramu\u0142towicach-451x300.jpg 451w\" sizes=\"auto, (max-width: 800px) 100vw, 800px\" \/><\/a><a href=\"https:\/\/www.pomniki-przyrody.pl\/wp-content\/uploads\/2020\/02\/zewn\u0119trzna-cz\u0119\u015b\u0107-parku-w-Ramu\u0142towicach.jpg\"><img loading=\"lazy\" decoding=\"async\" class=\"aligncenter wp-image-14409 size-full\" title=\"zewn\u0119trzna cz\u0119\u015b\u0107 parku w Ramu\u0142towicach\" src=\"https:\/\/www.pomniki-przyrody.pl\/wp-content\/uploads\/2020\/02\/zewn\u0119trzna-cz\u0119\u015b\u0107-parku-w-Ramu\u0142towicach.jpg\" alt=\"zewn\u0119trzna cz\u0119\u015b\u0107 parku w Ramu\u0142towicach\" width=\"800\" height=\"532\" srcset=\"https:\/\/www.pomniki-przyrody.pl\/wp-content\/uploads\/2020\/02\/zewn\u0119trzna-cz\u0119\u015b\u0107-parku-w-Ramu\u0142towicach.jpg 800w, https:\/\/www.pomniki-przyrody.pl\/wp-content\/uploads\/2020\/02\/zewn\u0119trzna-cz\u0119\u015b\u0107-parku-w-Ramu\u0142towicach-300x200.jpg 300w, https:\/\/www.pomniki-przyrody.pl\/wp-content\/uploads\/2020\/02\/zewn\u0119trzna-cz\u0119\u015b\u0107-parku-w-Ramu\u0142towicach-768x511.jpg 768w, https:\/\/www.pomniki-przyrody.pl\/wp-content\/uploads\/2020\/02\/zewn\u0119trzna-cz\u0119\u015b\u0107-parku-w-Ramu\u0142towicach-451x300.jpg 451w\" sizes=\"auto, (max-width: 800px) 100vw, 800px\" \/><\/a><\/p>\n<p>Na rozleg\u0142ej polanie w wewn\u0119trznej cz\u0119\u015bci parku utworzono boisko pi\u0142karskie, oddzielone od reszty pasem zadrzewienia i szlabanem.<\/p>\n<p><a href=\"https:\/\/www.pomniki-przyrody.pl\/wp-content\/uploads\/2020\/02\/wej\u015bcie-do-wewn\u0119trznej-cz\u0119\u015bci-parku-w-Ramu\u0142towicach.jpg\"><img loading=\"lazy\" decoding=\"async\" class=\"aligncenter wp-image-14408 size-full\" title=\"wej\u015bcie do wewn\u0119trznej cz\u0119\u015bci parku w Ramu\u0142towicach\" src=\"https:\/\/www.pomniki-przyrody.pl\/wp-content\/uploads\/2020\/02\/wej\u015bcie-do-wewn\u0119trznej-cz\u0119\u015bci-parku-w-Ramu\u0142towicach.jpg\" alt=\"wej\u015bcie do wewn\u0119trznej cz\u0119\u015bci parku w Ramu\u0142towicach\" width=\"800\" height=\"532\" srcset=\"https:\/\/www.pomniki-przyrody.pl\/wp-content\/uploads\/2020\/02\/wej\u015bcie-do-wewn\u0119trznej-cz\u0119\u015bci-parku-w-Ramu\u0142towicach.jpg 800w, https:\/\/www.pomniki-przyrody.pl\/wp-content\/uploads\/2020\/02\/wej\u015bcie-do-wewn\u0119trznej-cz\u0119\u015bci-parku-w-Ramu\u0142towicach-300x200.jpg 300w, https:\/\/www.pomniki-przyrody.pl\/wp-content\/uploads\/2020\/02\/wej\u015bcie-do-wewn\u0119trznej-cz\u0119\u015bci-parku-w-Ramu\u0142towicach-768x511.jpg 768w, https:\/\/www.pomniki-przyrody.pl\/wp-content\/uploads\/2020\/02\/wej\u015bcie-do-wewn\u0119trznej-cz\u0119\u015bci-parku-w-Ramu\u0142towicach-451x300.jpg 451w\" sizes=\"auto, (max-width: 800px) 100vw, 800px\" \/><\/a><\/p>\n<p>Ochron\u0105 ustawow\u0105 w formie grupowego pomnika przyrody obj\u0119to pierwotnie (stycze\u0144 2007 r.) 17 drzew, Uchwa\u0142\u0105 nr XV\/77\/15 Rady Gminy Kostom\u0142oty z dnia 30 pa\u017adziernika 2015 r. zmniejszono ich liczb\u0119 do 12. Pomnikowe okazy rosn\u0105 w zadrzewieniu wok\u00f3\u0142 boiska, najwi\u0119ksze skupienie znajduje si\u0119 przy p\u00f3\u0142nocno &#8211; zachodnim naro\u017cniku. Wchodz\u0105c na boisko od strony szlabanu ujrzymy pomnikowy d\u0105b i platan.<\/p>\n<p><a href=\"https:\/\/www.pomniki-przyrody.pl\/wp-content\/uploads\/2020\/02\/park-w-Ramu\u0142towicach-pomnikowy-d\u0105b-i-platan.jpg\"><img loading=\"lazy\" decoding=\"async\" class=\"aligncenter wp-image-14400 size-full\" title=\"park w Ramu\u0142towicach - pomnikowy d\u0105b i platan\" src=\"https:\/\/www.pomniki-przyrody.pl\/wp-content\/uploads\/2020\/02\/park-w-Ramu\u0142towicach-pomnikowy-d\u0105b-i-platan.jpg\" alt=\"park w Ramu\u0142towicach - pomnikowy d\u0105b i platan\" width=\"800\" height=\"532\" srcset=\"https:\/\/www.pomniki-przyrody.pl\/wp-content\/uploads\/2020\/02\/park-w-Ramu\u0142towicach-pomnikowy-d\u0105b-i-platan.jpg 800w, https:\/\/www.pomniki-przyrody.pl\/wp-content\/uploads\/2020\/02\/park-w-Ramu\u0142towicach-pomnikowy-d\u0105b-i-platan-300x200.jpg 300w, https:\/\/www.pomniki-przyrody.pl\/wp-content\/uploads\/2020\/02\/park-w-Ramu\u0142towicach-pomnikowy-d\u0105b-i-platan-768x511.jpg 768w, https:\/\/www.pomniki-przyrody.pl\/wp-content\/uploads\/2020\/02\/park-w-Ramu\u0142towicach-pomnikowy-d\u0105b-i-platan-451x300.jpg 451w\" sizes=\"auto, (max-width: 800px) 100vw, 800px\" \/><\/a> D\u0105b szypu\u0142kowy mierzy w obwodzie 339 cm, wysoko\u015b\u0107 drzewa 26 metr\u00f3w.<\/p>\n<p><a href=\"https:\/\/www.pomniki-przyrody.pl\/wp-content\/uploads\/2020\/02\/park-w-Ramu\u0142towicach-pomnikowy-d\u0105b-I.jpg\"><img loading=\"lazy\" decoding=\"async\" class=\"aligncenter wp-image-14401 size-full\" title=\"park w Ramu\u0142towicach - pomnikowy d\u0105b I\" src=\"https:\/\/www.pomniki-przyrody.pl\/wp-content\/uploads\/2020\/02\/park-w-Ramu\u0142towicach-pomnikowy-d\u0105b-I.jpg\" alt=\"park w Ramu\u0142towicach - pomnikowy d\u0105b I\" width=\"532\" height=\"800\" srcset=\"https:\/\/www.pomniki-przyrody.pl\/wp-content\/uploads\/2020\/02\/park-w-Ramu\u0142towicach-pomnikowy-d\u0105b-I.jpg 532w, https:\/\/www.pomniki-przyrody.pl\/wp-content\/uploads\/2020\/02\/park-w-Ramu\u0142towicach-pomnikowy-d\u0105b-I-200x300.jpg 200w\" sizes=\"auto, (max-width: 532px) 100vw, 532px\" \/><\/a><a href=\"https:\/\/www.pomniki-przyrody.pl\/wp-content\/uploads\/2020\/02\/park-w-Ramu\u0142towicach-pie\u0144-pomnikowego-d\u0119bu-I.jpg\"><img loading=\"lazy\" decoding=\"async\" class=\"aligncenter wp-image-14388 size-full\" title=\"park w Ramu\u0142towicach - pie\u0144 pomnikowego d\u0119bu I\" src=\"https:\/\/www.pomniki-przyrody.pl\/wp-content\/uploads\/2020\/02\/park-w-Ramu\u0142towicach-pie\u0144-pomnikowego-d\u0119bu-I.jpg\" alt=\"park w Ramu\u0142towicach - pie\u0144 pomnikowego d\u0119bu I\" width=\"532\" height=\"800\" srcset=\"https:\/\/www.pomniki-przyrody.pl\/wp-content\/uploads\/2020\/02\/park-w-Ramu\u0142towicach-pie\u0144-pomnikowego-d\u0119bu-I.jpg 532w, https:\/\/www.pomniki-przyrody.pl\/wp-content\/uploads\/2020\/02\/park-w-Ramu\u0142towicach-pie\u0144-pomnikowego-d\u0119bu-I-200x300.jpg 200w\" sizes=\"auto, (max-width: 532px) 100vw, 532px\" \/><\/a> Obw\u00f3d platana wynosi 300 cm, wysoko\u015b\u0107 okazu 24 metry.<\/p>\n<p><a href=\"https:\/\/www.pomniki-przyrody.pl\/wp-content\/uploads\/2020\/02\/park-w-Ramu\u0142towicach-pomnikowy-platan-I.jpg\"><img loading=\"lazy\" decoding=\"async\" class=\"aligncenter wp-image-14404 size-full\" title=\"park w Ramu\u0142towicach - pomnikowy platan I\" src=\"https:\/\/www.pomniki-przyrody.pl\/wp-content\/uploads\/2020\/02\/park-w-Ramu\u0142towicach-pomnikowy-platan-I.jpg\" alt=\"park w Ramu\u0142towicach - pomnikowy platan I\" width=\"532\" height=\"800\" srcset=\"https:\/\/www.pomniki-przyrody.pl\/wp-content\/uploads\/2020\/02\/park-w-Ramu\u0142towicach-pomnikowy-platan-I.jpg 532w, https:\/\/www.pomniki-przyrody.pl\/wp-content\/uploads\/2020\/02\/park-w-Ramu\u0142towicach-pomnikowy-platan-I-200x300.jpg 200w\" sizes=\"auto, (max-width: 532px) 100vw, 532px\" \/><\/a><a href=\"https:\/\/www.pomniki-przyrody.pl\/wp-content\/uploads\/2020\/02\/park-w-Ramu\u0142towicach-pie\u0144-pomnikowego-platana-I.jpg\"><img loading=\"lazy\" decoding=\"async\" class=\"aligncenter wp-image-14391 size-full\" title=\"park w Ramu\u0142towicach - pie\u0144 pomnikowego platana I\" src=\"https:\/\/www.pomniki-przyrody.pl\/wp-content\/uploads\/2020\/02\/park-w-Ramu\u0142towicach-pie\u0144-pomnikowego-platana-I.jpg\" alt=\"park w Ramu\u0142towicach - pie\u0144 pomnikowego platana I\" width=\"532\" height=\"800\" srcset=\"https:\/\/www.pomniki-przyrody.pl\/wp-content\/uploads\/2020\/02\/park-w-Ramu\u0142towicach-pie\u0144-pomnikowego-platana-I.jpg 532w, https:\/\/www.pomniki-przyrody.pl\/wp-content\/uploads\/2020\/02\/park-w-Ramu\u0142towicach-pie\u0144-pomnikowego-platana-I-200x300.jpg 200w\" sizes=\"auto, (max-width: 532px) 100vw, 532px\" \/><\/a><\/p>\n<p>Po pomnikowej so\u015bnie czarnej rosn\u0105cej w p\u00f3\u0142nocno &#8211; wschodnim naro\u017cniku parku pozosta\u0142 tylko niewysoki pie\u0144 &#8211; drzewo kwalifikuje si\u0119 do pozbawienia ochrony pomnikowej. Poruszaj\u0105c si\u0119 dalej w kierunku przeciwnym do wskaz\u00f3wek zegara natkniemy si\u0119 na du\u017c\u0105 grup\u0119 pomnikowych drzew.<\/p>\n<p><a href=\"https:\/\/www.pomniki-przyrody.pl\/wp-content\/uploads\/2020\/02\/pomnikowe-drzewa-w-parku-w-Ramu\u0142towicach.jpg\"><img loading=\"lazy\" decoding=\"async\" class=\"aligncenter wp-image-14407 size-full\" title=\"pomnikowe drzewa w parku w Ramu\u0142towicach\" src=\"https:\/\/www.pomniki-przyrody.pl\/wp-content\/uploads\/2020\/02\/pomnikowe-drzewa-w-parku-w-Ramu\u0142towicach.jpg\" alt=\"pomnikowe drzewa w parku w Ramu\u0142towicach\" width=\"800\" height=\"564\" srcset=\"https:\/\/www.pomniki-przyrody.pl\/wp-content\/uploads\/2020\/02\/pomnikowe-drzewa-w-parku-w-Ramu\u0142towicach.jpg 800w, https:\/\/www.pomniki-przyrody.pl\/wp-content\/uploads\/2020\/02\/pomnikowe-drzewa-w-parku-w-Ramu\u0142towicach-300x212.jpg 300w, https:\/\/www.pomniki-przyrody.pl\/wp-content\/uploads\/2020\/02\/pomnikowe-drzewa-w-parku-w-Ramu\u0142towicach-768x541.jpg 768w, https:\/\/www.pomniki-przyrody.pl\/wp-content\/uploads\/2020\/02\/pomnikowe-drzewa-w-parku-w-Ramu\u0142towicach-426x300.jpg 426w\" sizes=\"auto, (max-width: 800px) 100vw, 800px\" \/><\/a><\/p>\n<p>Trzy pomnikowe lipy drobnolistne o obwodach 273 &#8211; 430 cm i wysoko\u015bci 21 &#8211; 29 metr\u00f3w otaczaj\u0105 zabytkow\u0105 kapliczk\u0119 s\u0142upow\u0105.<\/p>\n<p><a href=\"https:\/\/www.pomniki-przyrody.pl\/wp-content\/uploads\/2020\/02\/park-w-Ramu\u0142towicach-pomnikowe-lipy.jpg\"><img loading=\"lazy\" decoding=\"async\" class=\"aligncenter wp-image-14398 size-full\" title=\"park w Ramu\u0142towicach - pomnikowe lipy\" src=\"https:\/\/www.pomniki-przyrody.pl\/wp-content\/uploads\/2020\/02\/park-w-Ramu\u0142towicach-pomnikowe-lipy.jpg\" alt=\"park w Ramu\u0142towicach - pomnikowe lipy\" width=\"800\" height=\"532\" srcset=\"https:\/\/www.pomniki-przyrody.pl\/wp-content\/uploads\/2020\/02\/park-w-Ramu\u0142towicach-pomnikowe-lipy.jpg 800w, https:\/\/www.pomniki-przyrody.pl\/wp-content\/uploads\/2020\/02\/park-w-Ramu\u0142towicach-pomnikowe-lipy-300x200.jpg 300w, https:\/\/www.pomniki-przyrody.pl\/wp-content\/uploads\/2020\/02\/park-w-Ramu\u0142towicach-pomnikowe-lipy-768x511.jpg 768w, https:\/\/www.pomniki-przyrody.pl\/wp-content\/uploads\/2020\/02\/park-w-Ramu\u0142towicach-pomnikowe-lipy-451x300.jpg 451w\" sizes=\"auto, (max-width: 800px) 100vw, 800px\" \/><\/a><a href=\"https:\/\/www.pomniki-przyrody.pl\/wp-content\/uploads\/2020\/02\/park-w-Ramu\u0142towicach-pomnikowe-lipy-drobnolistne.jpg\"><img loading=\"lazy\" decoding=\"async\" class=\"aligncenter wp-image-14397 size-full\" title=\"park w Ramu\u0142towicach - pomnikowe lipy drobnolistne\" src=\"https:\/\/www.pomniki-przyrody.pl\/wp-content\/uploads\/2020\/02\/park-w-Ramu\u0142towicach-pomnikowe-lipy-drobnolistne.jpg\" alt=\"park w Ramu\u0142towicach - pomnikowe lipy drobnolistne\" width=\"800\" height=\"532\" srcset=\"https:\/\/www.pomniki-przyrody.pl\/wp-content\/uploads\/2020\/02\/park-w-Ramu\u0142towicach-pomnikowe-lipy-drobnolistne.jpg 800w, https:\/\/www.pomniki-przyrody.pl\/wp-content\/uploads\/2020\/02\/park-w-Ramu\u0142towicach-pomnikowe-lipy-drobnolistne-300x200.jpg 300w, https:\/\/www.pomniki-przyrody.pl\/wp-content\/uploads\/2020\/02\/park-w-Ramu\u0142towicach-pomnikowe-lipy-drobnolistne-768x511.jpg 768w, https:\/\/www.pomniki-przyrody.pl\/wp-content\/uploads\/2020\/02\/park-w-Ramu\u0142towicach-pomnikowe-lipy-drobnolistne-451x300.jpg 451w\" sizes=\"auto, (max-width: 800px) 100vw, 800px\" \/><\/a><a href=\"https:\/\/www.pomniki-przyrody.pl\/wp-content\/uploads\/2020\/02\/kapliczka-pomi\u0119dzy-pomnikowymi-lipami.jpg\"><img loading=\"lazy\" decoding=\"async\" class=\"aligncenter wp-image-14385 size-full\" title=\"kapliczka pomi\u0119dzy pomnikowymi lipami\" src=\"https:\/\/www.pomniki-przyrody.pl\/wp-content\/uploads\/2020\/02\/kapliczka-pomi\u0119dzy-pomnikowymi-lipami.jpg\" alt=\"kapliczka pomi\u0119dzy pomnikowymi lipami\" width=\"800\" height=\"532\" srcset=\"https:\/\/www.pomniki-przyrody.pl\/wp-content\/uploads\/2020\/02\/kapliczka-pomi\u0119dzy-pomnikowymi-lipami.jpg 800w, https:\/\/www.pomniki-przyrody.pl\/wp-content\/uploads\/2020\/02\/kapliczka-pomi\u0119dzy-pomnikowymi-lipami-300x200.jpg 300w, https:\/\/www.pomniki-przyrody.pl\/wp-content\/uploads\/2020\/02\/kapliczka-pomi\u0119dzy-pomnikowymi-lipami-768x511.jpg 768w, https:\/\/www.pomniki-przyrody.pl\/wp-content\/uploads\/2020\/02\/kapliczka-pomi\u0119dzy-pomnikowymi-lipami-451x300.jpg 451w\" sizes=\"auto, (max-width: 800px) 100vw, 800px\" \/><\/a><a href=\"https:\/\/www.pomniki-przyrody.pl\/wp-content\/uploads\/2020\/02\/park-w-Ramu\u0142towicach-pie\u0144-og\u0142owionej-lipy.jpg\"><img loading=\"lazy\" decoding=\"async\" class=\"aligncenter wp-image-14386 size-full\" title=\"park w Ramu\u0142towicach - pie\u0144 og\u0142owionej lipy\" src=\"https:\/\/www.pomniki-przyrody.pl\/wp-content\/uploads\/2020\/02\/park-w-Ramu\u0142towicach-pie\u0144-og\u0142owionej-lipy.jpg\" alt=\"park w Ramu\u0142towicach - pie\u0144 og\u0142owionej lipy\" width=\"532\" height=\"800\" srcset=\"https:\/\/www.pomniki-przyrody.pl\/wp-content\/uploads\/2020\/02\/park-w-Ramu\u0142towicach-pie\u0144-og\u0142owionej-lipy.jpg 532w, https:\/\/www.pomniki-przyrody.pl\/wp-content\/uploads\/2020\/02\/park-w-Ramu\u0142towicach-pie\u0144-og\u0142owionej-lipy-200x300.jpg 200w\" sizes=\"auto, (max-width: 532px) 100vw, 532px\" \/><\/a><a href=\"https:\/\/www.pomniki-przyrody.pl\/wp-content\/uploads\/2020\/02\/park-w-Ramu\u0142towicach-pie\u0144-pomnikowej-lipy.jpg\"><img loading=\"lazy\" decoding=\"async\" class=\"aligncenter wp-image-14393 size-full\" title=\"park w Ramu\u0142towicach - pie\u0144 pomnikowej lipy\" src=\"https:\/\/www.pomniki-przyrody.pl\/wp-content\/uploads\/2020\/02\/park-w-Ramu\u0142towicach-pie\u0144-pomnikowej-lipy.jpg\" alt=\"park w Ramu\u0142towicach - pie\u0144 pomnikowej lipy\" width=\"532\" height=\"800\" srcset=\"https:\/\/www.pomniki-przyrody.pl\/wp-content\/uploads\/2020\/02\/park-w-Ramu\u0142towicach-pie\u0144-pomnikowej-lipy.jpg 532w, https:\/\/www.pomniki-przyrody.pl\/wp-content\/uploads\/2020\/02\/park-w-Ramu\u0142towicach-pie\u0144-pomnikowej-lipy-200x300.jpg 200w\" sizes=\"auto, (max-width: 532px) 100vw, 532px\" \/><\/a><\/p>\n<p>Buk pospolity o statusie pomnika przyrody mierzy w pier\u015bnicy 380 cm, wysoko\u015b\u0107 drzewa 24 metry.<\/p>\n<p><a href=\"https:\/\/www.pomniki-przyrody.pl\/wp-content\/uploads\/2020\/02\/park-w-Ramu\u0142towicach-pomnikowy-buk.jpg\"><img loading=\"lazy\" decoding=\"async\" class=\"aligncenter wp-image-14399 size-full\" title=\"park w Ramu\u0142towicach - pomnikowy buk\" src=\"https:\/\/www.pomniki-przyrody.pl\/wp-content\/uploads\/2020\/02\/park-w-Ramu\u0142towicach-pomnikowy-buk.jpg\" alt=\"park w Ramu\u0142towicach - pomnikowy buk\" width=\"532\" height=\"800\" srcset=\"https:\/\/www.pomniki-przyrody.pl\/wp-content\/uploads\/2020\/02\/park-w-Ramu\u0142towicach-pomnikowy-buk.jpg 532w, https:\/\/www.pomniki-przyrody.pl\/wp-content\/uploads\/2020\/02\/park-w-Ramu\u0142towicach-pomnikowy-buk-200x300.jpg 200w\" sizes=\"auto, (max-width: 532px) 100vw, 532px\" \/><\/a><\/p>\n<p><a href=\"https:\/\/www.pomniki-przyrody.pl\/wp-content\/uploads\/2020\/02\/park-w-Ramu\u0142towicach-pie\u0144-pomnikowego-buka.jpg\"><img loading=\"lazy\" decoding=\"async\" class=\"aligncenter wp-image-14387 size-full\" title=\"park w Ramu\u0142towicach - pie\u0144 pomnikowego buka\" src=\"https:\/\/www.pomniki-przyrody.pl\/wp-content\/uploads\/2020\/02\/park-w-Ramu\u0142towicach-pie\u0144-pomnikowego-buka.jpg\" alt=\"park w Ramu\u0142towicach - pie\u0144 pomnikowego buka\" width=\"532\" height=\"800\" srcset=\"https:\/\/www.pomniki-przyrody.pl\/wp-content\/uploads\/2020\/02\/park-w-Ramu\u0142towicach-pie\u0144-pomnikowego-buka.jpg 532w, https:\/\/www.pomniki-przyrody.pl\/wp-content\/uploads\/2020\/02\/park-w-Ramu\u0142towicach-pie\u0144-pomnikowego-buka-200x300.jpg 200w\" sizes=\"auto, (max-width: 532px) 100vw, 532px\" \/><\/a><\/p>\n<p>W pobli\u017cu buka ro\u015bnie pomnikowa sosna czarna o obwodzie 293 cm i wysoko\u015bci 21 metr\u00f3w.<\/p>\n<p><a href=\"https:\/\/www.pomniki-przyrody.pl\/wp-content\/uploads\/2020\/02\/park-w-Ramu\u0142towicach-pomnikowa-sosna-czarna.jpg\"><img loading=\"lazy\" decoding=\"async\" class=\"aligncenter wp-image-14395 size-full\" title=\"park w Ramu\u0142towicach - pomnikowa sosna czarna\" src=\"https:\/\/www.pomniki-przyrody.pl\/wp-content\/uploads\/2020\/02\/park-w-Ramu\u0142towicach-pomnikowa-sosna-czarna.jpg\" alt=\"park w Ramu\u0142towicach - pomnikowa sosna czarna\" width=\"532\" height=\"800\" srcset=\"https:\/\/www.pomniki-przyrody.pl\/wp-content\/uploads\/2020\/02\/park-w-Ramu\u0142towicach-pomnikowa-sosna-czarna.jpg 532w, https:\/\/www.pomniki-przyrody.pl\/wp-content\/uploads\/2020\/02\/park-w-Ramu\u0142towicach-pomnikowa-sosna-czarna-200x300.jpg 200w\" sizes=\"auto, (max-width: 532px) 100vw, 532px\" \/><\/a><a href=\"https:\/\/www.pomniki-przyrody.pl\/wp-content\/uploads\/2020\/02\/park-w-Ramu\u0142towicach-pomnikowa-sosna.jpg\"><img loading=\"lazy\" decoding=\"async\" class=\"aligncenter wp-image-14396 size-full\" title=\"park w Ramu\u0142towicach - pomnikowa sosna\" src=\"https:\/\/www.pomniki-przyrody.pl\/wp-content\/uploads\/2020\/02\/park-w-Ramu\u0142towicach-pomnikowa-sosna.jpg\" alt=\"park w Ramu\u0142towicach - pomnikowa sosna\" width=\"532\" height=\"800\" srcset=\"https:\/\/www.pomniki-przyrody.pl\/wp-content\/uploads\/2020\/02\/park-w-Ramu\u0142towicach-pomnikowa-sosna.jpg 532w, https:\/\/www.pomniki-przyrody.pl\/wp-content\/uploads\/2020\/02\/park-w-Ramu\u0142towicach-pomnikowa-sosna-200x300.jpg 200w\" sizes=\"auto, (max-width: 532px) 100vw, 532px\" \/><\/a><a href=\"https:\/\/www.pomniki-przyrody.pl\/wp-content\/uploads\/2020\/02\/park-w-Ramu\u0142towicach-pie\u0144-pomnikowej-sosny-czarnej.jpg\"><img loading=\"lazy\" decoding=\"async\" class=\"aligncenter wp-image-14394 size-full\" title=\"park w Ramu\u0142towicach - pie\u0144 pomnikowej sosny czarnej\" src=\"https:\/\/www.pomniki-przyrody.pl\/wp-content\/uploads\/2020\/02\/park-w-Ramu\u0142towicach-pie\u0144-pomnikowej-sosny-czarnej.jpg\" alt=\"park w Ramu\u0142towicach - pie\u0144 pomnikowej sosny czarnej\" width=\"532\" height=\"800\" srcset=\"https:\/\/www.pomniki-przyrody.pl\/wp-content\/uploads\/2020\/02\/park-w-Ramu\u0142towicach-pie\u0144-pomnikowej-sosny-czarnej.jpg 532w, https:\/\/www.pomniki-przyrody.pl\/wp-content\/uploads\/2020\/02\/park-w-Ramu\u0142towicach-pie\u0144-pomnikowej-sosny-czarnej-200x300.jpg 200w\" sizes=\"auto, (max-width: 532px) 100vw, 532px\" \/><\/a><\/p>\n<p>W jednej linii z bukiem i sosn\u0105 czarn\u0105 ro\u015bnie drugi pomnikowy platan o obwodzie 263 cm i wysoko\u015bci 22 metry.<\/p>\n<p><a href=\"https:\/\/www.pomniki-przyrody.pl\/wp-content\/uploads\/2020\/02\/park-w-Ramu\u0142towicach-pomnikowy-platan-II.jpg\"><img loading=\"lazy\" decoding=\"async\" class=\"aligncenter wp-image-14405 size-full\" title=\"park w Ramu\u0142towicach - pomnikowy platan II\" src=\"https:\/\/www.pomniki-przyrody.pl\/wp-content\/uploads\/2020\/02\/park-w-Ramu\u0142towicach-pomnikowy-platan-II.jpg\" alt=\"park w Ramu\u0142towicach - pomnikowy platan II\" width=\"532\" height=\"800\" srcset=\"https:\/\/www.pomniki-przyrody.pl\/wp-content\/uploads\/2020\/02\/park-w-Ramu\u0142towicach-pomnikowy-platan-II.jpg 532w, https:\/\/www.pomniki-przyrody.pl\/wp-content\/uploads\/2020\/02\/park-w-Ramu\u0142towicach-pomnikowy-platan-II-200x300.jpg 200w\" sizes=\"auto, (max-width: 532px) 100vw, 532px\" \/><\/a><a href=\"https:\/\/www.pomniki-przyrody.pl\/wp-content\/uploads\/2020\/02\/park-w-Ramu\u0142towicach-pie\u0144-pomnikowego-platana-II.jpg\"><img loading=\"lazy\" decoding=\"async\" class=\"aligncenter wp-image-14392 size-full\" title=\"park w Ramu\u0142towicach - pie\u0144 pomnikowego platana II\" src=\"https:\/\/www.pomniki-przyrody.pl\/wp-content\/uploads\/2020\/02\/park-w-Ramu\u0142towicach-pie\u0144-pomnikowego-platana-II.jpg\" alt=\"park w Ramu\u0142towicach - pie\u0144 pomnikowego platana II\" width=\"532\" height=\"800\" srcset=\"https:\/\/www.pomniki-przyrody.pl\/wp-content\/uploads\/2020\/02\/park-w-Ramu\u0142towicach-pie\u0144-pomnikowego-platana-II.jpg 532w, https:\/\/www.pomniki-przyrody.pl\/wp-content\/uploads\/2020\/02\/park-w-Ramu\u0142towicach-pie\u0144-pomnikowego-platana-II-200x300.jpg 200w\" sizes=\"auto, (max-width: 532px) 100vw, 532px\" \/><\/a><\/p>\n<p>Pomnikowa sosna limba o obwodzie 220 cm niestety usch\u0142a. By\u0107 mo\u017ce do jej \u015bmierci przyczyni\u0142 si\u0119 oplataj\u0105cy j\u0105 bluszcz.<\/p>\n<p><a href=\"https:\/\/www.pomniki-przyrody.pl\/wp-content\/uploads\/2020\/02\/park-w-Ramu\u0142towicach-uschni\u0119ta-pomnikowa-sosna-limba.jpg\"><img loading=\"lazy\" decoding=\"async\" class=\"aligncenter wp-image-14406 size-full\" title=\"park w Ramu\u0142towicach - uschni\u0119ta pomnikowa sosna limba\" src=\"https:\/\/www.pomniki-przyrody.pl\/wp-content\/uploads\/2020\/02\/park-w-Ramu\u0142towicach-uschni\u0119ta-pomnikowa-sosna-limba.jpg\" alt=\"park w Ramu\u0142towicach - uschni\u0119ta pomnikowa sosna limba\" width=\"532\" height=\"800\" srcset=\"https:\/\/www.pomniki-przyrody.pl\/wp-content\/uploads\/2020\/02\/park-w-Ramu\u0142towicach-uschni\u0119ta-pomnikowa-sosna-limba.jpg 532w, https:\/\/www.pomniki-przyrody.pl\/wp-content\/uploads\/2020\/02\/park-w-Ramu\u0142towicach-uschni\u0119ta-pomnikowa-sosna-limba-200x300.jpg 200w\" sizes=\"auto, (max-width: 532px) 100vw, 532px\" \/><\/a><\/p>\n<p>Drugi pomnikowy d\u0105b niemal w ca\u0142o\u015bci pokryty jest bluszczem. Obw\u00f3d tego okazu wynosi 467 cm, wysoko\u015b\u0107 25 metr\u00f3w.<\/p>\n<p><a href=\"https:\/\/www.pomniki-przyrody.pl\/wp-content\/uploads\/2020\/02\/park-w-Ramu\u0142towicach-pomnikowy-d\u0105b-II.jpg\"><img loading=\"lazy\" decoding=\"async\" class=\"aligncenter wp-image-14402 size-full\" title=\"park w Ramu\u0142towicach - pomnikowy d\u0105b II\" src=\"https:\/\/www.pomniki-przyrody.pl\/wp-content\/uploads\/2020\/02\/park-w-Ramu\u0142towicach-pomnikowy-d\u0105b-II.jpg\" alt=\"park w Ramu\u0142towicach - pomnikowy d\u0105b II\" width=\"532\" height=\"800\" srcset=\"https:\/\/www.pomniki-przyrody.pl\/wp-content\/uploads\/2020\/02\/park-w-Ramu\u0142towicach-pomnikowy-d\u0105b-II.jpg 532w, https:\/\/www.pomniki-przyrody.pl\/wp-content\/uploads\/2020\/02\/park-w-Ramu\u0142towicach-pomnikowy-d\u0105b-II-200x300.jpg 200w\" sizes=\"auto, (max-width: 532px) 100vw, 532px\" \/><\/a><a href=\"https:\/\/www.pomniki-przyrody.pl\/wp-content\/uploads\/2020\/02\/park-w-Ramu\u0142towicach-pie\u0144-pomnikowego-d\u0119bu-II.jpg\"><img loading=\"lazy\" decoding=\"async\" class=\"aligncenter wp-image-14389 size-full\" title=\"park w Ramu\u0142towicach - pie\u0144 pomnikowego d\u0119bu II\" src=\"https:\/\/www.pomniki-przyrody.pl\/wp-content\/uploads\/2020\/02\/park-w-Ramu\u0142towicach-pie\u0144-pomnikowego-d\u0119bu-II.jpg\" alt=\"park w Ramu\u0142towicach - pie\u0144 pomnikowego d\u0119bu II\" width=\"532\" height=\"800\" srcset=\"https:\/\/www.pomniki-przyrody.pl\/wp-content\/uploads\/2020\/02\/park-w-Ramu\u0142towicach-pie\u0144-pomnikowego-d\u0119bu-II.jpg 532w, https:\/\/www.pomniki-przyrody.pl\/wp-content\/uploads\/2020\/02\/park-w-Ramu\u0142towicach-pie\u0144-pomnikowego-d\u0119bu-II-200x300.jpg 200w\" sizes=\"auto, (max-width: 532px) 100vw, 532px\" \/><\/a><\/p>\n<p>Trzeci pomnikowy d\u0105b rosn\u0105cy tu\u017c przy szlabanie mierzy w obwodzie 354 cm, wysoko\u015b\u0107 okazu 26 metr\u00f3w.<\/p>\n<p><a href=\"https:\/\/www.pomniki-przyrody.pl\/wp-content\/uploads\/2020\/02\/park-w-Ramu\u0142towicach-pomnikowy-d\u0105b-III.jpg\"><img loading=\"lazy\" decoding=\"async\" class=\"aligncenter wp-image-14403 size-full\" title=\"park w Ramu\u0142towicach - pomnikowy d\u0105b III\" src=\"https:\/\/www.pomniki-przyrody.pl\/wp-content\/uploads\/2020\/02\/park-w-Ramu\u0142towicach-pomnikowy-d\u0105b-III.jpg\" alt=\"park w Ramu\u0142towicach - pomnikowy d\u0105b III\" width=\"532\" height=\"800\" srcset=\"https:\/\/www.pomniki-przyrody.pl\/wp-content\/uploads\/2020\/02\/park-w-Ramu\u0142towicach-pomnikowy-d\u0105b-III.jpg 532w, https:\/\/www.pomniki-przyrody.pl\/wp-content\/uploads\/2020\/02\/park-w-Ramu\u0142towicach-pomnikowy-d\u0105b-III-200x300.jpg 200w\" sizes=\"auto, (max-width: 532px) 100vw, 532px\" \/><\/a><a href=\"https:\/\/www.pomniki-przyrody.pl\/wp-content\/uploads\/2020\/02\/park-w-Ramu\u0142towicach-pie\u0144-pomnikowego-d\u0119bu-III.jpg\"><img loading=\"lazy\" decoding=\"async\" class=\"aligncenter size-full wp-image-14390\" src=\"https:\/\/www.pomniki-przyrody.pl\/wp-content\/uploads\/2020\/02\/park-w-Ramu\u0142towicach-pie\u0144-pomnikowego-d\u0119bu-III.jpg\" alt=\"park w Ramu\u0142towicach - pie\u0144 pomnikowego d\u0119bu III\" width=\"532\" height=\"800\" srcset=\"https:\/\/www.pomniki-przyrody.pl\/wp-content\/uploads\/2020\/02\/park-w-Ramu\u0142towicach-pie\u0144-pomnikowego-d\u0119bu-III.jpg 532w, https:\/\/www.pomniki-przyrody.pl\/wp-content\/uploads\/2020\/02\/park-w-Ramu\u0142towicach-pie\u0144-pomnikowego-d\u0119bu-III-200x300.jpg 200w\" sizes=\"auto, (max-width: 532px) 100vw, 532px\" \/><\/a><\/p>\n<p>W kolejnym <span style=\"color: #0000ff;\">artykule<\/span> opisz\u0119 park podworski w miejscowo\u015bci <a href=\"https:\/\/www.pomniki-przyrody.pl\/?p=14417\"><span style=\"color: #0000ff;\">Sikorzyce<\/span><\/a>, w kt\u00f3rym starodrzew r\u00f3wnie\u017c jest chroniony w formie grupowego pomnika przyrody.<\/p>\n\n\n<p>                                                                                                              <\/p>\n","protected":false},"excerpt":{"rendered":"<p>Gmina Kostom\u0142oty po\u0142o\u017cona jest w centralnej cz\u0119\u015bci wojew\u00f3dztwa dolno\u015bl\u0105skiego, w powiecie \u015bredzkim. Po\u0142udniowo &#8211; zachodni\u0105 cz\u0119\u015b\u0107 gminy przecina autostrada A-4, skomunikowana z drog\u0105 krajow\u0105 nr 5 (w\u0119ze\u0142 Kostom\u0142oty). Obszar gminy ma charakter wybitnie rolniczy, u\u017cytki rolne zajmuj\u0105 tu a\u017c 88%, &hellip; <a href=\"https:\/\/www.pomniki-przyrody.pl\/?p=14383\">Czytaj dalej <span class=\"meta-nav\">&rarr;<\/span><\/a><\/p>\n","protected":false},"author":2,"featured_media":0,"comment_status":"open","ping_status":"open","sticky":false,"template":"","format":"standard","meta":{"footnotes":""},"categories":[1],"tags":[1483,1823,1826,318,528,361,1824],"class_list":["post-14383","post","type-post","status-publish","format-standard","hentry","category-przyroda-ozywiona","tag-dolnoslaskie","tag-gmina-kostomloty","tag-park-w-ramultowicach","tag-pomnikowe-deby","tag-pomnikowe-platany","tag-pomnikowy-buk","tag-ramultowice"],"_links":{"self":[{"href":"https:\/\/www.pomniki-przyrody.pl\/index.php?rest_route=\/wp\/v2\/posts\/14383","targetHints":{"allow":["GET"]}}],"collection":[{"href":"https:\/\/www.pomniki-przyrody.pl\/index.php?rest_route=\/wp\/v2\/posts"}],"about":[{"href":"https:\/\/www.pomniki-przyrody.pl\/index.php?rest_route=\/wp\/v2\/types\/post"}],"author":[{"embeddable":true,"href":"https:\/\/www.pomniki-przyrody.pl\/index.php?rest_route=\/wp\/v2\/users\/2"}],"replies":[{"embeddable":true,"href":"https:\/\/www.pomniki-przyrody.pl\/index.php?rest_route=%2Fwp%2Fv2%2Fcomments&post=14383"}],"version-history":[{"count":8,"href":"https:\/\/www.pomniki-przyrody.pl\/index.php?rest_route=\/wp\/v2\/posts\/14383\/revisions"}],"predecessor-version":[{"id":14453,"href":"https:\/\/www.pomniki-przyrody.pl\/index.php?rest_route=\/wp\/v2\/posts\/14383\/revisions\/14453"}],"wp:attachment":[{"href":"https:\/\/www.pomniki-przyrody.pl\/index.php?rest_route=%2Fwp%2Fv2%2Fmedia&parent=14383"}],"wp:term":[{"taxonomy":"category","embeddable":true,"href":"https:\/\/www.pomniki-przyrody.pl\/index.php?rest_route=%2Fwp%2Fv2%2Fcategories&post=14383"},{"taxonomy":"post_tag","embeddable":true,"href":"https:\/\/www.pomniki-przyrody.pl\/index.php?rest_route=%2Fwp%2Fv2%2Ftags&post=14383"}],"curies":[{"name":"wp","href":"https:\/\/api.w.org\/{rel}","templated":true}]}}