{"id":14751,"date":"2020-05-28T20:35:46","date_gmt":"2020-05-28T18:35:46","guid":{"rendered":"http:\/\/www.pomniki-przyrody.pl\/?p=14751"},"modified":"2020-05-28T20:35:46","modified_gmt":"2020-05-28T18:35:46","slug":"dab-mlynarz-z-piotrowic-gm-chojnow-dolnoslaskie","status":"publish","type":"post","link":"https:\/\/www.pomniki-przyrody.pl\/?p=14751","title":{"rendered":"D\u0105b &#8222;M\u0142ynarz&#8221; z Piotrowic (gm. Chojn\u00f3w, dolno\u015bl\u0105skie)."},"content":{"rendered":"<p>O pomnikowym d\u0119bie &#8222;M\u0142ynarzu&#8221; pisa\u0142em w marcu 2014 r. w artykule &#8222;<a href=\"https:\/\/www.pomniki-przyrody.pl\/?p=5542\"><span style=\"color: #0000ff;\">Pomnikowe drzewa w Konrad\u00f3wce \u2013 Piotrowicach<\/span><\/a>&#8222;. Dlaczego zatem wracam po latach do tematu tego drzewa? Ot\u00f3\u017c dlatego, \u017ce dopiero 10 maja 2020 r. tak naprawd\u0119 po raz pierwszy go ujrza\u0142em i zachwyci\u0142em si\u0119 jego dostoje\u0144stwem. Na wskutek b\u0142\u0119dnego opisu lokalizacji w rejestrze RDO\u015a, za &#8222;M\u0142ynarza&#8221; przyj\u0105\u0142em grubszy okaz z pary d\u0119b\u00f3w rosn\u0105cych nad Kana\u0142em Osetnickim, na ty\u0142ach budynku nr 3 w Piotrowicach. Dopiero dok\u0142adny pomiar wykonany wsp\u00f3lnie z Paw\u0142em Lenartem (<a href=\"https:\/\/www.lenartpawel.pl\/\"><span style=\"color: #0000ff;\">https:\/\/www.lenartpawel.pl\/<\/span><\/a>) oraz por\u00f3wnanie wygl\u0105du drzewa do fotografii zamieszczonej w ksi\u0105\u017cce &#8222;Drzewa Polski&#8221; z 2015 r. doprowadzi\u0142o do stwierdzenia, \u017ce mamy do czynienia z innym pomnikowym okazem. W\u0142a\u015bciwy &#8222;M\u0142ynarz&#8221; ro\u015bnie r\u00f3wnie\u017c nad Kana\u0142em Osetnickim, ale ok. 300 m ni\u017cej, sprytnie schowany w k\u0119pie drzew i krzew\u00f3w.<\/p>\n<p>GPS N 51\u00b015\u203249.84\u2033 , E 15\u00b053\u203249.14\u2033<\/p>\n<p><a href=\"https:\/\/www.pomniki-przyrody.pl\/wp-content\/uploads\/2020\/05\/Piotrowice-pomnikowy-d\u0105b-M\u0142ynarz.jpg\"><img loading=\"lazy\" decoding=\"async\" class=\"aligncenter wp-image-14763 size-full\" title=\"Piotrowice - pomnikowy d\u0105b M\u0142ynarz\" src=\"https:\/\/www.pomniki-przyrody.pl\/wp-content\/uploads\/2020\/05\/Piotrowice-pomnikowy-d\u0105b-M\u0142ynarz.jpg\" alt=\"Piotrowice - pomnikowy d\u0105b M\u0142ynarz\" width=\"800\" height=\"532\" srcset=\"https:\/\/www.pomniki-przyrody.pl\/wp-content\/uploads\/2020\/05\/Piotrowice-pomnikowy-d\u0105b-M\u0142ynarz.jpg 800w, https:\/\/www.pomniki-przyrody.pl\/wp-content\/uploads\/2020\/05\/Piotrowice-pomnikowy-d\u0105b-M\u0142ynarz-300x200.jpg 300w, https:\/\/www.pomniki-przyrody.pl\/wp-content\/uploads\/2020\/05\/Piotrowice-pomnikowy-d\u0105b-M\u0142ynarz-768x511.jpg 768w, https:\/\/www.pomniki-przyrody.pl\/wp-content\/uploads\/2020\/05\/Piotrowice-pomnikowy-d\u0105b-M\u0142ynarz-451x300.jpg 451w\" sizes=\"auto, (max-width: 800px) 100vw, 800px\" \/><\/a><\/p>\n<p>Aby trafi\u0107 do &#8222;M\u0142ynarza&#8221; nale\u017cy za dawnym m\u0142ynem skr\u0119ci\u0107 w <strong>lewo<\/strong> (id\u0105c w prawo trafimy do pary d\u0119b\u00f3w) i maszerowa\u0107 ok. 100 m wzd\u0142u\u017c m\u0142yn\u00f3wki.<\/p>\n<p><a href=\"https:\/\/www.pomniki-przyrody.pl\/wp-content\/uploads\/2020\/05\/d\u0105b-M\u0142ynarz-z-Piotrowic-widok-od-strony-po\u0142udniowej.jpg\"><img loading=\"lazy\" decoding=\"async\" class=\"aligncenter wp-image-14752 size-full\" title=\"d\u0105b M\u0142ynarz z Piotrowic - widok od strony po\u0142udniowej\" src=\"https:\/\/www.pomniki-przyrody.pl\/wp-content\/uploads\/2020\/05\/d\u0105b-M\u0142ynarz-z-Piotrowic-widok-od-strony-po\u0142udniowej.jpg\" alt=\"d\u0105b M\u0142ynarz z Piotrowic - widok od strony po\u0142udniowej\" width=\"800\" height=\"532\" srcset=\"https:\/\/www.pomniki-przyrody.pl\/wp-content\/uploads\/2020\/05\/d\u0105b-M\u0142ynarz-z-Piotrowic-widok-od-strony-po\u0142udniowej.jpg 800w, https:\/\/www.pomniki-przyrody.pl\/wp-content\/uploads\/2020\/05\/d\u0105b-M\u0142ynarz-z-Piotrowic-widok-od-strony-po\u0142udniowej-300x200.jpg 300w, https:\/\/www.pomniki-przyrody.pl\/wp-content\/uploads\/2020\/05\/d\u0105b-M\u0142ynarz-z-Piotrowic-widok-od-strony-po\u0142udniowej-768x511.jpg 768w, https:\/\/www.pomniki-przyrody.pl\/wp-content\/uploads\/2020\/05\/d\u0105b-M\u0142ynarz-z-Piotrowic-widok-od-strony-po\u0142udniowej-451x300.jpg 451w\" sizes=\"auto, (max-width: 800px) 100vw, 800px\" \/><\/a><a href=\"https:\/\/www.pomniki-przyrody.pl\/wp-content\/uploads\/2020\/05\/Piotrowice-d\u0105b-M\u0142ynarz.jpg\"><img loading=\"lazy\" decoding=\"async\" class=\"aligncenter wp-image-14762 size-full\" title=\"Piotrowice - d\u0105b M\u0142ynarz\" src=\"https:\/\/www.pomniki-przyrody.pl\/wp-content\/uploads\/2020\/05\/Piotrowice-d\u0105b-M\u0142ynarz.jpg\" alt=\"Piotrowice - d\u0105b M\u0142ynarz\" width=\"800\" height=\"532\" srcset=\"https:\/\/www.pomniki-przyrody.pl\/wp-content\/uploads\/2020\/05\/Piotrowice-d\u0105b-M\u0142ynarz.jpg 800w, https:\/\/www.pomniki-przyrody.pl\/wp-content\/uploads\/2020\/05\/Piotrowice-d\u0105b-M\u0142ynarz-300x200.jpg 300w, https:\/\/www.pomniki-przyrody.pl\/wp-content\/uploads\/2020\/05\/Piotrowice-d\u0105b-M\u0142ynarz-768x511.jpg 768w, https:\/\/www.pomniki-przyrody.pl\/wp-content\/uploads\/2020\/05\/Piotrowice-d\u0105b-M\u0142ynarz-451x300.jpg 451w\" sizes=\"auto, (max-width: 800px) 100vw, 800px\" \/><\/a><a href=\"https:\/\/www.pomniki-przyrody.pl\/wp-content\/uploads\/2020\/05\/d\u0105b-M\u0142ynarz-z-Piotrowic.jpg\"><img loading=\"lazy\" decoding=\"async\" class=\"aligncenter wp-image-14754 size-full\" title=\"d\u0105b M\u0142ynarz z Piotrowic\" src=\"https:\/\/www.pomniki-przyrody.pl\/wp-content\/uploads\/2020\/05\/d\u0105b-M\u0142ynarz-z-Piotrowic.jpg\" alt=\"d\u0105b M\u0142ynarz z Piotrowic\" width=\"532\" height=\"800\" srcset=\"https:\/\/www.pomniki-przyrody.pl\/wp-content\/uploads\/2020\/05\/d\u0105b-M\u0142ynarz-z-Piotrowic.jpg 532w, https:\/\/www.pomniki-przyrody.pl\/wp-content\/uploads\/2020\/05\/d\u0105b-M\u0142ynarz-z-Piotrowic-200x300.jpg 200w\" sizes=\"auto, (max-width: 532px) 100vw, 532px\" \/><\/a><\/p>\n<p>Pomnikowy d\u0105b ro\u015bnie nad brzegiem Kana\u0142u Osetnickiego, ok. 50 m od ogrodzenia posesji nr 6 (du\u017cy szrot).<\/p>\n<p><a href=\"https:\/\/www.pomniki-przyrody.pl\/wp-content\/uploads\/2020\/05\/d\u0105b-M\u0142ynarz-z-Piotrowic-widok-od-strony-p\u00f3\u0142nocnej.jpg\"><img loading=\"lazy\" decoding=\"async\" class=\"aligncenter wp-image-14753 size-full\" title=\"d\u0105b M\u0142ynarz z Piotrowic - widok od strony p\u00f3\u0142nocnej\" src=\"https:\/\/www.pomniki-przyrody.pl\/wp-content\/uploads\/2020\/05\/d\u0105b-M\u0142ynarz-z-Piotrowic-widok-od-strony-p\u00f3\u0142nocnej.jpg\" alt=\"d\u0105b M\u0142ynarz z Piotrowic - widok od strony p\u00f3\u0142nocnej\" width=\"800\" height=\"532\" srcset=\"https:\/\/www.pomniki-przyrody.pl\/wp-content\/uploads\/2020\/05\/d\u0105b-M\u0142ynarz-z-Piotrowic-widok-od-strony-p\u00f3\u0142nocnej.jpg 800w, https:\/\/www.pomniki-przyrody.pl\/wp-content\/uploads\/2020\/05\/d\u0105b-M\u0142ynarz-z-Piotrowic-widok-od-strony-p\u00f3\u0142nocnej-300x200.jpg 300w, https:\/\/www.pomniki-przyrody.pl\/wp-content\/uploads\/2020\/05\/d\u0105b-M\u0142ynarz-z-Piotrowic-widok-od-strony-p\u00f3\u0142nocnej-768x511.jpg 768w, https:\/\/www.pomniki-przyrody.pl\/wp-content\/uploads\/2020\/05\/d\u0105b-M\u0142ynarz-z-Piotrowic-widok-od-strony-p\u00f3\u0142nocnej-451x300.jpg 451w\" sizes=\"auto, (max-width: 800px) 100vw, 800px\" \/><\/a><\/p>\n<p>Pomiar obwodu &#8222;M\u0142ynarza&#8221; ze wzgl\u0119du na liczne guzy i naro\u015bla nie nale\u017cy do \u0142atwych zada\u0144. Niemniej zrobili\u015bmy z Paw\u0142em wszystko, by odby\u0142o si\u0119 to zgodnie z zasadami dendrometrii.<\/p>\n<p><a href=\"https:\/\/www.pomniki-przyrody.pl\/wp-content\/uploads\/2020\/05\/pomiar-obwodu-pomnikowego-d\u0119bu-M\u0142ynarz.jpg\"><img loading=\"lazy\" decoding=\"async\" class=\"aligncenter wp-image-14765 size-full\" title=\"pomiar obwodu pomnikowego d\u0119bu M\u0142ynarz\" src=\"https:\/\/www.pomniki-przyrody.pl\/wp-content\/uploads\/2020\/05\/pomiar-obwodu-pomnikowego-d\u0119bu-M\u0142ynarz.jpg\" alt=\"pomiar obwodu pomnikowego d\u0119bu M\u0142ynarz\" width=\"800\" height=\"532\" srcset=\"https:\/\/www.pomniki-przyrody.pl\/wp-content\/uploads\/2020\/05\/pomiar-obwodu-pomnikowego-d\u0119bu-M\u0142ynarz.jpg 800w, https:\/\/www.pomniki-przyrody.pl\/wp-content\/uploads\/2020\/05\/pomiar-obwodu-pomnikowego-d\u0119bu-M\u0142ynarz-300x200.jpg 300w, https:\/\/www.pomniki-przyrody.pl\/wp-content\/uploads\/2020\/05\/pomiar-obwodu-pomnikowego-d\u0119bu-M\u0142ynarz-768x511.jpg 768w, https:\/\/www.pomniki-przyrody.pl\/wp-content\/uploads\/2020\/05\/pomiar-obwodu-pomnikowego-d\u0119bu-M\u0142ynarz-451x300.jpg 451w\" sizes=\"auto, (max-width: 800px) 100vw, 800px\" \/><\/a><\/p>\n<p>Zmierzony obw\u00f3d pier\u015bnicowy &#8211; <strong>837<\/strong> cm &#8211; plasuje &#8222;M\u0142ynarza&#8221; na drugim miejscu w rankingu najgrubszych dolno\u015bl\u0105skich d\u0119b\u00f3w. Grubszy od niego jest tylko &#8222;Bli\u017aniak&#8221; z Twardog\u00f3ry (904 cm), ale jak sama nazwa sugeruje jest on zrostem dw\u00f3ch d\u0119b\u00f3w. Wysoko\u015b\u0107 &#8222;M\u0142ynarza&#8221; to ok. 20 metr\u00f3w, szacunkowy wiek 550 &#8211; 600 lat.<\/p>\n<p><a href=\"https:\/\/www.pomniki-przyrody.pl\/wp-content\/uploads\/2020\/05\/pomiar-obwodu-d\u0119bu-M\u0142ynarz.jpg\"><img loading=\"lazy\" decoding=\"async\" class=\"aligncenter wp-image-14764 size-full\" title=\"pomiar obwodu d\u0119bu M\u0142ynarz\" src=\"https:\/\/www.pomniki-przyrody.pl\/wp-content\/uploads\/2020\/05\/pomiar-obwodu-d\u0119bu-M\u0142ynarz.jpg\" alt=\"pomiar obwodu d\u0119bu M\u0142ynarz\" width=\"530\" height=\"800\" srcset=\"https:\/\/www.pomniki-przyrody.pl\/wp-content\/uploads\/2020\/05\/pomiar-obwodu-d\u0119bu-M\u0142ynarz.jpg 530w, https:\/\/www.pomniki-przyrody.pl\/wp-content\/uploads\/2020\/05\/pomiar-obwodu-d\u0119bu-M\u0142ynarz-199x300.jpg 199w\" sizes=\"auto, (max-width: 530px) 100vw, 530px\" \/><\/a><\/p>\n<p>Opisywany kolos jest oznakowany star\u0105, odwr\u00f3con\u0105 tabliczk\u0105 wisz\u0105c\u0105 na jednym gwo\u017adziu, poni\u017cej znajduje si\u0119 druga, ju\u017c nieczytelna tabliczka. Obok znajduje si\u0119 charakterystyczny guz przypominaj\u0105cy wygl\u0105dem g\u0142ow\u0119 zaj\u0105ca lub ryby.<\/p>\n<p><a href=\"https:\/\/www.pomniki-przyrody.pl\/wp-content\/uploads\/2020\/05\/naro\u015bla-na-pniu-debu-M\u0142ynarz.jpg\"><img loading=\"lazy\" decoding=\"async\" class=\"aligncenter wp-image-14757 size-full\" title=\"naro\u015bla na pniu d\u0119bu M\u0142ynarz\" src=\"https:\/\/www.pomniki-przyrody.pl\/wp-content\/uploads\/2020\/05\/naro\u015bla-na-pniu-debu-M\u0142ynarz.jpg\" alt=\"naro\u015bla na pniu d\u0119bu M\u0142ynarz\" width=\"532\" height=\"800\" srcset=\"https:\/\/www.pomniki-przyrody.pl\/wp-content\/uploads\/2020\/05\/naro\u015bla-na-pniu-debu-M\u0142ynarz.jpg 532w, https:\/\/www.pomniki-przyrody.pl\/wp-content\/uploads\/2020\/05\/naro\u015bla-na-pniu-debu-M\u0142ynarz-200x300.jpg 200w\" sizes=\"auto, (max-width: 532px) 100vw, 532px\" \/><\/a><\/p>\n<p>Dolna cz\u0119\u015b\u0107 pnia pokryta jest wieloma guzami i naro\u015blami, niemniej stan zdrowotny drzewa nale\u017cy uzna\u0107 za zadowalaj\u0105cy.<\/p>\n<p><a href=\"https:\/\/www.pomniki-przyrody.pl\/wp-content\/uploads\/2020\/05\/pie\u0144-d\u0119bu-M\u0142ynarz.jpg\"><img loading=\"lazy\" decoding=\"async\" class=\"aligncenter wp-image-14760 size-full\" title=\"pie\u0144 d\u0119bu M\u0142ynarz\" src=\"https:\/\/www.pomniki-przyrody.pl\/wp-content\/uploads\/2020\/05\/pie\u0144-d\u0119bu-M\u0142ynarz.jpg\" alt=\"pie\u0144 d\u0119bu M\u0142ynarz\" width=\"532\" height=\"800\" srcset=\"https:\/\/www.pomniki-przyrody.pl\/wp-content\/uploads\/2020\/05\/pie\u0144-d\u0119bu-M\u0142ynarz.jpg 532w, https:\/\/www.pomniki-przyrody.pl\/wp-content\/uploads\/2020\/05\/pie\u0144-d\u0119bu-M\u0142ynarz-200x300.jpg 200w\" sizes=\"auto, (max-width: 532px) 100vw, 532px\" \/><\/a><\/p>\n<p><a href=\"https:\/\/www.pomniki-przyrody.pl\/wp-content\/uploads\/2020\/05\/pie\u0144-d\u0119bu-M\u0142ynarz-z-Piotrowic.jpg\"><img loading=\"lazy\" decoding=\"async\" class=\"aligncenter wp-image-14759 size-full\" title=\"pie\u0144 d\u0119bu M\u0142ynarz z Piotrowic\" src=\"https:\/\/www.pomniki-przyrody.pl\/wp-content\/uploads\/2020\/05\/pie\u0144-d\u0119bu-M\u0142ynarz-z-Piotrowic.jpg\" alt=\"pie\u0144 d\u0119bu M\u0142ynarz z Piotrowic\" width=\"532\" height=\"800\" srcset=\"https:\/\/www.pomniki-przyrody.pl\/wp-content\/uploads\/2020\/05\/pie\u0144-d\u0119bu-M\u0142ynarz-z-Piotrowic.jpg 532w, https:\/\/www.pomniki-przyrody.pl\/wp-content\/uploads\/2020\/05\/pie\u0144-d\u0119bu-M\u0142ynarz-z-Piotrowic-200x300.jpg 200w\" sizes=\"auto, (max-width: 532px) 100vw, 532px\" \/><\/a><a href=\"https:\/\/www.pomniki-przyrody.pl\/wp-content\/uploads\/2020\/05\/pie\u0144-d\u0119bu-M\u0142ynarz-od-strony-strumienia.jpg\"><img loading=\"lazy\" decoding=\"async\" class=\"aligncenter wp-image-14758 size-full\" title=\"pie\u0144 d\u0119bu M\u0142ynarz od strony strumienia\" src=\"https:\/\/www.pomniki-przyrody.pl\/wp-content\/uploads\/2020\/05\/pie\u0144-d\u0119bu-M\u0142ynarz-od-strony-strumienia.jpg\" alt=\"pie\u0144 d\u0119bu M\u0142ynarz od strony strumienia\" width=\"532\" height=\"800\" srcset=\"https:\/\/www.pomniki-przyrody.pl\/wp-content\/uploads\/2020\/05\/pie\u0144-d\u0119bu-M\u0142ynarz-od-strony-strumienia.jpg 532w, https:\/\/www.pomniki-przyrody.pl\/wp-content\/uploads\/2020\/05\/pie\u0144-d\u0119bu-M\u0142ynarz-od-strony-strumienia-200x300.jpg 200w\" sizes=\"auto, (max-width: 532px) 100vw, 532px\" \/><\/a><a href=\"https:\/\/www.pomniki-przyrody.pl\/wp-content\/uploads\/2020\/05\/pie\u0144-pomnikowego-d\u0119bu-M\u0142ynarz.jpg\"><img loading=\"lazy\" decoding=\"async\" class=\"aligncenter wp-image-14761 size-full\" title=\"pie\u0144 pomnikowego d\u0119bu M\u0142ynarz\" src=\"https:\/\/www.pomniki-przyrody.pl\/wp-content\/uploads\/2020\/05\/pie\u0144-pomnikowego-d\u0119bu-M\u0142ynarz.jpg\" alt=\"pie\u0144 pomnikowego d\u0119bu M\u0142ynarz\" width=\"532\" height=\"800\" srcset=\"https:\/\/www.pomniki-przyrody.pl\/wp-content\/uploads\/2020\/05\/pie\u0144-pomnikowego-d\u0119bu-M\u0142ynarz.jpg 532w, https:\/\/www.pomniki-przyrody.pl\/wp-content\/uploads\/2020\/05\/pie\u0144-pomnikowego-d\u0119bu-M\u0142ynarz-200x300.jpg 200w\" sizes=\"auto, (max-width: 532px) 100vw, 532px\" \/><\/a><\/p>\n<p>W kilku miejscach widoczne s\u0105 \u015blady po wy\u0142amanych lub wyci\u0119tych konarach.<\/p>\n<p><a href=\"https:\/\/www.pomniki-przyrody.pl\/wp-content\/uploads\/2020\/05\/kalusy-na-d\u0119bie-M\u0142ynarz.jpg\"><img loading=\"lazy\" decoding=\"async\" class=\"aligncenter wp-image-14756 size-full\" title=\"kalusy na d\u0119bie M\u0142ynarz\" src=\"https:\/\/www.pomniki-przyrody.pl\/wp-content\/uploads\/2020\/05\/kalusy-na-d\u0119bie-M\u0142ynarz.jpg\" alt=\"kalusy na d\u0119bie M\u0142ynarz\" width=\"532\" height=\"800\" srcset=\"https:\/\/www.pomniki-przyrody.pl\/wp-content\/uploads\/2020\/05\/kalusy-na-d\u0119bie-M\u0142ynarz.jpg 532w, https:\/\/www.pomniki-przyrody.pl\/wp-content\/uploads\/2020\/05\/kalusy-na-d\u0119bie-M\u0142ynarz-200x300.jpg 200w\" sizes=\"auto, (max-width: 532px) 100vw, 532px\" \/><\/a><\/p>\n","protected":false},"excerpt":{"rendered":"<p>O pomnikowym d\u0119bie &#8222;M\u0142ynarzu&#8221; pisa\u0142em w marcu 2014 r. w artykule &#8222;Pomnikowe drzewa w Konrad\u00f3wce \u2013 Piotrowicach&#8222;. Dlaczego zatem wracam po latach do tematu tego drzewa? Ot\u00f3\u017c dlatego, \u017ce dopiero 10 maja 2020 r. tak naprawd\u0119 po raz pierwszy go &hellip; <a href=\"https:\/\/www.pomniki-przyrody.pl\/?p=14751\">Czytaj dalej <span class=\"meta-nav\">&rarr;<\/span><\/a><\/p>\n","protected":false},"author":2,"featured_media":0,"comment_status":"open","ping_status":"open","sticky":false,"template":"","format":"standard","meta":{"footnotes":""},"categories":[1],"tags":[848,846,178,667],"class_list":["post-14751","post","type-post","status-publish","format-standard","hentry","category-przyroda-ozywiona","tag-dab-mlynarz","tag-gmina-chojnow","tag-piotrowice","tag-pomnikowy-dab"],"_links":{"self":[{"href":"https:\/\/www.pomniki-przyrody.pl\/index.php?rest_route=\/wp\/v2\/posts\/14751","targetHints":{"allow":["GET"]}}],"collection":[{"href":"https:\/\/www.pomniki-przyrody.pl\/index.php?rest_route=\/wp\/v2\/posts"}],"about":[{"href":"https:\/\/www.pomniki-przyrody.pl\/index.php?rest_route=\/wp\/v2\/types\/post"}],"author":[{"embeddable":true,"href":"https:\/\/www.pomniki-przyrody.pl\/index.php?rest_route=\/wp\/v2\/users\/2"}],"replies":[{"embeddable":true,"href":"https:\/\/www.pomniki-przyrody.pl\/index.php?rest_route=%2Fwp%2Fv2%2Fcomments&post=14751"}],"version-history":[{"count":4,"href":"https:\/\/www.pomniki-przyrody.pl\/index.php?rest_route=\/wp\/v2\/posts\/14751\/revisions"}],"predecessor-version":[{"id":14772,"href":"https:\/\/www.pomniki-przyrody.pl\/index.php?rest_route=\/wp\/v2\/posts\/14751\/revisions\/14772"}],"wp:attachment":[{"href":"https:\/\/www.pomniki-przyrody.pl\/index.php?rest_route=%2Fwp%2Fv2%2Fmedia&parent=14751"}],"wp:term":[{"taxonomy":"category","embeddable":true,"href":"https:\/\/www.pomniki-przyrody.pl\/index.php?rest_route=%2Fwp%2Fv2%2Fcategories&post=14751"},{"taxonomy":"post_tag","embeddable":true,"href":"https:\/\/www.pomniki-przyrody.pl\/index.php?rest_route=%2Fwp%2Fv2%2Ftags&post=14751"}],"curies":[{"name":"wp","href":"https:\/\/api.w.org\/{rel}","templated":true}]}}