{"id":14878,"date":"2020-07-02T20:49:56","date_gmt":"2020-07-02T18:49:56","guid":{"rendered":"http:\/\/www.pomniki-przyrody.pl\/?p=14878"},"modified":"2020-07-02T20:49:56","modified_gmt":"2020-07-02T18:49:56","slug":"pomnikowa-lipa-drobnolistna-z-proslic-gm-byczyna-opolskie","status":"publish","type":"post","link":"https:\/\/www.pomniki-przyrody.pl\/?p=14878","title":{"rendered":"Pomnikowa lipa drobnolistna z Pro\u015blic (gm. Byczyna, opolskie)."},"content":{"rendered":"<p>Najgrubsza lipa drobnolistna w wojew\u00f3dztwie opolskim ro\u015bnie w Pro\u015blicach, niewielkiej wsi oddalonej o 7 km na wsch\u00f3d od Byczyny (pow. kluczborski, opolskie). Jest \u0142atwa do odnalezienia &#8211; ro\u015bnie na kra\u0144cu miejscowo\u015bci, przy drodze do Byczyny, naprzeciw posesji nr 23.<\/p>\n<p>GPS N 51\u00b006\u203209\u2033 , E 18\u00b007\u203244\u2033<\/p>\n<p><a href=\"https:\/\/www.pomniki-przyrody.pl\/wp-content\/uploads\/2020\/06\/Proslice-witaj\u0105.jpg\"><img loading=\"lazy\" decoding=\"async\" class=\"aligncenter wp-image-14887 size-full\" title=\"Pro\u015blice witaj\u0105\" src=\"https:\/\/www.pomniki-przyrody.pl\/wp-content\/uploads\/2020\/06\/Proslice-witaj\u0105.jpg\" alt=\"Pro\u015blice witaj\u0105\" width=\"532\" height=\"800\" srcset=\"https:\/\/www.pomniki-przyrody.pl\/wp-content\/uploads\/2020\/06\/Proslice-witaj\u0105.jpg 532w, https:\/\/www.pomniki-przyrody.pl\/wp-content\/uploads\/2020\/06\/Proslice-witaj\u0105-200x300.jpg 200w\" sizes=\"auto, (max-width: 532px) 100vw, 532px\" \/><\/a><\/p>\n<p>Ogromna lipa ro\u015bnie w towarzystwie drugiej, znacznie m\u0142odszej lipy, posadzonej w 1930 r.; obie otacza betonowy murek.<\/p>\n<p><a href=\"https:\/\/www.pomniki-przyrody.pl\/wp-content\/uploads\/2020\/06\/Pro\u015blice-pomnikowa-lipa.jpg\"><img loading=\"lazy\" decoding=\"async\" class=\"aligncenter wp-image-14893 size-full\" title=\"Pro\u015blice - pomnikowa lipa\" src=\"https:\/\/www.pomniki-przyrody.pl\/wp-content\/uploads\/2020\/06\/Pro\u015blice-pomnikowa-lipa.jpg\" alt=\"Pro\u015blice - pomnikowa lipa\" width=\"800\" height=\"587\" srcset=\"https:\/\/www.pomniki-przyrody.pl\/wp-content\/uploads\/2020\/06\/Pro\u015blice-pomnikowa-lipa.jpg 800w, https:\/\/www.pomniki-przyrody.pl\/wp-content\/uploads\/2020\/06\/Pro\u015blice-pomnikowa-lipa-300x220.jpg 300w, https:\/\/www.pomniki-przyrody.pl\/wp-content\/uploads\/2020\/06\/Pro\u015blice-pomnikowa-lipa-768x564.jpg 768w, https:\/\/www.pomniki-przyrody.pl\/wp-content\/uploads\/2020\/06\/Pro\u015blice-pomnikowa-lipa-409x300.jpg 409w\" sizes=\"auto, (max-width: 800px) 100vw, 800px\" \/><\/a><a href=\"https:\/\/www.pomniki-przyrody.pl\/wp-content\/uploads\/2020\/06\/pomnikowa-lipa-na-skraju-wsi-Pro\u015blice.jpg\"><img loading=\"lazy\" decoding=\"async\" class=\"aligncenter wp-image-14885 size-full\" title=\"pomnikowa lipa na skraju wsi Pro\u015blice\" src=\"https:\/\/www.pomniki-przyrody.pl\/wp-content\/uploads\/2020\/06\/pomnikowa-lipa-na-skraju-wsi-Pro\u015blice.jpg\" alt=\"pomnikowa lipa na skraju wsi Pro\u015blice\" width=\"800\" height=\"569\" srcset=\"https:\/\/www.pomniki-przyrody.pl\/wp-content\/uploads\/2020\/06\/pomnikowa-lipa-na-skraju-wsi-Pro\u015blice.jpg 800w, https:\/\/www.pomniki-przyrody.pl\/wp-content\/uploads\/2020\/06\/pomnikowa-lipa-na-skraju-wsi-Pro\u015blice-300x213.jpg 300w, https:\/\/www.pomniki-przyrody.pl\/wp-content\/uploads\/2020\/06\/pomnikowa-lipa-na-skraju-wsi-Pro\u015blice-768x546.jpg 768w, https:\/\/www.pomniki-przyrody.pl\/wp-content\/uploads\/2020\/06\/pomnikowa-lipa-na-skraju-wsi-Pro\u015blice-422x300.jpg 422w\" sizes=\"auto, (max-width: 800px) 100vw, 800px\" \/><\/a><a href=\"https:\/\/www.pomniki-przyrody.pl\/wp-content\/uploads\/2020\/06\/Pro\u015blice-pomnikowa-lipa-widziana-od-strony-pola.jpg\"><img loading=\"lazy\" decoding=\"async\" class=\"aligncenter wp-image-14892 size-full\" title=\"Pro\u015blice - pomnikowa lipa widziana od strony pola\" src=\"https:\/\/www.pomniki-przyrody.pl\/wp-content\/uploads\/2020\/06\/Pro\u015blice-pomnikowa-lipa-widziana-od-strony-pola.jpg\" alt=\"Pro\u015blice - pomnikowa lipa widziana od strony pola\" width=\"800\" height=\"532\" srcset=\"https:\/\/www.pomniki-przyrody.pl\/wp-content\/uploads\/2020\/06\/Pro\u015blice-pomnikowa-lipa-widziana-od-strony-pola.jpg 800w, https:\/\/www.pomniki-przyrody.pl\/wp-content\/uploads\/2020\/06\/Pro\u015blice-pomnikowa-lipa-widziana-od-strony-pola-300x200.jpg 300w, https:\/\/www.pomniki-przyrody.pl\/wp-content\/uploads\/2020\/06\/Pro\u015blice-pomnikowa-lipa-widziana-od-strony-pola-768x511.jpg 768w, https:\/\/www.pomniki-przyrody.pl\/wp-content\/uploads\/2020\/06\/Pro\u015blice-pomnikowa-lipa-widziana-od-strony-pola-451x300.jpg 451w\" sizes=\"auto, (max-width: 800px) 100vw, 800px\" \/><\/a><a href=\"https:\/\/www.pomniki-przyrody.pl\/wp-content\/uploads\/2020\/06\/Pro\u015blice-pomnikowa-lipa-od-strony-pola.jpg\"><img loading=\"lazy\" decoding=\"async\" class=\"aligncenter wp-image-14889 size-full\" title=\"Pro\u015blice - pomnikowa lipa od strony pola\" src=\"https:\/\/www.pomniki-przyrody.pl\/wp-content\/uploads\/2020\/06\/Pro\u015blice-pomnikowa-lipa-od-strony-pola.jpg\" alt=\"Pro\u015blice - pomnikowa lipa od strony pola\" width=\"800\" height=\"532\" srcset=\"https:\/\/www.pomniki-przyrody.pl\/wp-content\/uploads\/2020\/06\/Pro\u015blice-pomnikowa-lipa-od-strony-pola.jpg 800w, https:\/\/www.pomniki-przyrody.pl\/wp-content\/uploads\/2020\/06\/Pro\u015blice-pomnikowa-lipa-od-strony-pola-300x200.jpg 300w, https:\/\/www.pomniki-przyrody.pl\/wp-content\/uploads\/2020\/06\/Pro\u015blice-pomnikowa-lipa-od-strony-pola-768x511.jpg 768w, https:\/\/www.pomniki-przyrody.pl\/wp-content\/uploads\/2020\/06\/Pro\u015blice-pomnikowa-lipa-od-strony-pola-451x300.jpg 451w\" sizes=\"auto, (max-width: 800px) 100vw, 800px\" \/><\/a><\/p>\n<p>Opisywana lipa charakteryzuje si\u0119 kr\u00f3tkim, masywnym pniem z pot\u0119\u017cnymi konarami i nisko osadzon\u0105 koron\u0105.<\/p>\n<p><a href=\"https:\/\/www.pomniki-przyrody.pl\/wp-content\/uploads\/2020\/06\/Pro\u015blice-pomnikowa-lipa-w-maju-2020-r..jpg\"><img loading=\"lazy\" decoding=\"async\" class=\"aligncenter wp-image-14891 size-full\" title=\"Pro\u015blice - pomnikowa lipa w maju 2020 r.\" src=\"https:\/\/www.pomniki-przyrody.pl\/wp-content\/uploads\/2020\/06\/Pro\u015blice-pomnikowa-lipa-w-maju-2020-r..jpg\" alt=\"Pro\u015blice - pomnikowa lipa w maju 2020 r.\" width=\"569\" height=\"800\" srcset=\"https:\/\/www.pomniki-przyrody.pl\/wp-content\/uploads\/2020\/06\/Pro\u015blice-pomnikowa-lipa-w-maju-2020-r..jpg 569w, https:\/\/www.pomniki-przyrody.pl\/wp-content\/uploads\/2020\/06\/Pro\u015blice-pomnikowa-lipa-w-maju-2020-r.-213x300.jpg 213w\" sizes=\"auto, (max-width: 569px) 100vw, 569px\" \/><\/a><\/p>\n<p><a href=\"https:\/\/www.pomniki-przyrody.pl\/wp-content\/uploads\/2020\/06\/Pro\u015blice-pomnikowa-lipa-w-kwietniu-2020-r..jpg\"><img loading=\"lazy\" decoding=\"async\" class=\"aligncenter wp-image-14890 size-full\" title=\"Pro\u015blice - pomnikowa lipa w kwietniu 2020 r.\" src=\"https:\/\/www.pomniki-przyrody.pl\/wp-content\/uploads\/2020\/06\/Pro\u015blice-pomnikowa-lipa-w-kwietniu-2020-r..jpg\" alt=\"Pro\u015blice - pomnikowa lipa w kwietniu 2020 r.\" width=\"532\" height=\"800\" srcset=\"https:\/\/www.pomniki-przyrody.pl\/wp-content\/uploads\/2020\/06\/Pro\u015blice-pomnikowa-lipa-w-kwietniu-2020-r..jpg 532w, https:\/\/www.pomniki-przyrody.pl\/wp-content\/uploads\/2020\/06\/Pro\u015blice-pomnikowa-lipa-w-kwietniu-2020-r.-200x300.jpg 200w\" sizes=\"auto, (max-width: 532px) 100vw, 532px\" \/><\/a><a href=\"https:\/\/www.pomniki-przyrody.pl\/wp-content\/uploads\/2020\/06\/pomnikowa-lipa-z-Pro\u015blic.jpg\"><img loading=\"lazy\" decoding=\"async\" class=\"aligncenter wp-image-14886 size-full\" title=\"pomnikowa lipa z Pro\u015blic\" src=\"https:\/\/www.pomniki-przyrody.pl\/wp-content\/uploads\/2020\/06\/pomnikowa-lipa-z-Pro\u015blic.jpg\" alt=\"pomnikowa lipa z Pro\u015blic\" width=\"532\" height=\"800\" srcset=\"https:\/\/www.pomniki-przyrody.pl\/wp-content\/uploads\/2020\/06\/pomnikowa-lipa-z-Pro\u015blic.jpg 532w, https:\/\/www.pomniki-przyrody.pl\/wp-content\/uploads\/2020\/06\/pomnikowa-lipa-z-Pro\u015blic-200x300.jpg 200w\" sizes=\"auto, (max-width: 532px) 100vw, 532px\" \/><\/a><\/p>\n<p>Obw\u00f3d pro\u015blickiej lipy wynosi 797 cm, wysoko\u015b\u0107 drzewa 22 metry, obliczony przez C. Pacyniaka wiek to 482 lata. Status pomnika przyrody uzyska\u0142a ju\u017c w 1961 r.<\/p>\n<p><a href=\"https:\/\/www.pomniki-przyrody.pl\/wp-content\/uploads\/2020\/06\/pomiar-obwodu-pro\u015blickiej-lipy.jpg\"><img loading=\"lazy\" decoding=\"async\" class=\"aligncenter wp-image-14884 size-full\" title=\"pomiar obwodu pro\u015blickiej lipy\" src=\"https:\/\/www.pomniki-przyrody.pl\/wp-content\/uploads\/2020\/06\/pomiar-obwodu-pro\u015blickiej-lipy.jpg\" alt=\"pomiar obwodu pro\u015blickiej lipy\" width=\"800\" height=\"532\" srcset=\"https:\/\/www.pomniki-przyrody.pl\/wp-content\/uploads\/2020\/06\/pomiar-obwodu-pro\u015blickiej-lipy.jpg 800w, https:\/\/www.pomniki-przyrody.pl\/wp-content\/uploads\/2020\/06\/pomiar-obwodu-pro\u015blickiej-lipy-300x200.jpg 300w, https:\/\/www.pomniki-przyrody.pl\/wp-content\/uploads\/2020\/06\/pomiar-obwodu-pro\u015blickiej-lipy-768x511.jpg 768w, https:\/\/www.pomniki-przyrody.pl\/wp-content\/uploads\/2020\/06\/pomiar-obwodu-pro\u015blickiej-lipy-451x300.jpg 451w\" sizes=\"auto, (max-width: 800px) 100vw, 800px\" \/><\/a><a href=\"https:\/\/www.pomniki-przyrody.pl\/wp-content\/uploads\/2020\/06\/pomiar-obwodu-lipy-w-Pro\u015blicach.jpg\"><img loading=\"lazy\" decoding=\"async\" class=\"aligncenter wp-image-14883 size-full\" title=\"pomiar obwodu lipy w Pro\u015blicach\" src=\"https:\/\/www.pomniki-przyrody.pl\/wp-content\/uploads\/2020\/06\/pomiar-obwodu-lipy-w-Pro\u015blicach.jpg\" alt=\"pomiar obwodu lipy w Pro\u015blicach\" width=\"532\" height=\"800\" srcset=\"https:\/\/www.pomniki-przyrody.pl\/wp-content\/uploads\/2020\/06\/pomiar-obwodu-lipy-w-Pro\u015blicach.jpg 532w, https:\/\/www.pomniki-przyrody.pl\/wp-content\/uploads\/2020\/06\/pomiar-obwodu-lipy-w-Pro\u015blicach-200x300.jpg 200w\" sizes=\"auto, (max-width: 532px) 100vw, 532px\" \/><\/a><a href=\"https:\/\/www.pomniki-przyrody.pl\/wp-content\/uploads\/2020\/06\/Pawe\u0142-Lenart-przy-pro\u015blickiej-lipie.jpg\"><img loading=\"lazy\" decoding=\"async\" class=\"aligncenter wp-image-14881 size-full\" title=\"Pawe\u0142 Lenart przy pro\u015blickiej lipie\" src=\"https:\/\/www.pomniki-przyrody.pl\/wp-content\/uploads\/2020\/06\/Pawe\u0142-Lenart-przy-pro\u015blickiej-lipie.jpg\" alt=\"Pawe\u0142 Lenart przy pro\u015blickiej lipie\" width=\"800\" height=\"532\" srcset=\"https:\/\/www.pomniki-przyrody.pl\/wp-content\/uploads\/2020\/06\/Pawe\u0142-Lenart-przy-pro\u015blickiej-lipie.jpg 800w, https:\/\/www.pomniki-przyrody.pl\/wp-content\/uploads\/2020\/06\/Pawe\u0142-Lenart-przy-pro\u015blickiej-lipie-300x200.jpg 300w, https:\/\/www.pomniki-przyrody.pl\/wp-content\/uploads\/2020\/06\/Pawe\u0142-Lenart-przy-pro\u015blickiej-lipie-768x511.jpg 768w, https:\/\/www.pomniki-przyrody.pl\/wp-content\/uploads\/2020\/06\/Pawe\u0142-Lenart-przy-pro\u015blickiej-lipie-451x300.jpg 451w\" sizes=\"auto, (max-width: 800px) 100vw, 800px\" \/><\/a><a href=\"https:\/\/www.pomniki-przyrody.pl\/wp-content\/uploads\/2020\/06\/pie\u0144-pomnikowej-lipy-z-Pro\u015blic.jpg\"><img loading=\"lazy\" decoding=\"async\" class=\"aligncenter wp-image-14882 size-full\" title=\"pie\u0144 pomnikowej lipy z Pro\u015blic\" src=\"https:\/\/www.pomniki-przyrody.pl\/wp-content\/uploads\/2020\/06\/pie\u0144-pomnikowej-lipy-z-Pro\u015blic.jpg\" alt=\"pie\u0144 pomnikowej lipy z Pro\u015blic\" width=\"532\" height=\"800\" srcset=\"https:\/\/www.pomniki-przyrody.pl\/wp-content\/uploads\/2020\/06\/pie\u0144-pomnikowej-lipy-z-Pro\u015blic.jpg 532w, https:\/\/www.pomniki-przyrody.pl\/wp-content\/uploads\/2020\/06\/pie\u0144-pomnikowej-lipy-z-Pro\u015blic-200x300.jpg 200w\" sizes=\"auto, (max-width: 532px) 100vw, 532px\" \/><\/a><\/p>\n<p>Stan zdrowotny pomnikowej lipy tylko z pozoru przedstawia si\u0119 zadowalaj\u0105co. Od strony pola pie\u0144 rozcina rozleg\u0142a dziupla.<\/p>\n<p><a href=\"https:\/\/www.pomniki-przyrody.pl\/wp-content\/uploads\/2020\/06\/Pro\u015blice-pod\u0142u\u017cna-dziupla-na-pomnikowej-lipie.jpg\"><img loading=\"lazy\" decoding=\"async\" class=\"aligncenter wp-image-14888 size-full\" title=\"Pro\u015blice - pod\u0142u\u017cna dziupla na pomnikowej lipie\" src=\"https:\/\/www.pomniki-przyrody.pl\/wp-content\/uploads\/2020\/06\/Pro\u015blice-pod\u0142u\u017cna-dziupla-na-pomnikowej-lipie.jpg\" alt=\"Pro\u015blice - pod\u0142u\u017cna dziupla na pomnikowej lipie\" width=\"532\" height=\"800\" srcset=\"https:\/\/www.pomniki-przyrody.pl\/wp-content\/uploads\/2020\/06\/Pro\u015blice-pod\u0142u\u017cna-dziupla-na-pomnikowej-lipie.jpg 532w, https:\/\/www.pomniki-przyrody.pl\/wp-content\/uploads\/2020\/06\/Pro\u015blice-pod\u0142u\u017cna-dziupla-na-pomnikowej-lipie-200x300.jpg 200w\" sizes=\"auto, (max-width: 532px) 100vw, 532px\" \/><\/a><a href=\"https:\/\/www.pomniki-przyrody.pl\/wp-content\/uploads\/2020\/06\/dziupla-w-pro\u015blickiej-lipie.jpg\"><img loading=\"lazy\" decoding=\"async\" class=\"aligncenter wp-image-14880 size-full\" title=\"dziupla w pro\u015blickiej lipie\" src=\"https:\/\/www.pomniki-przyrody.pl\/wp-content\/uploads\/2020\/06\/dziupla-w-pro\u015blickiej-lipie.jpg\" alt=\"dziupla w pro\u015blickiej lipie\" width=\"532\" height=\"800\" srcset=\"https:\/\/www.pomniki-przyrody.pl\/wp-content\/uploads\/2020\/06\/dziupla-w-pro\u015blickiej-lipie.jpg 532w, https:\/\/www.pomniki-przyrody.pl\/wp-content\/uploads\/2020\/06\/dziupla-w-pro\u015blickiej-lipie-200x300.jpg 200w\" sizes=\"auto, (max-width: 532px) 100vw, 532px\" \/><\/a><\/p>\n<p>Pomnikowa lipa z Pro\u015blic zosta\u0142a w\u0142a\u015bciwie oznakowana. Na jej pniu wisz\u0105 dwie tabliczki z napisem &#8222;Pomnik Przyrody&#8221;. Pomi\u0119dzy nimi, w miejscu rozga\u0142\u0119zienia ogromnych konar\u00f3w, zadomowi\u0142 si\u0119 krzew czarnego bzu.<\/p>\n<p><a href=\"https:\/\/www.pomniki-przyrody.pl\/wp-content\/uploads\/2020\/06\/Pro\u015blice-tabliczki-na-pomnikowej-lipie.jpg\"><img loading=\"lazy\" decoding=\"async\" class=\"aligncenter wp-image-14894 size-full\" title=\"Pro\u015blice - tabliczki na pomnikowej lipie\" src=\"https:\/\/www.pomniki-przyrody.pl\/wp-content\/uploads\/2020\/06\/Pro\u015blice-tabliczki-na-pomnikowej-lipie.jpg\" alt=\"Pro\u015blice - tabliczki na pomnikowej lipie\" width=\"800\" height=\"532\" srcset=\"https:\/\/www.pomniki-przyrody.pl\/wp-content\/uploads\/2020\/06\/Pro\u015blice-tabliczki-na-pomnikowej-lipie.jpg 800w, https:\/\/www.pomniki-przyrody.pl\/wp-content\/uploads\/2020\/06\/Pro\u015blice-tabliczki-na-pomnikowej-lipie-300x200.jpg 300w, https:\/\/www.pomniki-przyrody.pl\/wp-content\/uploads\/2020\/06\/Pro\u015blice-tabliczki-na-pomnikowej-lipie-768x511.jpg 768w, https:\/\/www.pomniki-przyrody.pl\/wp-content\/uploads\/2020\/06\/Pro\u015blice-tabliczki-na-pomnikowej-lipie-451x300.jpg 451w\" sizes=\"auto, (max-width: 800px) 100vw, 800px\" \/><\/a><\/p>\n<p>Pi\u0119kna i stara lipa drobnolistna o statusie pomnika przyrody ro\u015bnie w s\u0105siednich Jakubowicach, wi\u0119cej o niej w nast\u0119pnym artykule.<\/p>\n","protected":false},"excerpt":{"rendered":"<p>Najgrubsza lipa drobnolistna w wojew\u00f3dztwie opolskim ro\u015bnie w Pro\u015blicach, niewielkiej wsi oddalonej o 7 km na wsch\u00f3d od Byczyny (pow. kluczborski, opolskie). Jest \u0142atwa do odnalezienia &#8211; ro\u015bnie na kra\u0144cu miejscowo\u015bci, przy drodze do Byczyny, naprzeciw posesji nr 23. GPS &hellip; <a href=\"https:\/\/www.pomniki-przyrody.pl\/?p=14878\">Czytaj dalej <span class=\"meta-nav\">&rarr;<\/span><\/a><\/p>\n","protected":false},"author":2,"featured_media":0,"comment_status":"open","ping_status":"open","sticky":false,"template":"","format":"standard","meta":{"footnotes":""},"categories":[1],"tags":[1862,1863,858,526,1861],"class_list":["post-14878","post","type-post","status-publish","format-standard","hentry","category-przyroda-ozywiona","tag-gmina-byczyna","tag-lipa-z-proslic","tag-opolskie","tag-pomnikowa-lipa","tag-proslice"],"_links":{"self":[{"href":"https:\/\/www.pomniki-przyrody.pl\/index.php?rest_route=\/wp\/v2\/posts\/14878","targetHints":{"allow":["GET"]}}],"collection":[{"href":"https:\/\/www.pomniki-przyrody.pl\/index.php?rest_route=\/wp\/v2\/posts"}],"about":[{"href":"https:\/\/www.pomniki-przyrody.pl\/index.php?rest_route=\/wp\/v2\/types\/post"}],"author":[{"embeddable":true,"href":"https:\/\/www.pomniki-przyrody.pl\/index.php?rest_route=\/wp\/v2\/users\/2"}],"replies":[{"embeddable":true,"href":"https:\/\/www.pomniki-przyrody.pl\/index.php?rest_route=%2Fwp%2Fv2%2Fcomments&post=14878"}],"version-history":[{"count":4,"href":"https:\/\/www.pomniki-przyrody.pl\/index.php?rest_route=\/wp\/v2\/posts\/14878\/revisions"}],"predecessor-version":[{"id":14898,"href":"https:\/\/www.pomniki-przyrody.pl\/index.php?rest_route=\/wp\/v2\/posts\/14878\/revisions\/14898"}],"wp:attachment":[{"href":"https:\/\/www.pomniki-przyrody.pl\/index.php?rest_route=%2Fwp%2Fv2%2Fmedia&parent=14878"}],"wp:term":[{"taxonomy":"category","embeddable":true,"href":"https:\/\/www.pomniki-przyrody.pl\/index.php?rest_route=%2Fwp%2Fv2%2Fcategories&post=14878"},{"taxonomy":"post_tag","embeddable":true,"href":"https:\/\/www.pomniki-przyrody.pl\/index.php?rest_route=%2Fwp%2Fv2%2Ftags&post=14878"}],"curies":[{"name":"wp","href":"https:\/\/api.w.org\/{rel}","templated":true}]}}