{"id":15432,"date":"2021-03-21T20:42:21","date_gmt":"2021-03-21T19:42:21","guid":{"rendered":"http:\/\/www.pomniki-przyrody.pl\/?p=15432"},"modified":"2021-03-21T20:47:52","modified_gmt":"2021-03-21T19:47:52","slug":"pomniki-przyrody-w-gminie-sycow-podsumowanie","status":"publish","type":"post","link":"https:\/\/www.pomniki-przyrody.pl\/?p=15432","title":{"rendered":"Pomniki przyrody w gminie Syc\u00f3w &#8211; podsumowanie."},"content":{"rendered":"<p>Gmina Syc\u00f3w po\u0142o\u017cona jest w p\u00f3\u0142nocno &#8211; wschodniej cz\u0119\u015bci wojew\u00f3dztwa dolno\u015bl\u0105skiego, w powiecie ole\u015bnickim, ok. 50 km od Wroc\u0142awia. Znaczna cz\u0119\u015b\u0107 obszaru gminy znajduje si\u0119 w zasi\u0119gu Wzg\u00f3rz Twardog\u00f3rskich, cz\u0119\u015b\u0107 po\u0142udniowo &#8211; zachodnia le\u017cy na R\u00f3wninie Ole\u015bnickiej. Ponad 62% terenu zajmuj\u0105 u\u017cytki rolne, 30% powierzchni zajmuj\u0105 lasy. List\u0119 gminnych pomnik\u00f3w przyrody zape\u0142nia 16 pozycji zr\u00f3\u017cnicowanych pod wzgl\u0119dem formy: 11 pojedynczych okaz\u00f3w drzew, 2 grupy drzew, 2 aleje i jeden powierzchniowy pomnik przyrody. Liczna grupa pomnikowych obiekt\u00f3w przyrodniczych znajduje si\u0119 w Sycowie, 4 z nich: buk pospolity w odm. purpurowej, klon jawor, klon srebrzysty i lipa drobnolistna upi\u0119kszaj\u0105 zrewitalizowany Park Miejski. Drzewa te zosta\u0142y opisane dok\u0142adnie w artykule &#8222;<a href=\"https:\/\/www.pomniki-przyrody.pl\/?p=15252\"><span style=\"color: #0000ff;\">Park Miejski w Sycowie<\/span><\/a>&#8222;.<\/p>\n<p><a href=\"https:\/\/www.pomniki-przyrody.pl\/wp-content\/uploads\/2021\/01\/Park-Miejski-w-Sycowie-pomnikowy-buk-w-odm.-purpurowej.jpg\"><img loading=\"lazy\" decoding=\"async\" class=\"aligncenter wp-image-15268 size-full\" title=\"Park Miejski w Sycowie - pomnikowy buk w odm. purpurowej\" src=\"https:\/\/www.pomniki-przyrody.pl\/wp-content\/uploads\/2021\/01\/Park-Miejski-w-Sycowie-pomnikowy-buk-w-odm.-purpurowej.jpg\" alt=\"Park Miejski w Sycowie - pomnikowy buk w odm. purpurowej\" width=\"584\" height=\"800\" srcset=\"https:\/\/www.pomniki-przyrody.pl\/wp-content\/uploads\/2021\/01\/Park-Miejski-w-Sycowie-pomnikowy-buk-w-odm.-purpurowej.jpg 584w, https:\/\/www.pomniki-przyrody.pl\/wp-content\/uploads\/2021\/01\/Park-Miejski-w-Sycowie-pomnikowy-buk-w-odm.-purpurowej-219x300.jpg 219w\" sizes=\"auto, (max-width: 584px) 100vw, 584px\" \/><\/a><\/p>\n<p><a href=\"https:\/\/www.pomniki-przyrody.pl\/wp-content\/uploads\/2021\/01\/Park-Miejski-w-Sycowie-pomnikowy-klon-jawor.jpg\"><img loading=\"lazy\" decoding=\"async\" class=\"aligncenter wp-image-15270 size-full\" title=\"Park Miejski w Sycowie - pomnikowy klon jawor\" src=\"https:\/\/www.pomniki-przyrody.pl\/wp-content\/uploads\/2021\/01\/Park-Miejski-w-Sycowie-pomnikowy-klon-jawor.jpg\" alt=\"Park Miejski w Sycowie - pomnikowy klon jawor\" width=\"532\" height=\"800\" srcset=\"https:\/\/www.pomniki-przyrody.pl\/wp-content\/uploads\/2021\/01\/Park-Miejski-w-Sycowie-pomnikowy-klon-jawor.jpg 532w, https:\/\/www.pomniki-przyrody.pl\/wp-content\/uploads\/2021\/01\/Park-Miejski-w-Sycowie-pomnikowy-klon-jawor-200x300.jpg 200w\" sizes=\"auto, (max-width: 532px) 100vw, 532px\" \/><\/a><\/p>\n<p><a href=\"https:\/\/www.pomniki-przyrody.pl\/wp-content\/uploads\/2021\/01\/Park-Miejski-w-Sycowie-pomnikowy-klon-srebrzysty-w-listopadzie-2020-r..jpg\"><img loading=\"lazy\" decoding=\"async\" class=\"aligncenter wp-image-15272 size-full\" title=\"Park Miejski w Sycowie - pomnikowy klon srebrzysty w listopadzie 2020 r.\" src=\"https:\/\/www.pomniki-przyrody.pl\/wp-content\/uploads\/2021\/01\/Park-Miejski-w-Sycowie-pomnikowy-klon-srebrzysty-w-listopadzie-2020-r..jpg\" alt=\"Park Miejski w Sycowie - pomnikowy klon srebrzysty w listopadzie 2020 r.\" width=\"591\" height=\"800\" srcset=\"https:\/\/www.pomniki-przyrody.pl\/wp-content\/uploads\/2021\/01\/Park-Miejski-w-Sycowie-pomnikowy-klon-srebrzysty-w-listopadzie-2020-r..jpg 591w, https:\/\/www.pomniki-przyrody.pl\/wp-content\/uploads\/2021\/01\/Park-Miejski-w-Sycowie-pomnikowy-klon-srebrzysty-w-listopadzie-2020-r.-222x300.jpg 222w\" sizes=\"auto, (max-width: 591px) 100vw, 591px\" \/><\/a><\/p>\n<p><a href=\"https:\/\/www.pomniki-przyrody.pl\/wp-content\/uploads\/2021\/01\/Park-Miejski-w-Sycowie-pomnikowa-lipa-drobnolistna.jpg\"><img loading=\"lazy\" decoding=\"async\" class=\"aligncenter wp-image-15266 size-full\" title=\"Park Miejski w Sycowie - pomnikowa lipa drobnolistna\" src=\"https:\/\/www.pomniki-przyrody.pl\/wp-content\/uploads\/2021\/01\/Park-Miejski-w-Sycowie-pomnikowa-lipa-drobnolistna.jpg\" alt=\"Park Miejski w Sycowie - pomnikowa lipa drobnolistna\" width=\"576\" height=\"800\" srcset=\"https:\/\/www.pomniki-przyrody.pl\/wp-content\/uploads\/2021\/01\/Park-Miejski-w-Sycowie-pomnikowa-lipa-drobnolistna.jpg 576w, https:\/\/www.pomniki-przyrody.pl\/wp-content\/uploads\/2021\/01\/Park-Miejski-w-Sycowie-pomnikowa-lipa-drobnolistna-216x300.jpg 216w\" sizes=\"auto, (max-width: 576px) 100vw, 576px\" \/><\/a><\/p>\n<p>Z sycowskim parkiem graniczy posesja przy ul. Le\u015bnej 1a, na jej terenie zlokalizowana jest grupa 3 pomnikowych d\u0119b\u00f3w.<\/p>\n<p><a href=\"https:\/\/www.pomniki-przyrody.pl\/wp-content\/uploads\/2021\/01\/Sycow-pomnikowe-deby-rosnace-na-posesji-Lesna-1a-latem.jpg\"><img loading=\"lazy\" decoding=\"async\" class=\"aligncenter wp-image-15300 size-full\" title=\"Syc\u00f3w - pomnikowe d\u0119by rosn\u0105ce na posesji Le\u015bna 1a latem\" src=\"https:\/\/www.pomniki-przyrody.pl\/wp-content\/uploads\/2021\/01\/Sycow-pomnikowe-deby-rosnace-na-posesji-Lesna-1a-latem.jpg\" alt=\"Syc\u00f3w - pomnikowe d\u0119by rosn\u0105ce na posesji Le\u015bna 1a latem\" width=\"800\" height=\"532\" srcset=\"https:\/\/www.pomniki-przyrody.pl\/wp-content\/uploads\/2021\/01\/Sycow-pomnikowe-deby-rosnace-na-posesji-Lesna-1a-latem.jpg 800w, https:\/\/www.pomniki-przyrody.pl\/wp-content\/uploads\/2021\/01\/Sycow-pomnikowe-deby-rosnace-na-posesji-Lesna-1a-latem-300x200.jpg 300w, https:\/\/www.pomniki-przyrody.pl\/wp-content\/uploads\/2021\/01\/Sycow-pomnikowe-deby-rosnace-na-posesji-Lesna-1a-latem-768x511.jpg 768w, https:\/\/www.pomniki-przyrody.pl\/wp-content\/uploads\/2021\/01\/Sycow-pomnikowe-deby-rosnace-na-posesji-Lesna-1a-latem-451x300.jpg 451w\" sizes=\"auto, (max-width: 800px) 100vw, 800px\" \/><\/a><\/p>\n<p>Do miejskich pomnik\u00f3w przyrody nale\u017cy r\u00f3wnie\u017c okaza\u0142y platan klonolistny rosn\u0105cy na terenie SPZOZ \u201ePrzychodnia\u201d, przy ul. Wroc\u0142awskiej 2.<\/p>\n<p><a href=\"https:\/\/www.pomniki-przyrody.pl\/wp-content\/uploads\/2021\/01\/Sycow-pomnikowy-platan-jesienia.jpg\"><img loading=\"lazy\" decoding=\"async\" class=\"aligncenter wp-image-15304 size-full\" title=\"Syc\u00f3w - pomnikowy platan jesieni\u0105\" src=\"https:\/\/www.pomniki-przyrody.pl\/wp-content\/uploads\/2021\/01\/Sycow-pomnikowy-platan-jesienia.jpg\" alt=\"Syc\u00f3w - pomnikowy platan jesieni\u0105\" width=\"532\" height=\"800\" srcset=\"https:\/\/www.pomniki-przyrody.pl\/wp-content\/uploads\/2021\/01\/Sycow-pomnikowy-platan-jesienia.jpg 532w, https:\/\/www.pomniki-przyrody.pl\/wp-content\/uploads\/2021\/01\/Sycow-pomnikowy-platan-jesienia-200x300.jpg 200w\" sizes=\"auto, (max-width: 532px) 100vw, 532px\" \/><\/a><\/p>\n<p>Wi\u0119cej o d\u0119bach z ul. Le\u015bnej oraz platanie klonolistnym w artykule &#8222;<a href=\"https:\/\/www.pomniki-przyrody.pl\/?p=15291\"><span style=\"color: #0000ff;\">Pomniki przyrody w Sycowie<\/span><\/a>&#8222;. Bogata w pomnikowe drzewa jest wie\u015b Dro\u0142towice. W dawnym parku podworskim, zlokalizowanym niedaleko ko\u015bcio\u0142a, ro\u015bnie pomnikowa sosna czarna o obwodzie 355 cm.<\/p>\n<p><a href=\"https:\/\/www.pomniki-przyrody.pl\/wp-content\/uploads\/2021\/03\/pomnikowa-sosna-czarna-w-Droltowicach.jpg\"><img loading=\"lazy\" decoding=\"async\" class=\"aligncenter wp-image-15422 size-full\" title=\"pomnikowa sosna czarna w Dro\u0142towicach\" src=\"https:\/\/www.pomniki-przyrody.pl\/wp-content\/uploads\/2021\/03\/pomnikowa-sosna-czarna-w-Droltowicach.jpg\" alt=\"pomnikowa sosna czarna w Dro\u0142towicach\" width=\"532\" height=\"800\" srcset=\"https:\/\/www.pomniki-przyrody.pl\/wp-content\/uploads\/2021\/03\/pomnikowa-sosna-czarna-w-Droltowicach.jpg 532w, https:\/\/www.pomniki-przyrody.pl\/wp-content\/uploads\/2021\/03\/pomnikowa-sosna-czarna-w-Droltowicach-200x300.jpg 200w\" sizes=\"auto, (max-width: 532px) 100vw, 532px\" \/><\/a><\/p>\n<p>Naprzeciw parku, po drugiej stronie szosy, przy polnej drodze odchodz\u0105cej na p\u00f3\u0142noc, ro\u015bnie pomnikowy d\u0105b szypu\u0142kowy o obwodzie 460 cm. Nieco dalej, przy stawie, znajduje si\u0119 drugi okaz tego gatunku o obwodzie 488 cm.<\/p>\n<p><a href=\"https:\/\/www.pomniki-przyrody.pl\/wp-content\/uploads\/2021\/03\/pomnikowy-dab-przy-drodze-polnej-w-Droltowicach.jpg\"><img loading=\"lazy\" decoding=\"async\" class=\"aligncenter wp-image-15424 size-full\" title=\"pomnikowy d\u0105b przy drodze polnej w Dro\u0142towicach\" src=\"https:\/\/www.pomniki-przyrody.pl\/wp-content\/uploads\/2021\/03\/pomnikowy-dab-przy-drodze-polnej-w-Droltowicach.jpg\" alt=\"pomnikowy d\u0105b przy drodze polnej w Dro\u0142towicach\" width=\"532\" height=\"800\" srcset=\"https:\/\/www.pomniki-przyrody.pl\/wp-content\/uploads\/2021\/03\/pomnikowy-dab-przy-drodze-polnej-w-Droltowicach.jpg 532w, https:\/\/www.pomniki-przyrody.pl\/wp-content\/uploads\/2021\/03\/pomnikowy-dab-przy-drodze-polnej-w-Droltowicach-200x300.jpg 200w\" sizes=\"auto, (max-width: 532px) 100vw, 532px\" \/><\/a><\/p>\n<p><a href=\"https:\/\/www.pomniki-przyrody.pl\/wp-content\/uploads\/2021\/03\/pomnikowy-dab-rosnacy-nad-stawem-w-Droltowicach.jpg\"><img loading=\"lazy\" decoding=\"async\" class=\"aligncenter wp-image-15425 size-full\" title=\"pomnikowy d\u0105b rosn\u0105cy nad stawem w Dro\u0142towicach\" src=\"https:\/\/www.pomniki-przyrody.pl\/wp-content\/uploads\/2021\/03\/pomnikowy-dab-rosnacy-nad-stawem-w-Droltowicach.jpg\" alt=\"pomnikowy d\u0105b rosn\u0105cy nad stawem w Dro\u0142towicach\" width=\"532\" height=\"800\" srcset=\"https:\/\/www.pomniki-przyrody.pl\/wp-content\/uploads\/2021\/03\/pomnikowy-dab-rosnacy-nad-stawem-w-Droltowicach.jpg 532w, https:\/\/www.pomniki-przyrody.pl\/wp-content\/uploads\/2021\/03\/pomnikowy-dab-rosnacy-nad-stawem-w-Droltowicach-200x300.jpg 200w\" sizes=\"auto, (max-width: 532px) 100vw, 532px\" \/><\/a><\/p>\n<p>Do\u015b\u0107 trudna do odnalezienia jest grupa 5 pomnikowych d\u0119b\u00f3w zlokalizowanych na terenie le\u015bnym (oddz. 160) administrowanym przez Nadle\u015bnictwo Syc\u00f3w, le\u015bnictwo Dro\u0142towice. Wi\u0119cej informacji oraz zdj\u0119\u0107 w artykule &#8222;<a href=\"https:\/\/www.pomniki-przyrody.pl\/?p=15395\"><span style=\"color: #0000ff;\">Pomnikowe drzewa w Dro\u0142towicach<\/span><\/a>&#8222;.<\/p>\n<p><a href=\"https:\/\/www.pomniki-przyrody.pl\/wp-content\/uploads\/2021\/03\/las-k.-Droltowic-pomiar-pomnikowego-debu-nr-2..jpg\"><img loading=\"lazy\" decoding=\"async\" class=\"aligncenter wp-image-15406 size-full\" title=\"las k. Dro\u0142towic - pomiar pomnikowego d\u0119bu nr 2.\" src=\"https:\/\/www.pomniki-przyrody.pl\/wp-content\/uploads\/2021\/03\/las-k.-Droltowic-pomiar-pomnikowego-debu-nr-2..jpg\" alt=\"las k. Dro\u0142towic - pomiar pomnikowego d\u0119bu nr 2.\" width=\"800\" height=\"532\" srcset=\"https:\/\/www.pomniki-przyrody.pl\/wp-content\/uploads\/2021\/03\/las-k.-Droltowic-pomiar-pomnikowego-debu-nr-2..jpg 800w, https:\/\/www.pomniki-przyrody.pl\/wp-content\/uploads\/2021\/03\/las-k.-Droltowic-pomiar-pomnikowego-debu-nr-2.-300x200.jpg 300w, https:\/\/www.pomniki-przyrody.pl\/wp-content\/uploads\/2021\/03\/las-k.-Droltowic-pomiar-pomnikowego-debu-nr-2.-768x511.jpg 768w, https:\/\/www.pomniki-przyrody.pl\/wp-content\/uploads\/2021\/03\/las-k.-Droltowic-pomiar-pomnikowego-debu-nr-2.-451x300.jpg 451w\" sizes=\"auto, (max-width: 800px) 100vw, 800px\" \/><\/a><a href=\"https:\/\/www.pomniki-przyrody.pl\/wp-content\/uploads\/2021\/03\/las-k.-Droltowic-pnie-pomnikowych-debow-nr-4-i-5..jpg\"><img loading=\"lazy\" decoding=\"async\" class=\"aligncenter wp-image-15405 size-full\" title=\"las k. Dro\u0142towic - pnie pomnikowych d\u0119b\u00f3w nr 4 i 5.\" src=\"https:\/\/www.pomniki-przyrody.pl\/wp-content\/uploads\/2021\/03\/las-k.-Droltowic-pnie-pomnikowych-debow-nr-4-i-5..jpg\" alt=\"las k. Dro\u0142towic - pnie pomnikowych d\u0119b\u00f3w nr 4 i 5.\" width=\"532\" height=\"800\" srcset=\"https:\/\/www.pomniki-przyrody.pl\/wp-content\/uploads\/2021\/03\/las-k.-Droltowic-pnie-pomnikowych-debow-nr-4-i-5..jpg 532w, https:\/\/www.pomniki-przyrody.pl\/wp-content\/uploads\/2021\/03\/las-k.-Droltowic-pnie-pomnikowych-debow-nr-4-i-5.-200x300.jpg 200w\" sizes=\"auto, (max-width: 532px) 100vw, 532px\" \/><\/a><\/p>\n<p>W Stradomii Wierzchniej ca\u0142y park otaczaj\u0105cy zrujnowany pa\u0142ac zosta\u0142 obj\u0119ty ochron\u0105 pomnikow\u0105. W zasadzie nie wiadomo dlaczego, teren za\u0142o\u017cenia parkowego jest zdewastowany, zaro\u015bni\u0119ty i w\u0142a\u015bciwie pozbawiony szczeg\u00f3lnie okaza\u0142ych, wzgl\u0119dnie egzotycznych okaz\u00f3w drzew. Wi\u0119cej informacji w artykule &#8222;<a href=\"https:\/\/www.pomniki-przyrody.pl\/?p=15363\"><span style=\"color: #0000ff;\">Park przypa\u0142acowy w Stradomii Wierzchniej<\/span><\/a>&#8222;.<\/p>\n<p><a href=\"https:\/\/www.pomniki-przyrody.pl\/wp-content\/uploads\/2021\/02\/palac-w-Stradomii-Wierzchniej-widok-od-strony-parku.jpg\"><img loading=\"lazy\" decoding=\"async\" class=\"aligncenter wp-image-15369 size-full\" title=\"pa\u0142ac w Stradomii Wierzchniej - widok od strony parku\" src=\"https:\/\/www.pomniki-przyrody.pl\/wp-content\/uploads\/2021\/02\/palac-w-Stradomii-Wierzchniej-widok-od-strony-parku.jpg\" alt=\"pa\u0142ac w Stradomii Wierzchniej - widok od strony parku\" width=\"800\" height=\"532\" srcset=\"https:\/\/www.pomniki-przyrody.pl\/wp-content\/uploads\/2021\/02\/palac-w-Stradomii-Wierzchniej-widok-od-strony-parku.jpg 800w, https:\/\/www.pomniki-przyrody.pl\/wp-content\/uploads\/2021\/02\/palac-w-Stradomii-Wierzchniej-widok-od-strony-parku-300x200.jpg 300w, https:\/\/www.pomniki-przyrody.pl\/wp-content\/uploads\/2021\/02\/palac-w-Stradomii-Wierzchniej-widok-od-strony-parku-768x511.jpg 768w, https:\/\/www.pomniki-przyrody.pl\/wp-content\/uploads\/2021\/02\/palac-w-Stradomii-Wierzchniej-widok-od-strony-parku-451x300.jpg 451w\" sizes=\"auto, (max-width: 800px) 100vw, 800px\" \/><\/a><\/p>\n<p><a href=\"https:\/\/www.pomniki-przyrody.pl\/wp-content\/uploads\/2021\/02\/fragment-parku-w-Stradomii-Wierzchniej.jpg\"><img loading=\"lazy\" decoding=\"async\" class=\"aligncenter wp-image-15365 size-full\" title=\"fragment parku w Stradomii Wierzchniej\" src=\"https:\/\/www.pomniki-przyrody.pl\/wp-content\/uploads\/2021\/02\/fragment-parku-w-Stradomii-Wierzchniej.jpg\" alt=\"fragment parku w Stradomii Wierzchniej\" width=\"800\" height=\"532\" srcset=\"https:\/\/www.pomniki-przyrody.pl\/wp-content\/uploads\/2021\/02\/fragment-parku-w-Stradomii-Wierzchniej.jpg 800w, https:\/\/www.pomniki-przyrody.pl\/wp-content\/uploads\/2021\/02\/fragment-parku-w-Stradomii-Wierzchniej-300x200.jpg 300w, https:\/\/www.pomniki-przyrody.pl\/wp-content\/uploads\/2021\/02\/fragment-parku-w-Stradomii-Wierzchniej-768x511.jpg 768w, https:\/\/www.pomniki-przyrody.pl\/wp-content\/uploads\/2021\/02\/fragment-parku-w-Stradomii-Wierzchniej-451x300.jpg 451w\" sizes=\"auto, (max-width: 800px) 100vw, 800px\" \/><\/a><\/p>\n<p>W Stradomii Wierzchniej znajduje si\u0119 pi\u0119kna aleja z\u0142o\u017cona z s\u0119dziwych lip drobnolistnych. Dok\u0142adny opis lokalizacji oraz wymiary pomnikowych okaz\u00f3w w artykule &#8222;<a href=\"https:\/\/www.pomniki-przyrody.pl\/?p=15318\"><span style=\"color: #0000ff;\">Pomnikowe aleje w gminie Syc\u00f3w<\/span><\/a>&#8222;.<\/p>\n<p><a href=\"https:\/\/www.pomniki-przyrody.pl\/wp-content\/uploads\/2021\/02\/7.-Stradomia-Wierzchnia-pomnikowa-aleja.jpg\"><img loading=\"lazy\" decoding=\"async\" class=\"aligncenter wp-image-15332 size-full\" title=\"Stradomia Wierzchnia - pomnikowa aleja\" src=\"https:\/\/www.pomniki-przyrody.pl\/wp-content\/uploads\/2021\/02\/7.-Stradomia-Wierzchnia-pomnikowa-aleja.jpg\" alt=\"7. Stradomia Wierzchnia - pomnikowa aleja\" width=\"800\" height=\"532\" srcset=\"https:\/\/www.pomniki-przyrody.pl\/wp-content\/uploads\/2021\/02\/7.-Stradomia-Wierzchnia-pomnikowa-aleja.jpg 800w, https:\/\/www.pomniki-przyrody.pl\/wp-content\/uploads\/2021\/02\/7.-Stradomia-Wierzchnia-pomnikowa-aleja-300x200.jpg 300w, https:\/\/www.pomniki-przyrody.pl\/wp-content\/uploads\/2021\/02\/7.-Stradomia-Wierzchnia-pomnikowa-aleja-768x511.jpg 768w, https:\/\/www.pomniki-przyrody.pl\/wp-content\/uploads\/2021\/02\/7.-Stradomia-Wierzchnia-pomnikowa-aleja-451x300.jpg 451w\" sizes=\"auto, (max-width: 800px) 100vw, 800px\" \/><\/a><\/p>\n<p><a href=\"https:\/\/www.pomniki-przyrody.pl\/wp-content\/uploads\/2021\/02\/DSC_6415.jpg\"><img loading=\"lazy\" decoding=\"async\" class=\"aligncenter wp-image-15357 size-full\" title=\"Stradomia Wierzchnia - pomnikowa aleja lipowa zim\u0105\" src=\"https:\/\/www.pomniki-przyrody.pl\/wp-content\/uploads\/2021\/02\/DSC_6415.jpg\" alt=\"\" width=\"800\" height=\"532\" srcset=\"https:\/\/www.pomniki-przyrody.pl\/wp-content\/uploads\/2021\/02\/DSC_6415.jpg 800w, https:\/\/www.pomniki-przyrody.pl\/wp-content\/uploads\/2021\/02\/DSC_6415-300x200.jpg 300w, https:\/\/www.pomniki-przyrody.pl\/wp-content\/uploads\/2021\/02\/DSC_6415-768x511.jpg 768w, https:\/\/www.pomniki-przyrody.pl\/wp-content\/uploads\/2021\/02\/DSC_6415-451x300.jpg 451w\" sizes=\"auto, (max-width: 800px) 100vw, 800px\" \/><\/a><\/p>\n<p>R\u00f3wnie\u017c na terenie administracyjnym wsi Stradomia Wierzchnia zlokalizowany jest nowo ustanowiony pomnik przyrody &#8211; daglezja zielona. Drzewo stoi w li\u015bciastym m\u0142odniku na granicy lasu, pomi\u0119dzy przysi\u00f3\u0142kami Widawki i B\u0142otnik, ok. 1100 m na po\u0142udnie od drogi ekspresowej S-8.<\/p>\n<p>GPS N 51\u00b017\u203244.3\u2033, E 17\u00b037\u203209.5\u2033<\/p>\n<p><a href=\"https:\/\/www.pomniki-przyrody.pl\/wp-content\/uploads\/2021\/03\/Stradomia-Wierzchnia-pomnikowa-daglezja-zielona.jpg\"><img loading=\"lazy\" decoding=\"async\" class=\"aligncenter wp-image-15480 size-full\" title=\"Stradomia Wierzchnia - pomnikowa daglezja zielona\" src=\"https:\/\/www.pomniki-przyrody.pl\/wp-content\/uploads\/2021\/03\/Stradomia-Wierzchnia-pomnikowa-daglezja-zielona.jpg\" alt=\"Stradomia Wierzchnia - pomnikowa daglezja zielona\" width=\"532\" height=\"800\" srcset=\"https:\/\/www.pomniki-przyrody.pl\/wp-content\/uploads\/2021\/03\/Stradomia-Wierzchnia-pomnikowa-daglezja-zielona.jpg 532w, https:\/\/www.pomniki-przyrody.pl\/wp-content\/uploads\/2021\/03\/Stradomia-Wierzchnia-pomnikowa-daglezja-zielona-200x300.jpg 200w\" sizes=\"auto, (max-width: 532px) 100vw, 532px\" \/><\/a><\/p>\n<p><a href=\"https:\/\/www.pomniki-przyrody.pl\/wp-content\/uploads\/2021\/03\/Stradomia-Wierzchnia-pomnikowa-daglezja.jpg\"><img loading=\"lazy\" decoding=\"async\" class=\"aligncenter wp-image-15481 size-full\" title=\"Stradomia Wierzchnia - pomnikowa daglezja\" src=\"https:\/\/www.pomniki-przyrody.pl\/wp-content\/uploads\/2021\/03\/Stradomia-Wierzchnia-pomnikowa-daglezja.jpg\" alt=\"Stradomia Wierzchnia - pomnikowa daglezja\" width=\"532\" height=\"800\" srcset=\"https:\/\/www.pomniki-przyrody.pl\/wp-content\/uploads\/2021\/03\/Stradomia-Wierzchnia-pomnikowa-daglezja.jpg 532w, https:\/\/www.pomniki-przyrody.pl\/wp-content\/uploads\/2021\/03\/Stradomia-Wierzchnia-pomnikowa-daglezja-200x300.jpg 200w\" sizes=\"auto, (max-width: 532px) 100vw, 532px\" \/><\/a><\/p>\n<p>Daglezja mierzy w obwodzie 322 cm, wysoko\u015b\u0107 okazu 37 metr\u00f3w, status pomnika przyrody uzyska\u0142a na mocy Uchwa\u0142y nr XXVIII\/232\/2020 Rady Miejskiej w Sycowie z dnia 21 grudnia 2020 r.<\/p>\n<p><a href=\"https:\/\/www.pomniki-przyrody.pl\/wp-content\/uploads\/2021\/03\/Stradomia-Wierzchnia-pien-pomnikowej-daglezji.jpg\"><img loading=\"lazy\" decoding=\"async\" class=\"aligncenter wp-image-15479 size-full\" title=\"Stradomia Wierzchnia - pie\u0144 pomnikowej daglezji\" src=\"https:\/\/www.pomniki-przyrody.pl\/wp-content\/uploads\/2021\/03\/Stradomia-Wierzchnia-pien-pomnikowej-daglezji.jpg\" alt=\"Stradomia Wierzchnia - pie\u0144 pomnikowej daglezji\" width=\"532\" height=\"800\" srcset=\"https:\/\/www.pomniki-przyrody.pl\/wp-content\/uploads\/2021\/03\/Stradomia-Wierzchnia-pien-pomnikowej-daglezji.jpg 532w, https:\/\/www.pomniki-przyrody.pl\/wp-content\/uploads\/2021\/03\/Stradomia-Wierzchnia-pien-pomnikowej-daglezji-200x300.jpg 200w\" sizes=\"auto, (max-width: 532px) 100vw, 532px\" \/><\/a><\/p>\n<p>Druga pomnikowa aleja w gminie Syc\u00f3w umiejscowiona jest pomi\u0119dzy wsiami Szczodr\u00f3w i Zawada. Na odcinku 500 m, po obu stronach drogi, ro\u015bnie 82 szt. kasztanowc\u00f3w bia\u0142ych o obwodach 170 \u2013 270 cm. Wi\u0119cej zdj\u0119\u0107 w artykule &#8222;<a href=\"https:\/\/www.pomniki-przyrody.pl\/?p=15318\"><span style=\"color: #0000ff;\">Pomnikowe aleje w gminie Syc\u00f3w<\/span><\/a>&#8222;.<\/p>\n<p><a href=\"https:\/\/www.pomniki-przyrody.pl\/wp-content\/uploads\/2021\/02\/7.-Pomnikowa-aleja-kasztanowcow-przy-drodze-Szczodrow-Zawada.jpg\"><img loading=\"lazy\" decoding=\"async\" class=\"aligncenter wp-image-15331 size-full\" title=\"Pomnikowa aleja kasztanowc\u00f3w przy drodze Szczodr\u00f3w-Zawada\" src=\"https:\/\/www.pomniki-przyrody.pl\/wp-content\/uploads\/2021\/02\/7.-Pomnikowa-aleja-kasztanowcow-przy-drodze-Szczodrow-Zawada.jpg\" alt=\"Pomnikowa aleja kasztanowc\u00f3w przy drodze Szczodr\u00f3w-Zawada\" width=\"532\" height=\"800\" srcset=\"https:\/\/www.pomniki-przyrody.pl\/wp-content\/uploads\/2021\/02\/7.-Pomnikowa-aleja-kasztanowcow-przy-drodze-Szczodrow-Zawada.jpg 532w, https:\/\/www.pomniki-przyrody.pl\/wp-content\/uploads\/2021\/02\/7.-Pomnikowa-aleja-kasztanowcow-przy-drodze-Szczodrow-Zawada-200x300.jpg 200w\" sizes=\"auto, (max-width: 532px) 100vw, 532px\" \/><\/a><\/p>\n<p>W pobli\u017cu wsi Szczodr\u00f3w, na grobli stawu ok. 550 m na wsch\u00f3d drogi S-8, ro\u015bnie pomnikowy d\u0105b. Aby trafi\u0107 do wspomnianego drzewa, nale\u017cy kierowa\u0107 si\u0119 ze Szczodrowa w kierunku Stradomii Wierzchniej i po przejechaniu wiaduktu nad drog\u0105 ekspresow\u0105 S-8 nale\u017cy skr\u0119ci\u0107 w lewo, w pierwsz\u0105 poln\u0105 drog\u0119. Dalej piechot\u0105 ok. 400 m do pocz\u0105tku pi\u0119knej alei z\u0142o\u017conej z dorodnych d\u0119b\u00f3w szypu\u0142kowych.<\/p>\n<p><a href=\"https:\/\/www.pomniki-przyrody.pl\/wp-content\/uploads\/2021\/03\/Szczodrow-aleja-debowa-przy-drodze-do-pomnikowego-debu.jpg\"><img loading=\"lazy\" decoding=\"async\" class=\"aligncenter wp-image-15482 size-full\" title=\"Szczodr\u00f3w - aleja d\u0119bowa przy drodze do pomnikowego d\u0119bu\" src=\"https:\/\/www.pomniki-przyrody.pl\/wp-content\/uploads\/2021\/03\/Szczodrow-aleja-debowa-przy-drodze-do-pomnikowego-debu.jpg\" alt=\"Szczodr\u00f3w - aleja d\u0119bowa przy drodze do pomnikowego d\u0119bu\" width=\"532\" height=\"800\" srcset=\"https:\/\/www.pomniki-przyrody.pl\/wp-content\/uploads\/2021\/03\/Szczodrow-aleja-debowa-przy-drodze-do-pomnikowego-debu.jpg 532w, https:\/\/www.pomniki-przyrody.pl\/wp-content\/uploads\/2021\/03\/Szczodrow-aleja-debowa-przy-drodze-do-pomnikowego-debu-200x300.jpg 200w\" sizes=\"auto, (max-width: 532px) 100vw, 532px\" \/><\/a><\/p>\n<p>Po pokonaniu dalszych 500 m trafimy pod koron\u0119 pomnikowego okazu o obwodzie 444 cm i wysoko\u015bci 22 metry.<\/p>\n<p>GPS N 51\u00b017\u203219.4\u2033, E 17\u00b035\u203212.5\u2033<\/p>\n<p><a href=\"https:\/\/www.pomniki-przyrody.pl\/wp-content\/uploads\/2021\/03\/Szczodrow-pomnikowy-dab-na-grobli-stawu.jpg\"><img loading=\"lazy\" decoding=\"async\" class=\"aligncenter wp-image-15484 size-full\" title=\"Szczodr\u00f3w - pomnikowy d\u0105b na grobli stawu\" src=\"https:\/\/www.pomniki-przyrody.pl\/wp-content\/uploads\/2021\/03\/Szczodrow-pomnikowy-dab-na-grobli-stawu.jpg\" alt=\"Szczodr\u00f3w - pomnikowy d\u0105b na grobli stawu\" width=\"553\" height=\"800\" srcset=\"https:\/\/www.pomniki-przyrody.pl\/wp-content\/uploads\/2021\/03\/Szczodrow-pomnikowy-dab-na-grobli-stawu.jpg 553w, https:\/\/www.pomniki-przyrody.pl\/wp-content\/uploads\/2021\/03\/Szczodrow-pomnikowy-dab-na-grobli-stawu-207x300.jpg 207w\" sizes=\"auto, (max-width: 553px) 100vw, 553px\" \/><\/a><\/p>\n<p><a href=\"https:\/\/www.pomniki-przyrody.pl\/wp-content\/uploads\/2021\/03\/pomnikowy-dab-rosnacy-w-poblizu-Szczodrowa.jpg\"><img loading=\"lazy\" decoding=\"async\" class=\"aligncenter wp-image-15478 size-full\" title=\"pomnikowy d\u0105b rosn\u0105cy w pobli\u017cu Szczodrowa\" src=\"https:\/\/www.pomniki-przyrody.pl\/wp-content\/uploads\/2021\/03\/pomnikowy-dab-rosnacy-w-poblizu-Szczodrowa.jpg\" alt=\"pomnikowy d\u0105b rosn\u0105cy w pobli\u017cu Szczodrowa\" width=\"532\" height=\"800\" srcset=\"https:\/\/www.pomniki-przyrody.pl\/wp-content\/uploads\/2021\/03\/pomnikowy-dab-rosnacy-w-poblizu-Szczodrowa.jpg 532w, https:\/\/www.pomniki-przyrody.pl\/wp-content\/uploads\/2021\/03\/pomnikowy-dab-rosnacy-w-poblizu-Szczodrowa-200x300.jpg 200w\" sizes=\"auto, (max-width: 532px) 100vw, 532px\" \/><\/a><\/p>\n<p><a href=\"https:\/\/www.pomniki-przyrody.pl\/wp-content\/uploads\/2021\/03\/Szczodrow-pomnikowy-dab.jpg\"><img loading=\"lazy\" decoding=\"async\" class=\"aligncenter wp-image-15485 size-full\" title=\"Szczodr\u00f3w - pomnikowy d\u0105b\" src=\"https:\/\/www.pomniki-przyrody.pl\/wp-content\/uploads\/2021\/03\/Szczodrow-pomnikowy-dab.jpg\" alt=\"Szczodr\u00f3w - pomnikowy d\u0105b\" width=\"585\" height=\"800\" srcset=\"https:\/\/www.pomniki-przyrody.pl\/wp-content\/uploads\/2021\/03\/Szczodrow-pomnikowy-dab.jpg 585w, https:\/\/www.pomniki-przyrody.pl\/wp-content\/uploads\/2021\/03\/Szczodrow-pomnikowy-dab-219x300.jpg 219w\" sizes=\"auto, (max-width: 585px) 100vw, 585px\" \/><\/a><\/p>\n<p><a href=\"https:\/\/www.pomniki-przyrody.pl\/wp-content\/uploads\/2021\/03\/pomiar-pomnikowego-debu-rosnacego-k.-Szczodrowa.jpg\"><img loading=\"lazy\" decoding=\"async\" class=\"aligncenter wp-image-15476 size-full\" title=\"pomiar pomnikowego d\u0119bu rosn\u0105cego k. Szczodrowa\" src=\"https:\/\/www.pomniki-przyrody.pl\/wp-content\/uploads\/2021\/03\/pomiar-pomnikowego-debu-rosnacego-k.-Szczodrowa.jpg\" alt=\"pomiar pomnikowego d\u0119bu rosn\u0105cego k. Szczodrowa\" width=\"532\" height=\"800\" srcset=\"https:\/\/www.pomniki-przyrody.pl\/wp-content\/uploads\/2021\/03\/pomiar-pomnikowego-debu-rosnacego-k.-Szczodrowa.jpg 532w, https:\/\/www.pomniki-przyrody.pl\/wp-content\/uploads\/2021\/03\/pomiar-pomnikowego-debu-rosnacego-k.-Szczodrowa-200x300.jpg 200w\" sizes=\"auto, (max-width: 532px) 100vw, 532px\" \/><\/a><\/p>\n<p><a href=\"https:\/\/www.pomniki-przyrody.pl\/wp-content\/uploads\/2021\/03\/Szczodrow-pomiar-pomnikowego-debu.jpg\"><img loading=\"lazy\" decoding=\"async\" class=\"aligncenter wp-image-15483 size-full\" title=\"Szczodr\u00f3w - pomiar pomnikowego d\u0119bu\" src=\"https:\/\/www.pomniki-przyrody.pl\/wp-content\/uploads\/2021\/03\/Szczodrow-pomiar-pomnikowego-debu.jpg\" alt=\"Szczodr\u00f3w - pomiar pomnikowego d\u0119bu\" width=\"532\" height=\"800\" srcset=\"https:\/\/www.pomniki-przyrody.pl\/wp-content\/uploads\/2021\/03\/Szczodrow-pomiar-pomnikowego-debu.jpg 532w, https:\/\/www.pomniki-przyrody.pl\/wp-content\/uploads\/2021\/03\/Szczodrow-pomiar-pomnikowego-debu-200x300.jpg 200w\" sizes=\"auto, (max-width: 532px) 100vw, 532px\" \/><\/a><\/p>\n<p>Tu\u017c przy p\u00f3\u0142nocnej granicy gminy Syc\u00f3w, po lewej (zachodniej) stronie drogi z Komorowa do Mi\u0119dzyborza, ro\u015bnie pomnikowy d\u0105b szypu\u0142kowy o nazwie &#8222;Napoleon&#8221;.<\/p>\n<p>GPS N 51\u00b020\u203220\u2033, E 17\u00b041\u203213\u2033<\/p>\n<p><a href=\"https:\/\/www.pomniki-przyrody.pl\/wp-content\/uploads\/2021\/03\/Komorow-dab-Napoleon-jesienia.jpg\"><img loading=\"lazy\" decoding=\"async\" class=\"aligncenter wp-image-15471 size-full\" title=\"Komor\u00f3w - d\u0105b Napoleon jesieni\u0105\" src=\"https:\/\/www.pomniki-przyrody.pl\/wp-content\/uploads\/2021\/03\/Komorow-dab-Napoleon-jesienia.jpg\" alt=\"Komor\u00f3w - d\u0105b Napoleon jesieni\u0105\" width=\"545\" height=\"800\" srcset=\"https:\/\/www.pomniki-przyrody.pl\/wp-content\/uploads\/2021\/03\/Komorow-dab-Napoleon-jesienia.jpg 545w, https:\/\/www.pomniki-przyrody.pl\/wp-content\/uploads\/2021\/03\/Komorow-dab-Napoleon-jesienia-204x300.jpg 204w\" sizes=\"auto, (max-width: 545px) 100vw, 545px\" \/><\/a><\/p>\n<p><a href=\"https:\/\/www.pomniki-przyrody.pl\/wp-content\/uploads\/2021\/03\/Komorow-dab-Napoleon-latem.jpg\"><img loading=\"lazy\" decoding=\"async\" class=\"aligncenter wp-image-15472 size-full\" title=\"Komor\u00f3w - d\u0105b Napoleon latem\" src=\"https:\/\/www.pomniki-przyrody.pl\/wp-content\/uploads\/2021\/03\/Komorow-dab-Napoleon-latem.jpg\" alt=\"Komor\u00f3w - d\u0105b Napoleon latem\" width=\"532\" height=\"800\" srcset=\"https:\/\/www.pomniki-przyrody.pl\/wp-content\/uploads\/2021\/03\/Komorow-dab-Napoleon-latem.jpg 532w, https:\/\/www.pomniki-przyrody.pl\/wp-content\/uploads\/2021\/03\/Komorow-dab-Napoleon-latem-200x300.jpg 200w\" sizes=\"auto, (max-width: 532px) 100vw, 532px\" \/><\/a><\/p>\n<p><a href=\"https:\/\/www.pomniki-przyrody.pl\/wp-content\/uploads\/2021\/03\/pomnikowy-dab-przy-drodze-Komorow-Miedzyborz.jpg\"><img loading=\"lazy\" decoding=\"async\" class=\"aligncenter wp-image-15477 size-full\" title=\"pomnikowy d\u0105b przy drodze Komor\u00f3w - Mi\u0119dzyb\u00f3rz\" src=\"https:\/\/www.pomniki-przyrody.pl\/wp-content\/uploads\/2021\/03\/pomnikowy-dab-przy-drodze-Komorow-Miedzyborz.jpg\" alt=\"pomnikowy d\u0105b przy drodze Komor\u00f3w - Mi\u0119dzyb\u00f3rz\" width=\"595\" height=\"800\" srcset=\"https:\/\/www.pomniki-przyrody.pl\/wp-content\/uploads\/2021\/03\/pomnikowy-dab-przy-drodze-Komorow-Miedzyborz.jpg 595w, https:\/\/www.pomniki-przyrody.pl\/wp-content\/uploads\/2021\/03\/pomnikowy-dab-przy-drodze-Komorow-Miedzyborz-223x300.jpg 223w\" sizes=\"auto, (max-width: 595px) 100vw, 595px\" \/><\/a><a href=\"https:\/\/www.pomniki-przyrody.pl\/wp-content\/uploads\/2021\/03\/dab-Napoleon-kolo-Komorowa.jpg\"><img loading=\"lazy\" decoding=\"async\" class=\"aligncenter wp-image-15469 size-full\" title=\"d\u0105b Napoleon ko\u0142o Komorowa\" src=\"https:\/\/www.pomniki-przyrody.pl\/wp-content\/uploads\/2021\/03\/dab-Napoleon-kolo-Komorowa.jpg\" alt=\"d\u0105b Napoleon ko\u0142o Komorowa\" width=\"532\" height=\"800\" srcset=\"https:\/\/www.pomniki-przyrody.pl\/wp-content\/uploads\/2021\/03\/dab-Napoleon-kolo-Komorowa.jpg 532w, https:\/\/www.pomniki-przyrody.pl\/wp-content\/uploads\/2021\/03\/dab-Napoleon-kolo-Komorowa-200x300.jpg 200w\" sizes=\"auto, (max-width: 532px) 100vw, 532px\" \/><\/a><\/p>\n<p>Obw\u00f3d pomnikowego drzewa wynosi 577 cm, wysoko\u015b\u0107 drzewa 22 metry, szacunkowy wiek 300 &#8211; 350 lat. Status pomnika przyrody &#8222;Napoleon&#8221; uzyska\u0142 ju\u017c w 1964 r.<\/p>\n<p><a href=\"https:\/\/www.pomniki-przyrody.pl\/wp-content\/uploads\/2021\/03\/Komorow-pien-debu-Napoleon.jpg\"><img loading=\"lazy\" decoding=\"async\" class=\"aligncenter wp-image-15473 size-full\" title=\"Komor\u00f3w - pie\u0144 d\u0119bu Napoleon\" src=\"https:\/\/www.pomniki-przyrody.pl\/wp-content\/uploads\/2021\/03\/Komorow-pien-debu-Napoleon.jpg\" alt=\"Komor\u00f3w - pie\u0144 d\u0119bu Napoleon\" width=\"532\" height=\"800\" srcset=\"https:\/\/www.pomniki-przyrody.pl\/wp-content\/uploads\/2021\/03\/Komorow-pien-debu-Napoleon.jpg 532w, https:\/\/www.pomniki-przyrody.pl\/wp-content\/uploads\/2021\/03\/Komorow-pien-debu-Napoleon-200x300.jpg 200w\" sizes=\"auto, (max-width: 532px) 100vw, 532px\" \/><\/a><\/p>\n<p><a href=\"https:\/\/www.pomniki-przyrody.pl\/wp-content\/uploads\/2021\/03\/pomiar-obwodu-debu-Napoleon.jpg\"><img loading=\"lazy\" decoding=\"async\" class=\"aligncenter wp-image-15475 size-full\" title=\"pomiar obwodu d\u0119bu Napoleon\" src=\"https:\/\/www.pomniki-przyrody.pl\/wp-content\/uploads\/2021\/03\/pomiar-obwodu-debu-Napoleon.jpg\" alt=\"pomiar obwodu d\u0119bu Napoleon\" width=\"532\" height=\"800\" srcset=\"https:\/\/www.pomniki-przyrody.pl\/wp-content\/uploads\/2021\/03\/pomiar-obwodu-debu-Napoleon.jpg 532w, https:\/\/www.pomniki-przyrody.pl\/wp-content\/uploads\/2021\/03\/pomiar-obwodu-debu-Napoleon-200x300.jpg 200w\" sizes=\"auto, (max-width: 532px) 100vw, 532px\" \/><\/a><\/p>\n","protected":false},"excerpt":{"rendered":"<p>Gmina Syc\u00f3w po\u0142o\u017cona jest w p\u00f3\u0142nocno &#8211; wschodniej cz\u0119\u015bci wojew\u00f3dztwa dolno\u015bl\u0105skiego, w powiecie ole\u015bnickim, ok. 50 km od Wroc\u0142awia. Znaczna cz\u0119\u015b\u0107 obszaru gminy znajduje si\u0119 w zasi\u0119gu Wzg\u00f3rz Twardog\u00f3rskich, cz\u0119\u015b\u0107 po\u0142udniowo &#8211; zachodnia le\u017cy na R\u00f3wninie Ole\u015bnickiej. Ponad 62% terenu &hellip; <a href=\"https:\/\/www.pomniki-przyrody.pl\/?p=15432\">Czytaj dalej <span class=\"meta-nav\">&rarr;<\/span><\/a><\/p>\n","protected":false},"author":2,"featured_media":0,"comment_status":"open","ping_status":"open","sticky":false,"template":"","format":"standard","meta":{"footnotes":""},"categories":[1],"tags":[519,1483,1893,1888,931,318,1889,1890],"class_list":["post-15432","post","type-post","status-publish","format-standard","hentry","category-przyroda-ozywiona","tag-daglezja-zielona","tag-dolnoslaskie","tag-droltowice","tag-gmina-sycow","tag-komorow","tag-pomnikowe-deby","tag-stradomia-wierzchnia","tag-szczodrow"],"_links":{"self":[{"href":"https:\/\/www.pomniki-przyrody.pl\/index.php?rest_route=\/wp\/v2\/posts\/15432","targetHints":{"allow":["GET"]}}],"collection":[{"href":"https:\/\/www.pomniki-przyrody.pl\/index.php?rest_route=\/wp\/v2\/posts"}],"about":[{"href":"https:\/\/www.pomniki-przyrody.pl\/index.php?rest_route=\/wp\/v2\/types\/post"}],"author":[{"embeddable":true,"href":"https:\/\/www.pomniki-przyrody.pl\/index.php?rest_route=\/wp\/v2\/users\/2"}],"replies":[{"embeddable":true,"href":"https:\/\/www.pomniki-przyrody.pl\/index.php?rest_route=%2Fwp%2Fv2%2Fcomments&post=15432"}],"version-history":[{"count":8,"href":"https:\/\/www.pomniki-przyrody.pl\/index.php?rest_route=\/wp\/v2\/posts\/15432\/revisions"}],"predecessor-version":[{"id":15492,"href":"https:\/\/www.pomniki-przyrody.pl\/index.php?rest_route=\/wp\/v2\/posts\/15432\/revisions\/15492"}],"wp:attachment":[{"href":"https:\/\/www.pomniki-przyrody.pl\/index.php?rest_route=%2Fwp%2Fv2%2Fmedia&parent=15432"}],"wp:term":[{"taxonomy":"category","embeddable":true,"href":"https:\/\/www.pomniki-przyrody.pl\/index.php?rest_route=%2Fwp%2Fv2%2Fcategories&post=15432"},{"taxonomy":"post_tag","embeddable":true,"href":"https:\/\/www.pomniki-przyrody.pl\/index.php?rest_route=%2Fwp%2Fv2%2Ftags&post=15432"}],"curies":[{"name":"wp","href":"https:\/\/api.w.org\/{rel}","templated":true}]}}