{"id":15740,"date":"2021-06-10T20:58:54","date_gmt":"2021-06-10T18:58:54","guid":{"rendered":"http:\/\/www.pomniki-przyrody.pl\/?p=15740"},"modified":"2021-06-10T20:58:54","modified_gmt":"2021-06-10T18:58:54","slug":"park-podworski-w-godzieszowej-gm-dlugoleka-dolnoslaskie","status":"publish","type":"post","link":"https:\/\/www.pomniki-przyrody.pl\/?p=15740","title":{"rendered":"Park podworski w Godzieszowej (gm. D\u0142ugo\u0142\u0119ka, dolno\u015bl\u0105skie)."},"content":{"rendered":"<p>Park podworski w Godzieszowej &#8211; wsi po\u0142o\u017conej w p\u00f3\u0142nocnej cz\u0119\u015bci gminy D\u0142ugo\u0142\u0119ka (pow. wroc\u0142awski) &#8211; to pozosta\u0142o\u015b\u0107 po XIX-wiecznym za\u0142o\u017ceniu parkowym, przylegaj\u0105cym niegdy\u015b do spalonego w 1945 r. pa\u0142acu (resztki fundament\u00f3w widoczne s\u0105 w p\u00f3\u0142nocnej cz\u0119\u015bci parku). Po latach zaniedba\u0144 teren zielony o powierzchni 2,5 ha doczeka\u0142 si\u0119 rewitalizacji i w 2011 r. zosta\u0142 oddany do u\u017cytku. Na mocy Uchwa\u0142y nr XXVII\/319\/21 Rady Gminy D\u0142ugo\u0142\u0119ka z dnia 21 stycznia 2021 r. powo\u0142ano do ochrony pomnikowej dwa najcenniejsze okazy drzew.<\/p>\n<p><a href=\"https:\/\/www.pomniki-przyrody.pl\/wp-content\/uploads\/2021\/06\/brama-do-parku-w-Godzieszowej.jpg\"><img loading=\"lazy\" decoding=\"async\" class=\"aligncenter wp-image-15741 size-full\" title=\"brama do parku w Godzieszowej\" src=\"https:\/\/www.pomniki-przyrody.pl\/wp-content\/uploads\/2021\/06\/brama-do-parku-w-Godzieszowej.jpg\" alt=\"brama do parku w Godzieszowej\" width=\"800\" height=\"532\" srcset=\"https:\/\/www.pomniki-przyrody.pl\/wp-content\/uploads\/2021\/06\/brama-do-parku-w-Godzieszowej.jpg 800w, https:\/\/www.pomniki-przyrody.pl\/wp-content\/uploads\/2021\/06\/brama-do-parku-w-Godzieszowej-300x200.jpg 300w, https:\/\/www.pomniki-przyrody.pl\/wp-content\/uploads\/2021\/06\/brama-do-parku-w-Godzieszowej-768x511.jpg 768w, https:\/\/www.pomniki-przyrody.pl\/wp-content\/uploads\/2021\/06\/brama-do-parku-w-Godzieszowej-451x300.jpg 451w\" sizes=\"auto, (max-width: 800px) 100vw, 800px\" \/><\/a><\/p>\n<p>Wej\u015bcie do parku zosta\u0142o zaakcentowane stylow\u0105, drewnian\u0105 bram\u0105 z metalowymi zdobieniami. Tu\u017c za ni\u0105, po lewej stronie \u015bcie\u017cki, rosn\u0105 dwa tulipanowce ameryka\u0144skie.<\/p>\n<p><a href=\"https:\/\/www.pomniki-przyrody.pl\/wp-content\/uploads\/2021\/06\/park-w-Godzieszowej-pomnikowy-tulipanowiec-przy-bramie-parkowej.jpg\"><img loading=\"lazy\" decoding=\"async\" class=\"aligncenter wp-image-15764 size-full\" title=\"park w Godzieszowej - pomnikowy tulipanowiec przy bramie parkowej\" src=\"https:\/\/www.pomniki-przyrody.pl\/wp-content\/uploads\/2021\/06\/park-w-Godzieszowej-pomnikowy-tulipanowiec-przy-bramie-parkowej.jpg\" alt=\"park w Godzieszowej - pomnikowy tulipanowiec przy bramie parkowej\" width=\"601\" height=\"800\" srcset=\"https:\/\/www.pomniki-przyrody.pl\/wp-content\/uploads\/2021\/06\/park-w-Godzieszowej-pomnikowy-tulipanowiec-przy-bramie-parkowej.jpg 601w, https:\/\/www.pomniki-przyrody.pl\/wp-content\/uploads\/2021\/06\/park-w-Godzieszowej-pomnikowy-tulipanowiec-przy-bramie-parkowej-225x300.jpg 225w\" sizes=\"auto, (max-width: 601px) 100vw, 601px\" \/><\/a><a href=\"https:\/\/www.pomniki-przyrody.pl\/wp-content\/uploads\/2021\/06\/tulipanowce-z-parku-w-Godzieszowej.jpg\"><img loading=\"lazy\" decoding=\"async\" class=\"aligncenter wp-image-15770 size-full\" title=\"tulipanowce z parku w Godzieszowej\" src=\"https:\/\/www.pomniki-przyrody.pl\/wp-content\/uploads\/2021\/06\/tulipanowce-z-parku-w-Godzieszowej.jpg\" alt=\"tulipanowce z parku w Godzieszowej\" width=\"582\" height=\"800\" srcset=\"https:\/\/www.pomniki-przyrody.pl\/wp-content\/uploads\/2021\/06\/tulipanowce-z-parku-w-Godzieszowej.jpg 582w, https:\/\/www.pomniki-przyrody.pl\/wp-content\/uploads\/2021\/06\/tulipanowce-z-parku-w-Godzieszowej-218x300.jpg 218w\" sizes=\"auto, (max-width: 582px) 100vw, 582px\" \/><\/a><a href=\"https:\/\/www.pomniki-przyrody.pl\/wp-content\/uploads\/2021\/06\/park-w-Godzieszowej-tulipanowce-amerykanskie.jpg\"><img loading=\"lazy\" decoding=\"async\" class=\"aligncenter wp-image-15765 size-full\" title=\"park w Godzieszowej - tulipanowce ameryka\u0144skie\" src=\"https:\/\/www.pomniki-przyrody.pl\/wp-content\/uploads\/2021\/06\/park-w-Godzieszowej-tulipanowce-amerykanskie.jpg\" alt=\"park w Godzieszowej - tulipanowce ameryka\u0144skie\" width=\"800\" height=\"532\" srcset=\"https:\/\/www.pomniki-przyrody.pl\/wp-content\/uploads\/2021\/06\/park-w-Godzieszowej-tulipanowce-amerykanskie.jpg 800w, https:\/\/www.pomniki-przyrody.pl\/wp-content\/uploads\/2021\/06\/park-w-Godzieszowej-tulipanowce-amerykanskie-300x200.jpg 300w, https:\/\/www.pomniki-przyrody.pl\/wp-content\/uploads\/2021\/06\/park-w-Godzieszowej-tulipanowce-amerykanskie-768x511.jpg 768w, https:\/\/www.pomniki-przyrody.pl\/wp-content\/uploads\/2021\/06\/park-w-Godzieszowej-tulipanowce-amerykanskie-451x300.jpg 451w\" sizes=\"auto, (max-width: 800px) 100vw, 800px\" \/><\/a><\/p>\n<p>Grubszy okaz o nazwie &#8222;Jan&#8221; posiada status pomnika przyrody; obw\u00f3d drzewa wynosi 348 cm, \u015brednica korony &#8211; 8 metr\u00f3w.<\/p>\n<p><a href=\"https:\/\/www.pomniki-przyrody.pl\/wp-content\/uploads\/2021\/06\/park-w-Godzieszowej-pomnikowy-tulipanowiec-amerykanski.jpg\"><img loading=\"lazy\" decoding=\"async\" class=\"aligncenter wp-image-15763 size-full\" title=\"park w Godzieszowej - pomnikowy tulipanowiec ameryka\u0144ski\" src=\"https:\/\/www.pomniki-przyrody.pl\/wp-content\/uploads\/2021\/06\/park-w-Godzieszowej-pomnikowy-tulipanowiec-amerykanski.jpg\" alt=\"park w Godzieszowej - pomnikowy tulipanowiec ameryka\u0144ski\" width=\"602\" height=\"800\" srcset=\"https:\/\/www.pomniki-przyrody.pl\/wp-content\/uploads\/2021\/06\/park-w-Godzieszowej-pomnikowy-tulipanowiec-amerykanski.jpg 602w, https:\/\/www.pomniki-przyrody.pl\/wp-content\/uploads\/2021\/06\/park-w-Godzieszowej-pomnikowy-tulipanowiec-amerykanski-226x300.jpg 226w\" sizes=\"auto, (max-width: 602px) 100vw, 602px\" \/><\/a><a href=\"https:\/\/www.pomniki-przyrody.pl\/wp-content\/uploads\/2021\/06\/park-w-Godzieszowej-pien-pomnikowego-tulipanowca.jpg\"><img loading=\"lazy\" decoding=\"async\" class=\"aligncenter wp-image-15758 size-full\" title=\"park w Godzieszowej - pie\u0144 pomnikowego tulipanowca\" src=\"https:\/\/www.pomniki-przyrody.pl\/wp-content\/uploads\/2021\/06\/park-w-Godzieszowej-pien-pomnikowego-tulipanowca.jpg\" alt=\"park w Godzieszowej - pie\u0144 pomnikowego tulipanowca\" width=\"532\" height=\"800\" srcset=\"https:\/\/www.pomniki-przyrody.pl\/wp-content\/uploads\/2021\/06\/park-w-Godzieszowej-pien-pomnikowego-tulipanowca.jpg 532w, https:\/\/www.pomniki-przyrody.pl\/wp-content\/uploads\/2021\/06\/park-w-Godzieszowej-pien-pomnikowego-tulipanowca-200x300.jpg 200w\" sizes=\"auto, (max-width: 532px) 100vw, 532px\" \/><\/a><a href=\"https:\/\/www.pomniki-przyrody.pl\/wp-content\/uploads\/2021\/06\/park-w-Godzieszowej-pomiar-pomnikowego-tulipanowca.jpg\"><img loading=\"lazy\" decoding=\"async\" class=\"aligncenter wp-image-15760 size-full\" title=\"park w Godzieszowej - pomiar pomnikowego tulipanowca\" src=\"https:\/\/www.pomniki-przyrody.pl\/wp-content\/uploads\/2021\/06\/park-w-Godzieszowej-pomiar-pomnikowego-tulipanowca.jpg\" alt=\"park w Godzieszowej - pomiar pomnikowego tulipanowca\" width=\"532\" height=\"800\" srcset=\"https:\/\/www.pomniki-przyrody.pl\/wp-content\/uploads\/2021\/06\/park-w-Godzieszowej-pomiar-pomnikowego-tulipanowca.jpg 532w, https:\/\/www.pomniki-przyrody.pl\/wp-content\/uploads\/2021\/06\/park-w-Godzieszowej-pomiar-pomnikowego-tulipanowca-200x300.jpg 200w\" sizes=\"auto, (max-width: 532px) 100vw, 532px\" \/><\/a><\/p>\n<p>Drugi tulipanowiec charakteryzuje si\u0119 pochylon\u0105 sylwetk\u0105 i uszkodzonym pniem w jego przyziemnej cz\u0119\u015bci.<\/p>\n<p><a href=\"https:\/\/www.pomniki-przyrody.pl\/wp-content\/uploads\/2021\/06\/park-w-Godzieszowej-pien-drugiego-tulipanowca.jpg\"><img loading=\"lazy\" decoding=\"async\" class=\"aligncenter wp-image-15754 size-full\" title=\"park w Godzieszowej - pie\u0144 drugiego tulipanowca\" src=\"https:\/\/www.pomniki-przyrody.pl\/wp-content\/uploads\/2021\/06\/park-w-Godzieszowej-pien-drugiego-tulipanowca.jpg\" alt=\"park w Godzieszowej - pie\u0144 drugiego tulipanowca\" width=\"532\" height=\"800\" srcset=\"https:\/\/www.pomniki-przyrody.pl\/wp-content\/uploads\/2021\/06\/park-w-Godzieszowej-pien-drugiego-tulipanowca.jpg 532w, https:\/\/www.pomniki-przyrody.pl\/wp-content\/uploads\/2021\/06\/park-w-Godzieszowej-pien-drugiego-tulipanowca-200x300.jpg 200w\" sizes=\"auto, (max-width: 532px) 100vw, 532px\" \/><\/a><\/p>\n<p>Nieco dalej, za ogrodzeniem na prywatnej posesji, ro\u015bnie wspania\u0142y platan klonolistny. To monumentalne drzewo r\u00f3wnie\u017c zas\u0142uguje na ochron\u0119 pomnikow\u0105.\u00a0<\/p>\n<p><a href=\"https:\/\/www.pomniki-przyrody.pl\/wp-content\/uploads\/2021\/06\/polnocna-czesc-parku-w-Godzieszowej.jpg\"><img loading=\"lazy\" decoding=\"async\" class=\"aligncenter wp-image-15767 size-full\" title=\"p\u00f3\u0142nocna cz\u0119\u015b\u0107 parku w Godzieszowej\" src=\"https:\/\/www.pomniki-przyrody.pl\/wp-content\/uploads\/2021\/06\/polnocna-czesc-parku-w-Godzieszowej.jpg\" alt=\"p\u00f3\u0142nocna cz\u0119\u015b\u0107 parku w Godzieszowej\" width=\"800\" height=\"532\" srcset=\"https:\/\/www.pomniki-przyrody.pl\/wp-content\/uploads\/2021\/06\/polnocna-czesc-parku-w-Godzieszowej.jpg 800w, https:\/\/www.pomniki-przyrody.pl\/wp-content\/uploads\/2021\/06\/polnocna-czesc-parku-w-Godzieszowej-300x200.jpg 300w, https:\/\/www.pomniki-przyrody.pl\/wp-content\/uploads\/2021\/06\/polnocna-czesc-parku-w-Godzieszowej-768x511.jpg 768w, https:\/\/www.pomniki-przyrody.pl\/wp-content\/uploads\/2021\/06\/polnocna-czesc-parku-w-Godzieszowej-451x300.jpg 451w\" sizes=\"auto, (max-width: 800px) 100vw, 800px\" \/><\/a><a href=\"https:\/\/www.pomniki-przyrody.pl\/wp-content\/uploads\/2021\/06\/Godzieszowa-okazaly-platan.jpg\"><img loading=\"lazy\" decoding=\"async\" class=\"aligncenter wp-image-15746 size-full\" title=\"Godzieszowa - okaza\u0142y platan\" src=\"https:\/\/www.pomniki-przyrody.pl\/wp-content\/uploads\/2021\/06\/Godzieszowa-okazaly-platan.jpg\" alt=\"Godzieszowa - okaza\u0142y platan\" width=\"532\" height=\"800\" srcset=\"https:\/\/www.pomniki-przyrody.pl\/wp-content\/uploads\/2021\/06\/Godzieszowa-okazaly-platan.jpg 532w, https:\/\/www.pomniki-przyrody.pl\/wp-content\/uploads\/2021\/06\/Godzieszowa-okazaly-platan-200x300.jpg 200w\" sizes=\"auto, (max-width: 532px) 100vw, 532px\" \/><\/a><a href=\"https:\/\/www.pomniki-przyrody.pl\/wp-content\/uploads\/2021\/06\/okazaly-platan-z-Godzieszowej.jpg\"><img loading=\"lazy\" decoding=\"async\" class=\"aligncenter wp-image-15750 size-full\" title=\"okaza\u0142y platan z Godzieszowej\" src=\"https:\/\/www.pomniki-przyrody.pl\/wp-content\/uploads\/2021\/06\/okazaly-platan-z-Godzieszowej.jpg\" alt=\"okaza\u0142y platan z Godzieszowej\" width=\"532\" height=\"800\" srcset=\"https:\/\/www.pomniki-przyrody.pl\/wp-content\/uploads\/2021\/06\/okazaly-platan-z-Godzieszowej.jpg 532w, https:\/\/www.pomniki-przyrody.pl\/wp-content\/uploads\/2021\/06\/okazaly-platan-z-Godzieszowej-200x300.jpg 200w\" sizes=\"auto, (max-width: 532px) 100vw, 532px\" \/><\/a><\/p>\n<p>Istotnym elementem parku w Godzieszowej jest staw z wysp\u0105, na kt\u00f3r\u0105 mo\u017cemy si\u0119 dosta\u0107 przez k\u0142adk\u0119. Na wyspie postawiono drewnian\u0105 altan\u0119 oraz murowany grill. Bli\u017cej bramy wej\u015bciowej znajduje si\u0119 pomost do cumowania kajak\u00f3w.<\/p>\n<p><a href=\"https:\/\/www.pomniki-przyrody.pl\/wp-content\/uploads\/2021\/06\/Godzieszowa-pomost-na-stawie-parkowym.jpg\"><img loading=\"lazy\" decoding=\"async\" class=\"aligncenter wp-image-15747 size-full\" title=\"Godzieszowa - pomost na stawie parkowym\" src=\"https:\/\/www.pomniki-przyrody.pl\/wp-content\/uploads\/2021\/06\/Godzieszowa-pomost-na-stawie-parkowym.jpg\" alt=\"Godzieszowa - pomost na stawie parkowym\" width=\"800\" height=\"532\" srcset=\"https:\/\/www.pomniki-przyrody.pl\/wp-content\/uploads\/2021\/06\/Godzieszowa-pomost-na-stawie-parkowym.jpg 800w, https:\/\/www.pomniki-przyrody.pl\/wp-content\/uploads\/2021\/06\/Godzieszowa-pomost-na-stawie-parkowym-300x200.jpg 300w, https:\/\/www.pomniki-przyrody.pl\/wp-content\/uploads\/2021\/06\/Godzieszowa-pomost-na-stawie-parkowym-768x511.jpg 768w, https:\/\/www.pomniki-przyrody.pl\/wp-content\/uploads\/2021\/06\/Godzieszowa-pomost-na-stawie-parkowym-451x300.jpg 451w\" sizes=\"auto, (max-width: 800px) 100vw, 800px\" \/><\/a><a href=\"https:\/\/www.pomniki-przyrody.pl\/wp-content\/uploads\/2021\/06\/wyspa-na-stawie-w-Godzieszowej.jpg\"><img loading=\"lazy\" decoding=\"async\" class=\"aligncenter wp-image-15771 size-full\" title=\"wyspa na stawie w Godzieszowej\" src=\"https:\/\/www.pomniki-przyrody.pl\/wp-content\/uploads\/2021\/06\/wyspa-na-stawie-w-Godzieszowej.jpg\" alt=\"wyspa na stawie w Godzieszowej\" width=\"800\" height=\"532\" srcset=\"https:\/\/www.pomniki-przyrody.pl\/wp-content\/uploads\/2021\/06\/wyspa-na-stawie-w-Godzieszowej.jpg 800w, https:\/\/www.pomniki-przyrody.pl\/wp-content\/uploads\/2021\/06\/wyspa-na-stawie-w-Godzieszowej-300x200.jpg 300w, https:\/\/www.pomniki-przyrody.pl\/wp-content\/uploads\/2021\/06\/wyspa-na-stawie-w-Godzieszowej-768x511.jpg 768w, https:\/\/www.pomniki-przyrody.pl\/wp-content\/uploads\/2021\/06\/wyspa-na-stawie-w-Godzieszowej-451x300.jpg 451w\" sizes=\"auto, (max-width: 800px) 100vw, 800px\" \/><\/a><a href=\"https:\/\/www.pomniki-przyrody.pl\/wp-content\/uploads\/2021\/06\/mostek-prowadzacy-na-wyspe.jpg\"><img loading=\"lazy\" decoding=\"async\" class=\"aligncenter wp-image-15748 size-full\" title=\"mostek prowadz\u0105cy na wysp\u0119\" src=\"https:\/\/www.pomniki-przyrody.pl\/wp-content\/uploads\/2021\/06\/mostek-prowadzacy-na-wyspe.jpg\" alt=\"mostek prowadz\u0105cy na wysp\u0119\" width=\"800\" height=\"532\" srcset=\"https:\/\/www.pomniki-przyrody.pl\/wp-content\/uploads\/2021\/06\/mostek-prowadzacy-na-wyspe.jpg 800w, https:\/\/www.pomniki-przyrody.pl\/wp-content\/uploads\/2021\/06\/mostek-prowadzacy-na-wyspe-300x200.jpg 300w, https:\/\/www.pomniki-przyrody.pl\/wp-content\/uploads\/2021\/06\/mostek-prowadzacy-na-wyspe-768x511.jpg 768w, https:\/\/www.pomniki-przyrody.pl\/wp-content\/uploads\/2021\/06\/mostek-prowadzacy-na-wyspe-451x300.jpg 451w\" sizes=\"auto, (max-width: 800px) 100vw, 800px\" \/><\/a><a href=\"https:\/\/www.pomniki-przyrody.pl\/wp-content\/uploads\/2021\/06\/Godzieszowa-mostek-prowadzacy-na-wyspe.jpg\"><img loading=\"lazy\" decoding=\"async\" class=\"aligncenter wp-image-15745 size-full\" title=\"Godzieszowa - mostek prowadz\u0105cy na wysp\u0119\" src=\"https:\/\/www.pomniki-przyrody.pl\/wp-content\/uploads\/2021\/06\/Godzieszowa-mostek-prowadzacy-na-wyspe.jpg\" alt=\"Godzieszowa - mostek prowadz\u0105cy na wysp\u0119\" width=\"800\" height=\"532\" srcset=\"https:\/\/www.pomniki-przyrody.pl\/wp-content\/uploads\/2021\/06\/Godzieszowa-mostek-prowadzacy-na-wyspe.jpg 800w, https:\/\/www.pomniki-przyrody.pl\/wp-content\/uploads\/2021\/06\/Godzieszowa-mostek-prowadzacy-na-wyspe-300x200.jpg 300w, https:\/\/www.pomniki-przyrody.pl\/wp-content\/uploads\/2021\/06\/Godzieszowa-mostek-prowadzacy-na-wyspe-768x511.jpg 768w, https:\/\/www.pomniki-przyrody.pl\/wp-content\/uploads\/2021\/06\/Godzieszowa-mostek-prowadzacy-na-wyspe-451x300.jpg 451w\" sizes=\"auto, (max-width: 800px) 100vw, 800px\" \/><\/a><a href=\"https:\/\/www.pomniki-przyrody.pl\/wp-content\/uploads\/2021\/06\/park-w-Godzieszowej-nad-brzegiem-stawu.jpg\"><img loading=\"lazy\" decoding=\"async\" class=\"aligncenter wp-image-15751 size-full\" title=\"park w Godzieszowej - nad brzegiem stawu\" src=\"https:\/\/www.pomniki-przyrody.pl\/wp-content\/uploads\/2021\/06\/park-w-Godzieszowej-nad-brzegiem-stawu.jpg\" alt=\"park w Godzieszowej - nad brzegiem stawu\" width=\"800\" height=\"532\" srcset=\"https:\/\/www.pomniki-przyrody.pl\/wp-content\/uploads\/2021\/06\/park-w-Godzieszowej-nad-brzegiem-stawu.jpg 800w, https:\/\/www.pomniki-przyrody.pl\/wp-content\/uploads\/2021\/06\/park-w-Godzieszowej-nad-brzegiem-stawu-300x200.jpg 300w, https:\/\/www.pomniki-przyrody.pl\/wp-content\/uploads\/2021\/06\/park-w-Godzieszowej-nad-brzegiem-stawu-768x511.jpg 768w, https:\/\/www.pomniki-przyrody.pl\/wp-content\/uploads\/2021\/06\/park-w-Godzieszowej-nad-brzegiem-stawu-451x300.jpg 451w\" sizes=\"auto, (max-width: 800px) 100vw, 800px\" \/><\/a><\/p>\n<p>Rol\u0119 edukacyjn\u0105 pe\u0142ni\u0105 ustawione w kilku miejscach kolorowe tablice.<\/p>\n<p><a href=\"https:\/\/www.pomniki-przyrody.pl\/wp-content\/uploads\/2021\/06\/fragment-parku-w-Godzieszowej.jpg\"><img loading=\"lazy\" decoding=\"async\" class=\"aligncenter wp-image-15743 size-full\" title=\"fragment parku w Godzieszowej\" src=\"https:\/\/www.pomniki-przyrody.pl\/wp-content\/uploads\/2021\/06\/fragment-parku-w-Godzieszowej.jpg\" alt=\"fragment parku w Godzieszowej\" width=\"800\" height=\"532\" srcset=\"https:\/\/www.pomniki-przyrody.pl\/wp-content\/uploads\/2021\/06\/fragment-parku-w-Godzieszowej.jpg 800w, https:\/\/www.pomniki-przyrody.pl\/wp-content\/uploads\/2021\/06\/fragment-parku-w-Godzieszowej-300x200.jpg 300w, https:\/\/www.pomniki-przyrody.pl\/wp-content\/uploads\/2021\/06\/fragment-parku-w-Godzieszowej-768x511.jpg 768w, https:\/\/www.pomniki-przyrody.pl\/wp-content\/uploads\/2021\/06\/fragment-parku-w-Godzieszowej-451x300.jpg 451w\" sizes=\"auto, (max-width: 800px) 100vw, 800px\" \/><\/a><a href=\"https:\/\/www.pomniki-przyrody.pl\/wp-content\/uploads\/2021\/06\/tablica-w-parku-w-Godzieszowej.jpg\"><img loading=\"lazy\" decoding=\"async\" class=\"aligncenter wp-image-15769 size-full\" title=\"tablica w parku w Godzieszowej\" src=\"https:\/\/www.pomniki-przyrody.pl\/wp-content\/uploads\/2021\/06\/tablica-w-parku-w-Godzieszowej.jpg\" alt=\"tablica w parku w Godzieszowej\" width=\"1000\" height=\"665\" srcset=\"https:\/\/www.pomniki-przyrody.pl\/wp-content\/uploads\/2021\/06\/tablica-w-parku-w-Godzieszowej.jpg 1000w, https:\/\/www.pomniki-przyrody.pl\/wp-content\/uploads\/2021\/06\/tablica-w-parku-w-Godzieszowej-300x200.jpg 300w, https:\/\/www.pomniki-przyrody.pl\/wp-content\/uploads\/2021\/06\/tablica-w-parku-w-Godzieszowej-768x511.jpg 768w, https:\/\/www.pomniki-przyrody.pl\/wp-content\/uploads\/2021\/06\/tablica-w-parku-w-Godzieszowej-451x300.jpg 451w\" sizes=\"auto, (max-width: 1000px) 100vw, 1000px\" \/><\/a><\/p>\n<p>Ozdob\u0105 rodzimego drzewostanu jest okaza\u0142y jesion wynios\u0142y. Na jego pniu powieszono p\u0142askorze\u017ab\u0119 z postaci\u0105 Chrystusa.<\/p>\n<p><a href=\"https:\/\/www.pomniki-przyrody.pl\/wp-content\/uploads\/2021\/06\/park-w-Godzieszowej-okazaly-jesion-1.jpg\"><img loading=\"lazy\" decoding=\"async\" class=\"aligncenter wp-image-15753 size-full\" title=\"park w Godzieszowej - okaza\u0142y jesion\" src=\"https:\/\/www.pomniki-przyrody.pl\/wp-content\/uploads\/2021\/06\/park-w-Godzieszowej-okazaly-jesion-1.jpg\" alt=\"park w Godzieszowej - okaza\u0142y jesion\" width=\"532\" height=\"800\" srcset=\"https:\/\/www.pomniki-przyrody.pl\/wp-content\/uploads\/2021\/06\/park-w-Godzieszowej-okazaly-jesion-1.jpg 532w, https:\/\/www.pomniki-przyrody.pl\/wp-content\/uploads\/2021\/06\/park-w-Godzieszowej-okazaly-jesion-1-200x300.jpg 200w\" sizes=\"auto, (max-width: 532px) 100vw, 532px\" \/><\/a><a href=\"https:\/\/www.pomniki-przyrody.pl\/wp-content\/uploads\/2021\/06\/park-w-Godzieszowej-pien-okazalego-jesionu.jpg\"><img loading=\"lazy\" decoding=\"async\" class=\"aligncenter wp-image-15755 size-full\" title=\"park w Godzieszowej - pie\u0144 okaza\u0142ego jesionu\" src=\"https:\/\/www.pomniki-przyrody.pl\/wp-content\/uploads\/2021\/06\/park-w-Godzieszowej-pien-okazalego-jesionu.jpg\" alt=\"park w Godzieszowej - pie\u0144 okaza\u0142ego jesionu\" width=\"532\" height=\"800\" srcset=\"https:\/\/www.pomniki-przyrody.pl\/wp-content\/uploads\/2021\/06\/park-w-Godzieszowej-pien-okazalego-jesionu.jpg 532w, https:\/\/www.pomniki-przyrody.pl\/wp-content\/uploads\/2021\/06\/park-w-Godzieszowej-pien-okazalego-jesionu-200x300.jpg 200w\" sizes=\"auto, (max-width: 532px) 100vw, 532px\" \/><\/a><\/p>\n<p>W po\u0142udniowo &#8211; wschodniej cz\u0119\u015bci parku, na podmok\u0142ym terenie, ro\u015bnie pomnikowy cypry\u015bnik b\u0142otny, kt\u00f3remu nadano imi\u0119 &#8222;Henryk W\u0105saty&#8221;. Na tablicy ustawionej w jego s\u0105siedztwie b\u0142\u0119dnie opisano zar\u00f3wno nazw\u0119 rodzajow\u0105, jak i gatunkow\u0105.<\/p>\n<p><a href=\"https:\/\/www.pomniki-przyrody.pl\/wp-content\/uploads\/2021\/06\/Godzieszowa-fragment-tablicy-przy-pomnikowym-cyprysniku.jpg\"><img loading=\"lazy\" decoding=\"async\" class=\"aligncenter wp-image-15744 size-full\" title=\"Godzieszowa - fragment tablicy przy pomnikowym cypry\u015bniku\" src=\"https:\/\/www.pomniki-przyrody.pl\/wp-content\/uploads\/2021\/06\/Godzieszowa-fragment-tablicy-przy-pomnikowym-cyprysniku.jpg\" alt=\"Godzieszowa - fragment tablicy przy pomnikowym cypry\u015bniku\" width=\"800\" height=\"542\" srcset=\"https:\/\/www.pomniki-przyrody.pl\/wp-content\/uploads\/2021\/06\/Godzieszowa-fragment-tablicy-przy-pomnikowym-cyprysniku.jpg 800w, https:\/\/www.pomniki-przyrody.pl\/wp-content\/uploads\/2021\/06\/Godzieszowa-fragment-tablicy-przy-pomnikowym-cyprysniku-300x203.jpg 300w, https:\/\/www.pomniki-przyrody.pl\/wp-content\/uploads\/2021\/06\/Godzieszowa-fragment-tablicy-przy-pomnikowym-cyprysniku-768x520.jpg 768w, https:\/\/www.pomniki-przyrody.pl\/wp-content\/uploads\/2021\/06\/Godzieszowa-fragment-tablicy-przy-pomnikowym-cyprysniku-443x300.jpg 443w\" sizes=\"auto, (max-width: 800px) 100vw, 800px\" \/><\/a><a href=\"https:\/\/www.pomniki-przyrody.pl\/wp-content\/uploads\/2021\/06\/cyprysnik-blotny-z-Godzieszowej-widok-z-wyspy.jpg\"><img loading=\"lazy\" decoding=\"async\" class=\"aligncenter wp-image-15742 size-full\" title=\"cypry\u015bnik b\u0142otny z Godzieszowej - widok z wyspy\" src=\"https:\/\/www.pomniki-przyrody.pl\/wp-content\/uploads\/2021\/06\/cyprysnik-blotny-z-Godzieszowej-widok-z-wyspy.jpg\" alt=\"cypry\u015bnik b\u0142otny z Godzieszowej - widok z wyspy\" width=\"575\" height=\"800\" srcset=\"https:\/\/www.pomniki-przyrody.pl\/wp-content\/uploads\/2021\/06\/cyprysnik-blotny-z-Godzieszowej-widok-z-wyspy.jpg 575w, https:\/\/www.pomniki-przyrody.pl\/wp-content\/uploads\/2021\/06\/cyprysnik-blotny-z-Godzieszowej-widok-z-wyspy-216x300.jpg 216w\" sizes=\"auto, (max-width: 575px) 100vw, 575px\" \/><\/a><a href=\"https:\/\/www.pomniki-przyrody.pl\/wp-content\/uploads\/2021\/06\/park-w-Godzieszowej-pomnikowy-cyprysnik-blotny.jpg\"><img loading=\"lazy\" decoding=\"async\" class=\"aligncenter wp-image-15761 size-full\" title=\"park w Godzieszowej - pomnikowy cypry\u015bnik b\u0142otny\" src=\"https:\/\/www.pomniki-przyrody.pl\/wp-content\/uploads\/2021\/06\/park-w-Godzieszowej-pomnikowy-cyprysnik-blotny.jpg\" alt=\"park w Godzieszowej - pomnikowy cypry\u015bnik b\u0142otny\" width=\"532\" height=\"800\" srcset=\"https:\/\/www.pomniki-przyrody.pl\/wp-content\/uploads\/2021\/06\/park-w-Godzieszowej-pomnikowy-cyprysnik-blotny.jpg 532w, https:\/\/www.pomniki-przyrody.pl\/wp-content\/uploads\/2021\/06\/park-w-Godzieszowej-pomnikowy-cyprysnik-blotny-200x300.jpg 200w\" sizes=\"auto, (max-width: 532px) 100vw, 532px\" \/><\/a><\/p>\n<p>Drzewo mierzy na wysoko\u015bci pier\u015bnicy 386 cm w obwodzie, jego pie\u0144 zosta\u0142 oznaczony typow\u0105 tabliczk\u0105.<\/p>\n<p><a href=\"https:\/\/www.pomniki-przyrody.pl\/wp-content\/uploads\/2021\/06\/park-w-Godzieszowej-pien-pomnikowego-cyprysnika.jpg\"><img loading=\"lazy\" decoding=\"async\" class=\"aligncenter wp-image-15757 size-full\" title=\"park w Godzieszowej - pie\u0144 pomnikowego cypry\u015bnika\" src=\"https:\/\/www.pomniki-przyrody.pl\/wp-content\/uploads\/2021\/06\/park-w-Godzieszowej-pien-pomnikowego-cyprysnika.jpg\" alt=\"park w Godzieszowej - pie\u0144 pomnikowego cypry\u015bnika\" width=\"800\" height=\"532\" srcset=\"https:\/\/www.pomniki-przyrody.pl\/wp-content\/uploads\/2021\/06\/park-w-Godzieszowej-pien-pomnikowego-cyprysnika.jpg 800w, https:\/\/www.pomniki-przyrody.pl\/wp-content\/uploads\/2021\/06\/park-w-Godzieszowej-pien-pomnikowego-cyprysnika-300x200.jpg 300w, https:\/\/www.pomniki-przyrody.pl\/wp-content\/uploads\/2021\/06\/park-w-Godzieszowej-pien-pomnikowego-cyprysnika-768x511.jpg 768w, https:\/\/www.pomniki-przyrody.pl\/wp-content\/uploads\/2021\/06\/park-w-Godzieszowej-pien-pomnikowego-cyprysnika-451x300.jpg 451w\" sizes=\"auto, (max-width: 800px) 100vw, 800px\" \/><\/a><a href=\"https:\/\/www.pomniki-przyrody.pl\/wp-content\/uploads\/2021\/06\/park-w-Godzieszowej-pien-pomnikowego-cyprysnika-blotnego.jpg\"><img loading=\"lazy\" decoding=\"async\" class=\"aligncenter wp-image-15756 size-full\" title=\"park w Godzieszowej - pie\u0144 pomnikowego cypry\u015bnika b\u0142otnego\" src=\"https:\/\/www.pomniki-przyrody.pl\/wp-content\/uploads\/2021\/06\/park-w-Godzieszowej-pien-pomnikowego-cyprysnika-blotnego.jpg\" alt=\"park w Godzieszowej - pie\u0144 pomnikowego cypry\u015bnika b\u0142otnego\" width=\"800\" height=\"532\" srcset=\"https:\/\/www.pomniki-przyrody.pl\/wp-content\/uploads\/2021\/06\/park-w-Godzieszowej-pien-pomnikowego-cyprysnika-blotnego.jpg 800w, https:\/\/www.pomniki-przyrody.pl\/wp-content\/uploads\/2021\/06\/park-w-Godzieszowej-pien-pomnikowego-cyprysnika-blotnego-300x200.jpg 300w, https:\/\/www.pomniki-przyrody.pl\/wp-content\/uploads\/2021\/06\/park-w-Godzieszowej-pien-pomnikowego-cyprysnika-blotnego-768x511.jpg 768w, https:\/\/www.pomniki-przyrody.pl\/wp-content\/uploads\/2021\/06\/park-w-Godzieszowej-pien-pomnikowego-cyprysnika-blotnego-451x300.jpg 451w\" sizes=\"auto, (max-width: 800px) 100vw, 800px\" \/><\/a><a href=\"https:\/\/www.pomniki-przyrody.pl\/wp-content\/uploads\/2021\/06\/park-w-Godzieszowej-pomiar-obwodu-pomnikowego-cyprysnika.jpg\"><img loading=\"lazy\" decoding=\"async\" class=\"aligncenter wp-image-15759 size-full\" title=\"park w Godzieszowej - pomiar obwodu pomnikowego cypry\u015bnika\" src=\"https:\/\/www.pomniki-przyrody.pl\/wp-content\/uploads\/2021\/06\/park-w-Godzieszowej-pomiar-obwodu-pomnikowego-cyprysnika.jpg\" alt=\"park w Godzieszowej - pomiar obwodu pomnikowego cypry\u015bnika\" width=\"532\" height=\"800\" srcset=\"https:\/\/www.pomniki-przyrody.pl\/wp-content\/uploads\/2021\/06\/park-w-Godzieszowej-pomiar-obwodu-pomnikowego-cyprysnika.jpg 532w, https:\/\/www.pomniki-przyrody.pl\/wp-content\/uploads\/2021\/06\/park-w-Godzieszowej-pomiar-obwodu-pomnikowego-cyprysnika-200x300.jpg 200w\" sizes=\"auto, (max-width: 532px) 100vw, 532px\" \/><\/a><\/p>\n<p>Cypry\u015bniki b\u0142otne rosn\u0105ce na podmok\u0142ym terenie wykszta\u0142caj\u0105 korzenie oddechowe, tzw. pneumatofory.\u00a0 Wok\u00f3\u0142 cypry\u015bnika z Godzieszowej pneumatofory wyros\u0142y nad wyraz obficie.<\/p>\n<p><a href=\"https:\/\/www.pomniki-przyrody.pl\/wp-content\/uploads\/2021\/06\/pneumatofory-przy-pomnikowym-cyprysniku.jpg\"><img loading=\"lazy\" decoding=\"async\" class=\"aligncenter wp-image-15766 size-full\" title=\"pneumatofory przy pomnikowym cypry\u015bniku\" src=\"https:\/\/www.pomniki-przyrody.pl\/wp-content\/uploads\/2021\/06\/pneumatofory-przy-pomnikowym-cyprysniku.jpg\" alt=\"pneumatofory przy pomnikowym cypry\u015bniku\" width=\"800\" height=\"532\" srcset=\"https:\/\/www.pomniki-przyrody.pl\/wp-content\/uploads\/2021\/06\/pneumatofory-przy-pomnikowym-cyprysniku.jpg 800w, https:\/\/www.pomniki-przyrody.pl\/wp-content\/uploads\/2021\/06\/pneumatofory-przy-pomnikowym-cyprysniku-300x200.jpg 300w, https:\/\/www.pomniki-przyrody.pl\/wp-content\/uploads\/2021\/06\/pneumatofory-przy-pomnikowym-cyprysniku-768x511.jpg 768w, https:\/\/www.pomniki-przyrody.pl\/wp-content\/uploads\/2021\/06\/pneumatofory-przy-pomnikowym-cyprysniku-451x300.jpg 451w\" sizes=\"auto, (max-width: 800px) 100vw, 800px\" \/><\/a><\/p>\n<p>Zostawiamy pomnikowy okaz cypry\u015bnika za plecami i spacerujemy dalej wzd\u0142u\u017c po\u0142udniowego brzegu stawu. St\u0105d doskonale wida\u0107 ogromnego platana i przes\u0142oni\u0119te urokliw\u0105 wierzb\u0105 tulipanowce.<\/p>\n<p><a href=\"https:\/\/www.pomniki-przyrody.pl\/wp-content\/uploads\/2021\/06\/staw-parkowy-w-Godzieszowej.jpg\"><img loading=\"lazy\" decoding=\"async\" class=\"aligncenter wp-image-15768 size-full\" title=\"staw parkowy w Godzieszowej\" src=\"https:\/\/www.pomniki-przyrody.pl\/wp-content\/uploads\/2021\/06\/staw-parkowy-w-Godzieszowej.jpg\" alt=\"staw parkowy w Godzieszowej\" width=\"800\" height=\"532\" srcset=\"https:\/\/www.pomniki-przyrody.pl\/wp-content\/uploads\/2021\/06\/staw-parkowy-w-Godzieszowej.jpg 800w, https:\/\/www.pomniki-przyrody.pl\/wp-content\/uploads\/2021\/06\/staw-parkowy-w-Godzieszowej-300x200.jpg 300w, https:\/\/www.pomniki-przyrody.pl\/wp-content\/uploads\/2021\/06\/staw-parkowy-w-Godzieszowej-768x511.jpg 768w, https:\/\/www.pomniki-przyrody.pl\/wp-content\/uploads\/2021\/06\/staw-parkowy-w-Godzieszowej-451x300.jpg 451w\" sizes=\"auto, (max-width: 800px) 100vw, 800px\" \/><\/a><\/p>\n<p>Mijamy jeszcze stuletni\u0105 lip\u0105 drobnolistn\u0105 i znajdujemy si\u0119 na powr\u00f3t przy parkowej bramie.<\/p>\n<p><a href=\"https:\/\/www.pomniki-przyrody.pl\/wp-content\/uploads\/2021\/06\/park-w-Godzieszowej-okazala-lipa.jpg\"><img loading=\"lazy\" decoding=\"async\" class=\"aligncenter wp-image-15752 size-full\" title=\"park w Godzieszowej - okaza\u0142a lipa\" src=\"https:\/\/www.pomniki-przyrody.pl\/wp-content\/uploads\/2021\/06\/park-w-Godzieszowej-okazala-lipa.jpg\" alt=\"park w Godzieszowej - okaza\u0142a lipa\" width=\"532\" height=\"800\" srcset=\"https:\/\/www.pomniki-przyrody.pl\/wp-content\/uploads\/2021\/06\/park-w-Godzieszowej-okazala-lipa.jpg 532w, https:\/\/www.pomniki-przyrody.pl\/wp-content\/uploads\/2021\/06\/park-w-Godzieszowej-okazala-lipa-200x300.jpg 200w\" sizes=\"auto, (max-width: 532px) 100vw, 532px\" \/><\/a><\/p>\n<p>Park w Godzieszowej to jeden z nielicznych przyk\u0142ad\u00f3w dobrze zrewitalizowanych wiejskich park\u00f3w na Dolnym \u015al\u0105sku. Gratulacje dla mieszka\u0144c\u00f3w wsi i w\u0142adz gminnych.<\/p>\n\n\n<p><\/p>\n","protected":false},"excerpt":{"rendered":"<p>Park podworski w Godzieszowej &#8211; wsi po\u0142o\u017conej w p\u00f3\u0142nocnej cz\u0119\u015bci gminy D\u0142ugo\u0142\u0119ka (pow. wroc\u0142awski) &#8211; to pozosta\u0142o\u015b\u0107 po XIX-wiecznym za\u0142o\u017ceniu parkowym, przylegaj\u0105cym niegdy\u015b do spalonego w 1945 r. pa\u0142acu (resztki fundament\u00f3w widoczne s\u0105 w p\u00f3\u0142nocnej cz\u0119\u015bci parku). Po latach zaniedba\u0144 &hellip; <a href=\"https:\/\/www.pomniki-przyrody.pl\/?p=15740\">Czytaj dalej <span class=\"meta-nav\">&rarr;<\/span><\/a><\/p>\n","protected":false},"author":2,"featured_media":0,"comment_status":"open","ping_status":"open","sticky":false,"template":"","format":"standard","meta":{"footnotes":""},"categories":[1],"tags":[329,1483,1148,1918,406],"class_list":["post-15740","post","type-post","status-publish","format-standard","hentry","category-przyroda-ozywiona","tag-cyprysnik-blotny","tag-dolnoslaskie","tag-gmina-dlugoleka","tag-godzieszowa","tag-tulipanowiec-amerykanski"],"_links":{"self":[{"href":"https:\/\/www.pomniki-przyrody.pl\/index.php?rest_route=\/wp\/v2\/posts\/15740","targetHints":{"allow":["GET"]}}],"collection":[{"href":"https:\/\/www.pomniki-przyrody.pl\/index.php?rest_route=\/wp\/v2\/posts"}],"about":[{"href":"https:\/\/www.pomniki-przyrody.pl\/index.php?rest_route=\/wp\/v2\/types\/post"}],"author":[{"embeddable":true,"href":"https:\/\/www.pomniki-przyrody.pl\/index.php?rest_route=\/wp\/v2\/users\/2"}],"replies":[{"embeddable":true,"href":"https:\/\/www.pomniki-przyrody.pl\/index.php?rest_route=%2Fwp%2Fv2%2Fcomments&post=15740"}],"version-history":[{"count":8,"href":"https:\/\/www.pomniki-przyrody.pl\/index.php?rest_route=\/wp\/v2\/posts\/15740\/revisions"}],"predecessor-version":[{"id":15780,"href":"https:\/\/www.pomniki-przyrody.pl\/index.php?rest_route=\/wp\/v2\/posts\/15740\/revisions\/15780"}],"wp:attachment":[{"href":"https:\/\/www.pomniki-przyrody.pl\/index.php?rest_route=%2Fwp%2Fv2%2Fmedia&parent=15740"}],"wp:term":[{"taxonomy":"category","embeddable":true,"href":"https:\/\/www.pomniki-przyrody.pl\/index.php?rest_route=%2Fwp%2Fv2%2Fcategories&post=15740"},{"taxonomy":"post_tag","embeddable":true,"href":"https:\/\/www.pomniki-przyrody.pl\/index.php?rest_route=%2Fwp%2Fv2%2Ftags&post=15740"}],"curies":[{"name":"wp","href":"https:\/\/api.w.org\/{rel}","templated":true}]}}