{"id":15946,"date":"2021-08-01T21:06:05","date_gmt":"2021-08-01T19:06:05","guid":{"rendered":"http:\/\/www.pomniki-przyrody.pl\/?p=15946"},"modified":"2021-08-01T21:06:05","modified_gmt":"2021-08-01T19:06:05","slug":"pomnikowe-deby-ze-wsi-zakrzewo-gm-prusice-dolnoslaskie","status":"publish","type":"post","link":"https:\/\/www.pomniki-przyrody.pl\/?p=15946","title":{"rendered":"Pomnikowe d\u0119by ze wsi Zakrzewo (gm. Prusice, dolno\u015bl\u0105skie)."},"content":{"rendered":"<p>Zakrzewo to niewielka wie\u015b po\u0142o\u017cona w Kotlinie \u017bmigrodzkiej, ok. 12 km na po\u0142udniowy \u2013 zach\u00f3d od Prusic. Miejscowo\u015b\u0107 nie posiada zabytkowych budowli; przed II wojn\u0105 \u015bwiatow\u0105 znajdowa\u0142 si\u0119 tu zesp\u00f3\u0142 dworski z XIX w., po 1945 r. zosta\u0142 zniszczony i w p\u00f3\u017aniejszym czasie rozebrany. W cz\u0119\u015bci folwarcznej ulokowa\u0142 si\u0119 PGR, po jego upadku w latach 90 &#8211; tych XX w. budynki zosta\u0142y rozebrane a pozosta\u0142e niszczej\u0105. W szcz\u0105tkowej formie zachowa\u0142 si\u0119 r\u00f3wnie\u017c park podworski, zlokalizowany w p\u00f3\u0142nocnej cz\u0119\u015bci wsi, przy granicy z Raszowicami Z pierwotnego drzewostanu pozosta\u0142o raptem kilka drzew, niemniej dwa z nich powo\u0142ano do ochrony pomnikowej. Obydwa okazy to d\u0119by szypu\u0142kowe, kt\u00f3re r\u00f3\u017cni\u0105 si\u0119 od siebie kra\u0144cowo pokrojem.<\/p>\n<p><a href=\"https:\/\/www.pomniki-przyrody.pl\/wp-content\/uploads\/2021\/08\/Zakrzewo-polnocny-skraj-wsi-z-pomnikowymi-debami.jpg\"><img loading=\"lazy\" decoding=\"async\" class=\"aligncenter wp-image-15956 size-full\" title=\"Zakrzewo - p\u00f3\u0142nocny skraj wsi z pomnikowymi d\u0119bami\" src=\"https:\/\/www.pomniki-przyrody.pl\/wp-content\/uploads\/2021\/08\/Zakrzewo-polnocny-skraj-wsi-z-pomnikowymi-debami.jpg\" alt=\"Zakrzewo - p\u00f3\u0142nocny skraj wsi z pomnikowymi d\u0119bami\" width=\"800\" height=\"532\" srcset=\"https:\/\/www.pomniki-przyrody.pl\/wp-content\/uploads\/2021\/08\/Zakrzewo-polnocny-skraj-wsi-z-pomnikowymi-debami.jpg 800w, https:\/\/www.pomniki-przyrody.pl\/wp-content\/uploads\/2021\/08\/Zakrzewo-polnocny-skraj-wsi-z-pomnikowymi-debami-300x200.jpg 300w, https:\/\/www.pomniki-przyrody.pl\/wp-content\/uploads\/2021\/08\/Zakrzewo-polnocny-skraj-wsi-z-pomnikowymi-debami-768x511.jpg 768w, https:\/\/www.pomniki-przyrody.pl\/wp-content\/uploads\/2021\/08\/Zakrzewo-polnocny-skraj-wsi-z-pomnikowymi-debami-451x300.jpg 451w\" sizes=\"auto, (max-width: 800px) 100vw, 800px\" \/><\/a><\/p>\n<p><a href=\"https:\/\/www.pomniki-przyrody.pl\/wp-content\/uploads\/2021\/08\/Zakrzewo-pomnikowe-deby-na-skraju-wsi.jpg\"><img loading=\"lazy\" decoding=\"async\" class=\"aligncenter wp-image-15951 size-full\" title=\"Zakrzewo - pomnikowe d\u0119by na skraju wsi\" src=\"https:\/\/www.pomniki-przyrody.pl\/wp-content\/uploads\/2021\/08\/Zakrzewo-pomnikowe-deby-na-skraju-wsi.jpg\" alt=\"Zakrzewo - pomnikowe d\u0119by na skraju wsi\" width=\"800\" height=\"532\" srcset=\"https:\/\/www.pomniki-przyrody.pl\/wp-content\/uploads\/2021\/08\/Zakrzewo-pomnikowe-deby-na-skraju-wsi.jpg 800w, https:\/\/www.pomniki-przyrody.pl\/wp-content\/uploads\/2021\/08\/Zakrzewo-pomnikowe-deby-na-skraju-wsi-300x200.jpg 300w, https:\/\/www.pomniki-przyrody.pl\/wp-content\/uploads\/2021\/08\/Zakrzewo-pomnikowe-deby-na-skraju-wsi-768x511.jpg 768w, https:\/\/www.pomniki-przyrody.pl\/wp-content\/uploads\/2021\/08\/Zakrzewo-pomnikowe-deby-na-skraju-wsi-451x300.jpg 451w\" sizes=\"auto, (max-width: 800px) 100vw, 800px\" \/><\/a><\/p>\n<p><a href=\"https:\/\/www.pomniki-przyrody.pl\/wp-content\/uploads\/2021\/08\/pomnikowe-deby-we-wsi-Zakrzewo.jpg\"><img loading=\"lazy\" decoding=\"async\" class=\"aligncenter wp-image-15947 size-full\" title=\"pomnikowe d\u0119by we wsi Zakrzewo\" src=\"https:\/\/www.pomniki-przyrody.pl\/wp-content\/uploads\/2021\/08\/pomnikowe-deby-we-wsi-Zakrzewo.jpg\" alt=\"pomnikowe d\u0119by we wsi Zakrzewo\" width=\"800\" height=\"532\" srcset=\"https:\/\/www.pomniki-przyrody.pl\/wp-content\/uploads\/2021\/08\/pomnikowe-deby-we-wsi-Zakrzewo.jpg 800w, https:\/\/www.pomniki-przyrody.pl\/wp-content\/uploads\/2021\/08\/pomnikowe-deby-we-wsi-Zakrzewo-300x200.jpg 300w, https:\/\/www.pomniki-przyrody.pl\/wp-content\/uploads\/2021\/08\/pomnikowe-deby-we-wsi-Zakrzewo-768x511.jpg 768w, https:\/\/www.pomniki-przyrody.pl\/wp-content\/uploads\/2021\/08\/pomnikowe-deby-we-wsi-Zakrzewo-451x300.jpg 451w\" sizes=\"auto, (max-width: 800px) 100vw, 800px\" \/><\/a><\/p>\n<p>Grubszy okaz posiada typow\u0105 dla d\u0119bu sylwetk\u0119 &#8211; z pot\u0119\u017cnego pnia na wysoko\u015bci ok. 10 metr\u00f3w wyrastaj\u0105 grube konary, tworz\u0105ce roz\u0142o\u017cyst\u0105 koron\u0119.<\/p>\n<p><a href=\"https:\/\/www.pomniki-przyrody.pl\/wp-content\/uploads\/2021\/08\/pomnikowy-dab-o-obwodzie-620-cm-w-Zakrzewie.jpg\"><img loading=\"lazy\" decoding=\"async\" class=\"aligncenter wp-image-15948 size-full\" title=\"pomnikowy d\u0105b o obwodzie 620 cm w Zakrzewie\" src=\"https:\/\/www.pomniki-przyrody.pl\/wp-content\/uploads\/2021\/08\/pomnikowy-dab-o-obwodzie-620-cm-w-Zakrzewie.jpg\" alt=\"pomnikowy d\u0105b o obwodzie 620 cm w Zakrzewie\" width=\"800\" height=\"532\" srcset=\"https:\/\/www.pomniki-przyrody.pl\/wp-content\/uploads\/2021\/08\/pomnikowy-dab-o-obwodzie-620-cm-w-Zakrzewie.jpg 800w, https:\/\/www.pomniki-przyrody.pl\/wp-content\/uploads\/2021\/08\/pomnikowy-dab-o-obwodzie-620-cm-w-Zakrzewie-300x200.jpg 300w, https:\/\/www.pomniki-przyrody.pl\/wp-content\/uploads\/2021\/08\/pomnikowy-dab-o-obwodzie-620-cm-w-Zakrzewie-768x511.jpg 768w, https:\/\/www.pomniki-przyrody.pl\/wp-content\/uploads\/2021\/08\/pomnikowy-dab-o-obwodzie-620-cm-w-Zakrzewie-451x300.jpg 451w\" sizes=\"auto, (max-width: 800px) 100vw, 800px\" \/><\/a><a href=\"https:\/\/www.pomniki-przyrody.pl\/wp-content\/uploads\/2021\/08\/Zakrzewo-pomnikowy-dab-o-obwodzie-620-cm.jpg\"><img loading=\"lazy\" decoding=\"async\" class=\"aligncenter wp-image-15952 size-full\" title=\"Zakrzewo - pomnikowy d\u0105b o obwodzie 620 cm\" src=\"https:\/\/www.pomniki-przyrody.pl\/wp-content\/uploads\/2021\/08\/Zakrzewo-pomnikowy-dab-o-obwodzie-620-cm.jpg\" alt=\"Zakrzewo - pomnikowy d\u0105b o obwodzie 620 cm\" width=\"600\" height=\"800\" srcset=\"https:\/\/www.pomniki-przyrody.pl\/wp-content\/uploads\/2021\/08\/Zakrzewo-pomnikowy-dab-o-obwodzie-620-cm.jpg 600w, https:\/\/www.pomniki-przyrody.pl\/wp-content\/uploads\/2021\/08\/Zakrzewo-pomnikowy-dab-o-obwodzie-620-cm-225x300.jpg 225w\" sizes=\"auto, (max-width: 600px) 100vw, 600px\" \/><\/a><\/p>\n<p>Opisywany d\u0105b posiada wyj\u0105tkowo dziuplasty pie\u0144 ze \u015bladami podpalenia, ubytek jest na tyle rozleg\u0142y, \u017ce mo\u017cna si\u0119 zastanawia\u0107 dlaczego to drzewo jeszcze stoi. Obw\u00f3d pnia wynosi 620 cm, wysoko\u015b\u0107 drzewa 22 metry.<\/p>\n<p><a href=\"https:\/\/www.pomniki-przyrody.pl\/wp-content\/uploads\/2021\/08\/Zakrzewo-potezny-ubytek-w-pniu-pomnikowego-debu.jpg\"><img loading=\"lazy\" decoding=\"async\" class=\"aligncenter wp-image-15955 size-full\" title=\"Zakrzewo - pot\u0119\u017cny ubytek w pniu pomnikowego d\u0119bu\" src=\"https:\/\/www.pomniki-przyrody.pl\/wp-content\/uploads\/2021\/08\/Zakrzewo-potezny-ubytek-w-pniu-pomnikowego-debu.jpg\" alt=\"Zakrzewo - pot\u0119\u017cny ubytek w pniu pomnikowego d\u0119bu\" width=\"532\" height=\"800\" srcset=\"https:\/\/www.pomniki-przyrody.pl\/wp-content\/uploads\/2021\/08\/Zakrzewo-potezny-ubytek-w-pniu-pomnikowego-debu.jpg 532w, https:\/\/www.pomniki-przyrody.pl\/wp-content\/uploads\/2021\/08\/Zakrzewo-potezny-ubytek-w-pniu-pomnikowego-debu-200x300.jpg 200w\" sizes=\"auto, (max-width: 532px) 100vw, 532px\" \/><\/a><a href=\"https:\/\/www.pomniki-przyrody.pl\/wp-content\/uploads\/2021\/08\/Zakrzewo-uszkodzony-pien-pomnikowego-debu.jpg\"><img loading=\"lazy\" decoding=\"async\" class=\"aligncenter wp-image-15957 size-full\" title=\"Zakrzewo - uszkodzony pie\u0144 pomnikowego d\u0119bu\" src=\"https:\/\/www.pomniki-przyrody.pl\/wp-content\/uploads\/2021\/08\/Zakrzewo-uszkodzony-pien-pomnikowego-debu.jpg\" alt=\"Zakrzewo - uszkodzony pie\u0144 pomnikowego d\u0119bu\" width=\"532\" height=\"800\" srcset=\"https:\/\/www.pomniki-przyrody.pl\/wp-content\/uploads\/2021\/08\/Zakrzewo-uszkodzony-pien-pomnikowego-debu.jpg 532w, https:\/\/www.pomniki-przyrody.pl\/wp-content\/uploads\/2021\/08\/Zakrzewo-uszkodzony-pien-pomnikowego-debu-200x300.jpg 200w\" sizes=\"auto, (max-width: 532px) 100vw, 532px\" \/><\/a><\/p>\n<p><a href=\"https:\/\/www.pomniki-przyrody.pl\/wp-content\/uploads\/2021\/08\/Zakrzewo-pien-pomnikowego-debu-o-obwodzie-620-cm.jpg\"><img loading=\"lazy\" decoding=\"async\" class=\"aligncenter wp-image-15949 size-full\" title=\"Zakrzewo - pie\u0144 pomnikowego d\u0119bu o obwodzie 620 cm\" src=\"https:\/\/www.pomniki-przyrody.pl\/wp-content\/uploads\/2021\/08\/Zakrzewo-pien-pomnikowego-debu-o-obwodzie-620-cm.jpg\" alt=\"Zakrzewo - pie\u0144 pomnikowego d\u0119bu o obwodzie 620 cm\" width=\"532\" height=\"800\" srcset=\"https:\/\/www.pomniki-przyrody.pl\/wp-content\/uploads\/2021\/08\/Zakrzewo-pien-pomnikowego-debu-o-obwodzie-620-cm.jpg 532w, https:\/\/www.pomniki-przyrody.pl\/wp-content\/uploads\/2021\/08\/Zakrzewo-pien-pomnikowego-debu-o-obwodzie-620-cm-200x300.jpg 200w\" sizes=\"auto, (max-width: 532px) 100vw, 532px\" \/><\/a><\/p>\n<p>Zupe\u0142nie inny pokr\u00f3j posiada drugi pomnikowy d\u0105b, jest on charakterystyczny dla odmiany kolumnowej, sto\u017ckowej\u00a0 (\u0142ac. <em>Fastigiata).\u00a0<\/em>Piramidalna, nisko osadzona korona sk\u0142ada si\u0119 z poskr\u0119canych ga\u0142\u0119zi i konar\u00f3w skierowanych ku g\u00f3rze.<\/p>\n<p><a href=\"https:\/\/www.pomniki-przyrody.pl\/wp-content\/uploads\/2021\/08\/Zakrzewo-pomnikowy-dab-w-odm.-kolumnowej.jpg\"><img loading=\"lazy\" decoding=\"async\" class=\"aligncenter wp-image-15953 size-full\" title=\"Zakrzewo - pomnikowy d\u0105b w odm. kolumnowej\" src=\"https:\/\/www.pomniki-przyrody.pl\/wp-content\/uploads\/2021\/08\/Zakrzewo-pomnikowy-dab-w-odm.-kolumnowej.jpg\" alt=\"Zakrzewo - pomnikowy d\u0105b w odm. kolumnowej\" width=\"596\" height=\"800\" srcset=\"https:\/\/www.pomniki-przyrody.pl\/wp-content\/uploads\/2021\/08\/Zakrzewo-pomnikowy-dab-w-odm.-kolumnowej.jpg 596w, https:\/\/www.pomniki-przyrody.pl\/wp-content\/uploads\/2021\/08\/Zakrzewo-pomnikowy-dab-w-odm.-kolumnowej-224x300.jpg 224w\" sizes=\"auto, (max-width: 596px) 100vw, 596px\" \/><\/a><a href=\"https:\/\/www.pomniki-przyrody.pl\/wp-content\/uploads\/2021\/08\/Zakrzewo-pomnikowy-dab-w-odmianie-kolumnowej.jpg\"><img loading=\"lazy\" decoding=\"async\" class=\"aligncenter wp-image-15954 size-full\" title=\"Zakrzewo - pomnikowy d\u0105b w odmianie kolumnowej\" src=\"https:\/\/www.pomniki-przyrody.pl\/wp-content\/uploads\/2021\/08\/Zakrzewo-pomnikowy-dab-w-odmianie-kolumnowej.jpg\" alt=\"Zakrzewo - pomnikowy d\u0105b w odmianie kolumnowej\" width=\"568\" height=\"800\" srcset=\"https:\/\/www.pomniki-przyrody.pl\/wp-content\/uploads\/2021\/08\/Zakrzewo-pomnikowy-dab-w-odmianie-kolumnowej.jpg 568w, https:\/\/www.pomniki-przyrody.pl\/wp-content\/uploads\/2021\/08\/Zakrzewo-pomnikowy-dab-w-odmianie-kolumnowej-213x300.jpg 213w\" sizes=\"auto, (max-width: 568px) 100vw, 568px\" \/><\/a><\/p>\n<p>Obw\u00f3d pnia wynosi 290 cm, wysoko\u015b\u0107 drzewa to 19 metr\u00f3w.<\/p>\n<p><a href=\"https:\/\/www.pomniki-przyrody.pl\/wp-content\/uploads\/2021\/08\/Zakrzewo-pien-pomnikowego-debu-w-odm.-kolumnowej.jpg\"><img loading=\"lazy\" decoding=\"async\" class=\"aligncenter wp-image-15950 size-full\" title=\"Zakrzewo - pie\u0144 pomnikowego d\u0119bu w odm. kolumnowej\" src=\"https:\/\/www.pomniki-przyrody.pl\/wp-content\/uploads\/2021\/08\/Zakrzewo-pien-pomnikowego-debu-w-odm.-kolumnowej.jpg\" alt=\"Zakrzewo - pie\u0144 pomnikowego d\u0119bu w odm. kolumnowej\" width=\"532\" height=\"800\" srcset=\"https:\/\/www.pomniki-przyrody.pl\/wp-content\/uploads\/2021\/08\/Zakrzewo-pien-pomnikowego-debu-w-odm.-kolumnowej.jpg 532w, https:\/\/www.pomniki-przyrody.pl\/wp-content\/uploads\/2021\/08\/Zakrzewo-pien-pomnikowego-debu-w-odm.-kolumnowej-200x300.jpg 200w\" sizes=\"auto, (max-width: 532px) 100vw, 532px\" \/><\/a><\/p>\n","protected":false},"excerpt":{"rendered":"<p>Zakrzewo to niewielka wie\u015b po\u0142o\u017cona w Kotlinie \u017bmigrodzkiej, ok. 12 km na po\u0142udniowy \u2013 zach\u00f3d od Prusic. Miejscowo\u015b\u0107 nie posiada zabytkowych budowli; przed II wojn\u0105 \u015bwiatow\u0105 znajdowa\u0142 si\u0119 tu zesp\u00f3\u0142 dworski z XIX w., po 1945 r. zosta\u0142 zniszczony i &hellip; <a href=\"https:\/\/www.pomniki-przyrody.pl\/?p=15946\">Czytaj dalej <span class=\"meta-nav\">&rarr;<\/span><\/a><\/p>\n","protected":false},"author":2,"featured_media":0,"comment_status":"open","ping_status":"open","sticky":false,"template":"","format":"standard","meta":{"footnotes":""},"categories":[1],"tags":[1182,1483,1069,318,1931],"class_list":["post-15946","post","type-post","status-publish","format-standard","hentry","category-przyroda-ozywiona","tag-dab-odmiana-stozkowa","tag-dolnoslaskie","tag-gmina-prusice","tag-pomnikowe-deby","tag-zakrzewo"],"_links":{"self":[{"href":"https:\/\/www.pomniki-przyrody.pl\/index.php?rest_route=\/wp\/v2\/posts\/15946","targetHints":{"allow":["GET"]}}],"collection":[{"href":"https:\/\/www.pomniki-przyrody.pl\/index.php?rest_route=\/wp\/v2\/posts"}],"about":[{"href":"https:\/\/www.pomniki-przyrody.pl\/index.php?rest_route=\/wp\/v2\/types\/post"}],"author":[{"embeddable":true,"href":"https:\/\/www.pomniki-przyrody.pl\/index.php?rest_route=\/wp\/v2\/users\/2"}],"replies":[{"embeddable":true,"href":"https:\/\/www.pomniki-przyrody.pl\/index.php?rest_route=%2Fwp%2Fv2%2Fcomments&post=15946"}],"version-history":[{"count":1,"href":"https:\/\/www.pomniki-przyrody.pl\/index.php?rest_route=\/wp\/v2\/posts\/15946\/revisions"}],"predecessor-version":[{"id":15958,"href":"https:\/\/www.pomniki-przyrody.pl\/index.php?rest_route=\/wp\/v2\/posts\/15946\/revisions\/15958"}],"wp:attachment":[{"href":"https:\/\/www.pomniki-przyrody.pl\/index.php?rest_route=%2Fwp%2Fv2%2Fmedia&parent=15946"}],"wp:term":[{"taxonomy":"category","embeddable":true,"href":"https:\/\/www.pomniki-przyrody.pl\/index.php?rest_route=%2Fwp%2Fv2%2Fcategories&post=15946"},{"taxonomy":"post_tag","embeddable":true,"href":"https:\/\/www.pomniki-przyrody.pl\/index.php?rest_route=%2Fwp%2Fv2%2Ftags&post=15946"}],"curies":[{"name":"wp","href":"https:\/\/api.w.org\/{rel}","templated":true}]}}