{"id":16239,"date":"2022-01-17T17:54:24","date_gmt":"2022-01-17T16:54:24","guid":{"rendered":"http:\/\/www.pomniki-przyrody.pl\/?p=16239"},"modified":"2022-01-17T17:54:24","modified_gmt":"2022-01-17T16:54:24","slug":"deby-na-mogile-w-ruszkowie-pierwszym-gm-koscielec-wielkopolskie","status":"publish","type":"post","link":"https:\/\/www.pomniki-przyrody.pl\/?p=16239","title":{"rendered":"&#8222;D\u0119by na Mogile&#8221; w Ruszkowie Pierwszym (gm. Ko\u015bcielec, wielkopolskie)."},"content":{"rendered":"<p>6 km na po\u0142udnie od centrum Ko\u0142a po\u0142o\u017cona jest miejscowo\u015b\u0107 o nazwie Ruszk\u00f3w Pierwszy (pow. kolski, wielkopolskie). We wsi, niedaleko skrzy\u017cowania ulic D\u0119bowej i Le\u015bnej, znajduje si\u0119 niewielki pag\u00f3rek z par\u0105 niezwykle malowniczych d\u0119b\u00f3w o nazwie &#8222;D\u0119by na Mogile&#8221;.<\/p>\n<p>GPS &nbsp;N 52\u00b009\u203206.2\u2033, E 18\u00b038\u203254.8\u2033<\/p>\n<p><a href=\"https:\/\/www.pomniki-przyrody.pl\/wp-content\/uploads\/2022\/01\/Ruszkow-Pierwszy-skrzyzowanie-ulic-Debowej-i-Lesnej.jpg\"><img loading=\"lazy\" decoding=\"async\" class=\"aligncenter wp-image-16251 size-full\" title=\"Ruszk\u00f3w Pierwszy - skrzy\u017cowanie ulic D\u0119bowej i Le\u015bnej\" src=\"https:\/\/www.pomniki-przyrody.pl\/wp-content\/uploads\/2022\/01\/Ruszkow-Pierwszy-skrzyzowanie-ulic-Debowej-i-Lesnej.jpg\" alt=\"Ruszk\u00f3w Pierwszy - skrzy\u017cowanie ulic D\u0119bowej i Le\u015bnej\" width=\"570\" height=\"800\" srcset=\"https:\/\/www.pomniki-przyrody.pl\/wp-content\/uploads\/2022\/01\/Ruszkow-Pierwszy-skrzyzowanie-ulic-Debowej-i-Lesnej.jpg 570w, https:\/\/www.pomniki-przyrody.pl\/wp-content\/uploads\/2022\/01\/Ruszkow-Pierwszy-skrzyzowanie-ulic-Debowej-i-Lesnej-214x300.jpg 214w\" sizes=\"auto, (max-width: 570px) 100vw, 570px\" \/><\/a><a href=\"https:\/\/www.pomniki-przyrody.pl\/wp-content\/uploads\/2022\/01\/Deby-na-Mogile-widok-od-poludnia.jpg\"><img loading=\"lazy\" decoding=\"async\" class=\"aligncenter wp-image-16240 size-full\" title=\"D\u0119by na Mogile - widok od po\u0142udnia\" src=\"https:\/\/www.pomniki-przyrody.pl\/wp-content\/uploads\/2022\/01\/Deby-na-Mogile-widok-od-poludnia.jpg\" alt=\"D\u0119by na Mogile - widok od po\u0142udnia\" width=\"800\" height=\"532\" srcset=\"https:\/\/www.pomniki-przyrody.pl\/wp-content\/uploads\/2022\/01\/Deby-na-Mogile-widok-od-poludnia.jpg 800w, https:\/\/www.pomniki-przyrody.pl\/wp-content\/uploads\/2022\/01\/Deby-na-Mogile-widok-od-poludnia-300x200.jpg 300w, https:\/\/www.pomniki-przyrody.pl\/wp-content\/uploads\/2022\/01\/Deby-na-Mogile-widok-od-poludnia-768x511.jpg 768w, https:\/\/www.pomniki-przyrody.pl\/wp-content\/uploads\/2022\/01\/Deby-na-Mogile-widok-od-poludnia-451x300.jpg 451w\" sizes=\"auto, (max-width: 800px) 100vw, 800px\" \/><\/a><a href=\"https:\/\/www.pomniki-przyrody.pl\/wp-content\/uploads\/2022\/01\/Deby-na-Mogile-widok-od-polnocy.jpg\"><img loading=\"lazy\" decoding=\"async\" class=\"aligncenter wp-image-16241 size-full\" title=\"D\u0119by na Mogile - widok od p\u00f3\u0142nocy\" src=\"https:\/\/www.pomniki-przyrody.pl\/wp-content\/uploads\/2022\/01\/Deby-na-Mogile-widok-od-polnocy.jpg\" alt=\"D\u0119by na Mogile - widok od p\u00f3\u0142nocy\" width=\"800\" height=\"532\" srcset=\"https:\/\/www.pomniki-przyrody.pl\/wp-content\/uploads\/2022\/01\/Deby-na-Mogile-widok-od-polnocy.jpg 800w, https:\/\/www.pomniki-przyrody.pl\/wp-content\/uploads\/2022\/01\/Deby-na-Mogile-widok-od-polnocy-300x200.jpg 300w, https:\/\/www.pomniki-przyrody.pl\/wp-content\/uploads\/2022\/01\/Deby-na-Mogile-widok-od-polnocy-768x511.jpg 768w, https:\/\/www.pomniki-przyrody.pl\/wp-content\/uploads\/2022\/01\/Deby-na-Mogile-widok-od-polnocy-451x300.jpg 451w\" sizes=\"auto, (max-width: 800px) 100vw, 800px\" \/><\/a><a href=\"https:\/\/www.pomniki-przyrody.pl\/wp-content\/uploads\/2022\/01\/Deby-na-Mogile-widok-od-wschodu.jpg\"><img loading=\"lazy\" decoding=\"async\" class=\"aligncenter wp-image-16242 size-full\" title=\"D\u0119by na Mogile - widok od wschodu\" src=\"https:\/\/www.pomniki-przyrody.pl\/wp-content\/uploads\/2022\/01\/Deby-na-Mogile-widok-od-wschodu.jpg\" alt=\"D\u0119by na Mogile - widok od wschodu\" width=\"800\" height=\"532\" srcset=\"https:\/\/www.pomniki-przyrody.pl\/wp-content\/uploads\/2022\/01\/Deby-na-Mogile-widok-od-wschodu.jpg 800w, https:\/\/www.pomniki-przyrody.pl\/wp-content\/uploads\/2022\/01\/Deby-na-Mogile-widok-od-wschodu-300x200.jpg 300w, https:\/\/www.pomniki-przyrody.pl\/wp-content\/uploads\/2022\/01\/Deby-na-Mogile-widok-od-wschodu-768x511.jpg 768w, https:\/\/www.pomniki-przyrody.pl\/wp-content\/uploads\/2022\/01\/Deby-na-Mogile-widok-od-wschodu-451x300.jpg 451w\" sizes=\"auto, (max-width: 800px) 100vw, 800px\" \/><\/a><\/p>\n<p>Pierwotnie na g\u00f3rce ros\u0142y dwa okaza\u0142e d\u0119by szypu\u0142kowe ustanowione pomnikami przyrody ju\u017c w 1957 r. Niestety jeden okaz usech\u0142 i zosta\u0142 wyci\u0119ty, ale jego rol\u0119 dzielnie przej\u0105\u0142 d\u0105b o obwodzie prawie 400 cm.<\/p>\n<p><a href=\"https:\/\/www.pomniki-przyrody.pl\/wp-content\/uploads\/2022\/01\/Ruszkow-Pierwszy-Deby-na-Mogile.jpg\"><img loading=\"lazy\" decoding=\"async\" class=\"aligncenter wp-image-16245 size-full\" title=\"Ruszk\u00f3w Pierwszy - D\u0119by na Mogile\" src=\"https:\/\/www.pomniki-przyrody.pl\/wp-content\/uploads\/2022\/01\/Ruszkow-Pierwszy-Deby-na-Mogile.jpg\" alt=\"Ruszk\u00f3w Pierwszy - D\u0119by na Mogile\" width=\"800\" height=\"532\" srcset=\"https:\/\/www.pomniki-przyrody.pl\/wp-content\/uploads\/2022\/01\/Ruszkow-Pierwszy-Deby-na-Mogile.jpg 800w, https:\/\/www.pomniki-przyrody.pl\/wp-content\/uploads\/2022\/01\/Ruszkow-Pierwszy-Deby-na-Mogile-300x200.jpg 300w, https:\/\/www.pomniki-przyrody.pl\/wp-content\/uploads\/2022\/01\/Ruszkow-Pierwszy-Deby-na-Mogile-768x511.jpg 768w, https:\/\/www.pomniki-przyrody.pl\/wp-content\/uploads\/2022\/01\/Ruszkow-Pierwszy-Deby-na-Mogile-451x300.jpg 451w\" sizes=\"auto, (max-width: 800px) 100vw, 800px\" \/><\/a><\/p>\n<p>Grubszy egzemplarz &#8211; o statusie pomnika przyrody &#8211; mierzy w obwodzie 676 cm, wysoko\u015b\u0107 drzewa 17 metr\u00f3w.<\/p>\n<p><a href=\"https:\/\/www.pomniki-przyrody.pl\/wp-content\/uploads\/2022\/01\/pomnikowy-dab-z-Ruszkowa-Pierwszego.jpg\"><img loading=\"lazy\" decoding=\"async\" class=\"aligncenter wp-image-16243 size-full\" title=\"pomnikowy d\u0105b z Ruszkowa Pierwszego\" src=\"https:\/\/www.pomniki-przyrody.pl\/wp-content\/uploads\/2022\/01\/pomnikowy-dab-z-Ruszkowa-Pierwszego.jpg\" alt=\"pomnikowy d\u0105b z Ruszkowa Pierwszego\" width=\"800\" height=\"532\" srcset=\"https:\/\/www.pomniki-przyrody.pl\/wp-content\/uploads\/2022\/01\/pomnikowy-dab-z-Ruszkowa-Pierwszego.jpg 800w, https:\/\/www.pomniki-przyrody.pl\/wp-content\/uploads\/2022\/01\/pomnikowy-dab-z-Ruszkowa-Pierwszego-300x200.jpg 300w, https:\/\/www.pomniki-przyrody.pl\/wp-content\/uploads\/2022\/01\/pomnikowy-dab-z-Ruszkowa-Pierwszego-768x511.jpg 768w, https:\/\/www.pomniki-przyrody.pl\/wp-content\/uploads\/2022\/01\/pomnikowy-dab-z-Ruszkowa-Pierwszego-451x300.jpg 451w\" sizes=\"auto, (max-width: 800px) 100vw, 800px\" \/><\/a><a href=\"https:\/\/www.pomniki-przyrody.pl\/wp-content\/uploads\/2022\/01\/Ruszkow-Pierwszy-pomiar-obwodu-pomnikowego-debu.jpg\"><img loading=\"lazy\" decoding=\"async\" class=\"aligncenter wp-image-16250 size-full\" title=\"Ruszk\u00f3w Pierwszy - pomiar obwodu pomnikowego d\u0119bu\" src=\"https:\/\/www.pomniki-przyrody.pl\/wp-content\/uploads\/2022\/01\/Ruszkow-Pierwszy-pomiar-obwodu-pomnikowego-debu.jpg\" alt=\"Ruszk\u00f3w Pierwszy - pomiar obwodu pomnikowego d\u0119bu\" width=\"532\" height=\"800\" srcset=\"https:\/\/www.pomniki-przyrody.pl\/wp-content\/uploads\/2022\/01\/Ruszkow-Pierwszy-pomiar-obwodu-pomnikowego-debu.jpg 532w, https:\/\/www.pomniki-przyrody.pl\/wp-content\/uploads\/2022\/01\/Ruszkow-Pierwszy-pomiar-obwodu-pomnikowego-debu-200x300.jpg 200w\" sizes=\"auto, (max-width: 532px) 100vw, 532px\" \/><\/a><\/p>\n<p>Charakterystyczne dla tego d\u0119bu s\u0105 masywne nap\u0142ywy korzeniowe, typowe dla drzew rosn\u0105cych na zboczu, a nie na w miar\u0119 p\u0142askiej powierzchni.<\/p>\n<p><a href=\"https:\/\/www.pomniki-przyrody.pl\/wp-content\/uploads\/2022\/01\/Ruszkow-Pierwszy-pien-pomnikowego-debu-o-obwodzie-676-cm.jpg\"><img loading=\"lazy\" decoding=\"async\" class=\"aligncenter wp-image-16248 size-full\" title=\"Ruszk\u00f3w Pierwszy - pie\u0144 pomnikowego d\u0119bu o obwodzie 676 cm\" src=\"https:\/\/www.pomniki-przyrody.pl\/wp-content\/uploads\/2022\/01\/Ruszkow-Pierwszy-pien-pomnikowego-debu-o-obwodzie-676-cm.jpg\" alt=\"Ruszk\u00f3w Pierwszy - pie\u0144 pomnikowego d\u0119bu o obwodzie 676 cm\" width=\"532\" height=\"800\" srcset=\"https:\/\/www.pomniki-przyrody.pl\/wp-content\/uploads\/2022\/01\/Ruszkow-Pierwszy-pien-pomnikowego-debu-o-obwodzie-676-cm.jpg 532w, https:\/\/www.pomniki-przyrody.pl\/wp-content\/uploads\/2022\/01\/Ruszkow-Pierwszy-pien-pomnikowego-debu-o-obwodzie-676-cm-200x300.jpg 200w\" sizes=\"auto, (max-width: 532px) 100vw, 532px\" \/><\/a><a href=\"https:\/\/www.pomniki-przyrody.pl\/wp-content\/uploads\/2022\/01\/Ruszkow-Pierwszy-Pawel-Lenart-przed-pomnikowym-debem.jpg\"><img loading=\"lazy\" decoding=\"async\" class=\"aligncenter wp-image-16246 size-full\" title=\"Ruszk\u00f3w Pierwszy - Pawe\u0142 Lenart przed pomnikowym d\u0119bem\" src=\"https:\/\/www.pomniki-przyrody.pl\/wp-content\/uploads\/2022\/01\/Ruszkow-Pierwszy-Pawel-Lenart-przed-pomnikowym-debem.jpg\" alt=\"Ruszk\u00f3w Pierwszy - Pawe\u0142 Lenart przed pomnikowym d\u0119bem\" width=\"532\" height=\"800\" srcset=\"https:\/\/www.pomniki-przyrody.pl\/wp-content\/uploads\/2022\/01\/Ruszkow-Pierwszy-Pawel-Lenart-przed-pomnikowym-debem.jpg 532w, https:\/\/www.pomniki-przyrody.pl\/wp-content\/uploads\/2022\/01\/Ruszkow-Pierwszy-Pawel-Lenart-przed-pomnikowym-debem-200x300.jpg 200w\" sizes=\"auto, (max-width: 532px) 100vw, 532px\" \/><\/a><\/p>\n<p>Sporej wielko\u015bci konar od\u0142ama\u0142 si\u0119 od korony i wisi na resztkach w\u0142\u00f3kien, dlatego przy bli\u017cszym podziwianiu okazu nale\u017cy zachowa\u0107 ostro\u017cno\u015b\u0107 &#8211; przypomn\u0105 nam o tym tablice umieszczone u podstawy pag\u00f3rka.<\/p>\n<p><a href=\"https:\/\/www.pomniki-przyrody.pl\/wp-content\/uploads\/2022\/01\/Ruszkow-Pierwszy-pien-pomnikowego-debu.jpg\"><img loading=\"lazy\" decoding=\"async\" class=\"aligncenter wp-image-16249 size-full\" title=\"Ruszk\u00f3w Pierwszy - pie\u0144 pomnikowego d\u0119bu\" src=\"https:\/\/www.pomniki-przyrody.pl\/wp-content\/uploads\/2022\/01\/Ruszkow-Pierwszy-pien-pomnikowego-debu.jpg\" alt=\"Ruszk\u00f3w Pierwszy - pie\u0144 pomnikowego d\u0119bu\" width=\"532\" height=\"800\" srcset=\"https:\/\/www.pomniki-przyrody.pl\/wp-content\/uploads\/2022\/01\/Ruszkow-Pierwszy-pien-pomnikowego-debu.jpg 532w, https:\/\/www.pomniki-przyrody.pl\/wp-content\/uploads\/2022\/01\/Ruszkow-Pierwszy-pien-pomnikowego-debu-200x300.jpg 200w\" sizes=\"auto, (max-width: 532px) 100vw, 532px\" \/><\/a><a href=\"https:\/\/www.pomniki-przyrody.pl\/wp-content\/uploads\/2022\/01\/Ruszkow-Pierwszy-tablica-ostrzegawcza-przed-pomnikowym-debem.jpg\"><img loading=\"lazy\" decoding=\"async\" class=\"aligncenter wp-image-16252 size-full\" title=\"Ruszk\u00f3w Pierwszy - tablica ostrzegawcza przed pomnikowym d\u0119bem\" src=\"https:\/\/www.pomniki-przyrody.pl\/wp-content\/uploads\/2022\/01\/Ruszkow-Pierwszy-tablica-ostrzegawcza-przed-pomnikowym-debem.jpg\" alt=\"Ruszk\u00f3w Pierwszy - tablica ostrzegawcza przed pomnikowym d\u0119bem\" width=\"532\" height=\"800\" srcset=\"https:\/\/www.pomniki-przyrody.pl\/wp-content\/uploads\/2022\/01\/Ruszkow-Pierwszy-tablica-ostrzegawcza-przed-pomnikowym-debem.jpg 532w, https:\/\/www.pomniki-przyrody.pl\/wp-content\/uploads\/2022\/01\/Ruszkow-Pierwszy-tablica-ostrzegawcza-przed-pomnikowym-debem-200x300.jpg 200w\" sizes=\"auto, (max-width: 532px) 100vw, 532px\" \/><\/a><\/p>\n<p>Kilka s\u0142\u00f3w nale\u017cy si\u0119 r\u00f3wnie\u017c drugiemu, mniejszemu okazowi d\u0119bu, kt\u00f3ry powinien tak\u017ce zosta\u0107 obj\u0119ty ochron\u0105 pomnikow\u0105. Jego obw\u00f3d &#8211; ok. 390 cm spe\u0142nia kryteria uj\u0119te w ministerialnym rozporz\u0105dzeniu.<\/p>\n<p><a href=\"https:\/\/www.pomniki-przyrody.pl\/wp-content\/uploads\/2022\/01\/Ruszkow-Pierwszy-dab-o-obwodzie-390-cm.jpg\"><img loading=\"lazy\" decoding=\"async\" class=\"aligncenter wp-image-16244 size-full\" title=\"Ruszk\u00f3w Pierwszy - d\u0105b o obwodzie 390 cm\" src=\"https:\/\/www.pomniki-przyrody.pl\/wp-content\/uploads\/2022\/01\/Ruszkow-Pierwszy-dab-o-obwodzie-390-cm.jpg\" alt=\"Ruszk\u00f3w Pierwszy - d\u0105b o obwodzie 390 cm\" width=\"577\" height=\"800\" srcset=\"https:\/\/www.pomniki-przyrody.pl\/wp-content\/uploads\/2022\/01\/Ruszkow-Pierwszy-dab-o-obwodzie-390-cm.jpg 577w, https:\/\/www.pomniki-przyrody.pl\/wp-content\/uploads\/2022\/01\/Ruszkow-Pierwszy-dab-o-obwodzie-390-cm-216x300.jpg 216w\" sizes=\"auto, (max-width: 577px) 100vw, 577px\" \/><\/a><a href=\"https:\/\/www.pomniki-przyrody.pl\/wp-content\/uploads\/2022\/01\/Ruszkow-Pierwszy-pien-debu-o-obwodzie-390-cm.jpg\"><img loading=\"lazy\" decoding=\"async\" class=\"aligncenter wp-image-16247 size-full\" title=\"Ruszk\u00f3w Pierwszy - pie\u0144 d\u0119bu o obwodzie 390 cm\" src=\"https:\/\/www.pomniki-przyrody.pl\/wp-content\/uploads\/2022\/01\/Ruszkow-Pierwszy-pien-debu-o-obwodzie-390-cm.jpg\" alt=\"Ruszk\u00f3w Pierwszy - pie\u0144 d\u0119bu o obwodzie 390 cm\" width=\"532\" height=\"800\" srcset=\"https:\/\/www.pomniki-przyrody.pl\/wp-content\/uploads\/2022\/01\/Ruszkow-Pierwszy-pien-debu-o-obwodzie-390-cm.jpg 532w, https:\/\/www.pomniki-przyrody.pl\/wp-content\/uploads\/2022\/01\/Ruszkow-Pierwszy-pien-debu-o-obwodzie-390-cm-200x300.jpg 200w\" sizes=\"auto, (max-width: 532px) 100vw, 532px\" \/><\/a><\/p>\n<p>&#8222;D\u0119by na Mogile&#8221; opisa\u0142 szerzej na swoim blogu Pawe\u0142 Lenart &#8211; zapraszam do lektury tego <a href=\"https:\/\/www.lenartpawel.pl\/pomnikowy-dab-szypulkowy-na-mogile-w-ruszkowie-pierwszym.html\"><span style=\"color: #0000ff;\">artyku\u0142u<\/span><\/a>.<\/p>\n\n\n<p><\/p>\n","protected":false},"excerpt":{"rendered":"<p>6 km na po\u0142udnie od centrum Ko\u0142a po\u0142o\u017cona jest miejscowo\u015b\u0107 o nazwie Ruszk\u00f3w Pierwszy (pow. kolski, wielkopolskie). We wsi, niedaleko skrzy\u017cowania ulic D\u0119bowej i Le\u015bnej, znajduje si\u0119 niewielki pag\u00f3rek z par\u0105 niezwykle malowniczych d\u0119b\u00f3w o nazwie &#8222;D\u0119by na Mogile&#8221;. GPS &hellip; <a href=\"https:\/\/www.pomniki-przyrody.pl\/?p=16239\">Czytaj dalej <span class=\"meta-nav\">&rarr;<\/span><\/a><\/p>\n","protected":false},"author":2,"featured_media":0,"comment_status":"open","ping_status":"open","sticky":false,"template":"","format":"standard","meta":{"footnotes":""},"categories":[1],"tags":[1954,1953,667,1067],"class_list":["post-16239","post","type-post","status-publish","format-standard","hentry","category-przyroda-ozywiona","tag-deby-na-mogile","tag-gmina-koscielec","tag-pomnikowy-dab","tag-wielkopolskie"],"_links":{"self":[{"href":"https:\/\/www.pomniki-przyrody.pl\/index.php?rest_route=\/wp\/v2\/posts\/16239","targetHints":{"allow":["GET"]}}],"collection":[{"href":"https:\/\/www.pomniki-przyrody.pl\/index.php?rest_route=\/wp\/v2\/posts"}],"about":[{"href":"https:\/\/www.pomniki-przyrody.pl\/index.php?rest_route=\/wp\/v2\/types\/post"}],"author":[{"embeddable":true,"href":"https:\/\/www.pomniki-przyrody.pl\/index.php?rest_route=\/wp\/v2\/users\/2"}],"replies":[{"embeddable":true,"href":"https:\/\/www.pomniki-przyrody.pl\/index.php?rest_route=%2Fwp%2Fv2%2Fcomments&post=16239"}],"version-history":[{"count":4,"href":"https:\/\/www.pomniki-przyrody.pl\/index.php?rest_route=\/wp\/v2\/posts\/16239\/revisions"}],"predecessor-version":[{"id":16258,"href":"https:\/\/www.pomniki-przyrody.pl\/index.php?rest_route=\/wp\/v2\/posts\/16239\/revisions\/16258"}],"wp:attachment":[{"href":"https:\/\/www.pomniki-przyrody.pl\/index.php?rest_route=%2Fwp%2Fv2%2Fmedia&parent=16239"}],"wp:term":[{"taxonomy":"category","embeddable":true,"href":"https:\/\/www.pomniki-przyrody.pl\/index.php?rest_route=%2Fwp%2Fv2%2Fcategories&post=16239"},{"taxonomy":"post_tag","embeddable":true,"href":"https:\/\/www.pomniki-przyrody.pl\/index.php?rest_route=%2Fwp%2Fv2%2Ftags&post=16239"}],"curies":[{"name":"wp","href":"https:\/\/api.w.org\/{rel}","templated":true}]}}