{"id":16798,"date":"2022-06-18T06:17:16","date_gmt":"2022-06-18T04:17:16","guid":{"rendered":"http:\/\/www.pomniki-przyrody.pl\/?p=16798"},"modified":"2022-06-18T06:43:05","modified_gmt":"2022-06-18T04:43:05","slug":"pomnikowy-dab-szypulkowy-z-jastrzebnika-gm-pielgrzymka-dolnoslaskie","status":"publish","type":"post","link":"https:\/\/www.pomniki-przyrody.pl\/?p=16798","title":{"rendered":"Pomnikowy d\u0105b szypu\u0142kowy z Jastrz\u0119bnika (gm. Pielgrzymka, dolno\u015bl\u0105skie)."},"content":{"rendered":"<p>Jastrz\u0119bnik to niewielka wie\u015b po\u0142o\u017cona na Pog\u00f3rzu Kaczawskim, w gminie <span style=\"color: #0000ff;\"><a style=\"color: #0000ff;\" href=\"https:\/\/www.pomniki-przyrody.pl\/?p=7355\">Pielgrzymka<\/a><\/span> (pow. z\u0142otoryjski, dolno\u015bl\u0105skie). Przez miejscowo\u015b\u0107 przebiega lokalna szosa z <a href=\"https:\/\/www.pomniki-przyrody.pl\/?p=10768\"><span style=\"color: #0000ff;\">Nowego Ko\u015bcio\u0142a<\/span><\/a> do <span style=\"color: #0000ff;\"><a style=\"color: #0000ff;\" href=\"https:\/\/www.pomniki-przyrody.pl\/?p=7355\">Pielgrzymki<\/a><\/span> i <a href=\"https:\/\/www.pomniki-przyrody.pl\/?p=2820\"><span style=\"color: #0000ff;\">Proboszczowa<\/span><\/a>. W po\u0142udniowym kra\u0144cu sio\u0142a (naprzeciw posesji nr 1), tu\u017c za znakiem drogowym informuj\u0105cym o terenie zabudowanym, ro\u015bnie okaza\u0142y d\u0105b szypu\u0142kowy, powo\u0142any do ochrony pomnikowej 26 pa\u017adziernika 2017 r. na mocy Uchwa\u0142y nr XXXVII\/207\/17 Rady Gminy Pielgrzymka.<\/p>\n<p>GPS N 51\u00b005\u203204.5\u2033, E 15\u00b050\u203244.7\u2033<\/p>\n<p><a href=\"https:\/\/www.pomniki-przyrody.pl\/wp-content\/uploads\/2022\/06\/pomnikowy-dab-na-poludniowym-krancu-Jastrzebnika.jpg\"><img loading=\"lazy\" decoding=\"async\" class=\"aligncenter wp-image-16806 size-full\" title=\"pomnikowy d\u0105b na po\u0142udniowym kra\u0144cu Jastrz\u0119bnika\" src=\"https:\/\/www.pomniki-przyrody.pl\/wp-content\/uploads\/2022\/06\/pomnikowy-dab-na-poludniowym-krancu-Jastrzebnika.jpg\" alt=\"pomnikowy d\u0105b na po\u0142udniowym kra\u0144cu Jastrz\u0119bnika\" width=\"800\" height=\"532\" srcset=\"https:\/\/www.pomniki-przyrody.pl\/wp-content\/uploads\/2022\/06\/pomnikowy-dab-na-poludniowym-krancu-Jastrzebnika.jpg 800w, https:\/\/www.pomniki-przyrody.pl\/wp-content\/uploads\/2022\/06\/pomnikowy-dab-na-poludniowym-krancu-Jastrzebnika-300x200.jpg 300w, https:\/\/www.pomniki-przyrody.pl\/wp-content\/uploads\/2022\/06\/pomnikowy-dab-na-poludniowym-krancu-Jastrzebnika-768x511.jpg 768w, https:\/\/www.pomniki-przyrody.pl\/wp-content\/uploads\/2022\/06\/pomnikowy-dab-na-poludniowym-krancu-Jastrzebnika-451x300.jpg 451w\" sizes=\"auto, (max-width: 800px) 100vw, 800px\" \/><\/a><a href=\"https:\/\/www.pomniki-przyrody.pl\/wp-content\/uploads\/2022\/06\/Jastrzebnik-pomnikowy-dab-szypulkowy-zima.jpg\"><img loading=\"lazy\" decoding=\"async\" class=\"aligncenter wp-image-16802 size-full\" title=\"Jastrz\u0119bnik - pomnikowy d\u0105b szypu\u0142kowy zim\u0105\" src=\"https:\/\/www.pomniki-przyrody.pl\/wp-content\/uploads\/2022\/06\/Jastrzebnik-pomnikowy-dab-szypulkowy-zima.jpg\" alt=\"Jastrz\u0119bnik - pomnikowy d\u0105b szypu\u0142kowy zim\u0105\" width=\"800\" height=\"532\" srcset=\"https:\/\/www.pomniki-przyrody.pl\/wp-content\/uploads\/2022\/06\/Jastrzebnik-pomnikowy-dab-szypulkowy-zima.jpg 800w, https:\/\/www.pomniki-przyrody.pl\/wp-content\/uploads\/2022\/06\/Jastrzebnik-pomnikowy-dab-szypulkowy-zima-300x200.jpg 300w, https:\/\/www.pomniki-przyrody.pl\/wp-content\/uploads\/2022\/06\/Jastrzebnik-pomnikowy-dab-szypulkowy-zima-768x511.jpg 768w, https:\/\/www.pomniki-przyrody.pl\/wp-content\/uploads\/2022\/06\/Jastrzebnik-pomnikowy-dab-szypulkowy-zima-451x300.jpg 451w\" sizes=\"auto, (max-width: 800px) 100vw, 800px\" \/><\/a><a href=\"https:\/\/www.pomniki-przyrody.pl\/wp-content\/uploads\/2022\/06\/Jastrzebnik-pomnikowy-dab-latem.jpg\"><img loading=\"lazy\" decoding=\"async\" class=\"aligncenter wp-image-16801 size-full\" title=\"Jastrz\u0119bnik - pomnikowy d\u0105b latem\" src=\"https:\/\/www.pomniki-przyrody.pl\/wp-content\/uploads\/2022\/06\/Jastrzebnik-pomnikowy-dab-latem.jpg\" alt=\"Jastrz\u0119bnik - pomnikowy d\u0105b latem\" width=\"532\" height=\"800\" srcset=\"https:\/\/www.pomniki-przyrody.pl\/wp-content\/uploads\/2022\/06\/Jastrzebnik-pomnikowy-dab-latem.jpg 532w, https:\/\/www.pomniki-przyrody.pl\/wp-content\/uploads\/2022\/06\/Jastrzebnik-pomnikowy-dab-latem-200x300.jpg 200w\" sizes=\"auto, (max-width: 532px) 100vw, 532px\" \/><\/a><a href=\"https:\/\/www.pomniki-przyrody.pl\/wp-content\/uploads\/2022\/06\/Jastrzebnik-pomnikowy-dab-zima.jpg\"><img loading=\"lazy\" decoding=\"async\" class=\"aligncenter wp-image-16803 size-full\" title=\"Jastrz\u0119bnik - pomnikowy d\u0105b zim\u0105\" src=\"https:\/\/www.pomniki-przyrody.pl\/wp-content\/uploads\/2022\/06\/Jastrzebnik-pomnikowy-dab-zima.jpg\" alt=\"Jastrz\u0119bnik - pomnikowy d\u0105b zim\u0105\" width=\"598\" height=\"800\" srcset=\"https:\/\/www.pomniki-przyrody.pl\/wp-content\/uploads\/2022\/06\/Jastrzebnik-pomnikowy-dab-zima.jpg 598w, https:\/\/www.pomniki-przyrody.pl\/wp-content\/uploads\/2022\/06\/Jastrzebnik-pomnikowy-dab-zima-224x300.jpg 224w\" sizes=\"auto, (max-width: 598px) 100vw, 598px\" \/><\/a><\/p>\n<p>Drzewo posiada zdrowy, bez widocznych ubytk\u00f3w pie\u0144 o obwodzie <strong>631<\/strong> cm, kt\u00f3ry na wysoko\u015bci ok. 3-3,5 m rozdziela si\u0119 na dwa pot\u0119\u017cne przewodniki. To najgrubszy d\u0105b w gminie Pielgrzymka i jeden z najgrubszych okaz\u00f3w tego gatunku na ca\u0142ym Pog\u00f3rzu Kaczawskim.<\/p>\n<p><img loading=\"lazy\" decoding=\"async\" class=\"aligncenter wp-image-16805 size-full\" title=\"pie\u0144 pomnikowego d\u0119bu z Jastrz\u0119bnika\" src=\"https:\/\/www.pomniki-przyrody.pl\/wp-content\/uploads\/2022\/06\/pien-pomnikowego-debu-z-Jastrzebnika.jpg\" alt=\"pie\u0144 pomnikowego d\u0119bu z Jastrz\u0119bnika\" width=\"532\" height=\"800\" srcset=\"https:\/\/www.pomniki-przyrody.pl\/wp-content\/uploads\/2022\/06\/pien-pomnikowego-debu-z-Jastrzebnika.jpg 532w, https:\/\/www.pomniki-przyrody.pl\/wp-content\/uploads\/2022\/06\/pien-pomnikowego-debu-z-Jastrzebnika-200x300.jpg 200w\" sizes=\"auto, (max-width: 532px) 100vw, 532px\" \/><\/p>\n<p><a href=\"https:\/\/www.pomniki-przyrody.pl\/wp-content\/uploads\/2022\/06\/Jastrzebnik-pien-pomnikowego-debu-zima.jpg\"><img loading=\"lazy\" decoding=\"async\" class=\"aligncenter wp-image-16800 size-full\" title=\"Jastrz\u0119bnik - pie\u0144 pomnikowego d\u0119bu zim\u0105\" src=\"https:\/\/www.pomniki-przyrody.pl\/wp-content\/uploads\/2022\/06\/Jastrzebnik-pien-pomnikowego-debu-zima.jpg\" alt=\"Jastrz\u0119bnik - pie\u0144 pomnikowego d\u0119bu zim\u0105\" width=\"532\" height=\"800\" srcset=\"https:\/\/www.pomniki-przyrody.pl\/wp-content\/uploads\/2022\/06\/Jastrzebnik-pien-pomnikowego-debu-zima.jpg 532w, https:\/\/www.pomniki-przyrody.pl\/wp-content\/uploads\/2022\/06\/Jastrzebnik-pien-pomnikowego-debu-zima-200x300.jpg 200w\" sizes=\"auto, (max-width: 532px) 100vw, 532px\" \/><\/a><\/p>\n<p><a href=\"https:\/\/www.pomniki-przyrody.pl\/wp-content\/uploads\/2022\/06\/Jastrzebnik-pien-pomnikowego-debu-latem.jpg\"><img loading=\"lazy\" decoding=\"async\" class=\"aligncenter wp-image-16799 size-full\" title=\"Jastrz\u0119bnik - pie\u0144 pomnikowego d\u0119bu latem\" src=\"https:\/\/www.pomniki-przyrody.pl\/wp-content\/uploads\/2022\/06\/Jastrzebnik-pien-pomnikowego-debu-latem.jpg\" alt=\"Jastrz\u0119bnik - pie\u0144 pomnikowego d\u0119bu latem\" width=\"532\" height=\"800\" srcset=\"https:\/\/www.pomniki-przyrody.pl\/wp-content\/uploads\/2022\/06\/Jastrzebnik-pien-pomnikowego-debu-latem.jpg 532w, https:\/\/www.pomniki-przyrody.pl\/wp-content\/uploads\/2022\/06\/Jastrzebnik-pien-pomnikowego-debu-latem-200x300.jpg 200w\" sizes=\"auto, (max-width: 532px) 100vw, 532px\" \/><\/a><\/p>\n<p><a href=\"https:\/\/www.pomniki-przyrody.pl\/wp-content\/uploads\/2022\/06\/pien-pomnikowego-debu-z-Jastrzebnika-zima.jpg\"><img loading=\"lazy\" decoding=\"async\" class=\"aligncenter wp-image-16804 size-full\" title=\"pie\u0144 pomnikowego d\u0119bu z Jastrz\u0119bnika zim\u0105\" src=\"https:\/\/www.pomniki-przyrody.pl\/wp-content\/uploads\/2022\/06\/pien-pomnikowego-debu-z-Jastrzebnika-zima.jpg\" alt=\"pie\u0144 pomnikowego d\u0119bu z Jastrz\u0119bnika zim\u0105\" width=\"532\" height=\"800\" srcset=\"https:\/\/www.pomniki-przyrody.pl\/wp-content\/uploads\/2022\/06\/pien-pomnikowego-debu-z-Jastrzebnika-zima.jpg 532w, https:\/\/www.pomniki-przyrody.pl\/wp-content\/uploads\/2022\/06\/pien-pomnikowego-debu-z-Jastrzebnika-zima-200x300.jpg 200w\" sizes=\"auto, (max-width: 532px) 100vw, 532px\" \/><\/a><\/p>\n","protected":false},"excerpt":{"rendered":"<p>Jastrz\u0119bnik to niewielka wie\u015b po\u0142o\u017cona na Pog\u00f3rzu Kaczawskim, w gminie Pielgrzymka (pow. z\u0142otoryjski, dolno\u015bl\u0105skie). Przez miejscowo\u015b\u0107 przebiega lokalna szosa z Nowego Ko\u015bcio\u0142a do Pielgrzymki i Proboszczowa. W po\u0142udniowym kra\u0144cu sio\u0142a (naprzeciw posesji nr 1), tu\u017c za znakiem drogowym informuj\u0105cym o &hellip; <a href=\"https:\/\/www.pomniki-przyrody.pl\/?p=16798\">Czytaj dalej <span class=\"meta-nav\">&rarr;<\/span><\/a><\/p>\n","protected":false},"author":2,"featured_media":0,"comment_status":"open","ping_status":"open","sticky":false,"template":"","format":"standard","meta":{"footnotes":""},"categories":[1],"tags":[1483,448,2009,667],"class_list":["post-16798","post","type-post","status-publish","format-standard","hentry","category-przyroda-ozywiona","tag-dolnoslaskie","tag-gmina-pielgrzymka","tag-jastrzebnik","tag-pomnikowy-dab"],"_links":{"self":[{"href":"https:\/\/www.pomniki-przyrody.pl\/index.php?rest_route=\/wp\/v2\/posts\/16798","targetHints":{"allow":["GET"]}}],"collection":[{"href":"https:\/\/www.pomniki-przyrody.pl\/index.php?rest_route=\/wp\/v2\/posts"}],"about":[{"href":"https:\/\/www.pomniki-przyrody.pl\/index.php?rest_route=\/wp\/v2\/types\/post"}],"author":[{"embeddable":true,"href":"https:\/\/www.pomniki-przyrody.pl\/index.php?rest_route=\/wp\/v2\/users\/2"}],"replies":[{"embeddable":true,"href":"https:\/\/www.pomniki-przyrody.pl\/index.php?rest_route=%2Fwp%2Fv2%2Fcomments&post=16798"}],"version-history":[{"count":3,"href":"https:\/\/www.pomniki-przyrody.pl\/index.php?rest_route=\/wp\/v2\/posts\/16798\/revisions"}],"predecessor-version":[{"id":16810,"href":"https:\/\/www.pomniki-przyrody.pl\/index.php?rest_route=\/wp\/v2\/posts\/16798\/revisions\/16810"}],"wp:attachment":[{"href":"https:\/\/www.pomniki-przyrody.pl\/index.php?rest_route=%2Fwp%2Fv2%2Fmedia&parent=16798"}],"wp:term":[{"taxonomy":"category","embeddable":true,"href":"https:\/\/www.pomniki-przyrody.pl\/index.php?rest_route=%2Fwp%2Fv2%2Fcategories&post=16798"},{"taxonomy":"post_tag","embeddable":true,"href":"https:\/\/www.pomniki-przyrody.pl\/index.php?rest_route=%2Fwp%2Fv2%2Ftags&post=16798"}],"curies":[{"name":"wp","href":"https:\/\/api.w.org\/{rel}","templated":true}]}}