{"id":16848,"date":"2022-06-29T19:42:58","date_gmt":"2022-06-29T17:42:58","guid":{"rendered":"http:\/\/www.pomniki-przyrody.pl\/?p=16848"},"modified":"2022-06-29T19:42:58","modified_gmt":"2022-06-29T17:42:58","slug":"pomnikowy-glaz-flins-ze-wsi-dlugie-gm-szprotawa-lubuskie","status":"publish","type":"post","link":"https:\/\/www.pomniki-przyrody.pl\/?p=16848","title":{"rendered":"Pomnikowy g\u0142az &#8222;Flins&#8221; ze wsi D\u0142ugie (gm. Szprotawa, lubuskie)."},"content":{"rendered":"<p>Bogata w pomnikowe drzewa gmina miejsko &#8211; wiejska Szprotawa posiada jeden pomnik przyrody nieo\u017cywionej. Jest nim g\u0142az narzutowy o nazwie &#8222;Flins&#8221; powo\u0142any do ochrony ustawowej na mocy Uchwa\u0142y nr X\/69\/2019 Rady Miejskiej Szprotawy z dnia 27 czerwca 2019 r. Rzeczony eratyk le\u017cy ok.1300 m na p\u00f3\u0142noc od zachodniego kra\u0144ca wsi D\u0142ugie (pow. \u017caga\u0144ski, lubuskie), na skraju lasu (oddz. 108Ao Nadle\u015bnictwa Szprotawa), kilkana\u015bcie metr\u00f3w od drogi wojew\u00f3dzkiej nr 297, po prawej (zachodniej) stronie szosy jad\u0105c od Szprotawy do Ko\u017cuchowa.<\/p>\n<p>GPS&nbsp; N 51\u00b040\u201911.6\u2033 , E 15\u00b035\u201957.8\u2033<\/p>\n<p><a href=\"https:\/\/www.pomniki-przyrody.pl\/wp-content\/uploads\/2022\/06\/widoczny-z-drogi-297-glaz-Flins.jpg\"><img loading=\"lazy\" decoding=\"async\" class=\"aligncenter wp-image-16872 size-full\" title=\"widoczny z drogi 297 g\u0142az Flins\" src=\"https:\/\/www.pomniki-przyrody.pl\/wp-content\/uploads\/2022\/06\/widoczny-z-drogi-297-glaz-Flins.jpg\" alt=\"widoczny z drogi 297 g\u0142az Flins\" width=\"800\" height=\"544\" srcset=\"https:\/\/www.pomniki-przyrody.pl\/wp-content\/uploads\/2022\/06\/widoczny-z-drogi-297-glaz-Flins.jpg 800w, https:\/\/www.pomniki-przyrody.pl\/wp-content\/uploads\/2022\/06\/widoczny-z-drogi-297-glaz-Flins-300x204.jpg 300w, https:\/\/www.pomniki-przyrody.pl\/wp-content\/uploads\/2022\/06\/widoczny-z-drogi-297-glaz-Flins-768x522.jpg 768w, https:\/\/www.pomniki-przyrody.pl\/wp-content\/uploads\/2022\/06\/widoczny-z-drogi-297-glaz-Flins-441x300.jpg 441w\" sizes=\"auto, (max-width: 800px) 100vw, 800px\" \/><\/a><\/p>\n<p>Obok g\u0142azu ustawiono tablic\u0119 informuj\u0105c\u0105 o ochronie pomnikowej obiektu oraz drewnian\u0105 \u0142awk\u0119.<\/p>\n<p><a href=\"https:\/\/www.pomniki-przyrody.pl\/wp-content\/uploads\/2022\/06\/pomnikowy-glaz-Flins.jpg\"><img loading=\"lazy\" decoding=\"async\" class=\"aligncenter wp-image-16868 size-full\" title=\"pomnikowy g\u0142az Flins\" src=\"https:\/\/www.pomniki-przyrody.pl\/wp-content\/uploads\/2022\/06\/pomnikowy-glaz-Flins.jpg\" alt=\"pomnikowy g\u0142az Flins\" width=\"800\" height=\"532\" srcset=\"https:\/\/www.pomniki-przyrody.pl\/wp-content\/uploads\/2022\/06\/pomnikowy-glaz-Flins.jpg 800w, https:\/\/www.pomniki-przyrody.pl\/wp-content\/uploads\/2022\/06\/pomnikowy-glaz-Flins-300x200.jpg 300w, https:\/\/www.pomniki-przyrody.pl\/wp-content\/uploads\/2022\/06\/pomnikowy-glaz-Flins-768x511.jpg 768w, https:\/\/www.pomniki-przyrody.pl\/wp-content\/uploads\/2022\/06\/pomnikowy-glaz-Flins-451x300.jpg 451w\" sizes=\"auto, (max-width: 800px) 100vw, 800px\" \/><\/a><\/p>\n<p><a href=\"https:\/\/www.pomniki-przyrody.pl\/wp-content\/uploads\/2022\/06\/pomnikowy-eratyk-o-nazwie-Flins.jpg\"><img loading=\"lazy\" decoding=\"async\" class=\"aligncenter wp-image-16866 size-full\" title=\"pomnikowy eratyk o nazwie Flins\" src=\"https:\/\/www.pomniki-przyrody.pl\/wp-content\/uploads\/2022\/06\/pomnikowy-eratyk-o-nazwie-Flins.jpg\" alt=\"pomnikowy eratyk o nazwie Flins\" width=\"800\" height=\"532\" srcset=\"https:\/\/www.pomniki-przyrody.pl\/wp-content\/uploads\/2022\/06\/pomnikowy-eratyk-o-nazwie-Flins.jpg 800w, https:\/\/www.pomniki-przyrody.pl\/wp-content\/uploads\/2022\/06\/pomnikowy-eratyk-o-nazwie-Flins-300x200.jpg 300w, https:\/\/www.pomniki-przyrody.pl\/wp-content\/uploads\/2022\/06\/pomnikowy-eratyk-o-nazwie-Flins-768x511.jpg 768w, https:\/\/www.pomniki-przyrody.pl\/wp-content\/uploads\/2022\/06\/pomnikowy-eratyk-o-nazwie-Flins-451x300.jpg 451w\" sizes=\"auto, (max-width: 800px) 100vw, 800px\" \/><\/a><\/p>\n<p><a href=\"https:\/\/www.pomniki-przyrody.pl\/wp-content\/uploads\/2022\/06\/tablica-przy-pomnikowym-glazie-Flins.jpg\"><img loading=\"lazy\" decoding=\"async\" class=\"aligncenter wp-image-16869 size-full\" title=\"tablica przy pomnikowym g\u0142azie Flins\" src=\"https:\/\/www.pomniki-przyrody.pl\/wp-content\/uploads\/2022\/06\/tablica-przy-pomnikowym-glazie-Flins.jpg\" alt=\"tablica przy pomnikowym g\u0142azie Flins\" width=\"800\" height=\"532\" srcset=\"https:\/\/www.pomniki-przyrody.pl\/wp-content\/uploads\/2022\/06\/tablica-przy-pomnikowym-glazie-Flins.jpg 800w, https:\/\/www.pomniki-przyrody.pl\/wp-content\/uploads\/2022\/06\/tablica-przy-pomnikowym-glazie-Flins-300x200.jpg 300w, https:\/\/www.pomniki-przyrody.pl\/wp-content\/uploads\/2022\/06\/tablica-przy-pomnikowym-glazie-Flins-768x511.jpg 768w, https:\/\/www.pomniki-przyrody.pl\/wp-content\/uploads\/2022\/06\/tablica-przy-pomnikowym-glazie-Flins-451x300.jpg 451w\" sizes=\"auto, (max-width: 800px) 100vw, 800px\" \/><\/a><\/p>\n<p>Obw\u00f3d pomnikowego eratyku wynosi 950 cm, d\u0142ugo\u015b\u0107 i szeroko\u015b\u0107: 400&#215;320 cm, wysoko\u015b\u0107 &#8211; 75 cm. Nie wiadomo jaka cz\u0119\u015b\u0107 g\u0142azu skrywa si\u0119 pod powierzchni\u0105 gruntu.<\/p>\n<p><a href=\"https:\/\/www.pomniki-przyrody.pl\/wp-content\/uploads\/2022\/06\/glaz-Flins-we-wsi-Dlugie.jpg\"><img loading=\"lazy\" decoding=\"async\" class=\"aligncenter wp-image-16865 size-full\" title=\"g\u0142az Flins we wsi D\u0142ugie\" src=\"https:\/\/www.pomniki-przyrody.pl\/wp-content\/uploads\/2022\/06\/glaz-Flins-we-wsi-Dlugie.jpg\" alt=\"g\u0142az Flins we wsi D\u0142ugie\" width=\"800\" height=\"532\" srcset=\"https:\/\/www.pomniki-przyrody.pl\/wp-content\/uploads\/2022\/06\/glaz-Flins-we-wsi-Dlugie.jpg 800w, https:\/\/www.pomniki-przyrody.pl\/wp-content\/uploads\/2022\/06\/glaz-Flins-we-wsi-Dlugie-300x200.jpg 300w, https:\/\/www.pomniki-przyrody.pl\/wp-content\/uploads\/2022\/06\/glaz-Flins-we-wsi-Dlugie-768x511.jpg 768w, https:\/\/www.pomniki-przyrody.pl\/wp-content\/uploads\/2022\/06\/glaz-Flins-we-wsi-Dlugie-451x300.jpg 451w\" sizes=\"auto, (max-width: 800px) 100vw, 800px\" \/><\/a><\/p>\n<p><a href=\"https:\/\/www.pomniki-przyrody.pl\/wp-content\/uploads\/2022\/06\/glaz-Flins-oobwodzie-ponad-10-metrow.jpg\"><img loading=\"lazy\" decoding=\"async\" class=\"aligncenter wp-image-16863 size-full\" title=\"g\u0142az Flins o obwodzie prawie 10 metr\u00f3w\" src=\"https:\/\/www.pomniki-przyrody.pl\/wp-content\/uploads\/2022\/06\/glaz-Flins-oobwodzie-ponad-10-metrow.jpg\" alt=\"g\u0142az Flins o obwodzie prawie 10 metr\u00f3w\" width=\"800\" height=\"532\" srcset=\"https:\/\/www.pomniki-przyrody.pl\/wp-content\/uploads\/2022\/06\/glaz-Flins-oobwodzie-ponad-10-metrow.jpg 800w, https:\/\/www.pomniki-przyrody.pl\/wp-content\/uploads\/2022\/06\/glaz-Flins-oobwodzie-ponad-10-metrow-300x200.jpg 300w, https:\/\/www.pomniki-przyrody.pl\/wp-content\/uploads\/2022\/06\/glaz-Flins-oobwodzie-ponad-10-metrow-768x511.jpg 768w, https:\/\/www.pomniki-przyrody.pl\/wp-content\/uploads\/2022\/06\/glaz-Flins-oobwodzie-ponad-10-metrow-451x300.jpg 451w\" sizes=\"auto, (max-width: 800px) 100vw, 800px\" \/><\/a><\/p>\n<p><a href=\"https:\/\/www.pomniki-przyrody.pl\/wp-content\/uploads\/2022\/06\/glaz-Flins-w-gminie-Szprotawa.jpg\"><img loading=\"lazy\" decoding=\"async\" class=\"aligncenter wp-image-16864 size-full\" title=\"g\u0142az Flins w gminie Szprotawa\" src=\"https:\/\/www.pomniki-przyrody.pl\/wp-content\/uploads\/2022\/06\/glaz-Flins-w-gminie-Szprotawa.jpg\" alt=\"g\u0142az Flins w gminie Szprotawa\" width=\"800\" height=\"532\" srcset=\"https:\/\/www.pomniki-przyrody.pl\/wp-content\/uploads\/2022\/06\/glaz-Flins-w-gminie-Szprotawa.jpg 800w, https:\/\/www.pomniki-przyrody.pl\/wp-content\/uploads\/2022\/06\/glaz-Flins-w-gminie-Szprotawa-300x200.jpg 300w, https:\/\/www.pomniki-przyrody.pl\/wp-content\/uploads\/2022\/06\/glaz-Flins-w-gminie-Szprotawa-768x511.jpg 768w, https:\/\/www.pomniki-przyrody.pl\/wp-content\/uploads\/2022\/06\/glaz-Flins-w-gminie-Szprotawa-451x300.jpg 451w\" sizes=\"auto, (max-width: 800px) 100vw, 800px\" \/><\/a><\/p>\n<p><a href=\"https:\/\/www.pomniki-przyrody.pl\/wp-content\/uploads\/2022\/06\/pomnikowy-glaz-Flins-latem.jpg\"><img loading=\"lazy\" decoding=\"async\" class=\"aligncenter wp-image-16867 size-full\" title=\"pomnikowy g\u0142az Flins latem\" src=\"https:\/\/www.pomniki-przyrody.pl\/wp-content\/uploads\/2022\/06\/pomnikowy-glaz-Flins-latem.jpg\" alt=\"pomnikowy g\u0142az Flins latem\" width=\"800\" height=\"532\" srcset=\"https:\/\/www.pomniki-przyrody.pl\/wp-content\/uploads\/2022\/06\/pomnikowy-glaz-Flins-latem.jpg 800w, https:\/\/www.pomniki-przyrody.pl\/wp-content\/uploads\/2022\/06\/pomnikowy-glaz-Flins-latem-300x200.jpg 300w, https:\/\/www.pomniki-przyrody.pl\/wp-content\/uploads\/2022\/06\/pomnikowy-glaz-Flins-latem-768x511.jpg 768w, https:\/\/www.pomniki-przyrody.pl\/wp-content\/uploads\/2022\/06\/pomnikowy-glaz-Flins-latem-451x300.jpg 451w\" sizes=\"auto, (max-width: 800px) 100vw, 800px\" \/><\/a><\/p>\n<p>Materia\u0142em buduj\u0105cym narzutniak jest szary granitognejs z gniazdami kwarcowymi.<\/p>\n<p><a href=\"https:\/\/www.pomniki-przyrody.pl\/wp-content\/uploads\/2022\/06\/tekstura-gnejsowa-na-pomnikowym-glazie-Flins.jpg\"><img loading=\"lazy\" decoding=\"async\" class=\"aligncenter wp-image-16871 size-full\" title=\"tekstura gnejsowa na pomnikowym g\u0142azie Flins\" src=\"https:\/\/www.pomniki-przyrody.pl\/wp-content\/uploads\/2022\/06\/tekstura-gnejsowa-na-pomnikowym-glazie-Flins.jpg\" alt=\"tekstura gnejsowa na pomnikowym g\u0142azie Flins\" width=\"800\" height=\"532\" srcset=\"https:\/\/www.pomniki-przyrody.pl\/wp-content\/uploads\/2022\/06\/tekstura-gnejsowa-na-pomnikowym-glazie-Flins.jpg 800w, https:\/\/www.pomniki-przyrody.pl\/wp-content\/uploads\/2022\/06\/tekstura-gnejsowa-na-pomnikowym-glazie-Flins-300x200.jpg 300w, https:\/\/www.pomniki-przyrody.pl\/wp-content\/uploads\/2022\/06\/tekstura-gnejsowa-na-pomnikowym-glazie-Flins-768x511.jpg 768w, https:\/\/www.pomniki-przyrody.pl\/wp-content\/uploads\/2022\/06\/tekstura-gnejsowa-na-pomnikowym-glazie-Flins-451x300.jpg 451w\" sizes=\"auto, (max-width: 800px) 100vw, 800px\" \/><\/a><a href=\"https:\/\/www.pomniki-przyrody.pl\/wp-content\/uploads\/2022\/06\/tekstura-gnejsowa-na-glazie-Flins.jpg\"><img loading=\"lazy\" decoding=\"async\" class=\"aligncenter wp-image-16870 size-full\" title=\"tekstura gnejsowa na g\u0142azie Flins\" src=\"https:\/\/www.pomniki-przyrody.pl\/wp-content\/uploads\/2022\/06\/tekstura-gnejsowa-na-glazie-Flins.jpg\" alt=\"tekstura gnejsowa na g\u0142azie Flins\" width=\"532\" height=\"800\" srcset=\"https:\/\/www.pomniki-przyrody.pl\/wp-content\/uploads\/2022\/06\/tekstura-gnejsowa-na-glazie-Flins.jpg 532w, https:\/\/www.pomniki-przyrody.pl\/wp-content\/uploads\/2022\/06\/tekstura-gnejsowa-na-glazie-Flins-200x300.jpg 200w\" sizes=\"auto, (max-width: 532px) 100vw, 532px\" \/><\/a><a href=\"https:\/\/www.pomniki-przyrody.pl\/wp-content\/uploads\/2022\/06\/zyla-kwarcowa-w-glazie-Flins.jpg\"><img loading=\"lazy\" decoding=\"async\" class=\"aligncenter wp-image-16873 size-full\" title=\"gniazdo kwarcowe w g\u0142azie Flins\" src=\"https:\/\/www.pomniki-przyrody.pl\/wp-content\/uploads\/2022\/06\/zyla-kwarcowa-w-glazie-Flins.jpg\" alt=\"gniazdo kwarcowe w g\u0142azie Flins\" width=\"800\" height=\"532\" srcset=\"https:\/\/www.pomniki-przyrody.pl\/wp-content\/uploads\/2022\/06\/zyla-kwarcowa-w-glazie-Flins.jpg 800w, https:\/\/www.pomniki-przyrody.pl\/wp-content\/uploads\/2022\/06\/zyla-kwarcowa-w-glazie-Flins-300x200.jpg 300w, https:\/\/www.pomniki-przyrody.pl\/wp-content\/uploads\/2022\/06\/zyla-kwarcowa-w-glazie-Flins-768x511.jpg 768w, https:\/\/www.pomniki-przyrody.pl\/wp-content\/uploads\/2022\/06\/zyla-kwarcowa-w-glazie-Flins-451x300.jpg 451w\" sizes=\"auto, (max-width: 800px) 100vw, 800px\" \/><\/a> Flins ju\u017c przed II wojn\u0105 \u015bwiatow\u0105 by\u0142 znany i chroniony jako pomnik przyrody. Dostrzeg\u0142 go 100 lat temu znany niemiecki przyrodnik profesor Theodor Schube. Przez lata zapomniany zosta\u0142 przywr\u00f3cony do ochrony pomnikowej.<\/p>\n\n\n<p><\/p>\n","protected":false},"excerpt":{"rendered":"<p>Bogata w pomnikowe drzewa gmina miejsko &#8211; wiejska Szprotawa posiada jeden pomnik przyrody nieo\u017cywionej. Jest nim g\u0142az narzutowy o nazwie &#8222;Flins&#8221; powo\u0142any do ochrony ustawowej na mocy Uchwa\u0142y nr X\/69\/2019 Rady Miejskiej Szprotawy z dnia 27 czerwca 2019 r. Rzeczony &hellip; <a href=\"https:\/\/www.pomniki-przyrody.pl\/?p=16848\">Czytaj dalej <span class=\"meta-nav\">&rarr;<\/span><\/a><\/p>\n","protected":false},"author":2,"featured_media":0,"comment_status":"open","ping_status":"open","sticky":false,"template":"","format":"standard","meta":{"footnotes":""},"categories":[1],"tags":[2018,2015,2017,721],"class_list":["post-16848","post","type-post","status-publish","format-standard","hentry","category-przyroda-ozywiona","tag-dlugie","tag-gmina-szprotawa","tag-glaz-flins","tag-pomnikowy-eratyk"],"_links":{"self":[{"href":"https:\/\/www.pomniki-przyrody.pl\/index.php?rest_route=\/wp\/v2\/posts\/16848","targetHints":{"allow":["GET"]}}],"collection":[{"href":"https:\/\/www.pomniki-przyrody.pl\/index.php?rest_route=\/wp\/v2\/posts"}],"about":[{"href":"https:\/\/www.pomniki-przyrody.pl\/index.php?rest_route=\/wp\/v2\/types\/post"}],"author":[{"embeddable":true,"href":"https:\/\/www.pomniki-przyrody.pl\/index.php?rest_route=\/wp\/v2\/users\/2"}],"replies":[{"embeddable":true,"href":"https:\/\/www.pomniki-przyrody.pl\/index.php?rest_route=%2Fwp%2Fv2%2Fcomments&post=16848"}],"version-history":[{"count":4,"href":"https:\/\/www.pomniki-przyrody.pl\/index.php?rest_route=\/wp\/v2\/posts\/16848\/revisions"}],"predecessor-version":[{"id":16876,"href":"https:\/\/www.pomniki-przyrody.pl\/index.php?rest_route=\/wp\/v2\/posts\/16848\/revisions\/16876"}],"wp:attachment":[{"href":"https:\/\/www.pomniki-przyrody.pl\/index.php?rest_route=%2Fwp%2Fv2%2Fmedia&parent=16848"}],"wp:term":[{"taxonomy":"category","embeddable":true,"href":"https:\/\/www.pomniki-przyrody.pl\/index.php?rest_route=%2Fwp%2Fv2%2Fcategories&post=16848"},{"taxonomy":"post_tag","embeddable":true,"href":"https:\/\/www.pomniki-przyrody.pl\/index.php?rest_route=%2Fwp%2Fv2%2Ftags&post=16848"}],"curies":[{"name":"wp","href":"https:\/\/api.w.org\/{rel}","templated":true}]}}