{"id":17581,"date":"2023-02-16T21:00:40","date_gmt":"2023-02-16T20:00:40","guid":{"rendered":"https:\/\/www.pomniki-przyrody.pl\/?p=17581"},"modified":"2023-02-16T21:00:40","modified_gmt":"2023-02-16T20:00:40","slug":"zrodlo-spod-skalki-w-zdowie-gm-wlodowice-slaskie","status":"publish","type":"post","link":"https:\/\/www.pomniki-przyrody.pl\/?p=17581","title":{"rendered":"\u0179r\u00f3d\u0142o spod Ska\u0142ki w Zdowie (gm. W\u0142odowice, \u015bl\u0105skie)"},"content":{"rendered":"<p>W Zdowie &#8211; wsi le\u017c\u0105cej na Wy\u017cynie Krakowsko &#8211; Cz\u0119stochowskiej &#8211; zlokalizowane s\u0105 dwa z trzech pomnik\u00f3w przyrody gminy W\u0142odowice (pow. zawiercia\u0144ski, \u015bl\u0105skie). Ochron\u0105 obj\u0119to tu wywierzyska krasowe &#8211; pierwsze z nich o nazwie &#8222;<a href=\"https:\/\/www.pomniki-przyrody.pl\/?p=17556\"><span style=\"color: #0000ff;\">Zesp\u00f3\u0142 \u017ar\u00f3de\u0142 w Zdowie<\/span><\/a>&#8221; opisa\u0142em w poprzednim artykule, drugie o nazwie &#8222;\u0179r\u00f3d\u0142o Spod Ska\u0142ki&#8221; znajduje si\u0119 przy drodze gruntowej b\u0119d\u0105cej przed\u0142u\u017ceniem ul. \u0179r\u00f3dlanej, przy czerwonym i niebieskim szlaku turystycznym.<\/p>\n<p>GPS N 50\u00b035\u203258.5\u2033 , E 19\u00b032\u203212.7\u2033<\/p>\n<p><a href=\"https:\/\/www.pomniki-przyrody.pl\/wp-content\/uploads\/2023\/02\/Pomnik-Przyrody-Zrodlo-spod-Skalki.jpg\"><img loading=\"lazy\" decoding=\"async\" class=\"aligncenter wp-image-17582 size-full\" title=\"Pomnik Przyrody - \u0179r\u00f3d\u0142o spod Ska\u0142ki\" src=\"https:\/\/www.pomniki-przyrody.pl\/wp-content\/uploads\/2023\/02\/Pomnik-Przyrody-Zrodlo-spod-Skalki.jpg\" alt=\"Pomnik Przyrody - \u0179r\u00f3d\u0142o spod Ska\u0142ki\" width=\"800\" height=\"532\" srcset=\"https:\/\/www.pomniki-przyrody.pl\/wp-content\/uploads\/2023\/02\/Pomnik-Przyrody-Zrodlo-spod-Skalki.jpg 800w, https:\/\/www.pomniki-przyrody.pl\/wp-content\/uploads\/2023\/02\/Pomnik-Przyrody-Zrodlo-spod-Skalki-300x200.jpg 300w, https:\/\/www.pomniki-przyrody.pl\/wp-content\/uploads\/2023\/02\/Pomnik-Przyrody-Zrodlo-spod-Skalki-768x511.jpg 768w, https:\/\/www.pomniki-przyrody.pl\/wp-content\/uploads\/2023\/02\/Pomnik-Przyrody-Zrodlo-spod-Skalki-451x300.jpg 451w\" sizes=\"auto, (max-width: 800px) 100vw, 800px\" \/><\/a><\/p>\n<p><a href=\"https:\/\/www.pomniki-przyrody.pl\/wp-content\/uploads\/2023\/02\/Zrodlo-spod-Skalki-w-Zdowie.jpg\"><img loading=\"lazy\" decoding=\"async\" class=\"aligncenter wp-image-17589 size-full\" title=\"\u0179r\u00f3d\u0142o spod Ska\u0142ki w Zdowie\" src=\"https:\/\/www.pomniki-przyrody.pl\/wp-content\/uploads\/2023\/02\/Zrodlo-spod-Skalki-w-Zdowie.jpg\" alt=\"\u0179r\u00f3d\u0142o spod Ska\u0142ki w Zdowie\" width=\"800\" height=\"530\" srcset=\"https:\/\/www.pomniki-przyrody.pl\/wp-content\/uploads\/2023\/02\/Zrodlo-spod-Skalki-w-Zdowie.jpg 800w, https:\/\/www.pomniki-przyrody.pl\/wp-content\/uploads\/2023\/02\/Zrodlo-spod-Skalki-w-Zdowie-300x199.jpg 300w, https:\/\/www.pomniki-przyrody.pl\/wp-content\/uploads\/2023\/02\/Zrodlo-spod-Skalki-w-Zdowie-768x509.jpg 768w, https:\/\/www.pomniki-przyrody.pl\/wp-content\/uploads\/2023\/02\/Zrodlo-spod-Skalki-w-Zdowie-453x300.jpg 453w\" sizes=\"auto, (max-width: 800px) 100vw, 800px\" \/><\/a><a href=\"https:\/\/www.pomniki-przyrody.pl\/wp-content\/uploads\/2023\/02\/Pomnik-przyrody-nieozywionej-Zrodlo-spod-Skalki.jpg\"><img loading=\"lazy\" decoding=\"async\" class=\"aligncenter wp-image-17583 size-full\" title=\"Pomnik przyrody nieo\u017cywionej - \u0179r\u00f3d\u0142o spod Ska\u0142ki\" src=\"https:\/\/www.pomniki-przyrody.pl\/wp-content\/uploads\/2023\/02\/Pomnik-przyrody-nieozywionej-Zrodlo-spod-Skalki.jpg\" alt=\"Pomnik przyrody nieo\u017cywionej - \u0179r\u00f3d\u0142o spod Ska\u0142ki\" width=\"800\" height=\"532\" srcset=\"https:\/\/www.pomniki-przyrody.pl\/wp-content\/uploads\/2023\/02\/Pomnik-przyrody-nieozywionej-Zrodlo-spod-Skalki.jpg 800w, https:\/\/www.pomniki-przyrody.pl\/wp-content\/uploads\/2023\/02\/Pomnik-przyrody-nieozywionej-Zrodlo-spod-Skalki-300x200.jpg 300w, https:\/\/www.pomniki-przyrody.pl\/wp-content\/uploads\/2023\/02\/Pomnik-przyrody-nieozywionej-Zrodlo-spod-Skalki-768x511.jpg 768w, https:\/\/www.pomniki-przyrody.pl\/wp-content\/uploads\/2023\/02\/Pomnik-przyrody-nieozywionej-Zrodlo-spod-Skalki-451x300.jpg 451w\" sizes=\"auto, (max-width: 800px) 100vw, 800px\" \/><\/a><\/p>\n<p>\u0179r\u00f3d\u0142o wraz ze ska\u0142k\u0105 spod kt\u00f3rej wyp\u0142ywa posiada status pomnika przyrody nieo\u017cywionej od 2004 r. Wywierzysko ma charakter okresowy, podobno nie by\u0142o wyp\u0142ywu wody przez kilka lat, pojawi\u0142o si\u0119 dopiero po obfitych opadach w maju 2010 r. Zdj\u0119cia prezentuj\u0105 stan z pa\u017adziernika 2022 r., ze \u017ar\u00f3d\u0142a nie wydobywa\u0142a si\u0119 woda, co znacznym stopniu zmniejsza\u0142o atrakcyjno\u015b\u0107 pomnikowego geostanowiska.<\/p>\n<p><a href=\"https:\/\/www.pomniki-przyrody.pl\/wp-content\/uploads\/2023\/02\/Zdow-Zrodlo-spod-Skalki.jpg\"><img loading=\"lazy\" decoding=\"async\" class=\"aligncenter wp-image-17588 size-full\" title=\"Zd\u00f3w - \u0179r\u00f3d\u0142o spod Ska\u0142ki\" src=\"https:\/\/www.pomniki-przyrody.pl\/wp-content\/uploads\/2023\/02\/Zdow-Zrodlo-spod-Skalki.jpg\" alt=\"Zd\u00f3w - \u0179r\u00f3d\u0142o spod Ska\u0142ki\" width=\"800\" height=\"532\" srcset=\"https:\/\/www.pomniki-przyrody.pl\/wp-content\/uploads\/2023\/02\/Zdow-Zrodlo-spod-Skalki.jpg 800w, https:\/\/www.pomniki-przyrody.pl\/wp-content\/uploads\/2023\/02\/Zdow-Zrodlo-spod-Skalki-300x200.jpg 300w, https:\/\/www.pomniki-przyrody.pl\/wp-content\/uploads\/2023\/02\/Zdow-Zrodlo-spod-Skalki-768x511.jpg 768w, https:\/\/www.pomniki-przyrody.pl\/wp-content\/uploads\/2023\/02\/Zdow-Zrodlo-spod-Skalki-451x300.jpg 451w\" sizes=\"auto, (max-width: 800px) 100vw, 800px\" \/><\/a><\/p>\n<p>Wed\u0142ug danych z 05. 2000 r. wydajno\u015b\u0107 \u017ar\u00f3d\u0142a wynosi\u0142a 10 &#8211; 50 l\/s, mineralizacja og\u00f3lna 180-439 mg\/l. Woda wyp\u0142ywa\u0142a z widocznej na zdj\u0119ciu poni\u017cej szczeliny mi\u0119dzy ska\u0142ami, przelewa\u0142a si\u0119 przez drog\u0119 i sp\u0142ywa\u0142a do pobliskiego potoku Bia\u0142ka.<\/p>\n<p><a href=\"https:\/\/www.pomniki-przyrody.pl\/wp-content\/uploads\/2023\/02\/szczelina-spod-ktorej-wydobywa-sie-woda.jpg\"><img loading=\"lazy\" decoding=\"async\" class=\"aligncenter wp-image-17584 size-full\" title=\"szczelina spod kt\u00f3rej wydobywa si\u0119 woda\" src=\"https:\/\/www.pomniki-przyrody.pl\/wp-content\/uploads\/2023\/02\/szczelina-spod-ktorej-wydobywa-sie-woda.jpg\" alt=\"szczelina spod kt\u00f3rej wydobywa si\u0119 woda\" width=\"532\" height=\"800\" srcset=\"https:\/\/www.pomniki-przyrody.pl\/wp-content\/uploads\/2023\/02\/szczelina-spod-ktorej-wydobywa-sie-woda.jpg 532w, https:\/\/www.pomniki-przyrody.pl\/wp-content\/uploads\/2023\/02\/szczelina-spod-ktorej-wydobywa-sie-woda-200x300.jpg 200w\" sizes=\"auto, (max-width: 532px) 100vw, 532px\" \/><\/a><\/p>\n<p>Pomnik przyrody zosta\u0142 prawid\u0142owo oznakowany du\u017c\u0105 tablic\u0105 oraz niewielk\u0105 tabliczk\u0105 przybit\u0105 do drewnianego ko\u0142ka &#8211; ta jednak posiada kod QR z nieaktywnym linkiem.<\/p>\n<p><a href=\"https:\/\/www.pomniki-przyrody.pl\/wp-content\/uploads\/2023\/02\/tablica-przy-pomnikowym-zrodle.jpg\"><img loading=\"lazy\" decoding=\"async\" class=\"aligncenter wp-image-17586 size-full\" title=\"tablica przy pomnikowym \u017ar\u00f3dle\" src=\"https:\/\/www.pomniki-przyrody.pl\/wp-content\/uploads\/2023\/02\/tablica-przy-pomnikowym-zrodle.jpg\" alt=\"tablica przy pomnikowym \u017ar\u00f3dle\" width=\"800\" height=\"600\" srcset=\"https:\/\/www.pomniki-przyrody.pl\/wp-content\/uploads\/2023\/02\/tablica-przy-pomnikowym-zrodle.jpg 800w, https:\/\/www.pomniki-przyrody.pl\/wp-content\/uploads\/2023\/02\/tablica-przy-pomnikowym-zrodle-300x225.jpg 300w, https:\/\/www.pomniki-przyrody.pl\/wp-content\/uploads\/2023\/02\/tablica-przy-pomnikowym-zrodle-768x576.jpg 768w, https:\/\/www.pomniki-przyrody.pl\/wp-content\/uploads\/2023\/02\/tablica-przy-pomnikowym-zrodle-400x300.jpg 400w\" sizes=\"auto, (max-width: 800px) 100vw, 800px\" \/><\/a><a href=\"https:\/\/www.pomniki-przyrody.pl\/wp-content\/uploads\/2023\/02\/tablica-Pomnik-Przyrody-Zrodlo-spod-Skalki.jpg\"><img loading=\"lazy\" decoding=\"async\" class=\"aligncenter wp-image-17585 size-full\" title=\"tablica - Pomnik Przyrody - \u0179r\u00f3d\u0142o spod Ska\u0142ki\" src=\"https:\/\/www.pomniki-przyrody.pl\/wp-content\/uploads\/2023\/02\/tablica-Pomnik-Przyrody-Zrodlo-spod-Skalki.jpg\" alt=\"tablica - Pomnik Przyrody - \u0179r\u00f3d\u0142o spod Ska\u0142ki\" width=\"800\" height=\"600\" srcset=\"https:\/\/www.pomniki-przyrody.pl\/wp-content\/uploads\/2023\/02\/tablica-Pomnik-Przyrody-Zrodlo-spod-Skalki.jpg 800w, https:\/\/www.pomniki-przyrody.pl\/wp-content\/uploads\/2023\/02\/tablica-Pomnik-Przyrody-Zrodlo-spod-Skalki-300x225.jpg 300w, https:\/\/www.pomniki-przyrody.pl\/wp-content\/uploads\/2023\/02\/tablica-Pomnik-Przyrody-Zrodlo-spod-Skalki-768x576.jpg 768w, https:\/\/www.pomniki-przyrody.pl\/wp-content\/uploads\/2023\/02\/tablica-Pomnik-Przyrody-Zrodlo-spod-Skalki-400x300.jpg 400w\" sizes=\"auto, (max-width: 800px) 100vw, 800px\" \/><\/a><\/p>\n<p><a href=\"https:\/\/www.pomniki-przyrody.pl\/wp-content\/uploads\/2023\/02\/tabliczka-przy-pomnikowym-zrodle.jpg\"><img loading=\"lazy\" decoding=\"async\" class=\"aligncenter wp-image-17587 size-full\" title=\"tabliczka przy pomnikowym \u017ar\u00f3dle\" src=\"https:\/\/www.pomniki-przyrody.pl\/wp-content\/uploads\/2023\/02\/tabliczka-przy-pomnikowym-zrodle.jpg\" alt=\"tabliczka przy pomnikowym \u017ar\u00f3dle\" width=\"530\" height=\"800\" srcset=\"https:\/\/www.pomniki-przyrody.pl\/wp-content\/uploads\/2023\/02\/tabliczka-przy-pomnikowym-zrodle.jpg 530w, https:\/\/www.pomniki-przyrody.pl\/wp-content\/uploads\/2023\/02\/tabliczka-przy-pomnikowym-zrodle-199x300.jpg 199w\" sizes=\"auto, (max-width: 530px) 100vw, 530px\" \/><\/a><\/p>\n<p>Trzecim pomnikiem przyrody w gminie W\u0142odowice s\u0105 Ska\u0142y Rz\u0119dkowickie, b\u0119d\u0105 one tematem kolejnego artyku\u0142u.<\/p>\n","protected":false},"excerpt":{"rendered":"<p>W Zdowie &#8211; wsi le\u017c\u0105cej na Wy\u017cynie Krakowsko &#8211; Cz\u0119stochowskiej &#8211; zlokalizowane s\u0105 dwa z trzech pomnik\u00f3w przyrody gminy W\u0142odowice (pow. zawiercia\u0144ski, \u015bl\u0105skie). Ochron\u0105 obj\u0119to tu wywierzyska krasowe &#8211; pierwsze z nich o nazwie &#8222;Zesp\u00f3\u0142 \u017ar\u00f3de\u0142 w Zdowie&#8221; opisa\u0142em w &hellip; <a href=\"https:\/\/www.pomniki-przyrody.pl\/?p=17581\">Czytaj dalej <span class=\"meta-nav\">&rarr;<\/span><\/a><\/p>\n","protected":false},"author":2,"featured_media":0,"comment_status":"open","ping_status":"open","sticky":false,"template":"","format":"standard","meta":{"footnotes":""},"categories":[3],"tags":[2053,1986,1420,2056,2054],"class_list":["post-17581","post","type-post","status-publish","format-standard","hentry","category-przyroda-nieozywiona","tag-gmina-wlodowice","tag-pomnikowe-zrodlo","tag-slaskie","tag-wywierzysko","tag-zdow"],"_links":{"self":[{"href":"https:\/\/www.pomniki-przyrody.pl\/index.php?rest_route=\/wp\/v2\/posts\/17581","targetHints":{"allow":["GET"]}}],"collection":[{"href":"https:\/\/www.pomniki-przyrody.pl\/index.php?rest_route=\/wp\/v2\/posts"}],"about":[{"href":"https:\/\/www.pomniki-przyrody.pl\/index.php?rest_route=\/wp\/v2\/types\/post"}],"author":[{"embeddable":true,"href":"https:\/\/www.pomniki-przyrody.pl\/index.php?rest_route=\/wp\/v2\/users\/2"}],"replies":[{"embeddable":true,"href":"https:\/\/www.pomniki-przyrody.pl\/index.php?rest_route=%2Fwp%2Fv2%2Fcomments&post=17581"}],"version-history":[{"count":2,"href":"https:\/\/www.pomniki-przyrody.pl\/index.php?rest_route=\/wp\/v2\/posts\/17581\/revisions"}],"predecessor-version":[{"id":17592,"href":"https:\/\/www.pomniki-przyrody.pl\/index.php?rest_route=\/wp\/v2\/posts\/17581\/revisions\/17592"}],"wp:attachment":[{"href":"https:\/\/www.pomniki-przyrody.pl\/index.php?rest_route=%2Fwp%2Fv2%2Fmedia&parent=17581"}],"wp:term":[{"taxonomy":"category","embeddable":true,"href":"https:\/\/www.pomniki-przyrody.pl\/index.php?rest_route=%2Fwp%2Fv2%2Fcategories&post=17581"},{"taxonomy":"post_tag","embeddable":true,"href":"https:\/\/www.pomniki-przyrody.pl\/index.php?rest_route=%2Fwp%2Fv2%2Ftags&post=17581"}],"curies":[{"name":"wp","href":"https:\/\/api.w.org\/{rel}","templated":true}]}}