{"id":19725,"date":"2025-02-15T22:01:14","date_gmt":"2025-02-15T21:01:14","guid":{"rendered":"https:\/\/www.pomniki-przyrody.pl\/?p=19725"},"modified":"2025-02-25T21:11:30","modified_gmt":"2025-02-25T20:11:30","slug":"platan-cesarz-z-cesarzowic-wreszcie-pomnikiem-przyrody-gm-sroda-slaska-dolnoslaskie","status":"publish","type":"post","link":"https:\/\/www.pomniki-przyrody.pl\/?p=19725","title":{"rendered":"Platan Cesarz z Cesarzowic wreszcie pomnikiem przyrody (gm. \u015aroda \u015al\u0105ska, dolno\u015bl\u0105skie)."},"content":{"rendered":"<p>W powszechnej opinii panuje mylne przekonanie, \u017ce ka\u017cde wiekowe b\u0105d\u017a pot\u0119\u017cnych rozmiar\u00f3w drzewo obligatoryjnie staje si\u0119 pomnikiem przyrody. Jednak zgodnie z obowi\u0105zuj\u0105cym prawem powo\u0142anie ka\u017cdego pomnika przyrody wi\u0105\u017ce si\u0119 z opublikowaniem stosownego aktu prawnego &#8211; obecnie jest to Uchwa\u0142a Rady Gminy, dawniej Rozporz\u0105dzenie Wojewody. Na przestrzeni lat widzia\u0142em wiele ogromnych, s\u0119dziwych drzew, kt\u00f3re pomnikami przyrody nie by\u0142y, cho\u0107 z du\u017cym naddatkiem spe\u0142nia\u0142y kryteria okre\u015blone w <a href=\"https:\/\/www.pomniki-przyrody.pl\/?p=12179\"><span style=\"color: #0000ff;\">Rozporz\u0105dzeniu Ministra \u015arodowiska<\/span><\/a>. Jednym z takich drzew jest platan o nazwie &#8222;Cesarz&#8221;, rosn\u0105cy we wsi Cesarzowice, w gminie \u015aroda \u015al\u0105ska (dolno\u015bl\u0105skie).<\/p>\n<p><a href=\"https:\/\/www.pomniki-przyrody.pl\/wp-content\/uploads\/2025\/02\/otoczenie-platana-Cesarz.jpg\"><img loading=\"lazy\" decoding=\"async\" class=\"aligncenter wp-image-19731 size-full\" title=\"otoczenie platana Cesarz\" src=\"https:\/\/www.pomniki-przyrody.pl\/wp-content\/uploads\/2025\/02\/otoczenie-platana-Cesarz.jpg\" alt=\"otoczenie platana Cesarz\" width=\"800\" height=\"532\" srcset=\"https:\/\/www.pomniki-przyrody.pl\/wp-content\/uploads\/2025\/02\/otoczenie-platana-Cesarz.jpg 800w, https:\/\/www.pomniki-przyrody.pl\/wp-content\/uploads\/2025\/02\/otoczenie-platana-Cesarz-300x200.jpg 300w, https:\/\/www.pomniki-przyrody.pl\/wp-content\/uploads\/2025\/02\/otoczenie-platana-Cesarz-768x511.jpg 768w, https:\/\/www.pomniki-przyrody.pl\/wp-content\/uploads\/2025\/02\/otoczenie-platana-Cesarz-451x300.jpg 451w\" sizes=\"auto, (max-width: 800px) 100vw, 800px\" \/><\/a><\/p>\n<p>Na mocy Uchwa\u0142y nr IX\/34\/24 Rady Miejskiej w \u015arodzie \u015al\u0105skiej z dnia 28 sierpnia 2024 r. w sprawie ustanowienia pomnika przyrody na terenie gminy \u015aroda \u015al\u0105ska rekordowy w skali regionu i kraju platan klonolistny uzyska\u0142 wreszcie ochron\u0119 pomnikow\u0105. W tek\u015bcie Uchwa\u0142y znajduje si\u0119 zapis nadaj\u0105cy drzewu oficjaln\u0105 nazw\u0119 &#8222;Cesarz&#8221;, u\u017cywan\u0105 ju\u017c wcze\u015bniej w publikacjach ksi\u0105\u017ckowych i w sieci internetowej. Miano &#8222;Cesarz&#8221; nawi\u0105zuje do nazwy miejscowo\u015bci, a ta do Napoleona Bonaparte, kt\u00f3ry przeje\u017cd\u017ca\u0142 t\u0119dy w 1813 roku.<\/p>\n<p><a href=\"https:\/\/www.pomniki-przyrody.pl\/wp-content\/uploads\/2025\/02\/platan-Cesarz-latem.jpg\"><img loading=\"lazy\" decoding=\"async\" class=\"aligncenter wp-image-19735 size-full\" title=\"platan Cesarz latem\" src=\"https:\/\/www.pomniki-przyrody.pl\/wp-content\/uploads\/2025\/02\/platan-Cesarz-latem.jpg\" alt=\"platan Cesarz latem\" width=\"532\" height=\"800\" srcset=\"https:\/\/www.pomniki-przyrody.pl\/wp-content\/uploads\/2025\/02\/platan-Cesarz-latem.jpg 532w, https:\/\/www.pomniki-przyrody.pl\/wp-content\/uploads\/2025\/02\/platan-Cesarz-latem-200x300.jpg 200w\" sizes=\"auto, (max-width: 532px) 100vw, 532px\" \/><\/a><a href=\"https:\/\/www.pomniki-przyrody.pl\/wp-content\/uploads\/2025\/02\/platan-Cesarz-zima.jpg\"><img loading=\"lazy\" decoding=\"async\" class=\"aligncenter wp-image-19737 size-full\" title=\"platan Cesarz zim\u0105\" src=\"https:\/\/www.pomniki-przyrody.pl\/wp-content\/uploads\/2025\/02\/platan-Cesarz-zima.jpg\" alt=\"platan Cesarz zim\u0105\" width=\"589\" height=\"800\" srcset=\"https:\/\/www.pomniki-przyrody.pl\/wp-content\/uploads\/2025\/02\/platan-Cesarz-zima.jpg 589w, https:\/\/www.pomniki-przyrody.pl\/wp-content\/uploads\/2025\/02\/platan-Cesarz-zima-221x300.jpg 221w\" sizes=\"auto, (max-width: 589px) 100vw, 589px\" \/><\/a><\/p>\n<p>Drzewo ro\u015bnie w p\u00f3\u0142nocno &#8211; zachodniej cz\u0119\u015bci wsi, na skraju parku podworskiego, pomi\u0119dzy nik\u0142ymi ruinami pa\u0142acu i zabudowaniami folwarcznymi. W bezpo\u015brednim s\u0105siedztwie &#8222;Cesarza&#8221; znajduje si\u0119 niewielki plac zabaw, teren wok\u00f3\u0142 platana jest zawsze zadbany, czysty, z wykoszon\u0105 traw\u0105.<\/p>\n<p>GPS N 51\u00b006\u201926.3\u201d , E 16\u00b033\u201940.1\u201d<\/p>\n<p><a href=\"https:\/\/www.pomniki-przyrody.pl\/wp-content\/uploads\/2025\/02\/Cesarzowice-pomnikowy-platan-Cesarz.jpg\"><img loading=\"lazy\" decoding=\"async\" class=\"aligncenter wp-image-19730 size-full\" title=\"Cesarzowice - pomnikowy platan Cesarz\" src=\"https:\/\/www.pomniki-przyrody.pl\/wp-content\/uploads\/2025\/02\/Cesarzowice-pomnikowy-platan-Cesarz.jpg\" alt=\"Cesarzowice - pomnikowy platan Cesarz\" width=\"614\" height=\"800\" srcset=\"https:\/\/www.pomniki-przyrody.pl\/wp-content\/uploads\/2025\/02\/Cesarzowice-pomnikowy-platan-Cesarz.jpg 614w, https:\/\/www.pomniki-przyrody.pl\/wp-content\/uploads\/2025\/02\/Cesarzowice-pomnikowy-platan-Cesarz-230x300.jpg 230w\" sizes=\"auto, (max-width: 614px) 100vw, 614px\" \/><\/a><a href=\"https:\/\/www.pomniki-przyrody.pl\/wp-content\/uploads\/2025\/02\/pomnikowy-platan-Cesarz-latem.jpg\"><img loading=\"lazy\" decoding=\"async\" class=\"aligncenter wp-image-19739 size-full\" title=\"pomnikowy platan Cesarz latem\" src=\"https:\/\/www.pomniki-przyrody.pl\/wp-content\/uploads\/2025\/02\/pomnikowy-platan-Cesarz-latem.jpg\" alt=\"pomnikowy platan Cesarz latem\" width=\"532\" height=\"800\" srcset=\"https:\/\/www.pomniki-przyrody.pl\/wp-content\/uploads\/2025\/02\/pomnikowy-platan-Cesarz-latem.jpg 532w, https:\/\/www.pomniki-przyrody.pl\/wp-content\/uploads\/2025\/02\/pomnikowy-platan-Cesarz-latem-200x300.jpg 200w\" sizes=\"auto, (max-width: 532px) 100vw, 532px\" \/><\/a><\/p>\n<p>Pokr\u00f3j drzewa wskazuje \u017ce zosta\u0142o posadzone i ros\u0142o na otwartej przestrzeni, dzi\u0119ki czemu rozwin\u0119\u0142o bardzo szerok\u0105 koron\u0119, cho\u0107 na zdj\u0119ciach zimowych widoczne s\u0105 \u015blady po jej redukcji lub wy\u0142amaniu.<\/p>\n<p><a href=\"https:\/\/www.pomniki-przyrody.pl\/wp-content\/uploads\/2025\/02\/Cesarzowice-platan-Cesarz.jpg\"><img loading=\"lazy\" decoding=\"async\" class=\"aligncenter wp-image-19729 size-full\" title=\"Cesarzowice - platan Cesarz\" src=\"https:\/\/www.pomniki-przyrody.pl\/wp-content\/uploads\/2025\/02\/Cesarzowice-platan-Cesarz.jpg\" alt=\"Cesarzowice - platan Cesarz\" width=\"532\" height=\"800\" srcset=\"https:\/\/www.pomniki-przyrody.pl\/wp-content\/uploads\/2025\/02\/Cesarzowice-platan-Cesarz.jpg 532w, https:\/\/www.pomniki-przyrody.pl\/wp-content\/uploads\/2025\/02\/Cesarzowice-platan-Cesarz-200x300.jpg 200w\" sizes=\"auto, (max-width: 532px) 100vw, 532px\" \/><\/a><a href=\"https:\/\/www.pomniki-przyrody.pl\/wp-content\/uploads\/2025\/02\/platan-Cesarz-zima-widok-od-strony-parku.jpg\"><img loading=\"lazy\" decoding=\"async\" class=\"aligncenter wp-image-19736 size-full\" title=\"platan Cesarz zim\u0105 - widok od strony parku\" src=\"https:\/\/www.pomniki-przyrody.pl\/wp-content\/uploads\/2025\/02\/platan-Cesarz-zima-widok-od-strony-parku.jpg\" alt=\"platan Cesarz zim\u0105 - widok od strony parku\" width=\"800\" height=\"532\" srcset=\"https:\/\/www.pomniki-przyrody.pl\/wp-content\/uploads\/2025\/02\/platan-Cesarz-zima-widok-od-strony-parku.jpg 800w, https:\/\/www.pomniki-przyrody.pl\/wp-content\/uploads\/2025\/02\/platan-Cesarz-zima-widok-od-strony-parku-300x200.jpg 300w, https:\/\/www.pomniki-przyrody.pl\/wp-content\/uploads\/2025\/02\/platan-Cesarz-zima-widok-od-strony-parku-768x511.jpg 768w, https:\/\/www.pomniki-przyrody.pl\/wp-content\/uploads\/2025\/02\/platan-Cesarz-zima-widok-od-strony-parku-451x300.jpg 451w\" sizes=\"auto, (max-width: 800px) 100vw, 800px\" \/><\/a><a href=\"https:\/\/www.pomniki-przyrody.pl\/wp-content\/uploads\/2025\/02\/platan-Cesarz-latem-widok-od-strony-parku.jpg\"><img loading=\"lazy\" decoding=\"async\" class=\"aligncenter wp-image-19734 size-full\" title=\"platan Cesarz latem - widok od strony parku\" src=\"https:\/\/www.pomniki-przyrody.pl\/wp-content\/uploads\/2025\/02\/platan-Cesarz-latem-widok-od-strony-parku.jpg\" alt=\"platan Cesarz latem - widok od strony parku\" width=\"534\" height=\"800\" srcset=\"https:\/\/www.pomniki-przyrody.pl\/wp-content\/uploads\/2025\/02\/platan-Cesarz-latem-widok-od-strony-parku.jpg 534w, https:\/\/www.pomniki-przyrody.pl\/wp-content\/uploads\/2025\/02\/platan-Cesarz-latem-widok-od-strony-parku-200x300.jpg 200w\" sizes=\"auto, (max-width: 534px) 100vw, 534px\" \/><\/a> Obw\u00f3d platana z Cesarzowic podany w Uchwale to 835 cm zmierzony na wysoko\u015bci 130 cm, jednak prawid\u0142owo wykonany pomiar powinien zosta\u0107 wykonany na wysoko\u015bci 0,8 m \u2013 tu mierzy w obwodzie 797,5 cm. Taki wynik stawia &#8222;Cesarza&#8221; w pierwszej dziesi\u0105tce najokazalszych platan\u00f3w w Polsce, na Dolnym \u015al\u0105sku zajmuje trzeci\u0105 lokat\u0119 (grubszy jest platan rosn\u0105cy we wsi <a href=\"https:\/\/www.pomniki-przyrody.pl\/?p=7165\"><span style=\"color: #0000ff;\">Budzicz<\/span><\/a>, w gminie Prusice \u2013 926 cm i platan z <a href=\"https:\/\/www.pomniki-przyrody.pl\/?p=7593\"><span style=\"color: #0000ff;\">Brzegu Dolnego<\/span><\/a> &#8211; 841 cm).<\/p>\n<p><a href=\"https:\/\/www.pomniki-przyrody.pl\/wp-content\/uploads\/2025\/02\/pomiar-obwodu-Cesarza.jpg\"><img loading=\"lazy\" decoding=\"async\" class=\"aligncenter wp-image-19738 size-full\" title=\"pomiar obwodu Cesarza\" src=\"https:\/\/www.pomniki-przyrody.pl\/wp-content\/uploads\/2025\/02\/pomiar-obwodu-Cesarza.jpg\" alt=\"pomiar obwodu Cesarza\" width=\"800\" height=\"532\" srcset=\"https:\/\/www.pomniki-przyrody.pl\/wp-content\/uploads\/2025\/02\/pomiar-obwodu-Cesarza.jpg 800w, https:\/\/www.pomniki-przyrody.pl\/wp-content\/uploads\/2025\/02\/pomiar-obwodu-Cesarza-300x200.jpg 300w, https:\/\/www.pomniki-przyrody.pl\/wp-content\/uploads\/2025\/02\/pomiar-obwodu-Cesarza-768x511.jpg 768w, https:\/\/www.pomniki-przyrody.pl\/wp-content\/uploads\/2025\/02\/pomiar-obwodu-Cesarza-451x300.jpg 451w\" sizes=\"auto, (max-width: 800px) 100vw, 800px\" \/><\/a><a href=\"https:\/\/www.pomniki-przyrody.pl\/wp-content\/uploads\/2025\/02\/pien-platana-Cesarz-latem.jpg\"><img loading=\"lazy\" decoding=\"async\" class=\"aligncenter wp-image-19732 size-full\" title=\"pie\u0144 platana Cesarz latem\" src=\"https:\/\/www.pomniki-przyrody.pl\/wp-content\/uploads\/2025\/02\/pien-platana-Cesarz-latem.jpg\" alt=\"pie\u0144 platana Cesarz latem\" width=\"534\" height=\"800\" srcset=\"https:\/\/www.pomniki-przyrody.pl\/wp-content\/uploads\/2025\/02\/pien-platana-Cesarz-latem.jpg 534w, https:\/\/www.pomniki-przyrody.pl\/wp-content\/uploads\/2025\/02\/pien-platana-Cesarz-latem-200x300.jpg 200w\" sizes=\"auto, (max-width: 534px) 100vw, 534px\" \/><\/a><a href=\"https:\/\/www.pomniki-przyrody.pl\/wp-content\/uploads\/2025\/02\/Cesarzowice-pien-Cesarza.jpg\"><img loading=\"lazy\" decoding=\"async\" class=\"aligncenter wp-image-19727 size-full\" title=\"Cesarzowice - pie\u0144 Cesarza\" src=\"https:\/\/www.pomniki-przyrody.pl\/wp-content\/uploads\/2025\/02\/Cesarzowice-pien-Cesarza.jpg\" alt=\"Cesarzowice - pie\u0144 Cesarza\" width=\"800\" height=\"534\" srcset=\"https:\/\/www.pomniki-przyrody.pl\/wp-content\/uploads\/2025\/02\/Cesarzowice-pien-Cesarza.jpg 800w, https:\/\/www.pomniki-przyrody.pl\/wp-content\/uploads\/2025\/02\/Cesarzowice-pien-Cesarza-300x200.jpg 300w, https:\/\/www.pomniki-przyrody.pl\/wp-content\/uploads\/2025\/02\/Cesarzowice-pien-Cesarza-768x513.jpg 768w, https:\/\/www.pomniki-przyrody.pl\/wp-content\/uploads\/2025\/02\/Cesarzowice-pien-Cesarza-449x300.jpg 449w\" sizes=\"auto, (max-width: 800px) 100vw, 800px\" \/><\/a><\/p>\n<p>Bohater dzisiejszego artyku\u0142u zosta\u0142 w 2014 r. zg\u0142oszony do konkursu Drzewo Roku 2014 i 2015 r. zdoby\u0142 4. miejsce uzyskuj\u0105c 1902 g\u0142osy. Na pami\u0105tk\u0119 tego wydarzenia przed platanem ustawiono g\u0142az z tablic\u0105 opisuj\u0105ca parametry drzewa. Wydawa\u0107 by si\u0119 mog\u0142o, \u017ce ta inicjatywa b\u0119dzie dobrym impulsem do uznania &#8222;Cesarza&#8221; za pomnik przyrody. Jednak trzeba by\u0142o czeka\u0107 jeszcze 10 lat by uzyska\u0142 ochron\u0119 pomnikow\u0105.<\/p>\n<p><a href=\"https:\/\/www.pomniki-przyrody.pl\/wp-content\/uploads\/2020\/02\/tablica-przed-platanem-Cesarz.jpg\"><img loading=\"lazy\" decoding=\"async\" class=\"aligncenter wp-image-14336 size-full\" title=\"tablica przed platanem Cesarz\" src=\"https:\/\/www.pomniki-przyrody.pl\/wp-content\/uploads\/2020\/02\/tablica-przed-platanem-Cesarz.jpg\" alt=\"tablica przed platanem Cesarz\" width=\"598\" height=\"900\" srcset=\"https:\/\/www.pomniki-przyrody.pl\/wp-content\/uploads\/2020\/02\/tablica-przed-platanem-Cesarz.jpg 598w, https:\/\/www.pomniki-przyrody.pl\/wp-content\/uploads\/2020\/02\/tablica-przed-platanem-Cesarz-199x300.jpg 199w\" sizes=\"auto, (max-width: 598px) 100vw, 598px\" \/><\/a><\/p>\n<p>Wiek &#8222;Cesarza&#8221; podany na tablicy &#8211; 330 lat wydaje si\u0119 by\u0107 do\u015b\u0107 przesadzony, w ksi\u0105\u017cce &#8222;Drzewa Polski&#8221; z 2016 r. jego wiek oszacowano na 250 lat. Podana w tej publikacji wysoko\u015b\u0107 drzewa &#8211; 31 metr\u00f3w jest bli\u017csza prawdy, ni\u017c podane na tablicy 23 metry.<\/p>\n<p><a href=\"https:\/\/www.pomniki-przyrody.pl\/wp-content\/uploads\/2025\/02\/Cesarzowice-pien-pomnikowego-platana-Cesarz.jpg\"><img loading=\"lazy\" decoding=\"async\" class=\"aligncenter wp-image-19728 size-full\" title=\"Cesarzowice - pie\u0144 pomnikowego platana Cesarz\" src=\"https:\/\/www.pomniki-przyrody.pl\/wp-content\/uploads\/2025\/02\/Cesarzowice-pien-pomnikowego-platana-Cesarz.jpg\" alt=\"Cesarzowice - pie\u0144 pomnikowego platana Cesarz\" width=\"532\" height=\"800\" srcset=\"https:\/\/www.pomniki-przyrody.pl\/wp-content\/uploads\/2025\/02\/Cesarzowice-pien-pomnikowego-platana-Cesarz.jpg 532w, https:\/\/www.pomniki-przyrody.pl\/wp-content\/uploads\/2025\/02\/Cesarzowice-pien-pomnikowego-platana-Cesarz-200x300.jpg 200w\" sizes=\"auto, (max-width: 532px) 100vw, 532px\" \/><\/a><\/p>\n<p>Na zdj\u0119ciu poni\u017cej wykonanym w 2025 r. mo\u017cna zauwa\u017cy\u0107 ju\u017c dumnie wisz\u0105c\u0105 tabliczk\u0119 z napisem &#8222;Pomnik Przyrody&#8221;.<\/p>\n<p><a href=\"https:\/\/www.pomniki-przyrody.pl\/wp-content\/uploads\/2025\/02\/pien-pomnikowego-platana-Cesarz.jpg\"><img loading=\"lazy\" decoding=\"async\" class=\"aligncenter wp-image-19733 size-full\" title=\"pie\u0144 pomnikowego platana Cesarz\" src=\"https:\/\/www.pomniki-przyrody.pl\/wp-content\/uploads\/2025\/02\/pien-pomnikowego-platana-Cesarz.jpg\" alt=\"pie\u0144 pomnikowego platana Cesarz\" width=\"534\" height=\"800\" srcset=\"https:\/\/www.pomniki-przyrody.pl\/wp-content\/uploads\/2025\/02\/pien-pomnikowego-platana-Cesarz.jpg 534w, https:\/\/www.pomniki-przyrody.pl\/wp-content\/uploads\/2025\/02\/pien-pomnikowego-platana-Cesarz-200x300.jpg 200w\" sizes=\"auto, (max-width: 534px) 100vw, 534px\" \/><\/a><\/p>\n<p>W cesarzowickim parku ro\u015bnie kilka innych, wspania\u0142ych platan\u00f3w, jednak \u017caden rozmiarem nie zbli\u017ca si\u0119 do &#8222;Cesarza&#8221;.<\/p>\n<p><a href=\"https:\/\/www.pomniki-przyrody.pl\/wp-content\/uploads\/2020\/02\/Cesarzowice-grupa-okaza\u0142ych-platan\u00f3w.jpg\"><img loading=\"lazy\" decoding=\"async\" class=\"aligncenter size-full wp-image-14315\" src=\"https:\/\/www.pomniki-przyrody.pl\/wp-content\/uploads\/2020\/02\/Cesarzowice-grupa-okaza\u0142ych-platan\u00f3w.jpg\" alt=\"Cesarzowice - grupa okaza\u0142ych platan\u00f3w\" width=\"800\" height=\"532\" srcset=\"https:\/\/www.pomniki-przyrody.pl\/wp-content\/uploads\/2020\/02\/Cesarzowice-grupa-okaza\u0142ych-platan\u00f3w.jpg 800w, https:\/\/www.pomniki-przyrody.pl\/wp-content\/uploads\/2020\/02\/Cesarzowice-grupa-okaza\u0142ych-platan\u00f3w-300x200.jpg 300w, https:\/\/www.pomniki-przyrody.pl\/wp-content\/uploads\/2020\/02\/Cesarzowice-grupa-okaza\u0142ych-platan\u00f3w-768x511.jpg 768w, https:\/\/www.pomniki-przyrody.pl\/wp-content\/uploads\/2020\/02\/Cesarzowice-grupa-okaza\u0142ych-platan\u00f3w-451x300.jpg 451w\" sizes=\"auto, (max-width: 800px) 100vw, 800px\" \/><\/a><\/p>\n<p>&#8222;Cesarz&#8221; zosta\u0142 opisany w 2020 r. przez Paw\u0142a Lenarta, zapraszam do lektury tego <a href=\"https:\/\/lenartpawel.pl\/platan-klonolistny-z-cesarzowic-cesarz-bez-pomnika.html\"><span style=\"color: #0000ff;\">wpisu<\/span><\/a>. O pozosta\u0142ych pomnikach przyrody w gminie \u015aroda \u015al\u0105ska mo\u017cna poczyta\u0107 w artykule &#8222;<a href=\"https:\/\/www.pomniki-przyrody.pl\/?p=14314\"><span style=\"color: #0000ff;\">Pomniki przyrody w gminie \u015aroda \u015al\u0105ska<\/span><\/a>&#8222;.<\/p>\n","protected":false},"excerpt":{"rendered":"<p>W powszechnej opinii panuje mylne przekonanie, \u017ce ka\u017cde wiekowe b\u0105d\u017a pot\u0119\u017cnych rozmiar\u00f3w drzewo obligatoryjnie staje si\u0119 pomnikiem przyrody. Jednak zgodnie z obowi\u0105zuj\u0105cym prawem powo\u0142anie ka\u017cdego pomnika przyrody wi\u0105\u017ce si\u0119 z opublikowaniem stosownego aktu prawnego &#8211; obecnie jest to Uchwa\u0142a Rady &hellip; <a href=\"https:\/\/www.pomniki-przyrody.pl\/?p=19725\">Czytaj dalej <span class=\"meta-nav\">&rarr;<\/span><\/a><\/p>\n","protected":false},"author":2,"featured_media":0,"comment_status":"open","ping_status":"open","sticky":false,"template":"","format":"standard","meta":{"footnotes":""},"categories":[1],"tags":[1817,1483,2239,1819],"class_list":["post-19725","post","type-post","status-publish","format-standard","hentry","category-przyroda-ozywiona","tag-cesarzowice","tag-dolnoslaskie","tag-gmina-sroda-slaska-2","tag-platan-cesarz"],"_links":{"self":[{"href":"https:\/\/www.pomniki-przyrody.pl\/index.php?rest_route=\/wp\/v2\/posts\/19725","targetHints":{"allow":["GET"]}}],"collection":[{"href":"https:\/\/www.pomniki-przyrody.pl\/index.php?rest_route=\/wp\/v2\/posts"}],"about":[{"href":"https:\/\/www.pomniki-przyrody.pl\/index.php?rest_route=\/wp\/v2\/types\/post"}],"author":[{"embeddable":true,"href":"https:\/\/www.pomniki-przyrody.pl\/index.php?rest_route=\/wp\/v2\/users\/2"}],"replies":[{"embeddable":true,"href":"https:\/\/www.pomniki-przyrody.pl\/index.php?rest_route=%2Fwp%2Fv2%2Fcomments&post=19725"}],"version-history":[{"count":6,"href":"https:\/\/www.pomniki-przyrody.pl\/index.php?rest_route=\/wp\/v2\/posts\/19725\/revisions"}],"predecessor-version":[{"id":19773,"href":"https:\/\/www.pomniki-przyrody.pl\/index.php?rest_route=\/wp\/v2\/posts\/19725\/revisions\/19773"}],"wp:attachment":[{"href":"https:\/\/www.pomniki-przyrody.pl\/index.php?rest_route=%2Fwp%2Fv2%2Fmedia&parent=19725"}],"wp:term":[{"taxonomy":"category","embeddable":true,"href":"https:\/\/www.pomniki-przyrody.pl\/index.php?rest_route=%2Fwp%2Fv2%2Fcategories&post=19725"},{"taxonomy":"post_tag","embeddable":true,"href":"https:\/\/www.pomniki-przyrody.pl\/index.php?rest_route=%2Fwp%2Fv2%2Ftags&post=19725"}],"curies":[{"name":"wp","href":"https:\/\/api.w.org\/{rel}","templated":true}]}}