{"id":19774,"date":"2025-04-01T20:11:57","date_gmt":"2025-04-01T18:11:57","guid":{"rendered":"https:\/\/www.pomniki-przyrody.pl\/?p=19774"},"modified":"2025-04-01T20:11:57","modified_gmt":"2025-04-01T18:11:57","slug":"platan-milosci-z-targoszyna-gm-msciwojow-dolnoslaskie","status":"publish","type":"post","link":"https:\/\/www.pomniki-przyrody.pl\/?p=19774","title":{"rendered":"Platan Mi\u0142o\u015bci z Targoszyna (gm. M\u015bciwoj\u00f3w, dolno\u015bl\u0105skie)."},"content":{"rendered":"<p>Pa\u0142ac w Targoszynie (gm. M\u015bciwoj\u00f3w, pow. jaworski, dolno\u015bl\u0105skie) powsta\u0142 po 1765 roku na zlecenie Karla Andreasa Samuela barona von Richthofena. Po po\u017carze kt\u00f3ry mia\u0142 miejsce w 1884 r. zosta\u0142 gruntownie przebudowany i oddany do u\u017cytku w 1897 r. Zyska\u0142 wtedy neorenesansowe elementy architektoniczne: szczyty, gzymsy, ryzality opaski wok\u00f3\u0142 okien, loggia oraz tarasy. Po II wojnie \u015bwiatowej obiekt by\u0142 siedzib\u0105 Przedsi\u0119biorstwa Pa\u0144stwowego Rolniczo &#8211; Do\u015bwiadczalnego w Targoszynie. Od 2020 r. obiektem opiekuje si\u0119 Fundacja Marysie\u0144ka, kt\u00f3rej celem jest przywr\u00f3cenie kompleksowi dawnej \u015bwietno\u015bci.<\/p>\n<p><a href=\"https:\/\/www.pomniki-przyrody.pl\/wp-content\/uploads\/2025\/02\/poludniowa-elewacja-palacu-w-Targoszynie.jpg\"><img loading=\"lazy\" decoding=\"async\" class=\"aligncenter wp-image-19786 size-full\" title=\"po\u0142udniowa elewacja pa\u0142acu w Targoszynie\" src=\"https:\/\/www.pomniki-przyrody.pl\/wp-content\/uploads\/2025\/02\/poludniowa-elewacja-palacu-w-Targoszynie.jpg\" alt=\"po\u0142udniowa elewacja pa\u0142acu w Targoszynie\" width=\"800\" height=\"534\" srcset=\"https:\/\/www.pomniki-przyrody.pl\/wp-content\/uploads\/2025\/02\/poludniowa-elewacja-palacu-w-Targoszynie.jpg 800w, https:\/\/www.pomniki-przyrody.pl\/wp-content\/uploads\/2025\/02\/poludniowa-elewacja-palacu-w-Targoszynie-300x200.jpg 300w, https:\/\/www.pomniki-przyrody.pl\/wp-content\/uploads\/2025\/02\/poludniowa-elewacja-palacu-w-Targoszynie-768x513.jpg 768w, https:\/\/www.pomniki-przyrody.pl\/wp-content\/uploads\/2025\/02\/poludniowa-elewacja-palacu-w-Targoszynie-449x300.jpg 449w\" sizes=\"auto, (max-width: 800px) 100vw, 800px\" \/><\/a><a href=\"https:\/\/www.pomniki-przyrody.pl\/wp-content\/uploads\/2025\/02\/tablica-przed-wejsciem-do-parku-w-Targoszynie.jpg\"><img loading=\"lazy\" decoding=\"async\" class=\"aligncenter wp-image-19788 size-full\" title=\"tablica przed wej\u015bciem do parku w Targoszynie\" src=\"https:\/\/www.pomniki-przyrody.pl\/wp-content\/uploads\/2025\/02\/tablica-przed-wejsciem-do-parku-w-Targoszynie.jpg\" alt=\"tablica przed wej\u015bciem do parku w Targoszynie\" width=\"1000\" height=\"603\" srcset=\"https:\/\/www.pomniki-przyrody.pl\/wp-content\/uploads\/2025\/02\/tablica-przed-wejsciem-do-parku-w-Targoszynie.jpg 1000w, https:\/\/www.pomniki-przyrody.pl\/wp-content\/uploads\/2025\/02\/tablica-przed-wejsciem-do-parku-w-Targoszynie-300x181.jpg 300w, https:\/\/www.pomniki-przyrody.pl\/wp-content\/uploads\/2025\/02\/tablica-przed-wejsciem-do-parku-w-Targoszynie-768x463.jpg 768w, https:\/\/www.pomniki-przyrody.pl\/wp-content\/uploads\/2025\/02\/tablica-przed-wejsciem-do-parku-w-Targoszynie-498x300.jpg 498w\" sizes=\"auto, (max-width: 1000px) 100vw, 1000px\" \/><\/a><a href=\"https:\/\/www.pomniki-przyrody.pl\/wp-content\/uploads\/2025\/02\/palac-w-Targoszynie.jpg\"><img loading=\"lazy\" decoding=\"async\" class=\"aligncenter wp-image-19776 size-full\" title=\"pa\u0142ac w Targoszynie\" src=\"https:\/\/www.pomniki-przyrody.pl\/wp-content\/uploads\/2025\/02\/palac-w-Targoszynie.jpg\" alt=\"pa\u0142ac w Targoszynie\" width=\"800\" height=\"532\" srcset=\"https:\/\/www.pomniki-przyrody.pl\/wp-content\/uploads\/2025\/02\/palac-w-Targoszynie.jpg 800w, https:\/\/www.pomniki-przyrody.pl\/wp-content\/uploads\/2025\/02\/palac-w-Targoszynie-300x200.jpg 300w, https:\/\/www.pomniki-przyrody.pl\/wp-content\/uploads\/2025\/02\/palac-w-Targoszynie-768x511.jpg 768w, https:\/\/www.pomniki-przyrody.pl\/wp-content\/uploads\/2025\/02\/palac-w-Targoszynie-451x300.jpg 451w\" sizes=\"auto, (max-width: 800px) 100vw, 800px\" \/><\/a><\/p>\n<p>Pa\u0142ac w Targoszynie otacza za\u0142o\u017cenie parkowe w stylu krajobrazowym (angielskim) o powierzchni 12 ha, zaprojektowane w 1879 roku przez s\u0142ynnego Eduarda Petzolda . W drzewostanie dominuj\u0105 rodzime gatunki li\u015bciaste, znawca jest w stanie odnale\u017a\u0107 kilka ciekawych egzemplarzy drzew egzotycznych. Znaczn\u0105 cz\u0119\u015b\u0107 parku zajmuj\u0105 rozleg\u0142e\u00a0 polany, ocienione miejsca znajduj\u0105 si\u0119 na obrze\u017cu parku, po kt\u00f3rym wytyczono \u015bcie\u017ck\u0119 dydaktyczn\u0105 z kolorowymi tablicami.<a href=\"https:\/\/www.pomniki-przyrody.pl\/wp-content\/uploads\/2025\/02\/fragment-parku-w-Targoszynie.jpg\"><img loading=\"lazy\" decoding=\"async\" class=\"aligncenter wp-image-19775 size-full\" title=\"fragment parku w Targoszynie\" src=\"https:\/\/www.pomniki-przyrody.pl\/wp-content\/uploads\/2025\/02\/fragment-parku-w-Targoszynie.jpg\" alt=\"fragment parku w Targoszynie\" width=\"800\" height=\"532\" srcset=\"https:\/\/www.pomniki-przyrody.pl\/wp-content\/uploads\/2025\/02\/fragment-parku-w-Targoszynie.jpg 800w, https:\/\/www.pomniki-przyrody.pl\/wp-content\/uploads\/2025\/02\/fragment-parku-w-Targoszynie-300x200.jpg 300w, https:\/\/www.pomniki-przyrody.pl\/wp-content\/uploads\/2025\/02\/fragment-parku-w-Targoszynie-768x511.jpg 768w, https:\/\/www.pomniki-przyrody.pl\/wp-content\/uploads\/2025\/02\/fragment-parku-w-Targoszynie-451x300.jpg 451w\" sizes=\"auto, (max-width: 800px) 100vw, 800px\" \/><\/a><\/p>\n<p>Najokazalszym drzewem w parku jest rosn\u0105cy tu\u017c przy pa\u0142acu okaz platana klonolistnego o nazwie Platan Mi\u0142o\u015bci. To cz\u0119sto spotykany gatunek parkowy, ch\u0119tnie sadzony ze wzgl\u0119du na oryginalny wygl\u0105d (odpadaj\u0105ca p\u0142atami kora na pniu) i szybkie przyrosty.<\/p>\n<p>GPS N 51\u00b001\u201941.1\u201d , E 16\u00b018\u201919.9\u201d<\/p>\n<p><a href=\"https:\/\/www.pomniki-przyrody.pl\/wp-content\/uploads\/2025\/02\/park-w-Targoszynie-palac-i-pomnikowy-platan.jpg\"><img loading=\"lazy\" decoding=\"async\" class=\"aligncenter wp-image-19777 size-full\" title=\"park w Targoszynie - pa\u0142ac i pomnikowy platan\" src=\"https:\/\/www.pomniki-przyrody.pl\/wp-content\/uploads\/2025\/02\/park-w-Targoszynie-palac-i-pomnikowy-platan.jpg\" alt=\"park w Targoszynie - pa\u0142ac i pomnikowy platan\" width=\"800\" height=\"534\" srcset=\"https:\/\/www.pomniki-przyrody.pl\/wp-content\/uploads\/2025\/02\/park-w-Targoszynie-palac-i-pomnikowy-platan.jpg 800w, https:\/\/www.pomniki-przyrody.pl\/wp-content\/uploads\/2025\/02\/park-w-Targoszynie-palac-i-pomnikowy-platan-300x200.jpg 300w, https:\/\/www.pomniki-przyrody.pl\/wp-content\/uploads\/2025\/02\/park-w-Targoszynie-palac-i-pomnikowy-platan-768x513.jpg 768w, https:\/\/www.pomniki-przyrody.pl\/wp-content\/uploads\/2025\/02\/park-w-Targoszynie-palac-i-pomnikowy-platan-449x300.jpg 449w\" sizes=\"auto, (max-width: 800px) 100vw, 800px\" \/><\/a><a href=\"https:\/\/www.pomniki-przyrody.pl\/wp-content\/uploads\/2025\/02\/Targoszyn-pomnikowy-platan-w-pelnej-okazalosci.jpg\"><img loading=\"lazy\" decoding=\"async\" class=\"aligncenter wp-image-19791 size-full\" title=\"Targoszyn - pomnikowy platan w pe\u0142nej okaza\u0142o\u015bci\" src=\"https:\/\/www.pomniki-przyrody.pl\/wp-content\/uploads\/2025\/02\/Targoszyn-pomnikowy-platan-w-pelnej-okazalosci.jpg\" alt=\"Targoszyn - pomnikowy platan w pe\u0142nej okaza\u0142o\u015bci\" width=\"800\" height=\"534\" srcset=\"https:\/\/www.pomniki-przyrody.pl\/wp-content\/uploads\/2025\/02\/Targoszyn-pomnikowy-platan-w-pelnej-okazalosci.jpg 800w, https:\/\/www.pomniki-przyrody.pl\/wp-content\/uploads\/2025\/02\/Targoszyn-pomnikowy-platan-w-pelnej-okazalosci-300x200.jpg 300w, https:\/\/www.pomniki-przyrody.pl\/wp-content\/uploads\/2025\/02\/Targoszyn-pomnikowy-platan-w-pelnej-okazalosci-768x513.jpg 768w, https:\/\/www.pomniki-przyrody.pl\/wp-content\/uploads\/2025\/02\/Targoszyn-pomnikowy-platan-w-pelnej-okazalosci-449x300.jpg 449w\" sizes=\"auto, (max-width: 800px) 100vw, 800px\" \/><\/a><a href=\"https:\/\/www.pomniki-przyrody.pl\/wp-content\/uploads\/2025\/02\/Targoszyn-pomnikowy-platan-latem.jpg\"><img loading=\"lazy\" decoding=\"async\" class=\"aligncenter wp-image-19790 size-full\" title=\"Targoszyn - pomnikowy platan latem\" src=\"https:\/\/www.pomniki-przyrody.pl\/wp-content\/uploads\/2025\/02\/Targoszyn-pomnikowy-platan-latem.jpg\" alt=\"Targoszyn - pomnikowy platan latem\" width=\"800\" height=\"532\" srcset=\"https:\/\/www.pomniki-przyrody.pl\/wp-content\/uploads\/2025\/02\/Targoszyn-pomnikowy-platan-latem.jpg 800w, https:\/\/www.pomniki-przyrody.pl\/wp-content\/uploads\/2025\/02\/Targoszyn-pomnikowy-platan-latem-300x200.jpg 300w, https:\/\/www.pomniki-przyrody.pl\/wp-content\/uploads\/2025\/02\/Targoszyn-pomnikowy-platan-latem-768x511.jpg 768w, https:\/\/www.pomniki-przyrody.pl\/wp-content\/uploads\/2025\/02\/Targoszyn-pomnikowy-platan-latem-451x300.jpg 451w\" sizes=\"auto, (max-width: 800px) 100vw, 800px\" \/><\/a><\/p>\n<p>Zgodnie z lokaln\u0105 legend\u0105 platan zosta\u0142 posadzony na znak mi\u0142o\u015bci Anny, c\u00f3rki kowala z Targoszyna i Caspara, syna sadownik\u00f3w z Niedaszowa, kt\u00f3ry podarowa\u0142 dziewczynie sadzonk\u0119 drzewa z zawieszonym na ga\u0142\u0105zce pier\u015bcionkiem zar\u0119czynowym.<\/p>\n<p><a href=\"https:\/\/www.pomniki-przyrody.pl\/wp-content\/uploads\/2025\/02\/Platan-Milosci-z-Targoszyna.jpg\"><img loading=\"lazy\" decoding=\"async\" class=\"aligncenter wp-image-19783 size-full\" title=\"Platan Mi\u0142o\u015bci z Targoszyna\" src=\"https:\/\/www.pomniki-przyrody.pl\/wp-content\/uploads\/2025\/02\/Platan-Milosci-z-Targoszyna.jpg\" alt=\"Platan Mi\u0142o\u015bci z Targoszyna\" width=\"532\" height=\"800\" srcset=\"https:\/\/www.pomniki-przyrody.pl\/wp-content\/uploads\/2025\/02\/Platan-Milosci-z-Targoszyna.jpg 532w, https:\/\/www.pomniki-przyrody.pl\/wp-content\/uploads\/2025\/02\/Platan-Milosci-z-Targoszyna-200x300.jpg 200w\" sizes=\"auto, (max-width: 532px) 100vw, 532px\" \/><\/a><a href=\"https:\/\/www.pomniki-przyrody.pl\/wp-content\/uploads\/2025\/02\/Platan-Milosci-latem.jpg\"><img loading=\"lazy\" decoding=\"async\" class=\"aligncenter wp-image-19779 size-full\" title=\"Platan Mi\u0142o\u015bci latem\" src=\"https:\/\/www.pomniki-przyrody.pl\/wp-content\/uploads\/2025\/02\/Platan-Milosci-latem.jpg\" alt=\"Platan Mi\u0142o\u015bci latem\" width=\"532\" height=\"800\" srcset=\"https:\/\/www.pomniki-przyrody.pl\/wp-content\/uploads\/2025\/02\/Platan-Milosci-latem.jpg 532w, https:\/\/www.pomniki-przyrody.pl\/wp-content\/uploads\/2025\/02\/Platan-Milosci-latem-200x300.jpg 200w\" sizes=\"auto, (max-width: 532px) 100vw, 532px\" \/><\/a><img loading=\"lazy\" decoding=\"async\" class=\"aligncenter wp-image-19781 size-full\" title=\"Platan Mi\u0142o\u015bci przy pa\u0142acu w Targoszynie\" src=\"https:\/\/www.pomniki-przyrody.pl\/wp-content\/uploads\/2025\/02\/Platan-Milosci-przy-palacu-w-Targoszynie.jpg\" alt=\"Platan Mi\u0142o\u015bci przy pa\u0142acu w Targoszynie\" width=\"800\" height=\"532\" srcset=\"https:\/\/www.pomniki-przyrody.pl\/wp-content\/uploads\/2025\/02\/Platan-Milosci-przy-palacu-w-Targoszynie.jpg 800w, https:\/\/www.pomniki-przyrody.pl\/wp-content\/uploads\/2025\/02\/Platan-Milosci-przy-palacu-w-Targoszynie-300x200.jpg 300w, https:\/\/www.pomniki-przyrody.pl\/wp-content\/uploads\/2025\/02\/Platan-Milosci-przy-palacu-w-Targoszynie-768x511.jpg 768w, https:\/\/www.pomniki-przyrody.pl\/wp-content\/uploads\/2025\/02\/Platan-Milosci-przy-palacu-w-Targoszynie-451x300.jpg 451w\" sizes=\"auto, (max-width: 800px) 100vw, 800px\" \/>Platan Mi\u0142o\u015bci z Targoszyna charakteryzuje si\u0119 wyj\u0105tkowo masywnym pniem, kt\u00f3ry rozdziela si\u0119 ju\u017c w odziomku na trzy ogromne konary. Z du\u017cym prawdopodobie\u0144stwem mo\u017cna uzna\u0107, \u017ce obecna sylwetka tego platana jest wynikiem zro\u015bni\u0119cia trzech m\u0142odych drzewek.<a href=\"https:\/\/www.pomniki-przyrody.pl\/wp-content\/uploads\/2025\/02\/Platan-Milosci-ozdoba-parku-w-Targoszynie.jpg\"><img loading=\"lazy\" decoding=\"async\" class=\"aligncenter wp-image-19778 size-full\" title=\"Platan Mi\u0142o\u015bci - ozdoba parku w Targoszynie\" src=\"https:\/\/www.pomniki-przyrody.pl\/wp-content\/uploads\/2025\/02\/Platan-Milosci-ozdoba-parku-w-Targoszynie.jpg\" alt=\"Platan Mi\u0142o\u015bci - ozdoba parku w Targoszynie\" width=\"800\" height=\"532\" srcset=\"https:\/\/www.pomniki-przyrody.pl\/wp-content\/uploads\/2025\/02\/Platan-Milosci-ozdoba-parku-w-Targoszynie.jpg 800w, https:\/\/www.pomniki-przyrody.pl\/wp-content\/uploads\/2025\/02\/Platan-Milosci-ozdoba-parku-w-Targoszynie-300x200.jpg 300w, https:\/\/www.pomniki-przyrody.pl\/wp-content\/uploads\/2025\/02\/Platan-Milosci-ozdoba-parku-w-Targoszynie-768x511.jpg 768w, https:\/\/www.pomniki-przyrody.pl\/wp-content\/uploads\/2025\/02\/Platan-Milosci-ozdoba-parku-w-Targoszynie-451x300.jpg 451w\" sizes=\"auto, (max-width: 800px) 100vw, 800px\" \/><\/a><a href=\"https:\/\/www.pomniki-przyrody.pl\/wp-content\/uploads\/2025\/02\/pnie-Platana-Milosci-z-Targoszyna-jesienia.jpg\"><img loading=\"lazy\" decoding=\"async\" class=\"aligncenter wp-image-19784 size-full\" title=\"pnie Platana Mi\u0142o\u015bci z Targoszyna jesieni\u0105\" src=\"https:\/\/www.pomniki-przyrody.pl\/wp-content\/uploads\/2025\/02\/pnie-Platana-Milosci-z-Targoszyna-jesienia.jpg\" alt=\"pnie Platana Mi\u0142o\u015bci z Targoszyna jesieni\u0105\" width=\"800\" height=\"532\" srcset=\"https:\/\/www.pomniki-przyrody.pl\/wp-content\/uploads\/2025\/02\/pnie-Platana-Milosci-z-Targoszyna-jesienia.jpg 800w, https:\/\/www.pomniki-przyrody.pl\/wp-content\/uploads\/2025\/02\/pnie-Platana-Milosci-z-Targoszyna-jesienia-300x200.jpg 300w, https:\/\/www.pomniki-przyrody.pl\/wp-content\/uploads\/2025\/02\/pnie-Platana-Milosci-z-Targoszyna-jesienia-768x511.jpg 768w, https:\/\/www.pomniki-przyrody.pl\/wp-content\/uploads\/2025\/02\/pnie-Platana-Milosci-z-Targoszyna-jesienia-451x300.jpg 451w\" sizes=\"auto, (max-width: 800px) 100vw, 800px\" \/><\/a><\/p>\n<p>Obok drzewa ustawiono tablic\u0119 opisuj\u0105ca parametry targoszy\u0144skiego platana: wysoko\u015b\u0107 &#8211; 20 metr\u00f3w, obw\u00f3d na wysoko\u015bci 130 cm: 686 + 349\u00a0 = 1035 cm, wiek to ok. 300 lat.\u00a0 Warto tu zwr\u00f3ci\u0107 uwag\u0119 na dwa istotne b\u0142\u0119dy: zapis 686 + 349 cm nie jest sum\u0105 matematyczn\u0105, <strong>obwod\u00f3w poszczeg\u00f3lnych pni nie wolno do siebie dodawa\u0107<\/strong>! Mocno przesadzony jest r\u00f3wnie\u017c podany wiek drzewa, kt\u00f3re prawdopodobnie zosta\u0142o\u00a0 posadzone w czasie zak\u0142adania parku, czyli w 1879 r. Zak\u0142adaj\u0105c \u017ce sadzonka liczy\u0142a sobie kilkana\u015bcie lat, to wiek Platana Mi\u0142o\u015bci nale\u017cy oszacowa\u0107 na <strong>160 &#8211; 170 lat<\/strong>.<a href=\"https:\/\/www.pomniki-przyrody.pl\/wp-content\/uploads\/2025\/02\/Targoszyn-Platan-Milosci.jpg\"><img loading=\"lazy\" decoding=\"async\" class=\"aligncenter wp-image-19789 size-full\" title=\"Targoszyn - Platan Mi\u0142o\u015bci\" src=\"https:\/\/www.pomniki-przyrody.pl\/wp-content\/uploads\/2025\/02\/Targoszyn-Platan-Milosci.jpg\" alt=\"Targoszyn - Platan Mi\u0142o\u015bci\" width=\"800\" height=\"532\" srcset=\"https:\/\/www.pomniki-przyrody.pl\/wp-content\/uploads\/2025\/02\/Targoszyn-Platan-Milosci.jpg 800w, https:\/\/www.pomniki-przyrody.pl\/wp-content\/uploads\/2025\/02\/Targoszyn-Platan-Milosci-300x200.jpg 300w, https:\/\/www.pomniki-przyrody.pl\/wp-content\/uploads\/2025\/02\/Targoszyn-Platan-Milosci-768x511.jpg 768w, https:\/\/www.pomniki-przyrody.pl\/wp-content\/uploads\/2025\/02\/Targoszyn-Platan-Milosci-451x300.jpg 451w\" sizes=\"auto, (max-width: 800px) 100vw, 800px\" \/><\/a><a href=\"https:\/\/www.pomniki-przyrody.pl\/wp-content\/uploads\/2025\/02\/tablica-opisujaca-Platan-Milosci-w-Targoszynie.jpg\"><img loading=\"lazy\" decoding=\"async\" class=\"aligncenter wp-image-19787 size-full\" title=\"tablica opisuj\u0105ca Platan Mi\u0142o\u015bci w Targoszynie\" src=\"https:\/\/www.pomniki-przyrody.pl\/wp-content\/uploads\/2025\/02\/tablica-opisujaca-Platan-Milosci-w-Targoszynie.jpg\" alt=\"tablica opisuj\u0105ca Platan Mi\u0142o\u015bci w Targoszynie\" width=\"800\" height=\"532\" srcset=\"https:\/\/www.pomniki-przyrody.pl\/wp-content\/uploads\/2025\/02\/tablica-opisujaca-Platan-Milosci-w-Targoszynie.jpg 800w, https:\/\/www.pomniki-przyrody.pl\/wp-content\/uploads\/2025\/02\/tablica-opisujaca-Platan-Milosci-w-Targoszynie-300x200.jpg 300w, https:\/\/www.pomniki-przyrody.pl\/wp-content\/uploads\/2025\/02\/tablica-opisujaca-Platan-Milosci-w-Targoszynie-768x511.jpg 768w, https:\/\/www.pomniki-przyrody.pl\/wp-content\/uploads\/2025\/02\/tablica-opisujaca-Platan-Milosci-w-Targoszynie-451x300.jpg 451w\" sizes=\"auto, (max-width: 800px) 100vw, 800px\" \/><\/a><\/p>\n<p>Uchwa\u0142\u0105 nr II.16.2024 Rady Gminy M\u015bciwoj\u00f3w z dnia 27 maja 2024 r. opisywany platan uzyska\u0142 status pomnika przyrody. O pozosta\u0142ych pomnikach przyrody w gminie M\u015bciwoj\u00f3w mo\u017cna poczyta\u0107 w artykule &#8222;<span style=\"color: #0000ff;\"><a style=\"color: #0000ff;\" href=\"https:\/\/www.pomniki-przyrody.pl\/?p=3261\">Pomniki przyrody w gminie M\u015bciwoj\u00f3w<\/a><\/span>&#8222;.<\/p>\n<p><a href=\"https:\/\/www.pomniki-przyrody.pl\/wp-content\/uploads\/2025\/02\/Platan-Milosci-na-tle-Palacu-w-Targoszynie.jpg\"><img loading=\"lazy\" decoding=\"async\" class=\"aligncenter wp-image-19780 size-full\" title=\"Platan Mi\u0142o\u015bci na tle Pa\u0142acu w Targoszynie\" src=\"https:\/\/www.pomniki-przyrody.pl\/wp-content\/uploads\/2025\/02\/Platan-Milosci-na-tle-Palacu-w-Targoszynie.jpg\" alt=\"Platan Mi\u0142o\u015bci na tle Pa\u0142acu w Targoszynie\" width=\"800\" height=\"532\" srcset=\"https:\/\/www.pomniki-przyrody.pl\/wp-content\/uploads\/2025\/02\/Platan-Milosci-na-tle-Palacu-w-Targoszynie.jpg 800w, https:\/\/www.pomniki-przyrody.pl\/wp-content\/uploads\/2025\/02\/Platan-Milosci-na-tle-Palacu-w-Targoszynie-300x200.jpg 300w, https:\/\/www.pomniki-przyrody.pl\/wp-content\/uploads\/2025\/02\/Platan-Milosci-na-tle-Palacu-w-Targoszynie-768x511.jpg 768w, https:\/\/www.pomniki-przyrody.pl\/wp-content\/uploads\/2025\/02\/Platan-Milosci-na-tle-Palacu-w-Targoszynie-451x300.jpg 451w\" sizes=\"auto, (max-width: 800px) 100vw, 800px\" \/><\/a><a href=\"https:\/\/www.pomniki-przyrody.pl\/wp-content\/uploads\/2025\/02\/pnie-Platana-Milosci-z-Targoszyna.jpg\"><img loading=\"lazy\" decoding=\"async\" class=\"aligncenter wp-image-19785 size-full\" title=\"pnie Platana Mi\u0142o\u015bci z Targoszyna\" src=\"https:\/\/www.pomniki-przyrody.pl\/wp-content\/uploads\/2025\/02\/pnie-Platana-Milosci-z-Targoszyna.jpg\" alt=\"pnie Platana Mi\u0142o\u015bci z Targoszyna\" width=\"800\" height=\"532\" srcset=\"https:\/\/www.pomniki-przyrody.pl\/wp-content\/uploads\/2025\/02\/pnie-Platana-Milosci-z-Targoszyna.jpg 800w, https:\/\/www.pomniki-przyrody.pl\/wp-content\/uploads\/2025\/02\/pnie-Platana-Milosci-z-Targoszyna-300x200.jpg 300w, https:\/\/www.pomniki-przyrody.pl\/wp-content\/uploads\/2025\/02\/pnie-Platana-Milosci-z-Targoszyna-768x511.jpg 768w, https:\/\/www.pomniki-przyrody.pl\/wp-content\/uploads\/2025\/02\/pnie-Platana-Milosci-z-Targoszyna-451x300.jpg 451w\" sizes=\"auto, (max-width: 800px) 100vw, 800px\" \/><\/a><a href=\"https:\/\/www.pomniki-przyrody.pl\/wp-content\/uploads\/2025\/02\/Platan-Milosci-widziany-od-poludnia.jpg\"><img loading=\"lazy\" decoding=\"async\" class=\"aligncenter wp-image-19782 size-full\" title=\"Platan Mi\u0142o\u015bci widziany od po\u0142udnia\" src=\"https:\/\/www.pomniki-przyrody.pl\/wp-content\/uploads\/2025\/02\/Platan-Milosci-widziany-od-poludnia.jpg\" alt=\"Platan Mi\u0142o\u015bci widziany od po\u0142udnia\" width=\"800\" height=\"532\" srcset=\"https:\/\/www.pomniki-przyrody.pl\/wp-content\/uploads\/2025\/02\/Platan-Milosci-widziany-od-poludnia.jpg 800w, https:\/\/www.pomniki-przyrody.pl\/wp-content\/uploads\/2025\/02\/Platan-Milosci-widziany-od-poludnia-300x200.jpg 300w, https:\/\/www.pomniki-przyrody.pl\/wp-content\/uploads\/2025\/02\/Platan-Milosci-widziany-od-poludnia-768x511.jpg 768w, https:\/\/www.pomniki-przyrody.pl\/wp-content\/uploads\/2025\/02\/Platan-Milosci-widziany-od-poludnia-451x300.jpg 451w\" sizes=\"auto, (max-width: 800px) 100vw, 800px\" \/><\/a><\/p>\n","protected":false},"excerpt":{"rendered":"<p>Pa\u0142ac w Targoszynie (gm. M\u015bciwoj\u00f3w, pow. jaworski, dolno\u015bl\u0105skie) powsta\u0142 po 1765 roku na zlecenie Karla Andreasa Samuela barona von Richthofena. Po po\u017carze kt\u00f3ry mia\u0142 miejsce w 1884 r. zosta\u0142 gruntownie przebudowany i oddany do u\u017cytku w 1897 r. Zyska\u0142 wtedy &hellip; <a href=\"https:\/\/www.pomniki-przyrody.pl\/?p=19774\">Czytaj dalej <span class=\"meta-nav\">&rarr;<\/span><\/a><\/p>\n","protected":false},"author":2,"featured_media":0,"comment_status":"open","ping_status":"open","sticky":false,"template":"","format":"standard","meta":{"footnotes":""},"categories":[1],"tags":[1483,2242,2244,621,2243],"class_list":["post-19774","post","type-post","status-publish","format-standard","hentry","category-przyroda-ozywiona","tag-dolnoslaskie","tag-gmina-msciwojow","tag-platan-milosci","tag-pomnikowy-platan","tag-targoszyn"],"_links":{"self":[{"href":"https:\/\/www.pomniki-przyrody.pl\/index.php?rest_route=\/wp\/v2\/posts\/19774","targetHints":{"allow":["GET"]}}],"collection":[{"href":"https:\/\/www.pomniki-przyrody.pl\/index.php?rest_route=\/wp\/v2\/posts"}],"about":[{"href":"https:\/\/www.pomniki-przyrody.pl\/index.php?rest_route=\/wp\/v2\/types\/post"}],"author":[{"embeddable":true,"href":"https:\/\/www.pomniki-przyrody.pl\/index.php?rest_route=\/wp\/v2\/users\/2"}],"replies":[{"embeddable":true,"href":"https:\/\/www.pomniki-przyrody.pl\/index.php?rest_route=%2Fwp%2Fv2%2Fcomments&post=19774"}],"version-history":[{"count":6,"href":"https:\/\/www.pomniki-przyrody.pl\/index.php?rest_route=\/wp\/v2\/posts\/19774\/revisions"}],"predecessor-version":[{"id":19799,"href":"https:\/\/www.pomniki-przyrody.pl\/index.php?rest_route=\/wp\/v2\/posts\/19774\/revisions\/19799"}],"wp:attachment":[{"href":"https:\/\/www.pomniki-przyrody.pl\/index.php?rest_route=%2Fwp%2Fv2%2Fmedia&parent=19774"}],"wp:term":[{"taxonomy":"category","embeddable":true,"href":"https:\/\/www.pomniki-przyrody.pl\/index.php?rest_route=%2Fwp%2Fv2%2Fcategories&post=19774"},{"taxonomy":"post_tag","embeddable":true,"href":"https:\/\/www.pomniki-przyrody.pl\/index.php?rest_route=%2Fwp%2Fv2%2Ftags&post=19774"}],"curies":[{"name":"wp","href":"https:\/\/api.w.org\/{rel}","templated":true}]}}