{"id":20166,"date":"2026-01-25T20:17:04","date_gmt":"2026-01-25T19:17:04","guid":{"rendered":"https:\/\/www.pomniki-przyrody.pl\/?p=20166"},"modified":"2026-01-25T20:17:04","modified_gmt":"2026-01-25T19:17:04","slug":"pomnikowy-dab-w-pieczyskach-ilowskich-gmina-ilow-mazowieckie","status":"publish","type":"post","link":"https:\/\/www.pomniki-przyrody.pl\/?p=20166","title":{"rendered":"Pomnikowy d\u0105b w Pieczyskach I\u0142owskich (gmina I\u0142\u00f3w, mazowieckie)."},"content":{"rendered":"<p>Szukaj\u0105c inspiracji do kolejnych wypraw dendrologicznych najcz\u0119\u015bciej posi\u0142kuj\u0119 si\u0119 sieci\u0105 internetow\u0105 (np.: mapa GDO\u015a, Rejestr Polskich Drzew Pomnikowych), tu zwykle mamy do czynienia z najbardziej aktualnymi informacjami. Z publikacji ksi\u0105\u017ckowych nale\u017cy wymieni\u0107 kultow\u0105 ju\u017c pozycj\u0119 Cezarego Pacyniaka &#8222;Najstarsze drzewa w Polsce&#8221; z 1992 r. oraz znacznie bardziej aktualny album &#8222;Drzewa Polski&#8221; z 2016 r. Czasem jednak wystarczy kilka lat, ba! jedna wichura, by ca\u0142kowicie odmieni\u0107 wygl\u0105d drzewa lub jego otoczenie. Z tak\u0105 sytuacj\u0105 mia\u0142em do czynienia gdy wraz z Paw\u0142em Lenartem dojechali\u015bmy do olbrzymiego d\u0119bu z w Pieczyskach I\u0142owskich &#8211; pokr\u00f3j drzewa i jego aktualne otoczenie wzbudzi\u0142y w\u0105tpliwo\u015bci, czy na pewno trafili\u015bmy do w\u0142a\u015bciwego okazu.<\/p>\n<p><a href=\"https:\/\/www.pomniki-przyrody.pl\/wp-content\/uploads\/2026\/01\/dab-Pieczyska-Ilawskie-GDOS.jpg\"><img loading=\"lazy\" decoding=\"async\" class=\"aligncenter wp-image-20183 size-full\" title=\"d\u0105b Pieczyska I\u0142awskie GDO\u015a\" src=\"https:\/\/www.pomniki-przyrody.pl\/wp-content\/uploads\/2026\/01\/dab-Pieczyska-Ilawskie-GDOS.jpg\" alt=\"d\u0105b Pieczyska I\u0142awskie GDO\u015a\" width=\"440\" height=\"496\" srcset=\"https:\/\/www.pomniki-przyrody.pl\/wp-content\/uploads\/2026\/01\/dab-Pieczyska-Ilawskie-GDOS.jpg 440w, https:\/\/www.pomniki-przyrody.pl\/wp-content\/uploads\/2026\/01\/dab-Pieczyska-Ilawskie-GDOS-266x300.jpg 266w\" sizes=\"auto, (max-width: 440px) 100vw, 440px\" \/><\/a>Widoczne powy\u017cej zdj\u0119cie pochodzi z Geoserwisu GDO\u015a (wi\u0119kszo\u015b\u0107 zdj\u0119\u0107 zamieszczonych w tym serwisie wykonano w 2015 r.), podobn\u0105 fotografi\u0119 znajdziemy w albumie &#8222;Drzewa Polski&#8221;. Widoczny jest pi\u0119kny egzemplarz d\u0119bu rosn\u0105cy na otwartej przestrzeni, z szerok\u0105, dobrze rozwini\u0119t\u0105 koron\u0105. Tymczasem zastali\u015bmy d\u0105b z ogromnymi ubytkami w pniu, z mocno zredukowan\u0105 koron\u0105 i wyra\u017anymi \u015bladami pracy arboryst\u00f3w, dokonuj\u0105cych pr\u00f3by uratowania drzewa. Ponadto drzewo ros\u0142o na przydro\u017cnej skarpie, obok parceli otoczonej wysokim p\u0142otem.<\/p>\n<p><a href=\"https:\/\/www.pomniki-przyrody.pl\/wp-content\/uploads\/2026\/01\/Pieczyska-Ilowskie-pomnikowy-dab.jpg\"><img loading=\"lazy\" decoding=\"async\" class=\"aligncenter wp-image-20172 size-full\" title=\"Pieczyska I\u0142owskie - pomnikowy d\u0105b\" src=\"https:\/\/www.pomniki-przyrody.pl\/wp-content\/uploads\/2026\/01\/Pieczyska-Ilowskie-pomnikowy-dab.jpg\" alt=\"Pieczyska I\u0142owskie - pomnikowy d\u0105b\" width=\"532\" height=\"800\" srcset=\"https:\/\/www.pomniki-przyrody.pl\/wp-content\/uploads\/2026\/01\/Pieczyska-Ilowskie-pomnikowy-dab.jpg 532w, https:\/\/www.pomniki-przyrody.pl\/wp-content\/uploads\/2026\/01\/Pieczyska-Ilowskie-pomnikowy-dab-200x300.jpg 200w\" sizes=\"auto, (max-width: 532px) 100vw, 532px\" \/><\/a> <a href=\"https:\/\/www.pomniki-przyrody.pl\/wp-content\/uploads\/2026\/01\/pomnikowy-dab-w-Pieczyskach-Ilowskich.jpg\"><img loading=\"lazy\" decoding=\"async\" class=\"aligncenter wp-image-20178 size-full\" title=\"pomnikowy d\u0105b w Pieczyskach I\u0142owskich\" src=\"https:\/\/www.pomniki-przyrody.pl\/wp-content\/uploads\/2026\/01\/pomnikowy-dab-w-Pieczyskach-Ilowskich.jpg\" alt=\"pomnikowy d\u0105b w Pieczyskach I\u0142owskich\" width=\"532\" height=\"800\" srcset=\"https:\/\/www.pomniki-przyrody.pl\/wp-content\/uploads\/2026\/01\/pomnikowy-dab-w-Pieczyskach-Ilowskich.jpg 532w, https:\/\/www.pomniki-przyrody.pl\/wp-content\/uploads\/2026\/01\/pomnikowy-dab-w-Pieczyskach-Ilowskich-200x300.jpg 200w\" sizes=\"auto, (max-width: 532px) 100vw, 532px\" \/><\/a><a href=\"https:\/\/www.pomniki-przyrody.pl\/wp-content\/uploads\/2026\/01\/pomnikowy-dab-z-kapliczka-w-Pieczyskach-Ilowskich.jpg\"><img loading=\"lazy\" decoding=\"async\" class=\"aligncenter wp-image-20179 size-full\" title=\"pomnikowy d\u0105b z kapliczk\u0105 w Pieczyskach I\u0142owskich\" src=\"https:\/\/www.pomniki-przyrody.pl\/wp-content\/uploads\/2026\/01\/pomnikowy-dab-z-kapliczka-w-Pieczyskach-Ilowskich.jpg\" alt=\"pomnikowy d\u0105b z kapliczk\u0105 w Pieczyskach I\u0142owskich\" width=\"532\" height=\"800\" srcset=\"https:\/\/www.pomniki-przyrody.pl\/wp-content\/uploads\/2026\/01\/pomnikowy-dab-z-kapliczka-w-Pieczyskach-Ilowskich.jpg 532w, https:\/\/www.pomniki-przyrody.pl\/wp-content\/uploads\/2026\/01\/pomnikowy-dab-z-kapliczka-w-Pieczyskach-Ilowskich-200x300.jpg 200w\" sizes=\"auto, (max-width: 532px) 100vw, 532px\" \/><\/a><a href=\"https:\/\/www.pomniki-przyrody.pl\/wp-content\/uploads\/2026\/01\/pomnikowy-dab-na-posesji-p.-Kuczynskiego-w-Pieczyskach-Ilowskich.jpg\"><img loading=\"lazy\" decoding=\"async\" class=\"aligncenter wp-image-20177 size-full\" title=\"pomnikowy d\u0105b na posesji p. Kuczy\u0144skiego w Pieczyskach I\u0142owskich\" src=\"https:\/\/www.pomniki-przyrody.pl\/wp-content\/uploads\/2026\/01\/pomnikowy-dab-na-posesji-p.-Kuczynskiego-w-Pieczyskach-Ilowskich.jpg\" alt=\"pomnikowy d\u0105b na posesji p. Kuczy\u0144skiego w Pieczyskach I\u0142owskich\" width=\"800\" height=\"532\" srcset=\"https:\/\/www.pomniki-przyrody.pl\/wp-content\/uploads\/2026\/01\/pomnikowy-dab-na-posesji-p.-Kuczynskiego-w-Pieczyskach-Ilowskich.jpg 800w, https:\/\/www.pomniki-przyrody.pl\/wp-content\/uploads\/2026\/01\/pomnikowy-dab-na-posesji-p.-Kuczynskiego-w-Pieczyskach-Ilowskich-300x200.jpg 300w, https:\/\/www.pomniki-przyrody.pl\/wp-content\/uploads\/2026\/01\/pomnikowy-dab-na-posesji-p.-Kuczynskiego-w-Pieczyskach-Ilowskich-768x511.jpg 768w, https:\/\/www.pomniki-przyrody.pl\/wp-content\/uploads\/2026\/01\/pomnikowy-dab-na-posesji-p.-Kuczynskiego-w-Pieczyskach-Ilowskich-451x300.jpg 451w\" sizes=\"auto, (max-width: 800px) 100vw, 800px\" \/><\/a><\/p>\n<p>Szybki wgl\u0105d w doniesienia prasowe umieszczone w internecie rozwia\u0142 nasze w\u0105tpliwo\u015bci &#8211; opisywany d\u0105b w Pieczyskach I\u0142owskich w sierpniu 2022 r. utraci\u0142 olbrzymi konar, a na wskutek wichury w pa\u017adzierniku tego samego roku ponownie dozna\u0142\u00a0 znacznych uszkodze\u0144. Ju\u017c po pierwszym incydencie do pracy wkroczyli arbory\u015bci. Odci\u0105\u017cono koron\u0119 poprzez jej znaczn\u0105 redukcj\u0119, dokonano wi\u0105za\u0144 linowych. Aby unikn\u0105\u0107 rozczepienia pnia wykonano dwa odwierty, a dziuple zabezpieczono siatk\u0105.<\/p>\n<p><a href=\"https:\/\/www.pomniki-przyrody.pl\/wp-content\/uploads\/2026\/01\/Pieczyska-Ilowskie-wiazania-linowe-w-koronie-debu.jpg\"><img loading=\"lazy\" decoding=\"async\" class=\"aligncenter wp-image-20175 size-full\" title=\"Pieczyska I\u0142owskie -wi\u0105zania linowe w koronie d\u0119bu\" src=\"https:\/\/www.pomniki-przyrody.pl\/wp-content\/uploads\/2026\/01\/Pieczyska-Ilowskie-wiazania-linowe-w-koronie-debu.jpg\" alt=\"Pieczyska I\u0142owskie -wi\u0105zania linowe w koronie d\u0119bu\" width=\"532\" height=\"800\" srcset=\"https:\/\/www.pomniki-przyrody.pl\/wp-content\/uploads\/2026\/01\/Pieczyska-Ilowskie-wiazania-linowe-w-koronie-debu.jpg 532w, https:\/\/www.pomniki-przyrody.pl\/wp-content\/uploads\/2026\/01\/Pieczyska-Ilowskie-wiazania-linowe-w-koronie-debu-200x300.jpg 200w\" sizes=\"auto, (max-width: 532px) 100vw, 532px\" \/><\/a><a href=\"https:\/\/www.pomniki-przyrody.pl\/wp-content\/uploads\/2026\/01\/Pieczyska-Ilowskie-wiazania-w-koronie-pomnikowego-debu.jpg\"><img loading=\"lazy\" decoding=\"async\" class=\"aligncenter wp-image-20174 size-full\" title=\"Pieczyska I\u0142owskie - wi\u0105zania w koronie pomnikowego d\u0119bu\" src=\"https:\/\/www.pomniki-przyrody.pl\/wp-content\/uploads\/2026\/01\/Pieczyska-Ilowskie-wiazania-w-koronie-pomnikowego-debu.jpg\" alt=\"Pieczyska I\u0142owskie - wi\u0105zania w koronie pomnikowego d\u0119bu\" width=\"800\" height=\"532\" srcset=\"https:\/\/www.pomniki-przyrody.pl\/wp-content\/uploads\/2026\/01\/Pieczyska-Ilowskie-wiazania-w-koronie-pomnikowego-debu.jpg 800w, https:\/\/www.pomniki-przyrody.pl\/wp-content\/uploads\/2026\/01\/Pieczyska-Ilowskie-wiazania-w-koronie-pomnikowego-debu-300x200.jpg 300w, https:\/\/www.pomniki-przyrody.pl\/wp-content\/uploads\/2026\/01\/Pieczyska-Ilowskie-wiazania-w-koronie-pomnikowego-debu-768x511.jpg 768w, https:\/\/www.pomniki-przyrody.pl\/wp-content\/uploads\/2026\/01\/Pieczyska-Ilowskie-wiazania-w-koronie-pomnikowego-debu-451x300.jpg 451w\" sizes=\"auto, (max-width: 800px) 100vw, 800px\" \/><\/a><a href=\"https:\/\/www.pomniki-przyrody.pl\/wp-content\/uploads\/2026\/01\/Pieczyska-Ilowskie-koncowki-pretow-spinajacych-pien-pomnikowego-debu.jpg\"><img loading=\"lazy\" decoding=\"async\" class=\"aligncenter wp-image-20169 size-full\" title=\"Pieczyska I\u0142owskie - ko\u0144c\u00f3wki pr\u0119t\u00f3w spinaj\u0105cych pie\u0144 pomnikowego d\u0119bu\" src=\"https:\/\/www.pomniki-przyrody.pl\/wp-content\/uploads\/2026\/01\/Pieczyska-Ilowskie-koncowki-pretow-spinajacych-pien-pomnikowego-debu.jpg\" alt=\"Pieczyska I\u0142owskie - ko\u0144c\u00f3wki pr\u0119t\u00f3w spinaj\u0105cych pie\u0144 pomnikowego d\u0119bu\" width=\"532\" height=\"800\" srcset=\"https:\/\/www.pomniki-przyrody.pl\/wp-content\/uploads\/2026\/01\/Pieczyska-Ilowskie-koncowki-pretow-spinajacych-pien-pomnikowego-debu.jpg 532w, https:\/\/www.pomniki-przyrody.pl\/wp-content\/uploads\/2026\/01\/Pieczyska-Ilowskie-koncowki-pretow-spinajacych-pien-pomnikowego-debu-200x300.jpg 200w\" sizes=\"auto, (max-width: 532px) 100vw, 532px\" \/><\/a><a href=\"https:\/\/www.pomniki-przyrody.pl\/wp-content\/uploads\/2026\/01\/Pieczyska-Ilowskie-pien-pomnikowego-debu.jpg\"><img loading=\"lazy\" decoding=\"async\" class=\"aligncenter wp-image-20170 size-full\" title=\"Pieczyska I\u0142owskie - pie\u0144 pomnikowego d\u0119bu\" src=\"https:\/\/www.pomniki-przyrody.pl\/wp-content\/uploads\/2026\/01\/Pieczyska-Ilowskie-pien-pomnikowego-debu.jpg\" alt=\"Pieczyska I\u0142owskie - pie\u0144 pomnikowego d\u0119bu\" width=\"532\" height=\"800\" srcset=\"https:\/\/www.pomniki-przyrody.pl\/wp-content\/uploads\/2026\/01\/Pieczyska-Ilowskie-pien-pomnikowego-debu.jpg 532w, https:\/\/www.pomniki-przyrody.pl\/wp-content\/uploads\/2026\/01\/Pieczyska-Ilowskie-pien-pomnikowego-debu-200x300.jpg 200w\" sizes=\"auto, (max-width: 532px) 100vw, 532px\" \/><\/a><a href=\"https:\/\/www.pomniki-przyrody.pl\/wp-content\/uploads\/2026\/01\/Pieczyska-Ilowskie-przesloniety-siatka-ubytek-w-pomnikowym-debie.jpg\"><img loading=\"lazy\" decoding=\"async\" class=\"aligncenter wp-image-20173 size-full\" title=\"Pieczyska I\u0142owskie - przes\u0142oni\u0119ty siatk\u0105 ubytek w pomnikowym d\u0119bie\" src=\"https:\/\/www.pomniki-przyrody.pl\/wp-content\/uploads\/2026\/01\/Pieczyska-Ilowskie-przesloniety-siatka-ubytek-w-pomnikowym-debie.jpg\" alt=\"Pieczyska I\u0142owskie - przes\u0142oni\u0119ty siatk\u0105 ubytek w pomnikowym d\u0119bie\" width=\"532\" height=\"800\" srcset=\"https:\/\/www.pomniki-przyrody.pl\/wp-content\/uploads\/2026\/01\/Pieczyska-Ilowskie-przesloniety-siatka-ubytek-w-pomnikowym-debie.jpg 532w, https:\/\/www.pomniki-przyrody.pl\/wp-content\/uploads\/2026\/01\/Pieczyska-Ilowskie-przesloniety-siatka-ubytek-w-pomnikowym-debie-200x300.jpg 200w\" sizes=\"auto, (max-width: 532px) 100vw, 532px\" \/><\/a><\/p>\n<p>D\u0105b w Pieczyskach I\u0142owskich (gmina I\u0142\u00f3w, pow. sochaczewski, mazowieckie) posiada od 1980 r. status pomnika przyrody. Ma mapie Googla opisany jest jako Wielki d\u0105b im. Powsta\u0144c\u00f3w Warszawy. Aby trafi\u0107 do pomnikowego okazu nale\u017cy z drogi nr 50 z Sochaczewa do P\u0142o\u0144ska skr\u0119ci\u0107 w drog\u0119 575 do P\u0142ocka, nast\u0119pnie po przejechaniu miejscowo\u015bci Januszew i Arciech\u00f3w we wsi \u0141ady jedziemy dalej na zach\u00f3d w kierunku wsi Pieczyska \u0141owickie i Pieczyska I\u0142owskie. Opisywany w dzisiejszym artykule pomnikowy egzemplarz ro\u015bnie tu\u017c przy drodze, obok posesji nr 5.<\/p>\n<p>GPS N 52\u00b022\u201925.7\u2033 , E 20\u00b001\u201946.2\u2033<\/p>\n<p><a href=\"https:\/\/www.pomniki-przyrody.pl\/wp-content\/uploads\/2026\/01\/ogromny-pien-pomnikowego-debu-w-Pieczyskach-Ilowskich.jpg\"><img loading=\"lazy\" decoding=\"async\" class=\"aligncenter wp-image-20167 size-full\" title=\"ogromny pie\u0144 pomnikowego d\u0119bu w Pieczyskach I\u0142owskich\" src=\"https:\/\/www.pomniki-przyrody.pl\/wp-content\/uploads\/2026\/01\/ogromny-pien-pomnikowego-debu-w-Pieczyskach-Ilowskich.jpg\" alt=\"ogromny pie\u0144 pomnikowego d\u0119bu w Pieczyskach I\u0142owskich\" width=\"532\" height=\"800\" srcset=\"https:\/\/www.pomniki-przyrody.pl\/wp-content\/uploads\/2026\/01\/ogromny-pien-pomnikowego-debu-w-Pieczyskach-Ilowskich.jpg 532w, https:\/\/www.pomniki-przyrody.pl\/wp-content\/uploads\/2026\/01\/ogromny-pien-pomnikowego-debu-w-Pieczyskach-Ilowskich-200x300.jpg 200w\" sizes=\"auto, (max-width: 532px) 100vw, 532px\" \/><\/a><a href=\"https:\/\/www.pomniki-przyrody.pl\/wp-content\/uploads\/2026\/01\/Pawel-Lenart-przy-pomnikowym-debie-w-Pieczyskach-Ilowskich.jpg\"><img loading=\"lazy\" decoding=\"async\" class=\"aligncenter wp-image-20168 size-full\" title=\"Pawe\u0142 Lenart przy pomnikowym d\u0119bie w Pieczyskach I\u0142owskich\" src=\"https:\/\/www.pomniki-przyrody.pl\/wp-content\/uploads\/2026\/01\/Pawel-Lenart-przy-pomnikowym-debie-w-Pieczyskach-Ilowskich.jpg\" alt=\"Pawe\u0142 Lenart przy pomnikowym d\u0119bie w Pieczyskach I\u0142owskich\" width=\"532\" height=\"800\" srcset=\"https:\/\/www.pomniki-przyrody.pl\/wp-content\/uploads\/2026\/01\/Pawel-Lenart-przy-pomnikowym-debie-w-Pieczyskach-Ilowskich.jpg 532w, https:\/\/www.pomniki-przyrody.pl\/wp-content\/uploads\/2026\/01\/Pawel-Lenart-przy-pomnikowym-debie-w-Pieczyskach-Ilowskich-200x300.jpg 200w\" sizes=\"auto, (max-width: 532px) 100vw, 532px\" \/><\/a><\/p>\n<p>Pomiar obwodu dokonany przez Paw\u0142a Lenarta pod koniec maja 2025 r. da\u0142 wynik 780 cm, wysoko\u015b\u0107 d\u0119bu to ok. 22 metry, szacunkowy wiek 350 &#8211; 400 lat.<\/p>\n<p><a href=\"https:\/\/www.pomniki-przyrody.pl\/wp-content\/uploads\/2026\/01\/pomiar-obwodu-pomnikowego-debu-w-Pieczyskach-Ilowskich.jpg\"><img loading=\"lazy\" decoding=\"async\" class=\"aligncenter wp-image-20176 size-full\" title=\"pomiar obwodu pomnikowego d\u0119bu w Pieczyskach I\u0142owskich\" src=\"https:\/\/www.pomniki-przyrody.pl\/wp-content\/uploads\/2026\/01\/pomiar-obwodu-pomnikowego-debu-w-Pieczyskach-Ilowskich.jpg\" alt=\"pomiar obwodu pomnikowego d\u0119bu w Pieczyskach I\u0142owskich\" width=\"800\" height=\"532\" srcset=\"https:\/\/www.pomniki-przyrody.pl\/wp-content\/uploads\/2026\/01\/pomiar-obwodu-pomnikowego-debu-w-Pieczyskach-Ilowskich.jpg 800w, https:\/\/www.pomniki-przyrody.pl\/wp-content\/uploads\/2026\/01\/pomiar-obwodu-pomnikowego-debu-w-Pieczyskach-Ilowskich-300x200.jpg 300w, https:\/\/www.pomniki-przyrody.pl\/wp-content\/uploads\/2026\/01\/pomiar-obwodu-pomnikowego-debu-w-Pieczyskach-Ilowskich-768x511.jpg 768w, https:\/\/www.pomniki-przyrody.pl\/wp-content\/uploads\/2026\/01\/pomiar-obwodu-pomnikowego-debu-w-Pieczyskach-Ilowskich-451x300.jpg 451w\" sizes=\"auto, (max-width: 800px) 100vw, 800px\" \/><\/a><a href=\"https:\/\/www.pomniki-przyrody.pl\/wp-content\/uploads\/2026\/01\/Pieczyska-Ilowskie-pomiar-obwodu-pomnikowego-debu.jpg\"><img loading=\"lazy\" decoding=\"async\" class=\"aligncenter wp-image-20171 size-full\" title=\"Pieczyska I\u0142owskie - pomiar obwodu pomnikowego d\u0119bu\" src=\"https:\/\/www.pomniki-przyrody.pl\/wp-content\/uploads\/2026\/01\/Pieczyska-Ilowskie-pomiar-obwodu-pomnikowego-debu.jpg\" alt=\"Pieczyska I\u0142owskie - pomiar obwodu pomnikowego d\u0119bu\" width=\"800\" height=\"532\" srcset=\"https:\/\/www.pomniki-przyrody.pl\/wp-content\/uploads\/2026\/01\/Pieczyska-Ilowskie-pomiar-obwodu-pomnikowego-debu.jpg 800w, https:\/\/www.pomniki-przyrody.pl\/wp-content\/uploads\/2026\/01\/Pieczyska-Ilowskie-pomiar-obwodu-pomnikowego-debu-300x200.jpg 300w, https:\/\/www.pomniki-przyrody.pl\/wp-content\/uploads\/2026\/01\/Pieczyska-Ilowskie-pomiar-obwodu-pomnikowego-debu-768x511.jpg 768w, https:\/\/www.pomniki-przyrody.pl\/wp-content\/uploads\/2026\/01\/Pieczyska-Ilowskie-pomiar-obwodu-pomnikowego-debu-451x300.jpg 451w\" sizes=\"auto, (max-width: 800px) 100vw, 800px\" \/><\/a><\/p>\n<p>Wi\u0119cej zdj\u0119\u0107 i szerszy opis drzewa znajduje si\u0119 na blogu Paw\u0142a Lenarta, zapraszam do lektury artyku\u0142u &#8222;<a href=\"https:\/\/lenartpawel.pl\/pomnikowy-dab-szypulkowy-w-pieczyskach-ilowskich-ciezko-doswiadczony-przez-zycie.html\"><span style=\"color: #0000ff;\">Pomnikowy d\u0105b szypu\u0142kowy w Pieczyskach I\u0142owskich. Ci\u0119\u017cko do\u015bwiadczony przez \u017cycie<\/span><\/a>&#8222;.<\/p>\n","protected":false},"excerpt":{"rendered":"<p>Szukaj\u0105c inspiracji do kolejnych wypraw dendrologicznych najcz\u0119\u015bciej posi\u0142kuj\u0119 si\u0119 sieci\u0105 internetow\u0105 (np.: mapa GDO\u015a, Rejestr Polskich Drzew Pomnikowych), tu zwykle mamy do czynienia z najbardziej aktualnymi informacjami. Z publikacji ksi\u0105\u017ckowych nale\u017cy wymieni\u0107 kultow\u0105 ju\u017c pozycj\u0119 Cezarego Pacyniaka &#8222;Najstarsze drzewa w &hellip; <a href=\"https:\/\/www.pomniki-przyrody.pl\/?p=20166\">Czytaj dalej <span class=\"meta-nav\">&rarr;<\/span><\/a><\/p>\n","protected":false},"author":2,"featured_media":0,"comment_status":"open","ping_status":"open","sticky":false,"template":"","format":"standard","meta":{"footnotes":""},"categories":[1],"tags":[2276,2269,2277,667],"class_list":["post-20166","post","type-post","status-publish","format-standard","hentry","category-przyroda-ozywiona","tag-gmina-ilow","tag-mazowieckie","tag-pieczyska-ilowskie","tag-pomnikowy-dab"],"_links":{"self":[{"href":"https:\/\/www.pomniki-przyrody.pl\/index.php?rest_route=\/wp\/v2\/posts\/20166","targetHints":{"allow":["GET"]}}],"collection":[{"href":"https:\/\/www.pomniki-przyrody.pl\/index.php?rest_route=\/wp\/v2\/posts"}],"about":[{"href":"https:\/\/www.pomniki-przyrody.pl\/index.php?rest_route=\/wp\/v2\/types\/post"}],"author":[{"embeddable":true,"href":"https:\/\/www.pomniki-przyrody.pl\/index.php?rest_route=\/wp\/v2\/users\/2"}],"replies":[{"embeddable":true,"href":"https:\/\/www.pomniki-przyrody.pl\/index.php?rest_route=%2Fwp%2Fv2%2Fcomments&post=20166"}],"version-history":[{"count":6,"href":"https:\/\/www.pomniki-przyrody.pl\/index.php?rest_route=\/wp\/v2\/posts\/20166\/revisions"}],"predecessor-version":[{"id":20187,"href":"https:\/\/www.pomniki-przyrody.pl\/index.php?rest_route=\/wp\/v2\/posts\/20166\/revisions\/20187"}],"wp:attachment":[{"href":"https:\/\/www.pomniki-przyrody.pl\/index.php?rest_route=%2Fwp%2Fv2%2Fmedia&parent=20166"}],"wp:term":[{"taxonomy":"category","embeddable":true,"href":"https:\/\/www.pomniki-przyrody.pl\/index.php?rest_route=%2Fwp%2Fv2%2Fcategories&post=20166"},{"taxonomy":"post_tag","embeddable":true,"href":"https:\/\/www.pomniki-przyrody.pl\/index.php?rest_route=%2Fwp%2Fv2%2Ftags&post=20166"}],"curies":[{"name":"wp","href":"https:\/\/api.w.org\/{rel}","templated":true}]}}