{"id":2608,"date":"2013-02-01T08:24:30","date_gmt":"2013-02-01T07:24:30","guid":{"rendered":"http:\/\/www.pomniki-przyrody.pl\/?p=2608"},"modified":"2014-02-09T18:05:46","modified_gmt":"2014-02-09T17:05:46","slug":"park-przy-palacu-w-skale-gm-lwowek-slaski","status":"publish","type":"post","link":"https:\/\/www.pomniki-przyrody.pl\/?p=2608","title":{"rendered":"Park przy pa\u0142acu w Skale (gm. Lw\u00f3wek \u015al\u0105ski)."},"content":{"rendered":"<p style=\"text-align: left;\">W miejscu dzisiejszego pa\u0142acu w Skale w XIV w. sta\u0142 zamek, kt\u00f3ry przebudowano na renesansow\u0105 rezydencj\u0119. Na prze\u0142omie XVIII i XIX w. ca\u0142o\u015b\u0107 przebudowano na okaza\u0142y pa\u0142ac, otoczony ogrodowymi tarasami i parkiem krajobrazowym. Uszkodzony w 1945 r. nieremontowany, popada w coraz wi\u0119ksz\u0105 ruin\u0119, gro\u017c\u0105c zawaleniem.<a href=\"https:\/\/www.pomniki-przyrody.pl\/wp-content\/uploads\/2013\/01\/otoczenie-pa\u0142acu-w-Skale.jpg\"><img loading=\"lazy\" decoding=\"async\" class=\"aligncenter  wp-image-2612\" title=\"otoczenie pa\u0142acu w Skale\" alt=\"\" src=\"https:\/\/www.pomniki-przyrody.pl\/wp-content\/uploads\/2013\/01\/otoczenie-pa\u0142acu-w-Skale-1024x531.jpg\" width=\"584\" height=\"302\" srcset=\"https:\/\/www.pomniki-przyrody.pl\/wp-content\/uploads\/2013\/01\/otoczenie-pa\u0142acu-w-Skale-1024x531.jpg 1024w, https:\/\/www.pomniki-przyrody.pl\/wp-content\/uploads\/2013\/01\/otoczenie-pa\u0142acu-w-Skale-300x155.jpg 300w, https:\/\/www.pomniki-przyrody.pl\/wp-content\/uploads\/2013\/01\/otoczenie-pa\u0142acu-w-Skale-500x259.jpg 500w, https:\/\/www.pomniki-przyrody.pl\/wp-content\/uploads\/2013\/01\/otoczenie-pa\u0142acu-w-Skale.jpg 1196w\" sizes=\"auto, (max-width: 584px) 100vw, 584px\" \/><\/a><\/p>\n<p style=\"text-align: center;\"><a href=\"https:\/\/www.pomniki-przyrody.pl\/wp-content\/uploads\/2013\/01\/ruiny-pa\u0142acu-w-Skale.jpg\"><img loading=\"lazy\" decoding=\"async\" class=\"aligncenter  wp-image-2624\" title=\"ruiny pa\u0142acu w Skale\" alt=\"\" src=\"https:\/\/www.pomniki-przyrody.pl\/wp-content\/uploads\/2013\/01\/ruiny-pa\u0142acu-w-Skale-1024x768.jpg\" width=\"584\" height=\"438\" srcset=\"https:\/\/www.pomniki-przyrody.pl\/wp-content\/uploads\/2013\/01\/ruiny-pa\u0142acu-w-Skale-1024x768.jpg 1024w, https:\/\/www.pomniki-przyrody.pl\/wp-content\/uploads\/2013\/01\/ruiny-pa\u0142acu-w-Skale-300x225.jpg 300w, https:\/\/www.pomniki-przyrody.pl\/wp-content\/uploads\/2013\/01\/ruiny-pa\u0142acu-w-Skale-400x300.jpg 400w, https:\/\/www.pomniki-przyrody.pl\/wp-content\/uploads\/2013\/01\/ruiny-pa\u0142acu-w-Skale.jpg 1200w\" sizes=\"auto, (max-width: 584px) 100vw, 584px\" \/><\/a><a href=\"https:\/\/www.pomniki-przyrody.pl\/wp-content\/uploads\/2013\/01\/pa\u0142ac-w-Skale-od-strony-parku.jpg\"><img loading=\"lazy\" decoding=\"async\" class=\"aligncenter  wp-image-2613\" title=\"pa\u0142ac w Skale od strony parku\" alt=\"\" src=\"https:\/\/www.pomniki-przyrody.pl\/wp-content\/uploads\/2013\/01\/pa\u0142ac-w-Skale-od-strony-parku-1024x768.jpg\" width=\"584\" height=\"438\" srcset=\"https:\/\/www.pomniki-przyrody.pl\/wp-content\/uploads\/2013\/01\/pa\u0142ac-w-Skale-od-strony-parku-1024x768.jpg 1024w, https:\/\/www.pomniki-przyrody.pl\/wp-content\/uploads\/2013\/01\/pa\u0142ac-w-Skale-od-strony-parku-300x225.jpg 300w, https:\/\/www.pomniki-przyrody.pl\/wp-content\/uploads\/2013\/01\/pa\u0142ac-w-Skale-od-strony-parku-400x300.jpg 400w, https:\/\/www.pomniki-przyrody.pl\/wp-content\/uploads\/2013\/01\/pa\u0142ac-w-Skale-od-strony-parku.jpg 1200w\" sizes=\"auto, (max-width: 584px) 100vw, 584px\" \/><\/a><\/p>\n<p style=\"text-align: left;\">Do pa\u0142acu przylega zabytkowy park o powierzchni 8 ha, ograniczony od po\u0142udnia strom\u0105 skarp\u0105, a od zachodu i p\u00f3\u0142nocy drog\u0105 do kamienio\u0142om\u00f3w piaskowca.<a href=\"https:\/\/www.pomniki-przyrody.pl\/wp-content\/uploads\/2013\/01\/tabliczka-Park-Zabytkowy.jpg\"><img loading=\"lazy\" decoding=\"async\" class=\"aligncenter size-medium wp-image-2626\" title=\"tabliczka Park Zabytkowy\" alt=\"\" src=\"https:\/\/www.pomniki-przyrody.pl\/wp-content\/uploads\/2013\/01\/tabliczka-Park-Zabytkowy-225x300.jpg\" width=\"225\" height=\"300\" srcset=\"https:\/\/www.pomniki-przyrody.pl\/wp-content\/uploads\/2013\/01\/tabliczka-Park-Zabytkowy-225x300.jpg 225w, https:\/\/www.pomniki-przyrody.pl\/wp-content\/uploads\/2013\/01\/tabliczka-Park-Zabytkowy.jpg 600w\" sizes=\"auto, (max-width: 225px) 100vw, 225px\" \/><\/a><\/p>\n<p>Pomimo bardzo ciekawego drzewostanu park najlepiej zwiedza\u0107 zim\u0105 lub wczesn\u0105 wiosn\u0105. Teren tak zar\u00f3s\u0142 samosiejkami, \u017ce w sezonie wegetacyjnym znalezienie niekt\u00f3rych drzew i wykonanie im sensownego zdj\u0119cia jest prawie niemo\u017cliwe. Przez park prowadzi zielony szlak turystyczny.<\/p>\n<p style=\"text-align: left;\">Ochron\u0105 pomnikow\u0105 w parku obj\u0119to 2 drzewa, rosn\u0105ce w jego centralnej cz\u0119\u015bci : tulipanowiec ameryka\u0144ski i platan klonolistny.<a href=\"https:\/\/www.pomniki-przyrody.pl\/wp-content\/uploads\/2013\/01\/pomnikowy-platan-i-tulipanowiec-w-Skale1.jpg\"><img loading=\"lazy\" decoding=\"async\" class=\"aligncenter  wp-image-2622\" title=\"pomnikowy platan i tulipanowiec w Skale\" alt=\"\" src=\"https:\/\/www.pomniki-przyrody.pl\/wp-content\/uploads\/2013\/01\/pomnikowy-platan-i-tulipanowiec-w-Skale1-768x1024.jpg\" width=\"584\" height=\"778\" srcset=\"https:\/\/www.pomniki-przyrody.pl\/wp-content\/uploads\/2013\/01\/pomnikowy-platan-i-tulipanowiec-w-Skale1-768x1024.jpg 768w, https:\/\/www.pomniki-przyrody.pl\/wp-content\/uploads\/2013\/01\/pomnikowy-platan-i-tulipanowiec-w-Skale1-225x300.jpg 225w, https:\/\/www.pomniki-przyrody.pl\/wp-content\/uploads\/2013\/01\/pomnikowy-platan-i-tulipanowiec-w-Skale1.jpg 900w\" sizes=\"auto, (max-width: 584px) 100vw, 584px\" \/><\/a><\/p>\n<p style=\"text-align: left;\">Na tulipanowcu umieszczono tabliczk\u0119 z imieniem &#8222;Mustang&#8221; i podano wiek 200 lat.<\/p>\n<p style=\"text-align: center;\"><a href=\"https:\/\/www.pomniki-przyrody.pl\/wp-content\/uploads\/2013\/01\/tabliczka-na-tulipanowcu-Mustang.jpg\"><img loading=\"lazy\" decoding=\"async\" class=\"aligncenter size-medium wp-image-2625\" title=\"tabliczka na tulipanowcu Mustang\" alt=\"\" src=\"https:\/\/www.pomniki-przyrody.pl\/wp-content\/uploads\/2013\/01\/tabliczka-na-tulipanowcu-Mustang-300x230.jpg\" width=\"300\" height=\"230\" srcset=\"https:\/\/www.pomniki-przyrody.pl\/wp-content\/uploads\/2013\/01\/tabliczka-na-tulipanowcu-Mustang-300x230.jpg 300w, https:\/\/www.pomniki-przyrody.pl\/wp-content\/uploads\/2013\/01\/tabliczka-na-tulipanowcu-Mustang-391x300.jpg 391w, https:\/\/www.pomniki-przyrody.pl\/wp-content\/uploads\/2013\/01\/tabliczka-na-tulipanowcu-Mustang.jpg 498w\" sizes=\"auto, (max-width: 300px) 100vw, 300px\" \/><\/a><\/p>\n<p style=\"text-align: left;\">Dwupienny tulipanowiec ma w obwodzie 400 cm, wysoko\u015b\u0107 27 metr\u00f3w.<a href=\"https:\/\/www.pomniki-przyrody.pl\/wp-content\/uploads\/2013\/01\/tulipanowiec-Mustang-park-przy-pa\u0142acu-w-Skale.jpg\"><img loading=\"lazy\" decoding=\"async\" class=\"aligncenter  wp-image-2629\" title=\"tulipanowiec Mustang park przy pa\u0142acu w Skale\" alt=\"\" src=\"https:\/\/www.pomniki-przyrody.pl\/wp-content\/uploads\/2013\/01\/tulipanowiec-Mustang-park-przy-pa\u0142acu-w-Skale-768x1024.jpg\" width=\"584\" height=\"778\" srcset=\"https:\/\/www.pomniki-przyrody.pl\/wp-content\/uploads\/2013\/01\/tulipanowiec-Mustang-park-przy-pa\u0142acu-w-Skale-768x1024.jpg 768w, https:\/\/www.pomniki-przyrody.pl\/wp-content\/uploads\/2013\/01\/tulipanowiec-Mustang-park-przy-pa\u0142acu-w-Skale-225x300.jpg 225w, https:\/\/www.pomniki-przyrody.pl\/wp-content\/uploads\/2013\/01\/tulipanowiec-Mustang-park-przy-pa\u0142acu-w-Skale.jpg 900w\" sizes=\"auto, (max-width: 584px) 100vw, 584px\" \/><\/a><\/p>\n<p style=\"text-align: left;\">GPS\u00a0N 51\u00b009\u203233.69\u2033 , E 15\u00b035\u203226.10\u2033<\/p>\n<p style=\"text-align: center;\"><a href=\"https:\/\/www.pomniki-przyrody.pl\/wp-content\/uploads\/2013\/01\/tulipanowiec-ameryka\u0144ski-Mustang-zim\u0105.jpg\"><img loading=\"lazy\" decoding=\"async\" class=\"aligncenter  wp-image-2628\" title=\"tulipanowiec ameryka\u0144ski Mustang zim\u0105\" alt=\"\" src=\"https:\/\/www.pomniki-przyrody.pl\/wp-content\/uploads\/2013\/01\/tulipanowiec-ameryka\u0144ski-Mustang-zim\u0105-768x1024.jpg\" width=\"584\" height=\"778\" srcset=\"https:\/\/www.pomniki-przyrody.pl\/wp-content\/uploads\/2013\/01\/tulipanowiec-ameryka\u0144ski-Mustang-zim\u0105-768x1024.jpg 768w, https:\/\/www.pomniki-przyrody.pl\/wp-content\/uploads\/2013\/01\/tulipanowiec-ameryka\u0144ski-Mustang-zim\u0105-225x300.jpg 225w, https:\/\/www.pomniki-przyrody.pl\/wp-content\/uploads\/2013\/01\/tulipanowiec-ameryka\u0144ski-Mustang-zim\u0105.jpg 900w\" sizes=\"auto, (max-width: 584px) 100vw, 584px\" \/><\/a><a href=\"https:\/\/www.pomniki-przyrody.pl\/wp-content\/uploads\/2013\/01\/podw\u00f3jny-pie\u0144-tulipanowca-Mustang.jpg\"><img loading=\"lazy\" decoding=\"async\" class=\"aligncenter  wp-image-2619\" title=\"podw\u00f3jny pie\u0144 tulipanowca Mustang\" alt=\"\" src=\"https:\/\/www.pomniki-przyrody.pl\/wp-content\/uploads\/2013\/01\/podw\u00f3jny-pie\u0144-tulipanowca-Mustang-768x1024.jpg\" width=\"584\" height=\"778\" srcset=\"https:\/\/www.pomniki-przyrody.pl\/wp-content\/uploads\/2013\/01\/podw\u00f3jny-pie\u0144-tulipanowca-Mustang-768x1024.jpg 768w, https:\/\/www.pomniki-przyrody.pl\/wp-content\/uploads\/2013\/01\/podw\u00f3jny-pie\u0144-tulipanowca-Mustang-225x300.jpg 225w, https:\/\/www.pomniki-przyrody.pl\/wp-content\/uploads\/2013\/01\/podw\u00f3jny-pie\u0144-tulipanowca-Mustang.jpg 900w\" sizes=\"auto, (max-width: 584px) 100vw, 584px\" \/><\/a><\/p>\n<p style=\"text-align: left;\">Rosn\u0105cy obok platan klonolistny, wg danych Nadle\u015bnictwa Lw\u00f3wek \u015al\u0105ski nazywa si\u0119 &#8222;Harna\u015b&#8221; lub &#8222;Baca &#8222;.<\/p>\n<p style=\"text-align: center;\"><a href=\"https:\/\/www.pomniki-przyrody.pl\/wp-content\/uploads\/2013\/01\/pomnikowy-platan-w-Skale.jpg\"><img loading=\"lazy\" decoding=\"async\" class=\"aligncenter  wp-image-2623\" title=\"pomnikowy platan w Skale\" alt=\"\" src=\"https:\/\/www.pomniki-przyrody.pl\/wp-content\/uploads\/2013\/01\/pomnikowy-platan-w-Skale-1024x768.jpg\" width=\"584\" height=\"438\" srcset=\"https:\/\/www.pomniki-przyrody.pl\/wp-content\/uploads\/2013\/01\/pomnikowy-platan-w-Skale-1024x768.jpg 1024w, https:\/\/www.pomniki-przyrody.pl\/wp-content\/uploads\/2013\/01\/pomnikowy-platan-w-Skale-300x225.jpg 300w, https:\/\/www.pomniki-przyrody.pl\/wp-content\/uploads\/2013\/01\/pomnikowy-platan-w-Skale-400x300.jpg 400w, https:\/\/www.pomniki-przyrody.pl\/wp-content\/uploads\/2013\/01\/pomnikowy-platan-w-Skale.jpg 1200w\" sizes=\"auto, (max-width: 584px) 100vw, 584px\" \/><\/a><\/p>\n<p style=\"text-align: left;\">Okaza\u0142y platan ma w obwodzie 460 cm, przy wysoko\u015bci 25 metr\u00f3w. Drzewa nie oznakowano \u017cadn\u0105 tabliczk\u0105.<\/p>\n<p style=\"text-align: center;\"><a href=\"https:\/\/www.pomniki-przyrody.pl\/wp-content\/uploads\/2013\/01\/platan-przy-tulipanowcu-Mustang.jpg\"><img loading=\"lazy\" decoding=\"async\" class=\"aligncenter  wp-image-2618\" title=\"platan przy tulipanowcu Mustang\" alt=\"\" src=\"https:\/\/www.pomniki-przyrody.pl\/wp-content\/uploads\/2013\/01\/platan-przy-tulipanowcu-Mustang-768x1024.jpg\" width=\"584\" height=\"778\" srcset=\"https:\/\/www.pomniki-przyrody.pl\/wp-content\/uploads\/2013\/01\/platan-przy-tulipanowcu-Mustang-768x1024.jpg 768w, https:\/\/www.pomniki-przyrody.pl\/wp-content\/uploads\/2013\/01\/platan-przy-tulipanowcu-Mustang-225x300.jpg 225w, https:\/\/www.pomniki-przyrody.pl\/wp-content\/uploads\/2013\/01\/platan-przy-tulipanowcu-Mustang.jpg 900w\" sizes=\"auto, (max-width: 584px) 100vw, 584px\" \/><\/a><a href=\"https:\/\/www.pomniki-przyrody.pl\/wp-content\/uploads\/2013\/01\/pomnikowy-platan-park-w-Skale.jpg\"><img loading=\"lazy\" decoding=\"async\" class=\"aligncenter  wp-image-2620\" title=\"pomnikowy platan - park w Skale\" alt=\"\" src=\"https:\/\/www.pomniki-przyrody.pl\/wp-content\/uploads\/2013\/01\/pomnikowy-platan-park-w-Skale-768x1024.jpg\" width=\"584\" height=\"778\" srcset=\"https:\/\/www.pomniki-przyrody.pl\/wp-content\/uploads\/2013\/01\/pomnikowy-platan-park-w-Skale-768x1024.jpg 768w, https:\/\/www.pomniki-przyrody.pl\/wp-content\/uploads\/2013\/01\/pomnikowy-platan-park-w-Skale-225x300.jpg 225w, https:\/\/www.pomniki-przyrody.pl\/wp-content\/uploads\/2013\/01\/pomnikowy-platan-park-w-Skale.jpg 900w\" sizes=\"auto, (max-width: 584px) 100vw, 584px\" \/><\/a><\/p>\n<p style=\"text-align: left;\">W parku ro\u015bnie jeszcze jeden tulipanowiec, o imieniu &#8222;Tom&#8221;. Znajdziemy go w p\u00f3\u0142nocno &#8211; zachodniej cz\u0119\u015bci parku, bli\u017cej drogi.<\/p>\n<p style=\"text-align: center;\"><a href=\"https:\/\/www.pomniki-przyrody.pl\/wp-content\/uploads\/2013\/01\/tabliczka-tulipanowiec-Tom.jpg\"><img loading=\"lazy\" decoding=\"async\" class=\"aligncenter size-medium wp-image-2627\" title=\"tabliczka tulipanowiec Tom\" alt=\"\" src=\"https:\/\/www.pomniki-przyrody.pl\/wp-content\/uploads\/2013\/01\/tabliczka-tulipanowiec-Tom-290x300.jpg\" width=\"290\" height=\"300\" srcset=\"https:\/\/www.pomniki-przyrody.pl\/wp-content\/uploads\/2013\/01\/tabliczka-tulipanowiec-Tom-290x300.jpg 290w, https:\/\/www.pomniki-przyrody.pl\/wp-content\/uploads\/2013\/01\/tabliczka-tulipanowiec-Tom.jpg 430w\" sizes=\"auto, (max-width: 290px) 100vw, 290px\" \/><\/a><\/p>\n<p style=\"text-align: center;\"><a href=\"https:\/\/www.pomniki-przyrody.pl\/wp-content\/uploads\/2013\/01\/tulipanowiec-Tom-w-parku-w-Skale.jpg\"><img loading=\"lazy\" decoding=\"async\" class=\"aligncenter  wp-image-2630\" title=\"tulipanowiec Tom w parku w Skale\" alt=\"\" src=\"https:\/\/www.pomniki-przyrody.pl\/wp-content\/uploads\/2013\/01\/tulipanowiec-Tom-w-parku-w-Skale-768x1024.jpg\" width=\"584\" height=\"778\" srcset=\"https:\/\/www.pomniki-przyrody.pl\/wp-content\/uploads\/2013\/01\/tulipanowiec-Tom-w-parku-w-Skale-768x1024.jpg 768w, https:\/\/www.pomniki-przyrody.pl\/wp-content\/uploads\/2013\/01\/tulipanowiec-Tom-w-parku-w-Skale-225x300.jpg 225w, https:\/\/www.pomniki-przyrody.pl\/wp-content\/uploads\/2013\/01\/tulipanowiec-Tom-w-parku-w-Skale.jpg 900w\" sizes=\"auto, (max-width: 584px) 100vw, 584px\" \/><\/a><a href=\"https:\/\/www.pomniki-przyrody.pl\/wp-content\/uploads\/2013\/01\/pie\u0144-tulipanowca-Tom.jpg\"><img loading=\"lazy\" decoding=\"async\" class=\"aligncenter  wp-image-2616\" title=\"pie\u0144 tulipanowca Tom\" alt=\"\" src=\"https:\/\/www.pomniki-przyrody.pl\/wp-content\/uploads\/2013\/01\/pie\u0144-tulipanowca-Tom-792x1024.jpg\" width=\"584\" height=\"755\" srcset=\"https:\/\/www.pomniki-przyrody.pl\/wp-content\/uploads\/2013\/01\/pie\u0144-tulipanowca-Tom-792x1024.jpg 792w, https:\/\/www.pomniki-przyrody.pl\/wp-content\/uploads\/2013\/01\/pie\u0144-tulipanowca-Tom-232x300.jpg 232w, https:\/\/www.pomniki-przyrody.pl\/wp-content\/uploads\/2013\/01\/pie\u0144-tulipanowca-Tom.jpg 855w\" sizes=\"auto, (max-width: 584px) 100vw, 584px\" \/><\/a><\/p>\n<p style=\"text-align: left;\">Kilka innych, mniejszych od pomnikowego platan\u00f3w ro\u015bnie na terenie ca\u0142ego parku.<\/p>\n<p style=\"text-align: center;\"><a href=\"https:\/\/www.pomniki-przyrody.pl\/wp-content\/uploads\/2013\/01\/platan-przy-ruinach-pa\u0142acu-w-Skale.jpg\"><img loading=\"lazy\" decoding=\"async\" class=\"aligncenter  wp-image-2617\" title=\"platan przy ruinach pa\u0142acu w Skale\" alt=\"\" src=\"https:\/\/www.pomniki-przyrody.pl\/wp-content\/uploads\/2013\/01\/platan-przy-ruinach-pa\u0142acu-w-Skale-768x1024.jpg\" width=\"584\" height=\"778\" srcset=\"https:\/\/www.pomniki-przyrody.pl\/wp-content\/uploads\/2013\/01\/platan-przy-ruinach-pa\u0142acu-w-Skale-768x1024.jpg 768w, https:\/\/www.pomniki-przyrody.pl\/wp-content\/uploads\/2013\/01\/platan-przy-ruinach-pa\u0142acu-w-Skale-225x300.jpg 225w, https:\/\/www.pomniki-przyrody.pl\/wp-content\/uploads\/2013\/01\/platan-przy-ruinach-pa\u0142acu-w-Skale.jpg 900w\" sizes=\"auto, (max-width: 584px) 100vw, 584px\" \/><\/a><a href=\"https:\/\/www.pomniki-przyrody.pl\/wp-content\/uploads\/2013\/01\/jeden-z-wielu-platan\u00f3w-w-parku-w-Skale.jpg\"><img loading=\"lazy\" decoding=\"async\" class=\"aligncenter  wp-image-2611\" title=\"jeden z wielu platan\u00f3w w parku w Skale\" alt=\"\" src=\"https:\/\/www.pomniki-przyrody.pl\/wp-content\/uploads\/2013\/01\/jeden-z-wielu-platan\u00f3w-w-parku-w-Skale.jpg\" width=\"600\" height=\"800\" srcset=\"https:\/\/www.pomniki-przyrody.pl\/wp-content\/uploads\/2013\/01\/jeden-z-wielu-platan\u00f3w-w-parku-w-Skale.jpg 600w, https:\/\/www.pomniki-przyrody.pl\/wp-content\/uploads\/2013\/01\/jeden-z-wielu-platan\u00f3w-w-parku-w-Skale-225x300.jpg 225w\" sizes=\"auto, (max-width: 600px) 100vw, 600px\" \/><\/a><\/p>\n<p style=\"text-align: left;\">Ochron\u0105 pomnikow\u0105 warto te\u017c obj\u0105\u0107 kilka okaza\u0142ych d\u0119b\u00f3w, o obwodach ok. 400 cm.<\/p>\n<p style=\"text-align: center;\"><a href=\"https:\/\/www.pomniki-przyrody.pl\/wp-content\/uploads\/2013\/01\/pie\u0144-okaza\u0142ego-d\u0119bu-przy-zielonym-szlaku.jpg\"><img loading=\"lazy\" decoding=\"async\" class=\"aligncenter  wp-image-2615\" title=\"pie\u0144 okaza\u0142ego d\u0119bu przy zielonym szlaku\" alt=\"\" src=\"https:\/\/www.pomniki-przyrody.pl\/wp-content\/uploads\/2013\/01\/pie\u0144-okaza\u0142ego-d\u0119bu-przy-zielonym-szlaku.jpg\" width=\"600\" height=\"800\" srcset=\"https:\/\/www.pomniki-przyrody.pl\/wp-content\/uploads\/2013\/01\/pie\u0144-okaza\u0142ego-d\u0119bu-przy-zielonym-szlaku.jpg 600w, https:\/\/www.pomniki-przyrody.pl\/wp-content\/uploads\/2013\/01\/pie\u0144-okaza\u0142ego-d\u0119bu-przy-zielonym-szlaku-225x300.jpg 225w\" sizes=\"auto, (max-width: 600px) 100vw, 600px\" \/><\/a><\/p>\n<p style=\"text-align: center;\"><a href=\"https:\/\/www.pomniki-przyrody.pl\/wp-content\/uploads\/2013\/01\/dorobny-d\u0105b-park-w-Skale.jpg\"><img loading=\"lazy\" decoding=\"async\" class=\"aligncenter  wp-image-2609\" title=\"dorodny d\u0105b - park w Skale\" alt=\"\" src=\"https:\/\/www.pomniki-przyrody.pl\/wp-content\/uploads\/2013\/01\/dorobny-d\u0105b-park-w-Skale.jpg\" width=\"600\" height=\"800\" srcset=\"https:\/\/www.pomniki-przyrody.pl\/wp-content\/uploads\/2013\/01\/dorobny-d\u0105b-park-w-Skale.jpg 600w, https:\/\/www.pomniki-przyrody.pl\/wp-content\/uploads\/2013\/01\/dorobny-d\u0105b-park-w-Skale-225x300.jpg 225w\" sizes=\"auto, (max-width: 600px) 100vw, 600px\" \/><\/a><a href=\"https:\/\/www.pomniki-przyrody.pl\/wp-content\/uploads\/2013\/01\/pie\u0144-d\u0119bu-z-martwym-bluszczem.jpg\"><img loading=\"lazy\" decoding=\"async\" class=\"aligncenter  wp-image-2614\" title=\"pie\u0144 d\u0119bu z martwym bluszczem\" alt=\"\" src=\"https:\/\/www.pomniki-przyrody.pl\/wp-content\/uploads\/2013\/01\/pie\u0144-d\u0119bu-z-martwym-bluszczem.jpg\" width=\"600\" height=\"800\" srcset=\"https:\/\/www.pomniki-przyrody.pl\/wp-content\/uploads\/2013\/01\/pie\u0144-d\u0119bu-z-martwym-bluszczem.jpg 600w, https:\/\/www.pomniki-przyrody.pl\/wp-content\/uploads\/2013\/01\/pie\u0144-d\u0119bu-z-martwym-bluszczem-225x300.jpg 225w\" sizes=\"auto, (max-width: 600px) 100vw, 600px\" \/><\/a><\/p>\n<p style=\"text-align: left;\">Drzewostan parku wzbogacaj\u0105 egzemplarze daglezji zielonych oraz sosen wejmutek. W opisach parku przeczyta\u0107 mo\u017cna o egzotycznej surmi oraz k\u0142okoczce po\u0142udniowej. Uwa\u017cni odnajd\u0105 te\u017c buka o dziwacznym pniu :<\/p>\n<p style=\"text-align: center;\"><a href=\"https:\/\/www.pomniki-przyrody.pl\/wp-content\/uploads\/2013\/01\/dziwaczny-pie\u0144-buka.jpg\"><img loading=\"lazy\" decoding=\"async\" class=\"aligncenter  wp-image-2610\" title=\"dziwaczny pie\u0144 buka\" alt=\"\" src=\"https:\/\/www.pomniki-przyrody.pl\/wp-content\/uploads\/2013\/01\/dziwaczny-pie\u0144-buka.jpg\" width=\"600\" height=\"800\" srcset=\"https:\/\/www.pomniki-przyrody.pl\/wp-content\/uploads\/2013\/01\/dziwaczny-pie\u0144-buka.jpg 600w, https:\/\/www.pomniki-przyrody.pl\/wp-content\/uploads\/2013\/01\/dziwaczny-pie\u0144-buka-225x300.jpg 225w\" sizes=\"auto, (max-width: 600px) 100vw, 600px\" \/><\/a><\/p>\n<p style=\"text-align: left;\">lub wiekow\u0105, zrakowacia\u0142\u0105 lip\u0119 :<\/p>\n<p style=\"text-align: center;\"><a href=\"https:\/\/www.pomniki-przyrody.pl\/wp-content\/uploads\/2013\/01\/zrakowacia\u0142y-pie\u0144-lipy.jpg\"><img loading=\"lazy\" decoding=\"async\" class=\"aligncenter  wp-image-2631\" title=\"zrakowacia\u0142y pie\u0144 lipy\" alt=\"\" src=\"https:\/\/www.pomniki-przyrody.pl\/wp-content\/uploads\/2013\/01\/zrakowacia\u0142y-pie\u0144-lipy.jpg\" width=\"600\" height=\"800\" srcset=\"https:\/\/www.pomniki-przyrody.pl\/wp-content\/uploads\/2013\/01\/zrakowacia\u0142y-pie\u0144-lipy.jpg 600w, https:\/\/www.pomniki-przyrody.pl\/wp-content\/uploads\/2013\/01\/zrakowacia\u0142y-pie\u0144-lipy-225x300.jpg 225w\" sizes=\"auto, (max-width: 600px) 100vw, 600px\" \/><\/a><\/p>\n<p style=\"text-align: left;\">B\u0119d\u0105c w okolicach pa\u0142acu w Skale, nie mo\u017cna pomin\u0105\u0107 ciekawego pomnika przyrody nieo\u017cywionej<span style=\"color: #0000ff;\"> <a title=\"Ska\u0142a z medalionem.\" href=\"https:\/\/www.pomniki-przyrody.pl\/?p=388\"><span style=\"color: #0000ff;\">&#8222;Ska\u0142y z Medalionem&#8221;<\/span><\/a><\/span>.<\/p>\n<p style=\"text-align: left;\">09.02.2014 r.<\/p>\n<p style=\"text-align: left;\">Zach\u0119cony komentarzem\u00a0bambaryllo (administratorem strony\u00a0<a href=\"http:\/\/parkwskale.pl\/\">www.parkwskale.pl<\/a>),\u00a0pojecha\u0142em z rodzin\u0105 podejrze\u0107 stan prac zwi\u0105zanych z rewaloryzacj\u0105 parku w Skale. Przy wej\u015bciach do parku ustawiono tablice informacyjne, ponadto wida\u0107 zaawansowane prace zwi\u0105zane z wycinaniem g\u0119sto rosn\u0105cych samosiejek. Dzi\u0119ki temu mo\u017cliwe sta\u0142o si\u0119 wykonanie szerszych uj\u0119\u0107 pomnikowych drzew tego parku.<a href=\"https:\/\/www.pomniki-przyrody.pl\/wp-content\/uploads\/2013\/02\/tablica-przy-parku-w-Skale.jpg\"><img loading=\"lazy\" decoding=\"async\" class=\"aligncenter  wp-image-5464\" title=\"tablica przy parku w Skale\" alt=\"\" src=\"https:\/\/www.pomniki-przyrody.pl\/wp-content\/uploads\/2013\/02\/tablica-przy-parku-w-Skale.jpg\" width=\"1002\" height=\"1505\" srcset=\"https:\/\/www.pomniki-przyrody.pl\/wp-content\/uploads\/2013\/02\/tablica-przy-parku-w-Skale.jpg 1002w, https:\/\/www.pomniki-przyrody.pl\/wp-content\/uploads\/2013\/02\/tablica-przy-parku-w-Skale-199x300.jpg 199w, https:\/\/www.pomniki-przyrody.pl\/wp-content\/uploads\/2013\/02\/tablica-przy-parku-w-Skale-681x1024.jpg 681w\" sizes=\"auto, (max-width: 1002px) 100vw, 1002px\" \/><\/a><a href=\"https:\/\/www.pomniki-przyrody.pl\/wp-content\/uploads\/2013\/02\/park-przypa\u0142acowy-w-skale-w-trakcie-rewaloryzacji.jpg\"><img loading=\"lazy\" decoding=\"async\" class=\"aligncenter  wp-image-5459\" title=\"park przypa\u0142acowy w skale w trakcie rewaloryzacji\" alt=\"\" src=\"https:\/\/www.pomniki-przyrody.pl\/wp-content\/uploads\/2013\/02\/park-przypa\u0142acowy-w-skale-w-trakcie-rewaloryzacji.jpg\" width=\"1200\" height=\"795\" srcset=\"https:\/\/www.pomniki-przyrody.pl\/wp-content\/uploads\/2013\/02\/park-przypa\u0142acowy-w-skale-w-trakcie-rewaloryzacji.jpg 1200w, https:\/\/www.pomniki-przyrody.pl\/wp-content\/uploads\/2013\/02\/park-przypa\u0142acowy-w-skale-w-trakcie-rewaloryzacji-300x198.jpg 300w, https:\/\/www.pomniki-przyrody.pl\/wp-content\/uploads\/2013\/02\/park-przypa\u0142acowy-w-skale-w-trakcie-rewaloryzacji-1024x678.jpg 1024w, https:\/\/www.pomniki-przyrody.pl\/wp-content\/uploads\/2013\/02\/park-przypa\u0142acowy-w-skale-w-trakcie-rewaloryzacji-452x300.jpg 452w\" sizes=\"auto, (max-width: 1200px) 100vw, 1200px\" \/><\/a><a href=\"https:\/\/www.pomniki-przyrody.pl\/wp-content\/uploads\/2013\/02\/pomnikowy-tulipanowiec-i-platan-w-parku-przypa\u0142acowym-w-Skale.jpg\"><img loading=\"lazy\" decoding=\"async\" class=\"aligncenter  wp-image-5463\" title=\"pomnikowy tulipanowiec i platan w parku przypa\u0142acowym w Skale\" alt=\"\" src=\"https:\/\/www.pomniki-przyrody.pl\/wp-content\/uploads\/2013\/02\/pomnikowy-tulipanowiec-i-platan-w-parku-przypa\u0142acowym-w-Skale.jpg\" width=\"1200\" height=\"976\" srcset=\"https:\/\/www.pomniki-przyrody.pl\/wp-content\/uploads\/2013\/02\/pomnikowy-tulipanowiec-i-platan-w-parku-przypa\u0142acowym-w-Skale.jpg 1200w, https:\/\/www.pomniki-przyrody.pl\/wp-content\/uploads\/2013\/02\/pomnikowy-tulipanowiec-i-platan-w-parku-przypa\u0142acowym-w-Skale-300x244.jpg 300w, https:\/\/www.pomniki-przyrody.pl\/wp-content\/uploads\/2013\/02\/pomnikowy-tulipanowiec-i-platan-w-parku-przypa\u0142acowym-w-Skale-1024x832.jpg 1024w, https:\/\/www.pomniki-przyrody.pl\/wp-content\/uploads\/2013\/02\/pomnikowy-tulipanowiec-i-platan-w-parku-przypa\u0142acowym-w-Skale-368x300.jpg 368w\" sizes=\"auto, (max-width: 1200px) 100vw, 1200px\" \/><\/a><a href=\"https:\/\/www.pomniki-przyrody.pl\/wp-content\/uploads\/2013\/02\/pomnikowe-drzewa-w-parku-przypa\u0142acowym-w-Skale.jpg\"><img loading=\"lazy\" decoding=\"async\" class=\"aligncenter  wp-image-5462\" title=\"pomnikowe drzewa w parku przypa\u0142acowym w Skale\" alt=\"\" src=\"https:\/\/www.pomniki-przyrody.pl\/wp-content\/uploads\/2013\/02\/pomnikowe-drzewa-w-parku-przypa\u0142acowym-w-Skale.jpg\" width=\"1200\" height=\"799\" srcset=\"https:\/\/www.pomniki-przyrody.pl\/wp-content\/uploads\/2013\/02\/pomnikowe-drzewa-w-parku-przypa\u0142acowym-w-Skale.jpg 1200w, https:\/\/www.pomniki-przyrody.pl\/wp-content\/uploads\/2013\/02\/pomnikowe-drzewa-w-parku-przypa\u0142acowym-w-Skale-300x199.jpg 300w, https:\/\/www.pomniki-przyrody.pl\/wp-content\/uploads\/2013\/02\/pomnikowe-drzewa-w-parku-przypa\u0142acowym-w-Skale-1024x681.jpg 1024w, https:\/\/www.pomniki-przyrody.pl\/wp-content\/uploads\/2013\/02\/pomnikowe-drzewa-w-parku-przypa\u0142acowym-w-Skale-450x300.jpg 450w\" sizes=\"auto, (max-width: 1200px) 100vw, 1200px\" \/><\/a><\/p>\n<p style=\"text-align: left;\"><a href=\"https:\/\/www.pomniki-przyrody.pl\/wp-content\/uploads\/2013\/02\/pie\u0144-tulipanowca-Mustang-w-Skale.jpg\"><img loading=\"lazy\" decoding=\"async\" class=\"aligncenter size-full wp-image-5469\" alt=\"pie\u0144 tulipanowca Mustang w Skale\" src=\"https:\/\/www.pomniki-przyrody.pl\/wp-content\/uploads\/2013\/02\/pie\u0144-tulipanowca-Mustang-w-Skale.jpg\" width=\"800\" height=\"1201\" srcset=\"https:\/\/www.pomniki-przyrody.pl\/wp-content\/uploads\/2013\/02\/pie\u0144-tulipanowca-Mustang-w-Skale.jpg 800w, https:\/\/www.pomniki-przyrody.pl\/wp-content\/uploads\/2013\/02\/pie\u0144-tulipanowca-Mustang-w-Skale-199x300.jpg 199w, https:\/\/www.pomniki-przyrody.pl\/wp-content\/uploads\/2013\/02\/pie\u0144-tulipanowca-Mustang-w-Skale-682x1024.jpg 682w\" sizes=\"auto, (max-width: 800px) 100vw, 800px\" \/><\/a><\/p>\n<p style=\"text-align: left;\"><a href=\"https:\/\/www.pomniki-przyrody.pl\/wp-content\/uploads\/2013\/02\/pie\u0144-pomnikowego-platana-w-parku-przypa\u0142acowym-w-Skale.jpg\"><img loading=\"lazy\" decoding=\"async\" class=\"aligncenter  wp-image-5461\" title=\"pie\u0144 pomnikowego platana w parku przypa\u0142acowym w Skale\" alt=\"\" src=\"https:\/\/www.pomniki-przyrody.pl\/wp-content\/uploads\/2013\/02\/pie\u0144-pomnikowego-platana-w-parku-przypa\u0142acowym-w-Skale.jpg\" width=\"1202\" height=\"800\" srcset=\"https:\/\/www.pomniki-przyrody.pl\/wp-content\/uploads\/2013\/02\/pie\u0144-pomnikowego-platana-w-parku-przypa\u0142acowym-w-Skale.jpg 1202w, https:\/\/www.pomniki-przyrody.pl\/wp-content\/uploads\/2013\/02\/pie\u0144-pomnikowego-platana-w-parku-przypa\u0142acowym-w-Skale-300x199.jpg 300w, https:\/\/www.pomniki-przyrody.pl\/wp-content\/uploads\/2013\/02\/pie\u0144-pomnikowego-platana-w-parku-przypa\u0142acowym-w-Skale-1024x681.jpg 1024w, https:\/\/www.pomniki-przyrody.pl\/wp-content\/uploads\/2013\/02\/pie\u0144-pomnikowego-platana-w-parku-przypa\u0142acowym-w-Skale-450x300.jpg 450w\" sizes=\"auto, (max-width: 1202px) 100vw, 1202px\" \/><\/a><a href=\"https:\/\/www.pomniki-przyrody.pl\/wp-content\/uploads\/2013\/02\/pie\u0144-pomnikowego-platana-na-tle-pa\u0142acu-w-Skale.jpg\"><img loading=\"lazy\" decoding=\"async\" class=\"aligncenter  wp-image-5460\" title=\"pie\u0144 pomnikowego platana na tle pa\u0142acu w Skale\" alt=\"\" src=\"https:\/\/www.pomniki-przyrody.pl\/wp-content\/uploads\/2013\/02\/pie\u0144-pomnikowego-platana-na-tle-pa\u0142acu-w-Skale.jpg\" width=\"1200\" height=\"795\" srcset=\"https:\/\/www.pomniki-przyrody.pl\/wp-content\/uploads\/2013\/02\/pie\u0144-pomnikowego-platana-na-tle-pa\u0142acu-w-Skale.jpg 1200w, https:\/\/www.pomniki-przyrody.pl\/wp-content\/uploads\/2013\/02\/pie\u0144-pomnikowego-platana-na-tle-pa\u0142acu-w-Skale-300x198.jpg 300w, https:\/\/www.pomniki-przyrody.pl\/wp-content\/uploads\/2013\/02\/pie\u0144-pomnikowego-platana-na-tle-pa\u0142acu-w-Skale-1024x678.jpg 1024w, https:\/\/www.pomniki-przyrody.pl\/wp-content\/uploads\/2013\/02\/pie\u0144-pomnikowego-platana-na-tle-pa\u0142acu-w-Skale-452x300.jpg 452w\" sizes=\"auto, (max-width: 1200px) 100vw, 1200px\" \/><\/a>Uko\u0144czenie prac przewidziano na 2018 r., oczywi\u015bcie b\u0119d\u0119 \u015bledzi\u0142 ich przebieg i gor\u0105co kibicowa\u0142 wykonawcom.<\/p>\n","protected":false},"excerpt":{"rendered":"<p>W miejscu dzisiejszego pa\u0142acu w Skale w XIV w. sta\u0142 zamek, kt\u00f3ry przebudowano na renesansow\u0105 rezydencj\u0119. Na prze\u0142omie XVIII i XIX w. ca\u0142o\u015b\u0107 przebudowano na okaza\u0142y pa\u0142ac, otoczony ogrodowymi tarasami i parkiem krajobrazowym. Uszkodzony w 1945 r. nieremontowany, popada w &hellip; <a href=\"https:\/\/www.pomniki-przyrody.pl\/?p=2608\">Czytaj dalej <span class=\"meta-nav\">&rarr;<\/span><\/a><\/p>\n","protected":false},"author":2,"featured_media":0,"comment_status":"open","ping_status":"open","sticky":false,"template":"","format":"standard","meta":{"footnotes":""},"categories":[1],"tags":[399,412,407,411,406,413,414],"class_list":["post-2608","post","type-post","status-publish","format-standard","hentry","category-przyroda-ozywiona","tag-gmina-lwowek-slaski","tag-palac-w-skale","tag-platany","tag-skala","tag-tulipanowiec-amerykanski","tag-tulipanowiec-mustang","tag-tulipanowiec-tom"],"_links":{"self":[{"href":"https:\/\/www.pomniki-przyrody.pl\/index.php?rest_route=\/wp\/v2\/posts\/2608","targetHints":{"allow":["GET"]}}],"collection":[{"href":"https:\/\/www.pomniki-przyrody.pl\/index.php?rest_route=\/wp\/v2\/posts"}],"about":[{"href":"https:\/\/www.pomniki-przyrody.pl\/index.php?rest_route=\/wp\/v2\/types\/post"}],"author":[{"embeddable":true,"href":"https:\/\/www.pomniki-przyrody.pl\/index.php?rest_route=\/wp\/v2\/users\/2"}],"replies":[{"embeddable":true,"href":"https:\/\/www.pomniki-przyrody.pl\/index.php?rest_route=%2Fwp%2Fv2%2Fcomments&post=2608"}],"version-history":[{"count":0,"href":"https:\/\/www.pomniki-przyrody.pl\/index.php?rest_route=\/wp\/v2\/posts\/2608\/revisions"}],"wp:attachment":[{"href":"https:\/\/www.pomniki-przyrody.pl\/index.php?rest_route=%2Fwp%2Fv2%2Fmedia&parent=2608"}],"wp:term":[{"taxonomy":"category","embeddable":true,"href":"https:\/\/www.pomniki-przyrody.pl\/index.php?rest_route=%2Fwp%2Fv2%2Fcategories&post=2608"},{"taxonomy":"post_tag","embeddable":true,"href":"https:\/\/www.pomniki-przyrody.pl\/index.php?rest_route=%2Fwp%2Fv2%2Ftags&post=2608"}],"curies":[{"name":"wp","href":"https:\/\/api.w.org\/{rel}","templated":true}]}}