{"id":3608,"date":"2013-05-28T22:53:44","date_gmt":"2013-05-28T20:53:44","guid":{"rendered":"http:\/\/www.pomniki-przyrody.pl\/?p=3608"},"modified":"2013-05-28T22:53:44","modified_gmt":"2013-05-28T20:53:44","slug":"pomniki-przyrody-w-gminie-zgorzelec","status":"publish","type":"post","link":"https:\/\/www.pomniki-przyrody.pl\/?p=3608","title":{"rendered":"Pomniki przyrody w gminie Zgorzelec."},"content":{"rendered":"<p>Gmina Wiejska Zgorzelec po\u0142o\u017cona jest w tzw. Obni\u017ceniu \u017bytawsko &#8211; Zgorzeleckim i zajmuje powierzchni\u0119 136,3 km \u00b2. Wi\u0119ksze zgrupowania pomnik\u00f3w przyrody w gminie znajduj\u0105 si\u0119 w za\u0142o\u017ceniach parkowych, przylegaj\u0105cych do zespo\u0142\u00f3w dworskich w \u0141agowie (<a title=\"Pomniki przyrody w \u0141agowie k. Zgorzelca\" href=\"https:\/\/www.pomniki-przyrody.pl\/?p=2943\"><span style=\"color: #0000ff;\">Pomniki przyrody w \u0141agowie k. Zgorzelca<\/span><\/a>) oraz Kunowie (<a title=\"Pomnikowe drzewa w Kunowie \" href=\"https:\/\/www.pomniki-przyrody.pl\/?p=3342\"><span style=\"color: #0000ff;\">Pomnikowe drzewa w Kunowie<\/span><\/a>). Opisana w poprzednim artykule pomnikowa aleja d\u0119bowa w Gronowie, r\u00f3wnie\u017c przebiega w pobli\u017cu tutejszego pa\u0142acu (<a title=\"Pomniki przyrody w Gronowie \" href=\"https:\/\/www.pomniki-przyrody.pl\/?p=3584\"><span style=\"color: #0000ff;\">Pomniki przyrody w Gronowie<\/span><\/a>). Pojedyncze egzemplarze drzew o rozmiarach pomnikowych znajduj\u0105 si\u0119 w\u0142a\u015bciwie w ka\u017cdej wiosce, poni\u017cej lista drzew (nieopisywanych jeszcze na tym blogu) obj\u0119tych ochron\u0105 pomnikow\u0105.<\/p>\n<p>Wspania\u0142y okaz d\u0119bu bezszypu\u0142kowego ro\u015bnie po prawej stronie drogi Tylice &#8211; Zgorzelec.<\/p>\n<p>GPS \u00a0N 51\u00b006\u203257.80\u2033 , E 15\u00b001\u203238.89\u2033<\/p>\n<p style=\"text-align: center;\"><a href=\"https:\/\/www.pomniki-przyrody.pl\/wp-content\/uploads\/2013\/05\/pomnikowy-d\u0105b-bezszypu\u0142kowy-w-Tylicach.jpg\"><img loading=\"lazy\" decoding=\"async\" class=\"aligncenter  wp-image-3618\" title=\"pomnikowy d\u0105b bezszypu\u0142kowy w Tylicach\" alt=\"\" src=\"https:\/\/www.pomniki-przyrody.pl\/wp-content\/uploads\/2013\/05\/pomnikowy-d\u0105b-bezszypu\u0142kowy-w-Tylicach-807x1024.jpg\" width=\"584\" height=\"741\" srcset=\"https:\/\/www.pomniki-przyrody.pl\/wp-content\/uploads\/2013\/05\/pomnikowy-d\u0105b-bezszypu\u0142kowy-w-Tylicach-807x1024.jpg 807w, https:\/\/www.pomniki-przyrody.pl\/wp-content\/uploads\/2013\/05\/pomnikowy-d\u0105b-bezszypu\u0142kowy-w-Tylicach-236x300.jpg 236w, https:\/\/www.pomniki-przyrody.pl\/wp-content\/uploads\/2013\/05\/pomnikowy-d\u0105b-bezszypu\u0142kowy-w-Tylicach.jpg 900w\" sizes=\"auto, (max-width: 584px) 100vw, 584px\" \/><\/a><\/p>\n<p style=\"text-align: center;\"><a href=\"https:\/\/www.pomniki-przyrody.pl\/wp-content\/uploads\/2013\/05\/pomnikowy-d\u0105b-w-Tylicach.jpg\"><img loading=\"lazy\" decoding=\"async\" class=\"aligncenter  wp-image-3624\" title=\"pomnikowy d\u0105b w Tylicach\" alt=\"\" src=\"https:\/\/www.pomniki-przyrody.pl\/wp-content\/uploads\/2013\/05\/pomnikowy-d\u0105b-w-Tylicach-843x1024.jpg\" width=\"584\" height=\"709\" srcset=\"https:\/\/www.pomniki-przyrody.pl\/wp-content\/uploads\/2013\/05\/pomnikowy-d\u0105b-w-Tylicach-843x1024.jpg 843w, https:\/\/www.pomniki-przyrody.pl\/wp-content\/uploads\/2013\/05\/pomnikowy-d\u0105b-w-Tylicach-247x300.jpg 247w, https:\/\/www.pomniki-przyrody.pl\/wp-content\/uploads\/2013\/05\/pomnikowy-d\u0105b-w-Tylicach.jpg 900w\" sizes=\"auto, (max-width: 584px) 100vw, 584px\" \/><\/a><\/p>\n<p>Obw\u00f3d d\u0119bu 485 cm, wysoko\u015b\u0107 26 metr\u00f3w, wiek 180 &#8211; 200 lat.<\/p>\n<p style=\"text-align: center;\"><a href=\"https:\/\/www.pomniki-przyrody.pl\/wp-content\/uploads\/2013\/05\/pie\u0144-pomnikowego-d\u0119bu-w-Tylicach.jpg\"><img loading=\"lazy\" decoding=\"async\" class=\"aligncenter  wp-image-3617\" title=\"pie\u0144 pomnikowego d\u0119bu w Tylicach\" alt=\"\" src=\"https:\/\/www.pomniki-przyrody.pl\/wp-content\/uploads\/2013\/05\/pie\u0144-pomnikowego-d\u0119bu-w-Tylicach-768x1024.jpg\" width=\"584\" height=\"778\" srcset=\"https:\/\/www.pomniki-przyrody.pl\/wp-content\/uploads\/2013\/05\/pie\u0144-pomnikowego-d\u0119bu-w-Tylicach-768x1024.jpg 768w, https:\/\/www.pomniki-przyrody.pl\/wp-content\/uploads\/2013\/05\/pie\u0144-pomnikowego-d\u0119bu-w-Tylicach-225x300.jpg 225w, https:\/\/www.pomniki-przyrody.pl\/wp-content\/uploads\/2013\/05\/pie\u0144-pomnikowego-d\u0119bu-w-Tylicach.jpg 900w\" sizes=\"auto, (max-width: 584px) 100vw, 584px\" \/><\/a><\/p>\n<p>Przy wje\u017adzie do Gozdanina od strony Studnisk G\u00f3rnych, w towarzystwie lipy ro\u015bnie pomnikowy d\u0105b szypu\u0142kowy.<\/p>\n<p>GPS \u00a0N 51\u00b007\u203244.11\u2033 , E 15\u00b007\u203210.13\u2033<\/p>\n<p style=\"text-align: center;\"><a href=\"https:\/\/www.pomniki-przyrody.pl\/wp-content\/uploads\/2013\/05\/pomnikowy-d\u0105b-przy-wje\u017adzie-do-Gozdanina.jpg\"><img loading=\"lazy\" decoding=\"async\" class=\"aligncenter  wp-image-3622\" title=\"pomnikowy d\u0105b przy wje\u017adzie do Gozdanina\" alt=\"\" src=\"https:\/\/www.pomniki-przyrody.pl\/wp-content\/uploads\/2013\/05\/pomnikowy-d\u0105b-przy-wje\u017adzie-do-Gozdanina.jpg\" width=\"804\" height=\"1002\" srcset=\"https:\/\/www.pomniki-przyrody.pl\/wp-content\/uploads\/2013\/05\/pomnikowy-d\u0105b-przy-wje\u017adzie-do-Gozdanina.jpg 804w, https:\/\/www.pomniki-przyrody.pl\/wp-content\/uploads\/2013\/05\/pomnikowy-d\u0105b-przy-wje\u017adzie-do-Gozdanina-240x300.jpg 240w\" sizes=\"auto, (max-width: 804px) 100vw, 804px\" \/><\/a><a href=\"https:\/\/www.pomniki-przyrody.pl\/wp-content\/uploads\/2013\/05\/pomnikowy-d\u0105b-przy-drodze-w-Gozdaninie.jpg\"><img loading=\"lazy\" decoding=\"async\" class=\"aligncenter  wp-image-3621\" title=\"pomnikowy d\u0105b przy drodze w Gozdaninie\" alt=\"\" src=\"https:\/\/www.pomniki-przyrody.pl\/wp-content\/uploads\/2013\/05\/pomnikowy-d\u0105b-przy-drodze-w-Gozdaninie.jpg\" width=\"800\" height=\"924\" srcset=\"https:\/\/www.pomniki-przyrody.pl\/wp-content\/uploads\/2013\/05\/pomnikowy-d\u0105b-przy-drodze-w-Gozdaninie.jpg 800w, https:\/\/www.pomniki-przyrody.pl\/wp-content\/uploads\/2013\/05\/pomnikowy-d\u0105b-przy-drodze-w-Gozdaninie-259x300.jpg 259w\" sizes=\"auto, (max-width: 800px) 100vw, 800px\" \/><\/a><\/p>\n<p>Obw\u00f3d w pier\u015bnicy wynosi 366 cm, wysoko\u015b\u0107 24 metry, wiek 120 &#8211; 150 lat.<\/p>\n<p style=\"text-align: center;\"><a href=\"https:\/\/www.pomniki-przyrody.pl\/wp-content\/uploads\/2013\/05\/pie\u0144-pomnikowego-d\u0119bu-rosn\u0105cego-przy-drodze-Gozdanin-Studniska.jpg\"><img loading=\"lazy\" decoding=\"async\" class=\"aligncenter  wp-image-3615\" title=\"pie\u0144 pomnikowego d\u0119bu rosn\u0105cego przy drodze Gozdanin - Studniska\" alt=\"\" src=\"https:\/\/www.pomniki-przyrody.pl\/wp-content\/uploads\/2013\/05\/pie\u0144-pomnikowego-d\u0119bu-rosn\u0105cego-przy-drodze-Gozdanin-Studniska-822x1024.jpg\" width=\"584\" height=\"727\" srcset=\"https:\/\/www.pomniki-przyrody.pl\/wp-content\/uploads\/2013\/05\/pie\u0144-pomnikowego-d\u0119bu-rosn\u0105cego-przy-drodze-Gozdanin-Studniska-822x1024.jpg 822w, https:\/\/www.pomniki-przyrody.pl\/wp-content\/uploads\/2013\/05\/pie\u0144-pomnikowego-d\u0119bu-rosn\u0105cego-przy-drodze-Gozdanin-Studniska-241x300.jpg 241w, https:\/\/www.pomniki-przyrody.pl\/wp-content\/uploads\/2013\/05\/pie\u0144-pomnikowego-d\u0119bu-rosn\u0105cego-przy-drodze-Gozdanin-Studniska.jpg 900w\" sizes=\"auto, (max-width: 584px) 100vw, 584px\" \/><\/a><a href=\"https:\/\/www.pomniki-przyrody.pl\/wp-content\/uploads\/2013\/05\/pie\u0144-pomnikowego-d\u0119bu-przy-drodze-Gozdanin-Studniska.jpg\"><img loading=\"lazy\" decoding=\"async\" class=\"aligncenter  wp-image-3614\" title=\"pie\u0144 pomnikowego d\u0119bu przy drodze Gozdanin-Studniska\" alt=\"\" src=\"https:\/\/www.pomniki-przyrody.pl\/wp-content\/uploads\/2013\/05\/pie\u0144-pomnikowego-d\u0119bu-przy-drodze-Gozdanin-Studniska-810x1024.jpg\" width=\"584\" height=\"738\" srcset=\"https:\/\/www.pomniki-przyrody.pl\/wp-content\/uploads\/2013\/05\/pie\u0144-pomnikowego-d\u0119bu-przy-drodze-Gozdanin-Studniska-810x1024.jpg 810w, https:\/\/www.pomniki-przyrody.pl\/wp-content\/uploads\/2013\/05\/pie\u0144-pomnikowego-d\u0119bu-przy-drodze-Gozdanin-Studniska-237x300.jpg 237w, https:\/\/www.pomniki-przyrody.pl\/wp-content\/uploads\/2013\/05\/pie\u0144-pomnikowego-d\u0119bu-przy-drodze-Gozdanin-Studniska.jpg 900w\" sizes=\"auto, (max-width: 584px) 100vw, 584px\" \/><\/a><\/p>\n<p>\u00a0Na terenie ogrodzonego gospodarstwa, w pobli\u017cu kt\u00f3rego odchodzi wspomniana wy\u017cej droga do Studnisk, ro\u015bnie kilka okaza\u0142ych drzew oznaczonych tabliczk\u0105, jednak nie figuruj\u0105cych w oficjalnych spisach pomnik\u00f3w przyrody.<\/p>\n<p style=\"text-align: center;\"><a href=\"https:\/\/www.pomniki-przyrody.pl\/wp-content\/uploads\/2013\/05\/okaza\u0142e-d\u0119by-przy-gospodarstwie-w-Gozdaninie.jpg\"><img loading=\"lazy\" decoding=\"async\" class=\"aligncenter  wp-image-3610\" title=\"okaza\u0142e d\u0119by przy gospodarstwie w Gozdaninie\" alt=\"\" src=\"https:\/\/www.pomniki-przyrody.pl\/wp-content\/uploads\/2013\/05\/okaza\u0142e-d\u0119by-przy-gospodarstwie-w-Gozdaninie-820x1024.jpg\" width=\"584\" height=\"729\" srcset=\"https:\/\/www.pomniki-przyrody.pl\/wp-content\/uploads\/2013\/05\/okaza\u0142e-d\u0119by-przy-gospodarstwie-w-Gozdaninie-820x1024.jpg 820w, https:\/\/www.pomniki-przyrody.pl\/wp-content\/uploads\/2013\/05\/okaza\u0142e-d\u0119by-przy-gospodarstwie-w-Gozdaninie-240x300.jpg 240w, https:\/\/www.pomniki-przyrody.pl\/wp-content\/uploads\/2013\/05\/okaza\u0142e-d\u0119by-przy-gospodarstwie-w-Gozdaninie.jpg 833w\" sizes=\"auto, (max-width: 584px) 100vw, 584px\" \/><\/a><\/p>\n<p>\u00a0200 metr\u00f3w ni\u017cej, obok \u015bwietlicy wiejskiej, ro\u015bnie drugi w Gozdaninie pomnikowy d\u0105b szypu\u0142kowy.<\/p>\n<p>GPS N 51\u00b007\u203255.91\u2033 , E 15\u00b007\u203210.65\u2033<\/p>\n<p style=\"text-align: center;\"><a href=\"https:\/\/www.pomniki-przyrody.pl\/wp-content\/uploads\/2013\/05\/pomnikowy-d\u0105b-obok-\u015bwietlicy-wiejskiej-w-Gozdaninie.jpg\"><img loading=\"lazy\" decoding=\"async\" class=\"aligncenter  wp-image-3620\" title=\"pomnikowy d\u0105b obok \u015bwietlicy wiejskiej w Gozdaninie\" alt=\"\" src=\"https:\/\/www.pomniki-przyrody.pl\/wp-content\/uploads\/2013\/05\/pomnikowy-d\u0105b-obok-\u015bwietlicy-wiejskiej-w-Gozdaninie-1024x768.jpg\" width=\"584\" height=\"438\" srcset=\"https:\/\/www.pomniki-przyrody.pl\/wp-content\/uploads\/2013\/05\/pomnikowy-d\u0105b-obok-\u015bwietlicy-wiejskiej-w-Gozdaninie-1024x768.jpg 1024w, https:\/\/www.pomniki-przyrody.pl\/wp-content\/uploads\/2013\/05\/pomnikowy-d\u0105b-obok-\u015bwietlicy-wiejskiej-w-Gozdaninie-300x225.jpg 300w, https:\/\/www.pomniki-przyrody.pl\/wp-content\/uploads\/2013\/05\/pomnikowy-d\u0105b-obok-\u015bwietlicy-wiejskiej-w-Gozdaninie-400x300.jpg 400w, https:\/\/www.pomniki-przyrody.pl\/wp-content\/uploads\/2013\/05\/pomnikowy-d\u0105b-obok-\u015bwietlicy-wiejskiej-w-Gozdaninie.jpg 1200w\" sizes=\"auto, (max-width: 584px) 100vw, 584px\" \/><\/a><a href=\"https:\/\/www.pomniki-przyrody.pl\/wp-content\/uploads\/2013\/05\/pomnikowy-d\u0105b-w-centrum-Gozdanina.jpg\"><img loading=\"lazy\" decoding=\"async\" class=\"aligncenter  wp-image-3623\" title=\"pomnikowy d\u0105b w centrum Gozdanina\" alt=\"\" src=\"https:\/\/www.pomniki-przyrody.pl\/wp-content\/uploads\/2013\/05\/pomnikowy-d\u0105b-w-centrum-Gozdanina-804x1024.jpg\" width=\"584\" height=\"743\" srcset=\"https:\/\/www.pomniki-przyrody.pl\/wp-content\/uploads\/2013\/05\/pomnikowy-d\u0105b-w-centrum-Gozdanina-804x1024.jpg 804w, https:\/\/www.pomniki-przyrody.pl\/wp-content\/uploads\/2013\/05\/pomnikowy-d\u0105b-w-centrum-Gozdanina-235x300.jpg 235w, https:\/\/www.pomniki-przyrody.pl\/wp-content\/uploads\/2013\/05\/pomnikowy-d\u0105b-w-centrum-Gozdanina.jpg 848w\" sizes=\"auto, (max-width: 584px) 100vw, 584px\" \/><\/a><\/p>\n<p>\u00a0Obw\u00f3d d\u0119bu 298 cm, wysoko\u015b\u0107 25 metr\u00f3w, szacowany wiek 100 lat.<\/p>\n<p style=\"text-align: center;\"><a href=\"https:\/\/www.pomniki-przyrody.pl\/wp-content\/uploads\/2013\/05\/pie\u0144-pomnikowego-d\u0119bu-w-Gozdaninie.jpg\"><img loading=\"lazy\" decoding=\"async\" class=\"aligncenter  wp-image-3616\" title=\"pie\u0144 pomnikowego d\u0119bu w Gozdaninie\" alt=\"\" src=\"https:\/\/www.pomniki-przyrody.pl\/wp-content\/uploads\/2013\/05\/pie\u0144-pomnikowego-d\u0119bu-w-Gozdaninie-745x1024.jpg\" width=\"584\" height=\"802\" srcset=\"https:\/\/www.pomniki-przyrody.pl\/wp-content\/uploads\/2013\/05\/pie\u0144-pomnikowego-d\u0119bu-w-Gozdaninie-745x1024.jpg 745w, https:\/\/www.pomniki-przyrody.pl\/wp-content\/uploads\/2013\/05\/pie\u0144-pomnikowego-d\u0119bu-w-Gozdaninie-218x300.jpg 218w, https:\/\/www.pomniki-przyrody.pl\/wp-content\/uploads\/2013\/05\/pie\u0144-pomnikowego-d\u0119bu-w-Gozdaninie.jpg 818w\" sizes=\"auto, (max-width: 584px) 100vw, 584px\" \/><\/a><\/p>\n<p>\u00a0W J\u0119drzychowicach, na terenie ogr\u00f3dk\u00f3w dzia\u0142kowych przy ulicy Boles\u0142awieckiej, ro\u015bnie obj\u0119ty ochron\u0105 pomnikow\u0105 d\u0105b szypu\u0142kowy.<\/p>\n<p>GPS N 51\u00b010\u203213.00\u2033 , E 15\u00b000\u203259.29\u2033<\/p>\n<p style=\"text-align: center;\"><a href=\"https:\/\/www.pomniki-przyrody.pl\/wp-content\/uploads\/2013\/05\/pomnikowy-d\u0105b-na-ogr\u00f3dkach-dzia\u0142kowych-w-J\u0119drzychowicach.jpg\"><img loading=\"lazy\" decoding=\"async\" class=\"aligncenter  wp-image-3619\" title=\"pomnikowy d\u0105b na ogr\u00f3dkach dzia\u0142kowych w J\u0119drzychowicach\" alt=\"\" src=\"https:\/\/www.pomniki-przyrody.pl\/wp-content\/uploads\/2013\/05\/pomnikowy-d\u0105b-na-ogr\u00f3dkach-dzia\u0142kowych-w-J\u0119drzychowicach-839x1024.jpg\" width=\"584\" height=\"712\" srcset=\"https:\/\/www.pomniki-przyrody.pl\/wp-content\/uploads\/2013\/05\/pomnikowy-d\u0105b-na-ogr\u00f3dkach-dzia\u0142kowych-w-J\u0119drzychowicach-839x1024.jpg 839w, https:\/\/www.pomniki-przyrody.pl\/wp-content\/uploads\/2013\/05\/pomnikowy-d\u0105b-na-ogr\u00f3dkach-dzia\u0142kowych-w-J\u0119drzychowicach-245x300.jpg 245w, https:\/\/www.pomniki-przyrody.pl\/wp-content\/uploads\/2013\/05\/pomnikowy-d\u0105b-na-ogr\u00f3dkach-dzia\u0142kowych-w-J\u0119drzychowicach.jpg 841w\" sizes=\"auto, (max-width: 584px) 100vw, 584px\" \/><\/a><\/p>\n<p>\u00a0Drzewo otoczone jest p\u0142otkiem, obw\u00f3d w pier\u015bnicy 365 cm, wysoko\u015b\u0107 26 metr\u00f3w.<\/p>\n<p style=\"text-align: center;\"><a href=\"https:\/\/www.pomniki-przyrody.pl\/wp-content\/uploads\/2013\/05\/pie\u0144-pomnikowego-d\u0119bu-ogr\u00f3dki-dzia\u0142kowe-w-J\u0119drzychowicach.jpg\"><img loading=\"lazy\" decoding=\"async\" class=\"aligncenter  wp-image-3613\" title=\"pie\u0144 pomnikowego d\u0119bu - ogr\u00f3dki dzia\u0142kowe w J\u0119drzychowicach\" alt=\"\" src=\"https:\/\/www.pomniki-przyrody.pl\/wp-content\/uploads\/2013\/05\/pie\u0144-pomnikowego-d\u0119bu-ogr\u00f3dki-dzia\u0142kowe-w-J\u0119drzychowicach-811x1024.jpg\" width=\"584\" height=\"737\" srcset=\"https:\/\/www.pomniki-przyrody.pl\/wp-content\/uploads\/2013\/05\/pie\u0144-pomnikowego-d\u0119bu-ogr\u00f3dki-dzia\u0142kowe-w-J\u0119drzychowicach-811x1024.jpg 811w, https:\/\/www.pomniki-przyrody.pl\/wp-content\/uploads\/2013\/05\/pie\u0144-pomnikowego-d\u0119bu-ogr\u00f3dki-dzia\u0142kowe-w-J\u0119drzychowicach-237x300.jpg 237w, https:\/\/www.pomniki-przyrody.pl\/wp-content\/uploads\/2013\/05\/pie\u0144-pomnikowego-d\u0119bu-ogr\u00f3dki-dzia\u0142kowe-w-J\u0119drzychowicach.jpg 900w\" sizes=\"auto, (max-width: 584px) 100vw, 584px\" \/><\/a><\/p>\n<p>\u00a0Do\u015b\u0107 niejasna jest lokalizacja pomnikowej lipy w Bia\u0142og\u00f3rzu, by\u0107 mo\u017ce chodzi o ogromny okaz rosn\u0105cy na ty\u0142ach posesji 54.<\/p>\n<p>GPS N 51\u00b008\u203256.52\u2033 , E 15\u00b008\u203250.92\u2033<\/p>\n<p style=\"text-align: center;\"><a href=\"https:\/\/www.pomniki-przyrody.pl\/wp-content\/uploads\/2013\/05\/okaza\u0142a-lipa-w-Bia\u0142og\u00f3rzu.jpg\"><img loading=\"lazy\" decoding=\"async\" class=\"aligncenter  wp-image-3609\" title=\"okaza\u0142a lipa w Bia\u0142og\u00f3rzu\" alt=\"\" src=\"https:\/\/www.pomniki-przyrody.pl\/wp-content\/uploads\/2013\/05\/okaza\u0142a-lipa-w-Bia\u0142og\u00f3rzu-1024x696.jpg\" width=\"584\" height=\"396\" srcset=\"https:\/\/www.pomniki-przyrody.pl\/wp-content\/uploads\/2013\/05\/okaza\u0142a-lipa-w-Bia\u0142og\u00f3rzu-1024x696.jpg 1024w, https:\/\/www.pomniki-przyrody.pl\/wp-content\/uploads\/2013\/05\/okaza\u0142a-lipa-w-Bia\u0142og\u00f3rzu-300x204.jpg 300w, https:\/\/www.pomniki-przyrody.pl\/wp-content\/uploads\/2013\/05\/okaza\u0142a-lipa-w-Bia\u0142og\u00f3rzu-441x300.jpg 441w, https:\/\/www.pomniki-przyrody.pl\/wp-content\/uploads\/2013\/05\/okaza\u0142a-lipa-w-Bia\u0142og\u00f3rzu.jpg 1200w\" sizes=\"auto, (max-width: 584px) 100vw, 584px\" \/><\/a><a href=\"https:\/\/www.pomniki-przyrody.pl\/wp-content\/uploads\/2013\/05\/pie\u0144-okaza\u0142ej-lipy-w-Bia\u0142og\u00f3rzu.jpg\"><img loading=\"lazy\" decoding=\"async\" class=\"aligncenter  wp-image-3612\" title=\"pie\u0144 okaza\u0142ej lipy w Bia\u0142og\u00f3rzu\" alt=\"\" src=\"https:\/\/www.pomniki-przyrody.pl\/wp-content\/uploads\/2013\/05\/pie\u0144-okaza\u0142ej-lipy-w-Bia\u0142og\u00f3rzu-829x1024.jpg\" width=\"584\" height=\"721\" srcset=\"https:\/\/www.pomniki-przyrody.pl\/wp-content\/uploads\/2013\/05\/pie\u0144-okaza\u0142ej-lipy-w-Bia\u0142og\u00f3rzu-829x1024.jpg 829w, https:\/\/www.pomniki-przyrody.pl\/wp-content\/uploads\/2013\/05\/pie\u0144-okaza\u0142ej-lipy-w-Bia\u0142og\u00f3rzu-243x300.jpg 243w, https:\/\/www.pomniki-przyrody.pl\/wp-content\/uploads\/2013\/05\/pie\u0144-okaza\u0142ej-lipy-w-Bia\u0142og\u00f3rzu.jpg 900w\" sizes=\"auto, (max-width: 584px) 100vw, 584px\" \/><\/a><a href=\"https:\/\/www.pomniki-przyrody.pl\/wp-content\/uploads\/2013\/05\/pie\u0144-ogromnej-lipy-w-Bia\u0142og\u00f3rzu.jpg\"><img loading=\"lazy\" decoding=\"async\" class=\"aligncenter  wp-image-3611\" title=\"pie\u0144 ogromnej lipy w Bia\u0142og\u00f3rzu\" alt=\"\" src=\"https:\/\/www.pomniki-przyrody.pl\/wp-content\/uploads\/2013\/05\/pie\u0144-ogromnej-lipy-w-Bia\u0142og\u00f3rzu-825x1024.jpg\" width=\"584\" height=\"724\" srcset=\"https:\/\/www.pomniki-przyrody.pl\/wp-content\/uploads\/2013\/05\/pie\u0144-ogromnej-lipy-w-Bia\u0142og\u00f3rzu-825x1024.jpg 825w, https:\/\/www.pomniki-przyrody.pl\/wp-content\/uploads\/2013\/05\/pie\u0144-ogromnej-lipy-w-Bia\u0142og\u00f3rzu-241x300.jpg 241w, https:\/\/www.pomniki-przyrody.pl\/wp-content\/uploads\/2013\/05\/pie\u0144-ogromnej-lipy-w-Bia\u0142og\u00f3rzu.jpg 900w\" sizes=\"auto, (max-width: 584px) 100vw, 584px\" \/><\/a><\/p>\n","protected":false},"excerpt":{"rendered":"<p>Gmina Wiejska Zgorzelec po\u0142o\u017cona jest w tzw. Obni\u017ceniu \u017bytawsko &#8211; Zgorzeleckim i zajmuje powierzchni\u0119 136,3 km \u00b2. Wi\u0119ksze zgrupowania pomnik\u00f3w przyrody w gminie znajduj\u0105 si\u0119 w za\u0142o\u017ceniach parkowych, przylegaj\u0105cych do zespo\u0142\u00f3w dworskich w \u0141agowie (Pomniki przyrody w \u0141agowie k. Zgorzelca) &hellip; <a href=\"https:\/\/www.pomniki-przyrody.pl\/?p=3608\">Czytaj dalej <span class=\"meta-nav\">&rarr;<\/span><\/a><\/p>\n","protected":false},"author":2,"featured_media":0,"comment_status":"open","ping_status":"open","sticky":false,"template":"","format":"standard","meta":{"footnotes":""},"categories":[1],"tags":[585,467,583,586,318,584],"class_list":["post-3608","post","type-post","status-publish","format-standard","hentry","category-przyroda-ozywiona","tag-bialogorze","tag-gmina-zgorzelec","tag-gozdanin","tag-jedrzychowice","tag-pomnikowe-deby","tag-tylice"],"_links":{"self":[{"href":"https:\/\/www.pomniki-przyrody.pl\/index.php?rest_route=\/wp\/v2\/posts\/3608","targetHints":{"allow":["GET"]}}],"collection":[{"href":"https:\/\/www.pomniki-przyrody.pl\/index.php?rest_route=\/wp\/v2\/posts"}],"about":[{"href":"https:\/\/www.pomniki-przyrody.pl\/index.php?rest_route=\/wp\/v2\/types\/post"}],"author":[{"embeddable":true,"href":"https:\/\/www.pomniki-przyrody.pl\/index.php?rest_route=\/wp\/v2\/users\/2"}],"replies":[{"embeddable":true,"href":"https:\/\/www.pomniki-przyrody.pl\/index.php?rest_route=%2Fwp%2Fv2%2Fcomments&post=3608"}],"version-history":[{"count":0,"href":"https:\/\/www.pomniki-przyrody.pl\/index.php?rest_route=\/wp\/v2\/posts\/3608\/revisions"}],"wp:attachment":[{"href":"https:\/\/www.pomniki-przyrody.pl\/index.php?rest_route=%2Fwp%2Fv2%2Fmedia&parent=3608"}],"wp:term":[{"taxonomy":"category","embeddable":true,"href":"https:\/\/www.pomniki-przyrody.pl\/index.php?rest_route=%2Fwp%2Fv2%2Fcategories&post=3608"},{"taxonomy":"post_tag","embeddable":true,"href":"https:\/\/www.pomniki-przyrody.pl\/index.php?rest_route=%2Fwp%2Fv2%2Ftags&post=3608"}],"curies":[{"name":"wp","href":"https:\/\/api.w.org\/{rel}","templated":true}]}}