{"id":3632,"date":"2013-05-31T22:50:52","date_gmt":"2013-05-31T20:50:52","guid":{"rendered":"http:\/\/www.pomniki-przyrody.pl\/?p=3632"},"modified":"2013-06-01T16:39:27","modified_gmt":"2013-06-01T14:39:27","slug":"zespol-palacowo-parkowy-w-zmigrodzie","status":"publish","type":"post","link":"https:\/\/www.pomniki-przyrody.pl\/?p=3632","title":{"rendered":"Zesp\u00f3\u0142 pa\u0142acowo &#8211; parkowy w \u017bmigrodzie."},"content":{"rendered":"<p style=\"text-align: left;\">\u017bmigr\u00f3d jest niewielkim miastem (siedzib\u0105 gminy miejsko &#8211; wiejskiej) w powiecie trzebnickim, po\u0142o\u017conym przy drodze krajowej nr 5 Wroc\u0142aw &#8211; Pozna\u0144. Na p\u00f3\u0142nocnym kra\u0144cu miejscowo\u015bci, przed mostem na Baryczy, znajduje si\u0119 niedawno zrewitalizowany kompleks pa\u0142acowo &#8211; parkowy. Zmotoryzowani tury\u015bci mog\u0105 zostawi\u0107 auto na parkingu przy ulicy Pozna\u0144skiej, na stacji paliw &#8222;Orlen&#8221; lub na ulicy Parkowej.<a href=\"https:\/\/www.pomniki-przyrody.pl\/wp-content\/uploads\/2013\/05\/plan-\u017bmigrodu.jpg\"><img loading=\"lazy\" decoding=\"async\" class=\"aligncenter  wp-image-3637\" title=\"plan \u017bmigrodu\" alt=\"\" src=\"https:\/\/www.pomniki-przyrody.pl\/wp-content\/uploads\/2013\/05\/plan-\u017bmigrodu-777x1024.jpg\" width=\"584\" height=\"769\" srcset=\"https:\/\/www.pomniki-przyrody.pl\/wp-content\/uploads\/2013\/05\/plan-\u017bmigrodu-777x1024.jpg 777w, https:\/\/www.pomniki-przyrody.pl\/wp-content\/uploads\/2013\/05\/plan-\u017bmigrodu-227x300.jpg 227w, https:\/\/www.pomniki-przyrody.pl\/wp-content\/uploads\/2013\/05\/plan-\u017bmigrodu.jpg 1085w\" sizes=\"auto, (max-width: 584px) 100vw, 584px\" \/><\/a><\/p>\n<p>Niesamowite wra\u017cenie sprawia, zabezpieczony jako trwa\u0142a ruina, barokowy pa\u0142ac z pocz. XVIII w., w p\u00f3\u017aniejszym czasie rozbudowany o nieistniej\u0105ce dzi\u015b klasycystyczne skrzyd\u0142o.<\/p>\n<p style=\"text-align: center;\"><a href=\"https:\/\/www.pomniki-przyrody.pl\/wp-content\/uploads\/2013\/05\/ruiny-pa\u0142acu-w-\u017bmigrodzie.jpg\"><img loading=\"lazy\" decoding=\"async\" class=\"aligncenter  wp-image-3643\" title=\"ruiny pa\u0142acu w \u017bmigrodzie\" alt=\"\" src=\"https:\/\/www.pomniki-przyrody.pl\/wp-content\/uploads\/2013\/05\/ruiny-pa\u0142acu-w-\u017bmigrodzie-1024x669.jpg\" width=\"584\" height=\"381\" srcset=\"https:\/\/www.pomniki-przyrody.pl\/wp-content\/uploads\/2013\/05\/ruiny-pa\u0142acu-w-\u017bmigrodzie-1024x669.jpg 1024w, https:\/\/www.pomniki-przyrody.pl\/wp-content\/uploads\/2013\/05\/ruiny-pa\u0142acu-w-\u017bmigrodzie-300x196.jpg 300w, https:\/\/www.pomniki-przyrody.pl\/wp-content\/uploads\/2013\/05\/ruiny-pa\u0142acu-w-\u017bmigrodzie-458x300.jpg 458w, https:\/\/www.pomniki-przyrody.pl\/wp-content\/uploads\/2013\/05\/ruiny-pa\u0142acu-w-\u017bmigrodzie.jpg 1038w\" sizes=\"auto, (max-width: 584px) 100vw, 584px\" \/><\/a><\/p>\n<p>Obok stoi renesansowa, obronna wie\u017ca mieszkalna z 1560 r. zwana Baszt\u0105, pozosta\u0142o\u015b\u0107 po dawnym zamku, obecnie Punkt Informacji Turystycznej, z wystaw\u0105 po\u015bwi\u0119con\u0105 historii zamku i pa\u0142acu oraz tarasem widokowym.<\/p>\n<p style=\"text-align: center;\"><a href=\"https:\/\/www.pomniki-przyrody.pl\/wp-content\/uploads\/2013\/05\/baszta-w-parku-w-\u017bmigrodzie.jpg\"><img loading=\"lazy\" decoding=\"async\" class=\"aligncenter  wp-image-3634\" title=\"baszta w parku w \u017bmigrodzie\" alt=\"\" src=\"https:\/\/www.pomniki-przyrody.pl\/wp-content\/uploads\/2013\/05\/baszta-w-parku-w-\u017bmigrodzie.jpg\" width=\"703\" height=\"1024\" srcset=\"https:\/\/www.pomniki-przyrody.pl\/wp-content\/uploads\/2013\/05\/baszta-w-parku-w-\u017bmigrodzie.jpg 703w, https:\/\/www.pomniki-przyrody.pl\/wp-content\/uploads\/2013\/05\/baszta-w-parku-w-\u017bmigrodzie-205x300.jpg 205w\" sizes=\"auto, (max-width: 703px) 100vw, 703px\" \/><\/a><\/p>\n<p style=\"text-align: left;\">Ca\u0142o\u015b\u0107 otacza pi\u0119kne za\u0142o\u017cenie parkowe o powierzchni ok. 15 ha z przewag\u0105 rodzimego \u00a0drzewostanu.<a href=\"https:\/\/www.pomniki-przyrody.pl\/wp-content\/uploads\/2013\/05\/tablica-przed-wej\u015bciem-do-parku.jpg\"><img loading=\"lazy\" decoding=\"async\" class=\"aligncenter  wp-image-3647\" title=\"tablica przed wej\u015bciem do parku\" alt=\"\" src=\"https:\/\/www.pomniki-przyrody.pl\/wp-content\/uploads\/2013\/05\/tablica-przed-wej\u015bciem-do-parku-768x1024.jpg\" width=\"584\" height=\"778\" srcset=\"https:\/\/www.pomniki-przyrody.pl\/wp-content\/uploads\/2013\/05\/tablica-przed-wej\u015bciem-do-parku-768x1024.jpg 768w, https:\/\/www.pomniki-przyrody.pl\/wp-content\/uploads\/2013\/05\/tablica-przed-wej\u015bciem-do-parku-225x300.jpg 225w, https:\/\/www.pomniki-przyrody.pl\/wp-content\/uploads\/2013\/05\/tablica-przed-wej\u015bciem-do-parku.jpg 1200w\" sizes=\"auto, (max-width: 584px) 100vw, 584px\" \/><\/a><\/p>\n<p>Z wielu okaza\u0142ych egzemplarzy drzew ochron\u0105 pomnikow\u0105 obj\u0119to dwa drzewa : wspania\u0142y \u00a0okaz d\u0119bu szypu\u0142kowego i rosn\u0105cego obok wielopiennego cisa.<\/p>\n<p style=\"text-align: center;\"><a href=\"https:\/\/www.pomniki-przyrody.pl\/wp-content\/uploads\/2013\/05\/pomnikowe-drzewa-w-\u017bmigrodzie.jpg\"><img loading=\"lazy\" decoding=\"async\" class=\"aligncenter  wp-image-3638\" title=\"pomnikowe drzewa w \u017bmigrodzie\" alt=\"\" src=\"https:\/\/www.pomniki-przyrody.pl\/wp-content\/uploads\/2013\/05\/pomnikowe-drzewa-w-\u017bmigrodzie-1024x654.jpg\" width=\"584\" height=\"372\" srcset=\"https:\/\/www.pomniki-przyrody.pl\/wp-content\/uploads\/2013\/05\/pomnikowe-drzewa-w-\u017bmigrodzie-1024x654.jpg 1024w, https:\/\/www.pomniki-przyrody.pl\/wp-content\/uploads\/2013\/05\/pomnikowe-drzewa-w-\u017bmigrodzie-300x191.jpg 300w, https:\/\/www.pomniki-przyrody.pl\/wp-content\/uploads\/2013\/05\/pomnikowe-drzewa-w-\u017bmigrodzie-469x300.jpg 469w, https:\/\/www.pomniki-przyrody.pl\/wp-content\/uploads\/2013\/05\/pomnikowe-drzewa-w-\u017bmigrodzie.jpg 1144w\" sizes=\"auto, (max-width: 584px) 100vw, 584px\" \/><\/a><\/p>\n<p>Rosn\u0105cy przy ruinach pa\u0142acu d\u0105b &#8222;Melchior&#8221;, odznacza si\u0119 pi\u0119kn\u0105, roz\u0142o\u017cyst\u0105 koron\u0105.<\/p>\n<p>GPS \u00a0N 51\u00b028\u203255.53\u2033 , E 16\u00b054\u203257.79\u2033<\/p>\n<p style=\"text-align: center;\"><a href=\"https:\/\/www.pomniki-przyrody.pl\/wp-content\/uploads\/2013\/05\/pomnikowy-d\u0105b-Melchior-w-\u017bmigrodzie.jpg\"><img loading=\"lazy\" decoding=\"async\" class=\"aligncenter  wp-image-3640\" title=\"pomnikowy d\u0105b Melchior w \u017bmigrodzie\" alt=\"\" src=\"https:\/\/www.pomniki-przyrody.pl\/wp-content\/uploads\/2013\/05\/pomnikowy-d\u0105b-Melchior-w-\u017bmigrodzie-1024x768.jpg\" width=\"584\" height=\"438\" srcset=\"https:\/\/www.pomniki-przyrody.pl\/wp-content\/uploads\/2013\/05\/pomnikowy-d\u0105b-Melchior-w-\u017bmigrodzie-1024x768.jpg 1024w, https:\/\/www.pomniki-przyrody.pl\/wp-content\/uploads\/2013\/05\/pomnikowy-d\u0105b-Melchior-w-\u017bmigrodzie-300x225.jpg 300w, https:\/\/www.pomniki-przyrody.pl\/wp-content\/uploads\/2013\/05\/pomnikowy-d\u0105b-Melchior-w-\u017bmigrodzie-400x300.jpg 400w, https:\/\/www.pomniki-przyrody.pl\/wp-content\/uploads\/2013\/05\/pomnikowy-d\u0105b-Melchior-w-\u017bmigrodzie.jpg 1200w\" sizes=\"auto, (max-width: 584px) 100vw, 584px\" \/><\/a><\/p>\n<p style=\"text-align: center;\"><a href=\"https:\/\/www.pomniki-przyrody.pl\/wp-content\/uploads\/2013\/05\/pomnikowy-d\u0105b-na-tle-ruin-pa\u0142acu-w-\u017bmigrodzie.jpg\"><img loading=\"lazy\" decoding=\"async\" class=\"aligncenter  wp-image-3641\" title=\"pomnikowy d\u0105b na tle ruin pa\u0142acu w \u017bmigrodzie\" alt=\"\" src=\"https:\/\/www.pomniki-przyrody.pl\/wp-content\/uploads\/2013\/05\/pomnikowy-d\u0105b-na-tle-ruin-pa\u0142acu-w-\u017bmigrodzie-1024x710.jpg\" width=\"584\" height=\"404\" srcset=\"https:\/\/www.pomniki-przyrody.pl\/wp-content\/uploads\/2013\/05\/pomnikowy-d\u0105b-na-tle-ruin-pa\u0142acu-w-\u017bmigrodzie-1024x710.jpg 1024w, https:\/\/www.pomniki-przyrody.pl\/wp-content\/uploads\/2013\/05\/pomnikowy-d\u0105b-na-tle-ruin-pa\u0142acu-w-\u017bmigrodzie-300x208.jpg 300w, https:\/\/www.pomniki-przyrody.pl\/wp-content\/uploads\/2013\/05\/pomnikowy-d\u0105b-na-tle-ruin-pa\u0142acu-w-\u017bmigrodzie-432x300.jpg 432w, https:\/\/www.pomniki-przyrody.pl\/wp-content\/uploads\/2013\/05\/pomnikowy-d\u0105b-na-tle-ruin-pa\u0142acu-w-\u017bmigrodzie.jpg 1146w\" sizes=\"auto, (max-width: 584px) 100vw, 584px\" \/><\/a><\/p>\n<p style=\"text-align: center;\"><a href=\"https:\/\/www.pomniki-przyrody.pl\/wp-content\/uploads\/2013\/05\/autor-przy-pomnikowym-d\u0119bie-w-\u017bmigrodzie.jpg\"><img loading=\"lazy\" decoding=\"async\" class=\"aligncenter  wp-image-3633\" title=\"autor przy pomnikowym d\u0119bie w \u017bmigrodzie\" alt=\"\" src=\"https:\/\/www.pomniki-przyrody.pl\/wp-content\/uploads\/2013\/05\/autor-przy-pomnikowym-d\u0119bie-w-\u017bmigrodzie-710x1024.jpg\" width=\"584\" height=\"842\" srcset=\"https:\/\/www.pomniki-przyrody.pl\/wp-content\/uploads\/2013\/05\/autor-przy-pomnikowym-d\u0119bie-w-\u017bmigrodzie-710x1024.jpg 710w, https:\/\/www.pomniki-przyrody.pl\/wp-content\/uploads\/2013\/05\/autor-przy-pomnikowym-d\u0119bie-w-\u017bmigrodzie-208x300.jpg 208w, https:\/\/www.pomniki-przyrody.pl\/wp-content\/uploads\/2013\/05\/autor-przy-pomnikowym-d\u0119bie-w-\u017bmigrodzie.jpg 891w\" sizes=\"auto, (max-width: 584px) 100vw, 584px\" \/><\/a><\/p>\n<p>Obw\u00f3d drzewa 631 cm, wysoko\u015b\u0107 29 metr\u00f3w, wiek ok. 390 lat. Na pniu dwie tabliczki, jedna prawie niewidoczna, nietypowo wro\u015bni\u0119ta w kor\u0119 drzewa.<\/p>\n<p style=\"text-align: center;\"><a href=\"https:\/\/www.pomniki-przyrody.pl\/wp-content\/uploads\/2013\/05\/pie\u0144-d\u0119bu-Melchior-w-\u017bmigrodzie.jpg\"><img loading=\"lazy\" decoding=\"async\" class=\"aligncenter  wp-image-3636\" title=\"pie\u0144 d\u0119bu Melchior w \u017bmigrodzie\" alt=\"\" src=\"https:\/\/www.pomniki-przyrody.pl\/wp-content\/uploads\/2013\/05\/pie\u0144-d\u0119bu-Melchior-w-\u017bmigrodzie-1024x733.jpg\" width=\"584\" height=\"418\" srcset=\"https:\/\/www.pomniki-przyrody.pl\/wp-content\/uploads\/2013\/05\/pie\u0144-d\u0119bu-Melchior-w-\u017bmigrodzie-1024x733.jpg 1024w, https:\/\/www.pomniki-przyrody.pl\/wp-content\/uploads\/2013\/05\/pie\u0144-d\u0119bu-Melchior-w-\u017bmigrodzie-300x214.jpg 300w, https:\/\/www.pomniki-przyrody.pl\/wp-content\/uploads\/2013\/05\/pie\u0144-d\u0119bu-Melchior-w-\u017bmigrodzie-419x300.jpg 419w, https:\/\/www.pomniki-przyrody.pl\/wp-content\/uploads\/2013\/05\/pie\u0144-d\u0119bu-Melchior-w-\u017bmigrodzie.jpg 1200w\" sizes=\"auto, (max-width: 584px) 100vw, 584px\" \/><\/a><a href=\"https:\/\/www.pomniki-przyrody.pl\/wp-content\/uploads\/2013\/05\/zaro\u015bni\u0119ta-tabliczka-na-pomnikowym-d\u0119bie.jpg\"><img loading=\"lazy\" decoding=\"async\" class=\"aligncenter  wp-image-3650\" title=\"zaro\u015bni\u0119ta tabliczka na pomnikowym d\u0119bie\" alt=\"\" src=\"https:\/\/www.pomniki-przyrody.pl\/wp-content\/uploads\/2013\/05\/zaro\u015bni\u0119ta-tabliczka-na-pomnikowym-d\u0119bie.jpg\" width=\"900\" height=\"675\" srcset=\"https:\/\/www.pomniki-przyrody.pl\/wp-content\/uploads\/2013\/05\/zaro\u015bni\u0119ta-tabliczka-na-pomnikowym-d\u0119bie.jpg 900w, https:\/\/www.pomniki-przyrody.pl\/wp-content\/uploads\/2013\/05\/zaro\u015bni\u0119ta-tabliczka-na-pomnikowym-d\u0119bie-300x225.jpg 300w, https:\/\/www.pomniki-przyrody.pl\/wp-content\/uploads\/2013\/05\/zaro\u015bni\u0119ta-tabliczka-na-pomnikowym-d\u0119bie-400x300.jpg 400w\" sizes=\"auto, (max-width: 900px) 100vw, 900px\" \/><\/a><\/p>\n<p>30 metr\u00f3w obok ro\u015bnie drugie pomnikowe drzewo &#8211; wielopienny cis pospolity.<\/p>\n<p style=\"text-align: center;\"><a href=\"https:\/\/www.pomniki-przyrody.pl\/wp-content\/uploads\/2013\/05\/pomnikowy-cis-w-zmigrodzie.jpg\"><img loading=\"lazy\" decoding=\"async\" class=\"aligncenter  wp-image-3639\" title=\"pomnikowy cis w \u017bmigrodzie\" alt=\"\" src=\"https:\/\/www.pomniki-przyrody.pl\/wp-content\/uploads\/2013\/05\/pomnikowy-cis-w-zmigrodzie-1024x745.jpg\" width=\"584\" height=\"424\" srcset=\"https:\/\/www.pomniki-przyrody.pl\/wp-content\/uploads\/2013\/05\/pomnikowy-cis-w-zmigrodzie-1024x745.jpg 1024w, https:\/\/www.pomniki-przyrody.pl\/wp-content\/uploads\/2013\/05\/pomnikowy-cis-w-zmigrodzie-300x218.jpg 300w, https:\/\/www.pomniki-przyrody.pl\/wp-content\/uploads\/2013\/05\/pomnikowy-cis-w-zmigrodzie-412x300.jpg 412w, https:\/\/www.pomniki-przyrody.pl\/wp-content\/uploads\/2013\/05\/pomnikowy-cis-w-zmigrodzie.jpg 1105w\" sizes=\"auto, (max-width: 584px) 100vw, 584px\" \/><\/a><a href=\"https:\/\/www.pomniki-przyrody.pl\/wp-content\/uploads\/2013\/05\/wielopienny-cis-w-\u017bmigrodzie.jpg\"><img loading=\"lazy\" decoding=\"async\" class=\"aligncenter  wp-image-3649\" title=\"wielopienny cis - park w \u017bmigrodzie\" alt=\"\" src=\"https:\/\/www.pomniki-przyrody.pl\/wp-content\/uploads\/2013\/05\/wielopienny-cis-w-\u017bmigrodzie-816x1024.jpg\" width=\"584\" height=\"732\" srcset=\"https:\/\/www.pomniki-przyrody.pl\/wp-content\/uploads\/2013\/05\/wielopienny-cis-w-\u017bmigrodzie-816x1024.jpg 816w, https:\/\/www.pomniki-przyrody.pl\/wp-content\/uploads\/2013\/05\/wielopienny-cis-w-\u017bmigrodzie-239x300.jpg 239w, https:\/\/www.pomniki-przyrody.pl\/wp-content\/uploads\/2013\/05\/wielopienny-cis-w-\u017bmigrodzie.jpg 897w\" sizes=\"auto, (max-width: 584px) 100vw, 584px\" \/><\/a><\/p>\n<p>Wysoko\u015b\u0107 okazu 13 metr\u00f3w, obw\u00f3d przewodnik\u00f3w 214, 111, 162, 98, 91, 93.<\/p>\n<p><a href=\"https:\/\/www.pomniki-przyrody.pl\/wp-content\/uploads\/2013\/05\/wielopienna-forma-pomnikowego-cisa-w-\u017bmigrodzie.jpg\"><img loading=\"lazy\" decoding=\"async\" class=\"aligncenter size-large wp-image-3648\" alt=\"wielopienna forma pomnikowego cisa w \u017bmigrodzie\" src=\"https:\/\/www.pomniki-przyrody.pl\/wp-content\/uploads\/2013\/05\/wielopienna-forma-pomnikowego-cisa-w-\u017bmigrodzie-797x1024.jpg\" width=\"584\" height=\"750\" srcset=\"https:\/\/www.pomniki-przyrody.pl\/wp-content\/uploads\/2013\/05\/wielopienna-forma-pomnikowego-cisa-w-\u017bmigrodzie-797x1024.jpg 797w, https:\/\/www.pomniki-przyrody.pl\/wp-content\/uploads\/2013\/05\/wielopienna-forma-pomnikowego-cisa-w-\u017bmigrodzie-233x300.jpg 233w, https:\/\/www.pomniki-przyrody.pl\/wp-content\/uploads\/2013\/05\/wielopienna-forma-pomnikowego-cisa-w-\u017bmigrodzie.jpg 897w\" sizes=\"auto, (max-width: 584px) 100vw, 584px\" \/><\/a><\/p>\n<p>Ciekawostk\u0105 s\u0105 rosn\u0105ce tu egzemplarze rzadkiej surmi zwanej katalp\u0105. Cech\u0105 charakterystyczn\u0105 s\u0105 d\u0142ugie, str\u0105kopodobne owoce dochodz\u0105ce do 40 cm d\u0142ugo\u015bci.<\/p>\n<p style=\"text-align: center;\"><a href=\"https:\/\/www.pomniki-przyrody.pl\/wp-content\/uploads\/2013\/05\/str\u0105kopodobne-owoce-surmi.jpg\"><img loading=\"lazy\" decoding=\"async\" class=\"aligncenter  wp-image-3645\" title=\"str\u0105kopodobne owoce surmi\" alt=\"\" src=\"https:\/\/www.pomniki-przyrody.pl\/wp-content\/uploads\/2013\/05\/str\u0105kopodobne-owoce-surmi-768x1024.jpg\" width=\"584\" height=\"778\" srcset=\"https:\/\/www.pomniki-przyrody.pl\/wp-content\/uploads\/2013\/05\/str\u0105kopodobne-owoce-surmi-768x1024.jpg 768w, https:\/\/www.pomniki-przyrody.pl\/wp-content\/uploads\/2013\/05\/str\u0105kopodobne-owoce-surmi-225x300.jpg 225w, https:\/\/www.pomniki-przyrody.pl\/wp-content\/uploads\/2013\/05\/str\u0105kopodobne-owoce-surmi.jpg 900w\" sizes=\"auto, (max-width: 584px) 100vw, 584px\" \/><\/a><\/p>\n<p style=\"text-align: center;\"><a href=\"https:\/\/www.pomniki-przyrody.pl\/wp-content\/uploads\/2013\/05\/surmia-katalpa-park-w-\u017bmigrodzie.jpg\"><img loading=\"lazy\" decoding=\"async\" class=\"aligncenter  wp-image-3646\" title=\"surmia (katalpa) - park w \u017bmigrodzie\" alt=\"\" src=\"https:\/\/www.pomniki-przyrody.pl\/wp-content\/uploads\/2013\/05\/surmia-katalpa-park-w-\u017bmigrodzie-1024x768.jpg\" width=\"584\" height=\"438\" srcset=\"https:\/\/www.pomniki-przyrody.pl\/wp-content\/uploads\/2013\/05\/surmia-katalpa-park-w-\u017bmigrodzie-1024x768.jpg 1024w, https:\/\/www.pomniki-przyrody.pl\/wp-content\/uploads\/2013\/05\/surmia-katalpa-park-w-\u017bmigrodzie-300x225.jpg 300w, https:\/\/www.pomniki-przyrody.pl\/wp-content\/uploads\/2013\/05\/surmia-katalpa-park-w-\u017bmigrodzie-400x300.jpg 400w, https:\/\/www.pomniki-przyrody.pl\/wp-content\/uploads\/2013\/05\/surmia-katalpa-park-w-\u017bmigrodzie.jpg 1200w\" sizes=\"auto, (max-width: 584px) 100vw, 584px\" \/><\/a><\/p>\n<p>Pi\u0119knie prezentuj\u0105 si\u0119 r\u00f3wnie\u017c kwitn\u0105ce kasztanowce czerwone.<\/p>\n<p style=\"text-align: center;\"><a href=\"https:\/\/www.pomniki-przyrody.pl\/wp-content\/uploads\/2013\/05\/kwitn\u0105cy-kasztanowiec-czerwony-na-skraju-\u017cmigrodzkiego-parku.jpg\"><img loading=\"lazy\" decoding=\"async\" class=\"aligncenter  wp-image-3635\" title=\"kwitn\u0105cy kasztanowiec czerwony na skraju \u017cmigrodzkiego parku\" alt=\"\" src=\"https:\/\/www.pomniki-przyrody.pl\/wp-content\/uploads\/2013\/05\/kwitn\u0105cy-kasztanowiec-czerwony-na-skraju-\u017cmigrodzkiego-parku.jpg\" width=\"900\" height=\"1008\" srcset=\"https:\/\/www.pomniki-przyrody.pl\/wp-content\/uploads\/2013\/05\/kwitn\u0105cy-kasztanowiec-czerwony-na-skraju-\u017cmigrodzkiego-parku.jpg 900w, https:\/\/www.pomniki-przyrody.pl\/wp-content\/uploads\/2013\/05\/kwitn\u0105cy-kasztanowiec-czerwony-na-skraju-\u017cmigrodzkiego-parku-267x300.jpg 267w\" sizes=\"auto, (max-width: 900px) 100vw, 900px\" \/><\/a><\/p>\n<p>Park upi\u0119kszaj\u0105 okazy egzotycznych krzew\u00f3w oraz rabaty r\u00f3\u017cnokolorowych kwiat\u00f3w.<\/p>\n<p style=\"text-align: center;\"><a href=\"https:\/\/www.pomniki-przyrody.pl\/wp-content\/uploads\/2013\/05\/rododendrony-park-w-\u017bmigrodzie.jpg\"><img loading=\"lazy\" decoding=\"async\" class=\"aligncenter  wp-image-3642\" title=\"rododendrony - park w \u017bmigrodzie\" alt=\"\" src=\"https:\/\/www.pomniki-przyrody.pl\/wp-content\/uploads\/2013\/05\/rododendrony-park-w-\u017bmigrodzie-1024x678.jpg\" width=\"584\" height=\"386\" srcset=\"https:\/\/www.pomniki-przyrody.pl\/wp-content\/uploads\/2013\/05\/rododendrony-park-w-\u017bmigrodzie-1024x678.jpg 1024w, https:\/\/www.pomniki-przyrody.pl\/wp-content\/uploads\/2013\/05\/rododendrony-park-w-\u017bmigrodzie-300x198.jpg 300w, https:\/\/www.pomniki-przyrody.pl\/wp-content\/uploads\/2013\/05\/rododendrony-park-w-\u017bmigrodzie-452x300.jpg 452w, https:\/\/www.pomniki-przyrody.pl\/wp-content\/uploads\/2013\/05\/rododendrony-park-w-\u017bmigrodzie.jpg 1200w\" sizes=\"auto, (max-width: 584px) 100vw, 584px\" \/><\/a><\/p>\n<p>Na kra\u0144cu za\u0142o\u017cenia parkowego znajduj\u0105 si\u0119 stawy z wyspami oraz fontann\u0105.<\/p>\n<p style=\"text-align: center;\"><a href=\"https:\/\/www.pomniki-przyrody.pl\/wp-content\/uploads\/2013\/05\/staw-w-parku-w-\u017bmigrodzie.jpg\"><img loading=\"lazy\" decoding=\"async\" class=\"aligncenter  wp-image-3644\" title=\"staw w parku w \u017bmigrodzie\" alt=\"\" src=\"https:\/\/www.pomniki-przyrody.pl\/wp-content\/uploads\/2013\/05\/staw-w-parku-w-\u017bmigrodzie-1024x678.jpg\" width=\"584\" height=\"386\" srcset=\"https:\/\/www.pomniki-przyrody.pl\/wp-content\/uploads\/2013\/05\/staw-w-parku-w-\u017bmigrodzie-1024x678.jpg 1024w, https:\/\/www.pomniki-przyrody.pl\/wp-content\/uploads\/2013\/05\/staw-w-parku-w-\u017bmigrodzie-300x198.jpg 300w, https:\/\/www.pomniki-przyrody.pl\/wp-content\/uploads\/2013\/05\/staw-w-parku-w-\u017bmigrodzie-452x300.jpg 452w, https:\/\/www.pomniki-przyrody.pl\/wp-content\/uploads\/2013\/05\/staw-w-parku-w-\u017bmigrodzie.jpg 1200w\" sizes=\"auto, (max-width: 584px) 100vw, 584px\" \/><\/a><\/p>\n<p>\u017bmigr\u00f3d jest obowi\u0105zkowym punktem zwiedzania Parku Krajobrazowego Doliny Baryczy, zar\u00f3wno dla mi\u0142o\u015bnik\u00f3w historii jak i przyrody.<\/p>\n","protected":false},"excerpt":{"rendered":"<p>\u017bmigr\u00f3d jest niewielkim miastem (siedzib\u0105 gminy miejsko &#8211; wiejskiej) w powiecie trzebnickim, po\u0142o\u017conym przy drodze krajowej nr 5 Wroc\u0142aw &#8211; Pozna\u0144. Na p\u00f3\u0142nocnym kra\u0144cu miejscowo\u015bci, przed mostem na Baryczy, znajduje si\u0119 niedawno zrewitalizowany kompleks pa\u0142acowo &#8211; parkowy. Zmotoryzowani tury\u015bci mog\u0105 &hellip; <a href=\"https:\/\/www.pomniki-przyrody.pl\/?p=3632\">Czytaj dalej <span class=\"meta-nav\">&rarr;<\/span><\/a><\/p>\n","protected":false},"author":2,"featured_media":0,"comment_status":"open","ping_status":"open","sticky":false,"template":"","format":"standard","meta":{"footnotes":""},"categories":[1],"tags":[589,594,593,591,588,590,592,587],"class_list":["post-3632","post","type-post","status-publish","format-standard","hentry","category-przyroda-ozywiona","tag-dab-melchior","tag-kasztanowiec-czerwony","tag-katalpa","tag-park-w-zmigrodzie","tag-palac-w-zmigrodzie","tag-pomnikowy-cis","tag-surmia","tag-zmigrod"],"_links":{"self":[{"href":"https:\/\/www.pomniki-przyrody.pl\/index.php?rest_route=\/wp\/v2\/posts\/3632","targetHints":{"allow":["GET"]}}],"collection":[{"href":"https:\/\/www.pomniki-przyrody.pl\/index.php?rest_route=\/wp\/v2\/posts"}],"about":[{"href":"https:\/\/www.pomniki-przyrody.pl\/index.php?rest_route=\/wp\/v2\/types\/post"}],"author":[{"embeddable":true,"href":"https:\/\/www.pomniki-przyrody.pl\/index.php?rest_route=\/wp\/v2\/users\/2"}],"replies":[{"embeddable":true,"href":"https:\/\/www.pomniki-przyrody.pl\/index.php?rest_route=%2Fwp%2Fv2%2Fcomments&post=3632"}],"version-history":[{"count":0,"href":"https:\/\/www.pomniki-przyrody.pl\/index.php?rest_route=\/wp\/v2\/posts\/3632\/revisions"}],"wp:attachment":[{"href":"https:\/\/www.pomniki-przyrody.pl\/index.php?rest_route=%2Fwp%2Fv2%2Fmedia&parent=3632"}],"wp:term":[{"taxonomy":"category","embeddable":true,"href":"https:\/\/www.pomniki-przyrody.pl\/index.php?rest_route=%2Fwp%2Fv2%2Fcategories&post=3632"},{"taxonomy":"post_tag","embeddable":true,"href":"https:\/\/www.pomniki-przyrody.pl\/index.php?rest_route=%2Fwp%2Fv2%2Ftags&post=3632"}],"curies":[{"name":"wp","href":"https:\/\/api.w.org\/{rel}","templated":true}]}}