{"id":3746,"date":"2013-06-17T22:57:11","date_gmt":"2013-06-17T20:57:11","guid":{"rendered":"http:\/\/www.pomniki-przyrody.pl\/?p=3746"},"modified":"2013-06-17T22:57:11","modified_gmt":"2013-06-17T20:57:11","slug":"pomniki-przyrody-w-gminie-ruja","status":"publish","type":"post","link":"https:\/\/www.pomniki-przyrody.pl\/?p=3746","title":{"rendered":"Pomniki przyrody w gminie Ruja."},"content":{"rendered":"<p>Tereny wiejskiej gminy Ruja po\u0142o\u017cone s\u0105 we wschodniej cz\u0119\u015bci powiatu legnickiego. Dominuj\u0105ce w krajobrazie s\u0105 u\u017cytki rolne, lasy w gminie zajmuj\u0105 tylko 3,4 % powierzchni. Szanse na znalezienie okaza\u0142ych egzemplarzy drzew wyst\u0119puj\u0105 tylko na obszarze wiejskich park\u00f3w, tam te\u017c rosn\u0105 okazy obj\u0119te ochron\u0105 pomnikow\u0105. 4 drzewa &#8211; pomniki przyrody (2 platany, d\u0105b oraz iglicznia tr\u00f3jcierniowa) opisa\u0142em szerzej w artykule :\u00a0<span><span style=\"color: #0000ff;\"><a title=\"Pomnikowe drzewa w Strza\u0142kowicach (gm. Ruja).\" href=\"https:\/\/www.pomniki-przyrody.pl\/?p=3722\" rel=\"bookmark\"><span style=\"color: #0000ff;\">Pomnikowe drzewa w Strza\u0142kowicach (gm. Ruja)<\/span><\/a>. <\/span>Dwa inne rosn\u0105 w parku otaczaj\u0105cym szko\u0142\u0119 we wsi Polanka.<span style=\"color: #0000ff;\"><br \/>\n<\/span><\/span><\/p>\n<p style=\"text-align: center;\"><a href=\"https:\/\/www.pomniki-przyrody.pl\/wp-content\/uploads\/2013\/06\/budynek-szko\u0142y-w-Polance.jpg\"><img loading=\"lazy\" decoding=\"async\" class=\"aligncenter  wp-image-3747\" title=\"budynek szko\u0142y w Polance\" alt=\"\" src=\"https:\/\/www.pomniki-przyrody.pl\/wp-content\/uploads\/2013\/06\/budynek-szko\u0142y-w-Polance-1024x635.jpg\" width=\"584\" height=\"362\" srcset=\"https:\/\/www.pomniki-przyrody.pl\/wp-content\/uploads\/2013\/06\/budynek-szko\u0142y-w-Polance-1024x635.jpg 1024w, https:\/\/www.pomniki-przyrody.pl\/wp-content\/uploads\/2013\/06\/budynek-szko\u0142y-w-Polance-300x186.jpg 300w, https:\/\/www.pomniki-przyrody.pl\/wp-content\/uploads\/2013\/06\/budynek-szko\u0142y-w-Polance-483x300.jpg 483w, https:\/\/www.pomniki-przyrody.pl\/wp-content\/uploads\/2013\/06\/budynek-szko\u0142y-w-Polance.jpg 1198w\" sizes=\"auto, (max-width: 584px) 100vw, 584px\" \/><\/a><\/p>\n<p>Na prawo od wej\u015bcia na teren szkolny ro\u015bnie pomnikowa lipa drobnolistna.<\/p>\n<p style=\"text-align: center;\"><a href=\"https:\/\/www.pomniki-przyrody.pl\/wp-content\/uploads\/2013\/06\/pomnikowa-lipa-w-Polance.jpg\"><img loading=\"lazy\" decoding=\"async\" class=\"aligncenter  wp-image-3758\" title=\"pomnikowa lipa w Polance\" alt=\"\" src=\"https:\/\/www.pomniki-przyrody.pl\/wp-content\/uploads\/2013\/06\/pomnikowa-lipa-w-Polance-756x1024.jpg\" width=\"584\" height=\"791\" srcset=\"https:\/\/www.pomniki-przyrody.pl\/wp-content\/uploads\/2013\/06\/pomnikowa-lipa-w-Polance-756x1024.jpg 756w, https:\/\/www.pomniki-przyrody.pl\/wp-content\/uploads\/2013\/06\/pomnikowa-lipa-w-Polance-221x300.jpg 221w, https:\/\/www.pomniki-przyrody.pl\/wp-content\/uploads\/2013\/06\/pomnikowa-lipa-w-Polance.jpg 800w\" sizes=\"auto, (max-width: 584px) 100vw, 584px\" \/><\/a><\/p>\n<p>Obw\u00f3d okazu 360 cm, wysoko\u015b\u0107 drzewa 20 metr\u00f3w.<\/p>\n<p style=\"text-align: center;\"><a href=\"https:\/\/www.pomniki-przyrody.pl\/wp-content\/uploads\/2013\/06\/pie\u0144-pomnikowej-lipy-przy-wej\u015bciu-na-teren-szko\u0142y-w-Polance.jpg\"><img loading=\"lazy\" decoding=\"async\" class=\"aligncenter  wp-image-3754\" title=\"pie\u0144 pomnikowej lipy przy wej\u015bciu na teren szko\u0142y w Polance\" alt=\"\" src=\"https:\/\/www.pomniki-przyrody.pl\/wp-content\/uploads\/2013\/06\/pie\u0144-pomnikowej-lipy-przy-wej\u015bciu-na-teren-szko\u0142y-w-Polance-754x1024.jpg\" width=\"584\" height=\"793\" srcset=\"https:\/\/www.pomniki-przyrody.pl\/wp-content\/uploads\/2013\/06\/pie\u0144-pomnikowej-lipy-przy-wej\u015bciu-na-teren-szko\u0142y-w-Polance-754x1024.jpg 754w, https:\/\/www.pomniki-przyrody.pl\/wp-content\/uploads\/2013\/06\/pie\u0144-pomnikowej-lipy-przy-wej\u015bciu-na-teren-szko\u0142y-w-Polance-221x300.jpg 221w, https:\/\/www.pomniki-przyrody.pl\/wp-content\/uploads\/2013\/06\/pie\u0144-pomnikowej-lipy-przy-wej\u015bciu-na-teren-szko\u0142y-w-Polance.jpg 837w\" sizes=\"auto, (max-width: 584px) 100vw, 584px\" \/><\/a><\/p>\n<p>Po drugiej stronie budynku, obok boiska, ro\u015bnie pomnikowy klon pospolity.<\/p>\n<p style=\"text-align: center;\"><a href=\"https:\/\/www.pomniki-przyrody.pl\/wp-content\/uploads\/2013\/06\/jesion-na-tle-pomnikowego-klonu-w-Polance.jpg\"><img loading=\"lazy\" decoding=\"async\" class=\"aligncenter  wp-image-3749\" title=\"jesion na tle pomnikowego klonu w Polance\" alt=\"\" src=\"https:\/\/www.pomniki-przyrody.pl\/wp-content\/uploads\/2013\/06\/jesion-na-tle-pomnikowego-klonu-w-Polance-823x1024.jpg\" width=\"584\" height=\"726\" srcset=\"https:\/\/www.pomniki-przyrody.pl\/wp-content\/uploads\/2013\/06\/jesion-na-tle-pomnikowego-klonu-w-Polance-823x1024.jpg 823w, https:\/\/www.pomniki-przyrody.pl\/wp-content\/uploads\/2013\/06\/jesion-na-tle-pomnikowego-klonu-w-Polance-241x300.jpg 241w, https:\/\/www.pomniki-przyrody.pl\/wp-content\/uploads\/2013\/06\/jesion-na-tle-pomnikowego-klonu-w-Polance.jpg 831w\" sizes=\"auto, (max-width: 584px) 100vw, 584px\" \/><\/a><\/p>\n<p style=\"text-align: center;\"><a href=\"https:\/\/www.pomniki-przyrody.pl\/wp-content\/uploads\/2013\/06\/pomnikowy-klon-pospolity-w-Polance.jpg\"><img loading=\"lazy\" decoding=\"async\" class=\"aligncenter  wp-image-3762\" title=\"pomnikowy klon pospolity w Polance\" alt=\"\" src=\"https:\/\/www.pomniki-przyrody.pl\/wp-content\/uploads\/2013\/06\/pomnikowy-klon-pospolity-w-Polance-1024x736.jpg\" width=\"584\" height=\"419\" srcset=\"https:\/\/www.pomniki-przyrody.pl\/wp-content\/uploads\/2013\/06\/pomnikowy-klon-pospolity-w-Polance-1024x736.jpg 1024w, https:\/\/www.pomniki-przyrody.pl\/wp-content\/uploads\/2013\/06\/pomnikowy-klon-pospolity-w-Polance-300x215.jpg 300w, https:\/\/www.pomniki-przyrody.pl\/wp-content\/uploads\/2013\/06\/pomnikowy-klon-pospolity-w-Polance-417x300.jpg 417w, https:\/\/www.pomniki-przyrody.pl\/wp-content\/uploads\/2013\/06\/pomnikowy-klon-pospolity-w-Polance.jpg 1147w\" sizes=\"auto, (max-width: 584px) 100vw, 584px\" \/><\/a><\/p>\n<p>Pie\u0144 o obwodzie 345 cm oznaczono tabliczk\u0105, wysoko\u015b\u0107 drzewa 24 metry.<\/p>\n<p style=\"text-align: center;\"><a href=\"https:\/\/www.pomniki-przyrody.pl\/wp-content\/uploads\/2013\/06\/pie\u0144-pomnikowego-klonu-w-Polance.jpg\"><img loading=\"lazy\" decoding=\"async\" class=\"aligncenter  wp-image-3753\" title=\"pie\u0144 pomnikowego klonu w Polance\" alt=\"\" src=\"https:\/\/www.pomniki-przyrody.pl\/wp-content\/uploads\/2013\/06\/pie\u0144-pomnikowego-klonu-w-Polance-787x1024.jpg\" width=\"584\" height=\"759\" srcset=\"https:\/\/www.pomniki-przyrody.pl\/wp-content\/uploads\/2013\/06\/pie\u0144-pomnikowego-klonu-w-Polance-787x1024.jpg 787w, https:\/\/www.pomniki-przyrody.pl\/wp-content\/uploads\/2013\/06\/pie\u0144-pomnikowego-klonu-w-Polance-230x300.jpg 230w, https:\/\/www.pomniki-przyrody.pl\/wp-content\/uploads\/2013\/06\/pie\u0144-pomnikowego-klonu-w-Polance.jpg 831w\" sizes=\"auto, (max-width: 584px) 100vw, 584px\" \/><\/a><\/p>\n<p>Pi\u0119kny okaz sosny czarnej znajdziemy w mocno przerzedzonym parku w Dzier\u017ckowicach. Ogrodzony teren przylega do du\u017cego gospodarstwa rolnego.<\/p>\n<p>GPS \u00a0N 51\u00b009\u203223.32\u2033 , E 16\u00b024\u203241.85\u2033<\/p>\n<p style=\"text-align: center;\"><a href=\"https:\/\/www.pomniki-przyrody.pl\/wp-content\/uploads\/2013\/06\/sosna-czarna-park-w-Dzie\u017ckowicach.jpg\"><img loading=\"lazy\" decoding=\"async\" class=\"aligncenter  wp-image-3764\" title=\"sosna czarna - park w Dzier\u017ckowicach\" alt=\"\" src=\"https:\/\/www.pomniki-przyrody.pl\/wp-content\/uploads\/2013\/06\/sosna-czarna-park-w-Dzie\u017ckowicach-768x1024.jpg\" width=\"584\" height=\"778\" srcset=\"https:\/\/www.pomniki-przyrody.pl\/wp-content\/uploads\/2013\/06\/sosna-czarna-park-w-Dzie\u017ckowicach-768x1024.jpg 768w, https:\/\/www.pomniki-przyrody.pl\/wp-content\/uploads\/2013\/06\/sosna-czarna-park-w-Dzie\u017ckowicach-225x300.jpg 225w, https:\/\/www.pomniki-przyrody.pl\/wp-content\/uploads\/2013\/06\/sosna-czarna-park-w-Dzie\u017ckowicach.jpg 900w\" sizes=\"auto, (max-width: 584px) 100vw, 584px\" \/><\/a><a href=\"https:\/\/www.pomniki-przyrody.pl\/wp-content\/uploads\/2013\/06\/pomnikowa-sosna-czarna-w-Dzie\u017ckowicach.jpg\"><img loading=\"lazy\" decoding=\"async\" class=\"aligncenter  wp-image-3759\" title=\"pomnikowa sosna czarna w Dzier\u017ckowicach\" alt=\"\" src=\"https:\/\/www.pomniki-przyrody.pl\/wp-content\/uploads\/2013\/06\/pomnikowa-sosna-czarna-w-Dzie\u017ckowicach-763x1024.jpg\" width=\"584\" height=\"783\" srcset=\"https:\/\/www.pomniki-przyrody.pl\/wp-content\/uploads\/2013\/06\/pomnikowa-sosna-czarna-w-Dzie\u017ckowicach-763x1024.jpg 763w, https:\/\/www.pomniki-przyrody.pl\/wp-content\/uploads\/2013\/06\/pomnikowa-sosna-czarna-w-Dzie\u017ckowicach-223x300.jpg 223w, https:\/\/www.pomniki-przyrody.pl\/wp-content\/uploads\/2013\/06\/pomnikowa-sosna-czarna-w-Dzie\u017ckowicach.jpg 805w\" sizes=\"auto, (max-width: 584px) 100vw, 584px\" \/><\/a><\/p>\n<p>Obw\u00f3d w pier\u015bnicy wynosi 240 cm, wysoko\u015b\u0107 drzewa 30 metr\u00f3w.<\/p>\n<p style=\"text-align: center;\"><a href=\"https:\/\/www.pomniki-przyrody.pl\/wp-content\/uploads\/2013\/06\/pie\u0144-pomnikowej-sosny-w-Dzie\u017ckowicach.jpg\"><img loading=\"lazy\" decoding=\"async\" class=\"aligncenter  wp-image-3755\" title=\"pie\u0144 pomnikowej sosny w Dzier\u017ckowicach\" alt=\"\" src=\"https:\/\/www.pomniki-przyrody.pl\/wp-content\/uploads\/2013\/06\/pie\u0144-pomnikowej-sosny-w-Dzie\u017ckowicach-749x1024.jpg\" width=\"584\" height=\"798\" srcset=\"https:\/\/www.pomniki-przyrody.pl\/wp-content\/uploads\/2013\/06\/pie\u0144-pomnikowej-sosny-w-Dzie\u017ckowicach-749x1024.jpg 749w, https:\/\/www.pomniki-przyrody.pl\/wp-content\/uploads\/2013\/06\/pie\u0144-pomnikowej-sosny-w-Dzie\u017ckowicach-219x300.jpg 219w, https:\/\/www.pomniki-przyrody.pl\/wp-content\/uploads\/2013\/06\/pie\u0144-pomnikowej-sosny-w-Dzie\u017ckowicach.jpg 799w\" sizes=\"auto, (max-width: 584px) 100vw, 584px\" \/><\/a><\/p>\n<p>Na skraju parku le\u017cy sporej wielko\u015bci g\u0142az narzutowy z czerwonego granitu.<\/p>\n<p style=\"text-align: center;\"><a href=\"https:\/\/www.pomniki-przyrody.pl\/wp-content\/uploads\/2013\/06\/g\u0142az-w-parku-w-Dzie\u017ckowicach.jpg\"><img loading=\"lazy\" decoding=\"async\" class=\"aligncenter  wp-image-3748\" title=\"g\u0142az w parku w Dzier\u017ckowicach\" alt=\"\" src=\"https:\/\/www.pomniki-przyrody.pl\/wp-content\/uploads\/2013\/06\/g\u0142az-w-parku-w-Dzie\u017ckowicach-1024x757.jpg\" width=\"584\" height=\"431\" srcset=\"https:\/\/www.pomniki-przyrody.pl\/wp-content\/uploads\/2013\/06\/g\u0142az-w-parku-w-Dzie\u017ckowicach-1024x757.jpg 1024w, https:\/\/www.pomniki-przyrody.pl\/wp-content\/uploads\/2013\/06\/g\u0142az-w-parku-w-Dzie\u017ckowicach-300x221.jpg 300w, https:\/\/www.pomniki-przyrody.pl\/wp-content\/uploads\/2013\/06\/g\u0142az-w-parku-w-Dzie\u017ckowicach-405x300.jpg 405w, https:\/\/www.pomniki-przyrody.pl\/wp-content\/uploads\/2013\/06\/g\u0142az-w-parku-w-Dzie\u017ckowicach.jpg 1136w\" sizes=\"auto, (max-width: 584px) 100vw, 584px\" \/><\/a><\/p>\n<p>W Janowicach, r\u00f3wnie\u017c na terenie wiejskiego parku, ro\u015bnie pomnikowy okaz topoli bia\u0142ej. Drzewo znajdziemy w pobli\u017cu niewielkiego cieku wodnego, o tej porze roku schowane w g\u0105szczu zaro\u015bli.<\/p>\n<p>GPS N 51\u00b008\u203200.32\u2033 , E 16\u00b024\u203241.01\u2033<\/p>\n<p style=\"text-align: center;\"><a href=\"https:\/\/www.pomniki-przyrody.pl\/wp-content\/uploads\/2013\/06\/pomnikowa-topola-bia\u0142a-w-parku-w-Janowicach.jpg\"><img loading=\"lazy\" decoding=\"async\" class=\"aligncenter  wp-image-3760\" title=\"pomnikowa topola bia\u0142a w parku w Janowicach\" alt=\"\" src=\"https:\/\/www.pomniki-przyrody.pl\/wp-content\/uploads\/2013\/06\/pomnikowa-topola-bia\u0142a-w-parku-w-Janowicach-729x1024.jpg\" width=\"584\" height=\"820\" srcset=\"https:\/\/www.pomniki-przyrody.pl\/wp-content\/uploads\/2013\/06\/pomnikowa-topola-bia\u0142a-w-parku-w-Janowicach-729x1024.jpg 729w, https:\/\/www.pomniki-przyrody.pl\/wp-content\/uploads\/2013\/06\/pomnikowa-topola-bia\u0142a-w-parku-w-Janowicach-213x300.jpg 213w, https:\/\/www.pomniki-przyrody.pl\/wp-content\/uploads\/2013\/06\/pomnikowa-topola-bia\u0142a-w-parku-w-Janowicach.jpg 760w\" sizes=\"auto, (max-width: 584px) 100vw, 584px\" \/><\/a><\/p>\n<p style=\"text-align: center;\"><a href=\"https:\/\/www.pomniki-przyrody.pl\/wp-content\/uploads\/2013\/06\/pomnikowa-topola-bia\u0142a-w-Polance.jpg\"><img loading=\"lazy\" decoding=\"async\" class=\"aligncenter  wp-image-3761\" title=\"pomnikowa topola bia\u0142a w Polance\" alt=\"\" src=\"https:\/\/www.pomniki-przyrody.pl\/wp-content\/uploads\/2013\/06\/pomnikowa-topola-bia\u0142a-w-Polance-768x1024.jpg\" width=\"584\" height=\"778\" srcset=\"https:\/\/www.pomniki-przyrody.pl\/wp-content\/uploads\/2013\/06\/pomnikowa-topola-bia\u0142a-w-Polance-768x1024.jpg 768w, https:\/\/www.pomniki-przyrody.pl\/wp-content\/uploads\/2013\/06\/pomnikowa-topola-bia\u0142a-w-Polance-225x300.jpg 225w, https:\/\/www.pomniki-przyrody.pl\/wp-content\/uploads\/2013\/06\/pomnikowa-topola-bia\u0142a-w-Polance.jpg 900w\" sizes=\"auto, (max-width: 584px) 100vw, 584px\" \/><\/a><\/p>\n<p>Na pniu o obwodzie 470 cm zachowa\u0142y si\u0119 resztki tabliczki, wysoko\u015b\u0107 topoli 32 metry.<\/p>\n<p style=\"text-align: center;\"><a href=\"https:\/\/www.pomniki-przyrody.pl\/wp-content\/uploads\/2013\/06\/pie\u0144-pomnikowej-topoli-w-Janowicach.jpg\"><img loading=\"lazy\" decoding=\"async\" class=\"aligncenter  wp-image-3756\" title=\"pie\u0144 pomnikowej topoli w Janowicach\" alt=\"\" src=\"https:\/\/www.pomniki-przyrody.pl\/wp-content\/uploads\/2013\/06\/pie\u0144-pomnikowej-topoli-w-Janowicach-768x1024.jpg\" width=\"584\" height=\"778\" srcset=\"https:\/\/www.pomniki-przyrody.pl\/wp-content\/uploads\/2013\/06\/pie\u0144-pomnikowej-topoli-w-Janowicach-768x1024.jpg 768w, https:\/\/www.pomniki-przyrody.pl\/wp-content\/uploads\/2013\/06\/pie\u0144-pomnikowej-topoli-w-Janowicach-225x300.jpg 225w, https:\/\/www.pomniki-przyrody.pl\/wp-content\/uploads\/2013\/06\/pie\u0144-pomnikowej-topoli-w-Janowicach.jpg 900w\" sizes=\"auto, (max-width: 584px) 100vw, 584px\" \/><\/a><\/p>\n<p>Za\u0142o\u017cenie parkowe przylega do niewielkiego pa\u0142acu w Rogo\u017aniku.<\/p>\n<p style=\"text-align: center;\"><a href=\"https:\/\/www.pomniki-przyrody.pl\/wp-content\/uploads\/2013\/06\/pa\u0142ac-w-Rogo\u017aniku.jpg\"><img loading=\"lazy\" decoding=\"async\" class=\"aligncenter  wp-image-3751\" title=\"pa\u0142ac w Rogo\u017aniku\" alt=\"\" src=\"https:\/\/www.pomniki-przyrody.pl\/wp-content\/uploads\/2013\/06\/pa\u0142ac-w-Rogo\u017aniku-1024x768.jpg\" width=\"584\" height=\"438\" srcset=\"https:\/\/www.pomniki-przyrody.pl\/wp-content\/uploads\/2013\/06\/pa\u0142ac-w-Rogo\u017aniku-1024x768.jpg 1024w, https:\/\/www.pomniki-przyrody.pl\/wp-content\/uploads\/2013\/06\/pa\u0142ac-w-Rogo\u017aniku-300x225.jpg 300w, https:\/\/www.pomniki-przyrody.pl\/wp-content\/uploads\/2013\/06\/pa\u0142ac-w-Rogo\u017aniku-400x300.jpg 400w, https:\/\/www.pomniki-przyrody.pl\/wp-content\/uploads\/2013\/06\/pa\u0142ac-w-Rogo\u017aniku.jpg 1200w\" sizes=\"auto, (max-width: 584px) 100vw, 584px\" \/><\/a><\/p>\n<p>W rejestrze pomnikowych drzew, rosn\u0105cych na terenie tutejszego parku, figuruje pomnikowa lipa i klon, jednak nie uda\u0142o mi si\u0119 tych drzew odnale\u017a\u0107. Na ty\u0142ach pa\u0142acu ro\u015bnie pi\u0119kny platan, za budynkiem mieszkalnym kilka okaz\u00f3w s\u0119dziwych d\u0119b\u00f3w.<\/p>\n<p style=\"text-align: center;\"><a href=\"https:\/\/www.pomniki-przyrody.pl\/wp-content\/uploads\/2013\/06\/platan-przy-pa\u0142acu-w-Rogo\u017aniku.jpg\"><img loading=\"lazy\" decoding=\"async\" class=\"aligncenter  wp-image-3757\" title=\"platan przy pa\u0142acu w Rogo\u017aniku\" alt=\"\" src=\"https:\/\/www.pomniki-przyrody.pl\/wp-content\/uploads\/2013\/06\/platan-przy-pa\u0142acu-w-Rogo\u017aniku.jpg\" width=\"762\" height=\"952\" srcset=\"https:\/\/www.pomniki-przyrody.pl\/wp-content\/uploads\/2013\/06\/platan-przy-pa\u0142acu-w-Rogo\u017aniku.jpg 762w, https:\/\/www.pomniki-przyrody.pl\/wp-content\/uploads\/2013\/06\/platan-przy-pa\u0142acu-w-Rogo\u017aniku-240x300.jpg 240w\" sizes=\"auto, (max-width: 762px) 100vw, 762px\" \/><\/a><\/p>\n<p>Na pocieszenie obejrza\u0142em zrujnowany ko\u015bci\u00f3\u0142, usytuowany po drugiej stronie drogi.<\/p>\n<p style=\"text-align: center;\"><a href=\"https:\/\/www.pomniki-przyrody.pl\/wp-content\/uploads\/2013\/06\/ruiny-ko\u015bcio\u0142a-w-Rogo\u017aniku.jpg\"><img loading=\"lazy\" decoding=\"async\" class=\"aligncenter  wp-image-3763\" title=\"ruiny ko\u015bcio\u0142a w Rogo\u017aniku\" alt=\"\" src=\"https:\/\/www.pomniki-przyrody.pl\/wp-content\/uploads\/2013\/06\/ruiny-ko\u015bcio\u0142a-w-Rogo\u017aniku-1024x728.jpg\" width=\"584\" height=\"415\" srcset=\"https:\/\/www.pomniki-przyrody.pl\/wp-content\/uploads\/2013\/06\/ruiny-ko\u015bcio\u0142a-w-Rogo\u017aniku-1024x728.jpg 1024w, https:\/\/www.pomniki-przyrody.pl\/wp-content\/uploads\/2013\/06\/ruiny-ko\u015bcio\u0142a-w-Rogo\u017aniku-300x213.jpg 300w, https:\/\/www.pomniki-przyrody.pl\/wp-content\/uploads\/2013\/06\/ruiny-ko\u015bcio\u0142a-w-Rogo\u017aniku-421x300.jpg 421w, https:\/\/www.pomniki-przyrody.pl\/wp-content\/uploads\/2013\/06\/ruiny-ko\u015bcio\u0142a-w-Rogo\u017aniku.jpg 1083w\" sizes=\"auto, (max-width: 584px) 100vw, 584px\" \/><\/a><\/p>\n<p>Wiele drzew o rozmiarach pomnikowych, mo\u017cna podziwia\u0107 w zabytkowym parku przyleg\u0142ym do pa\u0142acu w Brenniku, obecnie u\u017cytkowanym jako\u00a0Dom Pomocy Spo\u0142ecznej &#8222;Prz\u0105\u015bnik&#8221;.<span style=\"font-family: TimesNewRoman, 'Times New Roman', serif;\"><br \/>\n<\/span><\/p>\n<p style=\"text-align: center;\"><a href=\"https:\/\/www.pomniki-przyrody.pl\/wp-content\/uploads\/2013\/06\/wej\u015bcie-do-zabytkowego-parku-w-Brenniku.jpg\"><img loading=\"lazy\" decoding=\"async\" class=\"aligncenter  wp-image-3765\" title=\"wej\u015bcie do zabytkowego parku w Brenniku\" alt=\"\" src=\"https:\/\/www.pomniki-przyrody.pl\/wp-content\/uploads\/2013\/06\/wej\u015bcie-do-zabytkowego-parku-w-Brenniku-768x1024.jpg\" width=\"584\" height=\"778\" srcset=\"https:\/\/www.pomniki-przyrody.pl\/wp-content\/uploads\/2013\/06\/wej\u015bcie-do-zabytkowego-parku-w-Brenniku-768x1024.jpg 768w, https:\/\/www.pomniki-przyrody.pl\/wp-content\/uploads\/2013\/06\/wej\u015bcie-do-zabytkowego-parku-w-Brenniku-225x300.jpg 225w, https:\/\/www.pomniki-przyrody.pl\/wp-content\/uploads\/2013\/06\/wej\u015bcie-do-zabytkowego-parku-w-Brenniku.jpg 900w\" sizes=\"auto, (max-width: 584px) 100vw, 584px\" \/><\/a><\/p>\n<p style=\"text-align: center;\"><a href=\"https:\/\/www.pomniki-przyrody.pl\/wp-content\/uploads\/2013\/06\/park-w-Brenniku.jpg\"><img loading=\"lazy\" decoding=\"async\" class=\"aligncenter  wp-image-3752\" title=\"park w Brenniku\" alt=\"\" src=\"https:\/\/www.pomniki-przyrody.pl\/wp-content\/uploads\/2013\/06\/park-w-Brenniku-1024x768.jpg\" width=\"584\" height=\"438\" srcset=\"https:\/\/www.pomniki-przyrody.pl\/wp-content\/uploads\/2013\/06\/park-w-Brenniku-1024x768.jpg 1024w, https:\/\/www.pomniki-przyrody.pl\/wp-content\/uploads\/2013\/06\/park-w-Brenniku-300x225.jpg 300w, https:\/\/www.pomniki-przyrody.pl\/wp-content\/uploads\/2013\/06\/park-w-Brenniku-400x300.jpg 400w, https:\/\/www.pomniki-przyrody.pl\/wp-content\/uploads\/2013\/06\/park-w-Brenniku.jpg 1200w\" sizes=\"auto, (max-width: 584px) 100vw, 584px\" \/><\/a><a href=\"https:\/\/www.pomniki-przyrody.pl\/wp-content\/uploads\/2013\/06\/okaza\u0142e-d\u0119by-park-w-Brenniku.jpg\"><img loading=\"lazy\" decoding=\"async\" class=\"aligncenter  wp-image-3750\" title=\"okaza\u0142e d\u0119by -  park w Brenniku\" alt=\"\" src=\"https:\/\/www.pomniki-przyrody.pl\/wp-content\/uploads\/2013\/06\/okaza\u0142e-d\u0119by-park-w-Brenniku-783x1024.jpg\" width=\"584\" height=\"763\" srcset=\"https:\/\/www.pomniki-przyrody.pl\/wp-content\/uploads\/2013\/06\/okaza\u0142e-d\u0119by-park-w-Brenniku-783x1024.jpg 783w, https:\/\/www.pomniki-przyrody.pl\/wp-content\/uploads\/2013\/06\/okaza\u0142e-d\u0119by-park-w-Brenniku-229x300.jpg 229w, https:\/\/www.pomniki-przyrody.pl\/wp-content\/uploads\/2013\/06\/okaza\u0142e-d\u0119by-park-w-Brenniku.jpg 788w\" sizes=\"auto, (max-width: 584px) 100vw, 584px\" \/><\/a><\/p>\n","protected":false},"excerpt":{"rendered":"<p>Tereny wiejskiej gminy Ruja po\u0142o\u017cone s\u0105 we wschodniej cz\u0119\u015bci powiatu legnickiego. Dominuj\u0105ce w krajobrazie s\u0105 u\u017cytki rolne, lasy w gminie zajmuj\u0105 tylko 3,4 % powierzchni. Szanse na znalezienie okaza\u0142ych egzemplarzy drzew wyst\u0119puj\u0105 tylko na obszarze wiejskich park\u00f3w, tam te\u017c rosn\u0105 &hellip; <a href=\"https:\/\/www.pomniki-przyrody.pl\/?p=3746\">Czytaj dalej <span class=\"meta-nav\">&rarr;<\/span><\/a><\/p>\n","protected":false},"author":2,"featured_media":0,"comment_status":"open","ping_status":"open","sticky":false,"template":"","format":"standard","meta":{"footnotes":""},"categories":[1],"tags":[608,609,607,610,611,612],"class_list":["post-3746","post","type-post","status-publish","format-standard","hentry","category-przyroda-ozywiona","tag-dziezkowice","tag-gmina-ruja","tag-janowice","tag-park-w-brenniku","tag-polanka","tag-rogoznik"],"_links":{"self":[{"href":"https:\/\/www.pomniki-przyrody.pl\/index.php?rest_route=\/wp\/v2\/posts\/3746","targetHints":{"allow":["GET"]}}],"collection":[{"href":"https:\/\/www.pomniki-przyrody.pl\/index.php?rest_route=\/wp\/v2\/posts"}],"about":[{"href":"https:\/\/www.pomniki-przyrody.pl\/index.php?rest_route=\/wp\/v2\/types\/post"}],"author":[{"embeddable":true,"href":"https:\/\/www.pomniki-przyrody.pl\/index.php?rest_route=\/wp\/v2\/users\/2"}],"replies":[{"embeddable":true,"href":"https:\/\/www.pomniki-przyrody.pl\/index.php?rest_route=%2Fwp%2Fv2%2Fcomments&post=3746"}],"version-history":[{"count":0,"href":"https:\/\/www.pomniki-przyrody.pl\/index.php?rest_route=\/wp\/v2\/posts\/3746\/revisions"}],"wp:attachment":[{"href":"https:\/\/www.pomniki-przyrody.pl\/index.php?rest_route=%2Fwp%2Fv2%2Fmedia&parent=3746"}],"wp:term":[{"taxonomy":"category","embeddable":true,"href":"https:\/\/www.pomniki-przyrody.pl\/index.php?rest_route=%2Fwp%2Fv2%2Fcategories&post=3746"},{"taxonomy":"post_tag","embeddable":true,"href":"https:\/\/www.pomniki-przyrody.pl\/index.php?rest_route=%2Fwp%2Fv2%2Ftags&post=3746"}],"curies":[{"name":"wp","href":"https:\/\/api.w.org\/{rel}","templated":true}]}}