{"id":3796,"date":"2013-06-25T22:29:17","date_gmt":"2013-06-25T20:29:17","guid":{"rendered":"http:\/\/www.pomniki-przyrody.pl\/?p=3796"},"modified":"2013-06-25T22:29:17","modified_gmt":"2013-06-25T20:29:17","slug":"milicz-stawy-zabytki-i-przyroda","status":"publish","type":"post","link":"https:\/\/www.pomniki-przyrody.pl\/?p=3796","title":{"rendered":"Milicz &#8211; stawy, zabytki i przyroda."},"content":{"rendered":"<p>Moje osobiste skojarzenia dotycz\u0105ce Milicza zawsze zwi\u0105zane by\u0142y ze stawami i hodowl\u0105 karpia. Stawy Milickie to najwi\u0119kszy w Europie kompleks staw\u00f3w hodowlanych o powierzchni wody ponad 7 tysi\u0119cy hektar\u00f3w. Wi\u0119ksza cz\u0119\u015b\u0107 tej powierzchni chroniona jest rezerwatem przyrody &#8222;Stawy Milickie&#8221;, wchodz\u0105cym w sk\u0142ad najwi\u0119kszego w Polsce\u00a0&#8222;Parku Krajobrazowego Doliny Baryczy&#8221;. \u00a0Milicz zachwyci r\u00f3wnie\u017c znawc\u00f3w zabytkowej architektury. Jednym z ciekawszych zabytk\u00f3w jest ko\u015bci\u00f3\u0142 \u015bw. Andrzeja Boboli z 1714 r. o konstrukcji szachulcowej,\u00a0jeden z sze\u015bciu tzw.\u00a0\u201eko\u015bcio\u0142\u00f3w \u0142aski\u201d.<\/p>\n<p style=\"text-align: center;\"><a href=\"https:\/\/www.pomniki-przyrody.pl\/wp-content\/uploads\/2013\/06\/ko\u015bci\u00f3\u0142-pw-Andrzeja-Boboli-w-Miliczu.jpg\"><img loading=\"lazy\" decoding=\"async\" class=\"aligncenter  wp-image-3799\" title=\"ko\u015bci\u00f3\u0142 p.w. Andrzeja Boboli w Miliczu\" alt=\"\" src=\"https:\/\/www.pomniki-przyrody.pl\/wp-content\/uploads\/2013\/06\/ko\u015bci\u00f3\u0142-pw-Andrzeja-Boboli-w-Miliczu-1024x768.jpg\" width=\"584\" height=\"438\" srcset=\"https:\/\/www.pomniki-przyrody.pl\/wp-content\/uploads\/2013\/06\/ko\u015bci\u00f3\u0142-pw-Andrzeja-Boboli-w-Miliczu-1024x768.jpg 1024w, https:\/\/www.pomniki-przyrody.pl\/wp-content\/uploads\/2013\/06\/ko\u015bci\u00f3\u0142-pw-Andrzeja-Boboli-w-Miliczu-300x225.jpg 300w, https:\/\/www.pomniki-przyrody.pl\/wp-content\/uploads\/2013\/06\/ko\u015bci\u00f3\u0142-pw-Andrzeja-Boboli-w-Miliczu-400x300.jpg 400w, https:\/\/www.pomniki-przyrody.pl\/wp-content\/uploads\/2013\/06\/ko\u015bci\u00f3\u0142-pw-Andrzeja-Boboli-w-Miliczu.jpg 1200w\" sizes=\"auto, (max-width: 584px) 100vw, 584px\" \/><\/a><\/p>\n<p style=\"text-align: left;\">\u015aredniowieczny rodow\u00f3d posiada zrujnowany zamek ksi\u0105\u017c\u0105t ole\u015bnickich.<\/p>\n<p style=\"text-align: center;\"><a href=\"https:\/\/www.pomniki-przyrody.pl\/wp-content\/uploads\/2013\/06\/ruiny-zamku-w-Miliczu.jpg\"><img loading=\"lazy\" decoding=\"async\" class=\"aligncenter  wp-image-3810\" title=\"ruiny zamku w Miliczu\" alt=\"\" src=\"https:\/\/www.pomniki-przyrody.pl\/wp-content\/uploads\/2013\/06\/ruiny-zamku-w-Miliczu-1024x678.jpg\" width=\"584\" height=\"386\" srcset=\"https:\/\/www.pomniki-przyrody.pl\/wp-content\/uploads\/2013\/06\/ruiny-zamku-w-Miliczu-1024x678.jpg 1024w, https:\/\/www.pomniki-przyrody.pl\/wp-content\/uploads\/2013\/06\/ruiny-zamku-w-Miliczu-300x198.jpg 300w, https:\/\/www.pomniki-przyrody.pl\/wp-content\/uploads\/2013\/06\/ruiny-zamku-w-Miliczu-452x300.jpg 452w, https:\/\/www.pomniki-przyrody.pl\/wp-content\/uploads\/2013\/06\/ruiny-zamku-w-Miliczu.jpg 1200w\" sizes=\"auto, (max-width: 584px) 100vw, 584px\" \/><\/a><\/p>\n<p style=\"text-align: left;\">Ruiny znajduj\u0105 si\u0119 w parku, obok klasycystycznego pa\u0142acu z ko\u0144ca XVIII w. obecnie siedziby Zespo\u0142u Szk\u00f3\u0142 Le\u015bnych.<\/p>\n<p style=\"text-align: center;\"><a href=\"https:\/\/www.pomniki-przyrody.pl\/wp-content\/uploads\/2013\/06\/pa\u0142ac-w-Miliczu.jpg\"><img loading=\"lazy\" decoding=\"async\" class=\"aligncenter  wp-image-3803\" title=\"pa\u0142ac w Miliczu\" alt=\"\" src=\"https:\/\/www.pomniki-przyrody.pl\/wp-content\/uploads\/2013\/06\/pa\u0142ac-w-Miliczu-1024x550.jpg\" width=\"584\" height=\"313\" srcset=\"https:\/\/www.pomniki-przyrody.pl\/wp-content\/uploads\/2013\/06\/pa\u0142ac-w-Miliczu-1024x550.jpg 1024w, https:\/\/www.pomniki-przyrody.pl\/wp-content\/uploads\/2013\/06\/pa\u0142ac-w-Miliczu-300x161.jpg 300w, https:\/\/www.pomniki-przyrody.pl\/wp-content\/uploads\/2013\/06\/pa\u0142ac-w-Miliczu-500x268.jpg 500w, https:\/\/www.pomniki-przyrody.pl\/wp-content\/uploads\/2013\/06\/pa\u0142ac-w-Miliczu.jpg 1200w\" sizes=\"auto, (max-width: 584px) 100vw, 584px\" \/><\/a><\/p>\n<p style=\"text-align: left;\">Pa\u0142ac otacza rozleg\u0142e za\u0142o\u017cenie parkowe z wieloma okazami drzew o rozmiarach pomnikowych, g\u0142\u00f3wnie rodzimych d\u0119b\u00f3w, buk\u00f3w, klon\u00f3w i olch. Wart zwr\u00f3ci\u0107 te\u017c uwag\u0119 na egzotyczne gatunki : cypry\u015bnika b\u0142otnego, \u017cywotniki olbrzymie, choiny kanadyjskie.<\/p>\n<p style=\"text-align: center;\"><a href=\"https:\/\/www.pomniki-przyrody.pl\/wp-content\/uploads\/2013\/06\/aleja-parkowa-w-Miliczu.jpg\"><img loading=\"lazy\" decoding=\"async\" class=\"aligncenter  wp-image-3797\" title=\"aleja parkowa w Miliczu\" alt=\"\" src=\"https:\/\/www.pomniki-przyrody.pl\/wp-content\/uploads\/2013\/06\/aleja-parkowa-w-Miliczu-678x1024.jpg\" width=\"584\" height=\"882\" srcset=\"https:\/\/www.pomniki-przyrody.pl\/wp-content\/uploads\/2013\/06\/aleja-parkowa-w-Miliczu-678x1024.jpg 678w, https:\/\/www.pomniki-przyrody.pl\/wp-content\/uploads\/2013\/06\/aleja-parkowa-w-Miliczu-198x300.jpg 198w, https:\/\/www.pomniki-przyrody.pl\/wp-content\/uploads\/2013\/06\/aleja-parkowa-w-Miliczu.jpg 900w\" sizes=\"auto, (max-width: 584px) 100vw, 584px\" \/><\/a><\/p>\n<p style=\"text-align: center;\"><a href=\"https:\/\/www.pomniki-przyrody.pl\/wp-content\/uploads\/2013\/06\/M\u0142yn\u00f3wka-park-w-Miliczu.jpg\"><img loading=\"lazy\" decoding=\"async\" class=\"aligncenter  wp-image-3801\" title=\"M\u0142yn\u00f3wka - park w Miliczu\" alt=\"\" src=\"https:\/\/www.pomniki-przyrody.pl\/wp-content\/uploads\/2013\/06\/M\u0142yn\u00f3wka-park-w-Miliczu-1024x678.jpg\" width=\"584\" height=\"386\" srcset=\"https:\/\/www.pomniki-przyrody.pl\/wp-content\/uploads\/2013\/06\/M\u0142yn\u00f3wka-park-w-Miliczu-1024x678.jpg 1024w, https:\/\/www.pomniki-przyrody.pl\/wp-content\/uploads\/2013\/06\/M\u0142yn\u00f3wka-park-w-Miliczu-300x198.jpg 300w, https:\/\/www.pomniki-przyrody.pl\/wp-content\/uploads\/2013\/06\/M\u0142yn\u00f3wka-park-w-Miliczu-452x300.jpg 452w, https:\/\/www.pomniki-przyrody.pl\/wp-content\/uploads\/2013\/06\/M\u0142yn\u00f3wka-park-w-Miliczu.jpg 1200w\" sizes=\"auto, (max-width: 584px) 100vw, 584px\" \/><\/a><\/p>\n<p style=\"text-align: center;\"><a href=\"https:\/\/www.pomniki-przyrody.pl\/wp-content\/uploads\/2013\/06\/ogromna-olcha-nad-M\u0142yn\u00f3wk\u0105-w-Miliczu.jpg\"><img loading=\"lazy\" decoding=\"async\" class=\"aligncenter  wp-image-3802\" title=\"ogromna olcha nad M\u0142yn\u00f3wk\u0105 w Miliczu\" alt=\"\" src=\"https:\/\/www.pomniki-przyrody.pl\/wp-content\/uploads\/2013\/06\/ogromna-olcha-nad-M\u0142yn\u00f3wk\u0105-w-Miliczu-786x1024.jpg\" width=\"584\" height=\"760\" srcset=\"https:\/\/www.pomniki-przyrody.pl\/wp-content\/uploads\/2013\/06\/ogromna-olcha-nad-M\u0142yn\u00f3wk\u0105-w-Miliczu-786x1024.jpg 786w, https:\/\/www.pomniki-przyrody.pl\/wp-content\/uploads\/2013\/06\/ogromna-olcha-nad-M\u0142yn\u00f3wk\u0105-w-Miliczu-230x300.jpg 230w, https:\/\/www.pomniki-przyrody.pl\/wp-content\/uploads\/2013\/06\/ogromna-olcha-nad-M\u0142yn\u00f3wk\u0105-w-Miliczu.jpg 833w\" sizes=\"auto, (max-width: 584px) 100vw, 584px\" \/><\/a><\/p>\n<p style=\"text-align: left;\">Dziwnym zrz\u0105dzeniem losu \u017cadne z drzew parkowych nie posiada statusu pomnika przyrody, tych musimy szuka\u0107 po lewej stronie drogi 439 Milicz &#8211; Su\u0142\u00f3w. Grupa 4 pomnikowych d\u0119b\u00f3w znajduje si\u0119 w pobli\u017cu skrzy\u017cowania ul. Su\u0142owskiej z Kombatant\u00f3w. Naj\u0142atwiej wypatrzy\u0107 najwi\u0119kszy w tej grupie okaz o obwodzie 668 cm.<\/p>\n<p style=\"text-align: left;\"><a href=\"https:\/\/www.pomniki-przyrody.pl\/wp-content\/uploads\/2013\/06\/pomnikowy-d\u0105b-w-Miliczu.jpg\"><img loading=\"lazy\" decoding=\"async\" class=\"aligncenter  wp-image-3808\" title=\"pomnikowy d\u0105b w Miliczu\" alt=\"\" src=\"https:\/\/www.pomniki-przyrody.pl\/wp-content\/uploads\/2013\/06\/pomnikowy-d\u0105b-w-Miliczu.jpg\" width=\"916\" height=\"728\" srcset=\"https:\/\/www.pomniki-przyrody.pl\/wp-content\/uploads\/2013\/06\/pomnikowy-d\u0105b-w-Miliczu.jpg 916w, https:\/\/www.pomniki-przyrody.pl\/wp-content\/uploads\/2013\/06\/pomnikowy-d\u0105b-w-Miliczu-300x238.jpg 300w, https:\/\/www.pomniki-przyrody.pl\/wp-content\/uploads\/2013\/06\/pomnikowy-d\u0105b-w-Miliczu-377x300.jpg 377w\" sizes=\"auto, (max-width: 916px) 100vw, 916px\" \/><\/a><a href=\"https:\/\/www.pomniki-przyrody.pl\/wp-content\/uploads\/2013\/06\/pomnikowy-d\u0105b-w-Miliczu-po-lewej-stronie-drogi-do-Su\u0142owa.jpg\"><img loading=\"lazy\" decoding=\"async\" class=\"aligncenter  wp-image-3806\" title=\"pomnikowy d\u0105b w Miliczu po lewej stronie drogi do Su\u0142owa\" alt=\"\" src=\"https:\/\/www.pomniki-przyrody.pl\/wp-content\/uploads\/2013\/06\/pomnikowy-d\u0105b-w-Miliczu-po-lewej-stronie-drogi-do-Su\u0142owa-749x1024.jpg\" width=\"584\" height=\"798\" srcset=\"https:\/\/www.pomniki-przyrody.pl\/wp-content\/uploads\/2013\/06\/pomnikowy-d\u0105b-w-Miliczu-po-lewej-stronie-drogi-do-Su\u0142owa-749x1024.jpg 749w, https:\/\/www.pomniki-przyrody.pl\/wp-content\/uploads\/2013\/06\/pomnikowy-d\u0105b-w-Miliczu-po-lewej-stronie-drogi-do-Su\u0142owa-219x300.jpg 219w, https:\/\/www.pomniki-przyrody.pl\/wp-content\/uploads\/2013\/06\/pomnikowy-d\u0105b-w-Miliczu-po-lewej-stronie-drogi-do-Su\u0142owa.jpg 859w\" sizes=\"auto, (max-width: 584px) 100vw, 584px\" \/><\/a><a href=\"https:\/\/www.pomniki-przyrody.pl\/wp-content\/uploads\/2013\/06\/pomnikowy-d\u0105b-w-Miliczu-przy-drodze-do-Su\u0142owa.jpg\"><img loading=\"lazy\" decoding=\"async\" class=\"aligncenter  wp-image-3807\" title=\"pomnikowy d\u0105b w Miliczu, przy drodze do Su\u0142owa\" alt=\"\" src=\"https:\/\/www.pomniki-przyrody.pl\/wp-content\/uploads\/2013\/06\/pomnikowy-d\u0105b-w-Miliczu-przy-drodze-do-Su\u0142owa-713x1024.jpg\" width=\"584\" height=\"838\" srcset=\"https:\/\/www.pomniki-przyrody.pl\/wp-content\/uploads\/2013\/06\/pomnikowy-d\u0105b-w-Miliczu-przy-drodze-do-Su\u0142owa-713x1024.jpg 713w, https:\/\/www.pomniki-przyrody.pl\/wp-content\/uploads\/2013\/06\/pomnikowy-d\u0105b-w-Miliczu-przy-drodze-do-Su\u0142owa-209x300.jpg 209w, https:\/\/www.pomniki-przyrody.pl\/wp-content\/uploads\/2013\/06\/pomnikowy-d\u0105b-w-Miliczu-przy-drodze-do-Su\u0142owa.jpg 900w\" sizes=\"auto, (max-width: 584px) 100vw, 584px\" \/><\/a><a href=\"https:\/\/www.pomniki-przyrody.pl\/wp-content\/uploads\/2013\/06\/pie\u0144-pomnikowego-d\u0119bu-rosn\u0105cego-przy-drodze-do-Su\u0142owa.jpg\"><img loading=\"lazy\" decoding=\"async\" class=\"aligncenter  wp-image-3804\" title=\"pie\u0144 pomnikowego d\u0119bu rosn\u0105cego przy drodze do Su\u0142owa\" alt=\"\" src=\"https:\/\/www.pomniki-przyrody.pl\/wp-content\/uploads\/2013\/06\/pie\u0144-pomnikowego-d\u0119bu-rosn\u0105cego-przy-drodze-do-Su\u0142owa-1024x768.jpg\" width=\"584\" height=\"438\" srcset=\"https:\/\/www.pomniki-przyrody.pl\/wp-content\/uploads\/2013\/06\/pie\u0144-pomnikowego-d\u0119bu-rosn\u0105cego-przy-drodze-do-Su\u0142owa-1024x768.jpg 1024w, https:\/\/www.pomniki-przyrody.pl\/wp-content\/uploads\/2013\/06\/pie\u0144-pomnikowego-d\u0119bu-rosn\u0105cego-przy-drodze-do-Su\u0142owa-300x225.jpg 300w, https:\/\/www.pomniki-przyrody.pl\/wp-content\/uploads\/2013\/06\/pie\u0144-pomnikowego-d\u0119bu-rosn\u0105cego-przy-drodze-do-Su\u0142owa-400x300.jpg 400w, https:\/\/www.pomniki-przyrody.pl\/wp-content\/uploads\/2013\/06\/pie\u0144-pomnikowego-d\u0119bu-rosn\u0105cego-przy-drodze-do-Su\u0142owa.jpg 1200w\" sizes=\"auto, (max-width: 584px) 100vw, 584px\" \/><\/a>Pozosta\u0142e rosn\u0105 na poboczu drogi, na wysoko\u015bci tablic oznaczaj\u0105cych teren zabudowany oraz \u00a0granice administracyjne miasta. Obwody tych drzew przekraczaj\u0105 500 cm, jeden egzemplarz jest uschni\u0119ty.<\/p>\n<p style=\"text-align: center;\"><a href=\"https:\/\/www.pomniki-przyrody.pl\/wp-content\/uploads\/2013\/06\/jeden-z-pomnikowych-d\u0119b\u00f3w-przy-dodze-do-Su\u0142owa.jpg\"><img loading=\"lazy\" decoding=\"async\" class=\"aligncenter  wp-image-3798\" title=\"jeden z pomnikowych d\u0119b\u00f3w przy dodze do Su\u0142owa\" alt=\"\" src=\"https:\/\/www.pomniki-przyrody.pl\/wp-content\/uploads\/2013\/06\/jeden-z-pomnikowych-d\u0119b\u00f3w-przy-dodze-do-Su\u0142owa-768x1024.jpg\" width=\"584\" height=\"778\" srcset=\"https:\/\/www.pomniki-przyrody.pl\/wp-content\/uploads\/2013\/06\/jeden-z-pomnikowych-d\u0119b\u00f3w-przy-dodze-do-Su\u0142owa-768x1024.jpg 768w, https:\/\/www.pomniki-przyrody.pl\/wp-content\/uploads\/2013\/06\/jeden-z-pomnikowych-d\u0119b\u00f3w-przy-dodze-do-Su\u0142owa-225x300.jpg 225w, https:\/\/www.pomniki-przyrody.pl\/wp-content\/uploads\/2013\/06\/jeden-z-pomnikowych-d\u0119b\u00f3w-przy-dodze-do-Su\u0142owa.jpg 900w\" sizes=\"auto, (max-width: 584px) 100vw, 584px\" \/><\/a><a href=\"https:\/\/www.pomniki-przyrody.pl\/wp-content\/uploads\/2013\/06\/martwy-pomnikowy-d\u0105b-w-grupie-pomnikowych-d\u0119b\u00f3w.jpg\"><img loading=\"lazy\" decoding=\"async\" class=\"aligncenter  wp-image-3800\" title=\"martwy pomnikowy okaz w grupie pomnikowych d\u0119b\u00f3w\" alt=\"\" src=\"https:\/\/www.pomniki-przyrody.pl\/wp-content\/uploads\/2013\/06\/martwy-pomnikowy-d\u0105b-w-grupie-pomnikowych-d\u0119b\u00f3w-768x1024.jpg\" width=\"584\" height=\"778\" srcset=\"https:\/\/www.pomniki-przyrody.pl\/wp-content\/uploads\/2013\/06\/martwy-pomnikowy-d\u0105b-w-grupie-pomnikowych-d\u0119b\u00f3w-768x1024.jpg 768w, https:\/\/www.pomniki-przyrody.pl\/wp-content\/uploads\/2013\/06\/martwy-pomnikowy-d\u0105b-w-grupie-pomnikowych-d\u0119b\u00f3w-225x300.jpg 225w, https:\/\/www.pomniki-przyrody.pl\/wp-content\/uploads\/2013\/06\/martwy-pomnikowy-d\u0105b-w-grupie-pomnikowych-d\u0119b\u00f3w.jpg 900w\" sizes=\"auto, (max-width: 584px) 100vw, 584px\" \/><\/a><a href=\"https:\/\/www.pomniki-przyrody.pl\/wp-content\/uploads\/2013\/06\/pomnikowy-d\u0105b-przy-drodze-do-Su\u0142owa.jpg\"><img loading=\"lazy\" decoding=\"async\" class=\"aligncenter  wp-image-3805\" title=\"pomnikowy d\u0105b przy drodze do Su\u0142owa\" alt=\"\" src=\"https:\/\/www.pomniki-przyrody.pl\/wp-content\/uploads\/2013\/06\/pomnikowy-d\u0105b-przy-drodze-do-Su\u0142owa-694x1024.jpg\" width=\"584\" height=\"861\" srcset=\"https:\/\/www.pomniki-przyrody.pl\/wp-content\/uploads\/2013\/06\/pomnikowy-d\u0105b-przy-drodze-do-Su\u0142owa-694x1024.jpg 694w, https:\/\/www.pomniki-przyrody.pl\/wp-content\/uploads\/2013\/06\/pomnikowy-d\u0105b-przy-drodze-do-Su\u0142owa-203x300.jpg 203w, https:\/\/www.pomniki-przyrody.pl\/wp-content\/uploads\/2013\/06\/pomnikowy-d\u0105b-przy-drodze-do-Su\u0142owa.jpg 743w\" sizes=\"auto, (max-width: 584px) 100vw, 584px\" \/><\/a><a href=\"https:\/\/www.pomniki-przyrody.pl\/wp-content\/uploads\/2013\/06\/pomnikowy-okaz-w-grupie-d\u0119b\u00f3w-przy-drodze-do-Su\u0142owa.jpg\"><img loading=\"lazy\" decoding=\"async\" class=\"aligncenter  wp-image-3809\" title=\"pomnikowy okaz w grupie d\u0119b\u00f3w przy drodze do Su\u0142owa\" alt=\"\" src=\"https:\/\/www.pomniki-przyrody.pl\/wp-content\/uploads\/2013\/06\/pomnikowy-okaz-w-grupie-d\u0119b\u00f3w-przy-drodze-do-Su\u0142owa-786x1024.jpg\" width=\"584\" height=\"760\" srcset=\"https:\/\/www.pomniki-przyrody.pl\/wp-content\/uploads\/2013\/06\/pomnikowy-okaz-w-grupie-d\u0119b\u00f3w-przy-drodze-do-Su\u0142owa-786x1024.jpg 786w, https:\/\/www.pomniki-przyrody.pl\/wp-content\/uploads\/2013\/06\/pomnikowy-okaz-w-grupie-d\u0119b\u00f3w-przy-drodze-do-Su\u0142owa-230x300.jpg 230w, https:\/\/www.pomniki-przyrody.pl\/wp-content\/uploads\/2013\/06\/pomnikowy-okaz-w-grupie-d\u0119b\u00f3w-przy-drodze-do-Su\u0142owa.jpg 833w\" sizes=\"auto, (max-width: 584px) 100vw, 584px\" \/><\/a><\/p>\n<p style=\"text-align: left;\">Drzewa te w sezonie letnim ci\u0119\u017cko zauwa\u017cy\u0107 i r\u00f3wnie trudno dobrze sfotografowa\u0107. \u00a0 \u00a0 W kolejnych artyku\u0142ach opisz\u0119 wybrane pomniki przyrody znajduj\u0105ce si\u0119 na terenie gminy Milicz.<\/p>\n","protected":false},"excerpt":{"rendered":"<p>Moje osobiste skojarzenia dotycz\u0105ce Milicza zawsze zwi\u0105zane by\u0142y ze stawami i hodowl\u0105 karpia. Stawy Milickie to najwi\u0119kszy w Europie kompleks staw\u00f3w hodowlanych o powierzchni wody ponad 7 tysi\u0119cy hektar\u00f3w. Wi\u0119ksza cz\u0119\u015b\u0107 tej powierzchni chroniona jest rezerwatem przyrody &#8222;Stawy Milickie&#8221;, wchodz\u0105cym &hellip; <a href=\"https:\/\/www.pomniki-przyrody.pl\/?p=3796\">Czytaj dalej <span class=\"meta-nav\">&rarr;<\/span><\/a><\/p>\n","protected":false},"author":2,"featured_media":0,"comment_status":"open","ping_status":"open","sticky":false,"template":"","format":"standard","meta":{"footnotes":""},"categories":[1],"tags":[616,618,617,619,318],"class_list":["post-3796","post","type-post","status-publish","format-standard","hentry","category-przyroda-ozywiona","tag-milicz","tag-milicz-palac","tag-milicz-zamek","tag-park-w-miliczu","tag-pomnikowe-deby"],"_links":{"self":[{"href":"https:\/\/www.pomniki-przyrody.pl\/index.php?rest_route=\/wp\/v2\/posts\/3796","targetHints":{"allow":["GET"]}}],"collection":[{"href":"https:\/\/www.pomniki-przyrody.pl\/index.php?rest_route=\/wp\/v2\/posts"}],"about":[{"href":"https:\/\/www.pomniki-przyrody.pl\/index.php?rest_route=\/wp\/v2\/types\/post"}],"author":[{"embeddable":true,"href":"https:\/\/www.pomniki-przyrody.pl\/index.php?rest_route=\/wp\/v2\/users\/2"}],"replies":[{"embeddable":true,"href":"https:\/\/www.pomniki-przyrody.pl\/index.php?rest_route=%2Fwp%2Fv2%2Fcomments&post=3796"}],"version-history":[{"count":0,"href":"https:\/\/www.pomniki-przyrody.pl\/index.php?rest_route=\/wp\/v2\/posts\/3796\/revisions"}],"wp:attachment":[{"href":"https:\/\/www.pomniki-przyrody.pl\/index.php?rest_route=%2Fwp%2Fv2%2Fmedia&parent=3796"}],"wp:term":[{"taxonomy":"category","embeddable":true,"href":"https:\/\/www.pomniki-przyrody.pl\/index.php?rest_route=%2Fwp%2Fv2%2Fcategories&post=3796"},{"taxonomy":"post_tag","embeddable":true,"href":"https:\/\/www.pomniki-przyrody.pl\/index.php?rest_route=%2Fwp%2Fv2%2Ftags&post=3796"}],"curies":[{"name":"wp","href":"https:\/\/api.w.org\/{rel}","templated":true}]}}