{"id":3817,"date":"2013-06-26T23:52:11","date_gmt":"2013-06-26T21:52:11","guid":{"rendered":"http:\/\/www.pomniki-przyrody.pl\/?p=3817"},"modified":"2013-06-26T23:54:56","modified_gmt":"2013-06-26T21:54:56","slug":"pomnikowy-platan-w-miloslawicach","status":"publish","type":"post","link":"https:\/\/www.pomniki-przyrody.pl\/?p=3817","title":{"rendered":"Pomnikowy platan w Mi\u0142os\u0142awicach (gmina Milicz)."},"content":{"rendered":"<p>Jeden z najpi\u0119kniejszych platan\u00f3w jakie widzia\u0142em ro\u015bnie w Mi\u0142os\u0142awicach, niewielkiej wsi na trasie Milicz &#8211; Su\u0142\u00f3w. Drzewo widoczne jest ju\u017c z daleka, wyra\u017anie przewy\u017cszaj\u0105c wierzcho\u0142ki okolicznego drzewostanu.<\/p>\n<p style=\"text-align: center;\"><a href=\"https:\/\/www.pomniki-przyrody.pl\/wp-content\/uploads\/2013\/06\/pomnikowy-platan-w-Mi\u0142os\u0142awicach.jpg\"><img loading=\"lazy\" decoding=\"async\" class=\"aligncenter  wp-image-3824\" title=\"pomnikowy platan w Mi\u0142os\u0142awicach\" alt=\"\" src=\"https:\/\/www.pomniki-przyrody.pl\/wp-content\/uploads\/2013\/06\/pomnikowy-platan-w-Mi\u0142os\u0142awicach-1024x768.jpg\" width=\"584\" height=\"438\" srcset=\"https:\/\/www.pomniki-przyrody.pl\/wp-content\/uploads\/2013\/06\/pomnikowy-platan-w-Mi\u0142os\u0142awicach-1024x768.jpg 1024w, https:\/\/www.pomniki-przyrody.pl\/wp-content\/uploads\/2013\/06\/pomnikowy-platan-w-Mi\u0142os\u0142awicach-300x225.jpg 300w, https:\/\/www.pomniki-przyrody.pl\/wp-content\/uploads\/2013\/06\/pomnikowy-platan-w-Mi\u0142os\u0142awicach-400x300.jpg 400w, https:\/\/www.pomniki-przyrody.pl\/wp-content\/uploads\/2013\/06\/pomnikowy-platan-w-Mi\u0142os\u0142awicach.jpg 1200w\" sizes=\"auto, (max-width: 584px) 100vw, 584px\" \/><\/a><\/p>\n<p>Ro\u015bnie kilka metr\u00f3w przed klasycystycznym dworem z pocz. XIX w. z cechami polskiego dworu szlacheckiego (posesja nr 6).<\/p>\n<p>GPS \u00a0N 51\u00b030\u203218.44\u2033 , E 17\u00b011\u203236.41\u2033<\/p>\n<p style=\"text-align: center;\"><a href=\"https:\/\/www.pomniki-przyrody.pl\/wp-content\/uploads\/2013\/06\/dw\u00f3r-w-Mi\u0142os\u0142awicach.jpg\"><img loading=\"lazy\" decoding=\"async\" class=\"aligncenter  wp-image-3818\" title=\"dw\u00f3r w Mi\u0142os\u0142awicach\" alt=\"\" src=\"https:\/\/www.pomniki-przyrody.pl\/wp-content\/uploads\/2013\/06\/dw\u00f3r-w-Mi\u0142os\u0142awicach-1024x650.jpg\" width=\"584\" height=\"370\" srcset=\"https:\/\/www.pomniki-przyrody.pl\/wp-content\/uploads\/2013\/06\/dw\u00f3r-w-Mi\u0142os\u0142awicach-1024x650.jpg 1024w, https:\/\/www.pomniki-przyrody.pl\/wp-content\/uploads\/2013\/06\/dw\u00f3r-w-Mi\u0142os\u0142awicach-300x190.jpg 300w, https:\/\/www.pomniki-przyrody.pl\/wp-content\/uploads\/2013\/06\/dw\u00f3r-w-Mi\u0142os\u0142awicach-472x300.jpg 472w, https:\/\/www.pomniki-przyrody.pl\/wp-content\/uploads\/2013\/06\/dw\u00f3r-w-Mi\u0142os\u0142awicach.jpg 1173w\" sizes=\"auto, (max-width: 584px) 100vw, 584px\" \/><\/a><\/p>\n<p>Cech\u0105 wyr\u00f3\u017cniaj\u0105c\u0105 ten egzemplarz jest olbrzymia korona, rozwini\u0119ta nadzwyczaj bujnie z braku innych drzew mog\u0105cych t\u0142umi\u0107 przyrost.<\/p>\n<p style=\"text-align: center;\"><a href=\"https:\/\/www.pomniki-przyrody.pl\/wp-content\/uploads\/2013\/06\/pomnikowy-platan-przy-dworze-w-Mi\u0142os\u0142awicach.jpg\"><img loading=\"lazy\" decoding=\"async\" class=\"aligncenter  wp-image-3823\" title=\"pomnikowy platan przy dworze w Mi\u0142os\u0142awicach\" alt=\"\" src=\"https:\/\/www.pomniki-przyrody.pl\/wp-content\/uploads\/2013\/06\/pomnikowy-platan-przy-dworze-w-Mi\u0142os\u0142awicach-1024x768.jpg\" width=\"584\" height=\"438\" srcset=\"https:\/\/www.pomniki-przyrody.pl\/wp-content\/uploads\/2013\/06\/pomnikowy-platan-przy-dworze-w-Mi\u0142os\u0142awicach-1024x768.jpg 1024w, https:\/\/www.pomniki-przyrody.pl\/wp-content\/uploads\/2013\/06\/pomnikowy-platan-przy-dworze-w-Mi\u0142os\u0142awicach-300x225.jpg 300w, https:\/\/www.pomniki-przyrody.pl\/wp-content\/uploads\/2013\/06\/pomnikowy-platan-przy-dworze-w-Mi\u0142os\u0142awicach-400x300.jpg 400w, https:\/\/www.pomniki-przyrody.pl\/wp-content\/uploads\/2013\/06\/pomnikowy-platan-przy-dworze-w-Mi\u0142os\u0142awicach.jpg 1200w\" sizes=\"auto, (max-width: 584px) 100vw, 584px\" \/><\/a><\/p>\n<p>Wysoko\u015b\u0107 drzewa wynosi 33 metry, obw\u00f3d w pier\u015bnicy 730 cm; nale\u017cy do grona najbardziej okaza\u0142ych platan\u00f3w na Dolnym \u015al\u0105sku obj\u0119tych ochron\u0105 pomnikow\u0105.<\/p>\n<p style=\"text-align: center;\"><a href=\"https:\/\/www.pomniki-przyrody.pl\/wp-content\/uploads\/2013\/06\/okaza\u0142y-platan-przy-dworze-w-Mi\u0142os\u0142awicach.jpg\"><img loading=\"lazy\" decoding=\"async\" class=\"aligncenter  wp-image-3820\" title=\"okaza\u0142y platan przy dworze w Mi\u0142os\u0142awicach\" alt=\"\" src=\"https:\/\/www.pomniki-przyrody.pl\/wp-content\/uploads\/2013\/06\/okaza\u0142y-platan-przy-dworze-w-Mi\u0142os\u0142awicach-1024x671.jpg\" width=\"584\" height=\"382\" srcset=\"https:\/\/www.pomniki-przyrody.pl\/wp-content\/uploads\/2013\/06\/okaza\u0142y-platan-przy-dworze-w-Mi\u0142os\u0142awicach-1024x671.jpg 1024w, https:\/\/www.pomniki-przyrody.pl\/wp-content\/uploads\/2013\/06\/okaza\u0142y-platan-przy-dworze-w-Mi\u0142os\u0142awicach-300x196.jpg 300w, https:\/\/www.pomniki-przyrody.pl\/wp-content\/uploads\/2013\/06\/okaza\u0142y-platan-przy-dworze-w-Mi\u0142os\u0142awicach-457x300.jpg 457w, https:\/\/www.pomniki-przyrody.pl\/wp-content\/uploads\/2013\/06\/okaza\u0142y-platan-przy-dworze-w-Mi\u0142os\u0142awicach.jpg 1186w\" sizes=\"auto, (max-width: 584px) 100vw, 584px\" \/><\/a><a href=\"https:\/\/www.pomniki-przyrody.pl\/wp-content\/uploads\/2013\/06\/ogromny-pie\u0144-pomnikowego-platana-w-Mi\u0142os\u0142awicach.jpg\"><img loading=\"lazy\" decoding=\"async\" class=\"aligncenter  wp-image-3819\" title=\"ogromny pie\u0144 pomnikowego platana w Mi\u0142os\u0142awicach\" alt=\"\" src=\"https:\/\/www.pomniki-przyrody.pl\/wp-content\/uploads\/2013\/06\/ogromny-pie\u0144-pomnikowego-platana-w-Mi\u0142os\u0142awicach-1024x798.jpg\" width=\"584\" height=\"455\" srcset=\"https:\/\/www.pomniki-przyrody.pl\/wp-content\/uploads\/2013\/06\/ogromny-pie\u0144-pomnikowego-platana-w-Mi\u0142os\u0142awicach-1024x798.jpg 1024w, https:\/\/www.pomniki-przyrody.pl\/wp-content\/uploads\/2013\/06\/ogromny-pie\u0144-pomnikowego-platana-w-Mi\u0142os\u0142awicach-300x233.jpg 300w, https:\/\/www.pomniki-przyrody.pl\/wp-content\/uploads\/2013\/06\/ogromny-pie\u0144-pomnikowego-platana-w-Mi\u0142os\u0142awicach-384x300.jpg 384w, https:\/\/www.pomniki-przyrody.pl\/wp-content\/uploads\/2013\/06\/ogromny-pie\u0144-pomnikowego-platana-w-Mi\u0142os\u0142awicach.jpg 1098w\" sizes=\"auto, (max-width: 584px) 100vw, 584px\" \/><\/a><a href=\"https:\/\/www.pomniki-przyrody.pl\/wp-content\/uploads\/2013\/06\/pie\u0144-pomnikowego-platana-w-Mi\u0142os\u0142awicach.jpg\"><img loading=\"lazy\" decoding=\"async\" class=\"aligncenter  wp-image-3822\" title=\"pie\u0144 pomnikowego platana w Mi\u0142os\u0142awicach\" alt=\"\" src=\"https:\/\/www.pomniki-przyrody.pl\/wp-content\/uploads\/2013\/06\/pie\u0144-pomnikowego-platana-w-Mi\u0142os\u0142awicach-768x1024.jpg\" width=\"584\" height=\"778\" srcset=\"https:\/\/www.pomniki-przyrody.pl\/wp-content\/uploads\/2013\/06\/pie\u0144-pomnikowego-platana-w-Mi\u0142os\u0142awicach-768x1024.jpg 768w, https:\/\/www.pomniki-przyrody.pl\/wp-content\/uploads\/2013\/06\/pie\u0144-pomnikowego-platana-w-Mi\u0142os\u0142awicach-225x300.jpg 225w, https:\/\/www.pomniki-przyrody.pl\/wp-content\/uploads\/2013\/06\/pie\u0144-pomnikowego-platana-w-Mi\u0142os\u0142awicach.jpg 900w\" sizes=\"auto, (max-width: 584px) 100vw, 584px\" \/><\/a><a href=\"https:\/\/www.pomniki-przyrody.pl\/wp-content\/uploads\/2013\/06\/pie\u0144-pomnikowego-platana-na-tle-dworu-w-Mi\u0142os\u0142awicach.jpg\"><img loading=\"lazy\" decoding=\"async\" class=\"aligncenter  wp-image-3821\" title=\"pie\u0144 pomnikowego platana na tle dworu w Mi\u0142os\u0142awicach\" alt=\"\" src=\"https:\/\/www.pomniki-przyrody.pl\/wp-content\/uploads\/2013\/06\/pie\u0144-pomnikowego-platana-na-tle-dworu-w-Mi\u0142os\u0142awicach-1024x693.jpg\" width=\"584\" height=\"395\" srcset=\"https:\/\/www.pomniki-przyrody.pl\/wp-content\/uploads\/2013\/06\/pie\u0144-pomnikowego-platana-na-tle-dworu-w-Mi\u0142os\u0142awicach-1024x693.jpg 1024w, https:\/\/www.pomniki-przyrody.pl\/wp-content\/uploads\/2013\/06\/pie\u0144-pomnikowego-platana-na-tle-dworu-w-Mi\u0142os\u0142awicach-300x203.jpg 300w, https:\/\/www.pomniki-przyrody.pl\/wp-content\/uploads\/2013\/06\/pie\u0144-pomnikowego-platana-na-tle-dworu-w-Mi\u0142os\u0142awicach-442x300.jpg 442w, https:\/\/www.pomniki-przyrody.pl\/wp-content\/uploads\/2013\/06\/pie\u0144-pomnikowego-platana-na-tle-dworu-w-Mi\u0142os\u0142awicach.jpg 1200w\" sizes=\"auto, (max-width: 584px) 100vw, 584px\" \/><\/a><\/p>\n<p>Platan ro\u015bnie na terenie prywatnym, wi\u0119c o zgod\u0119 na wej\u015bcie nale\u017cy prosi\u0107 w\u0142a\u015bcicieli posesji.<\/p>\n","protected":false},"excerpt":{"rendered":"<p>Jeden z najpi\u0119kniejszych platan\u00f3w jakie widzia\u0142em ro\u015bnie w Mi\u0142os\u0142awicach, niewielkiej wsi na trasie Milicz &#8211; Su\u0142\u00f3w. Drzewo widoczne jest ju\u017c z daleka, wyra\u017anie przewy\u017cszaj\u0105c wierzcho\u0142ki okolicznego drzewostanu. Ro\u015bnie kilka metr\u00f3w przed klasycystycznym dworem z pocz. XIX w. z cechami polskiego &hellip; <a href=\"https:\/\/www.pomniki-przyrody.pl\/?p=3817\">Czytaj dalej <span class=\"meta-nav\">&rarr;<\/span><\/a><\/p>\n","protected":false},"author":2,"featured_media":0,"comment_status":"open","ping_status":"open","sticky":false,"template":"","format":"standard","meta":{"footnotes":""},"categories":[1],"tags":[620,622,623,621],"class_list":["post-3817","post","type-post","status-publish","format-standard","hentry","category-przyroda-ozywiona","tag-gmina-milicz","tag-miloslawice","tag-miloslawice-dwor","tag-pomnikowy-platan"],"_links":{"self":[{"href":"https:\/\/www.pomniki-przyrody.pl\/index.php?rest_route=\/wp\/v2\/posts\/3817","targetHints":{"allow":["GET"]}}],"collection":[{"href":"https:\/\/www.pomniki-przyrody.pl\/index.php?rest_route=\/wp\/v2\/posts"}],"about":[{"href":"https:\/\/www.pomniki-przyrody.pl\/index.php?rest_route=\/wp\/v2\/types\/post"}],"author":[{"embeddable":true,"href":"https:\/\/www.pomniki-przyrody.pl\/index.php?rest_route=\/wp\/v2\/users\/2"}],"replies":[{"embeddable":true,"href":"https:\/\/www.pomniki-przyrody.pl\/index.php?rest_route=%2Fwp%2Fv2%2Fcomments&post=3817"}],"version-history":[{"count":0,"href":"https:\/\/www.pomniki-przyrody.pl\/index.php?rest_route=\/wp\/v2\/posts\/3817\/revisions"}],"wp:attachment":[{"href":"https:\/\/www.pomniki-przyrody.pl\/index.php?rest_route=%2Fwp%2Fv2%2Fmedia&parent=3817"}],"wp:term":[{"taxonomy":"category","embeddable":true,"href":"https:\/\/www.pomniki-przyrody.pl\/index.php?rest_route=%2Fwp%2Fv2%2Fcategories&post=3817"},{"taxonomy":"post_tag","embeddable":true,"href":"https:\/\/www.pomniki-przyrody.pl\/index.php?rest_route=%2Fwp%2Fv2%2Ftags&post=3817"}],"curies":[{"name":"wp","href":"https:\/\/api.w.org\/{rel}","templated":true}]}}