{"id":3854,"date":"2013-07-02T22:51:42","date_gmt":"2013-07-02T20:51:42","guid":{"rendered":"http:\/\/www.pomniki-przyrody.pl\/?p=3854"},"modified":"2013-07-02T22:51:42","modified_gmt":"2013-07-02T20:51:42","slug":"pomnikowe-drzewa-w-sulowie-gm-milicz","status":"publish","type":"post","link":"https:\/\/www.pomniki-przyrody.pl\/?p=3854","title":{"rendered":"Pomnikowe drzewa w Su\u0142owie (gm. Milicz)."},"content":{"rendered":"<p>Su\u0142\u00f3w to urocza wie\u015b o zabudowie ma\u0142omiasteczkowej (przed II wojn\u0105 \u015bwiatow\u0105 Su\u0142\u00f3w posiada\u0142 prawa miejskie), po\u0142o\u017cona 8 km od Milicza, przy drodze 439 Milicz &#8211; \u017bmigr\u00f3d. W miejscowo\u015bci znajduj\u0105 si\u0119 liczne zabytki : barokowy pa\u0142ac, dawny ratusz (obecnie Izba Regionalna), niewielkie pozosta\u0142o\u015bci \u015bredniowiecznego zamku oraz dwa ko\u015bcio\u0142y o konstrukcji szkieletowej. Cho\u0107 obydwa otacza wiekowy drzewostan, status pomnik\u00f3w przyrody posiadaj\u0105 3 d\u0119by szypu\u0142kowe o obwodach 574, 606, 608 cm, rosn\u0105ce przy ko\u015bciele \u015b\u015b. Piotra i Paw\u0142a (ul. Ko\u015bcielna).<\/p>\n<p style=\"text-align: center;\"><a href=\"https:\/\/www.pomniki-przyrody.pl\/wp-content\/uploads\/2013\/07\/ko\u015bci\u00f3\u0142-\u015b\u015b.-Piotra-i-Paw\u0142a-w-Su\u0142owie.jpg\"><img loading=\"lazy\" decoding=\"async\" class=\"aligncenter  wp-image-3856\" title=\"ko\u015bci\u00f3\u0142 \u015b\u015b. Piotra i Paw\u0142a w Su\u0142owie\" alt=\"\" src=\"https:\/\/www.pomniki-przyrody.pl\/wp-content\/uploads\/2013\/07\/ko\u015bci\u00f3\u0142-\u015b\u015b.-Piotra-i-Paw\u0142a-w-Su\u0142owie-1024x678.jpg\" width=\"584\" height=\"386\" srcset=\"https:\/\/www.pomniki-przyrody.pl\/wp-content\/uploads\/2013\/07\/ko\u015bci\u00f3\u0142-\u015b\u015b.-Piotra-i-Paw\u0142a-w-Su\u0142owie-1024x678.jpg 1024w, https:\/\/www.pomniki-przyrody.pl\/wp-content\/uploads\/2013\/07\/ko\u015bci\u00f3\u0142-\u015b\u015b.-Piotra-i-Paw\u0142a-w-Su\u0142owie-300x198.jpg 300w, https:\/\/www.pomniki-przyrody.pl\/wp-content\/uploads\/2013\/07\/ko\u015bci\u00f3\u0142-\u015b\u015b.-Piotra-i-Paw\u0142a-w-Su\u0142owie-452x300.jpg 452w, https:\/\/www.pomniki-przyrody.pl\/wp-content\/uploads\/2013\/07\/ko\u015bci\u00f3\u0142-\u015b\u015b.-Piotra-i-Paw\u0142a-w-Su\u0142owie.jpg 1200w\" sizes=\"auto, (max-width: 584px) 100vw, 584px\" \/><\/a><\/p>\n<p>Na prawo od wej\u015bcia, przy dzwonnicy, ro\u015bnie pot\u0119\u017cny d\u0105b o pniu poro\u015bni\u0119tym bluszczem.<\/p>\n<p style=\"text-align: center;\"><a href=\"https:\/\/www.pomniki-przyrody.pl\/wp-content\/uploads\/2013\/07\/pomnikowy-d\u0105b-z-kapliczk\u0105-w-Su\u0142owie.jpg\"><img loading=\"lazy\" decoding=\"async\" class=\"aligncenter  wp-image-3865\" title=\"pomnikowy d\u0105b z kapliczk\u0105 w Su\u0142owie\" alt=\"\" src=\"https:\/\/www.pomniki-przyrody.pl\/wp-content\/uploads\/2013\/07\/pomnikowy-d\u0105b-z-kapliczk\u0105-w-Su\u0142owie-678x1024.jpg\" width=\"584\" height=\"882\" srcset=\"https:\/\/www.pomniki-przyrody.pl\/wp-content\/uploads\/2013\/07\/pomnikowy-d\u0105b-z-kapliczk\u0105-w-Su\u0142owie-678x1024.jpg 678w, https:\/\/www.pomniki-przyrody.pl\/wp-content\/uploads\/2013\/07\/pomnikowy-d\u0105b-z-kapliczk\u0105-w-Su\u0142owie-198x300.jpg 198w, https:\/\/www.pomniki-przyrody.pl\/wp-content\/uploads\/2013\/07\/pomnikowy-d\u0105b-z-kapliczk\u0105-w-Su\u0142owie.jpg 800w\" sizes=\"auto, (max-width: 584px) 100vw, 584px\" \/><\/a><\/p>\n<p>Wewn\u0105trz pnia znajduje si\u0119 kapliczka z figur\u0105 Matki Boskiej.<\/p>\n<p style=\"text-align: center;\"><a href=\"https:\/\/www.pomniki-przyrody.pl\/wp-content\/uploads\/2013\/07\/pie\u0144-pomnikowego-d\u0119bu-w-Su\u0142owie-przy-dzwonnicy-obok-ko\u015bcio\u0142a-\u015b\u015b.-Piotra-i-Paw\u0142a.jpg\"><img loading=\"lazy\" decoding=\"async\" class=\"aligncenter  wp-image-3859\" title=\"pie\u0144 pomnikowego d\u0119bu w Su\u0142owie -  przy dzwonnicy obok ko\u015bcio\u0142a \u015b\u015b. Piotra i Paw\u0142a\" alt=\"\" src=\"https:\/\/www.pomniki-przyrody.pl\/wp-content\/uploads\/2013\/07\/pie\u0144-pomnikowego-d\u0119bu-w-Su\u0142owie-przy-dzwonnicy-obok-ko\u015bcio\u0142a-\u015b\u015b.-Piotra-i-Paw\u0142a-678x1024.jpg\" width=\"584\" height=\"882\" srcset=\"https:\/\/www.pomniki-przyrody.pl\/wp-content\/uploads\/2013\/07\/pie\u0144-pomnikowego-d\u0119bu-w-Su\u0142owie-przy-dzwonnicy-obok-ko\u015bcio\u0142a-\u015b\u015b.-Piotra-i-Paw\u0142a-678x1024.jpg 678w, https:\/\/www.pomniki-przyrody.pl\/wp-content\/uploads\/2013\/07\/pie\u0144-pomnikowego-d\u0119bu-w-Su\u0142owie-przy-dzwonnicy-obok-ko\u015bcio\u0142a-\u015b\u015b.-Piotra-i-Paw\u0142a-198x300.jpg 198w, https:\/\/www.pomniki-przyrody.pl\/wp-content\/uploads\/2013\/07\/pie\u0144-pomnikowego-d\u0119bu-w-Su\u0142owie-przy-dzwonnicy-obok-ko\u015bcio\u0142a-\u015b\u015b.-Piotra-i-Paw\u0142a.jpg 800w\" sizes=\"auto, (max-width: 584px) 100vw, 584px\" \/><\/a><a href=\"https:\/\/www.pomniki-przyrody.pl\/wp-content\/uploads\/2013\/07\/kapliczka-wewn\u0105trz-pnia-pomnikowego-d\u0119bu.jpg\"><img loading=\"lazy\" decoding=\"async\" class=\"aligncenter  wp-image-3855\" title=\"kapliczka w dziupli pomnikowego d\u0119bu\" alt=\"\" src=\"https:\/\/www.pomniki-przyrody.pl\/wp-content\/uploads\/2013\/07\/kapliczka-wewn\u0105trz-pnia-pomnikowego-d\u0119bu.jpg\" width=\"600\" height=\"800\" srcset=\"https:\/\/www.pomniki-przyrody.pl\/wp-content\/uploads\/2013\/07\/kapliczka-wewn\u0105trz-pnia-pomnikowego-d\u0119bu.jpg 600w, https:\/\/www.pomniki-przyrody.pl\/wp-content\/uploads\/2013\/07\/kapliczka-wewn\u0105trz-pnia-pomnikowego-d\u0119bu-225x300.jpg 225w\" sizes=\"auto, (max-width: 600px) 100vw, 600px\" \/><\/a><\/p>\n<p>Drugi pomnikowy d\u0105b stoi pomi\u0119dzy ko\u015bcio\u0142em a cmentarzem (widoczny jest na pierwszym zdj\u0119ciu).<\/p>\n<p style=\"text-align: center;\"><a href=\"https:\/\/www.pomniki-przyrody.pl\/wp-content\/uploads\/2013\/07\/pomnikowy-d\u0105b-na-terenie-ko\u015bcielnym-w-Su\u0142owie.jpg\"><img loading=\"lazy\" decoding=\"async\" class=\"aligncenter  wp-image-3862\" title=\"pomnikowy d\u0105b na terenie ko\u015bcielnym w Su\u0142owie\" alt=\"\" src=\"https:\/\/www.pomniki-przyrody.pl\/wp-content\/uploads\/2013\/07\/pomnikowy-d\u0105b-na-terenie-ko\u015bcielnym-w-Su\u0142owie-768x1024.jpg\" width=\"584\" height=\"778\" srcset=\"https:\/\/www.pomniki-przyrody.pl\/wp-content\/uploads\/2013\/07\/pomnikowy-d\u0105b-na-terenie-ko\u015bcielnym-w-Su\u0142owie-768x1024.jpg 768w, https:\/\/www.pomniki-przyrody.pl\/wp-content\/uploads\/2013\/07\/pomnikowy-d\u0105b-na-terenie-ko\u015bcielnym-w-Su\u0142owie-225x300.jpg 225w, https:\/\/www.pomniki-przyrody.pl\/wp-content\/uploads\/2013\/07\/pomnikowy-d\u0105b-na-terenie-ko\u015bcielnym-w-Su\u0142owie.jpg 900w\" sizes=\"auto, (max-width: 584px) 100vw, 584px\" \/><\/a><\/p>\n<p style=\"text-align: center;\"><a href=\"https:\/\/www.pomniki-przyrody.pl\/wp-content\/uploads\/2013\/07\/pie\u0144-pomnikowego-d\u0119bu-w-Su\u0142owie.jpg\"><img loading=\"lazy\" decoding=\"async\" class=\"aligncenter  wp-image-3860\" title=\"pie\u0144 pomnikowego d\u0119bu w Su\u0142owie\" alt=\"\" src=\"https:\/\/www.pomniki-przyrody.pl\/wp-content\/uploads\/2013\/07\/pie\u0144-pomnikowego-d\u0119bu-w-Su\u0142owie.jpg\" width=\"767\" height=\"1020\" srcset=\"https:\/\/www.pomniki-przyrody.pl\/wp-content\/uploads\/2013\/07\/pie\u0144-pomnikowego-d\u0119bu-w-Su\u0142owie.jpg 767w, https:\/\/www.pomniki-przyrody.pl\/wp-content\/uploads\/2013\/07\/pie\u0144-pomnikowego-d\u0119bu-w-Su\u0142owie-225x300.jpg 225w\" sizes=\"auto, (max-width: 767px) 100vw, 767px\" \/><\/a><\/p>\n<p>Obok ro\u015bnie trzeci, najbardziej okaza\u0142y z grupy 400 &#8211; letnich d\u0119b\u00f3w.<\/p>\n<p style=\"text-align: center;\"><a href=\"https:\/\/www.pomniki-przyrody.pl\/wp-content\/uploads\/2013\/07\/pomnikowy-d\u0105b-w-Su\u0142owie.jpg\"><img loading=\"lazy\" decoding=\"async\" class=\"aligncenter  wp-image-3864\" title=\"pomnikowy d\u0105b w Su\u0142owie\" alt=\"\" src=\"https:\/\/www.pomniki-przyrody.pl\/wp-content\/uploads\/2013\/07\/pomnikowy-d\u0105b-w-Su\u0142owie-695x1024.jpg\" width=\"584\" height=\"860\" srcset=\"https:\/\/www.pomniki-przyrody.pl\/wp-content\/uploads\/2013\/07\/pomnikowy-d\u0105b-w-Su\u0142owie-695x1024.jpg 695w, https:\/\/www.pomniki-przyrody.pl\/wp-content\/uploads\/2013\/07\/pomnikowy-d\u0105b-w-Su\u0142owie-203x300.jpg 203w, https:\/\/www.pomniki-przyrody.pl\/wp-content\/uploads\/2013\/07\/pomnikowy-d\u0105b-w-Su\u0142owie.jpg 846w\" sizes=\"auto, (max-width: 584px) 100vw, 584px\" \/><\/a><\/p>\n<p style=\"text-align: center;\"><a href=\"https:\/\/www.pomniki-przyrody.pl\/wp-content\/uploads\/2013\/07\/pomnikowy-d\u0105b-w-Su\u0142owie-zasiedlony-przez-kozioroga-d\u0119bosza.jpg\"><img loading=\"lazy\" decoding=\"async\" class=\"aligncenter  wp-image-3863\" title=\"pomnikowy d\u0105b w Su\u0142owie zasiedlony przez kozioroga d\u0119bosza\" alt=\"\" src=\"https:\/\/www.pomniki-przyrody.pl\/wp-content\/uploads\/2013\/07\/pomnikowy-d\u0105b-w-Su\u0142owie-zasiedlony-przez-kozioroga-d\u0119bosza-805x1024.jpg\" width=\"584\" height=\"742\" srcset=\"https:\/\/www.pomniki-przyrody.pl\/wp-content\/uploads\/2013\/07\/pomnikowy-d\u0105b-w-Su\u0142owie-zasiedlony-przez-kozioroga-d\u0119bosza-805x1024.jpg 805w, https:\/\/www.pomniki-przyrody.pl\/wp-content\/uploads\/2013\/07\/pomnikowy-d\u0105b-w-Su\u0142owie-zasiedlony-przez-kozioroga-d\u0119bosza-236x300.jpg 236w, https:\/\/www.pomniki-przyrody.pl\/wp-content\/uploads\/2013\/07\/pomnikowy-d\u0105b-w-Su\u0142owie-zasiedlony-przez-kozioroga-d\u0119bosza.jpg 845w\" sizes=\"auto, (max-width: 584px) 100vw, 584px\" \/><\/a><\/p>\n<p style=\"text-align: center;\"><a href=\"https:\/\/www.pomniki-przyrody.pl\/wp-content\/uploads\/2013\/07\/pie\u0144-pomnikowego-d\u0119bu-zasiedlonego-przez-kozioroga-d\u0119bosza.jpg\"><img loading=\"lazy\" decoding=\"async\" class=\"aligncenter  wp-image-3861\" title=\"pie\u0144 pomnikowego d\u0119bu zasiedlonego przez kozioroga d\u0119bosza\" alt=\"\" src=\"https:\/\/www.pomniki-przyrody.pl\/wp-content\/uploads\/2013\/07\/pie\u0144-pomnikowego-d\u0119bu-zasiedlonego-przez-kozioroga-d\u0119bosza-807x1024.jpg\" width=\"584\" height=\"741\" srcset=\"https:\/\/www.pomniki-przyrody.pl\/wp-content\/uploads\/2013\/07\/pie\u0144-pomnikowego-d\u0119bu-zasiedlonego-przez-kozioroga-d\u0119bosza-807x1024.jpg 807w, https:\/\/www.pomniki-przyrody.pl\/wp-content\/uploads\/2013\/07\/pie\u0144-pomnikowego-d\u0119bu-zasiedlonego-przez-kozioroga-d\u0119bosza-236x300.jpg 236w, https:\/\/www.pomniki-przyrody.pl\/wp-content\/uploads\/2013\/07\/pie\u0144-pomnikowego-d\u0119bu-zasiedlonego-przez-kozioroga-d\u0119bosza.jpg 900w\" sizes=\"auto, (max-width: 584px) 100vw, 584px\" \/><\/a><\/p>\n<p>Na pniu widoczne s\u0105 wyra\u017ane \u015blady \u017cerowania larw chronionego chrz\u0105szcza &#8211; kozioroga d\u0119bosza. Gatunek preferuje dobrze nas\u0142onecznione ponad 100 &#8211; letnie d\u0119by; niestety zaatakowane drzewa s\u0105 bardziej nara\u017cone na choroby. Wyst\u0119puje tu nietypowy konflikt &#8211; czy wa\u017cniejsza jest ochrona pomnika przyrody czy te\u017c siedliska chronionego owada.<\/p>\n<p style=\"text-align: center;\"><a href=\"https:\/\/www.pomniki-przyrody.pl\/wp-content\/uploads\/2013\/07\/otwory-wydr\u0105\u017cone-przez-larwy-kozioroga-d\u0119bosza.jpg\"><img loading=\"lazy\" decoding=\"async\" class=\"aligncenter  wp-image-3858\" title=\"otwory wydr\u0105\u017cone przez larwy kozioroga d\u0119bosza\" alt=\"\" src=\"https:\/\/www.pomniki-przyrody.pl\/wp-content\/uploads\/2013\/07\/otwory-wydr\u0105\u017cone-przez-larwy-kozioroga-d\u0119bosza.jpg\" width=\"600\" height=\"800\" srcset=\"https:\/\/www.pomniki-przyrody.pl\/wp-content\/uploads\/2013\/07\/otwory-wydr\u0105\u017cone-przez-larwy-kozioroga-d\u0119bosza.jpg 600w, https:\/\/www.pomniki-przyrody.pl\/wp-content\/uploads\/2013\/07\/otwory-wydr\u0105\u017cone-przez-larwy-kozioroga-d\u0119bosza-225x300.jpg 225w\" sizes=\"auto, (max-width: 600px) 100vw, 600px\" \/><\/a><\/p>\n<p>Uda\u0142o mi si\u0119 zaobserwowa\u0107 i sfotografowa\u0107 kilka martwych osobnik\u00f3w tego gatunku oraz jeden \u017cywy okaz.<\/p>\n<p style=\"text-align: center;\"><a href=\"https:\/\/www.pomniki-przyrody.pl\/wp-content\/uploads\/2013\/07\/samiec-kozioroga-d\u0119bosza.jpg\"><img loading=\"lazy\" decoding=\"async\" class=\"aligncenter  wp-image-3867\" title=\"samiec kozioroga d\u0119bosza\" alt=\"\" src=\"https:\/\/www.pomniki-przyrody.pl\/wp-content\/uploads\/2013\/07\/samiec-kozioroga-d\u0119bosza-1024x768.jpg\" width=\"584\" height=\"438\" srcset=\"https:\/\/www.pomniki-przyrody.pl\/wp-content\/uploads\/2013\/07\/samiec-kozioroga-d\u0119bosza-1024x768.jpg 1024w, https:\/\/www.pomniki-przyrody.pl\/wp-content\/uploads\/2013\/07\/samiec-kozioroga-d\u0119bosza-300x225.jpg 300w, https:\/\/www.pomniki-przyrody.pl\/wp-content\/uploads\/2013\/07\/samiec-kozioroga-d\u0119bosza-400x300.jpg 400w, https:\/\/www.pomniki-przyrody.pl\/wp-content\/uploads\/2013\/07\/samiec-kozioroga-d\u0119bosza.jpg 1200w\" sizes=\"auto, (max-width: 584px) 100vw, 584px\" \/><\/a><a href=\"https:\/\/www.pomniki-przyrody.pl\/wp-content\/uploads\/2013\/07\/kozior\u00f3g-d\u0119bosz.jpg\"><img loading=\"lazy\" decoding=\"async\" class=\"aligncenter  wp-image-3857\" title=\"kozior\u00f3g d\u0119bosz\" alt=\"\" src=\"https:\/\/www.pomniki-przyrody.pl\/wp-content\/uploads\/2013\/07\/kozior\u00f3g-d\u0119bosz-1024x768.jpg\" width=\"584\" height=\"438\" srcset=\"https:\/\/www.pomniki-przyrody.pl\/wp-content\/uploads\/2013\/07\/kozior\u00f3g-d\u0119bosz-1024x768.jpg 1024w, https:\/\/www.pomniki-przyrody.pl\/wp-content\/uploads\/2013\/07\/kozior\u00f3g-d\u0119bosz-300x225.jpg 300w, https:\/\/www.pomniki-przyrody.pl\/wp-content\/uploads\/2013\/07\/kozior\u00f3g-d\u0119bosz-400x300.jpg 400w, https:\/\/www.pomniki-przyrody.pl\/wp-content\/uploads\/2013\/07\/kozior\u00f3g-d\u0119bosz.jpg 1200w\" sizes=\"auto, (max-width: 584px) 100vw, 584px\" \/><\/a><\/p>\n<p style=\"text-align: center;\"><a href=\"https:\/\/www.pomniki-przyrody.pl\/wp-content\/uploads\/2013\/07\/samica-kozioroga-d\u0119bosza.jpg\"><img loading=\"lazy\" decoding=\"async\" class=\"aligncenter  wp-image-3868\" title=\"samica kozioroga d\u0119bosza\" alt=\"\" src=\"https:\/\/www.pomniki-przyrody.pl\/wp-content\/uploads\/2013\/07\/samica-kozioroga-d\u0119bosza.jpg\" width=\"900\" height=\"950\" srcset=\"https:\/\/www.pomniki-przyrody.pl\/wp-content\/uploads\/2013\/07\/samica-kozioroga-d\u0119bosza.jpg 900w, https:\/\/www.pomniki-przyrody.pl\/wp-content\/uploads\/2013\/07\/samica-kozioroga-d\u0119bosza-284x300.jpg 284w\" sizes=\"auto, (max-width: 900px) 100vw, 900px\" \/><\/a><\/p>\n<p>Pomnikami przyrody w Su\u0142owie s\u0105 r\u00f3wnie\u017c 4 sosny pospolite rosn\u0105ce na <span style=\"color: #0000ff;\"><a title=\"Szwedzka G\u00f3rka w Su\u0142owie.\" href=\"https:\/\/www.pomniki-przyrody.pl\/?p=3829\"><span style=\"color: #0000ff;\">Szwedzkiej G\u00f3rce<\/span><\/a><\/span>, opisane w poprzednim artykule.<\/p>\n","protected":false},"excerpt":{"rendered":"<p>Su\u0142\u00f3w to urocza wie\u015b o zabudowie ma\u0142omiasteczkowej (przed II wojn\u0105 \u015bwiatow\u0105 Su\u0142\u00f3w posiada\u0142 prawa miejskie), po\u0142o\u017cona 8 km od Milicza, przy drodze 439 Milicz &#8211; \u017bmigr\u00f3d. W miejscowo\u015bci znajduj\u0105 si\u0119 liczne zabytki : barokowy pa\u0142ac, dawny ratusz (obecnie Izba Regionalna), &hellip; <a href=\"https:\/\/www.pomniki-przyrody.pl\/?p=3854\">Czytaj dalej <span class=\"meta-nav\">&rarr;<\/span><\/a><\/p>\n","protected":false},"author":2,"featured_media":0,"comment_status":"open","ping_status":"open","sticky":false,"template":"","format":"standard","meta":{"footnotes":""},"categories":[1],"tags":[620,627,318,624],"class_list":["post-3854","post","type-post","status-publish","format-standard","hentry","category-przyroda-ozywiona","tag-gmina-milicz","tag-koziorog-debosz","tag-pomnikowe-deby","tag-sulow"],"_links":{"self":[{"href":"https:\/\/www.pomniki-przyrody.pl\/index.php?rest_route=\/wp\/v2\/posts\/3854","targetHints":{"allow":["GET"]}}],"collection":[{"href":"https:\/\/www.pomniki-przyrody.pl\/index.php?rest_route=\/wp\/v2\/posts"}],"about":[{"href":"https:\/\/www.pomniki-przyrody.pl\/index.php?rest_route=\/wp\/v2\/types\/post"}],"author":[{"embeddable":true,"href":"https:\/\/www.pomniki-przyrody.pl\/index.php?rest_route=\/wp\/v2\/users\/2"}],"replies":[{"embeddable":true,"href":"https:\/\/www.pomniki-przyrody.pl\/index.php?rest_route=%2Fwp%2Fv2%2Fcomments&post=3854"}],"version-history":[{"count":0,"href":"https:\/\/www.pomniki-przyrody.pl\/index.php?rest_route=\/wp\/v2\/posts\/3854\/revisions"}],"wp:attachment":[{"href":"https:\/\/www.pomniki-przyrody.pl\/index.php?rest_route=%2Fwp%2Fv2%2Fmedia&parent=3854"}],"wp:term":[{"taxonomy":"category","embeddable":true,"href":"https:\/\/www.pomniki-przyrody.pl\/index.php?rest_route=%2Fwp%2Fv2%2Fcategories&post=3854"},{"taxonomy":"post_tag","embeddable":true,"href":"https:\/\/www.pomniki-przyrody.pl\/index.php?rest_route=%2Fwp%2Fv2%2Ftags&post=3854"}],"curies":[{"name":"wp","href":"https:\/\/api.w.org\/{rel}","templated":true}]}}