{"id":3877,"date":"2013-07-04T22:10:27","date_gmt":"2013-07-04T20:10:27","guid":{"rendered":"http:\/\/www.pomniki-przyrody.pl\/?p=3877"},"modified":"2013-07-04T22:10:27","modified_gmt":"2013-07-04T20:10:27","slug":"dab-zrosniety-z-sosna-wies-olsza-w-gminie-milicz","status":"publish","type":"post","link":"https:\/\/www.pomniki-przyrody.pl\/?p=3877","title":{"rendered":"D\u0105b zro\u015bni\u0119ty z sosn\u0105 &#8211; wie\u015b Olsza w gminie Milicz."},"content":{"rendered":"<p style=\"text-align: left;\">Nawet najbardziej zapaleni grzybiarze czy te\u017c le\u015bnicy przemierzaj\u0105cy kilometry lasu, bardzo rzadko mog\u0105 napotka\u0107 dwa zro\u015bni\u0119te ze sob\u0105 drzewa, kt\u00f3re dodatkowo nale\u017c\u0105 do r\u00f3\u017cnych gatunk\u00f3w. Takie kuriozum powstaje wtedy, gdy rosn\u0105ce zbyt blisko jedno drzewo, wrasta ga\u0142\u0119ziami w pie\u0144 drugiego. Wiekowy zros\u0142odrzew jako rzadka ciekawostka bez w\u0105tpienia powinien by\u0107 obj\u0119ty ochron\u0105 pomnikow\u0105. Na Dolnym \u015al\u0105sku \u00a0takie pomnikowe okazy s\u0105 tylko dwa &#8211; jeden w <span style=\"color: #0000ff;\"><a title=\"Pomnikowe drzewa w \u015awieradowie Zdroju.\" href=\"https:\/\/www.pomniki-przyrody.pl\/?p=2043\"><span style=\"color: #0000ff;\">\u015awieradowie Zdroju<\/span><\/a><\/span><span><span style=\"color: #0000ff;\">,<\/span>\u00a0drugi w lasach k. wsi Olsza w gminie Milicz (trzeci zrost opisywany w parku w <a title=\"Pomnikowe drzewa w parku w Zebrzydowej.\" href=\"https:\/\/www.pomniki-przyrody.pl\/?p=1559\"><span style=\"color: #0000ff;\">Zebrzydowej<\/span><\/a> prawdopodobnie ju\u017c nie istnieje). Do pomnikowego d\u0119bu zro\u015bni\u0119tego z sosn\u0105 naj\u0142atwiej trafi\u0107 z miejscowo\u015bci Grab\u00f3wka, kieruj\u0105c si\u0119 niebieskim szlakiem.<a href=\"https:\/\/www.pomniki-przyrody.pl\/wp-content\/uploads\/2013\/07\/tablica-na-niebieskim-szlaku-we-wsi-Grab\u00f3wka.jpg\"><img loading=\"lazy\" decoding=\"async\" class=\"aligncenter  wp-image-3891\" title=\"tablica na niebieskim szlaku we wsi Grab\u00f3wka\" alt=\"\" src=\"https:\/\/www.pomniki-przyrody.pl\/wp-content\/uploads\/2013\/07\/tablica-na-niebieskim-szlaku-we-wsi-Grab\u00f3wka.jpg\" width=\"600\" height=\"450\" srcset=\"https:\/\/www.pomniki-przyrody.pl\/wp-content\/uploads\/2013\/07\/tablica-na-niebieskim-szlaku-we-wsi-Grab\u00f3wka.jpg 600w, https:\/\/www.pomniki-przyrody.pl\/wp-content\/uploads\/2013\/07\/tablica-na-niebieskim-szlaku-we-wsi-Grab\u00f3wka-300x225.jpg 300w, https:\/\/www.pomniki-przyrody.pl\/wp-content\/uploads\/2013\/07\/tablica-na-niebieskim-szlaku-we-wsi-Grab\u00f3wka-400x300.jpg 400w\" sizes=\"auto, (max-width: 600px) 100vw, 600px\" \/><\/a><\/span><span style=\"color: #0000ff;\"><span style=\"color: #333333;\">Punktem orientacyjnym we wsi jest okaza\u0142y d\u0105b rosn\u0105cy w pobli\u017cu bocianiego gniazda.<\/span><br \/>\n<\/span><\/p>\n<p style=\"text-align: center;\"><a href=\"https:\/\/www.pomniki-przyrody.pl\/wp-content\/uploads\/2013\/07\/okaza\u0142y-d\u0105b-na-skrzy\u017cowaniu-w-Grab\u00f3wce.jpg\"><img loading=\"lazy\" decoding=\"async\" class=\"aligncenter  wp-image-3881\" title=\"okaza\u0142y d\u0105b na skrzy\u017cowaniu w Grab\u00f3wce\" alt=\"\" src=\"https:\/\/www.pomniki-przyrody.pl\/wp-content\/uploads\/2013\/07\/okaza\u0142y-d\u0105b-na-skrzy\u017cowaniu-w-Grab\u00f3wce.jpg\" width=\"891\" height=\"1014\" srcset=\"https:\/\/www.pomniki-przyrody.pl\/wp-content\/uploads\/2013\/07\/okaza\u0142y-d\u0105b-na-skrzy\u017cowaniu-w-Grab\u00f3wce.jpg 891w, https:\/\/www.pomniki-przyrody.pl\/wp-content\/uploads\/2013\/07\/okaza\u0142y-d\u0105b-na-skrzy\u017cowaniu-w-Grab\u00f3wce-263x300.jpg 263w\" sizes=\"auto, (max-width: 891px) 100vw, 891px\" \/><\/a><a href=\"https:\/\/www.pomniki-przyrody.pl\/wp-content\/uploads\/2013\/07\/pie\u0144-okaza\u0142ego-d\u0119bu-w-Grab\u00f3wce.jpg\"><img loading=\"lazy\" decoding=\"async\" class=\"aligncenter  wp-image-3882\" title=\"pie\u0144 okaza\u0142ego d\u0119bu w Grab\u00f3wce\" alt=\"\" src=\"https:\/\/www.pomniki-przyrody.pl\/wp-content\/uploads\/2013\/07\/pie\u0144-okaza\u0142ego-d\u0119bu-w-Grab\u00f3wce-829x1024.jpg\" width=\"584\" height=\"721\" srcset=\"https:\/\/www.pomniki-przyrody.pl\/wp-content\/uploads\/2013\/07\/pie\u0144-okaza\u0142ego-d\u0119bu-w-Grab\u00f3wce-829x1024.jpg 829w, https:\/\/www.pomniki-przyrody.pl\/wp-content\/uploads\/2013\/07\/pie\u0144-okaza\u0142ego-d\u0119bu-w-Grab\u00f3wce-242x300.jpg 242w, https:\/\/www.pomniki-przyrody.pl\/wp-content\/uploads\/2013\/07\/pie\u0144-okaza\u0142ego-d\u0119bu-w-Grab\u00f3wce.jpg 891w\" sizes=\"auto, (max-width: 584px) 100vw, 584px\" \/><\/a><\/p>\n<p>Zmotoryzowani tury\u015bci mog\u0105 podjecha\u0107 kilkaset metr\u00f3w dalej, do przygotowanego miejsca parkingowego na skraju lasu, za ostatnim budynkiem. W pobli\u017cu ro\u015bnie drugi okaza\u0142y d\u0105b.<\/p>\n<p style=\"text-align: center;\"><a href=\"https:\/\/www.pomniki-przyrody.pl\/wp-content\/uploads\/2013\/07\/s\u0119dziwy-d\u0105b-przy-niebieskim-szlaku-w-Grab\u00f3wce.jpg\"><img loading=\"lazy\" decoding=\"async\" class=\"aligncenter  wp-image-3886\" title=\"s\u0119dziwy d\u0105b przy niebieskim szlaku w Grab\u00f3wce\" alt=\"\" src=\"https:\/\/www.pomniki-przyrody.pl\/wp-content\/uploads\/2013\/07\/s\u0119dziwy-d\u0105b-przy-niebieskim-szlaku-w-Grab\u00f3wce.jpg\" width=\"749\" height=\"974\" srcset=\"https:\/\/www.pomniki-przyrody.pl\/wp-content\/uploads\/2013\/07\/s\u0119dziwy-d\u0105b-przy-niebieskim-szlaku-w-Grab\u00f3wce.jpg 749w, https:\/\/www.pomniki-przyrody.pl\/wp-content\/uploads\/2013\/07\/s\u0119dziwy-d\u0105b-przy-niebieskim-szlaku-w-Grab\u00f3wce-230x300.jpg 230w\" sizes=\"auto, (max-width: 749px) 100vw, 749px\" \/><\/a><\/p>\n<p>Szlak pocz\u0105tkowo prowadzi po granicy Rezerwatu Stawy Milickie, potem skr\u0119ca w prawo biegn\u0105c wzd\u0142u\u017c \u00a0g\u0142\u0119bokiego rowu. Dochodzimy do stawu Ma\u0142a Mewa, skr\u0119camy w lewo na mostek i ponownie wchodzimy do lasu.<\/p>\n<p style=\"text-align: left;\"><a href=\"https:\/\/www.pomniki-przyrody.pl\/wp-content\/uploads\/2013\/07\/Staw-Ma\u0142a-Mewa.jpg\"><img loading=\"lazy\" decoding=\"async\" class=\"aligncenter  wp-image-3887\" title=\"Staw Ma\u0142a Mewa\" alt=\"\" src=\"https:\/\/www.pomniki-przyrody.pl\/wp-content\/uploads\/2013\/07\/Staw-Ma\u0142a-Mewa-1024x678.jpg\" width=\"584\" height=\"386\" srcset=\"https:\/\/www.pomniki-przyrody.pl\/wp-content\/uploads\/2013\/07\/Staw-Ma\u0142a-Mewa-1024x678.jpg 1024w, https:\/\/www.pomniki-przyrody.pl\/wp-content\/uploads\/2013\/07\/Staw-Ma\u0142a-Mewa-300x198.jpg 300w, https:\/\/www.pomniki-przyrody.pl\/wp-content\/uploads\/2013\/07\/Staw-Ma\u0142a-Mewa-452x300.jpg 452w, https:\/\/www.pomniki-przyrody.pl\/wp-content\/uploads\/2013\/07\/Staw-Ma\u0142a-Mewa.jpg 1200w\" sizes=\"auto, (max-width: 584px) 100vw, 584px\" \/><\/a>Po ok. 100 metrach, gdy szlak ponownie skr\u0119ca, wypatrujemy na drzewach znak\u00f3w, kt\u00f3re doprowadz\u0105 nas do osobliwego pomnika przyrody.<\/p>\n<p>GPS\u00a0N 51\u00b031\u203259.21\u2033 , E 17\u00b005\u203247.44\u2033<\/p>\n<p style=\"text-align: center;\"><a href=\"https:\/\/www.pomniki-przyrody.pl\/wp-content\/uploads\/2013\/07\/znak-doj\u015bcia-do-obiektu-krajoznawczego.jpg\"><img loading=\"lazy\" decoding=\"async\" class=\"aligncenter  wp-image-3888\" title=\"znak doj\u015bcia do obiektu krajoznawczego\" alt=\"\" src=\"https:\/\/www.pomniki-przyrody.pl\/wp-content\/uploads\/2013\/07\/znak-doj\u015bcia-do-obiektu-krajoznawczego.jpg\" width=\"600\" height=\"397\" srcset=\"https:\/\/www.pomniki-przyrody.pl\/wp-content\/uploads\/2013\/07\/znak-doj\u015bcia-do-obiektu-krajoznawczego.jpg 600w, https:\/\/www.pomniki-przyrody.pl\/wp-content\/uploads\/2013\/07\/znak-doj\u015bcia-do-obiektu-krajoznawczego-300x198.jpg 300w, https:\/\/www.pomniki-przyrody.pl\/wp-content\/uploads\/2013\/07\/znak-doj\u015bcia-do-obiektu-krajoznawczego-453x300.jpg 453w\" sizes=\"auto, (max-width: 600px) 100vw, 600px\" \/><\/a><a href=\"https:\/\/www.pomniki-przyrody.pl\/wp-content\/uploads\/2013\/07\/dab-zro\u015bni\u0119ty-z-sosn\u0105.jpg\"><img loading=\"lazy\" decoding=\"async\" class=\"aligncenter  wp-image-3879\" title=\"d\u0105b zro\u015bni\u0119ty z sosn\u0105\" alt=\"\" src=\"https:\/\/www.pomniki-przyrody.pl\/wp-content\/uploads\/2013\/07\/dab-zro\u015bni\u0119ty-z-sosn\u0105-678x1024.jpg\" width=\"584\" height=\"882\" srcset=\"https:\/\/www.pomniki-przyrody.pl\/wp-content\/uploads\/2013\/07\/dab-zro\u015bni\u0119ty-z-sosn\u0105-678x1024.jpg 678w, https:\/\/www.pomniki-przyrody.pl\/wp-content\/uploads\/2013\/07\/dab-zro\u015bni\u0119ty-z-sosn\u0105-198x300.jpg 198w, https:\/\/www.pomniki-przyrody.pl\/wp-content\/uploads\/2013\/07\/dab-zro\u015bni\u0119ty-z-sosn\u0105.jpg 900w\" sizes=\"auto, (max-width: 584px) 100vw, 584px\" \/><\/a><a href=\"https:\/\/www.pomniki-przyrody.pl\/wp-content\/uploads\/2013\/07\/pomnikowy-zrost-sosny-z-d\u0119bem.jpg\"><img loading=\"lazy\" decoding=\"async\" class=\"aligncenter  wp-image-3885\" title=\"pomnikowy zrost sosny z d\u0119bem\" alt=\"\" src=\"https:\/\/www.pomniki-przyrody.pl\/wp-content\/uploads\/2013\/07\/pomnikowy-zrost-sosny-z-d\u0119bem-717x1024.jpg\" width=\"584\" height=\"834\" srcset=\"https:\/\/www.pomniki-przyrody.pl\/wp-content\/uploads\/2013\/07\/pomnikowy-zrost-sosny-z-d\u0119bem-717x1024.jpg 717w, https:\/\/www.pomniki-przyrody.pl\/wp-content\/uploads\/2013\/07\/pomnikowy-zrost-sosny-z-d\u0119bem-210x300.jpg 210w, https:\/\/www.pomniki-przyrody.pl\/wp-content\/uploads\/2013\/07\/pomnikowy-zrost-sosny-z-d\u0119bem.jpg 891w\" sizes=\"auto, (max-width: 584px) 100vw, 584px\" \/><\/a><a href=\"https:\/\/www.pomniki-przyrody.pl\/wp-content\/uploads\/2013\/07\/pomnik-przyrody-d\u0105b-zro\u015bni\u0119ty-z-sosn\u0105.jpg\"><img loading=\"lazy\" decoding=\"async\" class=\"aligncenter  wp-image-3883\" title=\"pomnik przyrody - d\u0105b zro\u015bni\u0119ty z sosn\u0105\" alt=\"\" src=\"https:\/\/www.pomniki-przyrody.pl\/wp-content\/uploads\/2013\/07\/pomnik-przyrody-d\u0105b-zro\u015bni\u0119ty-z-sosn\u0105-728x1024.jpg\" width=\"584\" height=\"821\" srcset=\"https:\/\/www.pomniki-przyrody.pl\/wp-content\/uploads\/2013\/07\/pomnik-przyrody-d\u0105b-zro\u015bni\u0119ty-z-sosn\u0105-728x1024.jpg 728w, https:\/\/www.pomniki-przyrody.pl\/wp-content\/uploads\/2013\/07\/pomnik-przyrody-d\u0105b-zro\u015bni\u0119ty-z-sosn\u0105-213x300.jpg 213w, https:\/\/www.pomniki-przyrody.pl\/wp-content\/uploads\/2013\/07\/pomnik-przyrody-d\u0105b-zro\u015bni\u0119ty-z-sosn\u0105.jpg 793w\" sizes=\"auto, (max-width: 584px) 100vw, 584px\" \/><\/a><\/p>\n<p style=\"text-align: center;\"><a href=\"https:\/\/www.pomniki-przyrody.pl\/wp-content\/uploads\/2013\/07\/pomnikowy-zrost-debu-z-sosn\u0105.jpg\"><img loading=\"lazy\" decoding=\"async\" class=\"aligncenter  wp-image-3884\" title=\"pomnikowy zrost d\u0119bu z sosn\u0105\" alt=\"\" src=\"https:\/\/www.pomniki-przyrody.pl\/wp-content\/uploads\/2013\/07\/pomnikowy-zrost-debu-z-sosn\u0105-763x1024.jpg\" width=\"584\" height=\"783\" srcset=\"https:\/\/www.pomniki-przyrody.pl\/wp-content\/uploads\/2013\/07\/pomnikowy-zrost-debu-z-sosn\u0105-763x1024.jpg 763w, https:\/\/www.pomniki-przyrody.pl\/wp-content\/uploads\/2013\/07\/pomnikowy-zrost-debu-z-sosn\u0105-223x300.jpg 223w, https:\/\/www.pomniki-przyrody.pl\/wp-content\/uploads\/2013\/07\/pomnikowy-zrost-debu-z-sosn\u0105.jpg 847w\" sizes=\"auto, (max-width: 584px) 100vw, 584px\" \/><\/a><\/p>\n<p style=\"text-align: left;\"><a href=\"https:\/\/www.pomniki-przyrody.pl\/wp-content\/uploads\/2013\/07\/dab-zro\u015bni\u0119ty-z-sosn\u0105-lasy-k.-Olszy.jpg\"><img loading=\"lazy\" decoding=\"async\" class=\"aligncenter  wp-image-3878\" title=\"d\u0105b zro\u015bni\u0119ty z sosn\u0105 - lasy k. Olszy\" alt=\"\" src=\"https:\/\/www.pomniki-przyrody.pl\/wp-content\/uploads\/2013\/07\/dab-zro\u015bni\u0119ty-z-sosn\u0105-lasy-k.-Olszy-775x1024.jpg\" width=\"584\" height=\"771\" srcset=\"https:\/\/www.pomniki-przyrody.pl\/wp-content\/uploads\/2013\/07\/dab-zro\u015bni\u0119ty-z-sosn\u0105-lasy-k.-Olszy-775x1024.jpg 775w, https:\/\/www.pomniki-przyrody.pl\/wp-content\/uploads\/2013\/07\/dab-zro\u015bni\u0119ty-z-sosn\u0105-lasy-k.-Olszy-227x300.jpg 227w, https:\/\/www.pomniki-przyrody.pl\/wp-content\/uploads\/2013\/07\/dab-zro\u015bni\u0119ty-z-sosn\u0105-lasy-k.-Olszy.jpg 820w\" sizes=\"auto, (max-width: 584px) 100vw, 584px\" \/><\/a>D\u0105b i sosna zro\u015bni\u0119te s\u0105 w trzech miejscach, na wysoko\u015bci 0.6, 2.5 i 10 metr\u00f3w. Obw\u00f3d drzew wynosi 198 i 221 cm, wysoko\u015b\u0107 29 i 24 metry. Nietypow\u0105 par\u0119 obj\u0119to ochron\u0105 pomnikow\u0105 ju\u017c w po\u0142owie lat 60 &#8211; tych XX w.<\/p>\n<p style=\"text-align: center;\"><a href=\"https:\/\/www.pomniki-przyrody.pl\/wp-content\/uploads\/2013\/07\/zros\u0142odrzew-debu-z-sosn\u0105-k.-Olszy.jpg\"><img loading=\"lazy\" decoding=\"async\" class=\"aligncenter  wp-image-3889\" title=\"zros\u0142odrzew d\u0119bu z sosn\u0105 k. Olszy\" alt=\"\" src=\"https:\/\/www.pomniki-przyrody.pl\/wp-content\/uploads\/2013\/07\/zros\u0142odrzew-debu-z-sosn\u0105-k.-Olszy-745x1024.jpg\" width=\"584\" height=\"802\" srcset=\"https:\/\/www.pomniki-przyrody.pl\/wp-content\/uploads\/2013\/07\/zros\u0142odrzew-debu-z-sosn\u0105-k.-Olszy-745x1024.jpg 745w, https:\/\/www.pomniki-przyrody.pl\/wp-content\/uploads\/2013\/07\/zros\u0142odrzew-debu-z-sosn\u0105-k.-Olszy-218x300.jpg 218w, https:\/\/www.pomniki-przyrody.pl\/wp-content\/uploads\/2013\/07\/zros\u0142odrzew-debu-z-sosn\u0105-k.-Olszy.jpg 822w\" sizes=\"auto, (max-width: 584px) 100vw, 584px\" \/><\/a><\/p>\n<p style=\"text-align: center;\"><a href=\"https:\/\/www.pomniki-przyrody.pl\/wp-content\/uploads\/2013\/07\/miejsce-zro\u015bni\u0119cia-d\u0119bu-z-sosn\u0105.jpg\"><img loading=\"lazy\" decoding=\"async\" class=\"aligncenter  wp-image-3880\" title=\"miejsce zro\u015bni\u0119cia  d\u0119bu z sosn\u0105\" alt=\"\" src=\"https:\/\/www.pomniki-przyrody.pl\/wp-content\/uploads\/2013\/07\/miejsce-zro\u015bni\u0119cia-d\u0119bu-z-sosn\u0105.jpg\" width=\"800\" height=\"530\" srcset=\"https:\/\/www.pomniki-przyrody.pl\/wp-content\/uploads\/2013\/07\/miejsce-zro\u015bni\u0119cia-d\u0119bu-z-sosn\u0105.jpg 800w, https:\/\/www.pomniki-przyrody.pl\/wp-content\/uploads\/2013\/07\/miejsce-zro\u015bni\u0119cia-d\u0119bu-z-sosn\u0105-300x198.jpg 300w, https:\/\/www.pomniki-przyrody.pl\/wp-content\/uploads\/2013\/07\/miejsce-zro\u015bni\u0119cia-d\u0119bu-z-sosn\u0105-452x300.jpg 452w\" sizes=\"auto, (max-width: 800px) 100vw, 800px\" \/><\/a><\/p>\n<p>Podobny pomnikowy okaz, jedyny w wojew\u00f3dztwie lubuskim, ro\u015bnie na le\u015bnym parkingu w pobli\u017cu wsi <a title=\"D\u0105b opleciony na so\u015bnie w miejscowo\u015bci Che\u0142m \u017barski.\" href=\"https:\/\/www.pomniki-przyrody.pl\/?p=1364\"><span style=\"color: #0000ff;\">Che\u0142m \u017barski<\/span><\/a>.<\/p>\n","protected":false},"excerpt":{"rendered":"<p>Nawet najbardziej zapaleni grzybiarze czy te\u017c le\u015bnicy przemierzaj\u0105cy kilometry lasu, bardzo rzadko mog\u0105 napotka\u0107 dwa zro\u015bni\u0119te ze sob\u0105 drzewa, kt\u00f3re dodatkowo nale\u017c\u0105 do r\u00f3\u017cnych gatunk\u00f3w. Takie kuriozum powstaje wtedy, gdy rosn\u0105ce zbyt blisko jedno drzewo, wrasta ga\u0142\u0119ziami w pie\u0144 drugiego. &hellip; <a href=\"https:\/\/www.pomniki-przyrody.pl\/?p=3877\">Czytaj dalej <span class=\"meta-nav\">&rarr;<\/span><\/a><\/p>\n","protected":false},"author":2,"featured_media":0,"comment_status":"open","ping_status":"open","sticky":false,"template":"","format":"standard","meta":{"footnotes":""},"categories":[1],"tags":[628,620,629,630,631,217],"class_list":["post-3877","post","type-post","status-publish","format-standard","hentry","category-przyroda-ozywiona","tag-dab-zrosniety-z-sosna","tag-gmina-milicz","tag-grabowka","tag-olsza","tag-stawy-milickie","tag-zrost-sosny-z-debem"],"_links":{"self":[{"href":"https:\/\/www.pomniki-przyrody.pl\/index.php?rest_route=\/wp\/v2\/posts\/3877","targetHints":{"allow":["GET"]}}],"collection":[{"href":"https:\/\/www.pomniki-przyrody.pl\/index.php?rest_route=\/wp\/v2\/posts"}],"about":[{"href":"https:\/\/www.pomniki-przyrody.pl\/index.php?rest_route=\/wp\/v2\/types\/post"}],"author":[{"embeddable":true,"href":"https:\/\/www.pomniki-przyrody.pl\/index.php?rest_route=\/wp\/v2\/users\/2"}],"replies":[{"embeddable":true,"href":"https:\/\/www.pomniki-przyrody.pl\/index.php?rest_route=%2Fwp%2Fv2%2Fcomments&post=3877"}],"version-history":[{"count":0,"href":"https:\/\/www.pomniki-przyrody.pl\/index.php?rest_route=\/wp\/v2\/posts\/3877\/revisions"}],"wp:attachment":[{"href":"https:\/\/www.pomniki-przyrody.pl\/index.php?rest_route=%2Fwp%2Fv2%2Fmedia&parent=3877"}],"wp:term":[{"taxonomy":"category","embeddable":true,"href":"https:\/\/www.pomniki-przyrody.pl\/index.php?rest_route=%2Fwp%2Fv2%2Fcategories&post=3877"},{"taxonomy":"post_tag","embeddable":true,"href":"https:\/\/www.pomniki-przyrody.pl\/index.php?rest_route=%2Fwp%2Fv2%2Ftags&post=3877"}],"curies":[{"name":"wp","href":"https:\/\/api.w.org\/{rel}","templated":true}]}}