{"id":4857,"date":"2013-11-27T23:39:34","date_gmt":"2013-11-27T22:39:34","guid":{"rendered":"http:\/\/www.pomniki-przyrody.pl\/?p=4857"},"modified":"2017-12-01T22:05:47","modified_gmt":"2017-12-01T21:05:47","slug":"pomnikowe-drzewa-w-zgorzelcu-cz-ii","status":"publish","type":"post","link":"https:\/\/www.pomniki-przyrody.pl\/?p=4857","title":{"rendered":"Pomnikowe drzewa w Zgorzelcu cz. II."},"content":{"rendered":"<p>Drug\u0105 cz\u0119\u015b\u0107 w\u0119dr\u00f3wki po zgorzeleckich pomnikach przyrody rozpoczniemy na ul. Powsta\u0144c\u00f3w \u015alaskich (pierwsza cz\u0119\u015b\u0107 <a title=\"Pomnikowe drzewa w Zgorzelcu cz. I.\" href=\"https:\/\/www.pomniki-przyrody.pl\/?p=4837\"><span style=\"color: #0000ff;\">tutaj<\/span><\/a>). Przy drodze, na wysoko\u015bci Zespo\u0142u Szk\u00f3\u0142 Licealnych i Zawodowych ro\u015bnie grupa 3 okaza\u0142ych d\u0119b\u00f3w, z kt\u00f3rych dwa zyska\u0142y ochron\u0119 pomnikow\u0105.<\/p>\n<p>GPS\u00a0N 51\u00b008\u203230.86\u2033 , E 15\u00b000\u203227.14\u2033<\/p>\n<p style=\"text-align: center;\"><a href=\"https:\/\/www.pomniki-przyrody.pl\/wp-content\/uploads\/2013\/11\/pomnikowe-d\u0119by-przy-ul.-Powsta\u0144c\u00f3w-\u015al\u0105skich-w-Zgorzelcu.jpg\"><img loading=\"lazy\" decoding=\"async\" class=\"aligncenter wp-image-4870\" title=\"pomnikowe d\u0119by przy ul. Powsta\u0144c\u00f3w \u015al\u0105skich w Zgorzelcu\" src=\"https:\/\/www.pomniki-przyrody.pl\/wp-content\/uploads\/2013\/11\/pomnikowe-d\u0119by-przy-ul.-Powsta\u0144c\u00f3w-\u015al\u0105skich-w-Zgorzelcu-1024x768.jpg\" alt=\"\" width=\"584\" height=\"438\" srcset=\"https:\/\/www.pomniki-przyrody.pl\/wp-content\/uploads\/2013\/11\/pomnikowe-d\u0119by-przy-ul.-Powsta\u0144c\u00f3w-\u015al\u0105skich-w-Zgorzelcu-1024x768.jpg 1024w, https:\/\/www.pomniki-przyrody.pl\/wp-content\/uploads\/2013\/11\/pomnikowe-d\u0119by-przy-ul.-Powsta\u0144c\u00f3w-\u015al\u0105skich-w-Zgorzelcu-300x225.jpg 300w, https:\/\/www.pomniki-przyrody.pl\/wp-content\/uploads\/2013\/11\/pomnikowe-d\u0119by-przy-ul.-Powsta\u0144c\u00f3w-\u015al\u0105skich-w-Zgorzelcu-400x300.jpg 400w, https:\/\/www.pomniki-przyrody.pl\/wp-content\/uploads\/2013\/11\/pomnikowe-d\u0119by-przy-ul.-Powsta\u0144c\u00f3w-\u015al\u0105skich-w-Zgorzelcu.jpg 1200w\" sizes=\"auto, (max-width: 584px) 100vw, 584px\" \/><\/a><a href=\"https:\/\/www.pomniki-przyrody.pl\/wp-content\/uploads\/2013\/11\/pomnikowe-d\u0119by-ul.-Posta\u0144c\u00f3w-\u015al-w-Zgorzelcu.jpg\"><img loading=\"lazy\" decoding=\"async\" class=\"aligncenter wp-image-4869\" title=\"pomnikowe d\u0119by - ul. Posta\u0144c\u00f3w \u015al w Zgorzelcu\" src=\"https:\/\/www.pomniki-przyrody.pl\/wp-content\/uploads\/2013\/11\/pomnikowe-d\u0119by-ul.-Posta\u0144c\u00f3w-\u015al-w-Zgorzelcu-741x1024.jpg\" alt=\"\" width=\"584\" height=\"807\" srcset=\"https:\/\/www.pomniki-przyrody.pl\/wp-content\/uploads\/2013\/11\/pomnikowe-d\u0119by-ul.-Posta\u0144c\u00f3w-\u015al-w-Zgorzelcu-741x1024.jpg 741w, https:\/\/www.pomniki-przyrody.pl\/wp-content\/uploads\/2013\/11\/pomnikowe-d\u0119by-ul.-Posta\u0144c\u00f3w-\u015al-w-Zgorzelcu-217x300.jpg 217w, https:\/\/www.pomniki-przyrody.pl\/wp-content\/uploads\/2013\/11\/pomnikowe-d\u0119by-ul.-Posta\u0144c\u00f3w-\u015al-w-Zgorzelcu.jpg 813w\" sizes=\"auto, (max-width: 584px) 100vw, 584px\" \/><\/a><\/p>\n<p style=\"text-align: left;\">Pierwszy rosn\u0105cy bli\u017cej przejazdu kolejowego mierzy w obwodzie 395 cm, drugi 379 cm, wysoko\u015b\u0107 drzew odpowiednio 18 i 20 metr\u00f3w. Na pniach stosowne tabliczki.<a href=\"https:\/\/www.pomniki-przyrody.pl\/wp-content\/uploads\/2013\/11\/pie\u0144-pierwszego-d\u0119bu-ul.-Powsta\u0144c\u00f3w-\u015al.-w-Zgorzelcu.jpg\"><img loading=\"lazy\" decoding=\"async\" class=\"aligncenter wp-image-4861\" title=\"pie\u0144 pierwszego d\u0119bu - ul. Powsta\u0144c\u00f3w \u015al. w Zgorzelcu\" src=\"https:\/\/www.pomniki-przyrody.pl\/wp-content\/uploads\/2013\/11\/pie\u0144-pierwszego-d\u0119bu-ul.-Powsta\u0144c\u00f3w-\u015al.-w-Zgorzelcu-768x1024.jpg\" alt=\"\" width=\"584\" height=\"778\" srcset=\"https:\/\/www.pomniki-przyrody.pl\/wp-content\/uploads\/2013\/11\/pie\u0144-pierwszego-d\u0119bu-ul.-Powsta\u0144c\u00f3w-\u015al.-w-Zgorzelcu-768x1024.jpg 768w, https:\/\/www.pomniki-przyrody.pl\/wp-content\/uploads\/2013\/11\/pie\u0144-pierwszego-d\u0119bu-ul.-Powsta\u0144c\u00f3w-\u015al.-w-Zgorzelcu-225x300.jpg 225w, https:\/\/www.pomniki-przyrody.pl\/wp-content\/uploads\/2013\/11\/pie\u0144-pierwszego-d\u0119bu-ul.-Powsta\u0144c\u00f3w-\u015al.-w-Zgorzelcu.jpg 900w\" sizes=\"auto, (max-width: 584px) 100vw, 584px\" \/><\/a><a href=\"https:\/\/www.pomniki-przyrody.pl\/wp-content\/uploads\/2013\/11\/pie\u0144-drugiego-d\u0119bu-ul.-Powsta\u0144c\u00f3w-\u015al.-w-Zgorzelcu.jpg\"><img loading=\"lazy\" decoding=\"async\" class=\"aligncenter wp-image-4859\" title=\"pie\u0144 drugiego d\u0119bu - ul. Powsta\u0144c\u00f3w \u015al. w Zgorzelcu\" src=\"https:\/\/www.pomniki-przyrody.pl\/wp-content\/uploads\/2013\/11\/pie\u0144-drugiego-d\u0119bu-ul.-Powsta\u0144c\u00f3w-\u015al.-w-Zgorzelcu-767x1024.jpg\" alt=\"\" width=\"584\" height=\"779\" srcset=\"https:\/\/www.pomniki-przyrody.pl\/wp-content\/uploads\/2013\/11\/pie\u0144-drugiego-d\u0119bu-ul.-Powsta\u0144c\u00f3w-\u015al.-w-Zgorzelcu-767x1024.jpg 767w, https:\/\/www.pomniki-przyrody.pl\/wp-content\/uploads\/2013\/11\/pie\u0144-drugiego-d\u0119bu-ul.-Powsta\u0144c\u00f3w-\u015al.-w-Zgorzelcu-224x300.jpg 224w, https:\/\/www.pomniki-przyrody.pl\/wp-content\/uploads\/2013\/11\/pie\u0144-drugiego-d\u0119bu-ul.-Powsta\u0144c\u00f3w-\u015al.-w-Zgorzelcu.jpg 800w\" sizes=\"auto, (max-width: 584px) 100vw, 584px\" \/><\/a><\/p>\n<p style=\"text-align: left;\">Mijamy przejazd kolejowy i znajdujemy si\u0119 w dzielnicy Ujazd &#8211; dawnej wsi przy\u0142\u0105czonej do Zgorzelca. 150 m od tor\u00f3w odchodzi w lewo ul. \u015aw. Jana, na pocz\u0105tku kt\u00f3rej ro\u015bnie grupa 3 pomnikowych d\u0119b\u00f3w szypu\u0142kowych.<\/p>\n<p style=\"text-align: left;\"><span style=\"color: #ff0000;\">01.12.2017 r. Uchwa\u0142\u0105 nr\u00a0311\/2017 Rady Miasta Zgorzelec\u00a0z dnia 28 listopada 2017 r pozbawiono ochrony pomnikowej najgrubszy d\u0105b o obwodzie 385 cm, tym samym zmniejszono do dw\u00f3ch liczb\u0119 drzew w grupowym pomniku przyrody.<\/span><\/p>\n<p style=\"text-align: left;\">GPS\u00a0N 51\u00b008\u203218.86\u2033 , E 15\u00b000\u203225.94\u2033<\/p>\n<p style=\"text-align: center;\"><a href=\"https:\/\/www.pomniki-przyrody.pl\/wp-content\/uploads\/2013\/11\/pomnikowe-d\u0119by-ul.-\u015aw.-Jana-w-Zgorzelcu.jpg\"><img loading=\"lazy\" decoding=\"async\" class=\"aligncenter wp-image-4868\" title=\"pomnikowe d\u0119by - ul. \u015aw. Jana w Zgorzelcu\" src=\"https:\/\/www.pomniki-przyrody.pl\/wp-content\/uploads\/2013\/11\/pomnikowe-d\u0119by-ul.-\u015aw.-Jana-w-Zgorzelcu-1024x837.jpg\" alt=\"\" width=\"584\" height=\"477\" srcset=\"https:\/\/www.pomniki-przyrody.pl\/wp-content\/uploads\/2013\/11\/pomnikowe-d\u0119by-ul.-\u015aw.-Jana-w-Zgorzelcu-1024x837.jpg 1024w, https:\/\/www.pomniki-przyrody.pl\/wp-content\/uploads\/2013\/11\/pomnikowe-d\u0119by-ul.-\u015aw.-Jana-w-Zgorzelcu-300x245.jpg 300w, https:\/\/www.pomniki-przyrody.pl\/wp-content\/uploads\/2013\/11\/pomnikowe-d\u0119by-ul.-\u015aw.-Jana-w-Zgorzelcu-366x300.jpg 366w, https:\/\/www.pomniki-przyrody.pl\/wp-content\/uploads\/2013\/11\/pomnikowe-d\u0119by-ul.-\u015aw.-Jana-w-Zgorzelcu.jpg 1075w\" sizes=\"auto, (max-width: 584px) 100vw, 584px\" \/><\/a><a href=\"https:\/\/www.pomniki-przyrody.pl\/wp-content\/uploads\/2013\/11\/pomnikowe-d\u0119by-przy-ul.-\u015aw.-Jana-w-Zgorzelcu.jpg\"><img loading=\"lazy\" decoding=\"async\" class=\"aligncenter wp-image-4871\" title=\"pomnikowe d\u0119by przy ul. \u015aw. Jana w Zgorzelcu\" src=\"https:\/\/www.pomniki-przyrody.pl\/wp-content\/uploads\/2013\/11\/pomnikowe-d\u0119by-przy-ul.-\u015aw.-Jana-w-Zgorzelcu-1024x768.jpg\" alt=\"\" width=\"584\" height=\"438\" srcset=\"https:\/\/www.pomniki-przyrody.pl\/wp-content\/uploads\/2013\/11\/pomnikowe-d\u0119by-przy-ul.-\u015aw.-Jana-w-Zgorzelcu-1024x768.jpg 1024w, https:\/\/www.pomniki-przyrody.pl\/wp-content\/uploads\/2013\/11\/pomnikowe-d\u0119by-przy-ul.-\u015aw.-Jana-w-Zgorzelcu-300x225.jpg 300w, https:\/\/www.pomniki-przyrody.pl\/wp-content\/uploads\/2013\/11\/pomnikowe-d\u0119by-przy-ul.-\u015aw.-Jana-w-Zgorzelcu-400x300.jpg 400w, https:\/\/www.pomniki-przyrody.pl\/wp-content\/uploads\/2013\/11\/pomnikowe-d\u0119by-przy-ul.-\u015aw.-Jana-w-Zgorzelcu.jpg 1200w\" sizes=\"auto, (max-width: 584px) 100vw, 584px\" \/><\/a><a href=\"https:\/\/www.pomniki-przyrody.pl\/wp-content\/uploads\/2013\/11\/grupa-3-pomnikowych-d\u0119b\u00f3w-ul.-\u015aw.-Jana-w-Zgorzelcu.jpg\"><img loading=\"lazy\" decoding=\"async\" class=\"aligncenter wp-image-4858\" title=\"grupa 3 pomnikowych d\u0119b\u00f3w - ul. \u015aw. Jana w Zgorzelcu\" src=\"https:\/\/www.pomniki-przyrody.pl\/wp-content\/uploads\/2013\/11\/grupa-3-pomnikowych-d\u0119b\u00f3w-ul.-\u015aw.-Jana-w-Zgorzelcu-1024x768.jpg\" alt=\"\" width=\"584\" height=\"438\" srcset=\"https:\/\/www.pomniki-przyrody.pl\/wp-content\/uploads\/2013\/11\/grupa-3-pomnikowych-d\u0119b\u00f3w-ul.-\u015aw.-Jana-w-Zgorzelcu-1024x768.jpg 1024w, https:\/\/www.pomniki-przyrody.pl\/wp-content\/uploads\/2013\/11\/grupa-3-pomnikowych-d\u0119b\u00f3w-ul.-\u015aw.-Jana-w-Zgorzelcu-300x225.jpg 300w, https:\/\/www.pomniki-przyrody.pl\/wp-content\/uploads\/2013\/11\/grupa-3-pomnikowych-d\u0119b\u00f3w-ul.-\u015aw.-Jana-w-Zgorzelcu-400x300.jpg 400w, https:\/\/www.pomniki-przyrody.pl\/wp-content\/uploads\/2013\/11\/grupa-3-pomnikowych-d\u0119b\u00f3w-ul.-\u015aw.-Jana-w-Zgorzelcu.jpg 1200w\" sizes=\"auto, (max-width: 584px) 100vw, 584px\" \/><\/a><\/p>\n<p style=\"text-align: left;\">Obw\u00f3d okaz\u00f3w wynosi\u00a0260, 267, 382 cm, wysoko\u015b\u0107 20 &#8211; 22 metry. Wszystkie oznakowano tabliczkami.<\/p>\n<p style=\"text-align: center;\"><a href=\"https:\/\/www.pomniki-przyrody.pl\/wp-content\/uploads\/2013\/11\/pie\u0144-pierwszego-pomnikowego-d\u0119bu-ul.-\u015aw.-Jana-w-Zgorzelcu.jpg\"><img loading=\"lazy\" decoding=\"async\" class=\"aligncenter wp-image-4862\" title=\"pie\u0144 pierwszego pomnikowego d\u0119bu - ul. \u015aw. Jana w Zgorzelcu\" src=\"https:\/\/www.pomniki-przyrody.pl\/wp-content\/uploads\/2013\/11\/pie\u0144-pierwszego-pomnikowego-d\u0119bu-ul.-\u015aw.-Jana-w-Zgorzelcu-767x1024.jpg\" alt=\"\" width=\"584\" height=\"779\" srcset=\"https:\/\/www.pomniki-przyrody.pl\/wp-content\/uploads\/2013\/11\/pie\u0144-pierwszego-pomnikowego-d\u0119bu-ul.-\u015aw.-Jana-w-Zgorzelcu-767x1024.jpg 767w, https:\/\/www.pomniki-przyrody.pl\/wp-content\/uploads\/2013\/11\/pie\u0144-pierwszego-pomnikowego-d\u0119bu-ul.-\u015aw.-Jana-w-Zgorzelcu-224x300.jpg 224w, https:\/\/www.pomniki-przyrody.pl\/wp-content\/uploads\/2013\/11\/pie\u0144-pierwszego-pomnikowego-d\u0119bu-ul.-\u015aw.-Jana-w-Zgorzelcu.jpg 800w\" sizes=\"auto, (max-width: 584px) 100vw, 584px\" \/><\/a><a href=\"https:\/\/www.pomniki-przyrody.pl\/wp-content\/uploads\/2013\/11\/pie\u0144-drugiego-pomnikowego-d\u0119bu-ul.-\u015aw.-Jana-w-Zgorzelcu.jpg\"><img loading=\"lazy\" decoding=\"async\" class=\"aligncenter wp-image-4860\" title=\"pie\u0144 drugiego pomnikowego d\u0119bu - ul. \u015aw. Jana w Zgorzelcu\" src=\"https:\/\/www.pomniki-przyrody.pl\/wp-content\/uploads\/2013\/11\/pie\u0144-drugiego-pomnikowego-d\u0119bu-ul.-\u015aw.-Jana-w-Zgorzelcu-767x1024.jpg\" alt=\"\" width=\"584\" height=\"779\" srcset=\"https:\/\/www.pomniki-przyrody.pl\/wp-content\/uploads\/2013\/11\/pie\u0144-drugiego-pomnikowego-d\u0119bu-ul.-\u015aw.-Jana-w-Zgorzelcu-767x1024.jpg 767w, https:\/\/www.pomniki-przyrody.pl\/wp-content\/uploads\/2013\/11\/pie\u0144-drugiego-pomnikowego-d\u0119bu-ul.-\u015aw.-Jana-w-Zgorzelcu-224x300.jpg 224w, https:\/\/www.pomniki-przyrody.pl\/wp-content\/uploads\/2013\/11\/pie\u0144-drugiego-pomnikowego-d\u0119bu-ul.-\u015aw.-Jana-w-Zgorzelcu.jpg 800w\" sizes=\"auto, (max-width: 584px) 100vw, 584px\" \/><\/a><a href=\"https:\/\/www.pomniki-przyrody.pl\/wp-content\/uploads\/2013\/11\/pie\u0144-trzeciego-pomnikowego-d\u0119bu-ul.-\u015aw.-Jana-w-Zgorzelcu.jpg\"><img loading=\"lazy\" decoding=\"async\" class=\"aligncenter wp-image-4865\" title=\"pie\u0144 trzeciego pomnikowego d\u0119bu - ul. \u015aw. Jana w Zgorzelcu\" src=\"https:\/\/www.pomniki-przyrody.pl\/wp-content\/uploads\/2013\/11\/pie\u0144-trzeciego-pomnikowego-d\u0119bu-ul.-\u015aw.-Jana-w-Zgorzelcu-767x1024.jpg\" alt=\"\" width=\"584\" height=\"779\" srcset=\"https:\/\/www.pomniki-przyrody.pl\/wp-content\/uploads\/2013\/11\/pie\u0144-trzeciego-pomnikowego-d\u0119bu-ul.-\u015aw.-Jana-w-Zgorzelcu-767x1024.jpg 767w, https:\/\/www.pomniki-przyrody.pl\/wp-content\/uploads\/2013\/11\/pie\u0144-trzeciego-pomnikowego-d\u0119bu-ul.-\u015aw.-Jana-w-Zgorzelcu-224x300.jpg 224w, https:\/\/www.pomniki-przyrody.pl\/wp-content\/uploads\/2013\/11\/pie\u0144-trzeciego-pomnikowego-d\u0119bu-ul.-\u015aw.-Jana-w-Zgorzelcu.jpg 800w\" sizes=\"auto, (max-width: 584px) 100vw, 584px\" \/><\/a><\/p>\n<p style=\"text-align: left;\">W niewielkim w\u0105wozie przy ulicy Francuskiej znajduje si\u0119 grupa pomnikowych buk\u00f3w pospolitych. Drzew niestety nie oznakowano tabliczkami, wi\u0119c mo\u017cna si\u0119 tylko domy\u015bla\u0107 \u017ce chodzi o te najgrubsze o obwodach\u00a0253, 297, 317 i wysoko\u015bci 21 &#8211; 25 m.<\/p>\n<p style=\"text-align: left;\">GPS\u00a0N 51\u00b008\u203216.79\u2033 , E 15\u00b000\u203221.64\u2033<\/p>\n<p style=\"text-align: center;\"><a href=\"https:\/\/www.pomniki-przyrody.pl\/wp-content\/uploads\/2013\/11\/pomnikowe-buki-rosn\u0105ce-w-w\u0105wozie-przy-ul.-Francuskiej-w-Zgorzelcu.jpg\"><img loading=\"lazy\" decoding=\"async\" class=\"aligncenter wp-image-4867\" title=\"pomnikowe buki rosn\u0105ce w w\u0105wozie przy ul. Francuskiej w Zgorzelcu\" src=\"https:\/\/www.pomniki-przyrody.pl\/wp-content\/uploads\/2013\/11\/pomnikowe-buki-rosn\u0105ce-w-w\u0105wozie-przy-ul.-Francuskiej-w-Zgorzelcu-768x1024.jpg\" alt=\"\" width=\"584\" height=\"778\" srcset=\"https:\/\/www.pomniki-przyrody.pl\/wp-content\/uploads\/2013\/11\/pomnikowe-buki-rosn\u0105ce-w-w\u0105wozie-przy-ul.-Francuskiej-w-Zgorzelcu-768x1024.jpg 768w, https:\/\/www.pomniki-przyrody.pl\/wp-content\/uploads\/2013\/11\/pomnikowe-buki-rosn\u0105ce-w-w\u0105wozie-przy-ul.-Francuskiej-w-Zgorzelcu-225x300.jpg 225w, https:\/\/www.pomniki-przyrody.pl\/wp-content\/uploads\/2013\/11\/pomnikowe-buki-rosn\u0105ce-w-w\u0105wozie-przy-ul.-Francuskiej-w-Zgorzelcu.jpg 900w\" sizes=\"auto, (max-width: 584px) 100vw, 584px\" \/><\/a><a href=\"https:\/\/www.pomniki-przyrody.pl\/wp-content\/uploads\/2013\/11\/pomnikowe-buki-w\u0105w\u00f3z-przy-ul.-Francuskiej-w-Zgorzelcu.jpg\"><img loading=\"lazy\" decoding=\"async\" class=\"aligncenter wp-image-4866\" title=\"pomnikowe buki - w\u0105w\u00f3z przy ul. Francuskiej w Zgorzelcu\" src=\"https:\/\/www.pomniki-przyrody.pl\/wp-content\/uploads\/2013\/11\/pomnikowe-buki-w\u0105w\u00f3z-przy-ul.-Francuskiej-w-Zgorzelcu-1024x768.jpg\" alt=\"\" width=\"584\" height=\"438\" srcset=\"https:\/\/www.pomniki-przyrody.pl\/wp-content\/uploads\/2013\/11\/pomnikowe-buki-w\u0105w\u00f3z-przy-ul.-Francuskiej-w-Zgorzelcu-1024x768.jpg 1024w, https:\/\/www.pomniki-przyrody.pl\/wp-content\/uploads\/2013\/11\/pomnikowe-buki-w\u0105w\u00f3z-przy-ul.-Francuskiej-w-Zgorzelcu-300x225.jpg 300w, https:\/\/www.pomniki-przyrody.pl\/wp-content\/uploads\/2013\/11\/pomnikowe-buki-w\u0105w\u00f3z-przy-ul.-Francuskiej-w-Zgorzelcu-400x300.jpg 400w, https:\/\/www.pomniki-przyrody.pl\/wp-content\/uploads\/2013\/11\/pomnikowe-buki-w\u0105w\u00f3z-przy-ul.-Francuskiej-w-Zgorzelcu.jpg 1200w\" sizes=\"auto, (max-width: 584px) 100vw, 584px\" \/><\/a><\/p>\n<p style=\"text-align: center;\"><a href=\"https:\/\/www.pomniki-przyrody.pl\/wp-content\/uploads\/2013\/11\/buki-w-w\u0105wozie-przy-ul.-Francuskiej.jpg\"><img loading=\"lazy\" decoding=\"async\" class=\"aligncenter wp-image-4878\" title=\"buki w w\u0105wozie przy ul. Francuskiej\" src=\"https:\/\/www.pomniki-przyrody.pl\/wp-content\/uploads\/2013\/11\/buki-w-w\u0105wozie-przy-ul.-Francuskiej-1024x788.jpg\" alt=\"\" width=\"584\" height=\"449\" srcset=\"https:\/\/www.pomniki-przyrody.pl\/wp-content\/uploads\/2013\/11\/buki-w-w\u0105wozie-przy-ul.-Francuskiej-1024x788.jpg 1024w, https:\/\/www.pomniki-przyrody.pl\/wp-content\/uploads\/2013\/11\/buki-w-w\u0105wozie-przy-ul.-Francuskiej-300x230.jpg 300w, https:\/\/www.pomniki-przyrody.pl\/wp-content\/uploads\/2013\/11\/buki-w-w\u0105wozie-przy-ul.-Francuskiej-389x300.jpg 389w, https:\/\/www.pomniki-przyrody.pl\/wp-content\/uploads\/2013\/11\/buki-w-w\u0105wozie-przy-ul.-Francuskiej.jpg 1147w\" sizes=\"auto, (max-width: 584px) 100vw, 584px\" \/><\/a><\/p>\n<p style=\"text-align: left;\">Na lewym brzegu Czerwonej Wody, na ty\u0142ach posesji przy ul. Francuskiej nr 37 i 41 a (stacja diagnostyczna), ro\u015bnie pomnikowy d\u0105b szypu\u0142kowy o obwodzie 397 cm. Teren wok\u00f3\u0142 drzewa jest mocno zaro\u015bni\u0119ty i nawet po sezonie wegetacyjnym trudno o dobre zdj\u0119cie.<\/p>\n<p style=\"text-align: left;\">GPS\u00a0N 51\u00b008\u203205.27\u2033 , E 15\u00b000\u203213.94\u2033<\/p>\n<p style=\"text-align: center;\"><a href=\"https:\/\/www.pomniki-przyrody.pl\/wp-content\/uploads\/2013\/11\/pomnikowy-d\u0105b-przy-Francuskiej-15-w-Zgorzelcu.jpg\"><img loading=\"lazy\" decoding=\"async\" class=\"aligncenter wp-image-4872\" title=\"pomnikowy d\u0105b przy Francuskiej 37 w Zgorzelcu\" src=\"https:\/\/www.pomniki-przyrody.pl\/wp-content\/uploads\/2013\/11\/pomnikowy-d\u0105b-przy-Francuskiej-15-w-Zgorzelcu-1024x768.jpg\" alt=\"\" width=\"584\" height=\"438\" srcset=\"https:\/\/www.pomniki-przyrody.pl\/wp-content\/uploads\/2013\/11\/pomnikowy-d\u0105b-przy-Francuskiej-15-w-Zgorzelcu-1024x768.jpg 1024w, https:\/\/www.pomniki-przyrody.pl\/wp-content\/uploads\/2013\/11\/pomnikowy-d\u0105b-przy-Francuskiej-15-w-Zgorzelcu-300x224.jpg 300w, https:\/\/www.pomniki-przyrody.pl\/wp-content\/uploads\/2013\/11\/pomnikowy-d\u0105b-przy-Francuskiej-15-w-Zgorzelcu-400x300.jpg 400w, https:\/\/www.pomniki-przyrody.pl\/wp-content\/uploads\/2013\/11\/pomnikowy-d\u0105b-przy-Francuskiej-15-w-Zgorzelcu.jpg 1100w\" sizes=\"auto, (max-width: 584px) 100vw, 584px\" \/><\/a><a href=\"https:\/\/www.pomniki-przyrody.pl\/wp-content\/uploads\/2013\/11\/pie\u0144-pomnikowego-d\u0119bu-na-ty\u0142ach-posesji-Francuska-15.jpg\"><img loading=\"lazy\" decoding=\"async\" class=\"aligncenter wp-image-4863\" title=\"pie\u0144 pomnikowego d\u0119bu na ty\u0142ach posesji Francuska 41 a\" src=\"https:\/\/www.pomniki-przyrody.pl\/wp-content\/uploads\/2013\/11\/pie\u0144-pomnikowego-d\u0119bu-na-ty\u0142ach-posesji-Francuska-15-767x1024.jpg\" alt=\"\" width=\"584\" height=\"779\" srcset=\"https:\/\/www.pomniki-przyrody.pl\/wp-content\/uploads\/2013\/11\/pie\u0144-pomnikowego-d\u0119bu-na-ty\u0142ach-posesji-Francuska-15-767x1024.jpg 767w, https:\/\/www.pomniki-przyrody.pl\/wp-content\/uploads\/2013\/11\/pie\u0144-pomnikowego-d\u0119bu-na-ty\u0142ach-posesji-Francuska-15-224x300.jpg 224w, https:\/\/www.pomniki-przyrody.pl\/wp-content\/uploads\/2013\/11\/pie\u0144-pomnikowego-d\u0119bu-na-ty\u0142ach-posesji-Francuska-15.jpg 800w\" sizes=\"auto, (max-width: 584px) 100vw, 584px\" \/><\/a><\/p>\n<p style=\"text-align: left;\">W\u0119druj\u0105c dalej \u015bcie\u017ck\u0105 w d\u00f3\u0142 biegu Czerwonej Wody, dojdziemy do uroczego mostku kt\u00f3rym przeprawimy si\u0119 na drugi brzeg. Tam przy samym uj\u015bciu Czerwonej Wody do Nysy \u0141u\u017cyckiej ro\u015bnie pi\u0119kny d\u0105b szypu\u0142kowy o obwodzie 394 cm i wysoko\u015bci 26 m.<\/p>\n<p style=\"text-align: left;\">GPS\u00a0N 51\u00b008\u203209.81\u2033 , E 14\u00b059\u203246.67\u2033<\/p>\n<p style=\"text-align: center;\"><a href=\"https:\/\/www.pomniki-przyrody.pl\/wp-content\/uploads\/2013\/11\/pomnikowy-d\u0105b-przy-uj\u015bciu-Czerwonej-Wody-do-Nysy-\u0141u\u017cyckiej.jpg\"><img loading=\"lazy\" decoding=\"async\" class=\"aligncenter wp-image-4873\" title=\"pomnikowy d\u0105b przy uj\u015bciu Czerwonej Wody do Nysy \u0141u\u017cyckiej\" src=\"https:\/\/www.pomniki-przyrody.pl\/wp-content\/uploads\/2013\/11\/pomnikowy-d\u0105b-przy-uj\u015bciu-Czerwonej-Wody-do-Nysy-\u0141u\u017cyckiej-705x1024.jpg\" alt=\"\" width=\"584\" height=\"848\" srcset=\"https:\/\/www.pomniki-przyrody.pl\/wp-content\/uploads\/2013\/11\/pomnikowy-d\u0105b-przy-uj\u015bciu-Czerwonej-Wody-do-Nysy-\u0141u\u017cyckiej-705x1024.jpg 705w, https:\/\/www.pomniki-przyrody.pl\/wp-content\/uploads\/2013\/11\/pomnikowy-d\u0105b-przy-uj\u015bciu-Czerwonej-Wody-do-Nysy-\u0141u\u017cyckiej-206x300.jpg 206w, https:\/\/www.pomniki-przyrody.pl\/wp-content\/uploads\/2013\/11\/pomnikowy-d\u0105b-przy-uj\u015bciu-Czerwonej-Wody-do-Nysy-\u0141u\u017cyckiej.jpg 822w\" sizes=\"auto, (max-width: 584px) 100vw, 584px\" \/><\/a><a href=\"https:\/\/www.pomniki-przyrody.pl\/wp-content\/uploads\/2013\/11\/pie\u0144-pomnikowego-d\u0119bu-przy-uj\u015bciu-Czerwonej-Wody-do-Nysy-\u0141u\u017cyckiej.jpg\"><img loading=\"lazy\" decoding=\"async\" class=\"aligncenter wp-image-4864\" title=\"pie\u0144 pomnikowego d\u0119bu przy uj\u015bciu Czerwonej Wody do Nysy \u0141u\u017cyckiej\" src=\"https:\/\/www.pomniki-przyrody.pl\/wp-content\/uploads\/2013\/11\/pie\u0144-pomnikowego-d\u0119bu-przy-uj\u015bciu-Czerwonej-Wody-do-Nysy-\u0141u\u017cyckiej.jpg\" alt=\"\" width=\"1000\" height=\"750\" srcset=\"https:\/\/www.pomniki-przyrody.pl\/wp-content\/uploads\/2013\/11\/pie\u0144-pomnikowego-d\u0119bu-przy-uj\u015bciu-Czerwonej-Wody-do-Nysy-\u0141u\u017cyckiej.jpg 1000w, https:\/\/www.pomniki-przyrody.pl\/wp-content\/uploads\/2013\/11\/pie\u0144-pomnikowego-d\u0119bu-przy-uj\u015bciu-Czerwonej-Wody-do-Nysy-\u0141u\u017cyckiej-300x225.jpg 300w, https:\/\/www.pomniki-przyrody.pl\/wp-content\/uploads\/2013\/11\/pie\u0144-pomnikowego-d\u0119bu-przy-uj\u015bciu-Czerwonej-Wody-do-Nysy-\u0141u\u017cyckiej-400x300.jpg 400w\" sizes=\"auto, (max-width: 1000px) 100vw, 1000px\" \/><\/a><\/p>\n<p style=\"text-align: left;\">Wiele ciekawych drzew o statusie pomnik\u00f3w przyrody ro\u015bnie na terenie gminy wiejskiej Zgorzelec. Zosta\u0142y one zestawione w artykule &#8222;<a href=\"https:\/\/www.pomniki-przyrody.pl\/?p=3608\"><span style=\"color: #0000ff;\">Pomniki przyrody w gminie Zgorzelec<\/span><\/a>&#8222;.<\/p>\n","protected":false},"excerpt":{"rendered":"<p>Drug\u0105 cz\u0119\u015b\u0107 w\u0119dr\u00f3wki po zgorzeleckich pomnikach przyrody rozpoczniemy na ul. Powsta\u0144c\u00f3w \u015alaskich (pierwsza cz\u0119\u015b\u0107 tutaj). Przy drodze, na wysoko\u015bci Zespo\u0142u Szk\u00f3\u0142 Licealnych i Zawodowych ro\u015bnie grupa 3 okaza\u0142ych d\u0119b\u00f3w, z kt\u00f3rych dwa zyska\u0142y ochron\u0119 pomnikow\u0105. GPS\u00a0N 51\u00b008\u203230.86\u2033 , E 15\u00b000\u203227.14\u2033 &hellip; <a href=\"https:\/\/www.pomniki-przyrody.pl\/?p=4857\">Czytaj dalej <span class=\"meta-nav\">&rarr;<\/span><\/a><\/p>\n","protected":false},"author":2,"featured_media":0,"comment_status":"open","ping_status":"open","sticky":false,"template":"","format":"standard","meta":{"footnotes":""},"categories":[1],"tags":[92,318,473,763],"class_list":["post-4857","post","type-post","status-publish","format-standard","hentry","category-przyroda-ozywiona","tag-pomnikowe-buki","tag-pomnikowe-deby","tag-zgorzelec","tag-zgorzelec-francuska"],"_links":{"self":[{"href":"https:\/\/www.pomniki-przyrody.pl\/index.php?rest_route=\/wp\/v2\/posts\/4857","targetHints":{"allow":["GET"]}}],"collection":[{"href":"https:\/\/www.pomniki-przyrody.pl\/index.php?rest_route=\/wp\/v2\/posts"}],"about":[{"href":"https:\/\/www.pomniki-przyrody.pl\/index.php?rest_route=\/wp\/v2\/types\/post"}],"author":[{"embeddable":true,"href":"https:\/\/www.pomniki-przyrody.pl\/index.php?rest_route=\/wp\/v2\/users\/2"}],"replies":[{"embeddable":true,"href":"https:\/\/www.pomniki-przyrody.pl\/index.php?rest_route=%2Fwp%2Fv2%2Fcomments&post=4857"}],"version-history":[{"count":2,"href":"https:\/\/www.pomniki-przyrody.pl\/index.php?rest_route=\/wp\/v2\/posts\/4857\/revisions"}],"predecessor-version":[{"id":12064,"href":"https:\/\/www.pomniki-przyrody.pl\/index.php?rest_route=\/wp\/v2\/posts\/4857\/revisions\/12064"}],"wp:attachment":[{"href":"https:\/\/www.pomniki-przyrody.pl\/index.php?rest_route=%2Fwp%2Fv2%2Fmedia&parent=4857"}],"wp:term":[{"taxonomy":"category","embeddable":true,"href":"https:\/\/www.pomniki-przyrody.pl\/index.php?rest_route=%2Fwp%2Fv2%2Fcategories&post=4857"},{"taxonomy":"post_tag","embeddable":true,"href":"https:\/\/www.pomniki-przyrody.pl\/index.php?rest_route=%2Fwp%2Fv2%2Ftags&post=4857"}],"curies":[{"name":"wp","href":"https:\/\/api.w.org\/{rel}","templated":true}]}}