{"id":5028,"date":"2013-12-18T23:32:49","date_gmt":"2013-12-18T22:32:49","guid":{"rendered":"http:\/\/www.pomniki-przyrody.pl\/?p=5028"},"modified":"2013-12-19T18:47:53","modified_gmt":"2013-12-19T17:47:53","slug":"pomnikowe-drzewa-przy-ii-lo-w-legnicy","status":"publish","type":"post","link":"https:\/\/www.pomniki-przyrody.pl\/?p=5028","title":{"rendered":"Pomnikowe drzewa przy II LO w Legnicy."},"content":{"rendered":"<p style=\"text-align: left;\"><b>II Liceum Og\u00f3lnokszta\u0142c\u0105ce im. Stanis\u0142awa Wyspia\u0144skiego w Legnicy<\/b>\u00a0jest\u00a0jedn\u0105 z najstarszych szk\u00f3\u0142 w tym mie\u015bcie. Zosta\u0142a za\u0142o\u017cona w 1948 r.\u00a0w budynku w kt\u00f3rym przed II wojn\u0105 \u015bwiatow\u0105 r\u00f3wnie\u017c mie\u015bci\u0142a si\u0119 plac\u00f3wka o\u015bwiatowa. Liceum po\u0142o\u017cone jest w centrum Legnicy, przy ulicy Zielonej 17.<a href=\"https:\/\/www.pomniki-przyrody.pl\/wp-content\/uploads\/2013\/12\/budynek-II-LO-w-Legnicy.jpg\"><img loading=\"lazy\" decoding=\"async\" class=\"aligncenter  wp-image-5029\" title=\"budynek II LO w Legnicy\" alt=\"\" src=\"https:\/\/www.pomniki-przyrody.pl\/wp-content\/uploads\/2013\/12\/budynek-II-LO-w-Legnicy-1024x593.jpg\" width=\"584\" height=\"338\" srcset=\"https:\/\/www.pomniki-przyrody.pl\/wp-content\/uploads\/2013\/12\/budynek-II-LO-w-Legnicy-1024x593.jpg 1024w, https:\/\/www.pomniki-przyrody.pl\/wp-content\/uploads\/2013\/12\/budynek-II-LO-w-Legnicy-300x173.jpg 300w, https:\/\/www.pomniki-przyrody.pl\/wp-content\/uploads\/2013\/12\/budynek-II-LO-w-Legnicy-500x289.jpg 500w, https:\/\/www.pomniki-przyrody.pl\/wp-content\/uploads\/2013\/12\/budynek-II-LO-w-Legnicy.jpg 1157w\" sizes=\"auto, (max-width: 584px) 100vw, 584px\" \/><\/a><\/p>\n<p style=\"text-align: center;\"><a href=\"https:\/\/www.pomniki-przyrody.pl\/wp-content\/uploads\/2013\/12\/II-Liceum-Og\u00f3lnokszta\u0142c\u0105ce-w-Legnicy.jpg\"><img loading=\"lazy\" decoding=\"async\" class=\"aligncenter  wp-image-5030\" title=\"II Liceum Og\u00f3lnokszta\u0142c\u0105ce w Legnicy\" alt=\"\" src=\"https:\/\/www.pomniki-przyrody.pl\/wp-content\/uploads\/2013\/12\/II-Liceum-Og\u00f3lnokszta\u0142c\u0105ce-w-Legnicy.jpg\" width=\"1000\" height=\"750\" srcset=\"https:\/\/www.pomniki-przyrody.pl\/wp-content\/uploads\/2013\/12\/II-Liceum-Og\u00f3lnokszta\u0142c\u0105ce-w-Legnicy.jpg 1000w, https:\/\/www.pomniki-przyrody.pl\/wp-content\/uploads\/2013\/12\/II-Liceum-Og\u00f3lnokszta\u0142c\u0105ce-w-Legnicy-300x225.jpg 300w, https:\/\/www.pomniki-przyrody.pl\/wp-content\/uploads\/2013\/12\/II-Liceum-Og\u00f3lnokszta\u0142c\u0105ce-w-Legnicy-400x300.jpg 400w\" sizes=\"auto, (max-width: 1000px) 100vw, 1000px\" \/><\/a><\/p>\n<p style=\"text-align: left;\">Na ogrodzonym terenie przyleg\u0142ym do budynku szko\u0142y ro\u015bnie wiele interesuj\u0105cych drzew. Pi\u0119\u0107 z nich decyzj\u0105 Rady Miasta z 1998 r. uznano za pomniki przyrody o\u017cywionej. Niew\u0105tpliwie najbardziej okaza\u0142y w tej grupie jest roz\u0142o\u017cysty platan klonolistny.<a href=\"https:\/\/www.pomniki-przyrody.pl\/wp-content\/uploads\/2013\/12\/pomnikowy-platan-przy-II-LO-w-Legnicy.jpg\"><img loading=\"lazy\" decoding=\"async\" class=\"aligncenter  wp-image-5046\" title=\"pomnikowy platan przy II LO w Legnicy\" alt=\"\" src=\"https:\/\/www.pomniki-przyrody.pl\/wp-content\/uploads\/2013\/12\/pomnikowy-platan-przy-II-LO-w-Legnicy-1024x768.jpg\" width=\"584\" height=\"438\" srcset=\"https:\/\/www.pomniki-przyrody.pl\/wp-content\/uploads\/2013\/12\/pomnikowy-platan-przy-II-LO-w-Legnicy-1024x768.jpg 1024w, https:\/\/www.pomniki-przyrody.pl\/wp-content\/uploads\/2013\/12\/pomnikowy-platan-przy-II-LO-w-Legnicy-300x224.jpg 300w, https:\/\/www.pomniki-przyrody.pl\/wp-content\/uploads\/2013\/12\/pomnikowy-platan-przy-II-LO-w-Legnicy-400x300.jpg 400w, https:\/\/www.pomniki-przyrody.pl\/wp-content\/uploads\/2013\/12\/pomnikowy-platan-przy-II-LO-w-Legnicy.jpg 1100w\" sizes=\"auto, (max-width: 584px) 100vw, 584px\" \/><\/a><a href=\"https:\/\/www.pomniki-przyrody.pl\/wp-content\/uploads\/2013\/12\/pomnikowy-platan-klonolistny-przy-II-LO-w-Legnicy.jpg\"><img loading=\"lazy\" decoding=\"async\" class=\"aligncenter  wp-image-5045\" title=\"pomnikowy platan klonolistny przy II LO w Legnicy\" alt=\"\" src=\"https:\/\/www.pomniki-przyrody.pl\/wp-content\/uploads\/2013\/12\/pomnikowy-platan-klonolistny-przy-II-LO-w-Legnicy-767x1024.jpg\" width=\"584\" height=\"779\" srcset=\"https:\/\/www.pomniki-przyrody.pl\/wp-content\/uploads\/2013\/12\/pomnikowy-platan-klonolistny-przy-II-LO-w-Legnicy-767x1024.jpg 767w, https:\/\/www.pomniki-przyrody.pl\/wp-content\/uploads\/2013\/12\/pomnikowy-platan-klonolistny-przy-II-LO-w-Legnicy-224x300.jpg 224w, https:\/\/www.pomniki-przyrody.pl\/wp-content\/uploads\/2013\/12\/pomnikowy-platan-klonolistny-przy-II-LO-w-Legnicy.jpg 800w\" sizes=\"auto, (max-width: 584px) 100vw, 584px\" \/><\/a><\/p>\n<p style=\"text-align: left;\">Ten pi\u0119kny okaz o roz\u0142o\u017cystej koronie mierzy w obwodzie 455 cm, wysoko\u015b\u0107 drzewa 28.5 m.<a href=\"https:\/\/www.pomniki-przyrody.pl\/wp-content\/uploads\/2013\/12\/pie\u0144-pomnikowego-platana-przy-II-LO-w-Legnicy.jpg\"><img loading=\"lazy\" decoding=\"async\" class=\"aligncenter  wp-image-5038\" title=\"pie\u0144 pomnikowego platana przy II LO w Legnicy\" alt=\"\" src=\"https:\/\/www.pomniki-przyrody.pl\/wp-content\/uploads\/2013\/12\/pie\u0144-pomnikowego-platana-przy-II-LO-w-Legnicy-767x1024.jpg\" width=\"584\" height=\"779\" srcset=\"https:\/\/www.pomniki-przyrody.pl\/wp-content\/uploads\/2013\/12\/pie\u0144-pomnikowego-platana-przy-II-LO-w-Legnicy-767x1024.jpg 767w, https:\/\/www.pomniki-przyrody.pl\/wp-content\/uploads\/2013\/12\/pie\u0144-pomnikowego-platana-przy-II-LO-w-Legnicy-224x300.jpg 224w, https:\/\/www.pomniki-przyrody.pl\/wp-content\/uploads\/2013\/12\/pie\u0144-pomnikowego-platana-przy-II-LO-w-Legnicy.jpg 800w\" sizes=\"auto, (max-width: 584px) 100vw, 584px\" \/><\/a><\/p>\n<p style=\"text-align: left;\">W pobli\u017cu ro\u015bnie pomnikowy klon zwyczajny o obwodzie 320 cm.<a href=\"https:\/\/www.pomniki-przyrody.pl\/wp-content\/uploads\/2013\/12\/pomnikowy-klon-zwyczjny-przy-II-LO-w-Legnicy.jpg\"><img loading=\"lazy\" decoding=\"async\" class=\"aligncenter  wp-image-5043\" title=\"pomnikowy klon zwyczajny przy II LO w Legnicy\" alt=\"\" src=\"https:\/\/www.pomniki-przyrody.pl\/wp-content\/uploads\/2013\/12\/pomnikowy-klon-zwyczjny-przy-II-LO-w-Legnicy-657x1024.jpg\" width=\"584\" height=\"910\" srcset=\"https:\/\/www.pomniki-przyrody.pl\/wp-content\/uploads\/2013\/12\/pomnikowy-klon-zwyczjny-przy-II-LO-w-Legnicy-657x1024.jpg 657w, https:\/\/www.pomniki-przyrody.pl\/wp-content\/uploads\/2013\/12\/pomnikowy-klon-zwyczjny-przy-II-LO-w-Legnicy-192x300.jpg 192w, https:\/\/www.pomniki-przyrody.pl\/wp-content\/uploads\/2013\/12\/pomnikowy-klon-zwyczjny-przy-II-LO-w-Legnicy.jpg 800w\" sizes=\"auto, (max-width: 584px) 100vw, 584px\" \/><\/a><\/p>\n<p style=\"text-align: center;\"><a href=\"https:\/\/www.pomniki-przyrody.pl\/wp-content\/uploads\/2013\/12\/pomnikowy-klon-przy-II-LO-w-Legnicy.jpg\"><img loading=\"lazy\" decoding=\"async\" class=\"aligncenter  wp-image-5042\" title=\"pomnikowy klon przy II LO w Legnicy\" alt=\"\" src=\"https:\/\/www.pomniki-przyrody.pl\/wp-content\/uploads\/2013\/12\/pomnikowy-klon-przy-II-LO-w-Legnicy-767x1024.jpg\" width=\"584\" height=\"779\" srcset=\"https:\/\/www.pomniki-przyrody.pl\/wp-content\/uploads\/2013\/12\/pomnikowy-klon-przy-II-LO-w-Legnicy-767x1024.jpg 767w, https:\/\/www.pomniki-przyrody.pl\/wp-content\/uploads\/2013\/12\/pomnikowy-klon-przy-II-LO-w-Legnicy-224x300.jpg 224w, https:\/\/www.pomniki-przyrody.pl\/wp-content\/uploads\/2013\/12\/pomnikowy-klon-przy-II-LO-w-Legnicy.jpg 800w\" sizes=\"auto, (max-width: 584px) 100vw, 584px\" \/><\/a><\/p>\n<p style=\"text-align: center;\"><a href=\"https:\/\/www.pomniki-przyrody.pl\/wp-content\/uploads\/2013\/12\/pie\u0144-pomnikowego-klonu-przy-II-LO-w-Legnicy.jpg\"><img loading=\"lazy\" decoding=\"async\" class=\"aligncenter  wp-image-5037\" title=\"pie\u0144 pomnikowego klonu przy II LO w Legnicy\" alt=\"\" src=\"https:\/\/www.pomniki-przyrody.pl\/wp-content\/uploads\/2013\/12\/pie\u0144-pomnikowego-klonu-przy-II-LO-w-Legnicy-767x1024.jpg\" width=\"584\" height=\"779\" srcset=\"https:\/\/www.pomniki-przyrody.pl\/wp-content\/uploads\/2013\/12\/pie\u0144-pomnikowego-klonu-przy-II-LO-w-Legnicy-767x1024.jpg 767w, https:\/\/www.pomniki-przyrody.pl\/wp-content\/uploads\/2013\/12\/pie\u0144-pomnikowego-klonu-przy-II-LO-w-Legnicy-224x300.jpg 224w, https:\/\/www.pomniki-przyrody.pl\/wp-content\/uploads\/2013\/12\/pie\u0144-pomnikowego-klonu-przy-II-LO-w-Legnicy.jpg 800w\" sizes=\"auto, (max-width: 584px) 100vw, 584px\" \/><\/a><\/p>\n<p style=\"text-align: left;\">Pomnikowy grab pospolity ro\u015bnie przy p\u0142ocie wzd\u0142u\u017c Alei Or\u0142a Bia\u0142ego.<a href=\"https:\/\/www.pomniki-przyrody.pl\/wp-content\/uploads\/2013\/12\/pomnikowy-grab-pospolity-przy-II-LO-w-Legnicy.jpg\"><img loading=\"lazy\" decoding=\"async\" class=\"aligncenter  wp-image-5041\" title=\"pomnikowy grab pospolity przy II LO w Legnicy\" alt=\"\" src=\"https:\/\/www.pomniki-przyrody.pl\/wp-content\/uploads\/2013\/12\/pomnikowy-grab-pospolity-przy-II-LO-w-Legnicy-767x1024.jpg\" width=\"584\" height=\"779\" srcset=\"https:\/\/www.pomniki-przyrody.pl\/wp-content\/uploads\/2013\/12\/pomnikowy-grab-pospolity-przy-II-LO-w-Legnicy-767x1024.jpg 767w, https:\/\/www.pomniki-przyrody.pl\/wp-content\/uploads\/2013\/12\/pomnikowy-grab-pospolity-przy-II-LO-w-Legnicy-224x300.jpg 224w, https:\/\/www.pomniki-przyrody.pl\/wp-content\/uploads\/2013\/12\/pomnikowy-grab-pospolity-przy-II-LO-w-Legnicy.jpg 800w\" sizes=\"auto, (max-width: 584px) 100vw, 584px\" \/><\/a><\/p>\n<p style=\"text-align: left;\">Drzewo mierzy w pier\u015bnicy 288 cm, wysoko\u015b\u0107 okazu 20 metr\u00f3w.<a href=\"https:\/\/www.pomniki-przyrody.pl\/wp-content\/uploads\/2013\/12\/pie\u0144-pomnikowego-grabu-przy-II-LO-w-Legnicy.jpg\"><img loading=\"lazy\" decoding=\"async\" class=\"aligncenter  wp-image-5036\" title=\"pie\u0144 pomnikowego grabu przy II LO w Legnicy\" alt=\"\" src=\"https:\/\/www.pomniki-przyrody.pl\/wp-content\/uploads\/2013\/12\/pie\u0144-pomnikowego-grabu-przy-II-LO-w-Legnicy-767x1024.jpg\" width=\"584\" height=\"779\" srcset=\"https:\/\/www.pomniki-przyrody.pl\/wp-content\/uploads\/2013\/12\/pie\u0144-pomnikowego-grabu-przy-II-LO-w-Legnicy-767x1024.jpg 767w, https:\/\/www.pomniki-przyrody.pl\/wp-content\/uploads\/2013\/12\/pie\u0144-pomnikowego-grabu-przy-II-LO-w-Legnicy-224x300.jpg 224w, https:\/\/www.pomniki-przyrody.pl\/wp-content\/uploads\/2013\/12\/pie\u0144-pomnikowego-grabu-przy-II-LO-w-Legnicy.jpg 800w\" sizes=\"auto, (max-width: 584px) 100vw, 584px\" \/><\/a><\/p>\n<p>Pomnikowa lipa w\u0119gierska zosta\u0142a posadzona w 1905 r. w setn\u0105 rocznic\u0119 \u015bmierci\u00a0Friedricha von Schillera.\u00a0Sto lat p\u00f3\u017aniej (w dwusetn\u0105 rocznic\u0119) uczniowie szko\u0142y ufundowali pami\u0105tkow\u0105 tablic\u0119. Okaz mierzy w obwodzie 291 cm przy wysoko\u015bci 30 m.<a href=\"https:\/\/www.pomniki-przyrody.pl\/wp-content\/uploads\/2013\/12\/Lipa-Schillera-przy-II-LO-w-Legnicy.jpg\"><br \/>\n<\/a><\/p>\n<p style=\"text-align: left;\"><a href=\"https:\/\/www.pomniki-przyrody.pl\/wp-content\/uploads\/2013\/12\/Lipa-Schillera-przy-II-LO-w-Legnicy.jpg\"><img loading=\"lazy\" decoding=\"async\" class=\"aligncenter  wp-image-5034\" title=\"Lipa Schillera przy II LO w Legnicy\" alt=\"\" src=\"https:\/\/www.pomniki-przyrody.pl\/wp-content\/uploads\/2013\/12\/Lipa-Schillera-przy-II-LO-w-Legnicy-684x1024.jpg\" width=\"584\" height=\"874\" srcset=\"https:\/\/www.pomniki-przyrody.pl\/wp-content\/uploads\/2013\/12\/Lipa-Schillera-przy-II-LO-w-Legnicy-684x1024.jpg 684w, https:\/\/www.pomniki-przyrody.pl\/wp-content\/uploads\/2013\/12\/Lipa-Schillera-przy-II-LO-w-Legnicy-200x300.jpg 200w, https:\/\/www.pomniki-przyrody.pl\/wp-content\/uploads\/2013\/12\/Lipa-Schillera-przy-II-LO-w-Legnicy.jpg 800w\" sizes=\"auto, (max-width: 584px) 100vw, 584px\" \/><\/a><a href=\"https:\/\/www.pomniki-przyrody.pl\/wp-content\/uploads\/2013\/12\/kamie\u0144-przy-Lipie-Schillera-w-Legnicy.jpg\"><img loading=\"lazy\" decoding=\"async\" class=\"aligncenter  wp-image-5031\" title=\"kamie\u0144 przy Lipie Schillera w Legnicy\" alt=\"\" src=\"https:\/\/www.pomniki-przyrody.pl\/wp-content\/uploads\/2013\/12\/kamie\u0144-przy-Lipie-Schillera-w-Legnicy-768x1024.jpg\" width=\"584\" height=\"778\" srcset=\"https:\/\/www.pomniki-przyrody.pl\/wp-content\/uploads\/2013\/12\/kamie\u0144-przy-Lipie-Schillera-w-Legnicy-768x1024.jpg 768w, https:\/\/www.pomniki-przyrody.pl\/wp-content\/uploads\/2013\/12\/kamie\u0144-przy-Lipie-Schillera-w-Legnicy-225x300.jpg 225w, https:\/\/www.pomniki-przyrody.pl\/wp-content\/uploads\/2013\/12\/kamie\u0144-przy-Lipie-Schillera-w-Legnicy.jpg 900w\" sizes=\"auto, (max-width: 584px) 100vw, 584px\" \/><\/a>Obok lipy ro\u015bnie pomnikowy k\u0142\u0119k kanadyjski. To bardzo rzadki gatunek drzewa parkowego, na Dolnym \u015al\u0105sku tylko dwa egzemplarze posiadaj\u0105 status pomnika przyrody (drugi okaz r\u00f3wnie\u017c ro\u015bnie w Legnicy).<a href=\"https:\/\/www.pomniki-przyrody.pl\/wp-content\/uploads\/2013\/12\/pomnikowa-lipa-i-k\u0142\u0119k-kanadyski-przy-II-LO-w-Legnicy.jpg\"><img loading=\"lazy\" decoding=\"async\" class=\"aligncenter  wp-image-5039\" title=\"pomnikowa lipa i k\u0142\u0119k kanadyski przy II LO w Legnicy\" alt=\"\" src=\"https:\/\/www.pomniki-przyrody.pl\/wp-content\/uploads\/2013\/12\/pomnikowa-lipa-i-k\u0142\u0119k-kanadyski-przy-II-LO-w-Legnicy-1024x768.jpg\" width=\"584\" height=\"438\" srcset=\"https:\/\/www.pomniki-przyrody.pl\/wp-content\/uploads\/2013\/12\/pomnikowa-lipa-i-k\u0142\u0119k-kanadyski-przy-II-LO-w-Legnicy-1024x768.jpg 1024w, https:\/\/www.pomniki-przyrody.pl\/wp-content\/uploads\/2013\/12\/pomnikowa-lipa-i-k\u0142\u0119k-kanadyski-przy-II-LO-w-Legnicy-300x225.jpg 300w, https:\/\/www.pomniki-przyrody.pl\/wp-content\/uploads\/2013\/12\/pomnikowa-lipa-i-k\u0142\u0119k-kanadyski-przy-II-LO-w-Legnicy-400x300.jpg 400w, https:\/\/www.pomniki-przyrody.pl\/wp-content\/uploads\/2013\/12\/pomnikowa-lipa-i-k\u0142\u0119k-kanadyski-przy-II-LO-w-Legnicy.jpg 1200w\" sizes=\"auto, (max-width: 584px) 100vw, 584px\" \/><\/a><\/p>\n<p style=\"text-align: center;\"><a href=\"https:\/\/www.pomniki-przyrody.pl\/wp-content\/uploads\/2013\/12\/tablica-na-pomnikowym-k\u0142\u0119ku-kanadyjskim.jpg\"><img loading=\"lazy\" decoding=\"async\" class=\"aligncenter  wp-image-5050\" title=\"tablica na pomnikowym k\u0142\u0119ku kanadyjskim\" alt=\"\" src=\"https:\/\/www.pomniki-przyrody.pl\/wp-content\/uploads\/2013\/12\/tablica-na-pomnikowym-k\u0142\u0119ku-kanadyjskim.jpg\" width=\"800\" height=\"600\" srcset=\"https:\/\/www.pomniki-przyrody.pl\/wp-content\/uploads\/2013\/12\/tablica-na-pomnikowym-k\u0142\u0119ku-kanadyjskim.jpg 800w, https:\/\/www.pomniki-przyrody.pl\/wp-content\/uploads\/2013\/12\/tablica-na-pomnikowym-k\u0142\u0119ku-kanadyjskim-300x225.jpg 300w, https:\/\/www.pomniki-przyrody.pl\/wp-content\/uploads\/2013\/12\/tablica-na-pomnikowym-k\u0142\u0119ku-kanadyjskim-400x300.jpg 400w\" sizes=\"auto, (max-width: 800px) 100vw, 800px\" \/><\/a><a href=\"https:\/\/www.pomniki-przyrody.pl\/wp-content\/uploads\/2013\/12\/pomnikowy-k\u0142\u0119k-kanadyjski-przy-II-LO-w-Legnicy.jpg\"><img loading=\"lazy\" decoding=\"async\" class=\"aligncenter  wp-image-5044\" title=\"pomnikowy k\u0142\u0119k kanadyjski przy II LO w Legnicy\" alt=\"\" src=\"https:\/\/www.pomniki-przyrody.pl\/wp-content\/uploads\/2013\/12\/pomnikowy-k\u0142\u0119k-kanadyjski-przy-II-LO-w-Legnicy-767x1024.jpg\" width=\"584\" height=\"779\" srcset=\"https:\/\/www.pomniki-przyrody.pl\/wp-content\/uploads\/2013\/12\/pomnikowy-k\u0142\u0119k-kanadyjski-przy-II-LO-w-Legnicy-767x1024.jpg 767w, https:\/\/www.pomniki-przyrody.pl\/wp-content\/uploads\/2013\/12\/pomnikowy-k\u0142\u0119k-kanadyjski-przy-II-LO-w-Legnicy-224x300.jpg 224w, https:\/\/www.pomniki-przyrody.pl\/wp-content\/uploads\/2013\/12\/pomnikowy-k\u0142\u0119k-kanadyjski-przy-II-LO-w-Legnicy.jpg 800w\" sizes=\"auto, (max-width: 584px) 100vw, 584px\" \/><\/a><a href=\"https:\/\/www.pomniki-przyrody.pl\/wp-content\/uploads\/2013\/12\/k\u0142\u0119k-kanadyjski-przy-II-LO-w-Legnicy.jpg\"><img loading=\"lazy\" decoding=\"async\" class=\"aligncenter  wp-image-5033\" title=\"k\u0142\u0119k kanadyjski przy II LO w Legnicy\" alt=\"\" src=\"https:\/\/www.pomniki-przyrody.pl\/wp-content\/uploads\/2013\/12\/k\u0142\u0119k-kanadyjski-przy-II-LO-w-Legnicy-697x1024.jpg\" width=\"584\" height=\"857\" srcset=\"https:\/\/www.pomniki-przyrody.pl\/wp-content\/uploads\/2013\/12\/k\u0142\u0119k-kanadyjski-przy-II-LO-w-Legnicy-697x1024.jpg 697w, https:\/\/www.pomniki-przyrody.pl\/wp-content\/uploads\/2013\/12\/k\u0142\u0119k-kanadyjski-przy-II-LO-w-Legnicy-204x300.jpg 204w, https:\/\/www.pomniki-przyrody.pl\/wp-content\/uploads\/2013\/12\/k\u0142\u0119k-kanadyjski-przy-II-LO-w-Legnicy.jpg 780w\" sizes=\"auto, (max-width: 584px) 100vw, 584px\" \/><\/a><\/p>\n<p style=\"text-align: left;\">Drzewo posiada pie\u0144 o obwodzie 215 cm, wysoko\u015b\u0107 okazu 23 metry.<a href=\"https:\/\/www.pomniki-przyrody.pl\/wp-content\/uploads\/2013\/12\/k\u0142\u0119k-kanadyjski-pie\u0144.jpg\"><img loading=\"lazy\" decoding=\"async\" class=\"aligncenter  wp-image-5032\" title=\"k\u0142\u0119k kanadyjski - pie\u0144\" alt=\"\" src=\"https:\/\/www.pomniki-przyrody.pl\/wp-content\/uploads\/2013\/12\/k\u0142\u0119k-kanadyjski-pie\u0144-763x1024.jpg\" width=\"584\" height=\"783\" srcset=\"https:\/\/www.pomniki-przyrody.pl\/wp-content\/uploads\/2013\/12\/k\u0142\u0119k-kanadyjski-pie\u0144-763x1024.jpg 763w, https:\/\/www.pomniki-przyrody.pl\/wp-content\/uploads\/2013\/12\/k\u0142\u0119k-kanadyjski-pie\u0144-223x300.jpg 223w, https:\/\/www.pomniki-przyrody.pl\/wp-content\/uploads\/2013\/12\/k\u0142\u0119k-kanadyjski-pie\u0144.jpg 767w\" sizes=\"auto, (max-width: 584px) 100vw, 584px\" \/><\/a><\/p>\n<p style=\"text-align: left;\">Szeroki wachlarz gatunk\u00f3w reprezentuj\u0105cych to niewielkie za\u0142o\u017cenie parkowe uzupe\u0142niaj\u0105 sosna wejmutka i sosna czarna.<a href=\"https:\/\/www.pomniki-przyrody.pl\/wp-content\/uploads\/2013\/12\/sosna-wejmutka-przy-II-LO-w-Legnicy.jpg\"><img loading=\"lazy\" decoding=\"async\" class=\"aligncenter  wp-image-5049\" title=\"sosna wejmutka przy II LO w Legnicy\" alt=\"\" src=\"https:\/\/www.pomniki-przyrody.pl\/wp-content\/uploads\/2013\/12\/sosna-wejmutka-przy-II-LO-w-Legnicy-678x1024.jpg\" width=\"584\" height=\"882\" srcset=\"https:\/\/www.pomniki-przyrody.pl\/wp-content\/uploads\/2013\/12\/sosna-wejmutka-przy-II-LO-w-Legnicy-678x1024.jpg 678w, https:\/\/www.pomniki-przyrody.pl\/wp-content\/uploads\/2013\/12\/sosna-wejmutka-przy-II-LO-w-Legnicy-198x300.jpg 198w, https:\/\/www.pomniki-przyrody.pl\/wp-content\/uploads\/2013\/12\/sosna-wejmutka-przy-II-LO-w-Legnicy.jpg 800w\" sizes=\"auto, (max-width: 584px) 100vw, 584px\" \/><\/a><a href=\"https:\/\/www.pomniki-przyrody.pl\/wp-content\/uploads\/2013\/12\/sosna-czarna-przy-II-LO-w-Legnicy.jpg\"><img loading=\"lazy\" decoding=\"async\" class=\"aligncenter  wp-image-5051\" title=\"sosna czarna przy II LO w Legnicy\" alt=\"\" src=\"https:\/\/www.pomniki-przyrody.pl\/wp-content\/uploads\/2013\/12\/sosna-czarna-przy-II-LO-w-Legnicy-668x1024.jpg\" width=\"584\" height=\"895\" srcset=\"https:\/\/www.pomniki-przyrody.pl\/wp-content\/uploads\/2013\/12\/sosna-czarna-przy-II-LO-w-Legnicy-668x1024.jpg 668w, https:\/\/www.pomniki-przyrody.pl\/wp-content\/uploads\/2013\/12\/sosna-czarna-przy-II-LO-w-Legnicy-195x300.jpg 195w, https:\/\/www.pomniki-przyrody.pl\/wp-content\/uploads\/2013\/12\/sosna-czarna-przy-II-LO-w-Legnicy.jpg 800w\" sizes=\"auto, (max-width: 584px) 100vw, 584px\" \/><\/a><\/p>\n<p style=\"text-align: left;\">Spore rozmiary osi\u0105gn\u0105\u0142 r\u00f3wnie\u017c rosn\u0105cy przy korcie d\u0105b.<a href=\"https:\/\/www.pomniki-przyrody.pl\/wp-content\/uploads\/2013\/12\/okaza\u0142y-d\u0105b-przy-II-LO-w-Legnicy.jpg\"><img loading=\"lazy\" decoding=\"async\" class=\"aligncenter  wp-image-5035\" title=\"okaza\u0142y d\u0105b przy II LO w Legnicy\" alt=\"\" src=\"https:\/\/www.pomniki-przyrody.pl\/wp-content\/uploads\/2013\/12\/okaza\u0142y-d\u0105b-przy-II-LO-w-Legnicy-767x1024.jpg\" width=\"584\" height=\"779\" srcset=\"https:\/\/www.pomniki-przyrody.pl\/wp-content\/uploads\/2013\/12\/okaza\u0142y-d\u0105b-przy-II-LO-w-Legnicy-767x1024.jpg 767w, https:\/\/www.pomniki-przyrody.pl\/wp-content\/uploads\/2013\/12\/okaza\u0142y-d\u0105b-przy-II-LO-w-Legnicy-224x300.jpg 224w, https:\/\/www.pomniki-przyrody.pl\/wp-content\/uploads\/2013\/12\/okaza\u0142y-d\u0105b-przy-II-LO-w-Legnicy.jpg 800w\" sizes=\"auto, (max-width: 584px) 100vw, 584px\" \/><\/a><\/p>\n<p style=\"text-align: left;\">Przy wej\u015bciu mo\u017cemy podziwia\u0107 wysokie egzemplarze robinii akacjowej.<a href=\"https:\/\/www.pomniki-przyrody.pl\/wp-content\/uploads\/2013\/12\/robinie-akacjowe-przy-II-LO-w-Legnicy.jpg\"><img loading=\"lazy\" decoding=\"async\" class=\"aligncenter  wp-image-5047\" title=\"robinie akacjowe przy II LO w Legnicy\" alt=\"\" src=\"https:\/\/www.pomniki-przyrody.pl\/wp-content\/uploads\/2013\/12\/robinie-akacjowe-przy-II-LO-w-Legnicy-767x1024.jpg\" width=\"584\" height=\"779\" srcset=\"https:\/\/www.pomniki-przyrody.pl\/wp-content\/uploads\/2013\/12\/robinie-akacjowe-przy-II-LO-w-Legnicy-767x1024.jpg 767w, https:\/\/www.pomniki-przyrody.pl\/wp-content\/uploads\/2013\/12\/robinie-akacjowe-przy-II-LO-w-Legnicy-224x300.jpg 224w, https:\/\/www.pomniki-przyrody.pl\/wp-content\/uploads\/2013\/12\/robinie-akacjowe-przy-II-LO-w-Legnicy.jpg 800w\" sizes=\"auto, (max-width: 584px) 100vw, 584px\" \/><\/a><\/p>\n<p>Teren szko\u0142y graniczy z rozleg\u0142ym Parkiem Miejskim, w kt\u00f3rym ro\u015bnie wiele pomnikowych okaz\u00f3w drzew, ale to ju\u017c temat na osobny artyku\u0142.<\/p>\n","protected":false},"excerpt":{"rendered":"<p>II Liceum Og\u00f3lnokszta\u0142c\u0105ce im. Stanis\u0142awa Wyspia\u0144skiego w Legnicy\u00a0jest\u00a0jedn\u0105 z najstarszych szk\u00f3\u0142 w tym mie\u015bcie. Zosta\u0142a za\u0142o\u017cona w 1948 r.\u00a0w budynku w kt\u00f3rym przed II wojn\u0105 \u015bwiatow\u0105 r\u00f3wnie\u017c mie\u015bci\u0142a si\u0119 plac\u00f3wka o\u015bwiatowa. Liceum po\u0142o\u017cone jest w centrum Legnicy, przy ulicy Zielonej &hellip; <a href=\"https:\/\/www.pomniki-przyrody.pl\/?p=5028\">Czytaj dalej <span class=\"meta-nav\">&rarr;<\/span><\/a><\/p>\n","protected":false},"author":2,"featured_media":0,"comment_status":"open","ping_status":"open","sticky":false,"template":"","format":"standard","meta":{"footnotes":""},"categories":[1],"tags":[786,787,706,789,788],"class_list":["post-5028","post","type-post","status-publish","format-standard","hentry","category-przyroda-ozywiona","tag-ii-lo-w-legnicy","tag-klek-kanadyjski","tag-legnica","tag-legnica-ul-zielona","tag-lipa-schillera"],"_links":{"self":[{"href":"https:\/\/www.pomniki-przyrody.pl\/index.php?rest_route=\/wp\/v2\/posts\/5028","targetHints":{"allow":["GET"]}}],"collection":[{"href":"https:\/\/www.pomniki-przyrody.pl\/index.php?rest_route=\/wp\/v2\/posts"}],"about":[{"href":"https:\/\/www.pomniki-przyrody.pl\/index.php?rest_route=\/wp\/v2\/types\/post"}],"author":[{"embeddable":true,"href":"https:\/\/www.pomniki-przyrody.pl\/index.php?rest_route=\/wp\/v2\/users\/2"}],"replies":[{"embeddable":true,"href":"https:\/\/www.pomniki-przyrody.pl\/index.php?rest_route=%2Fwp%2Fv2%2Fcomments&post=5028"}],"version-history":[{"count":0,"href":"https:\/\/www.pomniki-przyrody.pl\/index.php?rest_route=\/wp\/v2\/posts\/5028\/revisions"}],"wp:attachment":[{"href":"https:\/\/www.pomniki-przyrody.pl\/index.php?rest_route=%2Fwp%2Fv2%2Fmedia&parent=5028"}],"wp:term":[{"taxonomy":"category","embeddable":true,"href":"https:\/\/www.pomniki-przyrody.pl\/index.php?rest_route=%2Fwp%2Fv2%2Fcategories&post=5028"},{"taxonomy":"post_tag","embeddable":true,"href":"https:\/\/www.pomniki-przyrody.pl\/index.php?rest_route=%2Fwp%2Fv2%2Ftags&post=5028"}],"curies":[{"name":"wp","href":"https:\/\/api.w.org\/{rel}","templated":true}]}}