{"id":5056,"date":"2013-12-19T22:48:42","date_gmt":"2013-12-19T21:48:42","guid":{"rendered":"http:\/\/www.pomniki-przyrody.pl\/?p=5056"},"modified":"2013-12-19T22:48:42","modified_gmt":"2013-12-19T21:48:42","slug":"park-w-lazanach-gm-zarow","status":"publish","type":"post","link":"https:\/\/www.pomniki-przyrody.pl\/?p=5056","title":{"rendered":"Park w \u0141a\u017canach (gm. \u017bar\u00f3w)."},"content":{"rendered":"<p style=\"text-align: left;\">\u0141a\u017cany to wie\u015b po\u0142o\u017cona na lewym brzegu Strzegomki, s\u0105siaduj\u0105ca od p\u00f3\u0142nocy z <a title=\"Park Miejski w \u017barowie.\" href=\"https:\/\/www.pomniki-przyrody.pl\/?p=4284\"><span style=\"color: #0000ff;\">\u017barowem<\/span><\/a>. W centrum tej miejscowo\u015bci znajduje si\u0119 gotycko &#8211; renesansowy ko\u015bci\u00f3\u0142 oraz otoczony fos\u0105 zrujnowany pa\u0142ac z XVIII w.<a href=\"https:\/\/www.pomniki-przyrody.pl\/wp-content\/uploads\/2013\/12\/ko\u015bci\u00f3\u0142-w-\u0141a\u017canach.jpg\"><img loading=\"lazy\" decoding=\"async\" class=\"aligncenter  wp-image-5060\" title=\"ko\u015bci\u00f3\u0142 w \u0141a\u017canach\" alt=\"\" src=\"https:\/\/www.pomniki-przyrody.pl\/wp-content\/uploads\/2013\/12\/ko\u015bci\u00f3\u0142-w-\u0141a\u017canach-1024x768.jpg\" width=\"584\" height=\"438\" srcset=\"https:\/\/www.pomniki-przyrody.pl\/wp-content\/uploads\/2013\/12\/ko\u015bci\u00f3\u0142-w-\u0141a\u017canach-1024x768.jpg 1024w, https:\/\/www.pomniki-przyrody.pl\/wp-content\/uploads\/2013\/12\/ko\u015bci\u00f3\u0142-w-\u0141a\u017canach-300x225.jpg 300w, https:\/\/www.pomniki-przyrody.pl\/wp-content\/uploads\/2013\/12\/ko\u015bci\u00f3\u0142-w-\u0141a\u017canach-400x300.jpg 400w, https:\/\/www.pomniki-przyrody.pl\/wp-content\/uploads\/2013\/12\/ko\u015bci\u00f3\u0142-w-\u0141a\u017canach.jpg 1200w\" sizes=\"auto, (max-width: 584px) 100vw, 584px\" \/><\/a><a href=\"https:\/\/www.pomniki-przyrody.pl\/wp-content\/uploads\/2013\/12\/ruiny-pa\u0142acu-w-\u0141a\u017canach.jpg\"><img loading=\"lazy\" decoding=\"async\" class=\"aligncenter  wp-image-5072\" title=\"ruiny pa\u0142acu w \u0141a\u017canach\" alt=\"\" src=\"https:\/\/www.pomniki-przyrody.pl\/wp-content\/uploads\/2013\/12\/ruiny-pa\u0142acu-w-\u0141a\u017canach-1024x768.jpg\" width=\"584\" height=\"438\" srcset=\"https:\/\/www.pomniki-przyrody.pl\/wp-content\/uploads\/2013\/12\/ruiny-pa\u0142acu-w-\u0141a\u017canach-1024x768.jpg 1024w, https:\/\/www.pomniki-przyrody.pl\/wp-content\/uploads\/2013\/12\/ruiny-pa\u0142acu-w-\u0141a\u017canach-300x225.jpg 300w, https:\/\/www.pomniki-przyrody.pl\/wp-content\/uploads\/2013\/12\/ruiny-pa\u0142acu-w-\u0141a\u017canach-400x300.jpg 400w, https:\/\/www.pomniki-przyrody.pl\/wp-content\/uploads\/2013\/12\/ruiny-pa\u0142acu-w-\u0141a\u017canach.jpg 1200w\" sizes=\"auto, (max-width: 584px) 100vw, 584px\" \/><\/a><\/p>\n<p style=\"text-align: left;\">Do pa\u0142acu przylega za\u0142o\u017cony w XIX w. park krajobrazowy o powierzchni 7.5 ha. Dawniej za\u0142o\u017cenie parkowe u\u015bwietnia\u0142a oran\u017ceria oraz pergola, kt\u00f3rej ruiny mo\u017cna jeszcze dzisiaj zobaczy\u0107.<a href=\"https:\/\/www.pomniki-przyrody.pl\/wp-content\/uploads\/2013\/12\/ruiny-oran\u017cerii-park-w-\u0141a\u017canach.jpg\"><img loading=\"lazy\" decoding=\"async\" class=\"aligncenter  wp-image-5071\" title=\"ruiny pergoli - park w \u0141a\u017canach\" alt=\"\" src=\"https:\/\/www.pomniki-przyrody.pl\/wp-content\/uploads\/2013\/12\/ruiny-oran\u017cerii-park-w-\u0141a\u017canach-1024x768.jpg\" width=\"584\" height=\"438\" srcset=\"https:\/\/www.pomniki-przyrody.pl\/wp-content\/uploads\/2013\/12\/ruiny-oran\u017cerii-park-w-\u0141a\u017canach-1024x768.jpg 1024w, https:\/\/www.pomniki-przyrody.pl\/wp-content\/uploads\/2013\/12\/ruiny-oran\u017cerii-park-w-\u0141a\u017canach-300x225.jpg 300w, https:\/\/www.pomniki-przyrody.pl\/wp-content\/uploads\/2013\/12\/ruiny-oran\u017cerii-park-w-\u0141a\u017canach-400x300.jpg 400w, https:\/\/www.pomniki-przyrody.pl\/wp-content\/uploads\/2013\/12\/ruiny-oran\u017cerii-park-w-\u0141a\u017canach.jpg 1200w\" sizes=\"auto, (max-width: 584px) 100vw, 584px\" \/><\/a><\/p>\n<p>Cz\u0119\u015b\u0107 parku od strony drogi jest zagospodarowana, znajduje si\u0119 tu plac zabaw, wiata oraz drewniana k\u0142adka.<\/p>\n<p>GPS N 50\u00b057\u203226.75\u2033 , E 16\u00b029\u203224.90\u2033<\/p>\n<p style=\"text-align: center;\"><a href=\"https:\/\/www.pomniki-przyrody.pl\/wp-content\/uploads\/2013\/12\/wej\u015bcie-do-parku-w-\u0141a\u017canach.jpg\"><img loading=\"lazy\" decoding=\"async\" class=\"aligncenter  wp-image-5073\" title=\"wej\u015bcie do parku w \u0141a\u017canach\" alt=\"\" src=\"https:\/\/www.pomniki-przyrody.pl\/wp-content\/uploads\/2013\/12\/wej\u015bcie-do-parku-w-\u0141a\u017canach-1024x678.jpg\" width=\"584\" height=\"386\" srcset=\"https:\/\/www.pomniki-przyrody.pl\/wp-content\/uploads\/2013\/12\/wej\u015bcie-do-parku-w-\u0141a\u017canach-1024x678.jpg 1024w, https:\/\/www.pomniki-przyrody.pl\/wp-content\/uploads\/2013\/12\/wej\u015bcie-do-parku-w-\u0141a\u017canach-300x198.jpg 300w, https:\/\/www.pomniki-przyrody.pl\/wp-content\/uploads\/2013\/12\/wej\u015bcie-do-parku-w-\u0141a\u017canach-452x300.jpg 452w, https:\/\/www.pomniki-przyrody.pl\/wp-content\/uploads\/2013\/12\/wej\u015bcie-do-parku-w-\u0141a\u017canach.jpg 1200w\" sizes=\"auto, (max-width: 584px) 100vw, 584px\" \/><\/a><a href=\"https:\/\/www.pomniki-przyrody.pl\/wp-content\/uploads\/2013\/12\/widok-og\u00f3lny-parku-w-\u0141a\u017canach.jpg\"><img loading=\"lazy\" decoding=\"async\" class=\"aligncenter  wp-image-5074\" title=\"widok og\u00f3lny parku w \u0141a\u017canach\" alt=\"\" src=\"https:\/\/www.pomniki-przyrody.pl\/wp-content\/uploads\/2013\/12\/widok-og\u00f3lny-parku-w-\u0141a\u017canach-1024x768.jpg\" width=\"584\" height=\"438\" srcset=\"https:\/\/www.pomniki-przyrody.pl\/wp-content\/uploads\/2013\/12\/widok-og\u00f3lny-parku-w-\u0141a\u017canach-1024x768.jpg 1024w, https:\/\/www.pomniki-przyrody.pl\/wp-content\/uploads\/2013\/12\/widok-og\u00f3lny-parku-w-\u0141a\u017canach-300x225.jpg 300w, https:\/\/www.pomniki-przyrody.pl\/wp-content\/uploads\/2013\/12\/widok-og\u00f3lny-parku-w-\u0141a\u017canach-400x300.jpg 400w, https:\/\/www.pomniki-przyrody.pl\/wp-content\/uploads\/2013\/12\/widok-og\u00f3lny-parku-w-\u0141a\u017canach.jpg 1200w\" sizes=\"auto, (max-width: 584px) 100vw, 584px\" \/><\/a><\/p>\n<p>Decyzj\u0105 Rady Miejskiej w \u017barowie z grudnia 2003 r. za pomniki przyrody w tym parku uznano 9 drzew: 1 platan klonolistny, 2 klony pospolite, 2 buki odm. purpurowej, 3 d\u0119by bezszypu\u0142kowe i 1 lipa drobnolistna. Ich identyfikacja ze wzgl\u0119du na brak tabliczek jest mocno utrudniona. Nie ma w\u0105tpliwo\u015bci co do jedynego platana rosn\u0105cego na prawo od wej\u015bcia na teren parku (obw. 460 cm).<\/p>\n<p style=\"text-align: center;\"><a href=\"https:\/\/www.pomniki-przyrody.pl\/wp-content\/uploads\/2013\/12\/pomnikowy-platan-park-w-\u0141a\u017canach.jpg\"><img loading=\"lazy\" decoding=\"async\" class=\"aligncenter  wp-image-5070\" title=\"pomnikowy platan - park w \u0141a\u017canach\" alt=\"\" src=\"https:\/\/www.pomniki-przyrody.pl\/wp-content\/uploads\/2013\/12\/pomnikowy-platan-park-w-\u0141a\u017canach-678x1024.jpg\" width=\"584\" height=\"882\" srcset=\"https:\/\/www.pomniki-przyrody.pl\/wp-content\/uploads\/2013\/12\/pomnikowy-platan-park-w-\u0141a\u017canach-678x1024.jpg 678w, https:\/\/www.pomniki-przyrody.pl\/wp-content\/uploads\/2013\/12\/pomnikowy-platan-park-w-\u0141a\u017canach-198x300.jpg 198w, https:\/\/www.pomniki-przyrody.pl\/wp-content\/uploads\/2013\/12\/pomnikowy-platan-park-w-\u0141a\u017canach.jpg 800w\" sizes=\"auto, (max-width: 584px) 100vw, 584px\" \/><\/a><\/p>\n<p style=\"text-align: center;\"><a href=\"https:\/\/www.pomniki-przyrody.pl\/wp-content\/uploads\/2013\/12\/pie\u0144-pomnikowego-platana-park-w-\u0141a\u017canach.jpg\"><img loading=\"lazy\" decoding=\"async\" class=\"aligncenter  wp-image-5067\" title=\"pie\u0144 pomnikowego platana - park w \u0141a\u017canach\" alt=\"\" src=\"https:\/\/www.pomniki-przyrody.pl\/wp-content\/uploads\/2013\/12\/pie\u0144-pomnikowego-platana-park-w-\u0141a\u017canach-1024x678.jpg\" width=\"584\" height=\"386\" srcset=\"https:\/\/www.pomniki-przyrody.pl\/wp-content\/uploads\/2013\/12\/pie\u0144-pomnikowego-platana-park-w-\u0141a\u017canach-1024x678.jpg 1024w, https:\/\/www.pomniki-przyrody.pl\/wp-content\/uploads\/2013\/12\/pie\u0144-pomnikowego-platana-park-w-\u0141a\u017canach-300x198.jpg 300w, https:\/\/www.pomniki-przyrody.pl\/wp-content\/uploads\/2013\/12\/pie\u0144-pomnikowego-platana-park-w-\u0141a\u017canach-452x300.jpg 452w, https:\/\/www.pomniki-przyrody.pl\/wp-content\/uploads\/2013\/12\/pie\u0144-pomnikowego-platana-park-w-\u0141a\u017canach.jpg 1200w\" sizes=\"auto, (max-width: 584px) 100vw, 584px\" \/><\/a><\/p>\n<p>Uwag\u0119 zwiedzaj\u0105cego park na pewno przyci\u0105gn\u0105 dwa okaza\u0142e buki czerwonolistne, rosn\u0105ce na skraju parkowej polany.<a href=\"https:\/\/www.pomniki-przyrody.pl\/wp-content\/uploads\/2013\/12\/pomnikowy-buk-park-w-\u0141a\u017canach.jpg\"><img loading=\"lazy\" decoding=\"async\" class=\"aligncenter  wp-image-5069 alignleft\" title=\"pomnikowy buk - park w \u0141a\u017canach\" alt=\"\" src=\"https:\/\/www.pomniki-przyrody.pl\/wp-content\/uploads\/2013\/12\/pomnikowy-buk-park-w-\u0141a\u017canach-1024x768.jpg\" width=\"584\" height=\"438\" srcset=\"https:\/\/www.pomniki-przyrody.pl\/wp-content\/uploads\/2013\/12\/pomnikowy-buk-park-w-\u0141a\u017canach-1024x768.jpg 1024w, https:\/\/www.pomniki-przyrody.pl\/wp-content\/uploads\/2013\/12\/pomnikowy-buk-park-w-\u0141a\u017canach-300x225.jpg 300w, https:\/\/www.pomniki-przyrody.pl\/wp-content\/uploads\/2013\/12\/pomnikowy-buk-park-w-\u0141a\u017canach-400x300.jpg 400w, https:\/\/www.pomniki-przyrody.pl\/wp-content\/uploads\/2013\/12\/pomnikowy-buk-park-w-\u0141a\u017canach.jpg 1200w\" sizes=\"auto, (max-width: 584px) 100vw, 584px\" \/><\/a><a href=\"https:\/\/www.pomniki-przyrody.pl\/wp-content\/uploads\/2013\/12\/pie\u0144-pomnikowego-buka-park-w-\u0141a\u017canach.jpg\"><img loading=\"lazy\" decoding=\"async\" class=\"aligncenter  wp-image-5066\" title=\"pie\u0144 pomnikowego buka - park w \u0141a\u017canach\" alt=\"\" src=\"https:\/\/www.pomniki-przyrody.pl\/wp-content\/uploads\/2013\/12\/pie\u0144-pomnikowego-buka-park-w-\u0141a\u017canach-678x1024.jpg\" width=\"584\" height=\"882\" srcset=\"https:\/\/www.pomniki-przyrody.pl\/wp-content\/uploads\/2013\/12\/pie\u0144-pomnikowego-buka-park-w-\u0141a\u017canach-678x1024.jpg 678w, https:\/\/www.pomniki-przyrody.pl\/wp-content\/uploads\/2013\/12\/pie\u0144-pomnikowego-buka-park-w-\u0141a\u017canach-198x300.jpg 198w, https:\/\/www.pomniki-przyrody.pl\/wp-content\/uploads\/2013\/12\/pie\u0144-pomnikowego-buka-park-w-\u0141a\u017canach.jpg 800w\" sizes=\"auto, (max-width: 584px) 100vw, 584px\" \/><\/a><\/p>\n<p style=\"text-align: left;\">Obw\u00f3d okaz\u00f3w wynosi 403 i 333 cm.<a href=\"https:\/\/www.pomniki-przyrody.pl\/wp-content\/uploads\/2013\/12\/drugi-pomnikowy-buk-w-parku-w-\u0141a\u017canach.jpg\"><img loading=\"lazy\" decoding=\"async\" class=\"aligncenter  wp-image-5058\" title=\"drugi pomnikowy buk w parku w \u0141a\u017canach\" alt=\"\" src=\"https:\/\/www.pomniki-przyrody.pl\/wp-content\/uploads\/2013\/12\/drugi-pomnikowy-buk-w-parku-w-\u0141a\u017canach-678x1024.jpg\" width=\"584\" height=\"882\" srcset=\"https:\/\/www.pomniki-przyrody.pl\/wp-content\/uploads\/2013\/12\/drugi-pomnikowy-buk-w-parku-w-\u0141a\u017canach-678x1024.jpg 678w, https:\/\/www.pomniki-przyrody.pl\/wp-content\/uploads\/2013\/12\/drugi-pomnikowy-buk-w-parku-w-\u0141a\u017canach-198x300.jpg 198w, https:\/\/www.pomniki-przyrody.pl\/wp-content\/uploads\/2013\/12\/drugi-pomnikowy-buk-w-parku-w-\u0141a\u017canach.jpg 800w\" sizes=\"auto, (max-width: 584px) 100vw, 584px\" \/><\/a><a href=\"https:\/\/www.pomniki-przyrody.pl\/wp-content\/uploads\/2013\/12\/pie\u0144-drugiego-pomnikowego-buka-park-w-\u0141a\u017canach.jpg\"><img loading=\"lazy\" decoding=\"async\" class=\"aligncenter  wp-image-5065\" title=\"pie\u0144 drugiego pomnikowego buka - park w \u0141a\u017canach\" alt=\"\" src=\"https:\/\/www.pomniki-przyrody.pl\/wp-content\/uploads\/2013\/12\/pie\u0144-drugiego-pomnikowego-buka-park-w-\u0141a\u017canach-678x1024.jpg\" width=\"584\" height=\"882\" srcset=\"https:\/\/www.pomniki-przyrody.pl\/wp-content\/uploads\/2013\/12\/pie\u0144-drugiego-pomnikowego-buka-park-w-\u0141a\u017canach-678x1024.jpg 678w, https:\/\/www.pomniki-przyrody.pl\/wp-content\/uploads\/2013\/12\/pie\u0144-drugiego-pomnikowego-buka-park-w-\u0141a\u017canach-198x300.jpg 198w, https:\/\/www.pomniki-przyrody.pl\/wp-content\/uploads\/2013\/12\/pie\u0144-drugiego-pomnikowego-buka-park-w-\u0141a\u017canach.jpg 780w\" sizes=\"auto, (max-width: 584px) 100vw, 584px\" \/><\/a><\/p>\n<p>Dalsza cz\u0119\u015b\u0107 parku jest ju\u017c niestety zaniedbana, nieliczne alejki i wysoki podszyt utrudniaj\u0105 odnalezienie i sfotografowanie pomnikowych okaz\u00f3w.<a href=\"https:\/\/www.pomniki-przyrody.pl\/wp-content\/uploads\/2013\/12\/park-wiejski-w-\u0141a\u017canach.jpg\"><img loading=\"lazy\" decoding=\"async\" class=\"aligncenter  wp-image-5064\" title=\"park wiejski w \u0141a\u017canach\" alt=\"\" src=\"https:\/\/www.pomniki-przyrody.pl\/wp-content\/uploads\/2013\/12\/park-wiejski-w-\u0141a\u017canach-1024x768.jpg\" width=\"584\" height=\"438\" srcset=\"https:\/\/www.pomniki-przyrody.pl\/wp-content\/uploads\/2013\/12\/park-wiejski-w-\u0141a\u017canach-1024x768.jpg 1024w, https:\/\/www.pomniki-przyrody.pl\/wp-content\/uploads\/2013\/12\/park-wiejski-w-\u0141a\u017canach-300x225.jpg 300w, https:\/\/www.pomniki-przyrody.pl\/wp-content\/uploads\/2013\/12\/park-wiejski-w-\u0141a\u017canach-400x300.jpg 400w, https:\/\/www.pomniki-przyrody.pl\/wp-content\/uploads\/2013\/12\/park-wiejski-w-\u0141a\u017canach.jpg 1200w\" sizes=\"auto, (max-width: 584px) 100vw, 584px\" \/><\/a><a href=\"https:\/\/www.pomniki-przyrody.pl\/wp-content\/uploads\/2013\/12\/park-w-\u0141a\u017canach.jpg\"><img loading=\"lazy\" decoding=\"async\" class=\"aligncenter  wp-image-5063\" title=\"park w \u0141a\u017canach\" alt=\"\" src=\"https:\/\/www.pomniki-przyrody.pl\/wp-content\/uploads\/2013\/12\/park-w-\u0141a\u017canach-1024x768.jpg\" width=\"584\" height=\"438\" srcset=\"https:\/\/www.pomniki-przyrody.pl\/wp-content\/uploads\/2013\/12\/park-w-\u0141a\u017canach-1024x768.jpg 1024w, https:\/\/www.pomniki-przyrody.pl\/wp-content\/uploads\/2013\/12\/park-w-\u0141a\u017canach-300x225.jpg 300w, https:\/\/www.pomniki-przyrody.pl\/wp-content\/uploads\/2013\/12\/park-w-\u0141a\u017canach-400x300.jpg 400w, https:\/\/www.pomniki-przyrody.pl\/wp-content\/uploads\/2013\/12\/park-w-\u0141a\u017canach.jpg 1200w\" sizes=\"auto, (max-width: 584px) 100vw, 584px\" \/><\/a>Poni\u017cej fotki drzew kt\u00f3re zwr\u00f3ci\u0142y moj\u0105 uwag\u0119, podejrzewane o bycie tymi pomnikowymi.<a href=\"https:\/\/www.pomniki-przyrody.pl\/wp-content\/uploads\/2013\/12\/okaza\u0142y-d\u0105b-park-w-\u0141a\u017canach.jpg\"><img loading=\"lazy\" decoding=\"async\" class=\"aligncenter  wp-image-5062\" title=\"okaza\u0142y d\u0105b - park w \u0141a\u017canach\" alt=\"\" src=\"https:\/\/www.pomniki-przyrody.pl\/wp-content\/uploads\/2013\/12\/okaza\u0142y-d\u0105b-park-w-\u0141a\u017canach-1024x768.jpg\" width=\"584\" height=\"438\" srcset=\"https:\/\/www.pomniki-przyrody.pl\/wp-content\/uploads\/2013\/12\/okaza\u0142y-d\u0105b-park-w-\u0141a\u017canach-1024x768.jpg 1024w, https:\/\/www.pomniki-przyrody.pl\/wp-content\/uploads\/2013\/12\/okaza\u0142y-d\u0105b-park-w-\u0141a\u017canach-300x225.jpg 300w, https:\/\/www.pomniki-przyrody.pl\/wp-content\/uploads\/2013\/12\/okaza\u0142y-d\u0105b-park-w-\u0141a\u017canach-400x300.jpg 400w, https:\/\/www.pomniki-przyrody.pl\/wp-content\/uploads\/2013\/12\/okaza\u0142y-d\u0105b-park-w-\u0141a\u017canach.jpg 1200w\" sizes=\"auto, (max-width: 584px) 100vw, 584px\" \/><\/a><a href=\"https:\/\/www.pomniki-przyrody.pl\/wp-content\/uploads\/2013\/12\/pomnikowe-d\u0119by-park-w-\u0141a\u017canach.jpg\"><img loading=\"lazy\" decoding=\"async\" class=\"aligncenter  wp-image-5068\" title=\"pomnikowe d\u0119by - park w \u0141a\u017canach\" alt=\"\" src=\"https:\/\/www.pomniki-przyrody.pl\/wp-content\/uploads\/2013\/12\/pomnikowe-d\u0119by-park-w-\u0141a\u017canach-768x1024.jpg\" width=\"584\" height=\"778\" srcset=\"https:\/\/www.pomniki-przyrody.pl\/wp-content\/uploads\/2013\/12\/pomnikowe-d\u0119by-park-w-\u0141a\u017canach-768x1024.jpg 768w, https:\/\/www.pomniki-przyrody.pl\/wp-content\/uploads\/2013\/12\/pomnikowe-d\u0119by-park-w-\u0141a\u017canach-225x300.jpg 225w, https:\/\/www.pomniki-przyrody.pl\/wp-content\/uploads\/2013\/12\/pomnikowe-d\u0119by-park-w-\u0141a\u017canach.jpg 900w\" sizes=\"auto, (max-width: 584px) 100vw, 584px\" \/><\/a><a href=\"https:\/\/www.pomniki-przyrody.pl\/wp-content\/uploads\/2013\/12\/d\u0105b-poro\u015bni\u0119ty-bluszczem-park-w-\u0141a\u017canach.jpg\"><img loading=\"lazy\" decoding=\"async\" class=\"aligncenter  wp-image-5057\" title=\"d\u0105b poro\u015bni\u0119ty bluszczem - park w \u0141a\u017canach\" alt=\"\" src=\"https:\/\/www.pomniki-przyrody.pl\/wp-content\/uploads\/2013\/12\/d\u0105b-poro\u015bni\u0119ty-bluszczem-park-w-\u0141a\u017canach-715x1024.jpg\" width=\"584\" height=\"836\" srcset=\"https:\/\/www.pomniki-przyrody.pl\/wp-content\/uploads\/2013\/12\/d\u0105b-poro\u015bni\u0119ty-bluszczem-park-w-\u0141a\u017canach-715x1024.jpg 715w, https:\/\/www.pomniki-przyrody.pl\/wp-content\/uploads\/2013\/12\/d\u0105b-poro\u015bni\u0119ty-bluszczem-park-w-\u0141a\u017canach-209x300.jpg 209w, https:\/\/www.pomniki-przyrody.pl\/wp-content\/uploads\/2013\/12\/d\u0105b-poro\u015bni\u0119ty-bluszczem-park-w-\u0141a\u017canach.jpg 821w\" sizes=\"auto, (max-width: 584px) 100vw, 584px\" \/><\/a><a href=\"https:\/\/www.pomniki-przyrody.pl\/wp-content\/uploads\/2013\/12\/okaza\u0142a-lipa-park-w-\u0141a\u017canach.jpg\"><img loading=\"lazy\" decoding=\"async\" class=\"aligncenter  wp-image-5061\" title=\"okaza\u0142a lipa - park w \u0141a\u017canach\" alt=\"\" src=\"https:\/\/www.pomniki-przyrody.pl\/wp-content\/uploads\/2013\/12\/okaza\u0142a-lipa-park-w-\u0141a\u017canach-1024x768.jpg\" width=\"584\" height=\"438\" srcset=\"https:\/\/www.pomniki-przyrody.pl\/wp-content\/uploads\/2013\/12\/okaza\u0142a-lipa-park-w-\u0141a\u017canach-1024x768.jpg 1024w, https:\/\/www.pomniki-przyrody.pl\/wp-content\/uploads\/2013\/12\/okaza\u0142a-lipa-park-w-\u0141a\u017canach-300x225.jpg 300w, https:\/\/www.pomniki-przyrody.pl\/wp-content\/uploads\/2013\/12\/okaza\u0142a-lipa-park-w-\u0141a\u017canach-400x300.jpg 400w, https:\/\/www.pomniki-przyrody.pl\/wp-content\/uploads\/2013\/12\/okaza\u0142a-lipa-park-w-\u0141a\u017canach.jpg 1200w\" sizes=\"auto, (max-width: 584px) 100vw, 584px\" \/><\/a><\/p>\n","protected":false},"excerpt":{"rendered":"<p>\u0141a\u017cany to wie\u015b po\u0142o\u017cona na lewym brzegu Strzegomki, s\u0105siaduj\u0105ca od p\u00f3\u0142nocy z \u017barowem. W centrum tej miejscowo\u015bci znajduje si\u0119 gotycko &#8211; renesansowy ko\u015bci\u00f3\u0142 oraz otoczony fos\u0105 zrujnowany pa\u0142ac z XVIII w. Do pa\u0142acu przylega za\u0142o\u017cony w XIX w. park krajobrazowy &hellip; <a href=\"https:\/\/www.pomniki-przyrody.pl\/?p=5056\">Czytaj dalej <span class=\"meta-nav\">&rarr;<\/span><\/a><\/p>\n","protected":false},"author":2,"featured_media":0,"comment_status":"open","ping_status":"open","sticky":false,"template":"","format":"standard","meta":{"footnotes":""},"categories":[1],"tags":[691,785,17,92,318,784],"class_list":["post-5056","post","type-post","status-publish","format-standard","hentry","category-przyroda-ozywiona","tag-gmina-zarow","tag-park-w-lazanach","tag-platan","tag-pomnikowe-buki","tag-pomnikowe-deby","tag-lazany"],"_links":{"self":[{"href":"https:\/\/www.pomniki-przyrody.pl\/index.php?rest_route=\/wp\/v2\/posts\/5056","targetHints":{"allow":["GET"]}}],"collection":[{"href":"https:\/\/www.pomniki-przyrody.pl\/index.php?rest_route=\/wp\/v2\/posts"}],"about":[{"href":"https:\/\/www.pomniki-przyrody.pl\/index.php?rest_route=\/wp\/v2\/types\/post"}],"author":[{"embeddable":true,"href":"https:\/\/www.pomniki-przyrody.pl\/index.php?rest_route=\/wp\/v2\/users\/2"}],"replies":[{"embeddable":true,"href":"https:\/\/www.pomniki-przyrody.pl\/index.php?rest_route=%2Fwp%2Fv2%2Fcomments&post=5056"}],"version-history":[{"count":0,"href":"https:\/\/www.pomniki-przyrody.pl\/index.php?rest_route=\/wp\/v2\/posts\/5056\/revisions"}],"wp:attachment":[{"href":"https:\/\/www.pomniki-przyrody.pl\/index.php?rest_route=%2Fwp%2Fv2%2Fmedia&parent=5056"}],"wp:term":[{"taxonomy":"category","embeddable":true,"href":"https:\/\/www.pomniki-przyrody.pl\/index.php?rest_route=%2Fwp%2Fv2%2Fcategories&post=5056"},{"taxonomy":"post_tag","embeddable":true,"href":"https:\/\/www.pomniki-przyrody.pl\/index.php?rest_route=%2Fwp%2Fv2%2Ftags&post=5056"}],"curies":[{"name":"wp","href":"https:\/\/api.w.org\/{rel}","templated":true}]}}