{"id":640,"date":"2012-04-12T20:57:05","date_gmt":"2012-04-12T20:57:05","guid":{"rendered":"http:\/\/www.pomniki-przyrody.pl\/?p=640"},"modified":"2012-10-27T00:00:37","modified_gmt":"2012-10-26T22:00:37","slug":"pomnikowe-drzewa-przy-wapiennikach-w-stanislawowie","status":"publish","type":"post","link":"https:\/\/www.pomniki-przyrody.pl\/?p=640","title":{"rendered":"Pomnikowe drzewa przy wapiennikach w Stanis\u0142awowie."},"content":{"rendered":"<p>Stanis\u0142aw\u00f3w jest niewielk\u0105 wiosk\u0105 po\u0142o\u017con\u0105 w granicach Parku Krajobrazowego Che\u0142my. Mi\u0142o\u015bnik\u00f3w tajemniczych budowli przyci\u0105gaj\u0105 tu <span style=\"color: #008080;\"><span style=\"color: #0000ff;\"><a title=\"Stanis\u0142aw\u00f3w - ruiny radiostacji\" href=\"http:\/\/magdachemini.blogspot.com\/2012\/03\/stanisawow-ruiny-radiostacji.html\"><span style=\"color: #0000ff;\">ruiny poniemieckiej radiostacji<\/span><\/a><\/span><span style=\"color: #333333;\">, <\/span><\/span>pozosta\u0142ych wspania\u0142e widoki jakie roztaczaj\u0105 si\u0119 ze zboczy Rosochy ( 465 m.n.p.m. ), na kt\u00f3rych ow\u0105 radiostacj\u0119 posadowiono.<\/p>\n<p><a href=\"https:\/\/www.pomniki-przyrody.pl\/wp-content\/uploads\/2012\/04\/ruina-radiostacji-na-wzg\u00f3rzu-Rosocha.jpg\"><img loading=\"lazy\" decoding=\"async\" class=\"aligncenter size-large wp-image-650\" title=\"ruiny radiostacji na wzg\u00f3rzu Rosocha\" src=\"https:\/\/www.pomniki-przyrody.pl\/wp-content\/uploads\/2012\/04\/ruina-radiostacji-na-wzg\u00f3rzu-Rosocha-1024x608.jpg\" alt=\"\" width=\"584\" height=\"346\" srcset=\"https:\/\/www.pomniki-przyrody.pl\/wp-content\/uploads\/2012\/04\/ruina-radiostacji-na-wzg\u00f3rzu-Rosocha-1024x608.jpg 1024w, https:\/\/www.pomniki-przyrody.pl\/wp-content\/uploads\/2012\/04\/ruina-radiostacji-na-wzg\u00f3rzu-Rosocha-300x178.jpg 300w, https:\/\/www.pomniki-przyrody.pl\/wp-content\/uploads\/2012\/04\/ruina-radiostacji-na-wzg\u00f3rzu-Rosocha-500x296.jpg 500w, https:\/\/www.pomniki-przyrody.pl\/wp-content\/uploads\/2012\/04\/ruina-radiostacji-na-wzg\u00f3rzu-Rosocha.jpg 1600w\" sizes=\"auto, (max-width: 584px) 100vw, 584px\" \/><\/a>Przez wie\u015b przechodz\u0105 dwa znakowane szlaki turystyczne, kt\u00f3re prowadz\u0105 do opisanego wcze\u015bniej pomnika przyrody nieo\u017cywionej &#8222;<span style=\"color: #0000ff;\"><a title=\"Wapie\u0144 niecki Leszczyny.\" href=\"https:\/\/www.pomniki-przyrody.pl\/?p=505\"><span style=\"color: #0000ff;\">Wapie\u0144 niecki Leszczyny<\/span><\/a><\/span>&#8222;. Szlaki wiod\u0105 przez kompleksy le\u015bne poro\u015bni\u0119te lasem mieszanym, obfituj\u0105ce w pomnikowe drzewa. Proponuj\u0119 do kamienio\u0142om\u00f3w wapienia maszerowa\u0107 niebieskim szlakiem, a do Stanis\u0142awowa wraca\u0107 czerwonym, mniej stromym podej\u015bciem. No to w drog\u0119 !<\/p>\n<p>W okolicach placu zabaw znajdujemy niebieski szlak, na pocz\u0105tku \u0142\u0105kami, po 800 metrach wchodzimy do lasu, mijamy pomnikow\u0105 lip\u0119 ( 365 cm ) oraz dalej kilka pomnikowych buk\u00f3w ( niestety s\u0105 nieoznakowane tabliczkami ). Spaceruj\u0105c, miniemy po lewej stronie dwa rosn\u0105ce obok siebie pomnikowe buki.<\/p>\n<p><a href=\"https:\/\/www.pomniki-przyrody.pl\/wp-content\/uploads\/2012\/04\/pomnikowe-buki-przy-niebieskim-szlaku1.jpg\"><img loading=\"lazy\" decoding=\"async\" class=\"aligncenter size-large wp-image-647\" title=\"pomnikowe buki przy niebieskim szlaku\" src=\"https:\/\/www.pomniki-przyrody.pl\/wp-content\/uploads\/2012\/04\/pomnikowe-buki-przy-niebieskim-szlaku1-768x1024.jpg\" alt=\"\" width=\"584\" height=\"778\" srcset=\"https:\/\/www.pomniki-przyrody.pl\/wp-content\/uploads\/2012\/04\/pomnikowe-buki-przy-niebieskim-szlaku1-768x1024.jpg 768w, https:\/\/www.pomniki-przyrody.pl\/wp-content\/uploads\/2012\/04\/pomnikowe-buki-przy-niebieskim-szlaku1-225x300.jpg 225w, https:\/\/www.pomniki-przyrody.pl\/wp-content\/uploads\/2012\/04\/pomnikowe-buki-przy-niebieskim-szlaku1.jpg 1200w\" sizes=\"auto, (max-width: 584px) 100vw, 584px\" \/><\/a>Mniejszy ma 200 cm w pier\u015bnicy, wi\u0119kszy 340 cm, wysoko\u015b\u0107 odpowiednio 25 i 30 metr\u00f3w.<\/p>\n<p><a href=\"https:\/\/www.pomniki-przyrody.pl\/wp-content\/uploads\/2012\/04\/pomnikowe-buki1.jpg\"><img loading=\"lazy\" decoding=\"async\" class=\"aligncenter size-large wp-image-646\" title=\"pomnikowe buki\" src=\"https:\/\/www.pomniki-przyrody.pl\/wp-content\/uploads\/2012\/04\/pomnikowe-buki1-768x1024.jpg\" alt=\"\" width=\"584\" height=\"778\" srcset=\"https:\/\/www.pomniki-przyrody.pl\/wp-content\/uploads\/2012\/04\/pomnikowe-buki1-768x1024.jpg 768w, https:\/\/www.pomniki-przyrody.pl\/wp-content\/uploads\/2012\/04\/pomnikowe-buki1-225x300.jpg 225w, https:\/\/www.pomniki-przyrody.pl\/wp-content\/uploads\/2012\/04\/pomnikowe-buki1.jpg 1200w\" sizes=\"auto, (max-width: 584px) 100vw, 584px\" \/><\/a>Nast\u0119pnie szlak niebieski \u0142\u0105czy si\u0119 z czerwonym, biegnie razem dalej ( pomnikowe buki ). W miejscu gdzie szlak niebieski skr\u0119ca w kierunku wapiennika, warto zwr\u00f3ci\u0107 uwag\u0119 na poro\u015bni\u0119te bluszczem drzewa. Cz\u0119\u015b\u0107 z nich obj\u0119to ochron\u0105 pomnikow\u0105.<\/p>\n<p><a href=\"https:\/\/www.pomniki-przyrody.pl\/wp-content\/uploads\/2012\/04\/drzewo-poro\u015bni\u0119te-bluszczem1.jpg\"><img loading=\"lazy\" decoding=\"async\" class=\"aligncenter size-large wp-image-643\" title=\"drzewo poro\u015bni\u0119te bluszczem\" src=\"https:\/\/www.pomniki-przyrody.pl\/wp-content\/uploads\/2012\/04\/drzewo-poro\u015bni\u0119te-bluszczem1-768x1024.jpg\" alt=\"\" width=\"584\" height=\"778\" srcset=\"https:\/\/www.pomniki-przyrody.pl\/wp-content\/uploads\/2012\/04\/drzewo-poro\u015bni\u0119te-bluszczem1-768x1024.jpg 768w, https:\/\/www.pomniki-przyrody.pl\/wp-content\/uploads\/2012\/04\/drzewo-poro\u015bni\u0119te-bluszczem1-225x300.jpg 225w, https:\/\/www.pomniki-przyrody.pl\/wp-content\/uploads\/2012\/04\/drzewo-poro\u015bni\u0119te-bluszczem1.jpg 1200w\" sizes=\"auto, (max-width: 584px) 100vw, 584px\" \/><\/a>Jeden z bluszczy ma nietypowy, kosmaty pie\u0144.<\/p>\n<p><a href=\"https:\/\/www.pomniki-przyrody.pl\/wp-content\/uploads\/2012\/04\/nietypowy-pie\u0144-bluszczu1.jpg\"><img loading=\"lazy\" decoding=\"async\" class=\"aligncenter size-large wp-image-644\" title=\"nietypowy pie\u0144 bluszczu\" src=\"https:\/\/www.pomniki-przyrody.pl\/wp-content\/uploads\/2012\/04\/nietypowy-pie\u0144-bluszczu1-768x1024.jpg\" alt=\"\" width=\"584\" height=\"778\" srcset=\"https:\/\/www.pomniki-przyrody.pl\/wp-content\/uploads\/2012\/04\/nietypowy-pie\u0144-bluszczu1-768x1024.jpg 768w, https:\/\/www.pomniki-przyrody.pl\/wp-content\/uploads\/2012\/04\/nietypowy-pie\u0144-bluszczu1-225x300.jpg 225w, https:\/\/www.pomniki-przyrody.pl\/wp-content\/uploads\/2012\/04\/nietypowy-pie\u0144-bluszczu1.jpg 1200w\" sizes=\"auto, (max-width: 584px) 100vw, 584px\" \/><\/a><a href=\"https:\/\/www.pomniki-przyrody.pl\/wp-content\/uploads\/2012\/04\/bluszcz-na-drzewie1.jpg\"><img loading=\"lazy\" decoding=\"async\" class=\"aligncenter size-large wp-image-642\" title=\"bluszcz na drzewie\" src=\"https:\/\/www.pomniki-przyrody.pl\/wp-content\/uploads\/2012\/04\/bluszcz-na-drzewie1-768x1024.jpg\" alt=\"\" width=\"584\" height=\"778\" srcset=\"https:\/\/www.pomniki-przyrody.pl\/wp-content\/uploads\/2012\/04\/bluszcz-na-drzewie1-768x1024.jpg 768w, https:\/\/www.pomniki-przyrody.pl\/wp-content\/uploads\/2012\/04\/bluszcz-na-drzewie1-225x300.jpg 225w, https:\/\/www.pomniki-przyrody.pl\/wp-content\/uploads\/2012\/04\/bluszcz-na-drzewie1.jpg 1200w\" sizes=\"auto, (max-width: 584px) 100vw, 584px\" \/><\/a><a href=\"https:\/\/www.pomniki-przyrody.pl\/wp-content\/uploads\/2012\/04\/pocz\u0105tek-niebieskiego-szlaku-drzewa-z-bluszczem1.jpg\"><img loading=\"lazy\" decoding=\"async\" class=\"aligncenter size-large wp-image-645\" title=\"pocz\u0105tek niebieskiego szlaku drzewa z bluszczem\" src=\"https:\/\/www.pomniki-przyrody.pl\/wp-content\/uploads\/2012\/04\/pocz\u0105tek-niebieskiego-szlaku-drzewa-z-bluszczem1-1024x768.jpg\" alt=\"\" width=\"584\" height=\"438\" srcset=\"https:\/\/www.pomniki-przyrody.pl\/wp-content\/uploads\/2012\/04\/pocz\u0105tek-niebieskiego-szlaku-drzewa-z-bluszczem1-1024x768.jpg 1024w, https:\/\/www.pomniki-przyrody.pl\/wp-content\/uploads\/2012\/04\/pocz\u0105tek-niebieskiego-szlaku-drzewa-z-bluszczem1-300x225.jpg 300w, https:\/\/www.pomniki-przyrody.pl\/wp-content\/uploads\/2012\/04\/pocz\u0105tek-niebieskiego-szlaku-drzewa-z-bluszczem1-400x300.jpg 400w, https:\/\/www.pomniki-przyrody.pl\/wp-content\/uploads\/2012\/04\/pocz\u0105tek-niebieskiego-szlaku-drzewa-z-bluszczem1.jpg 1600w\" sizes=\"auto, (max-width: 584px) 100vw, 584px\" \/><\/a>W miejscu ( widocznym na zdj\u0119ciu powy\u017cej ) gdzie spotykaj\u0105 si\u0119 szlaki czerwony, czarny oraz ko\u0144czy si\u0119 niebieski kt\u00f3rym przyszli\u015bmy, ma pocz\u0105tek pomnikowy szpaler 38 modrzewi.<\/p>\n<p><a href=\"https:\/\/www.pomniki-przyrody.pl\/wp-content\/uploads\/2012\/04\/pomnikowy-modrzew-pocz\u0105tek-szpaleru1.jpg\"><img loading=\"lazy\" decoding=\"async\" class=\"aligncenter size-large wp-image-648\" title=\"pomnikowy modrzew pocz\u0105tek szpaleru\" src=\"https:\/\/www.pomniki-przyrody.pl\/wp-content\/uploads\/2012\/04\/pomnikowy-modrzew-pocz\u0105tek-szpaleru1-768x1024.jpg\" alt=\"\" width=\"584\" height=\"778\" srcset=\"https:\/\/www.pomniki-przyrody.pl\/wp-content\/uploads\/2012\/04\/pomnikowy-modrzew-pocz\u0105tek-szpaleru1-768x1024.jpg 768w, https:\/\/www.pomniki-przyrody.pl\/wp-content\/uploads\/2012\/04\/pomnikowy-modrzew-pocz\u0105tek-szpaleru1-225x300.jpg 225w, https:\/\/www.pomniki-przyrody.pl\/wp-content\/uploads\/2012\/04\/pomnikowy-modrzew-pocz\u0105tek-szpaleru1.jpg 1200w\" sizes=\"auto, (max-width: 584px) 100vw, 584px\" \/><\/a>Drzewa w szpalerze maj\u0105 grubo\u015b\u0107 od 60 &#8211; 115 cm, id\u0105c wzd\u0142u\u017c niego dotrzemy w okolice wapiennika.<\/p>\n<p><a href=\"https:\/\/www.pomniki-przyrody.pl\/wp-content\/uploads\/2012\/04\/szpaler-modrzewi1.jpg\"><img loading=\"lazy\" decoding=\"async\" class=\"aligncenter size-large wp-image-651\" title=\"szpaler modrzewi\" src=\"https:\/\/www.pomniki-przyrody.pl\/wp-content\/uploads\/2012\/04\/szpaler-modrzewi1-768x1024.jpg\" alt=\"\" width=\"584\" height=\"778\" srcset=\"https:\/\/www.pomniki-przyrody.pl\/wp-content\/uploads\/2012\/04\/szpaler-modrzewi1-768x1024.jpg 768w, https:\/\/www.pomniki-przyrody.pl\/wp-content\/uploads\/2012\/04\/szpaler-modrzewi1-225x300.jpg 225w, https:\/\/www.pomniki-przyrody.pl\/wp-content\/uploads\/2012\/04\/szpaler-modrzewi1.jpg 1200w\" sizes=\"auto, (max-width: 584px) 100vw, 584px\" \/><\/a><a href=\"https:\/\/www.pomniki-przyrody.pl\/wp-content\/uploads\/2012\/04\/pomnikowy-szpaler-modrzewi1.jpg\"><img loading=\"lazy\" decoding=\"async\" class=\"aligncenter size-large wp-image-649\" title=\"pomnikowy szpaler modrzewi\" src=\"https:\/\/www.pomniki-przyrody.pl\/wp-content\/uploads\/2012\/04\/pomnikowy-szpaler-modrzewi1-768x1024.jpg\" alt=\"\" width=\"584\" height=\"778\" srcset=\"https:\/\/www.pomniki-przyrody.pl\/wp-content\/uploads\/2012\/04\/pomnikowy-szpaler-modrzewi1-768x1024.jpg 768w, https:\/\/www.pomniki-przyrody.pl\/wp-content\/uploads\/2012\/04\/pomnikowy-szpaler-modrzewi1-225x300.jpg 225w, https:\/\/www.pomniki-przyrody.pl\/wp-content\/uploads\/2012\/04\/pomnikowy-szpaler-modrzewi1.jpg 1200w\" sizes=\"auto, (max-width: 584px) 100vw, 584px\" \/><\/a>W tym samym oddziale le\u015bnym (64b) mo\u017cna odnale\u017a\u0107 szpaler 14 daglezji, o obwodach 160 &#8211; 230 cm. Po zwiedzeniu nieczynnych kamienio\u0142om\u00f3w mo\u017cna wr\u00f3ci\u0107 czerwonym szlakiem do Stanis\u0142awowa lub kontynuowa\u0107 wycieczk\u0119 do Leszczyny ( tam pomnik przyrody nieo\u017cywionej &#8221; <span style=\"color: #0000ff;\"><a title=\"\u201eCiche Szcz\u0119\u015bcie\u201d w Leszczynie.\" href=\"https:\/\/www.pomniki-przyrody.pl\/?p=594\"><span style=\"color: #0000ff;\">Ciche Szcz\u0119\u015bcie<\/span><\/a><\/span> &#8221; ).<\/p>\n<h1><\/h1>\n<p>&nbsp;<\/p>\n","protected":false},"excerpt":{"rendered":"<p>Stanis\u0142aw\u00f3w jest niewielk\u0105 wiosk\u0105 po\u0142o\u017con\u0105 w granicach Parku Krajobrazowego Che\u0142my. Mi\u0142o\u015bnik\u00f3w tajemniczych budowli przyci\u0105gaj\u0105 tu ruiny poniemieckiej radiostacji, pozosta\u0142ych wspania\u0142e widoki jakie roztaczaj\u0105 si\u0119 ze zboczy Rosochy ( 465 m.n.p.m. ), na kt\u00f3rych ow\u0105 radiostacj\u0119 posadowiono. Przez wie\u015b przechodz\u0105 dwa &hellip; <a href=\"https:\/\/www.pomniki-przyrody.pl\/?p=640\">Czytaj dalej <span class=\"meta-nav\">&rarr;<\/span><\/a><\/p>\n","protected":false},"author":2,"featured_media":0,"comment_status":"open","ping_status":"open","sticky":false,"template":"","format":"standard","meta":{"footnotes":""},"categories":[1],"tags":[11,92,88,91,90],"class_list":["post-640","post","type-post","status-publish","format-standard","hentry","category-przyroda-ozywiona","tag-bluszcz","tag-pomnikowe-buki","tag-stanislawow","tag-szpaler-modrzewi","tag-wapiennik"],"_links":{"self":[{"href":"https:\/\/www.pomniki-przyrody.pl\/index.php?rest_route=\/wp\/v2\/posts\/640","targetHints":{"allow":["GET"]}}],"collection":[{"href":"https:\/\/www.pomniki-przyrody.pl\/index.php?rest_route=\/wp\/v2\/posts"}],"about":[{"href":"https:\/\/www.pomniki-przyrody.pl\/index.php?rest_route=\/wp\/v2\/types\/post"}],"author":[{"embeddable":true,"href":"https:\/\/www.pomniki-przyrody.pl\/index.php?rest_route=\/wp\/v2\/users\/2"}],"replies":[{"embeddable":true,"href":"https:\/\/www.pomniki-przyrody.pl\/index.php?rest_route=%2Fwp%2Fv2%2Fcomments&post=640"}],"version-history":[{"count":0,"href":"https:\/\/www.pomniki-przyrody.pl\/index.php?rest_route=\/wp\/v2\/posts\/640\/revisions"}],"wp:attachment":[{"href":"https:\/\/www.pomniki-przyrody.pl\/index.php?rest_route=%2Fwp%2Fv2%2Fmedia&parent=640"}],"wp:term":[{"taxonomy":"category","embeddable":true,"href":"https:\/\/www.pomniki-przyrody.pl\/index.php?rest_route=%2Fwp%2Fv2%2Fcategories&post=640"},{"taxonomy":"post_tag","embeddable":true,"href":"https:\/\/www.pomniki-przyrody.pl\/index.php?rest_route=%2Fwp%2Fv2%2Ftags&post=640"}],"curies":[{"name":"wp","href":"https:\/\/api.w.org\/{rel}","templated":true}]}}