{"id":6513,"date":"2014-07-30T09:16:29","date_gmt":"2014-07-30T07:16:29","guid":{"rendered":"http:\/\/www.pomniki-przyrody.pl\/?p=6513"},"modified":"2022-07-31T12:05:04","modified_gmt":"2022-07-31T10:05:04","slug":"pomniki-przyrody-w-rynicy-gm-widuchowa","status":"publish","type":"post","link":"https:\/\/www.pomniki-przyrody.pl\/?p=6513","title":{"rendered":"Pomniki przyrody w Rynicy (gm. Widuchowa)."},"content":{"rendered":"<p>Rynica (powiat gryfi\u0144ski) to \u015bredniej wielko\u015bci wie\u015b o kszta\u0142cie owalnicy, po\u0142o\u017cna w po\u0142udniowo &#8211; wschodniej\u00a0cz\u0119\u015bci Gminy Widuchowa, w odleg\u0142o\u015bci 2 km od drogi krajowej nr 31 S\u0142ubice &#8211; Szczecin (zjazd do miejscowo\u015bci mi\u0119dzy Chojn\u0105 a Widuchow\u0105). Jedn\u0105 z niewielu zabytkowych budowli w Rynicy\u00a0jest ko\u015bci\u00f3\u0142 p.w. Narodzenia NMP, o konstrukcji ryglowej,\u00a0wzniesiony w pierwszej po\u0142owie XVIII w.<\/p>\n<p><a href=\"https:\/\/www.pomniki-przyrody.pl\/wp-content\/uploads\/2014\/07\/ko\u015bci\u00f3\u0142-w-Rynicy.jpg\"><img loading=\"lazy\" decoding=\"async\" class=\"aligncenter wp-image-6519 size-full\" title=\"ko\u015bci\u00f3\u0142 w Rynicy\" src=\"https:\/\/www.pomniki-przyrody.pl\/wp-content\/uploads\/2014\/07\/ko\u015bci\u00f3\u0142-w-Rynicy.jpg\" alt=\"\" width=\"1000\" height=\"750\" srcset=\"https:\/\/www.pomniki-przyrody.pl\/wp-content\/uploads\/2014\/07\/ko\u015bci\u00f3\u0142-w-Rynicy.jpg 1000w, https:\/\/www.pomniki-przyrody.pl\/wp-content\/uploads\/2014\/07\/ko\u015bci\u00f3\u0142-w-Rynicy-300x225.jpg 300w, https:\/\/www.pomniki-przyrody.pl\/wp-content\/uploads\/2014\/07\/ko\u015bci\u00f3\u0142-w-Rynicy-400x300.jpg 400w\" sizes=\"auto, (max-width: 1000px) 100vw, 1000px\" \/><\/a><\/p>\n<p>Tu\u017c poza wiosk\u0105 znajduje si\u0119 cmentarz poniemiecki, niegdy\u015b zdewastowany, kilka lat temu uprz\u0105tni\u0119ty i odrestaurowany.<\/p>\n<p><a href=\"https:\/\/www.pomniki-przyrody.pl\/wp-content\/uploads\/2014\/07\/cmentarz-poniemiecki-w-Rynicy.jpg\"><img loading=\"lazy\" decoding=\"async\" class=\"aligncenter wp-image-6516 size-full\" title=\"cmentarz poniemiecki w Rynicy\" src=\"https:\/\/www.pomniki-przyrody.pl\/wp-content\/uploads\/2014\/07\/cmentarz-poniemiecki-w-Rynicy.jpg\" alt=\"\" width=\"1000\" height=\"662\" srcset=\"https:\/\/www.pomniki-przyrody.pl\/wp-content\/uploads\/2014\/07\/cmentarz-poniemiecki-w-Rynicy.jpg 1000w, https:\/\/www.pomniki-przyrody.pl\/wp-content\/uploads\/2014\/07\/cmentarz-poniemiecki-w-Rynicy-300x198.jpg 300w, https:\/\/www.pomniki-przyrody.pl\/wp-content\/uploads\/2014\/07\/cmentarz-poniemiecki-w-Rynicy-453x300.jpg 453w\" sizes=\"auto, (max-width: 1000px) 100vw, 1000px\" \/><\/a><\/p>\n<p>Zwiedzaj\u0105c okolic\u0119 nie nale\u017cy zapomina\u0107 o parku podworskim (ok. 2,5 ha), w kt\u00f3rym mo\u017cna jeszcze odnale\u017a\u0107 ruiny dawnego zamku. Wprawdzie lata \u015bwietno\u015bci park ma ju\u017c za sob\u0105 i wymaga pilnej rewitalizacji, to znajdziemy w nim a\u017c 5 drzew o statusie pomnik\u00f3w przyrody. Wej\u015bcie do parku znajduje si\u0119 ok. 150 m od ko\u015bcio\u0142a, tam te\u017c ma pocz\u0105tek kr\u00f3tka aleja z\u0142o\u017cona z kasztanowc\u00f3w.<\/p>\n<p><a href=\"https:\/\/www.pomniki-przyrody.pl\/wp-content\/uploads\/2014\/07\/aleja-kasztanowcowapomnikowa-lipa-park-w-Rynicy.jpg\"><img loading=\"lazy\" decoding=\"async\" class=\"aligncenter wp-image-6514 size-full\" title=\"aleja kasztanowcowa - park w Rynicy\" src=\"https:\/\/www.pomniki-przyrody.pl\/wp-content\/uploads\/2014\/07\/aleja-kasztanowcowapomnikowa-lipa-park-w-Rynicy.jpg\" alt=\"\" width=\"1000\" height=\"750\" srcset=\"https:\/\/www.pomniki-przyrody.pl\/wp-content\/uploads\/2014\/07\/aleja-kasztanowcowapomnikowa-lipa-park-w-Rynicy.jpg 1000w, https:\/\/www.pomniki-przyrody.pl\/wp-content\/uploads\/2014\/07\/aleja-kasztanowcowapomnikowa-lipa-park-w-Rynicy-300x225.jpg 300w, https:\/\/www.pomniki-przyrody.pl\/wp-content\/uploads\/2014\/07\/aleja-kasztanowcowapomnikowa-lipa-park-w-Rynicy-400x300.jpg 400w\" sizes=\"auto, (max-width: 1000px) 100vw, 1000px\" \/><\/a><\/p>\n<p>Tu\u017c poza alej\u0105 ro\u015bnie pot\u0119\u017cny <strong>kasztanowiec bia\u0142y<\/strong> o obwodzie 400 cm i wysoko\u015bci 35 m.<\/p>\n<p><a href=\"https:\/\/www.pomniki-przyrody.pl\/wp-content\/uploads\/2014\/07\/pomnikowy-kasztanowiec-bia\u0142y-park-w-Rynicy.jpg\"><img loading=\"lazy\" decoding=\"async\" class=\"aligncenter wp-image-6529 size-full\" title=\"pomnikowy kasztanowiec bia\u0142y - park w Rynicy\" src=\"https:\/\/www.pomniki-przyrody.pl\/wp-content\/uploads\/2014\/07\/pomnikowy-kasztanowiec-bia\u0142y-park-w-Rynicy.jpg\" alt=\"\" width=\"750\" height=\"1000\" srcset=\"https:\/\/www.pomniki-przyrody.pl\/wp-content\/uploads\/2014\/07\/pomnikowy-kasztanowiec-bia\u0142y-park-w-Rynicy.jpg 750w, https:\/\/www.pomniki-przyrody.pl\/wp-content\/uploads\/2014\/07\/pomnikowy-kasztanowiec-bia\u0142y-park-w-Rynicy-225x300.jpg 225w\" sizes=\"auto, (max-width: 750px) 100vw, 750px\" \/><\/a><a href=\"https:\/\/www.pomniki-przyrody.pl\/wp-content\/uploads\/2014\/07\/pomnikowy-kasztanowiec-park-w-Rynicy.jpg\"><img loading=\"lazy\" decoding=\"async\" class=\"aligncenter wp-image-6528 size-full\" title=\"pomnikowy kasztanowiec - park w Rynicy\" src=\"https:\/\/www.pomniki-przyrody.pl\/wp-content\/uploads\/2014\/07\/pomnikowy-kasztanowiec-park-w-Rynicy.jpg\" alt=\"\" width=\"750\" height=\"1000\" srcset=\"https:\/\/www.pomniki-przyrody.pl\/wp-content\/uploads\/2014\/07\/pomnikowy-kasztanowiec-park-w-Rynicy.jpg 750w, https:\/\/www.pomniki-przyrody.pl\/wp-content\/uploads\/2014\/07\/pomnikowy-kasztanowiec-park-w-Rynicy-225x300.jpg 225w\" sizes=\"auto, (max-width: 750px) 100vw, 750px\" \/><\/a><a href=\"https:\/\/www.pomniki-przyrody.pl\/wp-content\/uploads\/2014\/07\/pie\u0144-pomnikowego-kasztanowca-park-w-Rynicy.jpg\"><img loading=\"lazy\" decoding=\"async\" class=\"aligncenter wp-image-6522 size-full\" title=\"pie\u0144 pomnikowego kasztanowca - park w Rynicy\" src=\"https:\/\/www.pomniki-przyrody.pl\/wp-content\/uploads\/2014\/07\/pie\u0144-pomnikowego-kasztanowca-park-w-Rynicy.jpg\" alt=\"\" width=\"750\" height=\"1000\" srcset=\"https:\/\/www.pomniki-przyrody.pl\/wp-content\/uploads\/2014\/07\/pie\u0144-pomnikowego-kasztanowca-park-w-Rynicy.jpg 750w, https:\/\/www.pomniki-przyrody.pl\/wp-content\/uploads\/2014\/07\/pie\u0144-pomnikowego-kasztanowca-park-w-Rynicy-225x300.jpg 225w\" sizes=\"auto, (max-width: 750px) 100vw, 750px\" \/><\/a>W pobli\u017cu odnajdziemy pomnikowy okaz <strong>platana klonolistnego<\/strong> o obwodzie 420 cm i wysoko\u015bci 26 metr\u00f3w.<\/p>\n<p><a href=\"https:\/\/www.pomniki-przyrody.pl\/wp-content\/uploads\/2014\/07\/pomnikowy-platanpomnikowa-lipa-park-w-Rynicy.jpg\"><img loading=\"lazy\" decoding=\"async\" class=\"aligncenter wp-image-6530 size-full\" title=\"pomnikowy platan - park w Rynicy\" src=\"https:\/\/www.pomniki-przyrody.pl\/wp-content\/uploads\/2014\/07\/pomnikowy-platanpomnikowa-lipa-park-w-Rynicy.jpg\" alt=\"\" width=\"750\" height=\"1000\" srcset=\"https:\/\/www.pomniki-przyrody.pl\/wp-content\/uploads\/2014\/07\/pomnikowy-platanpomnikowa-lipa-park-w-Rynicy.jpg 750w, https:\/\/www.pomniki-przyrody.pl\/wp-content\/uploads\/2014\/07\/pomnikowy-platanpomnikowa-lipa-park-w-Rynicy-225x300.jpg 225w\" sizes=\"auto, (max-width: 750px) 100vw, 750px\" \/><\/a><a href=\"https:\/\/www.pomniki-przyrody.pl\/wp-content\/uploads\/2014\/07\/pie\u0144-pomnikowego-platana-park-w-Rynicy.jpg\"><img loading=\"lazy\" decoding=\"async\" class=\"aligncenter wp-image-6523 size-full\" title=\"pie\u0144 pomnikowego platana - park w Rynicy\" src=\"https:\/\/www.pomniki-przyrody.pl\/wp-content\/uploads\/2014\/07\/pie\u0144-pomnikowego-platana-park-w-Rynicy.jpg\" alt=\"\" width=\"750\" height=\"1000\" srcset=\"https:\/\/www.pomniki-przyrody.pl\/wp-content\/uploads\/2014\/07\/pie\u0144-pomnikowego-platana-park-w-Rynicy.jpg 750w, https:\/\/www.pomniki-przyrody.pl\/wp-content\/uploads\/2014\/07\/pie\u0144-pomnikowego-platana-park-w-Rynicy-225x300.jpg 225w\" sizes=\"auto, (max-width: 750px) 100vw, 750px\" \/><\/a>W grupie pomnikowych drzew jest r\u00f3wnie\u017c uszkodzona <strong>lipa szerokolistna<\/strong> o obwodzie 360 cm.<\/p>\n<p><a href=\"https:\/\/www.pomniki-przyrody.pl\/wp-content\/uploads\/2014\/07\/pomnikowa-lipa-park-w-Rynicy.jpg\"><img loading=\"lazy\" decoding=\"async\" class=\"aligncenter wp-image-6526 size-full\" title=\"pomnikowa lipa - park w Rynicy\" src=\"https:\/\/www.pomniki-przyrody.pl\/wp-content\/uploads\/2014\/07\/pomnikowa-lipa-park-w-Rynicy.jpg\" alt=\"\" width=\"750\" height=\"1000\" srcset=\"https:\/\/www.pomniki-przyrody.pl\/wp-content\/uploads\/2014\/07\/pomnikowa-lipa-park-w-Rynicy.jpg 750w, https:\/\/www.pomniki-przyrody.pl\/wp-content\/uploads\/2014\/07\/pomnikowa-lipa-park-w-Rynicy-225x300.jpg 225w\" sizes=\"auto, (max-width: 750px) 100vw, 750px\" \/><\/a><a href=\"https:\/\/www.pomniki-przyrody.pl\/wp-content\/uploads\/2014\/07\/pie\u0144-pomnikowej-lipy-park-w-Rynicy.jpg\"><img loading=\"lazy\" decoding=\"async\" class=\"aligncenter wp-image-6524 size-full\" title=\"pie\u0144 pomnikowej lipy - park w Rynicy\" src=\"https:\/\/www.pomniki-przyrody.pl\/wp-content\/uploads\/2014\/07\/pie\u0144-pomnikowej-lipy-park-w-Rynicy.jpg\" alt=\"\" width=\"750\" height=\"1000\" srcset=\"https:\/\/www.pomniki-przyrody.pl\/wp-content\/uploads\/2014\/07\/pie\u0144-pomnikowej-lipy-park-w-Rynicy.jpg 750w, https:\/\/www.pomniki-przyrody.pl\/wp-content\/uploads\/2014\/07\/pie\u0144-pomnikowej-lipy-park-w-Rynicy-225x300.jpg 225w\" sizes=\"auto, (max-width: 750px) 100vw, 750px\" \/><\/a>Nieco dalej, po prawej stronie \u015bcie\u017cki przecinaj\u0105cej park, w pobli\u017cu cieku wodnego, zlokalizowana jest pomnikowa <strong>sosna wejmutka<\/strong> o obwodzie 200 cm, opleciona pot\u0119\u017cnym <strong>bluszczem<\/strong>. Drzewo wprawdzie utraci\u0142o koron\u0119 2 lata temu, ale dzi\u0119ki niespotykanie grubemu okazowi bluszczu nie utraci\u0142o walor\u00f3w pomnikowych.<\/p>\n<p><a href=\"https:\/\/www.pomniki-przyrody.pl\/wp-content\/uploads\/2014\/07\/pomnikowa-sosna-z-bluszczem-park-w-Rynicy.jpg\"><img loading=\"lazy\" decoding=\"async\" class=\"aligncenter wp-image-6527 size-full\" title=\"pomnikowa sosna z bluszczem - park w Rynicy\" src=\"https:\/\/www.pomniki-przyrody.pl\/wp-content\/uploads\/2014\/07\/pomnikowa-sosna-z-bluszczem-park-w-Rynicy.jpg\" alt=\"\" width=\"750\" height=\"1000\" srcset=\"https:\/\/www.pomniki-przyrody.pl\/wp-content\/uploads\/2014\/07\/pomnikowa-sosna-z-bluszczem-park-w-Rynicy.jpg 750w, https:\/\/www.pomniki-przyrody.pl\/wp-content\/uploads\/2014\/07\/pomnikowa-sosna-z-bluszczem-park-w-Rynicy-225x300.jpg 225w\" sizes=\"auto, (max-width: 750px) 100vw, 750px\" \/><\/a><a href=\"https:\/\/www.pomniki-przyrody.pl\/wp-content\/uploads\/2014\/07\/pie\u0144-pomnikowej-sosny-park-w-Rynicy.jpg\"><img loading=\"lazy\" decoding=\"async\" class=\"aligncenter wp-image-6525 size-full\" title=\"pie\u0144 pomnikowej sosny - park w Rynicy\" src=\"https:\/\/www.pomniki-przyrody.pl\/wp-content\/uploads\/2014\/07\/pie\u0144-pomnikowej-sosny-park-w-Rynicy.jpg\" alt=\"\" width=\"800\" height=\"1067\" srcset=\"https:\/\/www.pomniki-przyrody.pl\/wp-content\/uploads\/2014\/07\/pie\u0144-pomnikowej-sosny-park-w-Rynicy.jpg 800w, https:\/\/www.pomniki-przyrody.pl\/wp-content\/uploads\/2014\/07\/pie\u0144-pomnikowej-sosny-park-w-Rynicy-224x300.jpg 224w, https:\/\/www.pomniki-przyrody.pl\/wp-content\/uploads\/2014\/07\/pie\u0144-pomnikowej-sosny-park-w-Rynicy-767x1024.jpg 767w\" sizes=\"auto, (max-width: 800px) 100vw, 800px\" \/><\/a><a href=\"https:\/\/www.pomniki-przyrody.pl\/wp-content\/uploads\/2014\/07\/bluszcz-na-pomnikowej-so\u015bnie-park-w-Rynicy.jpg\"><img loading=\"lazy\" decoding=\"async\" class=\"aligncenter wp-image-6515 size-full\" title=\"bluszcz na pomnikowej so\u015bnie - park w Rynicy\" src=\"https:\/\/www.pomniki-przyrody.pl\/wp-content\/uploads\/2014\/07\/bluszcz-na-pomnikowej-so\u015bnie-park-w-Rynicy.jpg\" alt=\"\" width=\"750\" height=\"1000\" srcset=\"https:\/\/www.pomniki-przyrody.pl\/wp-content\/uploads\/2014\/07\/bluszcz-na-pomnikowej-so\u015bnie-park-w-Rynicy.jpg 750w, https:\/\/www.pomniki-przyrody.pl\/wp-content\/uploads\/2014\/07\/bluszcz-na-pomnikowej-so\u015bnie-park-w-Rynicy-225x300.jpg 225w\" sizes=\"auto, (max-width: 750px) 100vw, 750px\" \/><\/a><a href=\"https:\/\/www.pomniki-przyrody.pl\/wp-content\/uploads\/2014\/07\/pie\u0144-bluszczu-na-pomnikowej-so\u015bnie-park-w-Rynicy.jpg\"><img loading=\"lazy\" decoding=\"async\" class=\"aligncenter wp-image-6520 size-full\" title=\"pie\u0144 bluszczu na pomnikowej so\u015bnie - park w Rynicy\" src=\"https:\/\/www.pomniki-przyrody.pl\/wp-content\/uploads\/2014\/07\/pie\u0144-bluszczu-na-pomnikowej-so\u015bnie-park-w-Rynicy.jpg\" alt=\"\" width=\"750\" height=\"1000\" srcset=\"https:\/\/www.pomniki-przyrody.pl\/wp-content\/uploads\/2014\/07\/pie\u0144-bluszczu-na-pomnikowej-so\u015bnie-park-w-Rynicy.jpg 750w, https:\/\/www.pomniki-przyrody.pl\/wp-content\/uploads\/2014\/07\/pie\u0144-bluszczu-na-pomnikowej-so\u015bnie-park-w-Rynicy-225x300.jpg 225w\" sizes=\"auto, (max-width: 750px) 100vw, 750px\" \/><\/a><\/p>\n<p>Za strumykiem \u015bcie\u017cka skr\u0119ca w lewo i prowadzi do najcenniejszego drzewa w tym za\u0142o\u017ceniu parkowym &#8211; <strong>ogromnego d\u0119bu szypu\u0142kowego o nazwie &#8222;Piast&#8221;<\/strong>.<\/p>\n<p><a href=\"https:\/\/www.pomniki-przyrody.pl\/wp-content\/uploads\/2014\/07\/d\u0105b-Piast-park-w-Rynicy.jpg\"><img loading=\"lazy\" decoding=\"async\" class=\"aligncenter wp-image-6518 size-full\" title=\"d\u0105b Piast - park w Rynicy\" src=\"https:\/\/www.pomniki-przyrody.pl\/wp-content\/uploads\/2014\/07\/d\u0105b-Piast-park-w-Rynicy.jpg\" alt=\"\" width=\"750\" height=\"1000\" srcset=\"https:\/\/www.pomniki-przyrody.pl\/wp-content\/uploads\/2014\/07\/d\u0105b-Piast-park-w-Rynicy.jpg 750w, https:\/\/www.pomniki-przyrody.pl\/wp-content\/uploads\/2014\/07\/d\u0105b-Piast-park-w-Rynicy-225x300.jpg 225w\" sizes=\"auto, (max-width: 750px) 100vw, 750px\" \/><\/a><a href=\"https:\/\/www.pomniki-przyrody.pl\/wp-content\/uploads\/2014\/07\/d\u0105b-bezszypu\u0142kowy-Piast-park-w-Rynicy.jpg\"><img loading=\"lazy\" decoding=\"async\" class=\"aligncenter wp-image-6517 size-full\" title=\"d\u0105b bezszypu\u0142kowy Piast - park w Rynicy\" src=\"https:\/\/www.pomniki-przyrody.pl\/wp-content\/uploads\/2014\/07\/d\u0105b-bezszypu\u0142kowy-Piast-park-w-Rynicy.jpg\" alt=\"\" width=\"750\" height=\"1000\" srcset=\"https:\/\/www.pomniki-przyrody.pl\/wp-content\/uploads\/2014\/07\/d\u0105b-bezszypu\u0142kowy-Piast-park-w-Rynicy.jpg 750w, https:\/\/www.pomniki-przyrody.pl\/wp-content\/uploads\/2014\/07\/d\u0105b-bezszypu\u0142kowy-Piast-park-w-Rynicy-225x300.jpg 225w\" sizes=\"auto, (max-width: 750px) 100vw, 750px\" \/><\/a><\/p>\n<p>Okaz mierzy <strong>710<\/strong> cm w obwodzie, wysoko\u015b\u0107 d\u0119bu 32 metry. Jego wiek mo\u017cna oszacowa\u0107 na <strong>400<\/strong> lat ! W rejestrze wojew\u00f3dzkim &#8222;Piast&#8221; figuruje jako d\u0105b bezszypu\u0142kowy, co przez wiele lat wprowadza\u0142o pewne zamieszanie. Badania wykonane w ostatnich latach potwierdzi\u0142y i\u017c mamy do czynienia z d\u0119bem szypu\u0142kowym.<\/p>\n<p><a href=\"https:\/\/www.pomniki-przyrody.pl\/wp-content\/uploads\/2014\/07\/pie\u0144-d\u0119bu-bezszypu\u0142kowego-Piast-park-w-Rynicy.jpg\"><img loading=\"lazy\" decoding=\"async\" class=\"aligncenter wp-image-6521 size-full\" title=\"pie\u0144 d\u0119bu bezszypu\u0142kowego Piast - park w Rynicy\" src=\"https:\/\/www.pomniki-przyrody.pl\/wp-content\/uploads\/2014\/07\/pie\u0144-d\u0119bu-bezszypu\u0142kowego-Piast-park-w-Rynicy.jpg\" alt=\"\" width=\"750\" height=\"1000\" srcset=\"https:\/\/www.pomniki-przyrody.pl\/wp-content\/uploads\/2014\/07\/pie\u0144-d\u0119bu-bezszypu\u0142kowego-Piast-park-w-Rynicy.jpg 750w, https:\/\/www.pomniki-przyrody.pl\/wp-content\/uploads\/2014\/07\/pie\u0144-d\u0119bu-bezszypu\u0142kowego-Piast-park-w-Rynicy-225x300.jpg 225w\" sizes=\"auto, (max-width: 750px) 100vw, 750px\" \/><\/a>Na pniu opr\u00f3cz standardowej tabliczki &#8222;Pomnik Przyrody&#8221; wisi te\u017c druga, \u015bwiadcz\u0105ca o tym \u017ce pobrane z &#8222;Piasta&#8221; \u017co\u0142\u0119dzie oraz szczepki przechowywane s\u0105 w le\u015bnym banku gen\u00f3w.<\/p>\n<p><a href=\"https:\/\/www.pomniki-przyrody.pl\/wp-content\/uploads\/2014\/07\/tabliczka-na-d\u0119bie-Piast-w-Rynicy.jpg\"><img loading=\"lazy\" decoding=\"async\" class=\"aligncenter wp-image-6531 size-full\" title=\"tabliczka na d\u0119bie Piast w Rynicy\" src=\"https:\/\/www.pomniki-przyrody.pl\/wp-content\/uploads\/2014\/07\/tabliczka-na-d\u0119bie-Piast-w-Rynicy.jpg\" alt=\"\" width=\"500\" height=\"664\" srcset=\"https:\/\/www.pomniki-przyrody.pl\/wp-content\/uploads\/2014\/07\/tabliczka-na-d\u0119bie-Piast-w-Rynicy.jpg 500w, https:\/\/www.pomniki-przyrody.pl\/wp-content\/uploads\/2014\/07\/tabliczka-na-d\u0119bie-Piast-w-Rynicy-225x300.jpg 225w\" sizes=\"auto, (max-width: 500px) 100vw, 500px\" \/><\/a><\/p>\n<p>Z formalnego punktu widzenia, wzd\u0142u\u017c cieku wodnego przecinaj\u0105cego park, przebiega granica mi\u0119dzy gmina Widuchowa i Chojna. Administracyjnie &#8222;Piast&#8221; ro\u015bnie wi\u0119c na terenie gminy Chojna.<\/p>\n","protected":false},"excerpt":{"rendered":"<p>Rynica (powiat gryfi\u0144ski) to \u015bredniej wielko\u015bci wie\u015b o kszta\u0142cie owalnicy, po\u0142o\u017cna w po\u0142udniowo &#8211; wschodniej\u00a0cz\u0119\u015bci Gminy Widuchowa, w odleg\u0142o\u015bci 2 km od drogi krajowej nr 31 S\u0142ubice &#8211; Szczecin (zjazd do miejscowo\u015bci mi\u0119dzy Chojn\u0105 a Widuchow\u0105). Jedn\u0105 z niewielu zabytkowych &hellip; <a href=\"https:\/\/www.pomniki-przyrody.pl\/?p=6513\">Czytaj dalej <span class=\"meta-nav\">&rarr;<\/span><\/a><\/p>\n","protected":false},"author":2,"featured_media":0,"comment_status":"open","ping_status":"open","sticky":false,"template":"","format":"standard","meta":{"footnotes":""},"categories":[1],"tags":[989,988,996,987,990,991],"class_list":["post-6513","post","type-post","status-publish","format-standard","hentry","category-przyroda-ozywiona","tag-dab-piast","tag-gmina-widuchowa","tag-najgrubszy-dab-bezszypulkowy","tag-rynica","tag-rynica-kosciol","tag-rynica-park"],"_links":{"self":[{"href":"https:\/\/www.pomniki-przyrody.pl\/index.php?rest_route=\/wp\/v2\/posts\/6513","targetHints":{"allow":["GET"]}}],"collection":[{"href":"https:\/\/www.pomniki-przyrody.pl\/index.php?rest_route=\/wp\/v2\/posts"}],"about":[{"href":"https:\/\/www.pomniki-przyrody.pl\/index.php?rest_route=\/wp\/v2\/types\/post"}],"author":[{"embeddable":true,"href":"https:\/\/www.pomniki-przyrody.pl\/index.php?rest_route=\/wp\/v2\/users\/2"}],"replies":[{"embeddable":true,"href":"https:\/\/www.pomniki-przyrody.pl\/index.php?rest_route=%2Fwp%2Fv2%2Fcomments&post=6513"}],"version-history":[{"count":2,"href":"https:\/\/www.pomniki-przyrody.pl\/index.php?rest_route=\/wp\/v2\/posts\/6513\/revisions"}],"predecessor-version":[{"id":16988,"href":"https:\/\/www.pomniki-przyrody.pl\/index.php?rest_route=\/wp\/v2\/posts\/6513\/revisions\/16988"}],"wp:attachment":[{"href":"https:\/\/www.pomniki-przyrody.pl\/index.php?rest_route=%2Fwp%2Fv2%2Fmedia&parent=6513"}],"wp:term":[{"taxonomy":"category","embeddable":true,"href":"https:\/\/www.pomniki-przyrody.pl\/index.php?rest_route=%2Fwp%2Fv2%2Fcategories&post=6513"},{"taxonomy":"post_tag","embeddable":true,"href":"https:\/\/www.pomniki-przyrody.pl\/index.php?rest_route=%2Fwp%2Fv2%2Ftags&post=6513"}],"curies":[{"name":"wp","href":"https:\/\/api.w.org\/{rel}","templated":true}]}}