{"id":6862,"date":"2014-09-22T15:10:46","date_gmt":"2014-09-22T13:10:46","guid":{"rendered":"http:\/\/www.pomniki-przyrody.pl\/?p=6862"},"modified":"2014-09-22T15:10:46","modified_gmt":"2014-09-22T13:10:46","slug":"pomniki-przyrody-w-wierzchnie-i-jasienicy-gm-brody","status":"publish","type":"post","link":"https:\/\/www.pomniki-przyrody.pl\/?p=6862","title":{"rendered":"Pomniki przyrody w Wierzchnie i Jasienicy (gm. Brody)."},"content":{"rendered":"<p>Wierzchno i Jasienica to dwie s\u0105siaduj\u0105ce ze sob\u0105 wsie po\u0142o\u017cone kilka kilometr\u00f3w na p\u00f3\u0142noc od <a title=\"Pomnikowy platan w Brodach (pow. \u017carski).\" href=\"https:\/\/www.pomniki-przyrody.pl\/?p=6809\"><span style=\"color: #0000ff;\">Brod\u00f3w<\/span><\/a>. W obu miejscowo\u015bciach znajduj\u0105 si\u0119 stare &#8211; niestety zaniedbane &#8211; za\u0142o\u017cenia parkowe, przylegaj\u0105ce do niestniej\u0105cych ju\u017c obecnie pa\u0142ac\u00f3w. S\u0119dziwe, najbardziej okaza\u0142e egzemplarze drzew chronione s\u0105 jako pomniki przyrody o\u017cywionej.<\/p>\n<p>\u0141atwiej odnale\u017a\u0107 pomnikowe drzewa w parku w Wierzchnie. Skupione s\u0105 blisko siebie, przy drodze przecinaj\u0105cej park. W tej grupie wyr\u00f3\u017cnia si\u0119 okaza\u0142y <strong>platan klonolistny<\/strong>, o obwodzie 360 cm i wysoko\u015bci 25 metr\u00f3w.<\/p>\n<p>GPS\u00a0N 51\u00b050\u203250.51\u2033, E 14\u00b046\u203205.66\u2033<\/p>\n<p><a href=\"https:\/\/www.pomniki-przyrody.pl\/wp-content\/uploads\/2014\/09\/Wierzchno-pomnikowy-platan.jpg\"><img loading=\"lazy\" decoding=\"async\" class=\"aligncenter wp-image-6884 size-full\" title=\"Wierzchno - pomnikowy platan\" src=\"https:\/\/www.pomniki-przyrody.pl\/wp-content\/uploads\/2014\/09\/Wierzchno-pomnikowy-platan.jpg\" alt=\"\" width=\"750\" height=\"1132\" srcset=\"https:\/\/www.pomniki-przyrody.pl\/wp-content\/uploads\/2014\/09\/Wierzchno-pomnikowy-platan.jpg 750w, https:\/\/www.pomniki-przyrody.pl\/wp-content\/uploads\/2014\/09\/Wierzchno-pomnikowy-platan-198x300.jpg 198w, https:\/\/www.pomniki-przyrody.pl\/wp-content\/uploads\/2014\/09\/Wierzchno-pomnikowy-platan-678x1024.jpg 678w\" sizes=\"auto, (max-width: 750px) 100vw, 750px\" \/><\/a><a href=\"https:\/\/www.pomniki-przyrody.pl\/wp-content\/uploads\/2014\/09\/pomnikowy-platan-park-w-Wierzchnie.jpg\"><img loading=\"lazy\" decoding=\"async\" class=\"aligncenter wp-image-6881 size-full\" title=\"pomnikowy platan - park w Wierzchnie\" src=\"https:\/\/www.pomniki-przyrody.pl\/wp-content\/uploads\/2014\/09\/pomnikowy-platan-park-w-Wierzchnie.jpg\" alt=\"\" width=\"750\" height=\"1132\" srcset=\"https:\/\/www.pomniki-przyrody.pl\/wp-content\/uploads\/2014\/09\/pomnikowy-platan-park-w-Wierzchnie.jpg 750w, https:\/\/www.pomniki-przyrody.pl\/wp-content\/uploads\/2014\/09\/pomnikowy-platan-park-w-Wierzchnie-198x300.jpg 198w, https:\/\/www.pomniki-przyrody.pl\/wp-content\/uploads\/2014\/09\/pomnikowy-platan-park-w-Wierzchnie-678x1024.jpg 678w\" sizes=\"auto, (max-width: 750px) 100vw, 750px\" \/><\/a><\/p>\n<p>Obok znajduje si\u0119 grupa 5 pomnikowych d\u0119b\u00f3w o obwodach 320 &#8211; 430 cm.<\/p>\n<p><a href=\"https:\/\/www.pomniki-przyrody.pl\/wp-content\/uploads\/2014\/09\/pomnikowe-d\u0119by-park-w-Wierzchnie.jpg\"><img loading=\"lazy\" decoding=\"async\" class=\"aligncenter wp-image-6875 size-full\" title=\"pomnikowe d\u0119by - park w Wierzchnie\" src=\"https:\/\/www.pomniki-przyrody.pl\/wp-content\/uploads\/2014\/09\/pomnikowe-d\u0119by-park-w-Wierzchnie.jpg\" alt=\"\" width=\"1000\" height=\"662\" srcset=\"https:\/\/www.pomniki-przyrody.pl\/wp-content\/uploads\/2014\/09\/pomnikowe-d\u0119by-park-w-Wierzchnie.jpg 1000w, https:\/\/www.pomniki-przyrody.pl\/wp-content\/uploads\/2014\/09\/pomnikowe-d\u0119by-park-w-Wierzchnie-300x198.jpg 300w, https:\/\/www.pomniki-przyrody.pl\/wp-content\/uploads\/2014\/09\/pomnikowe-d\u0119by-park-w-Wierzchnie-453x300.jpg 453w\" sizes=\"auto, (max-width: 1000px) 100vw, 1000px\" \/><\/a><a href=\"https:\/\/www.pomniki-przyrody.pl\/wp-content\/uploads\/2014\/09\/skupienie-pomnikowych-deb\u00f3w-w-Wierzchnie.jpg\"><img loading=\"lazy\" decoding=\"async\" class=\"aligncenter wp-image-6883 size-full\" title=\"skupienie pomnikowych d\u0119b\u00f3w w Wierzchnie\" src=\"https:\/\/www.pomniki-przyrody.pl\/wp-content\/uploads\/2014\/09\/skupienie-pomnikowych-deb\u00f3w-w-Wierzchnie.jpg\" alt=\"\" width=\"750\" height=\"1132\" srcset=\"https:\/\/www.pomniki-przyrody.pl\/wp-content\/uploads\/2014\/09\/skupienie-pomnikowych-deb\u00f3w-w-Wierzchnie.jpg 750w, https:\/\/www.pomniki-przyrody.pl\/wp-content\/uploads\/2014\/09\/skupienie-pomnikowych-deb\u00f3w-w-Wierzchnie-198x300.jpg 198w, https:\/\/www.pomniki-przyrody.pl\/wp-content\/uploads\/2014\/09\/skupienie-pomnikowych-deb\u00f3w-w-Wierzchnie-678x1024.jpg 678w\" sizes=\"auto, (max-width: 750px) 100vw, 750px\" \/><\/a><a href=\"https:\/\/www.pomniki-przyrody.pl\/wp-content\/uploads\/2014\/09\/pomnikowe-d\u0119by-w-Wierzchnie.jpg\"><img loading=\"lazy\" decoding=\"async\" class=\"aligncenter wp-image-6876 size-full\" title=\"pomnikowe d\u0119by w Wierzchnie\" src=\"https:\/\/www.pomniki-przyrody.pl\/wp-content\/uploads\/2014\/09\/pomnikowe-d\u0119by-w-Wierzchnie.jpg\" alt=\"\" width=\"1000\" height=\"662\" srcset=\"https:\/\/www.pomniki-przyrody.pl\/wp-content\/uploads\/2014\/09\/pomnikowe-d\u0119by-w-Wierzchnie.jpg 1000w, https:\/\/www.pomniki-przyrody.pl\/wp-content\/uploads\/2014\/09\/pomnikowe-d\u0119by-w-Wierzchnie-300x198.jpg 300w, https:\/\/www.pomniki-przyrody.pl\/wp-content\/uploads\/2014\/09\/pomnikowe-d\u0119by-w-Wierzchnie-453x300.jpg 453w\" sizes=\"auto, (max-width: 1000px) 100vw, 1000px\" \/><\/a><\/p>\n<p><a href=\"https:\/\/www.pomniki-przyrody.pl\/wp-content\/uploads\/2014\/09\/grupa-pomnikowych-d\u0119b\u00f3w-w-parku-w-Wierzchnie.jpg\"><img loading=\"lazy\" decoding=\"async\" class=\"aligncenter wp-image-6866 size-full\" title=\"grupa pomnikowych d\u0119b\u00f3w w parku w Wierzchnie\" src=\"https:\/\/www.pomniki-przyrody.pl\/wp-content\/uploads\/2014\/09\/grupa-pomnikowych-d\u0119b\u00f3w-w-parku-w-Wierzchnie.jpg\" alt=\"\" width=\"1000\" height=\"662\" srcset=\"https:\/\/www.pomniki-przyrody.pl\/wp-content\/uploads\/2014\/09\/grupa-pomnikowych-d\u0119b\u00f3w-w-parku-w-Wierzchnie.jpg 1000w, https:\/\/www.pomniki-przyrody.pl\/wp-content\/uploads\/2014\/09\/grupa-pomnikowych-d\u0119b\u00f3w-w-parku-w-Wierzchnie-300x198.jpg 300w, https:\/\/www.pomniki-przyrody.pl\/wp-content\/uploads\/2014\/09\/grupa-pomnikowych-d\u0119b\u00f3w-w-parku-w-Wierzchnie-453x300.jpg 453w\" sizes=\"auto, (max-width: 1000px) 100vw, 1000px\" \/><\/a><a href=\"https:\/\/www.pomniki-przyrody.pl\/wp-content\/uploads\/2014\/09\/jeden-z-pomnikowych-d\u0119b\u00f3w-park-w-Wierzchnie.jpg\"><img loading=\"lazy\" decoding=\"async\" class=\"aligncenter wp-image-6867 size-full\" title=\"jeden z pomnikowych d\u0119b\u00f3w - park w Wierzchnie\" src=\"https:\/\/www.pomniki-przyrody.pl\/wp-content\/uploads\/2014\/09\/jeden-z-pomnikowych-d\u0119b\u00f3w-park-w-Wierzchnie.jpg\" alt=\"\" width=\"750\" height=\"1132\" srcset=\"https:\/\/www.pomniki-przyrody.pl\/wp-content\/uploads\/2014\/09\/jeden-z-pomnikowych-d\u0119b\u00f3w-park-w-Wierzchnie.jpg 750w, https:\/\/www.pomniki-przyrody.pl\/wp-content\/uploads\/2014\/09\/jeden-z-pomnikowych-d\u0119b\u00f3w-park-w-Wierzchnie-198x300.jpg 198w, https:\/\/www.pomniki-przyrody.pl\/wp-content\/uploads\/2014\/09\/jeden-z-pomnikowych-d\u0119b\u00f3w-park-w-Wierzchnie-678x1024.jpg 678w\" sizes=\"auto, (max-width: 750px) 100vw, 750px\" \/><\/a><\/p>\n<p><a href=\"https:\/\/www.pomniki-przyrody.pl\/wp-content\/uploads\/2014\/09\/pie\u0144-pomnikowego-debu-w-Wierzchnie.jpg\"><img loading=\"lazy\" decoding=\"async\" class=\"aligncenter wp-image-6871 size-full\" title=\"pie\u0144 pomnikowego d\u0119bu w Wierzchnie\" src=\"https:\/\/www.pomniki-przyrody.pl\/wp-content\/uploads\/2014\/09\/pie\u0144-pomnikowego-debu-w-Wierzchnie.jpg\" alt=\"\" width=\"750\" height=\"1132\" srcset=\"https:\/\/www.pomniki-przyrody.pl\/wp-content\/uploads\/2014\/09\/pie\u0144-pomnikowego-debu-w-Wierzchnie.jpg 750w, https:\/\/www.pomniki-przyrody.pl\/wp-content\/uploads\/2014\/09\/pie\u0144-pomnikowego-debu-w-Wierzchnie-198x300.jpg 198w, https:\/\/www.pomniki-przyrody.pl\/wp-content\/uploads\/2014\/09\/pie\u0144-pomnikowego-debu-w-Wierzchnie-678x1024.jpg 678w\" sizes=\"auto, (max-width: 750px) 100vw, 750px\" \/><\/a><\/p>\n<p>3 d\u0119by, platan i buk pospolity to pomnikowe drzewa w Jasienicy. Za\u0142o\u017cenie parkowe znajduje si\u0119 na wschodnim kra\u0144cu wsi, cz\u0119\u015bciowo granicz\u0105c z drog\u0105 285. Dwa pomnikowe d\u0119by (tylko one oznaczone s\u0105 tabliczk\u0105) rosn\u0105ce na skraju parku, widoczne s\u0105 z drogi. Pierwszy z nich o obwodzie 520 cm i wysoko\u015bci 28 m ro\u015bnie naprzeciw ostanich zabudowa\u0144.<\/p>\n<p>GPS\u00a0N 51\u00b050\u203233.94\u2033, E 14\u00b048\u203245.92\u2033<\/p>\n<p><a href=\"https:\/\/www.pomniki-przyrody.pl\/wp-content\/uploads\/2014\/09\/pomnikowy-d\u0105b-przy-drodze-w-Jasienicy.jpg\"><img loading=\"lazy\" decoding=\"async\" class=\"aligncenter wp-image-6879 size-full\" title=\"pomnikowy d\u0105b przy drodze w Jasienicy\" src=\"https:\/\/www.pomniki-przyrody.pl\/wp-content\/uploads\/2014\/09\/pomnikowy-d\u0105b-przy-drodze-w-Jasienicy.jpg\" alt=\"\" width=\"750\" height=\"1132\" srcset=\"https:\/\/www.pomniki-przyrody.pl\/wp-content\/uploads\/2014\/09\/pomnikowy-d\u0105b-przy-drodze-w-Jasienicy.jpg 750w, https:\/\/www.pomniki-przyrody.pl\/wp-content\/uploads\/2014\/09\/pomnikowy-d\u0105b-przy-drodze-w-Jasienicy-198x300.jpg 198w, https:\/\/www.pomniki-przyrody.pl\/wp-content\/uploads\/2014\/09\/pomnikowy-d\u0105b-przy-drodze-w-Jasienicy-678x1024.jpg 678w\" sizes=\"auto, (max-width: 750px) 100vw, 750px\" \/><\/a><a href=\"https:\/\/www.pomniki-przyrody.pl\/wp-content\/uploads\/2014\/09\/pie\u0144-pomnikowego-d\u0119bu-na-skraju-parku-w-Jasienicy.jpg\"><img loading=\"lazy\" decoding=\"async\" class=\"aligncenter wp-image-6872 size-full\" title=\"pie\u0144 pomnikowego d\u0119bu na skraju parku w Jasienicy\" src=\"https:\/\/www.pomniki-przyrody.pl\/wp-content\/uploads\/2014\/09\/pie\u0144-pomnikowego-d\u0119bu-na-skraju-parku-w-Jasienicy.jpg\" alt=\"\" width=\"750\" height=\"1132\" srcset=\"https:\/\/www.pomniki-przyrody.pl\/wp-content\/uploads\/2014\/09\/pie\u0144-pomnikowego-d\u0119bu-na-skraju-parku-w-Jasienicy.jpg 750w, https:\/\/www.pomniki-przyrody.pl\/wp-content\/uploads\/2014\/09\/pie\u0144-pomnikowego-d\u0119bu-na-skraju-parku-w-Jasienicy-198x300.jpg 198w, https:\/\/www.pomniki-przyrody.pl\/wp-content\/uploads\/2014\/09\/pie\u0144-pomnikowego-d\u0119bu-na-skraju-parku-w-Jasienicy-678x1024.jpg 678w\" sizes=\"auto, (max-width: 750px) 100vw, 750px\" \/><\/a><\/p>\n<p>Drugi \u00a0o obwodzie 390 cm ro\u015bnie bli\u017cej tablicy oznaczaj\u0105cej koniec obszaru zabudowanego.<\/p>\n<p><a href=\"https:\/\/www.pomniki-przyrody.pl\/wp-content\/uploads\/2014\/09\/pomnikowy-d\u0105b-na-skraju-wsi-Jasienica.jpg\"><img loading=\"lazy\" decoding=\"async\" class=\"aligncenter wp-image-6878 size-full\" title=\"pomnikowy d\u0105b na skraju wsi Jasienica\" src=\"https:\/\/www.pomniki-przyrody.pl\/wp-content\/uploads\/2014\/09\/pomnikowy-d\u0105b-na-skraju-wsi-Jasienica.jpg\" alt=\"\" width=\"750\" height=\"1132\" srcset=\"https:\/\/www.pomniki-przyrody.pl\/wp-content\/uploads\/2014\/09\/pomnikowy-d\u0105b-na-skraju-wsi-Jasienica.jpg 750w, https:\/\/www.pomniki-przyrody.pl\/wp-content\/uploads\/2014\/09\/pomnikowy-d\u0105b-na-skraju-wsi-Jasienica-198x300.jpg 198w, https:\/\/www.pomniki-przyrody.pl\/wp-content\/uploads\/2014\/09\/pomnikowy-d\u0105b-na-skraju-wsi-Jasienica-678x1024.jpg 678w\" sizes=\"auto, (max-width: 750px) 100vw, 750px\" \/><\/a><a href=\"https:\/\/www.pomniki-przyrody.pl\/wp-content\/uploads\/2014\/09\/pomnikowy-d\u0105b-w-Jasienicy.jpg\"><img loading=\"lazy\" decoding=\"async\" class=\"aligncenter wp-image-6880 size-full\" title=\"pomnikowy d\u0105b w Jasienicy\" src=\"https:\/\/www.pomniki-przyrody.pl\/wp-content\/uploads\/2014\/09\/pomnikowy-d\u0105b-w-Jasienicy.jpg\" alt=\"\" width=\"750\" height=\"1132\" srcset=\"https:\/\/www.pomniki-przyrody.pl\/wp-content\/uploads\/2014\/09\/pomnikowy-d\u0105b-w-Jasienicy.jpg 750w, https:\/\/www.pomniki-przyrody.pl\/wp-content\/uploads\/2014\/09\/pomnikowy-d\u0105b-w-Jasienicy-198x300.jpg 198w, https:\/\/www.pomniki-przyrody.pl\/wp-content\/uploads\/2014\/09\/pomnikowy-d\u0105b-w-Jasienicy-678x1024.jpg 678w\" sizes=\"auto, (max-width: 750px) 100vw, 750px\" \/><\/a><a href=\"https:\/\/www.pomniki-przyrody.pl\/wp-content\/uploads\/2014\/09\/pie\u0144-pomnikowego-d\u0119bu-w-Jasienicy.jpg\"><img loading=\"lazy\" decoding=\"async\" class=\"aligncenter wp-image-6873 size-full\" title=\"pie\u0144 pomnikowego d\u0119bu w Jasienicy\" src=\"https:\/\/www.pomniki-przyrody.pl\/wp-content\/uploads\/2014\/09\/pie\u0144-pomnikowego-d\u0119bu-w-Jasienicy.jpg\" alt=\"\" width=\"750\" height=\"1132\" srcset=\"https:\/\/www.pomniki-przyrody.pl\/wp-content\/uploads\/2014\/09\/pie\u0144-pomnikowego-d\u0119bu-w-Jasienicy.jpg 750w, https:\/\/www.pomniki-przyrody.pl\/wp-content\/uploads\/2014\/09\/pie\u0144-pomnikowego-d\u0119bu-w-Jasienicy-198x300.jpg 198w, https:\/\/www.pomniki-przyrody.pl\/wp-content\/uploads\/2014\/09\/pie\u0144-pomnikowego-d\u0119bu-w-Jasienicy-678x1024.jpg 678w\" sizes=\"auto, (max-width: 750px) 100vw, 750px\" \/><\/a><\/p>\n<p>Spaceruj\u0105c alejami parkowymi odnajdziemy kolejne pomnikowe drzewa.<\/p>\n<p><a href=\"https:\/\/www.pomniki-przyrody.pl\/wp-content\/uploads\/2014\/09\/aleja-parkowa-w-Jasienicy.jpg\"><img loading=\"lazy\" decoding=\"async\" class=\"aligncenter wp-image-6864 size-full\" title=\"aleja parkowa w Jasienicy\" src=\"https:\/\/www.pomniki-przyrody.pl\/wp-content\/uploads\/2014\/09\/aleja-parkowa-w-Jasienicy.jpg\" alt=\"\" width=\"1000\" height=\"662\" srcset=\"https:\/\/www.pomniki-przyrody.pl\/wp-content\/uploads\/2014\/09\/aleja-parkowa-w-Jasienicy.jpg 1000w, https:\/\/www.pomniki-przyrody.pl\/wp-content\/uploads\/2014\/09\/aleja-parkowa-w-Jasienicy-300x198.jpg 300w, https:\/\/www.pomniki-przyrody.pl\/wp-content\/uploads\/2014\/09\/aleja-parkowa-w-Jasienicy-453x300.jpg 453w\" sizes=\"auto, (max-width: 1000px) 100vw, 1000px\" \/><\/a><\/p>\n<p><a href=\"https:\/\/www.pomniki-przyrody.pl\/wp-content\/uploads\/2014\/09\/aleja-parkowa-w-Jasienicy-z-okaza\u0142ymi-d\u0119bami.jpg\"><img loading=\"lazy\" decoding=\"async\" class=\"aligncenter wp-image-6863 size-full\" title=\"aleja parkowa w Jasienicy z okaza\u0142ymi d\u0119bami\" src=\"https:\/\/www.pomniki-przyrody.pl\/wp-content\/uploads\/2014\/09\/aleja-parkowa-w-Jasienicy-z-okaza\u0142ymi-d\u0119bami.jpg\" alt=\"\" width=\"1000\" height=\"750\" srcset=\"https:\/\/www.pomniki-przyrody.pl\/wp-content\/uploads\/2014\/09\/aleja-parkowa-w-Jasienicy-z-okaza\u0142ymi-d\u0119bami.jpg 1000w, https:\/\/www.pomniki-przyrody.pl\/wp-content\/uploads\/2014\/09\/aleja-parkowa-w-Jasienicy-z-okaza\u0142ymi-d\u0119bami-300x225.jpg 300w, https:\/\/www.pomniki-przyrody.pl\/wp-content\/uploads\/2014\/09\/aleja-parkowa-w-Jasienicy-z-okaza\u0142ymi-d\u0119bami-400x300.jpg 400w\" sizes=\"auto, (max-width: 1000px) 100vw, 1000px\" \/><\/a><\/p>\n<p><a href=\"https:\/\/www.pomniki-przyrody.pl\/wp-content\/uploads\/2014\/09\/okaza\u0142y-d\u0105b-park-w-Jasienicy.jpg\"><img loading=\"lazy\" decoding=\"async\" class=\"aligncenter wp-image-6868 size-full\" title=\"okaza\u0142y d\u0105b - park w Jasienicy\" src=\"https:\/\/www.pomniki-przyrody.pl\/wp-content\/uploads\/2014\/09\/okaza\u0142y-d\u0105b-park-w-Jasienicy.jpg\" alt=\"\" width=\"750\" height=\"1132\" srcset=\"https:\/\/www.pomniki-przyrody.pl\/wp-content\/uploads\/2014\/09\/okaza\u0142y-d\u0105b-park-w-Jasienicy.jpg 750w, https:\/\/www.pomniki-przyrody.pl\/wp-content\/uploads\/2014\/09\/okaza\u0142y-d\u0105b-park-w-Jasienicy-198x300.jpg 198w, https:\/\/www.pomniki-przyrody.pl\/wp-content\/uploads\/2014\/09\/okaza\u0142y-d\u0105b-park-w-Jasienicy-678x1024.jpg 678w\" sizes=\"auto, (max-width: 750px) 100vw, 750px\" \/><\/a><\/p>\n<p>W grupie tej wyr\u00f3\u017cnia si\u0119 ogromny platan klonolistny o obwodzie 470 cm.<\/p>\n<p><a href=\"https:\/\/www.pomniki-przyrody.pl\/wp-content\/uploads\/2014\/09\/pomnikowy-platan-w-Jasienicy.jpg\"><img loading=\"lazy\" decoding=\"async\" class=\"aligncenter wp-image-6882 size-full\" title=\"pomnikowy platan w Jasienicy\" src=\"https:\/\/www.pomniki-przyrody.pl\/wp-content\/uploads\/2014\/09\/pomnikowy-platan-w-Jasienicy.jpg\" alt=\"\" width=\"750\" height=\"1132\" srcset=\"https:\/\/www.pomniki-przyrody.pl\/wp-content\/uploads\/2014\/09\/pomnikowy-platan-w-Jasienicy.jpg 750w, https:\/\/www.pomniki-przyrody.pl\/wp-content\/uploads\/2014\/09\/pomnikowy-platan-w-Jasienicy-198x300.jpg 198w, https:\/\/www.pomniki-przyrody.pl\/wp-content\/uploads\/2014\/09\/pomnikowy-platan-w-Jasienicy-678x1024.jpg 678w\" sizes=\"auto, (max-width: 750px) 100vw, 750px\" \/><\/a><a href=\"https:\/\/www.pomniki-przyrody.pl\/wp-content\/uploads\/2014\/09\/pie\u0144-pomnikowego-platana-park-w-Jasienicy.jpg\"><img loading=\"lazy\" decoding=\"async\" class=\"aligncenter wp-image-6874 size-full\" title=\"pie\u0144 pomnikowego platana - park w Jasienicy\" src=\"https:\/\/www.pomniki-przyrody.pl\/wp-content\/uploads\/2014\/09\/pie\u0144-pomnikowego-platana-park-w-Jasienicy.jpg\" alt=\"\" width=\"750\" height=\"1132\" srcset=\"https:\/\/www.pomniki-przyrody.pl\/wp-content\/uploads\/2014\/09\/pie\u0144-pomnikowego-platana-park-w-Jasienicy.jpg 750w, https:\/\/www.pomniki-przyrody.pl\/wp-content\/uploads\/2014\/09\/pie\u0144-pomnikowego-platana-park-w-Jasienicy-198x300.jpg 198w, https:\/\/www.pomniki-przyrody.pl\/wp-content\/uploads\/2014\/09\/pie\u0144-pomnikowego-platana-park-w-Jasienicy-678x1024.jpg 678w\" sizes=\"auto, (max-width: 750px) 100vw, 750px\" \/><\/a><\/p>\n<p>W pobli\u017cu ro\u015bnie pomnikowy okaz buka pospolitego o obwodzie 430 cm.<\/p>\n<p><a href=\"https:\/\/www.pomniki-przyrody.pl\/wp-content\/uploads\/2014\/09\/pomnikowy-buk-park-w-Jasienicy.jpg\"><img loading=\"lazy\" decoding=\"async\" class=\"aligncenter wp-image-6877 size-full\" title=\"pomnikowy buk - park w Jasienicy\" src=\"https:\/\/www.pomniki-przyrody.pl\/wp-content\/uploads\/2014\/09\/pomnikowy-buk-park-w-Jasienicy.jpg\" alt=\"\" width=\"750\" height=\"1132\" srcset=\"https:\/\/www.pomniki-przyrody.pl\/wp-content\/uploads\/2014\/09\/pomnikowy-buk-park-w-Jasienicy.jpg 750w, https:\/\/www.pomniki-przyrody.pl\/wp-content\/uploads\/2014\/09\/pomnikowy-buk-park-w-Jasienicy-198x300.jpg 198w, https:\/\/www.pomniki-przyrody.pl\/wp-content\/uploads\/2014\/09\/pomnikowy-buk-park-w-Jasienicy-678x1024.jpg 678w\" sizes=\"auto, (max-width: 750px) 100vw, 750px\" \/><\/a><a href=\"https:\/\/www.pomniki-przyrody.pl\/wp-content\/uploads\/2014\/09\/pie\u0144-pomnikowego-buka-park-w-Jasienicy.jpg\"><img loading=\"lazy\" decoding=\"async\" class=\"aligncenter wp-image-6870 size-full\" title=\"pie\u0144 pomnikowego buka - park w Jasienicy\" src=\"https:\/\/www.pomniki-przyrody.pl\/wp-content\/uploads\/2014\/09\/pie\u0144-pomnikowego-buka-park-w-Jasienicy.jpg\" alt=\"\" width=\"750\" height=\"1132\" srcset=\"https:\/\/www.pomniki-przyrody.pl\/wp-content\/uploads\/2014\/09\/pie\u0144-pomnikowego-buka-park-w-Jasienicy.jpg 750w, https:\/\/www.pomniki-przyrody.pl\/wp-content\/uploads\/2014\/09\/pie\u0144-pomnikowego-buka-park-w-Jasienicy-198x300.jpg 198w, https:\/\/www.pomniki-przyrody.pl\/wp-content\/uploads\/2014\/09\/pie\u0144-pomnikowego-buka-park-w-Jasienicy-678x1024.jpg 678w\" sizes=\"auto, (max-width: 750px) 100vw, 750px\" \/><\/a><\/p>\n<p>Zagadkow\u0105 budowl\u0105 w parku jest opuszczony i niszczej\u0105cy dworek o klasycystycznej architekturze.<\/p>\n<p><a href=\"https:\/\/www.pomniki-przyrody.pl\/wp-content\/uploads\/2014\/09\/pa\u0142acyk-w-parku-w-Jasienicy.jpg\"><img loading=\"lazy\" decoding=\"async\" class=\"aligncenter wp-image-6869 size-full\" title=\"pa\u0142acyk w parku w Jasienicy\" src=\"https:\/\/www.pomniki-przyrody.pl\/wp-content\/uploads\/2014\/09\/pa\u0142acyk-w-parku-w-Jasienicy.jpg\" alt=\"\" width=\"1000\" height=\"750\" srcset=\"https:\/\/www.pomniki-przyrody.pl\/wp-content\/uploads\/2014\/09\/pa\u0142acyk-w-parku-w-Jasienicy.jpg 1000w, https:\/\/www.pomniki-przyrody.pl\/wp-content\/uploads\/2014\/09\/pa\u0142acyk-w-parku-w-Jasienicy-300x225.jpg 300w, https:\/\/www.pomniki-przyrody.pl\/wp-content\/uploads\/2014\/09\/pa\u0142acyk-w-parku-w-Jasienicy-400x300.jpg 400w\" sizes=\"auto, (max-width: 1000px) 100vw, 1000px\" \/><\/a><\/p>\n","protected":false},"excerpt":{"rendered":"<p>Wierzchno i Jasienica to dwie s\u0105siaduj\u0105ce ze sob\u0105 wsie po\u0142o\u017cone kilka kilometr\u00f3w na p\u00f3\u0142noc od Brod\u00f3w. W obu miejscowo\u015bciach znajduj\u0105 si\u0119 stare &#8211; niestety zaniedbane &#8211; za\u0142o\u017cenia parkowe, przylegaj\u0105ce do niestniej\u0105cych ju\u017c obecnie pa\u0142ac\u00f3w. S\u0119dziwe, najbardziej okaza\u0142e egzemplarze drzew chronione &hellip; <a href=\"https:\/\/www.pomniki-przyrody.pl\/?p=6862\">Czytaj dalej <span class=\"meta-nav\">&rarr;<\/span><\/a><\/p>\n","protected":false},"author":2,"featured_media":0,"comment_status":"open","ping_status":"open","sticky":false,"template":"","format":"standard","meta":{"footnotes":""},"categories":[1],"tags":[1034,1035,318,528,361,1036],"class_list":["post-6862","post","type-post","status-publish","format-standard","hentry","category-przyroda-ozywiona","tag-gmina-brody","tag-jasienica","tag-pomnikowe-deby","tag-pomnikowe-platany","tag-pomnikowy-buk","tag-wierzchno"],"_links":{"self":[{"href":"https:\/\/www.pomniki-przyrody.pl\/index.php?rest_route=\/wp\/v2\/posts\/6862","targetHints":{"allow":["GET"]}}],"collection":[{"href":"https:\/\/www.pomniki-przyrody.pl\/index.php?rest_route=\/wp\/v2\/posts"}],"about":[{"href":"https:\/\/www.pomniki-przyrody.pl\/index.php?rest_route=\/wp\/v2\/types\/post"}],"author":[{"embeddable":true,"href":"https:\/\/www.pomniki-przyrody.pl\/index.php?rest_route=\/wp\/v2\/users\/2"}],"replies":[{"embeddable":true,"href":"https:\/\/www.pomniki-przyrody.pl\/index.php?rest_route=%2Fwp%2Fv2%2Fcomments&post=6862"}],"version-history":[{"count":0,"href":"https:\/\/www.pomniki-przyrody.pl\/index.php?rest_route=\/wp\/v2\/posts\/6862\/revisions"}],"wp:attachment":[{"href":"https:\/\/www.pomniki-przyrody.pl\/index.php?rest_route=%2Fwp%2Fv2%2Fmedia&parent=6862"}],"wp:term":[{"taxonomy":"category","embeddable":true,"href":"https:\/\/www.pomniki-przyrody.pl\/index.php?rest_route=%2Fwp%2Fv2%2Fcategories&post=6862"},{"taxonomy":"post_tag","embeddable":true,"href":"https:\/\/www.pomniki-przyrody.pl\/index.php?rest_route=%2Fwp%2Fv2%2Ftags&post=6862"}],"curies":[{"name":"wp","href":"https:\/\/api.w.org\/{rel}","templated":true}]}}