{"id":720,"date":"2012-04-23T21:26:01","date_gmt":"2012-04-23T21:26:01","guid":{"rendered":"http:\/\/www.pomniki-przyrody.pl\/?p=720"},"modified":"2012-10-26T23:52:00","modified_gmt":"2012-10-26T21:52:00","slug":"pomnikowe-drzewa-w-warcie-boleslawieckiej","status":"publish","type":"post","link":"https:\/\/www.pomniki-przyrody.pl\/?p=720","title":{"rendered":"Pomnikowe drzewa w Warcie Boles\u0142awieckiej."},"content":{"rendered":"<p>Warta Boles\u0142awiecka to wie\u015b po\u0142o\u017cona 8 km na po\u0142udniowy zach\u00f3d od Boles\u0142awca, na drodze wojew\u00f3dzkiej nr 363 Boles\u0142awiec-Z\u0142otoryja. Najcenniejsze obiekty turystyczne s\u0105 na trasie Z\u0142otego Szlaku Rowerowego, do nich z pewno\u015bci\u0105 mo\u017cna zaliczy\u0107 renesansowy dw\u00f3r.<\/p>\n<p><a href=\"https:\/\/www.pomniki-przyrody.pl\/wp-content\/uploads\/2012\/04\/pa\u0142ac-w-Warcie-Boles\u0142awieckiej.jpg\"><img loading=\"lazy\" decoding=\"async\" class=\"aligncenter size-large wp-image-724\" title=\"pa\u0142ac w Warcie Boles\u0142awieckiej\" src=\"https:\/\/www.pomniki-przyrody.pl\/wp-content\/uploads\/2012\/04\/pa\u0142ac-w-Warcie-Boles\u0142awieckiej-1024x768.jpg\" alt=\"\" width=\"584\" height=\"438\" srcset=\"https:\/\/www.pomniki-przyrody.pl\/wp-content\/uploads\/2012\/04\/pa\u0142ac-w-Warcie-Boles\u0142awieckiej-1024x768.jpg 1024w, https:\/\/www.pomniki-przyrody.pl\/wp-content\/uploads\/2012\/04\/pa\u0142ac-w-Warcie-Boles\u0142awieckiej-300x225.jpg 300w, https:\/\/www.pomniki-przyrody.pl\/wp-content\/uploads\/2012\/04\/pa\u0142ac-w-Warcie-Boles\u0142awieckiej-400x300.jpg 400w, https:\/\/www.pomniki-przyrody.pl\/wp-content\/uploads\/2012\/04\/pa\u0142ac-w-Warcie-Boles\u0142awieckiej.jpg 1600w\" sizes=\"auto, (max-width: 584px) 100vw, 584px\" \/><\/a><\/p>\n<p><a href=\"https:\/\/www.pomniki-przyrody.pl\/wp-content\/uploads\/2012\/04\/tablica-pa\u0142ac-w-Warcie-Boles\u0142awieckiej.jpg\"><img loading=\"lazy\" decoding=\"async\" class=\"aligncenter size-large wp-image-732\" title=\"tablica pa\u0142ac w Warcie Boles\u0142awieckiej\" src=\"https:\/\/www.pomniki-przyrody.pl\/wp-content\/uploads\/2012\/04\/tablica-pa\u0142ac-w-Warcie-Boles\u0142awieckiej-1024x562.jpg\" alt=\"\" width=\"584\" height=\"320\" srcset=\"https:\/\/www.pomniki-przyrody.pl\/wp-content\/uploads\/2012\/04\/tablica-pa\u0142ac-w-Warcie-Boles\u0142awieckiej-1024x562.jpg 1024w, https:\/\/www.pomniki-przyrody.pl\/wp-content\/uploads\/2012\/04\/tablica-pa\u0142ac-w-Warcie-Boles\u0142awieckiej-300x164.jpg 300w, https:\/\/www.pomniki-przyrody.pl\/wp-content\/uploads\/2012\/04\/tablica-pa\u0142ac-w-Warcie-Boles\u0142awieckiej-500x274.jpg 500w, https:\/\/www.pomniki-przyrody.pl\/wp-content\/uploads\/2012\/04\/tablica-pa\u0142ac-w-Warcie-Boles\u0142awieckiej.jpg 1600w\" sizes=\"auto, (max-width: 584px) 100vw, 584px\" \/><\/a><\/p>\n<p>Pa\u0142ac jest obecnie remontowany przez w\u0142a\u015bciciela, prace piel\u0119gnacyjne wida\u0107 ju\u017c w przyleg\u0142ym za\u0142o\u017ceniu parkowym. Na skraju parku, przy stawie rosn\u0105 4 pomnikowe kasztany jadalne.<\/p>\n<p><a href=\"https:\/\/www.pomniki-przyrody.pl\/wp-content\/uploads\/2012\/04\/pomnikowe-kasztany-jadalne.jpg\"><img loading=\"lazy\" decoding=\"async\" class=\"aligncenter size-large wp-image-729\" title=\"pomnikowe kasztany jadalne\" src=\"https:\/\/www.pomniki-przyrody.pl\/wp-content\/uploads\/2012\/04\/pomnikowe-kasztany-jadalne-768x1024.jpg\" alt=\"\" width=\"584\" height=\"778\" srcset=\"https:\/\/www.pomniki-przyrody.pl\/wp-content\/uploads\/2012\/04\/pomnikowe-kasztany-jadalne-768x1024.jpg 768w, https:\/\/www.pomniki-przyrody.pl\/wp-content\/uploads\/2012\/04\/pomnikowe-kasztany-jadalne-225x300.jpg 225w, https:\/\/www.pomniki-przyrody.pl\/wp-content\/uploads\/2012\/04\/pomnikowe-kasztany-jadalne.jpg 1200w\" sizes=\"auto, (max-width: 584px) 100vw, 584px\" \/><\/a><\/p>\n<p>Obw\u00f3d drzew 120, 127, 140, 118 cm mo\u017ce nie jest imponuj\u0105cy, ale s\u0105 to drzewa rzadko sadzone w parkach regionu.<\/p>\n<p><a href=\"https:\/\/www.pomniki-przyrody.pl\/wp-content\/uploads\/2012\/04\/kasztany-jadalne.jpg\"><img loading=\"lazy\" decoding=\"async\" class=\"aligncenter size-large wp-image-723\" title=\"kasztany jadalne\" src=\"https:\/\/www.pomniki-przyrody.pl\/wp-content\/uploads\/2012\/04\/kasztany-jadalne-768x1024.jpg\" alt=\"\" width=\"584\" height=\"778\" srcset=\"https:\/\/www.pomniki-przyrody.pl\/wp-content\/uploads\/2012\/04\/kasztany-jadalne-768x1024.jpg 768w, https:\/\/www.pomniki-przyrody.pl\/wp-content\/uploads\/2012\/04\/kasztany-jadalne-225x300.jpg 225w, https:\/\/www.pomniki-przyrody.pl\/wp-content\/uploads\/2012\/04\/kasztany-jadalne.jpg 1200w\" sizes=\"auto, (max-width: 584px) 100vw, 584px\" \/><\/a><\/p>\n<p>W g\u0142\u0119bi parku otoczonego kamiennym murem kolejne pomnikowe drzewa.<\/p>\n<p><a href=\"https:\/\/www.pomniki-przyrody.pl\/wp-content\/uploads\/2012\/04\/park-w-Warcie-Boles\u0142awieckiej.jpg\"><img loading=\"lazy\" decoding=\"async\" class=\"aligncenter size-large wp-image-725\" title=\"park w Warcie Boles\u0142awieckiej\" src=\"https:\/\/www.pomniki-przyrody.pl\/wp-content\/uploads\/2012\/04\/park-w-Warcie-Boles\u0142awieckiej-1024x768.jpg\" alt=\"\" width=\"584\" height=\"438\" srcset=\"https:\/\/www.pomniki-przyrody.pl\/wp-content\/uploads\/2012\/04\/park-w-Warcie-Boles\u0142awieckiej-1024x768.jpg 1024w, https:\/\/www.pomniki-przyrody.pl\/wp-content\/uploads\/2012\/04\/park-w-Warcie-Boles\u0142awieckiej-300x225.jpg 300w, https:\/\/www.pomniki-przyrody.pl\/wp-content\/uploads\/2012\/04\/park-w-Warcie-Boles\u0142awieckiej-400x300.jpg 400w, https:\/\/www.pomniki-przyrody.pl\/wp-content\/uploads\/2012\/04\/park-w-Warcie-Boles\u0142awieckiej.jpg 1600w\" sizes=\"auto, (max-width: 584px) 100vw, 584px\" \/><\/a><\/p>\n<p><a href=\"https:\/\/www.pomniki-przyrody.pl\/wp-content\/uploads\/2012\/04\/pomnikowe-drzewa-w-parku.jpg\"><img loading=\"lazy\" decoding=\"async\" class=\"aligncenter size-large wp-image-728\" title=\"pomnikowe drzewa w parku\" src=\"https:\/\/www.pomniki-przyrody.pl\/wp-content\/uploads\/2012\/04\/pomnikowe-drzewa-w-parku-1024x768.jpg\" alt=\"\" width=\"584\" height=\"438\" srcset=\"https:\/\/www.pomniki-przyrody.pl\/wp-content\/uploads\/2012\/04\/pomnikowe-drzewa-w-parku-1024x768.jpg 1024w, https:\/\/www.pomniki-przyrody.pl\/wp-content\/uploads\/2012\/04\/pomnikowe-drzewa-w-parku-300x225.jpg 300w, https:\/\/www.pomniki-przyrody.pl\/wp-content\/uploads\/2012\/04\/pomnikowe-drzewa-w-parku-400x300.jpg 400w, https:\/\/www.pomniki-przyrody.pl\/wp-content\/uploads\/2012\/04\/pomnikowe-drzewa-w-parku.jpg 1600w\" sizes=\"auto, (max-width: 584px) 100vw, 584px\" \/><\/a><\/p>\n<p>Najbardziej okaza\u0142y jest 400 &#8211; letni d\u0105b szypu\u0142kowy Zbyszko, obw\u00f3d pnia 538 cm.<\/p>\n<p><a href=\"https:\/\/www.pomniki-przyrody.pl\/wp-content\/uploads\/2012\/04\/pie\u0144-d\u0119bu-Zbyszko.jpg\"><img loading=\"lazy\" decoding=\"async\" class=\"aligncenter size-large wp-image-726\" title=\"pie\u0144 d\u0119bu Zbyszko\" src=\"https:\/\/www.pomniki-przyrody.pl\/wp-content\/uploads\/2012\/04\/pie\u0144-d\u0119bu-Zbyszko-768x1024.jpg\" alt=\"\" width=\"584\" height=\"778\" srcset=\"https:\/\/www.pomniki-przyrody.pl\/wp-content\/uploads\/2012\/04\/pie\u0144-d\u0119bu-Zbyszko-768x1024.jpg 768w, https:\/\/www.pomniki-przyrody.pl\/wp-content\/uploads\/2012\/04\/pie\u0144-d\u0119bu-Zbyszko-225x300.jpg 225w, https:\/\/www.pomniki-przyrody.pl\/wp-content\/uploads\/2012\/04\/pie\u0144-d\u0119bu-Zbyszko.jpg 1200w\" sizes=\"auto, (max-width: 584px) 100vw, 584px\" \/><\/a><\/p>\n<p>Kasztanowiec czerwony Ho\u017cy ma 100 lat i 260 cm w obwodzie.<\/p>\n<p><a href=\"https:\/\/www.pomniki-przyrody.pl\/wp-content\/uploads\/2012\/04\/kasztanowiec-czerwony.jpg\"><img loading=\"lazy\" decoding=\"async\" class=\"aligncenter size-large wp-image-722\" title=\"kasztanowiec czerwony\" src=\"https:\/\/www.pomniki-przyrody.pl\/wp-content\/uploads\/2012\/04\/kasztanowiec-czerwony-768x1024.jpg\" alt=\"\" width=\"584\" height=\"778\" srcset=\"https:\/\/www.pomniki-przyrody.pl\/wp-content\/uploads\/2012\/04\/kasztanowiec-czerwony-768x1024.jpg 768w, https:\/\/www.pomniki-przyrody.pl\/wp-content\/uploads\/2012\/04\/kasztanowiec-czerwony-225x300.jpg 225w, https:\/\/www.pomniki-przyrody.pl\/wp-content\/uploads\/2012\/04\/kasztanowiec-czerwony.jpg 1200w\" sizes=\"auto, (max-width: 584px) 100vw, 584px\" \/><\/a><\/p>\n<p>Tulipanowiec ameryka\u0144ski Ben ma 150 lat i 323 cm w obwodzie.<\/p>\n<p><a href=\"https:\/\/www.pomniki-przyrody.pl\/wp-content\/uploads\/2012\/04\/tulipanowiec.jpg\"><img loading=\"lazy\" decoding=\"async\" class=\"aligncenter size-large wp-image-733\" title=\"tulipanowiec\" src=\"https:\/\/www.pomniki-przyrody.pl\/wp-content\/uploads\/2012\/04\/tulipanowiec-768x1024.jpg\" alt=\"\" width=\"584\" height=\"778\" srcset=\"https:\/\/www.pomniki-przyrody.pl\/wp-content\/uploads\/2012\/04\/tulipanowiec-768x1024.jpg 768w, https:\/\/www.pomniki-przyrody.pl\/wp-content\/uploads\/2012\/04\/tulipanowiec-225x300.jpg 225w, https:\/\/www.pomniki-przyrody.pl\/wp-content\/uploads\/2012\/04\/tulipanowiec.jpg 1200w\" sizes=\"auto, (max-width: 584px) 100vw, 584px\" \/><\/a><\/p>\n<p>Warte uwagi s\u0105 r\u00f3wnie\u017c 100 &#8211; letnie platany, niekt\u00f3re oplecione bluszczem.<\/p>\n<p><a href=\"https:\/\/www.pomniki-przyrody.pl\/wp-content\/uploads\/2012\/04\/platany.jpg\"><img loading=\"lazy\" decoding=\"async\" class=\"aligncenter size-large wp-image-727\" title=\"platany\" src=\"https:\/\/www.pomniki-przyrody.pl\/wp-content\/uploads\/2012\/04\/platany-768x1024.jpg\" alt=\"\" width=\"584\" height=\"778\" srcset=\"https:\/\/www.pomniki-przyrody.pl\/wp-content\/uploads\/2012\/04\/platany-768x1024.jpg 768w, https:\/\/www.pomniki-przyrody.pl\/wp-content\/uploads\/2012\/04\/platany-225x300.jpg 225w, https:\/\/www.pomniki-przyrody.pl\/wp-content\/uploads\/2012\/04\/platany.jpg 1200w\" sizes=\"auto, (max-width: 584px) 100vw, 584px\" \/><\/a><\/p>\n<p>Dw\u00f3r oraz przyleg\u0142y park nale\u017c\u0105 do w\u0142a\u015bciciela prowadz\u0105cego tu du\u017ce gospodarstwo rolne. Wej\u015bcie na teren za jego zgod\u0105. W pobli\u017cu przechodzi \u017c\u00f3\u0142ty szlak turystyczny; id\u0105c nim na p\u00f3\u0142noc w kierunku Z\u0142otego M\u0142yna, dotrzemy do Dionizego &#8211; takie imi\u0119 nosi okaza\u0142y d\u0105b szypu\u0142kowy.<\/p>\n<p><a href=\"https:\/\/www.pomniki-przyrody.pl\/wp-content\/uploads\/2012\/04\/d\u0105b-dionizy.jpg\"><img loading=\"lazy\" decoding=\"async\" class=\"aligncenter size-large wp-image-721\" title=\"d\u0105b dionizy\" src=\"https:\/\/www.pomniki-przyrody.pl\/wp-content\/uploads\/2012\/04\/d\u0105b-dionizy-768x1024.jpg\" alt=\"\" width=\"584\" height=\"778\" srcset=\"https:\/\/www.pomniki-przyrody.pl\/wp-content\/uploads\/2012\/04\/d\u0105b-dionizy-768x1024.jpg 768w, https:\/\/www.pomniki-przyrody.pl\/wp-content\/uploads\/2012\/04\/d\u0105b-dionizy-225x300.jpg 225w, https:\/\/www.pomniki-przyrody.pl\/wp-content\/uploads\/2012\/04\/d\u0105b-dionizy.jpg 1200w\" sizes=\"auto, (max-width: 584px) 100vw, 584px\" \/><\/a><\/p>\n<p><a href=\"https:\/\/www.pomniki-przyrody.pl\/wp-content\/uploads\/2012\/04\/tablica-d\u0105b-Dionizy.jpg\"><img loading=\"lazy\" decoding=\"async\" class=\"aligncenter size-large wp-image-731\" title=\"tablica d\u0105b Dionizy\" src=\"https:\/\/www.pomniki-przyrody.pl\/wp-content\/uploads\/2012\/04\/tablica-d\u0105b-Dionizy-1024x768.jpg\" alt=\"\" width=\"584\" height=\"438\" srcset=\"https:\/\/www.pomniki-przyrody.pl\/wp-content\/uploads\/2012\/04\/tablica-d\u0105b-Dionizy-1024x768.jpg 1024w, https:\/\/www.pomniki-przyrody.pl\/wp-content\/uploads\/2012\/04\/tablica-d\u0105b-Dionizy-300x225.jpg 300w, https:\/\/www.pomniki-przyrody.pl\/wp-content\/uploads\/2012\/04\/tablica-d\u0105b-Dionizy-400x300.jpg 400w, https:\/\/www.pomniki-przyrody.pl\/wp-content\/uploads\/2012\/04\/tablica-d\u0105b-Dionizy.jpg 1600w\" sizes=\"auto, (max-width: 584px) 100vw, 584px\" \/><\/a><\/p>\n<p><a href=\"https:\/\/www.pomniki-przyrody.pl\/wp-content\/uploads\/2012\/04\/pomnikowy-d\u0105b-Dionizy.jpg\"><img loading=\"lazy\" decoding=\"async\" class=\"aligncenter size-large wp-image-730\" title=\"pomnikowy d\u0105b Dionizy\" src=\"https:\/\/www.pomniki-przyrody.pl\/wp-content\/uploads\/2012\/04\/pomnikowy-d\u0105b-Dionizy-1024x768.jpg\" alt=\"\" width=\"584\" height=\"438\" srcset=\"https:\/\/www.pomniki-przyrody.pl\/wp-content\/uploads\/2012\/04\/pomnikowy-d\u0105b-Dionizy-1024x768.jpg 1024w, https:\/\/www.pomniki-przyrody.pl\/wp-content\/uploads\/2012\/04\/pomnikowy-d\u0105b-Dionizy-300x225.jpg 300w, https:\/\/www.pomniki-przyrody.pl\/wp-content\/uploads\/2012\/04\/pomnikowy-d\u0105b-Dionizy-400x300.jpg 400w, https:\/\/www.pomniki-przyrody.pl\/wp-content\/uploads\/2012\/04\/pomnikowy-d\u0105b-Dionizy.jpg 1600w\" sizes=\"auto, (max-width: 584px) 100vw, 584px\" \/><\/a><\/p>\n<p>W Warcie Boles\u0142awieckiej jest r\u00f3wnie\u017c skupisko g\u0142az\u00f3w narzutowych, o nich w kolejnym <a title=\"G\u0142azy narzutowe w Warcie Boles\u0142awieckiej.\" href=\"https:\/\/www.pomniki-przyrody.pl\/?p=708\"><span style=\"color: #0000ff;\">artykule<\/span><\/a>.<\/p>\n<p>&nbsp;<\/p>\n","protected":false},"excerpt":{"rendered":"<p>Warta Boles\u0142awiecka to wie\u015b po\u0142o\u017cona 8 km na po\u0142udniowy zach\u00f3d od Boles\u0142awca, na drodze wojew\u00f3dzkiej nr 363 Boles\u0142awiec-Z\u0142otoryja. Najcenniejsze obiekty turystyczne s\u0105 na trasie Z\u0142otego Szlaku Rowerowego, do nich z pewno\u015bci\u0105 mo\u017cna zaliczy\u0107 renesansowy dw\u00f3r. Pa\u0142ac jest obecnie remontowany przez &hellip; <a href=\"https:\/\/www.pomniki-przyrody.pl\/?p=720\">Czytaj dalej <span class=\"meta-nav\">&rarr;<\/span><\/a><\/p>\n","protected":false},"author":2,"featured_media":0,"comment_status":"open","ping_status":"open","sticky":false,"template":"","format":"standard","meta":{"footnotes":""},"categories":[1],"tags":[104,105,108,107,17,106,99],"class_list":["post-720","post","type-post","status-publish","format-standard","hentry","category-przyroda-ozywiona","tag-dab-dionizy","tag-dab-zbyszko","tag-kasztan-jadalny","tag-kasztanowiec-czerwony-hozy","tag-platan","tag-tulipanowiec-ben","tag-warta-boleslawiecka"],"_links":{"self":[{"href":"https:\/\/www.pomniki-przyrody.pl\/index.php?rest_route=\/wp\/v2\/posts\/720","targetHints":{"allow":["GET"]}}],"collection":[{"href":"https:\/\/www.pomniki-przyrody.pl\/index.php?rest_route=\/wp\/v2\/posts"}],"about":[{"href":"https:\/\/www.pomniki-przyrody.pl\/index.php?rest_route=\/wp\/v2\/types\/post"}],"author":[{"embeddable":true,"href":"https:\/\/www.pomniki-przyrody.pl\/index.php?rest_route=\/wp\/v2\/users\/2"}],"replies":[{"embeddable":true,"href":"https:\/\/www.pomniki-przyrody.pl\/index.php?rest_route=%2Fwp%2Fv2%2Fcomments&post=720"}],"version-history":[{"count":0,"href":"https:\/\/www.pomniki-przyrody.pl\/index.php?rest_route=\/wp\/v2\/posts\/720\/revisions"}],"wp:attachment":[{"href":"https:\/\/www.pomniki-przyrody.pl\/index.php?rest_route=%2Fwp%2Fv2%2Fmedia&parent=720"}],"wp:term":[{"taxonomy":"category","embeddable":true,"href":"https:\/\/www.pomniki-przyrody.pl\/index.php?rest_route=%2Fwp%2Fv2%2Fcategories&post=720"},{"taxonomy":"post_tag","embeddable":true,"href":"https:\/\/www.pomniki-przyrody.pl\/index.php?rest_route=%2Fwp%2Fv2%2Ftags&post=720"}],"curies":[{"name":"wp","href":"https:\/\/api.w.org\/{rel}","templated":true}]}}