{"id":7457,"date":"2014-12-31T18:44:01","date_gmt":"2014-12-31T17:44:01","guid":{"rendered":"http:\/\/www.pomniki-przyrody.pl\/?p=7457"},"modified":"2019-06-01T22:38:48","modified_gmt":"2019-06-01T20:38:48","slug":"pomniki-przyrody-w-gminie-jelcz-laskowice","status":"publish","type":"post","link":"https:\/\/www.pomniki-przyrody.pl\/?p=7457","title":{"rendered":"Pomniki przyrody w gminie Jelcz &#8211; Laskowice."},"content":{"rendered":"<p>Tereny gminy miejsko &#8211; wiejskiej Jelcz &#8211; Laskowice\u00a0po\u0142o\u017cone s\u0105 we wschodniej cz\u0119\u015bci wojew\u00f3dztwa dolno\u015bl\u0105skiego, na pograniczu\u00a0z wojew\u00f3dztwem opolskim (ok. 25 km na po\u0142udniowy wsch\u00f3d od Wroc\u0142awia). Lasy zajmuj\u0105 31% obszaru gminy; tutejszy drzewostan sk\u0142ada si\u0119 g\u0142\u00f3wnie z sosny pospolitej, ale nie brakuje te\u017c dorodnych d\u0119b\u00f3w szypu\u0142kowych (szczeg\u00f3lnie w dolinie Odry), z kt\u00f3rych wiele ze wzgl\u0119du na s\u0119dziwy wiek posiada status pomnik\u00f3w przyrody. Dwa wspania\u0142e okazy mo\u017cna podziwia\u0107 na skraju du\u017cego kompleksu le\u015bnego pod miastem, przy drodze 455 do O\u0142awy.<\/p>\n<p>GPS\u00a0N 51\u00b000\u203230.13\u2033, E 17\u00b019\u203218.03\u2033<\/p>\n<p><a href=\"https:\/\/www.pomniki-przyrody.pl\/wp-content\/uploads\/2014\/12\/pomnikowe-d\u0119by-przy-drodze-Jelcz-Laskowice-O\u0142awa.jpg\"><img loading=\"lazy\" decoding=\"async\" class=\"aligncenter wp-image-7477 size-full\" title=\"pomnikowe d\u0119by przy drodze Jelcz - Laskowice - O\u0142awa\" src=\"https:\/\/www.pomniki-przyrody.pl\/wp-content\/uploads\/2014\/12\/pomnikowe-d\u0119by-przy-drodze-Jelcz-Laskowice-O\u0142awa.jpg\" alt=\"\" width=\"1000\" height=\"662\" srcset=\"https:\/\/www.pomniki-przyrody.pl\/wp-content\/uploads\/2014\/12\/pomnikowe-d\u0119by-przy-drodze-Jelcz-Laskowice-O\u0142awa.jpg 1000w, https:\/\/www.pomniki-przyrody.pl\/wp-content\/uploads\/2014\/12\/pomnikowe-d\u0119by-przy-drodze-Jelcz-Laskowice-O\u0142awa-300x198.jpg 300w, https:\/\/www.pomniki-przyrody.pl\/wp-content\/uploads\/2014\/12\/pomnikowe-d\u0119by-przy-drodze-Jelcz-Laskowice-O\u0142awa-453x300.jpg 453w\" sizes=\"auto, (max-width: 1000px) 100vw, 1000px\" \/><\/a><\/p>\n<p>Grubszy mierzy w obwodzie 635 cm, wysoko\u015b\u0107 d\u0119bu 22 m; na pniu opr\u00f3cz typowej tabliczki jest druga, informuj\u0105ca o pobraniu i przechowywaniu materia\u0142u genetycznego.<\/p>\n<p><a href=\"https:\/\/www.pomniki-przyrody.pl\/wp-content\/uploads\/2014\/12\/drugi-z-pomnikowych-d\u0119b\u00f3w-droga-Jelcz-Laskowice-O\u0142awa.jpg\"><img loading=\"lazy\" decoding=\"async\" class=\"aligncenter wp-image-7459 size-full\" title=\"pierwszy z pomnikowych d\u0119b\u00f3w - droga Jelcz - Laskowice - O\u0142awa\" src=\"https:\/\/www.pomniki-przyrody.pl\/wp-content\/uploads\/2014\/12\/drugi-z-pomnikowych-d\u0119b\u00f3w-droga-Jelcz-Laskowice-O\u0142awa.jpg\" alt=\"\" width=\"669\" height=\"950\" srcset=\"https:\/\/www.pomniki-przyrody.pl\/wp-content\/uploads\/2014\/12\/drugi-z-pomnikowych-d\u0119b\u00f3w-droga-Jelcz-Laskowice-O\u0142awa.jpg 669w, https:\/\/www.pomniki-przyrody.pl\/wp-content\/uploads\/2014\/12\/drugi-z-pomnikowych-d\u0119b\u00f3w-droga-Jelcz-Laskowice-O\u0142awa-211x300.jpg 211w\" sizes=\"auto, (max-width: 669px) 100vw, 669px\" \/><\/a><a href=\"https:\/\/www.pomniki-przyrody.pl\/wp-content\/uploads\/2014\/12\/pie\u0144-drugiego-pomnikowego-d\u0119bu-droga-Jelcz-Laskowice-O\u0142awa.jpg\"><img loading=\"lazy\" decoding=\"async\" class=\"aligncenter wp-image-7468 size-full\" title=\"pie\u0144 pierwszego pomnikowego d\u0119bu - droga Jelcz - Laskowice - O\u0142awa\" src=\"https:\/\/www.pomniki-przyrody.pl\/wp-content\/uploads\/2014\/12\/pie\u0144-drugiego-pomnikowego-d\u0119bu-droga-Jelcz-Laskowice-O\u0142awa.jpg\" alt=\"\" width=\"629\" height=\"950\" srcset=\"https:\/\/www.pomniki-przyrody.pl\/wp-content\/uploads\/2014\/12\/pie\u0144-drugiego-pomnikowego-d\u0119bu-droga-Jelcz-Laskowice-O\u0142awa.jpg 629w, https:\/\/www.pomniki-przyrody.pl\/wp-content\/uploads\/2014\/12\/pie\u0144-drugiego-pomnikowego-d\u0119bu-droga-Jelcz-Laskowice-O\u0142awa-198x300.jpg 198w\" sizes=\"auto, (max-width: 629px) 100vw, 629px\" \/><\/a><a href=\"https:\/\/www.pomniki-przyrody.pl\/wp-content\/uploads\/2014\/12\/tabliczki-na-pomnikowym-d\u0119bie-pod-Jelczem-Laskowice.jpg\"><img loading=\"lazy\" decoding=\"async\" class=\"aligncenter wp-image-7488 size-full\" title=\"tabliczki na pomnikowym d\u0119bie pod Jelczem - Laskowice\" src=\"https:\/\/www.pomniki-przyrody.pl\/wp-content\/uploads\/2014\/12\/tabliczki-na-pomnikowym-d\u0119bie-pod-Jelczem-Laskowice.jpg\" alt=\"\" width=\"450\" height=\"690\" srcset=\"https:\/\/www.pomniki-przyrody.pl\/wp-content\/uploads\/2014\/12\/tabliczki-na-pomnikowym-d\u0119bie-pod-Jelczem-Laskowice.jpg 450w, https:\/\/www.pomniki-przyrody.pl\/wp-content\/uploads\/2014\/12\/tabliczki-na-pomnikowym-d\u0119bie-pod-Jelczem-Laskowice-195x300.jpg 195w\" sizes=\"auto, (max-width: 450px) 100vw, 450px\" \/><\/a><\/p>\n<p>Drugi d\u0105b mierzy w obwodzie 548 cm, wysoko\u015b\u0107 drzewa 22 metry.<\/p>\n<p><a href=\"https:\/\/www.pomniki-przyrody.pl\/wp-content\/uploads\/2014\/12\/pierwszy-z-pomnikowych-d\u0119b\u00f3w-droga-Jelcz-Laskowice-O\u0142awa.jpg\"><img loading=\"lazy\" decoding=\"async\" class=\"aligncenter wp-image-7474 size-full\" title=\"drugi z pomnikowych d\u0119b\u00f3w - droga Jelcz - Laskowice - O\u0142awa\" src=\"https:\/\/www.pomniki-przyrody.pl\/wp-content\/uploads\/2014\/12\/pierwszy-z-pomnikowych-d\u0119b\u00f3w-droga-Jelcz-Laskowice-O\u0142awa.jpg\" alt=\"\" width=\"629\" height=\"950\" srcset=\"https:\/\/www.pomniki-przyrody.pl\/wp-content\/uploads\/2014\/12\/pierwszy-z-pomnikowych-d\u0119b\u00f3w-droga-Jelcz-Laskowice-O\u0142awa.jpg 629w, https:\/\/www.pomniki-przyrody.pl\/wp-content\/uploads\/2014\/12\/pierwszy-z-pomnikowych-d\u0119b\u00f3w-droga-Jelcz-Laskowice-O\u0142awa-198x300.jpg 198w\" sizes=\"auto, (max-width: 629px) 100vw, 629px\" \/><\/a><a href=\"https:\/\/www.pomniki-przyrody.pl\/wp-content\/uploads\/2014\/12\/pie\u0144-pierwszego-pomnikowego-d\u0119bu-droga-Jelcz-Laskowice-O\u0142awa.jpg\"><img loading=\"lazy\" decoding=\"async\" class=\"aligncenter wp-image-7469 size-full\" title=\"pie\u0144 drugiego pomnikowego d\u0119bu - droga Jelcz - Laskowice - O\u0142awa\" src=\"https:\/\/www.pomniki-przyrody.pl\/wp-content\/uploads\/2014\/12\/pie\u0144-pierwszego-pomnikowego-d\u0119bu-droga-Jelcz-Laskowice-O\u0142awa.jpg\" alt=\"\" width=\"629\" height=\"879\" srcset=\"https:\/\/www.pomniki-przyrody.pl\/wp-content\/uploads\/2014\/12\/pie\u0144-pierwszego-pomnikowego-d\u0119bu-droga-Jelcz-Laskowice-O\u0142awa.jpg 629w, https:\/\/www.pomniki-przyrody.pl\/wp-content\/uploads\/2014\/12\/pie\u0144-pierwszego-pomnikowego-d\u0119bu-droga-Jelcz-Laskowice-O\u0142awa-214x300.jpg 214w\" sizes=\"auto, (max-width: 629px) 100vw, 629px\" \/><\/a><\/p>\n<p>Bli\u017cej miasta, lecz w pewnym oddaleniu od drogi 455 (ok. 100 m) ro\u015bnie kolejny, s\u0119dziwy d\u0105b szypu\u0142kowy o statusie pomnika przyrody.<\/p>\n<p>GPS\u00a0N 51\u00b000\u203246.53\u2033, E 17\u00b019\u203217.17\u2033<\/p>\n<p><a href=\"https:\/\/www.pomniki-przyrody.pl\/wp-content\/uploads\/2014\/12\/Jelcz-Laskowice-pomnikowy-d\u0105b-szypu\u0142kowy.jpg\"><img loading=\"lazy\" decoding=\"async\" class=\"aligncenter wp-image-7465 size-full\" title=\"Jelcz - Laskowice - pomnikowy d\u0105b szypu\u0142kowy\" src=\"https:\/\/www.pomniki-przyrody.pl\/wp-content\/uploads\/2014\/12\/Jelcz-Laskowice-pomnikowy-d\u0105b-szypu\u0142kowy.jpg\" alt=\"\" width=\"706\" height=\"1000\" srcset=\"https:\/\/www.pomniki-przyrody.pl\/wp-content\/uploads\/2014\/12\/Jelcz-Laskowice-pomnikowy-d\u0105b-szypu\u0142kowy.jpg 706w, https:\/\/www.pomniki-przyrody.pl\/wp-content\/uploads\/2014\/12\/Jelcz-Laskowice-pomnikowy-d\u0105b-szypu\u0142kowy-211x300.jpg 211w\" sizes=\"auto, (max-width: 706px) 100vw, 706px\" \/><\/a><\/p>\n<p>Obw\u00f3d okazu wynosi 655 cm, wysoko\u015b\u0107 23 metry.<\/p>\n<p><a href=\"https:\/\/www.pomniki-przyrody.pl\/wp-content\/uploads\/2014\/12\/Jelcz-Laskowice-pie\u0144-pomnikowego-d\u0119bu-szypu\u0142kowego.jpg\"><img loading=\"lazy\" decoding=\"async\" class=\"aligncenter wp-image-7463 size-full\" title=\"Jelcz - Laskowice - pie\u0144 pomnikowego d\u0119bu szypu\u0142kowego\" src=\"https:\/\/www.pomniki-przyrody.pl\/wp-content\/uploads\/2014\/12\/Jelcz-Laskowice-pie\u0144-pomnikowego-d\u0119bu-szypu\u0142kowego.jpg\" alt=\"\" width=\"629\" height=\"950\" srcset=\"https:\/\/www.pomniki-przyrody.pl\/wp-content\/uploads\/2014\/12\/Jelcz-Laskowice-pie\u0144-pomnikowego-d\u0119bu-szypu\u0142kowego.jpg 629w, https:\/\/www.pomniki-przyrody.pl\/wp-content\/uploads\/2014\/12\/Jelcz-Laskowice-pie\u0144-pomnikowego-d\u0119bu-szypu\u0142kowego-198x300.jpg 198w\" sizes=\"auto, (max-width: 629px) 100vw, 629px\" \/><\/a><\/p>\n<p>Godny uwagi (i ochrony pomnikowej) jest r\u00f3wnie\u017c d\u0105b rosn\u0105cy w pobli\u017cu, przy skrzy\u017cowaniu.<\/p>\n<p><a href=\"https:\/\/www.pomniki-przyrody.pl\/wp-content\/uploads\/2014\/12\/okaza\u0142y-d\u0105b-przy-drodze-Jelcz-Laskowice-O\u0142awa.jpg\"><img loading=\"lazy\" decoding=\"async\" class=\"aligncenter wp-image-7466 size-full\" title=\"okaza\u0142y d\u0105b przy drodze Jelcz - Laskowice - O\u0142awa\" src=\"https:\/\/www.pomniki-przyrody.pl\/wp-content\/uploads\/2014\/12\/okaza\u0142y-d\u0105b-przy-drodze-Jelcz-Laskowice-O\u0142awa.jpg\" alt=\"\" width=\"676\" height=\"900\" srcset=\"https:\/\/www.pomniki-przyrody.pl\/wp-content\/uploads\/2014\/12\/okaza\u0142y-d\u0105b-przy-drodze-Jelcz-Laskowice-O\u0142awa.jpg 676w, https:\/\/www.pomniki-przyrody.pl\/wp-content\/uploads\/2014\/12\/okaza\u0142y-d\u0105b-przy-drodze-Jelcz-Laskowice-O\u0142awa-225x300.jpg 225w\" sizes=\"auto, (max-width: 676px) 100vw, 676px\" \/><\/a><\/p>\n<p>Po lewej stronie lokalnej drogi prowadz\u0105cej do Janikowa, rosn\u0105 w odleg\u0142o\u015bci ok. 150 m od siebie dwa pomnikowe d\u0119by szypu\u0142kowe. Okaz zlokalizowany bli\u017cej skrzy\u017cowania z drog\u0105 455 do O\u0142awy mierzy w obwodzie 560 cm.<\/p>\n<p>GPS\u00a0N 50\u00b059\u203254.59\u2033, E 17\u00b019\u203254.77\u2033<\/p>\n<p><a href=\"https:\/\/www.pomniki-przyrody.pl\/wp-content\/uploads\/2014\/12\/pomnikowy-d\u0105b-przy-drodze-do-Janikowa.jpg\"><img loading=\"lazy\" decoding=\"async\" class=\"aligncenter wp-image-7486 size-full\" title=\"pomnikowy d\u0105b przy drodze do Janikowa\" src=\"https:\/\/www.pomniki-przyrody.pl\/wp-content\/uploads\/2014\/12\/pomnikowy-d\u0105b-przy-drodze-do-Janikowa.jpg\" alt=\"\" width=\"629\" height=\"950\" srcset=\"https:\/\/www.pomniki-przyrody.pl\/wp-content\/uploads\/2014\/12\/pomnikowy-d\u0105b-przy-drodze-do-Janikowa.jpg 629w, https:\/\/www.pomniki-przyrody.pl\/wp-content\/uploads\/2014\/12\/pomnikowy-d\u0105b-przy-drodze-do-Janikowa-198x300.jpg 198w\" sizes=\"auto, (max-width: 629px) 100vw, 629px\" \/><\/a><a href=\"https:\/\/www.pomniki-przyrody.pl\/wp-content\/uploads\/2014\/12\/pomnikowy-d\u0105b-nr-1-przy-lokalnej-drodze-do-Janikowa.jpg\"><img loading=\"lazy\" decoding=\"async\" class=\"aligncenter wp-image-7484 size-full\" title=\"pomnikowy d\u0105b nr 1 przy lokalnej drodze do Janikowa\" src=\"https:\/\/www.pomniki-przyrody.pl\/wp-content\/uploads\/2014\/12\/pomnikowy-d\u0105b-nr-1-przy-lokalnej-drodze-do-Janikowa.jpg\" alt=\"\" width=\"630\" height=\"933\" srcset=\"https:\/\/www.pomniki-przyrody.pl\/wp-content\/uploads\/2014\/12\/pomnikowy-d\u0105b-nr-1-przy-lokalnej-drodze-do-Janikowa.jpg 630w, https:\/\/www.pomniki-przyrody.pl\/wp-content\/uploads\/2014\/12\/pomnikowy-d\u0105b-nr-1-przy-lokalnej-drodze-do-Janikowa-202x300.jpg 202w\" sizes=\"auto, (max-width: 630px) 100vw, 630px\" \/><\/a><a href=\"https:\/\/www.pomniki-przyrody.pl\/wp-content\/uploads\/2014\/12\/pie\u0144-pomnikowego-d\u0119bu-nr-1-przy-drodze-do-Janikowa.jpg\"><img loading=\"lazy\" decoding=\"async\" class=\"aligncenter wp-image-7471 size-full\" title=\"pie\u0144 pomnikowego d\u0119bu nr 1 przy drodze do Janikowa\" src=\"https:\/\/www.pomniki-przyrody.pl\/wp-content\/uploads\/2014\/12\/pie\u0144-pomnikowego-d\u0119bu-nr-1-przy-drodze-do-Janikowa.jpg\" alt=\"\" width=\"629\" height=\"950\" srcset=\"https:\/\/www.pomniki-przyrody.pl\/wp-content\/uploads\/2014\/12\/pie\u0144-pomnikowego-d\u0119bu-nr-1-przy-drodze-do-Janikowa.jpg 629w, https:\/\/www.pomniki-przyrody.pl\/wp-content\/uploads\/2014\/12\/pie\u0144-pomnikowego-d\u0119bu-nr-1-przy-drodze-do-Janikowa-198x300.jpg 198w\" sizes=\"auto, (max-width: 629px) 100vw, 629px\" \/><\/a>Drugi d\u0105b mierzy w obwodzie 452 cm.<\/p>\n<p>GPS\u00a0N 50\u00b059\u203252.02\u2033, E 17\u00b020\u203202.37\u2033<\/p>\n<p><a href=\"https:\/\/www.pomniki-przyrody.pl\/wp-content\/uploads\/2014\/12\/pomnikowy-d\u0105b-nr-2-przy-lokalnej-drodze-do-Janikowa.jpg\"><img loading=\"lazy\" decoding=\"async\" class=\"aligncenter wp-image-7485 size-full\" title=\"pomnikowy d\u0105b nr 2 przy lokalnej drodze do Janikowa\" src=\"https:\/\/www.pomniki-przyrody.pl\/wp-content\/uploads\/2014\/12\/pomnikowy-d\u0105b-nr-2-przy-lokalnej-drodze-do-Janikowa.jpg\" alt=\"\" width=\"643\" height=\"924\" srcset=\"https:\/\/www.pomniki-przyrody.pl\/wp-content\/uploads\/2014\/12\/pomnikowy-d\u0105b-nr-2-przy-lokalnej-drodze-do-Janikowa.jpg 643w, https:\/\/www.pomniki-przyrody.pl\/wp-content\/uploads\/2014\/12\/pomnikowy-d\u0105b-nr-2-przy-lokalnej-drodze-do-Janikowa-208x300.jpg 208w\" sizes=\"auto, (max-width: 643px) 100vw, 643px\" \/><\/a><a href=\"https:\/\/www.pomniki-przyrody.pl\/wp-content\/uploads\/2014\/12\/pomnikowe-d\u0119by-przy-drodze-do-Janikowa.jpg\"><img loading=\"lazy\" decoding=\"async\" class=\"aligncenter wp-image-7476 size-full\" title=\"pomnikowe d\u0119by przy drodze do Janikowa\" src=\"https:\/\/www.pomniki-przyrody.pl\/wp-content\/uploads\/2014\/12\/pomnikowe-d\u0119by-przy-drodze-do-Janikowa.jpg\" alt=\"\" width=\"1000\" height=\"662\" srcset=\"https:\/\/www.pomniki-przyrody.pl\/wp-content\/uploads\/2014\/12\/pomnikowe-d\u0119by-przy-drodze-do-Janikowa.jpg 1000w, https:\/\/www.pomniki-przyrody.pl\/wp-content\/uploads\/2014\/12\/pomnikowe-d\u0119by-przy-drodze-do-Janikowa-300x198.jpg 300w, https:\/\/www.pomniki-przyrody.pl\/wp-content\/uploads\/2014\/12\/pomnikowe-d\u0119by-przy-drodze-do-Janikowa-453x300.jpg 453w\" sizes=\"auto, (max-width: 1000px) 100vw, 1000px\" \/><\/a><a href=\"https:\/\/www.pomniki-przyrody.pl\/wp-content\/uploads\/2014\/12\/pie\u0144-pomnikowego-d\u0119bu-nr-2-przy-drodze-do-Janikowa.jpg\"><img loading=\"lazy\" decoding=\"async\" class=\"aligncenter wp-image-7472 size-full\" title=\"pie\u0144 pomnikowego d\u0119bu nr 2 przy drodze do Janikowa\" src=\"https:\/\/www.pomniki-przyrody.pl\/wp-content\/uploads\/2014\/12\/pie\u0144-pomnikowego-d\u0119bu-nr-2-przy-drodze-do-Janikowa.jpg\" alt=\"\" width=\"662\" height=\"999\" srcset=\"https:\/\/www.pomniki-przyrody.pl\/wp-content\/uploads\/2014\/12\/pie\u0144-pomnikowego-d\u0119bu-nr-2-przy-drodze-do-Janikowa.jpg 662w, https:\/\/www.pomniki-przyrody.pl\/wp-content\/uploads\/2014\/12\/pie\u0144-pomnikowego-d\u0119bu-nr-2-przy-drodze-do-Janikowa-198x300.jpg 198w\" sizes=\"auto, (max-width: 662px) 100vw, 662px\" \/><\/a><\/p>\n<p>W Jelczu &#8211; Laskowice status pomnika przyrody posiada r\u00f3wnie\u017c lipa drobnolistna o nazwie &#8222;Matczyna Lipa&#8221;, ro\u015bnie obok strzelnicy, na przed\u0142u\u017ceniu ul. Majowej.<\/p>\n<p>GPS\u00a0N 51\u00b002\u203259.92\u2033, E 17\u00b020\u203227.37\u2033<\/p>\n<p><a href=\"https:\/\/www.pomniki-przyrody.pl\/wp-content\/uploads\/2014\/12\/Jelcz-Laskowice-pomnikowa-lipa-drobnolistna.jpg\"><img loading=\"lazy\" decoding=\"async\" class=\"aligncenter wp-image-7464 size-full\" title=\"Jelcz - Laskowice - pomnikowa lipa drobnolistna\" src=\"https:\/\/www.pomniki-przyrody.pl\/wp-content\/uploads\/2014\/12\/Jelcz-Laskowice-pomnikowa-lipa-drobnolistna.jpg\" alt=\"\" width=\"1000\" height=\"662\" srcset=\"https:\/\/www.pomniki-przyrody.pl\/wp-content\/uploads\/2014\/12\/Jelcz-Laskowice-pomnikowa-lipa-drobnolistna.jpg 1000w, https:\/\/www.pomniki-przyrody.pl\/wp-content\/uploads\/2014\/12\/Jelcz-Laskowice-pomnikowa-lipa-drobnolistna-300x198.jpg 300w, https:\/\/www.pomniki-przyrody.pl\/wp-content\/uploads\/2014\/12\/Jelcz-Laskowice-pomnikowa-lipa-drobnolistna-453x300.jpg 453w\" sizes=\"auto, (max-width: 1000px) 100vw, 1000px\" \/><\/a><a href=\"https:\/\/www.pomniki-przyrody.pl\/wp-content\/uploads\/2014\/12\/pomnikowa-lipa-w-Jelczu-Laskowice.jpg\"><img loading=\"lazy\" decoding=\"async\" class=\"aligncenter wp-image-7475 size-full\" title=\"pomnikowa lipa w Jelczu - Laskowice\" src=\"https:\/\/www.pomniki-przyrody.pl\/wp-content\/uploads\/2014\/12\/pomnikowa-lipa-w-Jelczu-Laskowice.jpg\" alt=\"\" width=\"1000\" height=\"662\" srcset=\"https:\/\/www.pomniki-przyrody.pl\/wp-content\/uploads\/2014\/12\/pomnikowa-lipa-w-Jelczu-Laskowice.jpg 1000w, https:\/\/www.pomniki-przyrody.pl\/wp-content\/uploads\/2014\/12\/pomnikowa-lipa-w-Jelczu-Laskowice-300x198.jpg 300w, https:\/\/www.pomniki-przyrody.pl\/wp-content\/uploads\/2014\/12\/pomnikowa-lipa-w-Jelczu-Laskowice-453x300.jpg 453w\" sizes=\"auto, (max-width: 1000px) 100vw, 1000px\" \/><\/a><\/p>\n<p>Okaz mierzy 450 cm w obwodzie, wysoko\u015b\u0107 lipy 20 metr\u00f3w.<\/p>\n<p><a href=\"https:\/\/www.pomniki-przyrody.pl\/wp-content\/uploads\/2014\/12\/pie\u0144-pomnikowej-lipy-w-Jelczu-Laskowice.jpg\"><img loading=\"lazy\" decoding=\"async\" class=\"aligncenter wp-image-7473 size-full\" title=\"pie\u0144 pomnikowej lipy w Jelczu - Laskowice\" src=\"https:\/\/www.pomniki-przyrody.pl\/wp-content\/uploads\/2014\/12\/pie\u0144-pomnikowej-lipy-w-Jelczu-Laskowice.jpg\" alt=\"\" width=\"629\" height=\"950\" srcset=\"https:\/\/www.pomniki-przyrody.pl\/wp-content\/uploads\/2014\/12\/pie\u0144-pomnikowej-lipy-w-Jelczu-Laskowice.jpg 629w, https:\/\/www.pomniki-przyrody.pl\/wp-content\/uploads\/2014\/12\/pie\u0144-pomnikowej-lipy-w-Jelczu-Laskowice-198x300.jpg 198w\" sizes=\"auto, (max-width: 629px) 100vw, 629px\" \/><\/a><\/p>\n<p>Najstarszy w gminie d\u0105b o nazwie &#8222;S\u0142owianin&#8221; zlokalizowany jest w p\u00f3\u0142nocnym kra\u0144cu wsi D\u0119bina.<\/p>\n<p>GPS\u00a0N 51\u00b003\u203224.02\u2033, E 17\u00b022\u203254.77\u2033<\/p>\n<p><a href=\"https:\/\/www.pomniki-przyrody.pl\/wp-content\/uploads\/2014\/12\/pomnikowy-d\u0105b-S\u0142owianin-w-D\u0119binie.jpg\"><img loading=\"lazy\" decoding=\"async\" class=\"aligncenter wp-image-7487 size-full\" title=\"pomnikowy d\u0105b S\u0142owianin w D\u0119binie\" src=\"https:\/\/www.pomniki-przyrody.pl\/wp-content\/uploads\/2014\/12\/pomnikowy-d\u0105b-S\u0142owianin-w-D\u0119binie.jpg\" alt=\"\" width=\"1000\" height=\"662\" srcset=\"https:\/\/www.pomniki-przyrody.pl\/wp-content\/uploads\/2014\/12\/pomnikowy-d\u0105b-S\u0142owianin-w-D\u0119binie.jpg 1000w, https:\/\/www.pomniki-przyrody.pl\/wp-content\/uploads\/2014\/12\/pomnikowy-d\u0105b-S\u0142owianin-w-D\u0119binie-300x198.jpg 300w, https:\/\/www.pomniki-przyrody.pl\/wp-content\/uploads\/2014\/12\/pomnikowy-d\u0105b-S\u0142owianin-w-D\u0119binie-453x300.jpg 453w\" sizes=\"auto, (max-width: 1000px) 100vw, 1000px\" \/><\/a><\/p>\n<p>&#8222;S\u0142owianin&#8221; mierzy w obwodzie a\u017c 706 cm, wysoko\u015b\u0107 d\u0119bu 25 metr\u00f3w.<\/p>\n<p><a href=\"https:\/\/www.pomniki-przyrody.pl\/wp-content\/uploads\/2014\/12\/d\u0105b-szypu\u0142kowy-S\u0142owianin-we-wsi-D\u0119bina.jpg\"><img loading=\"lazy\" decoding=\"async\" class=\"aligncenter wp-image-7458 size-full\" title=\"d\u0105b szypu\u0142kowy S\u0142owianin we wsi D\u0119bina\" src=\"https:\/\/www.pomniki-przyrody.pl\/wp-content\/uploads\/2014\/12\/d\u0105b-szypu\u0142kowy-S\u0142owianin-we-wsi-D\u0119bina.jpg\" alt=\"\" width=\"1000\" height=\"662\" srcset=\"https:\/\/www.pomniki-przyrody.pl\/wp-content\/uploads\/2014\/12\/d\u0105b-szypu\u0142kowy-S\u0142owianin-we-wsi-D\u0119bina.jpg 1000w, https:\/\/www.pomniki-przyrody.pl\/wp-content\/uploads\/2014\/12\/d\u0105b-szypu\u0142kowy-S\u0142owianin-we-wsi-D\u0119bina-300x198.jpg 300w, https:\/\/www.pomniki-przyrody.pl\/wp-content\/uploads\/2014\/12\/d\u0105b-szypu\u0142kowy-S\u0142owianin-we-wsi-D\u0119bina-453x300.jpg 453w\" sizes=\"auto, (max-width: 1000px) 100vw, 1000px\" \/><\/a><a href=\"https:\/\/www.pomniki-przyrody.pl\/wp-content\/uploads\/2014\/12\/pie\u0144-d\u0119bu-S\u0142owianin-w-D\u0119binie.jpg\"><img loading=\"lazy\" decoding=\"async\" class=\"aligncenter wp-image-7467 size-full\" title=\"pie\u0144 d\u0119bu S\u0142owianin w D\u0119binie\" src=\"https:\/\/www.pomniki-przyrody.pl\/wp-content\/uploads\/2014\/12\/pie\u0144-d\u0119bu-S\u0142owianin-w-D\u0119binie.jpg\" alt=\"\" width=\"629\" height=\"950\" srcset=\"https:\/\/www.pomniki-przyrody.pl\/wp-content\/uploads\/2014\/12\/pie\u0144-d\u0119bu-S\u0142owianin-w-D\u0119binie.jpg 629w, https:\/\/www.pomniki-przyrody.pl\/wp-content\/uploads\/2014\/12\/pie\u0144-d\u0119bu-S\u0142owianin-w-D\u0119binie-198x300.jpg 198w\" sizes=\"auto, (max-width: 629px) 100vw, 629px\" \/><\/a><\/p>\n<p>Na skraju zaro\u015bni\u0119tego, poniemieckiego cmentarza w Dziuplinie ro\u015bnie d\u0105b szypu\u0142kowy (obw\u00f3d 466 cm), chroniony jako pomnik przyrody.<\/p>\n<p>GPS\u00a0N 51\u00b003\u203235.17\u2033, E 17\u00b020\u203213.43\u2033<\/p>\n<p><a href=\"https:\/\/www.pomniki-przyrody.pl\/wp-content\/uploads\/2014\/12\/pomnikowy-d\u0105b-na-cmentarzu-poniemieckim-w-Dziuplinie.jpg\"><img loading=\"lazy\" decoding=\"async\" class=\"aligncenter wp-image-7483 size-full\" title=\"pomnikowy d\u0105b na cmentarzu poniemieckim w Dziuplinie\" src=\"https:\/\/www.pomniki-przyrody.pl\/wp-content\/uploads\/2014\/12\/pomnikowy-d\u0105b-na-cmentarzu-poniemieckim-w-Dziuplinie.jpg\" alt=\"\" width=\"1000\" height=\"662\" srcset=\"https:\/\/www.pomniki-przyrody.pl\/wp-content\/uploads\/2014\/12\/pomnikowy-d\u0105b-na-cmentarzu-poniemieckim-w-Dziuplinie.jpg 1000w, https:\/\/www.pomniki-przyrody.pl\/wp-content\/uploads\/2014\/12\/pomnikowy-d\u0105b-na-cmentarzu-poniemieckim-w-Dziuplinie-300x198.jpg 300w, https:\/\/www.pomniki-przyrody.pl\/wp-content\/uploads\/2014\/12\/pomnikowy-d\u0105b-na-cmentarzu-poniemieckim-w-Dziuplinie-453x300.jpg 453w\" sizes=\"auto, (max-width: 1000px) 100vw, 1000px\" \/><\/a><\/p>\n<p><a href=\"https:\/\/www.pomniki-przyrody.pl\/wp-content\/uploads\/2014\/12\/pie\u0144-pomnikowego-d\u0119bu-cmentarz-poniemiecki-w-Dziuplinie.jpg\"><img loading=\"lazy\" decoding=\"async\" class=\"aligncenter wp-image-7470 size-full\" title=\"pie\u0144 pomnikowego d\u0119bu - cmentarz poniemiecki w Dziuplinie\" src=\"https:\/\/www.pomniki-przyrody.pl\/wp-content\/uploads\/2014\/12\/pie\u0144-pomnikowego-d\u0119bu-cmentarz-poniemiecki-w-Dziuplinie.jpg\" alt=\"\" width=\"629\" height=\"950\" srcset=\"https:\/\/www.pomniki-przyrody.pl\/wp-content\/uploads\/2014\/12\/pie\u0144-pomnikowego-d\u0119bu-cmentarz-poniemiecki-w-Dziuplinie.jpg 629w, https:\/\/www.pomniki-przyrody.pl\/wp-content\/uploads\/2014\/12\/pie\u0144-pomnikowego-d\u0119bu-cmentarz-poniemiecki-w-Dziuplinie-198x300.jpg 198w\" sizes=\"auto, (max-width: 629px) 100vw, 629px\" \/><\/a><\/p>\n<p>Grupowym pomnikiem przyrody og\u0142oszono 13 drzew otaczaj\u0105cych ko\u015bci\u00f3\u0142 w Mi\u0142ocicach.<\/p>\n<p>GPS\u00a0N 51\u00b002\u203248\u2033, E 17\u00b028\u203249\u2033<\/p>\n<p><a href=\"https:\/\/www.pomniki-przyrody.pl\/wp-content\/uploads\/2014\/12\/pomnikowe-drzewa-otaczaj\u0105ce-ko\u015bci\u00f3\u0142-w-Mi\u0142ocicach.jpg\"><img loading=\"lazy\" decoding=\"async\" class=\"aligncenter wp-image-7479 size-full\" title=\"pomnikowe drzewa otaczaj\u0105ce ko\u015bci\u00f3\u0142 w Mi\u0142ocicach\" src=\"https:\/\/www.pomniki-przyrody.pl\/wp-content\/uploads\/2014\/12\/pomnikowe-drzewa-otaczaj\u0105ce-ko\u015bci\u00f3\u0142-w-Mi\u0142ocicach.jpg\" alt=\"\" width=\"1000\" height=\"662\" srcset=\"https:\/\/www.pomniki-przyrody.pl\/wp-content\/uploads\/2014\/12\/pomnikowe-drzewa-otaczaj\u0105ce-ko\u015bci\u00f3\u0142-w-Mi\u0142ocicach.jpg 1000w, https:\/\/www.pomniki-przyrody.pl\/wp-content\/uploads\/2014\/12\/pomnikowe-drzewa-otaczaj\u0105ce-ko\u015bci\u00f3\u0142-w-Mi\u0142ocicach-300x198.jpg 300w, https:\/\/www.pomniki-przyrody.pl\/wp-content\/uploads\/2014\/12\/pomnikowe-drzewa-otaczaj\u0105ce-ko\u015bci\u00f3\u0142-w-Mi\u0142ocicach-453x300.jpg 453w\" sizes=\"auto, (max-width: 1000px) 100vw, 1000px\" \/><\/a><a href=\"https:\/\/www.pomniki-przyrody.pl\/wp-content\/uploads\/2014\/12\/grupa-pomnikowych-drzew-w-Mi\u0142ocicach.jpg\"><img loading=\"lazy\" decoding=\"async\" class=\"aligncenter wp-image-7461 size-full\" title=\"grupa pomnikowych drzew w Mi\u0142ocicach\" src=\"https:\/\/www.pomniki-przyrody.pl\/wp-content\/uploads\/2014\/12\/grupa-pomnikowych-drzew-w-Mi\u0142ocicach.jpg\" alt=\"\" width=\"1000\" height=\"662\" srcset=\"https:\/\/www.pomniki-przyrody.pl\/wp-content\/uploads\/2014\/12\/grupa-pomnikowych-drzew-w-Mi\u0142ocicach.jpg 1000w, https:\/\/www.pomniki-przyrody.pl\/wp-content\/uploads\/2014\/12\/grupa-pomnikowych-drzew-w-Mi\u0142ocicach-300x198.jpg 300w, https:\/\/www.pomniki-przyrody.pl\/wp-content\/uploads\/2014\/12\/grupa-pomnikowych-drzew-w-Mi\u0142ocicach-453x300.jpg 453w\" sizes=\"auto, (max-width: 1000px) 100vw, 1000px\" \/><\/a><a href=\"https:\/\/www.pomniki-przyrody.pl\/wp-content\/uploads\/2014\/12\/grupa-pomnikowych-drzew-wok\u00f3\u0142-ko\u015bcio\u0142a-w-Mi\u0142ocicach.jpg\"><img loading=\"lazy\" decoding=\"async\" class=\"aligncenter wp-image-7462 size-full\" title=\"grupa pomnikowych drzew wok\u00f3\u0142 ko\u015bcio\u0142a w Mi\u0142ocicach\" src=\"https:\/\/www.pomniki-przyrody.pl\/wp-content\/uploads\/2014\/12\/grupa-pomnikowych-drzew-wok\u00f3\u0142-ko\u015bcio\u0142a-w-Mi\u0142ocicach.jpg\" alt=\"\" width=\"1000\" height=\"662\" srcset=\"https:\/\/www.pomniki-przyrody.pl\/wp-content\/uploads\/2014\/12\/grupa-pomnikowych-drzew-wok\u00f3\u0142-ko\u015bcio\u0142a-w-Mi\u0142ocicach.jpg 1000w, https:\/\/www.pomniki-przyrody.pl\/wp-content\/uploads\/2014\/12\/grupa-pomnikowych-drzew-wok\u00f3\u0142-ko\u015bcio\u0142a-w-Mi\u0142ocicach-300x198.jpg 300w, https:\/\/www.pomniki-przyrody.pl\/wp-content\/uploads\/2014\/12\/grupa-pomnikowych-drzew-wok\u00f3\u0142-ko\u015bcio\u0142a-w-Mi\u0142ocicach-453x300.jpg 453w\" sizes=\"auto, (max-width: 1000px) 100vw, 1000px\" \/><\/a>Spo\u015br\u00f3d 13 okaz\u00f3w 6 to jesiony wynios\u0142e, 4 lipy drobnolistne i 3 d\u0119by szypu\u0142kowe. Obw\u00f3d okaz\u00f3w w przedziale 140 &#8211; 320 cm, wysoko\u015b\u0107 16 &#8211; 28 metr\u00f3w.<\/p>\n<p><a href=\"https:\/\/www.pomniki-przyrody.pl\/wp-content\/uploads\/2014\/12\/pomnikowe-drzewa-w-Mi\u0142ocicach.jpg\"><img loading=\"lazy\" decoding=\"async\" class=\"aligncenter wp-image-7482 size-full\" title=\"pomnikowe drzewa w Mi\u0142ocicach\" src=\"https:\/\/www.pomniki-przyrody.pl\/wp-content\/uploads\/2014\/12\/pomnikowe-drzewa-w-Mi\u0142ocicach.jpg\" alt=\"\" width=\"600\" height=\"906\" srcset=\"https:\/\/www.pomniki-przyrody.pl\/wp-content\/uploads\/2014\/12\/pomnikowe-drzewa-w-Mi\u0142ocicach.jpg 600w, https:\/\/www.pomniki-przyrody.pl\/wp-content\/uploads\/2014\/12\/pomnikowe-drzewa-w-Mi\u0142ocicach-198x300.jpg 198w\" sizes=\"auto, (max-width: 600px) 100vw, 600px\" \/><\/a><a href=\"https:\/\/www.pomniki-przyrody.pl\/wp-content\/uploads\/2014\/12\/pomnikowe-drzewa-przy-ko\u015bciele-w-Mi\u0142ocicach.jpg\"><img loading=\"lazy\" decoding=\"async\" class=\"aligncenter wp-image-7481 size-full\" title=\"pomnikowe drzewa przy ko\u015bciele w Mi\u0142ocicach\" src=\"https:\/\/www.pomniki-przyrody.pl\/wp-content\/uploads\/2014\/12\/pomnikowe-drzewa-przy-ko\u015bciele-w-Mi\u0142ocicach.jpg\" alt=\"\" width=\"950\" height=\"629\" srcset=\"https:\/\/www.pomniki-przyrody.pl\/wp-content\/uploads\/2014\/12\/pomnikowe-drzewa-przy-ko\u015bciele-w-Mi\u0142ocicach.jpg 950w, https:\/\/www.pomniki-przyrody.pl\/wp-content\/uploads\/2014\/12\/pomnikowe-drzewa-przy-ko\u015bciele-w-Mi\u0142ocicach-300x198.jpg 300w, https:\/\/www.pomniki-przyrody.pl\/wp-content\/uploads\/2014\/12\/pomnikowe-drzewa-przy-ko\u015bciele-w-Mi\u0142ocicach-453x300.jpg 453w\" sizes=\"auto, (max-width: 950px) 100vw, 950px\" \/><\/a><a href=\"https:\/\/www.pomniki-przyrody.pl\/wp-content\/uploads\/2014\/12\/pomnikowe-drzewa-na-ty\u0142ach-ko\u015bcio\u0142a-w-Mi\u0142ocicach.jpg\"><img loading=\"lazy\" decoding=\"async\" class=\"aligncenter wp-image-7478 size-full\" title=\"pomnikowe drzewa na ty\u0142ach ko\u015bcio\u0142a w Mi\u0142ocicach\" src=\"https:\/\/www.pomniki-przyrody.pl\/wp-content\/uploads\/2014\/12\/pomnikowe-drzewa-na-ty\u0142ach-ko\u015bcio\u0142a-w-Mi\u0142ocicach.jpg\" alt=\"\" width=\"662\" height=\"1000\" srcset=\"https:\/\/www.pomniki-przyrody.pl\/wp-content\/uploads\/2014\/12\/pomnikowe-drzewa-na-ty\u0142ach-ko\u015bcio\u0142a-w-Mi\u0142ocicach.jpg 662w, https:\/\/www.pomniki-przyrody.pl\/wp-content\/uploads\/2014\/12\/pomnikowe-drzewa-na-ty\u0142ach-ko\u015bcio\u0142a-w-Mi\u0142ocicach-198x300.jpg 198w\" sizes=\"auto, (max-width: 662px) 100vw, 662px\" \/><\/a><a href=\"https:\/\/www.pomniki-przyrody.pl\/wp-content\/uploads\/2014\/12\/grupa-pomnikowych-drzew-plac-ko\u015bcielny-w-Mi\u0142ocicach.jpg\"><img loading=\"lazy\" decoding=\"async\" class=\"aligncenter wp-image-7460 size-full\" title=\"grupa pomnikowych drzew - plac ko\u015bcielny w Mi\u0142ocicach\" src=\"https:\/\/www.pomniki-przyrody.pl\/wp-content\/uploads\/2014\/12\/grupa-pomnikowych-drzew-plac-ko\u015bcielny-w-Mi\u0142ocicach.jpg\" alt=\"\" width=\"1000\" height=\"662\" srcset=\"https:\/\/www.pomniki-przyrody.pl\/wp-content\/uploads\/2014\/12\/grupa-pomnikowych-drzew-plac-ko\u015bcielny-w-Mi\u0142ocicach.jpg 1000w, https:\/\/www.pomniki-przyrody.pl\/wp-content\/uploads\/2014\/12\/grupa-pomnikowych-drzew-plac-ko\u015bcielny-w-Mi\u0142ocicach-300x198.jpg 300w, https:\/\/www.pomniki-przyrody.pl\/wp-content\/uploads\/2014\/12\/grupa-pomnikowych-drzew-plac-ko\u015bcielny-w-Mi\u0142ocicach-453x300.jpg 453w\" sizes=\"auto, (max-width: 1000px) 100vw, 1000px\" \/><\/a><a href=\"https:\/\/www.pomniki-przyrody.pl\/wp-content\/uploads\/2014\/12\/pomnikowe-drzewa-przy-kapliczce-w-Mi\u0142ocicach.jpg\"><img loading=\"lazy\" decoding=\"async\" class=\"aligncenter wp-image-7480 size-full\" title=\"pomnikowe drzewa przy kapliczce w Mi\u0142ocicach\" src=\"https:\/\/www.pomniki-przyrody.pl\/wp-content\/uploads\/2014\/12\/pomnikowe-drzewa-przy-kapliczce-w-Mi\u0142ocicach.jpg\" alt=\"\" width=\"1000\" height=\"662\" srcset=\"https:\/\/www.pomniki-przyrody.pl\/wp-content\/uploads\/2014\/12\/pomnikowe-drzewa-przy-kapliczce-w-Mi\u0142ocicach.jpg 1000w, https:\/\/www.pomniki-przyrody.pl\/wp-content\/uploads\/2014\/12\/pomnikowe-drzewa-przy-kapliczce-w-Mi\u0142ocicach-300x198.jpg 300w, https:\/\/www.pomniki-przyrody.pl\/wp-content\/uploads\/2014\/12\/pomnikowe-drzewa-przy-kapliczce-w-Mi\u0142ocicach-453x300.jpg 453w\" sizes=\"auto, (max-width: 1000px) 100vw, 1000px\" \/><\/a>Pomnikami przyrody nieo\u017cywionej w gminie Jelcz &#8211; Laskowice s\u0105 2 g\u0142azy narzutowe, opisane dok\u0142adnie w poprzednim <span style=\"color: #0000ff;\"><a title=\"Pomnikowe eratyki w gminie Jelcz \u2013 Laskowice.\" href=\"https:\/\/www.pomniki-przyrody.pl\/?p=7435\"><span style=\"color: #0000ff;\">artykule<\/span>.<\/a><\/span><\/p>\n<p><a href=\"https:\/\/www.pomniki-przyrody.pl\/wp-content\/uploads\/2014\/12\/pomnikowy-g\u0142az-k.-wsi-Gr\u0119dzina.jpg\"><img loading=\"lazy\" decoding=\"async\" class=\"aligncenter wp-image-7443 size-full\" title=\"pomnikowy g\u0142az k. wsi Gr\u0119dzina\" src=\"https:\/\/www.pomniki-przyrody.pl\/wp-content\/uploads\/2014\/12\/pomnikowy-g\u0142az-k.-wsi-Gr\u0119dzina.jpg\" alt=\"\" width=\"1000\" height=\"662\" srcset=\"https:\/\/www.pomniki-przyrody.pl\/wp-content\/uploads\/2014\/12\/pomnikowy-g\u0142az-k.-wsi-Gr\u0119dzina.jpg 1000w, https:\/\/www.pomniki-przyrody.pl\/wp-content\/uploads\/2014\/12\/pomnikowy-g\u0142az-k.-wsi-Gr\u0119dzina-300x198.jpg 300w, https:\/\/www.pomniki-przyrody.pl\/wp-content\/uploads\/2014\/12\/pomnikowy-g\u0142az-k.-wsi-Gr\u0119dzina-453x300.jpg 453w\" sizes=\"auto, (max-width: 1000px) 100vw, 1000px\" \/><\/a><a href=\"https:\/\/www.pomniki-przyrody.pl\/wp-content\/uploads\/2014\/12\/pomnikowy-eratyk-D\u0119bina-w-gm.-Jelcz-Laskowice.jpg\"><img loading=\"lazy\" decoding=\"async\" class=\"aligncenter wp-image-7437 size-full\" title=\"pomnikowy eratyk - D\u0119bina w gm. Jelcz - Laskowice\" src=\"https:\/\/www.pomniki-przyrody.pl\/wp-content\/uploads\/2014\/12\/pomnikowy-eratyk-D\u0119bina-w-gm.-Jelcz-Laskowice.jpg\" alt=\"\" width=\"1000\" height=\"662\" srcset=\"https:\/\/www.pomniki-przyrody.pl\/wp-content\/uploads\/2014\/12\/pomnikowy-eratyk-D\u0119bina-w-gm.-Jelcz-Laskowice.jpg 1000w, https:\/\/www.pomniki-przyrody.pl\/wp-content\/uploads\/2014\/12\/pomnikowy-eratyk-D\u0119bina-w-gm.-Jelcz-Laskowice-300x198.jpg 300w, https:\/\/www.pomniki-przyrody.pl\/wp-content\/uploads\/2014\/12\/pomnikowy-eratyk-D\u0119bina-w-gm.-Jelcz-Laskowice-453x300.jpg 453w\" sizes=\"auto, (max-width: 1000px) 100vw, 1000px\" \/><\/a><\/p>\n","protected":false},"excerpt":{"rendered":"<p>Tereny gminy miejsko &#8211; wiejskiej Jelcz &#8211; Laskowice\u00a0po\u0142o\u017cone s\u0105 we wschodniej cz\u0119\u015bci wojew\u00f3dztwa dolno\u015bl\u0105skiego, na pograniczu\u00a0z wojew\u00f3dztwem opolskim (ok. 25 km na po\u0142udniowy wsch\u00f3d od Wroc\u0142awia). Lasy zajmuj\u0105 31% obszaru gminy; tutejszy drzewostan sk\u0142ada si\u0119 g\u0142\u00f3wnie z sosny pospolitej, ale &hellip; <a href=\"https:\/\/www.pomniki-przyrody.pl\/?p=7457\">Czytaj dalej <span class=\"meta-nav\">&rarr;<\/span><\/a><\/p>\n","protected":false},"author":2,"featured_media":0,"comment_status":"open","ping_status":"open","sticky":false,"template":"","format":"standard","meta":{"footnotes":""},"categories":[1],"tags":[1107,1104,1108,1103,1106,1110,1109,318,123],"class_list":["post-7457","post","type-post","status-publish","format-standard","hentry","category-przyroda-ozywiona","tag-dab-slowianin","tag-debina","tag-dziuplina","tag-gmina-jelcz-laskowice","tag-jelcz-laskowice","tag-kosciol-w-milocicach","tag-milocice","tag-pomnikowe-deby","tag-pomnikowe-lipy"],"_links":{"self":[{"href":"https:\/\/www.pomniki-przyrody.pl\/index.php?rest_route=\/wp\/v2\/posts\/7457","targetHints":{"allow":["GET"]}}],"collection":[{"href":"https:\/\/www.pomniki-przyrody.pl\/index.php?rest_route=\/wp\/v2\/posts"}],"about":[{"href":"https:\/\/www.pomniki-przyrody.pl\/index.php?rest_route=\/wp\/v2\/types\/post"}],"author":[{"embeddable":true,"href":"https:\/\/www.pomniki-przyrody.pl\/index.php?rest_route=\/wp\/v2\/users\/2"}],"replies":[{"embeddable":true,"href":"https:\/\/www.pomniki-przyrody.pl\/index.php?rest_route=%2Fwp%2Fv2%2Fcomments&post=7457"}],"version-history":[{"count":2,"href":"https:\/\/www.pomniki-przyrody.pl\/index.php?rest_route=\/wp\/v2\/posts\/7457\/revisions"}],"predecessor-version":[{"id":13641,"href":"https:\/\/www.pomniki-przyrody.pl\/index.php?rest_route=\/wp\/v2\/posts\/7457\/revisions\/13641"}],"wp:attachment":[{"href":"https:\/\/www.pomniki-przyrody.pl\/index.php?rest_route=%2Fwp%2Fv2%2Fmedia&parent=7457"}],"wp:term":[{"taxonomy":"category","embeddable":true,"href":"https:\/\/www.pomniki-przyrody.pl\/index.php?rest_route=%2Fwp%2Fv2%2Fcategories&post=7457"},{"taxonomy":"post_tag","embeddable":true,"href":"https:\/\/www.pomniki-przyrody.pl\/index.php?rest_route=%2Fwp%2Fv2%2Ftags&post=7457"}],"curies":[{"name":"wp","href":"https:\/\/api.w.org\/{rel}","templated":true}]}}