{"id":7496,"date":"2015-02-10T22:55:27","date_gmt":"2015-02-10T21:55:27","guid":{"rendered":"http:\/\/www.pomniki-przyrody.pl\/?p=7496"},"modified":"2024-06-29T15:43:33","modified_gmt":"2024-06-29T13:43:33","slug":"pomniki-przyrody-w-jeleniej-gorze","status":"publish","type":"post","link":"https:\/\/www.pomniki-przyrody.pl\/?p=7496","title":{"rendered":"Pomniki przyrody w Jeleniej G\u00f3rze."},"content":{"rendered":"<p>(<span style=\"color: #ff0000;\">Edytowano 29.06.2024 r.<\/span>) Pierwszy artyku\u0142 (mocno sp\u00f3\u017aniony) w 2015 r. po\u015bwi\u0119c\u0119 mojemu rodzinnemu miastu, czyli Jeleniej G\u00f3rze. To du\u017ce miasto o powierzchni a\u017c 109 km\u00b2 (drugie co do wielko\u015bci pow. w woj. dolno\u015bl\u0105skim); tak du\u017cy obszar zawdzi\u0119cza przy\u0142\u0105czaniu w r\u00f3\u017cnych okresach s\u0105siednich miejscowo\u015bci, m.in. Cieplic, Sobieszowa, Maciejowej, Goduszyna, Czarnego, Jagni\u0105tkowa. Ze znacznym obszarem miasta powi\u0105zane jest du\u017ce zr\u00f3\u017cnicowanie krajobrazu. Przewa\u017caj\u0105ca cz\u0119\u015b\u0107 miasta le\u017cy w Kotlinie Jeleniog\u00f3rskiej urozmaiconej niewysokimi Wzg\u00f3rzami \u0141omnickimi, nad Sobieszowem g\u00f3ruje znany Zamek Chojnik (627 m n.p.m) &#8211; to fragment Przedg\u00f3rza Karkonoszy, najwy\u017cszy punkt Jeleniej G\u00f3ry to szczyt \u015amielec (1424 m n.p.m.), le\u017c\u0105cy na G\u0142\u00f3wnym Grzbiecie Karkonoszy.<\/p>\n<p>Na terenie miasta Jelenia G\u00f3ra ustanowiono 19 pomnik\u00f3w przyrody. Wi\u0119kszo\u015b\u0107 z nich opisa\u0142em ju\u017c w r\u00f3\u017cnych okresach dzia\u0142alno\u015bci tego bloga, niniejszy artyku\u0142 ma na celu podsumowanie informacji oraz ukazanie aktualnych zdj\u0119\u0107 pomnikowych okaz\u00f3w w zimowej szacie.<\/p>\n<p>Przegl\u0105d jeleniog\u00f3rskich pomnik\u00f3w przyrody rozpoczn\u0119 od wschodnich kra\u0144c\u00f3w miasta. W zarastaj\u0105cym parku w Maciejowej, blisko posesji przy Wroc\u0142awskiej 70, ro\u015bnie pomnikowy okaz d\u0119bu szypu\u0142kowego o obwodzie 447 cm i wysoko\u015bci 20. Wi\u0119cej informacji w artykule &#8222;<a title=\"Park przypa\u0142acowy w Jeleniej G\u00f3rze \u2013 Maciejowej.\" href=\"https:\/\/www.pomniki-przyrody.pl\/?p=557\"><span style=\"color: #0000ff;\">Park przypa\u0142acowy w Jeleniej G\u00f3rze \u2013 Maciejowej<\/span><\/a>&#8222;.<\/p>\n<p><a href=\"https:\/\/www.pomniki-przyrody.pl\/wp-content\/uploads\/2015\/01\/pomnikowy-d\u0105b-park-w-Maciejowej.jpg\"><img loading=\"lazy\" decoding=\"async\" class=\"aligncenter wp-image-7518 size-full\" title=\"pomnikowy d\u0105b - park w Maciejowej\" src=\"https:\/\/www.pomniki-przyrody.pl\/wp-content\/uploads\/2015\/01\/pomnikowy-d\u0105b-park-w-Maciejowej.jpg\" alt=\"\" width=\"611\" height=\"923\" srcset=\"https:\/\/www.pomniki-przyrody.pl\/wp-content\/uploads\/2015\/01\/pomnikowy-d\u0105b-park-w-Maciejowej.jpg 611w, https:\/\/www.pomniki-przyrody.pl\/wp-content\/uploads\/2015\/01\/pomnikowy-d\u0105b-park-w-Maciejowej-199x300.jpg 199w\" sizes=\"auto, (max-width: 611px) 100vw, 611px\" \/><\/a><a href=\"https:\/\/www.pomniki-przyrody.pl\/wp-content\/uploads\/2015\/01\/park-w-Maciejowej-pie\u0144-pomnikowego-d\u0119bu.jpg\"><img loading=\"lazy\" decoding=\"async\" class=\"aligncenter wp-image-7501 size-full\" title=\"park w Maciejowej - pie\u0144 pomnikowego d\u0119bu\" src=\"https:\/\/www.pomniki-przyrody.pl\/wp-content\/uploads\/2015\/01\/park-w-Maciejowej-pie\u0144-pomnikowego-d\u0119bu.jpg\" alt=\"\" width=\"662\" height=\"1000\" srcset=\"https:\/\/www.pomniki-przyrody.pl\/wp-content\/uploads\/2015\/01\/park-w-Maciejowej-pie\u0144-pomnikowego-d\u0119bu.jpg 662w, https:\/\/www.pomniki-przyrody.pl\/wp-content\/uploads\/2015\/01\/park-w-Maciejowej-pie\u0144-pomnikowego-d\u0119bu-199x300.jpg 199w\" sizes=\"auto, (max-width: 662px) 100vw, 662px\" \/><\/a><\/p>\n<p>Grupa pomnikowych drzew zlokalizowana jest przy dawnym folwarku Paulinum, niedaleko obwodnicy do Karpacza. Dwa d\u0119by szypu\u0142kowe (obw\u00f3d 434 i 421 cm) rosn\u0105 nad niewielkim stawem.<\/p>\n<p><a href=\"https:\/\/www.pomniki-przyrody.pl\/wp-content\/uploads\/2015\/01\/pierwszy-pomnikowy-d\u0105b-staw-przy-folwarku-Paulinum.jpg\"><img loading=\"lazy\" decoding=\"async\" class=\"aligncenter wp-image-7508 size-full\" title=\"pierwszy pomnikowy d\u0105b - staw przy folwarku Paulinum\" src=\"https:\/\/www.pomniki-przyrody.pl\/wp-content\/uploads\/2015\/01\/pierwszy-pomnikowy-d\u0105b-staw-przy-folwarku-Paulinum.jpg\" alt=\"\" width=\"629\" height=\"950\" srcset=\"https:\/\/www.pomniki-przyrody.pl\/wp-content\/uploads\/2015\/01\/pierwszy-pomnikowy-d\u0105b-staw-przy-folwarku-Paulinum.jpg 629w, https:\/\/www.pomniki-przyrody.pl\/wp-content\/uploads\/2015\/01\/pierwszy-pomnikowy-d\u0105b-staw-przy-folwarku-Paulinum-199x300.jpg 199w\" sizes=\"auto, (max-width: 629px) 100vw, 629px\" \/><\/a><a href=\"https:\/\/www.pomniki-przyrody.pl\/wp-content\/uploads\/2015\/01\/pie\u0144-1-go-pomnikowego-staw-przy-folwarku-Paulinum.jpg\"><img loading=\"lazy\" decoding=\"async\" class=\"aligncenter wp-image-7502 size-full\" title=\"pie\u0144 1-go pomnikowego - staw przy folwarku Paulinum\" src=\"https:\/\/www.pomniki-przyrody.pl\/wp-content\/uploads\/2015\/01\/pie\u0144-1-go-pomnikowego-staw-przy-folwarku-Paulinum.jpg\" alt=\"\" width=\"596\" height=\"900\" srcset=\"https:\/\/www.pomniki-przyrody.pl\/wp-content\/uploads\/2015\/01\/pie\u0144-1-go-pomnikowego-staw-przy-folwarku-Paulinum.jpg 596w, https:\/\/www.pomniki-przyrody.pl\/wp-content\/uploads\/2015\/01\/pie\u0144-1-go-pomnikowego-staw-przy-folwarku-Paulinum-199x300.jpg 199w\" sizes=\"auto, (max-width: 596px) 100vw, 596px\" \/><\/a><a href=\"https:\/\/www.pomniki-przyrody.pl\/wp-content\/uploads\/2015\/01\/drugi-pomnikowy-d\u0105b-staw-przy-folwarku-Paulinum.jpg\"><img loading=\"lazy\" decoding=\"async\" class=\"aligncenter wp-image-7498 size-full\" title=\"drugi pomnikowy d\u0105b - staw przy folwarku Paulinum\" src=\"https:\/\/www.pomniki-przyrody.pl\/wp-content\/uploads\/2015\/01\/drugi-pomnikowy-d\u0105b-staw-przy-folwarku-Paulinum.jpg\" alt=\"\" width=\"629\" height=\"950\" srcset=\"https:\/\/www.pomniki-przyrody.pl\/wp-content\/uploads\/2015\/01\/drugi-pomnikowy-d\u0105b-staw-przy-folwarku-Paulinum.jpg 629w, https:\/\/www.pomniki-przyrody.pl\/wp-content\/uploads\/2015\/01\/drugi-pomnikowy-d\u0105b-staw-przy-folwarku-Paulinum-199x300.jpg 199w\" sizes=\"auto, (max-width: 629px) 100vw, 629px\" \/><\/a><a href=\"https:\/\/www.pomniki-przyrody.pl\/wp-content\/uploads\/2015\/01\/pie\u0144-2-go-pomnikowego-staw-przy-folwarku-Paulinum.jpg\"><img loading=\"lazy\" decoding=\"async\" class=\"aligncenter wp-image-7503 size-full\" title=\"pie\u0144 2-go pomnikowego - staw przy folwarku Paulinum\" src=\"https:\/\/www.pomniki-przyrody.pl\/wp-content\/uploads\/2015\/01\/pie\u0144-2-go-pomnikowego-staw-przy-folwarku-Paulinum.jpg\" alt=\"\" width=\"596\" height=\"900\" srcset=\"https:\/\/www.pomniki-przyrody.pl\/wp-content\/uploads\/2015\/01\/pie\u0144-2-go-pomnikowego-staw-przy-folwarku-Paulinum.jpg 596w, https:\/\/www.pomniki-przyrody.pl\/wp-content\/uploads\/2015\/01\/pie\u0144-2-go-pomnikowego-staw-przy-folwarku-Paulinum-199x300.jpg 199w\" sizes=\"auto, (max-width: 596px) 100vw, 596px\" \/><\/a><\/p>\n<p>Bli\u017cej budynk\u00f3w gospodarczych ro\u015bnie kolejny d\u0105b o obwodzie 520 cm.<\/p>\n<p><a href=\"https:\/\/www.pomniki-przyrody.pl\/wp-content\/uploads\/2015\/01\/pomnikowy-d\u0105b-przy-folwarku-Paulinum.jpg\"><img loading=\"lazy\" decoding=\"async\" class=\"aligncenter wp-image-7521 size-full\" title=\"pomnikowy d\u0105b przy folwarku Paulinum\" src=\"https:\/\/www.pomniki-przyrody.pl\/wp-content\/uploads\/2015\/01\/pomnikowy-d\u0105b-przy-folwarku-Paulinum.jpg\" alt=\"\" width=\"629\" height=\"950\" srcset=\"https:\/\/www.pomniki-przyrody.pl\/wp-content\/uploads\/2015\/01\/pomnikowy-d\u0105b-przy-folwarku-Paulinum.jpg 629w, https:\/\/www.pomniki-przyrody.pl\/wp-content\/uploads\/2015\/01\/pomnikowy-d\u0105b-przy-folwarku-Paulinum-199x300.jpg 199w\" sizes=\"auto, (max-width: 629px) 100vw, 629px\" \/><\/a><\/p>\n<p>Przy budynkach mieszkalnych ro\u015bnie jeszcze pomnikowa lipa drobnolistna (obw\u00f3d 428 cm), widoczna z \u0142\u0105cznika obwodnicy i ul. Nowowiejskiej. Szczeg\u00f3\u0142owe informacje w artykule &#8222;<a title=\"Pomnikowe drzewa przy Paulinum w Jeleniej G\u00f3rze\" href=\"https:\/\/www.pomniki-przyrody.pl\/?p=307\"><span style=\"color: #0000ff;\">Pomnikowe drzewa przy Paulinum w Jeleniej G\u00f3rze<\/span><\/a>&#8222;.<\/p>\n<p><a href=\"https:\/\/www.pomniki-przyrody.pl\/wp-content\/uploads\/2015\/01\/pomnikowa-lipa-przy-folwarku-Paulinum.jpg\"><img loading=\"lazy\" decoding=\"async\" class=\"aligncenter wp-image-7512 size-full\" title=\"pomnikowa lipa przy folwarku Paulinum\" src=\"https:\/\/www.pomniki-przyrody.pl\/wp-content\/uploads\/2015\/01\/pomnikowa-lipa-przy-folwarku-Paulinum.jpg\" alt=\"\" width=\"629\" height=\"950\" srcset=\"https:\/\/www.pomniki-przyrody.pl\/wp-content\/uploads\/2015\/01\/pomnikowa-lipa-przy-folwarku-Paulinum.jpg 629w, https:\/\/www.pomniki-przyrody.pl\/wp-content\/uploads\/2015\/01\/pomnikowa-lipa-przy-folwarku-Paulinum-199x300.jpg 199w\" sizes=\"auto, (max-width: 629px) 100vw, 629px\" \/><\/a><\/p>\n<p>Pi\u0119kny okaz d\u0119bu o obwodzie 435 cm ro\u015bnie przed gmachem Uniwersytetu Ekonomicznego (Nowowiejska 3).<\/p>\n<p><a href=\"https:\/\/www.pomniki-przyrody.pl\/wp-content\/uploads\/2015\/01\/pomnikowy-d\u0105b-ul.-Nowowiejska-w-Jeleniej-G\u00f3rze.jpg\"><img loading=\"lazy\" decoding=\"async\" class=\"aligncenter wp-image-7519 size-full\" title=\"pomnikowy d\u0105b - ul. Nowowiejska w Jeleniej G\u00f3rze\" src=\"https:\/\/www.pomniki-przyrody.pl\/wp-content\/uploads\/2015\/01\/pomnikowy-d\u0105b-ul.-Nowowiejska-w-Jeleniej-G\u00f3rze.jpg\" alt=\"\" width=\"629\" height=\"950\" srcset=\"https:\/\/www.pomniki-przyrody.pl\/wp-content\/uploads\/2015\/01\/pomnikowy-d\u0105b-ul.-Nowowiejska-w-Jeleniej-G\u00f3rze.jpg 629w, https:\/\/www.pomniki-przyrody.pl\/wp-content\/uploads\/2015\/01\/pomnikowy-d\u0105b-ul.-Nowowiejska-w-Jeleniej-G\u00f3rze-199x300.jpg 199w\" sizes=\"auto, (max-width: 629px) 100vw, 629px\" \/><\/a><a href=\"https:\/\/www.pomniki-przyrody.pl\/wp-content\/uploads\/2015\/01\/pie\u0144-pomnikowego-d\u0119bu-przy-Nowowiejskiej-w-Jeleniej-G\u00f3rze.jpg\"><img loading=\"lazy\" decoding=\"async\" class=\"aligncenter wp-image-7506 size-full\" title=\"pie\u0144 pomnikowego d\u0119bu przy Nowowiejskiej w Jeleniej G\u00f3rze\" src=\"https:\/\/www.pomniki-przyrody.pl\/wp-content\/uploads\/2015\/01\/pie\u0144-pomnikowego-d\u0119bu-przy-Nowowiejskiej-w-Jeleniej-G\u00f3rze.jpg\" alt=\"\" width=\"629\" height=\"950\" srcset=\"https:\/\/www.pomniki-przyrody.pl\/wp-content\/uploads\/2015\/01\/pie\u0144-pomnikowego-d\u0119bu-przy-Nowowiejskiej-w-Jeleniej-G\u00f3rze.jpg 629w, https:\/\/www.pomniki-przyrody.pl\/wp-content\/uploads\/2015\/01\/pie\u0144-pomnikowego-d\u0119bu-przy-Nowowiejskiej-w-Jeleniej-G\u00f3rze-199x300.jpg 199w\" sizes=\"auto, (max-width: 629px) 100vw, 629px\" \/><\/a><\/p>\n<p>Na ty\u0142ach by\u0142ego Urz\u0119du Skarbowego i market\u00f3w Lidl i Bricomarche (ul. Wolno\u015bci) zlokalizowany jest jedyny jeleniog\u00f3rski pomnik przyrody nieo\u017cywionej. Jest to grupa granitowych g\u0142az\u00f3w &#8211; graniak\u00f3w wiatrowych, kt\u00f3re szczeg\u00f3\u0142owo opisa\u0142em w artykule &#8222;<a title=\"Zeolizowane g\u0142azy narzutowe w Jeleniej G\u00f3rze\" href=\"https:\/\/www.pomniki-przyrody.pl\/?p=244\"><span style=\"color: #0000ff;\">Zeolizowane g\u0142azy narzutowe w Jeleniej G\u00f3rze<\/span><\/a>&#8222;.<\/p>\n<p><a href=\"https:\/\/www.pomniki-przyrody.pl\/wp-content\/uploads\/2012\/01\/zeolizowane-g\u0142azy-narzutowe-e1384206647814.jpg\"><img loading=\"lazy\" decoding=\"async\" class=\"aligncenter wp-image-250 size-full\" title=\"zeolizowane g\u0142azy narzutowe\" src=\"https:\/\/www.pomniki-przyrody.pl\/wp-content\/uploads\/2012\/01\/zeolizowane-g\u0142azy-narzutowe-e1384206647814.jpg\" alt=\"\" width=\"1200\" height=\"900\" \/><\/a><\/p>\n<p>W Cieplicach, przy ul. \u0141abskiej 23, ro\u015bnie pomnikowy okaz buka pospolitego (obw\u00f3d 270 cm) w odmianie p\u0142acz\u0105cej <em>Pendula<\/em>.<\/p>\n<p><a href=\"https:\/\/www.pomniki-przyrody.pl\/wp-content\/uploads\/2015\/01\/pomnikowy-buk-ul.-\u0141abska-w-Jeleniej-G\u00f3rze.jpg\"><img loading=\"lazy\" decoding=\"async\" class=\"aligncenter wp-image-7515 size-full\" title=\"pomnikowy buk - ul. \u0141abska w Jeleniej G\u00f3rze\" src=\"https:\/\/www.pomniki-przyrody.pl\/wp-content\/uploads\/2015\/01\/pomnikowy-buk-ul.-\u0141abska-w-Jeleniej-G\u00f3rze.jpg\" alt=\"\" width=\"662\" height=\"1000\" srcset=\"https:\/\/www.pomniki-przyrody.pl\/wp-content\/uploads\/2015\/01\/pomnikowy-buk-ul.-\u0141abska-w-Jeleniej-G\u00f3rze.jpg 662w, https:\/\/www.pomniki-przyrody.pl\/wp-content\/uploads\/2015\/01\/pomnikowy-buk-ul.-\u0141abska-w-Jeleniej-G\u00f3rze-199x300.jpg 199w\" sizes=\"auto, (max-width: 662px) 100vw, 662px\" \/><\/a><a href=\"https:\/\/www.pomniki-przyrody.pl\/wp-content\/uploads\/2015\/01\/pomnikowy-buk-w-odmianie-Pendula-przy-ul.-\u0141abskiej-w-Jeleniej-G\u00f3rze.jpg\"><img loading=\"lazy\" decoding=\"async\" class=\"aligncenter wp-image-7517 size-full\" title=\"pomnikowy buk w odmianie Pendula przy ul. \u0141abskiej w Jeleniej G\u00f3rze\" src=\"https:\/\/www.pomniki-przyrody.pl\/wp-content\/uploads\/2015\/01\/pomnikowy-buk-w-odmianie-Pendula-przy-ul.-\u0141abskiej-w-Jeleniej-G\u00f3rze.jpg\" alt=\"\" width=\"712\" height=\"950\" srcset=\"https:\/\/www.pomniki-przyrody.pl\/wp-content\/uploads\/2015\/01\/pomnikowy-buk-w-odmianie-Pendula-przy-ul.-\u0141abskiej-w-Jeleniej-G\u00f3rze.jpg 712w, https:\/\/www.pomniki-przyrody.pl\/wp-content\/uploads\/2015\/01\/pomnikowy-buk-w-odmianie-Pendula-przy-ul.-\u0141abskiej-w-Jeleniej-G\u00f3rze-225x300.jpg 225w\" sizes=\"auto, (max-width: 712px) 100vw, 712px\" \/><\/a><a href=\"https:\/\/www.pomniki-przyrody.pl\/wp-content\/uploads\/2015\/01\/pie\u0144-pomnikowego-buka-ul.-\u0141abska-w-Jeleniej-G\u00f3rze.jpg\"><img loading=\"lazy\" decoding=\"async\" class=\"aligncenter wp-image-7504 size-full\" title=\"pie\u0144 pomnikowego buka - ul. \u0141abska w Jeleniej G\u00f3rze\" src=\"https:\/\/www.pomniki-przyrody.pl\/wp-content\/uploads\/2015\/01\/pie\u0144-pomnikowego-buka-ul.-\u0141abska-w-Jeleniej-G\u00f3rze.jpg\" alt=\"\" width=\"662\" height=\"1000\" srcset=\"https:\/\/www.pomniki-przyrody.pl\/wp-content\/uploads\/2015\/01\/pie\u0144-pomnikowego-buka-ul.-\u0141abska-w-Jeleniej-G\u00f3rze.jpg 662w, https:\/\/www.pomniki-przyrody.pl\/wp-content\/uploads\/2015\/01\/pie\u0144-pomnikowego-buka-ul.-\u0141abska-w-Jeleniej-G\u00f3rze-199x300.jpg 199w\" sizes=\"auto, (max-width: 662px) 100vw, 662px\" \/><\/a><\/p>\n<p>Pomnikiem przyrody jest 400 &#8211; metrowa aleja d\u0119bowo &#8211; klonowa biegn\u0105ca wzd\u0142u\u017c ogrodzenia Domu Dziecka &#8222;D\u0105br\u00f3wka&#8221;. Wi\u0119cej informacji w artykule &#8222;<a title=\"Pomnikowa aleja w Jeleniej G\u00f3rze \u2013 Cieplicach\" href=\"https:\/\/www.pomniki-przyrody.pl\/?p=175\"><span style=\"color: #0000ff;\">Pomnikowa aleja w Jeleniej G\u00f3rze \u2013 Cieplicach<\/span><\/a>&#8222;.<\/p>\n<p><a href=\"https:\/\/www.pomniki-przyrody.pl\/wp-content\/uploads\/2015\/01\/pocz\u0105tek-pomnikowej-alei-d\u0119bowej-w-Jeleniej-G\u00f3rze.jpg\"><img loading=\"lazy\" decoding=\"async\" class=\"aligncenter wp-image-7509 size-full\" title=\"pocz\u0105tek pomnikowej alei d\u0119bowej w Jeleniej G\u00f3rze\" src=\"https:\/\/www.pomniki-przyrody.pl\/wp-content\/uploads\/2015\/01\/pocz\u0105tek-pomnikowej-alei-d\u0119bowej-w-Jeleniej-G\u00f3rze.jpg\" alt=\"\" width=\"1000\" height=\"662\" srcset=\"https:\/\/www.pomniki-przyrody.pl\/wp-content\/uploads\/2015\/01\/pocz\u0105tek-pomnikowej-alei-d\u0119bowej-w-Jeleniej-G\u00f3rze.jpg 1000w, https:\/\/www.pomniki-przyrody.pl\/wp-content\/uploads\/2015\/01\/pocz\u0105tek-pomnikowej-alei-d\u0119bowej-w-Jeleniej-G\u00f3rze-300x199.jpg 300w, https:\/\/www.pomniki-przyrody.pl\/wp-content\/uploads\/2015\/01\/pocz\u0105tek-pomnikowej-alei-d\u0119bowej-w-Jeleniej-G\u00f3rze-453x300.jpg 453w\" sizes=\"auto, (max-width: 1000px) 100vw, 1000px\" \/><\/a><a href=\"https:\/\/www.pomniki-przyrody.pl\/wp-content\/uploads\/2015\/01\/pomnikowa-aleja-d\u0119bowa-w-Jeleniej-G\u00f3rze.jpg\"><img loading=\"lazy\" decoding=\"async\" class=\"aligncenter wp-image-7510 size-full\" title=\"pomnikowa aleja d\u0119bowa w Jeleniej G\u00f3rze\" src=\"https:\/\/www.pomniki-przyrody.pl\/wp-content\/uploads\/2015\/01\/pomnikowa-aleja-d\u0119bowa-w-Jeleniej-G\u00f3rze.jpg\" alt=\"\" width=\"1000\" height=\"662\" srcset=\"https:\/\/www.pomniki-przyrody.pl\/wp-content\/uploads\/2015\/01\/pomnikowa-aleja-d\u0119bowa-w-Jeleniej-G\u00f3rze.jpg 1000w, https:\/\/www.pomniki-przyrody.pl\/wp-content\/uploads\/2015\/01\/pomnikowa-aleja-d\u0119bowa-w-Jeleniej-G\u00f3rze-300x199.jpg 300w, https:\/\/www.pomniki-przyrody.pl\/wp-content\/uploads\/2015\/01\/pomnikowa-aleja-d\u0119bowa-w-Jeleniej-G\u00f3rze-453x300.jpg 453w\" sizes=\"auto, (max-width: 1000px) 100vw, 1000px\" \/><\/a><a href=\"https:\/\/www.pomniki-przyrody.pl\/wp-content\/uploads\/2015\/01\/koniec-pomnikowej-alei-debowej-w-Jeleniej-G\u00f3rze.jpg\"><img loading=\"lazy\" decoding=\"async\" class=\"aligncenter wp-image-7500 size-full\" title=\"koniec pomnikowej alei d\u0119bowej w Jeleniej G\u00f3rze\" src=\"https:\/\/www.pomniki-przyrody.pl\/wp-content\/uploads\/2015\/01\/koniec-pomnikowej-alei-debowej-w-Jeleniej-G\u00f3rze.jpg\" alt=\"\" width=\"1000\" height=\"662\" srcset=\"https:\/\/www.pomniki-przyrody.pl\/wp-content\/uploads\/2015\/01\/koniec-pomnikowej-alei-debowej-w-Jeleniej-G\u00f3rze.jpg 1000w, https:\/\/www.pomniki-przyrody.pl\/wp-content\/uploads\/2015\/01\/koniec-pomnikowej-alei-debowej-w-Jeleniej-G\u00f3rze-300x199.jpg 300w, https:\/\/www.pomniki-przyrody.pl\/wp-content\/uploads\/2015\/01\/koniec-pomnikowej-alei-debowej-w-Jeleniej-G\u00f3rze-453x300.jpg 453w\" sizes=\"auto, (max-width: 1000px) 100vw, 1000px\" \/><\/a><\/p>\n<p>Najwi\u0119ksza ilo\u015b\u0107 pomnikowych drzew w Jeleniej G\u00f3rze znajduje si\u0119 w Sobieszowie. Najcenniejszy egzemplarz to najstarsza w Polsce wierzba bia\u0142a o obwodzie 462 cm, rosn\u0105ca na prywatnej posesji przy ulicy \u017babia 7. Okaz opisa\u0142em dok\u0142adnie w artykule &#8222;<a title=\"Najstarsza wierzba bia\u0142a w Polsce\" href=\"https:\/\/www.pomniki-przyrody.pl\/?p=1125\"><span style=\"color: #0000ff;\">Najstarsza wierzba bia\u0142a w Polsce<\/span><\/a>&#8222;.<\/p>\n<p><a href=\"https:\/\/www.pomniki-przyrody.pl\/wp-content\/uploads\/2015\/01\/pomnikowa-wierzba-ul.-\u017babia-w-Jeleniej-G\u00f3rze.jpg\"><img loading=\"lazy\" decoding=\"async\" class=\"aligncenter wp-image-7513 size-full\" title=\"pomnikowa wierzba - ul. \u017babia w Jeleniej G\u00f3rze\" src=\"https:\/\/www.pomniki-przyrody.pl\/wp-content\/uploads\/2015\/01\/pomnikowa-wierzba-ul.-\u017babia-w-Jeleniej-G\u00f3rze.jpg\" alt=\"\" width=\"629\" height=\"950\" srcset=\"https:\/\/www.pomniki-przyrody.pl\/wp-content\/uploads\/2015\/01\/pomnikowa-wierzba-ul.-\u017babia-w-Jeleniej-G\u00f3rze.jpg 629w, https:\/\/www.pomniki-przyrody.pl\/wp-content\/uploads\/2015\/01\/pomnikowa-wierzba-ul.-\u017babia-w-Jeleniej-G\u00f3rze-199x300.jpg 199w\" sizes=\"auto, (max-width: 629px) 100vw, 629px\" \/><\/a><\/p>\n<p>Na pobliskiej ulicy Reymonta, przy domu nr 2, ro\u015bnie okaza\u0142y klon zwyczajny o obwodzie 435 cm.<\/p>\n<p><a href=\"https:\/\/www.pomniki-przyrody.pl\/wp-content\/uploads\/2015\/01\/pomnikowy-klon-ul.-Reymonta-w-Jeleniej-G\u00f3rze.jpg\"><img loading=\"lazy\" decoding=\"async\" class=\"aligncenter wp-image-7523 size-full\" title=\"pomnikowy klon - ul. Reymonta w Jeleniej G\u00f3rze\" src=\"https:\/\/www.pomniki-przyrody.pl\/wp-content\/uploads\/2015\/01\/pomnikowy-klon-ul.-Reymonta-w-Jeleniej-G\u00f3rze.jpg\" alt=\"\" width=\"629\" height=\"950\" srcset=\"https:\/\/www.pomniki-przyrody.pl\/wp-content\/uploads\/2015\/01\/pomnikowy-klon-ul.-Reymonta-w-Jeleniej-G\u00f3rze.jpg 629w, https:\/\/www.pomniki-przyrody.pl\/wp-content\/uploads\/2015\/01\/pomnikowy-klon-ul.-Reymonta-w-Jeleniej-G\u00f3rze-199x300.jpg 199w\" sizes=\"auto, (max-width: 629px) 100vw, 629px\" \/><\/a><a href=\"https:\/\/www.pomniki-przyrody.pl\/wp-content\/uploads\/2015\/01\/pie\u0144-pomnikowego-klonu-ul.-Reymonta-w-Jeleniej-G\u00f3rze.jpg\"><img loading=\"lazy\" decoding=\"async\" class=\"aligncenter wp-image-7507 size-full\" title=\"pie\u0144 pomnikowego klonu - ul. Reymonta w Jeleniej G\u00f3rze\" src=\"https:\/\/www.pomniki-przyrody.pl\/wp-content\/uploads\/2015\/01\/pie\u0144-pomnikowego-klonu-ul.-Reymonta-w-Jeleniej-G\u00f3rze.jpg\" alt=\"\" width=\"629\" height=\"950\" srcset=\"https:\/\/www.pomniki-przyrody.pl\/wp-content\/uploads\/2015\/01\/pie\u0144-pomnikowego-klonu-ul.-Reymonta-w-Jeleniej-G\u00f3rze.jpg 629w, https:\/\/www.pomniki-przyrody.pl\/wp-content\/uploads\/2015\/01\/pie\u0144-pomnikowego-klonu-ul.-Reymonta-w-Jeleniej-G\u00f3rze-199x300.jpg 199w\" sizes=\"auto, (max-width: 629px) 100vw, 629px\" \/><\/a><\/p>\n<p>Przy mo\u015bcie na Wrzos\u00f3wce, obok ko\u015bcio\u0142a przy ul. Cieplickiej, zlokalizowany jest roz\u0142o\u017cysty kasztanowiec bia\u0142y o obwodzie 355 cm.<\/p>\n<p><a href=\"https:\/\/www.pomniki-przyrody.pl\/wp-content\/uploads\/2015\/01\/pomnikowy-kasztanowiec-nad-Kamienn\u0105-w-Jeleniej-G\u00f3rze.jpg\"><img loading=\"lazy\" decoding=\"async\" class=\"aligncenter wp-image-7522 size-full\" title=\"pomnikowy kasztanowiec nad Wrzos\u00f3wk\u0105 w Jeleniej G\u00f3rze\" src=\"https:\/\/www.pomniki-przyrody.pl\/wp-content\/uploads\/2015\/01\/pomnikowy-kasztanowiec-nad-Kamienn\u0105-w-Jeleniej-G\u00f3rze.jpg\" alt=\"\" width=\"973\" height=\"645\" srcset=\"https:\/\/www.pomniki-przyrody.pl\/wp-content\/uploads\/2015\/01\/pomnikowy-kasztanowiec-nad-Kamienn\u0105-w-Jeleniej-G\u00f3rze.jpg 973w, https:\/\/www.pomniki-przyrody.pl\/wp-content\/uploads\/2015\/01\/pomnikowy-kasztanowiec-nad-Kamienn\u0105-w-Jeleniej-G\u00f3rze-300x199.jpg 300w, https:\/\/www.pomniki-przyrody.pl\/wp-content\/uploads\/2015\/01\/pomnikowy-kasztanowiec-nad-Kamienn\u0105-w-Jeleniej-G\u00f3rze-453x300.jpg 453w\" sizes=\"auto, (max-width: 973px) 100vw, 973px\" \/><\/a>Do egzotycznych gatunk\u00f3w nale\u017cy pomnikowy okaz mi\u0142orz\u0119bu dwuklapowego, rosn\u0105cy na terenie siedziby Dolno\u015bl\u0105skiego Zespo\u0142u Park\u00f3w Krajobrazowych (ul. Kamiennog\u00f3rska 2). Drzewo mierzy 80 cm w obwodzie, przy wysoko\u015bci 17 metr\u00f3w.<\/p>\n<p><a href=\"https:\/\/www.pomniki-przyrody.pl\/wp-content\/uploads\/2015\/01\/pomnikowy-mi\u0142orz\u0105b-ul.-Kamiennog\u00f3rska-w-Jeleniej-G\u00f3rze.jpg\"><img loading=\"lazy\" decoding=\"async\" class=\"aligncenter wp-image-7524 size-full\" title=\"pomnikowy mi\u0142orz\u0105b - ul. Kamiennog\u00f3rska 2 w Jeleniej G\u00f3rze\" src=\"https:\/\/www.pomniki-przyrody.pl\/wp-content\/uploads\/2015\/01\/pomnikowy-mi\u0142orz\u0105b-ul.-Kamiennog\u00f3rska-w-Jeleniej-G\u00f3rze.jpg\" alt=\"\" width=\"670\" height=\"950\" srcset=\"https:\/\/www.pomniki-przyrody.pl\/wp-content\/uploads\/2015\/01\/pomnikowy-mi\u0142orz\u0105b-ul.-Kamiennog\u00f3rska-w-Jeleniej-G\u00f3rze.jpg 670w, https:\/\/www.pomniki-przyrody.pl\/wp-content\/uploads\/2015\/01\/pomnikowy-mi\u0142orz\u0105b-ul.-Kamiennog\u00f3rska-w-Jeleniej-G\u00f3rze-212x300.jpg 212w\" sizes=\"auto, (max-width: 670px) 100vw, 670px\" \/><\/a><\/p>\n<p>Na tej samej ulicy, przy budynku nr 11b, ro\u015bnie d\u0105b &#8222;Bronek&#8221; o obwodzie 440 cm.<\/p>\n<p><a href=\"https:\/\/www.pomniki-przyrody.pl\/wp-content\/uploads\/2015\/01\/d\u0105b-Bronek-w-Jeleniej-G\u00f3rze-Sobieszowie.jpg\"><img loading=\"lazy\" decoding=\"async\" class=\"aligncenter wp-image-7497 size-full\" title=\"d\u0105b Bronek w Jeleniej G\u00f3rze - Sobieszowie\" src=\"https:\/\/www.pomniki-przyrody.pl\/wp-content\/uploads\/2015\/01\/d\u0105b-Bronek-w-Jeleniej-G\u00f3rze-Sobieszowie.jpg\" alt=\"d\u0105b Bronek w Jeleniej G\u00f3rze - Sobieszowie\" width=\"665\" height=\"950\" srcset=\"https:\/\/www.pomniki-przyrody.pl\/wp-content\/uploads\/2015\/01\/d\u0105b-Bronek-w-Jeleniej-G\u00f3rze-Sobieszowie.jpg 665w, https:\/\/www.pomniki-przyrody.pl\/wp-content\/uploads\/2015\/01\/d\u0105b-Bronek-w-Jeleniej-G\u00f3rze-Sobieszowie-210x300.jpg 210w\" sizes=\"auto, (max-width: 665px) 100vw, 665px\" \/><\/a><\/p>\n<p>Przy ogrodzeniu posesji przy ul Cha\u0142ubi\u0144skiego 11 ro\u015bnie buk pospolity (270 cm w obwodzie) w odmianie purpurowej.<\/p>\n<p><a href=\"https:\/\/www.pomniki-przyrody.pl\/wp-content\/uploads\/2015\/01\/pomnkowy-buk-przy-ul.-Cha\u0142ubi\u0144skiego-w-Jeleniej-G\u00f3rze.jpg\"><img loading=\"lazy\" decoding=\"async\" class=\"aligncenter wp-image-7525 size-full\" title=\"pomnkowy buk przy ul. Cha\u0142ubi\u0144skiego w Jeleniej G\u00f3rze\" src=\"https:\/\/www.pomniki-przyrody.pl\/wp-content\/uploads\/2015\/01\/pomnkowy-buk-przy-ul.-Cha\u0142ubi\u0144skiego-w-Jeleniej-G\u00f3rze.jpg\" alt=\"\" width=\"670\" height=\"950\" srcset=\"https:\/\/www.pomniki-przyrody.pl\/wp-content\/uploads\/2015\/01\/pomnkowy-buk-przy-ul.-Cha\u0142ubi\u0144skiego-w-Jeleniej-G\u00f3rze.jpg 670w, https:\/\/www.pomniki-przyrody.pl\/wp-content\/uploads\/2015\/01\/pomnkowy-buk-przy-ul.-Cha\u0142ubi\u0144skiego-w-Jeleniej-G\u00f3rze-212x300.jpg 212w\" sizes=\"auto, (max-width: 670px) 100vw, 670px\" \/><\/a><\/p>\n<p>Ciekawy, bo prawie w ca\u0142o\u015bci poro\u015bni\u0119ty bluszczem, jest pomnikowy d\u0105b o obwodzie 279 cm, rosn\u0105cy przy posesji Cha\u0142ubi\u0144skiego 15.<\/p>\n<p><a href=\"https:\/\/www.pomniki-przyrody.pl\/wp-content\/uploads\/2015\/01\/pomnikowy-d\u0105b-opleciony-bluszczem-w-Jeleniej-G\u00f3rze.jpg\"><img loading=\"lazy\" decoding=\"async\" class=\"aligncenter wp-image-7520 size-full\" title=\"pomnikowy d\u0105b opleciony bluszczem w Jeleniej G\u00f3rze\" src=\"https:\/\/www.pomniki-przyrody.pl\/wp-content\/uploads\/2015\/01\/pomnikowy-d\u0105b-opleciony-bluszczem-w-Jeleniej-G\u00f3rze.jpg\" alt=\"\" width=\"629\" height=\"950\" srcset=\"https:\/\/www.pomniki-przyrody.pl\/wp-content\/uploads\/2015\/01\/pomnikowy-d\u0105b-opleciony-bluszczem-w-Jeleniej-G\u00f3rze.jpg 629w, https:\/\/www.pomniki-przyrody.pl\/wp-content\/uploads\/2015\/01\/pomnikowy-d\u0105b-opleciony-bluszczem-w-Jeleniej-G\u00f3rze-199x300.jpg 199w\" sizes=\"auto, (max-width: 629px) 100vw, 629px\" \/><\/a><\/p>\n<p>Nieco wy\u017cej, przy\u00a0przy Willi R\u00f3\u017ca Wiatr\u00f3w (Zamkowa 5) rosn\u0105 dwa buki w odmianie purpurowej, o obwodach 312, 305 cm.<\/p>\n<p><span style=\"color: #ff0000;\">Uchwa\u0142\u0105 nr\u00a015.IV.2015 Rady Miejskiej Jeleniej G\u00f3ry\u00a0z dnia 27 stycznia 2015 r. pozbawiono te drzewa statusu pomnik\u00f3w przyrody.<\/span><\/p>\n<p><a href=\"https:\/\/www.pomniki-przyrody.pl\/wp-content\/uploads\/2015\/01\/dwa-pomnikowe-buki-przy-ul.-Zamkowej-w-Jeleniej-G\u00f3rze.jpg\"><img loading=\"lazy\" decoding=\"async\" class=\"aligncenter wp-image-7499 size-full\" title=\"dwa pomnikowe buki przy ul. Zamkowej w Jeleniej G\u00f3rze\" src=\"https:\/\/www.pomniki-przyrody.pl\/wp-content\/uploads\/2015\/01\/dwa-pomnikowe-buki-przy-ul.-Zamkowej-w-Jeleniej-G\u00f3rze.jpg\" alt=\"\" width=\"629\" height=\"886\" srcset=\"https:\/\/www.pomniki-przyrody.pl\/wp-content\/uploads\/2015\/01\/dwa-pomnikowe-buki-przy-ul.-Zamkowej-w-Jeleniej-G\u00f3rze.jpg 629w, https:\/\/www.pomniki-przyrody.pl\/wp-content\/uploads\/2015\/01\/dwa-pomnikowe-buki-przy-ul.-Zamkowej-w-Jeleniej-G\u00f3rze-213x300.jpg 213w\" sizes=\"auto, (max-width: 629px) 100vw, 629px\" \/><\/a><a href=\"https:\/\/www.pomniki-przyrody.pl\/wp-content\/uploads\/2015\/01\/pomnikowe-buki-Zamkowa-5-w-Jeleniej-G\u00f3rze.jpg\"><img loading=\"lazy\" decoding=\"async\" class=\"aligncenter wp-image-7514 size-full\" title=\"pomnikowe buki - Zamkowa 5 w Jeleniej G\u00f3rze\" src=\"https:\/\/www.pomniki-przyrody.pl\/wp-content\/uploads\/2015\/01\/pomnikowe-buki-Zamkowa-5-w-Jeleniej-G\u00f3rze.jpg\" alt=\"\" width=\"629\" height=\"950\" srcset=\"https:\/\/www.pomniki-przyrody.pl\/wp-content\/uploads\/2015\/01\/pomnikowe-buki-Zamkowa-5-w-Jeleniej-G\u00f3rze.jpg 629w, https:\/\/www.pomniki-przyrody.pl\/wp-content\/uploads\/2015\/01\/pomnikowe-buki-Zamkowa-5-w-Jeleniej-G\u00f3rze-199x300.jpg 199w\" sizes=\"auto, (max-width: 629px) 100vw, 629px\" \/><\/a><\/p>\n<p>W g\u0142\u0119bi posesji znajduje si\u0119 kolejny pomnikowy buk o obwodzie 378 cm.<\/p>\n<p><a href=\"https:\/\/www.pomniki-przyrody.pl\/wp-content\/uploads\/2015\/01\/pomnikowy-buk-Zamkowa-5-w-Jeleniej-G\u00f3rze.jpg\"><img loading=\"lazy\" decoding=\"async\" class=\"aligncenter wp-image-7516 size-full\" title=\"pomnikowy buk - Zamkowa 5 w Jeleniej G\u00f3rze\" src=\"https:\/\/www.pomniki-przyrody.pl\/wp-content\/uploads\/2015\/01\/pomnikowy-buk-Zamkowa-5-w-Jeleniej-G\u00f3rze.jpg\" alt=\"\" width=\"674\" height=\"950\" srcset=\"https:\/\/www.pomniki-przyrody.pl\/wp-content\/uploads\/2015\/01\/pomnikowy-buk-Zamkowa-5-w-Jeleniej-G\u00f3rze.jpg 674w, https:\/\/www.pomniki-przyrody.pl\/wp-content\/uploads\/2015\/01\/pomnikowy-buk-Zamkowa-5-w-Jeleniej-G\u00f3rze-213x300.jpg 213w\" sizes=\"auto, (max-width: 674px) 100vw, 674px\" \/><\/a><a href=\"https:\/\/www.pomniki-przyrody.pl\/wp-content\/uploads\/2015\/01\/pie\u0144-pomnikowego-buka-Zamkowa-5-w-Jeleniej-G\u00f3rze.jpg\"><img loading=\"lazy\" decoding=\"async\" class=\"aligncenter wp-image-7505 size-full\" title=\"pie\u0144 pomnikowego buka - Zamkowa 5 w Jeleniej G\u00f3rze\" src=\"https:\/\/www.pomniki-przyrody.pl\/wp-content\/uploads\/2015\/01\/pie\u0144-pomnikowego-buka-Zamkowa-5-w-Jeleniej-G\u00f3rze.jpg\" alt=\"\" width=\"596\" height=\"900\" srcset=\"https:\/\/www.pomniki-przyrody.pl\/wp-content\/uploads\/2015\/01\/pie\u0144-pomnikowego-buka-Zamkowa-5-w-Jeleniej-G\u00f3rze.jpg 596w, https:\/\/www.pomniki-przyrody.pl\/wp-content\/uploads\/2015\/01\/pie\u0144-pomnikowego-buka-Zamkowa-5-w-Jeleniej-G\u00f3rze-199x300.jpg 199w\" sizes=\"auto, (max-width: 596px) 100vw, 596px\" \/><\/a><\/p>\n<p>Ostatnim pomnikowym drzewem w tym zestawieniu jest lipa drobnolistna o obwodzie 430 cm zlokalizowana przy budynku M\u0142y\u0144ska 7.<\/p>\n<p><a href=\"https:\/\/www.pomniki-przyrody.pl\/wp-content\/uploads\/2015\/01\/pomnikowa-lipa-ul.-M\u0142y\u0144ska-w-Jeleniej-G\u00f3rze.jpg\"><img loading=\"lazy\" decoding=\"async\" class=\"aligncenter wp-image-7511 size-full\" title=\"pomnikowa lipa - ul. M\u0142y\u0144ska w Jeleniej G\u00f3rze\" src=\"https:\/\/www.pomniki-przyrody.pl\/wp-content\/uploads\/2015\/01\/pomnikowa-lipa-ul.-M\u0142y\u0144ska-w-Jeleniej-G\u00f3rze.jpg\" alt=\"pomnikowa lipa - ul. M\u0142y\u0144ska w Jeleniej G\u00f3rze\" width=\"693\" height=\"950\" srcset=\"https:\/\/www.pomniki-przyrody.pl\/wp-content\/uploads\/2015\/01\/pomnikowa-lipa-ul.-M\u0142y\u0144ska-w-Jeleniej-G\u00f3rze.jpg 693w, https:\/\/www.pomniki-przyrody.pl\/wp-content\/uploads\/2015\/01\/pomnikowa-lipa-ul.-M\u0142y\u0144ska-w-Jeleniej-G\u00f3rze-219x300.jpg 219w\" sizes=\"auto, (max-width: 693px) 100vw, 693px\" \/><\/a>Wi\u0119cej informacji na temat pomnikowych drzew rosn\u0105cych w Sobieszowie zawar\u0142em w artykule &#8222;<a title=\"Pomnikowe drzewa w Jeleniej G\u00f3rze \u2013 Sobieszowie\" href=\"https:\/\/www.pomniki-przyrody.pl\/?p=1678\"><span style=\"color: #0000ff;\">Pomnikowe drzewa w Jeleniej G\u00f3rze \u2013 Sobieszowie<\/span><\/a>&#8222;.<\/p>\n<p>Nowe drzewa kt\u00f3re uzyska\u0142y status pomnik\u00f3w przyrody w pa\u017adzierniku 2021 r. i we wrze\u015bniu 2023 r. zosta\u0142y opisane w artyku\u0142ach: &#8222;<a href=\"https:\/\/www.pomniki-przyrody.pl\/?p=16143\"><span style=\"color: #0000ff;\">Pomnikowy wi\u0105z g\u00f3rski z Jeleniej G\u00f3ry<\/span><\/a>&#8221; i &#8222;<a href=\"https:\/\/www.pomniki-przyrody.pl\/?p=19199\"><span style=\"color: #0000ff;\">D\u0105b szypu\u0142kowy \u2013 nowy pomnik przyrody w Jeleniej G\u00f3rze Czarne<\/span><\/a>&#8222;.<\/p>\n","protected":false},"excerpt":{"rendered":"<p>(Edytowano 29.06.2024 r.) Pierwszy artyku\u0142 (mocno sp\u00f3\u017aniony) w 2015 r. po\u015bwi\u0119c\u0119 mojemu rodzinnemu miastu, czyli Jeleniej G\u00f3rze. To du\u017ce miasto o powierzchni a\u017c 109 km\u00b2 (drugie co do wielko\u015bci pow. w woj. dolno\u015bl\u0105skim); tak du\u017cy obszar zawdzi\u0119cza przy\u0142\u0105czaniu w r\u00f3\u017cnych &hellip; <a href=\"https:\/\/www.pomniki-przyrody.pl\/?p=7496\">Czytaj dalej <span class=\"meta-nav\">&rarr;<\/span><\/a><\/p>\n","protected":false},"author":2,"featured_media":0,"comment_status":"open","ping_status":"open","sticky":false,"template":"","format":"standard","meta":{"footnotes":""},"categories":[1],"tags":[37,1111,92,318,123],"class_list":["post-7496","post","type-post","status-publish","format-standard","hentry","category-przyroda-ozywiona","tag-jelenia-gora","tag-jelenia-gora-pomniki-przyrody","tag-pomnikowe-buki","tag-pomnikowe-deby","tag-pomnikowe-lipy"],"_links":{"self":[{"href":"https:\/\/www.pomniki-przyrody.pl\/index.php?rest_route=\/wp\/v2\/posts\/7496","targetHints":{"allow":["GET"]}}],"collection":[{"href":"https:\/\/www.pomniki-przyrody.pl\/index.php?rest_route=\/wp\/v2\/posts"}],"about":[{"href":"https:\/\/www.pomniki-przyrody.pl\/index.php?rest_route=\/wp\/v2\/types\/post"}],"author":[{"embeddable":true,"href":"https:\/\/www.pomniki-przyrody.pl\/index.php?rest_route=\/wp\/v2\/users\/2"}],"replies":[{"embeddable":true,"href":"https:\/\/www.pomniki-przyrody.pl\/index.php?rest_route=%2Fwp%2Fv2%2Fcomments&post=7496"}],"version-history":[{"count":2,"href":"https:\/\/www.pomniki-przyrody.pl\/index.php?rest_route=\/wp\/v2\/posts\/7496\/revisions"}],"predecessor-version":[{"id":19231,"href":"https:\/\/www.pomniki-przyrody.pl\/index.php?rest_route=\/wp\/v2\/posts\/7496\/revisions\/19231"}],"wp:attachment":[{"href":"https:\/\/www.pomniki-przyrody.pl\/index.php?rest_route=%2Fwp%2Fv2%2Fmedia&parent=7496"}],"wp:term":[{"taxonomy":"category","embeddable":true,"href":"https:\/\/www.pomniki-przyrody.pl\/index.php?rest_route=%2Fwp%2Fv2%2Fcategories&post=7496"},{"taxonomy":"post_tag","embeddable":true,"href":"https:\/\/www.pomniki-przyrody.pl\/index.php?rest_route=%2Fwp%2Fv2%2Ftags&post=7496"}],"curies":[{"name":"wp","href":"https:\/\/api.w.org\/{rel}","templated":true}]}}