{"id":7541,"date":"2015-11-05T23:36:41","date_gmt":"2015-11-05T22:36:41","guid":{"rendered":"http:\/\/www.pomniki-przyrody.pl\/?p=7541"},"modified":"2015-11-05T23:36:41","modified_gmt":"2015-11-05T22:36:41","slug":"park-miejski-w-swiebodzicach","status":"publish","type":"post","link":"https:\/\/www.pomniki-przyrody.pl\/?p=7541","title":{"rendered":"Park Miejski w \u015awiebodzicach."},"content":{"rendered":"<p>Pod koniec XIX w. (ok. 1878 r.) rodzina bogatych fabrykant\u00f3w von Kramsta wybudowa\u0142a w \u015awiebodzicach pa\u0142ac. Wok\u00f3\u0142 budowli powsta\u0142o za\u0142o\u017cenie parkowe, cz\u0119\u015bciowo wykorzystuj\u0105ce istniej\u0105cy drzewostan. W p\u00f3\u017aniejszym czasie pa\u0142ac przeszed\u0142 w r\u0119ce w\u0142adz miejskich, pe\u0142ni\u0105c funkcj\u0119 siedziby burmistrza (a\u017c do ko\u0144ca II wojny \u015bwiatowej). Po 1945 r. przechodzi\u0142 r\u00f3\u017cne koleje losu, m.in. ulokowano tu hotel robotniczy. Obecnie zdewastowany stoi w ruinie, szpec\u0105c og\u00f3lny wygl\u0105d Parku Miejskiego.<\/p>\n<p><a href=\"https:\/\/www.pomniki-przyrody.pl\/wp-content\/uploads\/2015\/02\/ruina-pa\u0142acu-Park-Miejski-w-\u015awiebodzicach.jpg\"><img loading=\"lazy\" decoding=\"async\" class=\"aligncenter wp-image-7567 size-full\" title=\"ruina pa\u0142acu - Park Miejski w \u015awiebodzicach\" src=\"https:\/\/www.pomniki-przyrody.pl\/wp-content\/uploads\/2015\/02\/ruina-pa\u0142acu-Park-Miejski-w-\u015awiebodzicach.jpg\" alt=\"\" width=\"950\" height=\"629\" srcset=\"https:\/\/www.pomniki-przyrody.pl\/wp-content\/uploads\/2015\/02\/ruina-pa\u0142acu-Park-Miejski-w-\u015awiebodzicach.jpg 950w, https:\/\/www.pomniki-przyrody.pl\/wp-content\/uploads\/2015\/02\/ruina-pa\u0142acu-Park-Miejski-w-\u015awiebodzicach-300x199.jpg 300w, https:\/\/www.pomniki-przyrody.pl\/wp-content\/uploads\/2015\/02\/ruina-pa\u0142acu-Park-Miejski-w-\u015awiebodzicach-453x300.jpg 453w\" sizes=\"auto, (max-width: 950px) 100vw, 950px\" \/><\/a><a href=\"https:\/\/www.pomniki-przyrody.pl\/wp-content\/uploads\/2015\/02\/zrujnowany-pa\u0142ac-w-Parku-Miejskim-w-\u015awiebodzicach.jpg\"><img loading=\"lazy\" decoding=\"async\" class=\"aligncenter wp-image-7569 size-full\" title=\"zrujnowany pa\u0142ac w Parku Miejskim w \u015awiebodzicach\" src=\"https:\/\/www.pomniki-przyrody.pl\/wp-content\/uploads\/2015\/02\/zrujnowany-pa\u0142ac-w-Parku-Miejskim-w-\u015awiebodzicach.jpg\" alt=\"\" width=\"950\" height=\"629\" srcset=\"https:\/\/www.pomniki-przyrody.pl\/wp-content\/uploads\/2015\/02\/zrujnowany-pa\u0142ac-w-Parku-Miejskim-w-\u015awiebodzicach.jpg 950w, https:\/\/www.pomniki-przyrody.pl\/wp-content\/uploads\/2015\/02\/zrujnowany-pa\u0142ac-w-Parku-Miejskim-w-\u015awiebodzicach-300x199.jpg 300w, https:\/\/www.pomniki-przyrody.pl\/wp-content\/uploads\/2015\/02\/zrujnowany-pa\u0142ac-w-Parku-Miejskim-w-\u015awiebodzicach-453x300.jpg 453w\" sizes=\"auto, (max-width: 950px) 100vw, 950px\" \/><\/a><\/p>\n<p>Park Miejski (obecna powierzchnia ok. 2,5 ha) przeszed\u0142 w ostatnim czasie rewitalizacj\u0119, znajdziemy tu fontann\u0119, si\u0142owni\u0119, plac zabaw, amfiteatr, \u0142adnie utrzymane alejki z \u0142awkami.<\/p>\n<p><a href=\"https:\/\/www.pomniki-przyrody.pl\/wp-content\/uploads\/2015\/02\/Park-Miejski-w-\u015awiebodzicach.jpg\"><img loading=\"lazy\" decoding=\"async\" class=\"aligncenter wp-image-7543 size-full\" title=\"Park Miejski w \u015awiebodzicach\" src=\"https:\/\/www.pomniki-przyrody.pl\/wp-content\/uploads\/2015\/02\/Park-Miejski-w-\u015awiebodzicach.jpg\" alt=\"\" width=\"1000\" height=\"662\" srcset=\"https:\/\/www.pomniki-przyrody.pl\/wp-content\/uploads\/2015\/02\/Park-Miejski-w-\u015awiebodzicach.jpg 1000w, https:\/\/www.pomniki-przyrody.pl\/wp-content\/uploads\/2015\/02\/Park-Miejski-w-\u015awiebodzicach-300x199.jpg 300w, https:\/\/www.pomniki-przyrody.pl\/wp-content\/uploads\/2015\/02\/Park-Miejski-w-\u015awiebodzicach-453x300.jpg 453w\" sizes=\"auto, (max-width: 1000px) 100vw, 1000px\" \/><\/a><a href=\"https:\/\/www.pomniki-przyrody.pl\/wp-content\/uploads\/2015\/02\/widok-na-wschodni\u0105-cz\u0119\u015b\u0107-Parku-Miejskiego-w-\u015awiebodzicach.jpg\"><img loading=\"lazy\" decoding=\"async\" class=\"aligncenter wp-image-7568 size-full\" title=\"widok na wschodni\u0105 cz\u0119\u015b\u0107 Parku Miejskiego w \u015awiebodzicach\" src=\"https:\/\/www.pomniki-przyrody.pl\/wp-content\/uploads\/2015\/02\/widok-na-wschodni\u0105-cz\u0119\u015b\u0107-Parku-Miejskiego-w-\u015awiebodzicach.jpg\" alt=\"\" width=\"1000\" height=\"662\" srcset=\"https:\/\/www.pomniki-przyrody.pl\/wp-content\/uploads\/2015\/02\/widok-na-wschodni\u0105-cz\u0119\u015b\u0107-Parku-Miejskiego-w-\u015awiebodzicach.jpg 1000w, https:\/\/www.pomniki-przyrody.pl\/wp-content\/uploads\/2015\/02\/widok-na-wschodni\u0105-cz\u0119\u015b\u0107-Parku-Miejskiego-w-\u015awiebodzicach-300x199.jpg 300w, https:\/\/www.pomniki-przyrody.pl\/wp-content\/uploads\/2015\/02\/widok-na-wschodni\u0105-cz\u0119\u015b\u0107-Parku-Miejskiego-w-\u015awiebodzicach-453x300.jpg 453w\" sizes=\"auto, (max-width: 1000px) 100vw, 1000px\" \/><\/a><a href=\"https:\/\/www.pomniki-przyrody.pl\/wp-content\/uploads\/2015\/02\/Park-Miejski-w-\u015awiebodzicach-zim\u0105.jpg\"><img loading=\"lazy\" decoding=\"async\" class=\"aligncenter wp-image-7542 size-full\" title=\"Park Miejski w \u015awiebodzicach zim\u0105\" src=\"https:\/\/www.pomniki-przyrody.pl\/wp-content\/uploads\/2015\/02\/Park-Miejski-w-\u015awiebodzicach-zim\u0105.jpg\" alt=\"\" width=\"950\" height=\"629\" srcset=\"https:\/\/www.pomniki-przyrody.pl\/wp-content\/uploads\/2015\/02\/Park-Miejski-w-\u015awiebodzicach-zim\u0105.jpg 950w, https:\/\/www.pomniki-przyrody.pl\/wp-content\/uploads\/2015\/02\/Park-Miejski-w-\u015awiebodzicach-zim\u0105-300x199.jpg 300w, https:\/\/www.pomniki-przyrody.pl\/wp-content\/uploads\/2015\/02\/Park-Miejski-w-\u015awiebodzicach-zim\u0105-453x300.jpg 453w\" sizes=\"auto, (max-width: 950px) 100vw, 950px\" \/><\/a><\/p>\n<p>Na terenie Parku Miejskiego znajduje si\u0119 najwi\u0119ksze skupisko pomnikowych drzew w \u015awiebodzicach. Ochron\u0105 pomnikow\u0105 obj\u0119to tu 9 okaz\u00f3w, g\u0142\u00f3wnie jesion\u00f3w wynios\u0142ych. Najbardziej okaza\u0142ym drzewem w parku jest pomnikowy platan klonolistny o obwodzie 427 cm.<\/p>\n<p><a href=\"https:\/\/www.pomniki-przyrody.pl\/wp-content\/uploads\/2015\/02\/pomnikowy-platan-klonolistny-Park-Miejski-w-\u015awiebodzicach.jpg\"><img loading=\"lazy\" decoding=\"async\" class=\"aligncenter wp-image-7566 size-full\" title=\"pomnikowy platan klonolistny - Park Miejski w \u015awiebodzicach\" src=\"https:\/\/www.pomniki-przyrody.pl\/wp-content\/uploads\/2015\/02\/pomnikowy-platan-klonolistny-Park-Miejski-w-\u015awiebodzicach.jpg\" alt=\"\" width=\"673\" height=\"950\" srcset=\"https:\/\/www.pomniki-przyrody.pl\/wp-content\/uploads\/2015\/02\/pomnikowy-platan-klonolistny-Park-Miejski-w-\u015awiebodzicach.jpg 673w, https:\/\/www.pomniki-przyrody.pl\/wp-content\/uploads\/2015\/02\/pomnikowy-platan-klonolistny-Park-Miejski-w-\u015awiebodzicach-213x300.jpg 213w\" sizes=\"auto, (max-width: 673px) 100vw, 673px\" \/><\/a><a href=\"https:\/\/www.pomniki-przyrody.pl\/wp-content\/uploads\/2015\/02\/pomnikowy-platan-Park-Miejski-w-\u015awiebodzicach.jpg\"><img loading=\"lazy\" decoding=\"async\" class=\"aligncenter wp-image-7565 size-full\" title=\"pomnikowy platan - Park Miejski w \u015awiebodzicach\" src=\"https:\/\/www.pomniki-przyrody.pl\/wp-content\/uploads\/2015\/02\/pomnikowy-platan-Park-Miejski-w-\u015awiebodzicach.jpg\" alt=\"\" width=\"629\" height=\"950\" srcset=\"https:\/\/www.pomniki-przyrody.pl\/wp-content\/uploads\/2015\/02\/pomnikowy-platan-Park-Miejski-w-\u015awiebodzicach.jpg 629w, https:\/\/www.pomniki-przyrody.pl\/wp-content\/uploads\/2015\/02\/pomnikowy-platan-Park-Miejski-w-\u015awiebodzicach-199x300.jpg 199w\" sizes=\"auto, (max-width: 629px) 100vw, 629px\" \/><\/a><\/p>\n<p><a href=\"https:\/\/www.pomniki-przyrody.pl\/wp-content\/uploads\/2015\/02\/pie\u0144-pomnikowego-platana-Park-Miejski-w-\u015awiebodzicach.jpg\"><img loading=\"lazy\" decoding=\"async\" class=\"aligncenter size-full wp-image-7552\" src=\"https:\/\/www.pomniki-przyrody.pl\/wp-content\/uploads\/2015\/02\/pie\u0144-pomnikowego-platana-Park-Miejski-w-\u015awiebodzicach.jpg\" alt=\"pie\u0144 pomnikowego platana - Park Miejski w \u015awiebodzicach\" width=\"673\" height=\"950\" srcset=\"https:\/\/www.pomniki-przyrody.pl\/wp-content\/uploads\/2015\/02\/pie\u0144-pomnikowego-platana-Park-Miejski-w-\u015awiebodzicach.jpg 673w, https:\/\/www.pomniki-przyrody.pl\/wp-content\/uploads\/2015\/02\/pie\u0144-pomnikowego-platana-Park-Miejski-w-\u015awiebodzicach-213x300.jpg 213w\" sizes=\"auto, (max-width: 673px) 100vw, 673px\" \/><\/a><\/p>\n<p>W pobli\u017cu platana ro\u015bnie pomnikowy jesion wynios\u0142y o obwodzie 358 cm.<\/p>\n<p><a href=\"https:\/\/www.pomniki-przyrody.pl\/wp-content\/uploads\/2015\/02\/pomnikowy-jesion-rosn\u0105cy-obok-okaza\u0142ego-platana.jpg\"><img loading=\"lazy\" decoding=\"async\" class=\"aligncenter wp-image-7557 size-full\" title=\"pomnikowy jesion rosn\u0105cy obok okaza\u0142ego platana\" src=\"https:\/\/www.pomniki-przyrody.pl\/wp-content\/uploads\/2015\/02\/pomnikowy-jesion-rosn\u0105cy-obok-okaza\u0142ego-platana.jpg\" alt=\"\" width=\"629\" height=\"950\" srcset=\"https:\/\/www.pomniki-przyrody.pl\/wp-content\/uploads\/2015\/02\/pomnikowy-jesion-rosn\u0105cy-obok-okaza\u0142ego-platana.jpg 629w, https:\/\/www.pomniki-przyrody.pl\/wp-content\/uploads\/2015\/02\/pomnikowy-jesion-rosn\u0105cy-obok-okaza\u0142ego-platana-199x300.jpg 199w\" sizes=\"auto, (max-width: 629px) 100vw, 629px\" \/><\/a><a href=\"https:\/\/www.pomniki-przyrody.pl\/wp-content\/uploads\/2015\/02\/pomnikowy-jesion-alejka-prostopad\u0142a-do-ul.-Park-Miejski.jpg\"><img loading=\"lazy\" decoding=\"async\" class=\"aligncenter wp-image-7554 size-full\" title=\"pomnikowy jesion - alejka prostopad\u0142a do ul. Park Miejski\" src=\"https:\/\/www.pomniki-przyrody.pl\/wp-content\/uploads\/2015\/02\/pomnikowy-jesion-alejka-prostopad\u0142a-do-ul.-Park-Miejski.jpg\" alt=\"\" width=\"629\" height=\"950\" srcset=\"https:\/\/www.pomniki-przyrody.pl\/wp-content\/uploads\/2015\/02\/pomnikowy-jesion-alejka-prostopad\u0142a-do-ul.-Park-Miejski.jpg 629w, https:\/\/www.pomniki-przyrody.pl\/wp-content\/uploads\/2015\/02\/pomnikowy-jesion-alejka-prostopad\u0142a-do-ul.-Park-Miejski-199x300.jpg 199w\" sizes=\"auto, (max-width: 629px) 100vw, 629px\" \/><\/a><a href=\"https:\/\/www.pomniki-przyrody.pl\/wp-content\/uploads\/2015\/02\/pie\u0144-pomnikowego-jesionu-w-Parku-Miejskim-w-\u015awiebodzicach-e1424121485486.jpg\"><img loading=\"lazy\" decoding=\"async\" class=\"aligncenter wp-image-7549 size-full\" title=\"pie\u0144 pomnikowego jesionu w Parku Miejskim w \u015awiebodzicach\" src=\"https:\/\/www.pomniki-przyrody.pl\/wp-content\/uploads\/2015\/02\/pie\u0144-pomnikowego-jesionu-w-Parku-Miejskim-w-\u015awiebodzicach-e1424121485486.jpg\" alt=\"\" width=\"597\" height=\"900\" \/><\/a><\/p>\n<p>Przy alejce r\u00f3wnoleg\u0142ej do ul. Park Miejski ro\u015bnie jesion o obwodzie 344 cm.<\/p>\n<p><a href=\"https:\/\/www.pomniki-przyrody.pl\/wp-content\/uploads\/2015\/02\/pomnikowy-jesion-w-p\u00f3\u0142nocnej-cz\u0119\u015bci-Parku-Miejskiego-w-\u015awiebodzicach.jpg\"><img loading=\"lazy\" decoding=\"async\" class=\"aligncenter wp-image-7559 size-full\" title=\"pomnikowy jesion w p\u00f3\u0142nocnej cz\u0119\u015bci Parku Miejskiego w \u015awiebodzicach\" src=\"https:\/\/www.pomniki-przyrody.pl\/wp-content\/uploads\/2015\/02\/pomnikowy-jesion-w-p\u00f3\u0142nocnej-cz\u0119\u015bci-Parku-Miejskiego-w-\u015awiebodzicach.jpg\" alt=\"\" width=\"610\" height=\"950\" srcset=\"https:\/\/www.pomniki-przyrody.pl\/wp-content\/uploads\/2015\/02\/pomnikowy-jesion-w-p\u00f3\u0142nocnej-cz\u0119\u015bci-Parku-Miejskiego-w-\u015awiebodzicach.jpg 610w, https:\/\/www.pomniki-przyrody.pl\/wp-content\/uploads\/2015\/02\/pomnikowy-jesion-w-p\u00f3\u0142nocnej-cz\u0119\u015bci-Parku-Miejskiego-w-\u015awiebodzicach-193x300.jpg 193w\" sizes=\"auto, (max-width: 610px) 100vw, 610px\" \/><\/a><a href=\"https:\/\/www.pomniki-przyrody.pl\/wp-content\/uploads\/2015\/02\/pomnikowy-jesion-przy-ul.-Park-Miejski.jpg\"><img loading=\"lazy\" decoding=\"async\" class=\"aligncenter wp-image-7556 size-full\" title=\"pomnikowy jesion przy ul. Park Miejski\" src=\"https:\/\/www.pomniki-przyrody.pl\/wp-content\/uploads\/2015\/02\/pomnikowy-jesion-przy-ul.-Park-Miejski.jpg\" alt=\"\" width=\"594\" height=\"900\" srcset=\"https:\/\/www.pomniki-przyrody.pl\/wp-content\/uploads\/2015\/02\/pomnikowy-jesion-przy-ul.-Park-Miejski.jpg 594w, https:\/\/www.pomniki-przyrody.pl\/wp-content\/uploads\/2015\/02\/pomnikowy-jesion-przy-ul.-Park-Miejski-198x300.jpg 198w\" sizes=\"auto, (max-width: 594px) 100vw, 594px\" \/><\/a><a href=\"https:\/\/www.pomniki-przyrody.pl\/wp-content\/uploads\/2015\/02\/pomnikowy-jesion-rosn\u0105cy-przy-ul.-Park-Miejski.jpg\"><img loading=\"lazy\" decoding=\"async\" class=\"aligncenter wp-image-7562 size-full\" title=\"pomnikowy jesion rosn\u0105cy przy ul. Park Miejski\" src=\"https:\/\/www.pomniki-przyrody.pl\/wp-content\/uploads\/2015\/02\/pomnikowy-jesion-rosn\u0105cy-przy-ul.-Park-Miejski.jpg\" alt=\"\" width=\"624\" height=\"950\" srcset=\"https:\/\/www.pomniki-przyrody.pl\/wp-content\/uploads\/2015\/02\/pomnikowy-jesion-rosn\u0105cy-przy-ul.-Park-Miejski.jpg 624w, https:\/\/www.pomniki-przyrody.pl\/wp-content\/uploads\/2015\/02\/pomnikowy-jesion-rosn\u0105cy-przy-ul.-Park-Miejski-197x300.jpg 197w\" sizes=\"auto, (max-width: 624px) 100vw, 624px\" \/><\/a><\/p>\n<p>Kolejny pomnikowy jesion (obw\u00f3d 331 cm) ro\u015bnie przy budynku Park Miejski 5.<\/p>\n<p><a href=\"https:\/\/www.pomniki-przyrody.pl\/wp-content\/uploads\/2015\/02\/pomnikowy-jesion-przy-budynku-Park-Miejski-5.jpg\"><img loading=\"lazy\" decoding=\"async\" class=\"aligncenter wp-image-7561 size-full\" title=\"pomnikowy jesion przy budynku Park Miejski 5\" src=\"https:\/\/www.pomniki-przyrody.pl\/wp-content\/uploads\/2015\/02\/pomnikowy-jesion-przy-budynku-Park-Miejski-5.jpg\" alt=\"\" width=\"629\" height=\"935\" srcset=\"https:\/\/www.pomniki-przyrody.pl\/wp-content\/uploads\/2015\/02\/pomnikowy-jesion-przy-budynku-Park-Miejski-5.jpg 629w, https:\/\/www.pomniki-przyrody.pl\/wp-content\/uploads\/2015\/02\/pomnikowy-jesion-przy-budynku-Park-Miejski-5-202x300.jpg 202w\" sizes=\"auto, (max-width: 629px) 100vw, 629px\" \/><\/a><\/p>\n<p><a href=\"https:\/\/www.pomniki-przyrody.pl\/wp-content\/uploads\/2015\/02\/pie\u0144-pomnikowego-jesionu-rosn\u0105cego-przy-budynku-Park-Miejski-5.jpg\"><img loading=\"lazy\" decoding=\"async\" class=\"aligncenter wp-image-7547 size-full\" title=\"pie\u0144 pomnikowego jesionu rosn\u0105cego przy budynku Park Miejski 5\" src=\"https:\/\/www.pomniki-przyrody.pl\/wp-content\/uploads\/2015\/02\/pie\u0144-pomnikowego-jesionu-rosn\u0105cego-przy-budynku-Park-Miejski-5.jpg\" alt=\"\" width=\"629\" height=\"950\" srcset=\"https:\/\/www.pomniki-przyrody.pl\/wp-content\/uploads\/2015\/02\/pie\u0144-pomnikowego-jesionu-rosn\u0105cego-przy-budynku-Park-Miejski-5.jpg 629w, https:\/\/www.pomniki-przyrody.pl\/wp-content\/uploads\/2015\/02\/pie\u0144-pomnikowego-jesionu-rosn\u0105cego-przy-budynku-Park-Miejski-5-199x300.jpg 199w\" sizes=\"auto, (max-width: 629px) 100vw, 629px\" \/><\/a><\/p>\n<p><a href=\"https:\/\/www.pomniki-przyrody.pl\/wp-content\/uploads\/2015\/02\/pie\u0144-pomnikowego-jesionu-w-Parku-Miejskim-w-Swiebodzicach.jpg\"><img loading=\"lazy\" decoding=\"async\" class=\"aligncenter wp-image-7548 size-full\" title=\"pie\u0144 pomnikowego jesionu w Parku Miejskim w Swiebodzicach\" src=\"https:\/\/www.pomniki-przyrody.pl\/wp-content\/uploads\/2015\/02\/pie\u0144-pomnikowego-jesionu-w-Parku-Miejskim-w-Swiebodzicach.jpg\" alt=\"\" width=\"712\" height=\"950\" srcset=\"https:\/\/www.pomniki-przyrody.pl\/wp-content\/uploads\/2015\/02\/pie\u0144-pomnikowego-jesionu-w-Parku-Miejskim-w-Swiebodzicach.jpg 712w, https:\/\/www.pomniki-przyrody.pl\/wp-content\/uploads\/2015\/02\/pie\u0144-pomnikowego-jesionu-w-Parku-Miejskim-w-Swiebodzicach-225x300.jpg 225w\" sizes=\"auto, (max-width: 712px) 100vw, 712px\" \/><\/a><\/p>\n<p>Dwa pomnikowe jesiony (o obwodach 338 i 346 cm) ro\u015bn\u0105 od strony ogr\u00f3dk\u00f3w dzia\u0142kowych, w pobli\u017cu amfiteatru.<\/p>\n<p><a href=\"https:\/\/www.pomniki-przyrody.pl\/wp-content\/uploads\/2015\/02\/pomnikowy-jesion-fragment-parku-przy-ogr\u00f3dkach-dzia\u0142kowych.jpg\"><img loading=\"lazy\" decoding=\"async\" class=\"aligncenter wp-image-7555 size-full\" title=\"pomnikowy jesion - fragment parku przy ogr\u00f3dkach dzia\u0142kowych\" src=\"https:\/\/www.pomniki-przyrody.pl\/wp-content\/uploads\/2015\/02\/pomnikowy-jesion-fragment-parku-przy-ogr\u00f3dkach-dzia\u0142kowych.jpg\" alt=\"\" width=\"629\" height=\"950\" srcset=\"https:\/\/www.pomniki-przyrody.pl\/wp-content\/uploads\/2015\/02\/pomnikowy-jesion-fragment-parku-przy-ogr\u00f3dkach-dzia\u0142kowych.jpg 629w, https:\/\/www.pomniki-przyrody.pl\/wp-content\/uploads\/2015\/02\/pomnikowy-jesion-fragment-parku-przy-ogr\u00f3dkach-dzia\u0142kowych-199x300.jpg 199w\" sizes=\"auto, (max-width: 629px) 100vw, 629px\" \/><\/a><\/p>\n<p><a href=\"https:\/\/www.pomniki-przyrody.pl\/wp-content\/uploads\/2015\/02\/pie\u0144-pomnikowego-jesionu-fragment-parku-przy-ogr\u00f3dkach-dzilow.jpg\"><img loading=\"lazy\" decoding=\"async\" class=\"aligncenter wp-image-7544 size-full\" title=\"pie\u0144 pomnikowego jesionu - fragment parku przy ogr\u00f3dkach dzia\u0142kowych\" src=\"https:\/\/www.pomniki-przyrody.pl\/wp-content\/uploads\/2015\/02\/pie\u0144-pomnikowego-jesionu-fragment-parku-przy-ogr\u00f3dkach-dzilow.jpg\" alt=\"\" width=\"619\" height=\"887\" srcset=\"https:\/\/www.pomniki-przyrody.pl\/wp-content\/uploads\/2015\/02\/pie\u0144-pomnikowego-jesionu-fragment-parku-przy-ogr\u00f3dkach-dzilow.jpg 619w, https:\/\/www.pomniki-przyrody.pl\/wp-content\/uploads\/2015\/02\/pie\u0144-pomnikowego-jesionu-fragment-parku-przy-ogr\u00f3dkach-dzilow-209x300.jpg 209w\" sizes=\"auto, (max-width: 619px) 100vw, 619px\" \/><\/a><a href=\"https:\/\/www.pomniki-przyrody.pl\/wp-content\/uploads\/2015\/02\/pomnikowe-jesiony-rosn\u0105ce-przy-amfiteatrze.jpg\"><img loading=\"lazy\" decoding=\"async\" class=\"aligncenter wp-image-7553 size-full\" title=\"pomnikowe jesiony rosn\u0105ce przy amfiteatrze\" src=\"https:\/\/www.pomniki-przyrody.pl\/wp-content\/uploads\/2015\/02\/pomnikowe-jesiony-rosn\u0105ce-przy-amfiteatrze.jpg\" alt=\"\" width=\"950\" height=\"629\" srcset=\"https:\/\/www.pomniki-przyrody.pl\/wp-content\/uploads\/2015\/02\/pomnikowe-jesiony-rosn\u0105ce-przy-amfiteatrze.jpg 950w, https:\/\/www.pomniki-przyrody.pl\/wp-content\/uploads\/2015\/02\/pomnikowe-jesiony-rosn\u0105ce-przy-amfiteatrze-300x199.jpg 300w, https:\/\/www.pomniki-przyrody.pl\/wp-content\/uploads\/2015\/02\/pomnikowe-jesiony-rosn\u0105ce-przy-amfiteatrze-453x300.jpg 453w\" sizes=\"auto, (max-width: 950px) 100vw, 950px\" \/><\/a><a href=\"https:\/\/www.pomniki-przyrody.pl\/wp-content\/uploads\/2015\/02\/pie\u0144-pomnikowego-jesionu-rosn\u0105cego-przy-amfiteatrze.jpg\"><img loading=\"lazy\" decoding=\"async\" class=\"aligncenter wp-image-7546 size-full\" title=\"pie\u0144 pomnikowego jesionu rosn\u0105cego przy amfiteatrze\" src=\"https:\/\/www.pomniki-przyrody.pl\/wp-content\/uploads\/2015\/02\/pie\u0144-pomnikowego-jesionu-rosn\u0105cego-przy-amfiteatrze.jpg\" alt=\"\" width=\"629\" height=\"950\" srcset=\"https:\/\/www.pomniki-przyrody.pl\/wp-content\/uploads\/2015\/02\/pie\u0144-pomnikowego-jesionu-rosn\u0105cego-przy-amfiteatrze.jpg 629w, https:\/\/www.pomniki-przyrody.pl\/wp-content\/uploads\/2015\/02\/pie\u0144-pomnikowego-jesionu-rosn\u0105cego-przy-amfiteatrze-199x300.jpg 199w\" sizes=\"auto, (max-width: 629px) 100vw, 629px\" \/><\/a><\/p>\n<p>Przy alejce biegn\u0105cej wzd\u0142u\u017c muru ro\u015bnie okaza\u0142y klon pospolity o obwodzie 341 cm.<\/p>\n<p><a href=\"https:\/\/www.pomniki-przyrody.pl\/wp-content\/uploads\/2015\/02\/pomnikowy-klon-Park-Miejski-w-\u015awiebodzicach.jpg\"><img loading=\"lazy\" decoding=\"async\" class=\"aligncenter wp-image-7563 size-full\" title=\"pomnikowy klon - Park Miejski w \u015awiebodzicach\" src=\"https:\/\/www.pomniki-przyrody.pl\/wp-content\/uploads\/2015\/02\/pomnikowy-klon-Park-Miejski-w-\u015awiebodzicach.jpg\" alt=\"\" width=\"629\" height=\"950\" srcset=\"https:\/\/www.pomniki-przyrody.pl\/wp-content\/uploads\/2015\/02\/pomnikowy-klon-Park-Miejski-w-\u015awiebodzicach.jpg 629w, https:\/\/www.pomniki-przyrody.pl\/wp-content\/uploads\/2015\/02\/pomnikowy-klon-Park-Miejski-w-\u015awiebodzicach-199x300.jpg 199w\" sizes=\"auto, (max-width: 629px) 100vw, 629px\" \/><\/a><a href=\"https:\/\/www.pomniki-przyrody.pl\/wp-content\/uploads\/2015\/02\/pie\u0144-pomnikowego-klonu-Park-Miejski-w-\u015awiebodzicach.jpg\"><img loading=\"lazy\" decoding=\"async\" class=\"aligncenter wp-image-7550 size-full\" title=\"pie\u0144 pomnikowego klonu - Park Miejski w \u015awiebodzicach\" src=\"https:\/\/www.pomniki-przyrody.pl\/wp-content\/uploads\/2015\/02\/pie\u0144-pomnikowego-klonu-Park-Miejski-w-\u015awiebodzicach.jpg\" alt=\"\" width=\"712\" height=\"950\" srcset=\"https:\/\/www.pomniki-przyrody.pl\/wp-content\/uploads\/2015\/02\/pie\u0144-pomnikowego-klonu-Park-Miejski-w-\u015awiebodzicach.jpg 712w, https:\/\/www.pomniki-przyrody.pl\/wp-content\/uploads\/2015\/02\/pie\u0144-pomnikowego-klonu-Park-Miejski-w-\u015awiebodzicach-225x300.jpg 225w\" sizes=\"auto, (max-width: 712px) 100vw, 712px\" \/><\/a>Drugi pomnikowy klon pospolity (obw\u00f3d 276 cm) ro\u015bnie obok bramy parkowej przy ul. Aleje Lipowe.<\/p>\n<p><a href=\"https:\/\/www.pomniki-przyrody.pl\/wp-content\/uploads\/2015\/02\/pomnikowy-klon-rosn\u0105cy-przy-wej\u015bciu-do-parku.jpg\"><img loading=\"lazy\" decoding=\"async\" class=\"aligncenter wp-image-7564 size-full\" title=\"pomnikowy klon rosn\u0105cy przy wej\u015bciu do parku\" src=\"https:\/\/www.pomniki-przyrody.pl\/wp-content\/uploads\/2015\/02\/pomnikowy-klon-rosn\u0105cy-przy-wej\u015bciu-do-parku.jpg\" alt=\"\" width=\"629\" height=\"950\" srcset=\"https:\/\/www.pomniki-przyrody.pl\/wp-content\/uploads\/2015\/02\/pomnikowy-klon-rosn\u0105cy-przy-wej\u015bciu-do-parku.jpg 629w, https:\/\/www.pomniki-przyrody.pl\/wp-content\/uploads\/2015\/02\/pomnikowy-klon-rosn\u0105cy-przy-wej\u015bciu-do-parku-199x300.jpg 199w\" sizes=\"auto, (max-width: 629px) 100vw, 629px\" \/><\/a><a href=\"https:\/\/www.pomniki-przyrody.pl\/wp-content\/uploads\/2015\/02\/pie\u0144-pomnikowego-klonu-rosn\u0105cego-przy-wej\u015bciu-do-parku.jpg\"><img loading=\"lazy\" decoding=\"async\" class=\"aligncenter wp-image-7551 size-full\" title=\"pie\u0144 pomnikowego klonu rosn\u0105cego przy wej\u015bciu do parku\" src=\"https:\/\/www.pomniki-przyrody.pl\/wp-content\/uploads\/2015\/02\/pie\u0144-pomnikowego-klonu-rosn\u0105cego-przy-wej\u015bciu-do-parku.jpg\" alt=\"\" width=\"712\" height=\"950\" srcset=\"https:\/\/www.pomniki-przyrody.pl\/wp-content\/uploads\/2015\/02\/pie\u0144-pomnikowego-klonu-rosn\u0105cego-przy-wej\u015bciu-do-parku.jpg 712w, https:\/\/www.pomniki-przyrody.pl\/wp-content\/uploads\/2015\/02\/pie\u0144-pomnikowego-klonu-rosn\u0105cego-przy-wej\u015bciu-do-parku-225x300.jpg 225w\" sizes=\"auto, (max-width: 712px) 100vw, 712px\" \/><\/a><\/p>\n<p>Z tego miejsca wida\u0107 pomnikowy okaz jesionu rosn\u0105cego ju\u017c poza obszarem parku, na terenie przychodni. Drzewo mierzy w obwodzie 394 cm.<\/p>\n<p><a href=\"https:\/\/www.pomniki-przyrody.pl\/wp-content\/uploads\/2015\/02\/pomnikowy-jesion-na-tle-przychodni-w-\u015awiebodzicach.jpg\"><img loading=\"lazy\" decoding=\"async\" class=\"aligncenter wp-image-7560 size-full\" title=\"pomnikowy jesion na tle przychodni w \u015awiebodzicach\" src=\"https:\/\/www.pomniki-przyrody.pl\/wp-content\/uploads\/2015\/02\/pomnikowy-jesion-na-tle-przychodni-w-\u015awiebodzicach.jpg\" alt=\"\" width=\"644\" height=\"906\" srcset=\"https:\/\/www.pomniki-przyrody.pl\/wp-content\/uploads\/2015\/02\/pomnikowy-jesion-na-tle-przychodni-w-\u015awiebodzicach.jpg 644w, https:\/\/www.pomniki-przyrody.pl\/wp-content\/uploads\/2015\/02\/pomnikowy-jesion-na-tle-przychodni-w-\u015awiebodzicach-213x300.jpg 213w\" sizes=\"auto, (max-width: 644px) 100vw, 644px\" \/><\/a><a href=\"https:\/\/www.pomniki-przyrody.pl\/wp-content\/uploads\/2015\/02\/pomnikowy-jesion-teren-przychodni-w-\u015awiebodzicach.jpg\"><img loading=\"lazy\" decoding=\"async\" class=\"aligncenter wp-image-7558 size-full\" title=\"pomnikowy jesion - teren przychodni w \u015awiebodzicach\" src=\"https:\/\/www.pomniki-przyrody.pl\/wp-content\/uploads\/2015\/02\/pomnikowy-jesion-teren-przychodni-w-\u015awiebodzicach.jpg\" alt=\"\" width=\"655\" height=\"950\" srcset=\"https:\/\/www.pomniki-przyrody.pl\/wp-content\/uploads\/2015\/02\/pomnikowy-jesion-teren-przychodni-w-\u015awiebodzicach.jpg 655w, https:\/\/www.pomniki-przyrody.pl\/wp-content\/uploads\/2015\/02\/pomnikowy-jesion-teren-przychodni-w-\u015awiebodzicach-207x300.jpg 207w\" sizes=\"auto, (max-width: 655px) 100vw, 655px\" \/><\/a><a href=\"https:\/\/www.pomniki-przyrody.pl\/wp-content\/uploads\/2015\/02\/pie\u0144-pomnikowego-jesionu-teren-przychodni-w-\u015awiebodzicach.jpg\"><img loading=\"lazy\" decoding=\"async\" class=\"aligncenter wp-image-7545 size-full\" title=\"pie\u0144 pomnikowego jesionu - teren przychodni w \u015awiebodzicach\" src=\"https:\/\/www.pomniki-przyrody.pl\/wp-content\/uploads\/2015\/02\/pie\u0144-pomnikowego-jesionu-teren-przychodni-w-\u015awiebodzicach.jpg\" alt=\"\" width=\"629\" height=\"950\" srcset=\"https:\/\/www.pomniki-przyrody.pl\/wp-content\/uploads\/2015\/02\/pie\u0144-pomnikowego-jesionu-teren-przychodni-w-\u015awiebodzicach.jpg 629w, https:\/\/www.pomniki-przyrody.pl\/wp-content\/uploads\/2015\/02\/pie\u0144-pomnikowego-jesionu-teren-przychodni-w-\u015awiebodzicach-199x300.jpg 199w\" sizes=\"auto, (max-width: 629px) 100vw, 629px\" \/><\/a><\/p>\n","protected":false},"excerpt":{"rendered":"<p>Pod koniec XIX w. (ok. 1878 r.) rodzina bogatych fabrykant\u00f3w von Kramsta wybudowa\u0142a w \u015awiebodzicach pa\u0142ac. Wok\u00f3\u0142 budowli powsta\u0142o za\u0142o\u017cenie parkowe, cz\u0119\u015bciowo wykorzystuj\u0105ce istniej\u0105cy drzewostan. W p\u00f3\u017aniejszym czasie pa\u0142ac przeszed\u0142 w r\u0119ce w\u0142adz miejskich, pe\u0142ni\u0105c funkcj\u0119 siedziby burmistrza (a\u017c do &hellip; <a href=\"https:\/\/www.pomniki-przyrody.pl\/?p=7541\">Czytaj dalej <span class=\"meta-nav\">&rarr;<\/span><\/a><\/p>\n","protected":false},"author":2,"featured_media":0,"comment_status":"open","ping_status":"open","sticky":false,"template":"","format":"standard","meta":{"footnotes":""},"categories":[1],"tags":[1113,17,804,282,1112,1114],"class_list":["post-7541","post","type-post","status-publish","format-standard","hentry","category-przyroda-ozywiona","tag-palac-kramsta","tag-platan","tag-pomnikowe-jesiony","tag-swiebodzice","tag-swiebodzice-park-miejski","tag-swiebodzice-pomniki-przyrody"],"_links":{"self":[{"href":"https:\/\/www.pomniki-przyrody.pl\/index.php?rest_route=\/wp\/v2\/posts\/7541","targetHints":{"allow":["GET"]}}],"collection":[{"href":"https:\/\/www.pomniki-przyrody.pl\/index.php?rest_route=\/wp\/v2\/posts"}],"about":[{"href":"https:\/\/www.pomniki-przyrody.pl\/index.php?rest_route=\/wp\/v2\/types\/post"}],"author":[{"embeddable":true,"href":"https:\/\/www.pomniki-przyrody.pl\/index.php?rest_route=\/wp\/v2\/users\/2"}],"replies":[{"embeddable":true,"href":"https:\/\/www.pomniki-przyrody.pl\/index.php?rest_route=%2Fwp%2Fv2%2Fcomments&post=7541"}],"version-history":[{"count":0,"href":"https:\/\/www.pomniki-przyrody.pl\/index.php?rest_route=\/wp\/v2\/posts\/7541\/revisions"}],"wp:attachment":[{"href":"https:\/\/www.pomniki-przyrody.pl\/index.php?rest_route=%2Fwp%2Fv2%2Fmedia&parent=7541"}],"wp:term":[{"taxonomy":"category","embeddable":true,"href":"https:\/\/www.pomniki-przyrody.pl\/index.php?rest_route=%2Fwp%2Fv2%2Fcategories&post=7541"},{"taxonomy":"post_tag","embeddable":true,"href":"https:\/\/www.pomniki-przyrody.pl\/index.php?rest_route=%2Fwp%2Fv2%2Ftags&post=7541"}],"curies":[{"name":"wp","href":"https:\/\/api.w.org\/{rel}","templated":true}]}}