{"id":8193,"date":"2015-09-22T22:47:20","date_gmt":"2015-09-22T20:47:20","guid":{"rendered":"http:\/\/www.pomniki-przyrody.pl\/?p=8193"},"modified":"2015-09-22T22:47:20","modified_gmt":"2015-09-22T20:47:20","slug":"wybrane-pomniki-przyrody-w-kadynach","status":"publish","type":"post","link":"https:\/\/www.pomniki-przyrody.pl\/?p=8193","title":{"rendered":"Wybrane pomniki przyrody w Kadynach."},"content":{"rendered":"<p>Kadyny to wie\u015b w gminie Tolkmicko (pow. elbl\u0105ski), po\u0142o\u017cona przy drodze 503 Elbl\u0105g &#8211; Tolkmicko (23 km od Elbl\u0105ga, 4 km od Tolkmicka). We wsi mo\u017cna podziwia\u0107 szereg zabytk\u00f3w, m.in. barokowy pa\u0142ac &#8211; dawn\u0105 \u00a0letni\u0105 rezydencj\u0119 cesarza Wilhelma II (obecnie hotel)<\/p>\n<p><a href=\"https:\/\/www.pomniki-przyrody.pl\/wp-content\/uploads\/2015\/09\/pa\u0142ac-w-Kadynach.jpg\"><img loading=\"lazy\" decoding=\"async\" class=\"aligncenter wp-image-8204 size-full\" title=\"pa\u0142ac w Kadynach\" src=\"https:\/\/www.pomniki-przyrody.pl\/wp-content\/uploads\/2015\/09\/pa\u0142ac-w-Kadynach.jpg\" alt=\"\" width=\"1000\" height=\"662\" srcset=\"https:\/\/www.pomniki-przyrody.pl\/wp-content\/uploads\/2015\/09\/pa\u0142ac-w-Kadynach.jpg 1000w, https:\/\/www.pomniki-przyrody.pl\/wp-content\/uploads\/2015\/09\/pa\u0142ac-w-Kadynach-300x199.jpg 300w, https:\/\/www.pomniki-przyrody.pl\/wp-content\/uploads\/2015\/09\/pa\u0142ac-w-Kadynach-453x300.jpg 453w\" sizes=\"auto, (max-width: 1000px) 100vw, 1000px\" \/><\/a><\/p>\n<p>We wsi oraz najbli\u017cszej okolicy zachowa\u0142a si\u0119 bardzo du\u017ca ilo\u015b\u0107 s\u0119dziwych drzew, status pomnika przyrody posiada ponad 160 obiekt\u00f3w przyrody o\u017cywionej (pojedyncze okazy, grupy drzew oraz aleje ). Najbardziej znanym pomnikiem przyrody w Kadynach jest 700 &#8211; letni &#8222;<span style=\"color: #0000ff;\"><a style=\"color: #0000ff;\" href=\"https:\/\/www.pomniki-przyrody.pl\/?p=8170\">D\u0105b Ba\u017cy\u0144skiego<\/a><\/span>&#8221; &#8211; jeden z najstarszych i najgrubszych (obw\u00f3d 1015 cm) d\u0119b\u00f3w szypu\u0142kowych w Polsce, opisany dok\u0142adnie w poprzednim artykule.<\/p>\n<p><a href=\"https:\/\/www.pomniki-przyrody.pl\/wp-content\/uploads\/2015\/09\/DSC_1427.jpg\"><img loading=\"lazy\" decoding=\"async\" class=\"aligncenter wp-image-8171 size-full\" title=\"D\u0105b Ba\u017cy\u0144skiego w Kadynach\" src=\"https:\/\/www.pomniki-przyrody.pl\/wp-content\/uploads\/2015\/09\/DSC_1427.jpg\" alt=\"\" width=\"1000\" height=\"733\" srcset=\"https:\/\/www.pomniki-przyrody.pl\/wp-content\/uploads\/2015\/09\/DSC_1427.jpg 1000w, https:\/\/www.pomniki-przyrody.pl\/wp-content\/uploads\/2015\/09\/DSC_1427-300x220.jpg 300w, https:\/\/www.pomniki-przyrody.pl\/wp-content\/uploads\/2015\/09\/DSC_1427-409x300.jpg 409w\" sizes=\"auto, (max-width: 1000px) 100vw, 1000px\" \/><\/a><a href=\"https:\/\/www.pomniki-przyrody.pl\/wp-content\/uploads\/2015\/09\/DSC_1541.jpg\"><img loading=\"lazy\" decoding=\"async\" class=\"aligncenter wp-image-8173 size-full\" title=\"pie\u0144 D\u0119bu Ba\u017cy\u0144skiego\" src=\"https:\/\/www.pomniki-przyrody.pl\/wp-content\/uploads\/2015\/09\/DSC_1541.jpg\" alt=\"\" width=\"665\" height=\"1000\" srcset=\"https:\/\/www.pomniki-przyrody.pl\/wp-content\/uploads\/2015\/09\/DSC_1541.jpg 665w, https:\/\/www.pomniki-przyrody.pl\/wp-content\/uploads\/2015\/09\/DSC_1541-200x300.jpg 200w\" sizes=\"auto, (max-width: 665px) 100vw, 665px\" \/><\/a>W pobli\u017cu, przy tablicy, ro\u015bnie du\u017co mniejszy egzemplarz o obwodzie 416 cm i wysoko\u015bci 25 m.<\/p>\n<p><a href=\"https:\/\/www.pomniki-przyrody.pl\/wp-content\/uploads\/2015\/09\/pomnikowy-d\u0105b-na-skraju-Kady\u0144skiego-Lasu.jpg\"><img loading=\"lazy\" decoding=\"async\" class=\"aligncenter wp-image-8214 size-full\" title=\"pomnikowy d\u0105b na skraju Kady\u0144skiego Lasu\" src=\"https:\/\/www.pomniki-przyrody.pl\/wp-content\/uploads\/2015\/09\/pomnikowy-d\u0105b-na-skraju-Kady\u0144skiego-Lasu.jpg\" alt=\"\" width=\"665\" height=\"1000\" srcset=\"https:\/\/www.pomniki-przyrody.pl\/wp-content\/uploads\/2015\/09\/pomnikowy-d\u0105b-na-skraju-Kady\u0144skiego-Lasu.jpg 665w, https:\/\/www.pomniki-przyrody.pl\/wp-content\/uploads\/2015\/09\/pomnikowy-d\u0105b-na-skraju-Kady\u0144skiego-Lasu-200x300.jpg 200w\" sizes=\"auto, (max-width: 665px) 100vw, 665px\" \/><\/a><a href=\"https:\/\/www.pomniki-przyrody.pl\/wp-content\/uploads\/2015\/09\/pie\u0144-pomnikowego-d\u0119bu-na-skraju-Kady\u0144skiego-Lasu.jpg\"><img loading=\"lazy\" decoding=\"async\" class=\"aligncenter wp-image-8206 size-full\" title=\"pie\u0144 pomnikowego d\u0119bu na skraju Kady\u0144skiego Lasu\" src=\"https:\/\/www.pomniki-przyrody.pl\/wp-content\/uploads\/2015\/09\/pie\u0144-pomnikowego-d\u0119bu-na-skraju-Kady\u0144skiego-Lasu.jpg\" alt=\"\" width=\"665\" height=\"1000\" srcset=\"https:\/\/www.pomniki-przyrody.pl\/wp-content\/uploads\/2015\/09\/pie\u0144-pomnikowego-d\u0119bu-na-skraju-Kady\u0144skiego-Lasu.jpg 665w, https:\/\/www.pomniki-przyrody.pl\/wp-content\/uploads\/2015\/09\/pie\u0144-pomnikowego-d\u0119bu-na-skraju-Kady\u0144skiego-Lasu-200x300.jpg 200w\" sizes=\"auto, (max-width: 665px) 100vw, 665px\" \/><\/a><\/p>\n<p>Opisane powy\u017cej drzewo ro\u015bnie na skraju rezerwatu &#8222;Kady\u0144ski Las&#8221;. Na jego obszarze ustanowiono 14 pomnik\u00f3w przyrody.<\/p>\n<p><a href=\"https:\/\/www.pomniki-przyrody.pl\/wp-content\/uploads\/2015\/09\/pomniki-przyrody-w-Kady\u0144skim-Lesie.jpg\"><img loading=\"lazy\" decoding=\"async\" class=\"aligncenter wp-image-8211 size-full\" title=\"pomniki przyrody w Kady\u0144skim Lesie\" src=\"https:\/\/www.pomniki-przyrody.pl\/wp-content\/uploads\/2015\/09\/pomniki-przyrody-w-Kady\u0144skim-Lesie.jpg\" alt=\"\" width=\"1000\" height=\"665\" srcset=\"https:\/\/www.pomniki-przyrody.pl\/wp-content\/uploads\/2015\/09\/pomniki-przyrody-w-Kady\u0144skim-Lesie.jpg 1000w, https:\/\/www.pomniki-przyrody.pl\/wp-content\/uploads\/2015\/09\/pomniki-przyrody-w-Kady\u0144skim-Lesie-300x200.jpg 300w, https:\/\/www.pomniki-przyrody.pl\/wp-content\/uploads\/2015\/09\/pomniki-przyrody-w-Kady\u0144skim-Lesie-451x300.jpg 451w\" sizes=\"auto, (max-width: 1000px) 100vw, 1000px\" \/><\/a><\/p>\n<p><a href=\"https:\/\/www.pomniki-przyrody.pl\/wp-content\/uploads\/2015\/09\/jeden-z-wielu-pomnikowych-d\u0119b\u00f3w-w-Kady\u0144skim-Lesie.jpg\"><img loading=\"lazy\" decoding=\"async\" class=\"aligncenter wp-image-8197 size-full\" title=\"jeden z wielu pomnikowych d\u0119b\u00f3w w Kady\u0144skim Lesie\" src=\"https:\/\/www.pomniki-przyrody.pl\/wp-content\/uploads\/2015\/09\/jeden-z-wielu-pomnikowych-d\u0119b\u00f3w-w-Kady\u0144skim-Lesie.jpg\" alt=\"\" width=\"662\" height=\"1000\" srcset=\"https:\/\/www.pomniki-przyrody.pl\/wp-content\/uploads\/2015\/09\/jeden-z-wielu-pomnikowych-d\u0119b\u00f3w-w-Kady\u0144skim-Lesie.jpg 662w, https:\/\/www.pomniki-przyrody.pl\/wp-content\/uploads\/2015\/09\/jeden-z-wielu-pomnikowych-d\u0119b\u00f3w-w-Kady\u0144skim-Lesie-199x300.jpg 199w\" sizes=\"auto, (max-width: 662px) 100vw, 662px\" \/><\/a><a href=\"https:\/\/www.pomniki-przyrody.pl\/wp-content\/uploads\/2015\/09\/Kady\u0144ski-Las-pomnikowy-d\u0105b.jpg\"><img loading=\"lazy\" decoding=\"async\" class=\"aligncenter wp-image-8201 size-full\" title=\"Kady\u0144ski Las - pomnikowy d\u0105b\" src=\"https:\/\/www.pomniki-przyrody.pl\/wp-content\/uploads\/2015\/09\/Kady\u0144ski-Las-pomnikowy-d\u0105b.jpg\" alt=\"\" width=\"662\" height=\"1000\" srcset=\"https:\/\/www.pomniki-przyrody.pl\/wp-content\/uploads\/2015\/09\/Kady\u0144ski-Las-pomnikowy-d\u0105b.jpg 662w, https:\/\/www.pomniki-przyrody.pl\/wp-content\/uploads\/2015\/09\/Kady\u0144ski-Las-pomnikowy-d\u0105b-199x300.jpg 199w\" sizes=\"auto, (max-width: 662px) 100vw, 662px\" \/><\/a><a href=\"https:\/\/www.pomniki-przyrody.pl\/wp-content\/uploads\/2015\/09\/pomnikowy-d\u0105b-przy-czerwonym-szlaku-w-Kady\u0144skim-Lesie.jpg\"><img loading=\"lazy\" decoding=\"async\" class=\"aligncenter wp-image-8216 size-full\" title=\"pomnikowy d\u0105b przy czerwonym szlaku w Kady\u0144skim Lesie\" src=\"https:\/\/www.pomniki-przyrody.pl\/wp-content\/uploads\/2015\/09\/pomnikowy-d\u0105b-przy-czerwonym-szlaku-w-Kady\u0144skim-Lesie.jpg\" alt=\"\" width=\"662\" height=\"1000\" srcset=\"https:\/\/www.pomniki-przyrody.pl\/wp-content\/uploads\/2015\/09\/pomnikowy-d\u0105b-przy-czerwonym-szlaku-w-Kady\u0144skim-Lesie.jpg 662w, https:\/\/www.pomniki-przyrody.pl\/wp-content\/uploads\/2015\/09\/pomnikowy-d\u0105b-przy-czerwonym-szlaku-w-Kady\u0144skim-Lesie-199x300.jpg 199w\" sizes=\"auto, (max-width: 662px) 100vw, 662px\" \/><\/a><a href=\"https:\/\/www.pomniki-przyrody.pl\/wp-content\/uploads\/2015\/09\/pomnikowy-d\u0105b-w-Kady\u0144skim-Lesie.jpg\"><img loading=\"lazy\" decoding=\"async\" class=\"aligncenter wp-image-8221 size-full\" title=\"pomnikowy d\u0105b w Kady\u0144skim Lesie\" src=\"https:\/\/www.pomniki-przyrody.pl\/wp-content\/uploads\/2015\/09\/pomnikowy-d\u0105b-w-Kady\u0144skim-Lesie.jpg\" alt=\"\" width=\"669\" height=\"1000\" srcset=\"https:\/\/www.pomniki-przyrody.pl\/wp-content\/uploads\/2015\/09\/pomnikowy-d\u0105b-w-Kady\u0144skim-Lesie.jpg 669w, https:\/\/www.pomniki-przyrody.pl\/wp-content\/uploads\/2015\/09\/pomnikowy-d\u0105b-w-Kady\u0144skim-Lesie-201x300.jpg 201w\" sizes=\"auto, (max-width: 669px) 100vw, 669px\" \/><\/a><\/p>\n<p>Pomnikowy jesion wynios\u0142y o obwodzie 291 cm ro\u015bnie przy g\u0142\u00f3wnej szosie w centrum wsi.<\/p>\n<p><a href=\"https:\/\/www.pomniki-przyrody.pl\/wp-content\/uploads\/2015\/09\/pomnikowy-jesion-w-centrum-Kadyn.jpg\"><img loading=\"lazy\" decoding=\"async\" class=\"aligncenter wp-image-8222 size-full\" title=\"pomnikowy jesion w centrum Kadyn\" src=\"https:\/\/www.pomniki-przyrody.pl\/wp-content\/uploads\/2015\/09\/pomnikowy-jesion-w-centrum-Kadyn.jpg\" alt=\"\" width=\"665\" height=\"1000\" srcset=\"https:\/\/www.pomniki-przyrody.pl\/wp-content\/uploads\/2015\/09\/pomnikowy-jesion-w-centrum-Kadyn.jpg 665w, https:\/\/www.pomniki-przyrody.pl\/wp-content\/uploads\/2015\/09\/pomnikowy-jesion-w-centrum-Kadyn-200x300.jpg 200w\" sizes=\"auto, (max-width: 665px) 100vw, 665px\" \/><\/a><a href=\"https:\/\/www.pomniki-przyrody.pl\/wp-content\/uploads\/2015\/09\/pie\u0144-pomnikowego-jesionu-w-Kadynach.jpg\"><img loading=\"lazy\" decoding=\"async\" class=\"aligncenter wp-image-8210 size-full\" title=\"pie\u0144 pomnikowego jesionu w Kadynach\" src=\"https:\/\/www.pomniki-przyrody.pl\/wp-content\/uploads\/2015\/09\/pie\u0144-pomnikowego-jesionu-w-Kadynach.jpg\" alt=\"\" width=\"695\" height=\"1000\" srcset=\"https:\/\/www.pomniki-przyrody.pl\/wp-content\/uploads\/2015\/09\/pie\u0144-pomnikowego-jesionu-w-Kadynach.jpg 695w, https:\/\/www.pomniki-przyrody.pl\/wp-content\/uploads\/2015\/09\/pie\u0144-pomnikowego-jesionu-w-Kadynach-209x300.jpg 209w\" sizes=\"auto, (max-width: 695px) 100vw, 695px\" \/><\/a><\/p>\n<p>Cztery pomnikowe d\u0119by o pi\u0119knych, roz\u0142o\u017cystych koronach rosn\u0105 przy kiosku gastronomicznym, zlokalizowanym po prawej stronie drogi do le\u015bnicz\u00f3wki i dalej do pla\u017cy nad Zalewem Wi\u015blanym. Obw\u00f3d pomnikowych okaz\u00f3w wynosi 268 &#8211; 330 cm, wysoko\u015b\u0107 20 &#8211; 26 metr\u00f3w<\/p>\n<p><a href=\"https:\/\/www.pomniki-przyrody.pl\/wp-content\/uploads\/2015\/09\/pomnikowy-d\u0105b-przy-kiosku-gastronomicznym-w-Kadynach.jpg\"><img loading=\"lazy\" decoding=\"async\" class=\"aligncenter wp-image-8218 size-full\" title=\"pomnikowy d\u0105b przy kiosku gastronomicznym w Kadynach\" src=\"https:\/\/www.pomniki-przyrody.pl\/wp-content\/uploads\/2015\/09\/pomnikowy-d\u0105b-przy-kiosku-gastronomicznym-w-Kadynach.jpg\" alt=\"\" width=\"1000\" height=\"754\" srcset=\"https:\/\/www.pomniki-przyrody.pl\/wp-content\/uploads\/2015\/09\/pomnikowy-d\u0105b-przy-kiosku-gastronomicznym-w-Kadynach.jpg 1000w, https:\/\/www.pomniki-przyrody.pl\/wp-content\/uploads\/2015\/09\/pomnikowy-d\u0105b-przy-kiosku-gastronomicznym-w-Kadynach-300x226.jpg 300w, https:\/\/www.pomniki-przyrody.pl\/wp-content\/uploads\/2015\/09\/pomnikowy-d\u0105b-przy-kiosku-gastronomicznym-w-Kadynach-398x300.jpg 398w\" sizes=\"auto, (max-width: 1000px) 100vw, 1000px\" \/><\/a><a href=\"https:\/\/www.pomniki-przyrody.pl\/wp-content\/uploads\/2015\/09\/pie\u0144-pomnikowego-d\u0119bu-przy-kiosku-gastronomicznym-w-Kadynach.jpg\"><img loading=\"lazy\" decoding=\"async\" class=\"aligncenter wp-image-8208 size-full\" title=\"pie\u0144 pomnikowego d\u0119bu przy kiosku gastronomicznym w Kadynach\" src=\"https:\/\/www.pomniki-przyrody.pl\/wp-content\/uploads\/2015\/09\/pie\u0144-pomnikowego-d\u0119bu-przy-kiosku-gastronomicznym-w-Kadynach.jpg\" alt=\"\" width=\"665\" height=\"1000\" srcset=\"https:\/\/www.pomniki-przyrody.pl\/wp-content\/uploads\/2015\/09\/pie\u0144-pomnikowego-d\u0119bu-przy-kiosku-gastronomicznym-w-Kadynach.jpg 665w, https:\/\/www.pomniki-przyrody.pl\/wp-content\/uploads\/2015\/09\/pie\u0144-pomnikowego-d\u0119bu-przy-kiosku-gastronomicznym-w-Kadynach-200x300.jpg 200w\" sizes=\"auto, (max-width: 665px) 100vw, 665px\" \/><\/a><a href=\"https:\/\/www.pomniki-przyrody.pl\/wp-content\/uploads\/2015\/09\/grupa-pomnikowych-d\u0119b\u00f3w-przy-drodze-do-le\u015bnicz\u00f3wki-w-Kadynach.jpg\"><img loading=\"lazy\" decoding=\"async\" class=\"aligncenter wp-image-8195 size-full\" title=\"grupa pomnikowych d\u0119b\u00f3w przy drodze do le\u015bnicz\u00f3wki w Kadynach\" src=\"https:\/\/www.pomniki-przyrody.pl\/wp-content\/uploads\/2015\/09\/grupa-pomnikowych-d\u0119b\u00f3w-przy-drodze-do-le\u015bnicz\u00f3wki-w-Kadynach.jpg\" alt=\"\" width=\"1000\" height=\"665\" srcset=\"https:\/\/www.pomniki-przyrody.pl\/wp-content\/uploads\/2015\/09\/grupa-pomnikowych-d\u0119b\u00f3w-przy-drodze-do-le\u015bnicz\u00f3wki-w-Kadynach.jpg 1000w, https:\/\/www.pomniki-przyrody.pl\/wp-content\/uploads\/2015\/09\/grupa-pomnikowych-d\u0119b\u00f3w-przy-drodze-do-le\u015bnicz\u00f3wki-w-Kadynach-300x200.jpg 300w, https:\/\/www.pomniki-przyrody.pl\/wp-content\/uploads\/2015\/09\/grupa-pomnikowych-d\u0119b\u00f3w-przy-drodze-do-le\u015bnicz\u00f3wki-w-Kadynach-451x300.jpg 451w\" sizes=\"auto, (max-width: 1000px) 100vw, 1000px\" \/><\/a><a href=\"https:\/\/www.pomniki-przyrody.pl\/wp-content\/uploads\/2015\/09\/grupa-pomnikowych-d\u0119b\u00f3w-przy-kiosku-gastronomicznym-w-Kadynach.jpg\"><img loading=\"lazy\" decoding=\"async\" class=\"aligncenter wp-image-8196 size-full\" title=\"grupa pomnikowych d\u0119b\u00f3w przy kiosku gastronomicznym w Kadynach\" src=\"https:\/\/www.pomniki-przyrody.pl\/wp-content\/uploads\/2015\/09\/grupa-pomnikowych-d\u0119b\u00f3w-przy-kiosku-gastronomicznym-w-Kadynach.jpg\" alt=\"\" width=\"926\" height=\"665\" srcset=\"https:\/\/www.pomniki-przyrody.pl\/wp-content\/uploads\/2015\/09\/grupa-pomnikowych-d\u0119b\u00f3w-przy-kiosku-gastronomicznym-w-Kadynach.jpg 926w, https:\/\/www.pomniki-przyrody.pl\/wp-content\/uploads\/2015\/09\/grupa-pomnikowych-d\u0119b\u00f3w-przy-kiosku-gastronomicznym-w-Kadynach-300x215.jpg 300w, https:\/\/www.pomniki-przyrody.pl\/wp-content\/uploads\/2015\/09\/grupa-pomnikowych-d\u0119b\u00f3w-przy-kiosku-gastronomicznym-w-Kadynach-418x300.jpg 418w\" sizes=\"auto, (max-width: 926px) 100vw, 926px\" \/><\/a><\/p>\n<p>W okolicy tych d\u0119b\u00f3w odchodzi droga prowadz\u0105ca do starego cmentarza ewangelickiego. W pobli\u017cu (przy ruinach kaplicy) znajdziemy pomnikowy okaz d\u0119bu o obwodzie 350 cm.<\/p>\n<p><a href=\"https:\/\/www.pomniki-przyrody.pl\/wp-content\/uploads\/2015\/09\/pomnikowy-d\u0105b-przy-d.-cmentarzu-ewangelickim-w-Kadynach.jpg\"><img loading=\"lazy\" decoding=\"async\" class=\"aligncenter wp-image-8217 size-full\" title=\"pomnikowy d\u0105b przy d. cmentarzu ewangelickim w Kadynach\" src=\"https:\/\/www.pomniki-przyrody.pl\/wp-content\/uploads\/2015\/09\/pomnikowy-d\u0105b-przy-d.-cmentarzu-ewangelickim-w-Kadynach.jpg\" alt=\"\" width=\"665\" height=\"1000\" srcset=\"https:\/\/www.pomniki-przyrody.pl\/wp-content\/uploads\/2015\/09\/pomnikowy-d\u0105b-przy-d.-cmentarzu-ewangelickim-w-Kadynach.jpg 665w, https:\/\/www.pomniki-przyrody.pl\/wp-content\/uploads\/2015\/09\/pomnikowy-d\u0105b-przy-d.-cmentarzu-ewangelickim-w-Kadynach-200x300.jpg 200w\" sizes=\"auto, (max-width: 665px) 100vw, 665px\" \/><\/a><a href=\"https:\/\/www.pomniki-przyrody.pl\/wp-content\/uploads\/2015\/09\/pie\u0144-pomnikowego-d\u0119bu-przy-cmentarzu-ewangelickim-w-Kadynach.jpg\"><img loading=\"lazy\" decoding=\"async\" class=\"aligncenter wp-image-8207 size-full\" title=\"pie\u0144 pomnikowego d\u0119bu przy cmentarzu ewangelickim w Kadynach\" src=\"https:\/\/www.pomniki-przyrody.pl\/wp-content\/uploads\/2015\/09\/pie\u0144-pomnikowego-d\u0119bu-przy-cmentarzu-ewangelickim-w-Kadynach.jpg\" alt=\"\" width=\"662\" height=\"1000\" srcset=\"https:\/\/www.pomniki-przyrody.pl\/wp-content\/uploads\/2015\/09\/pie\u0144-pomnikowego-d\u0119bu-przy-cmentarzu-ewangelickim-w-Kadynach.jpg 662w, https:\/\/www.pomniki-przyrody.pl\/wp-content\/uploads\/2015\/09\/pie\u0144-pomnikowego-d\u0119bu-przy-cmentarzu-ewangelickim-w-Kadynach-199x300.jpg 199w\" sizes=\"auto, (max-width: 662px) 100vw, 662px\" \/><\/a><\/p>\n<p>Liczna grupa pomnikowych d\u0119b\u00f3w ro\u015bnie przy blokach mieszkalnych (numery 47,49,55,51).<\/p>\n<p><a href=\"https:\/\/www.pomniki-przyrody.pl\/wp-content\/uploads\/2015\/09\/pomnikowy-d\u0105b-przy-blokach-mieszkalnych-w-Kadynach.jpg\"><img loading=\"lazy\" decoding=\"async\" class=\"aligncenter wp-image-8215 size-full\" title=\"pomnikowy d\u0105b przy blokach mieszkalnych w Kadynach\" src=\"https:\/\/www.pomniki-przyrody.pl\/wp-content\/uploads\/2015\/09\/pomnikowy-d\u0105b-przy-blokach-mieszkalnych-w-Kadynach.jpg\" alt=\"\" width=\"665\" height=\"1000\" srcset=\"https:\/\/www.pomniki-przyrody.pl\/wp-content\/uploads\/2015\/09\/pomnikowy-d\u0105b-przy-blokach-mieszkalnych-w-Kadynach.jpg 665w, https:\/\/www.pomniki-przyrody.pl\/wp-content\/uploads\/2015\/09\/pomnikowy-d\u0105b-przy-blokach-mieszkalnych-w-Kadynach-200x300.jpg 200w\" sizes=\"auto, (max-width: 665px) 100vw, 665px\" \/><\/a><a href=\"https:\/\/www.pomniki-przyrody.pl\/wp-content\/uploads\/2015\/09\/pie\u0144-pomnikowego-d\u0119bu-okolice-blok\u00f3w-mieszkalnych-w-Kadynach.jpg\"><img loading=\"lazy\" decoding=\"async\" class=\"aligncenter wp-image-8205 size-full\" title=\"pie\u0144 pomnikowego d\u0119bu - okolice blok\u00f3w mieszkalnych w Kadynach\" src=\"https:\/\/www.pomniki-przyrody.pl\/wp-content\/uploads\/2015\/09\/pie\u0144-pomnikowego-d\u0119bu-okolice-blok\u00f3w-mieszkalnych-w-Kadynach.jpg\" alt=\"\" width=\"665\" height=\"1000\" srcset=\"https:\/\/www.pomniki-przyrody.pl\/wp-content\/uploads\/2015\/09\/pie\u0144-pomnikowego-d\u0119bu-okolice-blok\u00f3w-mieszkalnych-w-Kadynach.jpg 665w, https:\/\/www.pomniki-przyrody.pl\/wp-content\/uploads\/2015\/09\/pie\u0144-pomnikowego-d\u0119bu-okolice-blok\u00f3w-mieszkalnych-w-Kadynach-200x300.jpg 200w\" sizes=\"auto, (max-width: 665px) 100vw, 665px\" \/><\/a><a href=\"https:\/\/www.pomniki-przyrody.pl\/wp-content\/uploads\/2015\/09\/Kadyny-pie\u0144-pomnikowego-d\u0119bu.jpg\"><img loading=\"lazy\" decoding=\"async\" class=\"aligncenter wp-image-8198 size-full\" title=\"Kadyny - pie\u0144 pomnikowego d\u0119bu\" src=\"https:\/\/www.pomniki-przyrody.pl\/wp-content\/uploads\/2015\/09\/Kadyny-pie\u0144-pomnikowego-d\u0119bu.jpg\" alt=\"\" width=\"665\" height=\"1000\" srcset=\"https:\/\/www.pomniki-przyrody.pl\/wp-content\/uploads\/2015\/09\/Kadyny-pie\u0144-pomnikowego-d\u0119bu.jpg 665w, https:\/\/www.pomniki-przyrody.pl\/wp-content\/uploads\/2015\/09\/Kadyny-pie\u0144-pomnikowego-d\u0119bu-200x300.jpg 200w\" sizes=\"auto, (max-width: 665px) 100vw, 665px\" \/><\/a><a href=\"https:\/\/www.pomniki-przyrody.pl\/wp-content\/uploads\/2015\/09\/Kadyny-pomnikowy-d\u0105b.jpg\"><img loading=\"lazy\" decoding=\"async\" class=\"aligncenter wp-image-8199 size-full\" title=\"Kadyny - pomnikowy d\u0105b\" src=\"https:\/\/www.pomniki-przyrody.pl\/wp-content\/uploads\/2015\/09\/Kadyny-pomnikowy-d\u0105b.jpg\" alt=\"\" width=\"665\" height=\"1000\" srcset=\"https:\/\/www.pomniki-przyrody.pl\/wp-content\/uploads\/2015\/09\/Kadyny-pomnikowy-d\u0105b.jpg 665w, https:\/\/www.pomniki-przyrody.pl\/wp-content\/uploads\/2015\/09\/Kadyny-pomnikowy-d\u0105b-200x300.jpg 200w\" sizes=\"auto, (max-width: 665px) 100vw, 665px\" \/><\/a><a href=\"https:\/\/www.pomniki-przyrody.pl\/wp-content\/uploads\/2015\/09\/Kadyny-pomnikowy-okaz-d\u0119bu.jpg\"><img loading=\"lazy\" decoding=\"async\" class=\"aligncenter wp-image-8200 size-full\" title=\"Kadyny - pomnikowy okaz d\u0119bu\" src=\"https:\/\/www.pomniki-przyrody.pl\/wp-content\/uploads\/2015\/09\/Kadyny-pomnikowy-okaz-d\u0119bu.jpg\" alt=\"\" width=\"665\" height=\"1000\" srcset=\"https:\/\/www.pomniki-przyrody.pl\/wp-content\/uploads\/2015\/09\/Kadyny-pomnikowy-okaz-d\u0119bu.jpg 665w, https:\/\/www.pomniki-przyrody.pl\/wp-content\/uploads\/2015\/09\/Kadyny-pomnikowy-okaz-d\u0119bu-200x300.jpg 200w\" sizes=\"auto, (max-width: 665px) 100vw, 665px\" \/><\/a><a href=\"https:\/\/www.pomniki-przyrody.pl\/wp-content\/uploads\/2015\/09\/okaza\u0142e-d\u0119by-w-centrum-Kadyn.jpg\"><img loading=\"lazy\" decoding=\"async\" class=\"aligncenter wp-image-8202 size-full\" title=\"okaza\u0142e d\u0119by w centrum Kadyn\" src=\"https:\/\/www.pomniki-przyrody.pl\/wp-content\/uploads\/2015\/09\/okaza\u0142e-d\u0119by-w-centrum-Kadyn.jpg\" alt=\"\" width=\"665\" height=\"1000\" srcset=\"https:\/\/www.pomniki-przyrody.pl\/wp-content\/uploads\/2015\/09\/okaza\u0142e-d\u0119by-w-centrum-Kadyn.jpg 665w, https:\/\/www.pomniki-przyrody.pl\/wp-content\/uploads\/2015\/09\/okaza\u0142e-d\u0119by-w-centrum-Kadyn-200x300.jpg 200w\" sizes=\"auto, (max-width: 665px) 100vw, 665px\" \/><\/a><\/p>\n<p>Cz\u0119\u015b\u0107 z nich ro\u015bnie na pobliskich nieu\u017cytkach po\u0142o\u017conych na p\u00f3\u0142noc od blok\u00f3w, kilka okaz\u00f3w znajduje si\u0119 na ty\u0142ach hotelu &#8222;Srebrny Dzwon&#8221;.<\/p>\n<p><a href=\"https:\/\/www.pomniki-przyrody.pl\/wp-content\/uploads\/2015\/09\/okaza\u0142e-d\u0119by-w-Kadynach.jpg\"><img loading=\"lazy\" decoding=\"async\" class=\"aligncenter wp-image-8203 size-full\" title=\"okaza\u0142e d\u0119by w Kadynach\" src=\"https:\/\/www.pomniki-przyrody.pl\/wp-content\/uploads\/2015\/09\/okaza\u0142e-d\u0119by-w-Kadynach.jpg\" alt=\"\" width=\"1000\" height=\"665\" srcset=\"https:\/\/www.pomniki-przyrody.pl\/wp-content\/uploads\/2015\/09\/okaza\u0142e-d\u0119by-w-Kadynach.jpg 1000w, https:\/\/www.pomniki-przyrody.pl\/wp-content\/uploads\/2015\/09\/okaza\u0142e-d\u0119by-w-Kadynach-300x200.jpg 300w, https:\/\/www.pomniki-przyrody.pl\/wp-content\/uploads\/2015\/09\/okaza\u0142e-d\u0119by-w-Kadynach-451x300.jpg 451w\" sizes=\"auto, (max-width: 1000px) 100vw, 1000px\" \/><\/a><a href=\"https:\/\/www.pomniki-przyrody.pl\/wp-content\/uploads\/2015\/09\/pomnikowe-d\u0119by-przy-ogrodzeniu-hotelu-w-Kadynach.jpg\"><img loading=\"lazy\" decoding=\"async\" class=\"aligncenter wp-image-8213 size-full\" title=\"pomnikowe d\u0119by przy ogrodzeniu hotelu w Kadynach\" src=\"https:\/\/www.pomniki-przyrody.pl\/wp-content\/uploads\/2015\/09\/pomnikowe-d\u0119by-przy-ogrodzeniu-hotelu-w-Kadynach.jpg\" alt=\"\" width=\"1000\" height=\"665\" srcset=\"https:\/\/www.pomniki-przyrody.pl\/wp-content\/uploads\/2015\/09\/pomnikowe-d\u0119by-przy-ogrodzeniu-hotelu-w-Kadynach.jpg 1000w, https:\/\/www.pomniki-przyrody.pl\/wp-content\/uploads\/2015\/09\/pomnikowe-d\u0119by-przy-ogrodzeniu-hotelu-w-Kadynach-300x200.jpg 300w, https:\/\/www.pomniki-przyrody.pl\/wp-content\/uploads\/2015\/09\/pomnikowe-d\u0119by-przy-ogrodzeniu-hotelu-w-Kadynach-451x300.jpg 451w\" sizes=\"auto, (max-width: 1000px) 100vw, 1000px\" \/><\/a><a href=\"https:\/\/www.pomniki-przyrody.pl\/wp-content\/uploads\/2015\/09\/pomnikowe-d\u0119by-na-terenie-hotelu-w-Kadynach.jpg\"><img loading=\"lazy\" decoding=\"async\" class=\"aligncenter wp-image-8212 size-full\" title=\"pomnikowe d\u0119by na terenie hotelu w Kadynach\" src=\"https:\/\/www.pomniki-przyrody.pl\/wp-content\/uploads\/2015\/09\/pomnikowe-d\u0119by-na-terenie-hotelu-w-Kadynach.jpg\" alt=\"\" width=\"1000\" height=\"665\" srcset=\"https:\/\/www.pomniki-przyrody.pl\/wp-content\/uploads\/2015\/09\/pomnikowe-d\u0119by-na-terenie-hotelu-w-Kadynach.jpg 1000w, https:\/\/www.pomniki-przyrody.pl\/wp-content\/uploads\/2015\/09\/pomnikowe-d\u0119by-na-terenie-hotelu-w-Kadynach-300x200.jpg 300w, https:\/\/www.pomniki-przyrody.pl\/wp-content\/uploads\/2015\/09\/pomnikowe-d\u0119by-na-terenie-hotelu-w-Kadynach-451x300.jpg 451w\" sizes=\"auto, (max-width: 1000px) 100vw, 1000px\" \/><\/a><\/p>\n<p>W Kadynach pomnikami przyrody og\u0142oszono kilka alei. Temat ten wymaga jednak szerszego om\u00f3wienia w osobnym artykule.<\/p>\n<p><a href=\"https:\/\/www.pomniki-przyrody.pl\/wp-content\/uploads\/2015\/09\/aleja-pomnikowych-d\u0119b\u00f3w-w-Kadynach.jpg\"><img loading=\"lazy\" decoding=\"async\" class=\"aligncenter wp-image-8194 size-full\" title=\"aleja pomnikowych d\u0119b\u00f3w w Kadynach\" src=\"https:\/\/www.pomniki-przyrody.pl\/wp-content\/uploads\/2015\/09\/aleja-pomnikowych-d\u0119b\u00f3w-w-Kadynach.jpg\" alt=\"\" width=\"1000\" height=\"665\" srcset=\"https:\/\/www.pomniki-przyrody.pl\/wp-content\/uploads\/2015\/09\/aleja-pomnikowych-d\u0119b\u00f3w-w-Kadynach.jpg 1000w, https:\/\/www.pomniki-przyrody.pl\/wp-content\/uploads\/2015\/09\/aleja-pomnikowych-d\u0119b\u00f3w-w-Kadynach-300x200.jpg 300w, https:\/\/www.pomniki-przyrody.pl\/wp-content\/uploads\/2015\/09\/aleja-pomnikowych-d\u0119b\u00f3w-w-Kadynach-451x300.jpg 451w\" sizes=\"auto, (max-width: 1000px) 100vw, 1000px\" \/><\/a><\/p>\n<p>Na odnalezienie wszystkich pomnikowych drzew w Kadynach potrzebny jest bardzo d\u0142ugi urlop. Mo\u017ce jeszcze tam wr\u00f3c\u0119 i kilka kolejnych pomnik\u00f3w przyrody odnajd\u0119.<\/p>\n<p><a href=\"https:\/\/www.pomniki-przyrody.pl\/wp-content\/uploads\/2015\/09\/pomnikowy-d\u0105b-rosn\u0105cy-niedaleko-stacji-PKP-w-Kadynach.jpg\"><img loading=\"lazy\" decoding=\"async\" class=\"aligncenter wp-image-8220 size-full\" title=\"pomnikowy d\u0105b rosn\u0105cy niedaleko stacji PKP w Kadynach\" src=\"https:\/\/www.pomniki-przyrody.pl\/wp-content\/uploads\/2015\/09\/pomnikowy-d\u0105b-rosn\u0105cy-niedaleko-stacji-PKP-w-Kadynach.jpg\" alt=\"\" width=\"650\" height=\"900\" srcset=\"https:\/\/www.pomniki-przyrody.pl\/wp-content\/uploads\/2015\/09\/pomnikowy-d\u0105b-rosn\u0105cy-niedaleko-stacji-PKP-w-Kadynach.jpg 650w, https:\/\/www.pomniki-przyrody.pl\/wp-content\/uploads\/2015\/09\/pomnikowy-d\u0105b-rosn\u0105cy-niedaleko-stacji-PKP-w-Kadynach-217x300.jpg 217w\" sizes=\"auto, (max-width: 650px) 100vw, 650px\" \/><\/a><a href=\"https:\/\/www.pomniki-przyrody.pl\/wp-content\/uploads\/2015\/09\/pie\u0144-pomnikowego-d\u0119bu-rosn\u0105cego-niedaleko-stacji-PKP-w-Kadynach.jpg\"><img loading=\"lazy\" decoding=\"async\" class=\"aligncenter wp-image-8209 size-full\" title=\"pie\u0144 pomnikowego d\u0119bu rosn\u0105cego niedaleko stacji PKP w Kadynach\" src=\"https:\/\/www.pomniki-przyrody.pl\/wp-content\/uploads\/2015\/09\/pie\u0144-pomnikowego-d\u0119bu-rosn\u0105cego-niedaleko-stacji-PKP-w-Kadynach.jpg\" alt=\"\" width=\"665\" height=\"1000\" srcset=\"https:\/\/www.pomniki-przyrody.pl\/wp-content\/uploads\/2015\/09\/pie\u0144-pomnikowego-d\u0119bu-rosn\u0105cego-niedaleko-stacji-PKP-w-Kadynach.jpg 665w, https:\/\/www.pomniki-przyrody.pl\/wp-content\/uploads\/2015\/09\/pie\u0144-pomnikowego-d\u0119bu-rosn\u0105cego-niedaleko-stacji-PKP-w-Kadynach-200x300.jpg 200w\" sizes=\"auto, (max-width: 665px) 100vw, 665px\" \/><\/a><a href=\"https:\/\/www.pomniki-przyrody.pl\/wp-content\/uploads\/2015\/09\/pomnikowy-d\u0105b-przy-przy-czerwonym-szlaku-w-Kadynach.jpg\"><img loading=\"lazy\" decoding=\"async\" class=\"aligncenter wp-image-8219 size-full\" title=\"pomnikowy d\u0105b przy przy czerwonym szlaku w Kadynach\" src=\"https:\/\/www.pomniki-przyrody.pl\/wp-content\/uploads\/2015\/09\/pomnikowy-d\u0105b-przy-przy-czerwonym-szlaku-w-Kadynach.jpg\" alt=\"\" width=\"665\" height=\"1000\" srcset=\"https:\/\/www.pomniki-przyrody.pl\/wp-content\/uploads\/2015\/09\/pomnikowy-d\u0105b-przy-przy-czerwonym-szlaku-w-Kadynach.jpg 665w, https:\/\/www.pomniki-przyrody.pl\/wp-content\/uploads\/2015\/09\/pomnikowy-d\u0105b-przy-przy-czerwonym-szlaku-w-Kadynach-200x300.jpg 200w\" sizes=\"auto, (max-width: 665px) 100vw, 665px\" \/><\/a><\/p>\n","protected":false},"excerpt":{"rendered":"<p>Kadyny to wie\u015b w gminie Tolkmicko (pow. elbl\u0105ski), po\u0142o\u017cona przy drodze 503 Elbl\u0105g &#8211; Tolkmicko (23 km od Elbl\u0105ga, 4 km od Tolkmicka). We wsi mo\u017cna podziwia\u0107 szereg zabytk\u00f3w, m.in. barokowy pa\u0142ac &#8211; dawn\u0105 \u00a0letni\u0105 rezydencj\u0119 cesarza Wilhelma II (obecnie &hellip; <a href=\"https:\/\/www.pomniki-przyrody.pl\/?p=8193\">Czytaj dalej <span class=\"meta-nav\">&rarr;<\/span><\/a><\/p>\n","protected":false},"author":2,"featured_media":0,"comment_status":"open","ping_status":"open","sticky":false,"template":"","format":"standard","meta":{"footnotes":""},"categories":[1],"tags":[1188,1187,1191,1189,318,1184,1186],"class_list":["post-8193","post","type-post","status-publish","format-standard","hentry","category-przyroda-ozywiona","tag-dab-bazynskiego","tag-gmina-tolkmicko","tag-kadynski-las","tag-kadyny","tag-pomnikowe-deby","tag-warmia","tag-warminsko-mazurskie"],"_links":{"self":[{"href":"https:\/\/www.pomniki-przyrody.pl\/index.php?rest_route=\/wp\/v2\/posts\/8193","targetHints":{"allow":["GET"]}}],"collection":[{"href":"https:\/\/www.pomniki-przyrody.pl\/index.php?rest_route=\/wp\/v2\/posts"}],"about":[{"href":"https:\/\/www.pomniki-przyrody.pl\/index.php?rest_route=\/wp\/v2\/types\/post"}],"author":[{"embeddable":true,"href":"https:\/\/www.pomniki-przyrody.pl\/index.php?rest_route=\/wp\/v2\/users\/2"}],"replies":[{"embeddable":true,"href":"https:\/\/www.pomniki-przyrody.pl\/index.php?rest_route=%2Fwp%2Fv2%2Fcomments&post=8193"}],"version-history":[{"count":0,"href":"https:\/\/www.pomniki-przyrody.pl\/index.php?rest_route=\/wp\/v2\/posts\/8193\/revisions"}],"wp:attachment":[{"href":"https:\/\/www.pomniki-przyrody.pl\/index.php?rest_route=%2Fwp%2Fv2%2Fmedia&parent=8193"}],"wp:term":[{"taxonomy":"category","embeddable":true,"href":"https:\/\/www.pomniki-przyrody.pl\/index.php?rest_route=%2Fwp%2Fv2%2Fcategories&post=8193"},{"taxonomy":"post_tag","embeddable":true,"href":"https:\/\/www.pomniki-przyrody.pl\/index.php?rest_route=%2Fwp%2Fv2%2Ftags&post=8193"}],"curies":[{"name":"wp","href":"https:\/\/api.w.org\/{rel}","templated":true}]}}